{"id":9880,"date":"2018-12-24T00:00:00","date_gmt":"2018-12-24T00:00:00","guid":{"rendered":"http:\/\/jam-news.net\/az\/bakida-bas-tutacaq-avropa-liqasinin-finalini-fotbol-muzeyi-reklam-edir\/"},"modified":"2020-03-18T12:14:00","modified_gmt":"2020-03-18T12:14:00","slug":"bakida-bas-tutacaq-avropa-liqasinin-finalini-fotbol-muzeyi-reklam-edir","status":"publish","type":"post","link":"https:\/\/jam-news.net\/az\/bakida-bas-tutacaq-avropa-liqasinin-finalini-fotbol-muzeyi-reklam-edir\/","title":{"rendered":"Bak\u0131da ba\u015f tutacaq Avropa Liqas\u0131n\u0131n final\u0131n\u0131 \u201cFotbol muzeyi\u201d reklam edir"},"content":{"rendered":"<p>\u201cFutbol muzeyi\u201d Bak\u0131n\u0131n d\u00fcz m\u0259rk\u0259zind\u0259 &#8211; \u0130\u00e7\u0259ri\u015f\u0259h\u0259rin iki add\u0131ml\u0131\u011f\u0131nda qurulan \u00e7ad\u0131rda a\u00e7\u0131l\u0131b. Muzeyin m\u0259qs\u0259di futbol \u00fczr\u0259 Avropa Liqas\u0131n\u0131n mayda Bak\u0131da ke\u00e7iril\u0259c\u0259k final\u0131na diqq\u0259t \u00e7\u0259km\u0259kdir. Bu, bel\u0259 y\u00fcks\u0259k s\u0259viyy\u0259li turnir final\u0131n\u0131n Qafqazda ke\u00e7irildiyi ilk hald\u0131r.<\/p>\n<p>\n    <div class=\"bd_notification notification_info\">\n      <i><\/i><span style=\"color: #000000;\">UEFA-n\u0131n Avropa Liqas\u0131 \u0259h\u0259miyy\u0259tin\u0259 g\u00f6r\u0259 UEFA \u00c7empionlar Liqas\u0131ndan sonra Avropa futbol klublar\u0131 \u00fc\u00e7\u00fcn n\u0259z\u0259rd\u0259 tutulan ikinci turnirdir. 1971-ci ild\u0259n ke\u00e7irilir. Haz\u0131rk\u0131 m\u00f6vs\u00fcmd\u0259 \u00e7empionlu\u011fa namiz\u0259dl\u0259r s\u0131ras\u0131nda Chelsea (\u0130ngilt\u0259r\u0259), Napoli (\u0130taliya), Sevilla (\u0130spaniya) v\u0259 Avropan\u0131n dig\u0259r \u0259n g\u00fccl\u00fc komandalar\u0131 var.<\/span>\n    <\/div>\n    <\/p>\n<p><strong><a href=\"https:\/\/jam-news.net\/qadagan-olunmus-%C9%99yl%C9%99nc%C9%99-9-fotoda-az%C9%99rbaycanda-xoruz-doyusl%C9%99ri\/?lang=az-AZ\">\u2022\u00a0<\/a><a href=\"https:\/\/jam-news.net\/qadagan-olunmus-%C9%99yl%C9%99nc%C9%99-9-fotoda-az%C9%99rbaycanda-xoruz-doyusl%C9%99ri\/?lang=az-AZ\" target=\"_blank\" rel=\"noopener noreferrer\">Qada\u011fan olunmu\u015f tama\u015fa 9 fotoda: Az\u0259rbaycanda xoruz d\u00f6y\u00fc\u015fl\u0259ri<\/a><\/strong><\/p>\n<p><strong><a href=\"https:\/\/jam-news.net\/ziplayn-erm%C9%99ni-k%C9%99ndind%C9%99-ekstremal-%C9%99yl%C9%99nc%C9%99\/?lang=az-AZ\" target=\"_blank\" rel=\"noopener noreferrer\">\u2022\u00a0<span style=\"text-decoration: underline;\">Erm\u0259ni k\u0259ndind\u0259 ekstremal turizm<\/span><\/a><\/strong><\/p>\n<p>Eksponatlar Avropa Liqas\u0131n\u0131n tarixini \u0259ks etdirir: futbol\u00e7ular\u0131n imzal\u0131 k\u00f6yn\u0259kl\u0259ri, Avropa Liqas\u0131n\u0131n r\u0259smi topu, Avropa Liqas\u0131n\u0131n final oyunlar\u0131nda istifad\u0259 olunan toplar.<\/p>\n<p>Ziyat\u0259r\u00e7il\u0259r \u00fc\u00e7\u00fcn \u0259yl\u0259nc\u0259li proqramlar, futbol bilikl\u0259ri v\u0259 bacar\u0131qlar\u0131na dair m\u00fcsabiq\u0259l\u0259r n\u0259z\u0259rd\u0259 tutulub.<\/p>\n<p>Bundan ba\u015fqa, muzeyd\u0259 yerli v\u0259 \u0259cn\u0259bi futbol ulduzlar\u0131n\u0131n imza sessiyalar\u0131 ke\u00e7iril\u0259c\u0259k. Dekabr\u0131n 23-d\u0259 ba\u015f tutan ilk sessiyada Argenitina y\u0131\u011fmas\u0131n\u0131n m\u0259\u015fhur forvard\u0131 Ernan Krespo p\u0259r\u0259sti\u015fkarlar\u0131na imza paylay\u0131b.<\/p>\n<p>Muzey dekabr\u0131n 22-d\u0259n yanvar\u0131n 7-\u0259 q\u0259d\u0259r f\u0259aliyy\u0259t g\u00f6st\u0259r\u0259c\u0259k. Giri\u015f pulsuzdur.<\/p>\n<p><div class=\"su-divider su-divider-style-default\" style=\"margin:15px 0;border-width:3px;border-color:#999999\"><a href=\"#\" style=\"color:#999999\">Go to top<\/a><\/div> <\/p>\n<p><\/p>\n","protected":false},"excerpt":{"rendered":"<p>\u0130lk d\u0259f\u0259dir ki, Qafqazda bel\u0259 y\u00fcks\u0259k s\u0259viyy\u0259li futbol turnirinin final\u0131 ke\u00e7iril\u0259c\u0259k<\/p>\n","protected":false},"author":3,"featured_media":21810,"comment_status":"open","ping_status":"open","sticky":false,"template":"","format":"standard","meta":{"_acf_changed":false,"footnotes":""},"categories":[17,2,25,50],"tags":[14],"formation":[],"post-author":[],"topic":[],"tooltip":[],"city":[],"class_list":["post-9880","post","type-post","status-publish","format-standard","has-post-thumbnail","hentry","category-azrbaycan","category-cografiya","category-cmiyyt","category-xbrlr","tag-bas-shif"],"acf":[],"yoast_head":"<!-- This site is optimized with the Yoast SEO plugin v24.1 - https:\/\/yoast.com\/wordpress\/plugins\/seo\/ -->\n<title>Bak\u0131da ba\u015f tutacaq Avropa Liqas\u0131n\u0131n final\u0131n\u0131 \u201cFotbol muzeyi\u201d reklam edir - JAMnews<\/title>\n<meta name=\"robots\" content=\"index, follow, max-snippet:-1, max-image-preview:large, max-video-preview:-1\" \/>\n<link rel=\"canonical\" href=\"https:\/\/jam-news.net\/az\/bakida-bas-tutacaq-avropa-liqasinin-finalini-fotbol-muzeyi-reklam-edir\/\" \/>\n<meta property=\"og:locale\" content=\"az_AZ\" \/>\n<meta property=\"og:type\" content=\"article\" \/>\n<meta property=\"og:title\" content=\"Bak\u0131da ba\u015f tutacaq Avropa Liqas\u0131n\u0131n final\u0131n\u0131 \u201cFotbol muzeyi\u201d reklam edir - JAMnews\" \/>\n<meta property=\"og:description\" content=\"\u0130lk d\u0259f\u0259dir ki, Qafqazda bel\u0259 y\u00fcks\u0259k s\u0259viyy\u0259li futbol turnirinin final\u0131 ke\u00e7iril\u0259c\u0259k\" \/>\n<meta property=\"og:url\" content=\"https:\/\/jam-news.net\/az\/bakida-bas-tutacaq-avropa-liqasinin-finalini-fotbol-muzeyi-reklam-edir\/\" \/>\n<meta property=\"og:site_name\" content=\"Azerbaijani Jamnews\" \/>\n<meta property=\"article:publisher\" content=\"https:\/\/www.facebook.com\/JAMnewsInEnglish\/\" \/>\n<meta property=\"article:published_time\" content=\"2018-12-24T00:00:00+00:00\" \/>\n<meta property=\"article:modified_time\" content=\"2020-03-18T12:14:00+00:00\" \/>\n<meta property=\"og:image\" content=\"https:\/\/jam-news.net\/app\/uploads\/2020\/03\/327b0808aa97ff18bee16110e3ba9ccb-3.jpg\" \/>\n\t<meta property=\"og:image:width\" content=\"1204\" \/>\n\t<meta property=\"og:image:height\" content=\"803\" \/>\n\t<meta property=\"og:image:type\" content=\"image\/jpeg\" \/>\n<meta name=\"author\" content=\"JAMnews\" \/>\n<meta name=\"twitter:card\" content=\"summary_large_image\" \/>\n<meta name=\"twitter:creator\" content=\"@JAMnewsCaucasus\" \/>\n<meta name=\"twitter:site\" content=\"@JAMnewsCaucasus\" \/>\n<meta name=\"twitter:label1\" content=\"Written by\" \/>\n\t<meta name=\"twitter:data1\" content=\"JAMnews\" \/>\n\t<meta name=\"twitter:label2\" content=\"Est. reading time\" \/>\n\t<meta name=\"twitter:data2\" content=\"1 minute\" \/>\n<script type=\"application\/ld+json\" class=\"yoast-schema-graph\">{\"@context\":\"https:\/\/schema.org\",\"@graph\":[{\"@type\":\"Article\",\"@id\":\"https:\/\/jam-news.net\/az\/bakida-bas-tutacaq-avropa-liqasinin-finalini-fotbol-muzeyi-reklam-edir\/#article\",\"isPartOf\":{\"@id\":\"https:\/\/jam-news.net\/az\/bakida-bas-tutacaq-avropa-liqasinin-finalini-fotbol-muzeyi-reklam-edir\/\"},\"author\":{\"name\":\"JAMnews\",\"@id\":\"https:\/\/jam-news.net\/az\/#\/schema\/person\/67df3bb7adb46cd513fb9c4cb02361c6\"},\"headline\":\"Bak\u0131da ba\u015f tutacaq Avropa Liqas\u0131n\u0131n final\u0131n\u0131 \u201cFotbol muzeyi\u201d reklam edir\",\"datePublished\":\"2018-12-24T00:00:00+00:00\",\"dateModified\":\"2020-03-18T12:14:00+00:00\",\"mainEntityOfPage\":{\"@id\":\"https:\/\/jam-news.net\/az\/bakida-bas-tutacaq-avropa-liqasinin-finalini-fotbol-muzeyi-reklam-edir\/\"},\"wordCount\":303,\"commentCount\":0,\"publisher\":{\"@id\":\"https:\/\/jam-news.net\/az\/#organization\"},\"image\":{\"@id\":\"https:\/\/jam-news.net\/az\/bakida-bas-tutacaq-avropa-liqasinin-finalini-fotbol-muzeyi-reklam-edir\/#primaryimage\"},\"thumbnailUrl\":\"https:\/\/jam-news.net\/app\/uploads\/2020\/03\/327b0808aa97ff18bee16110e3ba9ccb-3.jpg\",\"keywords\":[\"Ba\u015f s\u0259hif\u0259\"],\"articleSection\":[\"Azerbaijan\",\"Geography\",\"Issues\",\"News\"],\"inLanguage\":\"az\"},{\"@type\":\"WebPage\",\"@id\":\"https:\/\/jam-news.net\/az\/bakida-bas-tutacaq-avropa-liqasinin-finalini-fotbol-muzeyi-reklam-edir\/\",\"url\":\"https:\/\/jam-news.net\/az\/bakida-bas-tutacaq-avropa-liqasinin-finalini-fotbol-muzeyi-reklam-edir\/\",\"name\":\"Bak\u0131da ba\u015f tutacaq Avropa Liqas\u0131n\u0131n final\u0131n\u0131 \u201cFotbol muzeyi\u201d reklam edir - JAMnews\",\"isPartOf\":{\"@id\":\"https:\/\/jam-news.net\/az\/#website\"},\"primaryImageOfPage\":{\"@id\":\"https:\/\/jam-news.net\/az\/bakida-bas-tutacaq-avropa-liqasinin-finalini-fotbol-muzeyi-reklam-edir\/#primaryimage\"},\"image\":{\"@id\":\"https:\/\/jam-news.net\/az\/bakida-bas-tutacaq-avropa-liqasinin-finalini-fotbol-muzeyi-reklam-edir\/#primaryimage\"},\"thumbnailUrl\":\"https:\/\/jam-news.net\/app\/uploads\/2020\/03\/327b0808aa97ff18bee16110e3ba9ccb-3.jpg\",\"datePublished\":\"2018-12-24T00:00:00+00:00\",\"dateModified\":\"2020-03-18T12:14:00+00:00\",\"breadcrumb\":{\"@id\":\"https:\/\/jam-news.net\/az\/bakida-bas-tutacaq-avropa-liqasinin-finalini-fotbol-muzeyi-reklam-edir\/#breadcrumb\"},\"inLanguage\":\"az\",\"potentialAction\":[{\"@type\":\"ReadAction\",\"target\":[\"https:\/\/jam-news.net\/az\/bakida-bas-tutacaq-avropa-liqasinin-finalini-fotbol-muzeyi-reklam-edir\/\"]}]},{\"@type\":\"ImageObject\",\"inLanguage\":\"az\",\"@id\":\"https:\/\/jam-news.net\/az\/bakida-bas-tutacaq-avropa-liqasinin-finalini-fotbol-muzeyi-reklam-edir\/#primaryimage\",\"url\":\"https:\/\/jam-news.net\/app\/uploads\/2020\/03\/327b0808aa97ff18bee16110e3ba9ccb-3.jpg\",\"contentUrl\":\"https:\/\/jam-news.net\/app\/uploads\/2020\/03\/327b0808aa97ff18bee16110e3ba9ccb-3.jpg\",\"width\":1204,\"height\":803,\"caption\":\"????????????????????????????????????\"},{\"@type\":\"BreadcrumbList\",\"@id\":\"https:\/\/jam-news.net\/az\/bakida-bas-tutacaq-avropa-liqasinin-finalini-fotbol-muzeyi-reklam-edir\/#breadcrumb\",\"itemListElement\":[{\"@type\":\"ListItem\",\"position\":1,\"name\":\"Home\",\"item\":\"https:\/\/jam-news.net\/az\/\"},{\"@type\":\"ListItem\",\"position\":2,\"name\":\"Bak\u0131da ba\u015f tutacaq Avropa Liqas\u0131n\u0131n final\u0131n\u0131 \u201cFotbol muzeyi\u201d reklam edir\"}]},{\"@type\":\"WebSite\",\"@id\":\"https:\/\/jam-news.net\/az\/#website\",\"url\":\"https:\/\/jam-news.net\/az\/\",\"name\":\"Azerbaijani Jamnews\",\"description\":\"Caucasus News, Politics and Society\",\"publisher\":{\"@id\":\"https:\/\/jam-news.net\/az\/#organization\"},\"potentialAction\":[{\"@type\":\"SearchAction\",\"target\":{\"@type\":\"EntryPoint\",\"urlTemplate\":\"https:\/\/jam-news.net\/az\/?s={search_term_string}\"},\"query-input\":{\"@type\":\"PropertyValueSpecification\",\"valueRequired\":true,\"valueName\":\"search_term_string\"}}],\"inLanguage\":\"az\"},{\"@type\":\"Organization\",\"@id\":\"https:\/\/jam-news.net\/az\/#organization\",\"name\":\"JAMnews\",\"url\":\"https:\/\/jam-news.net\/az\/\",\"logo\":{\"@type\":\"ImageObject\",\"inLanguage\":\"az\",\"@id\":\"https:\/\/jam-news.net\/az\/#\/schema\/logo\/image\/\",\"url\":\"https:\/\/jam-news.net\/app\/uploads\/2020\/05\/JAM_w.jpg\",\"contentUrl\":\"https:\/\/jam-news.net\/app\/uploads\/2020\/05\/JAM_w.jpg\",\"width\":960,\"height\":960,\"caption\":\"JAMnews\"},\"image\":{\"@id\":\"https:\/\/jam-news.net\/az\/#\/schema\/logo\/image\/\"},\"sameAs\":[\"https:\/\/www.facebook.com\/JAMnewsInEnglish\/\",\"https:\/\/x.com\/JAMnewsCaucasus\",\"https:\/\/www.instagram.com\/jam_news\/\",\"https:\/\/www.youtube.com\/channel\/UCXQbUCme2pykuZYXWHx4VPg\"]},{\"@type\":\"Person\",\"@id\":\"https:\/\/jam-news.net\/az\/#\/schema\/person\/67df3bb7adb46cd513fb9c4cb02361c6\",\"name\":\"JAMnews\",\"image\":{\"@type\":\"ImageObject\",\"inLanguage\":\"az\",\"@id\":\"https:\/\/jam-news.net\/az\/#\/schema\/person\/image\/\",\"url\":\"https:\/\/secure.gravatar.com\/avatar\/e5c27593ef900c3ab3deed4ed1c653d7?s=96&d=mm&r=g\",\"contentUrl\":\"https:\/\/secure.gravatar.com\/avatar\/e5c27593ef900c3ab3deed4ed1c653d7?s=96&d=mm&r=g\",\"caption\":\"JAMnews\"},\"url\":\"https:\/\/jam-news.net\/az\/author\/margarita\/\"}]}<\/script>\n<!-- \/ Yoast SEO plugin. -->","yoast_head_json":{"title":"Bak\u0131da ba\u015f tutacaq Avropa Liqas\u0131n\u0131n final\u0131n\u0131 \u201cFotbol muzeyi\u201d reklam edir - JAMnews","robots":{"index":"index","follow":"follow","max-snippet":"max-snippet:-1","max-image-preview":"max-image-preview:large","max-video-preview":"max-video-preview:-1"},"canonical":"https:\/\/jam-news.net\/az\/bakida-bas-tutacaq-avropa-liqasinin-finalini-fotbol-muzeyi-reklam-edir\/","og_locale":"az_AZ","og_type":"article","og_title":"Bak\u0131da ba\u015f tutacaq Avropa Liqas\u0131n\u0131n final\u0131n\u0131 \u201cFotbol muzeyi\u201d reklam edir - JAMnews","og_description":"\u0130lk d\u0259f\u0259dir ki, Qafqazda bel\u0259 y\u00fcks\u0259k s\u0259viyy\u0259li futbol turnirinin final\u0131 ke\u00e7iril\u0259c\u0259k","og_url":"https:\/\/jam-news.net\/az\/bakida-bas-tutacaq-avropa-liqasinin-finalini-fotbol-muzeyi-reklam-edir\/","og_site_name":"Azerbaijani Jamnews","article_publisher":"https:\/\/www.facebook.com\/JAMnewsInEnglish\/","article_published_time":"2018-12-24T00:00:00+00:00","article_modified_time":"2020-03-18T12:14:00+00:00","og_image":[{"width":1204,"height":803,"url":"https:\/\/jam-news.net\/app\/uploads\/2020\/03\/327b0808aa97ff18bee16110e3ba9ccb-3.jpg","type":"image\/jpeg"}],"author":"JAMnews","twitter_card":"summary_large_image","twitter_creator":"@JAMnewsCaucasus","twitter_site":"@JAMnewsCaucasus","twitter_misc":{"Written by":"JAMnews","Est. reading time":"1 minute"},"schema":{"@context":"https:\/\/schema.org","@graph":[{"@type":"Article","@id":"https:\/\/jam-news.net\/az\/bakida-bas-tutacaq-avropa-liqasinin-finalini-fotbol-muzeyi-reklam-edir\/#article","isPartOf":{"@id":"https:\/\/jam-news.net\/az\/bakida-bas-tutacaq-avropa-liqasinin-finalini-fotbol-muzeyi-reklam-edir\/"},"author":{"name":"JAMnews","@id":"https:\/\/jam-news.net\/az\/#\/schema\/person\/67df3bb7adb46cd513fb9c4cb02361c6"},"headline":"Bak\u0131da ba\u015f tutacaq Avropa Liqas\u0131n\u0131n final\u0131n\u0131 \u201cFotbol muzeyi\u201d reklam edir","datePublished":"2018-12-24T00:00:00+00:00","dateModified":"2020-03-18T12:14:00+00:00","mainEntityOfPage":{"@id":"https:\/\/jam-news.net\/az\/bakida-bas-tutacaq-avropa-liqasinin-finalini-fotbol-muzeyi-reklam-edir\/"},"wordCount":303,"commentCount":0,"publisher":{"@id":"https:\/\/jam-news.net\/az\/#organization"},"image":{"@id":"https:\/\/jam-news.net\/az\/bakida-bas-tutacaq-avropa-liqasinin-finalini-fotbol-muzeyi-reklam-edir\/#primaryimage"},"thumbnailUrl":"https:\/\/jam-news.net\/app\/uploads\/2020\/03\/327b0808aa97ff18bee16110e3ba9ccb-3.jpg","keywords":["Ba\u015f s\u0259hif\u0259"],"articleSection":["Azerbaijan","Geography","Issues","News"],"inLanguage":"az"},{"@type":"WebPage","@id":"https:\/\/jam-news.net\/az\/bakida-bas-tutacaq-avropa-liqasinin-finalini-fotbol-muzeyi-reklam-edir\/","url":"https:\/\/jam-news.net\/az\/bakida-bas-tutacaq-avropa-liqasinin-finalini-fotbol-muzeyi-reklam-edir\/","name":"Bak\u0131da ba\u015f tutacaq Avropa Liqas\u0131n\u0131n final\u0131n\u0131 \u201cFotbol muzeyi\u201d reklam edir - JAMnews","isPartOf":{"@id":"https:\/\/jam-news.net\/az\/#website"},"primaryImageOfPage":{"@id":"https:\/\/jam-news.net\/az\/bakida-bas-tutacaq-avropa-liqasinin-finalini-fotbol-muzeyi-reklam-edir\/#primaryimage"},"image":{"@id":"https:\/\/jam-news.net\/az\/bakida-bas-tutacaq-avropa-liqasinin-finalini-fotbol-muzeyi-reklam-edir\/#primaryimage"},"thumbnailUrl":"https:\/\/jam-news.net\/app\/uploads\/2020\/03\/327b0808aa97ff18bee16110e3ba9ccb-3.jpg","datePublished":"2018-12-24T00:00:00+00:00","dateModified":"2020-03-18T12:14:00+00:00","breadcrumb":{"@id":"https:\/\/jam-news.net\/az\/bakida-bas-tutacaq-avropa-liqasinin-finalini-fotbol-muzeyi-reklam-edir\/#breadcrumb"},"inLanguage":"az","potentialAction":[{"@type":"ReadAction","target":["https:\/\/jam-news.net\/az\/bakida-bas-tutacaq-avropa-liqasinin-finalini-fotbol-muzeyi-reklam-edir\/"]}]},{"@type":"ImageObject","inLanguage":"az","@id":"https:\/\/jam-news.net\/az\/bakida-bas-tutacaq-avropa-liqasinin-finalini-fotbol-muzeyi-reklam-edir\/#primaryimage","url":"https:\/\/jam-news.net\/app\/uploads\/2020\/03\/327b0808aa97ff18bee16110e3ba9ccb-3.jpg","contentUrl":"https:\/\/jam-news.net\/app\/uploads\/2020\/03\/327b0808aa97ff18bee16110e3ba9ccb-3.jpg","width":1204,"height":803,"caption":"????????????????????????????????????"},{"@type":"BreadcrumbList","@id":"https:\/\/jam-news.net\/az\/bakida-bas-tutacaq-avropa-liqasinin-finalini-fotbol-muzeyi-reklam-edir\/#breadcrumb","itemListElement":[{"@type":"ListItem","position":1,"name":"Home","item":"https:\/\/jam-news.net\/az\/"},{"@type":"ListItem","position":2,"name":"Bak\u0131da ba\u015f tutacaq Avropa Liqas\u0131n\u0131n final\u0131n\u0131 \u201cFotbol muzeyi\u201d reklam edir"}]},{"@type":"WebSite","@id":"https:\/\/jam-news.net\/az\/#website","url":"https:\/\/jam-news.net\/az\/","name":"Azerbaijani Jamnews","description":"Caucasus News, Politics and Society","publisher":{"@id":"https:\/\/jam-news.net\/az\/#organization"},"potentialAction":[{"@type":"SearchAction","target":{"@type":"EntryPoint","urlTemplate":"https:\/\/jam-news.net\/az\/?s={search_term_string}"},"query-input":{"@type":"PropertyValueSpecification","valueRequired":true,"valueName":"search_term_string"}}],"inLanguage":"az"},{"@type":"Organization","@id":"https:\/\/jam-news.net\/az\/#organization","name":"JAMnews","url":"https:\/\/jam-news.net\/az\/","logo":{"@type":"ImageObject","inLanguage":"az","@id":"https:\/\/jam-news.net\/az\/#\/schema\/logo\/image\/","url":"https:\/\/jam-news.net\/app\/uploads\/2020\/05\/JAM_w.jpg","contentUrl":"https:\/\/jam-news.net\/app\/uploads\/2020\/05\/JAM_w.jpg","width":960,"height":960,"caption":"JAMnews"},"image":{"@id":"https:\/\/jam-news.net\/az\/#\/schema\/logo\/image\/"},"sameAs":["https:\/\/www.facebook.com\/JAMnewsInEnglish\/","https:\/\/x.com\/JAMnewsCaucasus","https:\/\/www.instagram.com\/jam_news\/","https:\/\/www.youtube.com\/channel\/UCXQbUCme2pykuZYXWHx4VPg"]},{"@type":"Person","@id":"https:\/\/jam-news.net\/az\/#\/schema\/person\/67df3bb7adb46cd513fb9c4cb02361c6","name":"JAMnews","image":{"@type":"ImageObject","inLanguage":"az","@id":"https:\/\/jam-news.net\/az\/#\/schema\/person\/image\/","url":"https:\/\/secure.gravatar.com\/avatar\/e5c27593ef900c3ab3deed4ed1c653d7?s=96&d=mm&r=g","contentUrl":"https:\/\/secure.gravatar.com\/avatar\/e5c27593ef900c3ab3deed4ed1c653d7?s=96&d=mm&r=g","caption":"JAMnews"},"url":"https:\/\/jam-news.net\/az\/author\/margarita\/"}]}},"_links":{"self":[{"href":"https:\/\/jam-news.net\/az\/wp-json\/wp\/v2\/posts\/9880","targetHints":{"allow":["GET"]}}],"collection":[{"href":"https:\/\/jam-news.net\/az\/wp-json\/wp\/v2\/posts"}],"about":[{"href":"https:\/\/jam-news.net\/az\/wp-json\/wp\/v2\/types\/post"}],"author":[{"embeddable":true,"href":"https:\/\/jam-news.net\/az\/wp-json\/wp\/v2\/users\/3"}],"replies":[{"embeddable":true,"href":"https:\/\/jam-news.net\/az\/wp-json\/wp\/v2\/comments?post=9880"}],"version-history":[{"count":1,"href":"https:\/\/jam-news.net\/az\/wp-json\/wp\/v2\/posts\/9880\/revisions"}],"predecessor-version":[{"id":17063,"href":"https:\/\/jam-news.net\/az\/wp-json\/wp\/v2\/posts\/9880\/revisions\/17063"}],"wp:featuredmedia":[{"embeddable":true,"href":"https:\/\/jam-news.net\/az\/wp-json\/wp\/v2\/media\/21810"}],"wp:attachment":[{"href":"https:\/\/jam-news.net\/az\/wp-json\/wp\/v2\/media?parent=9880"}],"wp:term":[{"taxonomy":"category","embeddable":true,"href":"https:\/\/jam-news.net\/az\/wp-json\/wp\/v2\/categories?post=9880"},{"taxonomy":"post_tag","embeddable":true,"href":"https:\/\/jam-news.net\/az\/wp-json\/wp\/v2\/tags?post=9880"},{"taxonomy":"formation","embeddable":true,"href":"https:\/\/jam-news.net\/az\/wp-json\/wp\/v2\/formation?post=9880"},{"taxonomy":"post-author","embeddable":true,"href":"https:\/\/jam-news.net\/az\/wp-json\/wp\/v2\/post-author?post=9880"},{"taxonomy":"topic","embeddable":true,"href":"https:\/\/jam-news.net\/az\/wp-json\/wp\/v2\/topic?post=9880"},{"taxonomy":"tooltip","embeddable":true,"href":"https:\/\/jam-news.net\/az\/wp-json\/wp\/v2\/tooltip?post=9880"},{"taxonomy":"city","embeddable":true,"href":"https:\/\/jam-news.net\/az\/wp-json\/wp\/v2\/city?post=9880"}],"curies":[{"name":"wp","href":"https:\/\/api.w.org\/{rel}","templated":true}]}}