{"id":9868,"date":"2018-12-22T00:00:00","date_gmt":"2018-12-22T00:00:00","guid":{"rendered":"http:\/\/jam-news.net\/az\/az%c9%99rbaycanda-2018-ci-ilin-%c9%99sas-yeddi-hadis%c9%99si\/"},"modified":"2022-01-18T00:47:25","modified_gmt":"2022-01-17T20:47:25","slug":"az%c9%99rbaycanda-2018-ci-ilin-%c9%99sas-yeddi-hadis%c9%99si","status":"publish","type":"post","link":"https:\/\/jam-news.net\/az\/az%c9%99rbaycanda-2018-ci-ilin-%c9%99sas-yeddi-hadis%c9%99si\/","title":{"rendered":"Az\u0259rbaycanda 2018-ci ilin \u0259sas yeddi hadis\u0259si"},"content":{"rendered":"<h3><div class=\"su-divider su-divider-style-default\" style=\"margin:15px 0;border-width:3px;border-color:#999999\"><a href=\"#\" style=\"color:#999999\">Go to top<\/a><\/div><\/h3>\n<h2 style=\"text-align: center;\"><strong><span style=\"color: #000080;\">N\u00f6vb\u0259d\u0259nk\u0259nar prezident se\u00e7kil\u0259ri<\/span><\/strong><\/h2>\n<p>Prezident se\u00e7kil\u0259ri oktyabrda ke\u00e7irilm\u0259li idi. Amma fevral ay\u0131nda prezident \u0130lham \u018fliyev konstitusiya h\u00fcququndan yararlanaraq n\u00f6vb\u0259d\u0259nk\u0259nar se\u00e7kil\u0259ri aprel\u0259 t\u0259yin etdi. Bu q\u0259rar yaln\u0131z m\u00fcxalif\u0259t \u00fc\u00e7\u00fcn deyil, iqtidar partiyas\u0131nda da b\u00f6y\u00fck \u0259ks\u0259riyy\u0259t \u00fc\u00e7\u00fcn g\u00f6zl\u0259nilm\u0259z oldu.<\/p>\n<p><strong><a href=\"https:\/\/jam-news.net\/az%C9%99rbaycanda-keciril%C9%99c%C9%99k-prezident-seckil%C9%99rind%C9%99-kim-var-kim-yox\/?lang=az-AZ\" target=\"_blank\" rel=\"noopener noreferrer\">\u2022\u00a0<span style=\"text-decoration: underline;\">Az\u0259rbaycanda ke\u00e7iril\u0259c\u0259k prezident se\u00e7kil\u0259rind\u0259 kim var, kim yox?<\/span><\/a><\/strong><\/p>\n<p><strong><a href=\"https:\/\/jam-news.net\/gurcustanda-seckil%C9%99r-nec%C9%99y%C9%99-basa-g%C9%99l%C9%99c%C9%99k\/?lang=az-AZ\" target=\"_blank\" rel=\"noopener noreferrer\">\u2022\u00a0<span style=\"text-decoration: underline;\">G\u00fcrc\u00fcstanda se\u00e7kil\u0259r ne\u00e7\u0259y\u0259 ba\u015fa g\u0259l\u0259c\u0259k?<\/span><\/a><\/strong><\/p>\n<p>Analitikl\u0259r bu q\u0259rar\u0131n m\u00fcxt\u0259lif s\u0259b\u0259bl\u0259rini sadalay\u0131rd\u0131lar: Az\u0259rbaycandak\u0131 se\u00e7kil\u0259ri Rusiya v\u0259 Erm\u0259nistanda ke\u00e7iril\u0259n se\u00e7kil\u0259rl\u0259 \u201csinxronla\u015fd\u0131rmaq\u201d ist\u0259yi; Qaraba\u011f dan\u0131\u015f\u0131qlar\u0131nda haz\u0131rlanan g\u00fcz\u0259\u015ftl\u0259r (\u0259g\u0259r bel\u0259 bir \u015fey var idis\u0259 d\u0259, art\u0131q bu haqda he\u00e7 kim bilm\u0259y\u0259c\u0259k, \u00e7\u00fcnki bu m\u00fcdd\u0259t \u0259rzind\u0259 Erm\u0259nistanda hakimiyy\u0259t d\u0259yi\u015fdi); g\u00f6zl\u0259nil\u0259n qiym\u0259t art\u0131m\u0131 v\u0259 dig\u0259r qeyri-populyar q\u0259rarlar (n\u0259tic\u0259d\u0259 yaln\u0131z ictimai n\u0259qliyyat x\u0259rci art\u0131r\u0131ld\u0131) v\u0259 sair\u0259.<\/p>\n<p>Se\u00e7kil\u0259r g\u00f6zl\u0259nildiyi kimi, ind\u0259n bel\u0259 daha yeddi il hakimiyy\u0259td\u0259 qalacaq haz\u0131rk\u0131 prezidentin inaml\u0131 q\u0259l\u0259b\u0259si il\u0259 sona \u00e7atd\u0131.<\/p>\n<p>M\u00fcxalif\u0259t se\u00e7kil\u0259ri boykot etdi, AT\u018fT-i t\u0259msil ed\u0259n beyn\u0259lxalq m\u00fc\u015fahid\u0259\u00e7il\u0259r is\u0259 b\u00fct\u00fcn prosesi t\u0259nqid\u0259 m\u0259ruz qoydu.<\/p>\n<p><figure id=\"attachment_141064\" aria-describedby=\"caption-attachment-141064\" style=\"width: 1200px\" class=\"wp-caption aligncenter\"><img loading=\"lazy\" decoding=\"async\" class=\"wp-image-141064 size-full\" src=\"http:\/\/jam-news.net\/app\/uploads\/2018\/12\/30051906_2014982051863388_7884102226666527756_o.jpg\" alt=\"\" width=\"1200\" height=\"800\" \/><figcaption id=\"caption-attachment-141064\" class=\"wp-caption-text\"><span style=\"color: #808080;\"><em>\u0130qtidarda olan Yeni Az\u0259rbaycan Partiyas\u0131 q\u0259l\u0259b\u0259ni bayram edir<\/em><\/span><\/figcaption><\/figure><\/p>\n<h3><div class=\"su-divider su-divider-style-default\" style=\"margin:15px 0;border-width:3px;border-color:#999999\"><a href=\"#\" style=\"color:#999999\">Go to top<\/a><\/div> <\/h3>\n<h2 style=\"text-align: center;\"><strong><span style=\"color: #000080;\">G\u0259nc\u0259d\u0259 i\u011fti\u015fa\u015flar<\/span><\/strong><\/h2>\n<p>\u0130yulun 3-d\u0259 Az\u0259rbaycan\u0131n b\u00f6y\u00fckl\u00fcy\u00fcn\u0259 g\u00f6r\u0259 ikinci \u015f\u0259h\u0259rinin \u0130cra Hakimiyy\u0259ti ba\u015f\u00e7\u0131s\u0131 v\u0259 onun m\u00fchafiz\u0259\u00e7isi terror akt\u0131 qurban\u0131 oldu. H\u0259r ikisi sa\u011fd\u0131r, onlar\u0131 g\u00fcll\u0259l\u0259y\u0259n Yunis S\u0259f\u0259rov d\u0259rhal h\u0259bs olunub v\u0259 dini ekstremizmd\u0259 ittiham edilir (m\u0259hk\u0259m\u0259 h\u0259l\u0259 ba\u015flamay\u0131b).<\/p>\n<p>Amma \u0259sl \u015fok bir h\u0259ft\u0259 sonra, iyulun 10-da ba\u015f verdi. G\u0259nc\u0259 ba\u015f\u00e7\u0131s\u0131 \u015f\u0259h\u0259rd\u0259 populyar biri deyildi v\u0259 q\u0131sa m\u00fcdd\u0259td\u0259 ikinci versiya ortaya \u00e7\u0131xd\u0131, deyil\u0259nl\u0259r\u0259 g\u00f6r\u0259, sui-q\u0259sd m\u0259i\u015f\u0259t z\u0259minind\u0259 ba\u015f vermi\u015fdi.<\/p>\n<p>Bir h\u0259ft\u0259 sonra bir qrup g\u0259nc\u0259li \u015f\u0259h\u0259rin m\u0259rk\u0259zi meydan\u0131na \u00e7\u0131xaraq S\u0259f\u0259rovun azad olunmas\u0131n\u0131 t\u0259l\u0259b etdi. Polis h\u0259mi\u015f\u0259ki kimi kor-t\u0259bii mitinqi da\u011f\u0131tma\u011fa ba\u015flad\u0131, amma qar\u0131\u015f\u0131ql\u0131qda iki polis zabiti b\u0131\u00e7aqlanaraq \u00f6ld\u00fcr\u00fcld\u00fc. \u018fsas versiya dini ekstrimizm v\u0259 islam\u0131n m\u00fcxt\u0259lif c\u0259r\u0259yanlar\u0131 aras\u0131ndak\u0131 m\u00fcnaqi\u015f\u0259 oldu. Prezident \u0130lham \u018fliyev b\u0259yan etdi ki, bu \u0259m\u0259ll\u0259rin din\u0259 he\u00e7 bir aidiyyat\u0131 yoxdur v\u0259 hadis\u0259l\u0259r Az\u0259rbaycandan k\u0259narda \u00f6lk\u0259d\u0259ki v\u0259ziyy\u0259tin destabill\u0259\u015fdirilm\u0259si m\u0259qs\u0259dil\u0259 idar\u0259 olunub.<\/p>\n<p>\u0130yulun 10-dan sonra h\u00fcquq-m\u00fchafiz\u0259 orqanlar\u0131 bir s\u0131ra anti-terror \u0259m\u0259liyyat\u0131 h\u0259yata ke\u00e7irdi, n\u0259tic\u0259d\u0259 bir ne\u00e7\u0259 n\u0259f\u0259r \u00f6ld\u00fcr\u00fcld\u00fc, ondan \u00e7ox adam is\u0259 h\u0259bs olundu. Ara\u015fd\u0131rma v\u0259 istintaq davam edir.<\/p>\n<p>G\u0259nc\u0259d\u0259 h\u0259qiq\u0259td\u0259 n\u0259 ba\u015f verdiyi haqda yaln\u0131z ehtimallar ir\u0259li s\u00fcrm\u0259k olar.<\/p>\n<p><figure id=\"attachment_141079\" aria-describedby=\"caption-attachment-141079\" style=\"width: 1200px\" class=\"wp-caption aligncenter\"><img loading=\"lazy\" decoding=\"async\" class=\"wp-image-141079 size-full\" src=\"http:\/\/jam-news.net\/app\/uploads\/2018\/12\/36929299_2130051247023134_6710274646333194240_o.jpg\" alt=\"\" width=\"1200\" height=\"800\" \/><figcaption id=\"caption-attachment-141079\" class=\"wp-caption-text\"><span style=\"color: #808080;\"><em>G\u0259nc\u0259<\/em><\/span><\/figcaption><\/figure><\/p>\n<h3><div class=\"su-divider su-divider-style-default\" style=\"margin:15px 0;border-width:3px;border-color:#999999\"><a href=\"#\" style=\"color:#999999\">Go to top<\/a><\/div> <\/h3>\n<h2 style=\"text-align: center;\"><span style=\"color: #000080;\"><strong>Ming\u0259\u00e7evir istilik elektrik stansiyas\u0131nda q\u0259za<\/strong><\/span><\/h2>\n<p>\u0130yulun 4-d\u0259 Az\u0259rbaycan\u0131n b\u00f6y\u00fck hiss\u0259si qaranl\u0131\u011fa q\u0259rq oldu. \u00d6lk\u0259nin \u0259n iri elektrik stansiyas\u0131nda q\u0259za ba\u015f verdi, ehtiyat m\u0259nb\u0259l\u0259r d\u0259 \u0259lav\u0259 y\u00fckl\u0259nm\u0259y\u0259 tab g\u0259tirm\u0259di v\u0259 s\u0131radan \u00e7\u0131xd\u0131. Enerji kollaps\u0131 fasil\u0259l\u0259rl\u0259 dem\u0259k olar ki, \u00fc\u00e7 g\u00fcn davam etdi, bir ne\u00e7\u0259 d\u0259f\u0259 vaqonlar metropoliten tunell\u0259rind\u0259 ili\u015fib qald\u0131. \u018fhali \u201cbl\u0259kaut\u201d \u0259cn\u0259bi s\u00f6z\u00fc il\u0259 tan\u0131\u015f oldu.<\/p>\n<p><strong><a href=\"https:\/\/jam-news.net\/az%C9%99rbaycanda-blackout-niy%C9%99-bel%C9%99-oldu-gunahkar-kimdir-v%C9%99-nec%C9%99-c%C9%99zalandirilacaq\/?lang=az-AZ\" target=\"_blank\" rel=\"noopener noreferrer\">\u2022\u00a0<span style=\"text-decoration: underline;\">Az\u0259rbaycanda blackout: niy\u0259 bel\u0259 oldu, g\u00fcnahkar kimdir v\u0259 nec\u0259 c\u0259zaland\u0131r\u0131lacaq?<\/span><\/a><\/strong><\/p>\n<p><strong><a href=\"https:\/\/jam-news.net\/az%C9%99rbaycanda-enerji-apokalipsisi-foto-hekay%C9%99-v%C9%99-s%C9%99rhl%C9%99rd%C9%99\/?lang=az-AZ\" target=\"_blank\" rel=\"noopener noreferrer\">\u2022\u00a0<span style=\"text-decoration: underline;\">Az\u0259rbaycanda enerji apokalipsisi foto, hekay\u0259 v\u0259 \u015f\u0259rhl\u0259rd\u0259<\/span><\/a><\/strong><\/p>\n<p>Q\u0259za il\u0259 ba\u011fl\u0131 m\u00fcxt\u0259lif versiyalar s\u0259sl\u0259ndi. H\u00f6kum\u0259tin f\u00f6vq\u0259lad\u0259 iclas\u0131nda prezident m\u0259murlar\u0131 s\u0259hl\u0259nkarl\u0131qda ittiham etdi, az sonra \u201cAz\u0259renerji\u201d r\u0259hb\u0259ri i\u015fd\u0259n azad olundu.<\/p>\n<p>Konspiroloji n\u0259z\u0259riyy\u0259siz d\u0259 \u00f6t\u00fc\u015fm\u0259di \u2013 q\u0259za G\u0259nc\u0259 i\u011fti\u015fa\u015flar\u0131 il\u0259 \u00fcst-\u00fcst\u0259 d\u00fc\u015fm\u00fc\u015fd\u00fc, bu da xarici q\u00fcvv\u0259l\u0259rin \u201cAz\u0259rbaycanda v\u0259ziyy\u0259ti destabill\u0259\u015fdirm\u0259k m\u0259qs\u0259di\u201d kimi versiyan\u0131n ortaya \u00e7\u0131xmas\u0131na s\u0259b\u0259b oldu.<\/p>\n<p>Ming\u0259\u00e7evir istilik elektrik stansiyas\u0131n\u0131n i\u015fi h\u0259l\u0259 d\u0259 b\u0259rpa olunmay\u0131b. Az\u0259rbaycan\u0131n enerji naziri P\u0259rviz \u015eahbazov dekabr\u0131n 13-d\u0259 \u201cTV Real\u201da bildirib ki, \u201cdiaqnostika \u00fczr\u0259 i\u015fl\u0259r davam edir\u201d.<\/p>\n<p><iframe loading=\"lazy\" title=\"Az\u0259rbaycanda blackout: Ming\u0259\u00e7evir SES-d\u0259 ba\u015f ver\u0259n q\u0259zadan sonra Bak\u0131 iki g\u00fcn i\u015f\u0131qs\u0131z qal\u0131b\" width=\"500\" height=\"281\" src=\"https:\/\/www.youtube.com\/embed\/XfbLLlTVcOw?feature=oembed\" frameborder=\"0\" allow=\"accelerometer; autoplay; clipboard-write; encrypted-media; gyroscope; picture-in-picture; web-share\" referrerpolicy=\"strict-origin-when-cross-origin\" allowfullscreen><\/iframe><\/p>\n<h3><div class=\"su-divider su-divider-style-default\" style=\"margin:15px 0;border-width:3px;border-color:#999999\"><a href=\"#\" style=\"color:#999999\">Go to top<\/a><\/div> <\/h3>\n<h2 style=\"text-align: center;\"><span style=\"color: #000080;\"><strong>\u201c\u018fsas siyasi m\u0259hbusun\u201d azad edilm\u0259si<\/strong><\/span><\/h2>\n<p>M\u00fcxalif Respublika Alternativi (ReAl) Partiyas\u0131n\u0131n s\u0259dri \u0130lqar M\u0259mm\u0259dovu \u201cAz\u0259rbaycan\u0131n \u0259sas siyasi m\u0259hbusu\u201d adland\u0131r\u0131rd\u0131lar. Avropa \u0130nsan Haqlar\u0131 M\u0259hk\u0259m\u0259si, bir \u00e7ox beyn\u0259lxalq insan haqlar\u0131 t\u0259\u015fkilatlar\u0131 onun azad edil\u0259sini t\u0259l\u0259b edirdi.<\/p>\n<p>M\u0259mm\u0259dov avqustun 13-d\u0259, k\u00fctl\u0259vi i\u011fti\u015fa\u015f t\u0259\u015fkili ittiham\u0131 il\u0259 m\u0259hkum edildiyi yeddi il c\u0259zan\u0131n be\u015f ilini \u00e7\u0259k\u0259nd\u0259n sonra azadl\u0131\u011fa burax\u0131ld\u0131. O, \u00f6lk\u0259d\u0259n \u00e7\u0131xmaq haqq\u0131 olmadan, h\u0259r ay polisd\u0259 qeydiyyatdan ke\u00e7m\u0259k m\u0259cburiyy\u0259ti il\u0259 \u015f\u0259rti azadl\u0131\u011fa \u00e7\u0131x\u0131b.<\/p>\n<p>\u00c7\u0259tin ki, \u0130lqar M\u0259mm\u0259dovun azad edilm\u0259si Az\u0259rbaycanda siyasi palitran\u0131 d\u0259yi\u015f\u0259c\u0259k. Amma bu m\u00fcdd\u0259t \u0259rzind\u0259 h\u0259r\u0259katdan partiyaya \u00e7evril\u0259n Respublika Alternativi h\u0259tta qeydiyyatdan ke\u00e7m\u0259mi\u015f olsa bel\u0259, 2020-ci ild\u0259 ke\u00e7iril\u0259c\u0259k parlament se\u00e7kil\u0259ri zaman\u0131 se\u00e7kiqaba\u011f\u0131 m\u00fcbariz\u0259y\u0259 ciddi m\u00fcdaxil\u0259 ed\u0259 bil\u0259r.<\/p>\n<p><iframe loading=\"lazy\" title=\"\u201cReAl\u201d partiyas\u0131n\u0131n lideri \u0130lqar M\u0259mm\u0259dov Bak\u0131da m\u0259tbuat konfrans\u0131 ke\u00e7irib\" width=\"500\" height=\"281\" src=\"https:\/\/www.youtube.com\/embed\/V6KGurYvpqk?start=1&#038;feature=oembed\" frameborder=\"0\" allow=\"accelerometer; autoplay; clipboard-write; encrypted-media; gyroscope; picture-in-picture; web-share\" referrerpolicy=\"strict-origin-when-cross-origin\" allowfullscreen><\/iframe><\/p>\n<h3><div class=\"su-divider su-divider-style-default\" style=\"margin:15px 0;border-width:3px;border-color:#999999\"><a href=\"#\" style=\"color:#999999\">Go to top<\/a><\/div> <\/h3>\n<h2 style=\"text-align: center;\"><span style=\"color: #000080;\"><strong>N\u0259qliyyatda gedi\u015f haqq\u0131n\u0131n qalxmas\u0131<\/strong><\/span><\/h2>\n<p>Avqustun \u0259vv\u0259lind\u0259 ictimai n\u0259qliyyatda gedi\u015f haqq\u0131 1.5 d\u0259f\u0259 artd\u0131. \u018fn\u0259n\u0259vi olaraq bu haqda gec\u0259 yar\u0131s\u0131 m\u0259lumat verildi, s\u0259h\u0259ri g\u00fcn is\u0259 s\u0259rni\u015finl\u0259ri art\u0131q s\u00fcrpriz g\u00f6zl\u0259yirdi. Hakimiyy\u0259t bu q\u0259rar\u0131 n\u0259qliyyat park\u0131n\u0131n yenil\u0259nm\u0259si v\u0259 s\u0259rni\u015finl\u0259r\u0259 g\u00f6st\u0259ril\u0259n xidm\u0259tin keyfiyy\u0259tinin y\u00fcks\u0259ldilm\u0259si m\u0259qs\u0259di il\u0259 izah etdi. H\u0259qiq\u0259t\u0259n d\u0259 bir ne\u00e7\u0259 ay sonra yeni avtobuslar d\u00f6vriyy\u0259y\u0259 burax\u0131ld\u0131, amma xidm\u0259tin ciddi \u015f\u0259kild\u0259 yax\u015f\u0131la\u015fd\u0131r\u0131ld\u0131\u011f\u0131n\u0131 dem\u0259k \u00e7\u0259tindir.<\/p>\n<p>Xalq\u0131n reaksiyas\u0131 g\u00f6zl\u0259nil\u0259n oldu: ilk h\u0259ft\u0259d\u0259 etiraz aksiyalar\u0131na, ictimai n\u0259qliyyat\u0131n boykot edilm\u0259sin\u0259 \u00e7a\u011f\u0131r\u0131\u015flar s\u0259sl\u0259ndi, sonra is\u0259 ham\u0131 v\u0259ziyy\u0259tl\u0259 bar\u0131\u015fd\u0131. Vizual olaraq s\u0259rni\u015finl\u0259rin ax\u0131n\u0131 azalmad\u0131, maliyy\u0259 g\u0259lirl\u0259rinin artmas\u0131 il\u0259 ba\u011fl\u0131 hesabatlar is\u0259 h\u0259l\u0259 d\u0259rc olunmay\u0131b.<\/p>\n<p><iframe loading=\"lazy\" title=\"Az\u0259rbaycanda n\u0259qliyyat tarifl\u0259rinin artmas\u0131 n\u0259 dem\u0259kdir?\" width=\"500\" height=\"281\" src=\"https:\/\/www.youtube.com\/embed\/K9cfc9S5ek4?feature=oembed\" frameborder=\"0\" allow=\"accelerometer; autoplay; clipboard-write; encrypted-media; gyroscope; picture-in-picture; web-share\" referrerpolicy=\"strict-origin-when-cross-origin\" allowfullscreen><\/iframe><\/p>\n<h3><div class=\"su-divider su-divider-style-default\" style=\"margin:15px 0;border-width:3px;border-color:#999999\"><a href=\"#\" style=\"color:#999999\">Go to top<\/a><\/div> <\/h3>\n<h2 style=\"text-align: center;\"><strong><span style=\"color: #000080;\">X\u0259z\u0259rin statusu haqda sazi\u015f<\/span><\/strong><\/h2>\n<p>Avqustun 12-d\u0259 be\u015f x\u0259z\u0259ryan\u0131 d\u00f6vl\u0259t Qazaxstan\u0131n Aktau \u015f\u0259h\u0259rind\u0259 ekspertl\u0259rin \u201cX\u0259z\u0259rin Konstitusiyas\u0131\u201d adland\u0131rd\u0131\u011f\u0131 konvensiyan\u0131 imzalad\u0131. D\u00fcnyan\u0131n \u0259n iri g\u00f6l\u00fcn\u00fcn enerji resurslar\u0131 il\u0259 z\u0259ngin olan dibinin b\u00f6l\u00fcnm\u0259si il\u0259 ba\u011fl\u0131 20 ild\u0259n \u00e7ox davam ed\u0259n m\u00fcbahis\u0259l\u0259r\u0259 son qoyuldu.<\/p>\n<p>Konvensiyaya g\u00f6r\u0259, X\u0259z\u0259r d\u0259niz yox, g\u00f6l yox, \u00fcz\u0259ri \u00fcmumi istifad\u0259d\u0259 qalan, dibi is\u0259 raz\u0131la\u015fmaya \u0259sas\u0259n \u00f6lk\u0259l\u0259r aras\u0131nda be\u015f hiss\u0259y\u0259 b\u00f6l\u00fcn\u0259n x\u00fcsusi su h\u00f6vz\u0259si adland\u0131r\u0131l\u0131b. H\u0259m\u00e7inin \u00f6lk\u0259l\u0259r g\u0259mi\u00e7ilik, bal\u0131q\u00e7\u0131l\u0131q, elmi t\u0259dqiqat v\u0259 magistral boru k\u0259m\u0259rl\u0259rinin qura\u015fd\u0131r\u0131lmas\u0131 qaydalar\u0131n\u0131 \u00f6z aralar\u0131nda raz\u0131la\u015fd\u0131rmal\u0131d\u0131rlar.<\/p>\n<p>Bel\u0259likl\u0259 Transadriatik boru k\u0259m\u0259ri (TAP) n\u0259h\u0259ng layih\u0259sinin realla\u015fd\u0131r\u0131lmas\u0131 qar\u015f\u0131s\u0131ndak\u0131 son mane\u0259 d\u0259 ortadan qalxd\u0131. Bu layih\u0259 2020-ci ild\u0259n Az\u0259rbaycan (g\u0259l\u0259c\u0259kd\u0259 ola bil\u0259r ki h\u0259m d\u0259 T\u00fcrkm\u0259nistan) qaz\u0131n\u0131n Rusiyadan yan ke\u00e7m\u0259kl\u0259 Avropa \u0130ttifaq\u0131 \u00f6lk\u0259l\u0259rin\u0259 \u00e7atd\u0131r\u0131lmas\u0131na imkan yaradacaq.<\/p>\n<p>Konvensiyaya \u0259sas\u0259n, X\u0259z\u0259r sular\u0131nda x\u0259z\u0259ryan\u0131 \u00f6lk\u0259l\u0259rd\u0259n ba\u015fqa he\u00e7 bir \u00f6lk\u0259nin h\u0259rbi g\u0259mil\u0259rinin m\u00f6vcudlu\u011funa yol verilmir. Ekspertl\u0259r hesab edirl\u0259r ki, bu m\u00fcdd\u0259a X\u0259z\u0259r d\u0259nizind\u0259 g\u00fccl\u00fc donanmas\u0131 olan Rusiya \u00fc\u00e7\u00fcn s\u0259rf\u0259lidir.<\/p>\n<p><img loading=\"lazy\" decoding=\"async\" class=\"aligncenter wp-image-141087 size-full\" src=\"http:\/\/jam-news.net\/app\/uploads\/2018\/12\/36044652_2101223293239263_97899102292934656_o.jpg\" alt=\"\" width=\"1200\" height=\"800\" \/><\/p>\n<h3><div class=\"su-divider su-divider-style-default\" style=\"margin:15px 0;border-width:3px;border-color:#999999\"><a href=\"#\" style=\"color:#999999\">Go to top<\/a><\/div> <\/h3>\n<h2 style=\"text-align: center;\"><strong><span style=\"color: #000080;\">Zamir\u0259 Hac\u0131yevan\u0131n i\u015fi<\/span><\/strong><\/h2>\n<p>Az\u0259rbaycan Beyn\u0259lxalq Bank\u0131n\u0131n ke\u00e7mi\u015f direktoru Cahangir Hac\u0131yevin arvad\u0131 Zamir\u0259 Hac\u0131yevan\u0131n h\u0259bsi d\u00fcnyan\u0131n dem\u0259k olar ki, b\u00fct\u00fcn iri media orqanlar\u0131n\u0131n ilk s\u0259hif\u0259l\u0259rin\u0259 d\u00fc\u015fd\u00fc.<\/p>\n<p>55 ya\u015fl\u0131 Az\u0259rbaycan v\u0259t\u0259nda\u015f\u0131 B\u00f6y\u00fck Britaniya hakimiyy\u0259tinin \u201cM\u0259nb\u0259yi m\u0259lum olmayan v\u0259saitl\u0259r haqda q\u0259tnam\u0259\u201d (Unexplained Wealth Orders) t\u0259tbiq etdiyi ilk \u0259cn\u0259bi oldu.<\/p>\n<p>Hac\u0131yeva Britaniyan\u0131n Cinay\u0259tkarl\u0131qla M\u00fcbariz\u0259 Milli Agentliyinin diqq\u0259tini \u00f6z israf\u00e7\u0131 h\u0259yat t\u0259rzi il\u0259 \u00e7\u0259kib. Yaln\u0131z bir \u2013 Harrods ticar\u0259t m\u0259rk\u0259zind\u0259 o, 16 milyon funt sterlinq x\u0259rcl\u0259yib v\u0259 20 milyon funt sterlinqd\u0259n baha da\u015f\u0131nmaz \u0259mlak al\u0131b.<\/p>\n<p>H\u0259bsind\u0259n sonra Londonun Ali M\u0259hk\u0259m\u0259sind\u0259 m\u00fchakim\u0259 edil\u0259n Hac\u0131yeva \u00f6z kapital\u0131n\u0131n m\u0259nb\u0259yini izah ed\u0259 bilm\u0259yib. Haz\u0131rda Zamir\u0259 Hac\u0131yeva m\u0259hk\u0259m\u0259y\u0259 q\u0259d\u0259r girov hesab\u0131na azadl\u0131\u011fa burax\u0131l\u0131b. Az\u0259rbaycan h\u00f6kum\u0259ti is\u0259 onun Bak\u0131ya ekstradisiyas\u0131na nail olma\u011fa \u00e7al\u0131\u015f\u0131r.<\/p>\n<p><img loading=\"lazy\" decoding=\"async\" class=\"aligncenter wp-image-141092\" src=\"http:\/\/jam-news.net\/app\/uploads\/2018\/12\/Untitled-design-300x225.jpg\" alt=\"\" width=\"1200\" height=\"900\" \/><\/p>\n<p><div class=\"su-divider su-divider-style-default\" style=\"margin:15px 0;border-width:3px;border-color:#999999\"><a href=\"#\" style=\"color:#999999\">Go to top<\/a><\/div> <\/p>\n<p><\/p>\n","protected":false},"excerpt":{"rendered":"<p>JAMnews-dan ilin yekunlar\u0131: siyas\u0259t, iqtisadiyyat, q\u0259za v\u0259 qalmaqallar<\/p>\n","protected":false},"author":3,"featured_media":21807,"comment_status":"open","ping_status":"open","sticky":false,"template":"","format":"standard","meta":{"_acf_changed":false,"footnotes":""},"categories":[17,2,5],"tags":[18,14,101,152],"formation":[],"post-author":[2981],"topic":[],"tooltip":[],"city":[6041],"class_list":["post-9868","post","type-post","status-publish","format-standard","has-post-thumbnail","hentry","category-azrbaycan","category-cografiya","category-siyast","tag-azrbaycan","tag-bas-shif","tag-qafqaz","tag-qafqaz-xbrlri","post-author-sahin-rzayev","city-baki"],"acf":[],"yoast_head":"<!-- This site is optimized with the Yoast SEO plugin v24.1 - https:\/\/yoast.com\/wordpress\/plugins\/seo\/ -->\n<title>Az\u0259rbaycanda 2018-ci ilin \u0259sas yeddi hadis\u0259si - JAMnews<\/title>\n<meta name=\"robots\" content=\"index, follow, max-snippet:-1, max-image-preview:large, max-video-preview:-1\" \/>\n<link rel=\"canonical\" href=\"https:\/\/jam-news.net\/az\/az\u0259rbaycanda-2018-ci-ilin-\u0259sas-yeddi-hadis\u0259si\/\" \/>\n<meta property=\"og:locale\" content=\"az_AZ\" \/>\n<meta property=\"og:type\" content=\"article\" \/>\n<meta property=\"og:title\" content=\"Az\u0259rbaycanda 2018-ci ilin \u0259sas yeddi hadis\u0259si - JAMnews\" \/>\n<meta property=\"og:description\" content=\"JAMnews-dan ilin yekunlar\u0131: siyas\u0259t, iqtisadiyyat, q\u0259za v\u0259 qalmaqallar\" \/>\n<meta property=\"og:url\" content=\"https:\/\/jam-news.net\/az\/az\u0259rbaycanda-2018-ci-ilin-\u0259sas-yeddi-hadis\u0259si\/\" \/>\n<meta property=\"og:site_name\" content=\"Azerbaijani Jamnews\" \/>\n<meta property=\"article:publisher\" content=\"https:\/\/www.facebook.com\/JAMnewsInEnglish\/\" \/>\n<meta property=\"article:published_time\" content=\"2018-12-22T00:00:00+00:00\" \/>\n<meta property=\"article:modified_time\" content=\"2022-01-17T20:47:25+00:00\" \/>\n<meta property=\"og:image\" content=\"https:\/\/jam-news.net\/app\/uploads\/2020\/03\/30051906_2014982051863388_7884102226666527756_o-2-1.jpg\" \/>\n\t<meta property=\"og:image:width\" content=\"1200\" \/>\n\t<meta property=\"og:image:height\" content=\"800\" \/>\n\t<meta property=\"og:image:type\" content=\"image\/jpeg\" \/>\n<meta name=\"author\" content=\"JAMnews\" \/>\n<meta name=\"twitter:card\" content=\"summary_large_image\" \/>\n<meta name=\"twitter:creator\" content=\"@JAMnewsCaucasus\" \/>\n<meta name=\"twitter:site\" content=\"@JAMnewsCaucasus\" \/>\n<meta name=\"twitter:label1\" content=\"Written by\" \/>\n\t<meta name=\"twitter:data1\" content=\"JAMnews\" \/>\n\t<meta name=\"twitter:label2\" content=\"Est. reading time\" \/>\n\t<meta name=\"twitter:data2\" content=\"8 minutes\" \/>\n<script type=\"application\/ld+json\" class=\"yoast-schema-graph\">{\"@context\":\"https:\/\/schema.org\",\"@graph\":[{\"@type\":\"Article\",\"@id\":\"https:\/\/jam-news.net\/az\/az%c9%99rbaycanda-2018-ci-ilin-%c9%99sas-yeddi-hadis%c9%99si\/#article\",\"isPartOf\":{\"@id\":\"https:\/\/jam-news.net\/az\/az%c9%99rbaycanda-2018-ci-ilin-%c9%99sas-yeddi-hadis%c9%99si\/\"},\"author\":{\"name\":\"JAMnews\",\"@id\":\"https:\/\/jam-news.net\/az\/#\/schema\/person\/67df3bb7adb46cd513fb9c4cb02361c6\"},\"headline\":\"Az\u0259rbaycanda 2018-ci ilin \u0259sas yeddi hadis\u0259si\",\"datePublished\":\"2018-12-22T00:00:00+00:00\",\"dateModified\":\"2022-01-17T20:47:25+00:00\",\"mainEntityOfPage\":{\"@id\":\"https:\/\/jam-news.net\/az\/az%c9%99rbaycanda-2018-ci-ilin-%c9%99sas-yeddi-hadis%c9%99si\/\"},\"wordCount\":1692,\"commentCount\":0,\"publisher\":{\"@id\":\"https:\/\/jam-news.net\/az\/#organization\"},\"image\":{\"@id\":\"https:\/\/jam-news.net\/az\/az%c9%99rbaycanda-2018-ci-ilin-%c9%99sas-yeddi-hadis%c9%99si\/#primaryimage\"},\"thumbnailUrl\":\"https:\/\/jam-news.net\/app\/uploads\/2020\/03\/30051906_2014982051863388_7884102226666527756_o-2-1.jpg\",\"keywords\":[\"Az\u0259rbaycan\",\"Ba\u015f s\u0259hif\u0259\",\"Qafqaz\",\"Qafqaz x\u0259b\u0259rl\u0259ri\"],\"articleSection\":[\"Azerbaijan\",\"Geography\",\"Politics\"],\"inLanguage\":\"az\"},{\"@type\":\"WebPage\",\"@id\":\"https:\/\/jam-news.net\/az\/az%c9%99rbaycanda-2018-ci-ilin-%c9%99sas-yeddi-hadis%c9%99si\/\",\"url\":\"https:\/\/jam-news.net\/az\/az%c9%99rbaycanda-2018-ci-ilin-%c9%99sas-yeddi-hadis%c9%99si\/\",\"name\":\"Az\u0259rbaycanda 2018-ci ilin \u0259sas yeddi hadis\u0259si - JAMnews\",\"isPartOf\":{\"@id\":\"https:\/\/jam-news.net\/az\/#website\"},\"primaryImageOfPage\":{\"@id\":\"https:\/\/jam-news.net\/az\/az%c9%99rbaycanda-2018-ci-ilin-%c9%99sas-yeddi-hadis%c9%99si\/#primaryimage\"},\"image\":{\"@id\":\"https:\/\/jam-news.net\/az\/az%c9%99rbaycanda-2018-ci-ilin-%c9%99sas-yeddi-hadis%c9%99si\/#primaryimage\"},\"thumbnailUrl\":\"https:\/\/jam-news.net\/app\/uploads\/2020\/03\/30051906_2014982051863388_7884102226666527756_o-2-1.jpg\",\"datePublished\":\"2018-12-22T00:00:00+00:00\",\"dateModified\":\"2022-01-17T20:47:25+00:00\",\"breadcrumb\":{\"@id\":\"https:\/\/jam-news.net\/az\/az%c9%99rbaycanda-2018-ci-ilin-%c9%99sas-yeddi-hadis%c9%99si\/#breadcrumb\"},\"inLanguage\":\"az\",\"potentialAction\":[{\"@type\":\"ReadAction\",\"target\":[\"https:\/\/jam-news.net\/az\/az%c9%99rbaycanda-2018-ci-ilin-%c9%99sas-yeddi-hadis%c9%99si\/\"]}]},{\"@type\":\"ImageObject\",\"inLanguage\":\"az\",\"@id\":\"https:\/\/jam-news.net\/az\/az%c9%99rbaycanda-2018-ci-ilin-%c9%99sas-yeddi-hadis%c9%99si\/#primaryimage\",\"url\":\"https:\/\/jam-news.net\/app\/uploads\/2020\/03\/30051906_2014982051863388_7884102226666527756_o-2-1.jpg\",\"contentUrl\":\"https:\/\/jam-news.net\/app\/uploads\/2020\/03\/30051906_2014982051863388_7884102226666527756_o-2-1.jpg\",\"width\":1200,\"height\":800},{\"@type\":\"BreadcrumbList\",\"@id\":\"https:\/\/jam-news.net\/az\/az%c9%99rbaycanda-2018-ci-ilin-%c9%99sas-yeddi-hadis%c9%99si\/#breadcrumb\",\"itemListElement\":[{\"@type\":\"ListItem\",\"position\":1,\"name\":\"Home\",\"item\":\"https:\/\/jam-news.net\/az\/\"},{\"@type\":\"ListItem\",\"position\":2,\"name\":\"Az\u0259rbaycanda 2018-ci ilin \u0259sas yeddi hadis\u0259si\"}]},{\"@type\":\"WebSite\",\"@id\":\"https:\/\/jam-news.net\/az\/#website\",\"url\":\"https:\/\/jam-news.net\/az\/\",\"name\":\"Azerbaijani Jamnews\",\"description\":\"Caucasus News, Politics and Society\",\"publisher\":{\"@id\":\"https:\/\/jam-news.net\/az\/#organization\"},\"potentialAction\":[{\"@type\":\"SearchAction\",\"target\":{\"@type\":\"EntryPoint\",\"urlTemplate\":\"https:\/\/jam-news.net\/az\/?s={search_term_string}\"},\"query-input\":{\"@type\":\"PropertyValueSpecification\",\"valueRequired\":true,\"valueName\":\"search_term_string\"}}],\"inLanguage\":\"az\"},{\"@type\":\"Organization\",\"@id\":\"https:\/\/jam-news.net\/az\/#organization\",\"name\":\"JAMnews\",\"url\":\"https:\/\/jam-news.net\/az\/\",\"logo\":{\"@type\":\"ImageObject\",\"inLanguage\":\"az\",\"@id\":\"https:\/\/jam-news.net\/az\/#\/schema\/logo\/image\/\",\"url\":\"https:\/\/jam-news.net\/app\/uploads\/2020\/05\/JAM_w.jpg\",\"contentUrl\":\"https:\/\/jam-news.net\/app\/uploads\/2020\/05\/JAM_w.jpg\",\"width\":960,\"height\":960,\"caption\":\"JAMnews\"},\"image\":{\"@id\":\"https:\/\/jam-news.net\/az\/#\/schema\/logo\/image\/\"},\"sameAs\":[\"https:\/\/www.facebook.com\/JAMnewsInEnglish\/\",\"https:\/\/x.com\/JAMnewsCaucasus\",\"https:\/\/www.instagram.com\/jam_news\/\",\"https:\/\/www.youtube.com\/channel\/UCXQbUCme2pykuZYXWHx4VPg\"]},{\"@type\":\"Person\",\"@id\":\"https:\/\/jam-news.net\/az\/#\/schema\/person\/67df3bb7adb46cd513fb9c4cb02361c6\",\"name\":\"JAMnews\",\"image\":{\"@type\":\"ImageObject\",\"inLanguage\":\"az\",\"@id\":\"https:\/\/jam-news.net\/az\/#\/schema\/person\/image\/\",\"url\":\"https:\/\/secure.gravatar.com\/avatar\/e5c27593ef900c3ab3deed4ed1c653d7?s=96&d=mm&r=g\",\"contentUrl\":\"https:\/\/secure.gravatar.com\/avatar\/e5c27593ef900c3ab3deed4ed1c653d7?s=96&d=mm&r=g\",\"caption\":\"JAMnews\"},\"url\":\"https:\/\/jam-news.net\/az\/author\/margarita\/\"}]}<\/script>\n<!-- \/ Yoast SEO plugin. -->","yoast_head_json":{"title":"Az\u0259rbaycanda 2018-ci ilin \u0259sas yeddi hadis\u0259si - JAMnews","robots":{"index":"index","follow":"follow","max-snippet":"max-snippet:-1","max-image-preview":"max-image-preview:large","max-video-preview":"max-video-preview:-1"},"canonical":"https:\/\/jam-news.net\/az\/az\u0259rbaycanda-2018-ci-ilin-\u0259sas-yeddi-hadis\u0259si\/","og_locale":"az_AZ","og_type":"article","og_title":"Az\u0259rbaycanda 2018-ci ilin \u0259sas yeddi hadis\u0259si - JAMnews","og_description":"JAMnews-dan ilin yekunlar\u0131: siyas\u0259t, iqtisadiyyat, q\u0259za v\u0259 qalmaqallar","og_url":"https:\/\/jam-news.net\/az\/az\u0259rbaycanda-2018-ci-ilin-\u0259sas-yeddi-hadis\u0259si\/","og_site_name":"Azerbaijani Jamnews","article_publisher":"https:\/\/www.facebook.com\/JAMnewsInEnglish\/","article_published_time":"2018-12-22T00:00:00+00:00","article_modified_time":"2022-01-17T20:47:25+00:00","og_image":[{"width":1200,"height":800,"url":"https:\/\/jam-news.net\/app\/uploads\/2020\/03\/30051906_2014982051863388_7884102226666527756_o-2-1.jpg","type":"image\/jpeg"}],"author":"JAMnews","twitter_card":"summary_large_image","twitter_creator":"@JAMnewsCaucasus","twitter_site":"@JAMnewsCaucasus","twitter_misc":{"Written by":"JAMnews","Est. reading time":"8 minutes"},"schema":{"@context":"https:\/\/schema.org","@graph":[{"@type":"Article","@id":"https:\/\/jam-news.net\/az\/az%c9%99rbaycanda-2018-ci-ilin-%c9%99sas-yeddi-hadis%c9%99si\/#article","isPartOf":{"@id":"https:\/\/jam-news.net\/az\/az%c9%99rbaycanda-2018-ci-ilin-%c9%99sas-yeddi-hadis%c9%99si\/"},"author":{"name":"JAMnews","@id":"https:\/\/jam-news.net\/az\/#\/schema\/person\/67df3bb7adb46cd513fb9c4cb02361c6"},"headline":"Az\u0259rbaycanda 2018-ci ilin \u0259sas yeddi hadis\u0259si","datePublished":"2018-12-22T00:00:00+00:00","dateModified":"2022-01-17T20:47:25+00:00","mainEntityOfPage":{"@id":"https:\/\/jam-news.net\/az\/az%c9%99rbaycanda-2018-ci-ilin-%c9%99sas-yeddi-hadis%c9%99si\/"},"wordCount":1692,"commentCount":0,"publisher":{"@id":"https:\/\/jam-news.net\/az\/#organization"},"image":{"@id":"https:\/\/jam-news.net\/az\/az%c9%99rbaycanda-2018-ci-ilin-%c9%99sas-yeddi-hadis%c9%99si\/#primaryimage"},"thumbnailUrl":"https:\/\/jam-news.net\/app\/uploads\/2020\/03\/30051906_2014982051863388_7884102226666527756_o-2-1.jpg","keywords":["Az\u0259rbaycan","Ba\u015f s\u0259hif\u0259","Qafqaz","Qafqaz x\u0259b\u0259rl\u0259ri"],"articleSection":["Azerbaijan","Geography","Politics"],"inLanguage":"az"},{"@type":"WebPage","@id":"https:\/\/jam-news.net\/az\/az%c9%99rbaycanda-2018-ci-ilin-%c9%99sas-yeddi-hadis%c9%99si\/","url":"https:\/\/jam-news.net\/az\/az%c9%99rbaycanda-2018-ci-ilin-%c9%99sas-yeddi-hadis%c9%99si\/","name":"Az\u0259rbaycanda 2018-ci ilin \u0259sas yeddi hadis\u0259si - JAMnews","isPartOf":{"@id":"https:\/\/jam-news.net\/az\/#website"},"primaryImageOfPage":{"@id":"https:\/\/jam-news.net\/az\/az%c9%99rbaycanda-2018-ci-ilin-%c9%99sas-yeddi-hadis%c9%99si\/#primaryimage"},"image":{"@id":"https:\/\/jam-news.net\/az\/az%c9%99rbaycanda-2018-ci-ilin-%c9%99sas-yeddi-hadis%c9%99si\/#primaryimage"},"thumbnailUrl":"https:\/\/jam-news.net\/app\/uploads\/2020\/03\/30051906_2014982051863388_7884102226666527756_o-2-1.jpg","datePublished":"2018-12-22T00:00:00+00:00","dateModified":"2022-01-17T20:47:25+00:00","breadcrumb":{"@id":"https:\/\/jam-news.net\/az\/az%c9%99rbaycanda-2018-ci-ilin-%c9%99sas-yeddi-hadis%c9%99si\/#breadcrumb"},"inLanguage":"az","potentialAction":[{"@type":"ReadAction","target":["https:\/\/jam-news.net\/az\/az%c9%99rbaycanda-2018-ci-ilin-%c9%99sas-yeddi-hadis%c9%99si\/"]}]},{"@type":"ImageObject","inLanguage":"az","@id":"https:\/\/jam-news.net\/az\/az%c9%99rbaycanda-2018-ci-ilin-%c9%99sas-yeddi-hadis%c9%99si\/#primaryimage","url":"https:\/\/jam-news.net\/app\/uploads\/2020\/03\/30051906_2014982051863388_7884102226666527756_o-2-1.jpg","contentUrl":"https:\/\/jam-news.net\/app\/uploads\/2020\/03\/30051906_2014982051863388_7884102226666527756_o-2-1.jpg","width":1200,"height":800},{"@type":"BreadcrumbList","@id":"https:\/\/jam-news.net\/az\/az%c9%99rbaycanda-2018-ci-ilin-%c9%99sas-yeddi-hadis%c9%99si\/#breadcrumb","itemListElement":[{"@type":"ListItem","position":1,"name":"Home","item":"https:\/\/jam-news.net\/az\/"},{"@type":"ListItem","position":2,"name":"Az\u0259rbaycanda 2018-ci ilin \u0259sas yeddi hadis\u0259si"}]},{"@type":"WebSite","@id":"https:\/\/jam-news.net\/az\/#website","url":"https:\/\/jam-news.net\/az\/","name":"Azerbaijani Jamnews","description":"Caucasus News, Politics and Society","publisher":{"@id":"https:\/\/jam-news.net\/az\/#organization"},"potentialAction":[{"@type":"SearchAction","target":{"@type":"EntryPoint","urlTemplate":"https:\/\/jam-news.net\/az\/?s={search_term_string}"},"query-input":{"@type":"PropertyValueSpecification","valueRequired":true,"valueName":"search_term_string"}}],"inLanguage":"az"},{"@type":"Organization","@id":"https:\/\/jam-news.net\/az\/#organization","name":"JAMnews","url":"https:\/\/jam-news.net\/az\/","logo":{"@type":"ImageObject","inLanguage":"az","@id":"https:\/\/jam-news.net\/az\/#\/schema\/logo\/image\/","url":"https:\/\/jam-news.net\/app\/uploads\/2020\/05\/JAM_w.jpg","contentUrl":"https:\/\/jam-news.net\/app\/uploads\/2020\/05\/JAM_w.jpg","width":960,"height":960,"caption":"JAMnews"},"image":{"@id":"https:\/\/jam-news.net\/az\/#\/schema\/logo\/image\/"},"sameAs":["https:\/\/www.facebook.com\/JAMnewsInEnglish\/","https:\/\/x.com\/JAMnewsCaucasus","https:\/\/www.instagram.com\/jam_news\/","https:\/\/www.youtube.com\/channel\/UCXQbUCme2pykuZYXWHx4VPg"]},{"@type":"Person","@id":"https:\/\/jam-news.net\/az\/#\/schema\/person\/67df3bb7adb46cd513fb9c4cb02361c6","name":"JAMnews","image":{"@type":"ImageObject","inLanguage":"az","@id":"https:\/\/jam-news.net\/az\/#\/schema\/person\/image\/","url":"https:\/\/secure.gravatar.com\/avatar\/e5c27593ef900c3ab3deed4ed1c653d7?s=96&d=mm&r=g","contentUrl":"https:\/\/secure.gravatar.com\/avatar\/e5c27593ef900c3ab3deed4ed1c653d7?s=96&d=mm&r=g","caption":"JAMnews"},"url":"https:\/\/jam-news.net\/az\/author\/margarita\/"}]}},"_links":{"self":[{"href":"https:\/\/jam-news.net\/az\/wp-json\/wp\/v2\/posts\/9868","targetHints":{"allow":["GET"]}}],"collection":[{"href":"https:\/\/jam-news.net\/az\/wp-json\/wp\/v2\/posts"}],"about":[{"href":"https:\/\/jam-news.net\/az\/wp-json\/wp\/v2\/types\/post"}],"author":[{"embeddable":true,"href":"https:\/\/jam-news.net\/az\/wp-json\/wp\/v2\/users\/3"}],"replies":[{"embeddable":true,"href":"https:\/\/jam-news.net\/az\/wp-json\/wp\/v2\/comments?post=9868"}],"version-history":[{"count":1,"href":"https:\/\/jam-news.net\/az\/wp-json\/wp\/v2\/posts\/9868\/revisions"}],"predecessor-version":[{"id":14204,"href":"https:\/\/jam-news.net\/az\/wp-json\/wp\/v2\/posts\/9868\/revisions\/14204"}],"wp:featuredmedia":[{"embeddable":true,"href":"https:\/\/jam-news.net\/az\/wp-json\/wp\/v2\/media\/21807"}],"wp:attachment":[{"href":"https:\/\/jam-news.net\/az\/wp-json\/wp\/v2\/media?parent=9868"}],"wp:term":[{"taxonomy":"category","embeddable":true,"href":"https:\/\/jam-news.net\/az\/wp-json\/wp\/v2\/categories?post=9868"},{"taxonomy":"post_tag","embeddable":true,"href":"https:\/\/jam-news.net\/az\/wp-json\/wp\/v2\/tags?post=9868"},{"taxonomy":"formation","embeddable":true,"href":"https:\/\/jam-news.net\/az\/wp-json\/wp\/v2\/formation?post=9868"},{"taxonomy":"post-author","embeddable":true,"href":"https:\/\/jam-news.net\/az\/wp-json\/wp\/v2\/post-author?post=9868"},{"taxonomy":"topic","embeddable":true,"href":"https:\/\/jam-news.net\/az\/wp-json\/wp\/v2\/topic?post=9868"},{"taxonomy":"tooltip","embeddable":true,"href":"https:\/\/jam-news.net\/az\/wp-json\/wp\/v2\/tooltip?post=9868"},{"taxonomy":"city","embeddable":true,"href":"https:\/\/jam-news.net\/az\/wp-json\/wp\/v2\/city?post=9868"}],"curies":[{"name":"wp","href":"https:\/\/api.w.org\/{rel}","templated":true}]}}