{"id":98272,"date":"2025-06-05T19:30:40","date_gmt":"2025-06-05T15:30:40","guid":{"rendered":"https:\/\/jam-news.net\/az\/?p=98272"},"modified":"2025-06-06T10:24:52","modified_gmt":"2025-06-06T06:24:52","slug":"azercellin-yeni-tarif-siyaseti-ve-ictimai-etirazlar-aldatma-ve-gelir-strategiyasi","status":"publish","type":"post","link":"https:\/\/jam-news.net\/az\/azercellin-yeni-tarif-siyaseti-ve-ictimai-etirazlar-aldatma-ve-gelir-strategiyasi\/","title":{"rendered":"&#8220;Azercell&#8221;in yeni tarif siyas\u0259ti v\u0259 ictimai etirazlar: &#8220;Aldatma v\u0259 g\u0259lir strategiyas\u0131&#8221;"},"content":{"rendered":"\n<p style=\"font-size:8px\"><strong><em>Azercellin yeni tarif siyas\u0259tin\u0259 etirazlar<\/em><\/strong><\/p>\n\n\n\n<p><strong>2025-ci ilin iyun ay\u0131nda &#8220;Azercell&#8221;in elan etdiyi yeni tarif siyas\u0259ti <a href=\"https:\/\/jam-news.net\/az\/category\/cografiya\/az%c9%99rbaycan\/\" target=\"_blank\" rel=\"noreferrer noopener\">Az\u0259rbaycanda<\/a> geni\u015f ictimai naraz\u0131l\u0131q do\u011furub. \u0130yulun 1-d\u0259n etibar\u0259n q\u00fcvv\u0259y\u0259 min\u0259c\u0259k yeni qaydalara \u0259sas\u0259n, mobil n\u00f6mr\u0259l\u0259rin aktiv qalma m\u00fcdd\u0259ti balans y\u00fckl\u0259m\u0259 m\u0259bl\u0259\u011fin\u0259 g\u00f6r\u0259 k\u0259skin \u015f\u0259kild\u0259 azald\u0131l\u0131b. <\/strong><\/p>\n\n\n\n<p>\u018fvv\u0259ll\u0259r 1 manat balans y\u00fckl\u0259ndikd\u0259 n\u00f6mr\u0259 5 g\u00fcn aktiv qal\u0131rd\u0131sa, indi bu m\u00fcdd\u0259t c\u0259mi 1 g\u00fcn olacaq. Sosial mediada \u201c#BoycottAzercell\u201d h\u0259\u015ft\u0259qi il\u0259 ba\u015flanan kampaniya istifad\u0259\u00e7il\u0259rin bu d\u0259yi\u015fikliyi spekulyativ v\u0259 sosial \u0259dal\u0259tsiz hesab etdikl\u0259rini <a href=\"https:\/\/www.meydan.tv\/az\/article\/azercellin-qiym%c9%99t-artimi-naraziliq-yaradib-boykot-kampaniyasi-baslayib\/\" target=\"_blank\" rel=\"noreferrer noopener\">g\u00f6st\u0259rir<\/a>.<\/p>\n\n\n\n<h2 class=\"wp-block-heading\"><strong>Ekspert: &#8220;\u018flav\u0259 xidm\u0259t v\u0259 ya texnoloji \u00fcst\u00fcnl\u00fck t\u0259qdim edilmir&#8221;<\/strong><\/h2>\n\n\n<div class=\"wp-block-image\">\n<figure class=\"alignleft size-large is-resized\"><img loading=\"lazy\" decoding=\"async\" width=\"1024\" height=\"683\" src=\"https:\/\/jam-news.net\/app\/uploads\/2025\/06\/59433058_1131424250392637_8732413749723398144_n-1024x683.jpg\" alt=\"Azercellin yeni tarif siyas\u0259tin\u0259 etirazlar - osman g\u00fcnd\u00fcz\" class=\"wp-image-98275\" style=\"width:335px;height:auto\" srcset=\"https:\/\/jam-news.net\/app\/uploads\/2025\/06\/59433058_1131424250392637_8732413749723398144_n-1024x683.jpg 1024w, https:\/\/jam-news.net\/app\/uploads\/2025\/06\/59433058_1131424250392637_8732413749723398144_n-300x200.jpg 300w, https:\/\/jam-news.net\/app\/uploads\/2025\/06\/59433058_1131424250392637_8732413749723398144_n-768x512.jpg 768w, https:\/\/jam-news.net\/app\/uploads\/2025\/06\/59433058_1131424250392637_8732413749723398144_n.jpg 1280w\" sizes=\"auto, (max-width: 1024px) 100vw, 1024px\" \/><figcaption class=\"wp-element-caption\">Osman G\u00fcnd\u00fcz | foto: fb.com\/OsmanG\u00fcnd\u00fcz<\/figcaption><\/figure><\/div>\n\n\n<p><strong>\u0130KT \u00fczr\u0259 ekspert Osman G\u00fcnd\u00fcz <a href=\"https:\/\/www.facebook.com\/share\/p\/16c9b88Mpg\/?mibextid=wwXIfr\" target=\"_blank\" rel=\"noreferrer noopener\">bildirir ki<\/a>, &#8220;Azercell&#8221; bu d\u0259yi\u015fikliyin \u0259sl mahiyy\u0259tini n\u0259hay\u0259t a\u00e7\u0131q \u015f\u0259kild\u0259 etiraf edib. \u0130st\u0259r tarifli, ist\u0259rs\u0259 d\u0259 tarifsiz abun\u0259\u00e7i olsun, h\u0259r k\u0259s \u00fc\u00e7\u00fcn \u201c1 manat &#8211; 1 g\u00fcn\u201d prinsipi t\u0259tbiq olunur. <\/strong><\/p>\n\n\n\n<p>\u018fg\u0259r istifad\u0259\u00e7i balans\u0131na tarifin tam m\u0259bl\u0259\u011fini deyil, daha az m\u0259bl\u0259\u011f y\u00fckl\u0259yibs\u0259, h\u0259min m\u0259bl\u0259\u011f yaln\u0131z m\u00fcvafiq sayda g\u00fcn \u0259rzind\u0259 dan\u0131\u015f\u0131q h\u00fcququ verir. Tarifin tam m\u0259bl\u0259\u011fi y\u00fckl\u0259nm\u0259diyi t\u0259qdird\u0259 is\u0259 n\u00f6mr\u0259 yaln\u0131z z\u0259ng q\u0259bul etm\u0259 rejimin\u0259 ke\u00e7ir v\u0259 90 g\u00fcn \u0259rzind\u0259 bir t\u0259r\u0259fli f\u0259aliyy\u0259t g\u00f6st\u0259rir.<\/p>\n\n\n\n<p><em>&#8220;\u018fvv\u0259ll\u0259r is\u0259 1 manat y\u00fckl\u0259m\u0259 5 g\u00fcn aktivlik t\u0259min edirdi, 5 manat is\u0259 30 g\u00fcnl\u00fck tamfunksiyal\u0131 xidm\u0259t t\u0259qdim edirdi. Bu d\u0259yi\u015fiklik, m\u00fc\u015ft\u0259rini daha \u00e7ox \u00f6d\u0259m\u0259y\u0259 m\u0259cbur edir, amma bu art\u0131m qar\u015f\u0131l\u0131\u011f\u0131nda istifad\u0259\u00e7iy\u0259 \u0259lav\u0259 xidm\u0259t v\u0259 ya texnoloji \u00fcst\u00fcnl\u00fck t\u0259qdim edilmir&#8221;.<\/em><\/p>\n\n\n\n<p>O bildirir ki, yeni sistem \u0259n \u00e7ox azt\u0259minatl\u0131 v\u0259 sosial c\u0259h\u0259td\u0259n h\u0259ssas qruplara z\u0259rb\u0259 vurur. <\/p>\n\n\n\n<p><em>&#8220;A\u015fa\u011f\u0131 g\u0259lirli istifad\u0259\u00e7il\u0259r \u0259vv\u0259lki sistemd\u0259 daha uzun m\u00fcdd\u0259t dan\u0131\u015f\u0131q imkan\u0131na malik idil\u0259r, indi is\u0259 eyni m\u0259bl\u0259\u011f\u0259 c\u0259mi bir g\u00fcn aktivlik t\u0259qdim olunur. Bu, x\u00fcsusil\u0259 b\u00f6lg\u0259l\u0259rd\u0259 ya\u015fayan, internet\u0259 \u00e7\u0131x\u0131\u015f\u0131 m\u0259hdud olan, h\u0259m\u00e7inin m\u00fcnt\u0259z\u0259m i\u015f v\u0259 g\u0259lir\u0259 malik olmayan istifad\u0259\u00e7il\u0259r \u00fc\u00e7\u00fcn b\u00f6y\u00fck \u00e7\u0259tinlik yarad\u0131r&#8221;.<\/em><\/p>\n\n\n\n<hr class=\"wp-block-separator has-alpha-channel-opacity\"\/>\n\n\n\n<ul class=\"wp-block-list\">\n<li><a href=\"https:\/\/jam-news.net\/az\/azerbaycanda-universitetler-avtonom-deyiller-distant-tehsile-qadaga-var\/\" target=\"_blank\" rel=\"noreferrer noopener\">Az\u0259rbaycanda universitetl\u0259r: &#8220;Avtonom deyill\u0259r, distant t\u0259hsil\u0259 qada\u011fa var&#8221;<\/a><\/li>\n\n\n\n<li><a href=\"https:\/\/jam-news.net\/az\/milli-meclis-sosial-media-reklamini-qanunla-tenzimledi-ekspert-deyir-ki-bu-tesebbuskalari-ruhdan-salacaq\/\" target=\"_blank\" rel=\"noreferrer noopener\">Milli M\u0259clis sosial media reklam\u0131n\u0131 qanunla t\u0259nziml\u0259di &#8211; ekspert deyir ki, &#8220;bu, t\u0259\u015f\u0259bb\u00fcskarlar\u0131 ruhdan salacaq&#8221;<\/a><\/li>\n\n\n\n<li><a href=\"https:\/\/jam-news.net\/az\/4-ayda-azerbaycanlilarin-bank-kartlarindan-6-milyon-ogurlanib-ekspert-deyir-ki-qaydalar-deyisdirilmelidir\/\" target=\"_blank\" rel=\"noreferrer noopener\">4 ayda az\u0259rbaycanl\u0131lar\u0131n bank kartlar\u0131ndan 6 milyon o\u011furlan\u0131b &#8211; ekspert deyir ki, qaydalar d\u0259yi\u015fdirilm\u0259lidir<\/a><\/li>\n<\/ul>\n\n\n\n<hr class=\"wp-block-separator has-alpha-channel-opacity\"\/>\n\n\n\n<h2 class=\"wp-block-heading\"><strong>\u201cAyl\u0131q\u201d ad\u0131 il\u0259 28 g\u00fcnl\u00fck paketl\u0259r: &#8220;Aldatma v\u0259 g\u0259lir strategiyas\u0131<\/strong>&#8220;<\/h2>\n\n\n\n<p>&#8220;Azercell&#8221; internet tarifl\u0259rind\u0259 d\u0259 ox\u015far yana\u015fman\u0131 t\u0259tbiq edir. G\u00fcnd\u00fcz bildirir ki, \u201cayl\u0131q\u201d ad\u0131 il\u0259 t\u0259qdim olunan internet paketl\u0259ri \u0259slind\u0259 30 g\u00fcn deyil, 28 g\u00fcn \u00fc\u00e7\u00fcn ke\u00e7\u0259rlidir. <\/p>\n\n\n\n<p><em>&#8220;Bu is\u0259 il \u0259rzind\u0259 istifad\u0259\u00e7id\u0259n 13 d\u0259f\u0259 \u00f6d\u0259ni\u015f almaq anlam\u0131na g\u0259lir. Bel\u0259likl\u0259, \u015firk\u0259t milyonlarla abun\u0259\u00e7id\u0259n \u0259lav\u0259 g\u0259lir \u0259ld\u0259 etmi\u015f olur. Avropa \u00f6lk\u0259l\u0259rind\u0259 bu sistem yaln\u0131z q\u0131sa m\u00fcdd\u0259tli turistl\u0259r \u00fc\u00e7\u00fcn t\u0259tbiq olunsa da, &#8220;Azercell&#8221; bu modeli daimi istifad\u0259\u00e7il\u0259r\u0259 t\u0259tbiq edir&#8221;.<\/em><\/p>\n\n\n\n<p>G\u00fcnd\u00fcz qeyd edir ki, Antiinhisar v\u0259 \u0130stehlak Bazar\u0131na N\u0259zar\u0259t D\u00f6vl\u0259t Agentliyi ba\u015fda olmaqla \u0259laq\u0259dar qurumlar bu m\u0259s\u0259l\u0259ni ciddi ara\u015fd\u0131rmal\u0131 v\u0259 ictimai maraqlar\u0131 qoruyan add\u0131mlar atmal\u0131d\u0131r. \u015eirk\u0259tin d\u00f6vl\u0259t\u0259 m\u0259xsus olmas\u0131 bu m\u0259suliyy\u0259ti daha da art\u0131r\u0131r. R\u0259q\u0259msal b\u0259rab\u0259rlik, \u015f\u0259ffafl\u0131q v\u0259 sosial \u0259dal\u0259t prinsipl\u0259ri pozulur.<\/p>\n\n\n\n<p>Regionun dig\u0259r \u00f6lk\u0259l\u0259rind\u0259 &#8211; T\u00fcrkiy\u0259, G\u00fcrc\u00fcstan v\u0259 Qazax\u0131standa &#8211; mobil operatorlar \u0259sas diqq\u0259ti 5G texnologiyas\u0131na ke\u00e7id\u0259, s\u00fcni intellekt \u0259sasl\u0131 xidm\u0259tl\u0259rin inki\u015faf\u0131na v\u0259 r\u0259q\u0259msal innovasiyalara y\u00f6n\u0259ldibl\u0259r.<\/p>\n\n\n\n<p>&#8220;Az\u0259rbaycanda is\u0259 &#8220;Azercell&#8221;in diqq\u0259ti istifad\u0259\u00e7inin m\u00f6vcud xidm\u0259tl\u0259r\u0259 daha \u00e7ox pul \u00f6d\u0259m\u0259si \u00fcz\u0259rin\u0259 qurulub. Bu is\u0259 h\u0259m bazar r\u0259qab\u0259tin\u0259, h\u0259m d\u0259 \u00f6lk\u0259nin texnoloji inki\u015faf\u0131na ziddir&#8221;, &#8211; ekspert bel\u0259 deyir.<\/p>\n\n\n\n<h2 class=\"wp-block-heading\"><strong>Alternativ t\u0259klifl\u0259r v\u0259 yekun \u00e7a\u011f\u0131r\u0131\u015flar<\/strong><\/h2>\n\n\n\n<p>Ekspertl\u0259r v\u0259 istifad\u0259\u00e7il\u0259r t\u0259l\u0259b edirl\u0259r ki, &#8220;Azercell&#8221; istifad\u0259\u00e7i y\u00f6n\u00fcml\u00fc, \u015f\u0259ffaf v\u0259 etik tarif siyas\u0259ti haz\u0131rlas\u0131n. Onlar\u0131n fikrinc\u0259, d\u00f6vl\u0259t orqanlar\u0131 bu proses\u0259 n\u0259zar\u0259t etm\u0259li, \u201cayl\u0131q\u201d anlay\u0131\u015f\u0131 qanunvericilikl\u0259 d\u0259qiql\u0259\u015fdirilm\u0259li, v\u0259t\u0259nda\u015f\u0131n maraqlar\u0131na uy\u011fun t\u0259nziml\u0259m\u0259l\u0259r apar\u0131lmal\u0131d\u0131r. \u015eirk\u0259tin \u00f6z\u0259ll\u0259\u015fdirilm\u0259si d\u0259 alternativ h\u0259ll yollar\u0131ndan biri kimi g\u00fcnd\u0259md\u0259dir.<\/p>\n\n\n\n<p>Osman G\u00fcnd\u00fcz deyir ki, &#8220;Azercell&#8221;in yeni tarif siyas\u0259ti yaln\u0131z bir kommersiya q\u0259rar\u0131 deyil, ictimai etimad\u0131n s\u0131na\u011f\u0131na \u00e7evrilib. <\/p>\n\n\n\n<p>\u201c1 manat &#8211; 1 g\u00fcn\u201d prinsipi, qeyri-etik 28 g\u00fcnl\u00fck ayl\u0131q paketl\u0259r v\u0259 innovasiyalar\u0131n yoxlu\u011fu istifad\u0259\u00e7i naraz\u0131l\u0131\u011f\u0131n\u0131 art\u0131r\u0131r. Bu siyas\u0259t d\u0259yi\u015fm\u0259diyi t\u0259qdird\u0259, &#8220;Azercell&#8221;in uzunm\u00fcdd\u0259tli reputasiyas\u0131 v\u0259 bazar pay\u0131 risk alt\u0131na d\u00fc\u015f\u0259 bil\u0259r. \u0130stifad\u0259\u00e7il\u0259r is\u0259 \u015firk\u0259td\u0259n sosial m\u0259suliyy\u0259t, \u015f\u0259ffafl\u0131q v\u0259 \u0259dal\u0259t g\u00f6zl\u0259yir.<\/p>\n","protected":false},"excerpt":{"rendered":"<p>\u0130yulun 1-d\u0259n etibar\u0259n q\u00fcvv\u0259y\u0259 min\u0259c\u0259k yeni qaydalara \u0259sas\u0259n, &#8220;Azercell&#8221; n\u00f6mr\u0259l\u0259rin aktiv qalma m\u00fcdd\u0259ti balans y\u00fckl\u0259m\u0259 m\u0259bl\u0259\u011fin\u0259 g\u00f6r\u0259 k\u0259skin \u015f\u0259kild\u0259 azald\u0131l\u0131b. <\/p>\n","protected":false},"author":60,"featured_media":98276,"comment_status":"closed","ping_status":"closed","sticky":false,"template":"","format":"standard","meta":{"_acf_changed":false,"footnotes":""},"categories":[17,4043,50,49],"tags":[6339,6340,6341,18,101,152,153,157],"formation":[],"post-author":[2888],"topic":[4952],"tooltip":[],"city":[6041],"class_list":["post-98272","post","type-post","status-publish","format-standard","has-post-thumbnail","hentry","category-azrbaycan","category-explainer","category-xbrlr","category-srh","tag-azercell","tag-azercell-qiymt-siyasti","tag-azercell-yeni-siyaset","tag-azrbaycan","tag-qafqaz","tag-qafqaz-xbrlri","tag-qafqazda-hyat","tag-xbrlr","post-author-jamnews","topic-azrbaycan","city-baki"],"acf":[],"yoast_head":"<!-- This site is optimized with the Yoast SEO plugin v24.1 - https:\/\/yoast.com\/wordpress\/plugins\/seo\/ -->\n<title>Azercellin yeni tarif siyas\u0259tin\u0259 etirazlar \/JAMnews<\/title>\n<meta name=\"description\" content=\"Q\u00fcvv\u0259y\u0259 min\u0259c\u0259k yeni qaydalara \u0259sas\u0259n, &quot;Azercell&quot; n\u00f6mr\u0259l\u0259rin aktiv qalma m\u00fcdd\u0259ti balans y\u00fckl\u0259m\u0259 m\u0259bl\u0259\u011fin\u0259 g\u00f6r\u0259 k\u0259skin \u015f\u0259kild\u0259 azald\u0131l\u0131b.\" \/>\n<meta name=\"robots\" content=\"index, follow, max-snippet:-1, max-image-preview:large, max-video-preview:-1\" \/>\n<link rel=\"canonical\" href=\"https:\/\/jam-news.net\/az\/azercellin-yeni-tarif-siyaseti-ve-ictimai-etirazlar-aldatma-ve-gelir-strategiyasi\/\" \/>\n<meta property=\"og:locale\" content=\"az_AZ\" \/>\n<meta property=\"og:type\" content=\"article\" \/>\n<meta property=\"og:title\" content=\"&quot;Azercell&quot;in yeni tarif siyas\u0259ti v\u0259 ictimai etirazlar: &quot;Aldatma v\u0259 g\u0259lir strategiyas\u0131&quot;\" \/>\n<meta property=\"og:description\" content=\"Q\u00fcvv\u0259y\u0259 min\u0259c\u0259k yeni qaydalara \u0259sas\u0259n, &quot;Azercell&quot; n\u00f6mr\u0259l\u0259rin aktiv qalma m\u00fcdd\u0259ti balans y\u00fckl\u0259m\u0259 m\u0259bl\u0259\u011fin\u0259 g\u00f6r\u0259 k\u0259skin \u015f\u0259kild\u0259 azald\u0131l\u0131b.\" \/>\n<meta property=\"og:url\" content=\"https:\/\/jam-news.net\/az\/azercellin-yeni-tarif-siyaseti-ve-ictimai-etirazlar-aldatma-ve-gelir-strategiyasi\/\" \/>\n<meta property=\"og:site_name\" content=\"Azerbaijani Jamnews\" \/>\n<meta property=\"article:publisher\" content=\"https:\/\/www.facebook.com\/JAMnewsInEnglish\/\" \/>\n<meta property=\"article:published_time\" content=\"2025-06-05T15:30:40+00:00\" \/>\n<meta property=\"article:modified_time\" content=\"2025-06-06T06:24:52+00:00\" \/>\n<meta property=\"og:image\" content=\"https:\/\/jam-news.net\/app\/uploads\/2025\/06\/main-flag_lg.png.png\" \/>\n\t<meta property=\"og:image:width\" content=\"448\" \/>\n\t<meta property=\"og:image:height\" content=\"532\" \/>\n\t<meta property=\"og:image:type\" content=\"image\/png\" \/>\n<meta name=\"author\" content=\"elmisham\" \/>\n<meta name=\"twitter:card\" content=\"summary_large_image\" \/>\n<meta name=\"twitter:title\" content=\"&quot;Azercell&quot;in yeni tarif siyas\u0259ti v\u0259 ictimai etirazlar: &quot;Aldatma v\u0259 g\u0259lir strategiyas\u0131&quot;\" \/>\n<meta name=\"twitter:creator\" content=\"@JAMnewsCaucasus\" \/>\n<meta name=\"twitter:site\" content=\"@JAMnewsCaucasus\" \/>\n<meta name=\"twitter:label1\" content=\"Written by\" \/>\n\t<meta name=\"twitter:data1\" content=\"elmisham\" \/>\n\t<meta name=\"twitter:label2\" content=\"Est. reading time\" \/>\n\t<meta name=\"twitter:data2\" content=\"4 minutes\" \/>\n<script type=\"application\/ld+json\" class=\"yoast-schema-graph\">{\"@context\":\"https:\/\/schema.org\",\"@graph\":[{\"@type\":\"Article\",\"@id\":\"https:\/\/jam-news.net\/az\/azercellin-yeni-tarif-siyaseti-ve-ictimai-etirazlar-aldatma-ve-gelir-strategiyasi\/#article\",\"isPartOf\":{\"@id\":\"https:\/\/jam-news.net\/az\/azercellin-yeni-tarif-siyaseti-ve-ictimai-etirazlar-aldatma-ve-gelir-strategiyasi\/\"},\"author\":{\"name\":\"elmisham\",\"@id\":\"https:\/\/jam-news.net\/az\/#\/schema\/person\/eb45af4c98a871b32118a93d3d66e159\"},\"headline\":\"&#8220;Azercell&#8221;in yeni tarif siyas\u0259ti v\u0259 ictimai etirazlar: &#8220;Aldatma v\u0259 g\u0259lir strategiyas\u0131&#8221;\",\"datePublished\":\"2025-06-05T15:30:40+00:00\",\"dateModified\":\"2025-06-06T06:24:52+00:00\",\"mainEntityOfPage\":{\"@id\":\"https:\/\/jam-news.net\/az\/azercellin-yeni-tarif-siyaseti-ve-ictimai-etirazlar-aldatma-ve-gelir-strategiyasi\/\"},\"wordCount\":953,\"publisher\":{\"@id\":\"https:\/\/jam-news.net\/az\/#organization\"},\"image\":{\"@id\":\"https:\/\/jam-news.net\/az\/azercellin-yeni-tarif-siyaseti-ve-ictimai-etirazlar-aldatma-ve-gelir-strategiyasi\/#primaryimage\"},\"thumbnailUrl\":\"https:\/\/jam-news.net\/app\/uploads\/2025\/06\/main-flag_lg.png.png\",\"keywords\":[\"azercell\",\"azercell qiym\u0259t siyas\u0259ti\",\"azercell yeni siyaset\",\"Az\u0259rbaycan\",\"Qafqaz\",\"Qafqaz x\u0259b\u0259rl\u0259ri\",\"Qafqazda h\u0259yat\",\"X\u0259b\u0259rl\u0259r\"],\"articleSection\":[\"Azerbaijan\",\"Explainer\",\"News\",\"Opinion\"],\"inLanguage\":\"az\"},{\"@type\":\"WebPage\",\"@id\":\"https:\/\/jam-news.net\/az\/azercellin-yeni-tarif-siyaseti-ve-ictimai-etirazlar-aldatma-ve-gelir-strategiyasi\/\",\"url\":\"https:\/\/jam-news.net\/az\/azercellin-yeni-tarif-siyaseti-ve-ictimai-etirazlar-aldatma-ve-gelir-strategiyasi\/\",\"name\":\"Azercellin yeni tarif siyas\u0259tin\u0259 etirazlar \/JAMnews\",\"isPartOf\":{\"@id\":\"https:\/\/jam-news.net\/az\/#website\"},\"primaryImageOfPage\":{\"@id\":\"https:\/\/jam-news.net\/az\/azercellin-yeni-tarif-siyaseti-ve-ictimai-etirazlar-aldatma-ve-gelir-strategiyasi\/#primaryimage\"},\"image\":{\"@id\":\"https:\/\/jam-news.net\/az\/azercellin-yeni-tarif-siyaseti-ve-ictimai-etirazlar-aldatma-ve-gelir-strategiyasi\/#primaryimage\"},\"thumbnailUrl\":\"https:\/\/jam-news.net\/app\/uploads\/2025\/06\/main-flag_lg.png.png\",\"datePublished\":\"2025-06-05T15:30:40+00:00\",\"dateModified\":\"2025-06-06T06:24:52+00:00\",\"description\":\"Q\u00fcvv\u0259y\u0259 min\u0259c\u0259k yeni qaydalara \u0259sas\u0259n, \\\"Azercell\\\" n\u00f6mr\u0259l\u0259rin aktiv qalma m\u00fcdd\u0259ti balans y\u00fckl\u0259m\u0259 m\u0259bl\u0259\u011fin\u0259 g\u00f6r\u0259 k\u0259skin \u015f\u0259kild\u0259 azald\u0131l\u0131b.\",\"breadcrumb\":{\"@id\":\"https:\/\/jam-news.net\/az\/azercellin-yeni-tarif-siyaseti-ve-ictimai-etirazlar-aldatma-ve-gelir-strategiyasi\/#breadcrumb\"},\"inLanguage\":\"az\",\"potentialAction\":[{\"@type\":\"ReadAction\",\"target\":[\"https:\/\/jam-news.net\/az\/azercellin-yeni-tarif-siyaseti-ve-ictimai-etirazlar-aldatma-ve-gelir-strategiyasi\/\"]}]},{\"@type\":\"ImageObject\",\"inLanguage\":\"az\",\"@id\":\"https:\/\/jam-news.net\/az\/azercellin-yeni-tarif-siyaseti-ve-ictimai-etirazlar-aldatma-ve-gelir-strategiyasi\/#primaryimage\",\"url\":\"https:\/\/jam-news.net\/app\/uploads\/2025\/06\/main-flag_lg.png.png\",\"contentUrl\":\"https:\/\/jam-news.net\/app\/uploads\/2025\/06\/main-flag_lg.png.png\",\"width\":448,\"height\":532,\"caption\":\"Azercellin yeni tarif siyas\u0259tin\u0259 etirazlar\"},{\"@type\":\"BreadcrumbList\",\"@id\":\"https:\/\/jam-news.net\/az\/azercellin-yeni-tarif-siyaseti-ve-ictimai-etirazlar-aldatma-ve-gelir-strategiyasi\/#breadcrumb\",\"itemListElement\":[{\"@type\":\"ListItem\",\"position\":1,\"name\":\"Home\",\"item\":\"https:\/\/jam-news.net\/az\/\"},{\"@type\":\"ListItem\",\"position\":2,\"name\":\"&#8220;Azercell&#8221;in yeni tarif siyas\u0259ti v\u0259 ictimai etirazlar: &#8220;Aldatma v\u0259 g\u0259lir strategiyas\u0131&#8221;\"}]},{\"@type\":\"WebSite\",\"@id\":\"https:\/\/jam-news.net\/az\/#website\",\"url\":\"https:\/\/jam-news.net\/az\/\",\"name\":\"Azerbaijani Jamnews\",\"description\":\"Caucasus News, Politics and Society\",\"publisher\":{\"@id\":\"https:\/\/jam-news.net\/az\/#organization\"},\"potentialAction\":[{\"@type\":\"SearchAction\",\"target\":{\"@type\":\"EntryPoint\",\"urlTemplate\":\"https:\/\/jam-news.net\/az\/?s={search_term_string}\"},\"query-input\":{\"@type\":\"PropertyValueSpecification\",\"valueRequired\":true,\"valueName\":\"search_term_string\"}}],\"inLanguage\":\"az\"},{\"@type\":\"Organization\",\"@id\":\"https:\/\/jam-news.net\/az\/#organization\",\"name\":\"JAMnews\",\"url\":\"https:\/\/jam-news.net\/az\/\",\"logo\":{\"@type\":\"ImageObject\",\"inLanguage\":\"az\",\"@id\":\"https:\/\/jam-news.net\/az\/#\/schema\/logo\/image\/\",\"url\":\"https:\/\/jam-news.net\/app\/uploads\/2020\/05\/JAM_w.jpg\",\"contentUrl\":\"https:\/\/jam-news.net\/app\/uploads\/2020\/05\/JAM_w.jpg\",\"width\":960,\"height\":960,\"caption\":\"JAMnews\"},\"image\":{\"@id\":\"https:\/\/jam-news.net\/az\/#\/schema\/logo\/image\/\"},\"sameAs\":[\"https:\/\/www.facebook.com\/JAMnewsInEnglish\/\",\"https:\/\/x.com\/JAMnewsCaucasus\",\"https:\/\/www.instagram.com\/jam_news\/\",\"https:\/\/www.youtube.com\/channel\/UCXQbUCme2pykuZYXWHx4VPg\"]},{\"@type\":\"Person\",\"@id\":\"https:\/\/jam-news.net\/az\/#\/schema\/person\/eb45af4c98a871b32118a93d3d66e159\",\"name\":\"elmisham\",\"image\":{\"@type\":\"ImageObject\",\"inLanguage\":\"az\",\"@id\":\"https:\/\/jam-news.net\/az\/#\/schema\/person\/image\/\",\"url\":\"https:\/\/secure.gravatar.com\/avatar\/37fa0366c180c74da87d58de88ffdc3f?s=96&d=mm&r=g\",\"contentUrl\":\"https:\/\/secure.gravatar.com\/avatar\/37fa0366c180c74da87d58de88ffdc3f?s=96&d=mm&r=g\",\"caption\":\"elmisham\"},\"url\":\"https:\/\/jam-news.net\/az\/author\/elmisham\/\"}]}<\/script>\n<!-- \/ Yoast SEO plugin. -->","yoast_head_json":{"title":"Azercellin yeni tarif siyas\u0259tin\u0259 etirazlar \/JAMnews","description":"Q\u00fcvv\u0259y\u0259 min\u0259c\u0259k yeni qaydalara \u0259sas\u0259n, \"Azercell\" n\u00f6mr\u0259l\u0259rin aktiv qalma m\u00fcdd\u0259ti balans y\u00fckl\u0259m\u0259 m\u0259bl\u0259\u011fin\u0259 g\u00f6r\u0259 k\u0259skin \u015f\u0259kild\u0259 azald\u0131l\u0131b.","robots":{"index":"index","follow":"follow","max-snippet":"max-snippet:-1","max-image-preview":"max-image-preview:large","max-video-preview":"max-video-preview:-1"},"canonical":"https:\/\/jam-news.net\/az\/azercellin-yeni-tarif-siyaseti-ve-ictimai-etirazlar-aldatma-ve-gelir-strategiyasi\/","og_locale":"az_AZ","og_type":"article","og_title":"\"Azercell\"in yeni tarif siyas\u0259ti v\u0259 ictimai etirazlar: \"Aldatma v\u0259 g\u0259lir strategiyas\u0131\"","og_description":"Q\u00fcvv\u0259y\u0259 min\u0259c\u0259k yeni qaydalara \u0259sas\u0259n, \"Azercell\" n\u00f6mr\u0259l\u0259rin aktiv qalma m\u00fcdd\u0259ti balans y\u00fckl\u0259m\u0259 m\u0259bl\u0259\u011fin\u0259 g\u00f6r\u0259 k\u0259skin \u015f\u0259kild\u0259 azald\u0131l\u0131b.","og_url":"https:\/\/jam-news.net\/az\/azercellin-yeni-tarif-siyaseti-ve-ictimai-etirazlar-aldatma-ve-gelir-strategiyasi\/","og_site_name":"Azerbaijani Jamnews","article_publisher":"https:\/\/www.facebook.com\/JAMnewsInEnglish\/","article_published_time":"2025-06-05T15:30:40+00:00","article_modified_time":"2025-06-06T06:24:52+00:00","og_image":[{"width":448,"height":532,"url":"https:\/\/jam-news.net\/app\/uploads\/2025\/06\/main-flag_lg.png.png","type":"image\/png"}],"author":"elmisham","twitter_card":"summary_large_image","twitter_title":"\"Azercell\"in yeni tarif siyas\u0259ti v\u0259 ictimai etirazlar: \"Aldatma v\u0259 g\u0259lir strategiyas\u0131\"","twitter_creator":"@JAMnewsCaucasus","twitter_site":"@JAMnewsCaucasus","twitter_misc":{"Written by":"elmisham","Est. reading time":"4 minutes"},"schema":{"@context":"https:\/\/schema.org","@graph":[{"@type":"Article","@id":"https:\/\/jam-news.net\/az\/azercellin-yeni-tarif-siyaseti-ve-ictimai-etirazlar-aldatma-ve-gelir-strategiyasi\/#article","isPartOf":{"@id":"https:\/\/jam-news.net\/az\/azercellin-yeni-tarif-siyaseti-ve-ictimai-etirazlar-aldatma-ve-gelir-strategiyasi\/"},"author":{"name":"elmisham","@id":"https:\/\/jam-news.net\/az\/#\/schema\/person\/eb45af4c98a871b32118a93d3d66e159"},"headline":"&#8220;Azercell&#8221;in yeni tarif siyas\u0259ti v\u0259 ictimai etirazlar: &#8220;Aldatma v\u0259 g\u0259lir strategiyas\u0131&#8221;","datePublished":"2025-06-05T15:30:40+00:00","dateModified":"2025-06-06T06:24:52+00:00","mainEntityOfPage":{"@id":"https:\/\/jam-news.net\/az\/azercellin-yeni-tarif-siyaseti-ve-ictimai-etirazlar-aldatma-ve-gelir-strategiyasi\/"},"wordCount":953,"publisher":{"@id":"https:\/\/jam-news.net\/az\/#organization"},"image":{"@id":"https:\/\/jam-news.net\/az\/azercellin-yeni-tarif-siyaseti-ve-ictimai-etirazlar-aldatma-ve-gelir-strategiyasi\/#primaryimage"},"thumbnailUrl":"https:\/\/jam-news.net\/app\/uploads\/2025\/06\/main-flag_lg.png.png","keywords":["azercell","azercell qiym\u0259t siyas\u0259ti","azercell yeni siyaset","Az\u0259rbaycan","Qafqaz","Qafqaz x\u0259b\u0259rl\u0259ri","Qafqazda h\u0259yat","X\u0259b\u0259rl\u0259r"],"articleSection":["Azerbaijan","Explainer","News","Opinion"],"inLanguage":"az"},{"@type":"WebPage","@id":"https:\/\/jam-news.net\/az\/azercellin-yeni-tarif-siyaseti-ve-ictimai-etirazlar-aldatma-ve-gelir-strategiyasi\/","url":"https:\/\/jam-news.net\/az\/azercellin-yeni-tarif-siyaseti-ve-ictimai-etirazlar-aldatma-ve-gelir-strategiyasi\/","name":"Azercellin yeni tarif siyas\u0259tin\u0259 etirazlar \/JAMnews","isPartOf":{"@id":"https:\/\/jam-news.net\/az\/#website"},"primaryImageOfPage":{"@id":"https:\/\/jam-news.net\/az\/azercellin-yeni-tarif-siyaseti-ve-ictimai-etirazlar-aldatma-ve-gelir-strategiyasi\/#primaryimage"},"image":{"@id":"https:\/\/jam-news.net\/az\/azercellin-yeni-tarif-siyaseti-ve-ictimai-etirazlar-aldatma-ve-gelir-strategiyasi\/#primaryimage"},"thumbnailUrl":"https:\/\/jam-news.net\/app\/uploads\/2025\/06\/main-flag_lg.png.png","datePublished":"2025-06-05T15:30:40+00:00","dateModified":"2025-06-06T06:24:52+00:00","description":"Q\u00fcvv\u0259y\u0259 min\u0259c\u0259k yeni qaydalara \u0259sas\u0259n, \"Azercell\" n\u00f6mr\u0259l\u0259rin aktiv qalma m\u00fcdd\u0259ti balans y\u00fckl\u0259m\u0259 m\u0259bl\u0259\u011fin\u0259 g\u00f6r\u0259 k\u0259skin \u015f\u0259kild\u0259 azald\u0131l\u0131b.","breadcrumb":{"@id":"https:\/\/jam-news.net\/az\/azercellin-yeni-tarif-siyaseti-ve-ictimai-etirazlar-aldatma-ve-gelir-strategiyasi\/#breadcrumb"},"inLanguage":"az","potentialAction":[{"@type":"ReadAction","target":["https:\/\/jam-news.net\/az\/azercellin-yeni-tarif-siyaseti-ve-ictimai-etirazlar-aldatma-ve-gelir-strategiyasi\/"]}]},{"@type":"ImageObject","inLanguage":"az","@id":"https:\/\/jam-news.net\/az\/azercellin-yeni-tarif-siyaseti-ve-ictimai-etirazlar-aldatma-ve-gelir-strategiyasi\/#primaryimage","url":"https:\/\/jam-news.net\/app\/uploads\/2025\/06\/main-flag_lg.png.png","contentUrl":"https:\/\/jam-news.net\/app\/uploads\/2025\/06\/main-flag_lg.png.png","width":448,"height":532,"caption":"Azercellin yeni tarif siyas\u0259tin\u0259 etirazlar"},{"@type":"BreadcrumbList","@id":"https:\/\/jam-news.net\/az\/azercellin-yeni-tarif-siyaseti-ve-ictimai-etirazlar-aldatma-ve-gelir-strategiyasi\/#breadcrumb","itemListElement":[{"@type":"ListItem","position":1,"name":"Home","item":"https:\/\/jam-news.net\/az\/"},{"@type":"ListItem","position":2,"name":"&#8220;Azercell&#8221;in yeni tarif siyas\u0259ti v\u0259 ictimai etirazlar: &#8220;Aldatma v\u0259 g\u0259lir strategiyas\u0131&#8221;"}]},{"@type":"WebSite","@id":"https:\/\/jam-news.net\/az\/#website","url":"https:\/\/jam-news.net\/az\/","name":"Azerbaijani Jamnews","description":"Caucasus News, Politics and Society","publisher":{"@id":"https:\/\/jam-news.net\/az\/#organization"},"potentialAction":[{"@type":"SearchAction","target":{"@type":"EntryPoint","urlTemplate":"https:\/\/jam-news.net\/az\/?s={search_term_string}"},"query-input":{"@type":"PropertyValueSpecification","valueRequired":true,"valueName":"search_term_string"}}],"inLanguage":"az"},{"@type":"Organization","@id":"https:\/\/jam-news.net\/az\/#organization","name":"JAMnews","url":"https:\/\/jam-news.net\/az\/","logo":{"@type":"ImageObject","inLanguage":"az","@id":"https:\/\/jam-news.net\/az\/#\/schema\/logo\/image\/","url":"https:\/\/jam-news.net\/app\/uploads\/2020\/05\/JAM_w.jpg","contentUrl":"https:\/\/jam-news.net\/app\/uploads\/2020\/05\/JAM_w.jpg","width":960,"height":960,"caption":"JAMnews"},"image":{"@id":"https:\/\/jam-news.net\/az\/#\/schema\/logo\/image\/"},"sameAs":["https:\/\/www.facebook.com\/JAMnewsInEnglish\/","https:\/\/x.com\/JAMnewsCaucasus","https:\/\/www.instagram.com\/jam_news\/","https:\/\/www.youtube.com\/channel\/UCXQbUCme2pykuZYXWHx4VPg"]},{"@type":"Person","@id":"https:\/\/jam-news.net\/az\/#\/schema\/person\/eb45af4c98a871b32118a93d3d66e159","name":"elmisham","image":{"@type":"ImageObject","inLanguage":"az","@id":"https:\/\/jam-news.net\/az\/#\/schema\/person\/image\/","url":"https:\/\/secure.gravatar.com\/avatar\/37fa0366c180c74da87d58de88ffdc3f?s=96&d=mm&r=g","contentUrl":"https:\/\/secure.gravatar.com\/avatar\/37fa0366c180c74da87d58de88ffdc3f?s=96&d=mm&r=g","caption":"elmisham"},"url":"https:\/\/jam-news.net\/az\/author\/elmisham\/"}]}},"_links":{"self":[{"href":"https:\/\/jam-news.net\/az\/wp-json\/wp\/v2\/posts\/98272","targetHints":{"allow":["GET"]}}],"collection":[{"href":"https:\/\/jam-news.net\/az\/wp-json\/wp\/v2\/posts"}],"about":[{"href":"https:\/\/jam-news.net\/az\/wp-json\/wp\/v2\/types\/post"}],"author":[{"embeddable":true,"href":"https:\/\/jam-news.net\/az\/wp-json\/wp\/v2\/users\/60"}],"replies":[{"embeddable":true,"href":"https:\/\/jam-news.net\/az\/wp-json\/wp\/v2\/comments?post=98272"}],"version-history":[{"count":5,"href":"https:\/\/jam-news.net\/az\/wp-json\/wp\/v2\/posts\/98272\/revisions"}],"predecessor-version":[{"id":98286,"href":"https:\/\/jam-news.net\/az\/wp-json\/wp\/v2\/posts\/98272\/revisions\/98286"}],"wp:featuredmedia":[{"embeddable":true,"href":"https:\/\/jam-news.net\/az\/wp-json\/wp\/v2\/media\/98276"}],"wp:attachment":[{"href":"https:\/\/jam-news.net\/az\/wp-json\/wp\/v2\/media?parent=98272"}],"wp:term":[{"taxonomy":"category","embeddable":true,"href":"https:\/\/jam-news.net\/az\/wp-json\/wp\/v2\/categories?post=98272"},{"taxonomy":"post_tag","embeddable":true,"href":"https:\/\/jam-news.net\/az\/wp-json\/wp\/v2\/tags?post=98272"},{"taxonomy":"formation","embeddable":true,"href":"https:\/\/jam-news.net\/az\/wp-json\/wp\/v2\/formation?post=98272"},{"taxonomy":"post-author","embeddable":true,"href":"https:\/\/jam-news.net\/az\/wp-json\/wp\/v2\/post-author?post=98272"},{"taxonomy":"topic","embeddable":true,"href":"https:\/\/jam-news.net\/az\/wp-json\/wp\/v2\/topic?post=98272"},{"taxonomy":"tooltip","embeddable":true,"href":"https:\/\/jam-news.net\/az\/wp-json\/wp\/v2\/tooltip?post=98272"},{"taxonomy":"city","embeddable":true,"href":"https:\/\/jam-news.net\/az\/wp-json\/wp\/v2\/city?post=98272"}],"curies":[{"name":"wp","href":"https:\/\/api.w.org\/{rel}","templated":true}]}}