{"id":9826,"date":"2018-12-17T00:00:00","date_gmt":"2018-12-17T00:00:00","guid":{"rendered":"http:\/\/jam-news.net\/az\/inauqurasiya-bas-tutdu-gurcustanin-besinci-prezidenti-and-icdi\/"},"modified":"2022-01-18T01:08:09","modified_gmt":"2022-01-17T21:08:09","slug":"inauqurasiya-bas-tutdu-gurcustanin-besinci-prezidenti-and-icdi","status":"publish","type":"post","link":"https:\/\/jam-news.net\/az\/inauqurasiya-bas-tutdu-gurcustanin-besinci-prezidenti-and-icdi\/","title":{"rendered":"\u0130nauqurasiya ba\u015f tutdu. G\u00fcrc\u00fcstan\u0131n be\u015finci prezidenti and i\u00e7di"},"content":{"rendered":"<p><em>Bu g\u00fcn Telavid\u0259 \u0130kinci \u0130rakli saray\u0131nda prezident<a href=\"https:\/\/jam-news.net\/category\/theme-pages-az\/president-of-georgia-salome-zourabichvili-az\/?lang=az-AZ\" target=\"_blank\" rel=\"noopener noreferrer\"> Salome Zurabi\u015fvilinin<\/a> inauqurasiyas\u0131 ba\u015f tutub. O, r\u0259sm\u0259n G\u00fcrc\u00fcstan\u0131n be\u015finci prezidenti k\u00fcrs\u00fcs\u00fcn\u0259 q\u0259d\u0259m qoyub. O, G\u00fcrcastan tarixind\u0259 ilk qad\u0131n prezidentdir. Zurabi\u015fvili prezidentliyinin \u0259sas h\u0259d\u0259fl\u0259rini a\u00e7\u0131qlay\u0131b \u2013 \u00f6lk\u0259nin, q\u00fctbl\u0259\u015fmi\u015f c\u0259miyy\u0259tin birl\u0259\u015fdirilm\u0259si, G\u00fcrc\u00fcstan\u0131n Avropada layiqli yeri.<\/em><\/p>\n<p><em>Bayram t\u0259dbirl\u0259ri il\u0259 paralel olaraq b\u00fct\u00fcn g\u00fcn \u0259rzind\u0259 Telavinin b\u00fct\u00fcn giri\u015fl\u0259rind\u0259 v\u0259ziyy\u0259t g\u0259rgin olub.<\/em><\/p>\n<p><em>Se\u00e7kil\u0259ri uduzan Qriqol Va\u015fadzenin r\u0259hb\u0259rliyi alt\u0131nda birl\u0259\u015fmi\u015f m\u00fcxalif\u0259t bu g\u00fcn s\u0259h\u0259rd\u0259n Telaviy\u0259 getm\u0259y\u0259 v\u0259 orada k\u00fctl\u0259vi etiraz aksiyas\u0131 ke\u00e7irm\u0259y\u0259 haz\u0131rla\u015f\u0131rd\u0131. Amma polis m\u00fcxalif\u0259tin avtomobil kolonunun yolunu k\u0259sib, Telaviy\u0259 ged\u0259n b\u00fct\u00fcn yollar\u0131 ba\u011flay\u0131b v\u0259 planlar ba\u015f tutmay\u0131b.<\/em><\/p>\n<p><iframe loading=\"lazy\" style=\"border: none; overflow: hidden;\" src=\"https:\/\/www.facebook.com\/plugins\/video.php?href=https%3A%2F%2Fwww.facebook.com%2Frustavi2%2Fvideos%2F280353879350766%2F&amp;show_text=0&amp;width=560\" width=\"560\" height=\"420\" frameborder=\"0\" scrolling=\"no\" allowfullscreen=\"allowfullscreen\" data-mce-fragment=\"1\"><\/iframe><\/p>\n<p><em>\u041e<\/em><em>M\u00fcxalif\u0259t Zurabi\u015fvilini prezident kimi tan\u0131m\u0131r v\u0259 bildiri ki, o, se\u00e7kil\u0259ri saxtakarl\u0131q say\u0259sind\u0259 qazan\u0131b. Polisin m\u00fcxalif\u0259tl\u0259 qar\u015f\u0131durmas\u0131 b\u00fct\u00fcn g\u00fcn \u0259rzind\u0259 davam edib. Z\u0259r\u0259r \u00e7\u0259k\u0259nl\u0259r, d\u00f6y\u00fcl\u0259nl\u0259r var.<\/em><\/p>\n<p style=\"text-align: center;\"><strong>__________________<\/strong><\/p>\n<p>Salome Zurabi\u015fvilinin inauqurasiyas\u0131 yerli vaxtla 15.00-da ba\u015flay\u0131b v\u0259 40 d\u0259qiq\u0259 davam edib. \u0130lk d\u0259f\u0259 prezident inauqurasiyas\u0131 Tbilisid\u0259 ba\u015f tutmay\u0131b. Ad\u0259t\u0259n G\u00fcrc\u00fcstan prezidenti paytaxtda, Rustaveli k\u00fc\u00e7\u0259sind\u0259, parlament\u0259 aid olan \u0259razid\u0259 t\u0259\u015fkil olunur.<\/p>\n<p><iframe loading=\"lazy\" style=\"border: none; overflow: hidden;\" src=\"https:\/\/www.facebook.com\/plugins\/video.php?href=https%3A%2F%2Fwww.facebook.com%2Fzourabichvilisalome%2Fvideos%2F2335571443139886%2F&amp;show_text=0&amp;width=560\" width=\"560\" height=\"315\" frameborder=\"0\" scrolling=\"no\" allowfullscreen=\"allowfullscreen\" data-mce-fragment=\"1\"><\/iframe><\/p>\n<p>\n    <div class=\"bd_notification notification_warning\">\n      <i><\/i><span style=\"color: #000000;\">G\u00fcrc\u00fcstan\u0131n yeni prezidenti noyabr\u0131n 28-d\u0259 se\u00e7kil\u0259rin ikinci turunda se\u00e7ilib. G\u00fcrc\u00fcstan\u0131n be\u015finci prezidenti 59,52 faiz s\u0259s toplayan hakimiyy\u0259ty\u00f6nl\u00fc Salome Zurabi\u015fvili olub. Onun r\u0259qibi, m\u00fcxalif\u0259rin namiz\u0259di Qriqol Va\u015fadze 40,48 faiz s\u0259s toplay\u0131b. Beyn\u0259lxalq m\u00fc\u015fahid\u0259\u00e7il\u0259r se\u00e7kil\u0259ri r\u0259qab\u0259tli, amma \u0259dal\u0259tsiz kimi xarakteriz\u0259 edibl\u0259r. Eks-prezident Mixail Saaka\u015fvilinin r\u0259hb\u0259rliyi alt\u0131nda m\u00fcxalif\u0259t se\u00e7ki n\u0259tic\u0259l\u0259rini tan\u0131may\u0131b v\u0259 n\u00f6vb\u0259d\u0259nk\u0259nar se\u00e7ki ke\u00e7irm\u0259k t\u0259l\u0259bi il\u0259 \u00e7\u0131x\u0131\u015f edir.<\/span>\n    <\/div>\n    <\/p>\n<p>\u0130nauqurasiyaya 1800 n\u0259f\u0259r d\u0259v\u0259t edilib. Onlar\u0131n aras\u0131nda hakimiyy\u0259t, diplomatik korpus n\u00fcmay\u0259nd\u0259l\u0259ri, m\u0259d\u0259niyy\u0259t xadiml\u0259ri, tan\u0131nm\u0131\u015f \u015f\u0259xsiyy\u0259tl\u0259r olub.<\/p>\n<p>M\u0259rasim jurnalistl\u0259r \u00fc\u00e7\u00fcn qapal\u0131 rejimd\u0259 ke\u00e7irilib. Onlar \u00fc\u00e7\u00fcn ba\u015f ver\u0259nl\u0259ri b\u00f6y\u00fck ekrandan izl\u0259y\u0259 bil\u0259c\u0259yi x\u00fcsusi yer ayr\u0131l\u0131b.<\/p>\n<p><a href=\"https:\/\/jam-news.net\/gurcustan-prezidentliyin%C9%99-namiz%C9%99d-salome-zurabisvili-kimdir-v%C9%99-onda-dogru-olmayan-n%C9%99dir\/?lang=az-AZ\" target=\"_blank\" rel=\"noopener noreferrer\"> <strong>\u2022<span style=\"text-decoration: underline;\">G\u00fcrc\u00fcstan\u0131n yeni prezidenti Salome Zurabi\u015fvili kimdi?<\/span><\/strong><\/a><\/p>\n<p><a href=\"https:\/\/jam-news.net\/gurcustanin-yeni-prezidenti-daha-kasib-olacaq-inauqurasiya-v%C9%99-yeni-iqam%C9%99tgah-haqda-t%C9%99f%C9%99rruatlar\/?lang=az-AZ\" target=\"_blank\" rel=\"noopener noreferrer\"><strong>\u2022<span style=\"text-decoration: underline;\">\u00a0 G\u00fcrc\u00fcstan\u0131n yeni prezienti daha kas\u0131b olacaq. Ba\u015f tutacaq inauqurasiya v\u0259 yeni iqam\u0259tgah haqda t\u0259f\u0259rr\u00fcatlar<\/span><\/strong><\/a><\/p>\n<p><a href=\"https:\/\/jam-news.net\/r%C9%99y-gurcustandaki-prezident-seckil%C9%99rinin-say%C9%99sind%C9%99-n%C9%99l%C9%99ri-bildik\/?lang=az-AZ\" target=\"_blank\" rel=\"noopener noreferrer\"><strong>\u2022\u00a0<span style=\"text-decoration: underline;\">R\u0259y: G\u00fcrc\u00fcstandak\u0131 prezident se\u00e7kil\u0259rinin say\u0259sind\u0259 n\u0259l\u0259ri bildik?<\/span><\/strong><\/a><\/p>\n<p>G\u00fcrc\u00fcstan\u0131n ke\u00e7mi\u015f ba\u015f naziri v\u0259 \u00f6lk\u0259nin faktiki lideri, hakim \u201cG\u00fcrc\u00fc arzusu\u201d partiyas\u0131n\u0131n s\u0259dri Bidzina \u0130vani\u015fvilinin m \u0259rasimd\u0259 olmamas\u0131 diqq\u0259ti \u00e7\u0259kib. O, Zurabi\u015fvilinin namiz\u0259dliyinin ir\u0259li s\u00fcr\u00fclm\u0259sin\u0259 \u015f\u0259xs\u0259n israr edib.<\/p>\n<p>G\u00fcrc\u00fcstan\u0131n yeni prezidenti m\u0259rasimd\u0259 \u00f6lk\u0259 bayra\u011f\u0131\u0131n\u0131n r\u0259ngl\u0259rind\u0259 geyinib.<\/p>\n<p>\n\t\t<!-- MasterSlider -->\n\t\t<div id=\"P_MS69ee0e408410f\" class=\"master-slider-parent ms-parent-id-445\" style=\"max-width:800px;\" >\n\n\t\t\t\n\t\t\t<!-- MasterSlider Main -->\n\t\t\t<div id=\"MS69ee0e408410f\" class=\"master-slider ms-skin-light-6\" >\n\t\t\t\t \t\t\t\t \n\n\t\t\t<div  class=\"ms-slide\" data-delay=\"3\" data-fill-mode=\"fill\"   >\n\t\t\t\t\t<img decoding=\"async\" src=\"https:\/\/jam-news.net\/app\/plugins\/masterslider\/public\/assets\/css\/blank.gif\" alt=\"\" title=\"Screen Shot 2018-12-16 at 14.35.46\" data-src=\"https:\/\/jam-news.net\/app\/uploads\/2018\/12\/RTX6ISDN.jpg\" \/>\n\n\t\t\t\t\t<div class=\"ms-info\"><p><em>G\u00fcrc\u00fcstan\u0131n yeni se\u00e7ilmi\u015f prezidenti Salome Zurabi\u015fvilinin inauqurasiyas\u0131. Telavi, 16 dekabr. REUTERS\/ \u0130rakli Qedenidze<\/em><\/p><\/div>\n\n\n\t\t\t\t<\/div>\n\t\t\t<div  class=\"ms-slide\" data-delay=\"3\" data-fill-mode=\"fill\"   >\n\t\t\t\t\t<img decoding=\"async\" src=\"https:\/\/jam-news.net\/app\/plugins\/masterslider\/public\/assets\/css\/blank.gif\" alt=\"\" title=\"Georgia&#039;s newly elected President Zurabishvili arrives to the inauguration ceremony in Telavi\" data-src=\"https:\/\/jam-news.net\/app\/uploads\/2018\/12\/RTX6ISDA.jpg\" \/>\n\n\t\t\t\t\t<div class=\"ms-info\"><p><em>\u00a0REUTERS\/ \u0130rakli Qedenidze<\/em><\/p><p>\u00a0<\/p><\/div>\n\n\n\t\t\t\t<\/div>\n\t\t\t<div  class=\"ms-slide\" data-delay=\"3\" data-fill-mode=\"fill\"   >\n\t\t\t\t\t<img decoding=\"async\" src=\"https:\/\/jam-news.net\/app\/plugins\/masterslider\/public\/assets\/css\/blank.gif\" alt=\"\" title=\"Georgia&#039;s newly elected President Zurabishvili speaks during inauguration ceremony in Telavi\" data-src=\"https:\/\/jam-news.net\/app\/uploads\/2018\/12\/RTX6ISDH.jpg\" \/>\n\n\t\t\t\t\t<div class=\"ms-info\"><p><em>\u00a0REUTERS\/ \u0130rakli Qedenidze<\/em><\/p><\/div>\n\n\n\t\t\t\t<\/div>\n\t\t\t<div  class=\"ms-slide\" data-delay=\"3\" data-fill-mode=\"fill\"   >\n\t\t\t\t\t<img decoding=\"async\" src=\"https:\/\/jam-news.net\/app\/plugins\/masterslider\/public\/assets\/css\/blank.gif\" alt=\"\" title=\"Georgian President Eduard Shevardnadze stands with his wife Nanuli during the inauguration ceremony ..\" data-src=\"https:\/\/jam-news.net\/app\/uploads\/2018\/12\/RTX6ISD0.jpg\" \/>\n\n\t\t\t\t\t<div class=\"ms-info\"><p><em>\u00a0REUTERS\/ \u0130rakli Qedenidze<\/em><\/p><p>\u00a0<\/p><p>\u00a0<\/p><\/div>\n\n\n\t\t\t\t<\/div>\n\t\t\t<div  class=\"ms-slide\" data-delay=\"3\" data-fill-mode=\"fill\"   >\n\t\t\t\t\t<img decoding=\"async\" src=\"https:\/\/jam-news.net\/app\/plugins\/masterslider\/public\/assets\/css\/blank.gif\" alt=\"\" title=\"\" data-src=\"https:\/\/jam-news.net\/app\/uploads\/2018\/12\/RTX6ISEU.jpg\" \/>\n\n\t\t\t\t\t<div class=\"ms-info\"><span style=\"color: #808080;\"><em>Salome Zurabi\u015fvili v\u0259 G\u00fcrc\u00fcstan\u0131n patriarx\u0131 \u0130kinci \u0130liya. REUTERS\/\u0130rakli Qedenidze<\/em><\/span><\/div>\n\n\n\t\t\t\t<\/div>\n\t\t\t<div  class=\"ms-slide\" data-delay=\"3\" data-fill-mode=\"fill\"   >\n\t\t\t\t\t<img decoding=\"async\" src=\"https:\/\/jam-news.net\/app\/plugins\/masterslider\/public\/assets\/css\/blank.gif\" alt=\"\" title=\"\" data-src=\"https:\/\/jam-news.net\/app\/uploads\/2018\/12\/RTX6ISER.jpg\" \/>\n\n\t\t\t\t\t<div class=\"ms-info\"><span style=\"color: #808080;\"><em>Qonaqlar aras\u0131nda Fransan\u0131n ke\u00e7mi\u015f prezidenti Nikolya Sarkozi d\u0259 olub. REUTERS\/\u0130rakli Qedenidze<\/em><\/span><\/div>\n\n\n\t\t\t\t<\/div>\n\t\t\t<div  class=\"ms-slide\" data-delay=\"3\" data-fill-mode=\"fill\"   >\n\t\t\t\t\t<img decoding=\"async\" src=\"https:\/\/jam-news.net\/app\/plugins\/masterslider\/public\/assets\/css\/blank.gif\" alt=\"\" title=\"Screen Shot 2018-12-16 at 15.23.51\" data-src=\"https:\/\/jam-news.net\/app\/uploads\/2018\/12\/RTX6ISEJ.jpg\" \/>\n\t<video data-autopause=\"false\" data-mute=\"true\" data-loop=\"true\" data-fill-mode=\"fill\" >\n\t\t<source src=\"https:\/\/www.youtube.com\/watch?v=Pu16jnY47gE\" type=\"video\/mp4\"\/>\n\t<\/video>\n\t<a href=\"https:\/\/www.youtube.com\/watch?v=Pu16jnY47gE\" target=\"_blank\"    id=\"Pu16jnY47gE\">Screen Shot 2018-12-16 at 15.23.51<\/a>\n\n\t\t\t\t\t<div class=\"ms-info\"><p><span style=\"color: #808080;\"><em>G\u00fcrc\u00fcstan\u0131n d\u00f6rd\u00fcnc\u00fc v\u0259 art\u0131q ke\u00e7mi\u015f prezidenti Giorgi Marqvela\u015fvili. REUTERS\/\u0130rakli Qedenidze<\/em><\/span><\/p><p>\u00a0<\/p><\/div>\n\n\n\t\t\t\t<\/div>\n\n\t\t\t<\/div>\n\t\t\t<!-- END MasterSlider Main -->\n\n\t\t\t \n\t\t<\/div>\n\t\t<!-- END MasterSlider -->\n\n\t\t<script>\n\t\t( window.MSReady = window.MSReady || [] ).push( function( $ ) {\n\n\t\t\t\"use strict\";\n\t\t\tvar masterslider_410f = new MasterSlider();\n\n\t\t\t\/\/ slider controls\n\t\t\tmasterslider_410f.control('arrows'     ,{ autohide:false, overVideo:true  });\n\t\t\tmasterslider_410f.control('slideinfo'  ,{ autohide:false, overVideo:true, dir:'h', align:'bottom',inset:false , margin:10   });\n\t\t\t\/\/ slider setup\n\t\t\tmasterslider_410f.setup(\"MS69ee0e408410f\", {\n\t\t\t\twidth           : 800,\n\t\t\t\theight          : 480,\n\t\t\t\tminHeight       : 0,\n\t\t\t\tspace           : 0,\n\t\t\t\tstart           : 1,\n\t\t\t\tgrabCursor      : true,\n\t\t\t\tswipe           : true,\n\t\t\t\tmouse           : true,\n\t\t\t\tkeyboard        : false,\n\t\t\t\tlayout          : \"boxed\",\n\t\t\t\twheel           : false,\n\t\t\t\tautoplay        : false,\n                instantStartLayers:false,\n\t\t\t\tmobileBGVideo:false,\n\t\t\t\tloop            : false,\n\t\t\t\tshuffle         : false,\n\t\t\t\tpreload         : 0,\n\t\t\t\theightLimit     : true,\n\t\t\t\tautoHeight      : false,\n\t\t\t\tsmoothHeight    : true,\n\t\t\t\tendPause        : false,\n\t\t\t\toverPause       : true,\n\t\t\t\tfillMode        : \"fill\",\n\t\t\t\tcenterControls  : true,\n\t\t\t\tstartOnAppear   : false,\n\t\t\t\tlayersMode      : \"center\",\n\t\t\t\tautofillTarget  : \"\",\n\t\t\t\thideLayers      : false,\n\t\t\t\tfullscreenMargin: 0,\n\t\t\t\tspeed           : 20,\n\t\t\t\tdir             : \"h\",\n\t\t\t\tresponsive      : true,\n\t\t\t\ttabletWidth     : 768,\n\t\t\t\ttabletHeight    : null,\n\t\t\t\tphoneWidth      : 480,\n\t\t\t\tphoneHeight    : null,\n\t\t\t\tsizingReference : window,\n\t\t\t\tparallaxMode    : 'swipe',\n\t\t\t\tview            : \"basic\"\n\t\t\t});\n\n\t\t\t\n\t\t\twindow.masterslider_instances = window.masterslider_instances || [];\n\t\t\twindow.masterslider_instances.push( masterslider_410f );\n\t\t});\n\t\t<\/script>\n\n<\/p>\n<p>Onu s\u0259lahiyy\u0259t m\u00fcdd\u0259ti ba\u015fa \u00e7atan prezident Giorgi Marqvela\u015fvili salamlay\u0131b. Bu, G\u00fcrc\u00fcstan tarixind\u0259 yeni prezidentin inauqurasiyas\u0131nda \u0259vv\u0259lkinin i\u015ftirak etdiyi ilk hal olub.<\/p>\n<div class=\"news-text\">\n<p><div class=\"su-divider su-divider-style-default\" style=\"margin:15px 0;border-width:3px;border-color:#999999\"><a href=\"#\" style=\"color:#999999\">Go to top<\/a><\/div> <\/p>\n<p style=\"text-align: center;\"><strong><em>JAMnews-un \u0259vv\u0259lki d\u00f6rd prezidentin inauqurasiyas\u0131 haqda kollaj\u0131<\/em><\/strong><\/p>\n<p style=\"padding-left: 30px;\">\n\t\t<!-- MasterSlider -->\n\t\t<div id=\"P_MS69ee0e4089684\" class=\"master-slider-parent ms-parent-id-433\" style=\"max-width:800px;\" >\n\n\t\t\t\n\t\t\t<!-- MasterSlider Main -->\n\t\t\t<div id=\"MS69ee0e4089684\" class=\"master-slider ms-skin-light-6\" >\n\t\t\t\t \t\t\t\t \n\n\t\t\t<div  class=\"ms-slide\" data-delay=\"3\" data-fill-mode=\"fill\"   >\n\t\t\t\t\t<img decoding=\"async\" src=\"https:\/\/jam-news.net\/app\/plugins\/masterslider\/public\/assets\/css\/blank.gif\" alt=\"\" title=\"\" data-src=\"https:\/\/jam-news.net\/app\/uploads\/2018\/12\/Screen-Shot-2018-12-04-at-16.27.59.png\" \/>\n\n\t\t\t\t\t<div class=\"ms-info\"><p><i><span style=\"font-weight: 400;\">G\u00fcrc\u00fcstan\u0131n ilk prezidenti 1991-ci ild\u0259 ixtisasca filoloq, anti-sovet dissidenti Zviad Qamsaxurdiya olub. Bir il sonra, 1992-ci ild\u0259 G\u00fcrc\u00fcstanda h\u0259rbi \u00e7evrili\u015f ba\u015f verib, n\u0259tic\u0259d\u0259 Qamsaxurdiya hakimiyy\u0259ti devrilib, \u00f6z\u00fc \u00f6lk\u0259d\u0259n qovulub.<\/span><\/i><\/p><\/div>\n\n\n\t\t\t\t<\/div>\n\t\t\t<div  class=\"ms-slide\" data-delay=\"3\" data-fill-mode=\"fill\"   >\n\t\t\t\t\t<img decoding=\"async\" src=\"https:\/\/jam-news.net\/app\/plugins\/masterslider\/public\/assets\/css\/blank.gif\" alt=\"\" title=\"\" data-src=\"https:\/\/jam-news.net\/app\/uploads\/2018\/12\/sheva-joxta.jpg\" \/>\n\n\t\t\t\t\t<div class=\"ms-info\"><em>\u0130kinci prezident 1995-ci ild\u0259 SSR\u0130-nin tan\u0131nm\u0131\u015f partiya xadimi Eduard \u015eevarnadze olub. O, G\u00fcrc\u00fcstan\u0131 \u00fcmumilikd\u0259 11 il idar\u0259 edib, 2003-c\u00fc il \"q\u0131z\u0131lg\u00fcl inqilab\u0131ndan\" sonra hakimiyy\u0259td\u0259n getm\u0259k m\u0259cburiyy\u0259tind\u0259 qal\u0131b.<\/em><br \/><br \/><em>Foto: G\u00fcrc\u00fcstan\u0131n ikinci prezidenti Eduard \u015eevarnadzenin inauqurasiya m\u0259rasimi, 2000-ci il, REUTERS<\/em><\/div>\n\n\n\t\t\t\t<\/div>\n\t\t\t<div  class=\"ms-slide\" data-delay=\"3\" data-fill-mode=\"fill\"   >\n\t\t\t\t\t<img decoding=\"async\" src=\"https:\/\/jam-news.net\/app\/plugins\/masterslider\/public\/assets\/css\/blank.gif\" alt=\"\" title=\"\" data-src=\"https:\/\/jam-news.net\/app\/uploads\/2018\/12\/saak2008.jpg\" \/>\n\n\t\t\t\t\t<div class=\"ms-info\"><div><div class=\"_1t_p clearfix\"><div class=\"_41ud\"><div class=\"clearfix _o46 _3erg _29_7 direction_ltr text_align_ltr\"><div id=\"js_c7\" class=\"_3058 _ui9 _hh7 _s1- _52mr _3oh-\" data-tooltip-content=\"2:51 PM\" data-hover=\"tooltip\" data-tooltip-position=\"left\" aria-describedby=\"js_2c\"><div class=\"_aok\" tabindex=\"0\" aria-label=\"G\u00fcrc\u00fcstan\u0131n \u00fc\u00e7\u00fcnc\u00fc prezideti 2003-c\u00fc ild\u0259 Mixail Saaka\u015fvili se\u00e7ilib. Saaka\u015fvili 2013-c\u00fc il\u0259 q\u0259d\u0259r prezident k\u00fcrs\u00fcs\u00fcnd\u0259 qal\u0131b. O, se\u00e7ki vasit\u0259sil\u0259 \u0259v\u0259zl\u0259n\u0259n ilk prezident olub. Amma bu yerd\u0259yi\u015fm\u0259ni dostyana adland\u0131rmaq \u00e7\u0259tindir.\"><em><span class=\"_3oh- _58nk\">G\u00fcrc\u00fcstan\u0131n \u00fc\u00e7\u00fcnc\u00fc prezideti 2003-c\u00fc ild\u0259 Mixail Saaka\u015fvili se\u00e7ilib. Saaka\u015fvili 2013-c\u00fc il\u0259 q\u0259d\u0259r prezident k\u00fcrs\u00fcs\u00fcnd\u0259 qal\u0131b. O, se\u00e7ki vasit\u0259sil\u0259 \u0259v\u0259zl\u0259n\u0259n ilk prezident olub. Amma bu yerd\u0259yi\u015fm\u0259ni dostyana adland\u0131rmaq \u00e7\u0259tindir.<\/span><\/em><\/div><div tabindex=\"0\" aria-label=\"G\u00fcrc\u00fcstan\u0131n \u00fc\u00e7\u00fcnc\u00fc prezideti 2003-c\u00fc ild\u0259 Mixail Saaka\u015fvili se\u00e7ilib. Saaka\u015fvili 2013-c\u00fc il\u0259 q\u0259d\u0259r prezident k\u00fcrs\u00fcs\u00fcnd\u0259 qal\u0131b. O, se\u00e7ki vasit\u0259sil\u0259 \u0259v\u0259zl\u0259n\u0259n ilk prezident olub. Amma bu yerd\u0259yi\u015fm\u0259ni dostyana adland\u0131rmaq \u00e7\u0259tindir.\">\u00a0<\/div><\/div><\/div><\/div><\/div><\/div><div><div class=\"_1t_p clearfix\"><div class=\"_41ud\"><div class=\"clearfix _o46 _3erg _29_7 direction_ltr text_align_ltr\"><div id=\"js_cy\" class=\"_3058 _ui9 _hh7 _s1- _52mr _3oh-\" data-tooltip-content=\"2:56 PM\" data-hover=\"tooltip\" data-tooltip-position=\"left\"><div class=\"_aok\" tabindex=\"0\" aria-label=\"Saaka\u015fvili 2013-c\u00fc ild\u0259, s\u0259lahiyy\u0259t m\u00fcdd\u0259ti ba\u015fa \u00e7atan g\u00fcn, d\u00f6rd\u00fcnc\u00fc prezident Georgi Marqvela\u015fvilinin inauqurasiyas\u0131nda i\u015ftirak etm\u0259d\u0259n \u00f6lk\u0259ni t\u0259rk edib. Bu g\u00fcn Saaka\u015fviliy\u0259 qar\u015f\u0131 cinay\u0259t i\u015fi qald\u0131r\u0131l\u0131b v\u0259 G\u00fcrc\u00fcstana qay\u0131td\u0131\u011f\u0131 t\u0259qdird\u0259 onu h\u0259bs g\u00f6zl\u0259yir.\"><em><span class=\"_3oh- _58nk\">Saaka\u015fvili 2013-c\u00fc ild\u0259, s\u0259lahiyy\u0259t m\u00fcdd\u0259ti ba\u015fa \u00e7atan g\u00fcn, d\u00f6rd\u00fcnc\u00fc prezident Georgi Marqvela\u015fvilinin inauqurasiyas\u0131nda i\u015ftirak etm\u0259d\u0259n \u00f6lk\u0259ni t\u0259rk edib. Bu g\u00fcn Saaka\u015fviliy\u0259 qar\u015f\u0131 cinay\u0259t i\u015fi qald\u0131r\u0131l\u0131b v\u0259 G\u00fcrc\u00fcstana qay\u0131td\u0131\u011f\u0131 t\u0259qdird\u0259 onu h\u0259bs g\u00f6zl\u0259yir.<br \/><br \/>Foto: G\u00fcrc\u00fcstan\u0131n \u00fc\u00e7\u00fcnc\u00fc prezidenti Mixail Saaka\u015fvilinin ikinci m\u00fcdd\u0259t\u0259 se\u00e7il\u0259nd\u0259 sonra inauqurasiyas\u0131. 2008-ci il. REUTERS\/David Mdzinari\u015fvili<br \/><\/span><\/em><\/div><\/div><\/div><\/div><\/div><\/div><\/div>\n\n\n\t\t\t\t<\/div>\n\t\t\t<div  class=\"ms-slide\" data-delay=\"3\" data-fill-mode=\"fill\"   >\n\t\t\t\t\t<img decoding=\"async\" src=\"https:\/\/jam-news.net\/app\/plugins\/masterslider\/public\/assets\/css\/blank.gif\" alt=\"\" title=\"jeff-sessions-feature-hero\" data-src=\"https:\/\/jam-news.net\/app\/uploads\/2018\/12\/RTX15GV3.jpg\" \/>\n\n\t\t\t\t\t<div class=\"ms-info\"><div class=\"clearfix _o46 _3erg _29_7 direction_ltr text_align_ltr\"><div id=\"js_1y\" class=\"_3058 _ui9 _hh7 _s1- _52mr _3oh-\" data-tooltip-content=\"3:03 PM\" data-hover=\"tooltip\" data-tooltip-position=\"left\"><div class=\"_aok\" tabindex=\"0\" aria-label=\"Giorgi Marqvela\u015fvili G\u00fcrc\u00fcstanda k\u00f6n\u00fcll\u00fc olaraq ikinci m\u00fcdd\u0259t\u0259 namiz\u0259dliyini ir\u0259li s\u00fcrm\u0259y\u0259n ilk prezidentidir.\"><em><span class=\"_3oh- _58nk\">Giorgi Marqvela\u015fvili G\u00fcrc\u00fcstanda k\u00f6n\u00fcll\u00fc olaraq ikinci m\u00fcdd\u0259t\u0259 namiz\u0259dliyini ir\u0259li s\u00fcrm\u0259y\u0259n ilk prezidentidir.<\/span><\/em><\/div><\/div><\/div><div class=\"clearfix _o46 _3erg _29_7 direction_ltr text_align_ltr\"><em>\u00a0<\/em><div><div class=\"_1t_p clearfix\"><div class=\"_41ud\"><div class=\"clearfix _o46 _3erg _29_7 direction_ltr text_align_ltr\"><div id=\"js_a1\" class=\"_3058 _ui9 _hh7 _s1- _52mr _3oh-\" data-tooltip-content=\"3:09 PM\" data-hover=\"tooltip\" data-tooltip-position=\"left\" aria-describedby=\"js_1x\"><div class=\"_aok\" tabindex=\"0\" aria-label=\"Marqvela\u015fvili kasad siyasi t\u0259cr\u00fcb\u0259y\u0259 malik filosofdur. Bidzina \u0130vani\u015fvilinin \u015f\u0259xsi q\u0259rar\u0131 il\u0259 prezidentliy\u0259 namiz\u0259dliyi ir\u0259li s\u00fcr\u00fcl\u00fcb. Amma prezident se\u00e7il\u0259nd\u0259n sonra, 2018-ci ild\u0259 m\u0259lum olub ki, &quot;G\u00fcrc\u00fc arzusu&quot; partiyas\u0131n\u0131n dig\u0259r \u00fczvl\u0259rind\u0259n f\u0259rqli olaraq \u0130vani\u015fvilinin t\u0259kba\u015f\u0131na q\u0259rarlar q\u0259bul etm\u0259sin\u0259 m\u00fcnasib\u0259td\u0259 o q\u0259d\u0259r d\u0259 loyal deyil. \u0130nauqurasiyadan d\u0259rhal sonra onun \u0130vani\u015fvili il\u0259 m\u00fcnasib\u0259tl\u0259ri korlan\u0131b. \u0130vani\u015fvili d\u0259f\u0259l\u0259rl\u0259 a\u00e7\u0131q bildirib ki, Marqvela\u015fvili onun \u0259n b\u00f6y\u00fck yanl\u0131\u015f\u0131d\u0131r.\"><em><span class=\"_3oh- _58nk\">Marqvela\u015fvili kasad siyasi t\u0259cr\u00fcb\u0259y\u0259 malik filosofdur. Bidzina \u0130vani\u015fvilinin \u015f\u0259xsi q\u0259rar\u0131 il\u0259 prezidentliy\u0259 namiz\u0259dliyi ir\u0259li s\u00fcr\u00fcl\u00fcb. Amma prezident se\u00e7il\u0259nd\u0259n sonra, 2018-ci ild\u0259 m\u0259lum olub ki, \"G\u00fcrc\u00fc arzusu\" partiyas\u0131n\u0131n dig\u0259r \u00fczvl\u0259rind\u0259n f\u0259rqli olaraq \u0130vani\u015fvilinin t\u0259kba\u015f\u0131na q\u0259rarlar q\u0259bul etm\u0259sin\u0259 m\u00fcnasib\u0259td\u0259 o q\u0259d\u0259r d\u0259 loyal deyil. \u0130nauqurasiyadan d\u0259rhal sonra onun \u0130vani\u015fvili il\u0259 m\u00fcnasib\u0259tl\u0259ri korlan\u0131b. \u0130vani\u015fvili d\u0259f\u0259l\u0259rl\u0259 a\u00e7\u0131q bildirib ki, Marqvela\u015fvili onun \u0259n b\u00f6y\u00fck yanl\u0131\u015f\u0131d\u0131r.<\/span><\/em><\/div><\/div><\/div><\/div><\/div><\/div><div><div class=\"_1t_p clearfix\"><div class=\"_1t_q\"><div class=\"_4ldz _1t_r\" data-tooltip-content=\"Samira Ahmedbeyli\" data-hover=\"tooltip\" data-tooltip-position=\"left\"><div class=\"_4ld-\"><em>\u00a0<\/em><\/div><\/div><\/div><div class=\"_41ud\"><div class=\"clearfix _o46 _3erg _29_7 direction_ltr text_align_ltr\"><div id=\"js_9p\" class=\"_3058 _ui9 _hh7 _s1- _52mr _3oh-\" data-tooltip-content=\"3:11 PM\" data-hover=\"tooltip\" data-tooltip-position=\"left\"><div class=\"_aok\" tabindex=\"0\" aria-label=\"Foto: G\u00fcrc\u00fcstan\u0131n d\u00f6rd\u00fcnc\u00fc prezidenti Giorgi Marqvela\u015fvilinin inauqurasiyas\u0131. 17 noyabr, 2013. REUTERS\/David Mdzinari\u015fvili\"><em><span class=\"_3oh- _58nk\">Foto: G\u00fcrc\u00fcstan\u0131n d\u00f6rd\u00fcnc\u00fc prezidenti Giorgi Marqvela\u015fvilinin inauqurasiyas\u0131. 17 noyabr, 2013. REUTERS\/David Mdzinari\u015fvili<\/span><\/em><\/div><\/div><\/div><\/div><\/div><\/div><\/div><\/div>\n\n\n\t\t\t\t<\/div>\n\n\t\t\t<\/div>\n\t\t\t<!-- END MasterSlider Main -->\n\n\t\t\t \n\t\t<\/div>\n\t\t<!-- END MasterSlider -->\n\n\t\t<script>\n\t\t( window.MSReady = window.MSReady || [] ).push( function( $ ) {\n\n\t\t\t\"use strict\";\n\t\t\tvar masterslider_9684 = new MasterSlider();\n\n\t\t\t\/\/ slider controls\n\t\t\tmasterslider_9684.control('arrows'     ,{ autohide:false, overVideo:true  });\n\t\t\tmasterslider_9684.control('slideinfo'  ,{ autohide:false, overVideo:true, dir:'h', align:'bottom',inset:false , margin:10   });\n\t\t\t\/\/ slider setup\n\t\t\tmasterslider_9684.setup(\"MS69ee0e4089684\", {\n\t\t\t\twidth           : 800,\n\t\t\t\theight          : 480,\n\t\t\t\tminHeight       : 0,\n\t\t\t\tspace           : 0,\n\t\t\t\tstart           : 1,\n\t\t\t\tgrabCursor      : true,\n\t\t\t\tswipe           : true,\n\t\t\t\tmouse           : true,\n\t\t\t\tkeyboard        : false,\n\t\t\t\tlayout          : \"boxed\",\n\t\t\t\twheel           : false,\n\t\t\t\tautoplay        : false,\n                instantStartLayers:false,\n\t\t\t\tmobileBGVideo:false,\n\t\t\t\tloop            : false,\n\t\t\t\tshuffle         : false,\n\t\t\t\tpreload         : 0,\n\t\t\t\theightLimit     : true,\n\t\t\t\tautoHeight      : false,\n\t\t\t\tsmoothHeight    : true,\n\t\t\t\tendPause        : false,\n\t\t\t\toverPause       : true,\n\t\t\t\tfillMode        : \"fill\",\n\t\t\t\tcenterControls  : true,\n\t\t\t\tstartOnAppear   : false,\n\t\t\t\tlayersMode      : \"center\",\n\t\t\t\tautofillTarget  : \"\",\n\t\t\t\thideLayers      : false,\n\t\t\t\tfullscreenMargin: 0,\n\t\t\t\tspeed           : 20,\n\t\t\t\tdir             : \"h\",\n\t\t\t\tresponsive      : true,\n\t\t\t\ttabletWidth     : 768,\n\t\t\t\ttabletHeight    : null,\n\t\t\t\tphoneWidth      : 480,\n\t\t\t\tphoneHeight    : null,\n\t\t\t\tsizingReference : window,\n\t\t\t\tparallaxMode    : 'swipe',\n\t\t\t\tview            : \"basic\"\n\t\t\t});\n\n\t\t\t\n\t\t\twindow.masterslider_instances = window.masterslider_instances || [];\n\t\t\twindow.masterslider_instances.push( masterslider_9684 );\n\t\t});\n\t\t<\/script>\n\n<br \/>\n<div class=\"su-divider su-divider-style-default\" style=\"margin:15px 0;border-width:3px;border-color:#999999\"><a href=\"#\" style=\"color:#999999\">Go to top<\/a><\/div> <\/p>\n<\/div>\n<div class=\"news-text\" style=\"padding-left: 30px;\">\n<p><div class=\"su-divider su-divider-style-default\" style=\"margin:15px 0;border-width:3px;border-color:#999999\"><a href=\"#\" style=\"color:#999999\">Go to top<\/a><\/div> <\/p>\n<\/div>\n<p>Salome Zurabi\u015fvili el\u0259 h\u0259min g\u00fcn q\u00fcvv\u0259y\u0259 min\u0259n yeni Konstitusiya \u00fcz\u0259rind\u0259 s\u0259daq\u0259t and\u0131 i\u00e7ib. G\u00fcrc\u00fcstan\u0131n d\u00f6vl\u0259t himni fonunda bir ne\u00e7\u0259 artilleriya at\u0259\u015fi a\u00e7\u0131l\u0131b.<\/p>\n<p><strong>Zurabi\u015fvilinin inauqurasiya \u00e7\u0131x\u0131\u015f\u0131 15 d\u0259qiq\u0259 s\u00fcr\u00fcb. O, prezidentliyinin prioritetl\u0259rini sadalay\u0131b: G\u00fcrc\u00fcstan\u0131n Avropa ail\u0259sin\u0259 qay\u0131tmas\u0131. Zurabi\u015fvili vur\u011fulay\u0131b ki, Rusiya i\u015f\u011fal\u00e7\u0131d\u0131r. O, abxazlarla osetinl\u0259ri d\u0259 unutmay\u0131b. Yeni prezident q\u00fctbl\u0259\u015fmi\u015f g\u00fcrc\u00fc c\u0259miyy\u0259tini birl\u0259\u015fdirm\u0259k \u00fc\u00e7\u00fcn \u0259lind\u0259n g\u0259l\u0259ni ed\u0259c\u0259yin\u0259 d\u0259 s\u00f6z verib.<\/strong><\/p>\n<h3 style=\"text-align: center;\"><span style=\"color: #000080;\"><strong>\u201cM\u0259n m\u00fchacir n\u0259slind\u0259n\u0259m\u201d<\/strong><\/span><\/h3>\n<p>Salome Zurabi\u015fvili inauqurasiya \u00e7\u0131x\u0131\u015f\u0131n\u0131 bu qeydi il\u0259 ba\u015flay\u0131b:<\/p>\n<p style=\"padding-left: 30px;\"><em>\u201c\u018flam\u0259tdard\u0131r ki, m\u0259hz indi, m\u00fcst\u0259qilliyimizin 100 illiyini qeyd ed\u0259rk\u0259n, m\u00fchacir\u0259td\u0259 do\u011fulan m\u0259n G\u00fcrc\u00fcstan\u0131n prezidenti oldum. Dair\u0259 qapand\u0131. Sovet Rusiyas\u0131na m\u0259xsus on birinci ordu t\u0259r\u0259find\u0259n G\u00fcrc\u00fcstan i\u015f\u011fal olundu\u011fu \u00fc\u00e7\u00fcn v\u0259t\u0259ni t\u0259rk ed\u0259n m\u00fchacirl\u0259rin x\u0259l\u0259fi bu g\u00fcn ali ba\u015f komandan v\u0259 \u00f6lk\u0259 m\u00fcst\u0259qilliyinin Konstitusiya il\u0259 s\u0259lahiyy\u0259tl\u0259nmi\u015f m\u00fcdafi\u0259\u00e7isi qismind\u0259 geri qay\u0131d\u0131b\u201d.<\/em><\/p>\n<h3 style=\"text-align: center;\"><span style=\"color: #000080;\"><strong>Siyasi qar\u015f\u0131durma haqda<\/strong><\/span><\/h3>\n<p>Zurabi\u015fvilinin s\u00f6zl\u0259rin\u0259 g\u00f6r\u0259, \u201cG\u00fcrc\u00fcstan siyasi qar\u015f\u0131durmada ill\u0259rini itirib\u201d.<\/p>\n<p>O v\u0259d edir ki, onun \u0259sas h\u0259d\u0259fl\u0259rind\u0259n biri bu qar\u015f\u0131durmaya son qoymaq olacaq.<\/p>\n<p style=\"padding-left: 30px;\"><em>\u201c\u0130lk n\u00f6vb\u0259d\u0259 m\u0259n \u00f6z\u00fcm h\u0259mv\u0259t\u0259nl\u0259r\u0259 n\u00fcmun\u0259 g\u00f6st\u0259r\u0259c\u0259m v\u0259 \u00e7al\u0131\u015facam ki, G\u00fcrc\u00fcstan\u0131n inki\u015faf\u0131 v\u0259 birl\u0259\u015fm\u0259si namin\u0259 milli h\u0259mr\u0259yliyin h\u0259yati \u0259h\u0259miyy\u0259t k\u0259s etdiyin\u0259 inand\u0131ra bilim\u201d, &#8211; Zurabi\u015fvili bildirib.<\/em><\/p>\n<p>Onun s\u00f6zl\u0259rin\u0259 g\u00f6r\u0259, inauqurasiyan\u0131 se\u00e7kil\u0259rd\u0259 uduzdu\u011fu Telavid\u0259 ke\u00e7irm\u0259k q\u0259rar\u0131na m\u0259xsusi g\u0259lib.<\/p>\n<p style=\"padding-left: 30px;\"><em>\u201cM\u0259n\u0259 s\u0259s verm\u0259y\u0259nl\u0259r\u0259 d\u0259 h\u00f6rm\u0259tl\u0259 yana\u015f\u0131ram\u201d, &#8211; Zurabi\u015fvili vur\u011fulay\u0131b.<\/em><\/p>\n<p style=\"padding-left: 30px;\">O, h\u0259m\u00e7inin \u201cG\u00fcrc\u00fc arzusu\u201dna ona d\u0259st\u0259k verdiyi \u00fc\u00e7\u00fcn minn\u0259tdarl\u0131\u011f\u0131n\u0131 bildirib:<\/p>\n<p style=\"padding-left: 30px;\"><em>\u201cM\u0259ni \u2013 prezidentliy\u0131 m\u00fcst\u0259qil namiz\u0259di d\u0259st\u0259kl\u0259y\u0259n \u201cG\u00fcrc\u00fc arzusu\u201dna minn\u0259tdaram. Demokratik add\u0131m at\u0131l\u0131b\u201d.<\/em><\/p>\n<h3 style=\"text-align: center;\"><span style=\"color: #000080;\"><strong>\u018fsas h\u0259d\u0259f &#8211; Avropa<\/strong><\/span><\/h3>\n<p>Zurabi\u015fvilinin s\u00f6zl\u0259rin\u0259 g\u00f6r\u0259, prezidentliyinin \u0259sas h\u0259d\u0259fi G\u00fcrc\u00fcstan\u0131n Avropa istiqam\u0259tli g\u0259l\u0259c\u0259yini t\u0259min etm\u0259kdir.<\/p>\n<p style=\"padding-left: 30px;\"><em>\u201cYeni Konstitusiyada g\u00fcrc\u00fc xalq\u0131n\u0131n irad\u0259si \u2013 G\u00fcrc\u00fcstan\u0131n Avropa \u0130ttifaq\u0131na v\u0259 NATO-ya can atmas\u0131 \u0259ks olunub. M\u0259n AB\u015e v\u0259 Avropadak\u0131 dostlar\u0131m\u0131z\u0131n k\u00f6m\u0259yi il\u0259 bu prosesin t\u0259minat\u0131 \u00fc\u00e7\u00fcn m\u00fcmk\u00fcn olan h\u0259r \u015feyi ed\u0259c\u0259y\u0259m. Bunun \u00fc\u00e7\u00fcn \u00f6z t\u0259cr\u00fcb\u0259md\u0259n, beyn\u0259lxalq t\u0259\u015fkilatlardak\u0131 v\u0259 Avropa \u0130ttifaq\u0131ndadk\u0131 b\u00fct\u00fcn \u0259laq\u0259l\u0259rimd\u0259n yararlanaca\u011fam\u201d, &#8211; G\u00fcrc\u00fcstan\u0131n yeni prezidenti bildirib.<\/em><\/p>\n<h3 style=\"text-align: center;\"><span style=\"color: #000080;\"><strong>\u018fvv\u0259lki prezidentl\u0259r haqda<\/strong><\/span><\/h3>\n<p>\u00d6z \u00e7\u0131x\u0131\u015f\u0131nda Zurabi\u015fvili ondan \u0259vv\u0259l prezident k\u00fcrs\u00fcs\u00fcn\u00fc tutanlar\u0131 xat\u0131rlay\u0131b v\u0259 bildirib ki, onlardan h\u0259r biri G\u00fcrc\u00fcstanda demokratiya quruculu\u011funa \u201c\u00f6z k\u0259rpicini\u201d qoyub.<\/p>\n<p style=\"padding-left: 30px;\"><em>\u201cZviad Qamsaxurdiya referendum t\u0259yin ed\u0259r\u0259k v\u0259 G\u00fcrc\u00fcstan\u0131n m\u00fcst\u0259qilliyinin b\u0259rpas\u0131 haqda akt q\u0259bul ed\u0259r\u0259k b\u00f6y\u00fck rol oynay\u0131b. Eduard \u015eevarnadze Avropara v\u0259 Avroatlantik m\u0259kana do\u011fru ilk add\u0131mlar\u0131 at\u0131b. Mixail Saaka\u015fvili hakimiyy\u0259tinin \u0259vv\u0259lind\u0259 bir s\u0131ra m\u00fch\u00fcm islahat h\u0259yata ke\u00e7irib. Giorgi Marqvela\u015fvilinin prezidentliyi d\u00f6vr\u00fcnd\u0259 demokratik prosesl\u0259rin g\u00fccl\u0259nm\u0259si v\u0259 stabilliyin m\u00f6hk\u0259ml\u0259nm\u0259si istiqam\u0259tind\u0259 vacib add\u0131mlar at\u0131l\u0131b\u201d, &#8211; Zurabi\u015fvili bildirib.<\/em><\/p>\n<h3 style=\"text-align: center;\"><span style=\"color: #000080;\"><strong>\u201cM\u0259n qanunun aliliyinin zamini olaca\u011fam\u201d<\/strong><\/span><\/h3>\n<p>Salome Zurabi\u015fvili s\u00f6z verib ki, insan haqlar\u0131n\u0131n v\u0259 b\u00fct\u00fcn v\u0259t\u0259nda\u015flar\u0131n azadl\u0131qlar\u0131n\u0131n, qanunun aliliyinin zamini olacaq<\/p>\n<p>eyni zamanda v\u0259t\u0259nda\u015f c\u0259miyy\u0259tinin m\u00f6hk\u0259ml\u0259ndirilm\u0259si v\u0259 siyasi m\u0259d\u0259niyy\u0259tin y\u00fcks\u0259ldilm\u0259si \u00fc\u00e7\u00fcn \u0259lind\u0259n g\u0259l\u0259ni ed\u0259c\u0259k.<\/p>\n<p style=\"padding-left: 30px;\"><em>\u201cBilir\u0259m ki, m\u00fcxt\u0259lif partiyalar\u0131n m\u00fcxt\u0259lif m\u00f6vqel\u0259ri var, el\u0259 m\u0259nim prezidentliyimin q\u0259bul olunmas\u0131 m\u0259s\u0259l\u0259sind\u0259 d\u0259. Bu g\u00fcnd\u0259n etibar\u0259n is\u0259 m\u0259n Konstitusiya il\u0259 m\u00fc\u0259yy\u0259n olunmu\u015f \u00e7\u0259r\u00e7iv\u0259d\u0259 G\u00fcrc\u00fcstan\u0131n b\u00fct\u00fcn v\u0259t\u0259nda\u015flar\u0131 \u00fc\u00e7\u00fcn prezident olmaq m\u0259suliyy\u0259tini \u00f6z \u00fcz\u0259rim\u0259 g\u00f6t\u00fcr\u00fcr\u0259m. Bu, demokratiyan\u0131n \u0259sas prinsipidir\u201d, &#8211; Zurabi\u015fvili b\u0259yan edib.<\/em><\/p>\n<h3 style=\"text-align: center;\"><span style=\"color: #000080;\"><strong>Rusiya i\u015f\u011fal\u00e7\u0131d\u0131r<\/strong><\/span><\/h3>\n<p>G\u00fcrc\u00fcstan b\u00f6y\u00fck probleml\u0259r qar\u015f\u0131s\u0131ndad\u0131r \u2013 Abxaziya v\u0259 C\u0259nubi Osetiya Rusiya t\u0259r\u0259find\u0259n i\u015f\u011fal edilib, inauqurasiya \u00e7\u0131x\u0131\u015f\u0131nda Salome Zurabi\u015fvili bildirib:<\/p>\n<p style=\"padding-left: 30px;\"><em>\u201c\u0130\u015f\u011fal\u00e7\u0131 x\u0259tt m\u00f6vcuddur ki, bu da G\u00fcrc\u00fcstan \u0259razil\u0259rinin d\u0259rinlikl\u0259rin\u0259 uzan\u0131r, orada v\u0259t\u0259nda\u015flar\u0131m\u0131z\u0131 o\u011furlay\u0131rlar. Bu. Suveren d\u00f6vl\u0259t \u00fc\u00e7\u00fcn yolverilm\u0259zdir. Biz bununla bar\u0131\u015fmayaca\u011f\u0131q!\u201d<\/em><\/p>\n<h3 style=\"text-align: center;\"><span style=\"color: #000080;\"><strong>Abxazlara v\u0259 osetinl\u0259r\u0259 m\u00fcraci\u0259t<\/strong><\/span><\/h3>\n<p>B\u00fct\u00fcn G\u00fcrc\u00fcstan\u0131 salamlay\u0131ram, abxaz v\u0259 osetin qarda\u015flar\u0131m\u0131z\u0131 da! \u2013 Zurabi\u015fvili inauqurasiya \u00e7\u0131x\u0131\u015f\u0131n\u0131n \u0259vv\u0259lind\u0259 bildirib. Onun s\u00f6zl\u0259rin\u0259 g\u00f6r\u0259, G\u00fcrc\u00fcstan\u0131n birl\u0259\u015fm\u0259sin\u0259 inan\u0131r:<\/p>\n<p style=\"padding-left: 30px;\"><em>\u201cBiz unutmamal\u0131y\u0131q ki, i\u015f\u011fal olunmu\u015f \u0259razil\u0259rd\u0259 insanlar ya\u015fay\u0131r, bizim v\u0259t\u0259nda\u015flar\u0131m\u0131z, onlarla bar\u0131\u015f\u0131q \u0259ld\u0259 etm\u0259k laz\u0131md\u0131r. Bizi abxazlar v\u0259 osetinl\u0259rl\u0259 art\u0131q ke\u00e7ilmi\u015f yol birl\u0259\u015fdirir, biz qohumuq, \u00e7ox sayda qar\u0131\u015f\u0131q ail\u0259 var! Biz yeni n\u0259sill\u0259r\u0259 yeni yana\u015fma \u00fcsulu tapmal\u0131, onlara Avropaya yol g\u00f6st\u0259rm\u0259liyik. Bu g\u00fcn he\u00e7 vaxt olmam\u0131\u015f kimi abxaz dili v\u0259 kimliyinin m\u00fcdafi\u0259si t\u0259min olunmal\u0131d\u0131r!\u201d<\/em><\/p>\n<h3 style=\"text-align: center;\"><span style=\"color: #000080;\"><strong>\u018fcn\u0259bi qonaqlar<\/strong><\/span><\/h3>\n<p>\u0130nauqurasiyaya g\u0259l\u0259n \u0259cn\u0259bi n\u00fcmay\u0259nd\u0259 hey\u0259tl\u0259ri x\u00fcsusi t\u0259nqid obyektin\u0259 \u00e7evrilibl\u0259r.<\/p>\n<p>\u0130nauqurasiyaya yaln\u0131z bir haz\u0131rk\u0131 prezident \u2013 Erm\u0259nistan prezidenti Armen Sarkisyyan v\u0259 bir ke\u00e7mi\u015f prezident \u2013 Fransada<\/p>\n<p>hakimiyy\u0259td\u0259 olmu\u015f Nikolya Sarkozi qat\u0131l\u0131b. Qalan n\u00fcmay\u0259nd\u0259 hey\u0259tl\u0259ri daha a\u015fa\u011f\u0131 r\u00fctb\u0259li v\u0259zif\u0259lil\u0259rl\u0259 t\u0259msil olunublar. M\u0259s\u0259l\u0259n, AB\u015e-dan USAID-\u0131n n\u00fcmay\u0259nd\u0259si g\u0259lib.<\/p>\n<p>Y\u00fcks\u0259k ranql\u0131 qonaqlar region \u00f6lk\u0259l\u0259rind\u0259n d\u0259 g\u0259lm\u0259yib: T\u00fcrkiy\u0259 R\u00fcspublikas\u0131n\u0131 vitse-prezident, Az\u0259rbaycan\u0131 parlament spikeri, Ukrayna v\u0259 Q\u0131r\u011f\u0131z\u0131stan\u0131 X\u0130N r\u0259hb\u0259rl\u0259rinin m\u00fcavinl\u0259ri, Moldovan\u0131 ba\u015f nazirin m\u00fcavini, T\u00fcrkm\u0259nistan\u0131 ticar\u0259t naziri t\u0259msil edib.<\/p>\n<p>Baltika v\u0259 \u015e\u0259rqi Avropa \u00f6lk\u0259l\u0259rind\u0259n Serbiya Milli Assambleyas\u0131n\u0131n spikeri, \u00c7exiya Respublikas\u0131 Senat\u0131n\u0131n prezidenti, Litva seyminin spikeri, Pol\u015fa prezedent d\u0259ft\u0259rxanas\u0131n\u0131n r\u0259hb\u0259ri, \u0130srail Knessetinin vitse-spikeri, GUAM ba\u015f katibi, Vatikan\u0131n f\u00f6vq\u0259lad\u0259 emissar\u0131 g\u0259lib.<\/p>\n<p>Qonaqlar aras\u0131nda Biirl\u0259\u015fmi\u015f \u018fr\u0259b \u018fmirlikl\u0259rinin \u0259traf m\u00fchitin m\u00fchafiz\u0259si v\u0259 iqlim d\u0259yi\u015fikliyi probleml\u0259ri naziri d\u0259 olub.<\/p>\n<div class=\"news-text\" style=\"padding-left: 30px;\">\n<p><\/p>\n<\/div>\n","protected":false},"excerpt":{"rendered":"<p>Bayram \u015f\u0259nlikl\u0259ri il\u0259 paralel olaraq, b\u00fct\u00fcn g\u00fcn \u0259rzind\u0259 m\u00fcxalif\u0259t v\u0259 h\u00fcquq-m\u00fchafiz\u0259 orqanlar\u0131 aras\u0131nda qar\u015f\u0131durma davam edib<\/p>\n","protected":false},"author":6,"featured_media":21791,"comment_status":"open","ping_status":"open","sticky":false,"template":"","format":"standard","meta":{"_acf_changed":false,"footnotes":""},"categories":[2,3,50,5],"tags":[101,152,378],"formation":[],"post-author":[2888],"topic":[426],"tooltip":[],"city":[6049],"class_list":["post-9826","post","type-post","status-publish","format-standard","has-post-thumbnail","hentry","category-cografiya","category-gurcustan","category-xbrlr","category-siyast","tag-qafqaz","tag-qafqaz-xbrlri","tag-salome-zurabisvili","post-author-jamnews","topic-president-of-georgia-salome-zourabichvili","city-tbilisi"],"acf":[],"yoast_head":"<!-- This site is optimized with the Yoast SEO plugin v24.1 - https:\/\/yoast.com\/wordpress\/plugins\/seo\/ -->\n<title>\u0130nauqurasiya ba\u015f tutdu. G\u00fcrc\u00fcstan\u0131n be\u015finci prezidenti and i\u00e7di - JAMnews<\/title>\n<meta name=\"robots\" content=\"index, follow, max-snippet:-1, max-image-preview:large, max-video-preview:-1\" \/>\n<link rel=\"canonical\" href=\"https:\/\/jam-news.net\/az\/inauqurasiya-bas-tutdu-gurcustanin-besinci-prezidenti-and-icdi\/\" \/>\n<meta property=\"og:locale\" content=\"az_AZ\" \/>\n<meta property=\"og:type\" content=\"article\" \/>\n<meta property=\"og:title\" content=\"\u0130nauqurasiya ba\u015f tutdu. G\u00fcrc\u00fcstan\u0131n be\u015finci prezidenti and i\u00e7di - JAMnews\" \/>\n<meta property=\"og:description\" content=\"Bayram \u015f\u0259nlikl\u0259ri il\u0259 paralel olaraq, b\u00fct\u00fcn g\u00fcn \u0259rzind\u0259 m\u00fcxalif\u0259t v\u0259 h\u00fcquq-m\u00fchafiz\u0259 orqanlar\u0131 aras\u0131nda qar\u015f\u0131durma davam edib\" \/>\n<meta property=\"og:url\" content=\"https:\/\/jam-news.net\/az\/inauqurasiya-bas-tutdu-gurcustanin-besinci-prezidenti-and-icdi\/\" \/>\n<meta property=\"og:site_name\" content=\"Azerbaijani Jamnews\" \/>\n<meta property=\"article:publisher\" content=\"https:\/\/www.facebook.com\/JAMnewsInEnglish\/\" \/>\n<meta property=\"article:published_time\" content=\"2018-12-17T00:00:00+00:00\" \/>\n<meta property=\"article:modified_time\" content=\"2022-01-17T21:08:09+00:00\" \/>\n<meta property=\"og:image\" content=\"https:\/\/jam-news.net\/app\/uploads\/2020\/03\/RTX6ISDA-1.jpg\" \/>\n\t<meta property=\"og:image:width\" content=\"1200\" \/>\n\t<meta property=\"og:image:height\" content=\"800\" \/>\n\t<meta property=\"og:image:type\" content=\"image\/jpeg\" \/>\n<meta name=\"author\" content=\"Tatia nikoladze\" \/>\n<meta name=\"twitter:card\" content=\"summary_large_image\" \/>\n<meta name=\"twitter:creator\" content=\"@JAMnewsCaucasus\" \/>\n<meta name=\"twitter:site\" content=\"@JAMnewsCaucasus\" \/>\n<meta name=\"twitter:label1\" content=\"Written by\" \/>\n\t<meta name=\"twitter:data1\" content=\"Tatia nikoladze\" \/>\n\t<meta name=\"twitter:label2\" content=\"Est. reading time\" \/>\n\t<meta name=\"twitter:data2\" content=\"9 minutes\" \/>\n<script type=\"application\/ld+json\" class=\"yoast-schema-graph\">{\"@context\":\"https:\/\/schema.org\",\"@graph\":[{\"@type\":\"Article\",\"@id\":\"https:\/\/jam-news.net\/az\/inauqurasiya-bas-tutdu-gurcustanin-besinci-prezidenti-and-icdi\/#article\",\"isPartOf\":{\"@id\":\"https:\/\/jam-news.net\/az\/inauqurasiya-bas-tutdu-gurcustanin-besinci-prezidenti-and-icdi\/\"},\"author\":{\"name\":\"Tatia nikoladze\",\"@id\":\"https:\/\/jam-news.net\/az\/#\/schema\/person\/86c90ea4dd4c6e61e60ae51d24bc662c\"},\"headline\":\"\u0130nauqurasiya ba\u015f tutdu. G\u00fcrc\u00fcstan\u0131n be\u015finci prezidenti and i\u00e7di\",\"datePublished\":\"2018-12-17T00:00:00+00:00\",\"dateModified\":\"2022-01-17T21:08:09+00:00\",\"mainEntityOfPage\":{\"@id\":\"https:\/\/jam-news.net\/az\/inauqurasiya-bas-tutdu-gurcustanin-besinci-prezidenti-and-icdi\/\"},\"wordCount\":2085,\"commentCount\":0,\"publisher\":{\"@id\":\"https:\/\/jam-news.net\/az\/#organization\"},\"image\":{\"@id\":\"https:\/\/jam-news.net\/az\/inauqurasiya-bas-tutdu-gurcustanin-besinci-prezidenti-and-icdi\/#primaryimage\"},\"thumbnailUrl\":\"https:\/\/jam-news.net\/app\/uploads\/2020\/03\/RTX6ISDA-1.jpg\",\"keywords\":[\"Qafqaz\",\"Qafqaz x\u0259b\u0259rl\u0259ri\",\"Salome Zurabi\u015fvili\"],\"articleSection\":[\"Geography\",\"Georgia\",\"News\",\"Politics\"],\"inLanguage\":\"az\"},{\"@type\":\"WebPage\",\"@id\":\"https:\/\/jam-news.net\/az\/inauqurasiya-bas-tutdu-gurcustanin-besinci-prezidenti-and-icdi\/\",\"url\":\"https:\/\/jam-news.net\/az\/inauqurasiya-bas-tutdu-gurcustanin-besinci-prezidenti-and-icdi\/\",\"name\":\"\u0130nauqurasiya ba\u015f tutdu. G\u00fcrc\u00fcstan\u0131n be\u015finci prezidenti and i\u00e7di - JAMnews\",\"isPartOf\":{\"@id\":\"https:\/\/jam-news.net\/az\/#website\"},\"primaryImageOfPage\":{\"@id\":\"https:\/\/jam-news.net\/az\/inauqurasiya-bas-tutdu-gurcustanin-besinci-prezidenti-and-icdi\/#primaryimage\"},\"image\":{\"@id\":\"https:\/\/jam-news.net\/az\/inauqurasiya-bas-tutdu-gurcustanin-besinci-prezidenti-and-icdi\/#primaryimage\"},\"thumbnailUrl\":\"https:\/\/jam-news.net\/app\/uploads\/2020\/03\/RTX6ISDA-1.jpg\",\"datePublished\":\"2018-12-17T00:00:00+00:00\",\"dateModified\":\"2022-01-17T21:08:09+00:00\",\"breadcrumb\":{\"@id\":\"https:\/\/jam-news.net\/az\/inauqurasiya-bas-tutdu-gurcustanin-besinci-prezidenti-and-icdi\/#breadcrumb\"},\"inLanguage\":\"az\",\"potentialAction\":[{\"@type\":\"ReadAction\",\"target\":[\"https:\/\/jam-news.net\/az\/inauqurasiya-bas-tutdu-gurcustanin-besinci-prezidenti-and-icdi\/\"]}]},{\"@type\":\"ImageObject\",\"inLanguage\":\"az\",\"@id\":\"https:\/\/jam-news.net\/az\/inauqurasiya-bas-tutdu-gurcustanin-besinci-prezidenti-and-icdi\/#primaryimage\",\"url\":\"https:\/\/jam-news.net\/app\/uploads\/2020\/03\/RTX6ISDA-1.jpg\",\"contentUrl\":\"https:\/\/jam-news.net\/app\/uploads\/2020\/03\/RTX6ISDA-1.jpg\",\"width\":1200,\"height\":800,\"caption\":\"Georgia's newly elected President Salome Zurabishvili arrives to the inauguration ceremony in Telavi, Georgia, December 16, 2018. REUTERS\/Irakli Gedenidze\/Pool - UP1EECG0Y7GFI\"},{\"@type\":\"BreadcrumbList\",\"@id\":\"https:\/\/jam-news.net\/az\/inauqurasiya-bas-tutdu-gurcustanin-besinci-prezidenti-and-icdi\/#breadcrumb\",\"itemListElement\":[{\"@type\":\"ListItem\",\"position\":1,\"name\":\"Home\",\"item\":\"https:\/\/jam-news.net\/az\/\"},{\"@type\":\"ListItem\",\"position\":2,\"name\":\"\u0130nauqurasiya ba\u015f tutdu. G\u00fcrc\u00fcstan\u0131n be\u015finci prezidenti and i\u00e7di\"}]},{\"@type\":\"WebSite\",\"@id\":\"https:\/\/jam-news.net\/az\/#website\",\"url\":\"https:\/\/jam-news.net\/az\/\",\"name\":\"Azerbaijani Jamnews\",\"description\":\"Caucasus News, Politics and Society\",\"publisher\":{\"@id\":\"https:\/\/jam-news.net\/az\/#organization\"},\"potentialAction\":[{\"@type\":\"SearchAction\",\"target\":{\"@type\":\"EntryPoint\",\"urlTemplate\":\"https:\/\/jam-news.net\/az\/?s={search_term_string}\"},\"query-input\":{\"@type\":\"PropertyValueSpecification\",\"valueRequired\":true,\"valueName\":\"search_term_string\"}}],\"inLanguage\":\"az\"},{\"@type\":\"Organization\",\"@id\":\"https:\/\/jam-news.net\/az\/#organization\",\"name\":\"JAMnews\",\"url\":\"https:\/\/jam-news.net\/az\/\",\"logo\":{\"@type\":\"ImageObject\",\"inLanguage\":\"az\",\"@id\":\"https:\/\/jam-news.net\/az\/#\/schema\/logo\/image\/\",\"url\":\"https:\/\/jam-news.net\/app\/uploads\/2020\/05\/JAM_w.jpg\",\"contentUrl\":\"https:\/\/jam-news.net\/app\/uploads\/2020\/05\/JAM_w.jpg\",\"width\":960,\"height\":960,\"caption\":\"JAMnews\"},\"image\":{\"@id\":\"https:\/\/jam-news.net\/az\/#\/schema\/logo\/image\/\"},\"sameAs\":[\"https:\/\/www.facebook.com\/JAMnewsInEnglish\/\",\"https:\/\/x.com\/JAMnewsCaucasus\",\"https:\/\/www.instagram.com\/jam_news\/\",\"https:\/\/www.youtube.com\/channel\/UCXQbUCme2pykuZYXWHx4VPg\"]},{\"@type\":\"Person\",\"@id\":\"https:\/\/jam-news.net\/az\/#\/schema\/person\/86c90ea4dd4c6e61e60ae51d24bc662c\",\"name\":\"Tatia nikoladze\",\"image\":{\"@type\":\"ImageObject\",\"inLanguage\":\"az\",\"@id\":\"https:\/\/jam-news.net\/az\/#\/schema\/person\/image\/\",\"url\":\"https:\/\/secure.gravatar.com\/avatar\/1f8b2c8ce4c25cc30806785bafe6bb03?s=96&d=mm&r=g\",\"contentUrl\":\"https:\/\/secure.gravatar.com\/avatar\/1f8b2c8ce4c25cc30806785bafe6bb03?s=96&d=mm&r=g\",\"caption\":\"Tatia nikoladze\"},\"url\":\"https:\/\/jam-news.net\/az\/author\/tatiani\/\"}]}<\/script>\n<!-- \/ Yoast SEO plugin. -->","yoast_head_json":{"title":"\u0130nauqurasiya ba\u015f tutdu. G\u00fcrc\u00fcstan\u0131n be\u015finci prezidenti and i\u00e7di - JAMnews","robots":{"index":"index","follow":"follow","max-snippet":"max-snippet:-1","max-image-preview":"max-image-preview:large","max-video-preview":"max-video-preview:-1"},"canonical":"https:\/\/jam-news.net\/az\/inauqurasiya-bas-tutdu-gurcustanin-besinci-prezidenti-and-icdi\/","og_locale":"az_AZ","og_type":"article","og_title":"\u0130nauqurasiya ba\u015f tutdu. G\u00fcrc\u00fcstan\u0131n be\u015finci prezidenti and i\u00e7di - JAMnews","og_description":"Bayram \u015f\u0259nlikl\u0259ri il\u0259 paralel olaraq, b\u00fct\u00fcn g\u00fcn \u0259rzind\u0259 m\u00fcxalif\u0259t v\u0259 h\u00fcquq-m\u00fchafiz\u0259 orqanlar\u0131 aras\u0131nda qar\u015f\u0131durma davam edib","og_url":"https:\/\/jam-news.net\/az\/inauqurasiya-bas-tutdu-gurcustanin-besinci-prezidenti-and-icdi\/","og_site_name":"Azerbaijani Jamnews","article_publisher":"https:\/\/www.facebook.com\/JAMnewsInEnglish\/","article_published_time":"2018-12-17T00:00:00+00:00","article_modified_time":"2022-01-17T21:08:09+00:00","og_image":[{"width":1200,"height":800,"url":"https:\/\/jam-news.net\/app\/uploads\/2020\/03\/RTX6ISDA-1.jpg","type":"image\/jpeg"}],"author":"Tatia nikoladze","twitter_card":"summary_large_image","twitter_creator":"@JAMnewsCaucasus","twitter_site":"@JAMnewsCaucasus","twitter_misc":{"Written by":"Tatia nikoladze","Est. reading time":"9 minutes"},"schema":{"@context":"https:\/\/schema.org","@graph":[{"@type":"Article","@id":"https:\/\/jam-news.net\/az\/inauqurasiya-bas-tutdu-gurcustanin-besinci-prezidenti-and-icdi\/#article","isPartOf":{"@id":"https:\/\/jam-news.net\/az\/inauqurasiya-bas-tutdu-gurcustanin-besinci-prezidenti-and-icdi\/"},"author":{"name":"Tatia nikoladze","@id":"https:\/\/jam-news.net\/az\/#\/schema\/person\/86c90ea4dd4c6e61e60ae51d24bc662c"},"headline":"\u0130nauqurasiya ba\u015f tutdu. G\u00fcrc\u00fcstan\u0131n be\u015finci prezidenti and i\u00e7di","datePublished":"2018-12-17T00:00:00+00:00","dateModified":"2022-01-17T21:08:09+00:00","mainEntityOfPage":{"@id":"https:\/\/jam-news.net\/az\/inauqurasiya-bas-tutdu-gurcustanin-besinci-prezidenti-and-icdi\/"},"wordCount":2085,"commentCount":0,"publisher":{"@id":"https:\/\/jam-news.net\/az\/#organization"},"image":{"@id":"https:\/\/jam-news.net\/az\/inauqurasiya-bas-tutdu-gurcustanin-besinci-prezidenti-and-icdi\/#primaryimage"},"thumbnailUrl":"https:\/\/jam-news.net\/app\/uploads\/2020\/03\/RTX6ISDA-1.jpg","keywords":["Qafqaz","Qafqaz x\u0259b\u0259rl\u0259ri","Salome Zurabi\u015fvili"],"articleSection":["Geography","Georgia","News","Politics"],"inLanguage":"az"},{"@type":"WebPage","@id":"https:\/\/jam-news.net\/az\/inauqurasiya-bas-tutdu-gurcustanin-besinci-prezidenti-and-icdi\/","url":"https:\/\/jam-news.net\/az\/inauqurasiya-bas-tutdu-gurcustanin-besinci-prezidenti-and-icdi\/","name":"\u0130nauqurasiya ba\u015f tutdu. G\u00fcrc\u00fcstan\u0131n be\u015finci prezidenti and i\u00e7di - JAMnews","isPartOf":{"@id":"https:\/\/jam-news.net\/az\/#website"},"primaryImageOfPage":{"@id":"https:\/\/jam-news.net\/az\/inauqurasiya-bas-tutdu-gurcustanin-besinci-prezidenti-and-icdi\/#primaryimage"},"image":{"@id":"https:\/\/jam-news.net\/az\/inauqurasiya-bas-tutdu-gurcustanin-besinci-prezidenti-and-icdi\/#primaryimage"},"thumbnailUrl":"https:\/\/jam-news.net\/app\/uploads\/2020\/03\/RTX6ISDA-1.jpg","datePublished":"2018-12-17T00:00:00+00:00","dateModified":"2022-01-17T21:08:09+00:00","breadcrumb":{"@id":"https:\/\/jam-news.net\/az\/inauqurasiya-bas-tutdu-gurcustanin-besinci-prezidenti-and-icdi\/#breadcrumb"},"inLanguage":"az","potentialAction":[{"@type":"ReadAction","target":["https:\/\/jam-news.net\/az\/inauqurasiya-bas-tutdu-gurcustanin-besinci-prezidenti-and-icdi\/"]}]},{"@type":"ImageObject","inLanguage":"az","@id":"https:\/\/jam-news.net\/az\/inauqurasiya-bas-tutdu-gurcustanin-besinci-prezidenti-and-icdi\/#primaryimage","url":"https:\/\/jam-news.net\/app\/uploads\/2020\/03\/RTX6ISDA-1.jpg","contentUrl":"https:\/\/jam-news.net\/app\/uploads\/2020\/03\/RTX6ISDA-1.jpg","width":1200,"height":800,"caption":"Georgia's newly elected President Salome Zurabishvili arrives to the inauguration ceremony in Telavi, Georgia, December 16, 2018. REUTERS\/Irakli Gedenidze\/Pool - UP1EECG0Y7GFI"},{"@type":"BreadcrumbList","@id":"https:\/\/jam-news.net\/az\/inauqurasiya-bas-tutdu-gurcustanin-besinci-prezidenti-and-icdi\/#breadcrumb","itemListElement":[{"@type":"ListItem","position":1,"name":"Home","item":"https:\/\/jam-news.net\/az\/"},{"@type":"ListItem","position":2,"name":"\u0130nauqurasiya ba\u015f tutdu. G\u00fcrc\u00fcstan\u0131n be\u015finci prezidenti and i\u00e7di"}]},{"@type":"WebSite","@id":"https:\/\/jam-news.net\/az\/#website","url":"https:\/\/jam-news.net\/az\/","name":"Azerbaijani Jamnews","description":"Caucasus News, Politics and Society","publisher":{"@id":"https:\/\/jam-news.net\/az\/#organization"},"potentialAction":[{"@type":"SearchAction","target":{"@type":"EntryPoint","urlTemplate":"https:\/\/jam-news.net\/az\/?s={search_term_string}"},"query-input":{"@type":"PropertyValueSpecification","valueRequired":true,"valueName":"search_term_string"}}],"inLanguage":"az"},{"@type":"Organization","@id":"https:\/\/jam-news.net\/az\/#organization","name":"JAMnews","url":"https:\/\/jam-news.net\/az\/","logo":{"@type":"ImageObject","inLanguage":"az","@id":"https:\/\/jam-news.net\/az\/#\/schema\/logo\/image\/","url":"https:\/\/jam-news.net\/app\/uploads\/2020\/05\/JAM_w.jpg","contentUrl":"https:\/\/jam-news.net\/app\/uploads\/2020\/05\/JAM_w.jpg","width":960,"height":960,"caption":"JAMnews"},"image":{"@id":"https:\/\/jam-news.net\/az\/#\/schema\/logo\/image\/"},"sameAs":["https:\/\/www.facebook.com\/JAMnewsInEnglish\/","https:\/\/x.com\/JAMnewsCaucasus","https:\/\/www.instagram.com\/jam_news\/","https:\/\/www.youtube.com\/channel\/UCXQbUCme2pykuZYXWHx4VPg"]},{"@type":"Person","@id":"https:\/\/jam-news.net\/az\/#\/schema\/person\/86c90ea4dd4c6e61e60ae51d24bc662c","name":"Tatia nikoladze","image":{"@type":"ImageObject","inLanguage":"az","@id":"https:\/\/jam-news.net\/az\/#\/schema\/person\/image\/","url":"https:\/\/secure.gravatar.com\/avatar\/1f8b2c8ce4c25cc30806785bafe6bb03?s=96&d=mm&r=g","contentUrl":"https:\/\/secure.gravatar.com\/avatar\/1f8b2c8ce4c25cc30806785bafe6bb03?s=96&d=mm&r=g","caption":"Tatia nikoladze"},"url":"https:\/\/jam-news.net\/az\/author\/tatiani\/"}]}},"_links":{"self":[{"href":"https:\/\/jam-news.net\/az\/wp-json\/wp\/v2\/posts\/9826","targetHints":{"allow":["GET"]}}],"collection":[{"href":"https:\/\/jam-news.net\/az\/wp-json\/wp\/v2\/posts"}],"about":[{"href":"https:\/\/jam-news.net\/az\/wp-json\/wp\/v2\/types\/post"}],"author":[{"embeddable":true,"href":"https:\/\/jam-news.net\/az\/wp-json\/wp\/v2\/users\/6"}],"replies":[{"embeddable":true,"href":"https:\/\/jam-news.net\/az\/wp-json\/wp\/v2\/comments?post=9826"}],"version-history":[{"count":1,"href":"https:\/\/jam-news.net\/az\/wp-json\/wp\/v2\/posts\/9826\/revisions"}],"predecessor-version":[{"id":14214,"href":"https:\/\/jam-news.net\/az\/wp-json\/wp\/v2\/posts\/9826\/revisions\/14214"}],"wp:featuredmedia":[{"embeddable":true,"href":"https:\/\/jam-news.net\/az\/wp-json\/wp\/v2\/media\/21791"}],"wp:attachment":[{"href":"https:\/\/jam-news.net\/az\/wp-json\/wp\/v2\/media?parent=9826"}],"wp:term":[{"taxonomy":"category","embeddable":true,"href":"https:\/\/jam-news.net\/az\/wp-json\/wp\/v2\/categories?post=9826"},{"taxonomy":"post_tag","embeddable":true,"href":"https:\/\/jam-news.net\/az\/wp-json\/wp\/v2\/tags?post=9826"},{"taxonomy":"formation","embeddable":true,"href":"https:\/\/jam-news.net\/az\/wp-json\/wp\/v2\/formation?post=9826"},{"taxonomy":"post-author","embeddable":true,"href":"https:\/\/jam-news.net\/az\/wp-json\/wp\/v2\/post-author?post=9826"},{"taxonomy":"topic","embeddable":true,"href":"https:\/\/jam-news.net\/az\/wp-json\/wp\/v2\/topic?post=9826"},{"taxonomy":"tooltip","embeddable":true,"href":"https:\/\/jam-news.net\/az\/wp-json\/wp\/v2\/tooltip?post=9826"},{"taxonomy":"city","embeddable":true,"href":"https:\/\/jam-news.net\/az\/wp-json\/wp\/v2\/city?post=9826"}],"curies":[{"name":"wp","href":"https:\/\/api.w.org\/{rel}","templated":true}]}}