{"id":97158,"date":"2025-04-29T05:22:29","date_gmt":"2025-04-29T01:22:29","guid":{"rendered":"https:\/\/jam-news.net\/az\/?p=97158"},"modified":"2026-04-03T16:39:21","modified_gmt":"2026-04-03T12:39:21","slug":"eg%c9%99r-tramp-t%c9%99l%c9%99b-ets%c9%99-baki-ir%c9%99vanla-sulh-muqavil%c9%99si-imzalayacaq-abs-analitikinin-r%c9%99yi","status":"publish","type":"post","link":"https:\/\/jam-news.net\/az\/eg%c9%99r-tramp-t%c9%99l%c9%99b-ets%c9%99-baki-ir%c9%99vanla-sulh-muqavil%c9%99si-imzalayacaq-abs-analitikinin-r%c9%99yi\/","title":{"rendered":"&#8220;\u018fg\u0259r Tramp t\u0259l\u0259b ets\u0259, Bak\u0131 \u0130r\u0259vanla s\u00fclh m\u00fcqavil\u0259si imzalayacaq&#8221; &#8211; AB\u015e analitikinin r\u0259yi"},"content":{"rendered":"\n<p style=\"font-size:8px\"><strong>Tramp\u0131n \u018fliyevin q\u0259rarlar\u0131na t\u0259siri<\/strong><\/p>\n\n\n\n<p><strong>Donald Tramp prezident v\u0259zif\u0259sin\u0259 ba\u015flad\u0131qdan sonra ilk d\u0259f\u0259 <a href=\"https:\/\/jam-news.net\/az\/category\/cografiya\/erm%c9%99nistan\/\" target=\"_blank\" rel=\"noreferrer noopener\">Erm\u0259nistan<\/a>-AB\u015e Strateji \u018fm\u0259kda\u015fl\u0131q Xartiyas\u0131 haqq\u0131nda dan\u0131\u015f\u0131b. \u0130r\u0259van bu s\u0259n\u0259di AB\u015e-\u0131n \u0259vv\u0259lki administrasiyas\u0131n\u0131n son g\u00fcnl\u0259rind\u0259 imzalam\u0131\u015fd\u0131.<\/strong><\/p>\n\n\n\n<p>&#8220;Biz Erm\u0259nistanla strateji t\u0259r\u0259fda\u015fl\u0131\u011f\u0131m\u0131z\u0131 davam etdirm\u0259yi v\u0259 b\u00f6lg\u0259d\u0259 sabitliyi qoruma\u011f\u0131 s\u0259birsizlikl\u0259 g\u00f6zl\u0259yirik, dayan\u0131ql\u0131 rifah v\u0259 t\u0259hl\u00fck\u0259sizlik namin\u0259 s\u0259yl\u0259rimizi davam etdir\u0259c\u0259yik&#8221;, &#8211; Tramp\u0131n 24 aprel tarixind\u0259 Erm\u0259ni Soyq\u0131r\u0131m\u0131 qurbanlar\u0131n\u0131n An\u0131m G\u00fcn\u00fc m\u00fcnasib\u0259til\u0259 g\u00f6nd\u0259rdiyi m\u00fcraci\u0259td\u0259 deyilir.<\/p>\n\n\n\n<p>Nevada Universitetinin professoru, politoloq Nerses Kopalyan bildirir ki, bir \u00e7oxlar\u0131 AB\u015e prezidentinin \u201cerm\u0259ni soyq\u0131r\u0131m\u0131\u201d termini \u0259v\u0259zin\u0259 \u201cMets Yeghern\u201d (b\u00f6y\u00fck q\u0131r\u011f\u0131n, cinay\u0259t) ifad\u0259sini i\u015fl\u0259tm\u0259sini x\u00fcsusi qeyd edib. Lakin Kopalyan\u0131n fikrinc\u0259, daha \u00f6n\u0259mli m\u0259qam ba\u015fqa bir m\u0259s\u0259l\u0259dir, y\u0259ni Erm\u0259nistan-AB\u015e Strateji \u018fm\u0259kda\u015fl\u0131q s\u0259n\u0259dinin xat\u0131rlad\u0131lmas\u0131. Onun s\u00f6zl\u0259rin\u0259 g\u00f6r\u0259, bu, \u201cVa\u015finqton \u00fc\u00e7\u00fcn Erm\u0259nistan-AB\u015e m\u00fcnasib\u0259tl\u0259rinin ayr\u0131ca v\u0259 \u0259h\u0259miyy\u0259tli bir kateqoriya oldu\u011funu\u201d g\u00f6st\u0259rir.<\/p>\n\n\n\n<p>Kopalyan erm\u0259ni medias\u0131na verdiyi <a href=\"https:\/\/www.1in.am\/3560033.html\" target=\"_blank\" rel=\"noreferrer noopener\">m\u00fcsahib\u0259d\u0259 <\/a>Erm\u0259nistanla <a href=\"https:\/\/jam-news.net\/az\/category\/cografiya\/az%c9%99rbaycan\/\" target=\"_blank\" rel=\"noreferrer noopener\">Az\u0259rbaycan <\/a>aras\u0131nda s\u00fclh m\u00fcqavil\u0259sinin imzalanmas\u0131 konteksti bar\u0259d\u0259 fikirl\u0259rini b\u00f6l\u00fc\u015f\u00fcb. O vur\u011fulay\u0131b ki, regionda s\u00fclh AB\u015e-\u0131n maraqlar\u0131na uy\u011fundur v\u0259 yeni administrasiyan\u0131n bu istiqam\u0259td\u0259 konkret m\u0259qs\u0259dl\u0259ri var:<\/p>\n\n\n\n<p>&#8220;Erm\u0259nistan AB\u015e \u00fc\u00e7\u00fcn C\u0259nubi Qafqazda bir plasdarm olacaq. AB\u015e-\u0131n Az\u0259rbaycana t\u0259zyiq g\u00f6st\u0259rm\u0259k ehtimal\u0131 art\u0131r&#8221;.<\/p>\n\n\n\n<hr class=\"wp-block-separator has-alpha-channel-opacity\"\/>\n\n\n\n<ul class=\"wp-block-list\">\n<li><a href=\"https:\/\/jam-news.net\/az\/q%c9%99rb-v%c9%99-erm%c9%99nistan-az%c9%99rbaycan-munaqis%c9%99si\/\" target=\"_blank\" rel=\"noreferrer noopener\">AB\u015e prezidenti v\u0259 A\u0130 \u015euras\u0131n\u0131n s\u0259dri se\u00e7ildikd\u0259n sonra C\u0259nubi Qafqazda n\u0259 v\u0259 nec\u0259 d\u0259yi\u015f\u0259 bil\u0259r? Bak\u0131dan bax\u0131\u015f<\/a><br><\/li>\n\n\n\n<li><a href=\"https:\/\/jam-news.net\/az\/abs-in-c%c9%99nubi-qafqaz-strategiyasi\/\" target=\"_blank\" rel=\"noreferrer noopener\">AB\u015e-\u0131n C\u0259nubi Qafqaz strategiyas\u0131: Baydenin prezidentliyi d\u00f6vr\u00fcnd\u0259 n\u0259l\u0259r \u0259ld\u0259 olunub?!<\/a><br><\/li>\n\n\n\n<li><a href=\"https:\/\/jam-news.net\/az\/az%c9%99rbaycanin-geosiyasi-strategiyasi-v%c9%99-regional-inteqrasiya-baxisi-ada-forumundan-%c9%99sas-mesajlar\/\" target=\"_blank\" rel=\"noreferrer noopener\">Az\u0259rbaycan\u0131n geosiyasi strategiyas\u0131 v\u0259 regional inteqrasiya bax\u0131\u015f\u0131: ADA Forumundan \u0259sas mesajlar<\/a><br><\/li>\n\n\n\n<li><a href=\"https:\/\/jam-news.net\/az\/az%c9%99rbaycanla-erm%c9%99nistan-arasinda-sulh-sazisi-niy%c9%99-imzalanmir-baki-v%c9%99-ir%c9%99vanin-baxislari-harada-toqqusur\/\" target=\"_blank\" rel=\"noreferrer noopener\">Az\u0259rbaycanla Erm\u0259nistan aras\u0131nda s\u00fclh sazi\u015fi niy\u0259 imzalanm\u0131r? Bak\u0131 v\u0259 \u0130r\u0259van\u0131n bax\u0131\u015flar\u0131 harada toqqu\u015fur?<\/a><\/li>\n<\/ul>\n\n\n\n<hr class=\"wp-block-separator has-alpha-channel-opacity\"\/>\n\n\n\n<h2 class=\"wp-block-heading\"><strong>AB\u015e-\u0131n Erm\u0259nistanla Strateji T\u0259r\u0259fda\u015fl\u0131q Xartiyas\u0131 h\u0259l\u0259lik icra olunmur<\/strong><\/h2>\n\n\n\n<p>2025-ci ilin yanvar\u0131nda Erm\u0259nistan\u0131n xarici i\u015fl\u0259r naziri Ararat Mirzoyan v\u0259 AB\u015e-\u0131n sabiq d\u00f6vl\u0259t katibi Entoni Blinken Va\u015finqtonda Erm\u0259nistan v\u0259 AB\u015e aras\u0131nda Strateji T\u0259r\u0259fda\u015fl\u0131q Xartiyas\u0131n\u0131 imzalay\u0131blar.<\/p>\n\n\n\n<p>S\u0259n\u0259dd\u0259 bel\u0259 qeyd olunur:<\/p>\n\n\n\n<p><em>&#8220;G\u00fccl\u00fc, m\u00fcst\u0259qil, suveren v\u0259 demokratik Erm\u0259nistan\u0131n suverenliyini, \u0259razi b\u00fct\u00f6vl\u00fcy\u00fcn\u00fc v\u0259 beyn\u0259lxalq s\u0259viyy\u0259d\u0259 tan\u0131nm\u0131\u015f s\u0259rh\u0259dl\u0259rinin toxunulmazl\u0131\u011f\u0131n\u0131 qorumaq qabiliyy\u0259ti b\u00f6lg\u0259nin davaml\u0131 t\u0259hl\u00fck\u0259sizliyi v\u0259 rifah\u0131 \u00fc\u00e7\u00fcn h\u0259lledici \u0259h\u0259miyy\u0259t da\u015f\u0131y\u0131r&#8221;.<\/em><\/p>\n\n\n\n<p>Xartiyaya \u0259sas\u0259n, t\u0259r\u0259fl\u0259r ikit\u0259r\u0259fli ticar\u0259t v\u0259 investisiya h\u0259cmini art\u0131rmaq, Erm\u0259nistanda enerji istehsal\u0131n\u0131 geni\u015fl\u0259ndirm\u0259k v\u0259 enerji da\u015f\u0131y\u0131c\u0131lar\u0131n\u0131n t\u0259dar\u00fck\u00fcn\u00fc \u015fax\u0259l\u0259ndirm\u0259k niyy\u0259tind\u0259dirl\u0259r.<\/p>\n\n\n\n<p>Lakin erm\u0259ni c\u0259miyy\u0259ti \u00fc\u00e7\u00fcn daha vacib olan m\u0259qam odur ki, s\u0259n\u0259dd\u0259 \u0130r\u0259van v\u0259 Va\u015finqtonun &#8220;m\u00fcdafi\u0259 v\u0259 t\u0259hl\u00fck\u0259sizlik sah\u0259sind\u0259 \u0259m\u0259kda\u015fl\u0131q proqramlar\u0131n\u0131n geni\u015fl\u0259ndirilm\u0259si&#8221; niyy\u0259tl\u0259ri r\u0259smil\u0259\u015fdirilib. Daha konkret des\u0259k, s\u00f6hb\u0259t a\u015fa\u011f\u0131dak\u0131lardan gedir:<\/p>\n\n\n\n<ul class=\"wp-block-list\">\n<li>Erm\u0259nistana g\u00f6mr\u00fck v\u0259 s\u0259rh\u0259d t\u0259hl\u00fck\u0259sizliyi sah\u0259sind\u0259 ixtisasla\u015fm\u0131\u015f m\u00fct\u0259x\u0259ssisl\u0259r qrupunun g\u00f6nd\u0259rilm\u0259si,<br><\/li>\n\n\n\n<li>Erm\u0259nistan Silahl\u0131 Q\u00fcvv\u0259l\u0259rinin pe\u015f\u0259kar h\u0259rbi haz\u0131rl\u0131\u011f\u0131na d\u0259st\u0259k g\u00f6st\u0259rilm\u0259si,<br><\/li>\n\n\n\n<li>Erm\u0259nistan ordusunun operativ qar\u015f\u0131l\u0131ql\u0131 f\u0259aliyy\u0259t qabiliyy\u0259tinin art\u0131r\u0131lmas\u0131,<br><\/li>\n\n\n\n<li>m\u00fcdafi\u0259 qabiliyy\u0259tinin g\u00fccl\u0259ndirilm\u0259si.<\/li>\n<\/ul>\n\n\n\n<p>Sonuncu b\u0259nd\u0259 g\u0259ldikd\u0259, bu h\u0259l\u0259 yerin\u0259 yetirilm\u0259yib. Tramp\u0131n mesaj\u0131 il\u0259 \u0259laq\u0259dar olaraq, Erm\u0259nistanda m\u00fct\u0259x\u0259ssis dair\u0259l\u0259rind\u0259 bu m\u00f6vzu yenid\u0259n g\u00fcnd\u0259m\u0259 g\u0259lib.<\/p>\n\n\n<article class=\"single-card uk-flex uk-flex-between m-b-sm-40\">\n\n  <div class=\"uk-grid wi-full-width\">\n\n    <div class=\"uk-width-2-3 p-t-sm-10\">\n      <a href=\"https:\/\/jam-news.net\/az\/tramp-dovrund%c9%99-abs-v%c9%99-c%c9%99nubi-qafqaz-2\/\" target=\"_blank\">\n\n\n\n\n\n        <h2 class=\"m-b-sm-23 wi-merriweather-light\">\n\tTrump d\u00f6vr\u00fcnd\u0259 AB\u015e C\u0259nubi Qafqazdan n\u0259 ist\u0259y\u0259 v\u0259 n\u0259y\u0259 ehtiyac duya bil\u0259r? Bak\u0131dan bax\u0131\u015f\n<\/h2>\n\n        <p class=\"paragraph-color-2 m-b-sm-10 m-b-xs-7\">\n  Tramp d\u00f6vr\u00fcnd\u0259 AB\u015e-\u0131n C\u0259nubi Qafqazdan \u0259sas g\u00f6zl\u0259ntil\u0259ri Rusiya v\u0259 \u0130ran\u0131n regionda m\u00f6vcudlu\u011funun azalmas\u0131 v\u0259 M\u0259rk\u0259zi Asiyaya t\u0259hl\u00fck\u0259siz giri\u015f v\u0259 \u00e7\u0131x\u0131\u015f\u0131 t\u0259min edilm\u0259si olacaq. C\u0259nubi Qafqaz Ara\u015fd\u0131rmalar M\u0259rk\u0259zinin (CSSC) analitikl\u0259ri bel\u0259 hesab edirl\u0259r\n<\/p>\n      <\/a>\n    <\/div>\n    <div class=\"uk-width-1-3\">\n      <figure class=\"wi-full-height choose-post__img wi-merriweather-light\">\n  <a class=\"\" href=\"https:\/\/jam-news.net\/az\/tramp-dovrund%c9%99-abs-v%c9%99-c%c9%99nubi-qafqaz-2\/\">\n    <img decoding=\"async\" class=\"wi-full-height wi-ratio-img\" src=\"https:\/\/jam-news.net\/app\/uploads\/2025\/02\/xerite.jpg\" alt=\"Tramp d\u00f6vr\u00fcnd\u0259 AB\u015e v\u0259 C\u0259nubi Qafqaz\" uk-img \/>\n  <\/a>\n<\/figure>\n    <\/div>\n  <\/div>\n<\/article>\n\n\n\n<h2 class=\"wp-block-heading has-vivid-red-color has-text-color has-link-color wp-elements-eb9c51fb5dd9be91761c61a180985c1c\"><strong>\u015e\u0259rh<\/strong><\/h2>\n\n\n\n<p><strong>Politoloq Nerses Kopalyan<\/strong> vur\u011fulay\u0131r: <strong>\u201c<\/strong>C\u0259nubi Qafqaz art\u0131q 1990-c\u0131 ill\u0259rin v\u0259 ya 2000-ci ill\u0259rin \u0259vv\u0259ll\u0259rind\u0259ki kimi deyil\u201d. O, h\u0259min d\u00f6vrd\u0259 b\u00f6lg\u0259d\u0259 Rusiyan\u0131n m\u00fc\u0259yy\u0259nedici rol oynad\u0131\u011f\u0131n\u0131 xat\u0131rlad\u0131r. <a href=\"https:\/\/jam-news.net\/az\/category\/cografiya\/rusiya\/\" target=\"_blank\" rel=\"noreferrer noopener\">Rusiya <\/a>hegemon rolunda idi. Burada &#8220;ki\u00e7ik, z\u0259if \u00f6lk\u0259l\u0259r&#8221; vard\u0131 ki, onlar h\u0259tta \u00f6z daxili probleml\u0259rini, n\u0259inki regional m\u0259s\u0259l\u0259l\u0259ri, h\u0259ll ed\u0259 bilmirdil\u0259r.<\/p>\n\n\n\n<p>Amerikal\u0131 analitik \u0259mindir ki, yax\u0131n 10 il \u0259rzind\u0259 Rusiya b\u00f6lg\u0259y\u0259 qay\u0131da bilm\u0259y\u0259c\u0259k. Buna s\u0259b\u0259b olaraq is\u0259, RF-nin Ukraynada v\u0259 Orta Asiyada olan probleml\u0259ri h\u0259ll etm\u0259kl\u0259 m\u0259\u015f\u011ful olaca\u011f\u0131n\u0131 bildirir.<\/p>\n\n\n\n<p><strong>Bununla yana\u015f\u0131, Kopalyan qeyd edir ki, \u201cg\u00fccl\u00fc d\u00f6vl\u0259tl\u0259r aras\u0131nda C\u0259nubi Qafqazda ba\u015fl\u0131ca rol u\u011frunda m\u00fcbariz\u0259\u201d gedir. <\/strong><\/p>\n\n\n\n<p>O, h\u0259m\u00e7inin xat\u0131rlad\u0131r ki, \u0259vv\u0259ll\u0259r b\u0259zi dair\u0259l\u0259r &#8220;Erm\u0259nistandak\u0131 demokratik sistemin \u00e7\u00f6k\u0259c\u0259yini&#8221; proqnozla\u015fd\u0131r\u0131rd\u0131lar, \u00e7\u00fcnki yeni AB\u015e administrasiyas\u0131 b\u00f6lg\u0259ni t\u0259rk ed\u0259c\u0259kdi:<\/p>\n\n\n\n<p><em>\u201cLakin he\u00e7 bir \u015fey bel\u0259 olmad\u0131. \u018fksin\u0259, qeyri-sabitlik \u015f\u0259raitind\u0259 \u0130r\u0259van m\u00f6vcud riskl\u0259ri azald\u0131b v\u0259 AB\u015e il\u0259 Q\u0259rbl\u0259 \u0259laq\u0259l\u0259rini m\u00f6hk\u0259ml\u0259ndirm\u0259yi bacard\u0131. H\u0259m\u00e7inin Tramp administrasiyas\u0131, AB\u015e institutlar\u0131, x\u00fcsus\u0259n t\u0259hl\u00fck\u0259sizlik v\u0259 xarici siyas\u0259t sah\u0259l\u0259rind\u0259ki qurumlar q\u0259rara ald\u0131lar ki, Erm\u0259nistan onlar \u00fc\u00e7\u00fcn vacibdir, region onlar \u00fc\u00e7\u00fcn vacibdir\u201d.<\/em><\/p>\n\n\n<article class=\"single-card uk-flex uk-flex-between m-b-sm-40\">\n\n  <div class=\"uk-grid wi-full-width\">\n\n    <div class=\"uk-width-2-3 p-t-sm-10\">\n      <a href=\"https:\/\/jam-news.net\/az\/sulhun-qiym%c9%99ti-baki-niy%c9%99-muqavil%c9%99-imzalamagi-uzadir-ir%c9%99vandan-baxis\/\" target=\"_blank\">\n\n\n\n\n\n        <h2 class=\"m-b-sm-23 wi-merriweather-light\">\n\t&quot;S\u00fclh\u00fcn qiym\u0259ti&quot;: Bak\u0131 niy\u0259 m\u00fcqavil\u0259 imzalama\u011f\u0131 uzad\u0131r \u2013 \u0130r\u0259vandan bax\u0131\u015f\n<\/h2>\n\n        <p class=\"paragraph-color-2 m-b-sm-10 m-b-xs-7\">\n  Politoloq Areq Ko\u00e7inyan\u0131n fikrinc\u0259, sazi\u015fin imzalanmas\u0131na mane olan amill\u0259r &#8220;r\u0259smi Bak\u0131n\u0131n bar\u0131\u015fmazl\u0131\u011f\u0131, m\u0259ntiqsiz t\u0259l\u0259bl\u0259ri v\u0259 d\u00fc\u015fm\u0259n\u00e7ilik ritorikas\u0131d\u0131r&#8221;\n<\/p>\n      <\/a>\n    <\/div>\n    <div class=\"uk-width-1-3\">\n      <figure class=\"wi-full-height choose-post__img wi-merriweather-light\">\n  <a class=\"\" href=\"https:\/\/jam-news.net\/az\/sulhun-qiym%c9%99ti-baki-niy%c9%99-muqavil%c9%99-imzalamagi-uzadir-ir%c9%99vandan-baxis\/\">\n    <img decoding=\"async\" class=\"wi-full-height wi-ratio-img\" src=\"https:\/\/jam-news.net\/app\/uploads\/2025\/04\/Aliyev_Pashinyan-1420.jpg\" alt=\"\" uk-img \/>\n  <\/a>\n<\/figure>\n    <\/div>\n  <\/div>\n<\/article>\n\n\n\n<p>Nerses Kopalyan Erm\u0259nistan-Az\u0259rbaycan dan\u0131\u015f\u0131qlar\u0131 v\u0259 s\u00fclh m\u00fcqavil\u0259sinin imzalanma ehtimal\u0131 bar\u0259d\u0259 d\u0259 fikirl\u0259rini b\u00f6l\u00fc\u015f\u00fcb:<\/p>\n\n\n\n<p><em>\u201cB\u00fct\u00fcn s\u00fclh m\u00fcqavil\u0259sinin m\u00fcdd\u0259alar\u0131n\u0131 \u0130r\u0259vanla raz\u0131la\u015fd\u0131ran Bak\u0131, Va\u015finqtonun diqq\u0259tini bu fakta c\u0259lb etm\u0259y\u0259 \u00e7al\u0131\u015f\u0131b. O, bel\u0259likl\u0259 Avropa \u0130ttifaq\u0131 il\u0259 olan probleml\u0259rini d\u0259 h\u0259ll etm\u0259y\u0259 \u00e7al\u0131\u015f\u0131b. \u018fliyev ba\u015fa d\u00fc\u015fd\u00fc ki, \u0259g\u0259r onu h\u0259l\u0259 d\u0259 destruktiv oyun\u00e7u kimi g\u00f6rm\u0259y\u0259 davam ed\u0259rl\u0259rs\u0259, o, t\u0259dric\u0259n diplomatik kapital\u0131n\u0131 v\u0259 t\u0259zyiq mexanizml\u0259rini itir\u0259c\u0259k\u201d<\/em>.<\/p>\n\n\n\n<h4 class=\"wp-block-heading\"><strong>Politoloq iddia edir ki, Az\u0259rbaycan sad\u0259c\u0259 diplomatik probleml\u0259rini h\u0259ll etm\u0259k \u00fc\u00e7\u00fcn s\u00fclh ideologiyas\u0131ndan istifad\u0259 edib. <\/strong><\/h4>\n\n\n\n<p>Kopalyan xat\u0131rlad\u0131r ki, bu ilk add\u0131mdan sonra beyn\u0259lxalq icma b\u0259yan edib: \u201cN\u00f6vb\u0259ti add\u0131m s\u00fclh m\u00fcqavil\u0259sinin imzalanmas\u0131 olmal\u0131d\u0131r.\u201d O zaman Bak\u0131 art\u0131q ilkin \u015f\u0259rtl\u0259r ir\u0259li s\u00fcrm\u0259y\u0259 ba\u015flay\u0131b, \u00f6z \u0259razisin\u0259 at\u0259\u015f a\u00e7\u0131ld\u0131\u011f\u0131 bar\u0259d\u0259 dezinformasiya yayma\u011fa ba\u015flay\u0131b. Politoloq b\u00fct\u00fcn bunlar\u0131 Az\u0259rbaycan Prezidentinin s\u00fclh m\u00fcqavil\u0259sini imzalama\u011fa niyy\u0259ti olmamas\u0131 il\u0259 izah edir.<\/p>\n\n\n\n<p>Onun fikrinc\u0259, \u018fliyev buna yaln\u0131z AB\u015e m\u00fcqavil\u0259nin imzalanmas\u0131n\u0131 t\u0259l\u0259b ed\u0259rs\u0259 v\u0259 alternativ qoymazsa, raz\u0131 olacaq:<\/p>\n\n\n\n<p><em>\u201cD\u00fcnyada \u018fliyevin qorxdu\u011fu bir insan var. O da Trampd\u0131r. O dey\u0259c\u0259k ki, \u0259g\u0259r s\u00fclh t\u0259l\u0259bimi r\u0259dd edirs\u0259ns\u0259, m\u0259n Erm\u0259nistana b\u0259rpa olunma\u011fa k\u00f6m\u0259k ed\u0259c\u0259y\u0259m. \u018fliyevin \u0259n \u00e7ox narahat oldu\u011fu m\u0259qam odur ki, Erm\u0259nistan b\u0259rpa olunmas\u0131n v\u0259 h\u0259rbi t\u0259hdid\u0259 qar\u015f\u0131 g\u00fcc qazana bilm\u0259sin\u201d.<\/em><\/p>\n\n\n\n<p>Avropa \u0130ttifaq\u0131n\u0131n dan\u0131\u015f\u0131qlarda i\u015ftirak etm\u0259si m\u0259s\u0259l\u0259sin\u0259 g\u0259linc\u0259, analitik Az\u0259rbaycan\u0131n \u00fcz\u0259rin\u0259 s\u00fclh m\u00fcqavil\u0259sinin imzalanmas\u0131 \u00fc\u00e7\u00fcn diplomatik v\u0259 siyasi t\u0259zyiq olmas\u0131n\u0131, lakin iqtisadi t\u0259zyiq olmayaca\u011f\u0131n\u0131 g\u00f6zl\u0259yir:<\/p>\n\n\n\n<p><em>\u201cOnlar Bak\u0131 il\u0259 iqtisadi t\u0259zyiq yaratma\u011fa haz\u0131r deyill\u0259r. X\u00fcsusil\u0259 indi, \u2018B plan\u0131\u2019na ehtiyaclar\u0131 oldu\u011fu vaxt. \u00c7\u00fcnki h\u0259l\u0259 bilmirl\u0259r ki, A\u0130-AB\u015e m\u00fcnasib\u0259tl\u0259ri nec\u0259 olacaq v\u0259 onlar\u0131n enerji t\u0259hl\u00fck\u0259sizliyi m\u0259s\u0259l\u0259si nec\u0259 h\u0259ll olunacaq\u201d.<\/em><\/p>\n\n\n<article class=\"single-card uk-flex uk-flex-between m-b-sm-40\">\n\n  <div class=\"uk-grid wi-full-width\">\n\n    <div class=\"uk-width-2-3 p-t-sm-10\">\n      <a href=\"https:\/\/jam-news.net\/az\/sulh-furs%c9%99tind%c9%99n-nec%c9%99-yararlanmaq-olar-tomas-de-vaal-erm%c9%99nistan-az%c9%99rbaycan-razilasmasi-haqqinda\/\" target=\"_blank\">\n\n\n\n\n\n        <h2 class=\"m-b-sm-23 wi-merriweather-light\">\n\tS\u00fclh f\u00fcrs\u0259tind\u0259n nec\u0259 yararlanmaq olar? Tomas de Vaal Erm\u0259nistan-Az\u0259rbaycan raz\u0131la\u015fmas\u0131 haqq\u0131nda\n<\/h2>\n\n        <p class=\"paragraph-color-2 m-b-sm-10 m-b-xs-7\">\n  Britaniyal\u0131 analitik hesab edir ki, Br\u00fcssel v\u0259 Va\u015finqton daha f\u0259al olmal\u0131d\u0131r, lakin Ankara \u0259sas oyun\u00e7u olaraq qal\u0131r\n<\/p>\n      <\/a>\n    <\/div>\n    <div class=\"uk-width-1-3\">\n      <figure class=\"wi-full-height choose-post__img wi-merriweather-light\">\n  <a class=\"\" href=\"https:\/\/jam-news.net\/az\/sulh-furs%c9%99tind%c9%99n-nec%c9%99-yararlanmaq-olar-tomas-de-vaal-erm%c9%99nistan-az%c9%99rbaycan-razilasmasi-haqqinda\/\">\n    <img decoding=\"async\" class=\"wi-full-height wi-ratio-img\" src=\"https:\/\/jam-news.net\/app\/uploads\/2025\/03\/l-59x0wh-1082x630z-0.727.jpeg\" alt=\"De Vaal Erm\u0259nistan-Az\u0259rbaycan s\u00fclh m\u00fcqavil\u0259si haqq\u0131nda\" uk-img \/>\n  <\/a>\n<\/figure>\n    <\/div>\n  <\/div>\n<\/article>\n\n\n\n<p style=\"font-size:3px\"><strong>Tramp\u0131n \u018fliyevin q\u0259rarlar\u0131na t\u0259siri<\/strong><br><\/p>\n","protected":false},"excerpt":{"rendered":"<p>Nevada Universitetinin professoru, politoloq Nerses Kopalyan bildirir ki, \u0130lham \u018fliyevin d\u00fcnyada qorxdu\u011fu bir insan var. O da Trampd\u0131r<\/p>\n","protected":false},"author":61,"featured_media":97155,"comment_status":"closed","ping_status":"closed","sticky":false,"template":"","format":"standard","meta":{"_acf_changed":false,"footnotes":""},"categories":[27,5602,17,4043,25,50,49,5,1],"tags":[162,18,6295,33,402,101,152,202,6246,6294,157],"formation":[],"post-author":[2888],"topic":[4951,4952,6185,6202,4646],"tooltip":[],"city":[6042],"class_list":["post-97158","post","type-post","status-publish","format-standard","has-post-thumbnail","hentry","category-ermnistan","category-azerbaycan-ermenistan","category-azrbaycan","category-explainer","category-cmiyyt","category-xbrlr","category-srh","category-siyast","category-uncategorized","tag-abs","tag-azrbaycan","tag-azrbaycanda-sulh","tag-ermnistan","tag-ilham-liyev","tag-qafqaz","tag-qafqaz-xbrlri","tag-qarabag","tag-sulh-muqavilsi","tag-tramp","tag-xbrlr","post-author-jamnews","topic-ermnistan","topic-azrbaycan","topic-azrbaycan-ermnistan-gurcustan","topic-azrbaycan-abs","topic-donald-tramp","city-baki-yerevan"],"acf":[],"yoast_head":"<!-- This site is optimized with the Yoast SEO plugin v24.1 - https:\/\/yoast.com\/wordpress\/plugins\/seo\/ -->\n<title>Tramp\u0131n \u018fliyevin q\u0259rarlar\u0131na t\u0259siri \/ JAMnews<\/title>\n<meta name=\"robots\" content=\"index, follow, max-snippet:-1, max-image-preview:large, max-video-preview:-1\" \/>\n<link rel=\"canonical\" href=\"https:\/\/jam-news.net\/az\/eg\u0259r-tramp-t\u0259l\u0259b-ets\u0259-baki-ir\u0259vanla-sulh-muqavil\u0259si-imzalayacaq-abs-analitikinin-r\u0259yi\/\" \/>\n<meta property=\"og:locale\" content=\"az_AZ\" \/>\n<meta property=\"og:type\" content=\"article\" \/>\n<meta property=\"og:title\" content=\"&quot;\u018fg\u0259r Tramp t\u0259l\u0259b ets\u0259, Bak\u0131 \u0130r\u0259vanla s\u00fclh m\u00fcqavil\u0259si imzalayacaq&quot;: AB\u015e analitikinin r\u0259yi\" \/>\n<meta property=\"og:description\" content=\"\u201cD\u00fcnyada \u018fliyevin qorxdu\u011fu bir insan var. O da Trampd\u0131r. O dey\u0259c\u0259k ki, \u0259g\u0259r s\u00fclh t\u0259l\u0259bimi r\u0259dd edirs\u0259ns\u0259, m\u0259n Erm\u0259nistana b\u0259rpa olunma\u011fa k\u00f6m\u0259k ed\u0259c\u0259y\u0259m\u201d.\" \/>\n<meta property=\"og:url\" content=\"https:\/\/jam-news.net\/az\/eg\u0259r-tramp-t\u0259l\u0259b-ets\u0259-baki-ir\u0259vanla-sulh-muqavil\u0259si-imzalayacaq-abs-analitikinin-r\u0259yi\/\" \/>\n<meta property=\"og:site_name\" content=\"Azerbaijani Jamnews\" \/>\n<meta property=\"article:publisher\" content=\"https:\/\/www.facebook.com\/JAMnewsInEnglish\/\" \/>\n<meta property=\"article:published_time\" content=\"2025-04-29T01:22:29+00:00\" \/>\n<meta property=\"article:modified_time\" content=\"2026-04-03T12:39:21+00:00\" \/>\n<meta property=\"og:image\" content=\"https:\/\/jam-news.net\/app\/uploads\/2025\/04\/67ef449dce59267ef449dce593174373391767ef449dce58f67ef449dce591.jpeg\" \/>\n\t<meta property=\"og:image:width\" content=\"1200\" \/>\n\t<meta property=\"og:image:height\" content=\"800\" \/>\n\t<meta property=\"og:image:type\" content=\"image\/jpeg\" \/>\n<meta name=\"twitter:card\" content=\"summary_large_image\" \/>\n<meta name=\"twitter:creator\" content=\"@JAMnewsCaucasus\" \/>\n<meta name=\"twitter:site\" content=\"@JAMnewsCaucasus\" \/>\n<meta name=\"twitter:label1\" content=\"Written by\" \/>\n\t<meta name=\"twitter:data1\" content=\"\" \/>\n\t<meta name=\"twitter:label2\" content=\"Est. reading time\" \/>\n\t<meta name=\"twitter:data2\" content=\"5 minutes\" \/>\n<script type=\"application\/ld+json\" class=\"yoast-schema-graph\">{\"@context\":\"https:\/\/schema.org\",\"@graph\":[{\"@type\":\"Article\",\"@id\":\"https:\/\/jam-news.net\/az\/eg%c9%99r-tramp-t%c9%99l%c9%99b-ets%c9%99-baki-ir%c9%99vanla-sulh-muqavil%c9%99si-imzalayacaq-abs-analitikinin-r%c9%99yi\/#article\",\"isPartOf\":{\"@id\":\"https:\/\/jam-news.net\/az\/eg%c9%99r-tramp-t%c9%99l%c9%99b-ets%c9%99-baki-ir%c9%99vanla-sulh-muqavil%c9%99si-imzalayacaq-abs-analitikinin-r%c9%99yi\/\"},\"author\":{\"name\":\"\",\"@id\":\"\"},\"headline\":\"&#8220;\u018fg\u0259r Tramp t\u0259l\u0259b ets\u0259, Bak\u0131 \u0130r\u0259vanla s\u00fclh m\u00fcqavil\u0259si imzalayacaq&#8221; &#8211; AB\u015e analitikinin r\u0259yi\",\"datePublished\":\"2025-04-29T01:22:29+00:00\",\"dateModified\":\"2026-04-03T12:39:21+00:00\",\"mainEntityOfPage\":{\"@id\":\"https:\/\/jam-news.net\/az\/eg%c9%99r-tramp-t%c9%99l%c9%99b-ets%c9%99-baki-ir%c9%99vanla-sulh-muqavil%c9%99si-imzalayacaq-abs-analitikinin-r%c9%99yi\/\"},\"wordCount\":1397,\"publisher\":{\"@id\":\"https:\/\/jam-news.net\/az\/#organization\"},\"image\":{\"@id\":\"https:\/\/jam-news.net\/az\/eg%c9%99r-tramp-t%c9%99l%c9%99b-ets%c9%99-baki-ir%c9%99vanla-sulh-muqavil%c9%99si-imzalayacaq-abs-analitikinin-r%c9%99yi\/#primaryimage\"},\"thumbnailUrl\":\"https:\/\/jam-news.net\/app\/uploads\/2025\/04\/67ef449dce59267ef449dce593174373391767ef449dce58f67ef449dce591.jpeg\",\"keywords\":[\"AB\u015e\",\"Az\u0259rbaycan\",\"Az\u0259rbaycanda s\u00fclh\",\"Erm\u0259nistan\",\"\u0130lham \u018fliyev\",\"Qafqaz\",\"Qafqaz x\u0259b\u0259rl\u0259ri\",\"Qaraba\u011f\",\"s\u00fclh m\u00fcqavil\u0259si\",\"Tramp\",\"X\u0259b\u0259rl\u0259r\"],\"articleSection\":[\"Armenia\",\"Armenia-Azerbaijan: Context\",\"Azerbaijan\",\"Explainer\",\"Issues\",\"News\",\"Opinion\",\"Politics\",\"Uncategorized\"],\"inLanguage\":\"az\"},{\"@type\":\"WebPage\",\"@id\":\"https:\/\/jam-news.net\/az\/eg%c9%99r-tramp-t%c9%99l%c9%99b-ets%c9%99-baki-ir%c9%99vanla-sulh-muqavil%c9%99si-imzalayacaq-abs-analitikinin-r%c9%99yi\/\",\"url\":\"https:\/\/jam-news.net\/az\/eg%c9%99r-tramp-t%c9%99l%c9%99b-ets%c9%99-baki-ir%c9%99vanla-sulh-muqavil%c9%99si-imzalayacaq-abs-analitikinin-r%c9%99yi\/\",\"name\":\"Tramp\u0131n \u018fliyevin q\u0259rarlar\u0131na t\u0259siri \/ JAMnews\",\"isPartOf\":{\"@id\":\"https:\/\/jam-news.net\/az\/#website\"},\"primaryImageOfPage\":{\"@id\":\"https:\/\/jam-news.net\/az\/eg%c9%99r-tramp-t%c9%99l%c9%99b-ets%c9%99-baki-ir%c9%99vanla-sulh-muqavil%c9%99si-imzalayacaq-abs-analitikinin-r%c9%99yi\/#primaryimage\"},\"image\":{\"@id\":\"https:\/\/jam-news.net\/az\/eg%c9%99r-tramp-t%c9%99l%c9%99b-ets%c9%99-baki-ir%c9%99vanla-sulh-muqavil%c9%99si-imzalayacaq-abs-analitikinin-r%c9%99yi\/#primaryimage\"},\"thumbnailUrl\":\"https:\/\/jam-news.net\/app\/uploads\/2025\/04\/67ef449dce59267ef449dce593174373391767ef449dce58f67ef449dce591.jpeg\",\"datePublished\":\"2025-04-29T01:22:29+00:00\",\"dateModified\":\"2026-04-03T12:39:21+00:00\",\"breadcrumb\":{\"@id\":\"https:\/\/jam-news.net\/az\/eg%c9%99r-tramp-t%c9%99l%c9%99b-ets%c9%99-baki-ir%c9%99vanla-sulh-muqavil%c9%99si-imzalayacaq-abs-analitikinin-r%c9%99yi\/#breadcrumb\"},\"inLanguage\":\"az\",\"potentialAction\":[{\"@type\":\"ReadAction\",\"target\":[\"https:\/\/jam-news.net\/az\/eg%c9%99r-tramp-t%c9%99l%c9%99b-ets%c9%99-baki-ir%c9%99vanla-sulh-muqavil%c9%99si-imzalayacaq-abs-analitikinin-r%c9%99yi\/\"]}]},{\"@type\":\"ImageObject\",\"inLanguage\":\"az\",\"@id\":\"https:\/\/jam-news.net\/az\/eg%c9%99r-tramp-t%c9%99l%c9%99b-ets%c9%99-baki-ir%c9%99vanla-sulh-muqavil%c9%99si-imzalayacaq-abs-analitikinin-r%c9%99yi\/#primaryimage\",\"url\":\"https:\/\/jam-news.net\/app\/uploads\/2025\/04\/67ef449dce59267ef449dce593174373391767ef449dce58f67ef449dce591.jpeg\",\"contentUrl\":\"https:\/\/jam-news.net\/app\/uploads\/2025\/04\/67ef449dce59267ef449dce593174373391767ef449dce58f67ef449dce591.jpeg\",\"width\":1200,\"height\":800},{\"@type\":\"BreadcrumbList\",\"@id\":\"https:\/\/jam-news.net\/az\/eg%c9%99r-tramp-t%c9%99l%c9%99b-ets%c9%99-baki-ir%c9%99vanla-sulh-muqavil%c9%99si-imzalayacaq-abs-analitikinin-r%c9%99yi\/#breadcrumb\",\"itemListElement\":[{\"@type\":\"ListItem\",\"position\":1,\"name\":\"Home\",\"item\":\"https:\/\/jam-news.net\/az\/\"},{\"@type\":\"ListItem\",\"position\":2,\"name\":\"&#8220;\u018fg\u0259r Tramp t\u0259l\u0259b ets\u0259, Bak\u0131 \u0130r\u0259vanla s\u00fclh m\u00fcqavil\u0259si imzalayacaq&#8221; &#8211; AB\u015e analitikinin r\u0259yi\"}]},{\"@type\":\"WebSite\",\"@id\":\"https:\/\/jam-news.net\/az\/#website\",\"url\":\"https:\/\/jam-news.net\/az\/\",\"name\":\"Azerbaijani Jamnews\",\"description\":\"Caucasus News, Politics and Society\",\"publisher\":{\"@id\":\"https:\/\/jam-news.net\/az\/#organization\"},\"potentialAction\":[{\"@type\":\"SearchAction\",\"target\":{\"@type\":\"EntryPoint\",\"urlTemplate\":\"https:\/\/jam-news.net\/az\/?s={search_term_string}\"},\"query-input\":{\"@type\":\"PropertyValueSpecification\",\"valueRequired\":true,\"valueName\":\"search_term_string\"}}],\"inLanguage\":\"az\"},{\"@type\":\"Organization\",\"@id\":\"https:\/\/jam-news.net\/az\/#organization\",\"name\":\"JAMnews\",\"url\":\"https:\/\/jam-news.net\/az\/\",\"logo\":{\"@type\":\"ImageObject\",\"inLanguage\":\"az\",\"@id\":\"https:\/\/jam-news.net\/az\/#\/schema\/logo\/image\/\",\"url\":\"https:\/\/jam-news.net\/app\/uploads\/2020\/05\/JAM_w.jpg\",\"contentUrl\":\"https:\/\/jam-news.net\/app\/uploads\/2020\/05\/JAM_w.jpg\",\"width\":960,\"height\":960,\"caption\":\"JAMnews\"},\"image\":{\"@id\":\"https:\/\/jam-news.net\/az\/#\/schema\/logo\/image\/\"},\"sameAs\":[\"https:\/\/www.facebook.com\/JAMnewsInEnglish\/\",\"https:\/\/x.com\/JAMnewsCaucasus\",\"https:\/\/www.instagram.com\/jam_news\/\",\"https:\/\/www.youtube.com\/channel\/UCXQbUCme2pykuZYXWHx4VPg\"]},{\"@type\":\"Person\",\"@id\":\"\",\"url\":\"https:\/\/jam-news.net\/az\/author\/\"}]}<\/script>\n<!-- \/ Yoast SEO plugin. -->","yoast_head_json":{"title":"Tramp\u0131n \u018fliyevin q\u0259rarlar\u0131na t\u0259siri \/ JAMnews","robots":{"index":"index","follow":"follow","max-snippet":"max-snippet:-1","max-image-preview":"max-image-preview:large","max-video-preview":"max-video-preview:-1"},"canonical":"https:\/\/jam-news.net\/az\/eg\u0259r-tramp-t\u0259l\u0259b-ets\u0259-baki-ir\u0259vanla-sulh-muqavil\u0259si-imzalayacaq-abs-analitikinin-r\u0259yi\/","og_locale":"az_AZ","og_type":"article","og_title":"\"\u018fg\u0259r Tramp t\u0259l\u0259b ets\u0259, Bak\u0131 \u0130r\u0259vanla s\u00fclh m\u00fcqavil\u0259si imzalayacaq\": AB\u015e analitikinin r\u0259yi","og_description":"\u201cD\u00fcnyada \u018fliyevin qorxdu\u011fu bir insan var. O da Trampd\u0131r. O dey\u0259c\u0259k ki, \u0259g\u0259r s\u00fclh t\u0259l\u0259bimi r\u0259dd edirs\u0259ns\u0259, m\u0259n Erm\u0259nistana b\u0259rpa olunma\u011fa k\u00f6m\u0259k ed\u0259c\u0259y\u0259m\u201d.","og_url":"https:\/\/jam-news.net\/az\/eg\u0259r-tramp-t\u0259l\u0259b-ets\u0259-baki-ir\u0259vanla-sulh-muqavil\u0259si-imzalayacaq-abs-analitikinin-r\u0259yi\/","og_site_name":"Azerbaijani Jamnews","article_publisher":"https:\/\/www.facebook.com\/JAMnewsInEnglish\/","article_published_time":"2025-04-29T01:22:29+00:00","article_modified_time":"2026-04-03T12:39:21+00:00","og_image":[{"width":1200,"height":800,"url":"https:\/\/jam-news.net\/app\/uploads\/2025\/04\/67ef449dce59267ef449dce593174373391767ef449dce58f67ef449dce591.jpeg","type":"image\/jpeg"}],"twitter_card":"summary_large_image","twitter_creator":"@JAMnewsCaucasus","twitter_site":"@JAMnewsCaucasus","twitter_misc":{"Written by":"","Est. reading time":"5 minutes"},"schema":{"@context":"https:\/\/schema.org","@graph":[{"@type":"Article","@id":"https:\/\/jam-news.net\/az\/eg%c9%99r-tramp-t%c9%99l%c9%99b-ets%c9%99-baki-ir%c9%99vanla-sulh-muqavil%c9%99si-imzalayacaq-abs-analitikinin-r%c9%99yi\/#article","isPartOf":{"@id":"https:\/\/jam-news.net\/az\/eg%c9%99r-tramp-t%c9%99l%c9%99b-ets%c9%99-baki-ir%c9%99vanla-sulh-muqavil%c9%99si-imzalayacaq-abs-analitikinin-r%c9%99yi\/"},"author":{"name":"","@id":""},"headline":"&#8220;\u018fg\u0259r Tramp t\u0259l\u0259b ets\u0259, Bak\u0131 \u0130r\u0259vanla s\u00fclh m\u00fcqavil\u0259si imzalayacaq&#8221; &#8211; AB\u015e analitikinin r\u0259yi","datePublished":"2025-04-29T01:22:29+00:00","dateModified":"2026-04-03T12:39:21+00:00","mainEntityOfPage":{"@id":"https:\/\/jam-news.net\/az\/eg%c9%99r-tramp-t%c9%99l%c9%99b-ets%c9%99-baki-ir%c9%99vanla-sulh-muqavil%c9%99si-imzalayacaq-abs-analitikinin-r%c9%99yi\/"},"wordCount":1397,"publisher":{"@id":"https:\/\/jam-news.net\/az\/#organization"},"image":{"@id":"https:\/\/jam-news.net\/az\/eg%c9%99r-tramp-t%c9%99l%c9%99b-ets%c9%99-baki-ir%c9%99vanla-sulh-muqavil%c9%99si-imzalayacaq-abs-analitikinin-r%c9%99yi\/#primaryimage"},"thumbnailUrl":"https:\/\/jam-news.net\/app\/uploads\/2025\/04\/67ef449dce59267ef449dce593174373391767ef449dce58f67ef449dce591.jpeg","keywords":["AB\u015e","Az\u0259rbaycan","Az\u0259rbaycanda s\u00fclh","Erm\u0259nistan","\u0130lham \u018fliyev","Qafqaz","Qafqaz x\u0259b\u0259rl\u0259ri","Qaraba\u011f","s\u00fclh m\u00fcqavil\u0259si","Tramp","X\u0259b\u0259rl\u0259r"],"articleSection":["Armenia","Armenia-Azerbaijan: Context","Azerbaijan","Explainer","Issues","News","Opinion","Politics","Uncategorized"],"inLanguage":"az"},{"@type":"WebPage","@id":"https:\/\/jam-news.net\/az\/eg%c9%99r-tramp-t%c9%99l%c9%99b-ets%c9%99-baki-ir%c9%99vanla-sulh-muqavil%c9%99si-imzalayacaq-abs-analitikinin-r%c9%99yi\/","url":"https:\/\/jam-news.net\/az\/eg%c9%99r-tramp-t%c9%99l%c9%99b-ets%c9%99-baki-ir%c9%99vanla-sulh-muqavil%c9%99si-imzalayacaq-abs-analitikinin-r%c9%99yi\/","name":"Tramp\u0131n \u018fliyevin q\u0259rarlar\u0131na t\u0259siri \/ JAMnews","isPartOf":{"@id":"https:\/\/jam-news.net\/az\/#website"},"primaryImageOfPage":{"@id":"https:\/\/jam-news.net\/az\/eg%c9%99r-tramp-t%c9%99l%c9%99b-ets%c9%99-baki-ir%c9%99vanla-sulh-muqavil%c9%99si-imzalayacaq-abs-analitikinin-r%c9%99yi\/#primaryimage"},"image":{"@id":"https:\/\/jam-news.net\/az\/eg%c9%99r-tramp-t%c9%99l%c9%99b-ets%c9%99-baki-ir%c9%99vanla-sulh-muqavil%c9%99si-imzalayacaq-abs-analitikinin-r%c9%99yi\/#primaryimage"},"thumbnailUrl":"https:\/\/jam-news.net\/app\/uploads\/2025\/04\/67ef449dce59267ef449dce593174373391767ef449dce58f67ef449dce591.jpeg","datePublished":"2025-04-29T01:22:29+00:00","dateModified":"2026-04-03T12:39:21+00:00","breadcrumb":{"@id":"https:\/\/jam-news.net\/az\/eg%c9%99r-tramp-t%c9%99l%c9%99b-ets%c9%99-baki-ir%c9%99vanla-sulh-muqavil%c9%99si-imzalayacaq-abs-analitikinin-r%c9%99yi\/#breadcrumb"},"inLanguage":"az","potentialAction":[{"@type":"ReadAction","target":["https:\/\/jam-news.net\/az\/eg%c9%99r-tramp-t%c9%99l%c9%99b-ets%c9%99-baki-ir%c9%99vanla-sulh-muqavil%c9%99si-imzalayacaq-abs-analitikinin-r%c9%99yi\/"]}]},{"@type":"ImageObject","inLanguage":"az","@id":"https:\/\/jam-news.net\/az\/eg%c9%99r-tramp-t%c9%99l%c9%99b-ets%c9%99-baki-ir%c9%99vanla-sulh-muqavil%c9%99si-imzalayacaq-abs-analitikinin-r%c9%99yi\/#primaryimage","url":"https:\/\/jam-news.net\/app\/uploads\/2025\/04\/67ef449dce59267ef449dce593174373391767ef449dce58f67ef449dce591.jpeg","contentUrl":"https:\/\/jam-news.net\/app\/uploads\/2025\/04\/67ef449dce59267ef449dce593174373391767ef449dce58f67ef449dce591.jpeg","width":1200,"height":800},{"@type":"BreadcrumbList","@id":"https:\/\/jam-news.net\/az\/eg%c9%99r-tramp-t%c9%99l%c9%99b-ets%c9%99-baki-ir%c9%99vanla-sulh-muqavil%c9%99si-imzalayacaq-abs-analitikinin-r%c9%99yi\/#breadcrumb","itemListElement":[{"@type":"ListItem","position":1,"name":"Home","item":"https:\/\/jam-news.net\/az\/"},{"@type":"ListItem","position":2,"name":"&#8220;\u018fg\u0259r Tramp t\u0259l\u0259b ets\u0259, Bak\u0131 \u0130r\u0259vanla s\u00fclh m\u00fcqavil\u0259si imzalayacaq&#8221; &#8211; AB\u015e analitikinin r\u0259yi"}]},{"@type":"WebSite","@id":"https:\/\/jam-news.net\/az\/#website","url":"https:\/\/jam-news.net\/az\/","name":"Azerbaijani Jamnews","description":"Caucasus News, Politics and Society","publisher":{"@id":"https:\/\/jam-news.net\/az\/#organization"},"potentialAction":[{"@type":"SearchAction","target":{"@type":"EntryPoint","urlTemplate":"https:\/\/jam-news.net\/az\/?s={search_term_string}"},"query-input":{"@type":"PropertyValueSpecification","valueRequired":true,"valueName":"search_term_string"}}],"inLanguage":"az"},{"@type":"Organization","@id":"https:\/\/jam-news.net\/az\/#organization","name":"JAMnews","url":"https:\/\/jam-news.net\/az\/","logo":{"@type":"ImageObject","inLanguage":"az","@id":"https:\/\/jam-news.net\/az\/#\/schema\/logo\/image\/","url":"https:\/\/jam-news.net\/app\/uploads\/2020\/05\/JAM_w.jpg","contentUrl":"https:\/\/jam-news.net\/app\/uploads\/2020\/05\/JAM_w.jpg","width":960,"height":960,"caption":"JAMnews"},"image":{"@id":"https:\/\/jam-news.net\/az\/#\/schema\/logo\/image\/"},"sameAs":["https:\/\/www.facebook.com\/JAMnewsInEnglish\/","https:\/\/x.com\/JAMnewsCaucasus","https:\/\/www.instagram.com\/jam_news\/","https:\/\/www.youtube.com\/channel\/UCXQbUCme2pykuZYXWHx4VPg"]},{"@type":"Person","@id":"","url":"https:\/\/jam-news.net\/az\/author\/"}]}},"_links":{"self":[{"href":"https:\/\/jam-news.net\/az\/wp-json\/wp\/v2\/posts\/97158","targetHints":{"allow":["GET"]}}],"collection":[{"href":"https:\/\/jam-news.net\/az\/wp-json\/wp\/v2\/posts"}],"about":[{"href":"https:\/\/jam-news.net\/az\/wp-json\/wp\/v2\/types\/post"}],"author":[{"embeddable":true,"href":"https:\/\/jam-news.net\/az\/wp-json\/wp\/v2\/users\/61"}],"replies":[{"embeddable":true,"href":"https:\/\/jam-news.net\/az\/wp-json\/wp\/v2\/comments?post=97158"}],"version-history":[{"count":9,"href":"https:\/\/jam-news.net\/az\/wp-json\/wp\/v2\/posts\/97158\/revisions"}],"predecessor-version":[{"id":97205,"href":"https:\/\/jam-news.net\/az\/wp-json\/wp\/v2\/posts\/97158\/revisions\/97205"}],"wp:featuredmedia":[{"embeddable":true,"href":"https:\/\/jam-news.net\/az\/wp-json\/wp\/v2\/media\/97155"}],"wp:attachment":[{"href":"https:\/\/jam-news.net\/az\/wp-json\/wp\/v2\/media?parent=97158"}],"wp:term":[{"taxonomy":"category","embeddable":true,"href":"https:\/\/jam-news.net\/az\/wp-json\/wp\/v2\/categories?post=97158"},{"taxonomy":"post_tag","embeddable":true,"href":"https:\/\/jam-news.net\/az\/wp-json\/wp\/v2\/tags?post=97158"},{"taxonomy":"formation","embeddable":true,"href":"https:\/\/jam-news.net\/az\/wp-json\/wp\/v2\/formation?post=97158"},{"taxonomy":"post-author","embeddable":true,"href":"https:\/\/jam-news.net\/az\/wp-json\/wp\/v2\/post-author?post=97158"},{"taxonomy":"topic","embeddable":true,"href":"https:\/\/jam-news.net\/az\/wp-json\/wp\/v2\/topic?post=97158"},{"taxonomy":"tooltip","embeddable":true,"href":"https:\/\/jam-news.net\/az\/wp-json\/wp\/v2\/tooltip?post=97158"},{"taxonomy":"city","embeddable":true,"href":"https:\/\/jam-news.net\/az\/wp-json\/wp\/v2\/city?post=97158"}],"curies":[{"name":"wp","href":"https:\/\/api.w.org\/{rel}","templated":true}]}}