{"id":9679,"date":"2018-11-29T00:00:00","date_gmt":"2018-11-29T00:00:00","guid":{"rendered":"http:\/\/jam-news.net\/az\/gurcustanin-besinci-prezidenti-hakimiyy%c9%99tyonlu-namiz%c9%99d-salome-zurabisvili-olacaq\/"},"modified":"2022-01-18T01:08:39","modified_gmt":"2022-01-17T21:08:39","slug":"gurcustanin-besinci-prezidenti-hakimiyy%c9%99tyonlu-namiz%c9%99d-salome-zurabisvili-olacaq","status":"publish","type":"post","link":"https:\/\/jam-news.net\/az\/gurcustanin-besinci-prezidenti-hakimiyy%c9%99tyonlu-namiz%c9%99d-salome-zurabisvili-olacaq\/","title":{"rendered":"G\u00fcrc\u00fcstan\u0131n be\u015finci prezidenti hakimiyy\u0259ty\u00f6nl\u00fc namiz\u0259d Salome Zurabi\u015fvili olub"},"content":{"rendered":"<p style=\"padding-left: 30px;\"><i><span style=\"font-weight: 400;\">\u00c7ox sayda qalmaqallardan v\u0259 ikinci turdan ke\u00e7\u0259r\u0259k G\u00fcrc\u00fcstan be\u015finci prezidentini se\u00e7ib.<\/span><\/i><\/p>\n<p style=\"padding-left: 30px;\"><i><span style=\"font-weight: 400;\">M\u0259rk\u0259zi Se\u00e7ki Komissiyas\u0131 art\u0131q b\u00fct\u00fcn b\u00fclletenl\u0259rin\u00a0<\/span><\/i><a href=\"http:\/\/results.cec.gov.ge\/\"><b><i>say\u0131b<\/i><\/b><\/a>.<i><span style=\"font-weight: 400;\">\u00a0\u00d6lk\u0259nin yeni prezidenti hakimiyy\u0259ty\u00f6nl\u00fc namiz\u0259d <a href=\"https:\/\/jam-news.net\/category\/theme-pages-az\/president-of-georgia-salome-zourabichvili-az\/?lang=az-AZ\" target=\"_blank\" rel=\"noopener noreferrer\">Salome Zurabi\u015fvili <\/a>se\u00e7ilib.<\/span><\/i><\/p>\n<p style=\"padding-left: 30px;\"><i><span style=\"font-weight: 400;\">Zurabi\u015fvili 59,52 faiz s\u0259s toplay\u0131b.<\/span><\/i><\/p>\n<p style=\"padding-left: 30px;\"><i><span style=\"font-weight: 400;\">Birl\u0259\u015fmi\u015f m\u00fcxalif\u0259tin namiz\u0259di Qriqol Va\u015fadze is\u0259\u00a0 40,48 faiz.<\/span><\/i><\/p>\n<p style=\"padding-left: 30px;\"><b><i>Se\u00e7icil\u0259rin ikinci turda f\u0259all\u0131\u011f\u0131 birinci turdan daha y\u00fcks\u0259k olub.<\/i><\/b><\/p>\n<p style=\"padding-left: 30px;\"><i><span style=\"font-weight: 400;\">MSK-n\u0131n m\u0259lumat\u0131na \u0259sas\u0259n, se\u00e7kil\u0259rd\u0259 G\u00fcrc\u00fcstan se\u00e7icil\u0259rin 56.23 faizi i\u015ftirak edib ki, bu da \u00fcmumilikd\u0259 1 milyon 975 min 845 n\u0259f\u0259r el\u0259yir. Bu, birinci turdak\u0131ndan 10 faiz \u00e7oxdur, o zaman se\u00e7icil\u0259rin 46,74 faizi v\u0259 ya 1 milyon 637 min 956 n\u0259f\u0259r s\u0259s vermi\u015fdi.<\/span><\/i><\/p>\n<p style=\"padding-left: 30px;\"><i><span style=\"font-weight: 400;\">Tbilisid\u0259 f\u0259all\u0131q 55,9 faiz t\u0259\u015fkil edib.<\/span><\/i><\/p>\n<p style=\"text-align: center;\">_____________<\/p>\n<p><span style=\"font-weight: 400;\">Noyabr\u0131n 28-d\u0259 se\u00e7ki m\u0259nt\u0259q\u0259l\u0259ri ba\u011flanandan d\u0259rhal sonra eksit-pollar\u0131n yayd\u0131\u011f\u0131 n\u0259tic\u0259l\u0259r bu r\u0259q\u0259ml\u0259r\u0259 nisb\u0259t\u0259n yax\u0131n olub.<\/span><\/p>\n<p><span style=\"font-weight: 400;\">M\u00fcxalif \u201cRustavi-2\u201d tele\u015firk\u0259tinin sifari\u015fi il\u0259 i\u015fl\u0259y\u0259n Edison Research \u015firk\u0259ti m\u0259lumat verib ki, se\u00e7icil\u0259rin 55 faizi hakimiyy\u0259ty\u00f6nl\u00fc namiz\u0259d\u0259, 45 faizi is\u0259 m\u00fcxalif\u0259tin namiz\u0259din\u0259 s\u0259s verib.<\/span><\/p>\n<p><span style=\"font-weight: 400;\">Hakimiyy\u0259ty\u00f6nl\u00fc \u201c\u0130medi\u201d tele\u015firk\u0259tinin sifari\u015fi il\u0259 i\u015fl\u0259y\u0259n GALLUP INTERNATIONAL \u015firk\u0259tinin m\u0259lumat\u0131na g\u00f6r\u0259 is\u0259 hakimiyy\u0259ty\u00f6nl\u00fc namiz\u0259d 58 faiz, m\u00fcxalif\u0259t namiz\u0259di is\u0259 42 faiz s\u0259s toplay\u0131b.<\/span><\/p>\n<p><a href=\"https:\/\/jam-news.net\/noyabrin-28-d%C9%99-gurcustanda-prezident-secil%C9%99c%C9%99k-bu-seckil%C9%99r-haqda-bilm%C9%99li-oldugunuz-h%C9%99r-sey\/?lang=az-AZ\" target=\"_blank\" rel=\"noopener noreferrer\"><b><\/b><b>\u2022\u00a0<span style=\"text-decoration: underline;\">G\u00fcrc\u00fcstanda prezident se\u00e7kil\u0259ri \u2013 2018: q\u0131saca b\u00fct\u00fcn detallar<\/span><\/b><\/a><\/p>\n<p><a href=\"https:\/\/jam-news.net\/borclarin-l%C9%99gv-olunmasi-n%C9%99-dem%C9%99kdir-v%C9%99-kim%C9%99-aid-edil%C9%99c%C9%99k-gurcu-arzusunun-t%C9%99s%C9%99bbusu-haqda-%C9%99n-muhum-bilgil%C9%99r\/?lang=az-AZ\" target=\"_blank\" rel=\"noopener noreferrer\"><b><\/b><b>\u2022\u00a0<span style=\"text-decoration: underline;\">Prezident se\u00e7kil\u0259rinin kinci turuna bir h\u0259ft\u0259 qalm\u0131\u015f 600 min G\u00fcrc\u00fcstan v\u0259t\u0259nda\u015f\u0131n\u0131n borclar\u0131 silinib. Bu n\u0259 dem\u0259kdir?<\/span><\/b><\/a><\/p>\n<p><a href=\"https:\/\/jam-news.net\/gurcustanda-prezident-seckil%C9%99ri-niy%C9%99-hakimiyy%C9%99t-v%C9%99t%C9%99ndas-muharib%C9%99si-haqda-danisir\/?lang=az-AZ\" target=\"_blank\" rel=\"noopener noreferrer\"><b><\/b><b>\u2022\u00a0<span style=\"text-decoration: underline;\">G\u00fcrc\u00fcstanda prezident se\u00e7kil\u0259ri. Niy\u0259 hakimiyy\u0259t v\u0259t\u0259nda\u015f m\u00fcharib\u0259si haqda dan\u0131\u015f\u0131r?<\/span><\/b><\/a><\/p>\n<h3 style=\"text-align: center;\"><span style=\"color: #000080;\"><b>\u0130lk reaksiya<\/b><\/span><\/h3>\n<p><span style=\"font-weight: 400;\">Eksit-poll n\u0259tic\u0259l\u0259ri elan olunandan d\u0259rhal sonra h\u0259r iki namiz\u0259din se\u00e7ki q\u0259rargah\u0131 v\u0259ziyy\u0259ti \u015f\u0259rh edib.<\/span><\/p>\n<p><figure id=\"attachment_136740\" aria-describedby=\"caption-attachment-136740\" style=\"width: 1200px\" class=\"wp-caption alignnone\"><img loading=\"lazy\" decoding=\"async\" class=\"wp-image-136740 size-full\" src=\"http:\/\/jam-news.net\/app\/uploads\/2018\/11\/RTS27Y4K.jpg\" alt=\"\" width=\"1200\" height=\"841\" \/><figcaption id=\"caption-attachment-136740\" class=\"wp-caption-text\"><em><span style=\"color: #808080;\"><i><span style=\"font-weight: 400;\">Qriqol Va\u015fadze eksit-poll n\u0259tic\u0259l\u0259ri elan olunandan sonra \u00f6z q\u0259rargah\u0131nda. 28 noyabr 2018-ci il. REUTERS\/\u0130rakli Qedenidze<\/span><\/i><\/span><\/em><\/figcaption><\/figure><\/p>\n<p><span style=\"font-weight: 400;\">Qriqol Va\u015fadze x\u00fcsusi brifinqd\u0259 t\u0259r\u0259fda\u015flar\u0131na d\u0259st\u0259k \u00fc\u00e7\u00fcn minn\u0259tdarl\u0131q bildirib. O deyib ki, \u201cRustavi-2\u201d-nin eksit-polluna g\u00fcv\u0259nir v\u0259 hakimiyy\u0259ti \u0259haliy\u0259 t\u0259zyiq gpst\u0259rm\u0259kd\u0259 ittiham edib.<\/span><\/p>\n<p style=\"padding-left: 30px;\"><i><span style=\"font-weight: 400;\">\u201cG\u00fcrc\u00fcstan h\u0259\u0259l\u0259 bel\u0259 se\u00e7ki tan\u0131may\u0131b. Hakimiyy\u0259t bacard\u0131\u011f\u0131 h\u0259r k\u0259si s\u0259f\u0259rb\u0259r edib. Bacard\u0131\u011f\u0131 h\u0259r k\u0259si sat\u0131n al\u0131b. B\u00fct\u00fcn kriminal elementl\u0259r, korrupsiya\u00e7\u0131lar c\u0259lb olunub. Amma h\u0259tta buna r\u0259\u011fm\u0259n \u201cBirl\u0259\u015fmi\u015f m\u00fcxalif\u0259t\u201d 756 min s\u0259s toplaya bilib\u201d, &#8211; <\/span><\/i><span style=\"font-weight: 400;\">Qriqol Va\u015fadze bildirib.<\/span><\/p>\n<p><span style=\"font-weight: 400;\">O deyib ki, yekun d\u0259y\u0259rl\u0259ndirm\u0259ni se\u00e7ki n\u0259tiic\u0259l\u0259ri r\u0259sm\u0259n elan edil\u0259nd\u0259n sonra ed\u0259c\u0259k.<\/span><\/p>\n<p><span style=\"font-weight: 400;\">G\u00fcrc\u00fcstan\u0131n \u00fc\u00e7\u00fcnc\u00fc prezidenti, bu g\u00fcn liderlik ed\u0259n \u201cMilli H\u0259r\u0259kat\u201d m\u00fcxalif\u0259t partiyas\u0131n\u0131n banisi Mixail Saaka\u015fvili is\u0259 daha radikal \u00e7\u0131x\u0131\u015f edib. Hollandiyada olsa da, siyasi prosesl\u0259rd\u0259 f\u0259al i\u015ftirak edib.<\/span><\/p>\n<p><b>O, bildirib ki, \u00e7oxsayl\u0131 pozuntular \u00fcz\u00fcnd\u0259n se\u00e7kinin n\u0259tic\u0259l\u0259rini q\u0259bul etmir v\u0259 \u0259halini n\u00f6vb\u0259d\u0259nk\u0259nar parlament se\u00e7kil\u0259ri t\u0259l\u0259bi il\u0259 k\u00fc\u00e7\u0259l\u0259r\u0259 \u00e7\u0131xma\u011fa \u00e7a\u011f\u0131r\u0131b.<\/b><\/p>\n<p style=\"padding-left: 30px;\"><i><span style=\"font-weight: 400;\">\u201cSabahdan [29 noyabrdan<\/span><\/i><span style=\"font-weight: 400;\"> \u2014 JAMnews<\/span><i><span style=\"font-weight: 400;\">], se\u00e7kil\u0259rin elan olunacaq n\u0259tic\u0259l\u0259rinin nec\u0259 olmas\u0131ndan as\u0131l\u0131 olmayaraq, biz k\u00fctl\u0259vi ita\u0259tsizlik aksiyalar\u0131na ba\u015flay\u0131r\u0131q. M\u0259n G\u00fcrc\u00fcstan polisini, ordunu d\u00f6vl\u0259tin ba\u015f\u0131nda duran kriminal, mafioz bandadan k\u0259nar durma\u011fa d\u0259v\u0259t edir\u0259m\u201d, &#8211; Saaka\u015fvili bildirib.<\/span><\/i><\/p>\n<p><span style=\"font-weight: 400;\">Amma onun bu b\u0259yanatlar\u0131 v\u0259 \u00e7a\u011f\u0131r\u0131\u015flar\u0131 h\u0259v\u0259ssiz qar\u015f\u0131lan\u0131b \u2013 h\u0259m \u00f6z partiyas\u0131nda, h\u0259m d\u0259 b\u00fct\u00fcnl\u00fckd\u0259 m\u00fcxalif\u0259td\u0259.<\/span><\/p>\n<p style=\"padding-left: 30px;\"><i><span style=\"font-weight: 400;\">\u201c \u201cBirl\u0259\u015fmi\u015f m\u00fcxalif\u0259tin\u201d ind\u0259n bel\u0259 n\u0259 edil\u0259c\u0259yin\u0259 q\u0259rar ver\u0259c\u0259k \u015furas\u0131 var\u201d, &#8211; <\/span><\/i><span style=\"font-weight: 400;\">Saaka\u015fvilinin b\u0259yanat\u0131n\u0131 birl\u0259\u015fmi\u015f m\u00fcxalif\u0259tin se\u00e7ki q\u0259rargah\u0131n\u0131n r\u0259hb\u0259ri Giorgi Va\u015fadze bel\u0259 \u015f\u0259rh edib.<\/span><\/p>\n<p><span style=\"font-weight: 400;\">Onun s\u00f6zl\u0259rin\u0259 g\u00f6r\u0259, haz\u0131rda q\u0259rargah \u0259ld\u0259 olunmu\u015f bb\u00fct\u00fcn s\u0259sl\u0259ri qorumaq \u00fcz\u0259rind\u0259 i\u015fl\u0259yir.<\/span><\/p>\n<p><span style=\"font-weight: 400;\">Q\u0259l\u0259b\u0259 qazanm\u0131\u015f t\u0259r\u0259fin siyasi d\u00fc\u015f\u0259rg\u0259sind\u0259 ilk b\u0259yanatla Salome Zurabi\u015fvilinin \u00f6z\u00fc yox, partiya lideri v\u0259 G\u00fcrc\u00fcstan\u0131 qeyri-formal idar\u0259 ed\u0259n milyarder Bidzina \u0130vani\u015fvili \u00e7\u0131x\u0131\u015f edib.<\/span><\/p>\n<p><span style=\"font-weight: 400;\">Eksit-pollar\u0131n n\u0259tic\u0259l\u0259ri elan olunandan sonra m\u0259hz \u0130vani\u015fvili g\u00f6st\u0259rdikl\u0259ri d\u0259st\u0259y\u0259 g\u00f6r\u0259 se\u00e7icil\u0259r\u0259 minn\u0259tdarl\u0131q edib. <\/span><\/p>\n<p><b>O, Zurabi\u015fvilinin q\u0259l\u0259b\u0259sini \u00f6z \u015f\u0259xsi q\u0259l\u0259b\u0259si kimi d\u0259y\u0259rl\u0259ndirib v\u0259 bundan sonrak\u0131 m\u0259suliyy\u0259ti \u00f6z \u00fcz\u0259rin\u0259 g\u00f6t\u00fcr\u00fcb:<\/b><\/p>\n<p><i><span style=\"font-weight: 400;\">\u201cC\u0259miyy\u0259t\u0259 g\u00f6st\u0259rdiyi bu reaksiyaya g\u00f6r\u0259 b\u00f6y\u00fck minn\u0259tdarl\u0131\u011f\u0131m\u0131 bildirir\u0259m, qalan\u0131 m\u0259nim \u00fcz\u0259rimd\u0259dir\u201d, &#8211; <\/span><\/i><span style=\"font-weight: 400;\">\u0130vani\u015fvili <\/span><a href=\"https:\/\/www.facebook.com\/GeorgianDreamOfficial\/videos\/122514985331673\/\"><b>b\u0259yan edib.<\/b><\/a><\/p>\n<p><figure id=\"attachment_136796\" aria-describedby=\"caption-attachment-136796\" style=\"width: 1432px\" class=\"wp-caption alignnone\"><img loading=\"lazy\" decoding=\"async\" class=\"wp-image-136796 size-full\" src=\"http:\/\/jam-news.net\/app\/uploads\/2018\/11\/46948133_10156860455606060_3826675118952677376_o.jpg\" alt=\"\" width=\"1432\" height=\"806\" \/><figcaption id=\"caption-attachment-136796\" class=\"wp-caption-text\"><span style=\"color: #808080;\"><em><i><span style=\"font-weight: 400;\">Bu, eksit-pollun n\u0259tic\u0259l\u0259ri elan olunandan sonra \u201cG\u00fcrc\u00fc arzusu\u201dnun Zurabi\u015fvilinin q\u0259l\u0259b\u0259sin\u0259 h\u0259sr olunmu\u015f ilk brifinqidir. Bu brifinqd\u0259 Zurabi\u015fvilinin \u00f6z\u00fc olmay\u0131b. Onun \u0259v\u0259zin\u0259 se\u00e7icil\u0259r\u0259 Bidzina \u0130vani\u015fmvili minn\u0259tdarl\u0131q edib. Fotoda: ba\u015f nazir Mamuka Baxtadze\u015e Tbilisi m\u00fcri Kaxa Kaladze, parlament spikeri \u0130rakli Kobaxidze v\u0259 parlaent \u00e7oxlu\u011funun r\u0259hb\u0259ri Mamuka Mdinaradze<\/span><\/i><\/em><\/span><\/figcaption><\/figure><\/p>\n<p><span style=\"font-weight: 400;\">Zurabi\u015fvilinin \u00f6z\u00fc daha sonra b\u0259yanat s\u0259sl\u0259ndirib.<\/span><\/p>\n<p><span style=\"font-weight: 400;\">O deyib ki, se\u00e7icil\u0259r ke\u00e7mi\u015fin qay\u0131tmas\u0131n\u0131 ist\u0259m\u0259dikl\u0259rini s\u00fcbut etdil\u0259r v\u0259 ona s\u0259s verm\u0259y\u0259nl\u0259rin d\u0259 prezidenti olma\u011f\u0131 v\u0259d edib.<\/span><\/p>\n<p><figure id=\"attachment_136745\" aria-describedby=\"caption-attachment-136745\" style=\"width: 1200px\" class=\"wp-caption alignnone\"><img loading=\"lazy\" decoding=\"async\" class=\"wp-image-136745 size-full\" src=\"http:\/\/jam-news.net\/app\/uploads\/2018\/11\/RTS27YD6.jpg\" alt=\"\" width=\"1200\" height=\"782\" \/><figcaption id=\"caption-attachment-136745\" class=\"wp-caption-text\"><span style=\"color: #808080;\"><span style=\"font-weight: 400;\">Salom\u00fc Zurabi\u015fvili u\u015faqlar\u0131 il\u0259 birlikd\u0259 q\u0259l\u0259b\u0259sin\u0259 sevinir. 28 noyabr, 2018. REUTERS\/David Mdzinari\u015fvili<\/span><\/span><\/figcaption><\/figure><\/p>\n<h2 style=\"text-align: center;\"><span style=\"color: #000080;\"><b>\u018fsas pozuntular<\/b><\/span><\/h2>\n<p><span style=\"font-weight: 400;\">Qeyri-h\u00f6kum\u0259t t\u0259\u015fkilatlar\u0131 (QHT) v\u0259 jurnalistl\u0259r se\u00e7ki g\u00fcn\u00fcnd\u0259 bir s\u0131ra pozuntulara diqq\u0259t yetiribl\u0259r.<\/span><\/p>\n<p><span style=\"font-weight: 400;\">M\u00fc\u015fahid\u0259\u00e7il\u0259r t\u0259krar s\u0259sverm\u0259 hallar\u0131 qeyd edibl\u0259r.<\/span><\/p>\n<p><figure id=\"attachment_136755\" aria-describedby=\"caption-attachment-136755\" style=\"width: 1200px\" class=\"wp-caption alignnone\"><img loading=\"lazy\" decoding=\"async\" class=\"wp-image-136755 size-full\" src=\"http:\/\/jam-news.net\/app\/uploads\/2018\/11\/archevenbi-12.jpg\" alt=\"\" width=\"1200\" height=\"781\" \/><figcaption id=\"caption-attachment-136755\" class=\"wp-caption-text\"><span style=\"color: #808080;\"><em><i><span style=\"font-weight: 400;\">Foto: David Pipia, JAMnews<\/span><\/i><\/em><\/span><\/figcaption><\/figure><\/p>\n<p><span style=\"font-weight: 400;\">Se\u00e7icil\u0259r\u0259 t\u0259zyiq hallar\u0131 qeyd\u0259 al\u0131n\u0131b \u2013 se\u00e7ki m\u0259nt\u0259q\u0259l\u0259rinin yan\u0131nda koordinator adlannd\u0131r\u0131lan \u201cavtoritetl\u0259r\u201d olub, onlar\u0131n orada olmas\u0131 se\u00e7icil\u0259r\u0259 arzuolunmaz t\u0259sir g\u00f6st\u0259rib. <\/span><\/p>\n<p><span style=\"font-weight: 400;\">Se\u00e7icil\u0259rin i\u015far\u0259l\u0259nm\u0259si zaman\u0131 \u00e7oxsayl\u0131 pozuntular qeyd\u0259 al\u0131n\u0131b.<\/span><\/p>\n<p><a href=\"https:\/\/jam-news.net\/qht-gurcustanda-prezident-seckisinin-legitimliyi-sual-altina-dus%C9%99-bil%C9%99r\/?lang=az-AZ\" target=\"_blank\" rel=\"noopener noreferrer\"><b>\u2022<span style=\"text-decoration: underline;\">Qeyri-h\u00f6kum\u0259t t\u0259\u015fkilatlar\u0131 : se\u00e7kil\u0259rin ikinci turununun legitimliyi sual alt\u0131na d\u00fc\u015f\u0259 bil\u0259r\u00a0<\/span><\/b><\/a><\/p>\n<p><a href=\"https:\/\/jam-news.net\/%D0%BF%D1%8F%D1%82%D1%8C-%D0%B8%D0%B7%D0%B1%D0%B8%D1%82%D1%8B%D1%85-%D0%BE%D0%BF%D0%BF%D0%BE%D0%B7%D0%B8%D1%86%D0%B8%D0%BE%D0%BD%D0%B5%D1%80%D0%B0-%D0%B7%D0%B0-%D0%BD%D0%B5%D0%B4%D0%B5%D0%BB%D1%8E\/?lang=ru\"><b>\u2022<span style=\"text-decoration: underline;\">Bir h\u0259ft\u0259d\u0259 be\u015f m\u00fcxalif\u0259t\u00e7i d\u00f6y\u00fcl\u00fcb \u2013 Cavaxeti se\u00e7kiqaba\u011f\u0131 d\u00f6vrd\u0259 \u201cqaynar n\u00f6qt\u0259y\u0259\u201d \u00e7evrilib\u00a0<\/span><\/b><\/a><\/p>\n<p><a href=\"https:\/\/jam-news.net\/%D0%B4%D0%BE-%D0%B2%D1%8B%D0%B1%D0%BE%D1%80%D0%BE%D0%B2-%D0%BC%D0%B5%D0%BD%D1%8C%D1%88%D0%B5-%D0%BC%D0%B5%D1%81%D1%8F%D1%86%D0%B0-%D0%B8%D0%B2%D0%B0%D0%BD%D0%B8%D1%88%D0%B2%D0%B8%D0%BB%D0%B8\/?lang=ru\"><b>\u2022<span style=\"text-decoration: underline;\">Se\u00e7kil\u0259r\u0259 bir aydan az vaxt qal\u0131b \u2013 \u0130vani\u015fvili se\u00e7icil\u0259rd\u0259n ona daha bir \u015fans verm\u0259yi xahi\u015f edir\u00a0<\/span><\/b><\/a><\/p>\n<p><a href=\"https:\/\/jam-news.net\/%D0%BD%D0%B5%D0%BF%D1%80%D0%B0%D0%B2%D0%B8%D1%82%D0%B5%D0%BB%D1%8C%D1%81%D1%82%D0%B2%D0%B5%D0%BD%D0%BD%D1%8B%D0%B5-%D0%BE%D1%80%D0%B3%D0%B0%D0%BD%D0%B8%D0%B7%D0%B0%D1%86%D0%B8%D0%B8-%D0%BF%D0%B5\/?lang=ru\"><b>\u2022<span style=\"text-decoration: underline;\">Qeyri-h\u00f6kum\u0259t t\u0259\u015fkilatlar\u0131: prezident se\u00e7kil\u0259rinin ikinci turu \u0259r\u0259f\u0259sind\u0259 se\u00e7icil\u0259rin sat\u0131n al\u0131nmas\u0131 hallar\u0131 olub<\/span><\/b><\/a><\/p>\n<p><span style=\"font-weight: 400;\">\u018fhalinin bir hiss\u0259sin\u0259 \u201c48\u201d n\u00f6mr\u0259sind\u0259n (Salome Zurabi\u015fvilinin se\u00e7ki n\u00f6mr\u0259si) z\u0259ng g\u0259lib. Bidzina \u0130vani\u015fvilinin s\u0259si il\u0259 dan\u0131\u015fan avto-cavablay\u0131c\u0131 se\u00e7ki m\u0259nt\u0259q\u0259l\u0259rin\u0259 gedib, \u201cparlaq g\u0259l\u0259c\u0259y\u0259\u201d s\u0259s verm\u0259y\u0259 \u00e7a\u011f\u0131r\u0131b.<\/span><\/p>\n<p><span style=\"font-weight: 400;\">H\u0259r\u00e7\u0259nd se\u00e7kiqaba\u011f\u0131 m\u0259rh\u0259l\u0259d\u0259 m\u00fc\u015fahid\u0259\u00e7il\u0259r daha a\u011f\u0131r pozuntular <\/span><a href=\"https:\/\/jam-news.net\/28-%D0%BD%D0%BE%D1%8F%D0%B1%D1%80%D1%8F-%D0%B3%D1%80%D1%83%D0%B7%D0%B8%D1%8F-%D0%B2%D1%8B%D0%B1%D0%B5%D1%80%D0%B5%D1%82-%D0%BF%D1%80%D0%B5%D0%B7%D0%B8%D0%B4%D0%B5%D0%BD%D1%82%D0%B0-%D0%B2%D1%81%D0%B5\/?lang=ru\"><b>qeyd\u0259 al\u0131blar<\/b><\/a><span style=\"font-weight: 400;\">. \u201cBeyn\u0259lxalq \u015e\u0259ffafl\u0131q &#8211; G\u00fcrc\u00fcstan\u201d QHT-nin r\u0259hb\u0259ri Eka Qiqauri deyib ki, \u0259n misilsiz pozuntu \u00a0600 min se\u00e7icinin bank borclar\u0131n\u0131n silinm\u0259si v\u0259di olub. Bu fakt\u0131 QHT-l\u0259r se\u00e7icil\u0259rin birba\u015fa sat\u0131n al\u0131nmas\u0131 kimi d\u0259y\u0259rl\u0259ndiribl\u0259r.<\/span><\/p>\n<p><span style=\"font-weight: 400;\">Qiqaurinin s\u00f6zl\u0259rin\u0259 g\u00f6r\u0259, bundan ba\u015fqa, hakimiyy\u0259t se\u00e7kiqaba\u011f\u0131 d\u00f6vrd\u0259 \u0259halinin ehtiyaclar\u0131 \u00fcz\u0259rind\u0259n oynayaraq, yard\u0131mlar\u0131n h\u0259cminin art\u0131r\u0131lmas\u0131n\u0131 v\u0259 yeni proqramlar\u0131n h\u0259yata ke\u00e7irilm\u0259sini v\u0259d edib. Bu \u00f6z\u00fc d\u0259 qanunla qada\u011fand\u0131r v\u0259 se\u00e7icil\u0259rin sat\u0131n al\u0131nmas\u0131 kimi d\u0259y\u0259rl\u0259ndirilir.<\/span><\/p>\n<h3 style=\"text-align: center;\"><span style=\"color: #000080;\"><b>Salome Zurabi\u015fvili kimdir?<\/b><\/span><\/h3>\n<p><span style=\"font-weight: 400;\">R\u0259sm\u0259n Salome Zurabi\u015fvili m\u00fcst\u0259qil namiz\u0259ddir. Amma \u0259slind\u0259 iqtidar partiyas\u0131 b\u00fct\u00fcn, o c\u00fcml\u0259d\u0259n d\u0259 inzibati resurslarla onu d\u0259st\u0259kl\u0259yir.<\/span><\/p>\n<p><span style=\"font-weight: 400;\">Zurabi\u015fvili Parisd\u0259 do\u011fulub. O, 1921-ci ild\u0259 G\u00fcrc\u00fcstandan qa\u00e7an siyasi m\u00fchacirl\u0259rin n\u0259slind\u0259ndir.<\/span><\/p>\n<p><span style=\"font-weight: 400;\">Zurabi\u015fvili Fransada diplomatik xidm\u0259td\u0259 olub, 2003-c\u00fc ild\u0259 Fransan\u0131n G\u00fcrc\u00fcstandak\u0131 s\u0259firi t\u0259yin edilib. 2004-c\u00fc ild\u0259 G\u00fcrc\u00fcstanda \u201cQ\u0131z\u0131lg\u00fcl inqilab\u0131\u201d ba\u015f tutan kimi Saaka\u015fvili ona G\u00fcrc\u00fcstan v\u0259t\u0259nda\u015fl\u0131\u011f\u0131 verib v\u0259 \u00f6z h\u00f6kum\u0259tind\u0259 xarici i\u015fl\u0259r naziri t\u0259yin edib.<\/span><\/p>\n<p><a href=\"https:\/\/jam-news.net\/gurcustan-prezidentliyin%C9%99-namiz%C9%99d-salome-zurabisvili-kimdir-v%C9%99-onda-dogru-olmayan-n%C9%99dir\/?lang=az-AZ\"><b>\u2022<span style=\"text-decoration: underline;\">Salome Zurabi\u015fvili kimdir \u2013 G\u00fcrc\u00fcstan\u0131n iqtidar partiyas\u0131n\u0131n ilk ciddi u\u011fursuzlu\u011fu?<\/span><\/b><\/a><\/p>\n<p><span style=\"font-weight: 400;\">Saaka\u015fvilinin komandas\u0131nda Zurabi\u015fvili \u00e7ox qalmad\u0131, 2005-ci ilin oktyabr\u0131na q\u0259d\u0259r. O, m\u00fcxalif\u0259t\u0259 ke\u00e7di, amma ondan m\u00fcxalif\u0259t lideri al\u0131nmad\u0131. Tezlikl\u0259 o, siyas\u0259ti v\u0259 G\u00fcrc\u00fcstan\u0131 t\u0259rk etdi. Yaln\u0131z 2012-ci ild\u0259, Bidzina \u0130vani\u015fili hakimiyy\u0259t\u0259 g\u0259l\u0259nd\u0259n sonra qay\u0131td\u0131. B\u00fct\u00fcn bu ill\u0259r \u0259rzind\u0259 \u0130vani\u015fvilini d\u0259st\u0259kl\u0259yib, amma \u201cG\u00fcrc\u00fc arzusu\u201d partiyas\u0131n\u0131n \u00fczv\u00fc olmay\u0131b.<\/span><\/p>\n<p><span style=\"font-weight: 400;\">Bu g\u00fcn Zurabi\u015fvili G\u00fcrc\u00fcstan parlamentinin deputat\u0131d\u0131r. Formal olaraq o, m\u00fcst\u0259qil namiz\u0259d kimi deputat se\u00e7ilib, amma \u201cG\u00fcrc\u00fc arzusu\u201dnun ciddi d\u0259st\u0259yini al\u0131b.<\/span><\/p>\n<p><span style=\"font-weight: 400;\">Zurabi\u015fvilinin namiz\u0259dliyi \u201cG\u00fcrc\u00fc arzusu\u201d partiyas\u0131nda he\u00e7 d\u0259 ham\u0131n\u0131n xo\u015funa g\u0259lmirdi, amma o, iqtidar partiyas\u0131nda \u00e7ox az adam\u0131n etiraz etm\u0259y\u0259 c\u0259sar\u0259tinin \u00e7atd\u0131\u011f\u0131 Bidzina \u0130vani\u015fvilinin \u015f\u0259xsi se\u00e7imi idi.<\/span><\/p>\n<p><span style=\"font-weight: 400;\">Sosial \u015f\u0259b\u0259k\u0259l\u0259rd\u0259 Zurabi\u015fviliy\u0259 qar\u015f\u0131 k\u00fctl\u0259vi kampaniya apar\u0131l\u0131rd\u0131, onun namiz\u0259dliyi hakimiyy\u0259t t\u0259r\u0259fdarlar\u0131 s\u0131ras\u0131nda \u00e7oxlu m\u00fcbahis\u0259l\u0259r do\u011fururdu. \u00a0S\u0259b\u0259b is\u0259 onun 2008-ci il avqust m\u00fcharib\u0259si il\u0259 ba\u011fl\u0131 s\u00f6yl\u0259dikl\u0259ri idi, o, bu m\u00fcharib\u0259y\u0259 g\u00f6r\u0259 m\u0259suliyy\u0259ti G\u00fcrc\u00fcstan hakimiyy\u0259ti \u00fcz\u0259rin\u0259 qoyurdu. O, avqust m\u00fcharib\u0259sini n\u0259z\u0259rd\u0259 tutaraq bildirmi\u015fdi ki, \u201ch\u0259rbi \u0259m\u0259liyyat\u0131n bu hiss\u0259sini\u201d ilk olaraq G\u00fcrc\u00fcstan ba\u015flad\u0131b. \u00a0<\/span><\/p>\n<p><span style=\"font-weight: 400;\">M\u00fcxalif\u0259t, o c\u00fcml\u0259d\u0259n d\u0259 QHT v\u0259 ictimaiyy\u0259t n\u00fcmay\u0259nd\u0259l\u0259ri bildirirl\u0259r ki, Zurabi\u015fvilinin b\u0259yanatlar\u0131 d\u00f6vl\u0259t\u00e7iliy\u0259 qar\u015f\u0131d\u0131r v\u0259 Kremlin n\u00f6qteyi-n\u0259z\u0259rini t\u0259krarlay\u0131r. Opponentl\u0259ri \u00e7ox vaxt Zurabi\u015fvilini \u201csatq\u0131n\u201d adland\u0131rmaqdan \u00e7\u0259kinmirl\u0259r.<\/span><\/p>\n<h3 style=\"text-align: center;\"><span style=\"color: #000080;\"><b>G\u0259l\u0259c\u0259k prezidentin h\u00fcquqlar\u0131<\/b><\/span><\/h3>\n<p><span style=\"font-weight: 400;\">Noyabr\u0131n 28-d\u0259 G\u00fcrc\u00fcstan \u0259halisi al il m\u00fcdd\u0259tin\u0259 prezident se\u00e7di. Buna q\u0259d\u0259r prezidentlik m\u00fcdd\u0259ti alt\u0131 il idi.<\/span><\/p>\n<p><span style=\"font-weight: 400;\">Bu, sonuncu birba\u015fa prezident se\u00e7kil\u0259ri idi. 2024-c\u00fc ild\u0259n etibar\u0259n prezidenti Se\u00e7icil\u0259r Kollegiyas\u0131 se\u00e7\u0259c\u0259k. Kollegiya 300 n\u0259f\u0259rd\u0259n ibar\u0259 olacaq: G\u00fcrc\u00fcstan parlamentinin 150 \u00fczv\u00fc, Acariya v\u0259 Abxaziyan\u0131n Ali \u015furalar\u0131n\u0131n h\u0259r\u0259di 13 n\u0259f\u0259rl\u0259 t\u0259msil olunacaq, 124 n\u0259f\u0259r d\u0259 \u00f6z\u00fcn\u00fcidar\u0259 orqanlar\u0131n\u0131n n\u00fcmay\u0259nd\u0259l\u0259rind\u0259n ibar\u0259t olacaq.<\/span><\/p>\n<p><span style=\"font-weight: 400;\">Yeni konstitusiyaya \u0259sas\u0259n, prezidentin s\u0259lahiyy\u0259tl\u0259ri \u0259h\u0259miyy\u0259tli d\u0259r\u0259c\u0259d\u0259 m\u0259hdudla\u015fd\u0131r\u0131l\u0131b, amma b\u0259zi \u00f6n\u0259mli funksiyalar\u0131 yen\u0259 d\u0259 qal\u0131r:<\/span><\/p>\n<p style=\"padding-left: 30px;\"><b>\u221a\u00a0\u00a0m\u0259hkumlar\u0131 \u0259fv etm\u0259y\u0259;<\/b><\/p>\n<p style=\"padding-left: 30px;\"><b>\u221a\u00a0\u00a0G\u00fcrc\u00fcstan v\u0259t\u0259nda\u015fl\u0131\u011f\u0131 t\u0259qdim etm\u0259y\u0259;<\/b><\/p>\n<p style=\"padding-left: 30px;\"><b>\u221a\u00a0\u00a0G\u00fcrc\u00fcstan\u0131 beyn\u0259lxalq arenada t\u0259msil etm\u0259y\u0259, amma bu zaman b\u00fct\u00fcn add\u0131mlar\u0131n\u0131 h\u00f6kum\u0259tl\u0259 raz\u0131la\u015fd\u0131rmaq \u015f\u0259rti il\u0259;<\/b><\/p>\n<p style=\"padding-left: 30px;\"><b>\u221a\u00a0\u00a0ba\u015f nazir v\u0259 Ali \u018fdliyy\u0259 \u015euras\u0131n\u0131n \u00fczvl\u0259rinin t\u0259yinat\u0131n\u0131 formal olaraq imzalay\u0131r;<\/b><\/p>\n<p style=\"padding-left: 30px;\"><b>\u221a\u00a0\u00a0qanunla m\u00fc\u0259yy\u0259n olunmu\u015f m\u00fcdd\u0259td\u0259 yerli se\u00e7kil\u0259ri, parlament se\u00e7kil\u0259rini, , h\u0259m\u00e7inin n\u00f6vb\u0259d\u0259nk\u0259nar se\u00e7kil\u0259ri t\u0259yin etm\u0259k;<\/b><\/p>\n<p style=\"padding-left: 30px;\"><b>\u221a\u00a0m\u00fckafat t\u0259yin v\u0259 t\u0259qdim etm\u0259k;<\/b><\/p>\n<p style=\"padding-left: 30px;\"><b>\u221a\u00a0\u00a0prezidenti h\u0259bs etm\u0259k, m\u0259suliyy\u0259t\u0259 c\u0259lb etm\u0259k olmaz;<\/b><\/p>\n<p style=\"padding-left: 30px;\"><b>\u221a\u00a0\u00a0prezidentin impi\u00e7ment m\u0259s\u0259l\u0259sini parlament deputatlar\u0131n\u0131n \u00fc\u00e7d\u0259 biri qald\u0131ra bil\u0259r<\/b><\/p>\n<p><span style=\"font-weight: 400;\">G\u00fcrc\u00fcstan parlament respublikas\u0131d\u0131r, m\u00fcvafiq olaraq, m\u0259hz parlament se\u00e7kil\u0259ri iki il sonra \u00f6lk\u0259ni kimin idar\u0259 ed\u0259c\u0259yini m\u00fc\u0259yy\u0259nl\u0259\u015fdir\u0259c\u0259k.<\/span><\/p>\n<p><span style=\"font-weight: 400;\">Haz\u0131rk\u0131 prezident se\u00e7kil\u0259ri bir \u00e7ox m\u0259qamlar\u0131 il\u0259 parlament se\u00e7kil\u0259rinin \u0259sas m\u0259\u015fqi hesab oluna bil\u0259r. Bu se\u00e7kil\u0259r 2020-ci il parlament se\u00e7kil\u0259rind\u0259n \u0259vv\u0259l siyasi partiyalara \u00f6z imkanlar\u0131n\u0131 d\u0259y\u0259rl\u0259ndirm\u0259k, c\u0259miyy\u0259t\u0259 is\u0259 bu siyasi subyektl\u0259rin n\u0259y\u0259 qadir oldu\u011funu d\u0259y\u0259rl\u0259ndirm\u0259k imkan\u0131 verdi.<\/span><\/p>\n<p>&nbsp;<\/p>\n<p><div class=\"su-divider su-divider-style-default\" style=\"margin:15px 0;border-width:3px;border-color:#999999\"><a href=\"#\" style=\"color:#999999\">Go to top<\/a><\/div> <\/p>\n<p><\/p>\n","protected":false},"excerpt":{"rendered":"<p>M\u00fcxalif namiz\u0259d t\u0259xmin\u0259n 20 faiz az s\u0259s toplay\u0131b, m\u00fcxalif\u0259t liderl\u0259rind\u0259n biri Mixail Saaka\u015fvili n\u00f6vb\u0259d\u0259nk\u0259nar parlament se\u00e7kisi t\u0259l\u0259b edir<\/p>\n","protected":false},"author":6,"featured_media":21742,"comment_status":"open","ping_status":"open","sticky":false,"template":"","format":"standard","meta":{"_acf_changed":false,"footnotes":""},"categories":[2,3,50,5],"tags":[15,101,152,378],"formation":[],"post-author":[2888],"topic":[426],"tooltip":[],"city":[6049],"class_list":["post-9679","post","type-post","status-publish","format-standard","has-post-thumbnail","hentry","category-cografiya","category-gurcustan","category-xbrlr","category-siyast","tag-gurcustan","tag-qafqaz","tag-qafqaz-xbrlri","tag-salome-zurabisvili","post-author-jamnews","topic-president-of-georgia-salome-zourabichvili","city-tbilisi"],"acf":[],"yoast_head":"<!-- This site is optimized with the Yoast SEO plugin v24.1 - https:\/\/yoast.com\/wordpress\/plugins\/seo\/ -->\n<title>G\u00fcrc\u00fcstan\u0131n be\u015finci prezidenti hakimiyy\u0259ty\u00f6nl\u00fc namiz\u0259d Salome Zurabi\u015fvili olub - JAMnews<\/title>\n<meta name=\"robots\" content=\"index, follow, max-snippet:-1, max-image-preview:large, max-video-preview:-1\" \/>\n<link rel=\"canonical\" href=\"https:\/\/jam-news.net\/az\/gurcustanin-besinci-prezidenti-hakimiyy\u0259tyonlu-namiz\u0259d-salome-zurabisvili-olacaq\/\" \/>\n<meta property=\"og:locale\" content=\"az_AZ\" \/>\n<meta property=\"og:type\" content=\"article\" \/>\n<meta property=\"og:title\" content=\"G\u00fcrc\u00fcstan\u0131n be\u015finci prezidenti hakimiyy\u0259ty\u00f6nl\u00fc namiz\u0259d Salome Zurabi\u015fvili olub - JAMnews\" \/>\n<meta property=\"og:description\" content=\"M\u00fcxalif namiz\u0259d t\u0259xmin\u0259n 20 faiz az s\u0259s toplay\u0131b, m\u00fcxalif\u0259t liderl\u0259rind\u0259n biri Mixail Saaka\u015fvili n\u00f6vb\u0259d\u0259nk\u0259nar parlament se\u00e7kisi t\u0259l\u0259b edir\" \/>\n<meta property=\"og:url\" content=\"https:\/\/jam-news.net\/az\/gurcustanin-besinci-prezidenti-hakimiyy\u0259tyonlu-namiz\u0259d-salome-zurabisvili-olacaq\/\" \/>\n<meta property=\"og:site_name\" content=\"Azerbaijani Jamnews\" \/>\n<meta property=\"article:publisher\" content=\"https:\/\/www.facebook.com\/JAMnewsInEnglish\/\" \/>\n<meta property=\"article:published_time\" content=\"2018-11-29T00:00:00+00:00\" \/>\n<meta property=\"article:modified_time\" content=\"2022-01-17T21:08:39+00:00\" \/>\n<meta property=\"og:image\" content=\"https:\/\/jam-news.net\/app\/uploads\/2020\/03\/RTS27YD6-1-1.jpg\" \/>\n\t<meta property=\"og:image:width\" content=\"1200\" \/>\n\t<meta property=\"og:image:height\" content=\"782\" \/>\n\t<meta property=\"og:image:type\" content=\"image\/jpeg\" \/>\n<meta name=\"author\" content=\"Tatia nikoladze\" \/>\n<meta name=\"twitter:card\" content=\"summary_large_image\" \/>\n<meta name=\"twitter:creator\" content=\"@JAMnewsCaucasus\" \/>\n<meta name=\"twitter:site\" content=\"@JAMnewsCaucasus\" \/>\n<meta name=\"twitter:label1\" content=\"Written by\" \/>\n\t<meta name=\"twitter:data1\" content=\"Tatia nikoladze\" \/>\n\t<meta name=\"twitter:label2\" content=\"Est. reading time\" \/>\n\t<meta name=\"twitter:data2\" content=\"11 minutes\" \/>\n<script type=\"application\/ld+json\" class=\"yoast-schema-graph\">{\"@context\":\"https:\/\/schema.org\",\"@graph\":[{\"@type\":\"Article\",\"@id\":\"https:\/\/jam-news.net\/az\/gurcustanin-besinci-prezidenti-hakimiyy%c9%99tyonlu-namiz%c9%99d-salome-zurabisvili-olacaq\/#article\",\"isPartOf\":{\"@id\":\"https:\/\/jam-news.net\/az\/gurcustanin-besinci-prezidenti-hakimiyy%c9%99tyonlu-namiz%c9%99d-salome-zurabisvili-olacaq\/\"},\"author\":{\"name\":\"Tatia nikoladze\",\"@id\":\"https:\/\/jam-news.net\/az\/#\/schema\/person\/86c90ea4dd4c6e61e60ae51d24bc662c\"},\"headline\":\"G\u00fcrc\u00fcstan\u0131n be\u015finci prezidenti hakimiyy\u0259ty\u00f6nl\u00fc namiz\u0259d Salome Zurabi\u015fvili olub\",\"datePublished\":\"2018-11-29T00:00:00+00:00\",\"dateModified\":\"2022-01-17T21:08:39+00:00\",\"mainEntityOfPage\":{\"@id\":\"https:\/\/jam-news.net\/az\/gurcustanin-besinci-prezidenti-hakimiyy%c9%99tyonlu-namiz%c9%99d-salome-zurabisvili-olacaq\/\"},\"wordCount\":2206,\"commentCount\":0,\"publisher\":{\"@id\":\"https:\/\/jam-news.net\/az\/#organization\"},\"image\":{\"@id\":\"https:\/\/jam-news.net\/az\/gurcustanin-besinci-prezidenti-hakimiyy%c9%99tyonlu-namiz%c9%99d-salome-zurabisvili-olacaq\/#primaryimage\"},\"thumbnailUrl\":\"https:\/\/jam-news.net\/app\/uploads\/2020\/03\/RTS27YD6-1-1.jpg\",\"keywords\":[\"G\u00fcrc\u00fcstan\",\"Qafqaz\",\"Qafqaz x\u0259b\u0259rl\u0259ri\",\"Salome Zurabi\u015fvili\"],\"articleSection\":[\"Geography\",\"Georgia\",\"News\",\"Politics\"],\"inLanguage\":\"az\"},{\"@type\":\"WebPage\",\"@id\":\"https:\/\/jam-news.net\/az\/gurcustanin-besinci-prezidenti-hakimiyy%c9%99tyonlu-namiz%c9%99d-salome-zurabisvili-olacaq\/\",\"url\":\"https:\/\/jam-news.net\/az\/gurcustanin-besinci-prezidenti-hakimiyy%c9%99tyonlu-namiz%c9%99d-salome-zurabisvili-olacaq\/\",\"name\":\"G\u00fcrc\u00fcstan\u0131n be\u015finci prezidenti hakimiyy\u0259ty\u00f6nl\u00fc namiz\u0259d Salome Zurabi\u015fvili olub - JAMnews\",\"isPartOf\":{\"@id\":\"https:\/\/jam-news.net\/az\/#website\"},\"primaryImageOfPage\":{\"@id\":\"https:\/\/jam-news.net\/az\/gurcustanin-besinci-prezidenti-hakimiyy%c9%99tyonlu-namiz%c9%99d-salome-zurabisvili-olacaq\/#primaryimage\"},\"image\":{\"@id\":\"https:\/\/jam-news.net\/az\/gurcustanin-besinci-prezidenti-hakimiyy%c9%99tyonlu-namiz%c9%99d-salome-zurabisvili-olacaq\/#primaryimage\"},\"thumbnailUrl\":\"https:\/\/jam-news.net\/app\/uploads\/2020\/03\/RTS27YD6-1-1.jpg\",\"datePublished\":\"2018-11-29T00:00:00+00:00\",\"dateModified\":\"2022-01-17T21:08:39+00:00\",\"breadcrumb\":{\"@id\":\"https:\/\/jam-news.net\/az\/gurcustanin-besinci-prezidenti-hakimiyy%c9%99tyonlu-namiz%c9%99d-salome-zurabisvili-olacaq\/#breadcrumb\"},\"inLanguage\":\"az\",\"potentialAction\":[{\"@type\":\"ReadAction\",\"target\":[\"https:\/\/jam-news.net\/az\/gurcustanin-besinci-prezidenti-hakimiyy%c9%99tyonlu-namiz%c9%99d-salome-zurabisvili-olacaq\/\"]}]},{\"@type\":\"ImageObject\",\"inLanguage\":\"az\",\"@id\":\"https:\/\/jam-news.net\/az\/gurcustanin-besinci-prezidenti-hakimiyy%c9%99tyonlu-namiz%c9%99d-salome-zurabisvili-olacaq\/#primaryimage\",\"url\":\"https:\/\/jam-news.net\/app\/uploads\/2020\/03\/RTS27YD6-1-1.jpg\",\"contentUrl\":\"https:\/\/jam-news.net\/app\/uploads\/2020\/03\/RTS27YD6-1-1.jpg\",\"width\":1200,\"height\":782,\"caption\":\"Presidential candidate Salome Zurabishvili (C), accompanied by her daughter Ketevan and son Teimuraz, attends a news briefing dedicated to the results of the presidential election at her campaign headquarters in Tbilisi, Georgia November 28, 2018. REUTERS\/David Mdzinarishvili - RC18AB03B240\"},{\"@type\":\"BreadcrumbList\",\"@id\":\"https:\/\/jam-news.net\/az\/gurcustanin-besinci-prezidenti-hakimiyy%c9%99tyonlu-namiz%c9%99d-salome-zurabisvili-olacaq\/#breadcrumb\",\"itemListElement\":[{\"@type\":\"ListItem\",\"position\":1,\"name\":\"Home\",\"item\":\"https:\/\/jam-news.net\/az\/\"},{\"@type\":\"ListItem\",\"position\":2,\"name\":\"G\u00fcrc\u00fcstan\u0131n be\u015finci prezidenti hakimiyy\u0259ty\u00f6nl\u00fc namiz\u0259d Salome Zurabi\u015fvili olub\"}]},{\"@type\":\"WebSite\",\"@id\":\"https:\/\/jam-news.net\/az\/#website\",\"url\":\"https:\/\/jam-news.net\/az\/\",\"name\":\"Azerbaijani Jamnews\",\"description\":\"Caucasus News, Politics and Society\",\"publisher\":{\"@id\":\"https:\/\/jam-news.net\/az\/#organization\"},\"potentialAction\":[{\"@type\":\"SearchAction\",\"target\":{\"@type\":\"EntryPoint\",\"urlTemplate\":\"https:\/\/jam-news.net\/az\/?s={search_term_string}\"},\"query-input\":{\"@type\":\"PropertyValueSpecification\",\"valueRequired\":true,\"valueName\":\"search_term_string\"}}],\"inLanguage\":\"az\"},{\"@type\":\"Organization\",\"@id\":\"https:\/\/jam-news.net\/az\/#organization\",\"name\":\"JAMnews\",\"url\":\"https:\/\/jam-news.net\/az\/\",\"logo\":{\"@type\":\"ImageObject\",\"inLanguage\":\"az\",\"@id\":\"https:\/\/jam-news.net\/az\/#\/schema\/logo\/image\/\",\"url\":\"https:\/\/jam-news.net\/app\/uploads\/2020\/05\/JAM_w.jpg\",\"contentUrl\":\"https:\/\/jam-news.net\/app\/uploads\/2020\/05\/JAM_w.jpg\",\"width\":960,\"height\":960,\"caption\":\"JAMnews\"},\"image\":{\"@id\":\"https:\/\/jam-news.net\/az\/#\/schema\/logo\/image\/\"},\"sameAs\":[\"https:\/\/www.facebook.com\/JAMnewsInEnglish\/\",\"https:\/\/x.com\/JAMnewsCaucasus\",\"https:\/\/www.instagram.com\/jam_news\/\",\"https:\/\/www.youtube.com\/channel\/UCXQbUCme2pykuZYXWHx4VPg\"]},{\"@type\":\"Person\",\"@id\":\"https:\/\/jam-news.net\/az\/#\/schema\/person\/86c90ea4dd4c6e61e60ae51d24bc662c\",\"name\":\"Tatia nikoladze\",\"image\":{\"@type\":\"ImageObject\",\"inLanguage\":\"az\",\"@id\":\"https:\/\/jam-news.net\/az\/#\/schema\/person\/image\/\",\"url\":\"https:\/\/secure.gravatar.com\/avatar\/1f8b2c8ce4c25cc30806785bafe6bb03?s=96&d=mm&r=g\",\"contentUrl\":\"https:\/\/secure.gravatar.com\/avatar\/1f8b2c8ce4c25cc30806785bafe6bb03?s=96&d=mm&r=g\",\"caption\":\"Tatia nikoladze\"},\"url\":\"https:\/\/jam-news.net\/az\/author\/tatiani\/\"}]}<\/script>\n<!-- \/ Yoast SEO plugin. -->","yoast_head_json":{"title":"G\u00fcrc\u00fcstan\u0131n be\u015finci prezidenti hakimiyy\u0259ty\u00f6nl\u00fc namiz\u0259d Salome Zurabi\u015fvili olub - JAMnews","robots":{"index":"index","follow":"follow","max-snippet":"max-snippet:-1","max-image-preview":"max-image-preview:large","max-video-preview":"max-video-preview:-1"},"canonical":"https:\/\/jam-news.net\/az\/gurcustanin-besinci-prezidenti-hakimiyy\u0259tyonlu-namiz\u0259d-salome-zurabisvili-olacaq\/","og_locale":"az_AZ","og_type":"article","og_title":"G\u00fcrc\u00fcstan\u0131n be\u015finci prezidenti hakimiyy\u0259ty\u00f6nl\u00fc namiz\u0259d Salome Zurabi\u015fvili olub - JAMnews","og_description":"M\u00fcxalif namiz\u0259d t\u0259xmin\u0259n 20 faiz az s\u0259s toplay\u0131b, m\u00fcxalif\u0259t liderl\u0259rind\u0259n biri Mixail Saaka\u015fvili n\u00f6vb\u0259d\u0259nk\u0259nar parlament se\u00e7kisi t\u0259l\u0259b edir","og_url":"https:\/\/jam-news.net\/az\/gurcustanin-besinci-prezidenti-hakimiyy\u0259tyonlu-namiz\u0259d-salome-zurabisvili-olacaq\/","og_site_name":"Azerbaijani Jamnews","article_publisher":"https:\/\/www.facebook.com\/JAMnewsInEnglish\/","article_published_time":"2018-11-29T00:00:00+00:00","article_modified_time":"2022-01-17T21:08:39+00:00","og_image":[{"width":1200,"height":782,"url":"https:\/\/jam-news.net\/app\/uploads\/2020\/03\/RTS27YD6-1-1.jpg","type":"image\/jpeg"}],"author":"Tatia nikoladze","twitter_card":"summary_large_image","twitter_creator":"@JAMnewsCaucasus","twitter_site":"@JAMnewsCaucasus","twitter_misc":{"Written by":"Tatia nikoladze","Est. reading time":"11 minutes"},"schema":{"@context":"https:\/\/schema.org","@graph":[{"@type":"Article","@id":"https:\/\/jam-news.net\/az\/gurcustanin-besinci-prezidenti-hakimiyy%c9%99tyonlu-namiz%c9%99d-salome-zurabisvili-olacaq\/#article","isPartOf":{"@id":"https:\/\/jam-news.net\/az\/gurcustanin-besinci-prezidenti-hakimiyy%c9%99tyonlu-namiz%c9%99d-salome-zurabisvili-olacaq\/"},"author":{"name":"Tatia nikoladze","@id":"https:\/\/jam-news.net\/az\/#\/schema\/person\/86c90ea4dd4c6e61e60ae51d24bc662c"},"headline":"G\u00fcrc\u00fcstan\u0131n be\u015finci prezidenti hakimiyy\u0259ty\u00f6nl\u00fc namiz\u0259d Salome Zurabi\u015fvili olub","datePublished":"2018-11-29T00:00:00+00:00","dateModified":"2022-01-17T21:08:39+00:00","mainEntityOfPage":{"@id":"https:\/\/jam-news.net\/az\/gurcustanin-besinci-prezidenti-hakimiyy%c9%99tyonlu-namiz%c9%99d-salome-zurabisvili-olacaq\/"},"wordCount":2206,"commentCount":0,"publisher":{"@id":"https:\/\/jam-news.net\/az\/#organization"},"image":{"@id":"https:\/\/jam-news.net\/az\/gurcustanin-besinci-prezidenti-hakimiyy%c9%99tyonlu-namiz%c9%99d-salome-zurabisvili-olacaq\/#primaryimage"},"thumbnailUrl":"https:\/\/jam-news.net\/app\/uploads\/2020\/03\/RTS27YD6-1-1.jpg","keywords":["G\u00fcrc\u00fcstan","Qafqaz","Qafqaz x\u0259b\u0259rl\u0259ri","Salome Zurabi\u015fvili"],"articleSection":["Geography","Georgia","News","Politics"],"inLanguage":"az"},{"@type":"WebPage","@id":"https:\/\/jam-news.net\/az\/gurcustanin-besinci-prezidenti-hakimiyy%c9%99tyonlu-namiz%c9%99d-salome-zurabisvili-olacaq\/","url":"https:\/\/jam-news.net\/az\/gurcustanin-besinci-prezidenti-hakimiyy%c9%99tyonlu-namiz%c9%99d-salome-zurabisvili-olacaq\/","name":"G\u00fcrc\u00fcstan\u0131n be\u015finci prezidenti hakimiyy\u0259ty\u00f6nl\u00fc namiz\u0259d Salome Zurabi\u015fvili olub - JAMnews","isPartOf":{"@id":"https:\/\/jam-news.net\/az\/#website"},"primaryImageOfPage":{"@id":"https:\/\/jam-news.net\/az\/gurcustanin-besinci-prezidenti-hakimiyy%c9%99tyonlu-namiz%c9%99d-salome-zurabisvili-olacaq\/#primaryimage"},"image":{"@id":"https:\/\/jam-news.net\/az\/gurcustanin-besinci-prezidenti-hakimiyy%c9%99tyonlu-namiz%c9%99d-salome-zurabisvili-olacaq\/#primaryimage"},"thumbnailUrl":"https:\/\/jam-news.net\/app\/uploads\/2020\/03\/RTS27YD6-1-1.jpg","datePublished":"2018-11-29T00:00:00+00:00","dateModified":"2022-01-17T21:08:39+00:00","breadcrumb":{"@id":"https:\/\/jam-news.net\/az\/gurcustanin-besinci-prezidenti-hakimiyy%c9%99tyonlu-namiz%c9%99d-salome-zurabisvili-olacaq\/#breadcrumb"},"inLanguage":"az","potentialAction":[{"@type":"ReadAction","target":["https:\/\/jam-news.net\/az\/gurcustanin-besinci-prezidenti-hakimiyy%c9%99tyonlu-namiz%c9%99d-salome-zurabisvili-olacaq\/"]}]},{"@type":"ImageObject","inLanguage":"az","@id":"https:\/\/jam-news.net\/az\/gurcustanin-besinci-prezidenti-hakimiyy%c9%99tyonlu-namiz%c9%99d-salome-zurabisvili-olacaq\/#primaryimage","url":"https:\/\/jam-news.net\/app\/uploads\/2020\/03\/RTS27YD6-1-1.jpg","contentUrl":"https:\/\/jam-news.net\/app\/uploads\/2020\/03\/RTS27YD6-1-1.jpg","width":1200,"height":782,"caption":"Presidential candidate Salome Zurabishvili (C), accompanied by her daughter Ketevan and son Teimuraz, attends a news briefing dedicated to the results of the presidential election at her campaign headquarters in Tbilisi, Georgia November 28, 2018. REUTERS\/David Mdzinarishvili - RC18AB03B240"},{"@type":"BreadcrumbList","@id":"https:\/\/jam-news.net\/az\/gurcustanin-besinci-prezidenti-hakimiyy%c9%99tyonlu-namiz%c9%99d-salome-zurabisvili-olacaq\/#breadcrumb","itemListElement":[{"@type":"ListItem","position":1,"name":"Home","item":"https:\/\/jam-news.net\/az\/"},{"@type":"ListItem","position":2,"name":"G\u00fcrc\u00fcstan\u0131n be\u015finci prezidenti hakimiyy\u0259ty\u00f6nl\u00fc namiz\u0259d Salome Zurabi\u015fvili olub"}]},{"@type":"WebSite","@id":"https:\/\/jam-news.net\/az\/#website","url":"https:\/\/jam-news.net\/az\/","name":"Azerbaijani Jamnews","description":"Caucasus News, Politics and Society","publisher":{"@id":"https:\/\/jam-news.net\/az\/#organization"},"potentialAction":[{"@type":"SearchAction","target":{"@type":"EntryPoint","urlTemplate":"https:\/\/jam-news.net\/az\/?s={search_term_string}"},"query-input":{"@type":"PropertyValueSpecification","valueRequired":true,"valueName":"search_term_string"}}],"inLanguage":"az"},{"@type":"Organization","@id":"https:\/\/jam-news.net\/az\/#organization","name":"JAMnews","url":"https:\/\/jam-news.net\/az\/","logo":{"@type":"ImageObject","inLanguage":"az","@id":"https:\/\/jam-news.net\/az\/#\/schema\/logo\/image\/","url":"https:\/\/jam-news.net\/app\/uploads\/2020\/05\/JAM_w.jpg","contentUrl":"https:\/\/jam-news.net\/app\/uploads\/2020\/05\/JAM_w.jpg","width":960,"height":960,"caption":"JAMnews"},"image":{"@id":"https:\/\/jam-news.net\/az\/#\/schema\/logo\/image\/"},"sameAs":["https:\/\/www.facebook.com\/JAMnewsInEnglish\/","https:\/\/x.com\/JAMnewsCaucasus","https:\/\/www.instagram.com\/jam_news\/","https:\/\/www.youtube.com\/channel\/UCXQbUCme2pykuZYXWHx4VPg"]},{"@type":"Person","@id":"https:\/\/jam-news.net\/az\/#\/schema\/person\/86c90ea4dd4c6e61e60ae51d24bc662c","name":"Tatia nikoladze","image":{"@type":"ImageObject","inLanguage":"az","@id":"https:\/\/jam-news.net\/az\/#\/schema\/person\/image\/","url":"https:\/\/secure.gravatar.com\/avatar\/1f8b2c8ce4c25cc30806785bafe6bb03?s=96&d=mm&r=g","contentUrl":"https:\/\/secure.gravatar.com\/avatar\/1f8b2c8ce4c25cc30806785bafe6bb03?s=96&d=mm&r=g","caption":"Tatia nikoladze"},"url":"https:\/\/jam-news.net\/az\/author\/tatiani\/"}]}},"_links":{"self":[{"href":"https:\/\/jam-news.net\/az\/wp-json\/wp\/v2\/posts\/9679","targetHints":{"allow":["GET"]}}],"collection":[{"href":"https:\/\/jam-news.net\/az\/wp-json\/wp\/v2\/posts"}],"about":[{"href":"https:\/\/jam-news.net\/az\/wp-json\/wp\/v2\/types\/post"}],"author":[{"embeddable":true,"href":"https:\/\/jam-news.net\/az\/wp-json\/wp\/v2\/users\/6"}],"replies":[{"embeddable":true,"href":"https:\/\/jam-news.net\/az\/wp-json\/wp\/v2\/comments?post=9679"}],"version-history":[{"count":1,"href":"https:\/\/jam-news.net\/az\/wp-json\/wp\/v2\/posts\/9679\/revisions"}],"predecessor-version":[{"id":14251,"href":"https:\/\/jam-news.net\/az\/wp-json\/wp\/v2\/posts\/9679\/revisions\/14251"}],"wp:featuredmedia":[{"embeddable":true,"href":"https:\/\/jam-news.net\/az\/wp-json\/wp\/v2\/media\/21742"}],"wp:attachment":[{"href":"https:\/\/jam-news.net\/az\/wp-json\/wp\/v2\/media?parent=9679"}],"wp:term":[{"taxonomy":"category","embeddable":true,"href":"https:\/\/jam-news.net\/az\/wp-json\/wp\/v2\/categories?post=9679"},{"taxonomy":"post_tag","embeddable":true,"href":"https:\/\/jam-news.net\/az\/wp-json\/wp\/v2\/tags?post=9679"},{"taxonomy":"formation","embeddable":true,"href":"https:\/\/jam-news.net\/az\/wp-json\/wp\/v2\/formation?post=9679"},{"taxonomy":"post-author","embeddable":true,"href":"https:\/\/jam-news.net\/az\/wp-json\/wp\/v2\/post-author?post=9679"},{"taxonomy":"topic","embeddable":true,"href":"https:\/\/jam-news.net\/az\/wp-json\/wp\/v2\/topic?post=9679"},{"taxonomy":"tooltip","embeddable":true,"href":"https:\/\/jam-news.net\/az\/wp-json\/wp\/v2\/tooltip?post=9679"},{"taxonomy":"city","embeddable":true,"href":"https:\/\/jam-news.net\/az\/wp-json\/wp\/v2\/city?post=9679"}],"curies":[{"name":"wp","href":"https:\/\/api.w.org\/{rel}","templated":true}]}}