{"id":90843,"date":"2024-09-11T21:41:48","date_gmt":"2024-09-11T17:41:48","guid":{"rendered":"https:\/\/jam-news.net\/az\/?p=90843"},"modified":"2024-09-12T00:03:14","modified_gmt":"2024-09-11T20:03:14","slug":"qubad-ibadoglunun-isi-fazil-qasimov","status":"publish","type":"post","link":"https:\/\/jam-news.net\/az\/qubad-ibadoglunun-isi-fazil-qasimov\/","title":{"rendered":"H\u0259bsd\u0259 olan iqtisad\u00e7\u0131 alim 90 g\u00fcnd\u00fcr acl\u0131q aksiyas\u0131 ke\u00e7irir"},"content":{"rendered":"\n<p style=\"font-size:7px\"><em>Qubad \u0130bado\u011flunun i\u015fi \u2013 Fazil Qas\u0131mov<\/em><\/p>\n\n\n\n<p>90 g\u00fcnd\u00fcr h\u0259bsxanada acl\u0131q aksiyas\u0131 ke\u00e7ir\u0259n iqtisad\u00e7\u0131 alim Fazil Qas\u0131movun s\u0259hh\u0259tinin kritik oldu\u011fu bildirilir. Do\u011fmalar\u0131 onun h\u0259yat\u0131n\u0131n t\u0259hl\u00fck\u0259 alt\u0131nda olmas\u0131 il\u0259 ba\u011fl\u0131 h\u0259y\u0259can t\u0259bili \u00e7al\u0131rlar. Amma Qas\u0131mov acl\u0131q aksiyas\u0131n\u0131 dayand\u0131rmaq niyy\u0259tind\u0259 deyil. O, bununla h\u0259bsin\u0259 etiraz edir v\u0259 bildirir ki, h\u0259bsi \u00fc\u00e7\u00fcn he\u00e7 bir \u0259sas yoxdur v\u0259 ona qar\u015f\u0131 ir\u0259li s\u00fcr\u00fcl\u0259n ittihamlar\u0131n ham\u0131s\u0131 uydurmad\u0131r.<\/p>\n\n\n\n<hr class=\"wp-block-separator has-alpha-channel-opacity\"\/>\n\n\n\n<ul class=\"wp-block-list\"><li><a href=\"https:\/\/jam-news.net\/az\/abzas-media-isi-istintaq-uzadilib\/\" target=\"_blank\" rel=\"noreferrer noopener\">\u201cAbzas Media i\u015fi\u201d \u00fczr\u0259 istintaq m\u00fcdd\u0259ti ilin sonuna q\u0259d\u0259r uzad\u0131l\u0131b<\/a><\/li><li><a href=\"https:\/\/jam-news.net\/az\/bakida-formula-1\/\" target=\"_blank\" rel=\"noreferrer noopener\">\u201cFormula 1\u201d yar\u0131\u015flar\u0131 \u0259r\u0259f\u0259sind\u0259 Bak\u0131da h\u0259r\u0259k\u0259t yenid\u0259n iflic olub<\/a><\/li><li><a href=\"https:\/\/jam-news.net\/az\/%c9%99fqan-muxtarlinin-isi\/\" target=\"_blank\" rel=\"noreferrer noopener\">Jurnalist \u018ffqan Muxtarl\u0131n\u0131n A\u0130HM-d\u0259 G\u00fcrc\u00fcstan v\u0259 Az\u0259rbaycana qar\u015f\u0131 qald\u0131rd\u0131\u011f\u0131 iddia t\u0259min olunub<\/a><\/li><\/ul>\n\n\n\n<hr class=\"wp-block-separator has-alpha-channel-opacity\"\/>\n\n\n\n<p>\u0130qtisad\u00e7\u0131n\u0131n qarda\u015f\u0131 Nazim Qas\u0131movun s\u00f6zl\u0259rin\u0259 g\u00f6r\u0259, bir ne\u00e7\u0259 g\u00fcn \u0259vv\u0259l son g\u00f6r\u00fc\u015fl\u0259rind\u0259 onun v\u0259ziyy\u0259ti k\u0259skin pisl\u0259\u015fib.<\/p>\n\n\n\n<p>\u201cFazili \u0259lil arabas\u0131nda v\u0259kil ota\u011f\u0131na g\u0259tirdil\u0259r. 5-10 d\u0259qiq\u0259 s\u00f6hb\u0259t etm\u0259y\u0259 ba\u015flam\u0131\u015fd\u0131q Fazil hals\u0131zla\u015fd\u0131, dili s\u00f6z tutar-tutmaz dedi h\u0259kim \u00e7a\u011f\u0131r. Q\u0131\u015fq\u0131rd\u0131m, n\u00f6vb\u0259t\u00e7i hiss\u0259y\u0259 qa\u00e7d\u0131m, s\u0259sim\u0259 \u0259trafda olan insanlar, r\u0259is g\u0259ldi. H\u0259kim g\u0259l\u0259n\u0259 kimi havaya \u00e7\u0131xartd\u0131q.<\/p>\n\n\n\n<p>H\u0259kim g\u0259ldi, t\u0259zyiqini \u00f6l\u00e7d\u00fc, arterial t\u0259zyiqi 50\/30 g\u00f6st\u0259rdi. \u0130yn\u0259 vurdu, iyn\u0259d\u0259n sonra t\u0259dric\u0259n \u00f6z\u00fcn\u0259 g\u0259ldi. Tez-tez t\u0259zyiqini \u00f6l\u00e7d\u00fcl\u0259r, son g\u00f6st\u0259rici 80\/50 oldu.<\/p>\n\n\n\n<p>4 saata yax\u0131n yan\u0131nda oldum. N\u0259 q\u0259d\u0259r yalvard\u0131m yem\u0259k q\u0259bul etm\u0259di. Acl\u0131\u011f\u0131 sonad\u0259k davam etdirm\u0259kd\u0259 israrl\u0131 oldu\u011funu bildirdi. Son s\u00f6z\u00fc o oldu ki, he\u00e7 bir cinay\u0259t t\u00f6r\u0259tm\u0259yib, d\u00f6vl\u0259t \u0259leyhin\u0259 he\u00e7 bir i\u015f g\u00f6rm\u0259yib\u201d, &#8211; Nazim Qas\u0131mov \u201cTuran\u201da <a href=\"https:\/\/turan.az\/az\/siyaset\/fazil-qasimovun-sehheti-keskin-pislesib-784114\" target=\"_blank\" rel=\"noreferrer noopener\">deyib<\/a>.<\/p>\n\n\n\n<p>\u201cFazil\u0259 yalvard\u0131m ki, acl\u0131\u011f\u0131 dayand\u0131rs\u0131n. Qarda\u015f\u0131m art\u0131q ayaq \u00fcst\u0259 dayana bilmir. O 30 kiloqramdan \u00e7ox \u00e7\u0259ki itirib, \u00e7\u0259kisi 67 kiloqramdan 37 kiloqrama d\u00fc\u015f\u00fcb. Sa\u00e7lar\u0131 a\u011far\u0131b, qam\u0259ti b\u00fck\u00fcl\u00fcb, psixikas\u0131 pozulub, sanki 30 ya\u015f qocal\u0131b. Dedi ki, ya azadl\u0131\u011fa burax\u0131lacaq, ya da sonad\u0259k acl\u0131q edib d\u00fcnyas\u0131n\u0131 d\u0259yi\u015f\u0259c\u0259k\u201d, &#8211; dey\u0259 Nazim Qas\u0131mov \u0259lav\u0259 edib.<\/p>\n\n\n\n<p>\u0130yunun 14-d\u0259n Fazil Qas\u0131mov \u201ccinay\u0259t t\u0259qibi v\u0259 istintaq\u0131n \u0259vv\u0259lind\u0259 i\u015fg\u0259nc\u0259l\u0259r\u0259 m\u0259ruz qalmas\u0131na\u201d etiraz olaraq acl\u0131q aksiyas\u0131na ba\u015flay\u0131b. \u0130yulun 26-da s\u0259hh\u0259ti pisl\u0259\u015fdiyi \u00fc\u00e7\u00fcn istintaq t\u0259cridxanas\u0131ndan Penitensiar Xidm\u0259tin tibb m\u00fc\u0259ssis\u0259sin\u0259 k\u00f6\u00e7\u00fcr\u00fcl\u00fcb.<\/p>\n\n\n<article class=\"single-card uk-flex uk-flex-between m-b-sm-40\">\n\n  <div class=\"uk-grid wi-full-width\">\n\n    <div class=\"uk-width-2-3 p-t-sm-10\">\n      <a href=\"https:\/\/jam-news.net\/az\/turkiy%c9%99nin-az%c9%99rbaycana-t%c9%99hvil-verdiyi-alim-qubad-ibadoglu-isi-c%c9%99rciv%c9%99sind%c9%99-h%c9%99bs-edilib\/\" target=\"_blank\">\n\n\n\n\n\n        <h2 class=\"m-b-sm-23 wi-merriweather-light\">\n\tT\u00fcrkiy\u0259nin Az\u0259rbaycana t\u0259hvil verdiyi alim Qubad \u0130bado\u011flu i\u015fi \u00e7\u0259r\u00e7iv\u0259sind\u0259 h\u0259bs edilib\n<\/h2>\n\n        <p class=\"paragraph-color-2 m-b-sm-10 m-b-xs-7\">\n  Fazil Qas\u0131movun yax\u0131nlar\u0131 hadis\u0259 bar\u0259d\u0259 sosial \u015f\u0259b\u0259k\u0259l\u0259rd\u0259n x\u0259b\u0259r tutduqlar\u0131n\u0131 v\u0259 saxlan\u0131lma s\u0259b\u0259bil\u0259 ba\u011fl\u0131 onlara he\u00e7 bir m\u0259lumat\u0131n verilm\u0259diyini bildirirl\u0259r\n<\/p>\n      <\/a>\n    <\/div>\n    <div class=\"uk-width-1-3\">\n      <figure class=\"wi-full-height choose-post__img wi-merriweather-light\">\n  <a class=\"\" href=\"https:\/\/jam-news.net\/az\/turkiy%c9%99nin-az%c9%99rbaycana-t%c9%99hvil-verdiyi-alim-qubad-ibadoglu-isi-c%c9%99rciv%c9%99sind%c9%99-h%c9%99bs-edilib\/\">\n    <img decoding=\"async\" class=\"wi-full-height wi-ratio-img\" src=\"https:\/\/jam-news.net\/app\/uploads\/2023\/08\/Fazil-Qasimov.jpg\" alt=\"\" uk-img \/>\n  <\/a>\n<\/figure>\n    <\/div>\n  <\/div>\n<\/article>\n\n\n\n<p>G\u0259nc alim 2023-c\u00fc il avqustun 7-d\u0259 elmi f\u0259aliyy\u0259tl\u0259 m\u0259\u015f\u011ful oldu\u011fu T\u00fcrkiy\u0259d\u0259 saxlan\u0131l\u0131b. Sonra o, Az\u0259rbaycana g\u0259tirilib v\u0259 ondan iki h\u0259ft\u0259 \u0259vv\u0259l Bak\u0131da saxlan\u0131lan iqtisad\u00e7\u0131 alim Qubad \u0130bado\u011flu il\u0259 eyni i\u015f \u00fczr\u0259 Cinay\u0259t M\u0259c\u0259ll\u0259sinin 204.3.1-ci (m\u00fct\u0259\u015f\u0259kkil d\u0259st\u0259nin t\u0259rkibind\u0259 saxta pul haz\u0131rlama, \u0259ld\u0259 etm\u0259 v\u0259 ya satma) madd\u0259si il\u0259 ittiham olunub.<\/p>\n\n\n\n<p>Daha sonra Qas\u0131mov v\u0259 \u0130bado\u011fluna qar\u015f\u0131 yeni ittihamlar ir\u0259li s\u00fcr\u00fcl\u00fcb. \u0130stintaq onlar\u0131n h\u0259r ikisinin T\u00fcrkiy\u0259d\u0259 terror t\u0259\u015fkilat\u0131 elan edil\u0259n, AB\u015e-da ya\u015fayan din xadimi F\u0259tullah G\u00fcl\u0259nin r\u0259hb\u0259rlik etdiyi FET\u00d6 il\u0259 birba\u015fa \u0259laq\u0259li oldu\u011funu iddia edir. \u0130ddialara g\u00f6r\u0259, onlar dini ekstremist f\u0259aliyy\u0259tl\u0259 m\u0259\u015f\u011ful olublar.<\/p>\n\n\n\n<p>\u0130ttihamnam\u0259d\u0259 h\u0259m\u00e7inin deyilir ki, saxta pulu m\u00fcxalif siyas\u0259t\u00e7i, iqtisad\u00e7\u0131 alim Qubad \u0130bado\u011fluna m\u0259hz o verib.<\/p>\n\n\n\n<p>Bu g\u00fcnl\u0259rd\u0259 Qas\u0131mov ba\u015f prokurora, Ombudsmana, yerli v\u0259 beyn\u0259lxalq ictimaiyy\u0259t\u0259 m\u00fcraci\u0259tind\u0259 bu ifad\u0259ni i\u015fg\u0259nc\u0259 alt\u0131nda verdiyini bildirib. O, istintaq zaman\u0131 verdiyi ifad\u0259d\u0259n imtina ed\u0259r\u0259k, \u0130bado\u011fluna saxta pul verm\u0259diyini v\u0259 onunla he\u00e7 vaxt FET\u00d6 haqda m\u00fczakir\u0259l\u0259r aparmad\u0131\u011f\u0131n\u0131 bildirib.<\/p>\n\n\n<article class=\"single-card uk-flex uk-flex-between m-b-sm-40\">\n\n  <div class=\"uk-grid wi-full-width\">\n\n    <div class=\"uk-width-2-3 p-t-sm-10\">\n      <a href=\"https:\/\/jam-news.net\/az\/qubad-ibadoglunun-isi-polis-n%c9%99zar%c9%99ti\/\" target=\"_blank\">\n\n\n\n\n\n        <h2 class=\"m-b-sm-23 wi-merriweather-light\">\n\tQubad \u0130bado\u011flunun i\u015fi \u00fczr\u0259 istintaq 13 ay davam ed\u0259c\u0259k\n<\/h2>\n\n        <p class=\"paragraph-color-2 m-b-sm-10 m-b-xs-7\">\n  Siyas\u0259t\u00e7i bar\u0259sind\u0259 ev dustaql\u0131\u011f\u0131 q\u0259timkan t\u0259dbiri d\u0259yi\u015fdiril\u0259r\u0259k polis n\u0259zar\u0259tin\u0259 g\u00f6t\u00fcr\u00fcl\u00fcb, az \u0259vv\u0259l aya\u011f\u0131na tax\u0131lm\u0131\u015f elektron bil\u0259rzik d\u0259 \u00e7\u0131xar\u0131l\u0131b\n<\/p>\n      <\/a>\n    <\/div>\n    <div class=\"uk-width-1-3\">\n      <figure class=\"wi-full-height choose-post__img wi-merriweather-light\">\n  <a class=\"\" href=\"https:\/\/jam-news.net\/az\/qubad-ibadoglunun-isi-polis-n%c9%99zar%c9%99ti\/\">\n    <img decoding=\"async\" class=\"wi-full-height wi-ratio-img\" src=\"https:\/\/jam-news.net\/app\/uploads\/2023\/08\/qubad3.jpg\" alt=\"\" uk-img \/>\n  <\/a>\n<\/figure>\n    <\/div>\n  <\/div>\n<\/article>\n\n\n\n<p>Doqquz ayl\u0131q h\u0259bsd\u0259n sonra aprel ay\u0131nda polis n\u0259zar\u0259ti alt\u0131nda azadl\u0131\u011fa burax\u0131lan Qubad \u0130bado\u011flu acl\u0131q aksiyas\u0131na son verm\u0259si xahi\u015fi il\u0259 Fazil Qas\u0131mova m\u00fcraci\u0259t edib.<\/p>\n\n\n\n<p>\u201c\u018fzizim Fazil, s\u0259nin hal\u0131n m\u0259ni \u00e7ox m\u0259yus v\u0259 p\u0259ri\u015fan edir. S\u0259n\u0259 g\u00f6r\u0259 narahatl\u0131\u011f\u0131m g\u00fcn\u00fc-g\u00fcnd\u0259n art\u0131r. S\u0259nd\u0259n g\u00f6zl\u0259dikl\u0259rimin ham\u0131s\u0131n\u0131 etdin v\u0259 m\u0259nim s\u0259nd\u0259n \u00fczrxahl\u0131q g\u00f6zl\u0259ntim yoxdur. Ba\u015f\u0131m\u0131za g\u0259tiril\u0259nl\u0259r\u0259 g\u00f6r\u0259 s\u0259nd\u0259n v\u0259 m\u0259nd\u0259n \u00fczr ist\u0259nil\u0259nilm\u0259lidir. A\u00e7\u0131qlad\u0131\u011f\u0131n situasiyada ba\u015f ver\u0259nl\u0259r ba\u015fa d\u00fc\u015f\u00fcl\u0259ndir, onlar\u0131 anlay\u0131\u015fla qar\u015f\u0131lay\u0131ram. Fazil, bilirs\u0259n ki, s\u0259nin x\u0259trin m\u0259nim \u00fc\u00e7\u00fcn \u00e7ox \u0259zizdir, s\u0259ni \u0259vv\u0259lkit\u0259k \u00e7ox ist\u0259yir\u0259m. Odur ki, sa\u011flaml\u0131\u011f\u0131n m\u0259nim v\u0259 c\u0259miyy\u0259timiz \u00fc\u00e7\u00fcn \u00e7ox \u00f6n\u0259mlidir. Fazil, s\u0259nd\u0259n art\u0131q d\u0259r\u0259c\u0259d\u0259 xahi\u015f edir\u0259m, el\u0259 bu g\u00fcn, bu saat, bu d\u0259qiq\u0259, m\u0259ktubu oxuyan kimi acl\u0131\u011f\u0131 dayand\u0131r. M\u0259n \u0259min\u0259m ki, biz tezlikl\u0259 haqq etdiyimiz azadl\u0131qda g\u00f6r\u00fc\u015f\u0259c\u0259yik\u201d, &#8211; dey\u0259 m\u0259ktubda qeyd olunub.<\/p>\n\n\n\n<p class=\"has-text-align-center has-black-background-color has-background has-medium-font-size\"><strong><span style=\"color:#ffffff\" class=\"color\"><strong>Bizi izl\u0259yin<\/strong> \u00a0\u2013<\/span>\u00a0 <strong><a href=\"https:\/\/twitter.com\/CAMXbr?s=20&amp;t=ocvC6IWtMT41iogtIUDqSQ\" target=\"_blank\" rel=\"noreferrer noopener\"><mark style=\"background-color:rgba(0, 0, 0, 0);color:#00acee\" class=\"has-inline-color\">Twitter<\/mark><\/a><\/strong>\u00a0|\u00a0<strong><a href=\"https:\/\/www.facebook.com\/Jamnyus\" target=\"_blank\" rel=\"noreferrer noopener\"><mark style=\"background-color:rgba(0, 0, 0, 0);color:#4267b2\" class=\"has-inline-color\">Facebok<\/mark><\/a><\/strong><mark style=\"background-color:rgba(0, 0, 0, 0);color:#4267b2\" class=\"has-inline-color\">\u00a0<\/mark>|<strong> <\/strong><a href=\"https:\/\/t.me\/jamnewsaz\" target=\"_blank\" rel=\"noreferrer noopener\"><strong><mark style=\"background-color:rgba(0, 0, 0, 0);color:#0088cc\" class=\"has-inline-color\">Telegram<\/mark><\/strong><\/a><\/strong><\/p>\n","protected":false},"excerpt":{"rendered":"<p>Do\u011fmalar\u0131 Fazil Qas\u0131movun 30 kiloqram ar\u0131qlamas\u0131 v\u0259 h\u0259yat\u0131n\u0131n t\u0259hl\u00fck\u0259 alt\u0131nda olmas\u0131 il\u0259 ba\u011fl\u0131 h\u0259y\u0259can t\u0259bili \u00e7al\u0131r<\/p>\n","protected":false},"author":3,"featured_media":79736,"comment_status":"closed","ping_status":"closed","sticky":false,"template":"","format":"standard","meta":{"_acf_changed":false,"footnotes":""},"categories":[17,25,50,5],"tags":[],"formation":[],"post-author":[2888],"topic":[6199,4952],"tooltip":[],"city":[6041],"class_list":["post-90843","post","type-post","status-publish","format-standard","has-post-thumbnail","hentry","category-azrbaycan","category-cmiyyt","category-xbrlr","category-siyast","post-author-jamnews","topic-azrbaycanda-hbslr","topic-azrbaycan","city-baki"],"acf":[],"yoast_head":"<!-- This site is optimized with the Yoast SEO plugin v24.1 - https:\/\/yoast.com\/wordpress\/plugins\/seo\/ -->\n<title>Qubad \u0130bado\u011flunun i\u015fi \u2013 Fazil Qas\u0131mov JAMnews<\/title>\n<meta name=\"description\" content=\"90 g\u00fcnd\u00fcr h\u0259bsxanada acl\u0131q aksiyas\u0131 ke\u00e7ir\u0259n iqtisad\u00e7\u0131 alimin s\u0259hh\u0259tinin kritik oldu\u011fu bildirilir. Qubad \u0130bado\u011flunun i\u015fi \u2013 Fazil Qas\u0131mov\" \/>\n<meta name=\"robots\" content=\"index, follow, max-snippet:-1, max-image-preview:large, max-video-preview:-1\" \/>\n<link rel=\"canonical\" href=\"https:\/\/jam-news.net\/az\/qubad-ibadoglunun-isi-fazil-qasimov\/\" \/>\n<meta property=\"og:locale\" content=\"az_AZ\" \/>\n<meta property=\"og:type\" content=\"article\" \/>\n<meta property=\"og:title\" content=\"H\u0259bsd\u0259 olan iqtisad\u00e7\u0131 alim 90 g\u00fcnd\u00fcr acl\u0131q aksiyas\u0131 ke\u00e7irir\" \/>\n<meta property=\"og:description\" content=\"90 g\u00fcnd\u00fcr h\u0259bsxanada acl\u0131q aksiyas\u0131 ke\u00e7ir\u0259n iqtisad\u00e7\u0131 alimin s\u0259hh\u0259tinin kritik oldu\u011fu bildirilir. Qubad \u0130bado\u011flunun i\u015fi \u2013 Fazil Qas\u0131mov\" \/>\n<meta property=\"og:url\" content=\"https:\/\/jam-news.net\/az\/qubad-ibadoglunun-isi-fazil-qasimov\/\" \/>\n<meta property=\"og:site_name\" content=\"Azerbaijani Jamnews\" \/>\n<meta property=\"article:publisher\" content=\"https:\/\/www.facebook.com\/JAMnewsInEnglish\/\" \/>\n<meta property=\"article:published_time\" content=\"2024-09-11T17:41:48+00:00\" \/>\n<meta property=\"article:modified_time\" content=\"2024-09-11T20:03:14+00:00\" \/>\n<meta property=\"og:image\" content=\"https:\/\/jam-news.net\/app\/uploads\/2023\/08\/Fazil-Qasimov.jpg\" \/>\n\t<meta property=\"og:image:width\" content=\"750\" \/>\n\t<meta property=\"og:image:height\" content=\"422\" \/>\n\t<meta property=\"og:image:type\" content=\"image\/jpeg\" \/>\n<meta name=\"author\" content=\"JAMnews\" \/>\n<meta name=\"twitter:card\" content=\"summary_large_image\" \/>\n<meta name=\"twitter:title\" content=\"H\u0259bsd\u0259 olan iqtisad\u00e7\u0131 alim 90 g\u00fcnd\u00fcr acl\u0131q aksiyas\u0131 ke\u00e7irir\" \/>\n<meta name=\"twitter:creator\" content=\"@JAMnewsCaucasus\" \/>\n<meta name=\"twitter:site\" content=\"@JAMnewsCaucasus\" \/>\n<meta name=\"twitter:label1\" content=\"Written by\" \/>\n\t<meta name=\"twitter:data1\" content=\"JAMnews\" \/>\n\t<meta name=\"twitter:label2\" content=\"Est. reading time\" \/>\n\t<meta name=\"twitter:data2\" content=\"3 minutes\" \/>\n<script type=\"application\/ld+json\" class=\"yoast-schema-graph\">{\"@context\":\"https:\/\/schema.org\",\"@graph\":[{\"@type\":\"Article\",\"@id\":\"https:\/\/jam-news.net\/az\/qubad-ibadoglunun-isi-fazil-qasimov\/#article\",\"isPartOf\":{\"@id\":\"https:\/\/jam-news.net\/az\/qubad-ibadoglunun-isi-fazil-qasimov\/\"},\"author\":{\"name\":\"JAMnews\",\"@id\":\"https:\/\/jam-news.net\/az\/#\/schema\/person\/67df3bb7adb46cd513fb9c4cb02361c6\"},\"headline\":\"H\u0259bsd\u0259 olan iqtisad\u00e7\u0131 alim 90 g\u00fcnd\u00fcr acl\u0131q aksiyas\u0131 ke\u00e7irir\",\"datePublished\":\"2024-09-11T17:41:48+00:00\",\"dateModified\":\"2024-09-11T20:03:14+00:00\",\"mainEntityOfPage\":{\"@id\":\"https:\/\/jam-news.net\/az\/qubad-ibadoglunun-isi-fazil-qasimov\/\"},\"wordCount\":930,\"publisher\":{\"@id\":\"https:\/\/jam-news.net\/az\/#organization\"},\"image\":{\"@id\":\"https:\/\/jam-news.net\/az\/qubad-ibadoglunun-isi-fazil-qasimov\/#primaryimage\"},\"thumbnailUrl\":\"https:\/\/jam-news.net\/app\/uploads\/2023\/08\/Fazil-Qasimov.jpg\",\"articleSection\":[\"Azerbaijan\",\"Issues\",\"News\",\"Politics\"],\"inLanguage\":\"az\"},{\"@type\":\"WebPage\",\"@id\":\"https:\/\/jam-news.net\/az\/qubad-ibadoglunun-isi-fazil-qasimov\/\",\"url\":\"https:\/\/jam-news.net\/az\/qubad-ibadoglunun-isi-fazil-qasimov\/\",\"name\":\"Qubad \u0130bado\u011flunun i\u015fi \u2013 Fazil Qas\u0131mov JAMnews\",\"isPartOf\":{\"@id\":\"https:\/\/jam-news.net\/az\/#website\"},\"primaryImageOfPage\":{\"@id\":\"https:\/\/jam-news.net\/az\/qubad-ibadoglunun-isi-fazil-qasimov\/#primaryimage\"},\"image\":{\"@id\":\"https:\/\/jam-news.net\/az\/qubad-ibadoglunun-isi-fazil-qasimov\/#primaryimage\"},\"thumbnailUrl\":\"https:\/\/jam-news.net\/app\/uploads\/2023\/08\/Fazil-Qasimov.jpg\",\"datePublished\":\"2024-09-11T17:41:48+00:00\",\"dateModified\":\"2024-09-11T20:03:14+00:00\",\"description\":\"90 g\u00fcnd\u00fcr h\u0259bsxanada acl\u0131q aksiyas\u0131 ke\u00e7ir\u0259n iqtisad\u00e7\u0131 alimin s\u0259hh\u0259tinin kritik oldu\u011fu bildirilir. Qubad \u0130bado\u011flunun i\u015fi \u2013 Fazil Qas\u0131mov\",\"breadcrumb\":{\"@id\":\"https:\/\/jam-news.net\/az\/qubad-ibadoglunun-isi-fazil-qasimov\/#breadcrumb\"},\"inLanguage\":\"az\",\"potentialAction\":[{\"@type\":\"ReadAction\",\"target\":[\"https:\/\/jam-news.net\/az\/qubad-ibadoglunun-isi-fazil-qasimov\/\"]}]},{\"@type\":\"ImageObject\",\"inLanguage\":\"az\",\"@id\":\"https:\/\/jam-news.net\/az\/qubad-ibadoglunun-isi-fazil-qasimov\/#primaryimage\",\"url\":\"https:\/\/jam-news.net\/app\/uploads\/2023\/08\/Fazil-Qasimov.jpg\",\"contentUrl\":\"https:\/\/jam-news.net\/app\/uploads\/2023\/08\/Fazil-Qasimov.jpg\",\"width\":750,\"height\":422},{\"@type\":\"BreadcrumbList\",\"@id\":\"https:\/\/jam-news.net\/az\/qubad-ibadoglunun-isi-fazil-qasimov\/#breadcrumb\",\"itemListElement\":[{\"@type\":\"ListItem\",\"position\":1,\"name\":\"Home\",\"item\":\"https:\/\/jam-news.net\/az\/\"},{\"@type\":\"ListItem\",\"position\":2,\"name\":\"H\u0259bsd\u0259 olan iqtisad\u00e7\u0131 alim 90 g\u00fcnd\u00fcr acl\u0131q aksiyas\u0131 ke\u00e7irir\"}]},{\"@type\":\"WebSite\",\"@id\":\"https:\/\/jam-news.net\/az\/#website\",\"url\":\"https:\/\/jam-news.net\/az\/\",\"name\":\"Azerbaijani Jamnews\",\"description\":\"Caucasus News, Politics and Society\",\"publisher\":{\"@id\":\"https:\/\/jam-news.net\/az\/#organization\"},\"potentialAction\":[{\"@type\":\"SearchAction\",\"target\":{\"@type\":\"EntryPoint\",\"urlTemplate\":\"https:\/\/jam-news.net\/az\/?s={search_term_string}\"},\"query-input\":{\"@type\":\"PropertyValueSpecification\",\"valueRequired\":true,\"valueName\":\"search_term_string\"}}],\"inLanguage\":\"az\"},{\"@type\":\"Organization\",\"@id\":\"https:\/\/jam-news.net\/az\/#organization\",\"name\":\"JAMnews\",\"url\":\"https:\/\/jam-news.net\/az\/\",\"logo\":{\"@type\":\"ImageObject\",\"inLanguage\":\"az\",\"@id\":\"https:\/\/jam-news.net\/az\/#\/schema\/logo\/image\/\",\"url\":\"https:\/\/jam-news.net\/app\/uploads\/2020\/05\/JAM_w.jpg\",\"contentUrl\":\"https:\/\/jam-news.net\/app\/uploads\/2020\/05\/JAM_w.jpg\",\"width\":960,\"height\":960,\"caption\":\"JAMnews\"},\"image\":{\"@id\":\"https:\/\/jam-news.net\/az\/#\/schema\/logo\/image\/\"},\"sameAs\":[\"https:\/\/www.facebook.com\/JAMnewsInEnglish\/\",\"https:\/\/x.com\/JAMnewsCaucasus\",\"https:\/\/www.instagram.com\/jam_news\/\",\"https:\/\/www.youtube.com\/channel\/UCXQbUCme2pykuZYXWHx4VPg\"]},{\"@type\":\"Person\",\"@id\":\"https:\/\/jam-news.net\/az\/#\/schema\/person\/67df3bb7adb46cd513fb9c4cb02361c6\",\"name\":\"JAMnews\",\"image\":{\"@type\":\"ImageObject\",\"inLanguage\":\"az\",\"@id\":\"https:\/\/jam-news.net\/az\/#\/schema\/person\/image\/\",\"url\":\"https:\/\/secure.gravatar.com\/avatar\/e5c27593ef900c3ab3deed4ed1c653d7?s=96&d=mm&r=g\",\"contentUrl\":\"https:\/\/secure.gravatar.com\/avatar\/e5c27593ef900c3ab3deed4ed1c653d7?s=96&d=mm&r=g\",\"caption\":\"JAMnews\"},\"url\":\"https:\/\/jam-news.net\/az\/author\/margarita\/\"}]}<\/script>\n<!-- \/ Yoast SEO plugin. -->","yoast_head_json":{"title":"Qubad \u0130bado\u011flunun i\u015fi \u2013 Fazil Qas\u0131mov JAMnews","description":"90 g\u00fcnd\u00fcr h\u0259bsxanada acl\u0131q aksiyas\u0131 ke\u00e7ir\u0259n iqtisad\u00e7\u0131 alimin s\u0259hh\u0259tinin kritik oldu\u011fu bildirilir. Qubad \u0130bado\u011flunun i\u015fi \u2013 Fazil Qas\u0131mov","robots":{"index":"index","follow":"follow","max-snippet":"max-snippet:-1","max-image-preview":"max-image-preview:large","max-video-preview":"max-video-preview:-1"},"canonical":"https:\/\/jam-news.net\/az\/qubad-ibadoglunun-isi-fazil-qasimov\/","og_locale":"az_AZ","og_type":"article","og_title":"H\u0259bsd\u0259 olan iqtisad\u00e7\u0131 alim 90 g\u00fcnd\u00fcr acl\u0131q aksiyas\u0131 ke\u00e7irir","og_description":"90 g\u00fcnd\u00fcr h\u0259bsxanada acl\u0131q aksiyas\u0131 ke\u00e7ir\u0259n iqtisad\u00e7\u0131 alimin s\u0259hh\u0259tinin kritik oldu\u011fu bildirilir. Qubad \u0130bado\u011flunun i\u015fi \u2013 Fazil Qas\u0131mov","og_url":"https:\/\/jam-news.net\/az\/qubad-ibadoglunun-isi-fazil-qasimov\/","og_site_name":"Azerbaijani Jamnews","article_publisher":"https:\/\/www.facebook.com\/JAMnewsInEnglish\/","article_published_time":"2024-09-11T17:41:48+00:00","article_modified_time":"2024-09-11T20:03:14+00:00","og_image":[{"width":750,"height":422,"url":"https:\/\/jam-news.net\/app\/uploads\/2023\/08\/Fazil-Qasimov.jpg","type":"image\/jpeg"}],"author":"JAMnews","twitter_card":"summary_large_image","twitter_title":"H\u0259bsd\u0259 olan iqtisad\u00e7\u0131 alim 90 g\u00fcnd\u00fcr acl\u0131q aksiyas\u0131 ke\u00e7irir","twitter_creator":"@JAMnewsCaucasus","twitter_site":"@JAMnewsCaucasus","twitter_misc":{"Written by":"JAMnews","Est. reading time":"3 minutes"},"schema":{"@context":"https:\/\/schema.org","@graph":[{"@type":"Article","@id":"https:\/\/jam-news.net\/az\/qubad-ibadoglunun-isi-fazil-qasimov\/#article","isPartOf":{"@id":"https:\/\/jam-news.net\/az\/qubad-ibadoglunun-isi-fazil-qasimov\/"},"author":{"name":"JAMnews","@id":"https:\/\/jam-news.net\/az\/#\/schema\/person\/67df3bb7adb46cd513fb9c4cb02361c6"},"headline":"H\u0259bsd\u0259 olan iqtisad\u00e7\u0131 alim 90 g\u00fcnd\u00fcr acl\u0131q aksiyas\u0131 ke\u00e7irir","datePublished":"2024-09-11T17:41:48+00:00","dateModified":"2024-09-11T20:03:14+00:00","mainEntityOfPage":{"@id":"https:\/\/jam-news.net\/az\/qubad-ibadoglunun-isi-fazil-qasimov\/"},"wordCount":930,"publisher":{"@id":"https:\/\/jam-news.net\/az\/#organization"},"image":{"@id":"https:\/\/jam-news.net\/az\/qubad-ibadoglunun-isi-fazil-qasimov\/#primaryimage"},"thumbnailUrl":"https:\/\/jam-news.net\/app\/uploads\/2023\/08\/Fazil-Qasimov.jpg","articleSection":["Azerbaijan","Issues","News","Politics"],"inLanguage":"az"},{"@type":"WebPage","@id":"https:\/\/jam-news.net\/az\/qubad-ibadoglunun-isi-fazil-qasimov\/","url":"https:\/\/jam-news.net\/az\/qubad-ibadoglunun-isi-fazil-qasimov\/","name":"Qubad \u0130bado\u011flunun i\u015fi \u2013 Fazil Qas\u0131mov JAMnews","isPartOf":{"@id":"https:\/\/jam-news.net\/az\/#website"},"primaryImageOfPage":{"@id":"https:\/\/jam-news.net\/az\/qubad-ibadoglunun-isi-fazil-qasimov\/#primaryimage"},"image":{"@id":"https:\/\/jam-news.net\/az\/qubad-ibadoglunun-isi-fazil-qasimov\/#primaryimage"},"thumbnailUrl":"https:\/\/jam-news.net\/app\/uploads\/2023\/08\/Fazil-Qasimov.jpg","datePublished":"2024-09-11T17:41:48+00:00","dateModified":"2024-09-11T20:03:14+00:00","description":"90 g\u00fcnd\u00fcr h\u0259bsxanada acl\u0131q aksiyas\u0131 ke\u00e7ir\u0259n iqtisad\u00e7\u0131 alimin s\u0259hh\u0259tinin kritik oldu\u011fu bildirilir. Qubad \u0130bado\u011flunun i\u015fi \u2013 Fazil Qas\u0131mov","breadcrumb":{"@id":"https:\/\/jam-news.net\/az\/qubad-ibadoglunun-isi-fazil-qasimov\/#breadcrumb"},"inLanguage":"az","potentialAction":[{"@type":"ReadAction","target":["https:\/\/jam-news.net\/az\/qubad-ibadoglunun-isi-fazil-qasimov\/"]}]},{"@type":"ImageObject","inLanguage":"az","@id":"https:\/\/jam-news.net\/az\/qubad-ibadoglunun-isi-fazil-qasimov\/#primaryimage","url":"https:\/\/jam-news.net\/app\/uploads\/2023\/08\/Fazil-Qasimov.jpg","contentUrl":"https:\/\/jam-news.net\/app\/uploads\/2023\/08\/Fazil-Qasimov.jpg","width":750,"height":422},{"@type":"BreadcrumbList","@id":"https:\/\/jam-news.net\/az\/qubad-ibadoglunun-isi-fazil-qasimov\/#breadcrumb","itemListElement":[{"@type":"ListItem","position":1,"name":"Home","item":"https:\/\/jam-news.net\/az\/"},{"@type":"ListItem","position":2,"name":"H\u0259bsd\u0259 olan iqtisad\u00e7\u0131 alim 90 g\u00fcnd\u00fcr acl\u0131q aksiyas\u0131 ke\u00e7irir"}]},{"@type":"WebSite","@id":"https:\/\/jam-news.net\/az\/#website","url":"https:\/\/jam-news.net\/az\/","name":"Azerbaijani Jamnews","description":"Caucasus News, Politics and Society","publisher":{"@id":"https:\/\/jam-news.net\/az\/#organization"},"potentialAction":[{"@type":"SearchAction","target":{"@type":"EntryPoint","urlTemplate":"https:\/\/jam-news.net\/az\/?s={search_term_string}"},"query-input":{"@type":"PropertyValueSpecification","valueRequired":true,"valueName":"search_term_string"}}],"inLanguage":"az"},{"@type":"Organization","@id":"https:\/\/jam-news.net\/az\/#organization","name":"JAMnews","url":"https:\/\/jam-news.net\/az\/","logo":{"@type":"ImageObject","inLanguage":"az","@id":"https:\/\/jam-news.net\/az\/#\/schema\/logo\/image\/","url":"https:\/\/jam-news.net\/app\/uploads\/2020\/05\/JAM_w.jpg","contentUrl":"https:\/\/jam-news.net\/app\/uploads\/2020\/05\/JAM_w.jpg","width":960,"height":960,"caption":"JAMnews"},"image":{"@id":"https:\/\/jam-news.net\/az\/#\/schema\/logo\/image\/"},"sameAs":["https:\/\/www.facebook.com\/JAMnewsInEnglish\/","https:\/\/x.com\/JAMnewsCaucasus","https:\/\/www.instagram.com\/jam_news\/","https:\/\/www.youtube.com\/channel\/UCXQbUCme2pykuZYXWHx4VPg"]},{"@type":"Person","@id":"https:\/\/jam-news.net\/az\/#\/schema\/person\/67df3bb7adb46cd513fb9c4cb02361c6","name":"JAMnews","image":{"@type":"ImageObject","inLanguage":"az","@id":"https:\/\/jam-news.net\/az\/#\/schema\/person\/image\/","url":"https:\/\/secure.gravatar.com\/avatar\/e5c27593ef900c3ab3deed4ed1c653d7?s=96&d=mm&r=g","contentUrl":"https:\/\/secure.gravatar.com\/avatar\/e5c27593ef900c3ab3deed4ed1c653d7?s=96&d=mm&r=g","caption":"JAMnews"},"url":"https:\/\/jam-news.net\/az\/author\/margarita\/"}]}},"_links":{"self":[{"href":"https:\/\/jam-news.net\/az\/wp-json\/wp\/v2\/posts\/90843","targetHints":{"allow":["GET"]}}],"collection":[{"href":"https:\/\/jam-news.net\/az\/wp-json\/wp\/v2\/posts"}],"about":[{"href":"https:\/\/jam-news.net\/az\/wp-json\/wp\/v2\/types\/post"}],"author":[{"embeddable":true,"href":"https:\/\/jam-news.net\/az\/wp-json\/wp\/v2\/users\/3"}],"replies":[{"embeddable":true,"href":"https:\/\/jam-news.net\/az\/wp-json\/wp\/v2\/comments?post=90843"}],"version-history":[{"count":3,"href":"https:\/\/jam-news.net\/az\/wp-json\/wp\/v2\/posts\/90843\/revisions"}],"predecessor-version":[{"id":90856,"href":"https:\/\/jam-news.net\/az\/wp-json\/wp\/v2\/posts\/90843\/revisions\/90856"}],"wp:featuredmedia":[{"embeddable":true,"href":"https:\/\/jam-news.net\/az\/wp-json\/wp\/v2\/media\/79736"}],"wp:attachment":[{"href":"https:\/\/jam-news.net\/az\/wp-json\/wp\/v2\/media?parent=90843"}],"wp:term":[{"taxonomy":"category","embeddable":true,"href":"https:\/\/jam-news.net\/az\/wp-json\/wp\/v2\/categories?post=90843"},{"taxonomy":"post_tag","embeddable":true,"href":"https:\/\/jam-news.net\/az\/wp-json\/wp\/v2\/tags?post=90843"},{"taxonomy":"formation","embeddable":true,"href":"https:\/\/jam-news.net\/az\/wp-json\/wp\/v2\/formation?post=90843"},{"taxonomy":"post-author","embeddable":true,"href":"https:\/\/jam-news.net\/az\/wp-json\/wp\/v2\/post-author?post=90843"},{"taxonomy":"topic","embeddable":true,"href":"https:\/\/jam-news.net\/az\/wp-json\/wp\/v2\/topic?post=90843"},{"taxonomy":"tooltip","embeddable":true,"href":"https:\/\/jam-news.net\/az\/wp-json\/wp\/v2\/tooltip?post=90843"},{"taxonomy":"city","embeddable":true,"href":"https:\/\/jam-news.net\/az\/wp-json\/wp\/v2\/city?post=90843"}],"curies":[{"name":"wp","href":"https:\/\/api.w.org\/{rel}","templated":true}]}}