{"id":90358,"date":"2024-08-20T16:13:00","date_gmt":"2024-08-20T12:13:00","guid":{"rendered":"https:\/\/jam-news.net\/az\/?p=90358"},"modified":"2025-04-23T11:45:30","modified_gmt":"2025-04-23T07:45:30","slug":"abzas-media-isi-7-yeni-ittiham","status":"publish","type":"post","link":"https:\/\/jam-news.net\/az\/abzas-media-isi-7-yeni-ittiham\/","title":{"rendered":"\u201cAbzas Media i\u015fi\u201d \u00fczr\u0259 h\u0259bs edil\u0259nl\u0259ri art\u0131q 12 il\u0259 q\u0259d\u0259r h\u0259bs g\u00f6zl\u0259yir"},"content":{"rendered":"\n<p style=\"font-size:8px\"><em>\u201cAbzas Media i\u015fi\u201d &#8211; 7 yeni ittiham<\/em><\/p>\n\n\n\n<p>\u201cAbzas Media i\u015fi\u201d \u00fczr\u0259 h\u0259bs edil\u0259n daha 4 n\u0259f\u0259r\u0259 qar\u015f\u0131 yeni a\u011f\u0131rla\u015fd\u0131r\u0131c\u0131 ittihamlar ir\u0259li s\u00fcr\u00fcl\u00fcb. \u0130ndi onlar\u0131 8 il\u0259 q\u0259d\u0259r yox, 12 il\u0259 q\u0259d\u0259r azadl\u0131qdan m\u0259hrumetm\u0259 c\u0259zas\u0131 g\u00f6zl\u0259yir. Avropa Jurnalistl\u0259r Federasiyas\u0131 (EJF) b\u0259yanat yayaraq beyn\u0259lxalq ictimaiyy\u0259ti <a href=\"https:\/\/jam-news.net\/az\/category\/cografiya\/az%c9%99rbaycan\/\" target=\"_blank\" rel=\"noreferrer noopener\">Az\u0259rbaycanda <\/a>haqs\u0131z yer\u0259 h\u0259bsd\u0259 olan 23 jurnalist v\u0259 media i\u015f\u00e7isini azad etm\u0259k \u00fc\u00e7\u00fcn Az\u0259rbaycan h\u00f6kum\u0259tin\u0259 t\u0259zyiql\u0259ri art\u0131rma\u011fa \u00e7a\u011f\u0131r\u0131b.<\/p>\n\n\n\n<hr class=\"wp-block-separator has-alpha-channel-opacity\"\/>\n\n\n\n<ul class=\"wp-block-list\"><li><a href=\"https:\/\/jam-news.net\/az\/vladimir-putin-bakiya-r%c9%99smi-s%c9%99f%c9%99r-edib\/\" target=\"_blank\" rel=\"noreferrer noopener\">Vladimir Putin Bak\u0131ya r\u0259smi s\u0259f\u0259r edib<\/a><\/li><li><a href=\"https:\/\/jam-news.net\/az\/meta-rusiyada-yaradilmis-yuzl%c9%99rl%c9%99-hesabi-silib\/\" target=\"_blank\" rel=\"noreferrer noopener\">&#8220;Meta&#8221; Rusiyada yarad\u0131lm\u0131\u015f G\u00fcrc\u00fcstan, Erm\u0259nistan v\u0259 Az\u0259rbaycan\u0131 h\u0259d\u0259fl\u0259y\u0259n y\u00fczl\u0259rl\u0259 t\u0259bli\u011fat hesab\u0131n\u0131 silib<\/a><\/li><li><a href=\"https:\/\/jam-news.net\/az\/putinin-az%c9%99rbaycana-s%c9%99f%c9%99ri-gozl%c9%99nilir-bakidan-s%c9%99rh\/\" target=\"_blank\" rel=\"noreferrer noopener\">Putinin Az\u0259rbaycana s\u0259f\u0259ri g\u00f6zl\u0259nilir. Bak\u0131dan \u015f\u0259rh<\/a><\/li><\/ul>\n\n\n\n<hr class=\"wp-block-separator has-alpha-channel-opacity\"\/>\n\n\n\n<p>EJF COP29 kimi tan\u0131nan BMT-nin \u0130qlim D\u0259yi\u015fikliyi Konfrans\u0131 \u0259r\u0259f\u0259sind\u0259 m\u0259rk\u0259zi Almaniyan\u0131n Bonn \u015f\u0259h\u0259rind\u0259 yerl\u0259\u015f\u0259n BMT-nin \u0130qlim D\u0259yi\u015fikliyi \u00fczr\u0259 \u00c7\u0259r\u00e7iv\u0259 Konvensiyas\u0131n\u0131n (UNFCCC) katibliyini Az\u0259rbaycan da daxil olmaqla b\u00fct\u00fcn COP ev sahibl\u0259rinin beyn\u0259lxalq insan haqlar\u0131na \u0259m\u0259l etm\u0259sin\u0259 v\u0259 bundan jurnalistl\u0259r\u0259 v\u0259 v\u0259t\u0259nda\u015f c\u0259miyy\u0259ti f\u0259allar\u0131na senzura t\u0259tbiq etm\u0259k \u00fc\u00e7\u00fcn b\u0259han\u0259 olaraq istifad\u0259 edilm\u0259sinin qar\u015f\u0131s\u0131n\u0131 alma\u011fa \u00e7a\u011f\u0131r\u0131b.<\/p>\n\n\n\n<p>B\u0259yanatda qeyd edilib ki, Avropa \u015euras\u0131n\u0131n Jurnalistikan\u0131n M\u00fcdafi\u0259si Platformas\u0131 Az\u0259rbaycanda s\u0131rf i\u015fini yerin\u0259 yetirdiyin\u0259 g\u00f6r\u0259 h\u0259bs edil\u0259n jurnalistl\u0259rl\u0259 ba\u011fl\u0131 23 fakt\u0131 s\u0259n\u0259dl\u0259\u015fdirib. Onlar\u0131n aras\u0131nda \u201cAbzas Media\u201dn\u0131n alt\u0131 \u0259m\u0259kda\u015f\u0131 &#8211; \u00dclvi H\u0259s\u0259nli, Sevinc Vaqifq\u0131z\u0131, M\u0259h\u0259mm\u0259d K\u0259kalov, N\u0259rgiz Absalamova, Hafiz Babal\u0131 v\u0259 Elnar\u0259 Qas\u0131mova var.<\/p>\n\n\n\n<p>\u201cBiz m\u00fcst\u0259qil media orqan\u0131n\u0131n 6 jurnalistinin azad edilm\u0259si t\u0259l\u0259bi il\u0259 ba\u015flad\u0131lan #FreeAbzasJournalists kampaniyas\u0131n\u0131 a\u00e7\u0131q \u015f\u0259kild\u0259 d\u0259st\u0259kl\u0259yirik. Eyni zamanda Az\u0259rbaycanda haqs\u0131z yer\u0259 h\u0259bs edil\u0259n dig\u0259r 17 media i\u015f\u00e7isinin d\u0259 d\u0259rhal azadl\u0131\u011fa burax\u0131lmas\u0131n\u0131 t\u0259l\u0259b edirik\u201d, \u2013 EJF ba\u015f katibi Rikardo Qutyerrez deyib.<\/p>\n\n\n\n<figure class=\"wp-block-image size-large\"><img loading=\"lazy\" decoding=\"async\" width=\"1024\" height=\"576\" src=\"https:\/\/jam-news.net\/app\/uploads\/2024\/08\/Abzas_EJF-1024x576.jpg\" alt=\"\" class=\"wp-image-90359\" srcset=\"https:\/\/jam-news.net\/app\/uploads\/2024\/08\/Abzas_EJF-1024x576.jpg 1024w, https:\/\/jam-news.net\/app\/uploads\/2024\/08\/Abzas_EJF-300x169.jpg 300w, https:\/\/jam-news.net\/app\/uploads\/2024\/08\/Abzas_EJF-768x432.jpg 768w, https:\/\/jam-news.net\/app\/uploads\/2024\/08\/Abzas_EJF.jpg 1497w\" sizes=\"auto, (max-width: 1024px) 100vw, 1024px\" \/><\/figure>\n\n\n\n<p>Avqustun 19-da \u201cAbzas Media\u201d m\u00fcst\u0259qil internet n\u0259\u015frinin direktoru \u00dclvi H\u0259s\u0259nli, ba\u015f redaktoru Sevinc Vaqifq\u0131z\u0131, reportyoru Elnar\u0259 Qas\u0131mova v\u0259 ara\u015fd\u0131rma\u00e7\u0131 jurnalist Hafiz Babal\u0131ya qar\u015f\u0131 7 a\u011f\u0131r madd\u0259 il\u0259 ittiham ir\u0259li s\u00fcr\u00fcl\u00fcb.<\/p>\n\n\n\n<p>\u0130ndi onlar Az\u0259rbaycan Cinay\u0259t M\u0259c\u0259ll\u0259sinin 192.3.2 (k\u00fclli miqdarda g\u0259lir \u0259ld\u0259 etm\u0259kl\u0259 qanunsuz sahibkarl\u0131q), 193-1.3.1 v\u0259 193-1.3.2 (m\u00fct\u0259\u015f\u0259kkil d\u0259st\u0259 t\u0259r\u0259find\u0259n cinay\u0259t yolu il\u0259 \u0259ld\u0259 edilmi\u015f g\u0259lirl\u0259ri leqalla\u015fd\u0131rma), 206.4 (m\u00fct\u0259\u015f\u0259kkil d\u0259st\u0259 t\u0259r\u0259find\u0259n qa\u00e7aqmal\u00e7\u0131l\u0131q), 320.1 v\u0259 320.2-ci (s\u0259n\u0259dl\u0259ri saxtala\u015fd\u0131rma v\u0259 saxta s\u0259n\u0259dl\u0259rd\u0259n istifad\u0259), h\u0259m\u00e7inin 213.2.1-ci (qrup \u015f\u0259klind\u0259 vergid\u0259n yay\u0131nma) madd\u0259l\u0259ri il\u0259 ittiham olunurlar.<\/p>\n\n\n\n<p>V\u0259kill\u0259rin s\u00f6zl\u0259rin\u0259 g\u00f6r\u0259, \u00dclvi H\u0259s\u0259nli, Sevinc Vaqifq\u0131z\u0131 v\u0259 Elnar\u0259 Qas\u0131mova ittiham akt\u0131n\u0131 imzalamaqdan imtina edibl\u0259r.<\/p>\n\n\n<article class=\"single-card uk-flex uk-flex-between m-b-sm-40\">\n\n  <div class=\"uk-grid wi-full-width\">\n\n    <div class=\"uk-width-2-3 p-t-sm-10\">\n      <a href=\"https:\/\/jam-news.net\/az\/abzas-media-isi-yeni-ittihamlar\/\" target=\"_blank\">\n\n\n\n\n\n        <h2 class=\"m-b-sm-23 wi-merriweather-light\">\n\t\u201cAbzas Media i\u015fi\u201dnd\u0259 yeni a\u011f\u0131r ittihamlar\n<\/h2>\n\n        <p class=\"paragraph-color-2 m-b-sm-10 m-b-xs-7\">\n  S\u0259kkiz aydan \u00e7oxdur, h\u0259bsd\u0259 olan jurnalist N\u0259rgiz Absalamovaya qar\u015f\u0131 6 yeni a\u011f\u0131r madd\u0259 il\u0259 ittiham ir\u0259li s\u00fcr\u00fcl\u00fcb\n<\/p>\n      <\/a>\n    <\/div>\n    <div class=\"uk-width-1-3\">\n      <figure class=\"wi-full-height choose-post__img wi-merriweather-light\">\n  <a class=\"\" href=\"https:\/\/jam-news.net\/az\/abzas-media-isi-yeni-ittihamlar\/\">\n    <img decoding=\"async\" class=\"wi-full-height wi-ratio-img\" src=\"https:\/\/jam-news.net\/app\/uploads\/2024\/08\/abzas_media.jpg\" alt=\"\" uk-img \/>\n  <\/a>\n<\/figure>\n    <\/div>\n  <\/div>\n<\/article>\n\n\n\n<p>Daha \u0259vv\u0259l \u201cAbzas Media i\u015fi\u201d \u00fczr\u0259 dig\u0259r t\u0259qsirl\u0259ndiril\u0259n \u015f\u0259xsl\u0259r\u0259: direktor m\u00fcavini M\u0259h\u0259mm\u0259d Kekalov, jurnalist N\u0259rgiz Absalamova v\u0259 iqtisad\u00e7\u0131 F\u0259rid Mehral\u0131zad\u0259y\u0259 d\u0259 ox\u015far ittihamlar ir\u0259li s\u00fcr\u00fcl\u00fcb.<\/p>\n\n\n\n<p>Xat\u0131rladaq ki, \u201cAbzas Media i\u015fi\u201d \u00fczr\u0259 h\u0259bs edil\u0259n iqtisad\u00e7\u0131 ekspert F\u0259rid Mehral\u0131zad\u0259 bu n\u0259\u015frl\u0259 he\u00e7 bir \u0259laq\u0259sinin olmad\u0131\u011f\u0131n\u0131 bildirib. \u201cAbzas Media\u201dn\u0131n haz\u0131rk\u0131 r\u0259hb\u0259rliyi d\u0259 b\u0259yanat yayaraq, n\u0259\u015frin Mehral\u0131zad\u0259 il\u0259 \u0259m\u0259kda\u015fl\u0131q etm\u0259diyini a\u00e7\u0131qlay\u0131b.<\/p>\n\n\n\n<p>\u0130ndiy\u0259d\u0259k \u201cAbzas Media i\u015fi\u201d \u00fczr\u0259 h\u0259bs edil\u0259nl\u0259rin ham\u0131s\u0131na qar\u015f\u0131 Cinay\u0259t M\u0259c\u0259ll\u0259sinin 206.3.2-ci (qabaqcadan \u0259lbir olan bir qrup \u015f\u0259xs t\u0259r\u0259find\u0259n qa\u00e7aqmal\u00e7\u0131l\u0131q) madd\u0259si il\u0259 ittiham ir\u0259li s\u00fcr\u00fclm\u00fc\u015fd\u00fc v\u0259 onlar\u0131 8 il\u0259d\u0259k m\u00fcdd\u0259t\u0259 azadl\u0131qdan m\u0259hrumetm\u0259 c\u0259zas\u0131 g\u00f6zl\u0259yirdi. Yeni ittihama g\u00f6r\u0259 is\u0259 media t\u0259msil\u00e7il\u0259ri v\u0259 iqtisad\u00e7\u0131 7 ild\u0259n 12 il\u0259 q\u0259d\u0259r h\u0259bs t\u0259hl\u00fck\u0259si il\u0259 \u00fcz-\u00fcz\u0259dirl\u0259r.<\/p>\n\n\n\n<p>N\u0259\u015frin direktoru \u00dclvi H\u0259s\u0259nli \u00f6t\u0259n il noyabr\u0131n 20-d\u0259 h\u0259bs edilib. H\u0259min g\u00fcn \u201cAbzas Media\u201dn\u0131n ofisind\u0259 axtar\u0131\u015f zaman\u0131 40 min avro a\u015fkar edildiyi bildirilib.<\/p>\n\n\n\n<p>Direktor m\u00fcavini M\u0259h\u0259mm\u0259d Kekalov eyni g\u00fcnd\u0259, Sevinc Vaqifq\u0131z\u0131 is\u0259 noyabr\u0131n 21-d\u0259, daha sonra is\u0259 n\u0259\u015frin \u0259m\u0259kda\u015flar\u0131 N\u0259rgiz Absalamova, Elnar\u0259 Qas\u0131mova v\u0259 ara\u015fd\u0131rma\u00e7\u0131 jurnalist Hafiz Babal\u0131 h\u0259bs edilibl\u0259r.<\/p>\n\n\n\n<p>\u201cAbzas Media i\u015fi\u201dnd\u0259 n\u0259\u015fr\u0259 aidiyyat\u0131 olmayan \u015f\u0259xsl\u0259r d\u0259 h\u0259bs edilib &#8211; h\u00fcquq m\u00fcdafi\u0259\u00e7isi Anar M\u0259mm\u0259dli, meclis.info portal\u0131n\u0131n ba\u015f redaktoru \u0130mran \u018fliyev v\u0259 iqtisad\u00e7\u0131 ekspert F\u0259rid Mehral\u0131zad\u0259. Daha sonra Anar M\u0259mm\u0259dlinin i\u015finin icraat\u0131 ayr\u0131l\u0131b, \u0130mran \u018fliyevl\u0259 F\u0259rid Mehral\u0131zad\u0259nin is\u0259 \u201cAbzas Media i\u015fi\u201d \u00fczr\u0259 istintaq\u0131 davam edir.<\/p>\n\n\n<article class=\"single-card uk-flex uk-flex-between m-b-sm-40\">\n\n  <div class=\"uk-grid wi-full-width\">\n\n    <div class=\"uk-width-2-3 p-t-sm-10\">\n      <a href=\"https:\/\/jam-news.net\/az\/milli-m%c9%99tbuat-gunu-az%c9%99rbaycanda-h%c9%99bsl%c9%99r\/\" target=\"_blank\">\n\n\n\n\n\n        <h2 class=\"m-b-sm-23 wi-merriweather-light\">\n\tAz\u0259rbaycan Milli M\u0259tbuat\u0131n\u0131n \u0259n \u00e7ox jurnalist h\u0259bsi il\u0259 qeyd olunan 149-cu ili\n<\/h2>\n\n        <p class=\"paragraph-color-2 m-b-sm-10 m-b-xs-7\">\n  \u00d6t\u0259n ilin noyabr\u0131ndan b\u0259ri 17 media \u0259m\u0259kda\u015f\u0131 h\u0259bs olunub, onlar\u0131n \u0259ks\u0259riyy\u0259ti \u201cqa\u00e7aqmal\u00e7\u0131l\u0131q\u201dda ittiham edilir \n<\/p>\n      <\/a>\n    <\/div>\n    <div class=\"uk-width-1-3\">\n      <figure class=\"wi-full-height choose-post__img wi-merriweather-light\">\n  <a class=\"\" href=\"https:\/\/jam-news.net\/az\/milli-m%c9%99tbuat-gunu-az%c9%99rbaycanda-h%c9%99bsl%c9%99r\/\">\n    <img decoding=\"async\" class=\"wi-full-height wi-ratio-img\" src=\"https:\/\/jam-news.net\/app\/uploads\/2024\/07\/ulvi_polis.jpg\" alt=\"\" uk-img \/>\n  <\/a>\n<\/figure>\n    <\/div>\n  <\/div>\n<\/article>\n\n\n\n<p>\u0130\u015f \u00fczr\u0259 h\u0259bs edil\u0259nl\u0259rin ham\u0131s\u0131 ittihamlar\u0131 r\u0259dd ed\u0259r\u0259k, pe\u015f\u0259 f\u0259aliyy\u0259tl\u0259rin\u0259 g\u00f6r\u0259 t\u0259qib olunduqlar\u0131n\u0131 bildiribl\u0259r.<\/p>\n\n\n\n<p>Beyn\u0259lxalq jurnalistl\u0259ri m\u00fcdafi\u0259 t\u0259\u015fkilatlar\u0131 Az\u0259rbaycan hakimiyy\u0259tini h\u0259bs olunan jurnalistl\u0259ri d\u0259rhal azad etm\u0259y\u0259 v\u0259 m\u00fcst\u0259qil mediaya t\u0259zyiql\u0259ri dayand\u0131rma\u011fa \u00e7a\u011f\u0131r\u0131b.<\/p>\n\n\n\n<p>H\u00fcquq m\u00fcdafi\u0259\u00e7il\u0259ri \u201cAbzas Media i\u015fi\u201dnd\u0259 h\u0259bs olunanlar\u0131 siyasi m\u0259hbus kimi tan\u0131y\u0131rlar.<\/p>\n\n\n\n<p class=\"has-text-align-center has-black-background-color has-background has-medium-font-size\"><strong><span style=\"color:#ffffff\" class=\"color\"><strong>Bizi izl\u0259yin<\/strong> \u00a0\u2013<\/span>\u00a0 <strong><a href=\"https:\/\/twitter.com\/CAMXbr?s=20&amp;t=ocvC6IWtMT41iogtIUDqSQ\" target=\"_blank\" rel=\"noreferrer noopener\"><mark style=\"background-color:rgba(0, 0, 0, 0);color:#00acee\" class=\"has-inline-color\">Twitter<\/mark><\/a><\/strong>\u00a0|\u00a0<strong><a href=\"https:\/\/www.facebook.com\/Jamnyus\" target=\"_blank\" rel=\"noreferrer noopener\"><mark style=\"background-color:rgba(0, 0, 0, 0);color:#4267b2\" class=\"has-inline-color\">Facebok<\/mark><\/a><\/strong><mark style=\"background-color:rgba(0, 0, 0, 0);color:#4267b2\" class=\"has-inline-color\">\u00a0<\/mark>|<strong> <\/strong><a href=\"https:\/\/t.me\/jamnewsaz\" target=\"_blank\" rel=\"noreferrer noopener\"><strong><mark style=\"background-color:rgba(0, 0, 0, 0);color:#0088cc\" class=\"has-inline-color\">Telegram<\/mark><\/strong><\/a><\/strong><\/p>\n","protected":false},"excerpt":{"rendered":"<p>Avropa Jurnalistl\u0259r Federasiyas\u0131 (EJF) beyn\u0259lxalq ictimaiyy\u0259ti Az\u0259rbaycanda haqs\u0131z yer\u0259 h\u0259bsd\u0259 olan 23 jurnalist v\u0259 media i\u015f\u00e7isini azad etm\u0259k \u00fc\u00e7\u00fcn Az\u0259rbaycan h\u00f6kum\u0259tin\u0259 t\u0259zyiql\u0259ri art\u0131rma\u011fa \u00e7a\u011f\u0131r\u0131b<\/p>\n","protected":false},"author":3,"featured_media":90240,"comment_status":"closed","ping_status":"closed","sticky":false,"template":"","format":"standard","meta":{"_acf_changed":false,"footnotes":""},"categories":[17,25,50,5],"tags":[],"formation":[],"post-author":[2888],"topic":[6201,6199,4952],"tooltip":[],"city":[6041],"class_list":["post-90358","post","type-post","status-publish","format-standard","has-post-thumbnail","hentry","category-azrbaycan","category-cmiyyt","category-xbrlr","category-siyast","post-author-jamnews","topic-abzas-media-isi","topic-azrbaycanda-hbslr","topic-azrbaycan","city-baki"],"acf":[],"yoast_head":"<!-- This site is optimized with the Yoast SEO plugin v24.1 - https:\/\/yoast.com\/wordpress\/plugins\/seo\/ -->\n<title>\u201cAbzas Media i\u015fi\u201d - 7 yeni ittiham JAMnews<\/title>\n<meta name=\"description\" content=\"\u201cAbzas Media i\u015fi\u201d - 7 yeni ittiham. \u0130ndi onlar\u0131 8 il\u0259 q\u0259d\u0259r yox, 12 il\u0259 q\u0259d\u0259r azadl\u0131qdan m\u0259hrumetm\u0259 c\u0259zas\u0131 g\u00f6zl\u0259yir\" \/>\n<meta name=\"robots\" content=\"index, follow, max-snippet:-1, max-image-preview:large, max-video-preview:-1\" \/>\n<link rel=\"canonical\" href=\"https:\/\/jam-news.net\/az\/abzas-media-isi-7-yeni-ittiham\/\" \/>\n<meta property=\"og:locale\" content=\"az_AZ\" \/>\n<meta property=\"og:type\" content=\"article\" \/>\n<meta property=\"og:title\" content=\"\u201cAbzas Media i\u015fi\u201d \u00fczr\u0259 h\u0259bs edil\u0259nl\u0259ri art\u0131q 12 il\u0259 q\u0259d\u0259r h\u0259bs g\u00f6zl\u0259yir\" \/>\n<meta property=\"og:description\" content=\"\u201cAbzas Media i\u015fi\u201d - 7 yeni ittiham. \u0130ndi onlar\u0131 8 il\u0259 q\u0259d\u0259r yox, 12 il\u0259 q\u0259d\u0259r azadl\u0131qdan m\u0259hrumetm\u0259 c\u0259zas\u0131 g\u00f6zl\u0259yir\" \/>\n<meta property=\"og:url\" content=\"https:\/\/jam-news.net\/az\/abzas-media-isi-7-yeni-ittiham\/\" \/>\n<meta property=\"og:site_name\" content=\"Azerbaijani Jamnews\" \/>\n<meta property=\"article:publisher\" content=\"https:\/\/www.facebook.com\/JAMnewsInEnglish\/\" \/>\n<meta property=\"article:published_time\" content=\"2024-08-20T12:13:00+00:00\" \/>\n<meta property=\"article:modified_time\" content=\"2025-04-23T07:45:30+00:00\" \/>\n<meta property=\"og:image\" content=\"https:\/\/jam-news.net\/app\/uploads\/2024\/08\/abzas_media.jpg\" \/>\n\t<meta property=\"og:image:width\" content=\"1039\" \/>\n\t<meta property=\"og:image:height\" content=\"681\" \/>\n\t<meta property=\"og:image:type\" content=\"image\/jpeg\" \/>\n<meta name=\"author\" content=\"JAMnews\" \/>\n<meta name=\"twitter:card\" content=\"summary_large_image\" \/>\n<meta name=\"twitter:title\" content=\"\u201cAbzas Media i\u015fi\u201d \u00fczr\u0259 h\u0259bs edil\u0259nl\u0259ri art\u0131q 12 il\u0259 q\u0259d\u0259r h\u0259bs g\u00f6zl\u0259yir\" \/>\n<meta name=\"twitter:creator\" content=\"@JAMnewsCaucasus\" \/>\n<meta name=\"twitter:site\" content=\"@JAMnewsCaucasus\" \/>\n<meta name=\"twitter:label1\" content=\"Written by\" \/>\n\t<meta name=\"twitter:data1\" content=\"JAMnews\" \/>\n\t<meta name=\"twitter:label2\" content=\"Est. reading time\" \/>\n\t<meta name=\"twitter:data2\" content=\"7 minutes\" \/>\n<script type=\"application\/ld+json\" class=\"yoast-schema-graph\">{\"@context\":\"https:\/\/schema.org\",\"@graph\":[{\"@type\":\"Article\",\"@id\":\"https:\/\/jam-news.net\/az\/abzas-media-isi-7-yeni-ittiham\/#article\",\"isPartOf\":{\"@id\":\"https:\/\/jam-news.net\/az\/abzas-media-isi-7-yeni-ittiham\/\"},\"author\":{\"name\":\"JAMnews\",\"@id\":\"https:\/\/jam-news.net\/az\/#\/schema\/person\/67df3bb7adb46cd513fb9c4cb02361c6\"},\"headline\":\"\u201cAbzas Media i\u015fi\u201d \u00fczr\u0259 h\u0259bs edil\u0259nl\u0259ri art\u0131q 12 il\u0259 q\u0259d\u0259r h\u0259bs g\u00f6zl\u0259yir\",\"datePublished\":\"2024-08-20T12:13:00+00:00\",\"dateModified\":\"2025-04-23T07:45:30+00:00\",\"mainEntityOfPage\":{\"@id\":\"https:\/\/jam-news.net\/az\/abzas-media-isi-7-yeni-ittiham\/\"},\"wordCount\":978,\"publisher\":{\"@id\":\"https:\/\/jam-news.net\/az\/#organization\"},\"image\":{\"@id\":\"https:\/\/jam-news.net\/az\/abzas-media-isi-7-yeni-ittiham\/#primaryimage\"},\"thumbnailUrl\":\"https:\/\/jam-news.net\/app\/uploads\/2024\/08\/abzas_media.jpg\",\"articleSection\":[\"Azerbaijan\",\"Issues\",\"News\",\"Politics\"],\"inLanguage\":\"az\"},{\"@type\":\"WebPage\",\"@id\":\"https:\/\/jam-news.net\/az\/abzas-media-isi-7-yeni-ittiham\/\",\"url\":\"https:\/\/jam-news.net\/az\/abzas-media-isi-7-yeni-ittiham\/\",\"name\":\"\u201cAbzas Media i\u015fi\u201d - 7 yeni ittiham JAMnews\",\"isPartOf\":{\"@id\":\"https:\/\/jam-news.net\/az\/#website\"},\"primaryImageOfPage\":{\"@id\":\"https:\/\/jam-news.net\/az\/abzas-media-isi-7-yeni-ittiham\/#primaryimage\"},\"image\":{\"@id\":\"https:\/\/jam-news.net\/az\/abzas-media-isi-7-yeni-ittiham\/#primaryimage\"},\"thumbnailUrl\":\"https:\/\/jam-news.net\/app\/uploads\/2024\/08\/abzas_media.jpg\",\"datePublished\":\"2024-08-20T12:13:00+00:00\",\"dateModified\":\"2025-04-23T07:45:30+00:00\",\"description\":\"\u201cAbzas Media i\u015fi\u201d - 7 yeni ittiham. \u0130ndi onlar\u0131 8 il\u0259 q\u0259d\u0259r yox, 12 il\u0259 q\u0259d\u0259r azadl\u0131qdan m\u0259hrumetm\u0259 c\u0259zas\u0131 g\u00f6zl\u0259yir\",\"breadcrumb\":{\"@id\":\"https:\/\/jam-news.net\/az\/abzas-media-isi-7-yeni-ittiham\/#breadcrumb\"},\"inLanguage\":\"az\",\"potentialAction\":[{\"@type\":\"ReadAction\",\"target\":[\"https:\/\/jam-news.net\/az\/abzas-media-isi-7-yeni-ittiham\/\"]}]},{\"@type\":\"ImageObject\",\"inLanguage\":\"az\",\"@id\":\"https:\/\/jam-news.net\/az\/abzas-media-isi-7-yeni-ittiham\/#primaryimage\",\"url\":\"https:\/\/jam-news.net\/app\/uploads\/2024\/08\/abzas_media.jpg\",\"contentUrl\":\"https:\/\/jam-news.net\/app\/uploads\/2024\/08\/abzas_media.jpg\",\"width\":1039,\"height\":681},{\"@type\":\"BreadcrumbList\",\"@id\":\"https:\/\/jam-news.net\/az\/abzas-media-isi-7-yeni-ittiham\/#breadcrumb\",\"itemListElement\":[{\"@type\":\"ListItem\",\"position\":1,\"name\":\"Home\",\"item\":\"https:\/\/jam-news.net\/az\/\"},{\"@type\":\"ListItem\",\"position\":2,\"name\":\"\u201cAbzas Media i\u015fi\u201d \u00fczr\u0259 h\u0259bs edil\u0259nl\u0259ri art\u0131q 12 il\u0259 q\u0259d\u0259r h\u0259bs g\u00f6zl\u0259yir\"}]},{\"@type\":\"WebSite\",\"@id\":\"https:\/\/jam-news.net\/az\/#website\",\"url\":\"https:\/\/jam-news.net\/az\/\",\"name\":\"Azerbaijani Jamnews\",\"description\":\"Caucasus News, Politics and Society\",\"publisher\":{\"@id\":\"https:\/\/jam-news.net\/az\/#organization\"},\"potentialAction\":[{\"@type\":\"SearchAction\",\"target\":{\"@type\":\"EntryPoint\",\"urlTemplate\":\"https:\/\/jam-news.net\/az\/?s={search_term_string}\"},\"query-input\":{\"@type\":\"PropertyValueSpecification\",\"valueRequired\":true,\"valueName\":\"search_term_string\"}}],\"inLanguage\":\"az\"},{\"@type\":\"Organization\",\"@id\":\"https:\/\/jam-news.net\/az\/#organization\",\"name\":\"JAMnews\",\"url\":\"https:\/\/jam-news.net\/az\/\",\"logo\":{\"@type\":\"ImageObject\",\"inLanguage\":\"az\",\"@id\":\"https:\/\/jam-news.net\/az\/#\/schema\/logo\/image\/\",\"url\":\"https:\/\/jam-news.net\/app\/uploads\/2020\/05\/JAM_w.jpg\",\"contentUrl\":\"https:\/\/jam-news.net\/app\/uploads\/2020\/05\/JAM_w.jpg\",\"width\":960,\"height\":960,\"caption\":\"JAMnews\"},\"image\":{\"@id\":\"https:\/\/jam-news.net\/az\/#\/schema\/logo\/image\/\"},\"sameAs\":[\"https:\/\/www.facebook.com\/JAMnewsInEnglish\/\",\"https:\/\/x.com\/JAMnewsCaucasus\",\"https:\/\/www.instagram.com\/jam_news\/\",\"https:\/\/www.youtube.com\/channel\/UCXQbUCme2pykuZYXWHx4VPg\"]},{\"@type\":\"Person\",\"@id\":\"https:\/\/jam-news.net\/az\/#\/schema\/person\/67df3bb7adb46cd513fb9c4cb02361c6\",\"name\":\"JAMnews\",\"image\":{\"@type\":\"ImageObject\",\"inLanguage\":\"az\",\"@id\":\"https:\/\/jam-news.net\/az\/#\/schema\/person\/image\/\",\"url\":\"https:\/\/secure.gravatar.com\/avatar\/e5c27593ef900c3ab3deed4ed1c653d7?s=96&d=mm&r=g\",\"contentUrl\":\"https:\/\/secure.gravatar.com\/avatar\/e5c27593ef900c3ab3deed4ed1c653d7?s=96&d=mm&r=g\",\"caption\":\"JAMnews\"},\"url\":\"https:\/\/jam-news.net\/az\/author\/margarita\/\"}]}<\/script>\n<!-- \/ Yoast SEO plugin. -->","yoast_head_json":{"title":"\u201cAbzas Media i\u015fi\u201d - 7 yeni ittiham JAMnews","description":"\u201cAbzas Media i\u015fi\u201d - 7 yeni ittiham. \u0130ndi onlar\u0131 8 il\u0259 q\u0259d\u0259r yox, 12 il\u0259 q\u0259d\u0259r azadl\u0131qdan m\u0259hrumetm\u0259 c\u0259zas\u0131 g\u00f6zl\u0259yir","robots":{"index":"index","follow":"follow","max-snippet":"max-snippet:-1","max-image-preview":"max-image-preview:large","max-video-preview":"max-video-preview:-1"},"canonical":"https:\/\/jam-news.net\/az\/abzas-media-isi-7-yeni-ittiham\/","og_locale":"az_AZ","og_type":"article","og_title":"\u201cAbzas Media i\u015fi\u201d \u00fczr\u0259 h\u0259bs edil\u0259nl\u0259ri art\u0131q 12 il\u0259 q\u0259d\u0259r h\u0259bs g\u00f6zl\u0259yir","og_description":"\u201cAbzas Media i\u015fi\u201d - 7 yeni ittiham. \u0130ndi onlar\u0131 8 il\u0259 q\u0259d\u0259r yox, 12 il\u0259 q\u0259d\u0259r azadl\u0131qdan m\u0259hrumetm\u0259 c\u0259zas\u0131 g\u00f6zl\u0259yir","og_url":"https:\/\/jam-news.net\/az\/abzas-media-isi-7-yeni-ittiham\/","og_site_name":"Azerbaijani Jamnews","article_publisher":"https:\/\/www.facebook.com\/JAMnewsInEnglish\/","article_published_time":"2024-08-20T12:13:00+00:00","article_modified_time":"2025-04-23T07:45:30+00:00","og_image":[{"width":1039,"height":681,"url":"https:\/\/jam-news.net\/app\/uploads\/2024\/08\/abzas_media.jpg","type":"image\/jpeg"}],"author":"JAMnews","twitter_card":"summary_large_image","twitter_title":"\u201cAbzas Media i\u015fi\u201d \u00fczr\u0259 h\u0259bs edil\u0259nl\u0259ri art\u0131q 12 il\u0259 q\u0259d\u0259r h\u0259bs g\u00f6zl\u0259yir","twitter_creator":"@JAMnewsCaucasus","twitter_site":"@JAMnewsCaucasus","twitter_misc":{"Written by":"JAMnews","Est. reading time":"7 minutes"},"schema":{"@context":"https:\/\/schema.org","@graph":[{"@type":"Article","@id":"https:\/\/jam-news.net\/az\/abzas-media-isi-7-yeni-ittiham\/#article","isPartOf":{"@id":"https:\/\/jam-news.net\/az\/abzas-media-isi-7-yeni-ittiham\/"},"author":{"name":"JAMnews","@id":"https:\/\/jam-news.net\/az\/#\/schema\/person\/67df3bb7adb46cd513fb9c4cb02361c6"},"headline":"\u201cAbzas Media i\u015fi\u201d \u00fczr\u0259 h\u0259bs edil\u0259nl\u0259ri art\u0131q 12 il\u0259 q\u0259d\u0259r h\u0259bs g\u00f6zl\u0259yir","datePublished":"2024-08-20T12:13:00+00:00","dateModified":"2025-04-23T07:45:30+00:00","mainEntityOfPage":{"@id":"https:\/\/jam-news.net\/az\/abzas-media-isi-7-yeni-ittiham\/"},"wordCount":978,"publisher":{"@id":"https:\/\/jam-news.net\/az\/#organization"},"image":{"@id":"https:\/\/jam-news.net\/az\/abzas-media-isi-7-yeni-ittiham\/#primaryimage"},"thumbnailUrl":"https:\/\/jam-news.net\/app\/uploads\/2024\/08\/abzas_media.jpg","articleSection":["Azerbaijan","Issues","News","Politics"],"inLanguage":"az"},{"@type":"WebPage","@id":"https:\/\/jam-news.net\/az\/abzas-media-isi-7-yeni-ittiham\/","url":"https:\/\/jam-news.net\/az\/abzas-media-isi-7-yeni-ittiham\/","name":"\u201cAbzas Media i\u015fi\u201d - 7 yeni ittiham JAMnews","isPartOf":{"@id":"https:\/\/jam-news.net\/az\/#website"},"primaryImageOfPage":{"@id":"https:\/\/jam-news.net\/az\/abzas-media-isi-7-yeni-ittiham\/#primaryimage"},"image":{"@id":"https:\/\/jam-news.net\/az\/abzas-media-isi-7-yeni-ittiham\/#primaryimage"},"thumbnailUrl":"https:\/\/jam-news.net\/app\/uploads\/2024\/08\/abzas_media.jpg","datePublished":"2024-08-20T12:13:00+00:00","dateModified":"2025-04-23T07:45:30+00:00","description":"\u201cAbzas Media i\u015fi\u201d - 7 yeni ittiham. \u0130ndi onlar\u0131 8 il\u0259 q\u0259d\u0259r yox, 12 il\u0259 q\u0259d\u0259r azadl\u0131qdan m\u0259hrumetm\u0259 c\u0259zas\u0131 g\u00f6zl\u0259yir","breadcrumb":{"@id":"https:\/\/jam-news.net\/az\/abzas-media-isi-7-yeni-ittiham\/#breadcrumb"},"inLanguage":"az","potentialAction":[{"@type":"ReadAction","target":["https:\/\/jam-news.net\/az\/abzas-media-isi-7-yeni-ittiham\/"]}]},{"@type":"ImageObject","inLanguage":"az","@id":"https:\/\/jam-news.net\/az\/abzas-media-isi-7-yeni-ittiham\/#primaryimage","url":"https:\/\/jam-news.net\/app\/uploads\/2024\/08\/abzas_media.jpg","contentUrl":"https:\/\/jam-news.net\/app\/uploads\/2024\/08\/abzas_media.jpg","width":1039,"height":681},{"@type":"BreadcrumbList","@id":"https:\/\/jam-news.net\/az\/abzas-media-isi-7-yeni-ittiham\/#breadcrumb","itemListElement":[{"@type":"ListItem","position":1,"name":"Home","item":"https:\/\/jam-news.net\/az\/"},{"@type":"ListItem","position":2,"name":"\u201cAbzas Media i\u015fi\u201d \u00fczr\u0259 h\u0259bs edil\u0259nl\u0259ri art\u0131q 12 il\u0259 q\u0259d\u0259r h\u0259bs g\u00f6zl\u0259yir"}]},{"@type":"WebSite","@id":"https:\/\/jam-news.net\/az\/#website","url":"https:\/\/jam-news.net\/az\/","name":"Azerbaijani Jamnews","description":"Caucasus News, Politics and Society","publisher":{"@id":"https:\/\/jam-news.net\/az\/#organization"},"potentialAction":[{"@type":"SearchAction","target":{"@type":"EntryPoint","urlTemplate":"https:\/\/jam-news.net\/az\/?s={search_term_string}"},"query-input":{"@type":"PropertyValueSpecification","valueRequired":true,"valueName":"search_term_string"}}],"inLanguage":"az"},{"@type":"Organization","@id":"https:\/\/jam-news.net\/az\/#organization","name":"JAMnews","url":"https:\/\/jam-news.net\/az\/","logo":{"@type":"ImageObject","inLanguage":"az","@id":"https:\/\/jam-news.net\/az\/#\/schema\/logo\/image\/","url":"https:\/\/jam-news.net\/app\/uploads\/2020\/05\/JAM_w.jpg","contentUrl":"https:\/\/jam-news.net\/app\/uploads\/2020\/05\/JAM_w.jpg","width":960,"height":960,"caption":"JAMnews"},"image":{"@id":"https:\/\/jam-news.net\/az\/#\/schema\/logo\/image\/"},"sameAs":["https:\/\/www.facebook.com\/JAMnewsInEnglish\/","https:\/\/x.com\/JAMnewsCaucasus","https:\/\/www.instagram.com\/jam_news\/","https:\/\/www.youtube.com\/channel\/UCXQbUCme2pykuZYXWHx4VPg"]},{"@type":"Person","@id":"https:\/\/jam-news.net\/az\/#\/schema\/person\/67df3bb7adb46cd513fb9c4cb02361c6","name":"JAMnews","image":{"@type":"ImageObject","inLanguage":"az","@id":"https:\/\/jam-news.net\/az\/#\/schema\/person\/image\/","url":"https:\/\/secure.gravatar.com\/avatar\/e5c27593ef900c3ab3deed4ed1c653d7?s=96&d=mm&r=g","contentUrl":"https:\/\/secure.gravatar.com\/avatar\/e5c27593ef900c3ab3deed4ed1c653d7?s=96&d=mm&r=g","caption":"JAMnews"},"url":"https:\/\/jam-news.net\/az\/author\/margarita\/"}]}},"_links":{"self":[{"href":"https:\/\/jam-news.net\/az\/wp-json\/wp\/v2\/posts\/90358","targetHints":{"allow":["GET"]}}],"collection":[{"href":"https:\/\/jam-news.net\/az\/wp-json\/wp\/v2\/posts"}],"about":[{"href":"https:\/\/jam-news.net\/az\/wp-json\/wp\/v2\/types\/post"}],"author":[{"embeddable":true,"href":"https:\/\/jam-news.net\/az\/wp-json\/wp\/v2\/users\/3"}],"replies":[{"embeddable":true,"href":"https:\/\/jam-news.net\/az\/wp-json\/wp\/v2\/comments?post=90358"}],"version-history":[{"count":3,"href":"https:\/\/jam-news.net\/az\/wp-json\/wp\/v2\/posts\/90358\/revisions"}],"predecessor-version":[{"id":90368,"href":"https:\/\/jam-news.net\/az\/wp-json\/wp\/v2\/posts\/90358\/revisions\/90368"}],"wp:featuredmedia":[{"embeddable":true,"href":"https:\/\/jam-news.net\/az\/wp-json\/wp\/v2\/media\/90240"}],"wp:attachment":[{"href":"https:\/\/jam-news.net\/az\/wp-json\/wp\/v2\/media?parent=90358"}],"wp:term":[{"taxonomy":"category","embeddable":true,"href":"https:\/\/jam-news.net\/az\/wp-json\/wp\/v2\/categories?post=90358"},{"taxonomy":"post_tag","embeddable":true,"href":"https:\/\/jam-news.net\/az\/wp-json\/wp\/v2\/tags?post=90358"},{"taxonomy":"formation","embeddable":true,"href":"https:\/\/jam-news.net\/az\/wp-json\/wp\/v2\/formation?post=90358"},{"taxonomy":"post-author","embeddable":true,"href":"https:\/\/jam-news.net\/az\/wp-json\/wp\/v2\/post-author?post=90358"},{"taxonomy":"topic","embeddable":true,"href":"https:\/\/jam-news.net\/az\/wp-json\/wp\/v2\/topic?post=90358"},{"taxonomy":"tooltip","embeddable":true,"href":"https:\/\/jam-news.net\/az\/wp-json\/wp\/v2\/tooltip?post=90358"},{"taxonomy":"city","embeddable":true,"href":"https:\/\/jam-news.net\/az\/wp-json\/wp\/v2\/city?post=90358"}],"curies":[{"name":"wp","href":"https:\/\/api.w.org\/{rel}","templated":true}]}}