{"id":89372,"date":"2024-07-17T22:03:10","date_gmt":"2024-07-17T18:03:10","guid":{"rendered":"https:\/\/jam-news.net\/az\/?p=89372"},"modified":"2024-07-22T03:43:55","modified_gmt":"2024-07-21T23:43:55","slug":"az%c9%99rbaycanda-qohum-evlilikl%c9%99ri-1","status":"publish","type":"post","link":"https:\/\/jam-news.net\/az\/az%c9%99rbaycanda-qohum-evlilikl%c9%99ri-1\/","title":{"rendered":"\u201cNi\u015fanlanana q\u0259d\u0259r xalam q\u0131z\u0131 il\u0259 \u00e7ox yax\u015f\u0131 dost idik\u201d \u2013 Az\u0259rbaycanda qohum evlilikl\u0259ri \u00a0"},"content":{"rendered":"\n<p style=\"font-size:8px\"><em>Az\u0259rbaycanda qohum evlilikl\u0259ri<\/em><\/p>\n\n\n\n<p><em>\u201cAnam bir g\u00fcn g\u0259ldi dedi ki, atan xalangill\u0259 dan\u0131\u015f\u0131b, raz\u0131la\u015f\u0131b, g\u0259l\u0259n h\u0259ft\u0259 xalaq\u0131z\u0131na el\u00e7i gedirik, evl\u0259nirsiniz. He\u00e7 n\u0259 dey\u0259 bilm\u0259dim. A\u011fl\u0131ma deyil\u0259si \u00e7ox s\u00f6z g\u0259ldi, amma dan\u0131\u015fa bilm\u0259dim, \u015foka d\u00fc\u015fm\u00fc\u015fd\u00fcm\u201d.<\/em><\/p>\n\n\n\n<p>Bak\u0131 \u0259traf\u0131 k\u0259ndl\u0259rd\u0259n birind\u0259 ya\u015fayan 23 ya\u015fl\u0131 Yusif (ad \u015f\u0259rtdir) bir m\u00fcdd\u0259t \u0259vv\u0259l ail\u0259sinin ist\u0259yil\u0259 \u00f6z\u00fcnd\u0259n d\u00f6rd ya\u015f ki\u00e7ik olan xalas\u0131 q\u0131z\u0131 F\u0259rqan\u0259yl\u0259 (ad \u015f\u0259rtidir) ni\u015fanlanma\u011fa m\u0259cbur qal\u0131b. Deyir ki, xalas\u0131n\u0131n q\u0131z\u0131yla u\u015faql\u0131qdan \u00e7ox yax\u015f\u0131 dost olublar. M\u0259h\u0259ll\u0259d\u0259 birlikd\u0259 oynay\u0131b, birlikd\u0259 deyib-g\u00fcl\u00fcbl\u0259r.<\/p>\n\n\n<article class=\"single-card uk-flex uk-flex-between m-b-sm-40\">\n\n  <div class=\"uk-grid wi-full-width\">\n\n    <div class=\"uk-width-2-3 p-t-sm-10\">\n      <a href=\"https:\/\/jam-news.net\/az\/ail%c9%99nizi-qorumaq-ucun-n%c9%99l%c9%99r%c9%99-hazirsiz-az%c9%99rbaycanda-nikaha-munasib%c9%99t-d%c9%99yisir\/\" target=\"_blank\">\n\n\n\n\n\n        <h2 class=\"m-b-sm-23 wi-merriweather-light\">\n\tAil\u0259nizi qorumaq \u00fc\u00e7\u00fcn n\u0259l\u0259r\u0259 haz\u0131rs\u0131z? Az\u0259rbaycanda nikaha m\u00fcnasib\u0259t d\u0259yi\u015fir\n<\/h2>\n\n        <p class=\"paragraph-color-2 m-b-sm-10 m-b-xs-7\">\n  Sor\u011fu g\u00f6st\u0259rir ki, Az\u0259rbaycanda bo\u015fanmalar art\u0131q f\u0259lak\u0259t kimi q\u0259bul olunmur \n<\/p>\n      <\/a>\n    <\/div>\n    <div class=\"uk-width-1-3\">\n      <figure class=\"wi-full-height choose-post__img wi-merriweather-light\">\n  <a class=\"\" href=\"https:\/\/jam-news.net\/az\/ail%c9%99nizi-qorumaq-ucun-n%c9%99l%c9%99r%c9%99-hazirsiz-az%c9%99rbaycanda-nikaha-munasib%c9%99t-d%c9%99yisir\/\">\n    <img decoding=\"async\" class=\"wi-full-height wi-ratio-img\" src=\"https:\/\/jam-news.net\/app\/uploads\/2021\/08\/64395503_2658731734155080_6635330778437779456_n.jpg\" alt=\"\" uk-img \/>\n  <\/a>\n<\/figure>\n    <\/div>\n  <\/div>\n<\/article>\n\n\n\n<p><em>\u201cBilmir\u0259m, b\u0259lk\u0259 yax\u015f\u0131 yola getdiyimizi g\u00f6r\u00fcb bu q\u0259rara g\u0259libl\u0259r. Amma m\u0259n\u0259 deyil\u0259n o oldu ki, qohumdur, g\u00f6z\u00fcm\u00fcz\u00fcn qaba\u011f\u0131nda b\u00f6y\u00fcy\u00fcb, el\u0259 onunla evl\u0259n. Bizim ail\u0259l\u0259rimizd\u0259 b\u00f6y\u00fcy\u00fcn dediyi s\u00f6zd\u0259n \u00e7\u0131xmaq m\u00fcmk\u00fcn olmur. H\u0259min adam\u0131 b\u00fct\u00fcn n\u0259sil q\u0131nayar. Onun b\u00f6y\u00fck bac\u0131s\u0131, m\u0259nim ortanc\u0131l qarda\u015f\u0131m da ail\u0259l\u0259rin t\u0259kidi il\u0259 qohumla evl\u0259ndirilibl\u0259r. T\u0259kc\u0259 \u0259n b\u00f6y\u00fck qarda\u015f\u0131m sevdiyi q\u0131zla evl\u0259nib\u201d,<\/em> &#8211; dey\u0259 Yusif dan\u0131\u015f\u0131r.&nbsp;<\/p>\n\n\n\n<p>Ni\u015fanlanandan sonra Yusifl\u0259 F\u0259rqan\u0259nin m\u00fcnasib\u0259tl\u0259ri k\u0259skin d\u0259yi\u015fib. \u018fvv\u0259lki kimi bir-birl\u0259ril\u0259 \u00e7ox dan\u0131\u015fm\u0131r, maksimum qar\u015f\u0131la\u015fmama\u011fa \u00e7al\u0131\u015f\u0131blar. Yusifin dediyin\u0259 g\u00f6r\u0259, dan\u0131\u015fd\u0131qlar\u0131 m\u00f6vzular da \u0259sas\u0259n cehiz, toyun tarixi, m\u0259clisd\u0259 qonaqlar\u0131n kim olaca\u011f\u0131 v\u0259 sair\u0259 bar\u0259d\u0259 olub. H\u0259r k\u0259s\u0259 bildirm\u0259s\u0259l\u0259r d\u0259, evlilik m\u0259s\u0259l\u0259sind\u0259 k\u00f6n\u00fcls\u00fcz olduqlarn\u0131 bir-birl\u0259rin\u0259 sezdiribl\u0259r.&nbsp;<\/p>\n\n\n\n<p>Bu ilin iyun ay\u0131nda onlar \u00fc\u00e7\u00fcn h\u0259r \u015fey d\u0259yi\u015fib. \u0130kisinin d\u0259 bu ni\u015fan\u0131 poza bil\u0259c\u0259kl\u0259rin\u0259 dair \u00fcmidl\u0259ri yaran\u0131b.&nbsp;<\/p>\n\n\n\n<figure class=\"wp-block-embed is-type-video is-provider-youtube wp-block-embed-youtube is-style-medium-width-video wp-embed-aspect-16-9 wp-has-aspect-ratio\"><div class=\"wp-block-embed__wrapper\">\n<iframe loading=\"lazy\" title=\"Az\u0259rbaycanda qohum nikahlar\u0131 tarix\u0259 qovu\u015facaqm\u0131? JAMnews\" width=\"500\" height=\"281\" src=\"https:\/\/www.youtube.com\/embed\/vHgIB-1ocXU?feature=oembed\" frameborder=\"0\" allow=\"accelerometer; autoplay; clipboard-write; encrypted-media; gyroscope; picture-in-picture; web-share\" referrerpolicy=\"strict-origin-when-cross-origin\" allowfullscreen><\/iframe>\n<\/div><\/figure>\n\n\n\n<h2 class=\"wp-block-heading\"><strong>\u201cQohum evlilikl\u0259ri qada\u011fand\u0131r\u201d&nbsp;<\/strong><\/h2>\n\n\n\n<p>Bu ilin \u0259vv\u0259lind\u0259n davam ed\u0259n m\u00fczakir\u0259l\u0259rd\u0259n sonra iyun ay\u0131nda Az\u0259rbaycan parlamenti Ail\u0259 M\u0259c\u0259ll\u0259sin\u0259 qohum evlilikl\u0259rini qada\u011fan ed\u0259n d\u0259yi\u015fiklikl\u0259ri q\u0259bul edib. 2025-ci ilin iyulundan q\u00fcvv\u0259y\u0259 min\u0259c\u0259k d\u0259yi\u015fiklikl\u0259r\u0259 \u0259sas\u0259n, \u0259mi, day\u0131, bibi v\u0259 xala u\u015faqlar\u0131n\u0131n nikaha girm\u0259si m\u00fcmk\u00fcn olmayacaq.&nbsp;<\/p>\n\n\n\n<p>Milli M\u0259clisin Ail\u0259, Qad\u0131n v\u0259 U\u015faq M\u0259s\u0259l\u0259l\u0259ri Komit\u0259sinin iclas\u0131nda Ail\u0259 M\u0259c\u0259ll\u0259sin\u0259 edil\u0259c\u0259k d\u0259yi\u015fiklikl\u0259r m\u00fczakir\u0259 edildiyi zaman qan qohumlar\u0131 aras\u0131nda ba\u011flanan nikahlardan do\u011fulan u\u015faqlar\u0131n genetik x\u0259st\u0259likl\u0259ri da\u015f\u0131mas\u0131 riskinin y\u00fcks\u0259k olu\u011fu vur\u011fulan\u0131b.&nbsp;<\/p>\n\n\n\n<p>\u201cYad c\u00fctl\u00fckl\u0259r aras\u0131nda nikahlar n\u0259tic\u0259sind\u0259 \u0259lilliyi olan u\u015faqlar\u0131n do\u011fulmas\u0131 riski 2-4 faizdirs\u0259, qohum evlilikl\u0259rd\u0259 risk 4-8 faiz\u0259d\u0259k art\u0131r\u201d, &#8211; Ail\u0259, Qad\u0131n v\u0259 U\u015faq Probleml\u0259ri \u00fczr\u0259 D\u00f6vl\u0259t Komit\u0259sind\u0259n \u201cTuran\u201da bildirilib.&nbsp;<\/p>\n\n\n<article class=\"single-card uk-flex uk-flex-between m-b-sm-40\">\n\n  <div class=\"uk-grid wi-full-width\">\n\n    <div class=\"uk-width-2-3 p-t-sm-10\">\n      <a href=\"https:\/\/jam-news.net\/az\/az%c9%99rbaycanda-erk%c9%99n-v%c9%99-qohum-evlilikl%c9%99r\/\" target=\"_blank\">\n\n\n\n\n\n        <h2 class=\"m-b-sm-23 wi-merriweather-light\">\n\tAz\u0259rbaycanda qohum evlilikl\u0259ri qada\u011fan edil\u0259c\u0259k\n<\/h2>\n\n        <p class=\"paragraph-color-2 m-b-sm-10 m-b-xs-7\">\n  Ail\u0259 M\u0259c\u0259ll\u0259sin\u0259 n\u0259z\u0259rd\u0259 tutulan yeni d\u0259yi\u015fiklikl\u0259r\u0259 g\u00f6r\u0259, he\u00e7 bir halda 18 ya\u015fdan ki\u00e7ik \u015f\u0259xsl\u0259rin v\u0259 qohumlar\u0131n evl\u0259nm\u0259si m\u00fcmk\u00fcn olmayacaq\n<\/p>\n      <\/a>\n    <\/div>\n    <div class=\"uk-width-1-3\">\n      <figure class=\"wi-full-height choose-post__img wi-merriweather-light\">\n  <a class=\"\" href=\"https:\/\/jam-news.net\/az\/az%c9%99rbaycanda-erk%c9%99n-v%c9%99-qohum-evlilikl%c9%99r\/\">\n    <img decoding=\"async\" class=\"wi-full-height wi-ratio-img\" src=\"https:\/\/jam-news.net\/app\/uploads\/2024\/06\/nikah.jpg\" alt=\"\" uk-img \/>\n  <\/a>\n<\/figure>\n    <\/div>\n  <\/div>\n<\/article>\n\n\n\n<h2 class=\"wp-block-heading\"><strong>\u201cNikah\u0131 m\u00fcmk\u00fcn q\u0259d\u0259r t\u0259xir\u0259 salma\u011fa \u00e7al\u0131\u015f\u0131r\u0131q\u201d&nbsp;<\/strong><\/h2>\n\n\n\n<p>Ail\u0259 M\u0259c\u0259ll\u0259sin\u0259 s\u00f6z\u00fcged\u0259n d\u0259yi\u015fiklik edil\u0259nd\u0259n sonra Yusifl\u0259 F\u0259rqan\u0259nin m\u00fcnasib\u0259tl\u0259ri yenid\u0259n mehribanla\u015f\u0131b. Yusif deyir ki, evlilik fikri onlar\u0131n aras\u0131nda \u0259vv\u0259ll\u0259r m\u00f6vcud olmayan m\u0259saf\u0259 v\u0259 soyuqluq yaratm\u0131\u015fd\u0131. Amma indi onlar\u0131n nikah\u0131n ba\u015f tutmayaca\u011f\u0131 il\u0259 ba\u011fl\u0131 \u00fcmidl\u0259ri var. Yen\u0259 \u0259vv\u0259lki kimi tez-tez dan\u0131\u015f\u0131r, m\u0259sl\u0259h\u0259tl\u0259\u015firl\u0259r, nikah tarixini m\u00fcmk\u00fcn q\u0259d\u0259r yubatma\u011fa \u00e7al\u0131\u015f\u0131rlar. Ail\u0259 M\u0259c\u0259ll\u0259sin\u0259 edil\u0259n d\u0259yi\u015fikliyin q\u00fcvv\u0259y\u0259 minm\u0259si onlar \u00fc\u00e7\u00fcn nikahdandan qurtulu\u015f yolu ola bil\u0259r.&nbsp;<\/p>\n\n\n\n<p>\u201cEvd\u0259kil\u0259r g\u0259l\u0259n il toyu v\u0259 nikah\u0131 eyni vaxtda el\u0259m\u0259k ist\u0259yirdil\u0259r. Onun ail\u0259si cehizl\u0259ri tamamlamaq, bizimkil\u0259r d\u0259 toy \u00fc\u00e7\u00fcn pul toplama\u011fa vaxt ist\u0259mi\u015fdil\u0259r. H\u0259m d\u0259 m\u0259nim iki qarda\u015f\u0131m, onlar\u0131n yolda\u015flar\u0131, u\u015faqlar\u0131 eyni evd\u0259 qal\u0131r\u0131q. Fikirl\u0259\u015fmi\u015fdik ki, biz ayr\u0131ca ev al\u0131b k\u00f6\u00e7\u0259k.<\/p>\n\n\n\n<p>Amma qada\u011fa m\u0259s\u0259l\u0259si \u00e7\u0131xandan sonra t\u0259l\u0259sirl\u0259r. Deyirl\u0259r ki, ilin ax\u0131r\u0131na q\u0259d\u0259r nikah el\u0259y\u0259k, toyu sonra el\u0259s\u0259k d\u0259 olar. H\u0259l\u0259lik b\u0259han\u0259 edirik ki, g\u00f6zl\u0259y\u0259k, bir az pul toplayaq, nikah\u0131 v\u0259 toyu bir yerd\u0259 ed\u0259k\u201d, &#8211; dey\u0259, Yusif planlar\u0131n\u0131 g\u00fcl\u0259-g\u00fcl\u0259 dan\u0131\u015f\u0131r.&nbsp;<\/p>\n\n\n\n<p>Onlar son olaraq d\u00fc\u015f\u00fcn\u00fcbl\u0259r ki, Yusif ilin sonu bir-ne\u00e7\u0259 ayl\u0131q i\u015fl\u0259m\u0259k, pul y\u0131\u011fmaq ad\u0131 il\u0259 Rusiyaya getsin. Nikah tarixin\u0259 bir ne\u00e7\u0259 ay qalm\u0131\u015f is\u0259 s\u0259n\u0259dl\u0259rind\u0259 problem yarand\u0131\u011f\u0131n\u0131, qay\u0131da bilm\u0259diyini desin.&nbsp;<\/p>\n\n\n\n<p>\u201cNikah\u0131 t\u0259xir\u0259 sala bils\u0259k, \u00f6z\u00fcm\u00fcz\u00fc el\u0259 aparmal\u0131y\u0131q ki, guya aram\u0131z d\u0259yib. F\u0259rqan\u0259 ac\u0131q el\u0259sin, \u00fcz\u00fck qay\u0131ts\u0131n\u201d, &#8211; Yusif deyir.&nbsp;<\/p>\n\n\n\n<p>F\u0259rqan\u0259nin valideynl\u0259ri r\u0259smi nikah olmadan bu evliliy\u0259 raz\u0131 olmad\u0131qlar\u0131 \u00fc\u00e7\u00fcn g\u0259l\u0259n ilin yay\u0131na q\u0259d\u0259r zaman qazana bils\u0259l\u0259r, bu problemd\u0259n qurtulacaqlar.&nbsp;&nbsp;<\/p>\n\n\n<article class=\"single-card uk-flex uk-flex-between m-b-sm-40\">\n\n  <div class=\"uk-grid wi-full-width\">\n\n    <div class=\"uk-width-2-3 p-t-sm-10\">\n      <a href=\"https:\/\/jam-news.net\/az\/az%c9%99rbaycanda-qohum-nikahlar-t%c9%99hluk%c9%99li-%c9%99n%c9%99n%c9%99\/\" target=\"_blank\">\n\n\n\n\n\n        <h2 class=\"m-b-sm-23 wi-merriweather-light\">\n\tAz\u0259rbaycanda qohum nikahlar: t\u0259hl\u00fck\u0259li \u0259n\u0259n\u0259\n<\/h2>\n\n        <p class=\"paragraph-color-2 m-b-sm-10 m-b-xs-7\">\n  M\u00fct\u0259x\u0259ssisl\u0259r ail\u0259l\u0259r\u0259 m\u00fcmk\u00fcn f\u0259sadlar haqda x\u0259b\u0259rdarl\u0131q edir\n<\/p>\n      <\/a>\n    <\/div>\n    <div class=\"uk-width-1-3\">\n      <figure class=\"wi-full-height choose-post__img wi-merriweather-light\">\n  <a class=\"\" href=\"https:\/\/jam-news.net\/az\/az%c9%99rbaycanda-qohum-nikahlar-t%c9%99hluk%c9%99li-%c9%99n%c9%99n%c9%99\/\">\n    <img decoding=\"async\" class=\"wi-full-height wi-ratio-img\" src=\"https:\/\/jam-news.net\/app\/uploads\/2020\/03\/20968168_1680366815339059_1884299900_o-3.jpg\" alt=\"\" uk-img \/>\n  <\/a>\n<\/figure>\n    <\/div>\n  <\/div>\n<\/article>\n\n\n\n<h2 class=\"wp-block-heading\"><strong>Qohum evlilikl\u0259ri tarix\u0259 qovu\u015facaqm\u0131?&nbsp;<\/strong><\/h2>\n\n\n\n<p class=\"has-background\" style=\"background-color:#dde2e8\">Ail\u0259, Qad\u0131n v\u0259 U\u015faq Probleml\u0259ri \u00fczr\u0259 D\u00f6vl\u0259t Komit\u0259sinin a\u00e7\u0131qlad\u0131\u011f\u0131 r\u0259q\u0259ml\u0259r\u0259 g\u00f6r\u0259, \u018fdliyy\u0259 Nazirliyinin qeydiyyat \u015f\u00f6b\u0259l\u0259rind\u0259 qohum hesab edil\u0259n \u015f\u0259xsl\u0259r aras\u0131nda qeyd\u0259 al\u0131nm\u0131\u015f nikahlar\u0131n say\u0131 2021-ci ild\u0259 2 363, 2022-ci ild\u0259 is\u0259 2 542, 2023-c\u00fc ild\u0259 is\u0259 1 935 olub.&nbsp;<\/p>\n\n\n\n<figure class=\"wp-block-image size-large\"><img loading=\"lazy\" decoding=\"async\" width=\"1024\" height=\"682\" src=\"https:\/\/jam-news.net\/app\/uploads\/2024\/07\/sanubar-1024x682.jpg\" alt=\"\" class=\"wp-image-89371\" srcset=\"https:\/\/jam-news.net\/app\/uploads\/2024\/07\/sanubar-1024x682.jpg 1024w, https:\/\/jam-news.net\/app\/uploads\/2024\/07\/sanubar-300x200.jpg 300w, https:\/\/jam-news.net\/app\/uploads\/2024\/07\/sanubar-768x512.jpg 768w, https:\/\/jam-news.net\/app\/uploads\/2024\/07\/sanubar.jpg 1280w\" sizes=\"auto, (max-width: 1024px) 100vw, 1024px\" \/><\/figure>\n\n\n\n<p><strong>Sosioloq S\u0259nub\u0259r Heyd\u0259rova <\/strong>d\u00fc\u015f\u00fcn\u00fcr ki, Az\u0259rbaycanda qohum evlilikl\u0259rinin geni\u015f yay\u0131lmas\u0131n\u0131n s\u0259b\u0259bl\u0259rind\u0259n biri ke\u00e7mi\u015f stereotipl\u0259r v\u0259 iqtisadi s\u0259b\u0259bl\u0259rd\u0259n ir\u0259li g\u0259lir.&nbsp;<\/p>\n\n\n\n<p>\u201cBiz h\u0259l\u0259 d\u0259 patriarxal c\u0259miyy\u0259td\u0259 ya\u015fay\u0131r\u0131q. Patriarxal c\u0259miyy\u0259tl\u0259rd\u0259 is\u0259 bel\u0259 \u015feyl\u0259r normald\u0131r. Tarix bunun yaranma s\u0259b\u0259bini bel\u0259 izah edir ki, x\u00fcsusil\u0259 varl\u0131 ail\u0259l\u0259r n\u0259slin var-d\u00f6vl\u0259ti k\u0259nara \u00e7\u0131xmas\u0131n, s\u0259rv\u0259tl\u0259ri \u00f6z aralar\u0131nda d\u00f6vr el\u0259sin dey\u0259 qohum evlilikl\u0259rin\u0259 \u00fcst\u00fcnl\u00fck veribl\u0259r. Nisb\u0259t\u0259n kas\u0131b t\u0259b\u0259q\u0259d\u0259 is\u0259 qohum nikahlara y\u00f6n\u0259lm\u0259 daha \u00e7ox m\u0259n\u0259vi ba\u011flarla \u0259laq\u0259li olub. M\u0259s\u0259l\u0259n, xalam q\u0131z\u0131n\u0131 bizd\u0259n ba\u015fqa kim alacaq, ya da bac\u0131m\u0131n, qarda\u015f\u0131m\u0131n o\u011fluna m\u0259nd\u0259n ba\u015fqa kim q\u0131z ver\u0259c\u0259k v\u0259 sair\u0259.<\/p>\n\n\n\n<p>B\u00fct\u00fcn d\u00fcnyada bu s\u0259b\u0259bl\u0259r aktuall\u0131\u011f\u0131n\u0131 \u00e7oxdan itirib. Amma Az\u0259rbaycanda m\u0259s\u0259l\u0259nin iqtisadi t\u0259r\u0259fl\u0259ri qalmaqdad\u0131r. H\u0259m d\u0259 Az\u0259rbaycanda evlilik institutu bir az da m\u0259cburi xarakter da\u015f\u0131y\u0131r. \u201cHam\u0131 evl\u0259nm\u0259lidir\u201d kimi bir m\u0259cburiyy\u0259t yarad\u0131blar v\u0259 m\u0259hz buna g\u00f6r\u0259 evlilikl\u0259rd\u0259 \u00e7ox probleml\u0259r yaran\u0131r.<\/p>\n\n\n<article class=\"single-card uk-flex uk-flex-between m-b-sm-40\">\n\n  <div class=\"uk-grid wi-full-width\">\n\n    <div class=\"uk-width-2-3 p-t-sm-10\">\n      <a href=\"https:\/\/jam-news.net\/az\/az%c9%99rbaycanda-qohum-nikahlari-bu-niy%c9%99-t%c9%99hluk%c9%99lidir-multimedia\/\" target=\"_blank\">\n\n\n\n\n\n        <h2 class=\"m-b-sm-23 wi-merriweather-light\">\n\t90 saniy\u0259:Az\u0259rbaycanda qohum nikahlar\u0131 \u2013 bu niy\u0259 t\u0259hl\u00fck\u0259lidir? Multimedia\n<\/h2>\n\n        <p class=\"paragraph-color-2 m-b-sm-10 m-b-xs-7\">\n  M\u00fct\u0259x\u0259ssisl\u0259r yax\u0131n qohumlar aras\u0131nda nikahlar\u0131n hans\u0131 f\u0259sadlara g\u0259tirib \u00e7\u0131xara bil\u0259c\u0259yini xat\u0131rlad\u0131rlar\n<\/p>\n      <\/a>\n    <\/div>\n    <div class=\"uk-width-1-3\">\n      <figure class=\"wi-full-height choose-post__img wi-merriweather-light\">\n  <a class=\"\" href=\"https:\/\/jam-news.net\/az\/az%c9%99rbaycanda-qohum-nikahlari-bu-niy%c9%99-t%c9%99hluk%c9%99lidir-multimedia\/\">\n    <img decoding=\"async\" class=\"wi-full-height wi-ratio-img\" src=\"https:\/\/jam-news.net\/app\/uploads\/2020\/03\/45527652_2373504716025262_2202528189383704576_o.jpg\" alt=\"\" uk-img \/>\n  <\/a>\n<\/figure>\n    <\/div>\n  <\/div>\n<\/article>\n\n\n\n<p>\u0130nsanlar d\u00fc\u015f\u00fcn\u00fcr ki, qohum olsa, bu s\u00f6z-s\u00f6hb\u0259t daha az k\u0259nara \u00e7\u0131xar, ya da maddi imkanlar z\u0259ifdirs\u0259 qohum daha anlay\u0131\u015fla q\u0259bul ed\u0259r, daha az \u015fey t\u0259l\u0259b ed\u0259r. Yaxud \u201c\u00f6z\u00fcn\u00fcnk\u00fc\u201d qay\u0131nataya, qay\u0131nanaya&nbsp;daha yax\u015f\u0131 qulluq ed\u0259r. Amma &#8220;yad q\u0131z\u0131&#8221; g\u0259ls\u0259, daha t\u0259l\u0259bkar olar, naraz\u0131l\u0131\u011f\u0131n\u0131 daha \u00e7ox dil\u0259 g\u0259tir\u0259r.<\/p>\n\n\n\n<p>Ya da bizd\u0259 ki\u015fil\u0259r nec\u0259dir? Uza\u011f\u0131 bir ne\u00e7\u0259 il ail\u0259sin\u0259 sadiq qal\u0131r, sonra ba\u015fqa yerl\u0259rd\u0259, ba\u015fqa insanlarla vaxt ke\u00e7irm\u0259y\u0259 ba\u015flay\u0131r. Bu s\u00f6hb\u0259tl\u0259ri d\u0259 ail\u0259 i\u00e7ind\u0259 saxlayacaq olan kiml\u0259rdir? Xalaq\u0131z\u0131, \u0259miq\u0131z\u0131 v\u0259 sair\u0259.<\/p>\n\n\n\n<p>Y\u0259ni, qohum evliliyi bir n\u00f6v rahatl\u0131q axtar\u0131\u015f\u0131d\u0131r sanki\u201d, &#8211; dey\u0259, ekspert bildirir.&nbsp;<\/p>\n\n\n\n<p>S\u0259nub\u0259r Heyd\u0259rova hesab edir ki, qohum evlilikl\u0259rinin m\u0259nfi t\u0259r\u0259fi t\u0259kc\u0259 genetik x\u0259st\u0259likl\u0259 do\u011fulan u\u015faqlar\u0131n say\u0131n\u0131n artmas\u0131 il\u0259 m\u0259hdudla\u015fm\u0131r.&nbsp;<\/p>\n\n\n\n<p>\u201cQohumlarda genl\u0259r t\u0259krarland\u0131qca do\u011fulan u\u015faqlar\u0131n sa\u011flaml\u0131\u011f\u0131 daha z\u0259if olur, onlar c\u0131l\u0131zla\u015f\u0131rlar v\u0259 \u0259lilliyi olan u\u015faqlar\u0131n say\u0131 \u00e7ox olur. Bu, \u0259sas s\u0259b\u0259bl\u0259rd\u0259ndir, amma t\u0259k s\u0259b\u0259b deyil.<\/p>\n\n\n\n<p>X\u00fcsus\u0259n qad\u0131nlar qohum evlilikl\u0259rind\u0259n \u00e7ox \u0259ziyy\u0259t \u00e7\u0259kir. Ona g\u00f6r\u0259 ki, \u0259traflar\u0131nda onlar\u0131 d\u0259st\u0259kl\u0259y\u0259c\u0259k insanlar olmur. Qad\u0131nlar\u0131n ail\u0259 i\u00e7i naraz\u0131l\u0131qlar\u0131n\u0131 dinl\u0259yib, ciddiy\u0259 alacaq insanlar tap\u0131lm\u0131r. T\u0259r\u0259fl\u0259r qohum oldu\u011fu \u00fc\u00e7\u00fcn maksimum \u00e7al\u0131\u015f\u0131l\u0131r ki, problem \u00f6rt-basd\u0131r edilsin\u201d.&nbsp;<\/p>\n\n\n<article class=\"single-card uk-flex uk-flex-between m-b-sm-40\">\n\n  <div class=\"uk-grid wi-full-width\">\n\n    <div class=\"uk-width-2-3 p-t-sm-10\">\n      <a href=\"https:\/\/jam-news.net\/az\/az%c9%99rbaycanda-erk%c9%99n-nikahlar\/\" target=\"_blank\">\n\n\n\n\n\n        <h2 class=\"m-b-sm-23 wi-merriweather-light\">\n\tAz\u0259rbaycanda erk\u0259n nikahlar \u2013 problem d\u0259rinl\u0259\u015firmi?\n<\/h2>\n\n        <p class=\"paragraph-color-2 m-b-sm-10 m-b-xs-7\">\n  H\u00fcquq\u015f\u00fcnas: \u201cErk\u0259n nikaha s\u00f6vq etm\u0259y\u0259 g\u00f6r\u0259 h\u0259bsl\u0259r olsa, problemin real h\u0259lli m\u00fcmk\u00fcn olar\u201d\n<\/p>\n      <\/a>\n    <\/div>\n    <div class=\"uk-width-1-3\">\n      <figure class=\"wi-full-height choose-post__img wi-merriweather-light\">\n  <a class=\"\" href=\"https:\/\/jam-news.net\/az\/az%c9%99rbaycanda-erk%c9%99n-nikahlar\/\">\n    <img decoding=\"async\" class=\"wi-full-height wi-ratio-img\" src=\"https:\/\/jam-news.net\/app\/uploads\/2023\/11\/erken-nikah.jpg\" alt=\"\" uk-img \/>\n  <\/a>\n<\/figure>\n    <\/div>\n  <\/div>\n<\/article>\n\n\n\n<blockquote class=\"wp-block-quote is-style-jam-news is-layout-flow wp-block-quote-is-layout-flow\"><p>S\u0259nub\u0259r Heyd\u0259rovan\u0131n s\u00f6zl\u0259rin\u0259 g\u00f6r\u0259, qohum evlilikl\u0259rinin qanunla qada\u011fan edilm\u0259si, h\u0259l\u0259 problemin h\u0259lli dem\u0259k deyil.&nbsp;<\/p><\/blockquote>\n\n\n\n<p>\u201cAzya\u015fl\u0131 il\u0259 evl\u0259nm\u0259k d\u0259 qanunla qada\u011fand\u0131r. Amma h\u0259l\u0259 d\u0259 azya\u015fl\u0131 q\u0131zlar zorla evl\u0259ndirilir. Y\u0259ni \u0259sas m\u0259s\u0259l\u0259 qanunun q\u0259bul edilm\u0259si yox, nec\u0259 t\u0259tbiq edilm\u0259sidir. Rayonda, k\u0259ndd\u0259 \u0259ks\u0259r adamlar bir-biril\u0259 qohumdur. Yerli d\u00f6vl\u0259t qurumlar\u0131nda az qala h\u0259r k\u0259sin tan\u0131\u015f\u0131, qohumu olur. Bu kimi qanun pozuntular\u0131na g\u00f6z yumulur, \u015fikay\u0259tl\u0259r\u0259 bax\u0131lm\u0131r.<\/p>\n\n\n\n<blockquote class=\"wp-block-quote is-style-jam-news is-layout-flow wp-block-quote-is-layout-flow\"><p>\u018fsas bu d\u00fc\u015f\u00fcnc\u0259ni aradan qald\u0131rmaq v\u0259 insanlar\u0131 maarifl\u0259ndirm\u0259k&nbsp;laz\u0131md\u0131r. \u0130nsanlar qohum evlilikl\u0259rinin ziyanl\u0131 oldu\u011funu anlamal\u0131d\u0131rlar. Burada da \u0259sas m\u0259suliyy\u0259t d\u00f6vl\u0259tin \u00fcz\u0259rin\u0259 d\u00fc\u015f\u00fcr\u201d.&nbsp;<\/p><\/blockquote>\n\n\n\n<p class=\"has-text-align-center has-black-background-color has-background has-medium-font-size\"><strong><span style=\"color:#ffffff\" class=\"color\"><strong>Bizi izl\u0259yin<\/strong> \u00a0\u2013<\/span>\u00a0 <strong><a href=\"https:\/\/twitter.com\/CAMXbr?s=20&amp;t=ocvC6IWtMT41iogtIUDqSQ\" target=\"_blank\" rel=\"noreferrer noopener\"><mark style=\"background-color:rgba(0, 0, 0, 0);color:#00acee\" class=\"has-inline-color\">Twitter<\/mark><\/a><\/strong>\u00a0|\u00a0<strong><a href=\"https:\/\/www.facebook.com\/Jamnyus\" target=\"_blank\" rel=\"noreferrer noopener\"><mark style=\"background-color:rgba(0, 0, 0, 0);color:#4267b2\" class=\"has-inline-color\">Facebok<\/mark><\/a><\/strong><mark style=\"background-color:rgba(0, 0, 0, 0);color:#4267b2\" class=\"has-inline-color\">\u00a0<\/mark>|<strong> <\/strong><a href=\"https:\/\/t.me\/jamnewsaz\" target=\"_blank\" rel=\"noreferrer noopener\"><strong><mark style=\"background-color:rgba(0, 0, 0, 0);color:#0088cc\" class=\"has-inline-color\">Telegram<\/mark><\/strong><\/a><\/strong><\/p>\n","protected":false},"excerpt":{"rendered":"<p>Ail\u0259 M\u0259c\u0259ll\u0259sin\u0259 edil\u0259n d\u0259yi\u015fiklikl\u0259r 2025-ci ilin iyulundan q\u00fcvv\u0259y\u0259 min\u0259nd\u0259n sonra Az\u0259rbaycanda qohum evlilikl\u0259ri problemi tarix\u0259 qovu\u015facaqm\u0131? Ekspertl\u0259r hesab edirl\u0259r ki, \u0259sas m\u0259s\u0259l\u0259 insanlar\u0131n t\u0259f\u0259kk\u00fcr\u00fcn\u00fcn d\u0259yi\u015fm\u0259sidir<\/p>\n","protected":false},"author":3,"featured_media":89370,"comment_status":"closed","ping_status":"closed","sticky":false,"template":"","format":"standard","meta":{"_acf_changed":false,"footnotes":""},"categories":[17,25,36,35],"tags":[],"formation":[4036],"post-author":[6153],"topic":[4952],"tooltip":[],"city":[6041],"class_list":["post-89372","post","type-post","status-publish","format-standard","has-post-thumbnail","hentry","category-azrbaycan","category-cmiyyt","category-multimedia","category-hekaylr","formation-video","post-author-fatim-movlamli","topic-azrbaycan","city-baki"],"acf":[],"yoast_head":"<!-- This site is optimized with the Yoast SEO plugin v24.1 - https:\/\/yoast.com\/wordpress\/plugins\/seo\/ -->\n<title>Az\u0259rbaycanda qohum evlilikl\u0259ri JAMnews<\/title>\n<meta name=\"description\" content=\"\u201cAnam bir g\u00fcn g\u0259ldi dedi ki, atan xalangill\u0259 dan\u0131\u015f\u0131b, g\u0259l\u0259n h\u0259ft\u0259 xalaq\u0131z\u0131na el\u00e7i gedirik, evl\u0259nirsiniz&quot;. Az\u0259rbaycanda qohum evlilikl\u0259ri\" \/>\n<meta name=\"robots\" content=\"index, follow, max-snippet:-1, max-image-preview:large, max-video-preview:-1\" \/>\n<link rel=\"canonical\" href=\"https:\/\/jam-news.net\/az\/az\u0259rbaycanda-qohum-evlilikl\u0259ri-1\/\" \/>\n<meta property=\"og:locale\" content=\"az_AZ\" \/>\n<meta property=\"og:type\" content=\"article\" \/>\n<meta property=\"og:title\" content=\"\u201cNi\u015fanlanana q\u0259d\u0259r xalamq\u0131z\u0131 il\u0259 \u00e7ox yax\u015f\u0131 dost idik\u201d \u2013 Az\u0259rbaycanda qohum evlilikl\u0259ri\" \/>\n<meta property=\"og:description\" content=\"\u201cAnam bir g\u00fcn g\u0259ldi dedi ki, atan xalangill\u0259 dan\u0131\u015f\u0131b, g\u0259l\u0259n h\u0259ft\u0259 xalaq\u0131z\u0131na el\u00e7i gedirik, evl\u0259nirsiniz&quot;. Az\u0259rbaycanda qohum evlilikl\u0259ri\" \/>\n<meta property=\"og:url\" content=\"https:\/\/jam-news.net\/az\/az\u0259rbaycanda-qohum-evlilikl\u0259ri-1\/\" \/>\n<meta property=\"og:site_name\" content=\"Azerbaijani Jamnews\" \/>\n<meta property=\"article:publisher\" content=\"https:\/\/www.facebook.com\/JAMnewsInEnglish\/\" \/>\n<meta property=\"article:published_time\" content=\"2024-07-17T18:03:10+00:00\" \/>\n<meta property=\"article:modified_time\" content=\"2024-07-21T23:43:55+00:00\" \/>\n<meta property=\"og:image\" content=\"https:\/\/jam-news.net\/app\/uploads\/2024\/07\/qohum-nikah.jpg\" \/>\n\t<meta property=\"og:image:width\" content=\"1200\" \/>\n\t<meta property=\"og:image:height\" content=\"800\" \/>\n\t<meta property=\"og:image:type\" content=\"image\/jpeg\" \/>\n<meta name=\"author\" content=\"JAMnews\" \/>\n<meta name=\"twitter:card\" content=\"summary_large_image\" \/>\n<meta name=\"twitter:title\" content=\"\u201cNi\u015fanlanana q\u0259d\u0259r xalamq\u0131z\u0131 il\u0259 \u00e7ox yax\u015f\u0131 dost idik\u201d \u2013 Az\u0259rbaycanda qohum evlilikl\u0259ri\" \/>\n<meta name=\"twitter:creator\" content=\"@JAMnewsCaucasus\" \/>\n<meta name=\"twitter:site\" content=\"@JAMnewsCaucasus\" \/>\n<meta name=\"twitter:label1\" content=\"Written by\" \/>\n\t<meta name=\"twitter:data1\" content=\"JAMnews\" \/>\n\t<meta name=\"twitter:label2\" content=\"Est. reading time\" \/>\n\t<meta name=\"twitter:data2\" content=\"6 minutes\" \/>\n<script type=\"application\/ld+json\" class=\"yoast-schema-graph\">{\"@context\":\"https:\/\/schema.org\",\"@graph\":[{\"@type\":\"Article\",\"@id\":\"https:\/\/jam-news.net\/az\/az%c9%99rbaycanda-qohum-evlilikl%c9%99ri-1\/#article\",\"isPartOf\":{\"@id\":\"https:\/\/jam-news.net\/az\/az%c9%99rbaycanda-qohum-evlilikl%c9%99ri-1\/\"},\"author\":{\"name\":\"JAMnews\",\"@id\":\"https:\/\/jam-news.net\/az\/#\/schema\/person\/67df3bb7adb46cd513fb9c4cb02361c6\"},\"headline\":\"\u201cNi\u015fanlanana q\u0259d\u0259r xalam q\u0131z\u0131 il\u0259 \u00e7ox yax\u015f\u0131 dost idik\u201d \u2013 Az\u0259rbaycanda qohum evlilikl\u0259ri \u00a0\",\"datePublished\":\"2024-07-17T18:03:10+00:00\",\"dateModified\":\"2024-07-21T23:43:55+00:00\",\"mainEntityOfPage\":{\"@id\":\"https:\/\/jam-news.net\/az\/az%c9%99rbaycanda-qohum-evlilikl%c9%99ri-1\/\"},\"wordCount\":1680,\"publisher\":{\"@id\":\"https:\/\/jam-news.net\/az\/#organization\"},\"image\":{\"@id\":\"https:\/\/jam-news.net\/az\/az%c9%99rbaycanda-qohum-evlilikl%c9%99ri-1\/#primaryimage\"},\"thumbnailUrl\":\"https:\/\/jam-news.net\/app\/uploads\/2024\/07\/qohum-nikah.jpg\",\"articleSection\":[\"Azerbaijan\",\"Issues\",\"Photo\/Video\",\"Stories\"],\"inLanguage\":\"az\"},{\"@type\":\"WebPage\",\"@id\":\"https:\/\/jam-news.net\/az\/az%c9%99rbaycanda-qohum-evlilikl%c9%99ri-1\/\",\"url\":\"https:\/\/jam-news.net\/az\/az%c9%99rbaycanda-qohum-evlilikl%c9%99ri-1\/\",\"name\":\"Az\u0259rbaycanda qohum evlilikl\u0259ri JAMnews\",\"isPartOf\":{\"@id\":\"https:\/\/jam-news.net\/az\/#website\"},\"primaryImageOfPage\":{\"@id\":\"https:\/\/jam-news.net\/az\/az%c9%99rbaycanda-qohum-evlilikl%c9%99ri-1\/#primaryimage\"},\"image\":{\"@id\":\"https:\/\/jam-news.net\/az\/az%c9%99rbaycanda-qohum-evlilikl%c9%99ri-1\/#primaryimage\"},\"thumbnailUrl\":\"https:\/\/jam-news.net\/app\/uploads\/2024\/07\/qohum-nikah.jpg\",\"datePublished\":\"2024-07-17T18:03:10+00:00\",\"dateModified\":\"2024-07-21T23:43:55+00:00\",\"description\":\"\u201cAnam bir g\u00fcn g\u0259ldi dedi ki, atan xalangill\u0259 dan\u0131\u015f\u0131b, g\u0259l\u0259n h\u0259ft\u0259 xalaq\u0131z\u0131na el\u00e7i gedirik, evl\u0259nirsiniz\\\". Az\u0259rbaycanda qohum evlilikl\u0259ri\",\"breadcrumb\":{\"@id\":\"https:\/\/jam-news.net\/az\/az%c9%99rbaycanda-qohum-evlilikl%c9%99ri-1\/#breadcrumb\"},\"inLanguage\":\"az\",\"potentialAction\":[{\"@type\":\"ReadAction\",\"target\":[\"https:\/\/jam-news.net\/az\/az%c9%99rbaycanda-qohum-evlilikl%c9%99ri-1\/\"]}]},{\"@type\":\"ImageObject\",\"inLanguage\":\"az\",\"@id\":\"https:\/\/jam-news.net\/az\/az%c9%99rbaycanda-qohum-evlilikl%c9%99ri-1\/#primaryimage\",\"url\":\"https:\/\/jam-news.net\/app\/uploads\/2024\/07\/qohum-nikah.jpg\",\"contentUrl\":\"https:\/\/jam-news.net\/app\/uploads\/2024\/07\/qohum-nikah.jpg\",\"width\":1200,\"height\":800},{\"@type\":\"BreadcrumbList\",\"@id\":\"https:\/\/jam-news.net\/az\/az%c9%99rbaycanda-qohum-evlilikl%c9%99ri-1\/#breadcrumb\",\"itemListElement\":[{\"@type\":\"ListItem\",\"position\":1,\"name\":\"Home\",\"item\":\"https:\/\/jam-news.net\/az\/\"},{\"@type\":\"ListItem\",\"position\":2,\"name\":\"\u201cNi\u015fanlanana q\u0259d\u0259r xalam q\u0131z\u0131 il\u0259 \u00e7ox yax\u015f\u0131 dost idik\u201d \u2013 Az\u0259rbaycanda qohum evlilikl\u0259ri \u00a0\"}]},{\"@type\":\"WebSite\",\"@id\":\"https:\/\/jam-news.net\/az\/#website\",\"url\":\"https:\/\/jam-news.net\/az\/\",\"name\":\"Azerbaijani Jamnews\",\"description\":\"Caucasus News, Politics and Society\",\"publisher\":{\"@id\":\"https:\/\/jam-news.net\/az\/#organization\"},\"potentialAction\":[{\"@type\":\"SearchAction\",\"target\":{\"@type\":\"EntryPoint\",\"urlTemplate\":\"https:\/\/jam-news.net\/az\/?s={search_term_string}\"},\"query-input\":{\"@type\":\"PropertyValueSpecification\",\"valueRequired\":true,\"valueName\":\"search_term_string\"}}],\"inLanguage\":\"az\"},{\"@type\":\"Organization\",\"@id\":\"https:\/\/jam-news.net\/az\/#organization\",\"name\":\"JAMnews\",\"url\":\"https:\/\/jam-news.net\/az\/\",\"logo\":{\"@type\":\"ImageObject\",\"inLanguage\":\"az\",\"@id\":\"https:\/\/jam-news.net\/az\/#\/schema\/logo\/image\/\",\"url\":\"https:\/\/jam-news.net\/app\/uploads\/2020\/05\/JAM_w.jpg\",\"contentUrl\":\"https:\/\/jam-news.net\/app\/uploads\/2020\/05\/JAM_w.jpg\",\"width\":960,\"height\":960,\"caption\":\"JAMnews\"},\"image\":{\"@id\":\"https:\/\/jam-news.net\/az\/#\/schema\/logo\/image\/\"},\"sameAs\":[\"https:\/\/www.facebook.com\/JAMnewsInEnglish\/\",\"https:\/\/x.com\/JAMnewsCaucasus\",\"https:\/\/www.instagram.com\/jam_news\/\",\"https:\/\/www.youtube.com\/channel\/UCXQbUCme2pykuZYXWHx4VPg\"]},{\"@type\":\"Person\",\"@id\":\"https:\/\/jam-news.net\/az\/#\/schema\/person\/67df3bb7adb46cd513fb9c4cb02361c6\",\"name\":\"JAMnews\",\"image\":{\"@type\":\"ImageObject\",\"inLanguage\":\"az\",\"@id\":\"https:\/\/jam-news.net\/az\/#\/schema\/person\/image\/\",\"url\":\"https:\/\/secure.gravatar.com\/avatar\/e5c27593ef900c3ab3deed4ed1c653d7?s=96&d=mm&r=g\",\"contentUrl\":\"https:\/\/secure.gravatar.com\/avatar\/e5c27593ef900c3ab3deed4ed1c653d7?s=96&d=mm&r=g\",\"caption\":\"JAMnews\"},\"url\":\"https:\/\/jam-news.net\/az\/author\/margarita\/\"}]}<\/script>\n<!-- \/ Yoast SEO plugin. -->","yoast_head_json":{"title":"Az\u0259rbaycanda qohum evlilikl\u0259ri JAMnews","description":"\u201cAnam bir g\u00fcn g\u0259ldi dedi ki, atan xalangill\u0259 dan\u0131\u015f\u0131b, g\u0259l\u0259n h\u0259ft\u0259 xalaq\u0131z\u0131na el\u00e7i gedirik, evl\u0259nirsiniz\". Az\u0259rbaycanda qohum evlilikl\u0259ri","robots":{"index":"index","follow":"follow","max-snippet":"max-snippet:-1","max-image-preview":"max-image-preview:large","max-video-preview":"max-video-preview:-1"},"canonical":"https:\/\/jam-news.net\/az\/az\u0259rbaycanda-qohum-evlilikl\u0259ri-1\/","og_locale":"az_AZ","og_type":"article","og_title":"\u201cNi\u015fanlanana q\u0259d\u0259r xalamq\u0131z\u0131 il\u0259 \u00e7ox yax\u015f\u0131 dost idik\u201d \u2013 Az\u0259rbaycanda qohum evlilikl\u0259ri","og_description":"\u201cAnam bir g\u00fcn g\u0259ldi dedi ki, atan xalangill\u0259 dan\u0131\u015f\u0131b, g\u0259l\u0259n h\u0259ft\u0259 xalaq\u0131z\u0131na el\u00e7i gedirik, evl\u0259nirsiniz\". Az\u0259rbaycanda qohum evlilikl\u0259ri","og_url":"https:\/\/jam-news.net\/az\/az\u0259rbaycanda-qohum-evlilikl\u0259ri-1\/","og_site_name":"Azerbaijani Jamnews","article_publisher":"https:\/\/www.facebook.com\/JAMnewsInEnglish\/","article_published_time":"2024-07-17T18:03:10+00:00","article_modified_time":"2024-07-21T23:43:55+00:00","og_image":[{"width":1200,"height":800,"url":"https:\/\/jam-news.net\/app\/uploads\/2024\/07\/qohum-nikah.jpg","type":"image\/jpeg"}],"author":"JAMnews","twitter_card":"summary_large_image","twitter_title":"\u201cNi\u015fanlanana q\u0259d\u0259r xalamq\u0131z\u0131 il\u0259 \u00e7ox yax\u015f\u0131 dost idik\u201d \u2013 Az\u0259rbaycanda qohum evlilikl\u0259ri","twitter_creator":"@JAMnewsCaucasus","twitter_site":"@JAMnewsCaucasus","twitter_misc":{"Written by":"JAMnews","Est. reading time":"6 minutes"},"schema":{"@context":"https:\/\/schema.org","@graph":[{"@type":"Article","@id":"https:\/\/jam-news.net\/az\/az%c9%99rbaycanda-qohum-evlilikl%c9%99ri-1\/#article","isPartOf":{"@id":"https:\/\/jam-news.net\/az\/az%c9%99rbaycanda-qohum-evlilikl%c9%99ri-1\/"},"author":{"name":"JAMnews","@id":"https:\/\/jam-news.net\/az\/#\/schema\/person\/67df3bb7adb46cd513fb9c4cb02361c6"},"headline":"\u201cNi\u015fanlanana q\u0259d\u0259r xalam q\u0131z\u0131 il\u0259 \u00e7ox yax\u015f\u0131 dost idik\u201d \u2013 Az\u0259rbaycanda qohum evlilikl\u0259ri \u00a0","datePublished":"2024-07-17T18:03:10+00:00","dateModified":"2024-07-21T23:43:55+00:00","mainEntityOfPage":{"@id":"https:\/\/jam-news.net\/az\/az%c9%99rbaycanda-qohum-evlilikl%c9%99ri-1\/"},"wordCount":1680,"publisher":{"@id":"https:\/\/jam-news.net\/az\/#organization"},"image":{"@id":"https:\/\/jam-news.net\/az\/az%c9%99rbaycanda-qohum-evlilikl%c9%99ri-1\/#primaryimage"},"thumbnailUrl":"https:\/\/jam-news.net\/app\/uploads\/2024\/07\/qohum-nikah.jpg","articleSection":["Azerbaijan","Issues","Photo\/Video","Stories"],"inLanguage":"az"},{"@type":"WebPage","@id":"https:\/\/jam-news.net\/az\/az%c9%99rbaycanda-qohum-evlilikl%c9%99ri-1\/","url":"https:\/\/jam-news.net\/az\/az%c9%99rbaycanda-qohum-evlilikl%c9%99ri-1\/","name":"Az\u0259rbaycanda qohum evlilikl\u0259ri JAMnews","isPartOf":{"@id":"https:\/\/jam-news.net\/az\/#website"},"primaryImageOfPage":{"@id":"https:\/\/jam-news.net\/az\/az%c9%99rbaycanda-qohum-evlilikl%c9%99ri-1\/#primaryimage"},"image":{"@id":"https:\/\/jam-news.net\/az\/az%c9%99rbaycanda-qohum-evlilikl%c9%99ri-1\/#primaryimage"},"thumbnailUrl":"https:\/\/jam-news.net\/app\/uploads\/2024\/07\/qohum-nikah.jpg","datePublished":"2024-07-17T18:03:10+00:00","dateModified":"2024-07-21T23:43:55+00:00","description":"\u201cAnam bir g\u00fcn g\u0259ldi dedi ki, atan xalangill\u0259 dan\u0131\u015f\u0131b, g\u0259l\u0259n h\u0259ft\u0259 xalaq\u0131z\u0131na el\u00e7i gedirik, evl\u0259nirsiniz\". Az\u0259rbaycanda qohum evlilikl\u0259ri","breadcrumb":{"@id":"https:\/\/jam-news.net\/az\/az%c9%99rbaycanda-qohum-evlilikl%c9%99ri-1\/#breadcrumb"},"inLanguage":"az","potentialAction":[{"@type":"ReadAction","target":["https:\/\/jam-news.net\/az\/az%c9%99rbaycanda-qohum-evlilikl%c9%99ri-1\/"]}]},{"@type":"ImageObject","inLanguage":"az","@id":"https:\/\/jam-news.net\/az\/az%c9%99rbaycanda-qohum-evlilikl%c9%99ri-1\/#primaryimage","url":"https:\/\/jam-news.net\/app\/uploads\/2024\/07\/qohum-nikah.jpg","contentUrl":"https:\/\/jam-news.net\/app\/uploads\/2024\/07\/qohum-nikah.jpg","width":1200,"height":800},{"@type":"BreadcrumbList","@id":"https:\/\/jam-news.net\/az\/az%c9%99rbaycanda-qohum-evlilikl%c9%99ri-1\/#breadcrumb","itemListElement":[{"@type":"ListItem","position":1,"name":"Home","item":"https:\/\/jam-news.net\/az\/"},{"@type":"ListItem","position":2,"name":"\u201cNi\u015fanlanana q\u0259d\u0259r xalam q\u0131z\u0131 il\u0259 \u00e7ox yax\u015f\u0131 dost idik\u201d \u2013 Az\u0259rbaycanda qohum evlilikl\u0259ri \u00a0"}]},{"@type":"WebSite","@id":"https:\/\/jam-news.net\/az\/#website","url":"https:\/\/jam-news.net\/az\/","name":"Azerbaijani Jamnews","description":"Caucasus News, Politics and Society","publisher":{"@id":"https:\/\/jam-news.net\/az\/#organization"},"potentialAction":[{"@type":"SearchAction","target":{"@type":"EntryPoint","urlTemplate":"https:\/\/jam-news.net\/az\/?s={search_term_string}"},"query-input":{"@type":"PropertyValueSpecification","valueRequired":true,"valueName":"search_term_string"}}],"inLanguage":"az"},{"@type":"Organization","@id":"https:\/\/jam-news.net\/az\/#organization","name":"JAMnews","url":"https:\/\/jam-news.net\/az\/","logo":{"@type":"ImageObject","inLanguage":"az","@id":"https:\/\/jam-news.net\/az\/#\/schema\/logo\/image\/","url":"https:\/\/jam-news.net\/app\/uploads\/2020\/05\/JAM_w.jpg","contentUrl":"https:\/\/jam-news.net\/app\/uploads\/2020\/05\/JAM_w.jpg","width":960,"height":960,"caption":"JAMnews"},"image":{"@id":"https:\/\/jam-news.net\/az\/#\/schema\/logo\/image\/"},"sameAs":["https:\/\/www.facebook.com\/JAMnewsInEnglish\/","https:\/\/x.com\/JAMnewsCaucasus","https:\/\/www.instagram.com\/jam_news\/","https:\/\/www.youtube.com\/channel\/UCXQbUCme2pykuZYXWHx4VPg"]},{"@type":"Person","@id":"https:\/\/jam-news.net\/az\/#\/schema\/person\/67df3bb7adb46cd513fb9c4cb02361c6","name":"JAMnews","image":{"@type":"ImageObject","inLanguage":"az","@id":"https:\/\/jam-news.net\/az\/#\/schema\/person\/image\/","url":"https:\/\/secure.gravatar.com\/avatar\/e5c27593ef900c3ab3deed4ed1c653d7?s=96&d=mm&r=g","contentUrl":"https:\/\/secure.gravatar.com\/avatar\/e5c27593ef900c3ab3deed4ed1c653d7?s=96&d=mm&r=g","caption":"JAMnews"},"url":"https:\/\/jam-news.net\/az\/author\/margarita\/"}]}},"_links":{"self":[{"href":"https:\/\/jam-news.net\/az\/wp-json\/wp\/v2\/posts\/89372","targetHints":{"allow":["GET"]}}],"collection":[{"href":"https:\/\/jam-news.net\/az\/wp-json\/wp\/v2\/posts"}],"about":[{"href":"https:\/\/jam-news.net\/az\/wp-json\/wp\/v2\/types\/post"}],"author":[{"embeddable":true,"href":"https:\/\/jam-news.net\/az\/wp-json\/wp\/v2\/users\/3"}],"replies":[{"embeddable":true,"href":"https:\/\/jam-news.net\/az\/wp-json\/wp\/v2\/comments?post=89372"}],"version-history":[{"count":3,"href":"https:\/\/jam-news.net\/az\/wp-json\/wp\/v2\/posts\/89372\/revisions"}],"predecessor-version":[{"id":89467,"href":"https:\/\/jam-news.net\/az\/wp-json\/wp\/v2\/posts\/89372\/revisions\/89467"}],"wp:featuredmedia":[{"embeddable":true,"href":"https:\/\/jam-news.net\/az\/wp-json\/wp\/v2\/media\/89370"}],"wp:attachment":[{"href":"https:\/\/jam-news.net\/az\/wp-json\/wp\/v2\/media?parent=89372"}],"wp:term":[{"taxonomy":"category","embeddable":true,"href":"https:\/\/jam-news.net\/az\/wp-json\/wp\/v2\/categories?post=89372"},{"taxonomy":"post_tag","embeddable":true,"href":"https:\/\/jam-news.net\/az\/wp-json\/wp\/v2\/tags?post=89372"},{"taxonomy":"formation","embeddable":true,"href":"https:\/\/jam-news.net\/az\/wp-json\/wp\/v2\/formation?post=89372"},{"taxonomy":"post-author","embeddable":true,"href":"https:\/\/jam-news.net\/az\/wp-json\/wp\/v2\/post-author?post=89372"},{"taxonomy":"topic","embeddable":true,"href":"https:\/\/jam-news.net\/az\/wp-json\/wp\/v2\/topic?post=89372"},{"taxonomy":"tooltip","embeddable":true,"href":"https:\/\/jam-news.net\/az\/wp-json\/wp\/v2\/tooltip?post=89372"},{"taxonomy":"city","embeddable":true,"href":"https:\/\/jam-news.net\/az\/wp-json\/wp\/v2\/city?post=89372"}],"curies":[{"name":"wp","href":"https:\/\/api.w.org\/{rel}","templated":true}]}}