{"id":8918,"date":"2018-08-08T00:00:00","date_gmt":"2018-08-08T00:00:00","guid":{"rendered":"http:\/\/jam-news.net\/az\/erm%c9%99nistan-onlayn-mediasinin-%c9%99n-populyar-qadini-aktiv-deputatdir\/"},"modified":"2022-01-18T01:18:36","modified_gmt":"2022-01-17T21:18:36","slug":"erm%c9%99nistan-onlayn-mediasinin-%c9%99n-populyar-qadini-aktiv-deputatdir","status":"publish","type":"post","link":"https:\/\/jam-news.net\/az\/erm%c9%99nistan-onlayn-mediasinin-%c9%99n-populyar-qadini-aktiv-deputatdir\/","title":{"rendered":"Erm\u0259nistan onlayn-medias\u0131n\u0131n \u0259n populyar qad\u0131n\u0131 aktiv deputatd\u0131r"},"content":{"rendered":"<p>Erm\u0259nistan onlayn-medias\u0131nda iyul ay\u0131 \u0259rzind\u0259 ad\u0131na \u0259n \u00e7ox istinad edil\u0259n qad\u0131n \u201cSarukyan\u201d fraksiyas\u0131n\u0131n deputat\u0131 Naira Zoqrabyan olub. O, h\u0259m\u00e7inin \u201c\u00c7i\u00e7\u0259kl\u0259n\u0259n Erm\u0259nistan\u201d partiyas\u0131n\u0131n Yerevan meri v\u0259zif\u0259sin\u0259 namiz\u0259didir. 130 onlayn-resursda onun ad\u0131 ist\u0259nil\u0259n dig\u0259r qad\u0131ndan daha \u00e7ox \u00e7\u0259kilib \u2013 <strong>909 d\u0259f\u0259. <\/strong><\/p>\n<p>N\u00fcfuzlu qad\u0131nlar reytinqind\u0259 o, h\u0259tta haz\u0131rda Erm\u0259nistanda \u00e7ox populyar olan ba\u015f nazir Pa\u015finyan\u0131n h\u0259yat yolda\u015f\u0131 Anna Akopyan\u0131 da gerid\u0259 qoyub. Akopyan\u0131n ad\u0131 525 d\u0259f\u0259 \u00e7\u0259kilib.<\/p>\n<p>\u201c\u00dc\u00e7l\u00fcy\u201d\u00fcn son s\u0131ras\u0131nda paytaxt\u0131n A\u011fsaqqallar \u015euras\u0131n\u0131n \u00fczv\u00fc, \u201cYerkir tsirani\u201d partiyas\u0131n\u0131n s\u0259dri Zarui Postancyan q\u0259rarla\u015f\u0131b. Onun ad\u0131 523 d\u0259f\u0259 \u00e7\u0259kilib. \u0130yul ay\u0131nda Postancyan bar\u0259d\u0259 daha \u00e7ox paytaxt meri v\u0259zif\u0259sin\u0259 namiz\u0259dlik kontekstind\u0259n yaz\u0131blar.<\/p>\n<p>Naira Zoqrabyan\u0131n ilk s\u0131raya \u00e7\u0131xmas\u0131n\u0131 bir ne\u00e7\u0259 faktor \u015f\u0259rt\u0259ndirib.<\/p>\n<p>Birincisi o, post-patrul alay\u0131n\u0131n binas\u0131n\u0131 tutan v\u0259 ke\u00e7mi\u015f hakimiyy\u0259t\u0259 qar\u015f\u0131 m\u00fcbariz\u0259 aparan \u201cSasna Srer\u201d silahl\u0131 qrupla\u015fmas\u0131n\u0131n \u00fczvl\u0259rinin azadl\u0131\u011fa burax\u0131lmas\u0131 u\u011frunda aktiv m\u00fcbariz\u0259 apar\u0131b.<\/p>\n<p>Bundan \u0259lav\u0259, \u201c\u00c7i\u00e7\u0259kl\u0259n\u0259n Erm\u0259nistan\u201d Partiyas\u0131n\u0131n Yerevan\u0131n A\u011fsaqqallar \u015euras\u0131na se\u00e7kil\u0259rd\u0259ki se\u00e7ki siyah\u0131s\u0131na ba\u015f\u00e7\u0131l\u0131q edib.<\/p>\n<p>Zoqrabyan h\u0259m\u00e7inin sad\u0259 insanlar\u0131n tullant\u0131lar\u0131n toplanmas\u0131ndan sosial probleml\u0259rin\u0259d\u0259k m\u00f6vcud \u00e7\u0259tinlikl\u0259rinin h\u0259lli istiqam\u0259tind\u0259 d\u0259 aktivlik g\u00f6st\u0259rib.<\/p>\n<p>O ki qald\u0131 Nikol Pa\u015finyan\u0131n h\u0259yat yolda\u015f\u0131na, o, Erm\u0259nistanda populyar olan \u201cQ\u0131z\u0131l \u0259rik\u201d kinofestival\u0131nda olub, o\u011flunu orduya g\u00f6nd\u0259rib v\u0259 \u201cM\u0259nim add\u0131m\u0131m\u201d fondunun \u0259sas\u0131n\u0131 qoyub (fond ad\u0131n\u0131 onun h\u0259yat yolda\u015f\u0131n\u0131n t\u0259\u015f\u0259bb\u00fcs\u00fc il\u0259 ba\u015flam\u0131\u015f v\u0259 \u00f6t\u0259n hakimiyy\u0259ti istefaya g\u00f6nd\u0259rmi\u015f h\u0259r\u0259katdan g\u00f6t\u00fcr\u00fcr). B\u00fct\u00fcn bunlar onun ikinci s\u0131rada q\u0259rarla\u015fmas\u0131na imkan verib.<\/p>\n<p>Zarui Postancyan\u0131n \u00fc\u00e7\u00fcnc\u00fc yeri tutmas\u0131n\u0131n \u0259sas s\u0259b\u0259bi is\u0259 onun namiz\u0259dliyinin Yerevan meri v\u0259zif\u0259sin\u0259 ir\u0259li s\u00fcr\u00fclm\u0259si il\u0259 ba\u011fl\u0131d\u0131r.<\/p>\n<p>\u0130lk \u201conluq\u201dda habel\u0259 sabiq \u0259dliyy\u0259 naziri Arpine Ovannisyan, bir ne\u00e7\u0259 qad\u0131n nazir, haz\u0131rki prezidentin h\u0259yat yolda\u015f\u0131 Nune Sarqsyan v\u0259 sabiq prezidentin h\u0259yat yolda\u015f\u0131 Rita Sarqsyan\u0131n da adlar\u0131 \u00e7\u0259kilib.<\/p>\n<p><div class=\"su-divider su-divider-style-default\" style=\"margin:15px 0;border-width:3px;border-color:#999999\"><a href=\"#\" style=\"color:#999999\">Go to top<\/a><\/div> <\/p>\n<p><\/p>\n","protected":false},"excerpt":{"rendered":"<p>\u201c\u00dc\u00e7l\u00fck\u201dd\u0259 ba\u015f nazirin h\u0259yat yolda\u015f\u0131 v\u0259 paytaxt meri v\u0259zif\u0259sin\u0259 namiz\u0259d d\u0259 var<\/p>\n","protected":false},"author":8,"featured_media":21454,"comment_status":"open","ping_status":"open","sticky":false,"template":"","format":"standard","meta":{"_acf_changed":false,"footnotes":""},"categories":[27,41,53,2,25,50],"tags":[33],"formation":[],"post-author":[2888],"topic":[],"tooltip":[],"city":[6054],"class_list":["post-8918","post","type-post","status-publish","format-standard","has-post-thumbnail","hentry","category-ermnistan","category-silsillr","category-qaygisiz-qalanlar","category-cografiya","category-cmiyyt","category-xbrlr","tag-ermnistan","post-author-jamnews","city-yerevan"],"acf":[],"yoast_head":"<!-- This site is optimized with the Yoast SEO plugin v24.1 - https:\/\/yoast.com\/wordpress\/plugins\/seo\/ -->\n<title>Erm\u0259nistan onlayn-medias\u0131n\u0131n \u0259n populyar qad\u0131n\u0131 aktiv deputatd\u0131r - JAMnews<\/title>\n<meta name=\"robots\" content=\"index, follow, max-snippet:-1, max-image-preview:large, max-video-preview:-1\" \/>\n<link rel=\"canonical\" href=\"https:\/\/jam-news.net\/az\/erm\u0259nistan-onlayn-mediasinin-\u0259n-populyar-qadini-aktiv-deputatdir\/\" \/>\n<meta property=\"og:locale\" content=\"az_AZ\" \/>\n<meta property=\"og:type\" content=\"article\" \/>\n<meta property=\"og:title\" content=\"Erm\u0259nistan onlayn-medias\u0131n\u0131n \u0259n populyar qad\u0131n\u0131 aktiv deputatd\u0131r - JAMnews\" \/>\n<meta property=\"og:description\" content=\"\u201c\u00dc\u00e7l\u00fck\u201dd\u0259 ba\u015f nazirin h\u0259yat yolda\u015f\u0131 v\u0259 paytaxt meri v\u0259zif\u0259sin\u0259 namiz\u0259d d\u0259 var\" \/>\n<meta property=\"og:url\" content=\"https:\/\/jam-news.net\/az\/erm\u0259nistan-onlayn-mediasinin-\u0259n-populyar-qadini-aktiv-deputatdir\/\" \/>\n<meta property=\"og:site_name\" content=\"Azerbaijani Jamnews\" \/>\n<meta property=\"article:publisher\" content=\"https:\/\/www.facebook.com\/JAMnewsInEnglish\/\" \/>\n<meta property=\"article:published_time\" content=\"2018-08-08T00:00:00+00:00\" \/>\n<meta property=\"article:modified_time\" content=\"2022-01-17T21:18:36+00:00\" \/>\n<meta property=\"og:image\" content=\"https:\/\/jam-news.net\/app\/uploads\/2020\/03\/27072581_100589864094747_6264036210674050007_n-1-1.jpg\" \/>\n\t<meta property=\"og:image:width\" content=\"960\" \/>\n\t<meta property=\"og:image:height\" content=\"640\" \/>\n\t<meta property=\"og:image:type\" content=\"image\/jpeg\" \/>\n<meta name=\"author\" content=\"Naira Martikian\" \/>\n<meta name=\"twitter:card\" content=\"summary_large_image\" \/>\n<meta name=\"twitter:creator\" content=\"@JAMnewsCaucasus\" \/>\n<meta name=\"twitter:site\" content=\"@JAMnewsCaucasus\" \/>\n<meta name=\"twitter:label1\" content=\"Written by\" \/>\n\t<meta name=\"twitter:data1\" content=\"Naira Martikian\" \/>\n\t<meta name=\"twitter:label2\" content=\"Est. reading time\" \/>\n\t<meta name=\"twitter:data2\" content=\"2 minutes\" \/>\n<script type=\"application\/ld+json\" class=\"yoast-schema-graph\">{\"@context\":\"https:\/\/schema.org\",\"@graph\":[{\"@type\":\"Article\",\"@id\":\"https:\/\/jam-news.net\/az\/erm%c9%99nistan-onlayn-mediasinin-%c9%99n-populyar-qadini-aktiv-deputatdir\/#article\",\"isPartOf\":{\"@id\":\"https:\/\/jam-news.net\/az\/erm%c9%99nistan-onlayn-mediasinin-%c9%99n-populyar-qadini-aktiv-deputatdir\/\"},\"author\":{\"name\":\"Naira Martikian\",\"@id\":\"https:\/\/jam-news.net\/az\/#\/schema\/person\/e82f374df8fce3377c56e285e5c11387\"},\"headline\":\"Erm\u0259nistan onlayn-medias\u0131n\u0131n \u0259n populyar qad\u0131n\u0131 aktiv deputatd\u0131r\",\"datePublished\":\"2018-08-08T00:00:00+00:00\",\"dateModified\":\"2022-01-17T21:18:36+00:00\",\"mainEntityOfPage\":{\"@id\":\"https:\/\/jam-news.net\/az\/erm%c9%99nistan-onlayn-mediasinin-%c9%99n-populyar-qadini-aktiv-deputatdir\/\"},\"wordCount\":435,\"commentCount\":0,\"publisher\":{\"@id\":\"https:\/\/jam-news.net\/az\/#organization\"},\"image\":{\"@id\":\"https:\/\/jam-news.net\/az\/erm%c9%99nistan-onlayn-mediasinin-%c9%99n-populyar-qadini-aktiv-deputatdir\/#primaryimage\"},\"thumbnailUrl\":\"https:\/\/jam-news.net\/app\/uploads\/2020\/03\/27072581_100589864094747_6264036210674050007_n-1-1.jpg\",\"keywords\":[\"Erm\u0259nistan\"],\"articleSection\":[\"Armenia\",\"Clusters\",\"Gender and sex\",\"Geography\",\"Issues\",\"News\"],\"inLanguage\":\"az\"},{\"@type\":\"WebPage\",\"@id\":\"https:\/\/jam-news.net\/az\/erm%c9%99nistan-onlayn-mediasinin-%c9%99n-populyar-qadini-aktiv-deputatdir\/\",\"url\":\"https:\/\/jam-news.net\/az\/erm%c9%99nistan-onlayn-mediasinin-%c9%99n-populyar-qadini-aktiv-deputatdir\/\",\"name\":\"Erm\u0259nistan onlayn-medias\u0131n\u0131n \u0259n populyar qad\u0131n\u0131 aktiv deputatd\u0131r - JAMnews\",\"isPartOf\":{\"@id\":\"https:\/\/jam-news.net\/az\/#website\"},\"primaryImageOfPage\":{\"@id\":\"https:\/\/jam-news.net\/az\/erm%c9%99nistan-onlayn-mediasinin-%c9%99n-populyar-qadini-aktiv-deputatdir\/#primaryimage\"},\"image\":{\"@id\":\"https:\/\/jam-news.net\/az\/erm%c9%99nistan-onlayn-mediasinin-%c9%99n-populyar-qadini-aktiv-deputatdir\/#primaryimage\"},\"thumbnailUrl\":\"https:\/\/jam-news.net\/app\/uploads\/2020\/03\/27072581_100589864094747_6264036210674050007_n-1-1.jpg\",\"datePublished\":\"2018-08-08T00:00:00+00:00\",\"dateModified\":\"2022-01-17T21:18:36+00:00\",\"breadcrumb\":{\"@id\":\"https:\/\/jam-news.net\/az\/erm%c9%99nistan-onlayn-mediasinin-%c9%99n-populyar-qadini-aktiv-deputatdir\/#breadcrumb\"},\"inLanguage\":\"az\",\"potentialAction\":[{\"@type\":\"ReadAction\",\"target\":[\"https:\/\/jam-news.net\/az\/erm%c9%99nistan-onlayn-mediasinin-%c9%99n-populyar-qadini-aktiv-deputatdir\/\"]}]},{\"@type\":\"ImageObject\",\"inLanguage\":\"az\",\"@id\":\"https:\/\/jam-news.net\/az\/erm%c9%99nistan-onlayn-mediasinin-%c9%99n-populyar-qadini-aktiv-deputatdir\/#primaryimage\",\"url\":\"https:\/\/jam-news.net\/app\/uploads\/2020\/03\/27072581_100589864094747_6264036210674050007_n-1-1.jpg\",\"contentUrl\":\"https:\/\/jam-news.net\/app\/uploads\/2020\/03\/27072581_100589864094747_6264036210674050007_n-1-1.jpg\",\"width\":960,\"height\":640},{\"@type\":\"BreadcrumbList\",\"@id\":\"https:\/\/jam-news.net\/az\/erm%c9%99nistan-onlayn-mediasinin-%c9%99n-populyar-qadini-aktiv-deputatdir\/#breadcrumb\",\"itemListElement\":[{\"@type\":\"ListItem\",\"position\":1,\"name\":\"Home\",\"item\":\"https:\/\/jam-news.net\/az\/\"},{\"@type\":\"ListItem\",\"position\":2,\"name\":\"Erm\u0259nistan onlayn-medias\u0131n\u0131n \u0259n populyar qad\u0131n\u0131 aktiv deputatd\u0131r\"}]},{\"@type\":\"WebSite\",\"@id\":\"https:\/\/jam-news.net\/az\/#website\",\"url\":\"https:\/\/jam-news.net\/az\/\",\"name\":\"Azerbaijani Jamnews\",\"description\":\"Caucasus News, Politics and Society\",\"publisher\":{\"@id\":\"https:\/\/jam-news.net\/az\/#organization\"},\"potentialAction\":[{\"@type\":\"SearchAction\",\"target\":{\"@type\":\"EntryPoint\",\"urlTemplate\":\"https:\/\/jam-news.net\/az\/?s={search_term_string}\"},\"query-input\":{\"@type\":\"PropertyValueSpecification\",\"valueRequired\":true,\"valueName\":\"search_term_string\"}}],\"inLanguage\":\"az\"},{\"@type\":\"Organization\",\"@id\":\"https:\/\/jam-news.net\/az\/#organization\",\"name\":\"JAMnews\",\"url\":\"https:\/\/jam-news.net\/az\/\",\"logo\":{\"@type\":\"ImageObject\",\"inLanguage\":\"az\",\"@id\":\"https:\/\/jam-news.net\/az\/#\/schema\/logo\/image\/\",\"url\":\"https:\/\/jam-news.net\/app\/uploads\/2020\/05\/JAM_w.jpg\",\"contentUrl\":\"https:\/\/jam-news.net\/app\/uploads\/2020\/05\/JAM_w.jpg\",\"width\":960,\"height\":960,\"caption\":\"JAMnews\"},\"image\":{\"@id\":\"https:\/\/jam-news.net\/az\/#\/schema\/logo\/image\/\"},\"sameAs\":[\"https:\/\/www.facebook.com\/JAMnewsInEnglish\/\",\"https:\/\/x.com\/JAMnewsCaucasus\",\"https:\/\/www.instagram.com\/jam_news\/\",\"https:\/\/www.youtube.com\/channel\/UCXQbUCme2pykuZYXWHx4VPg\"]},{\"@type\":\"Person\",\"@id\":\"https:\/\/jam-news.net\/az\/#\/schema\/person\/e82f374df8fce3377c56e285e5c11387\",\"name\":\"Naira Martikian\",\"image\":{\"@type\":\"ImageObject\",\"inLanguage\":\"az\",\"@id\":\"https:\/\/jam-news.net\/az\/#\/schema\/person\/image\/\",\"url\":\"https:\/\/secure.gravatar.com\/avatar\/0696bcd343e46256c029b752a654bade?s=96&d=mm&r=g\",\"contentUrl\":\"https:\/\/secure.gravatar.com\/avatar\/0696bcd343e46256c029b752a654bade?s=96&d=mm&r=g\",\"caption\":\"Naira Martikian\"},\"url\":\"https:\/\/jam-news.net\/az\/author\/nairama\/\"}]}<\/script>\n<!-- \/ Yoast SEO plugin. -->","yoast_head_json":{"title":"Erm\u0259nistan onlayn-medias\u0131n\u0131n \u0259n populyar qad\u0131n\u0131 aktiv deputatd\u0131r - JAMnews","robots":{"index":"index","follow":"follow","max-snippet":"max-snippet:-1","max-image-preview":"max-image-preview:large","max-video-preview":"max-video-preview:-1"},"canonical":"https:\/\/jam-news.net\/az\/erm\u0259nistan-onlayn-mediasinin-\u0259n-populyar-qadini-aktiv-deputatdir\/","og_locale":"az_AZ","og_type":"article","og_title":"Erm\u0259nistan onlayn-medias\u0131n\u0131n \u0259n populyar qad\u0131n\u0131 aktiv deputatd\u0131r - JAMnews","og_description":"\u201c\u00dc\u00e7l\u00fck\u201dd\u0259 ba\u015f nazirin h\u0259yat yolda\u015f\u0131 v\u0259 paytaxt meri v\u0259zif\u0259sin\u0259 namiz\u0259d d\u0259 var","og_url":"https:\/\/jam-news.net\/az\/erm\u0259nistan-onlayn-mediasinin-\u0259n-populyar-qadini-aktiv-deputatdir\/","og_site_name":"Azerbaijani Jamnews","article_publisher":"https:\/\/www.facebook.com\/JAMnewsInEnglish\/","article_published_time":"2018-08-08T00:00:00+00:00","article_modified_time":"2022-01-17T21:18:36+00:00","og_image":[{"width":960,"height":640,"url":"https:\/\/jam-news.net\/app\/uploads\/2020\/03\/27072581_100589864094747_6264036210674050007_n-1-1.jpg","type":"image\/jpeg"}],"author":"Naira Martikian","twitter_card":"summary_large_image","twitter_creator":"@JAMnewsCaucasus","twitter_site":"@JAMnewsCaucasus","twitter_misc":{"Written by":"Naira Martikian","Est. reading time":"2 minutes"},"schema":{"@context":"https:\/\/schema.org","@graph":[{"@type":"Article","@id":"https:\/\/jam-news.net\/az\/erm%c9%99nistan-onlayn-mediasinin-%c9%99n-populyar-qadini-aktiv-deputatdir\/#article","isPartOf":{"@id":"https:\/\/jam-news.net\/az\/erm%c9%99nistan-onlayn-mediasinin-%c9%99n-populyar-qadini-aktiv-deputatdir\/"},"author":{"name":"Naira Martikian","@id":"https:\/\/jam-news.net\/az\/#\/schema\/person\/e82f374df8fce3377c56e285e5c11387"},"headline":"Erm\u0259nistan onlayn-medias\u0131n\u0131n \u0259n populyar qad\u0131n\u0131 aktiv deputatd\u0131r","datePublished":"2018-08-08T00:00:00+00:00","dateModified":"2022-01-17T21:18:36+00:00","mainEntityOfPage":{"@id":"https:\/\/jam-news.net\/az\/erm%c9%99nistan-onlayn-mediasinin-%c9%99n-populyar-qadini-aktiv-deputatdir\/"},"wordCount":435,"commentCount":0,"publisher":{"@id":"https:\/\/jam-news.net\/az\/#organization"},"image":{"@id":"https:\/\/jam-news.net\/az\/erm%c9%99nistan-onlayn-mediasinin-%c9%99n-populyar-qadini-aktiv-deputatdir\/#primaryimage"},"thumbnailUrl":"https:\/\/jam-news.net\/app\/uploads\/2020\/03\/27072581_100589864094747_6264036210674050007_n-1-1.jpg","keywords":["Erm\u0259nistan"],"articleSection":["Armenia","Clusters","Gender and sex","Geography","Issues","News"],"inLanguage":"az"},{"@type":"WebPage","@id":"https:\/\/jam-news.net\/az\/erm%c9%99nistan-onlayn-mediasinin-%c9%99n-populyar-qadini-aktiv-deputatdir\/","url":"https:\/\/jam-news.net\/az\/erm%c9%99nistan-onlayn-mediasinin-%c9%99n-populyar-qadini-aktiv-deputatdir\/","name":"Erm\u0259nistan onlayn-medias\u0131n\u0131n \u0259n populyar qad\u0131n\u0131 aktiv deputatd\u0131r - JAMnews","isPartOf":{"@id":"https:\/\/jam-news.net\/az\/#website"},"primaryImageOfPage":{"@id":"https:\/\/jam-news.net\/az\/erm%c9%99nistan-onlayn-mediasinin-%c9%99n-populyar-qadini-aktiv-deputatdir\/#primaryimage"},"image":{"@id":"https:\/\/jam-news.net\/az\/erm%c9%99nistan-onlayn-mediasinin-%c9%99n-populyar-qadini-aktiv-deputatdir\/#primaryimage"},"thumbnailUrl":"https:\/\/jam-news.net\/app\/uploads\/2020\/03\/27072581_100589864094747_6264036210674050007_n-1-1.jpg","datePublished":"2018-08-08T00:00:00+00:00","dateModified":"2022-01-17T21:18:36+00:00","breadcrumb":{"@id":"https:\/\/jam-news.net\/az\/erm%c9%99nistan-onlayn-mediasinin-%c9%99n-populyar-qadini-aktiv-deputatdir\/#breadcrumb"},"inLanguage":"az","potentialAction":[{"@type":"ReadAction","target":["https:\/\/jam-news.net\/az\/erm%c9%99nistan-onlayn-mediasinin-%c9%99n-populyar-qadini-aktiv-deputatdir\/"]}]},{"@type":"ImageObject","inLanguage":"az","@id":"https:\/\/jam-news.net\/az\/erm%c9%99nistan-onlayn-mediasinin-%c9%99n-populyar-qadini-aktiv-deputatdir\/#primaryimage","url":"https:\/\/jam-news.net\/app\/uploads\/2020\/03\/27072581_100589864094747_6264036210674050007_n-1-1.jpg","contentUrl":"https:\/\/jam-news.net\/app\/uploads\/2020\/03\/27072581_100589864094747_6264036210674050007_n-1-1.jpg","width":960,"height":640},{"@type":"BreadcrumbList","@id":"https:\/\/jam-news.net\/az\/erm%c9%99nistan-onlayn-mediasinin-%c9%99n-populyar-qadini-aktiv-deputatdir\/#breadcrumb","itemListElement":[{"@type":"ListItem","position":1,"name":"Home","item":"https:\/\/jam-news.net\/az\/"},{"@type":"ListItem","position":2,"name":"Erm\u0259nistan onlayn-medias\u0131n\u0131n \u0259n populyar qad\u0131n\u0131 aktiv deputatd\u0131r"}]},{"@type":"WebSite","@id":"https:\/\/jam-news.net\/az\/#website","url":"https:\/\/jam-news.net\/az\/","name":"Azerbaijani Jamnews","description":"Caucasus News, Politics and Society","publisher":{"@id":"https:\/\/jam-news.net\/az\/#organization"},"potentialAction":[{"@type":"SearchAction","target":{"@type":"EntryPoint","urlTemplate":"https:\/\/jam-news.net\/az\/?s={search_term_string}"},"query-input":{"@type":"PropertyValueSpecification","valueRequired":true,"valueName":"search_term_string"}}],"inLanguage":"az"},{"@type":"Organization","@id":"https:\/\/jam-news.net\/az\/#organization","name":"JAMnews","url":"https:\/\/jam-news.net\/az\/","logo":{"@type":"ImageObject","inLanguage":"az","@id":"https:\/\/jam-news.net\/az\/#\/schema\/logo\/image\/","url":"https:\/\/jam-news.net\/app\/uploads\/2020\/05\/JAM_w.jpg","contentUrl":"https:\/\/jam-news.net\/app\/uploads\/2020\/05\/JAM_w.jpg","width":960,"height":960,"caption":"JAMnews"},"image":{"@id":"https:\/\/jam-news.net\/az\/#\/schema\/logo\/image\/"},"sameAs":["https:\/\/www.facebook.com\/JAMnewsInEnglish\/","https:\/\/x.com\/JAMnewsCaucasus","https:\/\/www.instagram.com\/jam_news\/","https:\/\/www.youtube.com\/channel\/UCXQbUCme2pykuZYXWHx4VPg"]},{"@type":"Person","@id":"https:\/\/jam-news.net\/az\/#\/schema\/person\/e82f374df8fce3377c56e285e5c11387","name":"Naira Martikian","image":{"@type":"ImageObject","inLanguage":"az","@id":"https:\/\/jam-news.net\/az\/#\/schema\/person\/image\/","url":"https:\/\/secure.gravatar.com\/avatar\/0696bcd343e46256c029b752a654bade?s=96&d=mm&r=g","contentUrl":"https:\/\/secure.gravatar.com\/avatar\/0696bcd343e46256c029b752a654bade?s=96&d=mm&r=g","caption":"Naira Martikian"},"url":"https:\/\/jam-news.net\/az\/author\/nairama\/"}]}},"_links":{"self":[{"href":"https:\/\/jam-news.net\/az\/wp-json\/wp\/v2\/posts\/8918","targetHints":{"allow":["GET"]}}],"collection":[{"href":"https:\/\/jam-news.net\/az\/wp-json\/wp\/v2\/posts"}],"about":[{"href":"https:\/\/jam-news.net\/az\/wp-json\/wp\/v2\/types\/post"}],"author":[{"embeddable":true,"href":"https:\/\/jam-news.net\/az\/wp-json\/wp\/v2\/users\/8"}],"replies":[{"embeddable":true,"href":"https:\/\/jam-news.net\/az\/wp-json\/wp\/v2\/comments?post=8918"}],"version-history":[{"count":1,"href":"https:\/\/jam-news.net\/az\/wp-json\/wp\/v2\/posts\/8918\/revisions"}],"predecessor-version":[{"id":14454,"href":"https:\/\/jam-news.net\/az\/wp-json\/wp\/v2\/posts\/8918\/revisions\/14454"}],"wp:featuredmedia":[{"embeddable":true,"href":"https:\/\/jam-news.net\/az\/wp-json\/wp\/v2\/media\/21454"}],"wp:attachment":[{"href":"https:\/\/jam-news.net\/az\/wp-json\/wp\/v2\/media?parent=8918"}],"wp:term":[{"taxonomy":"category","embeddable":true,"href":"https:\/\/jam-news.net\/az\/wp-json\/wp\/v2\/categories?post=8918"},{"taxonomy":"post_tag","embeddable":true,"href":"https:\/\/jam-news.net\/az\/wp-json\/wp\/v2\/tags?post=8918"},{"taxonomy":"formation","embeddable":true,"href":"https:\/\/jam-news.net\/az\/wp-json\/wp\/v2\/formation?post=8918"},{"taxonomy":"post-author","embeddable":true,"href":"https:\/\/jam-news.net\/az\/wp-json\/wp\/v2\/post-author?post=8918"},{"taxonomy":"topic","embeddable":true,"href":"https:\/\/jam-news.net\/az\/wp-json\/wp\/v2\/topic?post=8918"},{"taxonomy":"tooltip","embeddable":true,"href":"https:\/\/jam-news.net\/az\/wp-json\/wp\/v2\/tooltip?post=8918"},{"taxonomy":"city","embeddable":true,"href":"https:\/\/jam-news.net\/az\/wp-json\/wp\/v2\/city?post=8918"}],"curies":[{"name":"wp","href":"https:\/\/api.w.org\/{rel}","templated":true}]}}