{"id":8912,"date":"2018-08-07T00:00:00","date_gmt":"2018-08-07T00:00:00","guid":{"rendered":"http:\/\/jam-news.net\/az\/rusiyanin-bas-naziri-gurcustanin-nato-ya-birl%c9%99sm%c9%99si-f%c9%99lak%c9%99t-olacaq\/"},"modified":"2022-01-18T01:10:57","modified_gmt":"2022-01-17T21:10:57","slug":"rusiyanin-bas-naziri-gurcustanin-nato-ya-birl%c9%99sm%c9%99si-f%c9%99lak%c9%99t-olacaq","status":"publish","type":"post","link":"https:\/\/jam-news.net\/az\/rusiyanin-bas-naziri-gurcustanin-nato-ya-birl%c9%99sm%c9%99si-f%c9%99lak%c9%99t-olacaq\/","title":{"rendered":"Rusiyan\u0131n Ba\u015f naziri: G\u00fcrc\u00fcstan\u0131n NATO-ya birl\u0259\u015fm\u0259si f\u0259lak\u0259t olacaq"},"content":{"rendered":"<p><figure id=\"attachment_116372\" aria-describedby=\"caption-attachment-116372\" style=\"width: 1200px\" class=\"wp-caption alignnone\"><img loading=\"lazy\" decoding=\"async\" class=\"wp-image-116372 size-full\" src=\"http:\/\/jam-news.net\/app\/uploads\/2018\/08\/RTSVE85.jpg\" alt=\"\" width=\"1200\" height=\"800\" \/><figcaption id=\"caption-attachment-116372\" class=\"wp-caption-text\">REUTERS<\/figcaption><\/figure><\/p>\n<p><span style=\"font-weight: 400;\">\u201cG\u00fcrc\u00fcstan\u0131n NATO-ya birl\u0259\u015fm\u0259sinin f\u0259lak\u0259tli n\u0259tic\u0259l\u0259ri olacaq\u201d, &#8211; Rusiyan\u0131n Ba\u015f naziri Dmitri Medvedyev \u201cKommersant FM\u201d radiostansiyas\u0131na m\u00fcsahib\u0259sind\u0259 b\u0259yan edib. <\/span><\/p>\n<p><span style=\"font-weight: 400;\">\u201cG\u00fcrc\u00fcstan\u0131n \u015eimali Atlantik alyans\u0131na daxil olmas\u0131 d\u0259h\u015f\u0259tli m\u00fcnaqi\u015f\u0259y\u0259 s\u0259b\u0259b ola bil\u0259r. Ba\u015fa d\u00fc\u015fm\u00fcr\u0259m, o niy\u0259 bel\u0259 etsin ki\u201d. <\/span><\/p>\n<p><span style=\"font-weight: 400;\">Medvedyev h\u0259m\u00e7inin b\u0259yan edib ki, 2008-ci ild\u0259 ba\u015f vermi\u015f Rusiya-G\u00fcrc\u00fcstan m\u00fcharib\u0259sind\u0259n \u201cqa\u00e7maq olard\u0131\u201d. H\u0259l\u0259 ki m\u00fcsahib\u0259d\u0259n \u00e7\u0131xar\u0131\u015flar d\u0259rc olunub. \u201cKommersant FM\u201d tam m\u0259tni daha sonra qoyaca\u011f\u0131n\u0131 v\u0259d edir. <\/span><\/p>\n<p><div class=\"su-divider su-divider-style-default\" style=\"margin:15px 0;border-width:3px;border-color:#999999\"><a href=\"#\" style=\"color:#999999\">Go to top<\/a><\/div> <\/p>\n<ul>\n<li>NATO on il \u0259vv\u0259l Buxarestd\u0259 ke\u00e7irilmi\u015f sammitd\u0259 b\u0259yan edib ki, g\u0259l\u0259c\u0259kd\u0259 G\u00fcrc\u00fcstan v\u0259 Ukrayna onun \u00fczvl\u0259ri olacaq.<\/li>\n<li>\u0130yulun 12-d\u0259 NATO-nun Ba\u015f katibi Yens Stoltenberq alyans liderl\u0259rinin G\u00fcrc\u00fcstan\u0131n NATO-ya daxil olmas\u0131 niyy\u0259tini d\u0259st\u0259kl\u0259diyini t\u0259sdiql\u0259yib. H\u0259r\u00e7\u0259nd o, daxil olma m\u00fcdd\u0259tini d\u0259qiql\u0259\u015fdirm\u0259yib<\/li>\n<li>Rusiya prezidenti Vladimir Putin d\u0259f\u0259l\u0259rl\u0259 b\u0259yan edib ki, Rusiya NATO-nun Ukrayna v\u0259 G\u00fcrc\u00fcstan hesab\u0131na geni\u015fl\u0259nm\u0259sin\u0259 olduqca m\u0259nfi m\u00fcnasib\u0259t b\u0259sl\u0259yir.<\/li>\n<\/ul>\n<p><div class=\"su-divider su-divider-style-default\" style=\"margin:15px 0;border-width:3px;border-color:#999999\"><a href=\"#\" style=\"color:#999999\">Go to top<\/a><\/div> <\/p>\n<p><\/p>\n","protected":false},"excerpt":{"rendered":"<p>Dmitri Medvedyev h\u0259m d\u0259 b\u0259yan edib ki, 2008-ci ild\u0259 ba\u015f vermi\u015f Rusiya-G\u00fcrc\u00fcstan m\u00fcharib\u0259sind\u0259n qa\u00e7maq olard\u0131<\/p>\n","protected":false},"author":6,"featured_media":21451,"comment_status":"open","ping_status":"open","sticky":false,"template":"","format":"standard","meta":{"_acf_changed":false,"footnotes":""},"categories":[8,2,3,25,50,4],"tags":[],"formation":[],"post-author":[2888],"topic":[],"tooltip":[],"city":[6049],"class_list":["post-8912","post","type-post","status-publish","format-standard","has-post-thumbnail","hentry","category-dunyada-bas-vernlr","category-cografiya","category-gurcustan","category-cmiyyt","category-xbrlr","category-rusiya","post-author-jamnews","city-tbilisi"],"acf":[],"yoast_head":"<!-- This site is optimized with the Yoast SEO plugin v24.1 - https:\/\/yoast.com\/wordpress\/plugins\/seo\/ -->\n<title>Rusiyan\u0131n Ba\u015f naziri: G\u00fcrc\u00fcstan\u0131n NATO-ya birl\u0259\u015fm\u0259si f\u0259lak\u0259t olacaq - JAMnews<\/title>\n<meta name=\"robots\" content=\"index, follow, max-snippet:-1, max-image-preview:large, max-video-preview:-1\" \/>\n<link rel=\"canonical\" href=\"https:\/\/jam-news.net\/az\/rusiyanin-bas-naziri-gurcustanin-nato-ya-birl\u0259sm\u0259si-f\u0259lak\u0259t-olacaq\/\" \/>\n<meta property=\"og:locale\" content=\"az_AZ\" \/>\n<meta property=\"og:type\" content=\"article\" \/>\n<meta property=\"og:title\" content=\"Rusiyan\u0131n Ba\u015f naziri: G\u00fcrc\u00fcstan\u0131n NATO-ya birl\u0259\u015fm\u0259si f\u0259lak\u0259t olacaq - JAMnews\" \/>\n<meta property=\"og:description\" content=\"Dmitri Medvedyev h\u0259m d\u0259 b\u0259yan edib ki, 2008-ci ild\u0259 ba\u015f vermi\u015f Rusiya-G\u00fcrc\u00fcstan m\u00fcharib\u0259sind\u0259n qa\u00e7maq olard\u0131\" \/>\n<meta property=\"og:url\" content=\"https:\/\/jam-news.net\/az\/rusiyanin-bas-naziri-gurcustanin-nato-ya-birl\u0259sm\u0259si-f\u0259lak\u0259t-olacaq\/\" \/>\n<meta property=\"og:site_name\" content=\"Azerbaijani Jamnews\" \/>\n<meta property=\"article:publisher\" content=\"https:\/\/www.facebook.com\/JAMnewsInEnglish\/\" \/>\n<meta property=\"article:published_time\" content=\"2018-08-07T00:00:00+00:00\" \/>\n<meta property=\"article:modified_time\" content=\"2022-01-17T21:10:57+00:00\" \/>\n<meta property=\"og:image\" content=\"https:\/\/jam-news.net\/app\/uploads\/2020\/03\/RTSVE85-1.jpg\" \/>\n\t<meta property=\"og:image:width\" content=\"1200\" \/>\n\t<meta property=\"og:image:height\" content=\"800\" \/>\n\t<meta property=\"og:image:type\" content=\"image\/jpeg\" \/>\n<meta name=\"author\" content=\"Tatia nikoladze\" \/>\n<meta name=\"twitter:card\" content=\"summary_large_image\" \/>\n<meta name=\"twitter:creator\" content=\"@JAMnewsCaucasus\" \/>\n<meta name=\"twitter:site\" content=\"@JAMnewsCaucasus\" \/>\n<meta name=\"twitter:label1\" content=\"Written by\" \/>\n\t<meta name=\"twitter:data1\" content=\"Tatia nikoladze\" \/>\n\t<meta name=\"twitter:label2\" content=\"Est. reading time\" \/>\n\t<meta name=\"twitter:data2\" content=\"1 minute\" \/>\n<script type=\"application\/ld+json\" class=\"yoast-schema-graph\">{\"@context\":\"https:\/\/schema.org\",\"@graph\":[{\"@type\":\"Article\",\"@id\":\"https:\/\/jam-news.net\/az\/rusiyanin-bas-naziri-gurcustanin-nato-ya-birl%c9%99sm%c9%99si-f%c9%99lak%c9%99t-olacaq\/#article\",\"isPartOf\":{\"@id\":\"https:\/\/jam-news.net\/az\/rusiyanin-bas-naziri-gurcustanin-nato-ya-birl%c9%99sm%c9%99si-f%c9%99lak%c9%99t-olacaq\/\"},\"author\":{\"name\":\"Tatia nikoladze\",\"@id\":\"https:\/\/jam-news.net\/az\/#\/schema\/person\/86c90ea4dd4c6e61e60ae51d24bc662c\"},\"headline\":\"Rusiyan\u0131n Ba\u015f naziri: G\u00fcrc\u00fcstan\u0131n NATO-ya birl\u0259\u015fm\u0259si f\u0259lak\u0259t olacaq\",\"datePublished\":\"2018-08-07T00:00:00+00:00\",\"dateModified\":\"2022-01-17T21:10:57+00:00\",\"mainEntityOfPage\":{\"@id\":\"https:\/\/jam-news.net\/az\/rusiyanin-bas-naziri-gurcustanin-nato-ya-birl%c9%99sm%c9%99si-f%c9%99lak%c9%99t-olacaq\/\"},\"wordCount\":256,\"commentCount\":0,\"publisher\":{\"@id\":\"https:\/\/jam-news.net\/az\/#organization\"},\"image\":{\"@id\":\"https:\/\/jam-news.net\/az\/rusiyanin-bas-naziri-gurcustanin-nato-ya-birl%c9%99sm%c9%99si-f%c9%99lak%c9%99t-olacaq\/#primaryimage\"},\"thumbnailUrl\":\"https:\/\/jam-news.net\/app\/uploads\/2020\/03\/RTSVE85-1.jpg\",\"articleSection\":[\"From far and near\",\"Geography\",\"Georgia\",\"Issues\",\"News\",\"Russia\"],\"inLanguage\":\"az\"},{\"@type\":\"WebPage\",\"@id\":\"https:\/\/jam-news.net\/az\/rusiyanin-bas-naziri-gurcustanin-nato-ya-birl%c9%99sm%c9%99si-f%c9%99lak%c9%99t-olacaq\/\",\"url\":\"https:\/\/jam-news.net\/az\/rusiyanin-bas-naziri-gurcustanin-nato-ya-birl%c9%99sm%c9%99si-f%c9%99lak%c9%99t-olacaq\/\",\"name\":\"Rusiyan\u0131n Ba\u015f naziri: G\u00fcrc\u00fcstan\u0131n NATO-ya birl\u0259\u015fm\u0259si f\u0259lak\u0259t olacaq - JAMnews\",\"isPartOf\":{\"@id\":\"https:\/\/jam-news.net\/az\/#website\"},\"primaryImageOfPage\":{\"@id\":\"https:\/\/jam-news.net\/az\/rusiyanin-bas-naziri-gurcustanin-nato-ya-birl%c9%99sm%c9%99si-f%c9%99lak%c9%99t-olacaq\/#primaryimage\"},\"image\":{\"@id\":\"https:\/\/jam-news.net\/az\/rusiyanin-bas-naziri-gurcustanin-nato-ya-birl%c9%99sm%c9%99si-f%c9%99lak%c9%99t-olacaq\/#primaryimage\"},\"thumbnailUrl\":\"https:\/\/jam-news.net\/app\/uploads\/2020\/03\/RTSVE85-1.jpg\",\"datePublished\":\"2018-08-07T00:00:00+00:00\",\"dateModified\":\"2022-01-17T21:10:57+00:00\",\"breadcrumb\":{\"@id\":\"https:\/\/jam-news.net\/az\/rusiyanin-bas-naziri-gurcustanin-nato-ya-birl%c9%99sm%c9%99si-f%c9%99lak%c9%99t-olacaq\/#breadcrumb\"},\"inLanguage\":\"az\",\"potentialAction\":[{\"@type\":\"ReadAction\",\"target\":[\"https:\/\/jam-news.net\/az\/rusiyanin-bas-naziri-gurcustanin-nato-ya-birl%c9%99sm%c9%99si-f%c9%99lak%c9%99t-olacaq\/\"]}]},{\"@type\":\"ImageObject\",\"inLanguage\":\"az\",\"@id\":\"https:\/\/jam-news.net\/az\/rusiyanin-bas-naziri-gurcustanin-nato-ya-birl%c9%99sm%c9%99si-f%c9%99lak%c9%99t-olacaq\/#primaryimage\",\"url\":\"https:\/\/jam-news.net\/app\/uploads\/2020\/03\/RTSVE85-1.jpg\",\"contentUrl\":\"https:\/\/jam-news.net\/app\/uploads\/2020\/03\/RTSVE85-1.jpg\",\"width\":1200,\"height\":800,\"caption\":\"Russian Prime Minister Dmitry Medvedev is seen during his joint news conference with his Finnish counterpart Juha Sipila (not in picture) after their meeting in Oulu, Finland December 9, 2016. Lehtikuva\/Antti Aimo-Koivisto via REUTERS ATTENTION EDITORS - THIS IMAGE WAS PROVIDED BY A THIRD PARTY. FOR EDITORIAL USE ONLY. NO THIRD PARTY SALES. NOT FOR USE BY REUTERS THIRD PARTY DISTRIBUTORS. FINLAND OUT. NO COMMERCIAL OR EDITORIAL SALES IN FINLAND. - RC192F9A1F40\"},{\"@type\":\"BreadcrumbList\",\"@id\":\"https:\/\/jam-news.net\/az\/rusiyanin-bas-naziri-gurcustanin-nato-ya-birl%c9%99sm%c9%99si-f%c9%99lak%c9%99t-olacaq\/#breadcrumb\",\"itemListElement\":[{\"@type\":\"ListItem\",\"position\":1,\"name\":\"Home\",\"item\":\"https:\/\/jam-news.net\/az\/\"},{\"@type\":\"ListItem\",\"position\":2,\"name\":\"Rusiyan\u0131n Ba\u015f naziri: G\u00fcrc\u00fcstan\u0131n NATO-ya birl\u0259\u015fm\u0259si f\u0259lak\u0259t olacaq\"}]},{\"@type\":\"WebSite\",\"@id\":\"https:\/\/jam-news.net\/az\/#website\",\"url\":\"https:\/\/jam-news.net\/az\/\",\"name\":\"Azerbaijani Jamnews\",\"description\":\"Caucasus News, Politics and Society\",\"publisher\":{\"@id\":\"https:\/\/jam-news.net\/az\/#organization\"},\"potentialAction\":[{\"@type\":\"SearchAction\",\"target\":{\"@type\":\"EntryPoint\",\"urlTemplate\":\"https:\/\/jam-news.net\/az\/?s={search_term_string}\"},\"query-input\":{\"@type\":\"PropertyValueSpecification\",\"valueRequired\":true,\"valueName\":\"search_term_string\"}}],\"inLanguage\":\"az\"},{\"@type\":\"Organization\",\"@id\":\"https:\/\/jam-news.net\/az\/#organization\",\"name\":\"JAMnews\",\"url\":\"https:\/\/jam-news.net\/az\/\",\"logo\":{\"@type\":\"ImageObject\",\"inLanguage\":\"az\",\"@id\":\"https:\/\/jam-news.net\/az\/#\/schema\/logo\/image\/\",\"url\":\"https:\/\/jam-news.net\/app\/uploads\/2020\/05\/JAM_w.jpg\",\"contentUrl\":\"https:\/\/jam-news.net\/app\/uploads\/2020\/05\/JAM_w.jpg\",\"width\":960,\"height\":960,\"caption\":\"JAMnews\"},\"image\":{\"@id\":\"https:\/\/jam-news.net\/az\/#\/schema\/logo\/image\/\"},\"sameAs\":[\"https:\/\/www.facebook.com\/JAMnewsInEnglish\/\",\"https:\/\/x.com\/JAMnewsCaucasus\",\"https:\/\/www.instagram.com\/jam_news\/\",\"https:\/\/www.youtube.com\/channel\/UCXQbUCme2pykuZYXWHx4VPg\"]},{\"@type\":\"Person\",\"@id\":\"https:\/\/jam-news.net\/az\/#\/schema\/person\/86c90ea4dd4c6e61e60ae51d24bc662c\",\"name\":\"Tatia nikoladze\",\"image\":{\"@type\":\"ImageObject\",\"inLanguage\":\"az\",\"@id\":\"https:\/\/jam-news.net\/az\/#\/schema\/person\/image\/\",\"url\":\"https:\/\/secure.gravatar.com\/avatar\/1f8b2c8ce4c25cc30806785bafe6bb03?s=96&d=mm&r=g\",\"contentUrl\":\"https:\/\/secure.gravatar.com\/avatar\/1f8b2c8ce4c25cc30806785bafe6bb03?s=96&d=mm&r=g\",\"caption\":\"Tatia nikoladze\"},\"url\":\"https:\/\/jam-news.net\/az\/author\/tatiani\/\"}]}<\/script>\n<!-- \/ Yoast SEO plugin. -->","yoast_head_json":{"title":"Rusiyan\u0131n Ba\u015f naziri: G\u00fcrc\u00fcstan\u0131n NATO-ya birl\u0259\u015fm\u0259si f\u0259lak\u0259t olacaq - JAMnews","robots":{"index":"index","follow":"follow","max-snippet":"max-snippet:-1","max-image-preview":"max-image-preview:large","max-video-preview":"max-video-preview:-1"},"canonical":"https:\/\/jam-news.net\/az\/rusiyanin-bas-naziri-gurcustanin-nato-ya-birl\u0259sm\u0259si-f\u0259lak\u0259t-olacaq\/","og_locale":"az_AZ","og_type":"article","og_title":"Rusiyan\u0131n Ba\u015f naziri: G\u00fcrc\u00fcstan\u0131n NATO-ya birl\u0259\u015fm\u0259si f\u0259lak\u0259t olacaq - JAMnews","og_description":"Dmitri Medvedyev h\u0259m d\u0259 b\u0259yan edib ki, 2008-ci ild\u0259 ba\u015f vermi\u015f Rusiya-G\u00fcrc\u00fcstan m\u00fcharib\u0259sind\u0259n qa\u00e7maq olard\u0131","og_url":"https:\/\/jam-news.net\/az\/rusiyanin-bas-naziri-gurcustanin-nato-ya-birl\u0259sm\u0259si-f\u0259lak\u0259t-olacaq\/","og_site_name":"Azerbaijani Jamnews","article_publisher":"https:\/\/www.facebook.com\/JAMnewsInEnglish\/","article_published_time":"2018-08-07T00:00:00+00:00","article_modified_time":"2022-01-17T21:10:57+00:00","og_image":[{"width":1200,"height":800,"url":"https:\/\/jam-news.net\/app\/uploads\/2020\/03\/RTSVE85-1.jpg","type":"image\/jpeg"}],"author":"Tatia nikoladze","twitter_card":"summary_large_image","twitter_creator":"@JAMnewsCaucasus","twitter_site":"@JAMnewsCaucasus","twitter_misc":{"Written by":"Tatia nikoladze","Est. reading time":"1 minute"},"schema":{"@context":"https:\/\/schema.org","@graph":[{"@type":"Article","@id":"https:\/\/jam-news.net\/az\/rusiyanin-bas-naziri-gurcustanin-nato-ya-birl%c9%99sm%c9%99si-f%c9%99lak%c9%99t-olacaq\/#article","isPartOf":{"@id":"https:\/\/jam-news.net\/az\/rusiyanin-bas-naziri-gurcustanin-nato-ya-birl%c9%99sm%c9%99si-f%c9%99lak%c9%99t-olacaq\/"},"author":{"name":"Tatia nikoladze","@id":"https:\/\/jam-news.net\/az\/#\/schema\/person\/86c90ea4dd4c6e61e60ae51d24bc662c"},"headline":"Rusiyan\u0131n Ba\u015f naziri: G\u00fcrc\u00fcstan\u0131n NATO-ya birl\u0259\u015fm\u0259si f\u0259lak\u0259t olacaq","datePublished":"2018-08-07T00:00:00+00:00","dateModified":"2022-01-17T21:10:57+00:00","mainEntityOfPage":{"@id":"https:\/\/jam-news.net\/az\/rusiyanin-bas-naziri-gurcustanin-nato-ya-birl%c9%99sm%c9%99si-f%c9%99lak%c9%99t-olacaq\/"},"wordCount":256,"commentCount":0,"publisher":{"@id":"https:\/\/jam-news.net\/az\/#organization"},"image":{"@id":"https:\/\/jam-news.net\/az\/rusiyanin-bas-naziri-gurcustanin-nato-ya-birl%c9%99sm%c9%99si-f%c9%99lak%c9%99t-olacaq\/#primaryimage"},"thumbnailUrl":"https:\/\/jam-news.net\/app\/uploads\/2020\/03\/RTSVE85-1.jpg","articleSection":["From far and near","Geography","Georgia","Issues","News","Russia"],"inLanguage":"az"},{"@type":"WebPage","@id":"https:\/\/jam-news.net\/az\/rusiyanin-bas-naziri-gurcustanin-nato-ya-birl%c9%99sm%c9%99si-f%c9%99lak%c9%99t-olacaq\/","url":"https:\/\/jam-news.net\/az\/rusiyanin-bas-naziri-gurcustanin-nato-ya-birl%c9%99sm%c9%99si-f%c9%99lak%c9%99t-olacaq\/","name":"Rusiyan\u0131n Ba\u015f naziri: G\u00fcrc\u00fcstan\u0131n NATO-ya birl\u0259\u015fm\u0259si f\u0259lak\u0259t olacaq - JAMnews","isPartOf":{"@id":"https:\/\/jam-news.net\/az\/#website"},"primaryImageOfPage":{"@id":"https:\/\/jam-news.net\/az\/rusiyanin-bas-naziri-gurcustanin-nato-ya-birl%c9%99sm%c9%99si-f%c9%99lak%c9%99t-olacaq\/#primaryimage"},"image":{"@id":"https:\/\/jam-news.net\/az\/rusiyanin-bas-naziri-gurcustanin-nato-ya-birl%c9%99sm%c9%99si-f%c9%99lak%c9%99t-olacaq\/#primaryimage"},"thumbnailUrl":"https:\/\/jam-news.net\/app\/uploads\/2020\/03\/RTSVE85-1.jpg","datePublished":"2018-08-07T00:00:00+00:00","dateModified":"2022-01-17T21:10:57+00:00","breadcrumb":{"@id":"https:\/\/jam-news.net\/az\/rusiyanin-bas-naziri-gurcustanin-nato-ya-birl%c9%99sm%c9%99si-f%c9%99lak%c9%99t-olacaq\/#breadcrumb"},"inLanguage":"az","potentialAction":[{"@type":"ReadAction","target":["https:\/\/jam-news.net\/az\/rusiyanin-bas-naziri-gurcustanin-nato-ya-birl%c9%99sm%c9%99si-f%c9%99lak%c9%99t-olacaq\/"]}]},{"@type":"ImageObject","inLanguage":"az","@id":"https:\/\/jam-news.net\/az\/rusiyanin-bas-naziri-gurcustanin-nato-ya-birl%c9%99sm%c9%99si-f%c9%99lak%c9%99t-olacaq\/#primaryimage","url":"https:\/\/jam-news.net\/app\/uploads\/2020\/03\/RTSVE85-1.jpg","contentUrl":"https:\/\/jam-news.net\/app\/uploads\/2020\/03\/RTSVE85-1.jpg","width":1200,"height":800,"caption":"Russian Prime Minister Dmitry Medvedev is seen during his joint news conference with his Finnish counterpart Juha Sipila (not in picture) after their meeting in Oulu, Finland December 9, 2016. Lehtikuva\/Antti Aimo-Koivisto via REUTERS ATTENTION EDITORS - THIS IMAGE WAS PROVIDED BY A THIRD PARTY. FOR EDITORIAL USE ONLY. NO THIRD PARTY SALES. NOT FOR USE BY REUTERS THIRD PARTY DISTRIBUTORS. FINLAND OUT. NO COMMERCIAL OR EDITORIAL SALES IN FINLAND. - RC192F9A1F40"},{"@type":"BreadcrumbList","@id":"https:\/\/jam-news.net\/az\/rusiyanin-bas-naziri-gurcustanin-nato-ya-birl%c9%99sm%c9%99si-f%c9%99lak%c9%99t-olacaq\/#breadcrumb","itemListElement":[{"@type":"ListItem","position":1,"name":"Home","item":"https:\/\/jam-news.net\/az\/"},{"@type":"ListItem","position":2,"name":"Rusiyan\u0131n Ba\u015f naziri: G\u00fcrc\u00fcstan\u0131n NATO-ya birl\u0259\u015fm\u0259si f\u0259lak\u0259t olacaq"}]},{"@type":"WebSite","@id":"https:\/\/jam-news.net\/az\/#website","url":"https:\/\/jam-news.net\/az\/","name":"Azerbaijani Jamnews","description":"Caucasus News, Politics and Society","publisher":{"@id":"https:\/\/jam-news.net\/az\/#organization"},"potentialAction":[{"@type":"SearchAction","target":{"@type":"EntryPoint","urlTemplate":"https:\/\/jam-news.net\/az\/?s={search_term_string}"},"query-input":{"@type":"PropertyValueSpecification","valueRequired":true,"valueName":"search_term_string"}}],"inLanguage":"az"},{"@type":"Organization","@id":"https:\/\/jam-news.net\/az\/#organization","name":"JAMnews","url":"https:\/\/jam-news.net\/az\/","logo":{"@type":"ImageObject","inLanguage":"az","@id":"https:\/\/jam-news.net\/az\/#\/schema\/logo\/image\/","url":"https:\/\/jam-news.net\/app\/uploads\/2020\/05\/JAM_w.jpg","contentUrl":"https:\/\/jam-news.net\/app\/uploads\/2020\/05\/JAM_w.jpg","width":960,"height":960,"caption":"JAMnews"},"image":{"@id":"https:\/\/jam-news.net\/az\/#\/schema\/logo\/image\/"},"sameAs":["https:\/\/www.facebook.com\/JAMnewsInEnglish\/","https:\/\/x.com\/JAMnewsCaucasus","https:\/\/www.instagram.com\/jam_news\/","https:\/\/www.youtube.com\/channel\/UCXQbUCme2pykuZYXWHx4VPg"]},{"@type":"Person","@id":"https:\/\/jam-news.net\/az\/#\/schema\/person\/86c90ea4dd4c6e61e60ae51d24bc662c","name":"Tatia nikoladze","image":{"@type":"ImageObject","inLanguage":"az","@id":"https:\/\/jam-news.net\/az\/#\/schema\/person\/image\/","url":"https:\/\/secure.gravatar.com\/avatar\/1f8b2c8ce4c25cc30806785bafe6bb03?s=96&d=mm&r=g","contentUrl":"https:\/\/secure.gravatar.com\/avatar\/1f8b2c8ce4c25cc30806785bafe6bb03?s=96&d=mm&r=g","caption":"Tatia nikoladze"},"url":"https:\/\/jam-news.net\/az\/author\/tatiani\/"}]}},"_links":{"self":[{"href":"https:\/\/jam-news.net\/az\/wp-json\/wp\/v2\/posts\/8912","targetHints":{"allow":["GET"]}}],"collection":[{"href":"https:\/\/jam-news.net\/az\/wp-json\/wp\/v2\/posts"}],"about":[{"href":"https:\/\/jam-news.net\/az\/wp-json\/wp\/v2\/types\/post"}],"author":[{"embeddable":true,"href":"https:\/\/jam-news.net\/az\/wp-json\/wp\/v2\/users\/6"}],"replies":[{"embeddable":true,"href":"https:\/\/jam-news.net\/az\/wp-json\/wp\/v2\/comments?post=8912"}],"version-history":[{"count":1,"href":"https:\/\/jam-news.net\/az\/wp-json\/wp\/v2\/posts\/8912\/revisions"}],"predecessor-version":[{"id":14456,"href":"https:\/\/jam-news.net\/az\/wp-json\/wp\/v2\/posts\/8912\/revisions\/14456"}],"wp:featuredmedia":[{"embeddable":true,"href":"https:\/\/jam-news.net\/az\/wp-json\/wp\/v2\/media\/21451"}],"wp:attachment":[{"href":"https:\/\/jam-news.net\/az\/wp-json\/wp\/v2\/media?parent=8912"}],"wp:term":[{"taxonomy":"category","embeddable":true,"href":"https:\/\/jam-news.net\/az\/wp-json\/wp\/v2\/categories?post=8912"},{"taxonomy":"post_tag","embeddable":true,"href":"https:\/\/jam-news.net\/az\/wp-json\/wp\/v2\/tags?post=8912"},{"taxonomy":"formation","embeddable":true,"href":"https:\/\/jam-news.net\/az\/wp-json\/wp\/v2\/formation?post=8912"},{"taxonomy":"post-author","embeddable":true,"href":"https:\/\/jam-news.net\/az\/wp-json\/wp\/v2\/post-author?post=8912"},{"taxonomy":"topic","embeddable":true,"href":"https:\/\/jam-news.net\/az\/wp-json\/wp\/v2\/topic?post=8912"},{"taxonomy":"tooltip","embeddable":true,"href":"https:\/\/jam-news.net\/az\/wp-json\/wp\/v2\/tooltip?post=8912"},{"taxonomy":"city","embeddable":true,"href":"https:\/\/jam-news.net\/az\/wp-json\/wp\/v2\/city?post=8912"}],"curies":[{"name":"wp","href":"https:\/\/api.w.org\/{rel}","templated":true}]}}