{"id":8795,"date":"2018-07-17T00:00:00","date_gmt":"2018-07-16T20:00:00","guid":{"rendered":"http:\/\/jam-news.net\/az\/tramp-v%c9%99-putin-danisiqlarina-reaksiya-anlamazliqdan-tutmus-q%c9%99z%c9%99b%c9%99-q%c9%99d%c9%99r\/"},"modified":"2021-02-09T11:46:40","modified_gmt":"2021-02-09T07:46:40","slug":"tramp-v%c9%99-putin-danisiqlarina-reaksiya-anlamazliqdan-tutmus-q%c9%99z%c9%99b%c9%99-q%c9%99d%c9%99r","status":"publish","type":"post","link":"https:\/\/jam-news.net\/az\/tramp-v%c9%99-putin-danisiqlarina-reaksiya-anlamazliqdan-tutmus-q%c9%99z%c9%99b%c9%99-q%c9%99d%c9%99r\/","title":{"rendered":"Tramp v\u0259 Putin dan\u0131\u015f\u0131qlar\u0131na reaksiya: anlamazl\u0131qdan tutmu\u015f q\u0259z\u0259b\u0259 q\u0259d\u0259r"},"content":{"rendered":"<p><span style=\"font-weight: 400;\">AB\u015e v\u0259 Rusiya prezidentl\u0259ri Donald Tramp v\u0259 Vladimir Putin Finlandiya paytaxt\u0131nda g\u00f6r\u00fc\u015f\u00fcb, &#8211; bu haqda<\/span><a href=\"https:\/\/edition.cnn.com\/politics\/live-news\/trump-putin-helsinki\/index.html\"><b><i>\u00a0CNN<\/i><\/b><\/a><span style=\"font-weight: 400;\"> x\u0259b\u0259r verir.<\/span><\/p>\n<p><span style=\"font-weight: 400;\">\u0130kit\u0259r\u0259fli g\u00f6r\u00fc\u015f iki hiss\u0259y\u0259 b\u00f6l\u00fcn\u00fcb. \u018fvv\u0259lc\u0259 Putin Trampla t\u0259kb\u0259t\u0259k qal\u0131b v\u0259 tet-a-tet dan\u0131\u015f\u0131blar, daha sonra is\u0259 n\u00fcmay\u0259nd\u0259 hey\u0259tl\u0259rinin \u00fczvl\u0259ri d\u0259 onlara qo\u015fulub.<\/span><\/p>\n<p><b>N\u0259 haqda dan\u0131\u015f\u0131l\u0131b, n\u0259 haqda dan\u0131\u015f\u0131lmay\u0131b?<\/b><\/p>\n<p><span style=\"font-weight: 400;\">Birg\u0259 m\u0259tbuat konfrans\u0131nda Donald Tramp Amerika-Rusiya m\u00fcnasib\u0259tl\u0259rinin haz\u0131rk\u0131 mislig\u00f6r\u00fcnm\u0259z pis v\u0259ziyy\u0259ti haqda \u201ch\u0259r iki t\u0259r\u0259f g\u00fcnahkard\u0131r, h\u0259r iki \u00f6lk\u0259 ke\u00e7mi\u015fd\u0259 s\u0259hv\u0259 yol verib\u201d b\u0259yanat\u0131 il\u0259 furor yarad\u0131b.<\/span><\/p>\n<p><span style=\"font-weight: 400;\">D\u00fcnya medias\u0131 h\u0259mr\u0259ylikl\u0259 Amerika prezidentinin Rusiyan\u0131n Suriyada v\u0259t\u0259nda\u015f m\u00fcharib\u0259sind\u0259 i\u015ftirak\u0131, Kr\u0131m\u0131n ilhaq\u0131 v\u0259 Rusiyan\u0131n Ukraynan\u0131n c\u0259nub-\u015f\u0259rqin\u0259 m\u00fcdaxil\u0259si kimi m\u0259s\u0259l\u0259l\u0259ri tamam\u0259n iqnor etdiyin\u0259 diqq\u0259t yetirib, baxmayaraq ki, m\u0259hz bu amill\u0259r ikit\u0259r\u0259fli m\u00fcnasib\u0259tl\u0259rin b\u00f6hran\u0131na s\u0259b\u0259b olub.<\/span><\/p>\n<p><span style=\"font-weight: 400;\">Rusiya prezidentinin s\u00f6zl\u0259rin\u0259 g\u00f6r\u0259, Tramp yen\u0259 d\u0259 Rusiyan\u0131n Amerika se\u00e7kil\u0259rin\u0259 m\u00fcbadil\u0259si m\u0259s\u0259l\u0259sin\u0259 toxunub. Putin n\u00f6vb\u0259ti d\u0259f\u0259 b\u00fct\u00fcn ittihamlar\u0131 r\u0259dd edib. Sammitd\u0259n sonrak\u0131 m\u0259tbuat konfrans\u0131nda AB\u015e prezidenti bildirib ki, Kremlin AB\u015e-dak\u0131 se\u00e7kil\u0259rin n\u0259tic\u0259l\u0259rin\u0259 t\u0259sir etdiyini ehtimal etm\u0259k \u00fc\u00e7\u00fcn onun he\u00e7 bir \u0259sas\u0131 yoxdur.<\/span><\/p>\n<p><span style=\"font-weight: 400;\">O bildirib: \u201cHe\u00e7 bir q\u0259sd olmay\u0131b. M\u0259n bu prezidenti [Putini] tan\u0131m\u0131rd\u0131m. M\u0259nim \u0259lbir olaca\u011f\u0131m he\u00e7 kim yox idi v\u0259 kampaniyam\u0131n arxas\u0131nda he\u00e7 bir gizli raz\u0131la\u015fma olmay\u0131b\u201d.<\/span><\/p>\n<p><span style=\"font-weight: 400;\">Tramp h\u0259m\u00e7inin Rusiyan\u0131n Amerikada prezident se\u00e7kil\u0259rin\u0259 m\u00fcdaxil\u0259sinin ara\u015fd\u0131r\u0131lmas\u0131 il\u0259 m\u0259\u015f\u011ful olan prokuror Robert M\u00fclleri d\u0259 t\u0259nqid edib. Sammitd\u0259n bir ne\u00e7\u0259 g\u00fcn \u00f6nc\u0259 M\u00fcller Amerika se\u00e7kil\u0259rin\u0259 m\u00fcdaxil\u0259 il\u0259 ba\u011fl\u0131 Rusiya k\u0259\u015ffiyyat\u0131n\u0131n 12 \u0259m\u0259kda\u015f\u0131na qar\u015f\u0131 ittiham ir\u0259li s\u00fcr\u00fcb (\u00fcmumilikd\u0259 bu cinay\u0259tl\u0259 ba\u011fl\u0131 ittiham olunanlar\u0131n say\u0131 20 n\u0259f\u0259rd\u0259n \u00e7oxdur). <\/span><\/p>\n<p><span style=\"font-weight: 400;\">Vladimir Putin g\u00f6r\u00fc\u015fd\u0259n raz\u0131 qal\u0131b. \u201cBiz prezident Trampdan raz\u0131 qalm\u0131\u015f\u0131q, bir-birimizi daha yax\u015f\u0131 anlama\u011fa ba\u015flam\u0131\u015f\u0131q v\u0259 m\u0259n Donalda buna g\u00f6r\u0259 minn\u0259tdaram\u201d, &#8211; o, m\u0259tbuat konfrans\u0131nda bildirib.<\/span><\/p>\n<p><b>T\u0259r\u0259fdarlar v\u0259 r\u0259qibl\u0259r \u015fokdad\u0131r<\/b><\/p>\n<p><span style=\"font-weight: 400;\">AB\u015e-da Tramp b\u0259yanatlar\u0131na g\u00f6r\u0259 s\u0259rt t\u0259nqid\u0259 m\u0259ruz qal\u0131b. Haz\u0131rk\u0131 AB\u015e prezidentini il\u0259 ba\u011fl\u0131 \u0259n\u0259n\u0259vi t\u0259nqidl\u0259r aras\u0131nda \u201cr\u00fcsvay\u00e7\u0131 u\u011fursuzluq\u201d ifad\u0259si \u0259n \u00e7ox s\u0259sl\u0259nir, &#8211;\u00a0<\/span><a href=\"https:\/\/www.bbc.co.uk\/news\/world-us-canada-44830012\"><b><i>\u0412\u0412\u0421<\/i><\/b><\/a><span style=\"font-weight: 400;\"> \u00a0yaz\u0131r.<\/span><\/p>\n<p><span style=\"font-weight: 400;\">M\u0259rk\u0259zi K\u0259\u015ffiyyat \u0130dar\u0259sinin ke\u00e7mi\u015f direktoru Con Brennan ham\u0131dan daha s\u0259rt \u00e7\u0131x\u0131\u015f edib, o \u00f6z Twitter-ind\u0259 yaz\u0131b: \u201cBa\u015f ver\u0259nl\u0259r ciddi cinayy\u0259t \u00e7\u0259r\u00e7iv\u0259sini a\u015f\u0131r. Bu x\u0259yan\u0259tdir\u201d.<\/span><\/p>\n<p><span style=\"font-weight: 400;\">Amma Tramp\u0131n b\u0259yanatlar\u0131ndan q\u0259z\u0259bl\u0259n\u0259nl\u0259r aras\u0131nda bu d\u0259f\u0259 AB\u015e prezidentin\u0259 qar\u015f\u0131 ad\u0259t\u0259n loyal olan siyas\u0259t\u00e7il\u0259r d\u0259 \u00e7oxdur.<\/span><\/p>\n<p><span style=\"font-weight: 400;\">M\u0259s\u0259l\u0259n, respublika\u00e7\u0131 senator Pol Rayan bildirib: \u201cRusiyan\u0131n bizim se\u00e7kil\u0259rimiz\u0259 m\u00fcdaxil\u0259 etdiyin\u0259 \u015f\u00fcbh\u0259 yoxdur v\u0259 b\u00fct\u00fcn d\u00fcnyada demokratiyaya qar\u015f\u0131 h\u00fccumlar\u0131n\u0131 davam etdirir. Prezident anlamal\u0131d\u0131r ki, Rusiya bizim m\u00fctt\u0259fiqimiz deyil. Birl\u0259\u015fmi\u015f \u015etatlar diqq\u0259tini Rusiyan\u0131n m\u0259suliyy\u0259t\u0259 c\u0259lb dedilm\u0259sin\u0259 v\u0259 Putinin demokratiya \u00fcz\u0259rin\u0259 h\u00fccumlar\u0131na son qoyulmas\u0131na y\u00f6n\u0259ltm\u0259lidir\u201d.<\/span><\/p>\n<p><span style=\"font-weight: 400;\">CNN m\u00fcxbiri Anderson Kuper Putin v\u0259 Tramp dan\u0131\u015f\u0131qlar\u0131ndan sonra ba\u015f tutan m\u0259tbuat konfrans\u0131n\u0131 \u201cAB\u015e tarixind\u0259 \u00a0prezidentin ke\u00e7irdiyi \u0259n r\u00fcsvay\u00e7\u0131 m\u0259tbuat konfrans\u0131\u201d adland\u0131r\u0131b.<\/span><\/p>\n<p><span style=\"font-weight: 400;\">Respublika\u00e7\u0131lara v\u0259 Trampa qar\u015f\u0131 h\u0259dsiz loyall\u0131\u011f\u0131 il\u0259 se\u00e7il\u0259n Fox News telekanal\u0131 Helsinki dan\u0131\u015f\u0131qlar\u0131n\u0131 \u201ct\u0259slim\u00e7ilik\u201d kimi d\u0259y\u0259rl\u0259ndirib.<\/span><\/p>\n<p><b>H\u0259r ikisin\u0259 \u00fcnvanlan\u0131b<\/b><\/p>\n<p><span style=\"font-weight: 400;\">Son iki g\u00fcnd\u0259 Helsinkid\u0259 Putin v\u0259 Trampa qar\u015f\u0131 etiraz aksiyalar\u0131 ke\u00e7irilirdi. Etiraz\u00e7\u0131lar\u0131n b\u00f6y\u00fck hiss\u0259si istirah\u0259t g\u00fcn\u00fc oldu\u011fu \u00fc\u00e7\u00fcn iyulun 15-d\u0259 \u015f\u0259h\u0259rin k\u00fc\u00e7\u0259l\u0259rin\u0259 \u00e7\u0131x\u0131b. Onlar AB\u015e-\u0131n miqrasiya siyas\u0259tini v\u0259 prezident Tramp\u0131n islamofobiyasn\u0131, Rusiyan\u0131n geyl\u0259rin t\u0259bli\u011fi haqda qanununu v\u0259 Rusiyada s\u00f6z azadl\u0131\u011f\u0131na qar\u015f\u0131 basq\u0131lar\u0131 q\u0131nay\u0131blar. Helsinkinin iki qad\u0131n sakininin qald\u0131rd\u0131\u011f\u0131 \u201cC\u0259h\u0259nn\u0259m olun ikiniz d\u0259!\u201d yaz\u0131lm\u0131\u015f plakatl\u0131 fotosu b\u00fct\u00fcn d\u00fcnya K\u0130V-l\u0259rini dola\u015f\u0131b.<\/span><\/p>\n<p><div class=\"su-divider su-divider-style-default\" style=\"margin:15px 0;border-width:3px;border-color:#999999\"><a href=\"#\" style=\"color:#999999\">Go to top<\/a><\/div> <\/p>\n<p><\/p>\n<p>&nbsp;<\/p>\n","protected":false},"excerpt":{"rendered":"<p>AB\u015e v\u0259 Rusiya prezidentl\u0259ri bir-birind\u0259n raz\u0131 qal\u0131blar. Qalan h\u0259r k\u0259s \u00e7a\u015fq\u0131nd\u0131r<\/p>\n","protected":false},"author":3,"featured_media":21394,"comment_status":"closed","ping_status":"closed","sticky":false,"template":"","format":"standard","meta":{"_acf_changed":false,"footnotes":""},"categories":[8,2,50,5],"tags":[],"formation":[],"post-author":[],"topic":[4646,4560],"tooltip":[],"city":[],"class_list":["post-8795","post","type-post","status-publish","format-standard","has-post-thumbnail","hentry","category-dunyada-bas-vernlr","category-cografiya","category-xbrlr","category-siyast","topic-donald-tramp","topic-vladimir-putin"],"acf":[],"yoast_head":"<!-- This site is optimized with the Yoast SEO plugin v24.1 - https:\/\/yoast.com\/wordpress\/plugins\/seo\/ -->\n<title>Tramp v\u0259 Putin dan\u0131\u015f\u0131qlar\u0131na reaksiya: anlamazl\u0131qdan tutmu\u015f q\u0259z\u0259b\u0259 q\u0259d\u0259r - JAMnews<\/title>\n<meta name=\"robots\" content=\"index, follow, max-snippet:-1, max-image-preview:large, max-video-preview:-1\" \/>\n<link rel=\"canonical\" href=\"https:\/\/jam-news.net\/az\/tramp-v\u0259-putin-danisiqlarina-reaksiya-anlamazliqdan-tutmus-q\u0259z\u0259b\u0259-q\u0259d\u0259r\/\" \/>\n<meta property=\"og:locale\" content=\"az_AZ\" \/>\n<meta property=\"og:type\" content=\"article\" \/>\n<meta property=\"og:title\" content=\"Tramp v\u0259 Putin dan\u0131\u015f\u0131qlar\u0131na reaksiya: anlamazl\u0131qdan tutmu\u015f q\u0259z\u0259b\u0259 q\u0259d\u0259r - JAMnews\" \/>\n<meta property=\"og:description\" content=\"AB\u015e v\u0259 Rusiya prezidentl\u0259ri bir-birind\u0259n raz\u0131 qal\u0131blar. Qalan h\u0259r k\u0259s \u00e7a\u015fq\u0131nd\u0131r\" \/>\n<meta property=\"og:url\" content=\"https:\/\/jam-news.net\/az\/tramp-v\u0259-putin-danisiqlarina-reaksiya-anlamazliqdan-tutmus-q\u0259z\u0259b\u0259-q\u0259d\u0259r\/\" \/>\n<meta property=\"og:site_name\" content=\"Azerbaijani Jamnews\" \/>\n<meta property=\"article:publisher\" content=\"https:\/\/www.facebook.com\/JAMnewsInEnglish\/\" \/>\n<meta property=\"article:published_time\" content=\"2018-07-16T20:00:00+00:00\" \/>\n<meta property=\"article:modified_time\" content=\"2021-02-09T07:46:40+00:00\" \/>\n<meta property=\"og:image\" content=\"https:\/\/jam-news.net\/app\/uploads\/2020\/03\/5b4b45b8e758a.image_-3.jpg\" \/>\n\t<meta property=\"og:image:width\" content=\"1200\" \/>\n\t<meta property=\"og:image:height\" content=\"800\" \/>\n\t<meta property=\"og:image:type\" content=\"image\/jpeg\" \/>\n<meta name=\"author\" content=\"JAMnews\" \/>\n<meta name=\"twitter:card\" content=\"summary_large_image\" \/>\n<meta name=\"twitter:creator\" content=\"@JAMnewsCaucasus\" \/>\n<meta name=\"twitter:site\" content=\"@JAMnewsCaucasus\" \/>\n<meta name=\"twitter:label1\" content=\"Written by\" \/>\n\t<meta name=\"twitter:data1\" content=\"JAMnews\" \/>\n\t<meta name=\"twitter:label2\" content=\"Est. reading time\" \/>\n\t<meta name=\"twitter:data2\" content=\"4 minutes\" \/>\n<script type=\"application\/ld+json\" class=\"yoast-schema-graph\">{\"@context\":\"https:\/\/schema.org\",\"@graph\":[{\"@type\":\"Article\",\"@id\":\"https:\/\/jam-news.net\/az\/tramp-v%c9%99-putin-danisiqlarina-reaksiya-anlamazliqdan-tutmus-q%c9%99z%c9%99b%c9%99-q%c9%99d%c9%99r\/#article\",\"isPartOf\":{\"@id\":\"https:\/\/jam-news.net\/az\/tramp-v%c9%99-putin-danisiqlarina-reaksiya-anlamazliqdan-tutmus-q%c9%99z%c9%99b%c9%99-q%c9%99d%c9%99r\/\"},\"author\":{\"name\":\"JAMnews\",\"@id\":\"https:\/\/jam-news.net\/az\/#\/schema\/person\/67df3bb7adb46cd513fb9c4cb02361c6\"},\"headline\":\"Tramp v\u0259 Putin dan\u0131\u015f\u0131qlar\u0131na reaksiya: anlamazl\u0131qdan tutmu\u015f q\u0259z\u0259b\u0259 q\u0259d\u0259r\",\"datePublished\":\"2018-07-16T20:00:00+00:00\",\"dateModified\":\"2021-02-09T07:46:40+00:00\",\"mainEntityOfPage\":{\"@id\":\"https:\/\/jam-news.net\/az\/tramp-v%c9%99-putin-danisiqlarina-reaksiya-anlamazliqdan-tutmus-q%c9%99z%c9%99b%c9%99-q%c9%99d%c9%99r\/\"},\"wordCount\":982,\"publisher\":{\"@id\":\"https:\/\/jam-news.net\/az\/#organization\"},\"image\":{\"@id\":\"https:\/\/jam-news.net\/az\/tramp-v%c9%99-putin-danisiqlarina-reaksiya-anlamazliqdan-tutmus-q%c9%99z%c9%99b%c9%99-q%c9%99d%c9%99r\/#primaryimage\"},\"thumbnailUrl\":\"https:\/\/jam-news.net\/app\/uploads\/2020\/03\/5b4b45b8e758a.image_-3.jpg\",\"articleSection\":[\"From far and near\",\"Geography\",\"News\",\"Politics\"],\"inLanguage\":\"az\"},{\"@type\":\"WebPage\",\"@id\":\"https:\/\/jam-news.net\/az\/tramp-v%c9%99-putin-danisiqlarina-reaksiya-anlamazliqdan-tutmus-q%c9%99z%c9%99b%c9%99-q%c9%99d%c9%99r\/\",\"url\":\"https:\/\/jam-news.net\/az\/tramp-v%c9%99-putin-danisiqlarina-reaksiya-anlamazliqdan-tutmus-q%c9%99z%c9%99b%c9%99-q%c9%99d%c9%99r\/\",\"name\":\"Tramp v\u0259 Putin dan\u0131\u015f\u0131qlar\u0131na reaksiya: anlamazl\u0131qdan tutmu\u015f q\u0259z\u0259b\u0259 q\u0259d\u0259r - JAMnews\",\"isPartOf\":{\"@id\":\"https:\/\/jam-news.net\/az\/#website\"},\"primaryImageOfPage\":{\"@id\":\"https:\/\/jam-news.net\/az\/tramp-v%c9%99-putin-danisiqlarina-reaksiya-anlamazliqdan-tutmus-q%c9%99z%c9%99b%c9%99-q%c9%99d%c9%99r\/#primaryimage\"},\"image\":{\"@id\":\"https:\/\/jam-news.net\/az\/tramp-v%c9%99-putin-danisiqlarina-reaksiya-anlamazliqdan-tutmus-q%c9%99z%c9%99b%c9%99-q%c9%99d%c9%99r\/#primaryimage\"},\"thumbnailUrl\":\"https:\/\/jam-news.net\/app\/uploads\/2020\/03\/5b4b45b8e758a.image_-3.jpg\",\"datePublished\":\"2018-07-16T20:00:00+00:00\",\"dateModified\":\"2021-02-09T07:46:40+00:00\",\"breadcrumb\":{\"@id\":\"https:\/\/jam-news.net\/az\/tramp-v%c9%99-putin-danisiqlarina-reaksiya-anlamazliqdan-tutmus-q%c9%99z%c9%99b%c9%99-q%c9%99d%c9%99r\/#breadcrumb\"},\"inLanguage\":\"az\",\"potentialAction\":[{\"@type\":\"ReadAction\",\"target\":[\"https:\/\/jam-news.net\/az\/tramp-v%c9%99-putin-danisiqlarina-reaksiya-anlamazliqdan-tutmus-q%c9%99z%c9%99b%c9%99-q%c9%99d%c9%99r\/\"]}]},{\"@type\":\"ImageObject\",\"inLanguage\":\"az\",\"@id\":\"https:\/\/jam-news.net\/az\/tramp-v%c9%99-putin-danisiqlarina-reaksiya-anlamazliqdan-tutmus-q%c9%99z%c9%99b%c9%99-q%c9%99d%c9%99r\/#primaryimage\",\"url\":\"https:\/\/jam-news.net\/app\/uploads\/2020\/03\/5b4b45b8e758a.image_-3.jpg\",\"contentUrl\":\"https:\/\/jam-news.net\/app\/uploads\/2020\/03\/5b4b45b8e758a.image_-3.jpg\",\"width\":1200,\"height\":800},{\"@type\":\"BreadcrumbList\",\"@id\":\"https:\/\/jam-news.net\/az\/tramp-v%c9%99-putin-danisiqlarina-reaksiya-anlamazliqdan-tutmus-q%c9%99z%c9%99b%c9%99-q%c9%99d%c9%99r\/#breadcrumb\",\"itemListElement\":[{\"@type\":\"ListItem\",\"position\":1,\"name\":\"Home\",\"item\":\"https:\/\/jam-news.net\/az\/\"},{\"@type\":\"ListItem\",\"position\":2,\"name\":\"Tramp v\u0259 Putin dan\u0131\u015f\u0131qlar\u0131na reaksiya: anlamazl\u0131qdan tutmu\u015f q\u0259z\u0259b\u0259 q\u0259d\u0259r\"}]},{\"@type\":\"WebSite\",\"@id\":\"https:\/\/jam-news.net\/az\/#website\",\"url\":\"https:\/\/jam-news.net\/az\/\",\"name\":\"Azerbaijani Jamnews\",\"description\":\"Caucasus News, Politics and Society\",\"publisher\":{\"@id\":\"https:\/\/jam-news.net\/az\/#organization\"},\"potentialAction\":[{\"@type\":\"SearchAction\",\"target\":{\"@type\":\"EntryPoint\",\"urlTemplate\":\"https:\/\/jam-news.net\/az\/?s={search_term_string}\"},\"query-input\":{\"@type\":\"PropertyValueSpecification\",\"valueRequired\":true,\"valueName\":\"search_term_string\"}}],\"inLanguage\":\"az\"},{\"@type\":\"Organization\",\"@id\":\"https:\/\/jam-news.net\/az\/#organization\",\"name\":\"JAMnews\",\"url\":\"https:\/\/jam-news.net\/az\/\",\"logo\":{\"@type\":\"ImageObject\",\"inLanguage\":\"az\",\"@id\":\"https:\/\/jam-news.net\/az\/#\/schema\/logo\/image\/\",\"url\":\"https:\/\/jam-news.net\/app\/uploads\/2020\/05\/JAM_w.jpg\",\"contentUrl\":\"https:\/\/jam-news.net\/app\/uploads\/2020\/05\/JAM_w.jpg\",\"width\":960,\"height\":960,\"caption\":\"JAMnews\"},\"image\":{\"@id\":\"https:\/\/jam-news.net\/az\/#\/schema\/logo\/image\/\"},\"sameAs\":[\"https:\/\/www.facebook.com\/JAMnewsInEnglish\/\",\"https:\/\/x.com\/JAMnewsCaucasus\",\"https:\/\/www.instagram.com\/jam_news\/\",\"https:\/\/www.youtube.com\/channel\/UCXQbUCme2pykuZYXWHx4VPg\"]},{\"@type\":\"Person\",\"@id\":\"https:\/\/jam-news.net\/az\/#\/schema\/person\/67df3bb7adb46cd513fb9c4cb02361c6\",\"name\":\"JAMnews\",\"image\":{\"@type\":\"ImageObject\",\"inLanguage\":\"az\",\"@id\":\"https:\/\/jam-news.net\/az\/#\/schema\/person\/image\/\",\"url\":\"https:\/\/secure.gravatar.com\/avatar\/e5c27593ef900c3ab3deed4ed1c653d7?s=96&d=mm&r=g\",\"contentUrl\":\"https:\/\/secure.gravatar.com\/avatar\/e5c27593ef900c3ab3deed4ed1c653d7?s=96&d=mm&r=g\",\"caption\":\"JAMnews\"},\"url\":\"https:\/\/jam-news.net\/az\/author\/margarita\/\"}]}<\/script>\n<!-- \/ Yoast SEO plugin. -->","yoast_head_json":{"title":"Tramp v\u0259 Putin dan\u0131\u015f\u0131qlar\u0131na reaksiya: anlamazl\u0131qdan tutmu\u015f q\u0259z\u0259b\u0259 q\u0259d\u0259r - JAMnews","robots":{"index":"index","follow":"follow","max-snippet":"max-snippet:-1","max-image-preview":"max-image-preview:large","max-video-preview":"max-video-preview:-1"},"canonical":"https:\/\/jam-news.net\/az\/tramp-v\u0259-putin-danisiqlarina-reaksiya-anlamazliqdan-tutmus-q\u0259z\u0259b\u0259-q\u0259d\u0259r\/","og_locale":"az_AZ","og_type":"article","og_title":"Tramp v\u0259 Putin dan\u0131\u015f\u0131qlar\u0131na reaksiya: anlamazl\u0131qdan tutmu\u015f q\u0259z\u0259b\u0259 q\u0259d\u0259r - JAMnews","og_description":"AB\u015e v\u0259 Rusiya prezidentl\u0259ri bir-birind\u0259n raz\u0131 qal\u0131blar. Qalan h\u0259r k\u0259s \u00e7a\u015fq\u0131nd\u0131r","og_url":"https:\/\/jam-news.net\/az\/tramp-v\u0259-putin-danisiqlarina-reaksiya-anlamazliqdan-tutmus-q\u0259z\u0259b\u0259-q\u0259d\u0259r\/","og_site_name":"Azerbaijani Jamnews","article_publisher":"https:\/\/www.facebook.com\/JAMnewsInEnglish\/","article_published_time":"2018-07-16T20:00:00+00:00","article_modified_time":"2021-02-09T07:46:40+00:00","og_image":[{"width":1200,"height":800,"url":"https:\/\/jam-news.net\/app\/uploads\/2020\/03\/5b4b45b8e758a.image_-3.jpg","type":"image\/jpeg"}],"author":"JAMnews","twitter_card":"summary_large_image","twitter_creator":"@JAMnewsCaucasus","twitter_site":"@JAMnewsCaucasus","twitter_misc":{"Written by":"JAMnews","Est. reading time":"4 minutes"},"schema":{"@context":"https:\/\/schema.org","@graph":[{"@type":"Article","@id":"https:\/\/jam-news.net\/az\/tramp-v%c9%99-putin-danisiqlarina-reaksiya-anlamazliqdan-tutmus-q%c9%99z%c9%99b%c9%99-q%c9%99d%c9%99r\/#article","isPartOf":{"@id":"https:\/\/jam-news.net\/az\/tramp-v%c9%99-putin-danisiqlarina-reaksiya-anlamazliqdan-tutmus-q%c9%99z%c9%99b%c9%99-q%c9%99d%c9%99r\/"},"author":{"name":"JAMnews","@id":"https:\/\/jam-news.net\/az\/#\/schema\/person\/67df3bb7adb46cd513fb9c4cb02361c6"},"headline":"Tramp v\u0259 Putin dan\u0131\u015f\u0131qlar\u0131na reaksiya: anlamazl\u0131qdan tutmu\u015f q\u0259z\u0259b\u0259 q\u0259d\u0259r","datePublished":"2018-07-16T20:00:00+00:00","dateModified":"2021-02-09T07:46:40+00:00","mainEntityOfPage":{"@id":"https:\/\/jam-news.net\/az\/tramp-v%c9%99-putin-danisiqlarina-reaksiya-anlamazliqdan-tutmus-q%c9%99z%c9%99b%c9%99-q%c9%99d%c9%99r\/"},"wordCount":982,"publisher":{"@id":"https:\/\/jam-news.net\/az\/#organization"},"image":{"@id":"https:\/\/jam-news.net\/az\/tramp-v%c9%99-putin-danisiqlarina-reaksiya-anlamazliqdan-tutmus-q%c9%99z%c9%99b%c9%99-q%c9%99d%c9%99r\/#primaryimage"},"thumbnailUrl":"https:\/\/jam-news.net\/app\/uploads\/2020\/03\/5b4b45b8e758a.image_-3.jpg","articleSection":["From far and near","Geography","News","Politics"],"inLanguage":"az"},{"@type":"WebPage","@id":"https:\/\/jam-news.net\/az\/tramp-v%c9%99-putin-danisiqlarina-reaksiya-anlamazliqdan-tutmus-q%c9%99z%c9%99b%c9%99-q%c9%99d%c9%99r\/","url":"https:\/\/jam-news.net\/az\/tramp-v%c9%99-putin-danisiqlarina-reaksiya-anlamazliqdan-tutmus-q%c9%99z%c9%99b%c9%99-q%c9%99d%c9%99r\/","name":"Tramp v\u0259 Putin dan\u0131\u015f\u0131qlar\u0131na reaksiya: anlamazl\u0131qdan tutmu\u015f q\u0259z\u0259b\u0259 q\u0259d\u0259r - JAMnews","isPartOf":{"@id":"https:\/\/jam-news.net\/az\/#website"},"primaryImageOfPage":{"@id":"https:\/\/jam-news.net\/az\/tramp-v%c9%99-putin-danisiqlarina-reaksiya-anlamazliqdan-tutmus-q%c9%99z%c9%99b%c9%99-q%c9%99d%c9%99r\/#primaryimage"},"image":{"@id":"https:\/\/jam-news.net\/az\/tramp-v%c9%99-putin-danisiqlarina-reaksiya-anlamazliqdan-tutmus-q%c9%99z%c9%99b%c9%99-q%c9%99d%c9%99r\/#primaryimage"},"thumbnailUrl":"https:\/\/jam-news.net\/app\/uploads\/2020\/03\/5b4b45b8e758a.image_-3.jpg","datePublished":"2018-07-16T20:00:00+00:00","dateModified":"2021-02-09T07:46:40+00:00","breadcrumb":{"@id":"https:\/\/jam-news.net\/az\/tramp-v%c9%99-putin-danisiqlarina-reaksiya-anlamazliqdan-tutmus-q%c9%99z%c9%99b%c9%99-q%c9%99d%c9%99r\/#breadcrumb"},"inLanguage":"az","potentialAction":[{"@type":"ReadAction","target":["https:\/\/jam-news.net\/az\/tramp-v%c9%99-putin-danisiqlarina-reaksiya-anlamazliqdan-tutmus-q%c9%99z%c9%99b%c9%99-q%c9%99d%c9%99r\/"]}]},{"@type":"ImageObject","inLanguage":"az","@id":"https:\/\/jam-news.net\/az\/tramp-v%c9%99-putin-danisiqlarina-reaksiya-anlamazliqdan-tutmus-q%c9%99z%c9%99b%c9%99-q%c9%99d%c9%99r\/#primaryimage","url":"https:\/\/jam-news.net\/app\/uploads\/2020\/03\/5b4b45b8e758a.image_-3.jpg","contentUrl":"https:\/\/jam-news.net\/app\/uploads\/2020\/03\/5b4b45b8e758a.image_-3.jpg","width":1200,"height":800},{"@type":"BreadcrumbList","@id":"https:\/\/jam-news.net\/az\/tramp-v%c9%99-putin-danisiqlarina-reaksiya-anlamazliqdan-tutmus-q%c9%99z%c9%99b%c9%99-q%c9%99d%c9%99r\/#breadcrumb","itemListElement":[{"@type":"ListItem","position":1,"name":"Home","item":"https:\/\/jam-news.net\/az\/"},{"@type":"ListItem","position":2,"name":"Tramp v\u0259 Putin dan\u0131\u015f\u0131qlar\u0131na reaksiya: anlamazl\u0131qdan tutmu\u015f q\u0259z\u0259b\u0259 q\u0259d\u0259r"}]},{"@type":"WebSite","@id":"https:\/\/jam-news.net\/az\/#website","url":"https:\/\/jam-news.net\/az\/","name":"Azerbaijani Jamnews","description":"Caucasus News, Politics and Society","publisher":{"@id":"https:\/\/jam-news.net\/az\/#organization"},"potentialAction":[{"@type":"SearchAction","target":{"@type":"EntryPoint","urlTemplate":"https:\/\/jam-news.net\/az\/?s={search_term_string}"},"query-input":{"@type":"PropertyValueSpecification","valueRequired":true,"valueName":"search_term_string"}}],"inLanguage":"az"},{"@type":"Organization","@id":"https:\/\/jam-news.net\/az\/#organization","name":"JAMnews","url":"https:\/\/jam-news.net\/az\/","logo":{"@type":"ImageObject","inLanguage":"az","@id":"https:\/\/jam-news.net\/az\/#\/schema\/logo\/image\/","url":"https:\/\/jam-news.net\/app\/uploads\/2020\/05\/JAM_w.jpg","contentUrl":"https:\/\/jam-news.net\/app\/uploads\/2020\/05\/JAM_w.jpg","width":960,"height":960,"caption":"JAMnews"},"image":{"@id":"https:\/\/jam-news.net\/az\/#\/schema\/logo\/image\/"},"sameAs":["https:\/\/www.facebook.com\/JAMnewsInEnglish\/","https:\/\/x.com\/JAMnewsCaucasus","https:\/\/www.instagram.com\/jam_news\/","https:\/\/www.youtube.com\/channel\/UCXQbUCme2pykuZYXWHx4VPg"]},{"@type":"Person","@id":"https:\/\/jam-news.net\/az\/#\/schema\/person\/67df3bb7adb46cd513fb9c4cb02361c6","name":"JAMnews","image":{"@type":"ImageObject","inLanguage":"az","@id":"https:\/\/jam-news.net\/az\/#\/schema\/person\/image\/","url":"https:\/\/secure.gravatar.com\/avatar\/e5c27593ef900c3ab3deed4ed1c653d7?s=96&d=mm&r=g","contentUrl":"https:\/\/secure.gravatar.com\/avatar\/e5c27593ef900c3ab3deed4ed1c653d7?s=96&d=mm&r=g","caption":"JAMnews"},"url":"https:\/\/jam-news.net\/az\/author\/margarita\/"}]}},"_links":{"self":[{"href":"https:\/\/jam-news.net\/az\/wp-json\/wp\/v2\/posts\/8795","targetHints":{"allow":["GET"]}}],"collection":[{"href":"https:\/\/jam-news.net\/az\/wp-json\/wp\/v2\/posts"}],"about":[{"href":"https:\/\/jam-news.net\/az\/wp-json\/wp\/v2\/types\/post"}],"author":[{"embeddable":true,"href":"https:\/\/jam-news.net\/az\/wp-json\/wp\/v2\/users\/3"}],"replies":[{"embeddable":true,"href":"https:\/\/jam-news.net\/az\/wp-json\/wp\/v2\/comments?post=8795"}],"version-history":[{"count":1,"href":"https:\/\/jam-news.net\/az\/wp-json\/wp\/v2\/posts\/8795\/revisions"}],"predecessor-version":[{"id":14500,"href":"https:\/\/jam-news.net\/az\/wp-json\/wp\/v2\/posts\/8795\/revisions\/14500"}],"wp:featuredmedia":[{"embeddable":true,"href":"https:\/\/jam-news.net\/az\/wp-json\/wp\/v2\/media\/21394"}],"wp:attachment":[{"href":"https:\/\/jam-news.net\/az\/wp-json\/wp\/v2\/media?parent=8795"}],"wp:term":[{"taxonomy":"category","embeddable":true,"href":"https:\/\/jam-news.net\/az\/wp-json\/wp\/v2\/categories?post=8795"},{"taxonomy":"post_tag","embeddable":true,"href":"https:\/\/jam-news.net\/az\/wp-json\/wp\/v2\/tags?post=8795"},{"taxonomy":"formation","embeddable":true,"href":"https:\/\/jam-news.net\/az\/wp-json\/wp\/v2\/formation?post=8795"},{"taxonomy":"post-author","embeddable":true,"href":"https:\/\/jam-news.net\/az\/wp-json\/wp\/v2\/post-author?post=8795"},{"taxonomy":"topic","embeddable":true,"href":"https:\/\/jam-news.net\/az\/wp-json\/wp\/v2\/topic?post=8795"},{"taxonomy":"tooltip","embeddable":true,"href":"https:\/\/jam-news.net\/az\/wp-json\/wp\/v2\/tooltip?post=8795"},{"taxonomy":"city","embeddable":true,"href":"https:\/\/jam-news.net\/az\/wp-json\/wp\/v2\/city?post=8795"}],"curies":[{"name":"wp","href":"https:\/\/api.w.org\/{rel}","templated":true}]}}