{"id":87347,"date":"2024-05-01T21:10:33","date_gmt":"2024-05-01T17:10:33","guid":{"rendered":"https:\/\/jam-news.net\/az\/?p=87347"},"modified":"2024-05-02T04:48:05","modified_gmt":"2024-05-02T00:48:05","slug":"az%c9%99rbaycanda-siyasi-h%c9%99bsl%c9%99r-5","status":"publish","type":"post","link":"https:\/\/jam-news.net\/az\/az%c9%99rbaycanda-siyasi-h%c9%99bsl%c9%99r-5\/","title":{"rendered":"Beyn\u0259lxalq t\u0259\u015fkilatlar Anar M\u0259mm\u0259dlini azad etm\u0259y\u0259 \u00e7a\u011f\u0131r\u0131rlar"},"content":{"rendered":"\n<p style=\"font-size:8px\"><em>Az\u0259rbaycanda siyasi h\u0259bsl\u0259r<\/em><\/p>\n\n\n\n<p>Se\u00e7kil\u0259rin Monitorinqi v\u0259 Demokratiyan\u0131n T\u0259drisi M\u0259rk\u0259zinin r\u0259hb\u0259ri Anar M\u0259mm\u0259dlinin ilkin h\u0259bsi bar\u0259d\u0259 q\u0259rardan Apellyasiya M\u0259hk\u0259m\u0259sin\u0259 \u015fikay\u0259t veril\u0259c\u0259k. Bu haqda onun v\u0259kill\u0259rind\u0259n biri Cavad Cavadov <a href=\"https:\/\/turan.az\/az\/siyaset\/vekil-anar-memmedliye-qarsi-ittiham-abstraktdir\" target=\"_blank\" rel=\"noreferrer noopener\">bildirib<\/a>.<\/p>\n\n\n\n<p>M\u00fcdafi\u0259 t\u0259r\u0259fi M\u0259mm\u0259dlinin cinay\u0259t m\u0259suliyy\u0259tin\u0259 c\u0259lb edilm\u0259sini \u0259sass\u0131z hesab edir v\u0259 bildirir ki, ona qar\u015f\u0131 ir\u0259li s\u00fcr\u00fcl\u0259n ittiham \u201cabstraktd\u0131r\u201d.<\/p>\n\n\n\n<p>M\u0259mm\u0259dlinin h\u0259bsin\u0259 \u0259sas kimi 2021-2024-c\u00fc ill\u0259rd\u0259 Bak\u0131 aeroportundan g\u00f6mr\u00fck n\u0259zar\u0259tind\u0259n k\u0259nar xarici valyuta da\u015f\u0131mas\u0131 bar\u0259d\u0259 \u00fcmumi iddialar g\u00f6t\u00fcr\u00fcl\u00fcb. Lakin Cavadov qeyd edir ki, m\u0259bl\u0259\u011f, bunun n\u0259 vaxt v\u0259 hans\u0131 yolla edildiyi a\u00e7\u0131qlanm\u0131r.<\/p>\n\n\n\n<hr class=\"wp-block-separator has-alpha-channel-opacity\"\/>\n\n\n\n<ul class=\"wp-block-list\"><li><a href=\"https:\/\/jam-news.net\/az\/simal-c%c9%99nub-n%c9%99qliyyat-d%c9%99hlizi\/\" target=\"_blank\" rel=\"noreferrer noopener\">\u015eimal-C\u0259nub n\u0259qliyyat d\u0259hlizi u\u011frunda r\u0259qab\u0259t. Bak\u0131dan bax\u0131\u015f<\/a><\/li><li><a href=\"https:\/\/jam-news.net\/az\/bask%c9%99nd-az%c9%99rbaycan-%c9%99razisind%c9%99-anklav\/\" target=\"_blank\" rel=\"noreferrer noopener\">Ba\u015fk\u0259nd \u2013 32 ildir bo\u015f qalan anklav<\/a><\/li><li><a href=\"https:\/\/jam-news.net\/az\/baki-bulvari-g%c9%99mi-g%c9%99zintil%c9%99ri\/\" target=\"_blank\" rel=\"noreferrer noopener\">Bak\u0131 bulvar\u0131nda bu il d\u0259 d\u0259niz g\u0259zintil\u0259ri m\u00fcmk\u00fcn olmayacaq&nbsp;<\/a><\/li><\/ul>\n\n\n\n<hr class=\"wp-block-separator has-alpha-channel-opacity\"\/>\n\n\n\n<p>M\u0259mm\u0259dli m\u0259hk\u0259m\u0259d\u0259 bildirib ki, 2022-ci il\u0259 q\u0259d\u0259r h\u0259r d\u0259f\u0259 giri\u015f-\u00e7\u0131x\u0131\u015f zaman\u0131 \u015f\u0259xsi g\u00f6mr\u00fck n\u0259zar\u0259tin\u0259 m\u0259ruz qal\u0131b v\u0259 onda maksimum 1000 dollar olub.<\/p>\n\n\n\n<p>\u201cDig\u0259r t\u0259r\u0259fd\u0259n, aeroportda ciddi n\u0259zar\u0259t sistemi var. \u018fg\u0259r baqaj \u015f\u00fcbh\u0259 do\u011furursa, yoxlama \u00fc\u00e7\u00fcn q\u0131rm\u0131z\u0131 lentl\u0259 i\u015far\u0259l\u0259nir. H\u0259m\u00e7inin hava liman\u0131ndan \u00e7\u0131xark\u0259n \u0259l y\u00fck\u00fcn\u00fcn yoxlan\u0131lmas\u0131 sistemi m\u00f6vcuddur. Odur ki, sistematik valyuta qa\u00e7aqmal\u00e7\u0131l\u0131\u011f\u0131 imkanlar\u0131 yoxdur. \u00dcst\u0259lik M\u0259mm\u0259dlinin h\u0259bsd\u0259 saxlan\u0131lmas\u0131 \u00fc\u00e7\u00fcn he\u00e7 bir prosessual \u0259sas da yoxdur. \u00c7\u00fcnki o, c\u0259miyy\u0259td\u0259 tan\u0131nm\u0131\u015f adamd\u0131r v\u0259 azadl\u0131qda olarsa, gizl\u0259n\u0259 bil\u0259c\u0259yin\u0259 dair s\u00fcbutlar t\u0259qdim olunmay\u0131b\u201d, &#8211; dey\u0259 v\u0259kil bildirib.<\/p>\n\n\n\n<p>M\u0259mm\u0259dlinin v\u0259 atas\u0131n\u0131n m\u0259nzilind\u0259 axtar\u0131\u015flara g\u0259linc\u0259, m\u00fcdafi\u0259 t\u0259r\u0259fi onlar\u0131 da \u0259sass\u0131z hesab edir. Axtar\u0131\u015flar zaman\u0131 m\u0259nzill\u0259rd\u0259n qanunazidd he\u00e7 n\u0259 g\u00f6t\u00fcr\u00fclm\u0259yib.<\/p>\n\n\n\n<p>Anar M\u0259mm\u0259dli aprelin 29-da \u201cAbzas Media\u201d i\u015fi \u00fczr\u0259 saxlan\u0131l\u0131b. Ona qar\u015f\u0131 Cinay\u0259t M\u0259c\u0259ll\u0259sinin 206.3.2 madd\u0259sil\u0259 (qabaqcadan \u0259lbir olan \u015f\u0259xsl\u0259r t\u0259r\u0259find\u0259n qa\u00e7aqmal\u00e7\u0131l\u0131q) ittiham ir\u0259li s\u00fcr\u00fcl\u00fcb. Bir g\u00fcn sonra m\u0259hk\u0259m\u0259 onun bar\u0259sind\u0259 4 aya yax\u0131n m\u00fcdd\u0259t\u0259 h\u0259bs q\u0259timkan t\u0259dbiri se\u00e7ib.<\/p>\n\n\n<article class=\"single-card uk-flex uk-flex-between m-b-sm-40\">\n\n  <div class=\"uk-grid wi-full-width\">\n\n    <div class=\"uk-width-2-3 p-t-sm-10\">\n      <a href=\"https:\/\/jam-news.net\/az\/az%c9%99rbaycanda-h%c9%99bsl%c9%99r-anar-m%c9%99mm%c9%99dli\/\" target=\"_blank\">\n\n\n\n\n\n        <h2 class=\"m-b-sm-23 wi-merriweather-light\">\n\tAz\u0259rbaycan. \u201cAbzas Media i\u015fi\u201d \u00fczr\u0259 s\u0259kkizinci h\u0259bs\n<\/h2>\n\n        <p class=\"paragraph-color-2 m-b-sm-10 m-b-xs-7\">\n  Bu d\u0259f\u0259 se\u00e7kil\u0259rin monitorinqil\u0259 m\u0259\u015f\u011ful olan tan\u0131nm\u0131\u015f h\u00fcquq m\u00fcdafi\u0259\u00e7isi Anar M\u0259mm\u0259dli h\u0259bs edilib, o da qa\u00e7aqmal\u00e7\u0131l\u0131qda ittiham olunur\n<\/p>\n      <\/a>\n    <\/div>\n    <div class=\"uk-width-1-3\">\n      <figure class=\"wi-full-height choose-post__img wi-merriweather-light\">\n  <a class=\"\" href=\"https:\/\/jam-news.net\/az\/az%c9%99rbaycanda-h%c9%99bsl%c9%99r-anar-m%c9%99mm%c9%99dli\/\">\n    <img decoding=\"async\" class=\"wi-full-height wi-ratio-img\" src=\"https:\/\/jam-news.net\/app\/uploads\/2024\/04\/Anar-Mammadli.jpg\" alt=\"\" uk-img \/>\n  <\/a>\n<\/figure>\n    <\/div>\n  <\/div>\n<\/article>\n\n\n\n<p>Beyn\u0259lxalq qurumlar r\u0259smi Bak\u0131n\u0131 tan\u0131nm\u0131\u015f h\u00fcquq m\u00fcdafi\u0259\u00e7isi v\u0259 ictimai f\u0259al Anar M\u0259mm\u0259dlini azad etm\u0259y\u0259 \u00e7a\u011f\u0131r\u0131rlar.<\/p>\n\n\n\n<p>\u201cBiz Anar M\u0259mm\u0259dlinin d\u0259rhal v\u0259 qeyd-\u015f\u0259rtsiz azad edilm\u0259sini t\u0259l\u0259b edirik\u201d, &#8211; Norve\u00e7 \u0130nsan H\u00fcquqlar\u0131 Evinin b\u0259yanat\u0131nda <a href=\"https:\/\/turan.az\/az\/siyaset\/beynelxalq-teskilatlar-anar-memmedlini-azad-etmeye-cagirirlar\" target=\"_blank\" rel=\"noreferrer noopener\">deyilir<\/a>.<\/p>\n\n\n\n<p>T\u0259\u015fkilat Az\u0259rbaycan hakimiyy\u0259tind\u0259n onun \u00fcz\u0259rind\u0259n b\u00fct\u00fcn ittihamlar\u0131 g\u00f6t\u00fcrm\u0259yi, beyn\u0259lxalq \u00f6hd\u0259likl\u0259r\u0259 h\u00f6rm\u0259t etm\u0259yi, Avropa \u0130nsan H\u00fcquqlar\u0131 M\u0259hk\u0259m\u0259sinin M\u0259mm\u0259dli qrupu \u00fczr\u0259 q\u0259rarlar\u0131n\u0131 yerin\u0259 yetirm\u0259yi, \u00f6lk\u0259d\u0259 m\u00fcst\u0259qil s\u0259sl\u0259rin t\u0259qibin\u0259 son qoyma\u011f\u0131 v\u0259 b\u00fct\u00fcn siyasi m\u0259hbuslar\u0131 azad etm\u0259yi, m\u00fcst\u0259qil v\u0259t\u0259nda\u015f c\u0259miyy\u0259tinin v\u0259 k\u00fctl\u0259vi informasiya vasit\u0259l\u0259rinin h\u00fcquqlar\u0131na h\u00f6rm\u0259t etm\u0259yi t\u0259l\u0259b edir.<\/p>\n\n\n\n<p>\u201cBiz Birl\u0259\u015fmi\u015f Mill\u0259tl\u0259r T\u0259\u015fkilat\u0131n\u0131&nbsp; v\u0259 Avropa \u015euras\u0131n\u0131, el\u0259c\u0259 d\u0259 Avropa \u0130ttifaq\u0131n\u0131 bundan \u00f6tr\u00fc Bak\u0131da COP29-dan istifad\u0259 etm\u0259y\u0259 \u00e7a\u011f\u0131r\u0131r\u0131q\u201d, &#8211; b\u0259yanatda deyilir.<\/p>\n\n\n\n<p>\u00d6z n\u00f6vb\u0259sind\u0259 Amnesty International t\u0259\u015fkilat\u0131n\u0131n C\u0259nubi Qafqaz \u00fczr\u0259 t\u0259dqiqat\u00e7\u0131s\u0131 Natali Notadze \u00f6z t\u0259\u015fkilat\u0131 ad\u0131ndan Anar M\u0259mm\u0259dlinin d\u0259rhal azad edilm\u0259sin\u0259 \u00e7a\u011f\u0131r\u0131b.<\/p>\n\n\n\n<p>\u201cHakimiyy\u0259t v\u0259t\u0259nda\u015f c\u0259miyy\u0259tinin qorxudulmas\u0131 kampaniyas\u0131n\u0131 d\u0259rhal dayand\u0131rmal\u0131 v\u0259 noyabrda Bak\u0131da ke\u00e7iril\u0259c\u0259k COP29 \u0259r\u0259f\u0259sind\u0259 \u00f6z t\u0259nqid\u00e7il\u0259rini saxlama\u011fa son qoymal\u0131d\u0131r.<\/p>\n\n\n\n<p>Anar M\u0259mm\u0259dlinin h\u0259bsi h\u00f6kum\u0259tin t\u0259nqid\u00e7il\u0259rini susdurmaq \u00fc\u00e7\u00fcn \u0259dal\u0259t m\u00fchakim\u0259sind\u0259n sui-istifad\u0259 hallar\u0131n\u0131n g\u00f6st\u0259ricisidir. Qanunsuz axtar\u0131\u015flar, v\u0259kill\u0259rl\u0259 \u0259laq\u0259nin m\u0259hdudla\u015fd\u0131r\u0131lmas\u0131, h\u0259bsd\u0259 i\u015fg\u0259nc\u0259 v\u0259 pis r\u0259ftar, habel\u0259 \u00f6zba\u015f\u0131na h\u0259bsl\u0259r m\u00fcxalif\u0259ti susdurmaq c\u0259hdidir\u201d, &#8211; dey\u0259 o qeyd edib.<\/p>\n\n\n<article class=\"single-card uk-flex uk-flex-between m-b-sm-40\">\n\n  <div class=\"uk-grid wi-full-width\">\n\n    <div class=\"uk-width-2-3 p-t-sm-10\">\n      <a href=\"https:\/\/jam-news.net\/az\/narkomanlari-v%c9%99-quldurlari-azad-etdil%c9%99r\/\" target=\"_blank\">\n\n\n\n\n\n        <h2 class=\"m-b-sm-23 wi-merriweather-light\">\n\t\u201cNarkomanlar\u201d\u0131 v\u0259 \u201cquldurlar\u201d\u0131 azad etdil\u0259r\n<\/h2>\n\n        <p class=\"paragraph-color-2 m-b-sm-10 m-b-xs-7\">\n  Az\u0259rbaycanda qeyri-adi s\u0259xav\u0259tli amnistiya\n<\/p>\n      <\/a>\n    <\/div>\n    <div class=\"uk-width-1-3\">\n      <figure class=\"wi-full-height choose-post__img wi-merriweather-light\">\n  <a class=\"\" href=\"https:\/\/jam-news.net\/az\/narkomanlari-v%c9%99-quldurlari-azad-etdil%c9%99r\/\">\n    <img decoding=\"async\" class=\"wi-full-height wi-ratio-img\" src=\"https:\/\/jam-news.net\/app\/uploads\/2016\/03\/anar.jpg\" alt=\"\" uk-img \/>\n  <\/a>\n<\/figure>\n    <\/div>\n  <\/div>\n<\/article>\n\n\n\n<p>Avropa \u015euras\u0131 Parlament Assambleyas\u0131n\u0131n Az\u0259rbaycan \u00fczr\u0259 \u00fc\u00e7 m\u0259ruz\u0259\u00e7isi \u201cAz\u0259rbaycan v\u0259t\u0259nda\u015f c\u0259miyy\u0259tinin liderl\u0259rind\u0259n biri Anar M\u0259mm\u0259dlinin\u201d h\u0259bsil\u0259 ba\u011fl\u0131 narahatl\u0131\u011f\u0131n\u0131 <a href=\"https:\/\/turan.az\/az\/siyaset\/avropa-surasi-parlament-assambleyasinin-meruzecileri-anar-memmedlinin-hebsini-tenqid-edirler\" target=\"_blank\" rel=\"noreferrer noopener\">ifad\u0259 edib<\/a>. Bu haqda Avropa \u015euras\u0131n\u0131n m\u0259tbuat xidm\u0259ti bildirib.<\/p>\n\n\n\n<p>\u201cC\u0259nab M\u0259mm\u0259dli Az\u0259rbaycanda se\u00e7kil\u0259rin m\u00fcst\u0259qil monitorinqini h\u0259yata ke\u00e7ir\u0259n Se\u00e7kil\u0259rin Monitorinqi v\u0259 Demokratiyan\u0131n T\u0259drisi M\u0259rk\u0259zinin t\u0259sis\u00e7il\u0259rind\u0259n biridir.<\/p>\n\n\n\n<p>2014-c\u00fc ilin sentyabr\u0131nda Avropa \u015euras\u0131 Parlament Assambleyas\u0131 onu Vatslav Havel insan h\u00fcquqlar\u0131 m\u00fckafat\u0131 il\u0259 t\u0259ltif edib\u201d, &#8211; Avropa \u015euras\u0131 Parlament Assambleyas\u0131n\u0131n Az\u0259rbaycanda monitorinq \u00fczr\u0259 m\u0259ruz\u0259\u00e7il\u0259ri Liz Kristoffersen (Norve\u00e7) v\u0259 Yan Liddel-Qreyncer (B\u00f6y\u00fck Britaniya), h\u0259m\u00e7inin \u201cAz\u0259rbaycanda jurnalistl\u0259rin v\u0259 h\u00fcquq m\u00fcdafi\u0259\u00e7il\u0259rinin h\u0259yat v\u0259 t\u0259hl\u00fck\u0259sizliyin\u0259 t\u0259hdid\u201d m\u00f6vzusunda m\u0259ruz\u0259\u00e7i Hanna Bardelin b\u0259yanat\u0131nda deyilir.<\/p>\n\n\n\n<p>Onlar M\u0259mm\u0259dlinin i\u015fin\u0259 yenid\u0259n bax\u0131lmas\u0131n\u0131n z\u0259ruriliyini qeyd edibl\u0259r.<\/p>\n\n\n\n<p>\u201cBiz C\u0259nab M\u0259mm\u0259dlinin yenid\u0259n saxlan\u0131lmas\u0131ndan \u00e7ox narahat\u0131q. Onun v\u0259kili bildirib ki, saxlanma \u201cAbzas Media\u201dn\u0131n bir s\u0131ra jurnalistin\u0259 qar\u015f\u0131 qald\u0131r\u0131lm\u0131\u015f cinay\u0259t i\u015fi il\u0259 \u0259laq\u0259dard\u0131r. M\u00fcst\u0259qil v\u0259t\u0259nda\u015f c\u0259miyy\u0259ti bu i\u015fi siyasi motivli hesab edir.<\/p>\n\n\n\n<p>Biz Az\u0259rbaycan hakimiyy\u0259tini bu i\u015f\u0259 d\u0259rhal yenid\u0259n baxma\u011fa v\u0259 d\u0259y\u0259rli h\u00fcquq-m\u00fcdafi\u0259 f\u0259aliyy\u0259tin\u0259 g\u00f6r\u0259 c\u0259nab M\u0259mm\u0259dlinin cinay\u0259t t\u0259qibin\u0259 m\u0259ruz qalmamas\u0131n\u0131 t\u0259min etm\u0259y\u0259 \u00e7a\u011f\u0131r\u0131r\u0131q\u201d, &#8211; m\u0259ruz\u0259\u00e7il\u0259r qeyd edibl\u0259r.<\/p>\n\n\n\n<p class=\"has-text-align-center has-black-background-color has-background has-medium-font-size\"><strong><span style=\"color:#ffffff\" class=\"color\"><strong>Bizi izl\u0259yin<\/strong> \u00a0\u2013<\/span>\u00a0 <strong><a href=\"https:\/\/twitter.com\/CAMXbr?s=20&amp;t=ocvC6IWtMT41iogtIUDqSQ\" target=\"_blank\" rel=\"noreferrer noopener\"><mark style=\"background-color:rgba(0, 0, 0, 0);color:#00acee\" class=\"has-inline-color\">Twitter<\/mark><\/a><\/strong>\u00a0|\u00a0<strong><a href=\"https:\/\/www.facebook.com\/Jamnyus\" target=\"_blank\" rel=\"noreferrer noopener\"><mark style=\"background-color:rgba(0, 0, 0, 0);color:#4267b2\" class=\"has-inline-color\">Facebok<\/mark><\/a><\/strong><mark style=\"background-color:rgba(0, 0, 0, 0);color:#4267b2\" class=\"has-inline-color\">\u00a0<\/mark>|<strong> <\/strong><a href=\"https:\/\/t.me\/jamnewsaz\" target=\"_blank\" rel=\"noreferrer noopener\"><strong><mark style=\"background-color:rgba(0, 0, 0, 0);color:#0088cc\" class=\"has-inline-color\">Telegram<\/mark><\/strong><\/a><\/strong><\/p>\n","protected":false},"excerpt":{"rendered":"<p>Beyn\u0259lxalq strukturlar r\u0259smi Bak\u0131n\u0131 tan\u0131nm\u0131\u015f az\u0259rbaycanl\u0131 h\u00fcquq m\u00fcdafi\u0259\u00e7isi v\u0259 ictimai f\u0259al\u0131 azad etm\u0259y\u0259 \u00e7a\u011f\u0131r\u0131r\u0131rlar<\/p>\n","protected":false},"author":3,"featured_media":87290,"comment_status":"closed","ping_status":"closed","sticky":false,"template":"","format":"standard","meta":{"_acf_changed":false,"footnotes":""},"categories":[17,25,50,5],"tags":[],"formation":[],"post-author":[2888],"topic":[4952],"tooltip":[],"city":[6041],"class_list":["post-87347","post","type-post","status-publish","format-standard","has-post-thumbnail","hentry","category-azrbaycan","category-cmiyyt","category-xbrlr","category-siyast","post-author-jamnews","topic-azrbaycan","city-baki"],"acf":[],"yoast_head":"<!-- This site is optimized with the Yoast SEO plugin v24.1 - https:\/\/yoast.com\/wordpress\/plugins\/seo\/ -->\n<title>Az\u0259rbaycanda siyasi h\u0259bsl\u0259r JAMnews<\/title>\n<meta name=\"description\" content=\"SMDT r\u0259hb\u0259ri Anar M\u0259mm\u0259dlinin ilkin h\u0259bsi bar\u0259d\u0259 q\u0259rardan Apellyasiya M\u0259hk\u0259m\u0259sin\u0259 \u015fikay\u0259t veril\u0259c\u0259k. Az\u0259rbaycanda siyasi h\u0259bsl\u0259r\" \/>\n<meta name=\"robots\" content=\"index, follow, max-snippet:-1, max-image-preview:large, max-video-preview:-1\" \/>\n<link rel=\"canonical\" href=\"https:\/\/jam-news.net\/az\/az\u0259rbaycanda-siyasi-h\u0259bsl\u0259r-5\/\" \/>\n<meta property=\"og:locale\" content=\"az_AZ\" \/>\n<meta property=\"og:type\" content=\"article\" \/>\n<meta property=\"og:title\" content=\"Beyn\u0259lxalq t\u0259\u015fkilatlar Anar M\u0259mm\u0259dlini azad etm\u0259y\u0259 \u00e7a\u011f\u0131r\u0131rlar\" \/>\n<meta property=\"og:description\" content=\"SMDT r\u0259hb\u0259ri Anar M\u0259mm\u0259dlinin ilkin h\u0259bsi bar\u0259d\u0259 q\u0259rardan Apellyasiya M\u0259hk\u0259m\u0259sin\u0259 \u015fikay\u0259t veril\u0259c\u0259k. Az\u0259rbaycanda siyasi h\u0259bsl\u0259r\" \/>\n<meta property=\"og:url\" content=\"https:\/\/jam-news.net\/az\/az\u0259rbaycanda-siyasi-h\u0259bsl\u0259r-5\/\" \/>\n<meta property=\"og:site_name\" content=\"Azerbaijani Jamnews\" \/>\n<meta property=\"article:publisher\" content=\"https:\/\/www.facebook.com\/JAMnewsInEnglish\/\" \/>\n<meta property=\"article:published_time\" content=\"2024-05-01T17:10:33+00:00\" \/>\n<meta property=\"article:modified_time\" content=\"2024-05-02T00:48:05+00:00\" \/>\n<meta property=\"og:image\" content=\"https:\/\/jam-news.net\/app\/uploads\/2016\/03\/anar.jpg\" \/>\n\t<meta property=\"og:image:width\" content=\"1200\" \/>\n\t<meta property=\"og:image:height\" content=\"804\" \/>\n\t<meta property=\"og:image:type\" content=\"image\/jpeg\" \/>\n<meta name=\"author\" content=\"JAMnews\" \/>\n<meta name=\"twitter:card\" content=\"summary_large_image\" \/>\n<meta name=\"twitter:title\" content=\"Beyn\u0259lxalq t\u0259\u015fkilatlar Anar M\u0259mm\u0259dlini azad etm\u0259y\u0259 \u00e7a\u011f\u0131r\u0131rlar\" \/>\n<meta name=\"twitter:creator\" content=\"@JAMnewsCaucasus\" \/>\n<meta name=\"twitter:site\" content=\"@JAMnewsCaucasus\" \/>\n<meta name=\"twitter:label1\" content=\"Written by\" \/>\n\t<meta name=\"twitter:data1\" content=\"JAMnews\" \/>\n\t<meta name=\"twitter:label2\" content=\"Est. reading time\" \/>\n\t<meta name=\"twitter:data2\" content=\"4 minutes\" \/>\n<script type=\"application\/ld+json\" class=\"yoast-schema-graph\">{\"@context\":\"https:\/\/schema.org\",\"@graph\":[{\"@type\":\"Article\",\"@id\":\"https:\/\/jam-news.net\/az\/az%c9%99rbaycanda-siyasi-h%c9%99bsl%c9%99r-5\/#article\",\"isPartOf\":{\"@id\":\"https:\/\/jam-news.net\/az\/az%c9%99rbaycanda-siyasi-h%c9%99bsl%c9%99r-5\/\"},\"author\":{\"name\":\"JAMnews\",\"@id\":\"https:\/\/jam-news.net\/az\/#\/schema\/person\/67df3bb7adb46cd513fb9c4cb02361c6\"},\"headline\":\"Beyn\u0259lxalq t\u0259\u015fkilatlar Anar M\u0259mm\u0259dlini azad etm\u0259y\u0259 \u00e7a\u011f\u0131r\u0131rlar\",\"datePublished\":\"2024-05-01T17:10:33+00:00\",\"dateModified\":\"2024-05-02T00:48:05+00:00\",\"mainEntityOfPage\":{\"@id\":\"https:\/\/jam-news.net\/az\/az%c9%99rbaycanda-siyasi-h%c9%99bsl%c9%99r-5\/\"},\"wordCount\":1060,\"publisher\":{\"@id\":\"https:\/\/jam-news.net\/az\/#organization\"},\"image\":{\"@id\":\"https:\/\/jam-news.net\/az\/az%c9%99rbaycanda-siyasi-h%c9%99bsl%c9%99r-5\/#primaryimage\"},\"thumbnailUrl\":\"https:\/\/jam-news.net\/app\/uploads\/2016\/03\/anar.jpg\",\"articleSection\":[\"Azerbaijan\",\"Issues\",\"News\",\"Politics\"],\"inLanguage\":\"az\"},{\"@type\":\"WebPage\",\"@id\":\"https:\/\/jam-news.net\/az\/az%c9%99rbaycanda-siyasi-h%c9%99bsl%c9%99r-5\/\",\"url\":\"https:\/\/jam-news.net\/az\/az%c9%99rbaycanda-siyasi-h%c9%99bsl%c9%99r-5\/\",\"name\":\"Az\u0259rbaycanda siyasi h\u0259bsl\u0259r JAMnews\",\"isPartOf\":{\"@id\":\"https:\/\/jam-news.net\/az\/#website\"},\"primaryImageOfPage\":{\"@id\":\"https:\/\/jam-news.net\/az\/az%c9%99rbaycanda-siyasi-h%c9%99bsl%c9%99r-5\/#primaryimage\"},\"image\":{\"@id\":\"https:\/\/jam-news.net\/az\/az%c9%99rbaycanda-siyasi-h%c9%99bsl%c9%99r-5\/#primaryimage\"},\"thumbnailUrl\":\"https:\/\/jam-news.net\/app\/uploads\/2016\/03\/anar.jpg\",\"datePublished\":\"2024-05-01T17:10:33+00:00\",\"dateModified\":\"2024-05-02T00:48:05+00:00\",\"description\":\"SMDT r\u0259hb\u0259ri Anar M\u0259mm\u0259dlinin ilkin h\u0259bsi bar\u0259d\u0259 q\u0259rardan Apellyasiya M\u0259hk\u0259m\u0259sin\u0259 \u015fikay\u0259t veril\u0259c\u0259k. Az\u0259rbaycanda siyasi h\u0259bsl\u0259r\",\"breadcrumb\":{\"@id\":\"https:\/\/jam-news.net\/az\/az%c9%99rbaycanda-siyasi-h%c9%99bsl%c9%99r-5\/#breadcrumb\"},\"inLanguage\":\"az\",\"potentialAction\":[{\"@type\":\"ReadAction\",\"target\":[\"https:\/\/jam-news.net\/az\/az%c9%99rbaycanda-siyasi-h%c9%99bsl%c9%99r-5\/\"]}]},{\"@type\":\"ImageObject\",\"inLanguage\":\"az\",\"@id\":\"https:\/\/jam-news.net\/az\/az%c9%99rbaycanda-siyasi-h%c9%99bsl%c9%99r-5\/#primaryimage\",\"url\":\"https:\/\/jam-news.net\/app\/uploads\/2016\/03\/anar.jpg\",\"contentUrl\":\"https:\/\/jam-news.net\/app\/uploads\/2016\/03\/anar.jpg\",\"width\":1200,\"height\":804},{\"@type\":\"BreadcrumbList\",\"@id\":\"https:\/\/jam-news.net\/az\/az%c9%99rbaycanda-siyasi-h%c9%99bsl%c9%99r-5\/#breadcrumb\",\"itemListElement\":[{\"@type\":\"ListItem\",\"position\":1,\"name\":\"Home\",\"item\":\"https:\/\/jam-news.net\/az\/\"},{\"@type\":\"ListItem\",\"position\":2,\"name\":\"Beyn\u0259lxalq t\u0259\u015fkilatlar Anar M\u0259mm\u0259dlini azad etm\u0259y\u0259 \u00e7a\u011f\u0131r\u0131rlar\"}]},{\"@type\":\"WebSite\",\"@id\":\"https:\/\/jam-news.net\/az\/#website\",\"url\":\"https:\/\/jam-news.net\/az\/\",\"name\":\"Azerbaijani Jamnews\",\"description\":\"Caucasus News, Politics and Society\",\"publisher\":{\"@id\":\"https:\/\/jam-news.net\/az\/#organization\"},\"potentialAction\":[{\"@type\":\"SearchAction\",\"target\":{\"@type\":\"EntryPoint\",\"urlTemplate\":\"https:\/\/jam-news.net\/az\/?s={search_term_string}\"},\"query-input\":{\"@type\":\"PropertyValueSpecification\",\"valueRequired\":true,\"valueName\":\"search_term_string\"}}],\"inLanguage\":\"az\"},{\"@type\":\"Organization\",\"@id\":\"https:\/\/jam-news.net\/az\/#organization\",\"name\":\"JAMnews\",\"url\":\"https:\/\/jam-news.net\/az\/\",\"logo\":{\"@type\":\"ImageObject\",\"inLanguage\":\"az\",\"@id\":\"https:\/\/jam-news.net\/az\/#\/schema\/logo\/image\/\",\"url\":\"https:\/\/jam-news.net\/app\/uploads\/2020\/05\/JAM_w.jpg\",\"contentUrl\":\"https:\/\/jam-news.net\/app\/uploads\/2020\/05\/JAM_w.jpg\",\"width\":960,\"height\":960,\"caption\":\"JAMnews\"},\"image\":{\"@id\":\"https:\/\/jam-news.net\/az\/#\/schema\/logo\/image\/\"},\"sameAs\":[\"https:\/\/www.facebook.com\/JAMnewsInEnglish\/\",\"https:\/\/x.com\/JAMnewsCaucasus\",\"https:\/\/www.instagram.com\/jam_news\/\",\"https:\/\/www.youtube.com\/channel\/UCXQbUCme2pykuZYXWHx4VPg\"]},{\"@type\":\"Person\",\"@id\":\"https:\/\/jam-news.net\/az\/#\/schema\/person\/67df3bb7adb46cd513fb9c4cb02361c6\",\"name\":\"JAMnews\",\"image\":{\"@type\":\"ImageObject\",\"inLanguage\":\"az\",\"@id\":\"https:\/\/jam-news.net\/az\/#\/schema\/person\/image\/\",\"url\":\"https:\/\/secure.gravatar.com\/avatar\/e5c27593ef900c3ab3deed4ed1c653d7?s=96&d=mm&r=g\",\"contentUrl\":\"https:\/\/secure.gravatar.com\/avatar\/e5c27593ef900c3ab3deed4ed1c653d7?s=96&d=mm&r=g\",\"caption\":\"JAMnews\"},\"url\":\"https:\/\/jam-news.net\/az\/author\/margarita\/\"}]}<\/script>\n<!-- \/ Yoast SEO plugin. -->","yoast_head_json":{"title":"Az\u0259rbaycanda siyasi h\u0259bsl\u0259r JAMnews","description":"SMDT r\u0259hb\u0259ri Anar M\u0259mm\u0259dlinin ilkin h\u0259bsi bar\u0259d\u0259 q\u0259rardan Apellyasiya M\u0259hk\u0259m\u0259sin\u0259 \u015fikay\u0259t veril\u0259c\u0259k. Az\u0259rbaycanda siyasi h\u0259bsl\u0259r","robots":{"index":"index","follow":"follow","max-snippet":"max-snippet:-1","max-image-preview":"max-image-preview:large","max-video-preview":"max-video-preview:-1"},"canonical":"https:\/\/jam-news.net\/az\/az\u0259rbaycanda-siyasi-h\u0259bsl\u0259r-5\/","og_locale":"az_AZ","og_type":"article","og_title":"Beyn\u0259lxalq t\u0259\u015fkilatlar Anar M\u0259mm\u0259dlini azad etm\u0259y\u0259 \u00e7a\u011f\u0131r\u0131rlar","og_description":"SMDT r\u0259hb\u0259ri Anar M\u0259mm\u0259dlinin ilkin h\u0259bsi bar\u0259d\u0259 q\u0259rardan Apellyasiya M\u0259hk\u0259m\u0259sin\u0259 \u015fikay\u0259t veril\u0259c\u0259k. Az\u0259rbaycanda siyasi h\u0259bsl\u0259r","og_url":"https:\/\/jam-news.net\/az\/az\u0259rbaycanda-siyasi-h\u0259bsl\u0259r-5\/","og_site_name":"Azerbaijani Jamnews","article_publisher":"https:\/\/www.facebook.com\/JAMnewsInEnglish\/","article_published_time":"2024-05-01T17:10:33+00:00","article_modified_time":"2024-05-02T00:48:05+00:00","og_image":[{"width":1200,"height":804,"url":"https:\/\/jam-news.net\/app\/uploads\/2016\/03\/anar.jpg","type":"image\/jpeg"}],"author":"JAMnews","twitter_card":"summary_large_image","twitter_title":"Beyn\u0259lxalq t\u0259\u015fkilatlar Anar M\u0259mm\u0259dlini azad etm\u0259y\u0259 \u00e7a\u011f\u0131r\u0131rlar","twitter_creator":"@JAMnewsCaucasus","twitter_site":"@JAMnewsCaucasus","twitter_misc":{"Written by":"JAMnews","Est. reading time":"4 minutes"},"schema":{"@context":"https:\/\/schema.org","@graph":[{"@type":"Article","@id":"https:\/\/jam-news.net\/az\/az%c9%99rbaycanda-siyasi-h%c9%99bsl%c9%99r-5\/#article","isPartOf":{"@id":"https:\/\/jam-news.net\/az\/az%c9%99rbaycanda-siyasi-h%c9%99bsl%c9%99r-5\/"},"author":{"name":"JAMnews","@id":"https:\/\/jam-news.net\/az\/#\/schema\/person\/67df3bb7adb46cd513fb9c4cb02361c6"},"headline":"Beyn\u0259lxalq t\u0259\u015fkilatlar Anar M\u0259mm\u0259dlini azad etm\u0259y\u0259 \u00e7a\u011f\u0131r\u0131rlar","datePublished":"2024-05-01T17:10:33+00:00","dateModified":"2024-05-02T00:48:05+00:00","mainEntityOfPage":{"@id":"https:\/\/jam-news.net\/az\/az%c9%99rbaycanda-siyasi-h%c9%99bsl%c9%99r-5\/"},"wordCount":1060,"publisher":{"@id":"https:\/\/jam-news.net\/az\/#organization"},"image":{"@id":"https:\/\/jam-news.net\/az\/az%c9%99rbaycanda-siyasi-h%c9%99bsl%c9%99r-5\/#primaryimage"},"thumbnailUrl":"https:\/\/jam-news.net\/app\/uploads\/2016\/03\/anar.jpg","articleSection":["Azerbaijan","Issues","News","Politics"],"inLanguage":"az"},{"@type":"WebPage","@id":"https:\/\/jam-news.net\/az\/az%c9%99rbaycanda-siyasi-h%c9%99bsl%c9%99r-5\/","url":"https:\/\/jam-news.net\/az\/az%c9%99rbaycanda-siyasi-h%c9%99bsl%c9%99r-5\/","name":"Az\u0259rbaycanda siyasi h\u0259bsl\u0259r JAMnews","isPartOf":{"@id":"https:\/\/jam-news.net\/az\/#website"},"primaryImageOfPage":{"@id":"https:\/\/jam-news.net\/az\/az%c9%99rbaycanda-siyasi-h%c9%99bsl%c9%99r-5\/#primaryimage"},"image":{"@id":"https:\/\/jam-news.net\/az\/az%c9%99rbaycanda-siyasi-h%c9%99bsl%c9%99r-5\/#primaryimage"},"thumbnailUrl":"https:\/\/jam-news.net\/app\/uploads\/2016\/03\/anar.jpg","datePublished":"2024-05-01T17:10:33+00:00","dateModified":"2024-05-02T00:48:05+00:00","description":"SMDT r\u0259hb\u0259ri Anar M\u0259mm\u0259dlinin ilkin h\u0259bsi bar\u0259d\u0259 q\u0259rardan Apellyasiya M\u0259hk\u0259m\u0259sin\u0259 \u015fikay\u0259t veril\u0259c\u0259k. Az\u0259rbaycanda siyasi h\u0259bsl\u0259r","breadcrumb":{"@id":"https:\/\/jam-news.net\/az\/az%c9%99rbaycanda-siyasi-h%c9%99bsl%c9%99r-5\/#breadcrumb"},"inLanguage":"az","potentialAction":[{"@type":"ReadAction","target":["https:\/\/jam-news.net\/az\/az%c9%99rbaycanda-siyasi-h%c9%99bsl%c9%99r-5\/"]}]},{"@type":"ImageObject","inLanguage":"az","@id":"https:\/\/jam-news.net\/az\/az%c9%99rbaycanda-siyasi-h%c9%99bsl%c9%99r-5\/#primaryimage","url":"https:\/\/jam-news.net\/app\/uploads\/2016\/03\/anar.jpg","contentUrl":"https:\/\/jam-news.net\/app\/uploads\/2016\/03\/anar.jpg","width":1200,"height":804},{"@type":"BreadcrumbList","@id":"https:\/\/jam-news.net\/az\/az%c9%99rbaycanda-siyasi-h%c9%99bsl%c9%99r-5\/#breadcrumb","itemListElement":[{"@type":"ListItem","position":1,"name":"Home","item":"https:\/\/jam-news.net\/az\/"},{"@type":"ListItem","position":2,"name":"Beyn\u0259lxalq t\u0259\u015fkilatlar Anar M\u0259mm\u0259dlini azad etm\u0259y\u0259 \u00e7a\u011f\u0131r\u0131rlar"}]},{"@type":"WebSite","@id":"https:\/\/jam-news.net\/az\/#website","url":"https:\/\/jam-news.net\/az\/","name":"Azerbaijani Jamnews","description":"Caucasus News, Politics and Society","publisher":{"@id":"https:\/\/jam-news.net\/az\/#organization"},"potentialAction":[{"@type":"SearchAction","target":{"@type":"EntryPoint","urlTemplate":"https:\/\/jam-news.net\/az\/?s={search_term_string}"},"query-input":{"@type":"PropertyValueSpecification","valueRequired":true,"valueName":"search_term_string"}}],"inLanguage":"az"},{"@type":"Organization","@id":"https:\/\/jam-news.net\/az\/#organization","name":"JAMnews","url":"https:\/\/jam-news.net\/az\/","logo":{"@type":"ImageObject","inLanguage":"az","@id":"https:\/\/jam-news.net\/az\/#\/schema\/logo\/image\/","url":"https:\/\/jam-news.net\/app\/uploads\/2020\/05\/JAM_w.jpg","contentUrl":"https:\/\/jam-news.net\/app\/uploads\/2020\/05\/JAM_w.jpg","width":960,"height":960,"caption":"JAMnews"},"image":{"@id":"https:\/\/jam-news.net\/az\/#\/schema\/logo\/image\/"},"sameAs":["https:\/\/www.facebook.com\/JAMnewsInEnglish\/","https:\/\/x.com\/JAMnewsCaucasus","https:\/\/www.instagram.com\/jam_news\/","https:\/\/www.youtube.com\/channel\/UCXQbUCme2pykuZYXWHx4VPg"]},{"@type":"Person","@id":"https:\/\/jam-news.net\/az\/#\/schema\/person\/67df3bb7adb46cd513fb9c4cb02361c6","name":"JAMnews","image":{"@type":"ImageObject","inLanguage":"az","@id":"https:\/\/jam-news.net\/az\/#\/schema\/person\/image\/","url":"https:\/\/secure.gravatar.com\/avatar\/e5c27593ef900c3ab3deed4ed1c653d7?s=96&d=mm&r=g","contentUrl":"https:\/\/secure.gravatar.com\/avatar\/e5c27593ef900c3ab3deed4ed1c653d7?s=96&d=mm&r=g","caption":"JAMnews"},"url":"https:\/\/jam-news.net\/az\/author\/margarita\/"}]}},"_links":{"self":[{"href":"https:\/\/jam-news.net\/az\/wp-json\/wp\/v2\/posts\/87347","targetHints":{"allow":["GET"]}}],"collection":[{"href":"https:\/\/jam-news.net\/az\/wp-json\/wp\/v2\/posts"}],"about":[{"href":"https:\/\/jam-news.net\/az\/wp-json\/wp\/v2\/types\/post"}],"author":[{"embeddable":true,"href":"https:\/\/jam-news.net\/az\/wp-json\/wp\/v2\/users\/3"}],"replies":[{"embeddable":true,"href":"https:\/\/jam-news.net\/az\/wp-json\/wp\/v2\/comments?post=87347"}],"version-history":[{"count":3,"href":"https:\/\/jam-news.net\/az\/wp-json\/wp\/v2\/posts\/87347\/revisions"}],"predecessor-version":[{"id":87373,"href":"https:\/\/jam-news.net\/az\/wp-json\/wp\/v2\/posts\/87347\/revisions\/87373"}],"wp:featuredmedia":[{"embeddable":true,"href":"https:\/\/jam-news.net\/az\/wp-json\/wp\/v2\/media\/87290"}],"wp:attachment":[{"href":"https:\/\/jam-news.net\/az\/wp-json\/wp\/v2\/media?parent=87347"}],"wp:term":[{"taxonomy":"category","embeddable":true,"href":"https:\/\/jam-news.net\/az\/wp-json\/wp\/v2\/categories?post=87347"},{"taxonomy":"post_tag","embeddable":true,"href":"https:\/\/jam-news.net\/az\/wp-json\/wp\/v2\/tags?post=87347"},{"taxonomy":"formation","embeddable":true,"href":"https:\/\/jam-news.net\/az\/wp-json\/wp\/v2\/formation?post=87347"},{"taxonomy":"post-author","embeddable":true,"href":"https:\/\/jam-news.net\/az\/wp-json\/wp\/v2\/post-author?post=87347"},{"taxonomy":"topic","embeddable":true,"href":"https:\/\/jam-news.net\/az\/wp-json\/wp\/v2\/topic?post=87347"},{"taxonomy":"tooltip","embeddable":true,"href":"https:\/\/jam-news.net\/az\/wp-json\/wp\/v2\/tooltip?post=87347"},{"taxonomy":"city","embeddable":true,"href":"https:\/\/jam-news.net\/az\/wp-json\/wp\/v2\/city?post=87347"}],"curies":[{"name":"wp","href":"https:\/\/api.w.org\/{rel}","templated":true}]}}