{"id":87147,"date":"2024-04-27T11:46:00","date_gmt":"2024-04-27T07:46:00","guid":{"rendered":"https:\/\/jam-news.net\/az\/?p=87147"},"modified":"2024-04-27T20:25:14","modified_gmt":"2024-04-27T16:25:14","slug":"baki-bulvari-g%c9%99mi-g%c9%99zintil%c9%99ri","status":"publish","type":"post","link":"https:\/\/jam-news.net\/az\/baki-bulvari-g%c9%99mi-g%c9%99zintil%c9%99ri\/","title":{"rendered":"Bak\u0131 bulvar\u0131nda bu il d\u0259 d\u0259niz g\u0259zintil\u0259ri m\u00fcmk\u00fcn olmayacaq\u00a0"},"content":{"rendered":"\n<p style=\"font-size:8px\"><em>Bak\u0131 bulvar\u0131 \u2013 g\u0259mi g\u0259zintil\u0259ri<\/em><\/p>\n\n\n\n<p>Bak\u0131 bulvar\u0131. G\u00fcnorta saatlar\u0131. Hava g\u00fcn\u0259\u015flidir. Bak\u0131 sakinl\u0259ri q\u0131\u015f\u0131n yorucu soyu\u011fundan \u00e7\u0131x\u0131b yenid\u0259n bulvara \u00fcz tutublar. \u018ftrafda adamlar iki-iki, \u00fc\u00e7-\u00fc\u00e7 X\u0259z\u0259r sahili boyu g\u0259zi\u015firl\u0259r.&nbsp;<\/p>\n\n\n\n<p>Ad\u0259t\u0259n bel\u0259 havalarda insanlar&nbsp;bulvar\u0131n \u0259n \u00f6n\u0259mli simvollar\u0131ndan say\u0131lan g\u0259zinti g\u0259mil\u0259ril\u0259 s\u0259yah\u0259t\u0259 \u00e7\u0131xa bilirdil\u0259r. Amma yenic\u0259 veril\u0259n r\u0259smi m\u0259lumata g\u00f6r\u0259, bu il d\u0259 \u015f\u0259h\u0259r sakinl\u0259ri v\u0259 qonaqlar Bak\u0131 bulvar\u0131n\u0131n \u0259v\u0259zedilm\u0259z istirah\u0259tind\u0259n \u2013 d\u0259niz g\u0259zintil\u0259rind\u0259n yararlana bilm\u0259y\u0259c\u0259kl\u0259r.<\/p>\n\n\n\n<figure class=\"wp-block-image size-large is-style-medium-width-image\"><img loading=\"lazy\" decoding=\"async\" width=\"1024\" height=\"768\" src=\"https:\/\/jam-news.net\/app\/uploads\/2024\/04\/6-2-1024x768.jpg\" alt=\"Bak\u0131 bulvar\u0131 \u2013 g\u0259mi g\u0259zintil\u0259ri\" class=\"wp-image-87139\" srcset=\"https:\/\/jam-news.net\/app\/uploads\/2024\/04\/6-2-1024x768.jpg 1024w, https:\/\/jam-news.net\/app\/uploads\/2024\/04\/6-2-300x225.jpg 300w, https:\/\/jam-news.net\/app\/uploads\/2024\/04\/6-2-768x576.jpg 768w, https:\/\/jam-news.net\/app\/uploads\/2024\/04\/6-2.jpg 1224w\" sizes=\"auto, (max-width: 1024px) 100vw, 1024px\" \/><\/figure>\n\n\n\n<p>2022-ci ilin oktyabr\u0131na q\u0259d\u0259r arzu ed\u0259nl\u0259r 5-10 manat aras\u0131 \u00f6d\u0259ni\u015f etm\u0259kl\u0259 X\u0259z\u0259r d\u0259nizind\u0259 30 d\u0259qiq\u0259 davam ed\u0259n g\u0259zintil\u0259r\u0259 \u00e7\u0131xa bilirdi. Bu s\u0259yah\u0259tl\u0259ri D\u0259nizk\u0259nar\u0131 Bulvar \u0130dar\u0259sinin balans\u0131nda f\u0259aliyy\u0259t g\u00f6st\u0259r\u0259n 60 n\u0259f\u0259rlik \u201c\u015e\u0259f\u0259q\u201d v\u0259 450 n\u0259f\u0259rlik \u201cMirvari\u201d adl\u0131 iki g\u0259zinti g\u0259misi h\u0259yata ke\u00e7irirdi.&nbsp;<\/p>\n\n\n\n<p>\u0130ki il yar\u0131md\u0131r ki, bu g\u0259mil\u0259r bulvar k\u0259nar\u0131nda l\u00f6vb\u0259r sal\u0131b, h\u0259r\u0259k\u0259tsiz qal\u0131blar.&nbsp;<\/p>\n\n\n\n<h2 class=\"wp-block-heading\"><strong>X\u0259z\u0259rd\u0259 suyun s\u0259viyy\u0259si azal\u0131b&nbsp;<\/strong><\/h2>\n\n\n\n<p>D\u0259nizk\u0259nar\u0131 Bulvar \u0130dar\u0259sinin M\u0259tbuat Xidm\u0259tinin yayd\u0131\u011f\u0131 m\u0259lumata g\u00f6r\u0259, X\u0259z\u0259r d\u0259nizinin s\u0259viyy\u0259sinin enm\u0259si v\u0259 suyun sahild\u0259n geriy\u0259 \u00e7\u0259kilm\u0259si il\u0259 \u0259laq\u0259dar g\u0259zinti g\u0259mil\u0259ri m\u00fcv\u0259qq\u0259ti olaraq i\u015fl\u0259mir:&nbsp;<\/p>\n\n\n\n<p><em>\u201cS\u0259rni\u015finl\u0259rin t\u0259hl\u00fck\u0259sizliyinin t\u0259min edilm\u0259si m\u0259qs\u0259dil\u0259 haz\u0131rda g\u0259zinti g\u0259mil\u0259rinin i\u015fl\u0259m\u0259si qeyri-m\u00fcmk\u00fcnd\u00fcr. Aidiyyat\u0131 qurumlarla m\u00fczakir\u0259l\u0259rd\u0259n sonra g\u0259mil\u0259r \u00fc\u00e7\u00fcn yeni mar\u015frut x\u0259tti m\u00fc\u0259yy\u0259nl\u0259\u015f\u0259 bil\u0259r. Biz d\u0259 onun yenid\u0259n f\u0259aliyy\u0259t g\u00f6st\u0259rm\u0259sini ist\u0259yirik\u201d,<\/em> &#8211; a\u00e7\u0131qlamada deyilir.&nbsp;<\/p>\n\n\n\n<h2 class=\"wp-block-heading\"><strong>\u201cG\u00fcnd\u0259 30-40 adam g\u0259mil\u0259rin taleyi bar\u0259d\u0259 soru\u015fur\u201d&nbsp;<\/strong><\/h2>\n\n\n\n<p><span style=\"font-size: revert; color: initial;\">Sahilin g\u0259mil\u0259rin dayand\u0131\u011f\u0131 v\u0259 s\u0259rni\u015finl\u0259rin platformaya q\u0259bul edildiyi hiss\u0259sin\u0259 giri\u015f-\u00e7\u0131x\u0131\u015f da m\u0259hdudla\u015fd\u0131r\u0131l\u0131b. Uzaqdan \u201cMirvari\u201d adl\u0131 g\u0259zinti g\u0259misi g\u00f6z\u0259 d\u0259yir.&nbsp;&nbsp;<\/span><\/p>\n\n\n\n<figure class=\"wp-block-image size-large is-style-medium-width-image\"><img loading=\"lazy\" decoding=\"async\" width=\"1024\" height=\"768\" src=\"https:\/\/jam-news.net\/app\/uploads\/2024\/04\/1-7-1024x768.jpg\" alt=\"Bak\u0131 bulvar\u0131 \u2013 g\u0259mi g\u0259zintil\u0259ri\" class=\"wp-image-87142\" srcset=\"https:\/\/jam-news.net\/app\/uploads\/2024\/04\/1-7-1024x768.jpg 1024w, https:\/\/jam-news.net\/app\/uploads\/2024\/04\/1-7-300x225.jpg 300w, https:\/\/jam-news.net\/app\/uploads\/2024\/04\/1-7-768x576.jpg 768w, https:\/\/jam-news.net\/app\/uploads\/2024\/04\/1-7.jpg 1224w\" sizes=\"auto, (max-width: 1024px) 100vw, 1024px\" \/><\/figure>\n\n\n\n<figure class=\"wp-block-image size-large is-style-medium-width-image\"><img loading=\"lazy\" decoding=\"async\" width=\"1024\" height=\"768\" src=\"https:\/\/jam-news.net\/app\/uploads\/2024\/04\/4-2-1024x768.jpg\" alt=\"Bak\u0131 bulvar\u0131 \u2013 g\u0259mi g\u0259zintil\u0259ri\" class=\"wp-image-87140\" srcset=\"https:\/\/jam-news.net\/app\/uploads\/2024\/04\/4-2-1024x768.jpg 1024w, https:\/\/jam-news.net\/app\/uploads\/2024\/04\/4-2-300x225.jpg 300w, https:\/\/jam-news.net\/app\/uploads\/2024\/04\/4-2-768x576.jpg 768w, https:\/\/jam-news.net\/app\/uploads\/2024\/04\/4-2.jpg 1224w\" sizes=\"auto, (max-width: 1024px) 100vw, 1024px\" \/><\/figure>\n\n\n\n<figure class=\"wp-block-image size-large is-style-medium-width-image\"><img loading=\"lazy\" decoding=\"async\" width=\"1024\" height=\"768\" src=\"https:\/\/jam-news.net\/app\/uploads\/2024\/04\/2-11-1024x768.jpg\" alt=\"Bak\u0131 bulvar\u0131 \u2013 g\u0259mi g\u0259zintil\u0259ri\" class=\"wp-image-87141\" srcset=\"https:\/\/jam-news.net\/app\/uploads\/2024\/04\/2-11-1024x768.jpg 1024w, https:\/\/jam-news.net\/app\/uploads\/2024\/04\/2-11-300x225.jpg 300w, https:\/\/jam-news.net\/app\/uploads\/2024\/04\/2-11-768x576.jpg 768w, https:\/\/jam-news.net\/app\/uploads\/2024\/04\/2-11.jpg 1224w\" sizes=\"auto, (max-width: 1024px) 100vw, 1024px\" \/><\/figure>\n\n\n\n<p>\u018frazid\u0259 xidm\u0259t aparan bulvar m\u00fchafiz\u0259\u00e7il\u0259rind\u0259n biri deyir ki, az qala h\u0259r g\u00fcn g\u0259zinti g\u0259mil\u0259rinin yenid\u0259n f\u0259aliyy\u0259t\u0259 ba\u015flay\u0131b-ba\u015flamayaca\u011f\u0131 il\u0259 ba\u011fl\u0131 suallar\u0131 cavablamal\u0131 olur.&nbsp;<\/p>\n\n\n\n<p><em>\u201c\u018fsas\u0259n havalar isin\u0259nd\u0259n sonra g\u00fcnd\u0259 az\u0131 30-40 n\u0259f\u0259r g\u0259mil\u0259rin taleyi bar\u0259d\u0259 soru\u015fur. \u018fn \u00e7ox da u\u015faqlar\u0131n\u0131n t\u0259kidin\u0259 g\u00f6r\u0259 g\u0259miy\u0259 bilet axtaran valideynl\u0259r naraz\u0131l\u0131q edir. \u00c7\u00fcnki, h\u0259v\u0259sl\u0259 bulvara g\u0259lib, sonra g\u0259mil\u0259rin i\u015fl\u0259m\u0259diyini g\u00f6r\u00fcb m\u0259yus olurlar.&nbsp; A\u00e7\u0131\u011f\u0131, biz\u0259 d\u0259 d\u0259qiq bir tarix, v\u0259 ya mar\u015frut x\u0259ttinin d\u0259yi\u015fdiril\u0259c\u0259yil\u0259 ba\u011fl\u0131 m\u0259lumat verilm\u0259diyind\u0259n bu suallar\u0131 cavablamaqda \u00e7\u0259tinlik \u00e7\u0259kirik\u201d,<\/em> &#8211; m\u00fchafiz\u0259\u00e7i deyir.&nbsp;<\/p>\n\n\n\n<p>El\u0259 paytaxt sakinl\u0259ri v\u0259 \u015f\u0259h\u0259r qonaqlar\u0131n\u0131n b\u0259zil\u0259ri d\u0259 g\u0259zinti g\u0259mil\u0259rin\u0259 b\u00f6y\u00fck maraq oldu\u011funu v\u0259 onlar\u0131n f\u0259aliyy\u0259tl\u0259rinin b\u0259rpa edilm\u0259diyind\u0259n m\u0259yuslu\u011funu dil\u0259 g\u0259tirir.&nbsp;<\/p>\n\n\n\n<p><em>\u201cM\u0259n Bak\u0131da ya\u015fam\u0131ram. Qohumlar\u0131m\u0131n evin\u0259 bir-ne\u00e7\u0259 h\u0259ft\u0259lik qonaq g\u0259lmi\u015f\u0259m. Hava da yax\u015f\u0131 idi, dedim b\u0259lk\u0259 bulvarda g\u0259miy\u0259 bilet alaq. O da dedil\u0259r ki, g\u0259mil\u0259r&nbsp; \u00e7oxdand\u0131r i\u015fl\u0259mir. Yolum bir d\u0259 n\u0259 vaxt Bak\u0131ya d\u00fc\u015f\u0259r, bilmir\u0259m. Amma \u00fcmid edir\u0259m o vaxta q\u0259d\u0259r g\u0259mil\u0259rin f\u0259aliyy\u0259ti b\u0259rpa edil\u0259r\u201d,<\/em> &#8211; Bulvara g\u0259zintiy\u0259 \u00e7\u0131xan g\u0259nc q\u0131z dan\u0131\u015f\u0131r.&nbsp;<\/p>\n\n\n\n<h2 class=\"wp-block-heading\"><strong>\u201cX\u0259z\u0259rd\u0259 su s\u0259viyy\u0259sinin artmas\u0131 g\u00f6zl\u0259nilmir\u201d&nbsp;<\/strong><\/h2>\n\n\n\n<p>Ekspertl\u0259rin fikrinc\u0259, X\u0259z\u0259rd\u0259 su s\u0259viyy\u0259sinin bel\u0259 k\u0259skin azalmas\u0131nda qlobal iqlim d\u0259yi\u015fikliyi b\u00f6y\u00fck rol oynay\u0131r.&nbsp;<\/p>\n\n\n\n<p>Ekoloq Sadiq H\u0259s\u0259novun s\u00f6zl\u0259rin\u0259 g\u00f6r\u0259, X\u0259z\u0259r d\u0259nizind\u0259 su s\u0259viyy\u0259sinin azalmas\u0131 2000-ci ild\u0259n b\u0259ri artan x\u0259tt \u00fczr\u0259 davam edir.&nbsp;<\/p>\n\n\n<div class=\"wp-block-image\">\n<figure class=\"alignleft size-full is-resized\"><img loading=\"lazy\" decoding=\"async\" src=\"https:\/\/jam-news.net\/app\/uploads\/2024\/04\/1657006134_img-20220705-wa0001.jpg\" alt=\"\" class=\"wp-image-87143\" width=\"521\" height=\"434\" srcset=\"https:\/\/jam-news.net\/app\/uploads\/2024\/04\/1657006134_img-20220705-wa0001.jpg 720w, https:\/\/jam-news.net\/app\/uploads\/2024\/04\/1657006134_img-20220705-wa0001-300x250.jpg 300w\" sizes=\"auto, (max-width: 521px) 100vw, 521px\" \/><\/figure><\/div>\n\n\n<p><em>\u201cX\u0259z\u0259r d\u0259nizi \u00fcmumiyy\u0259tl\u0259 d\u00fcnya d\u0259niz s\u0259viyy\u0259sind\u0259n a\u015fa\u011f\u0131da yerl\u0259\u015fir v\u0259 2000-ci ild\u0259n b\u0259ridir ki, bu azalma davam edir.<\/em><\/p>\n\n\n\n<p><em>Bunun m\u00fcxt\u0259lif s\u0259b\u0259bl\u0259ri var. T\u0259bii ki, \u0259sas s\u0259b\u0259bl\u0259rd\u0259n biri qlobal iqlim d\u0259yi\u015fikliyidir. Tempraturun y\u00fcks\u0259lm\u0259sin\u0259 g\u00f6r\u0259 X\u0259z\u0259rd\u0259 buxarlanma h\u0259dd\u0259n \u00e7ox art\u0131b. Eyni zamanda b\u00fct\u00fcn \u00f6lk\u0259 \u00fczr\u0259 su ehtiyyatlar\u0131 azal\u0131b<\/em><em>,<\/em><em> k\u0259nd t\u0259s\u0259r\u00fcffat\u0131nda <\/em><em>is\u0259 <\/em><em>su s\u0259rfiyyat\u0131 h\u0259dd\u0259n \u00e7ox art\u0131b. K\u00fcr \u00e7ay\u0131 X\u0259z\u0259r<\/em><em>\u0259<\/em><em> \u00e7atm\u0131r. H\u0259tta b\u0259zi n\u00f6qt\u0259l\u0259rd\u0259<\/em><em>,<\/em><em> <\/em><em>\u0259ksin\u0259<\/em><em>,<\/em><em> X\u0259z\u0259rin sualar\u0131n\u0131n K\u00fcr\u0259 daxil olmas\u0131 m\u00fc\u015fahid\u0259 olunur.<\/em><\/p>\n\n\n\n<p><em>Bundan ba\u015fqa X\u0259z\u0259ri su il\u0259 t\u0259min ed\u0259n \u0259sas ehtiyatlardan biri d\u0259 Volqa \u00e7ay\u0131d\u0131r ki, orada da suyun s\u0259viyy\u0259si xeyli a\u015fa\u011f\u0131 d\u00fc\u015f\u00fcb.<\/em><\/p>\n\n\n\n<p><em>B\u00fct\u00fcn bu amill\u0259r birl\u0259\u015fib bu g\u00fcnk\u00fc m\u0259nz\u0259r\u0259ni yarad\u0131r<\/em><em>\u201d<\/em><em>,<\/em> &#8211; dey\u0259 ekoloq bildirir.&nbsp;<\/p>\n\n\n\n<p>Sadiq H\u0259s\u0259nov \u0259lav\u0259 edir ki, yax\u0131n zamanlarda X\u0259z\u0259rd\u0259 su s\u0259viyy\u0259sinin artmas\u0131na \u00fcmid yoxdur.&nbsp;<\/p>\n\n\n\n<figure class=\"wp-block-image size-large is-style-medium-width-image\"><img loading=\"lazy\" decoding=\"async\" width=\"1024\" height=\"768\" src=\"https:\/\/jam-news.net\/app\/uploads\/2024\/04\/5-2-1024x768.jpg\" alt=\"Bak\u0131 bulvar\u0131 \u2013 g\u0259mi g\u0259zintil\u0259ri\" class=\"wp-image-87144\" srcset=\"https:\/\/jam-news.net\/app\/uploads\/2024\/04\/5-2-1024x768.jpg 1024w, https:\/\/jam-news.net\/app\/uploads\/2024\/04\/5-2-300x225.jpg 300w, https:\/\/jam-news.net\/app\/uploads\/2024\/04\/5-2-768x576.jpg 768w, https:\/\/jam-news.net\/app\/uploads\/2024\/04\/5-2.jpg 1224w\" sizes=\"auto, (max-width: 1024px) 100vw, 1024px\" \/><\/figure>\n\n\n\n<p><em>\u201c<\/em><em>M\u00f6vzu \u0259traf\u0131nda apard\u0131\u011f\u0131m t\u0259dqiqat\u0131n n\u0259tic\u0259si bel\u0259 oldu ki, X\u0259z\u0259rd\u0259 v\u0259ziyy\u0259t h\u0259l\u0259 bir m\u00fcdd\u0259t d\u0259 bel\u0259 qalacaq. T\u0259dqiqat \u00e7\u0259r\u00e7iv\u0259sind\u0259 ara\u015fd\u0131rd\u0131\u011f\u0131m 20 elmi m\u0259qal\u0259nin c\u0259mi birind\u0259 X\u0259z\u0259rin su s\u0259viyy\u0259sinin yax\u0131n ill\u0259rd\u0259 artaca\u011f\u0131na pozitiv yana\u015f\u0131l\u0131r. Dig\u0259r 19 m\u0259qal\u0259 v\u0259 peyk m\u0259lumatlar\u0131 is\u0259 g\u00f6st\u0259rir ki, X\u0259z\u0259rd\u0259 suyun s\u0259viyy\u0259si n\u0259inki art<\/em><em>m<\/em><em>a<\/em><em>ya<\/em><em>caq, \u0259ksin\u0259<\/em><em>,<\/em><em> azalmaqda davam ed\u0259c\u0259k. \u00c7\u00fcnki, dediyim kimi iqlim d\u0259yi\u015fikliyi, \u0259halinin v\u0259 dolay\u0131 yolla su s\u0259r<\/em><em>f<\/em><em>iyyat\u0131n\u0131n artmas\u0131 X\u0259z\u0259ri suyla t\u0259min ed\u0259n ehtiyatlar\u0131n da azalmas\u0131na g\u0259tirib \u00e7\u0131xaracaq<\/em><em>\u201d<\/em><em>,<\/em> &#8211; ekoloq deyir.&nbsp;<\/p>\n\n\n\n<p>G\u00f6r\u00fcn\u0259n odur ki, X\u0259z\u0259rd\u0259 su s\u0259viyy\u0259si artmad\u0131qca onun sahill\u0259rind\u0259 g\u0259mi g\u0259zintil\u0259rinin d\u0259 tezlikl\u0259 b\u0259rpa edilm\u0259si g\u00f6zl\u0259nilmir. Paytaxt sakinl\u0259ri h\u0259l\u0259 bir az da bu xidm\u0259td\u0259n istifad\u0259 ed\u0259 bilm\u0259y\u0259c\u0259kl\u0259r.&nbsp;<\/p>\n\n\n\n<p class=\"has-text-align-center has-black-background-color has-background has-medium-font-size\"><strong><span style=\"color:#ffffff\" class=\"color\"><strong>Bizi izl\u0259yin<\/strong> \u00a0\u2013<\/span>\u00a0 <strong><a href=\"https:\/\/twitter.com\/CAMXbr?s=20&amp;t=ocvC6IWtMT41iogtIUDqSQ\" target=\"_blank\" rel=\"noreferrer noopener\"><mark style=\"background-color:rgba(0, 0, 0, 0);color:#00acee\" class=\"has-inline-color\">Twitter<\/mark><\/a><\/strong>\u00a0|\u00a0<strong><a href=\"https:\/\/www.facebook.com\/Jamnyus\" target=\"_blank\" rel=\"noreferrer noopener\"><mark style=\"background-color:rgba(0, 0, 0, 0);color:#4267b2\" class=\"has-inline-color\">Facebok<\/mark><\/a><\/strong><mark style=\"background-color:rgba(0, 0, 0, 0);color:#4267b2\" class=\"has-inline-color\">\u00a0<\/mark>|<strong> <\/strong><a href=\"https:\/\/t.me\/jamnewsaz\" target=\"_blank\" rel=\"noreferrer noopener\"><strong><mark style=\"background-color:rgba(0, 0, 0, 0);color:#0088cc\" class=\"has-inline-color\">Telegram<\/mark><\/strong><\/a><\/strong><\/p>\n","protected":false},"excerpt":{"rendered":"<p>Ekoloqlar deyirl\u0259r ki, yax\u0131n zamanda X\u0259z\u0259r d\u0259nizind\u0259 suyun s\u0259viyy\u0259sinin yenid\u0259n y\u00fcks\u0259lm\u0259si g\u00f6zl\u0259nilmir, \u0259ksin\u0259, azalma davam ed\u0259 bil\u0259r<\/p>\n","protected":false},"author":3,"featured_media":87138,"comment_status":"closed","ping_status":"closed","sticky":false,"template":"","format":"standard","meta":{"_acf_changed":false,"footnotes":""},"categories":[17,25,46,35],"tags":[],"formation":[4037],"post-author":[6153],"topic":[4952],"tooltip":[],"city":[6041],"class_list":["post-87147","post","type-post","status-publish","format-standard","has-post-thumbnail","hentry","category-azrbaycan","category-cmiyyt","category-fotohvalat","category-hekaylr","formation-photo","post-author-fatim-movlamli","topic-azrbaycan","city-baki"],"acf":[],"yoast_head":"<!-- This site is optimized with the Yoast SEO plugin v24.1 - https:\/\/yoast.com\/wordpress\/plugins\/seo\/ -->\n<title>Bak\u0131 bulvar\u0131 \u2013 g\u0259mi g\u0259zintil\u0259ri JAMnews<\/title>\n<meta name=\"description\" content=\"Bak\u0131 bulvar\u0131 \u2013 g\u0259mi g\u0259zintil\u0259ri. Bak\u0131 sakinl\u0259ri q\u0131\u015f\u0131n yorucu soyu\u011fundan \u00e7\u0131x\u0131b yenid\u0259n bulvara \u00fcz tutublar.\" \/>\n<meta name=\"robots\" content=\"index, follow, max-snippet:-1, max-image-preview:large, max-video-preview:-1\" \/>\n<link rel=\"canonical\" href=\"https:\/\/jam-news.net\/az\/baki-bulvari-g\u0259mi-g\u0259zintil\u0259ri\/\" \/>\n<meta property=\"og:locale\" content=\"az_AZ\" \/>\n<meta property=\"og:type\" content=\"article\" \/>\n<meta property=\"og:title\" content=\"Bak\u0131 bulvar\u0131nda bu il d\u0259 d\u0259niz g\u0259zintil\u0259ri m\u00fcmk\u00fcn olmayacaq\" \/>\n<meta property=\"og:description\" content=\"Bak\u0131 bulvar\u0131 \u2013 g\u0259mi g\u0259zintil\u0259ri. Bak\u0131 sakinl\u0259ri q\u0131\u015f\u0131n yorucu soyu\u011fundan \u00e7\u0131x\u0131b yenid\u0259n bulvara \u00fcz tutublar.\" \/>\n<meta property=\"og:url\" content=\"https:\/\/jam-news.net\/az\/baki-bulvari-g\u0259mi-g\u0259zintil\u0259ri\/\" \/>\n<meta property=\"og:site_name\" content=\"Azerbaijani Jamnews\" \/>\n<meta property=\"article:publisher\" content=\"https:\/\/www.facebook.com\/JAMnewsInEnglish\/\" \/>\n<meta property=\"article:published_time\" content=\"2024-04-27T07:46:00+00:00\" \/>\n<meta property=\"article:modified_time\" content=\"2024-04-27T16:25:14+00:00\" \/>\n<meta property=\"og:image\" content=\"https:\/\/jam-news.net\/app\/uploads\/2024\/04\/3-7.jpg\" \/>\n\t<meta property=\"og:image:width\" content=\"1224\" \/>\n\t<meta property=\"og:image:height\" content=\"918\" \/>\n\t<meta property=\"og:image:type\" content=\"image\/jpeg\" \/>\n<meta name=\"author\" content=\"JAMnews\" \/>\n<meta name=\"twitter:card\" content=\"summary_large_image\" \/>\n<meta name=\"twitter:title\" content=\"Bak\u0131 bulvar\u0131nda bu il d\u0259 d\u0259niz g\u0259zintil\u0259ri m\u00fcmk\u00fcn olmayacaq\" \/>\n<meta name=\"twitter:creator\" content=\"@JAMnewsCaucasus\" \/>\n<meta name=\"twitter:site\" content=\"@JAMnewsCaucasus\" \/>\n<meta name=\"twitter:label1\" content=\"Written by\" \/>\n\t<meta name=\"twitter:data1\" content=\"JAMnews\" \/>\n\t<meta name=\"twitter:label2\" content=\"Est. reading time\" \/>\n\t<meta name=\"twitter:data2\" content=\"5 minutes\" \/>\n<script type=\"application\/ld+json\" class=\"yoast-schema-graph\">{\"@context\":\"https:\/\/schema.org\",\"@graph\":[{\"@type\":\"Article\",\"@id\":\"https:\/\/jam-news.net\/az\/baki-bulvari-g%c9%99mi-g%c9%99zintil%c9%99ri\/#article\",\"isPartOf\":{\"@id\":\"https:\/\/jam-news.net\/az\/baki-bulvari-g%c9%99mi-g%c9%99zintil%c9%99ri\/\"},\"author\":{\"name\":\"JAMnews\",\"@id\":\"https:\/\/jam-news.net\/az\/#\/schema\/person\/67df3bb7adb46cd513fb9c4cb02361c6\"},\"headline\":\"Bak\u0131 bulvar\u0131nda bu il d\u0259 d\u0259niz g\u0259zintil\u0259ri m\u00fcmk\u00fcn olmayacaq\u00a0\",\"datePublished\":\"2024-04-27T07:46:00+00:00\",\"dateModified\":\"2024-04-27T16:25:14+00:00\",\"mainEntityOfPage\":{\"@id\":\"https:\/\/jam-news.net\/az\/baki-bulvari-g%c9%99mi-g%c9%99zintil%c9%99ri\/\"},\"wordCount\":1146,\"publisher\":{\"@id\":\"https:\/\/jam-news.net\/az\/#organization\"},\"image\":{\"@id\":\"https:\/\/jam-news.net\/az\/baki-bulvari-g%c9%99mi-g%c9%99zintil%c9%99ri\/#primaryimage\"},\"thumbnailUrl\":\"https:\/\/jam-news.net\/app\/uploads\/2024\/04\/3-7.jpg\",\"articleSection\":[\"Azerbaijan\",\"Issues\",\"Photo\",\"Stories\"],\"inLanguage\":\"az\"},{\"@type\":\"WebPage\",\"@id\":\"https:\/\/jam-news.net\/az\/baki-bulvari-g%c9%99mi-g%c9%99zintil%c9%99ri\/\",\"url\":\"https:\/\/jam-news.net\/az\/baki-bulvari-g%c9%99mi-g%c9%99zintil%c9%99ri\/\",\"name\":\"Bak\u0131 bulvar\u0131 \u2013 g\u0259mi g\u0259zintil\u0259ri JAMnews\",\"isPartOf\":{\"@id\":\"https:\/\/jam-news.net\/az\/#website\"},\"primaryImageOfPage\":{\"@id\":\"https:\/\/jam-news.net\/az\/baki-bulvari-g%c9%99mi-g%c9%99zintil%c9%99ri\/#primaryimage\"},\"image\":{\"@id\":\"https:\/\/jam-news.net\/az\/baki-bulvari-g%c9%99mi-g%c9%99zintil%c9%99ri\/#primaryimage\"},\"thumbnailUrl\":\"https:\/\/jam-news.net\/app\/uploads\/2024\/04\/3-7.jpg\",\"datePublished\":\"2024-04-27T07:46:00+00:00\",\"dateModified\":\"2024-04-27T16:25:14+00:00\",\"description\":\"Bak\u0131 bulvar\u0131 \u2013 g\u0259mi g\u0259zintil\u0259ri. Bak\u0131 sakinl\u0259ri q\u0131\u015f\u0131n yorucu soyu\u011fundan \u00e7\u0131x\u0131b yenid\u0259n bulvara \u00fcz tutublar.\",\"breadcrumb\":{\"@id\":\"https:\/\/jam-news.net\/az\/baki-bulvari-g%c9%99mi-g%c9%99zintil%c9%99ri\/#breadcrumb\"},\"inLanguage\":\"az\",\"potentialAction\":[{\"@type\":\"ReadAction\",\"target\":[\"https:\/\/jam-news.net\/az\/baki-bulvari-g%c9%99mi-g%c9%99zintil%c9%99ri\/\"]}]},{\"@type\":\"ImageObject\",\"inLanguage\":\"az\",\"@id\":\"https:\/\/jam-news.net\/az\/baki-bulvari-g%c9%99mi-g%c9%99zintil%c9%99ri\/#primaryimage\",\"url\":\"https:\/\/jam-news.net\/app\/uploads\/2024\/04\/3-7.jpg\",\"contentUrl\":\"https:\/\/jam-news.net\/app\/uploads\/2024\/04\/3-7.jpg\",\"width\":1224,\"height\":918,\"caption\":\"Bak\u0131 bulvar\u0131 \u2013 g\u0259mi g\u0259zintil\u0259ri\"},{\"@type\":\"BreadcrumbList\",\"@id\":\"https:\/\/jam-news.net\/az\/baki-bulvari-g%c9%99mi-g%c9%99zintil%c9%99ri\/#breadcrumb\",\"itemListElement\":[{\"@type\":\"ListItem\",\"position\":1,\"name\":\"Home\",\"item\":\"https:\/\/jam-news.net\/az\/\"},{\"@type\":\"ListItem\",\"position\":2,\"name\":\"Bak\u0131 bulvar\u0131nda bu il d\u0259 d\u0259niz g\u0259zintil\u0259ri m\u00fcmk\u00fcn olmayacaq\u00a0\"}]},{\"@type\":\"WebSite\",\"@id\":\"https:\/\/jam-news.net\/az\/#website\",\"url\":\"https:\/\/jam-news.net\/az\/\",\"name\":\"Azerbaijani Jamnews\",\"description\":\"Caucasus News, Politics and Society\",\"publisher\":{\"@id\":\"https:\/\/jam-news.net\/az\/#organization\"},\"potentialAction\":[{\"@type\":\"SearchAction\",\"target\":{\"@type\":\"EntryPoint\",\"urlTemplate\":\"https:\/\/jam-news.net\/az\/?s={search_term_string}\"},\"query-input\":{\"@type\":\"PropertyValueSpecification\",\"valueRequired\":true,\"valueName\":\"search_term_string\"}}],\"inLanguage\":\"az\"},{\"@type\":\"Organization\",\"@id\":\"https:\/\/jam-news.net\/az\/#organization\",\"name\":\"JAMnews\",\"url\":\"https:\/\/jam-news.net\/az\/\",\"logo\":{\"@type\":\"ImageObject\",\"inLanguage\":\"az\",\"@id\":\"https:\/\/jam-news.net\/az\/#\/schema\/logo\/image\/\",\"url\":\"https:\/\/jam-news.net\/app\/uploads\/2020\/05\/JAM_w.jpg\",\"contentUrl\":\"https:\/\/jam-news.net\/app\/uploads\/2020\/05\/JAM_w.jpg\",\"width\":960,\"height\":960,\"caption\":\"JAMnews\"},\"image\":{\"@id\":\"https:\/\/jam-news.net\/az\/#\/schema\/logo\/image\/\"},\"sameAs\":[\"https:\/\/www.facebook.com\/JAMnewsInEnglish\/\",\"https:\/\/x.com\/JAMnewsCaucasus\",\"https:\/\/www.instagram.com\/jam_news\/\",\"https:\/\/www.youtube.com\/channel\/UCXQbUCme2pykuZYXWHx4VPg\"]},{\"@type\":\"Person\",\"@id\":\"https:\/\/jam-news.net\/az\/#\/schema\/person\/67df3bb7adb46cd513fb9c4cb02361c6\",\"name\":\"JAMnews\",\"image\":{\"@type\":\"ImageObject\",\"inLanguage\":\"az\",\"@id\":\"https:\/\/jam-news.net\/az\/#\/schema\/person\/image\/\",\"url\":\"https:\/\/secure.gravatar.com\/avatar\/e5c27593ef900c3ab3deed4ed1c653d7?s=96&d=mm&r=g\",\"contentUrl\":\"https:\/\/secure.gravatar.com\/avatar\/e5c27593ef900c3ab3deed4ed1c653d7?s=96&d=mm&r=g\",\"caption\":\"JAMnews\"},\"url\":\"https:\/\/jam-news.net\/az\/author\/margarita\/\"}]}<\/script>\n<!-- \/ Yoast SEO plugin. -->","yoast_head_json":{"title":"Bak\u0131 bulvar\u0131 \u2013 g\u0259mi g\u0259zintil\u0259ri JAMnews","description":"Bak\u0131 bulvar\u0131 \u2013 g\u0259mi g\u0259zintil\u0259ri. Bak\u0131 sakinl\u0259ri q\u0131\u015f\u0131n yorucu soyu\u011fundan \u00e7\u0131x\u0131b yenid\u0259n bulvara \u00fcz tutublar.","robots":{"index":"index","follow":"follow","max-snippet":"max-snippet:-1","max-image-preview":"max-image-preview:large","max-video-preview":"max-video-preview:-1"},"canonical":"https:\/\/jam-news.net\/az\/baki-bulvari-g\u0259mi-g\u0259zintil\u0259ri\/","og_locale":"az_AZ","og_type":"article","og_title":"Bak\u0131 bulvar\u0131nda bu il d\u0259 d\u0259niz g\u0259zintil\u0259ri m\u00fcmk\u00fcn olmayacaq","og_description":"Bak\u0131 bulvar\u0131 \u2013 g\u0259mi g\u0259zintil\u0259ri. Bak\u0131 sakinl\u0259ri q\u0131\u015f\u0131n yorucu soyu\u011fundan \u00e7\u0131x\u0131b yenid\u0259n bulvara \u00fcz tutublar.","og_url":"https:\/\/jam-news.net\/az\/baki-bulvari-g\u0259mi-g\u0259zintil\u0259ri\/","og_site_name":"Azerbaijani Jamnews","article_publisher":"https:\/\/www.facebook.com\/JAMnewsInEnglish\/","article_published_time":"2024-04-27T07:46:00+00:00","article_modified_time":"2024-04-27T16:25:14+00:00","og_image":[{"width":1224,"height":918,"url":"https:\/\/jam-news.net\/app\/uploads\/2024\/04\/3-7.jpg","type":"image\/jpeg"}],"author":"JAMnews","twitter_card":"summary_large_image","twitter_title":"Bak\u0131 bulvar\u0131nda bu il d\u0259 d\u0259niz g\u0259zintil\u0259ri m\u00fcmk\u00fcn olmayacaq","twitter_creator":"@JAMnewsCaucasus","twitter_site":"@JAMnewsCaucasus","twitter_misc":{"Written by":"JAMnews","Est. reading time":"5 minutes"},"schema":{"@context":"https:\/\/schema.org","@graph":[{"@type":"Article","@id":"https:\/\/jam-news.net\/az\/baki-bulvari-g%c9%99mi-g%c9%99zintil%c9%99ri\/#article","isPartOf":{"@id":"https:\/\/jam-news.net\/az\/baki-bulvari-g%c9%99mi-g%c9%99zintil%c9%99ri\/"},"author":{"name":"JAMnews","@id":"https:\/\/jam-news.net\/az\/#\/schema\/person\/67df3bb7adb46cd513fb9c4cb02361c6"},"headline":"Bak\u0131 bulvar\u0131nda bu il d\u0259 d\u0259niz g\u0259zintil\u0259ri m\u00fcmk\u00fcn olmayacaq\u00a0","datePublished":"2024-04-27T07:46:00+00:00","dateModified":"2024-04-27T16:25:14+00:00","mainEntityOfPage":{"@id":"https:\/\/jam-news.net\/az\/baki-bulvari-g%c9%99mi-g%c9%99zintil%c9%99ri\/"},"wordCount":1146,"publisher":{"@id":"https:\/\/jam-news.net\/az\/#organization"},"image":{"@id":"https:\/\/jam-news.net\/az\/baki-bulvari-g%c9%99mi-g%c9%99zintil%c9%99ri\/#primaryimage"},"thumbnailUrl":"https:\/\/jam-news.net\/app\/uploads\/2024\/04\/3-7.jpg","articleSection":["Azerbaijan","Issues","Photo","Stories"],"inLanguage":"az"},{"@type":"WebPage","@id":"https:\/\/jam-news.net\/az\/baki-bulvari-g%c9%99mi-g%c9%99zintil%c9%99ri\/","url":"https:\/\/jam-news.net\/az\/baki-bulvari-g%c9%99mi-g%c9%99zintil%c9%99ri\/","name":"Bak\u0131 bulvar\u0131 \u2013 g\u0259mi g\u0259zintil\u0259ri JAMnews","isPartOf":{"@id":"https:\/\/jam-news.net\/az\/#website"},"primaryImageOfPage":{"@id":"https:\/\/jam-news.net\/az\/baki-bulvari-g%c9%99mi-g%c9%99zintil%c9%99ri\/#primaryimage"},"image":{"@id":"https:\/\/jam-news.net\/az\/baki-bulvari-g%c9%99mi-g%c9%99zintil%c9%99ri\/#primaryimage"},"thumbnailUrl":"https:\/\/jam-news.net\/app\/uploads\/2024\/04\/3-7.jpg","datePublished":"2024-04-27T07:46:00+00:00","dateModified":"2024-04-27T16:25:14+00:00","description":"Bak\u0131 bulvar\u0131 \u2013 g\u0259mi g\u0259zintil\u0259ri. Bak\u0131 sakinl\u0259ri q\u0131\u015f\u0131n yorucu soyu\u011fundan \u00e7\u0131x\u0131b yenid\u0259n bulvara \u00fcz tutublar.","breadcrumb":{"@id":"https:\/\/jam-news.net\/az\/baki-bulvari-g%c9%99mi-g%c9%99zintil%c9%99ri\/#breadcrumb"},"inLanguage":"az","potentialAction":[{"@type":"ReadAction","target":["https:\/\/jam-news.net\/az\/baki-bulvari-g%c9%99mi-g%c9%99zintil%c9%99ri\/"]}]},{"@type":"ImageObject","inLanguage":"az","@id":"https:\/\/jam-news.net\/az\/baki-bulvari-g%c9%99mi-g%c9%99zintil%c9%99ri\/#primaryimage","url":"https:\/\/jam-news.net\/app\/uploads\/2024\/04\/3-7.jpg","contentUrl":"https:\/\/jam-news.net\/app\/uploads\/2024\/04\/3-7.jpg","width":1224,"height":918,"caption":"Bak\u0131 bulvar\u0131 \u2013 g\u0259mi g\u0259zintil\u0259ri"},{"@type":"BreadcrumbList","@id":"https:\/\/jam-news.net\/az\/baki-bulvari-g%c9%99mi-g%c9%99zintil%c9%99ri\/#breadcrumb","itemListElement":[{"@type":"ListItem","position":1,"name":"Home","item":"https:\/\/jam-news.net\/az\/"},{"@type":"ListItem","position":2,"name":"Bak\u0131 bulvar\u0131nda bu il d\u0259 d\u0259niz g\u0259zintil\u0259ri m\u00fcmk\u00fcn olmayacaq\u00a0"}]},{"@type":"WebSite","@id":"https:\/\/jam-news.net\/az\/#website","url":"https:\/\/jam-news.net\/az\/","name":"Azerbaijani Jamnews","description":"Caucasus News, Politics and Society","publisher":{"@id":"https:\/\/jam-news.net\/az\/#organization"},"potentialAction":[{"@type":"SearchAction","target":{"@type":"EntryPoint","urlTemplate":"https:\/\/jam-news.net\/az\/?s={search_term_string}"},"query-input":{"@type":"PropertyValueSpecification","valueRequired":true,"valueName":"search_term_string"}}],"inLanguage":"az"},{"@type":"Organization","@id":"https:\/\/jam-news.net\/az\/#organization","name":"JAMnews","url":"https:\/\/jam-news.net\/az\/","logo":{"@type":"ImageObject","inLanguage":"az","@id":"https:\/\/jam-news.net\/az\/#\/schema\/logo\/image\/","url":"https:\/\/jam-news.net\/app\/uploads\/2020\/05\/JAM_w.jpg","contentUrl":"https:\/\/jam-news.net\/app\/uploads\/2020\/05\/JAM_w.jpg","width":960,"height":960,"caption":"JAMnews"},"image":{"@id":"https:\/\/jam-news.net\/az\/#\/schema\/logo\/image\/"},"sameAs":["https:\/\/www.facebook.com\/JAMnewsInEnglish\/","https:\/\/x.com\/JAMnewsCaucasus","https:\/\/www.instagram.com\/jam_news\/","https:\/\/www.youtube.com\/channel\/UCXQbUCme2pykuZYXWHx4VPg"]},{"@type":"Person","@id":"https:\/\/jam-news.net\/az\/#\/schema\/person\/67df3bb7adb46cd513fb9c4cb02361c6","name":"JAMnews","image":{"@type":"ImageObject","inLanguage":"az","@id":"https:\/\/jam-news.net\/az\/#\/schema\/person\/image\/","url":"https:\/\/secure.gravatar.com\/avatar\/e5c27593ef900c3ab3deed4ed1c653d7?s=96&d=mm&r=g","contentUrl":"https:\/\/secure.gravatar.com\/avatar\/e5c27593ef900c3ab3deed4ed1c653d7?s=96&d=mm&r=g","caption":"JAMnews"},"url":"https:\/\/jam-news.net\/az\/author\/margarita\/"}]}},"_links":{"self":[{"href":"https:\/\/jam-news.net\/az\/wp-json\/wp\/v2\/posts\/87147","targetHints":{"allow":["GET"]}}],"collection":[{"href":"https:\/\/jam-news.net\/az\/wp-json\/wp\/v2\/posts"}],"about":[{"href":"https:\/\/jam-news.net\/az\/wp-json\/wp\/v2\/types\/post"}],"author":[{"embeddable":true,"href":"https:\/\/jam-news.net\/az\/wp-json\/wp\/v2\/users\/3"}],"replies":[{"embeddable":true,"href":"https:\/\/jam-news.net\/az\/wp-json\/wp\/v2\/comments?post=87147"}],"version-history":[{"count":3,"href":"https:\/\/jam-news.net\/az\/wp-json\/wp\/v2\/posts\/87147\/revisions"}],"predecessor-version":[{"id":87162,"href":"https:\/\/jam-news.net\/az\/wp-json\/wp\/v2\/posts\/87147\/revisions\/87162"}],"wp:featuredmedia":[{"embeddable":true,"href":"https:\/\/jam-news.net\/az\/wp-json\/wp\/v2\/media\/87138"}],"wp:attachment":[{"href":"https:\/\/jam-news.net\/az\/wp-json\/wp\/v2\/media?parent=87147"}],"wp:term":[{"taxonomy":"category","embeddable":true,"href":"https:\/\/jam-news.net\/az\/wp-json\/wp\/v2\/categories?post=87147"},{"taxonomy":"post_tag","embeddable":true,"href":"https:\/\/jam-news.net\/az\/wp-json\/wp\/v2\/tags?post=87147"},{"taxonomy":"formation","embeddable":true,"href":"https:\/\/jam-news.net\/az\/wp-json\/wp\/v2\/formation?post=87147"},{"taxonomy":"post-author","embeddable":true,"href":"https:\/\/jam-news.net\/az\/wp-json\/wp\/v2\/post-author?post=87147"},{"taxonomy":"topic","embeddable":true,"href":"https:\/\/jam-news.net\/az\/wp-json\/wp\/v2\/topic?post=87147"},{"taxonomy":"tooltip","embeddable":true,"href":"https:\/\/jam-news.net\/az\/wp-json\/wp\/v2\/tooltip?post=87147"},{"taxonomy":"city","embeddable":true,"href":"https:\/\/jam-news.net\/az\/wp-json\/wp\/v2\/city?post=87147"}],"curies":[{"name":"wp","href":"https:\/\/api.w.org\/{rel}","templated":true}]}}