{"id":86805,"date":"2024-04-16T23:22:41","date_gmt":"2024-04-16T19:22:41","guid":{"rendered":"https:\/\/jam-news.net\/az\/?p=86805"},"modified":"2024-04-18T13:35:14","modified_gmt":"2024-04-18T09:35:14","slug":"az%c9%99rbaycanda-qr-kodlu-m%c9%99zarlar","status":"publish","type":"post","link":"https:\/\/jam-news.net\/az\/az%c9%99rbaycanda-qr-kodlu-m%c9%99zarlar\/","title":{"rendered":"Az\u0259rbaycanda \u201cvirtual m\u0259zarl\u0131q\u201d \u2013 QR kodlar \u00f6l\u0259n insanlar\u0131n hekay\u0259l\u0259rini \u201cdan\u0131\u015f\u0131r\u201d\u00a0"},"content":{"rendered":"\n<p style=\"font-size:8px\"><em>Az\u0259rbaycanda QR kodlu m\u0259zarlar<\/em><\/p>\n\n\n\n<p>M\u0259rd\u0259kan q\u0259biristanl\u0131\u011f\u0131nda adi bir g\u00fcnd\u00fcr. Bir t\u0259r\u0259fd\u0259 yax\u0131nlar\u0131n\u0131n m\u0259zar\u0131n\u0131 ziyar\u0259t\u0259 g\u0259l\u0259n insanlar \u0259ll\u0259rind\u0259 g\u00fcll\u0259rl\u0259 s\u0131ralar\u0131n aras\u0131nda ir\u0259lil\u0259yir, dig\u0259r t\u0259r\u0259fd\u0259 is\u0259 f\u0259hl\u0259l\u0259r yeni m\u0259zarlar \u00fc\u00e7\u00fcn ba\u015fda\u015f\u0131 haz\u0131rlamaqla m\u0259\u015f\u011fuldur.&nbsp;&nbsp;<\/p>\n\n\n\n<p>M\u0259rm\u0259rd\u0259n haz\u0131rlanan y\u00fczl\u0259rl\u0259 q\u0259bir da\u015f\u0131n\u0131n \u00fcz\u0259rind\u0259 buran\u0131n sakinl\u0259ri haqda q\u0131sa m\u0259lumat yer al\u0131r &#8211; adlar\u0131, soyadlar\u0131, do\u011fum v\u0259 \u00f6l\u00fcm tarixl\u0259ri. Bu q\u0259d\u0259r&#8230;&nbsp;<\/p>\n\n\n\n<hr class=\"wp-block-separator has-alpha-channel-opacity\"\/>\n\n\n\n<ul class=\"wp-block-list\"><li><a href=\"https:\/\/jam-news.net\/az\/taksil%c9%99rl%c9%99-bagli-yeni-t%c9%99l%c9%99bl%c9%99r\/\" target=\"_blank\" rel=\"noreferrer noopener\">\u201cBu q\u0259d\u0259r insan\u0131 i\u015fsiz qoymaq n\u0259y\u0259 laz\u0131m idi?\u201d \u2013 Az\u0259rbaycanda taksi s\u00fcr\u00fcc\u00fcl\u0259ri yeni q\u0259rardan naraz\u0131d\u0131r&nbsp;<\/a><\/li><li><a href=\"https:\/\/jam-news.net\/az\/ceyrandatanda-tovl%c9%99-ucub-heyvanlar-t%c9%99l%c9%99f-olub\/\" target=\"_blank\" rel=\"noreferrer noopener\">Az\u0259rbaycanda 25 m\u0259cburi k\u00f6\u00e7k\u00fcn ail\u0259si d\u00f6vl\u0259td\u0259n k\u00f6m\u0259k g\u00f6zl\u0259yir<\/a><\/li><li><a href=\"https:\/\/jam-news.net\/az\/az%c9%99rbaycanda-sahibsiz-itl%c9%99r\/\" target=\"_blank\" rel=\"noreferrer noopener\">Az\u0259rbaycanda sahibsiz itl\u0259r \u2013 problem nec\u0259 h\u0259ll edilm\u0259lidir?&nbsp;<\/a><\/li><\/ul>\n\n\n\n<hr class=\"wp-block-separator has-alpha-channel-opacity\"\/>\n\n\n\n<figure class=\"wp-block-image size-large is-style-medium-width-image\"><img loading=\"lazy\" decoding=\"async\" width=\"1024\" height=\"768\" src=\"https:\/\/jam-news.net\/app\/uploads\/2024\/04\/10-1024x768.jpg\" alt=\"Az\u0259rbaycanda QR kodlu m\u0259zarlar\" class=\"wp-image-86796\" srcset=\"https:\/\/jam-news.net\/app\/uploads\/2024\/04\/10-1024x768.jpg 1024w, https:\/\/jam-news.net\/app\/uploads\/2024\/04\/10-300x225.jpg 300w, https:\/\/jam-news.net\/app\/uploads\/2024\/04\/10-768x576.jpg 768w, https:\/\/jam-news.net\/app\/uploads\/2024\/04\/10.jpg 1224w\" sizes=\"auto, (max-width: 1024px) 100vw, 1024px\" \/><figcaption>M\u0259rd\u0259kan q\u0259biristanl\u0131\u011f\u0131. Foto: Fatim\u0259 M\u00f6vlaml\u0131\/JAMnews<\/figcaption><\/figure>\n\n\n\n<p><em>\u201cBax, bu t\u0259r\u0259fd\u0259n ke\u00e7in, ilk s\u0131radan etibar\u0259n QR kodlu q\u0259birl\u0259ri g\u00f6r\u0259c\u0259ksiniz\u201d,<\/em> &#8211; Zaur Quliyev \u201cqon\u015fular\u0131ndan\u201d f\u0259rql\u0259n\u0259n q\u0259birl\u0259r\u0259 t\u0259r\u0259f i\u015far\u0259 edir.&nbsp;<\/p>\n\n\n\n<p>\u0130ki s\u0131ra hal\u0131ndak\u0131 m\u0259zarlar Birinci v\u0259 \u0130kinci Qaraba\u011f M\u00fcharib\u0259sind\u0259 \u015f\u0259hid olan h\u0259rb\u00e7il\u0259r\u0259 aiddir. Onlar\u0131n q\u0259bir da\u015flar\u0131n\u0131n \u00fcz\u0259rin\u0259 QR kod (\u015ftrix kodlar\u0131n n\u00f6vl\u0259rind\u0259n biri) h\u0259kk olunub. H\u0259min kodu mobil cihaz vasit\u0259sil\u0259 skan etdikd\u0259 (oxutduqda) \u201crahmat.az\u201d adl\u0131 sayta ke\u00e7id verir. Sayta daxil olduqdan sonra QR kodunu oxutdu\u011funuz m\u0259zardak\u0131 \u015f\u0259xsin h\u0259yat hekay\u0259si qar\u015f\u0131n\u0131za \u00e7\u0131x\u0131r. Bununla da \u201cO, kimdir? \u018fsl\u0259n haradand\u0131r? N\u0259 i\u015fl\u0259 m\u0259\u015f\u011ful olub? Nec\u0259 \u00f6l\u00fcb?\u201d v\u0259 sair\u0259 kimi suallara cavab almaq m\u00fcmk\u00fcnd\u00fcr.&nbsp; Bu, bir m\u0259zar da\u015f\u0131ndan do\u011fum v\u0259 \u00f6l\u00fcm tarixind\u0259n daha \u00e7ox informasiya almaq dem\u0259kdir.&nbsp;<\/p>\n\n\n\n<h2 class=\"wp-block-heading\"><strong>\u201cN\u0259 q\u0259d\u0259r ki, yadda\u015f var, insan ya\u015fayacaq\u201d&nbsp;<\/strong><\/h2>\n\n\n\n<p>Zaur Quliyev bu sayt\u0131n t\u0259sis\u00e7isidir. O, iki ay \u00f6nc\u0259 &#8211; fevral\u0131n sonunda bu ideyan\u0131 h\u0259yata ke\u00e7irm\u0259k q\u0259rar\u0131na g\u0259lib.&nbsp;&nbsp;<\/p>\n\n\n\n<figure class=\"wp-block-image size-large is-style-medium-width-image\"><img loading=\"lazy\" decoding=\"async\" width=\"1024\" height=\"768\" src=\"https:\/\/jam-news.net\/app\/uploads\/2024\/04\/5-1-1024x768.jpg\" alt=\"Az\u0259rbaycanda QR kodlu m\u0259zarlar\" class=\"wp-image-86797\" srcset=\"https:\/\/jam-news.net\/app\/uploads\/2024\/04\/5-1-1024x768.jpg 1024w, https:\/\/jam-news.net\/app\/uploads\/2024\/04\/5-1-300x225.jpg 300w, https:\/\/jam-news.net\/app\/uploads\/2024\/04\/5-1-768x576.jpg 768w, https:\/\/jam-news.net\/app\/uploads\/2024\/04\/5-1.jpg 1224w\" sizes=\"auto, (max-width: 1024px) 100vw, 1024px\" \/><figcaption>QR kodlu m\u0259zar da\u015flar\u0131n\u0131n ideya m\u00fc\u0259llifi Zaur Quliyevdir. Foto: Fatim\u0259 M\u00f6vlaml\u0131\/JAMnews<\/figcaption><\/figure>\n\n\n\n<p><em>\u201cBir g\u00fcn bura \u2013 M\u0259rd\u0259kan q\u0259biristanl\u0131\u011f\u0131na atam\u0131n m\u0259zar\u0131n\u0131 ziyar\u0259t el\u0259m\u0259k \u00fc\u00e7\u00fcn g\u0259lmi\u015fdim. Yeni d\u0259fn olunan cavan bir o\u011flan\u0131n anas\u0131 da burada idi. O\u011flunun m\u0259zar\u0131 \u00fcst\u0259 h\u00f6nk\u00fcrt\u00fc il\u0259 el\u0259 a\u011flay\u0131d\u0131 ki, s\u0259sini q\u0259biristanl\u0131\u011f\u0131n h\u0259r yerind\u0259n e\u015fitm\u0259k olurdu. D\u00f6zm\u0259dim, ona yax\u0131nla\u015fd\u0131m, ba\u015fsa\u011fl\u0131\u011f\u0131 verdim. O da m\u0259n\u0259 o\u011flu haqq\u0131nda dan\u0131\u015fma\u011fa ba\u015flad\u0131<\/em>.<\/p>\n\n\n\n<p><em>25 ya\u015f\u0131 varm\u0131\u015f, \u00f6z\u00fc d\u0259 dini inanc\u0131na m\u00f6hk\u0259m ba\u011fl\u0131 o\u011flan imi\u015f. Anas\u0131 o\u011flunun g\u0259l\u0259c\u0259k haqq\u0131ndak\u0131 t\u0259s\u0259vv\u00fcrl\u0259rind\u0259n, arzular\u0131ndan, insanlarla mehriban r\u0259ftar\u0131ndan, ham\u0131ya qay\u011f\u0131 il\u0259 yana\u015fmas\u0131ndan b\u0259hs edirdi.<\/em><\/p>\n\n\n\n<p><em>Amma bir g\u00fcn q\u0259fl \u00f6yr\u0259nibl\u0259r ki, o\u011flan x\u0259r\u00e7\u0259ng x\u0259st\u0259sidir. X\u0259st\u0259liyin el\u0259 vaxt\u0131nda x\u0259b\u0259r tutublar ki, art\u0131q onun sa\u011falma\u011f\u0131na \u00fcmid olmay\u0131b. Bel\u0259c\u0259 onun h\u0259yat\u0131, dolay\u0131s\u0131 il\u0259 d\u0259 anas\u0131n\u0131n onunla ba\u011fl\u0131 \u00fcmidl\u0259ri yar\u0131m\u00e7\u0131q qal\u0131b.<\/em><\/p>\n\n\n\n<p><em>Qad\u0131na qulaq asd\u0131qca d\u00fc\u015f\u00fcnd\u00fcm ki, bu hekay\u0259l\u0259ri ham\u0131 e\u015fitm\u0259lidir. K\u0259nardan baxanda biz\u0259 adi q\u0259bir kimi g\u00f6r\u00fcn\u0259n bu da\u015flar\u0131n alt\u0131nda o q\u0259d\u0259r hekay\u0259l\u0259r yat\u0131r ki. Bu yadda\u015f \u00f6z\u00fc bir tarixdir. N\u0259 q\u0259d\u0259r ki yadda\u015f var, insan ya\u015fayacaq\u201d<\/em>, &#8211; Zaur ideyas\u0131n\u0131n yarand\u0131\u011f\u0131 g\u00fcn\u00fc bel\u0259 xat\u0131rlay\u0131r.&nbsp;<\/p>\n\n\n\n<p>O, el\u0259 h\u0259min g\u00fcn dostu El\u015f\u0259nl\u0259 g\u00f6r\u00fc\u015f\u00fcb fikirl\u0259rini onunla b\u00f6l\u00fc\u015f\u00fcr. \u0130deyas\u0131n\u0131 ona dan\u0131\u015fark\u0259n bunu \u201cvirtual m\u0259zarl\u0131q\u201d adland\u0131r\u0131r. Dostu da ideyan\u0131 b\u0259y\u0259nir v\u0259 he\u00e7 bir t\u0259r\u0259dd\u00fcds\u00fcz bu i\u015f\u0259 qol qoyur.&nbsp;<\/p>\n\n\n\n<p>El\u015f\u0259n \u0130T (\u0130nformasiya Texnologiyalar\u0131) \u00fczr\u0259 m\u00fct\u0259x\u0259ssis oldu\u011fundan QR kod v\u0259 saytla ba\u011fl\u0131 texniki i\u015fl\u0259r ona h\u0259val\u0259 olunur. Zaur is\u0259 t\u0259\u015fkilati i\u015fl\u0259rl\u0259 m\u0259\u015f\u011ful olma\u011fa ba\u015flay\u0131r. QR kodu m\u0259zar da\u015flar\u0131na h\u0259kk el\u0259m\u0259k \u00fc\u00e7\u00fcn laz\u0131m\u0131 materiallar\u0131 (m\u0259rm\u0259r v\u0259 s.) al\u0131r v\u0259 haz\u0131rlanmas\u0131 \u00fc\u00e7\u00fcn ustalara t\u0259hvil verir. M\u0259hsul haz\u0131r olduqdan sonra test etm\u0259k d\u0259 onun \u00f6hd\u0259sin\u0259 d\u00fc\u015f\u00fcr.&nbsp;<\/p>\n\n\n\n<p>Saytda skan edil\u0259n s\u0259hif\u0259l\u0259r rus v\u0259 ingilis dill\u0259rin\u0259 d\u0259 t\u0259rc\u00fcm\u0259 olunub. Bu QR kodlara m\u0259zar\u0131n geolokasiyas\u0131n\u0131 da \u0259lav\u0259 etm\u0259k m\u00fcmk\u00fcnd\u00fcr ki, bununla da m\u0259zarlar \u201citmir\u201d v\u0259 onun \u00fcnvan\u0131 d\u0259qiq g\u00f6st\u0259rilir.&nbsp;<\/p>\n\n\n\n<p>Saytda \u201c\u015e\u0259hidl\u0259r\u201d v\u0259 \u201cTarixi \u015f\u0259xsiyy\u0259tl\u0259r\u201d b\u00f6lm\u0259l\u0259rind\u0259ki m\u0259lumatlar ictimai a\u00e7\u0131q \u015f\u0259kild\u0259 payla\u015f\u0131l\u0131b. \u201cS\u0131ravi \u015f\u0259xsl\u0259r\u201d bar\u0259d\u0259 m\u0259lumatlar is\u0259 a\u00e7\u0131q deyil, bu m\u0259lumatlar\u0131 ancaq onlar\u0131n m\u0259zar\u0131ndak\u0131 QR kodlar\u0131 skan ed\u0259n zaman saytda g\u00f6rm\u0259k m\u00fcmk\u00fcn olur.&nbsp;<\/p>\n\n\n\n<h2 class=\"wp-block-heading\"><strong>\u201c\u0130lk QR kodlu m\u0259zar da\u015f\u0131n\u0131 atam \u00fc\u00e7\u00fcn haz\u0131rlam\u0131\u015f\u0131q\u201d<\/strong><\/h2>\n\n\n\n<p>Zaur ideyas\u0131n\u0131 birinci \u00f6z atas\u0131 \u2013 F\u0259rhad Quliyevin m\u0259zar\u0131nda t\u0259tbiq edib.<\/p>\n\n\n\n<figure class=\"wp-block-image size-large is-style-medium-width-image\"><img loading=\"lazy\" decoding=\"async\" width=\"1024\" height=\"768\" src=\"https:\/\/jam-news.net\/app\/uploads\/2024\/04\/4-1-1024x768.jpg\" alt=\"Az\u0259rbaycanda QR kodlu m\u0259zarlar\" class=\"wp-image-86798\" srcset=\"https:\/\/jam-news.net\/app\/uploads\/2024\/04\/4-1-1024x768.jpg 1024w, https:\/\/jam-news.net\/app\/uploads\/2024\/04\/4-1-300x225.jpg 300w, https:\/\/jam-news.net\/app\/uploads\/2024\/04\/4-1-768x576.jpg 768w, https:\/\/jam-news.net\/app\/uploads\/2024\/04\/4-1.jpg 1224w\" sizes=\"auto, (max-width: 1024px) 100vw, 1024px\" \/><figcaption>Zaur ideyas\u0131n\u0131 birinci \u00f6z atas\u0131 \u2013 F\u0259rhad Quliyevin m\u0259zar\u0131nda t\u0259tbiq edib. Foto: Fatim\u0259 M\u00f6vlaml\u0131\/JAMnews<\/figcaption><\/figure>\n\n\n\n<figure class=\"wp-block-image size-large is-style-medium-width-image\"><img loading=\"lazy\" decoding=\"async\" width=\"1024\" height=\"768\" src=\"https:\/\/jam-news.net\/app\/uploads\/2024\/04\/3-4-1024x768.jpg\" alt=\"Az\u0259rbaycanda QR kodlu m\u0259zarlar\" class=\"wp-image-86799\" srcset=\"https:\/\/jam-news.net\/app\/uploads\/2024\/04\/3-4-1024x768.jpg 1024w, https:\/\/jam-news.net\/app\/uploads\/2024\/04\/3-4-300x225.jpg 300w, https:\/\/jam-news.net\/app\/uploads\/2024\/04\/3-4-768x576.jpg 768w, https:\/\/jam-news.net\/app\/uploads\/2024\/04\/3-4.jpg 1224w\" sizes=\"auto, (max-width: 1024px) 100vw, 1024px\" \/><figcaption>Zaur Quliyevin atas\u0131 uzun ill\u0259r D\u0130N-d\u0259 m\u00fch\u00fcm i\u015fl\u0259r \u00fczr\u0259 m\u00fcst\u0259ntiq i\u015fl\u0259yib. Foto: Fatim\u0259 M\u00f6vlaml\u0131\/JAMnews<\/figcaption><\/figure>\n\n\n\n<p>\u201c<em>Babam h\u0259rb\u00e7i olub, yeri g\u0259lmi\u015fk\u0259n m\u0259n d\u0259 onun yolu il\u0259 getmi\u015f\u0259m. \u00dc\u00e7 il bundan \u0259vv\u0259l t\u0259qa\u00fcd\u0259 \u00e7\u0131xanad\u0259k m\u0259n d\u0259 h\u0259rb\u00e7i idim. Atam h\u0259rb\u00e7i ail\u0259sind\u0259, \u00e7ox kas\u0131b bir \u015f\u0259raitd\u0259 b\u00f6y\u00fcy\u00fcb.<\/em><\/p>\n\n\n\n<p><em>O d\u00f6vr Az\u0259rbaycanda ya\u015famaq ham\u0131 \u00fc\u00e7\u00fcn \u00e7\u0259tin idi. Ham\u0131 yoxsulluqla \u0259ll\u0259\u015fir, ail\u0259sini doland\u0131rma\u011f\u0131n yollar\u0131n\u0131 axtar\u0131rd\u0131. Atam bel\u0259 \u015f\u0259raitd\u0259 oxuyub, ali t\u0259hsil ald\u0131. H\u00fcquq\u015f\u00fcnas oldu. O zaman bu, b\u00f6y\u00fck z\u0259hm\u0259t hesab\u0131na ba\u015fa g\u0259l\u0259n bir \u015fey idi.<\/em><\/p>\n\n\n\n<p><em>Ondan sonra atam uzun ill\u0259r Daxili \u0130\u015fl\u0259r Nazirliyind\u0259 m\u00fch\u00fcm i\u015fl\u0259r \u00fczr\u0259 m\u00fcst\u0259ntiq v\u0259zif\u0259sind\u0259 \u00e7al\u0131\u015fd\u0131. \u00d6z\u00fc d\u0259 \u00e7ox qay\u011f\u0131ke\u015f adam idi. M\u0259n evin t\u0259k o\u011flu olmu\u015fam. B\u00fct\u00fcn u\u015faql\u0131\u011f\u0131m atam\u0131n mehribanl\u0131\u011f\u0131 il\u0259 \u0259hat\u0259l\u0259nmi\u015fdi. \u0130ndi daha yax\u015f\u0131 ba\u015fa d\u00fc\u015f\u00fcr\u0259m ki, bir u\u015faq \u00fc\u00e7\u00fcn \u0259n \u0259h\u0259miyy\u0259tli \u015fey valideyninin bel\u0259 qay\u011f\u0131ke\u015f v\u0259 ona h\u0259mi\u015f\u0259 d\u0259st\u0259k olmas\u0131d\u0131r\u201d<\/em>, &#8211; dey\u0259, atas\u0131 bar\u0259d\u0259 dan\u0131\u015f\u0131r.&nbsp;<\/p>\n\n\n\n<h2 class=\"wp-block-heading\"><strong>QR kodlu 46 m\u0259zardan 34-\u00fc \u015f\u0259hid m\u0259zar\u0131d\u0131r<\/strong><\/h2>\n\n\n\n<p>Zaur h\u0259l\u0259lik bu ideyan\u0131 sad\u0259c\u0259 X\u0259z\u0259r rayonunda &#8211; M\u0259rd\u0259kan q\u0259biristanl\u0131\u011f\u0131, M\u0259rd\u0259kanda yerl\u0259\u015f\u0259n \u015e\u0259hidl\u0259r Park\u0131 v\u0259 \u015e\u00fcv\u0259lan q\u0259biristanl\u0131\u011f\u0131nda h\u0259yata ke\u00e7irib. G\u0259l\u0259c\u0259kd\u0259 bu t\u0259tbiqi b\u00fct\u00fcn \u00f6lk\u0259 \u00fczr\u0259 yaymaq niyy\u0259tind\u0259dir. H\u0259tta art\u0131q rayonlardan ilk sifari\u015fl\u0259ri q\u0259bul etm\u0259y\u0259 ba\u015flay\u0131blar.<\/p>\n\n\n\n<p>\u0130ndiy\u0259d\u0259k QR kodlar 46 n\u0259f\u0259rin m\u0259zar\u0131 \u00fcz\u0259rind\u0259 t\u0259tbiq edilib. Bunlardan 34 n\u0259f\u0259ri Birinci v\u0259 \u0130kinci Qaraba\u011f M\u00fcharib\u0259sind\u0259 h\u0259lak olan h\u0259rb\u00e7il\u0259r\u0259 aid m\u0259zarlard\u0131r. Zaur bu \u015f\u0259xsl\u0259rin yax\u0131nlar\u0131ndan g\u0259l\u0259n sifari\u015fl\u0259ri t\u0259m\u0259nnas\u0131z h\u0259yata ke\u00e7irdiyini bildirir. Dig\u0259r sifari\u015f\u00e7il\u0259r \u00fc\u00e7\u00fcn is\u0259 xidm\u0259t haqq\u0131 50 manat t\u0259\u015fkil edir. Bu xidm\u0259t\u0259 m\u0259rhum \u00fc\u00e7\u00fcn saytda s\u0259hif\u0259nin yarad\u0131lmas\u0131, \u00fc\u00e7 foto, bir video fayl, x\u0259rit\u0259 m\u0259lumatlar\u0131n\u0131n yerl\u0259\u015fdirilm\u0259si v\u0259 QR kodun generasiyas\u0131 daxildir.&nbsp;<\/p>\n\n\n\n<figure class=\"wp-block-image size-large is-style-medium-width-image\"><img loading=\"lazy\" decoding=\"async\" width=\"1024\" height=\"768\" src=\"https:\/\/jam-news.net\/app\/uploads\/2024\/04\/1-4-1024x768.jpg\" alt=\"Az\u0259rbaycanda QR kodlu m\u0259zarlar\" class=\"wp-image-86800\" srcset=\"https:\/\/jam-news.net\/app\/uploads\/2024\/04\/1-4-1024x768.jpg 1024w, https:\/\/jam-news.net\/app\/uploads\/2024\/04\/1-4-300x225.jpg 300w, https:\/\/jam-news.net\/app\/uploads\/2024\/04\/1-4-768x576.jpg 768w, https:\/\/jam-news.net\/app\/uploads\/2024\/04\/1-4.jpg 1224w\" sizes=\"auto, (max-width: 1024px) 100vw, 1024px\" \/><figcaption>\u0130ndiy\u0259 q\u0259d\u0259r haz\u0131rlanm\u0131\u015f QR kodlu 46 m\u0259zardan 34-\u00fc \u015f\u0259hid m\u0259zar\u0131d\u0131r. Foto: Fatim\u0259 M\u00f6vlaml\u0131\/JAMnews<\/figcaption><\/figure>\n\n\n\n<figure class=\"wp-block-image size-large is-style-medium-width-image\"><img loading=\"lazy\" decoding=\"async\" width=\"1024\" height=\"768\" src=\"https:\/\/jam-news.net\/app\/uploads\/2024\/04\/6-1-1024x768.jpg\" alt=\"Az\u0259rbaycanda QR kodlu m\u0259zarlar\" class=\"wp-image-86804\" srcset=\"https:\/\/jam-news.net\/app\/uploads\/2024\/04\/6-1-1024x768.jpg 1024w, https:\/\/jam-news.net\/app\/uploads\/2024\/04\/6-1-300x225.jpg 300w, https:\/\/jam-news.net\/app\/uploads\/2024\/04\/6-1-768x576.jpg 768w, https:\/\/jam-news.net\/app\/uploads\/2024\/04\/6-1.jpg 1224w\" sizes=\"auto, (max-width: 1024px) 100vw, 1024px\" \/><figcaption>Zaur deyir ki, onlar \u015f\u0259hid ail\u0259l\u0259rinin sifari\u015fl\u0259rini pulsuz yerin\u0259 yetiribl\u0259r. Foto: Fatim\u0259 M\u00f6vlaml\u0131\/JAMnews<\/figcaption><\/figure>\n\n\n\n<p>Sifari\u015f q\u0259bul etdiyi zaman m\u0259rhumlar\u0131n hekay\u0259l\u0259rini ilk \u00f6z\u00fc \u00f6yr\u0259nir. Deyir ki, bu, yeni insanla tan\u0131\u015f olmaq kimidir, f\u0259rq is\u0259 ondad\u0131r ki, hekay\u0259ni h\u0259min adam \u00f6z\u00fc dan\u0131\u015fm\u0131r.<\/p>\n\n\n\n<p>\u0130ndiy\u0259 q\u0259d\u0259r dinl\u0259diyi hekay\u0259l\u0259r aras\u0131nda bir ne\u00e7\u0259si var ki, Zaurun yadda\u015f\u0131nda h\u0259mi\u015f\u0259 canl\u0131 qal\u0131b. Onlardan biri d\u0259 Seyid Q\u0259m\u0259r xan\u0131m\u0131n heykay\u0259sidir.<\/p>\n\n\n\n<p>Q\u0259m\u0259r xan\u0131m 1889-cu ild\u0259 Bak\u0131da do\u011fulub. O, Bak\u0131 v\u0259 \u0259traf k\u0259ndl\u0259rin sakinl\u0259ri t\u0259r\u0259find\u0259n m\u00f6c\u00fcz\u0259li v\u0259 \u015f\u0259faverici q\u00fcvv\u0259y\u0259 malik oldu\u011funa inan\u0131lan 1883-1950-ci ill\u0259rd\u0259 ya\u015fam\u0131\u015f Mir M\u00f6vs\u00fcm A\u011fan\u0131n (Seyid\u0259li Mir Abutal\u0131b o\u011flu Mirm\u00f6vs\u00fcmzad\u0259) qohumlar\u0131ndand\u0131r.&nbsp;<\/p>\n\n\n\n<p><em>\u201cQ\u0259m\u0259r xan\u0131m\u0131n qohumlar\u0131 m\u0259niml\u0259 \u0259laq\u0259 saxlay\u0131b, m\u0259zar\u0131n\u0131n \u00fcz\u0259rin\u0259 QR kod h\u0259kk el\u0259m\u0259yimi ist\u0259dil\u0259r. Onun hekay\u0259si m\u0259nim \u00fc\u00e7\u00fcn \u00e7ox maraql\u0131 idi. Deyil\u0259n\u0259 g\u00f6r\u0259, onun atas\u0131 Bak\u0131 milyon\u00e7ular\u0131ndan olub. G\u0259ncliyind\u0259 kas\u0131b t\u0259b\u0259q\u0259d\u0259n say\u0131lan bir o\u011flana a\u015fiq olub, amma ail\u0259si onlar\u0131n evl\u0259nm\u0259sin\u0259 raz\u0131l\u0131q verm\u0259yib. O da ail\u0259sinin b\u00fct\u00fcn s\u0259rv\u0259tind\u0259n imtina edib, sevdiyi o\u011flanla qa\u00e7\u0131b. Bel\u0259c\u0259, evl\u0259nibl\u0259r. H\u0259yatlar\u0131 \u00e7\u0259tinlik v\u0259 s\u0259fal\u0259tl\u0259 ke\u00e7ib. Amma deyil\u0259r ki, onlar \u00e7ox xo\u015fb\u0259xt ya\u015fay\u0131blar. Ax\u0131 bir-birl\u0259rini sevibl\u0259r\u201d, <\/em>&#8211; Zaur g\u00fcl\u00fcms\u0259yir.&nbsp;<\/p>\n\n\n\n<h2 class=\"wp-block-heading\"><strong>\u201c14 ya\u015fl\u0131 q\u0131z\u0131mla m\u0259zarl\u0131\u011fa ziyar\u0259t\u0259 ged\u0259nd\u0259, o he\u00e7 kimi tan\u0131m\u0131rd\u0131\u201d&nbsp;<\/strong><\/h2>\n\n\n\n<p>Zaurun yax\u0131n dostu Qriqori Ko\u00e7nev QR kodlu m\u0259zar da\u015f\u0131 sifari\u015f ed\u0259n ilk \u015f\u0259xsl\u0259rd\u0259n biridir. Qri\u015fa (yax\u0131nlar\u0131 ona bel\u0259 m\u00fcraci\u0259t edir) milliy\u0259tc\u0259 rusdur. O, ad\u0131n\u0131 da\u015f\u0131d\u0131\u011f\u0131 ata babas\u0131 Ko\u00e7nev Qriqori \u0130vanovi\u00e7in m\u0259zar\u0131 \u00fc\u00e7\u00fcn QR kodun haz\u0131rlanmas\u0131n\u0131 ist\u0259yib. Deyir, bunu yax\u0131nlar\u0131n\u0131n xatir\u0259sinin itib-batmamas\u0131 \u00fc\u00e7\u00fcn edib.&nbsp;<\/p>\n\n\n\n<figure class=\"wp-block-image size-large is-style-medium-width-image\"><img loading=\"lazy\" decoding=\"async\" width=\"1024\" height=\"768\" src=\"https:\/\/jam-news.net\/app\/uploads\/2024\/04\/9-1024x768.jpg\" alt=\"Az\u0259rbaycanda QR kodlu m\u0259zarlar\" class=\"wp-image-86801\" srcset=\"https:\/\/jam-news.net\/app\/uploads\/2024\/04\/9-1024x768.jpg 1024w, https:\/\/jam-news.net\/app\/uploads\/2024\/04\/9-300x225.jpg 300w, https:\/\/jam-news.net\/app\/uploads\/2024\/04\/9-768x576.jpg 768w, https:\/\/jam-news.net\/app\/uploads\/2024\/04\/9.jpg 1224w\" sizes=\"auto, (max-width: 1024px) 100vw, 1024px\" \/><figcaption>Qriqori Ko\u00e7nev babas\u0131 \u00fc\u00e7\u00fcn QR kodlu m\u0259zar da\u015f\u0131 sifari\u015f edib. Foto: Fatim\u0259 M\u00f6vlaml\u0131\/JAMnews<\/figcaption><\/figure>\n\n\n\n<p><em>\u201cZaur m\u0259n\u0259 dedi ki, bel\u0259 bir ideya var. M\u0259n d\u0259 d\u0259rhal babam \u00fc\u00e7\u00fcn bunu etm\u0259k ist\u0259diyimi bildirdim. Fikirl\u0259\u015fdim ki, el\u0259m\u0259k laz\u0131md\u0131r. \u00c7\u00fcnki bu yadda\u015fd\u0131r.<\/em><\/p>\n\n\n\n<p><em>M\u0259s\u0259l\u0259n, q\u0131z\u0131m var 14 ya\u015f\u0131nda, biz q\u0259biristanl\u0131\u011fa qohumlar\u0131n m\u0259zar\u0131n\u0131 ziyar\u0259t\u0259 ged\u0259nd\u0259 hiss edir\u0259m ki, onun \u00fc\u00e7\u00fcn maraqs\u0131zd\u0131r. \u00c7\u00fcnki ziyar\u0259t etdiyimiz insanlar\u0131 tan\u0131m\u0131r. Onlar q\u0131z\u0131m ya do\u011fulmam\u0131\u015f, ya da u\u015faq ik\u0259n v\u0259fat edibl\u0259r. El\u0259 b\u00f6y\u00fckl\u0259r d\u0259 art\u0131q ke\u00e7mi\u015fi unudur.<\/em><\/p>\n\n\n\n<p><em>Bizim ail\u0259nin Az\u0259rbaycana k\u00f6\u00e7\u00fc babamla ba\u011fl\u0131d\u0131r. Onu xat\u0131rlam\u0131rlar. Nec\u0259 olub, niy\u0259 k\u00f6\u00e7\u00fcb Az\u0259rbaycana? Onun hekay\u0259sini bil\u0259n t\u0259k-t\u00fck qohumlardan biri bibim sa\u011f qal\u0131b, onun da 82 ya\u015f\u0131 var. M\u0259n d\u0259 ondan soru\u015fanda ki, baba nec\u0259 g\u0259lib bura, g\u00f6r\u00fcr\u0259m onun da yadda\u015f\u0131 kor\u015fal\u0131b. D\u0259qiq xat\u0131rlam\u0131r he\u00e7 n\u0259yi\u201d<\/em>, &#8211; Qri\u015fa dan\u0131\u015f\u0131r.&nbsp;<\/p>\n\n\n\n<p>Onun babas\u0131 Qriqori \u0130vanovi\u00e7 1880-c\u00fc ill\u0259rin sonlar\u0131nda \u00e7ar Rusiyas\u0131nda do\u011fulub. <\/p>\n\n\n\n<figure class=\"wp-block-image size-large is-style-medium-width-image\"><img loading=\"lazy\" decoding=\"async\" width=\"1024\" height=\"768\" src=\"https:\/\/jam-news.net\/app\/uploads\/2024\/04\/7-1-1024x768.jpg\" alt=\"Az\u0259rbaycanda QR kodlu m\u0259zarlar\" class=\"wp-image-86802\" srcset=\"https:\/\/jam-news.net\/app\/uploads\/2024\/04\/7-1-1024x768.jpg 1024w, https:\/\/jam-news.net\/app\/uploads\/2024\/04\/7-1-300x225.jpg 300w, https:\/\/jam-news.net\/app\/uploads\/2024\/04\/7-1-768x576.jpg 768w, https:\/\/jam-news.net\/app\/uploads\/2024\/04\/7-1.jpg 1224w\" sizes=\"auto, (max-width: 1024px) 100vw, 1024px\" \/><figcaption>Qriqori Ko\u00e7nevin m\u0259zar\u0131. Foto: Fatim\u0259 M\u00f6vlaml\u0131\/JAMnews<\/figcaption><\/figure>\n\n\n\n<figure class=\"wp-block-image size-large is-style-medium-width-image\"><img loading=\"lazy\" decoding=\"async\" width=\"1224\" height=\"918\" src=\"https:\/\/jam-news.net\/app\/uploads\/2024\/04\/8-1024x768.jpg\" alt=\"Az\u0259rbaycanda QR kodlu m\u0259zarlar\" class=\"wp-image-86803\" srcset=\"https:\/\/jam-news.net\/app\/uploads\/2024\/04\/8-1024x768.jpg 1024w, https:\/\/jam-news.net\/app\/uploads\/2024\/04\/8-300x225.jpg 300w, https:\/\/jam-news.net\/app\/uploads\/2024\/04\/8-768x576.jpg 768w, https:\/\/jam-news.net\/app\/uploads\/2024\/04\/8.jpg 1224w\" sizes=\"auto, (max-width: 1224px) 100vw, 1224px\" \/><figcaption>Baba Qriqori Ko\u00e7nev Birinci D\u00fcnya M\u00fcharib\u0259si \u0259r\u0259f\u0259sind\u0259 Rusiyadan Az\u0259rbaycana k\u00f6\u00e7\u00fcb. Foto: Fatim\u0259 M\u00f6vlaml\u0131\/JAMnews<\/figcaption><\/figure>\n\n\n\n<p><em>\u201cBirinci D\u00fcnya M\u00fcharib\u0259sinin astanas\u0131nda Rusiyada b\u00f6y\u00fck \u0259rzaq q\u0131tl\u0131\u011f\u0131 ya\u015fanan zaman babam araba\u00e7\u0131 idi, q\u0131r da\u015f\u0131y\u0131rd\u0131. G\u00f6r\u00fcb ki, orada he\u00e7 c\u00fcr dolana bilmir, Az\u0259rbaycana k\u00f6\u00e7m\u0259y\u0259 q\u0259rar verib. D\u00fc\u015f\u00fcn\u00fcb ki, burada \u00f6z\u00fcn\u0259 yeni h\u0259yat qursun. \u018fvv\u0259l g\u0259lib Buzovnaya, bir ne\u00e7\u0259 ild\u0259n sonra is\u0259 M\u0259rd\u0259kanda ya\u015fama\u011fa ba\u015flay\u0131b. N\u0259n\u0259ml\u0259&nbsp;d\u0259 burada tan\u0131\u015f olub evl\u0259nibl\u0259r. N\u0259n\u0259m d\u0259 rusdur, amma daha \u00f6nc\u0259d\u0259n Az\u0259rbaycanda ya\u015fay\u0131rm\u0131\u015f. O vaxtdan ail\u0259miz el\u0259 burada \u2013 M\u0259rd\u0259kanda k\u00f6k sal\u0131b\u201d.&nbsp;<\/em><\/p>\n\n\n\n<p>55 ya\u015fl\u0131 Qri\u015fan\u0131n bir q\u0131z\u0131 v\u0259 bir o\u011flu var. Az\u0259rbaycanl\u0131 h\u0259yat yolda\u015f\u0131 il\u0259 el\u0259 burada \u2013 M\u0259rd\u0259kanda tan\u0131\u015f olub, evl\u0259nibl\u0259r.&nbsp;<\/p>\n\n\n\n<p><em>\u201cRusiyada qohumlar\u0131m\u0131z var. Babam\u0131n q\u0259brinin \u015f\u0259klini \u00e7\u0259kib yollad\u0131m onlara, \u00e7ox b\u0259y\u0259ndil\u0259r. Dig\u0259r qohumlar\u0131m\u0131z \u00fc\u00e7\u00fcn d\u0259 etdir\u0259c\u0259y\u0259m bunu. \u0130st\u0259mir\u0259m ki, bizim ail\u0259nin tarixi unudulsun\u201d<\/em>, &#8211; Qri\u015fa deyir.<\/p>\n\n\n\n<p><em>\u201cAy sa\u011f ol, m\u0259hz el\u0259 bunu deyirdim. Bu t\u0259\u015f\u0259bb\u00fcs el\u0259 tariximizin, xatir\u0259l\u0259rimizin unudulmamas\u0131 \u00fc\u00e7\u00fcnd\u00fcr\u201d, <\/em>&#8211; dey\u0259 Zaur dostu Qri\u015fan\u0131n s\u00f6z\u00fcn\u00fc tamamlay\u0131r.&nbsp;<\/p>\n\n\n\n<p class=\"has-text-align-center has-black-background-color has-background has-medium-font-size\"><strong><span style=\"color:#ffffff\" class=\"color\"><strong>Bizi izl\u0259yin<\/strong> \u00a0\u2013<\/span>\u00a0 <strong><a href=\"https:\/\/twitter.com\/CAMXbr?s=20&amp;t=ocvC6IWtMT41iogtIUDqSQ\" target=\"_blank\" rel=\"noreferrer noopener\"><mark style=\"background-color:rgba(0, 0, 0, 0);color:#00acee\" class=\"has-inline-color\">Twitter<\/mark><\/a><\/strong>\u00a0|\u00a0<strong><a href=\"https:\/\/www.facebook.com\/Jamnyus\" target=\"_blank\" rel=\"noreferrer noopener\"><mark style=\"background-color:rgba(0, 0, 0, 0);color:#4267b2\" class=\"has-inline-color\">Facebok<\/mark><\/a><\/strong><mark style=\"background-color:rgba(0, 0, 0, 0);color:#4267b2\" class=\"has-inline-color\">\u00a0<\/mark>|<strong> <\/strong><a href=\"https:\/\/t.me\/jamnewsaz\" target=\"_blank\" rel=\"noreferrer noopener\"><strong><mark style=\"background-color:rgba(0, 0, 0, 0);color:#0088cc\" class=\"has-inline-color\">Telegram<\/mark><\/strong><\/a><\/strong><\/p>\n","protected":false},"excerpt":{"rendered":"<p>\u0130lk QR kodlu m\u0259zar da\u015f\u0131n\u0131 atas\u0131 \u00fc\u00e7\u00fcn haz\u0131rlam\u0131\u015f Zaur Quliyev bir g\u00fcn bunun b\u00fct\u00fcn \u00f6lk\u0259d\u0259 \u0259n\u0259n\u0259y\u0259 \u00e7evril\u0259c\u0259yin\u0259 inan\u0131r<\/p>\n","protected":false},"author":3,"featured_media":86795,"comment_status":"closed","ping_status":"closed","sticky":false,"template":"","format":"standard","meta":{"_acf_changed":false,"footnotes":""},"categories":[17,25,46,35],"tags":[],"formation":[4037],"post-author":[6153],"topic":[4952],"tooltip":[],"city":[6041],"class_list":["post-86805","post","type-post","status-publish","format-standard","has-post-thumbnail","hentry","category-azrbaycan","category-cmiyyt","category-fotohvalat","category-hekaylr","formation-photo","post-author-fatim-movlamli","topic-azrbaycan","city-baki"],"acf":[],"yoast_head":"<!-- This site is optimized with the Yoast SEO plugin v24.1 - https:\/\/yoast.com\/wordpress\/plugins\/seo\/ -->\n<title>Az\u0259rbaycanda QR kodlu m\u0259zarlar JAMnews<\/title>\n<meta name=\"description\" content=\"M\u0259rd\u0259kan q\u0259biristanl\u0131\u011f\u0131nda adi bir g\u00fcnd\u00fcr. F\u0259hl\u0259l\u0259r yeni m\u0259zarlar \u00fc\u00e7\u00fcn ba\u015fda\u015f\u0131 haz\u0131rlamaqla m\u0259\u015f\u011fuldur. Az\u0259rbaycanda QR kodlu m\u0259zarlar\" \/>\n<meta name=\"robots\" content=\"index, follow, max-snippet:-1, max-image-preview:large, max-video-preview:-1\" \/>\n<link rel=\"canonical\" href=\"https:\/\/jam-news.net\/az\/az\u0259rbaycanda-qr-kodlu-m\u0259zarlar\/\" \/>\n<meta property=\"og:locale\" content=\"az_AZ\" \/>\n<meta property=\"og:type\" content=\"article\" \/>\n<meta property=\"og:title\" content=\"Az\u0259rbaycanda \u201cvirtual m\u0259zarl\u0131q\u201d \u2013 QR kodlar \u00f6l\u0259n insanlar\u0131n hekay\u0259l\u0259rini \u201cdan\u0131\u015f\u0131r\u201d\" \/>\n<meta property=\"og:description\" content=\"M\u0259rd\u0259kan q\u0259biristanl\u0131\u011f\u0131nda adi bir g\u00fcnd\u00fcr. F\u0259hl\u0259l\u0259r yeni m\u0259zarlar \u00fc\u00e7\u00fcn ba\u015fda\u015f\u0131 haz\u0131rlamaqla m\u0259\u015f\u011fuldur. Az\u0259rbaycanda QR kodlu m\u0259zarlar\" \/>\n<meta property=\"og:url\" content=\"https:\/\/jam-news.net\/az\/az\u0259rbaycanda-qr-kodlu-m\u0259zarlar\/\" \/>\n<meta property=\"og:site_name\" content=\"Azerbaijani Jamnews\" \/>\n<meta property=\"article:publisher\" content=\"https:\/\/www.facebook.com\/JAMnewsInEnglish\/\" \/>\n<meta property=\"article:published_time\" content=\"2024-04-16T19:22:41+00:00\" \/>\n<meta property=\"article:modified_time\" content=\"2024-04-18T09:35:14+00:00\" \/>\n<meta property=\"og:image\" content=\"https:\/\/jam-news.net\/app\/uploads\/2024\/04\/2-7.jpg\" \/>\n\t<meta property=\"og:image:width\" content=\"1224\" \/>\n\t<meta property=\"og:image:height\" content=\"918\" \/>\n\t<meta property=\"og:image:type\" content=\"image\/jpeg\" \/>\n<meta name=\"author\" content=\"JAMnews\" \/>\n<meta name=\"twitter:card\" content=\"summary_large_image\" \/>\n<meta name=\"twitter:title\" content=\"Az\u0259rbaycanda \u201cvirtual m\u0259zarl\u0131q\u201d \u2013 QR kodlar \u00f6l\u0259n insanlar\u0131n hekay\u0259l\u0259rini \u201cdan\u0131\u015f\u0131r\u201d\" \/>\n<meta name=\"twitter:creator\" content=\"@JAMnewsCaucasus\" \/>\n<meta name=\"twitter:site\" content=\"@JAMnewsCaucasus\" \/>\n<meta name=\"twitter:label1\" content=\"Written by\" \/>\n\t<meta name=\"twitter:data1\" content=\"JAMnews\" \/>\n\t<meta name=\"twitter:label2\" content=\"Est. reading time\" \/>\n\t<meta name=\"twitter:data2\" content=\"9 minutes\" \/>\n<script type=\"application\/ld+json\" class=\"yoast-schema-graph\">{\"@context\":\"https:\/\/schema.org\",\"@graph\":[{\"@type\":\"Article\",\"@id\":\"https:\/\/jam-news.net\/az\/az%c9%99rbaycanda-qr-kodlu-m%c9%99zarlar\/#article\",\"isPartOf\":{\"@id\":\"https:\/\/jam-news.net\/az\/az%c9%99rbaycanda-qr-kodlu-m%c9%99zarlar\/\"},\"author\":{\"name\":\"JAMnews\",\"@id\":\"https:\/\/jam-news.net\/az\/#\/schema\/person\/67df3bb7adb46cd513fb9c4cb02361c6\"},\"headline\":\"Az\u0259rbaycanda \u201cvirtual m\u0259zarl\u0131q\u201d \u2013 QR kodlar \u00f6l\u0259n insanlar\u0131n hekay\u0259l\u0259rini \u201cdan\u0131\u015f\u0131r\u201d\u00a0\",\"datePublished\":\"2024-04-16T19:22:41+00:00\",\"dateModified\":\"2024-04-18T09:35:14+00:00\",\"mainEntityOfPage\":{\"@id\":\"https:\/\/jam-news.net\/az\/az%c9%99rbaycanda-qr-kodlu-m%c9%99zarlar\/\"},\"wordCount\":2263,\"publisher\":{\"@id\":\"https:\/\/jam-news.net\/az\/#organization\"},\"image\":{\"@id\":\"https:\/\/jam-news.net\/az\/az%c9%99rbaycanda-qr-kodlu-m%c9%99zarlar\/#primaryimage\"},\"thumbnailUrl\":\"https:\/\/jam-news.net\/app\/uploads\/2024\/04\/2-7.jpg\",\"articleSection\":[\"Azerbaijan\",\"Issues\",\"Photo\",\"Stories\"],\"inLanguage\":\"az\"},{\"@type\":\"WebPage\",\"@id\":\"https:\/\/jam-news.net\/az\/az%c9%99rbaycanda-qr-kodlu-m%c9%99zarlar\/\",\"url\":\"https:\/\/jam-news.net\/az\/az%c9%99rbaycanda-qr-kodlu-m%c9%99zarlar\/\",\"name\":\"Az\u0259rbaycanda QR kodlu m\u0259zarlar JAMnews\",\"isPartOf\":{\"@id\":\"https:\/\/jam-news.net\/az\/#website\"},\"primaryImageOfPage\":{\"@id\":\"https:\/\/jam-news.net\/az\/az%c9%99rbaycanda-qr-kodlu-m%c9%99zarlar\/#primaryimage\"},\"image\":{\"@id\":\"https:\/\/jam-news.net\/az\/az%c9%99rbaycanda-qr-kodlu-m%c9%99zarlar\/#primaryimage\"},\"thumbnailUrl\":\"https:\/\/jam-news.net\/app\/uploads\/2024\/04\/2-7.jpg\",\"datePublished\":\"2024-04-16T19:22:41+00:00\",\"dateModified\":\"2024-04-18T09:35:14+00:00\",\"description\":\"M\u0259rd\u0259kan q\u0259biristanl\u0131\u011f\u0131nda adi bir g\u00fcnd\u00fcr. F\u0259hl\u0259l\u0259r yeni m\u0259zarlar \u00fc\u00e7\u00fcn ba\u015fda\u015f\u0131 haz\u0131rlamaqla m\u0259\u015f\u011fuldur. Az\u0259rbaycanda QR kodlu m\u0259zarlar\",\"breadcrumb\":{\"@id\":\"https:\/\/jam-news.net\/az\/az%c9%99rbaycanda-qr-kodlu-m%c9%99zarlar\/#breadcrumb\"},\"inLanguage\":\"az\",\"potentialAction\":[{\"@type\":\"ReadAction\",\"target\":[\"https:\/\/jam-news.net\/az\/az%c9%99rbaycanda-qr-kodlu-m%c9%99zarlar\/\"]}]},{\"@type\":\"ImageObject\",\"inLanguage\":\"az\",\"@id\":\"https:\/\/jam-news.net\/az\/az%c9%99rbaycanda-qr-kodlu-m%c9%99zarlar\/#primaryimage\",\"url\":\"https:\/\/jam-news.net\/app\/uploads\/2024\/04\/2-7.jpg\",\"contentUrl\":\"https:\/\/jam-news.net\/app\/uploads\/2024\/04\/2-7.jpg\",\"width\":1224,\"height\":918},{\"@type\":\"BreadcrumbList\",\"@id\":\"https:\/\/jam-news.net\/az\/az%c9%99rbaycanda-qr-kodlu-m%c9%99zarlar\/#breadcrumb\",\"itemListElement\":[{\"@type\":\"ListItem\",\"position\":1,\"name\":\"Home\",\"item\":\"https:\/\/jam-news.net\/az\/\"},{\"@type\":\"ListItem\",\"position\":2,\"name\":\"Az\u0259rbaycanda \u201cvirtual m\u0259zarl\u0131q\u201d \u2013 QR kodlar \u00f6l\u0259n insanlar\u0131n hekay\u0259l\u0259rini \u201cdan\u0131\u015f\u0131r\u201d\u00a0\"}]},{\"@type\":\"WebSite\",\"@id\":\"https:\/\/jam-news.net\/az\/#website\",\"url\":\"https:\/\/jam-news.net\/az\/\",\"name\":\"Azerbaijani Jamnews\",\"description\":\"Caucasus News, Politics and Society\",\"publisher\":{\"@id\":\"https:\/\/jam-news.net\/az\/#organization\"},\"potentialAction\":[{\"@type\":\"SearchAction\",\"target\":{\"@type\":\"EntryPoint\",\"urlTemplate\":\"https:\/\/jam-news.net\/az\/?s={search_term_string}\"},\"query-input\":{\"@type\":\"PropertyValueSpecification\",\"valueRequired\":true,\"valueName\":\"search_term_string\"}}],\"inLanguage\":\"az\"},{\"@type\":\"Organization\",\"@id\":\"https:\/\/jam-news.net\/az\/#organization\",\"name\":\"JAMnews\",\"url\":\"https:\/\/jam-news.net\/az\/\",\"logo\":{\"@type\":\"ImageObject\",\"inLanguage\":\"az\",\"@id\":\"https:\/\/jam-news.net\/az\/#\/schema\/logo\/image\/\",\"url\":\"https:\/\/jam-news.net\/app\/uploads\/2020\/05\/JAM_w.jpg\",\"contentUrl\":\"https:\/\/jam-news.net\/app\/uploads\/2020\/05\/JAM_w.jpg\",\"width\":960,\"height\":960,\"caption\":\"JAMnews\"},\"image\":{\"@id\":\"https:\/\/jam-news.net\/az\/#\/schema\/logo\/image\/\"},\"sameAs\":[\"https:\/\/www.facebook.com\/JAMnewsInEnglish\/\",\"https:\/\/x.com\/JAMnewsCaucasus\",\"https:\/\/www.instagram.com\/jam_news\/\",\"https:\/\/www.youtube.com\/channel\/UCXQbUCme2pykuZYXWHx4VPg\"]},{\"@type\":\"Person\",\"@id\":\"https:\/\/jam-news.net\/az\/#\/schema\/person\/67df3bb7adb46cd513fb9c4cb02361c6\",\"name\":\"JAMnews\",\"image\":{\"@type\":\"ImageObject\",\"inLanguage\":\"az\",\"@id\":\"https:\/\/jam-news.net\/az\/#\/schema\/person\/image\/\",\"url\":\"https:\/\/secure.gravatar.com\/avatar\/e5c27593ef900c3ab3deed4ed1c653d7?s=96&d=mm&r=g\",\"contentUrl\":\"https:\/\/secure.gravatar.com\/avatar\/e5c27593ef900c3ab3deed4ed1c653d7?s=96&d=mm&r=g\",\"caption\":\"JAMnews\"},\"url\":\"https:\/\/jam-news.net\/az\/author\/margarita\/\"}]}<\/script>\n<!-- \/ Yoast SEO plugin. -->","yoast_head_json":{"title":"Az\u0259rbaycanda QR kodlu m\u0259zarlar JAMnews","description":"M\u0259rd\u0259kan q\u0259biristanl\u0131\u011f\u0131nda adi bir g\u00fcnd\u00fcr. F\u0259hl\u0259l\u0259r yeni m\u0259zarlar \u00fc\u00e7\u00fcn ba\u015fda\u015f\u0131 haz\u0131rlamaqla m\u0259\u015f\u011fuldur. Az\u0259rbaycanda QR kodlu m\u0259zarlar","robots":{"index":"index","follow":"follow","max-snippet":"max-snippet:-1","max-image-preview":"max-image-preview:large","max-video-preview":"max-video-preview:-1"},"canonical":"https:\/\/jam-news.net\/az\/az\u0259rbaycanda-qr-kodlu-m\u0259zarlar\/","og_locale":"az_AZ","og_type":"article","og_title":"Az\u0259rbaycanda \u201cvirtual m\u0259zarl\u0131q\u201d \u2013 QR kodlar \u00f6l\u0259n insanlar\u0131n hekay\u0259l\u0259rini \u201cdan\u0131\u015f\u0131r\u201d","og_description":"M\u0259rd\u0259kan q\u0259biristanl\u0131\u011f\u0131nda adi bir g\u00fcnd\u00fcr. F\u0259hl\u0259l\u0259r yeni m\u0259zarlar \u00fc\u00e7\u00fcn ba\u015fda\u015f\u0131 haz\u0131rlamaqla m\u0259\u015f\u011fuldur. Az\u0259rbaycanda QR kodlu m\u0259zarlar","og_url":"https:\/\/jam-news.net\/az\/az\u0259rbaycanda-qr-kodlu-m\u0259zarlar\/","og_site_name":"Azerbaijani Jamnews","article_publisher":"https:\/\/www.facebook.com\/JAMnewsInEnglish\/","article_published_time":"2024-04-16T19:22:41+00:00","article_modified_time":"2024-04-18T09:35:14+00:00","og_image":[{"width":1224,"height":918,"url":"https:\/\/jam-news.net\/app\/uploads\/2024\/04\/2-7.jpg","type":"image\/jpeg"}],"author":"JAMnews","twitter_card":"summary_large_image","twitter_title":"Az\u0259rbaycanda \u201cvirtual m\u0259zarl\u0131q\u201d \u2013 QR kodlar \u00f6l\u0259n insanlar\u0131n hekay\u0259l\u0259rini \u201cdan\u0131\u015f\u0131r\u201d","twitter_creator":"@JAMnewsCaucasus","twitter_site":"@JAMnewsCaucasus","twitter_misc":{"Written by":"JAMnews","Est. reading time":"9 minutes"},"schema":{"@context":"https:\/\/schema.org","@graph":[{"@type":"Article","@id":"https:\/\/jam-news.net\/az\/az%c9%99rbaycanda-qr-kodlu-m%c9%99zarlar\/#article","isPartOf":{"@id":"https:\/\/jam-news.net\/az\/az%c9%99rbaycanda-qr-kodlu-m%c9%99zarlar\/"},"author":{"name":"JAMnews","@id":"https:\/\/jam-news.net\/az\/#\/schema\/person\/67df3bb7adb46cd513fb9c4cb02361c6"},"headline":"Az\u0259rbaycanda \u201cvirtual m\u0259zarl\u0131q\u201d \u2013 QR kodlar \u00f6l\u0259n insanlar\u0131n hekay\u0259l\u0259rini \u201cdan\u0131\u015f\u0131r\u201d\u00a0","datePublished":"2024-04-16T19:22:41+00:00","dateModified":"2024-04-18T09:35:14+00:00","mainEntityOfPage":{"@id":"https:\/\/jam-news.net\/az\/az%c9%99rbaycanda-qr-kodlu-m%c9%99zarlar\/"},"wordCount":2263,"publisher":{"@id":"https:\/\/jam-news.net\/az\/#organization"},"image":{"@id":"https:\/\/jam-news.net\/az\/az%c9%99rbaycanda-qr-kodlu-m%c9%99zarlar\/#primaryimage"},"thumbnailUrl":"https:\/\/jam-news.net\/app\/uploads\/2024\/04\/2-7.jpg","articleSection":["Azerbaijan","Issues","Photo","Stories"],"inLanguage":"az"},{"@type":"WebPage","@id":"https:\/\/jam-news.net\/az\/az%c9%99rbaycanda-qr-kodlu-m%c9%99zarlar\/","url":"https:\/\/jam-news.net\/az\/az%c9%99rbaycanda-qr-kodlu-m%c9%99zarlar\/","name":"Az\u0259rbaycanda QR kodlu m\u0259zarlar JAMnews","isPartOf":{"@id":"https:\/\/jam-news.net\/az\/#website"},"primaryImageOfPage":{"@id":"https:\/\/jam-news.net\/az\/az%c9%99rbaycanda-qr-kodlu-m%c9%99zarlar\/#primaryimage"},"image":{"@id":"https:\/\/jam-news.net\/az\/az%c9%99rbaycanda-qr-kodlu-m%c9%99zarlar\/#primaryimage"},"thumbnailUrl":"https:\/\/jam-news.net\/app\/uploads\/2024\/04\/2-7.jpg","datePublished":"2024-04-16T19:22:41+00:00","dateModified":"2024-04-18T09:35:14+00:00","description":"M\u0259rd\u0259kan q\u0259biristanl\u0131\u011f\u0131nda adi bir g\u00fcnd\u00fcr. F\u0259hl\u0259l\u0259r yeni m\u0259zarlar \u00fc\u00e7\u00fcn ba\u015fda\u015f\u0131 haz\u0131rlamaqla m\u0259\u015f\u011fuldur. Az\u0259rbaycanda QR kodlu m\u0259zarlar","breadcrumb":{"@id":"https:\/\/jam-news.net\/az\/az%c9%99rbaycanda-qr-kodlu-m%c9%99zarlar\/#breadcrumb"},"inLanguage":"az","potentialAction":[{"@type":"ReadAction","target":["https:\/\/jam-news.net\/az\/az%c9%99rbaycanda-qr-kodlu-m%c9%99zarlar\/"]}]},{"@type":"ImageObject","inLanguage":"az","@id":"https:\/\/jam-news.net\/az\/az%c9%99rbaycanda-qr-kodlu-m%c9%99zarlar\/#primaryimage","url":"https:\/\/jam-news.net\/app\/uploads\/2024\/04\/2-7.jpg","contentUrl":"https:\/\/jam-news.net\/app\/uploads\/2024\/04\/2-7.jpg","width":1224,"height":918},{"@type":"BreadcrumbList","@id":"https:\/\/jam-news.net\/az\/az%c9%99rbaycanda-qr-kodlu-m%c9%99zarlar\/#breadcrumb","itemListElement":[{"@type":"ListItem","position":1,"name":"Home","item":"https:\/\/jam-news.net\/az\/"},{"@type":"ListItem","position":2,"name":"Az\u0259rbaycanda \u201cvirtual m\u0259zarl\u0131q\u201d \u2013 QR kodlar \u00f6l\u0259n insanlar\u0131n hekay\u0259l\u0259rini \u201cdan\u0131\u015f\u0131r\u201d\u00a0"}]},{"@type":"WebSite","@id":"https:\/\/jam-news.net\/az\/#website","url":"https:\/\/jam-news.net\/az\/","name":"Azerbaijani Jamnews","description":"Caucasus News, Politics and Society","publisher":{"@id":"https:\/\/jam-news.net\/az\/#organization"},"potentialAction":[{"@type":"SearchAction","target":{"@type":"EntryPoint","urlTemplate":"https:\/\/jam-news.net\/az\/?s={search_term_string}"},"query-input":{"@type":"PropertyValueSpecification","valueRequired":true,"valueName":"search_term_string"}}],"inLanguage":"az"},{"@type":"Organization","@id":"https:\/\/jam-news.net\/az\/#organization","name":"JAMnews","url":"https:\/\/jam-news.net\/az\/","logo":{"@type":"ImageObject","inLanguage":"az","@id":"https:\/\/jam-news.net\/az\/#\/schema\/logo\/image\/","url":"https:\/\/jam-news.net\/app\/uploads\/2020\/05\/JAM_w.jpg","contentUrl":"https:\/\/jam-news.net\/app\/uploads\/2020\/05\/JAM_w.jpg","width":960,"height":960,"caption":"JAMnews"},"image":{"@id":"https:\/\/jam-news.net\/az\/#\/schema\/logo\/image\/"},"sameAs":["https:\/\/www.facebook.com\/JAMnewsInEnglish\/","https:\/\/x.com\/JAMnewsCaucasus","https:\/\/www.instagram.com\/jam_news\/","https:\/\/www.youtube.com\/channel\/UCXQbUCme2pykuZYXWHx4VPg"]},{"@type":"Person","@id":"https:\/\/jam-news.net\/az\/#\/schema\/person\/67df3bb7adb46cd513fb9c4cb02361c6","name":"JAMnews","image":{"@type":"ImageObject","inLanguage":"az","@id":"https:\/\/jam-news.net\/az\/#\/schema\/person\/image\/","url":"https:\/\/secure.gravatar.com\/avatar\/e5c27593ef900c3ab3deed4ed1c653d7?s=96&d=mm&r=g","contentUrl":"https:\/\/secure.gravatar.com\/avatar\/e5c27593ef900c3ab3deed4ed1c653d7?s=96&d=mm&r=g","caption":"JAMnews"},"url":"https:\/\/jam-news.net\/az\/author\/margarita\/"}]}},"_links":{"self":[{"href":"https:\/\/jam-news.net\/az\/wp-json\/wp\/v2\/posts\/86805","targetHints":{"allow":["GET"]}}],"collection":[{"href":"https:\/\/jam-news.net\/az\/wp-json\/wp\/v2\/posts"}],"about":[{"href":"https:\/\/jam-news.net\/az\/wp-json\/wp\/v2\/types\/post"}],"author":[{"embeddable":true,"href":"https:\/\/jam-news.net\/az\/wp-json\/wp\/v2\/users\/3"}],"replies":[{"embeddable":true,"href":"https:\/\/jam-news.net\/az\/wp-json\/wp\/v2\/comments?post=86805"}],"version-history":[{"count":3,"href":"https:\/\/jam-news.net\/az\/wp-json\/wp\/v2\/posts\/86805\/revisions"}],"predecessor-version":[{"id":86900,"href":"https:\/\/jam-news.net\/az\/wp-json\/wp\/v2\/posts\/86805\/revisions\/86900"}],"wp:featuredmedia":[{"embeddable":true,"href":"https:\/\/jam-news.net\/az\/wp-json\/wp\/v2\/media\/86795"}],"wp:attachment":[{"href":"https:\/\/jam-news.net\/az\/wp-json\/wp\/v2\/media?parent=86805"}],"wp:term":[{"taxonomy":"category","embeddable":true,"href":"https:\/\/jam-news.net\/az\/wp-json\/wp\/v2\/categories?post=86805"},{"taxonomy":"post_tag","embeddable":true,"href":"https:\/\/jam-news.net\/az\/wp-json\/wp\/v2\/tags?post=86805"},{"taxonomy":"formation","embeddable":true,"href":"https:\/\/jam-news.net\/az\/wp-json\/wp\/v2\/formation?post=86805"},{"taxonomy":"post-author","embeddable":true,"href":"https:\/\/jam-news.net\/az\/wp-json\/wp\/v2\/post-author?post=86805"},{"taxonomy":"topic","embeddable":true,"href":"https:\/\/jam-news.net\/az\/wp-json\/wp\/v2\/topic?post=86805"},{"taxonomy":"tooltip","embeddable":true,"href":"https:\/\/jam-news.net\/az\/wp-json\/wp\/v2\/tooltip?post=86805"},{"taxonomy":"city","embeddable":true,"href":"https:\/\/jam-news.net\/az\/wp-json\/wp\/v2\/city?post=86805"}],"curies":[{"name":"wp","href":"https:\/\/api.w.org\/{rel}","templated":true}]}}