{"id":85334,"date":"2024-02-22T20:24:54","date_gmt":"2024-02-22T16:24:54","guid":{"rendered":"https:\/\/jam-news.net\/az\/?p=85334"},"modified":"2024-02-22T20:24:56","modified_gmt":"2024-02-22T16:24:56","slug":"az%c9%99rbaycan-v%c9%99-turk-dunyasi","status":"publish","type":"post","link":"https:\/\/jam-news.net\/az\/az%c9%99rbaycan-v%c9%99-turk-dunyasi\/","title":{"rendered":"\u201cT\u00fcrk d\u00fcnyas\u0131 Az\u0259rbaycan\u0131n xarici siyas\u0259tinin prioritetidir\u201d. Bak\u0131dan bax\u0131\u015f"},"content":{"rendered":"\n<p style=\"font-size:8px\"><em>Az\u0259rbaycan v\u0259 t\u00fcrk d\u00fcnyas\u0131<\/em><\/p>\n\n\n\n<p>T\u00fcrk D\u00f6vl\u0259tl\u0259ri T\u0259\u015fkilat\u0131na \u00fczv \u00f6lk\u0259l\u0259rl\u0259 \u0259laq\u0259l\u0259r <a href=\"https:\/\/jam-news.net\/az\/category\/cografiya\/az%c9%99rbaycan\/\" target=\"_blank\" rel=\"noreferrer noopener\">Az\u0259rbaycan\u0131n<\/a> xarici siyas\u0259tinin yeni vektoru adland\u0131r\u0131l\u0131r. \u201cBu, bizim \u00fc\u00e7\u00fcn \u0259sas beyn\u0259lxalq t\u0259\u015fkilatd\u0131r, \u00e7\u00fcnki bu, bizim ail\u0259mizdir. Bizim ba\u015fqa ail\u0259miz yoxdur. Bizim ail\u0259miz t\u00fcrk d\u00fcnyas\u0131d\u0131r\u201d, &#8211; dey\u0259 prezident \u0130lham \u018fliyev bildirib. Az\u0259rbaycanl\u0131 ekspertl\u0259rin fikrinc\u0259, \u0259g\u0259r Az\u0259rbaycan M\u0259rk\u0259zi Asiya vasit\u0259sil\u0259 geosiyasi prosesl\u0259rd\u0259n maksimum yararlanmaq ist\u0259yirs\u0259, \u201cQ\u0259rb investisiyalar\u0131na yol verm\u0259li, lakin eyni zamanda Rusiya il\u0259 m\u00fcnasib\u0259tl\u0259rd\u0259 balans\u0131 qoruma\u011fa m\u0259cburdur\u201d.<\/p>\n\n\n\n<hr class=\"wp-block-separator has-alpha-channel-opacity\"\/>\n\n\n\n<ul class=\"wp-block-list\"><li><a href=\"https:\/\/jam-news.net\/az\/kamil-zeynalli-rusiyada-saxlanilib\/\" target=\"_blank\" rel=\"noreferrer noopener\">Erm\u0259nistan\u0131n t\u0259l\u0259bil\u0259 Moskvada Az\u0259rbaycan v\u0259t\u0259nda\u015f\u0131 saxlan\u0131l\u0131b<\/a><\/li><li><a href=\"https:\/\/jam-news.net\/az\/navalni-v%c9%99-az%c9%99rbaycandaki-siyasi-m%c9%99hbuslar\/\" target=\"_blank\" rel=\"noreferrer noopener\">Navaln\u0131n\u0131n \u00f6l\u00fcm\u00fc Az\u0259rbaycana t\u0259sir ed\u0259 bil\u0259rmi? Bak\u0131dan \u015f\u0259rhl\u0259r<\/a><\/li><li><a href=\"https:\/\/jam-news.net\/az\/flora-hostel-v%c9%99-bakinin-yaradici-g%c9%99ncl%c9%99ri\/\" target=\"_blank\" rel=\"noreferrer noopener\">\u201cFlora Hostel\u201d \u2013 m\u00fcxt\u0259lif inc\u0259s\u0259n\u0259t n\u00f6vl\u0259rini bir dam alt\u0131nda birl\u0259\u015fdir\u0259n m\u0259kan<\/a><\/li><\/ul>\n\n\n\n<hr class=\"wp-block-separator has-alpha-channel-opacity\"\/>\n\n\n\n<p>\u201cPrezident \u0130lham \u018fliyev yeni d\u00f6vrd\u0259 Az\u0259rbaycan xarici siyas\u0259tinin \u0259sas istiqam\u0259tinin T\u00fcrk d\u00fcnyas\u0131 il\u0259 \u0259laq\u0259l\u0259r olaca\u011f\u0131n\u0131 elan etdi\u201d, &#8211; \u201c\u015e\u0259rq\u0259 Bax\u0131\u015f\u201d analitikl\u0259rinin m\u0259qal\u0259sind\u0259 deyilir.<\/p>\n\n\n\n<p>Onlar\u0131n fikrinc\u0259, Az\u0259rbaycan\u0131n T\u00fcrk d\u00fcnyas\u0131 il\u0259 m\u00fcnasib\u0259tl\u0259rinin dinamiklik qazanmas\u0131n\u0131n geosiyasi arxa plan\u0131 var. \u201cD\u00fcnyan\u0131n ba\u015fl\u0131ca d\u00f6vl\u0259tl\u0259rinin X\u0259z\u0259r h\u00f6vz\u0259si v\u0259 M\u0259rk\u0259zi Asiya regionuna mara\u011f\u0131n\u0131n artmas\u0131 Az\u0259rbaycan\u0131n da strateji \u0259h\u0259miyy\u0259tin\u0259 yeni m\u00fcst\u0259vi qazand\u0131r\u0131r v\u0259 bel\u0259 g\u00f6r\u00fcn\u00fcr ki, Az\u0259rbaycan r\u0259hb\u0259rliyi yeni d\u00f6vr\u00fcn xarici siyas\u0259tini bu \u0259h\u0259miyy\u0259t \u00fcz\u0259rind\u0259 qurmaq ist\u0259yir. Burada x\u00fcsusil\u0259, T\u00fcrk D\u00f6vl\u0259tl\u0259ri T\u0259\u015fkilat\u0131n\u0131n b\u00f6y\u00fck rol oynamas\u0131 g\u00f6zl\u0259nilir\u201d, &#8211; dey\u0259 ekspertl\u0259r vur\u011fulay\u0131rlar.<\/p>\n\n\n\n<div class=\"wp-block-group has-background\" style=\"background-color:#ced8e1\"><div class=\"wp-block-group__inner-container is-layout-flow wp-block-group-is-layout-flow\">\n<p><strong>Az\u0259rbaycan prezidenti \u0130lham \u018fliyev fevral\u0131n 14-d\u0259 r\u0259smi andi\u00e7m\u0259 m\u0259rasimind\u0259ki \u00e7\u0131x\u0131\u015f\u0131nda deyib:<\/strong><\/p>\n\n\n\n<p><em>\u201cBiz beyn\u0259lxalq t\u0259\u015fkilatlarla ba\u011fl\u0131 bundan sonra da \u00f6z add\u0131mlar\u0131m\u0131z\u0131 ataca\u011f\u0131q, ilk n\u00f6vb\u0259d\u0259, T\u00fcrk D\u00f6vl\u0259tl\u0259ri T\u0259\u015fkilat\u0131 \u00e7\u0259r\u00e7iv\u0259sind\u0259 s\u0259yl\u0259rimizi davam etdir\u0259c\u0259yik. Bu, bizim \u00fc\u00e7\u00fcn prioritetdir, m\u0259n bunu a\u00e7\u0131q dem\u0259k ist\u0259yir\u0259m, y\u0259qin ki, indi apar\u0131lan siyas\u0259t d\u0259 h\u0259r k\u0259s\u0259 bunu ayd\u0131n g\u00f6st\u0259rir. Bu, bizim \u00fc\u00e7\u00fcn \u0259sas beyn\u0259lxalq t\u0259\u015fkilatd\u0131r, \u00e7\u00fcnki bu, bizim ail\u0259mizdir. Bizim ba\u015fqa ail\u0259miz yoxdur. Bizim ail\u0259miz T\u00fcrk d\u00fcnyas\u0131d\u0131r.<\/em><\/p>\n\n\n\n<p><em>\u018fg\u0259r kims\u0259 hesab edir ki, biz ba\u015fqa yerd\u0259 ail\u0259 axtarmal\u0131y\u0131q, dey\u0259 bil\u0259r\u0259m ki, bizi he\u00e7 yerd\u0259 g\u00f6zl\u0259mirl\u0259r v\u0259 bunu art\u0131q gizl\u0259tmirl\u0259r. \u018fg\u0259r \u0259vv\u0259lki ill\u0259rd\u0259, x\u00fcsusil\u0259 i\u015f\u011fal d\u00f6vr\u00fcnd\u0259 bizi \u00e7a\u015fd\u0131rmaq \u00fc\u00e7\u00fcn, y\u0259ni, g\u00f6zd\u0259n p\u0259rd\u0259 asmaq \u00fc\u00e7\u00fcn m\u00fc\u0259yy\u0259n v\u0259dl\u0259rl\u0259 c\u0259lb etm\u0259y\u0259 \u00e7al\u0131\u015f\u0131rd\u0131larsa, indi o maskalar da y\u0131rt\u0131ld\u0131 v\u0259 a\u00e7\u0131q-ayd\u0131n burada ayr\u0131c\u0131 x\u0259tl\u0259r m\u00fc\u015fahid\u0259 olunur. Biz o ay\u0131r\u0131c\u0131 x\u0259tl\u0259ri \u00e7\u0259km\u0259mi\u015fik, biz bu ayr\u0131c\u0131 x\u0259tl\u0259rin \u0259leyhin\u0259yik.<\/em><\/p>\n\n\n\n<p><em>Biz h\u0259tta, c\u0259mi \u00fc\u00e7 \u00f6lk\u0259nin yerl\u0259\u015fdiyi C\u0259nubi Qafqazda bu g\u00fcn bu ayr\u0131c\u0131 x\u0259tl\u0259ri a\u00e7\u0131q-ayd\u0131n g\u00f6r\u00fcr\u00fck. Bel\u0259 olan halda, bizi haradasa q\u0259bul etm\u0259k ist\u0259m\u0259y\u0259nl\u0259r\u0259 biz ba\u015f \u0259ym\u0259liyikmi? Q\u0259tiyy\u0259n, bu, olmayacaq!<\/em><\/p>\n\n\n\n<p><em>Bizim ail\u0259miz T\u00fcrk d\u00fcnyas\u0131d\u0131r. Biz \u00f6z\u00fcm\u00fcz\u00fc \u00e7ox yax\u015f\u0131 hiss edirik. T\u00fcrk D\u00f6vl\u0259tl\u0259ri T\u0259\u015fkilat\u0131na \u00fczv olan b\u00fct\u00fcn \u00f6lk\u0259l\u0259rl\u0259 qarda\u015fl\u0131q m\u00fcnasib\u0259tl\u0259rimiz var v\u0259 bizim siyas\u0259timiz T\u00fcrk D\u00f6vl\u0259tl\u0259ri T\u0259\u015fkilat\u0131n\u0131 g\u00fccl\u0259ndirm\u0259kdir. Bu, b\u00f6y\u00fck co\u011frafiyad\u0131r, b\u00f6y\u00fck \u0259razidir, b\u00f6y\u00fck h\u0259rbi g\u00fccd\u00fcr, b\u00f6y\u00fck iqtisadiyyatd\u0131r, t\u0259bii s\u0259rv\u0259tl\u0259rdir, n\u0259qliyyat yollar\u0131d\u0131r, g\u0259nc \u0259halidir, artan \u0259halidir v\u0259 bir soydan, k\u00f6kd\u0259n olan xalqlard\u0131r. Bundan g\u00fccl\u00fc birlik ola bil\u0259rmi? \u018flb\u0259tt\u0259 ki, yox.<\/em><\/p>\n\n\n\n<p><em>Biz m\u00fc\u015ft\u0259r\u0259k s\u0259yl\u0259rl\u0259 el\u0259 etm\u0259liyik ki, T\u00fcrk D\u00f6vl\u0259tl\u0259ri T\u0259\u015fkilat\u0131 qlobal arenada \u00f6n\u0259mli aktora v\u0259 g\u00fcc m\u0259rk\u0259zin\u0259 \u00e7evrilsin. Buna biz ancaq birlikd\u0259 nail ola bil\u0259rik\u201d.<\/em><\/p>\n<\/div><\/div>\n\n\n\n<p>\u201cAz\u0259rbaycan\u0131n M\u0259rk\u0259zi Asiyadan g\u00f6zl\u0259ntil\u0259rinin oldu\u011fu kimi, M\u0259rk\u0259zi Asiyan\u0131n da Az\u0259rbaycandan \u00f6z\u0259l g\u00f6zl\u0259ntil\u0259ri var. M\u0259rk\u0259zi Asiya \u00f6lk\u0259l\u0259rin\u0259 h\u0259m \u00c7ini balansla\u015fd\u0131rmaq, h\u0259m d\u0259 inki\u015faf etm\u0259k \u00fc\u00e7\u00fcn b\u00f6y\u00fck miqdarda s\u0259rmay\u0259 laz\u0131md\u0131r. Bu miqdarda s\u0259rmay\u0259 imkanlar\u0131 olmasa da, Az\u0259rbaycan co\u011frafi m\u00f6vqeyind\u0259n istifad\u0259 ed\u0259r\u0259k M\u0259rk\u0259zi Asiya il\u0259 T\u00fcrkiy\u0259, h\u0259m\u00e7inin Q\u0259rb aras\u0131nda k\u00f6rp\u00fc rolunu oynaya bil\u0259r.<\/p>\n\n\n\n<p>T\u0259bii ki, bunu ed\u0259rk\u0259n Rusiya il\u0259 m\u00fcnasib\u0259tl\u0259rin pozulmamas\u0131 z\u0259ruridir. \u00c7\u00fcnki X\u0259z\u0259rin \u015f\u0259rqind\u0259 qalan M\u0259rk\u0259zi Asiya \u00f6lk\u0259l\u0259rinin Rusiya qar\u015f\u0131s\u0131nda manevr imkanlar\u0131 olduqca limitlidir. Real t\u0259hl\u00fck\u0259sizlik qarantiyalar\u0131 olmad\u0131qca, M\u0259rk\u0259zi Asiya \u00f6lk\u0259l\u0259ri Rusiya il\u0259 m\u00fcnasib\u0259tl\u0259rd\u0259 daima t\u0259mkinli davranacaqlar v\u0259 Az\u0259rbaycan\u0131n da bu x\u0259td\u0259 qalmas\u0131n\u0131 ist\u0259y\u0259c\u0259kl\u0259r.<\/p>\n\n\n\n<figure class=\"wp-block-image size-full\"><img loading=\"lazy\" decoding=\"async\" width=\"1024\" height=\"391\" src=\"https:\/\/jam-news.net\/app\/uploads\/2024\/02\/15308.jpg\" alt=\"\" class=\"wp-image-85328\" srcset=\"https:\/\/jam-news.net\/app\/uploads\/2024\/02\/15308.jpg 1024w, https:\/\/jam-news.net\/app\/uploads\/2024\/02\/15308-300x115.jpg 300w, https:\/\/jam-news.net\/app\/uploads\/2024\/02\/15308-768x293.jpg 768w\" sizes=\"auto, (max-width: 1024px) 100vw, 1024px\" \/><\/figure>\n\n\n\n<p class=\"has-background\" style=\"background-color:#cbd5da\"><strong>T\u00fcrk D\u00f6vl\u0259tl\u0259ri T\u0259\u015fkilat\u0131na<\/strong> be\u015f tamh\u00fcquqlu \u00fczv (Az\u0259rbaycan, Qazax\u0131stan, Q\u0131r\u011f\u0131z\u0131stan, T\u00fcrkiy\u0259 v\u0259 \u00d6zb\u0259kistan), h\u0259m\u00e7inin \u00fc\u00e7 m\u00fc\u015fahid\u0259\u00e7i \u00f6lk\u0259 (Macar\u0131stan, T\u00fcrkm\u0259nistan v\u0259 tan\u0131nmam\u0131\u015f \u015eimali Kipr T\u00fcrk Respublikas\u0131) daxildir.<\/p>\n\n\n\n<p>Y\u0259ni, Az\u0259rbaycan M\u0259rk\u0259zi Asiya \u00fcz\u0259rind\u0259 c\u0259r\u0259yan ed\u0259n geosiyasi prosesl\u0259rd\u0259n maksimum qazanmaq v\u0259 strateji \u0259h\u0259miyy\u0259tini art\u0131rmaq ist\u0259yirs\u0259, h\u0259m Q\u0259rb s\u0259rmay\u0259sin\u0259 ke\u00e7id verm\u0259k, h\u0259m d\u0259 Rusiya il\u0259 balans\u0131 qorumaq m\u0259cburiyy\u0259tind\u0259dir. \u0130ndiki reall\u0131qlarda bel\u0259 bir oyun qurmaq m\u00fcmk\u00fcn g\u00f6r\u00fcnm\u00fcr.<\/p>\n\n\n\n<p>S\u00f6zs\u00fcz ki, tarix, m\u0259d\u0259niyy\u0259t, dil, etniklik v\u0259 din kimi ortaql\u0131qlar Az\u0259rbaycan\u0131n M\u0259rk\u0259zi Asiya il\u0259 \u0259laq\u0259l\u0259rin\u0259 b\u00f6y\u00fck t\u0259kan verir v\u0259 bu ortaql\u0131qlar Az\u0259rbaycana \u00d6zb\u0259kistan kimi \u00f6n\u0259mli bir m\u00fctt\u0259fiq qazand\u0131r\u0131b.<\/p>\n\n\n\n<p>Ancaq manevr imkanlar\u0131n\u0131n limitl\u0259rini s\u0259rmay\u0259 y\u0259ni, pul m\u00fc\u0259yy\u0259n edir. Az\u0259rbaycan M\u0259rk\u0259zi Asiyaya s\u0259rmay\u0259 qazand\u0131ra bilm\u0259s\u0259, M\u0259rk\u0259zi Asiya n\u0259zdind\u0259 t\u00fcrk x\u0259tti m\u0259n\u0259vi prizma kimi qalacaq v\u0259 real bir g\u00fcc m\u0259rk\u0259zi kimi g\u00f6r\u00fclm\u0259y\u0259c\u0259k. X\u0259z\u0259rin \u015f\u0259rq sahilind\u0259 i\u015fl\u0259r g\u00f6r\u00fcnd\u00fcy\u00fcnd\u0259n daha m\u00fcr\u0259kk\u0259bdir\u201d, &#8211; az\u0259rbaycanl\u0131 analitikl\u0259r qeyd edibl\u0259r.<\/p>\n\n\n\n<p class=\"has-text-align-center has-black-background-color has-background has-medium-font-size\"><strong><span style=\"color:#ffffff\" class=\"color\"><strong>Bizi izl\u0259yin<\/strong> \u00a0\u2013<\/span>\u00a0 <strong><a href=\"https:\/\/twitter.com\/CAMXbr?s=20&amp;t=ocvC6IWtMT41iogtIUDqSQ\" target=\"_blank\" rel=\"noreferrer noopener\"><mark style=\"background-color:rgba(0, 0, 0, 0);color:#00acee\" class=\"has-inline-color\">Twitter<\/mark><\/a><\/strong>\u00a0|\u00a0<strong><a href=\"https:\/\/www.facebook.com\/Jamnyus\" target=\"_blank\" rel=\"noreferrer noopener\"><mark style=\"background-color:rgba(0, 0, 0, 0);color:#4267b2\" class=\"has-inline-color\">Facebok<\/mark><\/a><\/strong><mark style=\"background-color:rgba(0, 0, 0, 0);color:#4267b2\" class=\"has-inline-color\">\u00a0<\/mark>|<strong> <\/strong><a href=\"https:\/\/t.me\/jamnewsaz\" target=\"_blank\" rel=\"noreferrer noopener\"><strong><mark style=\"background-color:rgba(0, 0, 0, 0);color:#0088cc\" class=\"has-inline-color\">Telegram<\/mark><\/strong><\/a><\/strong><\/p>\n","protected":false},"excerpt":{"rendered":"<p>T\u00fcrk D\u00f6vl\u0259tl\u0259ri T\u0259\u015fkilat\u0131na \u00fczv \u00f6lk\u0259l\u0259rl\u0259 \u0259laq\u0259l\u0259r Az\u0259rbaycan\u0131n xarici siyas\u0259tinin yeni vektoru adland\u0131r\u0131l\u0131r. <\/p>\n","protected":false},"author":3,"featured_media":85327,"comment_status":"closed","ping_status":"closed","sticky":false,"template":"","format":"standard","meta":{"_acf_changed":false,"footnotes":""},"categories":[17,25,50,49,5],"tags":[],"formation":[],"post-author":[2888],"topic":[4952],"tooltip":[],"city":[6041],"class_list":["post-85334","post","type-post","status-publish","format-standard","has-post-thumbnail","hentry","category-azrbaycan","category-cmiyyt","category-xbrlr","category-srh","category-siyast","post-author-jamnews","topic-azrbaycan","city-baki"],"acf":[],"yoast_head":"<!-- This site is optimized with the Yoast SEO plugin v24.1 - https:\/\/yoast.com\/wordpress\/plugins\/seo\/ -->\n<title>Az\u0259rbaycan v\u0259 t\u00fcrk d\u00fcnyas\u0131 JAMnews<\/title>\n<meta name=\"description\" content=\"T\u00fcrk D\u00f6vl\u0259tl\u0259ri T\u0259\u015fkilat\u0131na \u00fczv \u00f6lk\u0259l\u0259rl\u0259 \u0259laq\u0259l\u0259r Az\u0259rbaycan\u0131n xarici siyas\u0259tinin yeni vektoru adland\u0131r\u0131l\u0131r. Az\u0259rbaycan v\u0259 t\u00fcrk d\u00fcnyas\u0131\" \/>\n<meta name=\"robots\" content=\"index, follow, max-snippet:-1, max-image-preview:large, max-video-preview:-1\" \/>\n<link rel=\"canonical\" href=\"https:\/\/jam-news.net\/az\/az\u0259rbaycan-v\u0259-turk-dunyasi\/\" \/>\n<meta property=\"og:locale\" content=\"az_AZ\" \/>\n<meta property=\"og:type\" content=\"article\" \/>\n<meta property=\"og:title\" content=\"\u201cT\u00fcrk d\u00fcnyas\u0131 Az\u0259rbaycan\u0131n xarici siyas\u0259tinin prioritetidir\u201d. Bak\u0131dan bax\u0131\u015f\" \/>\n<meta property=\"og:description\" content=\"T\u00fcrk D\u00f6vl\u0259tl\u0259ri T\u0259\u015fkilat\u0131na \u00fczv \u00f6lk\u0259l\u0259rl\u0259 \u0259laq\u0259l\u0259r Az\u0259rbaycan\u0131n xarici siyas\u0259tinin yeni vektoru adland\u0131r\u0131l\u0131r. Az\u0259rbaycan v\u0259 t\u00fcrk d\u00fcnyas\u0131\" \/>\n<meta property=\"og:url\" content=\"https:\/\/jam-news.net\/az\/az\u0259rbaycan-v\u0259-turk-dunyasi\/\" \/>\n<meta property=\"og:site_name\" content=\"Azerbaijani Jamnews\" \/>\n<meta property=\"article:publisher\" content=\"https:\/\/www.facebook.com\/JAMnewsInEnglish\/\" \/>\n<meta property=\"article:published_time\" content=\"2024-02-22T16:24:54+00:00\" \/>\n<meta property=\"article:modified_time\" content=\"2024-02-22T16:24:56+00:00\" \/>\n<meta property=\"og:image\" content=\"https:\/\/jam-news.net\/app\/uploads\/2024\/02\/16736358071979234017_1200x630.jpg\" \/>\n\t<meta property=\"og:image:width\" content=\"923\" \/>\n\t<meta property=\"og:image:height\" content=\"630\" \/>\n\t<meta property=\"og:image:type\" content=\"image\/jpeg\" \/>\n<meta name=\"author\" content=\"JAMnews\" \/>\n<meta name=\"twitter:card\" content=\"summary_large_image\" \/>\n<meta name=\"twitter:title\" content=\"\u201cT\u00fcrk d\u00fcnyas\u0131 Az\u0259rbaycan\u0131n xarici siyas\u0259tinin prioritetidir\u201d. Bak\u0131dan bax\u0131\u015f\" \/>\n<meta name=\"twitter:creator\" content=\"@JAMnewsCaucasus\" \/>\n<meta name=\"twitter:site\" content=\"@JAMnewsCaucasus\" \/>\n<meta name=\"twitter:label1\" content=\"Written by\" \/>\n\t<meta name=\"twitter:data1\" content=\"JAMnews\" \/>\n\t<meta name=\"twitter:label2\" content=\"Est. reading time\" \/>\n\t<meta name=\"twitter:data2\" content=\"4 minutes\" \/>\n<script type=\"application\/ld+json\" class=\"yoast-schema-graph\">{\"@context\":\"https:\/\/schema.org\",\"@graph\":[{\"@type\":\"Article\",\"@id\":\"https:\/\/jam-news.net\/az\/az%c9%99rbaycan-v%c9%99-turk-dunyasi\/#article\",\"isPartOf\":{\"@id\":\"https:\/\/jam-news.net\/az\/az%c9%99rbaycan-v%c9%99-turk-dunyasi\/\"},\"author\":{\"name\":\"JAMnews\",\"@id\":\"https:\/\/jam-news.net\/az\/#\/schema\/person\/67df3bb7adb46cd513fb9c4cb02361c6\"},\"headline\":\"\u201cT\u00fcrk d\u00fcnyas\u0131 Az\u0259rbaycan\u0131n xarici siyas\u0259tinin prioritetidir\u201d. Bak\u0131dan bax\u0131\u015f\",\"datePublished\":\"2024-02-22T16:24:54+00:00\",\"dateModified\":\"2024-02-22T16:24:56+00:00\",\"mainEntityOfPage\":{\"@id\":\"https:\/\/jam-news.net\/az\/az%c9%99rbaycan-v%c9%99-turk-dunyasi\/\"},\"wordCount\":1201,\"publisher\":{\"@id\":\"https:\/\/jam-news.net\/az\/#organization\"},\"image\":{\"@id\":\"https:\/\/jam-news.net\/az\/az%c9%99rbaycan-v%c9%99-turk-dunyasi\/#primaryimage\"},\"thumbnailUrl\":\"https:\/\/jam-news.net\/app\/uploads\/2024\/02\/16736358071979234017_1200x630.jpg\",\"articleSection\":[\"Azerbaijan\",\"Issues\",\"News\",\"Opinion\",\"Politics\"],\"inLanguage\":\"az\"},{\"@type\":\"WebPage\",\"@id\":\"https:\/\/jam-news.net\/az\/az%c9%99rbaycan-v%c9%99-turk-dunyasi\/\",\"url\":\"https:\/\/jam-news.net\/az\/az%c9%99rbaycan-v%c9%99-turk-dunyasi\/\",\"name\":\"Az\u0259rbaycan v\u0259 t\u00fcrk d\u00fcnyas\u0131 JAMnews\",\"isPartOf\":{\"@id\":\"https:\/\/jam-news.net\/az\/#website\"},\"primaryImageOfPage\":{\"@id\":\"https:\/\/jam-news.net\/az\/az%c9%99rbaycan-v%c9%99-turk-dunyasi\/#primaryimage\"},\"image\":{\"@id\":\"https:\/\/jam-news.net\/az\/az%c9%99rbaycan-v%c9%99-turk-dunyasi\/#primaryimage\"},\"thumbnailUrl\":\"https:\/\/jam-news.net\/app\/uploads\/2024\/02\/16736358071979234017_1200x630.jpg\",\"datePublished\":\"2024-02-22T16:24:54+00:00\",\"dateModified\":\"2024-02-22T16:24:56+00:00\",\"description\":\"T\u00fcrk D\u00f6vl\u0259tl\u0259ri T\u0259\u015fkilat\u0131na \u00fczv \u00f6lk\u0259l\u0259rl\u0259 \u0259laq\u0259l\u0259r Az\u0259rbaycan\u0131n xarici siyas\u0259tinin yeni vektoru adland\u0131r\u0131l\u0131r. Az\u0259rbaycan v\u0259 t\u00fcrk d\u00fcnyas\u0131\",\"breadcrumb\":{\"@id\":\"https:\/\/jam-news.net\/az\/az%c9%99rbaycan-v%c9%99-turk-dunyasi\/#breadcrumb\"},\"inLanguage\":\"az\",\"potentialAction\":[{\"@type\":\"ReadAction\",\"target\":[\"https:\/\/jam-news.net\/az\/az%c9%99rbaycan-v%c9%99-turk-dunyasi\/\"]}]},{\"@type\":\"ImageObject\",\"inLanguage\":\"az\",\"@id\":\"https:\/\/jam-news.net\/az\/az%c9%99rbaycan-v%c9%99-turk-dunyasi\/#primaryimage\",\"url\":\"https:\/\/jam-news.net\/app\/uploads\/2024\/02\/16736358071979234017_1200x630.jpg\",\"contentUrl\":\"https:\/\/jam-news.net\/app\/uploads\/2024\/02\/16736358071979234017_1200x630.jpg\",\"width\":923,\"height\":630},{\"@type\":\"BreadcrumbList\",\"@id\":\"https:\/\/jam-news.net\/az\/az%c9%99rbaycan-v%c9%99-turk-dunyasi\/#breadcrumb\",\"itemListElement\":[{\"@type\":\"ListItem\",\"position\":1,\"name\":\"Home\",\"item\":\"https:\/\/jam-news.net\/az\/\"},{\"@type\":\"ListItem\",\"position\":2,\"name\":\"\u201cT\u00fcrk d\u00fcnyas\u0131 Az\u0259rbaycan\u0131n xarici siyas\u0259tinin prioritetidir\u201d. Bak\u0131dan bax\u0131\u015f\"}]},{\"@type\":\"WebSite\",\"@id\":\"https:\/\/jam-news.net\/az\/#website\",\"url\":\"https:\/\/jam-news.net\/az\/\",\"name\":\"Azerbaijani Jamnews\",\"description\":\"Caucasus News, Politics and Society\",\"publisher\":{\"@id\":\"https:\/\/jam-news.net\/az\/#organization\"},\"potentialAction\":[{\"@type\":\"SearchAction\",\"target\":{\"@type\":\"EntryPoint\",\"urlTemplate\":\"https:\/\/jam-news.net\/az\/?s={search_term_string}\"},\"query-input\":{\"@type\":\"PropertyValueSpecification\",\"valueRequired\":true,\"valueName\":\"search_term_string\"}}],\"inLanguage\":\"az\"},{\"@type\":\"Organization\",\"@id\":\"https:\/\/jam-news.net\/az\/#organization\",\"name\":\"JAMnews\",\"url\":\"https:\/\/jam-news.net\/az\/\",\"logo\":{\"@type\":\"ImageObject\",\"inLanguage\":\"az\",\"@id\":\"https:\/\/jam-news.net\/az\/#\/schema\/logo\/image\/\",\"url\":\"https:\/\/jam-news.net\/app\/uploads\/2020\/05\/JAM_w.jpg\",\"contentUrl\":\"https:\/\/jam-news.net\/app\/uploads\/2020\/05\/JAM_w.jpg\",\"width\":960,\"height\":960,\"caption\":\"JAMnews\"},\"image\":{\"@id\":\"https:\/\/jam-news.net\/az\/#\/schema\/logo\/image\/\"},\"sameAs\":[\"https:\/\/www.facebook.com\/JAMnewsInEnglish\/\",\"https:\/\/x.com\/JAMnewsCaucasus\",\"https:\/\/www.instagram.com\/jam_news\/\",\"https:\/\/www.youtube.com\/channel\/UCXQbUCme2pykuZYXWHx4VPg\"]},{\"@type\":\"Person\",\"@id\":\"https:\/\/jam-news.net\/az\/#\/schema\/person\/67df3bb7adb46cd513fb9c4cb02361c6\",\"name\":\"JAMnews\",\"image\":{\"@type\":\"ImageObject\",\"inLanguage\":\"az\",\"@id\":\"https:\/\/jam-news.net\/az\/#\/schema\/person\/image\/\",\"url\":\"https:\/\/secure.gravatar.com\/avatar\/e5c27593ef900c3ab3deed4ed1c653d7?s=96&d=mm&r=g\",\"contentUrl\":\"https:\/\/secure.gravatar.com\/avatar\/e5c27593ef900c3ab3deed4ed1c653d7?s=96&d=mm&r=g\",\"caption\":\"JAMnews\"},\"url\":\"https:\/\/jam-news.net\/az\/author\/margarita\/\"}]}<\/script>\n<!-- \/ Yoast SEO plugin. -->","yoast_head_json":{"title":"Az\u0259rbaycan v\u0259 t\u00fcrk d\u00fcnyas\u0131 JAMnews","description":"T\u00fcrk D\u00f6vl\u0259tl\u0259ri T\u0259\u015fkilat\u0131na \u00fczv \u00f6lk\u0259l\u0259rl\u0259 \u0259laq\u0259l\u0259r Az\u0259rbaycan\u0131n xarici siyas\u0259tinin yeni vektoru adland\u0131r\u0131l\u0131r. Az\u0259rbaycan v\u0259 t\u00fcrk d\u00fcnyas\u0131","robots":{"index":"index","follow":"follow","max-snippet":"max-snippet:-1","max-image-preview":"max-image-preview:large","max-video-preview":"max-video-preview:-1"},"canonical":"https:\/\/jam-news.net\/az\/az\u0259rbaycan-v\u0259-turk-dunyasi\/","og_locale":"az_AZ","og_type":"article","og_title":"\u201cT\u00fcrk d\u00fcnyas\u0131 Az\u0259rbaycan\u0131n xarici siyas\u0259tinin prioritetidir\u201d. Bak\u0131dan bax\u0131\u015f","og_description":"T\u00fcrk D\u00f6vl\u0259tl\u0259ri T\u0259\u015fkilat\u0131na \u00fczv \u00f6lk\u0259l\u0259rl\u0259 \u0259laq\u0259l\u0259r Az\u0259rbaycan\u0131n xarici siyas\u0259tinin yeni vektoru adland\u0131r\u0131l\u0131r. Az\u0259rbaycan v\u0259 t\u00fcrk d\u00fcnyas\u0131","og_url":"https:\/\/jam-news.net\/az\/az\u0259rbaycan-v\u0259-turk-dunyasi\/","og_site_name":"Azerbaijani Jamnews","article_publisher":"https:\/\/www.facebook.com\/JAMnewsInEnglish\/","article_published_time":"2024-02-22T16:24:54+00:00","article_modified_time":"2024-02-22T16:24:56+00:00","og_image":[{"width":923,"height":630,"url":"https:\/\/jam-news.net\/app\/uploads\/2024\/02\/16736358071979234017_1200x630.jpg","type":"image\/jpeg"}],"author":"JAMnews","twitter_card":"summary_large_image","twitter_title":"\u201cT\u00fcrk d\u00fcnyas\u0131 Az\u0259rbaycan\u0131n xarici siyas\u0259tinin prioritetidir\u201d. Bak\u0131dan bax\u0131\u015f","twitter_creator":"@JAMnewsCaucasus","twitter_site":"@JAMnewsCaucasus","twitter_misc":{"Written by":"JAMnews","Est. reading time":"4 minutes"},"schema":{"@context":"https:\/\/schema.org","@graph":[{"@type":"Article","@id":"https:\/\/jam-news.net\/az\/az%c9%99rbaycan-v%c9%99-turk-dunyasi\/#article","isPartOf":{"@id":"https:\/\/jam-news.net\/az\/az%c9%99rbaycan-v%c9%99-turk-dunyasi\/"},"author":{"name":"JAMnews","@id":"https:\/\/jam-news.net\/az\/#\/schema\/person\/67df3bb7adb46cd513fb9c4cb02361c6"},"headline":"\u201cT\u00fcrk d\u00fcnyas\u0131 Az\u0259rbaycan\u0131n xarici siyas\u0259tinin prioritetidir\u201d. Bak\u0131dan bax\u0131\u015f","datePublished":"2024-02-22T16:24:54+00:00","dateModified":"2024-02-22T16:24:56+00:00","mainEntityOfPage":{"@id":"https:\/\/jam-news.net\/az\/az%c9%99rbaycan-v%c9%99-turk-dunyasi\/"},"wordCount":1201,"publisher":{"@id":"https:\/\/jam-news.net\/az\/#organization"},"image":{"@id":"https:\/\/jam-news.net\/az\/az%c9%99rbaycan-v%c9%99-turk-dunyasi\/#primaryimage"},"thumbnailUrl":"https:\/\/jam-news.net\/app\/uploads\/2024\/02\/16736358071979234017_1200x630.jpg","articleSection":["Azerbaijan","Issues","News","Opinion","Politics"],"inLanguage":"az"},{"@type":"WebPage","@id":"https:\/\/jam-news.net\/az\/az%c9%99rbaycan-v%c9%99-turk-dunyasi\/","url":"https:\/\/jam-news.net\/az\/az%c9%99rbaycan-v%c9%99-turk-dunyasi\/","name":"Az\u0259rbaycan v\u0259 t\u00fcrk d\u00fcnyas\u0131 JAMnews","isPartOf":{"@id":"https:\/\/jam-news.net\/az\/#website"},"primaryImageOfPage":{"@id":"https:\/\/jam-news.net\/az\/az%c9%99rbaycan-v%c9%99-turk-dunyasi\/#primaryimage"},"image":{"@id":"https:\/\/jam-news.net\/az\/az%c9%99rbaycan-v%c9%99-turk-dunyasi\/#primaryimage"},"thumbnailUrl":"https:\/\/jam-news.net\/app\/uploads\/2024\/02\/16736358071979234017_1200x630.jpg","datePublished":"2024-02-22T16:24:54+00:00","dateModified":"2024-02-22T16:24:56+00:00","description":"T\u00fcrk D\u00f6vl\u0259tl\u0259ri T\u0259\u015fkilat\u0131na \u00fczv \u00f6lk\u0259l\u0259rl\u0259 \u0259laq\u0259l\u0259r Az\u0259rbaycan\u0131n xarici siyas\u0259tinin yeni vektoru adland\u0131r\u0131l\u0131r. Az\u0259rbaycan v\u0259 t\u00fcrk d\u00fcnyas\u0131","breadcrumb":{"@id":"https:\/\/jam-news.net\/az\/az%c9%99rbaycan-v%c9%99-turk-dunyasi\/#breadcrumb"},"inLanguage":"az","potentialAction":[{"@type":"ReadAction","target":["https:\/\/jam-news.net\/az\/az%c9%99rbaycan-v%c9%99-turk-dunyasi\/"]}]},{"@type":"ImageObject","inLanguage":"az","@id":"https:\/\/jam-news.net\/az\/az%c9%99rbaycan-v%c9%99-turk-dunyasi\/#primaryimage","url":"https:\/\/jam-news.net\/app\/uploads\/2024\/02\/16736358071979234017_1200x630.jpg","contentUrl":"https:\/\/jam-news.net\/app\/uploads\/2024\/02\/16736358071979234017_1200x630.jpg","width":923,"height":630},{"@type":"BreadcrumbList","@id":"https:\/\/jam-news.net\/az\/az%c9%99rbaycan-v%c9%99-turk-dunyasi\/#breadcrumb","itemListElement":[{"@type":"ListItem","position":1,"name":"Home","item":"https:\/\/jam-news.net\/az\/"},{"@type":"ListItem","position":2,"name":"\u201cT\u00fcrk d\u00fcnyas\u0131 Az\u0259rbaycan\u0131n xarici siyas\u0259tinin prioritetidir\u201d. Bak\u0131dan bax\u0131\u015f"}]},{"@type":"WebSite","@id":"https:\/\/jam-news.net\/az\/#website","url":"https:\/\/jam-news.net\/az\/","name":"Azerbaijani Jamnews","description":"Caucasus News, Politics and Society","publisher":{"@id":"https:\/\/jam-news.net\/az\/#organization"},"potentialAction":[{"@type":"SearchAction","target":{"@type":"EntryPoint","urlTemplate":"https:\/\/jam-news.net\/az\/?s={search_term_string}"},"query-input":{"@type":"PropertyValueSpecification","valueRequired":true,"valueName":"search_term_string"}}],"inLanguage":"az"},{"@type":"Organization","@id":"https:\/\/jam-news.net\/az\/#organization","name":"JAMnews","url":"https:\/\/jam-news.net\/az\/","logo":{"@type":"ImageObject","inLanguage":"az","@id":"https:\/\/jam-news.net\/az\/#\/schema\/logo\/image\/","url":"https:\/\/jam-news.net\/app\/uploads\/2020\/05\/JAM_w.jpg","contentUrl":"https:\/\/jam-news.net\/app\/uploads\/2020\/05\/JAM_w.jpg","width":960,"height":960,"caption":"JAMnews"},"image":{"@id":"https:\/\/jam-news.net\/az\/#\/schema\/logo\/image\/"},"sameAs":["https:\/\/www.facebook.com\/JAMnewsInEnglish\/","https:\/\/x.com\/JAMnewsCaucasus","https:\/\/www.instagram.com\/jam_news\/","https:\/\/www.youtube.com\/channel\/UCXQbUCme2pykuZYXWHx4VPg"]},{"@type":"Person","@id":"https:\/\/jam-news.net\/az\/#\/schema\/person\/67df3bb7adb46cd513fb9c4cb02361c6","name":"JAMnews","image":{"@type":"ImageObject","inLanguage":"az","@id":"https:\/\/jam-news.net\/az\/#\/schema\/person\/image\/","url":"https:\/\/secure.gravatar.com\/avatar\/e5c27593ef900c3ab3deed4ed1c653d7?s=96&d=mm&r=g","contentUrl":"https:\/\/secure.gravatar.com\/avatar\/e5c27593ef900c3ab3deed4ed1c653d7?s=96&d=mm&r=g","caption":"JAMnews"},"url":"https:\/\/jam-news.net\/az\/author\/margarita\/"}]}},"_links":{"self":[{"href":"https:\/\/jam-news.net\/az\/wp-json\/wp\/v2\/posts\/85334","targetHints":{"allow":["GET"]}}],"collection":[{"href":"https:\/\/jam-news.net\/az\/wp-json\/wp\/v2\/posts"}],"about":[{"href":"https:\/\/jam-news.net\/az\/wp-json\/wp\/v2\/types\/post"}],"author":[{"embeddable":true,"href":"https:\/\/jam-news.net\/az\/wp-json\/wp\/v2\/users\/3"}],"replies":[{"embeddable":true,"href":"https:\/\/jam-news.net\/az\/wp-json\/wp\/v2\/comments?post=85334"}],"version-history":[{"count":3,"href":"https:\/\/jam-news.net\/az\/wp-json\/wp\/v2\/posts\/85334\/revisions"}],"predecessor-version":[{"id":85337,"href":"https:\/\/jam-news.net\/az\/wp-json\/wp\/v2\/posts\/85334\/revisions\/85337"}],"wp:featuredmedia":[{"embeddable":true,"href":"https:\/\/jam-news.net\/az\/wp-json\/wp\/v2\/media\/85327"}],"wp:attachment":[{"href":"https:\/\/jam-news.net\/az\/wp-json\/wp\/v2\/media?parent=85334"}],"wp:term":[{"taxonomy":"category","embeddable":true,"href":"https:\/\/jam-news.net\/az\/wp-json\/wp\/v2\/categories?post=85334"},{"taxonomy":"post_tag","embeddable":true,"href":"https:\/\/jam-news.net\/az\/wp-json\/wp\/v2\/tags?post=85334"},{"taxonomy":"formation","embeddable":true,"href":"https:\/\/jam-news.net\/az\/wp-json\/wp\/v2\/formation?post=85334"},{"taxonomy":"post-author","embeddable":true,"href":"https:\/\/jam-news.net\/az\/wp-json\/wp\/v2\/post-author?post=85334"},{"taxonomy":"topic","embeddable":true,"href":"https:\/\/jam-news.net\/az\/wp-json\/wp\/v2\/topic?post=85334"},{"taxonomy":"tooltip","embeddable":true,"href":"https:\/\/jam-news.net\/az\/wp-json\/wp\/v2\/tooltip?post=85334"},{"taxonomy":"city","embeddable":true,"href":"https:\/\/jam-news.net\/az\/wp-json\/wp\/v2\/city?post=85334"}],"curies":[{"name":"wp","href":"https:\/\/api.w.org\/{rel}","templated":true}]}}