{"id":84621,"date":"2024-01-29T22:01:31","date_gmt":"2024-01-29T18:01:31","guid":{"rendered":"https:\/\/jam-news.net\/az\/?p=84621"},"modified":"2024-01-29T22:01:34","modified_gmt":"2024-01-29T18:01:34","slug":"irakli-qaribasvilinin-istefasi","status":"publish","type":"post","link":"https:\/\/jam-news.net\/az\/irakli-qaribasvilinin-istefasi\/","title":{"rendered":"G\u00fcrc\u00fcstan\u0131n ba\u015f naziri istefa verib"},"content":{"rendered":"\n<p style=\"font-size:8px\"><em>\u0130rakli Qariba\u015fvili istefa verib<\/em><\/p>\n\n\n\n<p><a href=\"https:\/\/jam-news.net\/az\/category\/cografiya\/gurcustan\/\" target=\"_blank\" rel=\"noreferrer noopener\">G\u00fcrc\u00fcstan\u0131n<\/a> ba\u015f naziri \u0130rakli Qariba\u015fvili istefa verib. \u0130ndi o, hakim \u201cG\u00fcrc\u00fc arzusu\u201d partiyas\u0131n\u0131n s\u0259dri postunu tutacaq. Qariba\u015fvili bu bar\u0259d\u0259 h\u00f6kum\u0259t evind\u0259 ke\u00e7irdiyi brifinqd\u0259 bildirib.<\/p>\n\n\n\n<p><em>\u201c\u0130caz\u0259 verin, bu q\u0259rar\u0131n s\u0259b\u0259bini ayd\u0131n izah edim. \u00d6t\u0259n ilin sonunda f\u0259aliyy\u0259timl\u0259 ba\u011fl\u0131 geni\u015f hesabat\u0131 ictimaiyy\u0259t\u0259 t\u0259qdim etdim. M\u0259n \u00f6lk\u0259miz\u0259 xidm\u0259t etmi\u015f\u0259m, \u00f6lk\u0259mizin, xalq\u0131m\u0131z\u0131n m\u0259nafeyini sars\u0131lmaz \u015f\u0259kild\u0259 m\u00fcdafi\u0259 etmi\u015f\u0259m v\u0259 bu m\u00fcdd\u0259t \u0259rzind\u0259 komandamla birlikd\u0259 \u0259ld\u0259 etdiyimiz n\u0259tic\u0259l\u0259rl\u0259 f\u0259xr edir\u0259m.<\/em><\/p>\n\n\n\n<p><em>Bu y\u00fcks\u0259k v\u0259zif\u0259d\u0259 iki d\u0259f\u0259 i\u015fl\u0259m\u0259li oldum. \u00dcmumilikd\u0259, m\u0259n \u0259n uzun m\u00fcdd\u0259td\u0259, be\u015f il ba\u015f nazir olmu\u015fam. Siyasi komandam\u0131z\u0131n g\u00fcc\u00fcn\u00fc g\u00f6st\u0259r\u0259n \u0259sas amill\u0259rd\u0259n biri daxili demokratiyad\u0131r ki, bunun \u0259n bariz t\u0259zah\u00fcr\u00fc rotasiya prinsipidir. Komandada \u00e7oxlu u\u011furlu liderl\u0259r var v\u0259 ba\u015fqalar\u0131na da bu imkan\u0131 verm\u0259k laz\u0131md\u0131r.<\/em><\/p>\n\n\n\n<p><em>Qar\u015f\u0131m\u0131zda yeni \u00e7a\u011f\u0131r\u0131\u015flar var, biz pay\u0131zda yeni parlament se\u00e7\u0259c\u0259yik v\u0259 \u201cG\u00fcrc\u00fc arzusu\u201d se\u00e7kil\u0259rd\u0259 inaml\u0131 q\u0259l\u0259b\u0259y\u0259 haz\u0131rla\u015fmal\u0131 v\u0259 ba\u015fqa, daha b\u00f6y\u00fck m\u0259qs\u0259dl\u0259r\u0259 \u00e7atmaq \u00fc\u00e7\u00fcn ir\u0259lil\u0259m\u0259y\u0259 davam etm\u0259lidir.<\/em><\/p>\n\n\n\n<p><em>Bu siyasi reall\u0131\u011fa \u0259saslanaraq, siyasi \u015furadan partiyan\u0131n s\u0259dri v\u0259zif\u0259sini tutmaq t\u0259klifi ald\u0131m, bununla ba\u011fl\u0131 fevral\u0131n 1-d\u0259 qurultay ke\u00e7iril\u0259c\u0259k\u201d<\/em>, &#8211; dey\u0259 \u0130rakli Qariba\u015fvili bildirib.<\/p>\n\n\n\n<hr class=\"wp-block-separator has-alpha-channel-opacity\"\/>\n\n\n\n<ul class=\"wp-block-list\"><li><a href=\"https:\/\/jam-news.net\/az\/az%c9%99rbaycanda-qeydiyyat-problemi\/\" target=\"_blank\" rel=\"noreferrer noopener\">Az\u0259rbaycanda qeydiyyat problemi \u2013 k\u00fctl\u0259vi c\u0259rim\u0259l\u0259r\u00a0<\/a><\/li><li><a href=\"https:\/\/jam-news.net\/az\/avropa-m%c9%99hk%c9%99m%c9%99sinin-aihm-q%c9%99rarlari\/\" target=\"_blank\" rel=\"noreferrer noopener\">Avropa M\u0259hk\u0259m\u0259si 2023-c\u00fc ild\u0259 Az\u0259rbaycanla ba\u011fl\u0131 40 q\u0259rar q\u0259bul edib<\/a><\/li><li><a href=\"https:\/\/jam-news.net\/az\/gurcustanda-2008-ci-il-muharib%c9%99si-qurbanlarina-yardim-fondu\/\" target=\"_blank\" rel=\"noreferrer noopener\">G\u00fcrc\u00fcstan 2008-ci il avqust m\u00fcharib\u0259si qurbanlar\u0131na yard\u0131m \u00fc\u00e7\u00fcn beyn\u0259lxalq fondun yarad\u0131lmas\u0131n\u0131 t\u0259l\u0259b edir<\/a><\/li><\/ul>\n\n\n\n<hr class=\"wp-block-separator has-alpha-channel-opacity\"\/>\n\n\n\n<p>Bu g\u00fcn h\u00f6kum\u0259t telekanal\u0131 \u201c\u0130medi\u201d x\u0259b\u0259r verib ki, \u201cG\u00fcrc\u00fc arzusu\u201d iqtidar partiyas\u0131n\u0131n haz\u0131rk\u0131 s\u0259dri \u0130rakli Kobaxidze \u00f6lk\u0259nin ba\u015f naziri postuna, haz\u0131rk\u0131 ba\u015f nazir \u0130rakli Qariba\u015fvili is\u0259 \u201cG\u00fcrc\u00fc arzusu\u201dnun s\u0259dri postuna namiz\u0259d g\u00f6st\u0259ril\u0259c\u0259k. \u0130rakli Kobaxidze h\u0259m\u00e7inin partiyan\u0131n siyasi katibi postunu tutacaq.<\/p>\n\n\n\n<p>\u0130rakli Qariba\u015fvili iki d\u0259f\u0259 h\u00f6kum\u0259t ba\u015f\u00e7\u0131s\u0131 olub. O, ilk d\u0259f\u0259 2013-c\u00fc ild\u0259 G\u00fcrc\u00fcstan\u0131n ba\u015f naziri t\u0259yin edilib, lakin iki ild\u0259n sonra 2015-ci ild\u0259 q\u0259fil istefa verib.<\/p>\n\n\n\n<p>Daha sonra 2021-ci il fevral\u0131n 18-d\u0259 o vaxtk\u0131 ba\u015f nazir Giorgi Qaxariyan\u0131n istefas\u0131ndan sonra eyni v\u0259zif\u0259y\u0259 yenid\u0259n t\u0259yin edilib.<\/p>\n\n\n\n<p>Bu arada Qariba\u015fvili \u201cG\u00fcrc\u00fc Arzusu\u201d partiyas\u0131n\u0131n ba\u015f katibi v\u0259 m\u00fcdafi\u0259 naziri v\u0259zif\u0259l\u0259rind\u0259 d\u0259 \u00e7al\u0131\u015f\u0131b.<\/p>\n\n\n\n<p>Ekspertl\u0259r \u201cG\u00fcrc\u00fc Arzusu\u201dnun banisi, oliqarx <a href=\"https:\/\/jam-news.net\/az\/topic\/bidzina-ivanisvili\/\" target=\"_blank\" rel=\"noreferrer noopener\">Bidzina \u0130vani\u015fvilinin<\/a> siyas\u0259t\u0259 ikinci qay\u0131d\u0131\u015f\u0131ndan sonra h\u00f6kum\u0259td\u0259 d\u0259yi\u015fiklikl\u0259rin olaca\u011f\u0131n\u0131 proqnozla\u015fd\u0131r\u0131rd\u0131lar.<\/p>\n\n\n\n<p class=\"has-text-align-center has-black-background-color has-background has-medium-font-size\"><strong><span style=\"color:#ffffff\" class=\"color\"><strong>Bizi izl\u0259yin<\/strong> \u00a0\u2013<\/span>\u00a0 <strong><a href=\"https:\/\/twitter.com\/CAMXbr?s=20&amp;t=ocvC6IWtMT41iogtIUDqSQ\" target=\"_blank\" rel=\"noreferrer noopener\"><mark style=\"background-color:rgba(0, 0, 0, 0);color:#00acee\" class=\"has-inline-color\">Twitter<\/mark><\/a><\/strong>\u00a0|\u00a0<strong><a href=\"https:\/\/www.facebook.com\/Jamnyus\" target=\"_blank\" rel=\"noreferrer noopener\"><mark style=\"background-color:rgba(0, 0, 0, 0);color:#4267b2\" class=\"has-inline-color\">Facebok<\/mark><\/a><\/strong><mark style=\"background-color:rgba(0, 0, 0, 0);color:#4267b2\" class=\"has-inline-color\">\u00a0<\/mark>|<strong> <\/strong><a href=\"https:\/\/t.me\/jamnewsaz\" target=\"_blank\" rel=\"noreferrer noopener\"><strong><mark style=\"background-color:rgba(0, 0, 0, 0);color:#0088cc\" class=\"has-inline-color\">Telegram<\/mark><\/strong><\/a><\/strong><\/p>\n","protected":false},"excerpt":{"rendered":"<p>\u0130ndi o, hakim \u201cG\u00fcrc\u00fc arzusu\u201d partiyas\u0131n\u0131n s\u0259dri postunu tutacaq<\/p>\n","protected":false},"author":3,"featured_media":84601,"comment_status":"closed","ping_status":"closed","sticky":false,"template":"","format":"standard","meta":{"_acf_changed":false,"footnotes":""},"categories":[3,50,5],"tags":[],"formation":[],"post-author":[2888],"topic":[4953],"tooltip":[],"city":[6041],"class_list":["post-84621","post","type-post","status-publish","format-standard","has-post-thumbnail","hentry","category-gurcustan","category-xbrlr","category-siyast","post-author-jamnews","topic-gurcustan","city-baki"],"acf":[],"yoast_head":"<!-- This site is optimized with the Yoast SEO plugin v24.1 - https:\/\/yoast.com\/wordpress\/plugins\/seo\/ -->\n<title>\u0130rakli Qariba\u015fvili istefa verib JAMnews<\/title>\n<meta name=\"description\" content=\"\u0130rakli Qariba\u015fvili istefa verib. O, bildirib ki, bundan sonra hakim \u201cG\u00fcrc\u00fc arzusu\u201d partiyas\u0131n\u0131n s\u0259dri postunu tutacaq\" \/>\n<meta name=\"robots\" content=\"index, follow, max-snippet:-1, max-image-preview:large, max-video-preview:-1\" \/>\n<link rel=\"canonical\" href=\"https:\/\/jam-news.net\/az\/irakli-qaribasvilinin-istefasi\/\" \/>\n<meta property=\"og:locale\" content=\"az_AZ\" \/>\n<meta property=\"og:type\" content=\"article\" \/>\n<meta property=\"og:title\" content=\"G\u00fcrc\u00fcstan\u0131n ba\u015f naziri istefa verib\" \/>\n<meta property=\"og:description\" content=\"\u0130rakli Qariba\u015fvili istefa verib. O, bildirib ki, bundan sonra hakim \u201cG\u00fcrc\u00fc arzusu\u201d partiyas\u0131n\u0131n s\u0259dri postunu tutacaq\" \/>\n<meta property=\"og:url\" content=\"https:\/\/jam-news.net\/az\/irakli-qaribasvilinin-istefasi\/\" \/>\n<meta property=\"og:site_name\" content=\"Azerbaijani Jamnews\" \/>\n<meta property=\"article:publisher\" content=\"https:\/\/www.facebook.com\/JAMnewsInEnglish\/\" \/>\n<meta property=\"article:published_time\" content=\"2024-01-29T18:01:31+00:00\" \/>\n<meta property=\"article:modified_time\" content=\"2024-01-29T18:01:34+00:00\" \/>\n<meta property=\"og:image\" content=\"https:\/\/jam-news.net\/app\/uploads\/2024\/01\/Screen-Shot-2024-01-29-at-17.15.04.png\" \/>\n\t<meta property=\"og:image:width\" content=\"1200\" \/>\n\t<meta property=\"og:image:height\" content=\"796\" \/>\n\t<meta property=\"og:image:type\" content=\"image\/png\" \/>\n<meta name=\"author\" content=\"JAMnews\" \/>\n<meta name=\"twitter:card\" content=\"summary_large_image\" \/>\n<meta name=\"twitter:title\" content=\"G\u00fcrc\u00fcstan\u0131n ba\u015f naziri istefa verib\" \/>\n<meta name=\"twitter:creator\" content=\"@JAMnewsCaucasus\" \/>\n<meta name=\"twitter:site\" content=\"@JAMnewsCaucasus\" \/>\n<meta name=\"twitter:label1\" content=\"Written by\" \/>\n\t<meta name=\"twitter:data1\" content=\"JAMnews\" \/>\n\t<meta name=\"twitter:label2\" content=\"Est. reading time\" \/>\n\t<meta name=\"twitter:data2\" content=\"2 minutes\" \/>\n<script type=\"application\/ld+json\" class=\"yoast-schema-graph\">{\"@context\":\"https:\/\/schema.org\",\"@graph\":[{\"@type\":\"Article\",\"@id\":\"https:\/\/jam-news.net\/az\/irakli-qaribasvilinin-istefasi\/#article\",\"isPartOf\":{\"@id\":\"https:\/\/jam-news.net\/az\/irakli-qaribasvilinin-istefasi\/\"},\"author\":{\"name\":\"JAMnews\",\"@id\":\"https:\/\/jam-news.net\/az\/#\/schema\/person\/67df3bb7adb46cd513fb9c4cb02361c6\"},\"headline\":\"G\u00fcrc\u00fcstan\u0131n ba\u015f naziri istefa verib\",\"datePublished\":\"2024-01-29T18:01:31+00:00\",\"dateModified\":\"2024-01-29T18:01:34+00:00\",\"mainEntityOfPage\":{\"@id\":\"https:\/\/jam-news.net\/az\/irakli-qaribasvilinin-istefasi\/\"},\"wordCount\":517,\"publisher\":{\"@id\":\"https:\/\/jam-news.net\/az\/#organization\"},\"image\":{\"@id\":\"https:\/\/jam-news.net\/az\/irakli-qaribasvilinin-istefasi\/#primaryimage\"},\"thumbnailUrl\":\"https:\/\/jam-news.net\/app\/uploads\/2024\/01\/Screen-Shot-2024-01-29-at-17.15.04.png\",\"articleSection\":[\"Georgia\",\"News\",\"Politics\"],\"inLanguage\":\"az\"},{\"@type\":\"WebPage\",\"@id\":\"https:\/\/jam-news.net\/az\/irakli-qaribasvilinin-istefasi\/\",\"url\":\"https:\/\/jam-news.net\/az\/irakli-qaribasvilinin-istefasi\/\",\"name\":\"\u0130rakli Qariba\u015fvili istefa verib JAMnews\",\"isPartOf\":{\"@id\":\"https:\/\/jam-news.net\/az\/#website\"},\"primaryImageOfPage\":{\"@id\":\"https:\/\/jam-news.net\/az\/irakli-qaribasvilinin-istefasi\/#primaryimage\"},\"image\":{\"@id\":\"https:\/\/jam-news.net\/az\/irakli-qaribasvilinin-istefasi\/#primaryimage\"},\"thumbnailUrl\":\"https:\/\/jam-news.net\/app\/uploads\/2024\/01\/Screen-Shot-2024-01-29-at-17.15.04.png\",\"datePublished\":\"2024-01-29T18:01:31+00:00\",\"dateModified\":\"2024-01-29T18:01:34+00:00\",\"description\":\"\u0130rakli Qariba\u015fvili istefa verib. O, bildirib ki, bundan sonra hakim \u201cG\u00fcrc\u00fc arzusu\u201d partiyas\u0131n\u0131n s\u0259dri postunu tutacaq\",\"breadcrumb\":{\"@id\":\"https:\/\/jam-news.net\/az\/irakli-qaribasvilinin-istefasi\/#breadcrumb\"},\"inLanguage\":\"az\",\"potentialAction\":[{\"@type\":\"ReadAction\",\"target\":[\"https:\/\/jam-news.net\/az\/irakli-qaribasvilinin-istefasi\/\"]}]},{\"@type\":\"ImageObject\",\"inLanguage\":\"az\",\"@id\":\"https:\/\/jam-news.net\/az\/irakli-qaribasvilinin-istefasi\/#primaryimage\",\"url\":\"https:\/\/jam-news.net\/app\/uploads\/2024\/01\/Screen-Shot-2024-01-29-at-17.15.04.png\",\"contentUrl\":\"https:\/\/jam-news.net\/app\/uploads\/2024\/01\/Screen-Shot-2024-01-29-at-17.15.04.png\",\"width\":1200,\"height\":796},{\"@type\":\"BreadcrumbList\",\"@id\":\"https:\/\/jam-news.net\/az\/irakli-qaribasvilinin-istefasi\/#breadcrumb\",\"itemListElement\":[{\"@type\":\"ListItem\",\"position\":1,\"name\":\"Home\",\"item\":\"https:\/\/jam-news.net\/az\/\"},{\"@type\":\"ListItem\",\"position\":2,\"name\":\"G\u00fcrc\u00fcstan\u0131n ba\u015f naziri istefa verib\"}]},{\"@type\":\"WebSite\",\"@id\":\"https:\/\/jam-news.net\/az\/#website\",\"url\":\"https:\/\/jam-news.net\/az\/\",\"name\":\"Azerbaijani Jamnews\",\"description\":\"Caucasus News, Politics and Society\",\"publisher\":{\"@id\":\"https:\/\/jam-news.net\/az\/#organization\"},\"potentialAction\":[{\"@type\":\"SearchAction\",\"target\":{\"@type\":\"EntryPoint\",\"urlTemplate\":\"https:\/\/jam-news.net\/az\/?s={search_term_string}\"},\"query-input\":{\"@type\":\"PropertyValueSpecification\",\"valueRequired\":true,\"valueName\":\"search_term_string\"}}],\"inLanguage\":\"az\"},{\"@type\":\"Organization\",\"@id\":\"https:\/\/jam-news.net\/az\/#organization\",\"name\":\"JAMnews\",\"url\":\"https:\/\/jam-news.net\/az\/\",\"logo\":{\"@type\":\"ImageObject\",\"inLanguage\":\"az\",\"@id\":\"https:\/\/jam-news.net\/az\/#\/schema\/logo\/image\/\",\"url\":\"https:\/\/jam-news.net\/app\/uploads\/2020\/05\/JAM_w.jpg\",\"contentUrl\":\"https:\/\/jam-news.net\/app\/uploads\/2020\/05\/JAM_w.jpg\",\"width\":960,\"height\":960,\"caption\":\"JAMnews\"},\"image\":{\"@id\":\"https:\/\/jam-news.net\/az\/#\/schema\/logo\/image\/\"},\"sameAs\":[\"https:\/\/www.facebook.com\/JAMnewsInEnglish\/\",\"https:\/\/x.com\/JAMnewsCaucasus\",\"https:\/\/www.instagram.com\/jam_news\/\",\"https:\/\/www.youtube.com\/channel\/UCXQbUCme2pykuZYXWHx4VPg\"]},{\"@type\":\"Person\",\"@id\":\"https:\/\/jam-news.net\/az\/#\/schema\/person\/67df3bb7adb46cd513fb9c4cb02361c6\",\"name\":\"JAMnews\",\"image\":{\"@type\":\"ImageObject\",\"inLanguage\":\"az\",\"@id\":\"https:\/\/jam-news.net\/az\/#\/schema\/person\/image\/\",\"url\":\"https:\/\/secure.gravatar.com\/avatar\/e5c27593ef900c3ab3deed4ed1c653d7?s=96&d=mm&r=g\",\"contentUrl\":\"https:\/\/secure.gravatar.com\/avatar\/e5c27593ef900c3ab3deed4ed1c653d7?s=96&d=mm&r=g\",\"caption\":\"JAMnews\"},\"url\":\"https:\/\/jam-news.net\/az\/author\/margarita\/\"}]}<\/script>\n<!-- \/ Yoast SEO plugin. -->","yoast_head_json":{"title":"\u0130rakli Qariba\u015fvili istefa verib JAMnews","description":"\u0130rakli Qariba\u015fvili istefa verib. O, bildirib ki, bundan sonra hakim \u201cG\u00fcrc\u00fc arzusu\u201d partiyas\u0131n\u0131n s\u0259dri postunu tutacaq","robots":{"index":"index","follow":"follow","max-snippet":"max-snippet:-1","max-image-preview":"max-image-preview:large","max-video-preview":"max-video-preview:-1"},"canonical":"https:\/\/jam-news.net\/az\/irakli-qaribasvilinin-istefasi\/","og_locale":"az_AZ","og_type":"article","og_title":"G\u00fcrc\u00fcstan\u0131n ba\u015f naziri istefa verib","og_description":"\u0130rakli Qariba\u015fvili istefa verib. O, bildirib ki, bundan sonra hakim \u201cG\u00fcrc\u00fc arzusu\u201d partiyas\u0131n\u0131n s\u0259dri postunu tutacaq","og_url":"https:\/\/jam-news.net\/az\/irakli-qaribasvilinin-istefasi\/","og_site_name":"Azerbaijani Jamnews","article_publisher":"https:\/\/www.facebook.com\/JAMnewsInEnglish\/","article_published_time":"2024-01-29T18:01:31+00:00","article_modified_time":"2024-01-29T18:01:34+00:00","og_image":[{"width":1200,"height":796,"url":"https:\/\/jam-news.net\/app\/uploads\/2024\/01\/Screen-Shot-2024-01-29-at-17.15.04.png","type":"image\/png"}],"author":"JAMnews","twitter_card":"summary_large_image","twitter_title":"G\u00fcrc\u00fcstan\u0131n ba\u015f naziri istefa verib","twitter_creator":"@JAMnewsCaucasus","twitter_site":"@JAMnewsCaucasus","twitter_misc":{"Written by":"JAMnews","Est. reading time":"2 minutes"},"schema":{"@context":"https:\/\/schema.org","@graph":[{"@type":"Article","@id":"https:\/\/jam-news.net\/az\/irakli-qaribasvilinin-istefasi\/#article","isPartOf":{"@id":"https:\/\/jam-news.net\/az\/irakli-qaribasvilinin-istefasi\/"},"author":{"name":"JAMnews","@id":"https:\/\/jam-news.net\/az\/#\/schema\/person\/67df3bb7adb46cd513fb9c4cb02361c6"},"headline":"G\u00fcrc\u00fcstan\u0131n ba\u015f naziri istefa verib","datePublished":"2024-01-29T18:01:31+00:00","dateModified":"2024-01-29T18:01:34+00:00","mainEntityOfPage":{"@id":"https:\/\/jam-news.net\/az\/irakli-qaribasvilinin-istefasi\/"},"wordCount":517,"publisher":{"@id":"https:\/\/jam-news.net\/az\/#organization"},"image":{"@id":"https:\/\/jam-news.net\/az\/irakli-qaribasvilinin-istefasi\/#primaryimage"},"thumbnailUrl":"https:\/\/jam-news.net\/app\/uploads\/2024\/01\/Screen-Shot-2024-01-29-at-17.15.04.png","articleSection":["Georgia","News","Politics"],"inLanguage":"az"},{"@type":"WebPage","@id":"https:\/\/jam-news.net\/az\/irakli-qaribasvilinin-istefasi\/","url":"https:\/\/jam-news.net\/az\/irakli-qaribasvilinin-istefasi\/","name":"\u0130rakli Qariba\u015fvili istefa verib JAMnews","isPartOf":{"@id":"https:\/\/jam-news.net\/az\/#website"},"primaryImageOfPage":{"@id":"https:\/\/jam-news.net\/az\/irakli-qaribasvilinin-istefasi\/#primaryimage"},"image":{"@id":"https:\/\/jam-news.net\/az\/irakli-qaribasvilinin-istefasi\/#primaryimage"},"thumbnailUrl":"https:\/\/jam-news.net\/app\/uploads\/2024\/01\/Screen-Shot-2024-01-29-at-17.15.04.png","datePublished":"2024-01-29T18:01:31+00:00","dateModified":"2024-01-29T18:01:34+00:00","description":"\u0130rakli Qariba\u015fvili istefa verib. O, bildirib ki, bundan sonra hakim \u201cG\u00fcrc\u00fc arzusu\u201d partiyas\u0131n\u0131n s\u0259dri postunu tutacaq","breadcrumb":{"@id":"https:\/\/jam-news.net\/az\/irakli-qaribasvilinin-istefasi\/#breadcrumb"},"inLanguage":"az","potentialAction":[{"@type":"ReadAction","target":["https:\/\/jam-news.net\/az\/irakli-qaribasvilinin-istefasi\/"]}]},{"@type":"ImageObject","inLanguage":"az","@id":"https:\/\/jam-news.net\/az\/irakli-qaribasvilinin-istefasi\/#primaryimage","url":"https:\/\/jam-news.net\/app\/uploads\/2024\/01\/Screen-Shot-2024-01-29-at-17.15.04.png","contentUrl":"https:\/\/jam-news.net\/app\/uploads\/2024\/01\/Screen-Shot-2024-01-29-at-17.15.04.png","width":1200,"height":796},{"@type":"BreadcrumbList","@id":"https:\/\/jam-news.net\/az\/irakli-qaribasvilinin-istefasi\/#breadcrumb","itemListElement":[{"@type":"ListItem","position":1,"name":"Home","item":"https:\/\/jam-news.net\/az\/"},{"@type":"ListItem","position":2,"name":"G\u00fcrc\u00fcstan\u0131n ba\u015f naziri istefa verib"}]},{"@type":"WebSite","@id":"https:\/\/jam-news.net\/az\/#website","url":"https:\/\/jam-news.net\/az\/","name":"Azerbaijani Jamnews","description":"Caucasus News, Politics and Society","publisher":{"@id":"https:\/\/jam-news.net\/az\/#organization"},"potentialAction":[{"@type":"SearchAction","target":{"@type":"EntryPoint","urlTemplate":"https:\/\/jam-news.net\/az\/?s={search_term_string}"},"query-input":{"@type":"PropertyValueSpecification","valueRequired":true,"valueName":"search_term_string"}}],"inLanguage":"az"},{"@type":"Organization","@id":"https:\/\/jam-news.net\/az\/#organization","name":"JAMnews","url":"https:\/\/jam-news.net\/az\/","logo":{"@type":"ImageObject","inLanguage":"az","@id":"https:\/\/jam-news.net\/az\/#\/schema\/logo\/image\/","url":"https:\/\/jam-news.net\/app\/uploads\/2020\/05\/JAM_w.jpg","contentUrl":"https:\/\/jam-news.net\/app\/uploads\/2020\/05\/JAM_w.jpg","width":960,"height":960,"caption":"JAMnews"},"image":{"@id":"https:\/\/jam-news.net\/az\/#\/schema\/logo\/image\/"},"sameAs":["https:\/\/www.facebook.com\/JAMnewsInEnglish\/","https:\/\/x.com\/JAMnewsCaucasus","https:\/\/www.instagram.com\/jam_news\/","https:\/\/www.youtube.com\/channel\/UCXQbUCme2pykuZYXWHx4VPg"]},{"@type":"Person","@id":"https:\/\/jam-news.net\/az\/#\/schema\/person\/67df3bb7adb46cd513fb9c4cb02361c6","name":"JAMnews","image":{"@type":"ImageObject","inLanguage":"az","@id":"https:\/\/jam-news.net\/az\/#\/schema\/person\/image\/","url":"https:\/\/secure.gravatar.com\/avatar\/e5c27593ef900c3ab3deed4ed1c653d7?s=96&d=mm&r=g","contentUrl":"https:\/\/secure.gravatar.com\/avatar\/e5c27593ef900c3ab3deed4ed1c653d7?s=96&d=mm&r=g","caption":"JAMnews"},"url":"https:\/\/jam-news.net\/az\/author\/margarita\/"}]}},"_links":{"self":[{"href":"https:\/\/jam-news.net\/az\/wp-json\/wp\/v2\/posts\/84621","targetHints":{"allow":["GET"]}}],"collection":[{"href":"https:\/\/jam-news.net\/az\/wp-json\/wp\/v2\/posts"}],"about":[{"href":"https:\/\/jam-news.net\/az\/wp-json\/wp\/v2\/types\/post"}],"author":[{"embeddable":true,"href":"https:\/\/jam-news.net\/az\/wp-json\/wp\/v2\/users\/3"}],"replies":[{"embeddable":true,"href":"https:\/\/jam-news.net\/az\/wp-json\/wp\/v2\/comments?post=84621"}],"version-history":[{"count":3,"href":"https:\/\/jam-news.net\/az\/wp-json\/wp\/v2\/posts\/84621\/revisions"}],"predecessor-version":[{"id":84630,"href":"https:\/\/jam-news.net\/az\/wp-json\/wp\/v2\/posts\/84621\/revisions\/84630"}],"wp:featuredmedia":[{"embeddable":true,"href":"https:\/\/jam-news.net\/az\/wp-json\/wp\/v2\/media\/84601"}],"wp:attachment":[{"href":"https:\/\/jam-news.net\/az\/wp-json\/wp\/v2\/media?parent=84621"}],"wp:term":[{"taxonomy":"category","embeddable":true,"href":"https:\/\/jam-news.net\/az\/wp-json\/wp\/v2\/categories?post=84621"},{"taxonomy":"post_tag","embeddable":true,"href":"https:\/\/jam-news.net\/az\/wp-json\/wp\/v2\/tags?post=84621"},{"taxonomy":"formation","embeddable":true,"href":"https:\/\/jam-news.net\/az\/wp-json\/wp\/v2\/formation?post=84621"},{"taxonomy":"post-author","embeddable":true,"href":"https:\/\/jam-news.net\/az\/wp-json\/wp\/v2\/post-author?post=84621"},{"taxonomy":"topic","embeddable":true,"href":"https:\/\/jam-news.net\/az\/wp-json\/wp\/v2\/topic?post=84621"},{"taxonomy":"tooltip","embeddable":true,"href":"https:\/\/jam-news.net\/az\/wp-json\/wp\/v2\/tooltip?post=84621"},{"taxonomy":"city","embeddable":true,"href":"https:\/\/jam-news.net\/az\/wp-json\/wp\/v2\/city?post=84621"}],"curies":[{"name":"wp","href":"https:\/\/api.w.org\/{rel}","templated":true}]}}