{"id":8406,"date":"2019-05-12T00:00:00","date_gmt":"2019-05-12T00:00:00","guid":{"rendered":"http:\/\/jam-news.net\/az\/s%c9%99rh-gurcustan-dunyalarin-savasi\/"},"modified":"2022-01-18T01:06:13","modified_gmt":"2022-01-17T21:06:13","slug":"s%c9%99rh-gurcustan-dunyalarin-savasi","status":"publish","type":"post","link":"https:\/\/jam-news.net\/az\/s%c9%99rh-gurcustan-dunyalarin-savasi\/","title":{"rendered":"\u015e\u0259rh: G\u00fcrc\u00fcstanda g\u0259ncl\u0259rin m\u00fcxt\u0259lif qruplar\u0131 aras\u0131nda mental u\u00e7urum var"},"content":{"rendered":"<p>Tbilisid\u0259 \u201cParlament qar\u015f\u0131s\u0131nda azadl\u0131q namin\u0259 r\u0259qsl\u0259r\u201d ad\u0131 alm\u0131\u015f g\u0259ncl\u0259rin m\u0259\u015fhur iki g\u00fcnl\u00fck aksiyas\u0131ndan bir il \u00f6td\u00fc.<\/p>\n<p>\n    <div class=\"bd_notification notification_warning\">\n      <i><\/i><span style=\"color: #000000;\">12-13 may 2018-ci ild\u0259 minl\u0259rl\u0259 insan parlament qar\u015f\u0131s\u0131na g\u0259l\u0259r\u0259k, Tbilisinin iki gec\u0259 klubunda narkotik alver\u00e7il\u0259ri v\u0259 istifad\u0259\u00e7il\u0259rini \u00fcz\u0259 \u00e7\u0131xaqmaq m\u0259qs\u0259dil\u0259 ke\u00e7iril\u0259n reydl\u0259r zaman\u0131 polisin s\u0259rgil\u0259diyi aqressiyaya etiraz etmi\u015fdi. H\u0259min vaxt onlarla insan d\u00f6y\u00fclm\u00fc\u015fd\u00fc.\u00a0Aksiya i\u015ftirak\u00e7\u0131lar\u0131 bildirmi\u015fdi ki, onlar\u0131n m\u0259qs\u0259di yaln\u0131z narkosiyas\u0259tin liberalla\u015fmas\u0131 deyil, h\u0259m d\u0259 azad c\u0259miyy\u0259tin m\u00fchafiz\u0259sidir. \u201cBiz birlikd\u0259 r\u0259qs edirik v\u0259 birlikd\u0259 \u00f6z azadl\u0131\u011f\u0131m\u0131z u\u011frunda m\u00fcbariz\u0259 apar\u0131r\u0131q\u201d \u2013 bu s\u00f6zl\u0259r iki g\u00fcnl\u00fck aksiyan\u0131n \u0259sas \u015f\u00fcar\u0131na \u00e7evrilmi\u015fdi. G\u0259ncl\u0259r parlament qar\u015f\u0131s\u0131ndak\u0131 meydanda elektro-musiqi s\u0259sl\u0259ndirib, r\u0259ngli t\u00fcst\u00fc burax\u0131b v\u0259 saatlarla r\u0259qs etmi\u015fdi.<\/span><\/p>\n<p>&nbsp;<\/p>\n<p><span style=\"color: #000000;\">May\u0131n 13-d\u0259 eyni yerd\u0259 \u0259ks aksiya da ba\u015flam\u0131\u015fd\u0131. Ultra-mill\u0259t\u00e7i qrupla\u015fmalar hakimiyy\u0259td\u0259n mitinqi da\u011f\u0131tma\u011f\u0131 t\u0259l\u0259b edir v\u0259 h\u00fccum etm\u0259kl\u0259 t\u0259hdid edirdil\u0259r.<\/span><\/p>\n<p>&nbsp;<\/p>\n<p><span style=\"color: #000000;\">Aksiya daxili i\u015fl\u0259r naziri Giorgi Qaxariyan\u0131n etiraz\u00e7\u0131lar\u0131n liderl\u0259ri il\u0259 g\u00f6r\u00fc\u015f\u00fcnd\u0259n sonra ba\u015fa \u00e7atm\u0131\u015fd\u0131. Daha sonra o, mitinq\u00e7il\u0259rin qar\u015f\u0131s\u0131na \u00e7\u0131xaraq \u00fczrxahl\u0131q edib v\u0259 narkosiyas\u0259tin yum\u015fald\u0131lmas\u0131 \u00fc\u00e7\u00fcn qanunvericilik d\u0259yi\u015fiklikl\u0259ri \u00fcz\u0259rind\u0259 i\u015f\u0259 ba\u015flayaca\u011f\u0131na s\u00f6z vermi\u015fdi.<\/span>\n    <\/div>\n    <\/p>\n<p><span style=\"font-weight: 400;\">Tbilisinin gec\u0259 klublar\u0131nda polisin ke\u00e7irdiyi x\u00fcsusi \u0259m\u0259liyyatlara qar\u015f\u0131 etiraz aksiyas\u0131 narkosiyas\u0259t, insan haqlar\u0131 v\u0259 polis \u00f6zba\u015f\u0131nal\u0131\u011f\u0131 \u00e7\u0259r\u00e7iv\u0259sind\u0259n k\u0259nara \u00e7\u0131xan probleml\u0259ri \u00fcz\u0259 \u00e7\u0131xard\u0131. <\/span><\/p>\n<p><strong>May\u0131n 14-n\u0259 ke\u00e7\u0259n gec\u0259 Rustaveli prospektind\u0259 iki G\u00fcrc\u00fcstan \u00fcz-\u00fcz\u0259 g\u0259ldi. Daha do\u011frusu onun bir-birind\u0259n k\u0259skin \u015f\u0259kild\u0259 f\u0259rql\u0259n\u0259n iki g\u0259l\u0259c\u0259yi. <\/strong><\/p>\n<p><span style=\"font-weight: 400;\">G\u0259nc aksiya i\u015ftirak\u00e7\u0131lar\u0131 h\u0259r t\u0259r\u0259fd\u0259n \u00f6zl\u0259rini mill\u0259t\u00e7i adland\u0131ran v\u0259 parlament qar\u015f\u0131s\u0131na topla\u015fan \u201cliberast v\u0259 pedarat\u201dlara qar\u015f\u0131 \u00a0fiziki g\u00fcc t\u0259tbiq etm\u0259k niyy\u0259tini gizl\u0259tm\u0259y\u0259n g\u0259ncl\u0259r t\u0259r\u0259find\u0259n m\u00fchasir\u0259y\u0259 al\u0131nd\u0131. Aqressiv k\u00fctl\u0259 m\u00fct\u0259madi olaraq polis kordonlar\u0131n\u0131 yarma\u011fa \u00e7al\u0131\u015f\u0131rd\u0131, n\u0259tic\u0259d\u0259 daxili i\u015fl\u0259r naziriyl\u0259 dan\u0131\u015f\u0131qlardan sonra polis parlament qar\u015f\u0131s\u0131nda topla\u015fan aksiya i\u015ftirak\u00e7\u0131lar\u0131n\u0131 avtobuslara mindirib, \u0259razid\u0259n uzaqla\u015fd\u0131rd\u0131. <\/span><\/p>\n<h3><span style=\"color: #000000;\"><strong>Kim kim\u0259 qar\u015f\u0131 idi?<\/strong><\/span><\/h3>\n<p><a href=\"https:\/\/jam-news.net\/zaal-andronikasvili-gurcustanda-m%C9%99d%C9%99ni-inqilab-bas-verir-v%C9%99-bu-biz%C9%99-lazim-olan-yegan%C9%99-inqilabdir\/?lang=az-AZ\" target=\"_blank\" rel=\"noopener noreferrer\"><strong>\u2022 <span style=\"text-decoration: underline;\">\u015e\u0259rh: G\u00fcrc\u00fcstanda m\u0259d\u0259ni inqilab ba\u015f verir v\u0259 bu biz\u0259 laz\u0131m olan yegan\u0259 inqilabd\u0131r<\/span><\/strong><\/a><\/p>\n<p><a href=\"https:\/\/jam-news.net\/tbilisid%C9%99-agir-gec%C9%99-polis-eyni-zamanda-uc-gec%C9%99-klubunda-xususi-%C9%99m%C9%99liyyat-kecirib\/?lang=az-AZ\" target=\"_blank\" rel=\"noopener noreferrer\"><strong>\u2022 <span style=\"text-decoration: underline;\">Tbilisid\u0259 a\u011f\u0131r gec\u0259. Polis eyni zamanda \u00fc\u00e7 gec\u0259 klubunda x\u00fcsusi \u0259m\u0259liyyat ke\u00e7irib<\/span><\/strong><\/a><\/p>\n<p><span style=\"font-weight: 400;\">Bel\u0259 bir t\u0259\u0259ss\u00fcrat yaran\u0131r ki, G\u00fcrc\u00fcstan c\u0259miyy\u0259tinin b\u00f6y\u00fck hiss\u0259si 12 may tarixind\u0259 kimin v\u0259 n\u0259 \u00fc\u00e7\u00fcn etiraz etdiyini el\u0259 d\u0259 anlamad\u0131. \u00c7oxlar\u0131 d\u00fc\u015f\u00fcnd\u00fc ki, aksiyan\u0131n m\u0259qs\u0259di polis t\u0259r\u0259find\u0259n h\u0259bs olunan narkotik sat\u0131c\u0131lar\u0131n\u0131 m\u00fcdafi\u0259 etm\u0259k v\u0259 narkotikl\u0259rin qanunil\u0259\u015fdirilm\u0259sidir. <\/span><\/p>\n<p><span style=\"font-weight: 400;\">\u018fslind\u0259 is\u0259 etiraz\u00e7\u0131lar\u0131n dedikl\u0259rin\u0259 g\u00f6r\u0259, etiraz\u0131n \u0259sas motivi x\u00fcsusi t\u0259yinatl\u0131lar\u0131n Tbilisinin gec\u0259 klublar\u0131na reyd zaman\u0131 \u0259sass\u0131z zorak\u0131l\u0131\u011f\u0131 v\u0259 insan haqlar\u0131n\u0131n pozuntusu idi. Etiraz\u00e7\u0131lara neqativ m\u00fcnasib\u0259ti q\u0259rib\u0259 geyimli qeyri-adekvat insanlar\u0131n sosial \u015f\u0259b\u0259k\u0259l\u0259rd\u0259 yay\u0131lan videosu art\u0131rd\u0131. <\/span><\/p>\n<p><span style=\"font-weight: 400;\">Amma onu da qeyd etm\u0259k laz\u0131md\u0131r ki, Tbilisid\u0259 gec\u0259 klublar\u0131n\u0131n daimi m\u00fc\u015ft\u0259ril\u0259ri he\u00e7 d\u0259 n\u0259\u015f\u0259xorlar v\u0259 narkomanlar deyil. Onlar\u0131n b\u00f6y\u00fck \u0259ks\u0259riyy\u0259ti 30 ya\u015fdan a\u015fa\u011f\u0131, \u0259sas\u0259n q\u0259rb t\u0259hsilli g\u0259ncl\u0259rdir. Onlar bank i\u015f\u00e7il\u0259ri, d\u00f6vl\u0259t m\u0259murlar\u0131, \u00fcmumiyy\u0259tl\u0259 G\u00fcrc\u00fcstan\u0131n yaranmaqda olan orta t\u0259b\u0259q\u0259sidir. Onlar xarici dill\u0259ri bil\u0259n, d\u00fcnyan\u0131 g\u0259z\u0259n, \u00f6z sah\u0259l\u0259rind\u0259 t\u0259l\u0259b olunan m\u00fct\u0259x\u0259ssisl\u0259rdir. Onlar \u00fc\u00e7\u00fcn is\u0259 a\u011f\u0131r i\u015f h\u0259ft\u0259sind\u0259n sonra kluba getm\u0259k \u0259n yax\u015f\u0131 istirah\u0259t v\u0259 asud\u0259 vaxt ke\u00e7irm\u0259k \u00fc\u00e7\u00fcn vasit\u0259dir. <\/span><\/p>\n<p><span style=\"font-weight: 400;\">Bu t\u0259b\u0259q\u0259 \u00fc\u00e7\u00fcn polisin gec\u0259 klubuna soxulma\u011f\u0131 \u0259sl Apokalipsis oldu. \u00d6z t\u0259bi\u0259ti il\u0259 G\u00fcrc\u00fcstan\u0131n siyas\u0259td\u0259n k\u0259narda olan orta t\u0259b\u0259q\u0259si onlar\u0131n siyas\u0259td\u0259n v\u0259 eyni zamanda \u0259traf reall\u0131qdan gizl\u0259ndikl\u0259ri d\u00fcnyalar\u0131na soxulmalar\u0131na d\u00f6zm\u0259di. Amma n\u0259tic\u0259d\u0259 reall\u0131qdan qa\u00e7maq al\u0131nmad\u0131. <\/span><\/p>\n<p><span style=\"font-weight: 400;\">\u015e\u0259rti barrikadan\u0131n o biri t\u0259r\u0259find\u0259 \u00a0eyni anda ad\u0131 he\u00e7 bir yerd\u0259 hallanmayan bir ne\u00e7\u0259 sa\u011f qrup peyda oldu. \u00d6zl\u0259rini \u201cQara k\u00f6yn\u0259klil\u0259r\u201d, hans\u0131sa \u201cd\u0259st\u0259\u201dl\u0259r, \u201cv\u0259t\u0259nda\u015f qvardiyas\u0131\u201d adland\u0131ran g\u0259ncl\u0259r, 90-c\u0131 ill\u0259rin \u0259vv\u0259ll\u0259rinin sayaqlamas\u0131 v\u0259 \u0259ks-s\u0259das\u0131 kimi s\u0259sl\u0259nirdi. <\/span><\/p>\n<p><span style=\"font-weight: 400;\">M\u00fcxalif\u0259t v\u0259 etiraz\u00e7\u0131lar bildirirl\u0259r ki, bu qrupla\u015fmalar hakimiyy\u0259t t\u0259r\u0259find\u0259n idar\u0259 olunur. Bu, b\u0259lk\u0259 d\u0259 bel\u0259dir, b\u0259lk\u0259 d\u0259 yox. Amma m\u00fch\u00fcm olan bu deyil, m\u00fch\u00fcm olan etiraz\u00e7\u0131lara qar\u015f\u0131 olan d\u00fc\u015f\u0259rg\u0259l\u0259rin bir-birin\u0259 qar\u015f\u0131 reaksiyas\u0131d\u0131r. <\/span><\/p>\n<p><span style=\"font-weight: 400;\">Aksiyalara qar\u015f\u0131 \u00e7\u0131xanlar\u0131n n\u00f6qteyi-n\u0259z\u0259rind\u0259n, parlament qar\u015f\u0131s\u0131na topla\u015fanlar yad, s\u0131r\u0131d\u0131lm\u0131\u015f bir m\u0259d\u0259niyy\u0259tin n\u00fcmay\u0259nd\u0259l\u0259ri, g\u00fcrc\u00fc \u0259n\u0259n\u0259l\u0259ri v\u0259 d\u0259y\u0259rl\u0259rin\u0259 h\u00f6rm\u0259t etm\u0259y\u0259nl\u0259rdir. Hans\u0131 ki, laz\u0131m olan kimi geyinmir v\u0259 \u00f6zl\u0259rini laz\u0131m g\u0259l\u0259n kimi aparm\u0131rlar. V\u0259 onlar\u0131 c\u0259zas\u0131z qalsalar, G\u00fcrc\u00fcstan onlar\u0131n z\u0259r\u0259rli t\u0259sirind\u0259n m\u0259hv olacaq. <\/span><\/p>\n<p><span style=\"font-weight: 400;\">Aksiya i\u015ftirak\u00e7\u0131lar\u0131 \u00fc\u00e7\u00fcn is\u0259 \u201ckreativ sinif\u201dd\u0259n savay\u0131, g\u0259ncl\u0259rin ba\u015fqa bir kateqoriyas\u0131n\u0131n da m\u00f6vcud olmas\u0131 \u0259sl s\u00fcrpriz oldu. Bu, t\u0259hsil v\u0259 tay-tu\u015f sar\u0131dan b\u0259xti g\u0259tirm\u0259y\u0259nl\u0259rdir. H\u0259yat haqq\u0131nda bilikl\u0259ri \u0259sas\u0131n pravoslav ke\u015fi\u015fl\u0259rinin dan\u0131\u015fd\u0131qlar\u0131ndan alanlard\u0131r, bu ke\u015fi\u015fl\u0259rin \u0259ks\u0259riyy\u0259ti d\u0259 a\u00e7\u0131q \u015f\u0259kild\u0259 bildirir ki, Q\u0259rbd\u0259n G\u00fcrc\u00fcstana ancaq \u015f\u0259r v\u0259 \u0259xlaqs\u0131zl\u0131q g\u0259lir, \u0259sl xilaskar is\u0259 eyni dind\u0259n olan qarda\u015f Rusiyad\u0131r. <\/span><\/p>\n<p><span style=\"font-weight: 400;\">Onlar\u0131n \u0259ks\u0259riyy\u0259ti he\u00e7 vaxt klubda olmay\u0131blar, amma orada \u201cnarkomanlar\u201d v\u0259 \u201chomoseksuallar\u0131n\u201d \u0259yl\u0259ndiyind\u0259n \u0259mindirl\u0259r. V\u0259 onlar u\u011furlu t\u0259bli\u011fat v\u0259 manipulasiya say\u0259sind\u0259 \u00f6zl\u0259rind\u0259n az da olsa f\u0259rql\u0259n\u0259nl\u0259r\u0259 nifr\u0259t edirl\u0259r (d\u00fczd\u00fcr, kuklalar\u0131 idar\u0259 ed\u0259nl\u0259r aqressiyan\u0131n Rusiya v\u0259 Kreml\u0259 y\u00f6n\u0259lm\u0259m\u0259sin\u0259 diqq\u0259t edirl\u0259r, bu kateqoriyadan olanlar onlar\u0131n \u00fcnvan\u0131na dem\u0259k olar ki, pis he\u00e7 n\u0259 demirl\u0259r). <\/span><\/p>\n<p><strong>Y\u0259ni G\u00fcrc\u00fcstan\u0131n klub \u0259hli \u00f6z\u00fc \u00fc\u00e7\u00fcn c\u0259miyy\u0259tin \u201cliberalist\u201dl\u0259r\u0259 nifr\u0259t ed\u0259n v\u0259 onlar\u0131 c\u0259zaland\u0131rma\u011fa haz\u0131r olan ikinci hiss\u0259sini k\u0259\u015ff etdi. V\u0259 m\u0259nim m\u00fc\u015fahid\u0259l\u0259rim\u0259 g\u00f6r\u0259, nifr\u0259t ed\u0259nl\u0259r \u0259n \u00e7ox a\u015fa\u011f\u0131 ixtisasl\u0131 s\u0259n\u0259t sahibl\u0259ri v\u0259 i\u015fsizl\u0259rdir. Bel\u0259likl\u0259, bu qar\u015f\u0131durman\u0131n h\u0259m d\u0259 sosial simas\u0131 var. <\/strong><\/p>\n<p><figure id=\"attachment_101942\" aria-describedby=\"caption-attachment-101942\" style=\"width: 1200px\" class=\"wp-caption alignnone\"><img loading=\"lazy\" decoding=\"async\" class=\"wp-image-101942 size-full\" src=\"http:\/\/jam-news.net\/app\/uploads\/2018\/05\/My-Post-9-1.jpg\" alt=\"\" width=\"1200\" height=\"800\" \/><figcaption id=\"caption-attachment-101942\" class=\"wp-caption-text\"><em><span style=\"color: #666699;\"><span style=\"font-weight: 400;\">Polisin Tbilisid\u0259 gec\u0259 klublar\u0131na reydin\u0259 qar\u015f\u0131 etiraz aksiyas\u0131 Foto: Levan Mikadze, JAMnews <\/span><\/span><\/em><\/figcaption><\/figure><\/p>\n<p><figure id=\"attachment_170041\" aria-describedby=\"caption-attachment-170041\" style=\"width: 960px\" class=\"wp-caption aligncenter\"><img loading=\"lazy\" decoding=\"async\" class=\"wp-image-170041 size-full\" src=\"http:\/\/jam-news.net\/app\/uploads\/2018\/05\/\u0440\u0440\u04401-1.jpg\" alt=\"\" width=\"960\" height=\"680\" \/><figcaption id=\"caption-attachment-170041\" class=\"wp-caption-text\"><em><span style=\"color: #808080;\">Rustaveli prospektind\u0259 mill\u0259t\u00e7il\u0259rin aksiyas\u0131 14 may 2018-ci il REUTERS\/David Mdzinarishvili<\/span><\/em><\/figcaption><\/figure><\/p>\n<p><span style=\"font-weight: 400;\">M\u0259nc\u0259, G\u00fcrc\u00fcstan c\u0259miyy\u0259ti ke\u00e7mi\u015f SSR\u0130 \u00f6lk\u0259l\u0259ri aras\u0131nda (Baltikyan\u0131 \u00f6lk\u0259l\u0259ri istisna ets\u0259k) \u00f6z\u00fc bunun f\u0259rqind\u0259 olmasa da, \u0259n q\u0259rb y\u00f6n\u00fcml\u00fcd\u00fcr. Sad\u0259c\u0259 insanlar art\u0131q al\u0131\u015f\u0131blar ki, \u00f6lk\u0259d\u0259 az-\u00e7ox azad media var, \u0259vv\u0259ld\u0259n n\u0259tic\u0259si b\u0259lli olmayan se\u00e7kil\u0259r\u0259 al\u0131\u015f\u0131blar, \u00f6z fikrini a\u00e7\u0131q \u015f\u0259kild\u0259 bildirm\u0259y\u0259 v\u0259 onu n\u00fcmayi\u015fl\u0259rd\u0259 h\u0259bs olunma qorxusu olmadan d\u0259st\u0259kl\u0259m\u0259sin\u0259 \u00f6yr\u0259\u015fib. <\/span><\/p>\n<p><span style=\"font-weight: 400;\">Ke\u00e7mi\u015f h\u00f6kum\u0259t 2004-2012-ci ill\u0259rd\u0259 G\u00fcrc\u00fcstan v\u0259t\u0259nda\u015flar\u0131n\u0131 k\u00fctl\u0259vi korrupsiya v\u0259 cinay\u0259tkarl\u0131qdan \u00e7\u0259kindirdi v\u0259 az-\u00e7ox qanunlara h\u00f6rm\u0259t etm\u0259y\u0259 m\u0259cbur etdi. Amma g\u00f6r\u00fcn\u0259n odur ki, c\u0259miyy\u0259t\u0259 d\u00f6z\u00fcml\u00fcl\u00fck v\u0259 tolerantl\u0131q a\u015f\u0131lama\u011fa vaxt \u00e7atmad\u0131. <\/span><\/p>\n<p><span style=\"font-weight: 400;\">G\u00f6r\u00fcn\u00fcr, G\u00fcrc\u00fcstan\u0131n s\u00fcr\u0259tli q\u0259rbl\u0259\u015fm\u0259si, h\u0259l\u0259 d\u0259 c\u0259miyy\u0259tin b\u00f6y\u00fck hiss\u0259sinin beyinl\u0259rind\u0259 m\u00f6hk\u0259m oturan totalitar t\u0259f\u0259kk\u00fcr fonunda n\u0259tic\u0259d\u0259 bu c\u00fcr m\u00fcnaqi\u015f\u0259y\u0259 g\u0259tirib \u00e7\u0131xarmaya bilm\u0259zdi. \u00a0<\/span><\/p>\n<p><span style=\"font-weight: 400;\">14 may hadis\u0259l\u0259rinin g\u00f6st\u0259rdiyi kimi, m\u00fchafiz\u0259kar G\u00fcrc\u00fcstan\u0131n idar\u0259 olunan k\u00fctl\u0259l\u0259ri obyektiv olmayan dar d\u00fc\u015f\u00fcnc\u0259si v\u0259 b\u00fct\u00fcn yad v\u0259 anla\u015f\u0131lmayan \u015feyl\u0259r\u0259 aqressiyas\u0131 il\u0259 G\u00fcrc\u00fcstanda b\u00fct\u00fcn post-sovet ill\u0259ri \u0259rzind\u0259 \u0259ld\u0259 olunan h\u0259min o t\u0259r\u0259qqiy\u0259 ciddi t\u0259hdiddir. <\/span><\/p>\n<p><span style=\"font-weight: 400;\">Buna baxmayaraq, m\u00fcnaqi\u015f\u0259nin ayd\u0131n geosiyasi \u00f6l\u00e7\u00fcl\u0259ri var \u2013 G\u00fcrc\u00fcstan\u0131n q\u0259rbl\u0259\u015fmi\u015f orta sinfi Rusiya il\u0259 h\u0259r hans\u0131 bir \u0259laq\u0259d\u0259 olma\u011f\u0131 t\u0259s\u0259vv\u00fcr bel\u0259 ed\u0259 bilmir. Onlar ora s\u0259f\u0259r etmir, oran\u0131 tan\u0131m\u0131r v\u0259 ist\u0259mir, onlar\u0131n dostlar\u0131 v\u0259 qrup yolda\u015flar\u0131 Rusiyada deyil, Avropa v\u0259 AB\u015e-dad\u0131r. <\/span><\/p>\n<p><span style=\"font-weight: 400;\">Dig\u0259r t\u0259r\u0259fd\u0259n, t\u0259hsilsiz v\u0259 \u00f6z\u00fcn\u00fc realiz\u0259 ed\u0259 bilm\u0259y\u0259n g\u0259ncl\u0259r \u201ckonservativ\u201d, \u00a0\u201ceyni dind\u0259n olan b\u00f6y\u00fck qarda\u015f\u201d\u0131n a\u011fu\u015funa \u00e7a\u011f\u0131ran t\u0259bli\u011fat\u00e7\u0131lar\u0131n asan ovuna \u00e7evirilir. <\/span><\/p>\n<p><span style=\"font-weight: 400;\">M\u0259n G\u00fcrc\u00fcstanda bel\u0259 q\u00fctbl\u0259\u015fm\u0259 v\u0259 bel\u0259 mental u\u00e7urum oldu\u011funu xat\u0131rlam\u0131ram, h\u0259tta bir-birin\u0259 g\u00fcll\u0259 atan, kims\u0259 d\u00fczg\u00fcn geyinm\u0259diyin\u0259 v\u0259 ya g\u00f6r\u00fcnm\u0259diyin\u0259 g\u00f6r\u0259 d\u00f6y\u00fcld\u00fcy\u00fc 90-larda bel\u0259. Onlar\u0131n ham\u0131s\u0131 bir m\u00fchitd\u0259 b\u00f6y\u00fcm\u00fc\u015f, amma f\u0259rqli fikirl\u0259ri olan insanlar\u0131yd\u0131. <\/span><\/p>\n<p><span style=\"font-weight: 400;\">\u0130ndi is\u0259 bir \u0259razid\u0259 m\u00f6vcud olan, amma indiy\u0259 q\u0259d\u0259r dem\u0259k olar ki, bir-biril\u0259 \u0259laq\u0259si olmayan d\u00fcnyalar aras\u0131nda m\u00fcharib\u0259ni m\u00fc\u015fahid\u0259 edirik. Bu, b\u0259lk\u0259 d\u0259 he\u00e7 bir ba\u015fqa post-sovet \u00f6lk\u0259sind\u0259 yoxdur. \u00a0<\/span><\/p>\n<p><div class=\"su-divider su-divider-style-default\" style=\"margin:15px 0;border-width:3px;border-color:#999999\"><a href=\"#\" style=\"color:#999999\">Go to top<\/a><\/div> <\/p>\n<p><\/p>\n","protected":false},"excerpt":{"rendered":"<p>\u201cBiz birlikd\u0259 r\u0259qs edirik v\u0259 \u00f6z azadl\u0131\u011f\u0131m\u0131z u\u011frunda m\u00fcbariz\u0259 apar\u0131r\u0131q\u201d \u2013 Tbilisid\u0259 narkosiyas\u0259tin yum\u015fald\u0131lmas\u0131 t\u0259l\u0259bil\u0259 ke\u00e7iril\u0259n aksiyadan bir il \u00f6td\u00fc<\/p>\n","protected":false},"author":6,"featured_media":21209,"comment_status":"open","ping_status":"open","sticky":false,"template":"","format":"standard","meta":{"_acf_changed":false,"footnotes":""},"categories":[2,3,49,35],"tags":[14],"formation":[],"post-author":[4227],"topic":[4645],"tooltip":[],"city":[6049],"class_list":["post-8406","post","type-post","status-publish","format-standard","has-post-thumbnail","hentry","category-cografiya","category-gurcustan","category-srh","category-hekaylr","tag-bas-shif","post-author-dimitri-avaliani","topic-giorgi-qaxariya","city-tbilisi"],"acf":[],"yoast_head":"<!-- This site is optimized with the Yoast SEO plugin v24.1 - https:\/\/yoast.com\/wordpress\/plugins\/seo\/ -->\n<title>\u015e\u0259rh: G\u00fcrc\u00fcstanda g\u0259ncl\u0259rin m\u00fcxt\u0259lif qruplar\u0131 aras\u0131nda mental u\u00e7urum var - JAMnews<\/title>\n<meta name=\"robots\" content=\"index, follow, max-snippet:-1, max-image-preview:large, max-video-preview:-1\" \/>\n<link rel=\"canonical\" href=\"https:\/\/jam-news.net\/az\/s\u0259rh-gurcustan-dunyalarin-savasi\/\" \/>\n<meta property=\"og:locale\" content=\"az_AZ\" \/>\n<meta property=\"og:type\" content=\"article\" \/>\n<meta property=\"og:title\" content=\"\u015e\u0259rh: G\u00fcrc\u00fcstanda g\u0259ncl\u0259rin m\u00fcxt\u0259lif qruplar\u0131 aras\u0131nda mental u\u00e7urum var - JAMnews\" \/>\n<meta property=\"og:description\" content=\"\u201cBiz birlikd\u0259 r\u0259qs edirik v\u0259 \u00f6z azadl\u0131\u011f\u0131m\u0131z u\u011frunda m\u00fcbariz\u0259 apar\u0131r\u0131q\u201d \u2013 Tbilisid\u0259 narkosiyas\u0259tin yum\u015fald\u0131lmas\u0131 t\u0259l\u0259bil\u0259 ke\u00e7iril\u0259n aksiyadan bir il \u00f6td\u00fc\" \/>\n<meta property=\"og:url\" content=\"https:\/\/jam-news.net\/az\/s\u0259rh-gurcustan-dunyalarin-savasi\/\" \/>\n<meta property=\"og:site_name\" content=\"Azerbaijani Jamnews\" \/>\n<meta property=\"article:publisher\" content=\"https:\/\/www.facebook.com\/JAMnewsInEnglish\/\" \/>\n<meta property=\"article:published_time\" content=\"2019-05-12T00:00:00+00:00\" \/>\n<meta property=\"article:modified_time\" content=\"2022-01-17T21:06:13+00:00\" \/>\n<meta property=\"og:image\" content=\"https:\/\/jam-news.net\/app\/uploads\/2020\/03\/My-Post-10-1-1-3.jpg\" \/>\n\t<meta property=\"og:image:width\" content=\"1200\" \/>\n\t<meta property=\"og:image:height\" content=\"800\" \/>\n\t<meta property=\"og:image:type\" content=\"image\/jpeg\" \/>\n<meta name=\"author\" content=\"Tatia nikoladze\" \/>\n<meta name=\"twitter:card\" content=\"summary_large_image\" \/>\n<meta name=\"twitter:creator\" content=\"@JAMnewsCaucasus\" \/>\n<meta name=\"twitter:site\" content=\"@JAMnewsCaucasus\" \/>\n<meta name=\"twitter:label1\" content=\"Written by\" \/>\n\t<meta name=\"twitter:data1\" content=\"Tatia nikoladze\" \/>\n\t<meta name=\"twitter:label2\" content=\"Est. reading time\" \/>\n\t<meta name=\"twitter:data2\" content=\"9 minutes\" \/>\n<script type=\"application\/ld+json\" class=\"yoast-schema-graph\">{\"@context\":\"https:\/\/schema.org\",\"@graph\":[{\"@type\":\"Article\",\"@id\":\"https:\/\/jam-news.net\/az\/s%c9%99rh-gurcustan-dunyalarin-savasi\/#article\",\"isPartOf\":{\"@id\":\"https:\/\/jam-news.net\/az\/s%c9%99rh-gurcustan-dunyalarin-savasi\/\"},\"author\":{\"name\":\"Tatia nikoladze\",\"@id\":\"https:\/\/jam-news.net\/az\/#\/schema\/person\/86c90ea4dd4c6e61e60ae51d24bc662c\"},\"headline\":\"\u015e\u0259rh: G\u00fcrc\u00fcstanda g\u0259ncl\u0259rin m\u00fcxt\u0259lif qruplar\u0131 aras\u0131nda mental u\u00e7urum var\",\"datePublished\":\"2019-05-12T00:00:00+00:00\",\"dateModified\":\"2022-01-17T21:06:13+00:00\",\"mainEntityOfPage\":{\"@id\":\"https:\/\/jam-news.net\/az\/s%c9%99rh-gurcustan-dunyalarin-savasi\/\"},\"wordCount\":1787,\"commentCount\":0,\"publisher\":{\"@id\":\"https:\/\/jam-news.net\/az\/#organization\"},\"image\":{\"@id\":\"https:\/\/jam-news.net\/az\/s%c9%99rh-gurcustan-dunyalarin-savasi\/#primaryimage\"},\"thumbnailUrl\":\"https:\/\/jam-news.net\/app\/uploads\/2020\/03\/My-Post-10-1-1-3.jpg\",\"keywords\":[\"Ba\u015f s\u0259hif\u0259\"],\"articleSection\":[\"Geography\",\"Georgia\",\"Opinion\",\"Stories\"],\"inLanguage\":\"az\"},{\"@type\":\"WebPage\",\"@id\":\"https:\/\/jam-news.net\/az\/s%c9%99rh-gurcustan-dunyalarin-savasi\/\",\"url\":\"https:\/\/jam-news.net\/az\/s%c9%99rh-gurcustan-dunyalarin-savasi\/\",\"name\":\"\u015e\u0259rh: G\u00fcrc\u00fcstanda g\u0259ncl\u0259rin m\u00fcxt\u0259lif qruplar\u0131 aras\u0131nda mental u\u00e7urum var - JAMnews\",\"isPartOf\":{\"@id\":\"https:\/\/jam-news.net\/az\/#website\"},\"primaryImageOfPage\":{\"@id\":\"https:\/\/jam-news.net\/az\/s%c9%99rh-gurcustan-dunyalarin-savasi\/#primaryimage\"},\"image\":{\"@id\":\"https:\/\/jam-news.net\/az\/s%c9%99rh-gurcustan-dunyalarin-savasi\/#primaryimage\"},\"thumbnailUrl\":\"https:\/\/jam-news.net\/app\/uploads\/2020\/03\/My-Post-10-1-1-3.jpg\",\"datePublished\":\"2019-05-12T00:00:00+00:00\",\"dateModified\":\"2022-01-17T21:06:13+00:00\",\"breadcrumb\":{\"@id\":\"https:\/\/jam-news.net\/az\/s%c9%99rh-gurcustan-dunyalarin-savasi\/#breadcrumb\"},\"inLanguage\":\"az\",\"potentialAction\":[{\"@type\":\"ReadAction\",\"target\":[\"https:\/\/jam-news.net\/az\/s%c9%99rh-gurcustan-dunyalarin-savasi\/\"]}]},{\"@type\":\"ImageObject\",\"inLanguage\":\"az\",\"@id\":\"https:\/\/jam-news.net\/az\/s%c9%99rh-gurcustan-dunyalarin-savasi\/#primaryimage\",\"url\":\"https:\/\/jam-news.net\/app\/uploads\/2020\/03\/My-Post-10-1-1-3.jpg\",\"contentUrl\":\"https:\/\/jam-news.net\/app\/uploads\/2020\/03\/My-Post-10-1-1-3.jpg\",\"width\":1200,\"height\":800},{\"@type\":\"BreadcrumbList\",\"@id\":\"https:\/\/jam-news.net\/az\/s%c9%99rh-gurcustan-dunyalarin-savasi\/#breadcrumb\",\"itemListElement\":[{\"@type\":\"ListItem\",\"position\":1,\"name\":\"Home\",\"item\":\"https:\/\/jam-news.net\/az\/\"},{\"@type\":\"ListItem\",\"position\":2,\"name\":\"\u015e\u0259rh: G\u00fcrc\u00fcstanda g\u0259ncl\u0259rin m\u00fcxt\u0259lif qruplar\u0131 aras\u0131nda mental u\u00e7urum var\"}]},{\"@type\":\"WebSite\",\"@id\":\"https:\/\/jam-news.net\/az\/#website\",\"url\":\"https:\/\/jam-news.net\/az\/\",\"name\":\"Azerbaijani Jamnews\",\"description\":\"Caucasus News, Politics and Society\",\"publisher\":{\"@id\":\"https:\/\/jam-news.net\/az\/#organization\"},\"potentialAction\":[{\"@type\":\"SearchAction\",\"target\":{\"@type\":\"EntryPoint\",\"urlTemplate\":\"https:\/\/jam-news.net\/az\/?s={search_term_string}\"},\"query-input\":{\"@type\":\"PropertyValueSpecification\",\"valueRequired\":true,\"valueName\":\"search_term_string\"}}],\"inLanguage\":\"az\"},{\"@type\":\"Organization\",\"@id\":\"https:\/\/jam-news.net\/az\/#organization\",\"name\":\"JAMnews\",\"url\":\"https:\/\/jam-news.net\/az\/\",\"logo\":{\"@type\":\"ImageObject\",\"inLanguage\":\"az\",\"@id\":\"https:\/\/jam-news.net\/az\/#\/schema\/logo\/image\/\",\"url\":\"https:\/\/jam-news.net\/app\/uploads\/2020\/05\/JAM_w.jpg\",\"contentUrl\":\"https:\/\/jam-news.net\/app\/uploads\/2020\/05\/JAM_w.jpg\",\"width\":960,\"height\":960,\"caption\":\"JAMnews\"},\"image\":{\"@id\":\"https:\/\/jam-news.net\/az\/#\/schema\/logo\/image\/\"},\"sameAs\":[\"https:\/\/www.facebook.com\/JAMnewsInEnglish\/\",\"https:\/\/x.com\/JAMnewsCaucasus\",\"https:\/\/www.instagram.com\/jam_news\/\",\"https:\/\/www.youtube.com\/channel\/UCXQbUCme2pykuZYXWHx4VPg\"]},{\"@type\":\"Person\",\"@id\":\"https:\/\/jam-news.net\/az\/#\/schema\/person\/86c90ea4dd4c6e61e60ae51d24bc662c\",\"name\":\"Tatia nikoladze\",\"image\":{\"@type\":\"ImageObject\",\"inLanguage\":\"az\",\"@id\":\"https:\/\/jam-news.net\/az\/#\/schema\/person\/image\/\",\"url\":\"https:\/\/secure.gravatar.com\/avatar\/1f8b2c8ce4c25cc30806785bafe6bb03?s=96&d=mm&r=g\",\"contentUrl\":\"https:\/\/secure.gravatar.com\/avatar\/1f8b2c8ce4c25cc30806785bafe6bb03?s=96&d=mm&r=g\",\"caption\":\"Tatia nikoladze\"},\"url\":\"https:\/\/jam-news.net\/az\/author\/tatiani\/\"}]}<\/script>\n<!-- \/ Yoast SEO plugin. -->","yoast_head_json":{"title":"\u015e\u0259rh: G\u00fcrc\u00fcstanda g\u0259ncl\u0259rin m\u00fcxt\u0259lif qruplar\u0131 aras\u0131nda mental u\u00e7urum var - JAMnews","robots":{"index":"index","follow":"follow","max-snippet":"max-snippet:-1","max-image-preview":"max-image-preview:large","max-video-preview":"max-video-preview:-1"},"canonical":"https:\/\/jam-news.net\/az\/s\u0259rh-gurcustan-dunyalarin-savasi\/","og_locale":"az_AZ","og_type":"article","og_title":"\u015e\u0259rh: G\u00fcrc\u00fcstanda g\u0259ncl\u0259rin m\u00fcxt\u0259lif qruplar\u0131 aras\u0131nda mental u\u00e7urum var - JAMnews","og_description":"\u201cBiz birlikd\u0259 r\u0259qs edirik v\u0259 \u00f6z azadl\u0131\u011f\u0131m\u0131z u\u011frunda m\u00fcbariz\u0259 apar\u0131r\u0131q\u201d \u2013 Tbilisid\u0259 narkosiyas\u0259tin yum\u015fald\u0131lmas\u0131 t\u0259l\u0259bil\u0259 ke\u00e7iril\u0259n aksiyadan bir il \u00f6td\u00fc","og_url":"https:\/\/jam-news.net\/az\/s\u0259rh-gurcustan-dunyalarin-savasi\/","og_site_name":"Azerbaijani Jamnews","article_publisher":"https:\/\/www.facebook.com\/JAMnewsInEnglish\/","article_published_time":"2019-05-12T00:00:00+00:00","article_modified_time":"2022-01-17T21:06:13+00:00","og_image":[{"width":1200,"height":800,"url":"https:\/\/jam-news.net\/app\/uploads\/2020\/03\/My-Post-10-1-1-3.jpg","type":"image\/jpeg"}],"author":"Tatia nikoladze","twitter_card":"summary_large_image","twitter_creator":"@JAMnewsCaucasus","twitter_site":"@JAMnewsCaucasus","twitter_misc":{"Written by":"Tatia nikoladze","Est. reading time":"9 minutes"},"schema":{"@context":"https:\/\/schema.org","@graph":[{"@type":"Article","@id":"https:\/\/jam-news.net\/az\/s%c9%99rh-gurcustan-dunyalarin-savasi\/#article","isPartOf":{"@id":"https:\/\/jam-news.net\/az\/s%c9%99rh-gurcustan-dunyalarin-savasi\/"},"author":{"name":"Tatia nikoladze","@id":"https:\/\/jam-news.net\/az\/#\/schema\/person\/86c90ea4dd4c6e61e60ae51d24bc662c"},"headline":"\u015e\u0259rh: G\u00fcrc\u00fcstanda g\u0259ncl\u0259rin m\u00fcxt\u0259lif qruplar\u0131 aras\u0131nda mental u\u00e7urum var","datePublished":"2019-05-12T00:00:00+00:00","dateModified":"2022-01-17T21:06:13+00:00","mainEntityOfPage":{"@id":"https:\/\/jam-news.net\/az\/s%c9%99rh-gurcustan-dunyalarin-savasi\/"},"wordCount":1787,"commentCount":0,"publisher":{"@id":"https:\/\/jam-news.net\/az\/#organization"},"image":{"@id":"https:\/\/jam-news.net\/az\/s%c9%99rh-gurcustan-dunyalarin-savasi\/#primaryimage"},"thumbnailUrl":"https:\/\/jam-news.net\/app\/uploads\/2020\/03\/My-Post-10-1-1-3.jpg","keywords":["Ba\u015f s\u0259hif\u0259"],"articleSection":["Geography","Georgia","Opinion","Stories"],"inLanguage":"az"},{"@type":"WebPage","@id":"https:\/\/jam-news.net\/az\/s%c9%99rh-gurcustan-dunyalarin-savasi\/","url":"https:\/\/jam-news.net\/az\/s%c9%99rh-gurcustan-dunyalarin-savasi\/","name":"\u015e\u0259rh: G\u00fcrc\u00fcstanda g\u0259ncl\u0259rin m\u00fcxt\u0259lif qruplar\u0131 aras\u0131nda mental u\u00e7urum var - JAMnews","isPartOf":{"@id":"https:\/\/jam-news.net\/az\/#website"},"primaryImageOfPage":{"@id":"https:\/\/jam-news.net\/az\/s%c9%99rh-gurcustan-dunyalarin-savasi\/#primaryimage"},"image":{"@id":"https:\/\/jam-news.net\/az\/s%c9%99rh-gurcustan-dunyalarin-savasi\/#primaryimage"},"thumbnailUrl":"https:\/\/jam-news.net\/app\/uploads\/2020\/03\/My-Post-10-1-1-3.jpg","datePublished":"2019-05-12T00:00:00+00:00","dateModified":"2022-01-17T21:06:13+00:00","breadcrumb":{"@id":"https:\/\/jam-news.net\/az\/s%c9%99rh-gurcustan-dunyalarin-savasi\/#breadcrumb"},"inLanguage":"az","potentialAction":[{"@type":"ReadAction","target":["https:\/\/jam-news.net\/az\/s%c9%99rh-gurcustan-dunyalarin-savasi\/"]}]},{"@type":"ImageObject","inLanguage":"az","@id":"https:\/\/jam-news.net\/az\/s%c9%99rh-gurcustan-dunyalarin-savasi\/#primaryimage","url":"https:\/\/jam-news.net\/app\/uploads\/2020\/03\/My-Post-10-1-1-3.jpg","contentUrl":"https:\/\/jam-news.net\/app\/uploads\/2020\/03\/My-Post-10-1-1-3.jpg","width":1200,"height":800},{"@type":"BreadcrumbList","@id":"https:\/\/jam-news.net\/az\/s%c9%99rh-gurcustan-dunyalarin-savasi\/#breadcrumb","itemListElement":[{"@type":"ListItem","position":1,"name":"Home","item":"https:\/\/jam-news.net\/az\/"},{"@type":"ListItem","position":2,"name":"\u015e\u0259rh: G\u00fcrc\u00fcstanda g\u0259ncl\u0259rin m\u00fcxt\u0259lif qruplar\u0131 aras\u0131nda mental u\u00e7urum var"}]},{"@type":"WebSite","@id":"https:\/\/jam-news.net\/az\/#website","url":"https:\/\/jam-news.net\/az\/","name":"Azerbaijani Jamnews","description":"Caucasus News, Politics and Society","publisher":{"@id":"https:\/\/jam-news.net\/az\/#organization"},"potentialAction":[{"@type":"SearchAction","target":{"@type":"EntryPoint","urlTemplate":"https:\/\/jam-news.net\/az\/?s={search_term_string}"},"query-input":{"@type":"PropertyValueSpecification","valueRequired":true,"valueName":"search_term_string"}}],"inLanguage":"az"},{"@type":"Organization","@id":"https:\/\/jam-news.net\/az\/#organization","name":"JAMnews","url":"https:\/\/jam-news.net\/az\/","logo":{"@type":"ImageObject","inLanguage":"az","@id":"https:\/\/jam-news.net\/az\/#\/schema\/logo\/image\/","url":"https:\/\/jam-news.net\/app\/uploads\/2020\/05\/JAM_w.jpg","contentUrl":"https:\/\/jam-news.net\/app\/uploads\/2020\/05\/JAM_w.jpg","width":960,"height":960,"caption":"JAMnews"},"image":{"@id":"https:\/\/jam-news.net\/az\/#\/schema\/logo\/image\/"},"sameAs":["https:\/\/www.facebook.com\/JAMnewsInEnglish\/","https:\/\/x.com\/JAMnewsCaucasus","https:\/\/www.instagram.com\/jam_news\/","https:\/\/www.youtube.com\/channel\/UCXQbUCme2pykuZYXWHx4VPg"]},{"@type":"Person","@id":"https:\/\/jam-news.net\/az\/#\/schema\/person\/86c90ea4dd4c6e61e60ae51d24bc662c","name":"Tatia nikoladze","image":{"@type":"ImageObject","inLanguage":"az","@id":"https:\/\/jam-news.net\/az\/#\/schema\/person\/image\/","url":"https:\/\/secure.gravatar.com\/avatar\/1f8b2c8ce4c25cc30806785bafe6bb03?s=96&d=mm&r=g","contentUrl":"https:\/\/secure.gravatar.com\/avatar\/1f8b2c8ce4c25cc30806785bafe6bb03?s=96&d=mm&r=g","caption":"Tatia nikoladze"},"url":"https:\/\/jam-news.net\/az\/author\/tatiani\/"}]}},"_links":{"self":[{"href":"https:\/\/jam-news.net\/az\/wp-json\/wp\/v2\/posts\/8406","targetHints":{"allow":["GET"]}}],"collection":[{"href":"https:\/\/jam-news.net\/az\/wp-json\/wp\/v2\/posts"}],"about":[{"href":"https:\/\/jam-news.net\/az\/wp-json\/wp\/v2\/types\/post"}],"author":[{"embeddable":true,"href":"https:\/\/jam-news.net\/az\/wp-json\/wp\/v2\/users\/6"}],"replies":[{"embeddable":true,"href":"https:\/\/jam-news.net\/az\/wp-json\/wp\/v2\/comments?post=8406"}],"version-history":[{"count":1,"href":"https:\/\/jam-news.net\/az\/wp-json\/wp\/v2\/posts\/8406\/revisions"}],"predecessor-version":[{"id":13969,"href":"https:\/\/jam-news.net\/az\/wp-json\/wp\/v2\/posts\/8406\/revisions\/13969"}],"wp:featuredmedia":[{"embeddable":true,"href":"https:\/\/jam-news.net\/az\/wp-json\/wp\/v2\/media\/21209"}],"wp:attachment":[{"href":"https:\/\/jam-news.net\/az\/wp-json\/wp\/v2\/media?parent=8406"}],"wp:term":[{"taxonomy":"category","embeddable":true,"href":"https:\/\/jam-news.net\/az\/wp-json\/wp\/v2\/categories?post=8406"},{"taxonomy":"post_tag","embeddable":true,"href":"https:\/\/jam-news.net\/az\/wp-json\/wp\/v2\/tags?post=8406"},{"taxonomy":"formation","embeddable":true,"href":"https:\/\/jam-news.net\/az\/wp-json\/wp\/v2\/formation?post=8406"},{"taxonomy":"post-author","embeddable":true,"href":"https:\/\/jam-news.net\/az\/wp-json\/wp\/v2\/post-author?post=8406"},{"taxonomy":"topic","embeddable":true,"href":"https:\/\/jam-news.net\/az\/wp-json\/wp\/v2\/topic?post=8406"},{"taxonomy":"tooltip","embeddable":true,"href":"https:\/\/jam-news.net\/az\/wp-json\/wp\/v2\/tooltip?post=8406"},{"taxonomy":"city","embeddable":true,"href":"https:\/\/jam-news.net\/az\/wp-json\/wp\/v2\/city?post=8406"}],"curies":[{"name":"wp","href":"https:\/\/api.w.org\/{rel}","templated":true}]}}