{"id":81794,"date":"2023-10-24T21:07:11","date_gmt":"2023-10-24T17:07:11","guid":{"rendered":"https:\/\/jam-news.net\/az\/?p=81794"},"modified":"2023-10-24T21:07:15","modified_gmt":"2023-10-24T17:07:15","slug":"gurcustan-regional-formatdan-imtina-edir","status":"publish","type":"post","link":"https:\/\/jam-news.net\/az\/gurcustan-regional-formatdan-imtina-edir\/","title":{"rendered":"G\u00fcrc\u00fcstan \u201c3+3\u201d format\u0131nda dan\u0131\u015f\u0131qlarda i\u015ftirakdan niy\u0259 imtina edir? Bak\u0131dan \u015f\u0259rh"},"content":{"rendered":"\n<p style=\"font-size:8px\"><em>G\u00fcrc\u00fcstan regional formatdan imtina edir<\/em><\/p>\n\n\n\n<p>Regional \u0259m\u0259kda\u015fl\u0131q m\u0259s\u0259l\u0259l\u0259rinin m\u00fczakir\u0259si \u00fc\u00e7\u00fcn \u201c3+3\u201d format\u0131n\u0131n yarad\u0131lmas\u0131n\u0131n ilk g\u00fcn\u00fcnd\u0259n <a href=\"https:\/\/jam-news.net\/az\/category\/cografiya\/gurcustan\/\" target=\"_blank\" rel=\"noreferrer noopener\">G\u00fcrc\u00fcstan<\/a> bu formatda i\u015ftirakdan imtina edib. Tbilisi imtinas\u0131n\u0131 <a href=\"https:\/\/jam-news.net\/az\/category\/cografiya\/rusiya\/\" target=\"_blank\" rel=\"noreferrer noopener\">Rusiya<\/a> il\u0259 dan\u0131\u015f\u0131qlar masas\u0131na oturmaq ist\u0259m\u0259m\u0259si il\u0259 izah edir. Az\u0259rbaycanl\u0131 siyas\u0259t\u00e7i Natiq C\u0259f\u0259rlinin fikrinc\u0259, G\u00fcrc\u00fcstan t\u0259r\u0259finin regional platforman\u0131n i\u015find\u0259 i\u015ftirakdan imtina etm\u0259sinin s\u0259b\u0259bi bu \u00f6lk\u0259 \u00fc\u00e7\u00fcn hadis\u0259l\u0259rin inki\u015faf\u0131 perspektivl\u0259rinin o q\u0259d\u0259r d\u0259 \u0259lveri\u015fli olmamas\u0131d\u0131r.<\/p>\n\n\n\n<hr class=\"wp-block-separator has-alpha-channel-opacity\"\/>\n\n\n\n<ul class=\"wp-block-list\"><li><a href=\"https:\/\/jam-news.net\/az\/inanirdiq-ki-qayidacaq-itkin-dusmus-az%c9%99rbaycanli-h%c9%99rbcinin-n%c9%99si-30-il-sonra-tapilib\/\" target=\"_blank\" rel=\"noreferrer noopener\">\u201c\u0130nan\u0131rd\u0131q ki, qay\u0131dacaq\u201d. \u0130tkin d\u00fc\u015fm\u00fc\u015f az\u0259rbaycanl\u0131 h\u0259rb\u00e7inin n\u0259\u015fi 30 il sonra tap\u0131l\u0131b<\/a><\/li><li><a href=\"https:\/\/jam-news.net\/az\/q%c9%99rb-oz-s%c9%99hvl%c9%99rini-t%c9%99krar-ed%c9%99c%c9%99kmi-bakidan-s%c9%99rh\/\" target=\"_blank\" rel=\"noreferrer noopener\">\u201cQ\u0259rb \u00f6z s\u0259hvl\u0259rini t\u0259krar ed\u0259c\u0259kmi?\u201d Bak\u0131dan \u015f\u0259rh<\/a><\/li><li><a href=\"https:\/\/jam-news.net\/az\/hekay%c9%99nin-sonu-yoxsa-yeni-baslangic-az%c9%99rbaycanli-iqtisadcinin-dusunc%c9%99l%c9%99ri\/\" target=\"_blank\" rel=\"noreferrer noopener\">\u201cHekay\u0259nin sonu\u201d, yoxsa \u201cyeni ba\u015flan\u011f\u0131c\u201d? Az\u0259rbaycanl\u0131 iqtisad\u00e7\u0131n\u0131n d\u00fc\u015f\u00fcnc\u0259l\u0259ri<\/a><\/li><\/ul>\n\n\n\n<hr class=\"wp-block-separator has-alpha-channel-opacity\"\/>\n\n\n\n<p>Tehranda <a href=\"https:\/\/jam-news.net\/az\/category\/cografiya\/az%c9%99rbaycan\/\" target=\"_blank\" rel=\"noreferrer noopener\">Az\u0259rbaycan<\/a>, <a href=\"https:\/\/jam-news.net\/az\/category\/cografiya\/erm%c9%99nistan\/\" target=\"_blank\" rel=\"noreferrer noopener\">Erm\u0259nistan<\/a>, <a href=\"https:\/\/jam-news.net\/az\/topic\/iran\/\" target=\"_blank\" rel=\"noreferrer noopener\">\u0130ran<\/a>, Rusiya v\u0259 <a href=\"https:\/\/jam-news.net\/az\/category\/cografiya\/turkiy%c9%99\/\" target=\"_blank\" rel=\"noreferrer noopener\">T\u00fcrkiy\u0259<\/a> xarici i\u015fl\u0259r nazirl\u0259rinin g\u00f6r\u00fc\u015f\u00fc ba\u015f tutub. Regional \u0259m\u0259kda\u015fl\u0131q format\u0131 \u201c3+3\u201d adland\u0131r\u0131lsa da, onun i\u015find\u0259 c\u0259mi be\u015f \u00f6lk\u0259 i\u015ftirak edir. Bu format\u0131n yarad\u0131lmas\u0131n\u0131n ilk g\u00fcn\u00fcnd\u0259n G\u00fcrc\u00fcstan orada i\u015ftirakdan imtina edib.<\/p>\n\n\n\n<h2 class=\"wp-block-heading\"><strong>Bu, n\u0259 formatd\u0131r v\u0259 n\u0259y\u0259 laz\u0131md\u0131r?<\/strong><\/h2>\n\n\n\n<p>2020-ci ilin sonunda <a href=\"https:\/\/jam-news.net\/az\/topic\/qarabagda-h%c9%99rbi-%c9%99m%c9%99liyyatlar-2020\/\" target=\"_blank\" rel=\"noreferrer noopener\">ikinci Qaraba\u011f m\u00fcharib\u0259si<\/a> ba\u015fa \u00e7atd\u0131qdan sonra T\u00fcrkiy\u0259 prezidenti R\u0259c\u0259b Tayyib \u018frdo\u011fan regional \u0259m\u0259kda\u015fl\u0131\u011f\u0131 d\u0259rinl\u0259\u015fdirm\u0259k m\u0259qs\u0259di il\u0259 C\u0259nubi Qafqaz\u0131n \u00fc\u00e7 \u00f6lk\u0259sinin (Az\u0259rbaycan, Erm\u0259nistan v\u0259 G\u00fcrc\u00fcstan) v\u0259 regionun \u00fc\u00e7 b\u00f6y\u00fck d\u00f6vl\u0259tinin (\u0130ran, Rusiya v\u0259 T\u00fcrkiy\u0259) i\u015ftirak\u0131 il\u0259 \u201c3+3\u201d platformas\u0131n\u0131n yarad\u0131lmas\u0131 ideyas\u0131n\u0131 s\u0259sl\u0259ndirib.<\/p>\n\n\n\n<p>Bu t\u0259klifin d\u0259rcind\u0259n d\u0259rhal sonra Erm\u0259nistan v\u0259 G\u00fcrc\u00fcstan bu formatda i\u015ftirakdan imtina etdil\u0259r. Sonradan ilk iclas\u0131 2021-ci ild\u0259 Moskvada ba\u015f tutan bu platforman\u0131n i\u015fin\u0259 r\u0259smi Yerevan da qo\u015fuldu.<\/p>\n\n\n\n<figure class=\"wp-block-image size-large\"><img loading=\"lazy\" decoding=\"async\" width=\"1024\" height=\"682\" src=\"https:\/\/jam-news.net\/app\/uploads\/2023\/10\/16980778108642-1024x682.jpeg\" alt=\"\" class=\"wp-image-81787\" srcset=\"https:\/\/jam-news.net\/app\/uploads\/2023\/10\/16980778108642-1024x682.jpeg 1024w, https:\/\/jam-news.net\/app\/uploads\/2023\/10\/16980778108642-300x200.jpeg 300w, https:\/\/jam-news.net\/app\/uploads\/2023\/10\/16980778108642-768x512.jpeg 768w, https:\/\/jam-news.net\/app\/uploads\/2023\/10\/16980778108642-1536x1024.jpeg 1536w, https:\/\/jam-news.net\/app\/uploads\/2023\/10\/16980778108642-2048x1365.jpeg 2048w\" sizes=\"auto, (max-width: 1024px) 100vw, 1024px\" \/><figcaption>Be\u015f \u00f6lk\u0259nin xarici i\u015fl\u0259r nazirl\u0259ri Tehranda \u201c3+3\u201d format\u0131nda g\u00f6r\u00fc\u015f ke\u00e7irib. 23 oktyabr 2023-c\u00fc il. Foto: Az\u0259rbaycan Xarici \u0130\u015fl\u0259r Nazirliyi<\/figcaption><\/figure>\n\n\n\n<h2 class=\"wp-block-heading\"><strong>G\u00fcrc\u00fcstan niy\u0259 imtina edib?<\/strong><\/h2>\n\n\n\n<p>\u201cG\u00fcrc\u00fcstan \u00fc\u00e7\u00fcn Rusiya il\u0259 birlikd\u0259 \u201c3+3\u201d format\u0131nda i\u015ftirak etm\u0259k \u00e7\u0259tin olacaq, lakin \u00f6lk\u0259 hans\u0131sa formada iri geosiyasi layih\u0259l\u0259rd\u0259 t\u0259msil olunmal\u0131d\u0131r\u201d. G\u00fcrc\u00fcstan\u0131n ba\u015f nazirinin m\u00fcavini v\u0259 xarici i\u015fl\u0259r naziri David Zalkaliani regional \u0259m\u0259kda\u015fl\u0131q format\u0131n\u0131n yarad\u0131lmas\u0131 ideyas\u0131na bel\u0259 reaksiya verib.<\/p>\n\n\n\n<p>\u201c\u018flb\u0259tt\u0259 ki, i\u015f\u011fal\u0131n aradan qald\u0131r\u0131lmas\u0131 istiqam\u0259tind\u0259 he\u00e7 bir proses g\u00f6rm\u0259dikd\u0259, bu formatda i\u015ftirak etm\u0259k v\u0259 hans\u0131sa infrastruktur layih\u0259l\u0259rind\u0259n dan\u0131\u015fmaq \u00e7ox \u00e7\u0259tindir.<\/p>\n\n\n\n<p>Bununla bel\u0259, m\u0259n ictimaiyy\u0259tinm\u00fclahiz\u0259sin\u0259 bel\u0259 bir m\u00f6vqe t\u0259qdim etm\u0259k ist\u0259yir\u0259m \u2013 bel\u0259 b\u00f6y\u00fck geosiyasi layih\u0259l\u0259rd\u0259 v\u0259 m\u00fcnasib\u0259tl\u0259rd\u0259 biz h\u0259r hans\u0131 formada t\u0259msil olunmal\u0131y\u0131q, \u0259lb\u0259tt\u0259 ki, d\u00f6vl\u0259t maraqlar\u0131 v\u0259 i\u015f\u011fal\u00e7\u0131ya hans\u0131sa g\u00fcz\u0259\u015ftl\u0259r hesab\u0131na deyil\u201d, &#8211; Zalkaliani <a href=\"https:\/\/www.newsgeorgia.ge\/glava-mid-gruzii-o-formate-33-s-rossiej\/\" target=\"_blank\" rel=\"noreferrer noopener\">deyib<\/a>.<\/p>\n\n\n\n<h2 class=\"wp-block-heading\"><strong>\u201cTbilisi bu formata q\u0131sqanc yana\u015f\u0131r\u201d<\/strong><\/h2>\n\n\n\n<p><strong>Az\u0259rbaycanl\u0131 siyas\u0259t\u00e7i, Respublika\u00e7\u0131 Alternativ <\/strong><strong>P<\/strong><strong>artiyas\u0131n\u0131n liderl\u0259rind\u0259n biri Natiq C\u0259f\u0259rli<\/strong> G\u00fcrc\u00fcstan t\u0259r\u0259finin Rusiyaya g\u00f6r\u0259 \u201c3+3\u201d format\u0131n\u0131n i\u015find\u0259 i\u015ftirak etm\u0259k ist\u0259m\u0259diyin\u0259 dair arqumenti il\u0259 raz\u0131la\u015fm\u0131r.<\/p>\n\n\n\n<p>Onun <a href=\"https:\/\/sfera.az\/siyaset\/233254\/gurcustan-tehrandaki-33-formatini-niye-boykot-edir-natiq-ceferlinin-serhi\/\" target=\"_blank\" rel=\"noreferrer noopener\">s\u00f6zl\u0259rin\u0259<\/a> g\u00f6r\u0259, bu formatda \u0259sas m\u00fczakir\u0259 obyekti logistik mar\u015frutlar\u0131n a\u00e7\u0131lmas\u0131d\u0131r:<\/p>\n\n\n\n<p>\u201cG\u00fcrc\u00fcstanda hesab edirl\u0259r ki, \u0130ran v\u0259 ya Erm\u0259nistan \u00fcz\u0259rind\u0259n yollar a\u00e7\u0131landan sonra G\u00fcrc\u00fcstan\u0131n iqtisadi logistik \u00f6n\u0259mi azalacaq. G\u00fcrc\u00fcstan bundan \u00e7\u0259kinir. \u00c7\u00fcnki uzun ill\u0259rdir el\u0259 Az\u0259rbaycan-Erm\u0259nistan m\u00fcnaqi\u015f\u0259sin\u0259, Erm\u0259nistan\u0131n t\u0259cav\u00fczkar siyas\u0259tin\u0259 g\u00f6r\u0259 G\u00fcrc\u00fcstan Az\u0259rbaycandan T\u00fcrkiy\u0259y\u0259, T\u00fcrkiy\u0259d\u0259n Az\u0259rbaycana \u0259sas logistik m\u0259rk\u0259z\u0259 \u00e7evrilmi\u015fdi.<\/p>\n\n\n<article class=\"single-card uk-flex uk-flex-between m-b-sm-40\">\n\n  <div class=\"uk-grid wi-full-width\">\n\n    <div class=\"uk-width-2-3 p-t-sm-10\">\n      <a href=\"https:\/\/jam-news.net\/az\/turistl%c9%99rin-ucd%c9%99-biri-az%c9%99rbaycana-r%c9%99sm%c9%99n-qapali-olan-quru-s%c9%99rh%c9%99dl%c9%99ri-vasit%c9%99sil%c9%99-g%c9%99lib\/\" target=\"_blank\">\n\n\n\n\n\n        <h2 class=\"m-b-sm-23 wi-merriweather-light\">\n\tTuristl\u0259rin \u00fc\u00e7d\u0259 biri Az\u0259rbaycana r\u0259sm\u0259n qapal\u0131 olan quru s\u0259rh\u0259dl\u0259ri vasit\u0259sil\u0259 g\u0259lib\n<\/h2>\n\n        <p class=\"paragraph-color-2 m-b-sm-10 m-b-xs-7\">\n  D\u00f6vl\u0259t S\u0259rh\u0259d Xidm\u0259ti Az\u0259rbaycana g\u0259l\u0259n \u0259cn\u0259bil\u0259rin \u00fc\u00e7d\u0259 birind\u0259n \u00e7oxunun d\u0259mir yolu v\u0259 avtomobil yolu il\u0259 g\u0259ldiyin\u0259 dair statistik m\u0259lumatlar\u0131 a\u00e7\u0131qlay\u0131b\n<\/p>\n      <\/a>\n    <\/div>\n    <div class=\"uk-width-1-3\">\n      <figure class=\"wi-full-height choose-post__img wi-merriweather-light\">\n  <a class=\"\" href=\"https:\/\/jam-news.net\/az\/turistl%c9%99rin-ucd%c9%99-biri-az%c9%99rbaycana-r%c9%99sm%c9%99n-qapali-olan-quru-s%c9%99rh%c9%99dl%c9%99ri-vasit%c9%99sil%c9%99-g%c9%99lib\/\">\n    <img decoding=\"async\" class=\"wi-full-height wi-ratio-img\" src=\"https:\/\/jam-news.net\/app\/uploads\/2023\/04\/1666248509_6db2fc0f9848c8830f2c5ad73e78ea75.jpeg\" alt=\"\" uk-img \/>\n  <\/a>\n<\/figure>\n    <\/div>\n  <\/div>\n<\/article>\n\n\n\n<p>Az\u0259rbaycandan Orta Asiyaya, h\u0259tta Uzaq \u015e\u0259rq\u0259 bel\u0259 y\u00fckl\u0259r G\u00fcrc\u00fcstan \u00fcz\u0259rind\u0259n da\u015f\u0131n\u0131rd\u0131 v\u0259 G\u00fcrc\u00fcstan bu 30 ild\u0259 b\u0259lli bir infrastruktur da qurmu\u015fdu. Yol k\u0259narlar\u0131nda 10 minl\u0259rl\u0259 i\u015f yeri yaranm\u0131\u015fd\u0131, y\u0259ni ki\u00e7ik motell\u0259r, kafel\u0259r, texniki xidm\u0259t vasit\u0259l\u0259ri, t\u0259mir yerl\u0259ri v\u0259 dig\u0259r \u00e7oxsayl\u0131 i\u015f yerl\u0259ri var idi.<\/p>\n\n\n\n<p>G\u00fcrc\u00fcstan \u00fcz\u0259rind\u0259n ke\u00e7\u0259n yollardan istifad\u0259y\u0259 v\u0259 onun dolay\u0131 d\u00f6vriyy\u0259sin\u0259 g\u00f6r\u0259 t\u0259qrib\u0259n 1,5 milyard dollara yax\u0131n v\u0259sait \u0259ld\u0259 edirdi.<\/p>\n\n\n\n<p>\u0130ndi yeni yollar a\u00e7\u0131lark\u0259n G\u00fcrc\u00fcstan \u00e7\u0259kinir ki, \u0259razisi \u00fcz\u0259rind\u0259n istifad\u0259 olunacaq y\u00fck d\u00f6vriyy\u0259si xeyli azalacaq. M\u0259n\u0259 el\u0259 g\u0259lir ki, G\u00fcrc\u00fcstan bu s\u0259b\u0259bd\u0259n s\u00f6z\u00fcged\u0259n formata q\u0131sqancl\u0131qla yana\u015f\u0131r\u201d.<\/p>\n\n\n\n<p>C\u0259f\u0259rli Az\u0259rbaycan v\u0259 T\u00fcrkiy\u0259nin G\u00fcrc\u00fcstanla ayr\u0131ca g\u00f6r\u00fc\u015f ke\u00e7ir\u0259r\u0259k problemli m\u0259s\u0259l\u0259l\u0259rin h\u0259llin\u0259 nail ola bil\u0259c\u0259yini vur\u011fulay\u0131b:<\/p>\n\n\n\n<p>\u201cT\u00fcrkiy\u0259 v\u0259 Az\u0259rbaycan bu m\u00f6vzuda G\u00fcrc\u00fcstanla daha ciddi i\u015fl\u0259m\u0259lidir v\u0259 b\u0259zi y\u00fckl\u0259rin G\u00fcrc\u00fcstan \u00fcz\u0259rind\u0259n d\u0259 ke\u00e7\u0259c\u0259yini G\u00fcrc\u00fcstana dem\u0259k laz\u0131md\u0131r. G\u00fcrc\u00fcstan\u0131 bu 3+3 format\u0131nda i\u015ftirak etm\u0259y\u0259 d\u0259v\u0259t etm\u0259k v\u0259 israrl\u0131 olmaq laz\u0131md\u0131r. \u00c7\u00fcnki G\u00fcrc\u00fcstan\u0131n i\u015ftirak etm\u0259m\u0259si, a\u00e7\u0131\u011f\u0131, beyn\u0259lxalq t\u0259r\u0259fda\u015flarda b\u0259zi suallar yarad\u0131r.<\/p>\n\n\n\n<p>Ona g\u00f6r\u0259 d\u0259 T\u00fcrkiy\u0259 d\u0259, Az\u0259rbaycan da G\u00fcrc\u00fcstanla ikit\u0259r\u0259fli g\u00f6r\u00fc\u015fl\u0259rd\u0259 bu m\u0259s\u0259l\u0259l\u0259ri diqq\u0259t\u0259 \u00e7atd\u0131rmal\u0131d\u0131r ki, he\u00e7 d\u0259 G\u00fcrc\u00fcstan\u0131n \u00fcz\u0259rind\u0259n y\u00fckl\u0259rin ke\u00e7irilm\u0259sin\u0259 tamamil\u0259 qada\u011fa qoyulmayacaq. G\u00fcrc\u00fcstan da bu prosesin i\u015ftirak\u00e7\u0131s\u0131na \u00e7evril\u0259 bil\u0259r \u201d.<\/p>\n\n\n\n<p class=\"has-text-align-center has-black-background-color has-background has-medium-font-size\"><strong><span style=\"color:#ffffff\" class=\"color\"><strong>Bizi izl\u0259yin<\/strong> \u00a0\u2013<\/span>\u00a0 <strong><a href=\"https:\/\/twitter.com\/CAMXbr?s=20&amp;t=ocvC6IWtMT41iogtIUDqSQ\" target=\"_blank\" rel=\"noreferrer noopener\"><mark style=\"background-color:rgba(0, 0, 0, 0);color:#00acee\" class=\"has-inline-color\">Twitter<\/mark><\/a><\/strong>\u00a0|\u00a0<strong><a href=\"https:\/\/www.facebook.com\/Jamnyus\" target=\"_blank\" rel=\"noreferrer noopener\"><mark style=\"background-color:rgba(0, 0, 0, 0);color:#4267b2\" class=\"has-inline-color\">Facebok<\/mark><\/a><\/strong><mark style=\"background-color:rgba(0, 0, 0, 0);color:#4267b2\" class=\"has-inline-color\">\u00a0<\/mark>|<strong> <\/strong><a href=\"https:\/\/t.me\/jamnewsaz\" target=\"_blank\" rel=\"noreferrer noopener\"><strong><mark style=\"background-color:rgba(0, 0, 0, 0);color:#0088cc\" class=\"has-inline-color\">Telegram<\/mark><\/strong><\/a><\/strong><\/p>\n","protected":false},"excerpt":{"rendered":"<p>Az\u0259rbaycanl\u0131 siyas\u0259t\u00e7inin s\u00f6zl\u0259rin\u0259 g\u00f6r\u0259, G\u00fcrc\u00fcstan t\u0259r\u0259finin \u201c3+3\u201d platformas\u0131nda i\u015ftirakdan imtina etm\u0259sinin s\u0259b\u0259bi Rusiyan\u0131n bu platformada i\u015ftirak\u0131 il\u0259 ba\u011fl\u0131 deyil<\/p>\n","protected":false},"author":3,"featured_media":81789,"comment_status":"closed","ping_status":"closed","sticky":false,"template":"","format":"standard","meta":{"_acf_changed":false,"footnotes":""},"categories":[27,17,3,50,49,5,4,44],"tags":[],"formation":[],"post-author":[2888],"topic":[4951,4952,6185,4953,339,4955,4957],"tooltip":[],"city":[6041],"class_list":["post-81794","post","type-post","status-publish","format-standard","has-post-thumbnail","hentry","category-ermnistan","category-azrbaycan","category-gurcustan","category-xbrlr","category-srh","category-siyast","category-rusiya","category-turkiy","post-author-jamnews","topic-ermnistan","topic-azrbaycan","topic-azrbaycan-ermnistan-gurcustan","topic-gurcustan","topic-iran","topic-rusiya","topic-turkiy","city-baki"],"acf":[],"yoast_head":"<!-- This site is optimized with the Yoast SEO plugin v24.1 - https:\/\/yoast.com\/wordpress\/plugins\/seo\/ -->\n<title>G\u00fcrc\u00fcstan regional formatdan imtina edir JAMnews<\/title>\n<meta name=\"description\" content=\"Tbilisi imtinas\u0131n\u0131 Rusiya il\u0259 dan\u0131\u015f\u0131qlar masas\u0131na oturmaq ist\u0259m\u0259m\u0259si il\u0259 izah edir. G\u00fcrc\u00fcstan regional formatdan imtina edir\" \/>\n<meta name=\"robots\" content=\"index, follow, max-snippet:-1, max-image-preview:large, max-video-preview:-1\" \/>\n<link rel=\"canonical\" href=\"https:\/\/jam-news.net\/az\/gurcustan-regional-formatdan-imtina-edir\/\" \/>\n<meta property=\"og:locale\" content=\"az_AZ\" \/>\n<meta property=\"og:type\" content=\"article\" \/>\n<meta property=\"og:title\" content=\"G\u00fcrc\u00fcstan \u201c3+3\u201d format\u0131nda dan\u0131\u015f\u0131qlarda i\u015ftirakdan niy\u0259 imtina edir? Bak\u0131dan \u015f\u0259rh\" \/>\n<meta property=\"og:description\" content=\"Tbilisi imtinas\u0131n\u0131 Rusiya il\u0259 dan\u0131\u015f\u0131qlar masas\u0131na oturmaq ist\u0259m\u0259m\u0259si il\u0259 izah edir. G\u00fcrc\u00fcstan regional formatdan imtina edir\" \/>\n<meta property=\"og:url\" content=\"https:\/\/jam-news.net\/az\/gurcustan-regional-formatdan-imtina-edir\/\" \/>\n<meta property=\"og:site_name\" content=\"Azerbaijani Jamnews\" \/>\n<meta property=\"article:publisher\" content=\"https:\/\/www.facebook.com\/JAMnewsInEnglish\/\" \/>\n<meta property=\"article:published_time\" content=\"2023-10-24T17:07:11+00:00\" \/>\n<meta property=\"article:modified_time\" content=\"2023-10-24T17:07:15+00:00\" \/>\n<meta property=\"og:image\" content=\"https:\/\/jam-news.net\/app\/uploads\/2023\/10\/16980766336205234735_1200x630.jpeg\" \/>\n\t<meta property=\"og:image:width\" content=\"945\" \/>\n\t<meta property=\"og:image:height\" content=\"630\" \/>\n\t<meta property=\"og:image:type\" content=\"image\/jpeg\" \/>\n<meta name=\"author\" content=\"JAMnews\" \/>\n<meta name=\"twitter:card\" content=\"summary_large_image\" \/>\n<meta name=\"twitter:title\" content=\"G\u00fcrc\u00fcstan \u201c3+3\u201d format\u0131nda dan\u0131\u015f\u0131qlarda i\u015ftirakdan niy\u0259 imtina edir? Bak\u0131dan \u015f\u0259rh\" \/>\n<meta name=\"twitter:creator\" content=\"@JAMnewsCaucasus\" \/>\n<meta name=\"twitter:site\" content=\"@JAMnewsCaucasus\" \/>\n<meta name=\"twitter:label1\" content=\"Written by\" \/>\n\t<meta name=\"twitter:data1\" content=\"JAMnews\" \/>\n\t<meta name=\"twitter:label2\" content=\"Est. reading time\" \/>\n\t<meta name=\"twitter:data2\" content=\"4 minutes\" \/>\n<script type=\"application\/ld+json\" class=\"yoast-schema-graph\">{\"@context\":\"https:\/\/schema.org\",\"@graph\":[{\"@type\":\"Article\",\"@id\":\"https:\/\/jam-news.net\/az\/gurcustan-regional-formatdan-imtina-edir\/#article\",\"isPartOf\":{\"@id\":\"https:\/\/jam-news.net\/az\/gurcustan-regional-formatdan-imtina-edir\/\"},\"author\":{\"name\":\"JAMnews\",\"@id\":\"https:\/\/jam-news.net\/az\/#\/schema\/person\/67df3bb7adb46cd513fb9c4cb02361c6\"},\"headline\":\"G\u00fcrc\u00fcstan \u201c3+3\u201d format\u0131nda dan\u0131\u015f\u0131qlarda i\u015ftirakdan niy\u0259 imtina edir? Bak\u0131dan \u015f\u0259rh\",\"datePublished\":\"2023-10-24T17:07:11+00:00\",\"dateModified\":\"2023-10-24T17:07:15+00:00\",\"mainEntityOfPage\":{\"@id\":\"https:\/\/jam-news.net\/az\/gurcustan-regional-formatdan-imtina-edir\/\"},\"wordCount\":1037,\"publisher\":{\"@id\":\"https:\/\/jam-news.net\/az\/#organization\"},\"image\":{\"@id\":\"https:\/\/jam-news.net\/az\/gurcustan-regional-formatdan-imtina-edir\/#primaryimage\"},\"thumbnailUrl\":\"https:\/\/jam-news.net\/app\/uploads\/2023\/10\/16980766336205234735_1200x630.jpeg\",\"articleSection\":[\"Armenia\",\"Azerbaijan\",\"Georgia\",\"News\",\"Opinion\",\"Politics\",\"Russia\",\"Turkey\"],\"inLanguage\":\"az\"},{\"@type\":\"WebPage\",\"@id\":\"https:\/\/jam-news.net\/az\/gurcustan-regional-formatdan-imtina-edir\/\",\"url\":\"https:\/\/jam-news.net\/az\/gurcustan-regional-formatdan-imtina-edir\/\",\"name\":\"G\u00fcrc\u00fcstan regional formatdan imtina edir JAMnews\",\"isPartOf\":{\"@id\":\"https:\/\/jam-news.net\/az\/#website\"},\"primaryImageOfPage\":{\"@id\":\"https:\/\/jam-news.net\/az\/gurcustan-regional-formatdan-imtina-edir\/#primaryimage\"},\"image\":{\"@id\":\"https:\/\/jam-news.net\/az\/gurcustan-regional-formatdan-imtina-edir\/#primaryimage\"},\"thumbnailUrl\":\"https:\/\/jam-news.net\/app\/uploads\/2023\/10\/16980766336205234735_1200x630.jpeg\",\"datePublished\":\"2023-10-24T17:07:11+00:00\",\"dateModified\":\"2023-10-24T17:07:15+00:00\",\"description\":\"Tbilisi imtinas\u0131n\u0131 Rusiya il\u0259 dan\u0131\u015f\u0131qlar masas\u0131na oturmaq ist\u0259m\u0259m\u0259si il\u0259 izah edir. G\u00fcrc\u00fcstan regional formatdan imtina edir\",\"breadcrumb\":{\"@id\":\"https:\/\/jam-news.net\/az\/gurcustan-regional-formatdan-imtina-edir\/#breadcrumb\"},\"inLanguage\":\"az\",\"potentialAction\":[{\"@type\":\"ReadAction\",\"target\":[\"https:\/\/jam-news.net\/az\/gurcustan-regional-formatdan-imtina-edir\/\"]}]},{\"@type\":\"ImageObject\",\"inLanguage\":\"az\",\"@id\":\"https:\/\/jam-news.net\/az\/gurcustan-regional-formatdan-imtina-edir\/#primaryimage\",\"url\":\"https:\/\/jam-news.net\/app\/uploads\/2023\/10\/16980766336205234735_1200x630.jpeg\",\"contentUrl\":\"https:\/\/jam-news.net\/app\/uploads\/2023\/10\/16980766336205234735_1200x630.jpeg\",\"width\":945,\"height\":630},{\"@type\":\"BreadcrumbList\",\"@id\":\"https:\/\/jam-news.net\/az\/gurcustan-regional-formatdan-imtina-edir\/#breadcrumb\",\"itemListElement\":[{\"@type\":\"ListItem\",\"position\":1,\"name\":\"Home\",\"item\":\"https:\/\/jam-news.net\/az\/\"},{\"@type\":\"ListItem\",\"position\":2,\"name\":\"G\u00fcrc\u00fcstan \u201c3+3\u201d format\u0131nda dan\u0131\u015f\u0131qlarda i\u015ftirakdan niy\u0259 imtina edir? Bak\u0131dan \u015f\u0259rh\"}]},{\"@type\":\"WebSite\",\"@id\":\"https:\/\/jam-news.net\/az\/#website\",\"url\":\"https:\/\/jam-news.net\/az\/\",\"name\":\"Azerbaijani Jamnews\",\"description\":\"Caucasus News, Politics and Society\",\"publisher\":{\"@id\":\"https:\/\/jam-news.net\/az\/#organization\"},\"potentialAction\":[{\"@type\":\"SearchAction\",\"target\":{\"@type\":\"EntryPoint\",\"urlTemplate\":\"https:\/\/jam-news.net\/az\/?s={search_term_string}\"},\"query-input\":{\"@type\":\"PropertyValueSpecification\",\"valueRequired\":true,\"valueName\":\"search_term_string\"}}],\"inLanguage\":\"az\"},{\"@type\":\"Organization\",\"@id\":\"https:\/\/jam-news.net\/az\/#organization\",\"name\":\"JAMnews\",\"url\":\"https:\/\/jam-news.net\/az\/\",\"logo\":{\"@type\":\"ImageObject\",\"inLanguage\":\"az\",\"@id\":\"https:\/\/jam-news.net\/az\/#\/schema\/logo\/image\/\",\"url\":\"https:\/\/jam-news.net\/app\/uploads\/2020\/05\/JAM_w.jpg\",\"contentUrl\":\"https:\/\/jam-news.net\/app\/uploads\/2020\/05\/JAM_w.jpg\",\"width\":960,\"height\":960,\"caption\":\"JAMnews\"},\"image\":{\"@id\":\"https:\/\/jam-news.net\/az\/#\/schema\/logo\/image\/\"},\"sameAs\":[\"https:\/\/www.facebook.com\/JAMnewsInEnglish\/\",\"https:\/\/x.com\/JAMnewsCaucasus\",\"https:\/\/www.instagram.com\/jam_news\/\",\"https:\/\/www.youtube.com\/channel\/UCXQbUCme2pykuZYXWHx4VPg\"]},{\"@type\":\"Person\",\"@id\":\"https:\/\/jam-news.net\/az\/#\/schema\/person\/67df3bb7adb46cd513fb9c4cb02361c6\",\"name\":\"JAMnews\",\"image\":{\"@type\":\"ImageObject\",\"inLanguage\":\"az\",\"@id\":\"https:\/\/jam-news.net\/az\/#\/schema\/person\/image\/\",\"url\":\"https:\/\/secure.gravatar.com\/avatar\/e5c27593ef900c3ab3deed4ed1c653d7?s=96&d=mm&r=g\",\"contentUrl\":\"https:\/\/secure.gravatar.com\/avatar\/e5c27593ef900c3ab3deed4ed1c653d7?s=96&d=mm&r=g\",\"caption\":\"JAMnews\"},\"url\":\"https:\/\/jam-news.net\/az\/author\/margarita\/\"}]}<\/script>\n<!-- \/ Yoast SEO plugin. -->","yoast_head_json":{"title":"G\u00fcrc\u00fcstan regional formatdan imtina edir JAMnews","description":"Tbilisi imtinas\u0131n\u0131 Rusiya il\u0259 dan\u0131\u015f\u0131qlar masas\u0131na oturmaq ist\u0259m\u0259m\u0259si il\u0259 izah edir. G\u00fcrc\u00fcstan regional formatdan imtina edir","robots":{"index":"index","follow":"follow","max-snippet":"max-snippet:-1","max-image-preview":"max-image-preview:large","max-video-preview":"max-video-preview:-1"},"canonical":"https:\/\/jam-news.net\/az\/gurcustan-regional-formatdan-imtina-edir\/","og_locale":"az_AZ","og_type":"article","og_title":"G\u00fcrc\u00fcstan \u201c3+3\u201d format\u0131nda dan\u0131\u015f\u0131qlarda i\u015ftirakdan niy\u0259 imtina edir? Bak\u0131dan \u015f\u0259rh","og_description":"Tbilisi imtinas\u0131n\u0131 Rusiya il\u0259 dan\u0131\u015f\u0131qlar masas\u0131na oturmaq ist\u0259m\u0259m\u0259si il\u0259 izah edir. G\u00fcrc\u00fcstan regional formatdan imtina edir","og_url":"https:\/\/jam-news.net\/az\/gurcustan-regional-formatdan-imtina-edir\/","og_site_name":"Azerbaijani Jamnews","article_publisher":"https:\/\/www.facebook.com\/JAMnewsInEnglish\/","article_published_time":"2023-10-24T17:07:11+00:00","article_modified_time":"2023-10-24T17:07:15+00:00","og_image":[{"width":945,"height":630,"url":"https:\/\/jam-news.net\/app\/uploads\/2023\/10\/16980766336205234735_1200x630.jpeg","type":"image\/jpeg"}],"author":"JAMnews","twitter_card":"summary_large_image","twitter_title":"G\u00fcrc\u00fcstan \u201c3+3\u201d format\u0131nda dan\u0131\u015f\u0131qlarda i\u015ftirakdan niy\u0259 imtina edir? Bak\u0131dan \u015f\u0259rh","twitter_creator":"@JAMnewsCaucasus","twitter_site":"@JAMnewsCaucasus","twitter_misc":{"Written by":"JAMnews","Est. reading time":"4 minutes"},"schema":{"@context":"https:\/\/schema.org","@graph":[{"@type":"Article","@id":"https:\/\/jam-news.net\/az\/gurcustan-regional-formatdan-imtina-edir\/#article","isPartOf":{"@id":"https:\/\/jam-news.net\/az\/gurcustan-regional-formatdan-imtina-edir\/"},"author":{"name":"JAMnews","@id":"https:\/\/jam-news.net\/az\/#\/schema\/person\/67df3bb7adb46cd513fb9c4cb02361c6"},"headline":"G\u00fcrc\u00fcstan \u201c3+3\u201d format\u0131nda dan\u0131\u015f\u0131qlarda i\u015ftirakdan niy\u0259 imtina edir? Bak\u0131dan \u015f\u0259rh","datePublished":"2023-10-24T17:07:11+00:00","dateModified":"2023-10-24T17:07:15+00:00","mainEntityOfPage":{"@id":"https:\/\/jam-news.net\/az\/gurcustan-regional-formatdan-imtina-edir\/"},"wordCount":1037,"publisher":{"@id":"https:\/\/jam-news.net\/az\/#organization"},"image":{"@id":"https:\/\/jam-news.net\/az\/gurcustan-regional-formatdan-imtina-edir\/#primaryimage"},"thumbnailUrl":"https:\/\/jam-news.net\/app\/uploads\/2023\/10\/16980766336205234735_1200x630.jpeg","articleSection":["Armenia","Azerbaijan","Georgia","News","Opinion","Politics","Russia","Turkey"],"inLanguage":"az"},{"@type":"WebPage","@id":"https:\/\/jam-news.net\/az\/gurcustan-regional-formatdan-imtina-edir\/","url":"https:\/\/jam-news.net\/az\/gurcustan-regional-formatdan-imtina-edir\/","name":"G\u00fcrc\u00fcstan regional formatdan imtina edir JAMnews","isPartOf":{"@id":"https:\/\/jam-news.net\/az\/#website"},"primaryImageOfPage":{"@id":"https:\/\/jam-news.net\/az\/gurcustan-regional-formatdan-imtina-edir\/#primaryimage"},"image":{"@id":"https:\/\/jam-news.net\/az\/gurcustan-regional-formatdan-imtina-edir\/#primaryimage"},"thumbnailUrl":"https:\/\/jam-news.net\/app\/uploads\/2023\/10\/16980766336205234735_1200x630.jpeg","datePublished":"2023-10-24T17:07:11+00:00","dateModified":"2023-10-24T17:07:15+00:00","description":"Tbilisi imtinas\u0131n\u0131 Rusiya il\u0259 dan\u0131\u015f\u0131qlar masas\u0131na oturmaq ist\u0259m\u0259m\u0259si il\u0259 izah edir. G\u00fcrc\u00fcstan regional formatdan imtina edir","breadcrumb":{"@id":"https:\/\/jam-news.net\/az\/gurcustan-regional-formatdan-imtina-edir\/#breadcrumb"},"inLanguage":"az","potentialAction":[{"@type":"ReadAction","target":["https:\/\/jam-news.net\/az\/gurcustan-regional-formatdan-imtina-edir\/"]}]},{"@type":"ImageObject","inLanguage":"az","@id":"https:\/\/jam-news.net\/az\/gurcustan-regional-formatdan-imtina-edir\/#primaryimage","url":"https:\/\/jam-news.net\/app\/uploads\/2023\/10\/16980766336205234735_1200x630.jpeg","contentUrl":"https:\/\/jam-news.net\/app\/uploads\/2023\/10\/16980766336205234735_1200x630.jpeg","width":945,"height":630},{"@type":"BreadcrumbList","@id":"https:\/\/jam-news.net\/az\/gurcustan-regional-formatdan-imtina-edir\/#breadcrumb","itemListElement":[{"@type":"ListItem","position":1,"name":"Home","item":"https:\/\/jam-news.net\/az\/"},{"@type":"ListItem","position":2,"name":"G\u00fcrc\u00fcstan \u201c3+3\u201d format\u0131nda dan\u0131\u015f\u0131qlarda i\u015ftirakdan niy\u0259 imtina edir? Bak\u0131dan \u015f\u0259rh"}]},{"@type":"WebSite","@id":"https:\/\/jam-news.net\/az\/#website","url":"https:\/\/jam-news.net\/az\/","name":"Azerbaijani Jamnews","description":"Caucasus News, Politics and Society","publisher":{"@id":"https:\/\/jam-news.net\/az\/#organization"},"potentialAction":[{"@type":"SearchAction","target":{"@type":"EntryPoint","urlTemplate":"https:\/\/jam-news.net\/az\/?s={search_term_string}"},"query-input":{"@type":"PropertyValueSpecification","valueRequired":true,"valueName":"search_term_string"}}],"inLanguage":"az"},{"@type":"Organization","@id":"https:\/\/jam-news.net\/az\/#organization","name":"JAMnews","url":"https:\/\/jam-news.net\/az\/","logo":{"@type":"ImageObject","inLanguage":"az","@id":"https:\/\/jam-news.net\/az\/#\/schema\/logo\/image\/","url":"https:\/\/jam-news.net\/app\/uploads\/2020\/05\/JAM_w.jpg","contentUrl":"https:\/\/jam-news.net\/app\/uploads\/2020\/05\/JAM_w.jpg","width":960,"height":960,"caption":"JAMnews"},"image":{"@id":"https:\/\/jam-news.net\/az\/#\/schema\/logo\/image\/"},"sameAs":["https:\/\/www.facebook.com\/JAMnewsInEnglish\/","https:\/\/x.com\/JAMnewsCaucasus","https:\/\/www.instagram.com\/jam_news\/","https:\/\/www.youtube.com\/channel\/UCXQbUCme2pykuZYXWHx4VPg"]},{"@type":"Person","@id":"https:\/\/jam-news.net\/az\/#\/schema\/person\/67df3bb7adb46cd513fb9c4cb02361c6","name":"JAMnews","image":{"@type":"ImageObject","inLanguage":"az","@id":"https:\/\/jam-news.net\/az\/#\/schema\/person\/image\/","url":"https:\/\/secure.gravatar.com\/avatar\/e5c27593ef900c3ab3deed4ed1c653d7?s=96&d=mm&r=g","contentUrl":"https:\/\/secure.gravatar.com\/avatar\/e5c27593ef900c3ab3deed4ed1c653d7?s=96&d=mm&r=g","caption":"JAMnews"},"url":"https:\/\/jam-news.net\/az\/author\/margarita\/"}]}},"_links":{"self":[{"href":"https:\/\/jam-news.net\/az\/wp-json\/wp\/v2\/posts\/81794","targetHints":{"allow":["GET"]}}],"collection":[{"href":"https:\/\/jam-news.net\/az\/wp-json\/wp\/v2\/posts"}],"about":[{"href":"https:\/\/jam-news.net\/az\/wp-json\/wp\/v2\/types\/post"}],"author":[{"embeddable":true,"href":"https:\/\/jam-news.net\/az\/wp-json\/wp\/v2\/users\/3"}],"replies":[{"embeddable":true,"href":"https:\/\/jam-news.net\/az\/wp-json\/wp\/v2\/comments?post=81794"}],"version-history":[{"count":3,"href":"https:\/\/jam-news.net\/az\/wp-json\/wp\/v2\/posts\/81794\/revisions"}],"predecessor-version":[{"id":81802,"href":"https:\/\/jam-news.net\/az\/wp-json\/wp\/v2\/posts\/81794\/revisions\/81802"}],"wp:featuredmedia":[{"embeddable":true,"href":"https:\/\/jam-news.net\/az\/wp-json\/wp\/v2\/media\/81789"}],"wp:attachment":[{"href":"https:\/\/jam-news.net\/az\/wp-json\/wp\/v2\/media?parent=81794"}],"wp:term":[{"taxonomy":"category","embeddable":true,"href":"https:\/\/jam-news.net\/az\/wp-json\/wp\/v2\/categories?post=81794"},{"taxonomy":"post_tag","embeddable":true,"href":"https:\/\/jam-news.net\/az\/wp-json\/wp\/v2\/tags?post=81794"},{"taxonomy":"formation","embeddable":true,"href":"https:\/\/jam-news.net\/az\/wp-json\/wp\/v2\/formation?post=81794"},{"taxonomy":"post-author","embeddable":true,"href":"https:\/\/jam-news.net\/az\/wp-json\/wp\/v2\/post-author?post=81794"},{"taxonomy":"topic","embeddable":true,"href":"https:\/\/jam-news.net\/az\/wp-json\/wp\/v2\/topic?post=81794"},{"taxonomy":"tooltip","embeddable":true,"href":"https:\/\/jam-news.net\/az\/wp-json\/wp\/v2\/tooltip?post=81794"},{"taxonomy":"city","embeddable":true,"href":"https:\/\/jam-news.net\/az\/wp-json\/wp\/v2\/city?post=81794"}],"curies":[{"name":"wp","href":"https:\/\/api.w.org\/{rel}","templated":true}]}}