{"id":80699,"date":"2023-09-20T12:07:25","date_gmt":"2023-09-20T08:07:25","guid":{"rendered":"https:\/\/jam-news.net\/az\/?p=80699"},"modified":"2023-09-23T22:14:31","modified_gmt":"2023-09-23T18:14:31","slug":"qarabagda-muharib%c9%99-az%c9%99rbaycan-antiterror-%c9%99m%c9%99liyyati-kecirir-canli","status":"publish","type":"post","link":"https:\/\/jam-news.net\/az\/qarabagda-muharib%c9%99-az%c9%99rbaycan-antiterror-%c9%99m%c9%99liyyati-kecirir-canli\/","title":{"rendered":"Qaraba\u011fda m\u00fcharib\u0259. Az\u0259rbaycan antiterror \u0259m\u0259liyyat\u0131 ke\u00e7irir"},"content":{"rendered":"\n<p style=\"font-size:8px\">\u00dc\u00e7\u00fcnc\u00fc Qaraba\u011f m\u00fcharib\u0259si<\/p>\n\n\n\n<p>Az\u0259rbaycan\u0131n Qaraba\u011fda antiterror \u0259m\u0259liyyat\u0131n\u0131n ikinci g\u00fcn\u00fcd\u00fcr. Sentyabr\u0131n 19-da ba\u015flayan m\u00fcharib\u0259 art\u0131q \u201c\u00fc\u00e7\u00fcnc\u00fc Qaraba\u011f m\u00fcharib\u0259si\u201d adland\u0131r\u0131l\u0131b. Artilleriya v\u0259 dronlardan istifad\u0259 olunur. Tan\u0131nmam\u0131\u015f DQR-d\u0259n 25 n\u0259f\u0259rin \u00f6ld\u00fcy\u00fc, 138 n\u0259f\u0259rin yaraland\u0131\u011f\u0131, Az\u0259rbaycan t\u0259r\u0259fd\u0259n is\u0259 bir n\u0259f\u0259rin \u00f6ld\u00fcy\u00fc bar\u0259d\u0259 m\u0259lumat verilib. Rusiya s\u00fclhm\u0259raml\u0131lar\u0131 iki min\u0259 q\u0259d\u0259r insan\u0131 t\u0259xliy\u0259 edib.<\/p>\n\n\n\n<p>Bak\u0131 yerli silahl\u0131 q\u00fcvv\u0259l\u0259ri v\u0259 tan\u0131nmam\u0131\u015f DQR r\u0259hb\u0259rliyini \u201cm\u0259hv edilm\u0259m\u0259k \u00fc\u00e7\u00fcn\u201d t\u0259slim olma\u011fa d\u0259v\u0259t edir v\u0259 Az\u0259rbaycana inteqrasiya perspektivl\u0259rini m\u00fczakir\u0259 etm\u0259k \u00fc\u00e7\u00fcn erm\u0259ni icmas\u0131n\u0131n n\u00fcmay\u0259nd\u0259l\u0259ri il\u0259 g\u00f6r\u00fc\u015fm\u0259y\u0259 haz\u0131r oldu\u011funu bildirir.<\/p>\n\n\n\n<p>Avropa \u0130ttifaq\u0131 v\u0259 AB\u015e Az\u0259rbaycan\u0131 h\u0259rbi \u0259m\u0259liyyatlar\u0131 dayand\u0131rma\u011fa \u00e7a\u011f\u0131r\u0131b. Fransa BMT T\u0259hl\u00fck\u0259sizlik \u015euras\u0131n\u0131n t\u0259cili iclas\u0131n\u0131 t\u0259l\u0259b edib. \u0130clas sentyabr\u0131n 21-d\u0259 ba\u015f tutacaq.<\/p>\n\n\n\n<p>Yerevanda h\u00f6kum\u0259t binas\u0131 qar\u015f\u0131s\u0131nda ba\u015f nazir Nikol Pa\u015finyan\u0131n istefas\u0131 t\u0259l\u0259bi il\u0259 etiraz aksiyalar\u0131 ke\u00e7irilir. Eyni zamanda Rusiya s\u0259firliyi qar\u015f\u0131s\u0131nda etiraz aksiyas\u0131 ke\u00e7irilir, polisl\u0259 toqqu\u015fma n\u0259tic\u0259sind\u0259 bir ne\u00e7\u0259 n\u0259f\u0259r yaralan\u0131b.<\/p>\n","protected":false},"excerpt":{"rendered":"<p>Az\u0259rbaycan\u0131n Qaraba\u011fda antiterror \u0259m\u0259liyyat\u0131n\u0131n ikinci g\u00fcn\u00fcd\u00fcr. Sentyabr\u0131n 19-da ba\u015flayan m\u00fcharib\u0259 art\u0131q \u201c\u00fc\u00e7\u00fcnc\u00fc Qaraba\u011f m\u00fcharib\u0259si\u201d adland\u0131r\u0131l\u0131b<\/p>\n","protected":false},"author":3,"featured_media":80693,"comment_status":"closed","ping_status":"closed","sticky":false,"template":"","format":"standard","meta":{"_acf_changed":false,"footnotes":""},"categories":[27,17,9,38,50],"tags":[],"formation":[4037,4036],"post-author":[2888],"topic":[4951,4952,4954,40],"tooltip":[],"city":[],"class_list":["post-80699","post","type-post","status-publish","format-standard","has-post-thumbnail","hentry","category-ermnistan","category-azrbaycan","category-munaqislr","category-qarabag","category-xbrlr","formation-photo","formation-video","post-author-jamnews","topic-ermnistan","topic-azrbaycan","topic-qarabag","topic-qarabag-munaqissi"],"acf":[],"yoast_head":"<!-- This site is optimized with the Yoast SEO plugin v24.1 - https:\/\/yoast.com\/wordpress\/plugins\/seo\/ -->\n<title>\u00dc\u00e7\u00fcnc\u00fc Qaraba\u011f m\u00fcharib\u0259si JAMnews<\/title>\n<meta name=\"description\" content=\"Az\u0259rbaycan\u0131n Qaraba\u011fda antiterror \u0259m\u0259liyyat\u0131n\u0131n ikinci g\u00fcn\u00fcd\u00fcr. Sentyabr\u0131n 19-da ba\u015flayan m\u00fcharib\u0259 \u201c\u00fc\u00e7\u00fcnc\u00fc Qaraba\u011f m\u00fcharib\u0259si\u201d adland\u0131r\u0131l\u0131b\" \/>\n<meta name=\"robots\" content=\"index, follow, max-snippet:-1, max-image-preview:large, max-video-preview:-1\" \/>\n<link rel=\"canonical\" href=\"https:\/\/jam-news.net\/az\/qarabagda-muharib\u0259-az\u0259rbaycan-antiterror-\u0259m\u0259liyyati-kecirir-canli\/\" \/>\n<meta property=\"og:locale\" content=\"az_AZ\" \/>\n<meta property=\"og:type\" content=\"article\" \/>\n<meta property=\"og:title\" content=\"Qaraba\u011fda m\u00fcharib\u0259. Az\u0259rbaycan antiterror \u0259m\u0259liyyat\u0131 ke\u00e7irir. CANLI\" \/>\n<meta property=\"og:description\" content=\"Az\u0259rbaycan\u0131n Qaraba\u011fda antiterror \u0259m\u0259liyyat\u0131n\u0131n ikinci g\u00fcn\u00fcd\u00fcr. Sentyabr\u0131n 19-da ba\u015flayan m\u00fcharib\u0259 \u201c\u00fc\u00e7\u00fcnc\u00fc Qaraba\u011f m\u00fcharib\u0259si\u201d adland\u0131r\u0131l\u0131b\" \/>\n<meta property=\"og:url\" content=\"https:\/\/jam-news.net\/az\/qarabagda-muharib\u0259-az\u0259rbaycan-antiterror-\u0259m\u0259liyyati-kecirir-canli\/\" \/>\n<meta property=\"og:site_name\" content=\"Azerbaijani Jamnews\" \/>\n<meta property=\"article:publisher\" content=\"https:\/\/www.facebook.com\/JAMnewsInEnglish\/\" \/>\n<meta property=\"article:published_time\" content=\"2023-09-20T08:07:25+00:00\" \/>\n<meta property=\"article:modified_time\" content=\"2023-09-23T18:14:31+00:00\" \/>\n<meta property=\"og:image\" content=\"https:\/\/jam-news.net\/app\/uploads\/2023\/09\/650a722047437650a7220474381695183392650a722047435650a722047436.jpg\" \/>\n\t<meta property=\"og:image:width\" content=\"1200\" \/>\n\t<meta property=\"og:image:height\" content=\"800\" \/>\n\t<meta property=\"og:image:type\" content=\"image\/jpeg\" \/>\n<meta name=\"author\" content=\"JAMnews\" \/>\n<meta name=\"twitter:card\" content=\"summary_large_image\" \/>\n<meta name=\"twitter:title\" content=\"Qaraba\u011fda m\u00fcharib\u0259. Az\u0259rbaycan antiterror \u0259m\u0259liyyat\u0131 ke\u00e7irir. CANLI\" \/>\n<meta name=\"twitter:creator\" content=\"@JAMnewsCaucasus\" \/>\n<meta name=\"twitter:site\" content=\"@JAMnewsCaucasus\" \/>\n<meta name=\"twitter:label1\" content=\"Written by\" \/>\n\t<meta name=\"twitter:data1\" content=\"JAMnews\" \/>\n\t<meta name=\"twitter:label2\" content=\"Est. reading time\" \/>\n\t<meta name=\"twitter:data2\" content=\"1 minute\" \/>\n<script type=\"application\/ld+json\" class=\"yoast-schema-graph\">{\"@context\":\"https:\/\/schema.org\",\"@graph\":[{\"@type\":\"Article\",\"@id\":\"https:\/\/jam-news.net\/az\/qarabagda-muharib%c9%99-az%c9%99rbaycan-antiterror-%c9%99m%c9%99liyyati-kecirir-canli\/#article\",\"isPartOf\":{\"@id\":\"https:\/\/jam-news.net\/az\/qarabagda-muharib%c9%99-az%c9%99rbaycan-antiterror-%c9%99m%c9%99liyyati-kecirir-canli\/\"},\"author\":{\"name\":\"JAMnews\",\"@id\":\"https:\/\/jam-news.net\/az\/#\/schema\/person\/67df3bb7adb46cd513fb9c4cb02361c6\"},\"headline\":\"Qaraba\u011fda m\u00fcharib\u0259. Az\u0259rbaycan antiterror \u0259m\u0259liyyat\u0131 ke\u00e7irir\",\"datePublished\":\"2023-09-20T08:07:25+00:00\",\"dateModified\":\"2023-09-23T18:14:31+00:00\",\"mainEntityOfPage\":{\"@id\":\"https:\/\/jam-news.net\/az\/qarabagda-muharib%c9%99-az%c9%99rbaycan-antiterror-%c9%99m%c9%99liyyati-kecirir-canli\/\"},\"wordCount\":245,\"publisher\":{\"@id\":\"https:\/\/jam-news.net\/az\/#organization\"},\"image\":{\"@id\":\"https:\/\/jam-news.net\/az\/qarabagda-muharib%c9%99-az%c9%99rbaycan-antiterror-%c9%99m%c9%99liyyati-kecirir-canli\/#primaryimage\"},\"thumbnailUrl\":\"https:\/\/jam-news.net\/app\/uploads\/2023\/09\/650a722047437650a7220474381695183392650a722047435650a722047436.jpg\",\"articleSection\":[\"Armenia\",\"Azerbaijan\",\"Conflicts\",\"Nagorno-Karabakh\",\"News\"],\"inLanguage\":\"az\"},{\"@type\":\"WebPage\",\"@id\":\"https:\/\/jam-news.net\/az\/qarabagda-muharib%c9%99-az%c9%99rbaycan-antiterror-%c9%99m%c9%99liyyati-kecirir-canli\/\",\"url\":\"https:\/\/jam-news.net\/az\/qarabagda-muharib%c9%99-az%c9%99rbaycan-antiterror-%c9%99m%c9%99liyyati-kecirir-canli\/\",\"name\":\"\u00dc\u00e7\u00fcnc\u00fc Qaraba\u011f m\u00fcharib\u0259si JAMnews\",\"isPartOf\":{\"@id\":\"https:\/\/jam-news.net\/az\/#website\"},\"primaryImageOfPage\":{\"@id\":\"https:\/\/jam-news.net\/az\/qarabagda-muharib%c9%99-az%c9%99rbaycan-antiterror-%c9%99m%c9%99liyyati-kecirir-canli\/#primaryimage\"},\"image\":{\"@id\":\"https:\/\/jam-news.net\/az\/qarabagda-muharib%c9%99-az%c9%99rbaycan-antiterror-%c9%99m%c9%99liyyati-kecirir-canli\/#primaryimage\"},\"thumbnailUrl\":\"https:\/\/jam-news.net\/app\/uploads\/2023\/09\/650a722047437650a7220474381695183392650a722047435650a722047436.jpg\",\"datePublished\":\"2023-09-20T08:07:25+00:00\",\"dateModified\":\"2023-09-23T18:14:31+00:00\",\"description\":\"Az\u0259rbaycan\u0131n Qaraba\u011fda antiterror \u0259m\u0259liyyat\u0131n\u0131n ikinci g\u00fcn\u00fcd\u00fcr. Sentyabr\u0131n 19-da ba\u015flayan m\u00fcharib\u0259 \u201c\u00fc\u00e7\u00fcnc\u00fc Qaraba\u011f m\u00fcharib\u0259si\u201d adland\u0131r\u0131l\u0131b\",\"breadcrumb\":{\"@id\":\"https:\/\/jam-news.net\/az\/qarabagda-muharib%c9%99-az%c9%99rbaycan-antiterror-%c9%99m%c9%99liyyati-kecirir-canli\/#breadcrumb\"},\"inLanguage\":\"az\",\"potentialAction\":[{\"@type\":\"ReadAction\",\"target\":[\"https:\/\/jam-news.net\/az\/qarabagda-muharib%c9%99-az%c9%99rbaycan-antiterror-%c9%99m%c9%99liyyati-kecirir-canli\/\"]}]},{\"@type\":\"ImageObject\",\"inLanguage\":\"az\",\"@id\":\"https:\/\/jam-news.net\/az\/qarabagda-muharib%c9%99-az%c9%99rbaycan-antiterror-%c9%99m%c9%99liyyati-kecirir-canli\/#primaryimage\",\"url\":\"https:\/\/jam-news.net\/app\/uploads\/2023\/09\/650a722047437650a7220474381695183392650a722047435650a722047436.jpg\",\"contentUrl\":\"https:\/\/jam-news.net\/app\/uploads\/2023\/09\/650a722047437650a7220474381695183392650a722047435650a722047436.jpg\",\"width\":1200,\"height\":800},{\"@type\":\"BreadcrumbList\",\"@id\":\"https:\/\/jam-news.net\/az\/qarabagda-muharib%c9%99-az%c9%99rbaycan-antiterror-%c9%99m%c9%99liyyati-kecirir-canli\/#breadcrumb\",\"itemListElement\":[{\"@type\":\"ListItem\",\"position\":1,\"name\":\"Home\",\"item\":\"https:\/\/jam-news.net\/az\/\"},{\"@type\":\"ListItem\",\"position\":2,\"name\":\"Qaraba\u011fda m\u00fcharib\u0259. Az\u0259rbaycan antiterror \u0259m\u0259liyyat\u0131 ke\u00e7irir\"}]},{\"@type\":\"WebSite\",\"@id\":\"https:\/\/jam-news.net\/az\/#website\",\"url\":\"https:\/\/jam-news.net\/az\/\",\"name\":\"Azerbaijani Jamnews\",\"description\":\"Caucasus News, Politics and Society\",\"publisher\":{\"@id\":\"https:\/\/jam-news.net\/az\/#organization\"},\"potentialAction\":[{\"@type\":\"SearchAction\",\"target\":{\"@type\":\"EntryPoint\",\"urlTemplate\":\"https:\/\/jam-news.net\/az\/?s={search_term_string}\"},\"query-input\":{\"@type\":\"PropertyValueSpecification\",\"valueRequired\":true,\"valueName\":\"search_term_string\"}}],\"inLanguage\":\"az\"},{\"@type\":\"Organization\",\"@id\":\"https:\/\/jam-news.net\/az\/#organization\",\"name\":\"JAMnews\",\"url\":\"https:\/\/jam-news.net\/az\/\",\"logo\":{\"@type\":\"ImageObject\",\"inLanguage\":\"az\",\"@id\":\"https:\/\/jam-news.net\/az\/#\/schema\/logo\/image\/\",\"url\":\"https:\/\/jam-news.net\/app\/uploads\/2020\/05\/JAM_w.jpg\",\"contentUrl\":\"https:\/\/jam-news.net\/app\/uploads\/2020\/05\/JAM_w.jpg\",\"width\":960,\"height\":960,\"caption\":\"JAMnews\"},\"image\":{\"@id\":\"https:\/\/jam-news.net\/az\/#\/schema\/logo\/image\/\"},\"sameAs\":[\"https:\/\/www.facebook.com\/JAMnewsInEnglish\/\",\"https:\/\/x.com\/JAMnewsCaucasus\",\"https:\/\/www.instagram.com\/jam_news\/\",\"https:\/\/www.youtube.com\/channel\/UCXQbUCme2pykuZYXWHx4VPg\"]},{\"@type\":\"Person\",\"@id\":\"https:\/\/jam-news.net\/az\/#\/schema\/person\/67df3bb7adb46cd513fb9c4cb02361c6\",\"name\":\"JAMnews\",\"image\":{\"@type\":\"ImageObject\",\"inLanguage\":\"az\",\"@id\":\"https:\/\/jam-news.net\/az\/#\/schema\/person\/image\/\",\"url\":\"https:\/\/secure.gravatar.com\/avatar\/e5c27593ef900c3ab3deed4ed1c653d7?s=96&d=mm&r=g\",\"contentUrl\":\"https:\/\/secure.gravatar.com\/avatar\/e5c27593ef900c3ab3deed4ed1c653d7?s=96&d=mm&r=g\",\"caption\":\"JAMnews\"},\"url\":\"https:\/\/jam-news.net\/az\/author\/margarita\/\"}]}<\/script>\n<!-- \/ Yoast SEO plugin. -->","yoast_head_json":{"title":"\u00dc\u00e7\u00fcnc\u00fc Qaraba\u011f m\u00fcharib\u0259si JAMnews","description":"Az\u0259rbaycan\u0131n Qaraba\u011fda antiterror \u0259m\u0259liyyat\u0131n\u0131n ikinci g\u00fcn\u00fcd\u00fcr. Sentyabr\u0131n 19-da ba\u015flayan m\u00fcharib\u0259 \u201c\u00fc\u00e7\u00fcnc\u00fc Qaraba\u011f m\u00fcharib\u0259si\u201d adland\u0131r\u0131l\u0131b","robots":{"index":"index","follow":"follow","max-snippet":"max-snippet:-1","max-image-preview":"max-image-preview:large","max-video-preview":"max-video-preview:-1"},"canonical":"https:\/\/jam-news.net\/az\/qarabagda-muharib\u0259-az\u0259rbaycan-antiterror-\u0259m\u0259liyyati-kecirir-canli\/","og_locale":"az_AZ","og_type":"article","og_title":"Qaraba\u011fda m\u00fcharib\u0259. Az\u0259rbaycan antiterror \u0259m\u0259liyyat\u0131 ke\u00e7irir. CANLI","og_description":"Az\u0259rbaycan\u0131n Qaraba\u011fda antiterror \u0259m\u0259liyyat\u0131n\u0131n ikinci g\u00fcn\u00fcd\u00fcr. Sentyabr\u0131n 19-da ba\u015flayan m\u00fcharib\u0259 \u201c\u00fc\u00e7\u00fcnc\u00fc Qaraba\u011f m\u00fcharib\u0259si\u201d adland\u0131r\u0131l\u0131b","og_url":"https:\/\/jam-news.net\/az\/qarabagda-muharib\u0259-az\u0259rbaycan-antiterror-\u0259m\u0259liyyati-kecirir-canli\/","og_site_name":"Azerbaijani Jamnews","article_publisher":"https:\/\/www.facebook.com\/JAMnewsInEnglish\/","article_published_time":"2023-09-20T08:07:25+00:00","article_modified_time":"2023-09-23T18:14:31+00:00","og_image":[{"width":1200,"height":800,"url":"https:\/\/jam-news.net\/app\/uploads\/2023\/09\/650a722047437650a7220474381695183392650a722047435650a722047436.jpg","type":"image\/jpeg"}],"author":"JAMnews","twitter_card":"summary_large_image","twitter_title":"Qaraba\u011fda m\u00fcharib\u0259. Az\u0259rbaycan antiterror \u0259m\u0259liyyat\u0131 ke\u00e7irir. CANLI","twitter_creator":"@JAMnewsCaucasus","twitter_site":"@JAMnewsCaucasus","twitter_misc":{"Written by":"JAMnews","Est. reading time":"1 minute"},"schema":{"@context":"https:\/\/schema.org","@graph":[{"@type":"Article","@id":"https:\/\/jam-news.net\/az\/qarabagda-muharib%c9%99-az%c9%99rbaycan-antiterror-%c9%99m%c9%99liyyati-kecirir-canli\/#article","isPartOf":{"@id":"https:\/\/jam-news.net\/az\/qarabagda-muharib%c9%99-az%c9%99rbaycan-antiterror-%c9%99m%c9%99liyyati-kecirir-canli\/"},"author":{"name":"JAMnews","@id":"https:\/\/jam-news.net\/az\/#\/schema\/person\/67df3bb7adb46cd513fb9c4cb02361c6"},"headline":"Qaraba\u011fda m\u00fcharib\u0259. Az\u0259rbaycan antiterror \u0259m\u0259liyyat\u0131 ke\u00e7irir","datePublished":"2023-09-20T08:07:25+00:00","dateModified":"2023-09-23T18:14:31+00:00","mainEntityOfPage":{"@id":"https:\/\/jam-news.net\/az\/qarabagda-muharib%c9%99-az%c9%99rbaycan-antiterror-%c9%99m%c9%99liyyati-kecirir-canli\/"},"wordCount":245,"publisher":{"@id":"https:\/\/jam-news.net\/az\/#organization"},"image":{"@id":"https:\/\/jam-news.net\/az\/qarabagda-muharib%c9%99-az%c9%99rbaycan-antiterror-%c9%99m%c9%99liyyati-kecirir-canli\/#primaryimage"},"thumbnailUrl":"https:\/\/jam-news.net\/app\/uploads\/2023\/09\/650a722047437650a7220474381695183392650a722047435650a722047436.jpg","articleSection":["Armenia","Azerbaijan","Conflicts","Nagorno-Karabakh","News"],"inLanguage":"az"},{"@type":"WebPage","@id":"https:\/\/jam-news.net\/az\/qarabagda-muharib%c9%99-az%c9%99rbaycan-antiterror-%c9%99m%c9%99liyyati-kecirir-canli\/","url":"https:\/\/jam-news.net\/az\/qarabagda-muharib%c9%99-az%c9%99rbaycan-antiterror-%c9%99m%c9%99liyyati-kecirir-canli\/","name":"\u00dc\u00e7\u00fcnc\u00fc Qaraba\u011f m\u00fcharib\u0259si JAMnews","isPartOf":{"@id":"https:\/\/jam-news.net\/az\/#website"},"primaryImageOfPage":{"@id":"https:\/\/jam-news.net\/az\/qarabagda-muharib%c9%99-az%c9%99rbaycan-antiterror-%c9%99m%c9%99liyyati-kecirir-canli\/#primaryimage"},"image":{"@id":"https:\/\/jam-news.net\/az\/qarabagda-muharib%c9%99-az%c9%99rbaycan-antiterror-%c9%99m%c9%99liyyati-kecirir-canli\/#primaryimage"},"thumbnailUrl":"https:\/\/jam-news.net\/app\/uploads\/2023\/09\/650a722047437650a7220474381695183392650a722047435650a722047436.jpg","datePublished":"2023-09-20T08:07:25+00:00","dateModified":"2023-09-23T18:14:31+00:00","description":"Az\u0259rbaycan\u0131n Qaraba\u011fda antiterror \u0259m\u0259liyyat\u0131n\u0131n ikinci g\u00fcn\u00fcd\u00fcr. Sentyabr\u0131n 19-da ba\u015flayan m\u00fcharib\u0259 \u201c\u00fc\u00e7\u00fcnc\u00fc Qaraba\u011f m\u00fcharib\u0259si\u201d adland\u0131r\u0131l\u0131b","breadcrumb":{"@id":"https:\/\/jam-news.net\/az\/qarabagda-muharib%c9%99-az%c9%99rbaycan-antiterror-%c9%99m%c9%99liyyati-kecirir-canli\/#breadcrumb"},"inLanguage":"az","potentialAction":[{"@type":"ReadAction","target":["https:\/\/jam-news.net\/az\/qarabagda-muharib%c9%99-az%c9%99rbaycan-antiterror-%c9%99m%c9%99liyyati-kecirir-canli\/"]}]},{"@type":"ImageObject","inLanguage":"az","@id":"https:\/\/jam-news.net\/az\/qarabagda-muharib%c9%99-az%c9%99rbaycan-antiterror-%c9%99m%c9%99liyyati-kecirir-canli\/#primaryimage","url":"https:\/\/jam-news.net\/app\/uploads\/2023\/09\/650a722047437650a7220474381695183392650a722047435650a722047436.jpg","contentUrl":"https:\/\/jam-news.net\/app\/uploads\/2023\/09\/650a722047437650a7220474381695183392650a722047435650a722047436.jpg","width":1200,"height":800},{"@type":"BreadcrumbList","@id":"https:\/\/jam-news.net\/az\/qarabagda-muharib%c9%99-az%c9%99rbaycan-antiterror-%c9%99m%c9%99liyyati-kecirir-canli\/#breadcrumb","itemListElement":[{"@type":"ListItem","position":1,"name":"Home","item":"https:\/\/jam-news.net\/az\/"},{"@type":"ListItem","position":2,"name":"Qaraba\u011fda m\u00fcharib\u0259. Az\u0259rbaycan antiterror \u0259m\u0259liyyat\u0131 ke\u00e7irir"}]},{"@type":"WebSite","@id":"https:\/\/jam-news.net\/az\/#website","url":"https:\/\/jam-news.net\/az\/","name":"Azerbaijani Jamnews","description":"Caucasus News, Politics and Society","publisher":{"@id":"https:\/\/jam-news.net\/az\/#organization"},"potentialAction":[{"@type":"SearchAction","target":{"@type":"EntryPoint","urlTemplate":"https:\/\/jam-news.net\/az\/?s={search_term_string}"},"query-input":{"@type":"PropertyValueSpecification","valueRequired":true,"valueName":"search_term_string"}}],"inLanguage":"az"},{"@type":"Organization","@id":"https:\/\/jam-news.net\/az\/#organization","name":"JAMnews","url":"https:\/\/jam-news.net\/az\/","logo":{"@type":"ImageObject","inLanguage":"az","@id":"https:\/\/jam-news.net\/az\/#\/schema\/logo\/image\/","url":"https:\/\/jam-news.net\/app\/uploads\/2020\/05\/JAM_w.jpg","contentUrl":"https:\/\/jam-news.net\/app\/uploads\/2020\/05\/JAM_w.jpg","width":960,"height":960,"caption":"JAMnews"},"image":{"@id":"https:\/\/jam-news.net\/az\/#\/schema\/logo\/image\/"},"sameAs":["https:\/\/www.facebook.com\/JAMnewsInEnglish\/","https:\/\/x.com\/JAMnewsCaucasus","https:\/\/www.instagram.com\/jam_news\/","https:\/\/www.youtube.com\/channel\/UCXQbUCme2pykuZYXWHx4VPg"]},{"@type":"Person","@id":"https:\/\/jam-news.net\/az\/#\/schema\/person\/67df3bb7adb46cd513fb9c4cb02361c6","name":"JAMnews","image":{"@type":"ImageObject","inLanguage":"az","@id":"https:\/\/jam-news.net\/az\/#\/schema\/person\/image\/","url":"https:\/\/secure.gravatar.com\/avatar\/e5c27593ef900c3ab3deed4ed1c653d7?s=96&d=mm&r=g","contentUrl":"https:\/\/secure.gravatar.com\/avatar\/e5c27593ef900c3ab3deed4ed1c653d7?s=96&d=mm&r=g","caption":"JAMnews"},"url":"https:\/\/jam-news.net\/az\/author\/margarita\/"}]}},"_links":{"self":[{"href":"https:\/\/jam-news.net\/az\/wp-json\/wp\/v2\/posts\/80699","targetHints":{"allow":["GET"]}}],"collection":[{"href":"https:\/\/jam-news.net\/az\/wp-json\/wp\/v2\/posts"}],"about":[{"href":"https:\/\/jam-news.net\/az\/wp-json\/wp\/v2\/types\/post"}],"author":[{"embeddable":true,"href":"https:\/\/jam-news.net\/az\/wp-json\/wp\/v2\/users\/3"}],"replies":[{"embeddable":true,"href":"https:\/\/jam-news.net\/az\/wp-json\/wp\/v2\/comments?post=80699"}],"version-history":[{"count":3,"href":"https:\/\/jam-news.net\/az\/wp-json\/wp\/v2\/posts\/80699\/revisions"}],"predecessor-version":[{"id":80875,"href":"https:\/\/jam-news.net\/az\/wp-json\/wp\/v2\/posts\/80699\/revisions\/80875"}],"wp:featuredmedia":[{"embeddable":true,"href":"https:\/\/jam-news.net\/az\/wp-json\/wp\/v2\/media\/80693"}],"wp:attachment":[{"href":"https:\/\/jam-news.net\/az\/wp-json\/wp\/v2\/media?parent=80699"}],"wp:term":[{"taxonomy":"category","embeddable":true,"href":"https:\/\/jam-news.net\/az\/wp-json\/wp\/v2\/categories?post=80699"},{"taxonomy":"post_tag","embeddable":true,"href":"https:\/\/jam-news.net\/az\/wp-json\/wp\/v2\/tags?post=80699"},{"taxonomy":"formation","embeddable":true,"href":"https:\/\/jam-news.net\/az\/wp-json\/wp\/v2\/formation?post=80699"},{"taxonomy":"post-author","embeddable":true,"href":"https:\/\/jam-news.net\/az\/wp-json\/wp\/v2\/post-author?post=80699"},{"taxonomy":"topic","embeddable":true,"href":"https:\/\/jam-news.net\/az\/wp-json\/wp\/v2\/topic?post=80699"},{"taxonomy":"tooltip","embeddable":true,"href":"https:\/\/jam-news.net\/az\/wp-json\/wp\/v2\/tooltip?post=80699"},{"taxonomy":"city","embeddable":true,"href":"https:\/\/jam-news.net\/az\/wp-json\/wp\/v2\/city?post=80699"}],"curies":[{"name":"wp","href":"https:\/\/api.w.org\/{rel}","templated":true}]}}