{"id":76470,"date":"2023-04-24T20:27:33","date_gmt":"2023-04-24T16:27:33","guid":{"rendered":"https:\/\/jam-news.net\/az\/?p=76470"},"modified":"2023-04-24T20:28:05","modified_gmt":"2023-04-24T16:28:05","slug":"az%c9%99rbaycan-lacin-yolunun-girisind%c9%99-n%c9%99zar%c9%99t-buraxilis-m%c9%99nt%c9%99q%c9%99si-qurasdirib-baki-v%c9%99-yerevandan-m%c9%99lumat-v%c9%99-s%c9%99rhl%c9%99r","status":"publish","type":"post","link":"https:\/\/jam-news.net\/az\/az%c9%99rbaycan-lacin-yolunun-girisind%c9%99-n%c9%99zar%c9%99t-buraxilis-m%c9%99nt%c9%99q%c9%99si-qurasdirib-baki-v%c9%99-yerevandan-m%c9%99lumat-v%c9%99-s%c9%99rhl%c9%99r\/","title":{"rendered":"Az\u0259rbaycan La\u00e7\u0131n yolunun giri\u015find\u0259 n\u0259zar\u0259t-burax\u0131l\u0131\u015f m\u0259nt\u0259q\u0259si qura\u015fd\u0131r\u0131b. Bak\u0131 v\u0259 Yerevandan m\u0259lumat v\u0259 \u015f\u0259rhl\u0259r"},"content":{"rendered":"\n<p style=\"font-size:8px\"><em>La\u00e7\u0131n yoluna NBM<\/em><\/p>\n\n\n\n<p><a href=\"https:\/\/jam-news.net\/az\/category\/cografiya\/az%c9%99rbaycan\/page\/2\/\" target=\"_blank\" rel=\"noreferrer noopener\">Az\u0259rbaycan<\/a> S\u0259rh\u0259d Xidm\u0259ti <a href=\"https:\/\/jam-news.net\/az\/category\/cografiya\/erm%c9%99nistan\/\" target=\"_blank\" rel=\"noreferrer noopener\">Erm\u0259nistanla<\/a> s\u0259rh\u0259dd\u0259, <a href=\"https:\/\/jam-news.net\/az\/topic\/lacin-d%c9%99hlizi\/\" target=\"_blank\" rel=\"noreferrer noopener\">La\u00e7\u0131n yolunun<\/a> giri\u015find\u0259 n\u0259zar\u0259t-burax\u0131l\u0131\u015f m\u0259nt\u0259q\u0259si qura\u015fd\u0131r\u0131ld\u0131\u011f\u0131n\u0131 a\u00e7\u0131qlay\u0131b. Az\u0259rbaycan Xarici \u0130\u015fl\u0259r Nazirliyi bildirir ki, Qaraba\u011fda ya\u015fayan erm\u0259nil\u0259r \u00fc\u00e7\u00fcn d\u0259hlizl\u0259 h\u0259r\u0259k\u0259t etm\u0259k \u00fc\u00e7\u00fcn he\u00e7 bir mane\u0259 olmayacaq. Yerevan v\u0259 Xank\u0259ndid\u0259 is\u0259 bu, <a href=\"https:\/\/jam-news.net\/az\/topic\/qarabag-uzr%c9%99-uct%c9%99r%c9%99fli-b%c9%99yanat\/\" target=\"_blank\" rel=\"noreferrer noopener\">10 noyabr 2020-ci il tarixli sazi\u015fin<\/a> t\u0259l\u0259bl\u0259rinin kobud \u015f\u0259kild\u0259 pozulmas\u0131 kimi qiym\u0259tl\u0259ndirilib. Az\u0259rbaycanl\u0131 ekspertin s\u00f6zl\u0259rin\u0259 g\u00f6r\u0259, d\u00fcnyan\u0131n h\u0259r bir \u00f6lk\u0259sinin \u00f6z s\u0259rh\u0259dl\u0259rin\u0259 n\u0259zar\u0259t etm\u0259k h\u00fcququ var v\u0259 bu, \u00fc\u00e7t\u0259r\u0259fli b\u0259yanat\u0131n t\u0259l\u0259bl\u0259rini pozmur.<\/p>\n\n\n\n<hr class=\"wp-block-separator has-alpha-channel-opacity\"\/>\n\n\n\n<ul class=\"wp-block-list\"><li><a href=\"https:\/\/jam-news.net\/az\/onlarla-gurcustan-v%c9%99t%c9%99ndasi-sudanda-doyus-bolg%c9%99sind%c9%99-qalib\/\" target=\"_blank\" rel=\"noreferrer noopener\">Onlarla G\u00fcrc\u00fcstan v\u0259t\u0259nda\u015f\u0131 Sudanda, d\u00f6y\u00fc\u015f b\u00f6lg\u0259sind\u0259 qal\u0131b<\/a><\/li><li><a href=\"https:\/\/jam-news.net\/az\/ilham-%c9%99liyev-ya-onlar-az%c9%99rbaycan-bayragi-altinda-yasayacaqlar-ya-da-cixib-ged%c9%99c%c9%99kl%c9%99r\/\" target=\"_blank\" rel=\"noreferrer noopener\">\u0130lham \u018fliyev: \u201cYa onlar Az\u0259rbaycan bayra\u011f\u0131 alt\u0131nda ya\u015fayacaqlar, ya da \u00e7\u0131x\u0131b ged\u0259c\u0259kl\u0259r\u201d<\/a><\/li><li><a href=\"https:\/\/jam-news.net\/az\/q%c9%99zet-m%c9%99tb%c9%99%c9%99sind%c9%99-kec%c9%99n-30-il\/\" target=\"_blank\" rel=\"noreferrer noopener\">Q\u0259zet m\u0259tb\u0259\u0259sind\u0259 ke\u00e7\u0259n\u00a030 il<\/a><\/li><\/ul>\n\n\n\n<hr class=\"wp-block-separator has-alpha-channel-opacity\"\/>\n\n\n\n<h2 class=\"has-luminous-vivid-orange-color has-text-color wp-block-heading\"><strong>Bak\u0131dan informasiya<\/strong><\/h2>\n\n\n\n<p>Aprelin 23-d\u0259 g\u00fcnorta saatlar\u0131nda Az\u0259rbaycan D\u00f6vl\u0259t S\u0259rh\u0259d Xidm\u0259ti Erm\u0259nistanla s\u0259rh\u0259dd\u0259, La\u00e7\u0131n yolunun ba\u015flan\u011f\u0131c\u0131nda s\u0259rh\u0259d-ke\u00e7id m\u0259nt\u0259q\u0259sinin qura\u015fd\u0131r\u0131lmas\u0131 bar\u0259d\u0259 m\u0259lumat yay\u0131b.<\/p>\n\n\n\n<p>\u201c2020-ci il 10 noyabr tarixli \u00fc\u00e7t\u0259r\u0259fli B\u0259yanata zidd olaraq Erm\u0259nistandan Az\u0259rbaycan \u0259razisind\u0259ki qeyri-qanuni erm\u0259ni silahl\u0131 d\u0259st\u0259l\u0259ri \u00fc\u00e7\u00fcn canl\u0131 q\u00fcvv\u0259, silah-sursat, mina, el\u0259c\u0259 d\u0259 dig\u0259r h\u0259rbi t\u0259yinatl\u0131 vasit\u0259l\u0259rin da\u015f\u0131nmas\u0131n\u0131n qar\u015f\u0131s\u0131n\u0131n al\u0131nmas\u0131 m\u0259qs\u0259dil\u0259 v\u0259 Erm\u0259nistan t\u0259r\u0259find\u0259n aprelin 22-d\u0259 birt\u0259r\u0259fli qaydada Az\u0259rbaycan il\u0259 s\u0259rh\u0259dd\u0259 La\u00e7\u0131n-Xank\u0259ndi yolunun giri\u015find\u0259 n\u0259zar\u0259t burax\u0131l\u0131\u015f m\u0259nt\u0259q\u0259sinin qurulmas\u0131na adekvat olaraq aprelin 23-\u00fc saat 12:00-da Az\u0259rbaycan Respublikas\u0131 D\u00f6vl\u0259t S\u0259rh\u0259d Xidm\u0259tinin b\u00f6lm\u0259l\u0259ri t\u0259r\u0259find\u0259n \u00f6lk\u0259mizin suveren \u0259razil\u0259rind\u0259, Erm\u0259nistan il\u0259 s\u0259rh\u0259dd\u0259, La\u00e7\u0131n-Xank\u0259ndi yolunun ba\u015flan\u011f\u0131c\u0131nda s\u0259rh\u0259d-burax\u0131l\u0131\u015f m\u0259nt\u0259q\u0259si qurulub\u201d, &#8211; s\u0259rh\u0259d xidm\u0259tinin m\u0259lumat\u0131nda bildirilib.<\/p>\n\n\n\n<p>Qeyd olunub ki, bu bar\u0259d\u0259 Rusiya s\u00fclhm\u0259raml\u0131 kontingenti v\u0259 Rusiya-T\u00fcrkiy\u0259 Monitorinq M\u0259rk\u0259zinin komandanl\u0131qlar\u0131na m\u0259lumat verilib.<\/p>\n\n\n<article class=\"single-card uk-flex uk-flex-between m-b-sm-40\">\n\n  <div class=\"uk-grid wi-full-width\">\n\n    <div class=\"uk-width-2-3 p-t-sm-10\">\n      <a href=\"https:\/\/jam-news.net\/az\/yerd%c9%99-v%c9%99ziyy%c9%99ti-d%c9%99yism%c9%99k-z%c9%99ruridir-bakidan-baxis\/\" target=\"_blank\">\n\n\n\n\n\n        <h2 class=\"m-b-sm-23 wi-merriweather-light\">\n\t\u201cYerd\u0259 v\u0259ziyy\u0259ti d\u0259yi\u015fm\u0259k z\u0259ruridir\u201d. Bak\u0131dan bax\u0131\u015f\n<\/h2>\n\n        <p class=\"paragraph-color-2 m-b-sm-10 m-b-xs-7\">\n  Yax\u0131n zamanda Az\u0259rbaycan v\u0259 Erm\u0259nistan aras\u0131nda dan\u0131\u015f\u0131qlar prosesinin m\u00fcxt\u0259lif s\u0259viyy\u0259l\u0259rd\u0259 davam ed\u0259c\u0259yi g\u00f6zl\u0259nilir\n<\/p>\n      <\/a>\n    <\/div>\n    <div class=\"uk-width-1-3\">\n      <figure class=\"wi-full-height choose-post__img wi-merriweather-light\">\n  <a class=\"\" href=\"https:\/\/jam-news.net\/az\/yerd%c9%99-v%c9%99ziyy%c9%99ti-d%c9%99yism%c9%99k-z%c9%99ruridir-bakidan-baxis\/\">\n    <img decoding=\"async\" class=\"wi-full-height wi-ratio-img\" src=\"https:\/\/jam-news.net\/app\/uploads\/2023\/04\/412346665_0_115_3500_2084_1920x0_80_0_0_fa735ca7d76b4e10bad3de032cf21ff1.jpg\" alt=\"\" uk-img \/>\n  <\/a>\n<\/figure>\n    <\/div>\n  <\/div>\n<\/article>\n\n\n\n<h2 class=\"wp-block-heading\"><strong>Az\u0259rbaycan X\u0130N-in b\u0259yanat\u0131<\/strong><\/h2>\n\n\n\n<p>Az\u0259rbaycan Xarici \u0130\u015fl\u0259r Nazirliyi La\u00e7\u0131n yolunun giri\u015find\u0259 n\u0259zar\u0259t-burax\u0131l\u0131\u015f m\u0259nt\u0259q\u0259sinin qura\u015fd\u0131r\u0131lmas\u0131n\u0131 \u201cErm\u0259nistan t\u0259r\u0259finin La\u00e7\u0131n-Xank\u0259ndi yolundan qanunsuz m\u0259qs\u0259dl\u0259r \u00fc\u00e7\u00fcn sistemli v\u0259 geni\u015fmiqyasl\u0131 istifad\u0259sinin davam etm\u0259si il\u0259\u201d izah edib.<\/p>\n\n\n\n<p>\u201c\u00dc\u00e7t\u0259r\u0259fli b\u0259yanat\u0131n imzalanmas\u0131ndan ke\u00e7\u0259n iki il yar\u0131m m\u00fcdd\u0259t \u0259rzind\u0259 Az\u0259rbaycan t\u0259r\u0259fi davaml\u0131 \u015f\u0259kild\u0259 La\u00e7\u0131n yolunun Erm\u0259nistan t\u0259r\u0259find\u0259n geni\u015fmiqyasl\u0131 sui-istifad\u0259 hallar\u0131na diqq\u0259ti c\u0259lb edib. Bu c\u00fcr sui-istifad\u0259 hallar\u0131na Az\u0259rbaycan \u0259razisind\u0259 qalmaqda davam ed\u0259n erm\u0259ni silahl\u0131 q\u00fcvv\u0259l\u0259rinin \u015f\u0259xsi hey\u0259tinin rotasiyas\u0131, silah v\u0259 sursat\u0131n da\u015f\u0131nmas\u0131, terror\u00e7ular\u0131n ke\u00e7idi, habel\u0259 t\u0259bii s\u0259rv\u0259tl\u0259rin v\u0259 m\u0259d\u0259ni m\u00fclkiyy\u0259tin qanunsuz da\u015f\u0131nmas\u0131n\u0131 misal g\u00f6st\u0259rm\u0259k olar\u201d, &#8211; nazirliyin m\u0259lumat\u0131nda deyilir.<\/p>\n\n\n\n<p>\u201c\u00dc\u00e7t\u0259r\u0259fli b\u0259yanat \u00fczr\u0259 \u00f6hd\u0259likl\u0259r\u0259 uy\u011fun olaraq, La\u00e7\u0131n yolundan v\u0259t\u0259nda\u015flar\u0131n, n\u0259qliyyat vasit\u0259l\u0259rinin v\u0259 y\u00fckl\u0259rin h\u0259r\u0259k\u0259tin\u0259 Az\u0259rbaycan Respublikas\u0131 t\u0259r\u0259find\u0259n t\u0259hl\u00fck\u0259sizlik z\u0259man\u0259ti olan bu \u0259lav\u0259 t\u0259dbir \u00e7\u0259r\u00e7iv\u0259sind\u0259 Az\u0259rbaycan\u0131n Qaraba\u011f b\u00f6lg\u0259sind\u0259 ya\u015fayan erm\u0259ni sakinl\u0259rin bu m\u0259nt\u0259q\u0259d\u0259n h\u0259r iki istiqam\u0259td\u0259 Erm\u0259nistana v\u0259 Az\u0259rbaycana \u015f\u0259ffaf v\u0259 nizamlanan ke\u00e7idi \u00fc\u00e7\u00fcn m\u00fcvafiq \u015f\u0259rait yarad\u0131lacaq.<\/p>\n\n\n\n<p>Yuxar\u0131da qeyd edil\u0259n n\u0259zar\u0259t mexanizmi Rusiya s\u00fclhm\u0259raml\u0131 kontingenti il\u0259 \u0259laq\u0259l\u0259ndirm\u0259 \u015f\u0259raitind\u0259 h\u0259yata ke\u00e7iril\u0259c\u0259k\u201d, &#8211; X\u0130N-d\u0259n bildirilib.<\/p>\n\n\n\n<figure class=\"wp-block-image size-large\"><img loading=\"lazy\" decoding=\"async\" width=\"1024\" height=\"725\" src=\"https:\/\/jam-news.net\/app\/uploads\/2023\/04\/photo_2023-04-23_15-46-08-1024x725.jpg\" alt=\"\" class=\"wp-image-76458\" srcset=\"https:\/\/jam-news.net\/app\/uploads\/2023\/04\/photo_2023-04-23_15-46-08-1024x725.jpg 1024w, https:\/\/jam-news.net\/app\/uploads\/2023\/04\/photo_2023-04-23_15-46-08-300x212.jpg 300w, https:\/\/jam-news.net\/app\/uploads\/2023\/04\/photo_2023-04-23_15-46-08-768x544.jpg 768w, https:\/\/jam-news.net\/app\/uploads\/2023\/04\/photo_2023-04-23_15-46-08.jpg 1120w\" sizes=\"auto, (max-width: 1024px) 100vw, 1024px\" \/><figcaption>La\u00e7\u0131n yolunun giri\u015find\u0259 Az\u0259rbaycan t\u0259r\u0259find\u0259n yarad\u0131lm\u0131\u015f ke\u00e7id m\u0259nt\u0259q\u0259sinin yeri. Peyk g\u00f6r\u00fcnt\u00fcs\u00fc.<\/figcaption><\/figure>\n\n\n\n<h2 class=\"wp-block-heading\"><strong>Bak\u0131dan \u015f\u0259rh<\/strong><\/h2>\n\n\n\n<p><strong>Siyasi icmal\u00e7\u0131 Hac\u0131 Namazov<\/strong> La\u00e7\u0131n yolunun giri\u015find\u0259 ke\u00e7id m\u0259nt\u0259q\u0259sinin qura\u015fd\u0131r\u0131lmas\u0131 il\u0259 ba\u011fl\u0131 x\u0259b\u0259ri JAMnews-a \u015f\u0259rh ed\u0259rk\u0259n deyib. Onun s\u00f6zl\u0259rin\u0259 g\u00f6r\u0259, \u00fc\u00e7t\u0259r\u0259fli sazi\u015fin pozulmas\u0131ndan s\u00f6hb\u0259t ged\u0259 bilm\u0259z:<\/p>\n\n\n\n<p>\u201c10 noyabr 2020-ci il tarixli b\u0259yanat\u0131n alt\u0131nc\u0131 b\u0259ndin\u0259 \u0259sas\u0259n, Az\u0259rbaycan La\u00e7\u0131n d\u0259hlizi il\u0259 mane\u0259siz h\u0259r\u0259k\u0259t\u0259 z\u0259man\u0259t verir. Bu d\u0259hliz iki \u00f6lk\u0259nin s\u0259rh\u0259dind\u0259n ba\u015flay\u0131r. Ona g\u00f6r\u0259 d\u0259 ora daxil olmaq \u00fc\u00e7\u00fcn Az\u0259rbaycan \u0259razisin\u0259 daxil olmaq laz\u0131md\u0131r.<\/p>\n\n\n\n<p>\u00d6lk\u0259y\u0259 daxil olan v\u0259 \u00f6lk\u0259d\u0259n \u00e7\u0131xan insanlar\u0131n v\u0259 n\u0259qliyyat vasit\u0259l\u0259rinin yoxlan\u0131lmas\u0131 d\u00fcnyan\u0131n b\u00fct\u00fcn \u00f6lk\u0259l\u0259rinin suveren h\u00fcquqlar\u0131n\u0131n bir hiss\u0259sidir. Bu m\u0259ntiqd\u0259n \u00e7\u0131x\u0131\u015f ed\u0259r\u0259k, Az\u0259rbaycan\u0131 \u00f6z s\u0259rh\u0259dl\u0259rind\u0259 ke\u00e7id m\u0259nt\u0259q\u0259si qura\u015fd\u0131rmaqda ittiham etm\u0259k axmaql\u0131qd\u0131r\u201d.<\/p>\n\n\n\n<p>Politoloq ikinci Qaraba\u011f m\u00fcharib\u0259sinin n\u0259tic\u0259l\u0259rin\u0259 g\u00f6r\u0259 imzalanan \u00fc\u00e7t\u0259r\u0259fli b\u0259yanat\u0131n ba\u015fqa bir m\u0259qam\u0131na diqq\u0259t \u00e7\u0259kib:<\/p>\n\n\n<article class=\"single-card uk-flex uk-flex-between m-b-sm-40\">\n\n  <div class=\"uk-grid wi-full-width\">\n\n    <div class=\"uk-width-2-3 p-t-sm-10\">\n      <a href=\"https:\/\/jam-news.net\/az\/qarabag-erm%c9%99nil%c9%99rinin-bakidaki-danisiqlardan-novb%c9%99ti-imtinasi-n%c9%99y%c9%99-g%c9%99tirib-cixara-bil%c9%99r-s%c9%99rhl%c9%99r\/\" target=\"_blank\">\n\n\n\n\n\n        <h2 class=\"m-b-sm-23 wi-merriweather-light\">\n\tQaraba\u011f erm\u0259nil\u0259rinin Bak\u0131dak\u0131 dan\u0131\u015f\u0131qlardan n\u00f6vb\u0259ti imtinas\u0131 n\u0259y\u0259 g\u0259tirib \u00e7\u0131xara bil\u0259r? \u015e\u0259rhl\u0259r\n<\/h2>\n\n        <p class=\"paragraph-color-2 m-b-sm-10 m-b-xs-7\">\n  R\u0259smi Bak\u0131 dan\u0131\u015f\u0131qlar\u0131 davam etdirm\u0259k \u00fc\u00e7\u00fcn Qaraba\u011f\u0131n erm\u0259ni icmas\u0131na ikinci d\u0259f\u0259 Bak\u0131da g\u00f6r\u00fc\u015f ke\u00e7irm\u0259yi t\u0259klif edib. Erm\u0259nil\u0259r bundan imtina edibl\u0259r\n<\/p>\n      <\/a>\n    <\/div>\n    <div class=\"uk-width-1-3\">\n      <figure class=\"wi-full-height choose-post__img wi-merriweather-light\">\n  <a class=\"\" href=\"https:\/\/jam-news.net\/az\/qarabag-erm%c9%99nil%c9%99rinin-bakidaki-danisiqlardan-novb%c9%99ti-imtinasi-n%c9%99y%c9%99-g%c9%99tirib-cixara-bil%c9%99r-s%c9%99rhl%c9%99r\/\">\n    <img decoding=\"async\" class=\"wi-full-height wi-ratio-img\" src=\"https:\/\/jam-news.net\/app\/uploads\/2023\/03\/IMG_5401.jpg\" alt=\"\" uk-img \/>\n  <\/a>\n<\/figure>\n    <\/div>\n  <\/div>\n<\/article>\n\n\n\n<p>\u201cErm\u0259nistanda sazi\u015fin alt\u0131nc\u0131 b\u0259ndind\u0259n dan\u0131\u015fark\u0259n n\u0259d\u0259ns\u0259 doqquzuncu b\u0259ndi unudurlar ki, bu da Az\u0259rbaycan\u0131n \u0259sas hiss\u0259si il\u0259 Nax\u00e7\u0131van aras\u0131nda mane\u0259siz \u0259laq\u0259ni n\u0259z\u0259rd\u0259 tutur.<\/p>\n\n\n\n<p>M\u00fcqavil\u0259nin imzalanmas\u0131ndan iki il yar\u0131m ke\u00e7ib. Bu yol haradad\u0131r? Bir metr bel\u0259 asfalt \u00e7\u0259kilm\u0259yib. Bu yola kim n\u0259zar\u0259t ed\u0259c\u0259k, hardan ke\u00e7\u0259c\u0259k v\u0259 ba\u015fqa m\u0259qamlar\u0131 qoyuram bir k\u0259nara, yolun \u00f6z\u00fc haradad\u0131r?<\/p>\n\n\n\n<p>Az\u0259rbaycan he\u00e7 kimin k\u00f6m\u0259yi olmadan \u00f6t\u0259n ilin yay\u0131ndan istifad\u0259y\u0259 verilmi\u015f alternativ La\u00e7\u0131n yolunu \u00e7\u0259kdi. Y\u0259ni m\u00fcqavil\u0259nin b\u0259ndl\u0259rind\u0259n birini yerin\u0259 yetirib. Eksterritorial d\u0259hliz verm\u0259y\u0259c\u0259kl\u0259rini iddia etm\u0259kd\u0259 davam ed\u0259n erm\u0259nil\u0259r he\u00e7 n\u0259 etmirl\u0259r. Baxmayaraq ki, raz\u0131la\u015fma Rusiya FTX-n\u0131n n\u0259zar\u0259tind\u0259 olacaq yolun t\u0259hvil verilm\u0259sini t\u0259l\u0259b edir. Yol is\u0259 yoxdur\u201d.<\/p>\n\n\n\n<p>Hac\u0131 Namazov Erm\u0259nistanla s\u0259rh\u0259dd\u0259 ke\u00e7id m\u0259nt\u0259q\u0259sinin t\u0259tbiqi il\u0259 n\u0259l\u0259rin d\u0259yi\u015f\u0259c\u0259yi haqda sual\u0131m\u0131za da cavab verib:<\/p>\n\n\n\n<p>\u201cBu ke\u00e7id m\u0259nt\u0259q\u0259si he\u00e7 n\u0259yi d\u0259yi\u015fm\u0259y\u0259c\u0259k. Orada Rusiya s\u00fclhm\u0259raml\u0131lar\u0131 v\u0259 Az\u0259rbaycan s\u0259rh\u0259d\u00e7il\u0259ri yan-yana dayan\u0131blar. Qaraba\u011fda ya\u015fayanlar, humanitar l\u0259vazimatlar, Q\u0131rm\u0131z\u0131 Xa\u00e7 avtomobill\u0259ri \u0259vv\u0259lki kimi h\u0259r iki istiqam\u0259t\u0259 gedib-g\u0259l\u0259c\u0259kl\u0259r.<\/p>\n\n\n\n<p>Sual odur ki, erm\u0259ni t\u0259r\u0259fini bu q\u0259d\u0259r h\u0259y\u0259canland\u0131ran n\u0259dir v\u0259 niy\u0259 bird\u0259n-bir\u0259 Xank\u0259ndid\u0259ki qanunsuz rejimin tam blokadaya al\u0131nmas\u0131ndan dan\u0131\u015fma\u011fa ba\u015flay\u0131blar? \u0130\u015f buras\u0131ndad\u0131r ki, bundan sonra Erm\u0259nistandan Qaraba\u011fa qanunsuz y\u00fckl\u0259rin, el\u0259c\u0259 d\u0259 h\u0259rbi qulluq\u00e7ular\u0131n da\u015f\u0131nmas\u0131 praktiki olaraq m\u00fcmk\u00fcn deyil. Bu s\u0259s-k\u00fcy\u00fcn b\u00fct\u00fcn s\u0259b\u0259bi budur. M\u00fclki v\u0259t\u0259nda\u015flar \u00fc\u00e7\u00fcn he\u00e7 n\u0259 d\u0259yi\u015fm\u0259yib\u201d.<\/p>\n\n\n<article class=\"single-card uk-flex uk-flex-between m-b-sm-40\">\n\n  <div class=\"uk-grid wi-full-width\">\n\n    <div class=\"uk-width-2-3 p-t-sm-10\">\n      <a href=\"https:\/\/jam-news.net\/az\/az%c9%99rbaycanlilarla-erm%c9%99nil%c9%99rin-birg%c9%99-yasayisi-mumkun-deyil-r%c9%99yi-gucl%c9%99ndirirl%c9%99r-bakidan-baxis\/\" target=\"_blank\">\n\n\n\n\n\n        <h2 class=\"m-b-sm-23 wi-merriweather-light\">\n\t\u201cAz\u0259rbaycanl\u0131larla erm\u0259nil\u0259rin birg\u0259 ya\u015fay\u0131\u015f\u0131 m\u00fcmk\u00fcn deyil r\u0259yi g\u00fccl\u0259ndirirl\u0259r\u201d. Bak\u0131dan bax\u0131\u015f\n<\/h2>\n\n        <p class=\"paragraph-color-2 m-b-sm-10 m-b-xs-7\">\n  Mart\u0131n 5-d\u0259 Qaraba\u011fda ba\u015f vermi\u015f insidentl\u0259 ba\u011fl\u0131 Rusiya s\u00fclhm\u0259raml\u0131 kontingentinin m\u0259lumat\u0131 Az\u0259rbaycanda q\u0259z\u0259bli reaksiyaya s\u0259b\u0259b olub\n<\/p>\n      <\/a>\n    <\/div>\n    <div class=\"uk-width-1-3\">\n      <figure class=\"wi-full-height choose-post__img wi-merriweather-light\">\n  <a class=\"\" href=\"https:\/\/jam-news.net\/az\/az%c9%99rbaycanlilarla-erm%c9%99nil%c9%99rin-birg%c9%99-yasayisi-mumkun-deyil-r%c9%99yi-gucl%c9%99ndirirl%c9%99r-bakidan-baxis\/\">\n    <img decoding=\"async\" class=\"wi-full-height wi-ratio-img\" src=\"https:\/\/jam-news.net\/app\/uploads\/2023\/03\/40282392_83_180_1280_853_1920x0_80_0_0_fd8abf96dc98d7623ae0be2d69dddbdf.jpg\" alt=\"\" uk-img \/>\n  <\/a>\n<\/figure>\n    <\/div>\n  <\/div>\n<\/article>\n\n\n\n<p>Politoloq \u00f6t\u0259n il dekabr\u0131n 12-d\u0259n az\u0259rbaycanl\u0131 f\u0259allar\u0131n La\u00e7\u0131n yolunda davam ed\u0259n etiraz aksiyas\u0131n\u0131n taleyi il\u0259 ba\u011fl\u0131 fikirl\u0259rini d\u0259 a\u00e7\u0131qlay\u0131b:<\/p>\n\n\n\n<p>\u201cBu aksiya i\u015ftirak\u00e7\u0131lar\u0131n\u0131n t\u0259l\u0259bl\u0259ri t\u0259min edilm\u0259yib. Yataqlarda monitorinq apar\u0131lmay\u0131b. Bu s\u0259b\u0259bd\u0259n aksiya davam ed\u0259 bil\u0259r.<\/p>\n\n\n\n<p>Amma dig\u0259r t\u0259r\u0259fd\u0259n, bundan sonra Xank\u0259ndid\u0259ki qanunsuz rejim faydal\u0131 qaz\u0131nt\u0131lar\u0131n Erm\u0259nistana qeyri-qanuni da\u015f\u0131nmas\u0131 imkan\u0131ndan m\u0259hrumdur. Bu y\u00fck\u00fc da\u015f\u0131yan avtomobill\u0259r sad\u0259c\u0259 Az\u0259rbaycan \u0259razisind\u0259n \u00e7\u0131xa bilm\u0259y\u0259c\u0259k. \u00d6t\u0259n ilin dekabr\u0131ndan erm\u0259nil\u0259rin istifad\u0259 etdiyi b\u00fct\u00fcn torpaq yollar H\u0259k\u0259ri \u00e7ay\u0131 \u00fcz\u0259rind\u0259ki k\u00f6rp\u00fcy\u0259 apar\u0131rd\u0131. Bu m\u0259ntiqd\u0259n \u00e7\u0131x\u0131\u015f ed\u0259r\u0259k aksiya dayand\u0131r\u0131la bil\u0259r. Yataqlar\u0131n monitorinqi is\u0259 art\u0131q zaman m\u0259s\u0259l\u0259sidir\u201d.<\/p>\n\n\n\n<h2 class=\"has-luminous-vivid-orange-color has-text-color wp-block-heading\"><strong>Yerevandan informasiya<\/strong><\/h2>\n\n\n\n<h2 class=\"wp-block-heading\"><strong>Erm\u0259nistan X\u0130N-in b\u0259yanat\u0131<\/strong><\/h2>\n\n\n\n<p>Erm\u0259nistan X\u0130N hesab edir ki, Az\u0259rbaycan hakimiyy\u0259tinin Rusiya s\u00fclhm\u0259raml\u0131 kontingentinin m\u0259suliyy\u0259t zonas\u0131nda n\u0259zar\u0259t-burax\u0131l\u0131\u015f m\u0259nt\u0259q\u0259si yaratmas\u0131 La\u00e7\u0131n d\u0259hlizini tamam\u0259n ba\u011flay\u0131r:<\/p>\n\n\n\n<p>\u201cAz\u0259rbaycan silahl\u0131 q\u00fcvv\u0259l\u0259rinin bu add\u0131m\u0131n\u0131 h\u0259tta Az\u0259rbaycan\u0131n n\u00f6vb\u0259ti t\u0259xribat\u0131 kimi d\u0259 qiym\u0259tl\u0259ndirm\u0259k olmaz. \u018fslind\u0259 bu, Az\u0259rbaycan\u0131n Da\u011fl\u0131q Qaraba\u011fda ard\u0131c\u0131l etnik t\u0259mizl\u0259m\u0259 siyas\u0259tin\u0259 v\u0259 erm\u0259nil\u0259rin Da\u011fl\u0131q Qaraba\u011fdan qovulmas\u0131na y\u00f6n\u0259lmi\u015f 9 noyabr 2020-ci il tarixli \u00fc\u00e7t\u0259r\u0259fli b\u0259yanat\u0131n fundamental m\u00fcdd\u0259alar\u0131ndan birinin kobud \u015f\u0259kild\u0259 pozulmas\u0131d\u0131r.<\/p>\n\n\n\n<p>\u00d6t\u0259n il dekabr\u0131n 12-d\u0259n indiy\u0259d\u0259k uydurma ekoloji b\u0259han\u0259 il\u0259 La\u00e7\u0131n d\u0259hlizinin qeyri-qanuni blokadaya al\u0131nmas\u0131, bu g\u00fcn is\u0259 uzaqg\u00f6r\u0259n v\u0259 \u0259sass\u0131z s\u0259b\u0259bl\u0259rd\u0259n n\u0259zar\u0259t-burax\u0131l\u0131\u015f m\u0259nt\u0259q\u0259sinin qura\u015fd\u0131r\u0131lmas\u0131 bu planla\u015fd\u0131r\u0131lm\u0131\u015f siyas\u0259tin ard\u0131c\u0131l h\u0259yata ke\u00e7irilm\u0259si istiqam\u0259tind\u0259 at\u0131lan n\u00f6vb\u0259ti add\u0131mlard\u0131r\u201d.<\/p>\n\n\n\n<p>B\u0259yanat\u0131n sonuncu b\u0259ndind\u0259 Erm\u0259nistan\u0131n strateji m\u00fctt\u0259fiqi olan Rusiyan\u0131n m\u00f6vqeyind\u0259n naraz\u0131l\u0131q ifad\u0259 edilir:<\/p>\n\n\n\n<p>\u201cBiz Rusiya Federasiyas\u0131n\u0131 d\u0259hlizin qeyri-qanuni blokadas\u0131n\u0131 aradan qald\u0131rmaq v\u0259 Az\u0259rbaycan q\u00fcvv\u0259l\u0259rinin La\u00e7\u0131n d\u0259hlizinin b\u00fct\u00fcn t\u0259hl\u00fck\u0259sizlik zonas\u0131ndan \u00e7\u0131xar\u0131lmas\u0131n\u0131 t\u0259min etm\u0259kl\u0259 \u00fc\u00e7t\u0259r\u0259fli b\u0259yanat\u0131n 6-c\u0131 b\u0259ndind\u0259 n\u0259z\u0259rd\u0259 tutulan \u00f6hd\u0259liyi n\u0259hay\u0259t yerin\u0259 yetirm\u0259y\u0259 \u00e7a\u011f\u0131r\u0131r\u0131q\u201d.<\/p>\n\n\n\n<h2 class=\"wp-block-heading\"><strong>Beyn\u0259lxalq t\u0259r\u0259fda\u015flar\u0131n reaksiyas\u0131<\/strong><\/h2>\n\n\n\n<p>Bu bar\u0259d\u0259 AB\u015e D\u00f6vl\u0259t Departamentinin s\u00f6z\u00e7\u00fcs\u00fc Vedant Patel bildirib.<\/p>\n\n\n\n<p>\u201cBirl\u0259\u015fmi\u015f \u015etatlar Az\u0259rbaycan\u0131n La\u00e7\u0131n d\u0259hlizind\u0259 n\u0259zar\u0259t-burax\u0131l\u0131\u015f m\u0259nt\u0259q\u0259si yaratmas\u0131n\u0131n s\u00fclh prosesin\u0259 etimad\u0131n yarad\u0131lmas\u0131 s\u0259yl\u0259rini sars\u0131tmas\u0131ndan d\u0259rin narahatd\u0131r. Biz La\u00e7\u0131n d\u0259hlizi boyunca insanlar\u0131n s\u0259rb\u0259st v\u0259 a\u00e7\u0131q gedi\u015f-g\u0259li\u015finin v\u0259 ticar\u0259tin z\u0259ruriliyini bir daha b\u0259yan edir v\u0259 t\u0259r\u0259fl\u0259ri s\u00fclh dan\u0131\u015f\u0131qlar\u0131n\u0131 b\u0259rpa etm\u0259y\u0259, s\u0259rh\u0259dd\u0259 t\u0259xribatlardan v\u0259 d\u00fc\u015fm\u0259n\u00e7ilik h\u0259r\u0259k\u0259tl\u0259rind\u0259n \u00e7\u0259kinm\u0259y\u0259 \u00e7a\u011f\u0131r\u0131r\u0131q\u201d.<\/p>\n\n\n<article class=\"single-card uk-flex uk-flex-between m-b-sm-40\">\n\n  <div class=\"uk-grid wi-full-width\">\n\n    <div class=\"uk-width-2-3 p-t-sm-10\">\n      <a href=\"https:\/\/jam-news.net\/az\/roma-statutunun-ratifikasiyasi-erm%c9%99nistan-hakimiyy%c9%99ti-rusiyaya-qarsi-cixacaqmi\/\" target=\"_blank\">\n\n\n\n\n\n        <h2 class=\"m-b-sm-23 wi-merriweather-light\">\n\tRoma Statutunun ratifikasiyas\u0131: Erm\u0259nistan hakimiyy\u0259ti Rusiyaya qar\u015f\u0131 \u00e7\u0131xacaqm\u0131?\n<\/h2>\n\n        <p class=\"paragraph-color-2 m-b-sm-10 m-b-xs-7\">\n  Rusiyan\u0131n m\u0259nfi reaksiyas\u0131na baxmayaraq, \u00f6lk\u0259 hakimiyy\u0259tinin nizamnam\u0259nin ratifikasiyas\u0131na gedib-getm\u0259m\u0259si, Roma \u018fsasnam\u0259sinin ratifikasiyas\u0131ndan sonra Putinin Erm\u0259nistanda h\u0259bsinin m\u00fcmk\u00fcn olub-olmamas\u0131 il\u0259 ba\u011fl\u0131 erm\u0259ni ekspertl\u0259rin fikirl\u0259ri. Amma \u0259vv\u0259lc\u0259 Erm\u0259nistan\u0131n s\u0259n\u0259din ratifikasiyas\u0131 prosesin\u0259 niy\u0259 indid\u0259n ba\u015flad\u0131\u011f\u0131 il\u0259 ba\u011fl\u0131 b\u0259zi t\u0259f\u0259rr\u00fcatlar\n<\/p>\n      <\/a>\n    <\/div>\n    <div class=\"uk-width-1-3\">\n      <figure class=\"wi-full-height choose-post__img wi-merriweather-light\">\n  <a class=\"\" href=\"https:\/\/jam-news.net\/az\/roma-statutunun-ratifikasiyasi-erm%c9%99nistan-hakimiyy%c9%99ti-rusiyaya-qarsi-cixacaqmi\/\">\n    <img decoding=\"async\" class=\"wi-full-height wi-ratio-img\" src=\"https:\/\/jam-news.net\/app\/uploads\/2023\/03\/Rome_Statute.jpg\" alt=\"\" uk-img \/>\n  <\/a>\n<\/figure>\n    <\/div>\n  <\/div>\n<\/article>\n\n\n\n<h2 class=\"wp-block-heading\"><strong>Yerevandan \u015f\u0259rh<\/strong><\/h2>\n\n\n\n<p><strong>Siyasi icmal\u00e7\u0131 Naira Hayrumyan<\/strong><strong>:<\/strong><\/p>\n\n\n\n<p>\u201cQoris-Stepanakert yolunda n\u0259zar\u0259t-burax\u0131l\u0131\u015f m\u0259nt\u0259q\u0259sinin qura\u015fd\u0131r\u0131lmas\u0131n\u0131n erm\u0259ni soyq\u0131r\u0131m\u0131n\u0131n 108-ci ild\u00f6n\u00fcm\u00fc \u0259r\u0259f\u0259sind\u0259 v\u0259 T\u00fcrkiy\u0259d\u0259 se\u00e7kil\u0259r\u0259 20 g\u00fcn qalm\u0131\u015f ba\u015f verm\u0259si diqq\u0259t \u00e7\u0259kiri ki, bu da regional prosesl\u0259rin paradiqmas\u0131n\u0131 ciddi \u015f\u0259kild\u0259 d\u0259yi\u015f\u0259 bil\u0259r. Se\u00e7kil\u0259rd\u0259 kimin qalib g\u0259lm\u0259sind\u0259n as\u0131l\u0131 olaraq.<\/p>\n\n\n\n<p>Bu kontekstd\u0259 Bak\u0131n\u0131n add\u0131mlar\u0131n\u0131n t\u0259l\u0259sik oldu\u011funu qeyd etm\u0259k laz\u0131md\u0131r ki, bu da onun m\u00fcv\u0259qq\u0259ti resursunun qalmad\u0131\u011f\u0131n\u0131 gizl\u0259tmir. Bunu \u00e7oxdan planla\u015fd\u0131r\u0131lan add\u0131m kimi t\u0259qdim etm\u0259k c\u0259hdl\u0259rin\u0259 baxmayaraq, T\u00fcrkiy\u0259d\u0259 se\u00e7kil\u0259rin xo\u015fag\u0259lm\u0259z n\u0259tic\u0259si olaca\u011f\u0131 t\u0259qdird\u0259 Bak\u0131n\u0131n ehtiyat haz\u0131rlama\u011fa t\u0259l\u0259sdiyi g\u00f6z qaba\u011f\u0131ndad\u0131r.<\/p>\n\n\n\n<p>Ukraynan\u0131n g\u00f6zl\u0259nil\u0259n \u0259ks-h\u00fccum amili d\u0259 vacibdir, bu kontekstd\u0259 Rusiyan\u0131n regiondak\u0131 rolu v\u0259 t\u0259siri d\u0259yi\u015f\u0259 bil\u0259r. Bak\u0131 Moskva il\u0259 birlikd\u0259 Ukrayna paradiqmas\u0131n\u0131n d\u0259yi\u015fm\u0259si il\u0259 yana\u015f\u0131, Q\u0259rbin C\u0259nubi Qafqaz regionunda rolunun artaca\u011f\u0131 ehtimal\u0131 qar\u015f\u0131s\u0131nda s\u0131\u011fortalanma\u011fa \u00e7al\u0131\u015f\u0131r.<\/p>\n\n\n\n<p>Bel\u0259 olan halda noyabr\u0131n 9-da \u00fc\u00e7t\u0259r\u0259fli b\u0259yanat \u00f6z \u0259h\u0259miyy\u0259tini tamamil\u0259 itir\u0259c\u0259k v\u0259 ba\u015fqa raz\u0131la\u015fmalar \u0259ld\u0259 etm\u0259k laz\u0131m g\u0259l\u0259c\u0259k &#8211; art\u0131q \u00fc\u00e7t\u0259r\u0259fli deyil, qanuni, beyn\u0259lxalq s\u0259viyy\u0259d\u0259.<\/p>\n\n\n\n<p>Burada \u201cyerli\u201d amil d\u0259 var: ke\u00e7id m\u0259nt\u0259q\u0259sinin qura\u015fd\u0131r\u0131lmas\u0131 Erm\u0259nistan\u0131n \u201cZ\u0259ng\u0259zur d\u0259hlizi\u201dn\u0259 eksterritorial rejim verm\u0259kd\u0259n imtina etm\u0259sin\u0259 Bak\u0131n\u0131n inand\u0131r\u0131c\u0131 olmayan cavab\u0131d\u0131r. Erm\u0259nistan-T\u00fcrkiy\u0259 s\u0259rh\u0259dind\u0259 Marqarada erm\u0259ni g\u00f6mr\u00fck m\u0259nt\u0259q\u0259sinin v\u0259 Teh k\u0259ndi yax\u0131nl\u0131\u011f\u0131nda erm\u0259ni n\u0259zar\u0259t-burax\u0131l\u0131\u015f m\u0259nt\u0259q\u0259sinin tikilm\u0259si Erm\u0259nistan\u0131n eksterritorial d\u0259hliz verm\u0259k niyy\u0259tind\u0259 olmad\u0131\u011f\u0131ndan x\u0259b\u0259r verir.<\/p>\n\n\n\n<p>Az\u0259rbaycan\u0131n r\u0259smi a\u00e7\u0131qlamalar\u0131nda ke\u00e7id m\u0259nt\u0259q\u0259sinin Rusiya kontingenti il\u0259 raz\u0131la\u015fd\u0131r\u0131laraq yarad\u0131ld\u0131\u011f\u0131 g\u00f6st\u0259rilir. Bak\u0131 bil\u0259r\u0259kd\u0259n v\u0259 ya bilm\u0259y\u0259r\u0259kd\u0259n Erm\u0259nistan t\u0259r\u0259finin Rusiyan\u0131n vasit\u0259\u00e7i monopoliyas\u0131ndan naraz\u0131l\u0131\u011f\u0131na s\u0259b\u0259b olaraq bunu vur\u011fulay\u0131r.<\/p>\n\n\n\n<p>Erm\u0259nistan Xarici \u0130\u015fl\u0259r Nazirliyi Rusiyadan m\u0259suliyy\u0259t t\u0259l\u0259b ed\u0259n b\u0259yanat yay\u0131b. Moskva t\u0259r\u0259find\u0259n d\u0259hlizin blokunu a\u00e7maq \u00fc\u00e7\u00fcn add\u0131mlar\u0131n olmamas\u0131 erm\u0259ni t\u0259r\u0259fl\u0259rin n\u00f6vb\u0259ti add\u0131m\u0131na \u2013 \u00e7oxmill\u0259tli s\u00fclhm\u0259raml\u0131 qo\u015funlar\u0131n yerl\u0259\u015fdirilm\u0259sini t\u0259l\u0259b ed\u0259n BMT v\u0259 dig\u0259r beyn\u0259lxalq qurumlara m\u00fcraci\u0259tin\u0259 s\u0259b\u0259b olmal\u0131d\u0131r.<\/p>\n\n\n\n<p>Bak\u0131, g\u00f6r\u00fcn\u00fcr, Yerevandan ba\u015fqa reaksiyalar g\u00f6zl\u0259yir. REAL Partiyas\u0131n\u0131n s\u0259dri \u0130lqar M\u0259mm\u0259dov hesab edir ki, \u201cbu hadis\u0259nin Yerevanda hakimiyy\u0259t d\u0259yi\u015fikliyin\u0259 g\u0259tirib \u00e7\u0131xarmayaca\u011f\u0131n\u0131 g\u00f6zl\u0259m\u0259k olar. \u018fg\u0259r yax\u0131n g\u0259l\u0259c\u0259kd\u0259 d\u00f6vl\u0259t \u00e7evrili\u015fi ba\u015f verm\u0259y\u0259c\u0259ks\u0259, o zaman tezlikl\u0259 s\u00fclh m\u00fcqavil\u0259sinin imzalanaca\u011f\u0131n\u0131 ehtimal etm\u0259k olar\u201d.<\/p>\n\n\n\n<p>\u0130nqilab olacaqm\u0131? Ba\u015f nazir Nikol Pa\u015finyan son bir ayda d\u0259f\u0259l\u0259rl\u0259 b\u0259yan edib ki, o, eskalasiyadan qa\u00e7maq m\u0259ntiqi il\u0259 h\u0259r\u0259k\u0259t edir v\u0259 s\u00fclh m\u00fcqavil\u0259si imzalama\u011fa haz\u0131rd\u0131r. B\u0259zi ekspertl\u0259r bu davran\u0131\u015f\u0131 T\u00fcrkiy\u0259d\u0259ki se\u00e7kil\u0259r v\u0259 Ukraynan\u0131n \u0259ks-h\u00fccumuna q\u0259d\u0259r vaxt qazanmaq c\u0259hdi kimi qiym\u0259tl\u0259ndirirl\u0259r.<\/p>\n\n\n\n<p>G\u00f6r\u00fcn\u0259n odur ki, Pa\u015finyan imkan daxilind\u0259 bel\u0259 taktikaya \u0259m\u0259l ed\u0259c\u0259k.<\/p>\n\n\n\n<p>Qaraba\u011fdak\u0131 v\u0259ziyy\u0259t\u0259 g\u0259linc\u0259, yol art\u0131q 4 ayd\u0131r ki, v\u0259t\u0259nda\u015flar, ticar\u0259t v\u0259 humanitar y\u00fckl\u0259r \u00fc\u00e7\u00fcn ba\u011fl\u0131d\u0131r. \u0130nsanlar\u0131n v\u0259 y\u00fckl\u0259rin avtomobil yolu il\u0259 da\u015f\u0131nmas\u0131 m\u00fcst\u0259sna olaraq Rusiya s\u00fclhm\u0259raml\u0131lar\u0131 v\u0259 BQXK vasit\u0259sil\u0259 h\u0259yata ke\u00e7irilir. Bu bax\u0131mdan, ke\u00e7id m\u0259nt\u0259q\u0259si qura\u015fd\u0131r\u0131ld\u0131qdan sonra he\u00e7 n\u0259 d\u0259yi\u015fm\u0259y\u0259c\u0259k. La\u00e7\u0131n yolunda \u201cekoloqlar\u0131n\u201d aksiyas\u0131 \u00f6z m\u0259nas\u0131n\u0131 itir\u0259c\u0259k, blokada \u201cqald\u0131r\u0131la\u201d bil\u0259r, lakin qaraba\u011fl\u0131lar \u00e7ox g\u00fcman ki, art\u0131q Az\u0259rbaycan ke\u00e7id m\u0259nt\u0259q\u0259sind\u0259n ke\u00e7m\u0259kl\u0259 d\u0259hlizl\u0259 h\u0259r\u0259k\u0259t etm\u0259kd\u0259n \u00e7\u0259kin\u0259c\u0259kl\u0259r.<\/p>\n\n\n\n<p>Onlar rus qo\u015funlar\u0131n\u0131n \u201cz\u0259man\u0259ti\u201d alt\u0131nda \u201cpasport rejimi\u201dnin n\u0259d\u0259n ibar\u0259t oldu\u011funu bilirl\u0259r. B\u00fct\u00fcn bunlarda t\u0259bii ki, siyasi faktor da var &#8211; ke\u00e7id m\u0259nt\u0259q\u0259sinin a\u00e7\u0131lmas\u0131 noyabr\u0131n 9-da \u00fc\u00e7t\u0259r\u0259fli b\u0259yanata son qoydu.<\/p>\n\n\n\n<p>Bundan sonra n\u0259 Erm\u0259nistan t\u0259r\u0259finin, n\u0259 d\u0259 Rusiya t\u0259r\u0259finin bu b\u0259yanat\u0131 status-kvonun \u0259sas\u0131 kimi g\u00f6st\u0259rm\u0259y\u0259 \u0259sas yoxdur. B\u00f6lg\u0259d\u0259 yenid\u0259n Tabula rasa h\u00f6km s\u00fcr\u00fcr \u2013 sual yeni status-kvonun m\u00fc\u0259llifinin kim olaca\u011f\u0131ndan ibar\u0259tdir\u201d.<\/p>\n\n\n\n<p class=\"has-text-align-center has-black-background-color has-background has-medium-font-size\"><strong><span style=\"color:#ffffff\" class=\"color\"><strong>Bizi izl\u0259yin<\/strong> \u00a0\u2013<\/span>\u00a0 <strong><a href=\"https:\/\/twitter.com\/CAMXbr?s=20&amp;t=ocvC6IWtMT41iogtIUDqSQ\" target=\"_blank\" rel=\"noreferrer noopener\"><mark style=\"background-color:rgba(0, 0, 0, 0);color:#00acee\" class=\"has-inline-color\">Twitter<\/mark><\/a><\/strong>\u00a0|\u00a0<strong><a href=\"https:\/\/www.facebook.com\/Jamnyus\" target=\"_blank\" rel=\"noreferrer noopener\"><mark style=\"background-color:rgba(0, 0, 0, 0);color:#4267b2\" class=\"has-inline-color\">Facebok<\/mark><\/a><\/strong><mark style=\"background-color:rgba(0, 0, 0, 0);color:#4267b2\" class=\"has-inline-color\">\u00a0<\/mark>|<strong> <\/strong><a href=\"https:\/\/t.me\/jamnewsaz\" target=\"_blank\" rel=\"noreferrer noopener\"><strong><mark style=\"background-color:rgba(0, 0, 0, 0);color:#0088cc\" class=\"has-inline-color\">Telegram<\/mark><\/strong><\/a><\/strong><\/p>\n","protected":false},"excerpt":{"rendered":"<p>Erm\u0259nistan t\u0259r\u0259finin fikrinc\u0259, ke\u00e7id m\u0259nt\u0259q\u0259sinin yarad\u0131lmas\u0131 \u00fc\u00e7t\u0259r\u0259fli sazi\u015fin t\u0259l\u0259bl\u0259rini pozur. Bak\u0131 is\u0259 bunu \u00f6z suveren h\u00fcququ hesab edir<\/p>\n","protected":false},"author":3,"featured_media":76459,"comment_status":"closed","ping_status":"closed","sticky":false,"template":"","format":"standard","meta":{"_acf_changed":false,"footnotes":""},"categories":[27,17,9,38,50,49,5],"tags":[],"formation":[],"post-author":[2888],"topic":[4951,4952,245,4954,40,5213,5985],"tooltip":[],"city":[6042],"class_list":["post-76470","post","type-post","status-publish","format-standard","has-post-thumbnail","hentry","category-ermnistan","category-azrbaycan","category-munaqislr","category-qarabag","category-xbrlr","category-srh","category-siyast","post-author-jamnews","topic-ermnistan","topic-azrbaycan","topic-azrbaycan-v-ermnistan","topic-qarabag","topic-qarabag-munaqissi","topic-qarabagda-hrbi-mliyyatlar-2020","topic-qarabag-uzr-uctrfli-byanat","city-baki-yerevan"],"acf":[],"yoast_head":"<!-- This site is optimized with the Yoast SEO plugin v24.1 - https:\/\/yoast.com\/wordpress\/plugins\/seo\/ -->\n<title>La\u00e7\u0131n yoluna NBM JAMnews<\/title>\n<meta name=\"description\" content=\"Az\u0259rbaycan La\u00e7\u0131n yolunda NBM qura\u015fd\u0131r\u0131b. Erm\u0259nistanda is\u0259 bu, \u00fc\u00e7t\u0259r\u0259fli b\u0259yanat\u0131n t\u0259l\u0259bl\u0259rinin kobud \u015f\u0259kild\u0259 pozulmas\u0131 kimi qiym\u0259tl\u0259ndirilib\" \/>\n<meta name=\"robots\" content=\"index, follow, max-snippet:-1, max-image-preview:large, max-video-preview:-1\" \/>\n<link rel=\"canonical\" href=\"https:\/\/jam-news.net\/az\/az\u0259rbaycan-lacin-yolunun-girisind\u0259-n\u0259zar\u0259t-buraxilis-m\u0259nt\u0259q\u0259si-qurasdirib-baki-v\u0259-yerevandan-m\u0259lumat-v\u0259-s\u0259rhl\u0259r\/\" \/>\n<meta property=\"og:locale\" content=\"az_AZ\" \/>\n<meta property=\"og:type\" content=\"article\" \/>\n<meta property=\"og:title\" content=\"Az\u0259rbaycan La\u00e7\u0131n yolunun giri\u015find\u0259 n\u0259zar\u0259t-burax\u0131l\u0131\u015f m\u0259nt\u0259q\u0259si qura\u015fd\u0131r\u0131b. Bak\u0131 v\u0259 Yerevandan m\u0259lumat v\u0259 \u015f\u0259rhl\u0259r\" \/>\n<meta property=\"og:description\" content=\"Az\u0259rbaycan La\u00e7\u0131n yolunda NBM qura\u015fd\u0131r\u0131b. Erm\u0259nistanda is\u0259 bu, \u00fc\u00e7t\u0259r\u0259fli b\u0259yanat\u0131n t\u0259l\u0259bl\u0259rinin kobud \u015f\u0259kild\u0259 pozulmas\u0131 kimi qiym\u0259tl\u0259ndirilib\" \/>\n<meta property=\"og:url\" content=\"https:\/\/jam-news.net\/az\/az\u0259rbaycan-lacin-yolunun-girisind\u0259-n\u0259zar\u0259t-buraxilis-m\u0259nt\u0259q\u0259si-qurasdirib-baki-v\u0259-yerevandan-m\u0259lumat-v\u0259-s\u0259rhl\u0259r\/\" \/>\n<meta property=\"og:site_name\" content=\"Azerbaijani Jamnews\" \/>\n<meta property=\"article:publisher\" content=\"https:\/\/www.facebook.com\/JAMnewsInEnglish\/\" \/>\n<meta property=\"article:published_time\" content=\"2023-04-24T16:27:33+00:00\" \/>\n<meta property=\"article:modified_time\" content=\"2023-04-24T16:28:05+00:00\" \/>\n<meta property=\"og:image\" content=\"https:\/\/jam-news.net\/app\/uploads\/2023\/04\/serhed1.jpg\" \/>\n\t<meta property=\"og:image:width\" content=\"1000\" \/>\n\t<meta property=\"og:image:height\" content=\"633\" \/>\n\t<meta property=\"og:image:type\" content=\"image\/jpeg\" \/>\n<meta name=\"author\" content=\"JAMnews\" \/>\n<meta name=\"twitter:card\" content=\"summary_large_image\" \/>\n<meta name=\"twitter:title\" content=\"Az\u0259rbaycan La\u00e7\u0131n yolunun giri\u015find\u0259 n\u0259zar\u0259t-burax\u0131l\u0131\u015f m\u0259nt\u0259q\u0259si qura\u015fd\u0131r\u0131b. Bak\u0131 v\u0259 Yerevandan m\u0259lumat v\u0259 \u015f\u0259rhl\u0259r\" \/>\n<meta name=\"twitter:creator\" content=\"@JAMnewsCaucasus\" \/>\n<meta name=\"twitter:site\" content=\"@JAMnewsCaucasus\" \/>\n<meta name=\"twitter:label1\" content=\"Written by\" \/>\n\t<meta name=\"twitter:data1\" content=\"JAMnews\" \/>\n\t<meta name=\"twitter:label2\" content=\"Est. reading time\" \/>\n\t<meta name=\"twitter:data2\" content=\"8 minutes\" \/>\n<script type=\"application\/ld+json\" class=\"yoast-schema-graph\">{\"@context\":\"https:\/\/schema.org\",\"@graph\":[{\"@type\":\"Article\",\"@id\":\"https:\/\/jam-news.net\/az\/az%c9%99rbaycan-lacin-yolunun-girisind%c9%99-n%c9%99zar%c9%99t-buraxilis-m%c9%99nt%c9%99q%c9%99si-qurasdirib-baki-v%c9%99-yerevandan-m%c9%99lumat-v%c9%99-s%c9%99rhl%c9%99r\/#article\",\"isPartOf\":{\"@id\":\"https:\/\/jam-news.net\/az\/az%c9%99rbaycan-lacin-yolunun-girisind%c9%99-n%c9%99zar%c9%99t-buraxilis-m%c9%99nt%c9%99q%c9%99si-qurasdirib-baki-v%c9%99-yerevandan-m%c9%99lumat-v%c9%99-s%c9%99rhl%c9%99r\/\"},\"author\":{\"name\":\"JAMnews\",\"@id\":\"https:\/\/jam-news.net\/az\/#\/schema\/person\/67df3bb7adb46cd513fb9c4cb02361c6\"},\"headline\":\"Az\u0259rbaycan La\u00e7\u0131n yolunun giri\u015find\u0259 n\u0259zar\u0259t-burax\u0131l\u0131\u015f m\u0259nt\u0259q\u0259si qura\u015fd\u0131r\u0131b. Bak\u0131 v\u0259 Yerevandan m\u0259lumat v\u0259 \u015f\u0259rhl\u0259r\",\"datePublished\":\"2023-04-24T16:27:33+00:00\",\"dateModified\":\"2023-04-24T16:28:05+00:00\",\"mainEntityOfPage\":{\"@id\":\"https:\/\/jam-news.net\/az\/az%c9%99rbaycan-lacin-yolunun-girisind%c9%99-n%c9%99zar%c9%99t-buraxilis-m%c9%99nt%c9%99q%c9%99si-qurasdirib-baki-v%c9%99-yerevandan-m%c9%99lumat-v%c9%99-s%c9%99rhl%c9%99r\/\"},\"wordCount\":2766,\"publisher\":{\"@id\":\"https:\/\/jam-news.net\/az\/#organization\"},\"image\":{\"@id\":\"https:\/\/jam-news.net\/az\/az%c9%99rbaycan-lacin-yolunun-girisind%c9%99-n%c9%99zar%c9%99t-buraxilis-m%c9%99nt%c9%99q%c9%99si-qurasdirib-baki-v%c9%99-yerevandan-m%c9%99lumat-v%c9%99-s%c9%99rhl%c9%99r\/#primaryimage\"},\"thumbnailUrl\":\"https:\/\/jam-news.net\/app\/uploads\/2023\/04\/serhed1.jpg\",\"articleSection\":[\"Armenia\",\"Azerbaijan\",\"Conflicts\",\"Nagorno-Karabakh\",\"News\",\"Opinion\",\"Politics\"],\"inLanguage\":\"az\"},{\"@type\":\"WebPage\",\"@id\":\"https:\/\/jam-news.net\/az\/az%c9%99rbaycan-lacin-yolunun-girisind%c9%99-n%c9%99zar%c9%99t-buraxilis-m%c9%99nt%c9%99q%c9%99si-qurasdirib-baki-v%c9%99-yerevandan-m%c9%99lumat-v%c9%99-s%c9%99rhl%c9%99r\/\",\"url\":\"https:\/\/jam-news.net\/az\/az%c9%99rbaycan-lacin-yolunun-girisind%c9%99-n%c9%99zar%c9%99t-buraxilis-m%c9%99nt%c9%99q%c9%99si-qurasdirib-baki-v%c9%99-yerevandan-m%c9%99lumat-v%c9%99-s%c9%99rhl%c9%99r\/\",\"name\":\"La\u00e7\u0131n yoluna NBM JAMnews\",\"isPartOf\":{\"@id\":\"https:\/\/jam-news.net\/az\/#website\"},\"primaryImageOfPage\":{\"@id\":\"https:\/\/jam-news.net\/az\/az%c9%99rbaycan-lacin-yolunun-girisind%c9%99-n%c9%99zar%c9%99t-buraxilis-m%c9%99nt%c9%99q%c9%99si-qurasdirib-baki-v%c9%99-yerevandan-m%c9%99lumat-v%c9%99-s%c9%99rhl%c9%99r\/#primaryimage\"},\"image\":{\"@id\":\"https:\/\/jam-news.net\/az\/az%c9%99rbaycan-lacin-yolunun-girisind%c9%99-n%c9%99zar%c9%99t-buraxilis-m%c9%99nt%c9%99q%c9%99si-qurasdirib-baki-v%c9%99-yerevandan-m%c9%99lumat-v%c9%99-s%c9%99rhl%c9%99r\/#primaryimage\"},\"thumbnailUrl\":\"https:\/\/jam-news.net\/app\/uploads\/2023\/04\/serhed1.jpg\",\"datePublished\":\"2023-04-24T16:27:33+00:00\",\"dateModified\":\"2023-04-24T16:28:05+00:00\",\"description\":\"Az\u0259rbaycan La\u00e7\u0131n yolunda NBM qura\u015fd\u0131r\u0131b. Erm\u0259nistanda is\u0259 bu, \u00fc\u00e7t\u0259r\u0259fli b\u0259yanat\u0131n t\u0259l\u0259bl\u0259rinin kobud \u015f\u0259kild\u0259 pozulmas\u0131 kimi qiym\u0259tl\u0259ndirilib\",\"breadcrumb\":{\"@id\":\"https:\/\/jam-news.net\/az\/az%c9%99rbaycan-lacin-yolunun-girisind%c9%99-n%c9%99zar%c9%99t-buraxilis-m%c9%99nt%c9%99q%c9%99si-qurasdirib-baki-v%c9%99-yerevandan-m%c9%99lumat-v%c9%99-s%c9%99rhl%c9%99r\/#breadcrumb\"},\"inLanguage\":\"az\",\"potentialAction\":[{\"@type\":\"ReadAction\",\"target\":[\"https:\/\/jam-news.net\/az\/az%c9%99rbaycan-lacin-yolunun-girisind%c9%99-n%c9%99zar%c9%99t-buraxilis-m%c9%99nt%c9%99q%c9%99si-qurasdirib-baki-v%c9%99-yerevandan-m%c9%99lumat-v%c9%99-s%c9%99rhl%c9%99r\/\"]}]},{\"@type\":\"ImageObject\",\"inLanguage\":\"az\",\"@id\":\"https:\/\/jam-news.net\/az\/az%c9%99rbaycan-lacin-yolunun-girisind%c9%99-n%c9%99zar%c9%99t-buraxilis-m%c9%99nt%c9%99q%c9%99si-qurasdirib-baki-v%c9%99-yerevandan-m%c9%99lumat-v%c9%99-s%c9%99rhl%c9%99r\/#primaryimage\",\"url\":\"https:\/\/jam-news.net\/app\/uploads\/2023\/04\/serhed1.jpg\",\"contentUrl\":\"https:\/\/jam-news.net\/app\/uploads\/2023\/04\/serhed1.jpg\",\"width\":1000,\"height\":633},{\"@type\":\"BreadcrumbList\",\"@id\":\"https:\/\/jam-news.net\/az\/az%c9%99rbaycan-lacin-yolunun-girisind%c9%99-n%c9%99zar%c9%99t-buraxilis-m%c9%99nt%c9%99q%c9%99si-qurasdirib-baki-v%c9%99-yerevandan-m%c9%99lumat-v%c9%99-s%c9%99rhl%c9%99r\/#breadcrumb\",\"itemListElement\":[{\"@type\":\"ListItem\",\"position\":1,\"name\":\"Home\",\"item\":\"https:\/\/jam-news.net\/az\/\"},{\"@type\":\"ListItem\",\"position\":2,\"name\":\"Az\u0259rbaycan La\u00e7\u0131n yolunun giri\u015find\u0259 n\u0259zar\u0259t-burax\u0131l\u0131\u015f m\u0259nt\u0259q\u0259si qura\u015fd\u0131r\u0131b. Bak\u0131 v\u0259 Yerevandan m\u0259lumat v\u0259 \u015f\u0259rhl\u0259r\"}]},{\"@type\":\"WebSite\",\"@id\":\"https:\/\/jam-news.net\/az\/#website\",\"url\":\"https:\/\/jam-news.net\/az\/\",\"name\":\"Azerbaijani Jamnews\",\"description\":\"Caucasus News, Politics and Society\",\"publisher\":{\"@id\":\"https:\/\/jam-news.net\/az\/#organization\"},\"potentialAction\":[{\"@type\":\"SearchAction\",\"target\":{\"@type\":\"EntryPoint\",\"urlTemplate\":\"https:\/\/jam-news.net\/az\/?s={search_term_string}\"},\"query-input\":{\"@type\":\"PropertyValueSpecification\",\"valueRequired\":true,\"valueName\":\"search_term_string\"}}],\"inLanguage\":\"az\"},{\"@type\":\"Organization\",\"@id\":\"https:\/\/jam-news.net\/az\/#organization\",\"name\":\"JAMnews\",\"url\":\"https:\/\/jam-news.net\/az\/\",\"logo\":{\"@type\":\"ImageObject\",\"inLanguage\":\"az\",\"@id\":\"https:\/\/jam-news.net\/az\/#\/schema\/logo\/image\/\",\"url\":\"https:\/\/jam-news.net\/app\/uploads\/2020\/05\/JAM_w.jpg\",\"contentUrl\":\"https:\/\/jam-news.net\/app\/uploads\/2020\/05\/JAM_w.jpg\",\"width\":960,\"height\":960,\"caption\":\"JAMnews\"},\"image\":{\"@id\":\"https:\/\/jam-news.net\/az\/#\/schema\/logo\/image\/\"},\"sameAs\":[\"https:\/\/www.facebook.com\/JAMnewsInEnglish\/\",\"https:\/\/x.com\/JAMnewsCaucasus\",\"https:\/\/www.instagram.com\/jam_news\/\",\"https:\/\/www.youtube.com\/channel\/UCXQbUCme2pykuZYXWHx4VPg\"]},{\"@type\":\"Person\",\"@id\":\"https:\/\/jam-news.net\/az\/#\/schema\/person\/67df3bb7adb46cd513fb9c4cb02361c6\",\"name\":\"JAMnews\",\"image\":{\"@type\":\"ImageObject\",\"inLanguage\":\"az\",\"@id\":\"https:\/\/jam-news.net\/az\/#\/schema\/person\/image\/\",\"url\":\"https:\/\/secure.gravatar.com\/avatar\/e5c27593ef900c3ab3deed4ed1c653d7?s=96&d=mm&r=g\",\"contentUrl\":\"https:\/\/secure.gravatar.com\/avatar\/e5c27593ef900c3ab3deed4ed1c653d7?s=96&d=mm&r=g\",\"caption\":\"JAMnews\"},\"url\":\"https:\/\/jam-news.net\/az\/author\/margarita\/\"}]}<\/script>\n<!-- \/ Yoast SEO plugin. -->","yoast_head_json":{"title":"La\u00e7\u0131n yoluna NBM JAMnews","description":"Az\u0259rbaycan La\u00e7\u0131n yolunda NBM qura\u015fd\u0131r\u0131b. Erm\u0259nistanda is\u0259 bu, \u00fc\u00e7t\u0259r\u0259fli b\u0259yanat\u0131n t\u0259l\u0259bl\u0259rinin kobud \u015f\u0259kild\u0259 pozulmas\u0131 kimi qiym\u0259tl\u0259ndirilib","robots":{"index":"index","follow":"follow","max-snippet":"max-snippet:-1","max-image-preview":"max-image-preview:large","max-video-preview":"max-video-preview:-1"},"canonical":"https:\/\/jam-news.net\/az\/az\u0259rbaycan-lacin-yolunun-girisind\u0259-n\u0259zar\u0259t-buraxilis-m\u0259nt\u0259q\u0259si-qurasdirib-baki-v\u0259-yerevandan-m\u0259lumat-v\u0259-s\u0259rhl\u0259r\/","og_locale":"az_AZ","og_type":"article","og_title":"Az\u0259rbaycan La\u00e7\u0131n yolunun giri\u015find\u0259 n\u0259zar\u0259t-burax\u0131l\u0131\u015f m\u0259nt\u0259q\u0259si qura\u015fd\u0131r\u0131b. Bak\u0131 v\u0259 Yerevandan m\u0259lumat v\u0259 \u015f\u0259rhl\u0259r","og_description":"Az\u0259rbaycan La\u00e7\u0131n yolunda NBM qura\u015fd\u0131r\u0131b. Erm\u0259nistanda is\u0259 bu, \u00fc\u00e7t\u0259r\u0259fli b\u0259yanat\u0131n t\u0259l\u0259bl\u0259rinin kobud \u015f\u0259kild\u0259 pozulmas\u0131 kimi qiym\u0259tl\u0259ndirilib","og_url":"https:\/\/jam-news.net\/az\/az\u0259rbaycan-lacin-yolunun-girisind\u0259-n\u0259zar\u0259t-buraxilis-m\u0259nt\u0259q\u0259si-qurasdirib-baki-v\u0259-yerevandan-m\u0259lumat-v\u0259-s\u0259rhl\u0259r\/","og_site_name":"Azerbaijani Jamnews","article_publisher":"https:\/\/www.facebook.com\/JAMnewsInEnglish\/","article_published_time":"2023-04-24T16:27:33+00:00","article_modified_time":"2023-04-24T16:28:05+00:00","og_image":[{"width":1000,"height":633,"url":"https:\/\/jam-news.net\/app\/uploads\/2023\/04\/serhed1.jpg","type":"image\/jpeg"}],"author":"JAMnews","twitter_card":"summary_large_image","twitter_title":"Az\u0259rbaycan La\u00e7\u0131n yolunun giri\u015find\u0259 n\u0259zar\u0259t-burax\u0131l\u0131\u015f m\u0259nt\u0259q\u0259si qura\u015fd\u0131r\u0131b. Bak\u0131 v\u0259 Yerevandan m\u0259lumat v\u0259 \u015f\u0259rhl\u0259r","twitter_creator":"@JAMnewsCaucasus","twitter_site":"@JAMnewsCaucasus","twitter_misc":{"Written by":"JAMnews","Est. reading time":"8 minutes"},"schema":{"@context":"https:\/\/schema.org","@graph":[{"@type":"Article","@id":"https:\/\/jam-news.net\/az\/az%c9%99rbaycan-lacin-yolunun-girisind%c9%99-n%c9%99zar%c9%99t-buraxilis-m%c9%99nt%c9%99q%c9%99si-qurasdirib-baki-v%c9%99-yerevandan-m%c9%99lumat-v%c9%99-s%c9%99rhl%c9%99r\/#article","isPartOf":{"@id":"https:\/\/jam-news.net\/az\/az%c9%99rbaycan-lacin-yolunun-girisind%c9%99-n%c9%99zar%c9%99t-buraxilis-m%c9%99nt%c9%99q%c9%99si-qurasdirib-baki-v%c9%99-yerevandan-m%c9%99lumat-v%c9%99-s%c9%99rhl%c9%99r\/"},"author":{"name":"JAMnews","@id":"https:\/\/jam-news.net\/az\/#\/schema\/person\/67df3bb7adb46cd513fb9c4cb02361c6"},"headline":"Az\u0259rbaycan La\u00e7\u0131n yolunun giri\u015find\u0259 n\u0259zar\u0259t-burax\u0131l\u0131\u015f m\u0259nt\u0259q\u0259si qura\u015fd\u0131r\u0131b. Bak\u0131 v\u0259 Yerevandan m\u0259lumat v\u0259 \u015f\u0259rhl\u0259r","datePublished":"2023-04-24T16:27:33+00:00","dateModified":"2023-04-24T16:28:05+00:00","mainEntityOfPage":{"@id":"https:\/\/jam-news.net\/az\/az%c9%99rbaycan-lacin-yolunun-girisind%c9%99-n%c9%99zar%c9%99t-buraxilis-m%c9%99nt%c9%99q%c9%99si-qurasdirib-baki-v%c9%99-yerevandan-m%c9%99lumat-v%c9%99-s%c9%99rhl%c9%99r\/"},"wordCount":2766,"publisher":{"@id":"https:\/\/jam-news.net\/az\/#organization"},"image":{"@id":"https:\/\/jam-news.net\/az\/az%c9%99rbaycan-lacin-yolunun-girisind%c9%99-n%c9%99zar%c9%99t-buraxilis-m%c9%99nt%c9%99q%c9%99si-qurasdirib-baki-v%c9%99-yerevandan-m%c9%99lumat-v%c9%99-s%c9%99rhl%c9%99r\/#primaryimage"},"thumbnailUrl":"https:\/\/jam-news.net\/app\/uploads\/2023\/04\/serhed1.jpg","articleSection":["Armenia","Azerbaijan","Conflicts","Nagorno-Karabakh","News","Opinion","Politics"],"inLanguage":"az"},{"@type":"WebPage","@id":"https:\/\/jam-news.net\/az\/az%c9%99rbaycan-lacin-yolunun-girisind%c9%99-n%c9%99zar%c9%99t-buraxilis-m%c9%99nt%c9%99q%c9%99si-qurasdirib-baki-v%c9%99-yerevandan-m%c9%99lumat-v%c9%99-s%c9%99rhl%c9%99r\/","url":"https:\/\/jam-news.net\/az\/az%c9%99rbaycan-lacin-yolunun-girisind%c9%99-n%c9%99zar%c9%99t-buraxilis-m%c9%99nt%c9%99q%c9%99si-qurasdirib-baki-v%c9%99-yerevandan-m%c9%99lumat-v%c9%99-s%c9%99rhl%c9%99r\/","name":"La\u00e7\u0131n yoluna NBM JAMnews","isPartOf":{"@id":"https:\/\/jam-news.net\/az\/#website"},"primaryImageOfPage":{"@id":"https:\/\/jam-news.net\/az\/az%c9%99rbaycan-lacin-yolunun-girisind%c9%99-n%c9%99zar%c9%99t-buraxilis-m%c9%99nt%c9%99q%c9%99si-qurasdirib-baki-v%c9%99-yerevandan-m%c9%99lumat-v%c9%99-s%c9%99rhl%c9%99r\/#primaryimage"},"image":{"@id":"https:\/\/jam-news.net\/az\/az%c9%99rbaycan-lacin-yolunun-girisind%c9%99-n%c9%99zar%c9%99t-buraxilis-m%c9%99nt%c9%99q%c9%99si-qurasdirib-baki-v%c9%99-yerevandan-m%c9%99lumat-v%c9%99-s%c9%99rhl%c9%99r\/#primaryimage"},"thumbnailUrl":"https:\/\/jam-news.net\/app\/uploads\/2023\/04\/serhed1.jpg","datePublished":"2023-04-24T16:27:33+00:00","dateModified":"2023-04-24T16:28:05+00:00","description":"Az\u0259rbaycan La\u00e7\u0131n yolunda NBM qura\u015fd\u0131r\u0131b. Erm\u0259nistanda is\u0259 bu, \u00fc\u00e7t\u0259r\u0259fli b\u0259yanat\u0131n t\u0259l\u0259bl\u0259rinin kobud \u015f\u0259kild\u0259 pozulmas\u0131 kimi qiym\u0259tl\u0259ndirilib","breadcrumb":{"@id":"https:\/\/jam-news.net\/az\/az%c9%99rbaycan-lacin-yolunun-girisind%c9%99-n%c9%99zar%c9%99t-buraxilis-m%c9%99nt%c9%99q%c9%99si-qurasdirib-baki-v%c9%99-yerevandan-m%c9%99lumat-v%c9%99-s%c9%99rhl%c9%99r\/#breadcrumb"},"inLanguage":"az","potentialAction":[{"@type":"ReadAction","target":["https:\/\/jam-news.net\/az\/az%c9%99rbaycan-lacin-yolunun-girisind%c9%99-n%c9%99zar%c9%99t-buraxilis-m%c9%99nt%c9%99q%c9%99si-qurasdirib-baki-v%c9%99-yerevandan-m%c9%99lumat-v%c9%99-s%c9%99rhl%c9%99r\/"]}]},{"@type":"ImageObject","inLanguage":"az","@id":"https:\/\/jam-news.net\/az\/az%c9%99rbaycan-lacin-yolunun-girisind%c9%99-n%c9%99zar%c9%99t-buraxilis-m%c9%99nt%c9%99q%c9%99si-qurasdirib-baki-v%c9%99-yerevandan-m%c9%99lumat-v%c9%99-s%c9%99rhl%c9%99r\/#primaryimage","url":"https:\/\/jam-news.net\/app\/uploads\/2023\/04\/serhed1.jpg","contentUrl":"https:\/\/jam-news.net\/app\/uploads\/2023\/04\/serhed1.jpg","width":1000,"height":633},{"@type":"BreadcrumbList","@id":"https:\/\/jam-news.net\/az\/az%c9%99rbaycan-lacin-yolunun-girisind%c9%99-n%c9%99zar%c9%99t-buraxilis-m%c9%99nt%c9%99q%c9%99si-qurasdirib-baki-v%c9%99-yerevandan-m%c9%99lumat-v%c9%99-s%c9%99rhl%c9%99r\/#breadcrumb","itemListElement":[{"@type":"ListItem","position":1,"name":"Home","item":"https:\/\/jam-news.net\/az\/"},{"@type":"ListItem","position":2,"name":"Az\u0259rbaycan La\u00e7\u0131n yolunun giri\u015find\u0259 n\u0259zar\u0259t-burax\u0131l\u0131\u015f m\u0259nt\u0259q\u0259si qura\u015fd\u0131r\u0131b. Bak\u0131 v\u0259 Yerevandan m\u0259lumat v\u0259 \u015f\u0259rhl\u0259r"}]},{"@type":"WebSite","@id":"https:\/\/jam-news.net\/az\/#website","url":"https:\/\/jam-news.net\/az\/","name":"Azerbaijani Jamnews","description":"Caucasus News, Politics and Society","publisher":{"@id":"https:\/\/jam-news.net\/az\/#organization"},"potentialAction":[{"@type":"SearchAction","target":{"@type":"EntryPoint","urlTemplate":"https:\/\/jam-news.net\/az\/?s={search_term_string}"},"query-input":{"@type":"PropertyValueSpecification","valueRequired":true,"valueName":"search_term_string"}}],"inLanguage":"az"},{"@type":"Organization","@id":"https:\/\/jam-news.net\/az\/#organization","name":"JAMnews","url":"https:\/\/jam-news.net\/az\/","logo":{"@type":"ImageObject","inLanguage":"az","@id":"https:\/\/jam-news.net\/az\/#\/schema\/logo\/image\/","url":"https:\/\/jam-news.net\/app\/uploads\/2020\/05\/JAM_w.jpg","contentUrl":"https:\/\/jam-news.net\/app\/uploads\/2020\/05\/JAM_w.jpg","width":960,"height":960,"caption":"JAMnews"},"image":{"@id":"https:\/\/jam-news.net\/az\/#\/schema\/logo\/image\/"},"sameAs":["https:\/\/www.facebook.com\/JAMnewsInEnglish\/","https:\/\/x.com\/JAMnewsCaucasus","https:\/\/www.instagram.com\/jam_news\/","https:\/\/www.youtube.com\/channel\/UCXQbUCme2pykuZYXWHx4VPg"]},{"@type":"Person","@id":"https:\/\/jam-news.net\/az\/#\/schema\/person\/67df3bb7adb46cd513fb9c4cb02361c6","name":"JAMnews","image":{"@type":"ImageObject","inLanguage":"az","@id":"https:\/\/jam-news.net\/az\/#\/schema\/person\/image\/","url":"https:\/\/secure.gravatar.com\/avatar\/e5c27593ef900c3ab3deed4ed1c653d7?s=96&d=mm&r=g","contentUrl":"https:\/\/secure.gravatar.com\/avatar\/e5c27593ef900c3ab3deed4ed1c653d7?s=96&d=mm&r=g","caption":"JAMnews"},"url":"https:\/\/jam-news.net\/az\/author\/margarita\/"}]}},"_links":{"self":[{"href":"https:\/\/jam-news.net\/az\/wp-json\/wp\/v2\/posts\/76470","targetHints":{"allow":["GET"]}}],"collection":[{"href":"https:\/\/jam-news.net\/az\/wp-json\/wp\/v2\/posts"}],"about":[{"href":"https:\/\/jam-news.net\/az\/wp-json\/wp\/v2\/types\/post"}],"author":[{"embeddable":true,"href":"https:\/\/jam-news.net\/az\/wp-json\/wp\/v2\/users\/3"}],"replies":[{"embeddable":true,"href":"https:\/\/jam-news.net\/az\/wp-json\/wp\/v2\/comments?post=76470"}],"version-history":[{"count":3,"href":"https:\/\/jam-news.net\/az\/wp-json\/wp\/v2\/posts\/76470\/revisions"}],"predecessor-version":[{"id":76480,"href":"https:\/\/jam-news.net\/az\/wp-json\/wp\/v2\/posts\/76470\/revisions\/76480"}],"wp:featuredmedia":[{"embeddable":true,"href":"https:\/\/jam-news.net\/az\/wp-json\/wp\/v2\/media\/76459"}],"wp:attachment":[{"href":"https:\/\/jam-news.net\/az\/wp-json\/wp\/v2\/media?parent=76470"}],"wp:term":[{"taxonomy":"category","embeddable":true,"href":"https:\/\/jam-news.net\/az\/wp-json\/wp\/v2\/categories?post=76470"},{"taxonomy":"post_tag","embeddable":true,"href":"https:\/\/jam-news.net\/az\/wp-json\/wp\/v2\/tags?post=76470"},{"taxonomy":"formation","embeddable":true,"href":"https:\/\/jam-news.net\/az\/wp-json\/wp\/v2\/formation?post=76470"},{"taxonomy":"post-author","embeddable":true,"href":"https:\/\/jam-news.net\/az\/wp-json\/wp\/v2\/post-author?post=76470"},{"taxonomy":"topic","embeddable":true,"href":"https:\/\/jam-news.net\/az\/wp-json\/wp\/v2\/topic?post=76470"},{"taxonomy":"tooltip","embeddable":true,"href":"https:\/\/jam-news.net\/az\/wp-json\/wp\/v2\/tooltip?post=76470"},{"taxonomy":"city","embeddable":true,"href":"https:\/\/jam-news.net\/az\/wp-json\/wp\/v2\/city?post=76470"}],"curies":[{"name":"wp","href":"https:\/\/api.w.org\/{rel}","templated":true}]}}