{"id":75822,"date":"2023-04-09T14:07:00","date_gmt":"2023-04-09T10:07:00","guid":{"rendered":"https:\/\/jam-news.net\/az\/?p=75822"},"modified":"2023-04-10T14:13:54","modified_gmt":"2023-04-10T10:13:54","slug":"perronda-albali-kababi","status":"publish","type":"post","link":"https:\/\/jam-news.net\/az\/perronda-albali-kababi\/","title":{"rendered":"Perronda &#8220;albal\u0131 kabab\u0131&#8221;"},"content":{"rendered":"\n<p><em><span class=\"is-font-size-14\">Mincivan xatir\u0259l\u0259ri<\/span><\/em><\/p>\n\n\n\n<p>Sovet d\u00f6vr\u00fcnd\u0259 Az\u0259rbaycan\u0131n Z\u0259ngilan rayonunun Mincivan d\u0259mir yolu q\u0259s\u0259b\u0259si Bak\u0131dan Yerevana v\u0259 Nora\u015fen\u0259, Moskvadan Tehrana qatarlar\u0131n h\u0259r\u0259k\u0259t etdiyi n\u0259qliyyat qov\u015fa\u011f\u0131 idi. V\u0259fa F\u0259r\u0259c\u0259van\u0131n u\u015faql\u0131\u011f\u0131 v\u0259 yeniyetm\u0259liyi bu k\u0259ndd\u0259 ke\u00e7ib. Daha sonra, 1993-c\u00fc ild\u0259 birinci Qaraba\u011f m\u00fcharib\u0259si zaman\u0131 k\u0259nd Erm\u0259nistan\u0131n n\u0259zar\u0259tin\u0259 ke\u00e7\u0259nd\u0259n sonra onlar\u0131n ail\u0259si k\u00f6\u00e7k\u00fcn d\u00fc\u015f\u00fcb. \u0130ndi, 29 il sonra, o, \u00fcmid edir ki, Mincevana qay\u0131a bil\u0259c\u0259k, lakin he\u00e7 kim onun v\u0259 yax\u0131nlar\u0131n\u0131n bu \u00fcmidinin n\u0259 vaxt reall\u0131\u011fa \u00e7evril\u0259c\u0259yini bilmir.<\/p>\n\n\n\n<p>\u201c\u018fslind\u0259, alt\u0131 ya\u015f\u0131ma kimi n\u0259n\u0259ml\u0259 Ming\u0259\u00e7evird\u0259 ya\u015fam\u0131\u015fam, m\u0259kt\u0259b\u0259 getm\u0259k vaxt\u0131 g\u0259l\u0259nd\u0259 is\u0259 Mincivana valideynl\u0259rimin yan\u0131na qay\u0131tm\u0131\u015fam. M\u0259n d\u0259rhal bu yer\u0259 a\u015fiq olmu\u015fdum. \u00c7ox mehriban bir q\u0259s\u0259b\u0259miz var idi. Ham\u0131s\u0131 bir-biri il\u0259 yax\u0131ndan-uzaqdan qohum idi. Kimin q\u0131z\u0131 v\u0259 ya n\u0259v\u0259si oldu\u011fumu s\u00f6yl\u0259m\u0259r yetirdi ki, &#8220;dem\u0259li, biz qohumuq!&#8221; cavab\u0131n\u0131 al\u0131m.<\/p>\n\n\n\n<p>Yad\u0131mdad\u0131r, u\u015faq vaxt\u0131 tez-tez qatarlar\u0131 qar\u015f\u0131lamaq \u00fc\u00e7\u00fcn stansiyaya gedirdik. \u00c7\u00fcnki platformalarda budaqlara sanc\u0131lm\u0131\u015f albal\u0131 v\u0259 gilas sat\u0131rd\u0131lar. N\u0259n\u0259 v\u0259 babam\u0131n ba\u011flar\u0131nda bu meyv\u0259l\u0259rd\u0259n dolu idi, amma biz va\u011fzalda sat\u0131lan bu x\u00fcsusi \u201calbal\u0131 kabab\u0131\u201dndan \u00f6tr\u00fc \u00fcr\u0259yimiz gedirdi.<\/p>\n\n\n\n<figure class=\"wp-block-image size-large is-resized\"><img loading=\"lazy\" decoding=\"async\" src=\"https:\/\/jam-news.net\/app\/uploads\/2023\/04\/image-2-1024x601.png\" alt=\"\" class=\"wp-image-75823\" width=\"840\" height=\"493\" srcset=\"https:\/\/jam-news.net\/app\/uploads\/2023\/04\/image-2-1024x601.png 1024w, https:\/\/jam-news.net\/app\/uploads\/2023\/04\/image-2-300x176.png 300w, https:\/\/jam-news.net\/app\/uploads\/2023\/04\/image-2-768x451.png 768w, https:\/\/jam-news.net\/app\/uploads\/2023\/04\/image-2.png 1536w\" sizes=\"auto, (max-width: 840px) 100vw, 840px\" \/><figcaption>Mincivan d\u0259miryolu va\u011fzal\u0131, 2020. Foto: Az\u0259rTac<\/figcaption><\/figure>\n\n\n\n<p>Sinfimiz d\u0259 yax\u015f\u0131 idi, biz h\u0259l\u0259 d\u0259 u\u015faqlarla \u0259laq\u0259 saxlay\u0131r\u0131q. M\u0259kt\u0259bi art\u0131q 90-c\u0131 ill\u0259rin \u0259vv\u0259ll\u0259rind\u0259, birinci Qaraba\u011f m\u00fcharib\u0259si ba\u015flayandan sonra bitirs\u0259k d\u0259, hans\u0131sa m\u00f6c\u00fcz\u0259 n\u0259tic\u0259sind\u0259 ham\u0131m\u0131z ali t\u0259hsil ala bildik. M\u00fcharib\u0259 h\u0259l\u0259 k\u0259ndimiz\u0259 yax\u0131nla\u015fmasa da, vaxta\u015f\u0131r\u0131 at\u0131rd\u0131lar, valideynl\u0259rimiz d\u0259 bizi, u\u015faqlar\u0131 t\u0259hl\u00fck\u0259siz yer\u0259 &#8211; ba\u015fqa yerl\u0259rd\u0259 ya\u015fayan qohumlar\u0131n yan\u0131na g\u00f6nd\u0259rirdil\u0259r. Ona g\u00f6r\u0259 d\u0259 d\u0259rsl\u0259ri \u00e7ox burax\u0131rd\u0131q.<\/p>\n\n\n\n<p>Valideynl\u0259rim d\u0259miryol m\u0259kt\u0259bind\u0259 d\u0259rs dedikl\u0259ri \u00fc\u00e7\u00fcn D\u0259mir Yolu \u0130dar\u0259si ail\u0259miz\u0259 Mincivanda \u00fc\u00e7otaql\u0131 yeni m\u0259nzil vermi\u015fdi, son bir ne\u00e7\u0259 ili ail\u0259miz o evd\u0259 ya\u015fad\u0131. O vaxtk\u0131 \u0259n\u0259n\u0259l\u0259r\u0259 uy\u011fun olaraq valideynl\u0259rim d\u0259 bir ne\u00e7\u0259 il m\u0259nzil n\u00f6vb\u0259sind\u0259 g\u00f6zl\u0259mi\u015fdil\u0259r v\u0259 1988-ci ild\u0259, n\u0259hay\u0259t, biz\u0259 m\u0259nzil verildi. T\u0259mir edildi, ham\u0131s\u0131 yerli-yerind\u0259. Dekabrda k\u00f6\u00e7d\u00fck, valideynl\u0259rimizin h\u0259mkarlar\u0131n\u0131n da qat\u0131ld\u0131\u011f\u0131 bir m\u0259clis t\u0259\u015fkil etdik. Amma bayram\u0131n ortas\u0131nda telefon z\u0259ng \u00e7ald\u0131, anam telefonu g\u00f6t\u00fcr\u0259nd\u0259n sonra \u00fcz\u00fcn\u00fcn ifad\u0259si d\u0259yi\u015fdi. Sonra o, ham\u0131ya elan etdi ki, Erm\u0259nistandan g\u0259l\u0259n az\u0259rbaycanl\u0131 qa\u00e7q\u0131nlar\u0131 qar\u015f\u0131lamaq \u00fc\u00e7\u00fcn t\u0259cili stansiyaya getm\u0259lidirl\u0259r.<\/p>\n\n\n\n<p>Va\u011fzalda b\u00fct\u00fcn yolu y\u00fck vaqonlar\u0131nda g\u0259l\u0259n yor\u011fun, \u0259ld\u0259n d\u00fc\u015fm\u00fc\u015f insan k\u00fctl\u0259l\u0259rini g\u00f6rd\u00fck. B\u00f6y\u00fckl\u0259rimiz bu insanlar\u0131 yedizdirib, dinc\u0259ldib, sonra da Bak\u0131ya ged\u0259n ba\u015fqa qatarlarla yola sald\u0131lar. Bir ne\u00e7\u0259 ail\u0259 bir m\u00fcdd\u0259t k\u0259ndimizd\u0259ki ibtidai m\u0259kt\u0259bin binas\u0131nda qald\u0131.<\/p>\n\n\n\n<figure class=\"wp-block-image size-large\"><img loading=\"lazy\" decoding=\"async\" width=\"1024\" height=\"475\" src=\"https:\/\/jam-news.net\/app\/uploads\/2023\/04\/image-3-1024x475.png\" alt=\"\" class=\"wp-image-75828\" srcset=\"https:\/\/jam-news.net\/app\/uploads\/2023\/04\/image-3-1024x475.png 1024w, https:\/\/jam-news.net\/app\/uploads\/2023\/04\/image-3-300x139.png 300w, https:\/\/jam-news.net\/app\/uploads\/2023\/04\/image-3-768x356.png 768w, https:\/\/jam-news.net\/app\/uploads\/2023\/04\/image-3.png 1536w\" sizes=\"auto, (max-width: 1024px) 100vw, 1024px\" \/><figcaption>Mincivan m\u0259kt\u0259bi, 2020. Foto: Az\u0259rTac<\/figcaption><\/figure>\n\n\n\n<p>Be\u015f il sonra biz \u00f6z\u00fcm\u00fcz d\u0259 i\u00e7i dolu m\u0259nziliimizi \u00f6z\u00fcm\u00fczl\u0259 he\u00e7 n\u0259 g\u00f6t\u00fcrm\u0259d\u0259n t\u0259rk edib qa\u00e7d\u0131q. Daha do\u011frusu, bz yox, ail\u0259m &#8211; m\u0259n \u00f6z\u00fcm o vaxt orta m\u0259kt\u0259bi bitirmi\u015fdim v\u0259 q\u0259bul imtahanlar\u0131ndan sonra Ming\u0259\u00e7evir\u0259 n\u0259n\u0259min yan\u0131na getmi\u015fdim. Orada olark\u0259n televiziyadan e\u015fitdim ki, Z\u0259ngilan i\u015f\u011fal olunub, dinc \u0259hali Araz \u00e7ay\u0131 il\u0259 \u0130rana k\u00f6\u00e7\u00fcr\u00fcl\u00fcb, b\u0259zil\u0259ri \u00e7ayda bo\u011fulub. Onda m\u0259n g\u00fccl\u00fc sars\u0131nt\u0131 ke\u00e7irdim, h\u0259tta yadda\u015f\u0131m\u0131 qism\u0259t itirdim.  Do\u011fmalar\u0131m \u00fc\u00e7\u00fcn \u00e7ox qorxdum. Amma xo\u015fb\u0259xtlikd\u0259n anam, qarda\u015f\u0131m v\u0259 bac\u0131m sa\u011f-salamat idil\u0259r.<\/p>\n\n\n\n<p>Ail\u0259miz \u00fc\u00e7\u00fcn m\u0259cburi k\u00f6\u00e7k\u00fcn h\u0259yat\u0131 bel\u0259 ba\u015flad\u0131, daha sonra 22 ili Bak\u0131da pe\u015f\u0259 m\u0259kt\u0259bl\u0259rind\u0259n birinin zirz\u0259misind\u0259 ya\u015fad\u0131q. M\u0259murlar g\u0259lib bax\u0131rd\u0131lar, bel\u0259 \u015f\u0259raitd\u0259 ya\u015fama\u011f\u0131n m\u00fcmk\u00fcn olmad\u0131\u011f\u0131n\u0131 deyirdil\u0259r v\u0259 gedirdil\u0259r. Ancaq 2018-ci ild\u0259 biz\u0259 n\u0259hay\u0259t ki, m\u0259nzil verildi. El\u0259 indi m\u0259n, anam, qarda\u015f\u0131m, arvad\u0131 v\u0259 iki u\u015fa\u011f\u0131 il\u0259 birlikd\u0259 h\u0259min m\u0259nzild\u0259 ya\u015fay\u0131r\u0131q.<\/p>\n\n\n\n<figure class=\"wp-block-image size-large\"><img loading=\"lazy\" decoding=\"async\" width=\"1024\" height=\"617\" src=\"https:\/\/jam-news.net\/app\/uploads\/2023\/04\/image-4-1024x617.png\" alt=\"\" class=\"wp-image-75841\" srcset=\"https:\/\/jam-news.net\/app\/uploads\/2023\/04\/image-4-1024x617.png 1024w, https:\/\/jam-news.net\/app\/uploads\/2023\/04\/image-4-300x181.png 300w, https:\/\/jam-news.net\/app\/uploads\/2023\/04\/image-4-768x463.png 768w, https:\/\/jam-news.net\/app\/uploads\/2023\/04\/image-4.png 1536w\" sizes=\"auto, (max-width: 1024px) 100vw, 1024px\" \/><figcaption>Mincivanda f\u0259rdi evl\u0259r, 2020. Foto: Az\u0259rtac<\/figcaption><\/figure>\n\n\n\n<p>2021-ci ilin yanvar\u0131nda Az\u0259rbaycan telekanallar\u0131ndan birinin \u00e7\u0259kili\u015f qrupu il\u0259 birlikd\u0259 28 ild\u0259n sonra ilk d\u0259f\u0259 Mincivana g\u0259ldim. Evimizin xarabal\u0131qlar\u0131na bax\u0131b h\u00f6nk\u00fcr-h\u00f6nk\u00fcr a\u011flad\u0131m. M\u0259n\u0259 evimiz\u0259 yax\u0131nla\u015fma\u011fa bel\u0259 icaz\u0259 verm\u0259dil\u0259r, \u00e7\u00fcnki orada mina t\u0259hl\u00fck\u0259si vard\u0131.<\/p>\n\n\n\n<p>M\u00fcharib\u0259 bit\u0259nd\u0259n bir m\u00fcdd\u0259t sonra ail\u0259mizi yerli icra hakimiyy\u0259tin\u0259 \u00e7a\u011f\u0131r\u0131b dedil\u0259r ki, Mincivanda qalan b\u00fct\u00fcn \u0259mlak\u0131n &#8211; m\u0259nzild\u0259n tutmu\u015f soyuducuya, xal\u00e7alara q\u0259d\u0259r t\u0259f\u0259rr\u00fcatl\u0131 siyah\u0131s\u0131n\u0131 t\u0259rtib etm\u0259k laz\u0131md\u0131r. Yax\u015f\u0131, siyah\u0131 haz\u0131rlad\u0131q v\u0259 biz\u0259 s\u00f6z verdil\u0259r ki, b\u00fct\u00fcn bunlar kompensasiya olunacaq. Amma o vaxtdan indiy\u0259 q\u0259d\u0259r x\u0259b\u0259r-\u0259t\u0259r yoxdur. S\u00f6hb\u0259tin hans\u0131 kompensasiyadan getdiyi d\u0259 ayd\u0131n deyil &#8211; pul, yoxsa ba\u015fqa n\u0259s\u0259. Ayd\u0131nla\u015fd\u0131rma\u011fa \u00e7al\u0131\u015fanda ancaq bir cavab e\u015fidir\u0259m: \u201cH\u0259r \u015fey yax\u015f\u0131 olacaq, g\u00f6zl\u0259yin\u201d.<\/p>\n\n\n\n<p>M\u0259cburi k\u00f6\u00e7k\u00fcnl\u0259r aras\u0131nda apar\u0131lan sor\u011fu zaman\u0131 ail\u0259miz Mincivana qay\u0131tmaq niyy\u0259tind\u0259 olduqlar\u0131n\u0131 bildirdi. Amma m\u0259hz \u00f6z q\u0259s\u0259b\u0259miz\u0259. Biz Qaraba\u011f\u0131n ba\u015fqa he\u00e7 bir \u015f\u0259h\u0259rind\u0259 v\u0259 ya k\u0259ndind\u0259 ya\u015famaq ist\u0259mirik, eyni tipli evl\u0259ri olan \u201ca\u011f\u0131ll\u0131 k\u0259ndl\u0259rd\u0259\u201d m\u0259skunla\u015fmaq ist\u0259mirik, onlardan biri art\u0131q Z\u0259ngilanda tikilib.<\/p>\n\n\n\n<p>Erm\u0259nistanla Az\u0259rbaycan aras\u0131nda s\u00fclh m\u00fcqavil\u0259sinin ba\u011flanmas\u0131 z\u0259ruri v\u0259 qa\u00e7\u0131lmazd\u0131r. H\u0259r halda biz regionda qon\u015fuyuq v\u0259 bir-birimizd\u0259n uzaqla\u015fmayaq ikan\u0131m\u0131z yoxdur. Bir vaxtlar bir-biri il\u0259 m\u00fcharib\u0259 ed\u0259n \u00f6lk\u0259l\u0259rin indi s\u00fclh \u015f\u0259raitind\u0259 ya\u015famas\u0131 il\u0259 ba\u011fl\u0131 tarixd\u0259 n\u00fcmun\u0259l\u0259r az deyil. \u0130ngilt\u0259r\u0259 v\u0259 Fransan\u0131 g\u00f6t\u00fcr\u0259k. Biz d\u0259 gec-tez Erm\u0259nistanla s\u00fclh v\u0259 \u0259minamanl\u0131q \u015f\u0259raitind\u0259 ya\u015fama\u011f\u0131 \u00f6yr\u0259n\u0259c\u0259yik. Daha do\u011frusu, biz yox, \u00e7ox g\u00fcman ki, sonrak\u0131 n\u0259sill\u0259r.<\/p>\n\n\n\n<hr class=\"wp-block-separator has-alpha-channel-opacity\"\/>\n\n\n\n<p><strong>Bu hekay\u0259&nbsp;<a href=\"https:\/\/jam-news.net\/az\/category\/trajectories\/\" target=\"_blank\" rel=\"noreferrer noopener\">\u201cTrayektoriya\u201d&nbsp;<\/a>media layih\u0259sinin bir hiss\u0259sidir. Layih\u0259 C\u0259nubi Qafqazda m\u00fcnaqi\u015f\u0259nin h\u0259yatlar\u0131na toxundu\u011fu insanlardan b\u0259hs edir. B\u00fct\u00fcn C\u0259nubi Qafqazdan olan m\u00fc\u0259llifl\u0259r v\u0259 redaktorlarla i\u015fl\u0259yir v\u0259 m\u00fcnaqi\u015f\u0259l\u0259rin he\u00e7 birind\u0259 t\u0259r\u0259fl\u0259rd\u0259n he\u00e7 birini d\u0259st\u0259kl\u0259mir. Bu s\u0259hif\u0259d\u0259ki materiallara g\u00f6r\u0259 m\u00fc\u0259llifl\u0259r m\u0259suliyy\u0259t da\u015f\u0131y\u0131r. \u018fks\u0259r hallarda toponiml\u0259r m\u00fc\u0259llifl\u0259rin c\u0259miyy\u0259tl\u0259rind\u0259 q\u0259bul olundu\u011fu kimi istifad\u0259 edilir. Layih\u0259 Avropa \u0130ttifaq\u0131n\u0131n d\u0259st\u0259yil\u0259&nbsp;<a href=\"https:\/\/jam-news.net\/az\/\" target=\"_blank\" rel=\"noreferrer noopener\">GoGroup Media<\/a>&nbsp;v\u0259&nbsp;<a href=\"https:\/\/www.international-alert.org\/\" target=\"_blank\" rel=\"noreferrer noopener\">International Alert&nbsp;<\/a>t\u0259\u015fkilatlar\u0131 t\u0259r\u0259find\u0259n h\u0259yata ke\u00e7irilir.<\/strong><\/p>\n","protected":false},"excerpt":{"rendered":"<p>Az\u0259rbaycanl\u0131 k\u00f6\u00e7k\u00fcnl\u0259rin he\u00e7 d\u0259 ham\u0131s\u0131 &#8220;a\u011f\u0131ll\u0131 k\u0259nd&#8221;l\u0259rd\u0259 ya\u015famaq ist\u0259mir: Mincivanda ke\u00e7\u0259n u\u015faql\u0131q hekay\u0259si<\/p>\n","protected":false},"author":3,"featured_media":75602,"comment_status":"closed","ping_status":"closed","sticky":false,"template":"","format":"standard","meta":{"_acf_changed":false,"footnotes":""},"categories":[27,5602,17,9,38,46,35],"tags":[],"formation":[4037],"post-author":[2939],"topic":[4951,4952,4954,40],"tooltip":[],"city":[6041],"class_list":["post-75822","post","type-post","status-publish","format-standard","has-post-thumbnail","hentry","category-ermnistan","category-azerbaycan-ermenistan","category-azrbaycan","category-munaqislr","category-qarabag","category-fotohvalat","category-hekaylr","formation-photo","post-author-nika-musvi","topic-ermnistan","topic-azrbaycan","topic-qarabag","topic-qarabag-munaqissi","city-baki"],"acf":[],"yoast_head":"<!-- This site is optimized with the Yoast SEO plugin v24.1 - https:\/\/yoast.com\/wordpress\/plugins\/seo\/ -->\n<title>Perronda &quot;albal\u0131 kabab\u0131&quot; JAMnews<\/title>\n<meta name=\"description\" content=\"Perronda &quot;albal\u0131 kabab\u0131&quot;. Mincivan xatir\u0259l\u0259ri\" \/>\n<meta name=\"robots\" content=\"index, follow, max-snippet:-1, max-image-preview:large, max-video-preview:-1\" \/>\n<link rel=\"canonical\" href=\"https:\/\/jam-news.net\/az\/perronda-albali-kababi\/\" \/>\n<meta property=\"og:locale\" content=\"az_AZ\" \/>\n<meta property=\"og:type\" content=\"article\" \/>\n<meta property=\"og:title\" content=\"Perronda &quot;albal\u0131 kabab\u0131&quot; JAMnews\" \/>\n<meta property=\"og:description\" content=\"Perronda &quot;albal\u0131 kabab\u0131&quot;. Mincivan xatir\u0259l\u0259ri\" \/>\n<meta property=\"og:url\" content=\"https:\/\/jam-news.net\/az\/perronda-albali-kababi\/\" \/>\n<meta property=\"og:site_name\" content=\"Azerbaijani Jamnews\" \/>\n<meta property=\"article:publisher\" content=\"https:\/\/www.facebook.com\/JAMnewsInEnglish\/\" \/>\n<meta property=\"article:published_time\" content=\"2023-04-09T10:07:00+00:00\" \/>\n<meta property=\"article:modified_time\" content=\"2023-04-10T10:13:54+00:00\" \/>\n<meta property=\"og:image\" content=\"https:\/\/jam-news.net\/app\/uploads\/2023\/04\/train-station.jpg\" \/>\n\t<meta property=\"og:image:width\" content=\"1772\" \/>\n\t<meta property=\"og:image:height\" content=\"1040\" \/>\n\t<meta property=\"og:image:type\" content=\"image\/jpeg\" \/>\n<meta name=\"author\" content=\"JAMnews\" \/>\n<meta name=\"twitter:card\" content=\"summary_large_image\" \/>\n<meta name=\"twitter:creator\" content=\"@JAMnewsCaucasus\" \/>\n<meta name=\"twitter:site\" content=\"@JAMnewsCaucasus\" \/>\n<meta name=\"twitter:label1\" content=\"Written by\" \/>\n\t<meta name=\"twitter:data1\" content=\"JAMnews\" \/>\n\t<meta name=\"twitter:label2\" content=\"Est. reading time\" \/>\n\t<meta name=\"twitter:data2\" content=\"5 minutes\" \/>\n<script type=\"application\/ld+json\" class=\"yoast-schema-graph\">{\"@context\":\"https:\/\/schema.org\",\"@graph\":[{\"@type\":\"Article\",\"@id\":\"https:\/\/jam-news.net\/az\/perronda-albali-kababi\/#article\",\"isPartOf\":{\"@id\":\"https:\/\/jam-news.net\/az\/perronda-albali-kababi\/\"},\"author\":{\"name\":\"JAMnews\",\"@id\":\"https:\/\/jam-news.net\/az\/#\/schema\/person\/67df3bb7adb46cd513fb9c4cb02361c6\"},\"headline\":\"Perronda &#8220;albal\u0131 kabab\u0131&#8221;\",\"datePublished\":\"2023-04-09T10:07:00+00:00\",\"dateModified\":\"2023-04-10T10:13:54+00:00\",\"mainEntityOfPage\":{\"@id\":\"https:\/\/jam-news.net\/az\/perronda-albali-kababi\/\"},\"wordCount\":1287,\"publisher\":{\"@id\":\"https:\/\/jam-news.net\/az\/#organization\"},\"image\":{\"@id\":\"https:\/\/jam-news.net\/az\/perronda-albali-kababi\/#primaryimage\"},\"thumbnailUrl\":\"https:\/\/jam-news.net\/app\/uploads\/2023\/04\/train-station.jpg\",\"articleSection\":[\"Armenia\",\"Armenia-Azerbaijan: Context\",\"Azerbaijan\",\"Conflicts\",\"Nagorno-Karabakh\",\"Photo\",\"Stories\"],\"inLanguage\":\"az\"},{\"@type\":\"WebPage\",\"@id\":\"https:\/\/jam-news.net\/az\/perronda-albali-kababi\/\",\"url\":\"https:\/\/jam-news.net\/az\/perronda-albali-kababi\/\",\"name\":\"Perronda \\\"albal\u0131 kabab\u0131\\\" JAMnews\",\"isPartOf\":{\"@id\":\"https:\/\/jam-news.net\/az\/#website\"},\"primaryImageOfPage\":{\"@id\":\"https:\/\/jam-news.net\/az\/perronda-albali-kababi\/#primaryimage\"},\"image\":{\"@id\":\"https:\/\/jam-news.net\/az\/perronda-albali-kababi\/#primaryimage\"},\"thumbnailUrl\":\"https:\/\/jam-news.net\/app\/uploads\/2023\/04\/train-station.jpg\",\"datePublished\":\"2023-04-09T10:07:00+00:00\",\"dateModified\":\"2023-04-10T10:13:54+00:00\",\"description\":\"Perronda \\\"albal\u0131 kabab\u0131\\\". Mincivan xatir\u0259l\u0259ri\",\"breadcrumb\":{\"@id\":\"https:\/\/jam-news.net\/az\/perronda-albali-kababi\/#breadcrumb\"},\"inLanguage\":\"az\",\"potentialAction\":[{\"@type\":\"ReadAction\",\"target\":[\"https:\/\/jam-news.net\/az\/perronda-albali-kababi\/\"]}]},{\"@type\":\"ImageObject\",\"inLanguage\":\"az\",\"@id\":\"https:\/\/jam-news.net\/az\/perronda-albali-kababi\/#primaryimage\",\"url\":\"https:\/\/jam-news.net\/app\/uploads\/2023\/04\/train-station.jpg\",\"contentUrl\":\"https:\/\/jam-news.net\/app\/uploads\/2023\/04\/train-station.jpg\",\"width\":1772,\"height\":1040},{\"@type\":\"BreadcrumbList\",\"@id\":\"https:\/\/jam-news.net\/az\/perronda-albali-kababi\/#breadcrumb\",\"itemListElement\":[{\"@type\":\"ListItem\",\"position\":1,\"name\":\"Home\",\"item\":\"https:\/\/jam-news.net\/az\/\"},{\"@type\":\"ListItem\",\"position\":2,\"name\":\"Perronda &#8220;albal\u0131 kabab\u0131&#8221;\"}]},{\"@type\":\"WebSite\",\"@id\":\"https:\/\/jam-news.net\/az\/#website\",\"url\":\"https:\/\/jam-news.net\/az\/\",\"name\":\"Azerbaijani Jamnews\",\"description\":\"Caucasus News, Politics and Society\",\"publisher\":{\"@id\":\"https:\/\/jam-news.net\/az\/#organization\"},\"potentialAction\":[{\"@type\":\"SearchAction\",\"target\":{\"@type\":\"EntryPoint\",\"urlTemplate\":\"https:\/\/jam-news.net\/az\/?s={search_term_string}\"},\"query-input\":{\"@type\":\"PropertyValueSpecification\",\"valueRequired\":true,\"valueName\":\"search_term_string\"}}],\"inLanguage\":\"az\"},{\"@type\":\"Organization\",\"@id\":\"https:\/\/jam-news.net\/az\/#organization\",\"name\":\"JAMnews\",\"url\":\"https:\/\/jam-news.net\/az\/\",\"logo\":{\"@type\":\"ImageObject\",\"inLanguage\":\"az\",\"@id\":\"https:\/\/jam-news.net\/az\/#\/schema\/logo\/image\/\",\"url\":\"https:\/\/jam-news.net\/app\/uploads\/2020\/05\/JAM_w.jpg\",\"contentUrl\":\"https:\/\/jam-news.net\/app\/uploads\/2020\/05\/JAM_w.jpg\",\"width\":960,\"height\":960,\"caption\":\"JAMnews\"},\"image\":{\"@id\":\"https:\/\/jam-news.net\/az\/#\/schema\/logo\/image\/\"},\"sameAs\":[\"https:\/\/www.facebook.com\/JAMnewsInEnglish\/\",\"https:\/\/x.com\/JAMnewsCaucasus\",\"https:\/\/www.instagram.com\/jam_news\/\",\"https:\/\/www.youtube.com\/channel\/UCXQbUCme2pykuZYXWHx4VPg\"]},{\"@type\":\"Person\",\"@id\":\"https:\/\/jam-news.net\/az\/#\/schema\/person\/67df3bb7adb46cd513fb9c4cb02361c6\",\"name\":\"JAMnews\",\"image\":{\"@type\":\"ImageObject\",\"inLanguage\":\"az\",\"@id\":\"https:\/\/jam-news.net\/az\/#\/schema\/person\/image\/\",\"url\":\"https:\/\/secure.gravatar.com\/avatar\/e5c27593ef900c3ab3deed4ed1c653d7?s=96&d=mm&r=g\",\"contentUrl\":\"https:\/\/secure.gravatar.com\/avatar\/e5c27593ef900c3ab3deed4ed1c653d7?s=96&d=mm&r=g\",\"caption\":\"JAMnews\"},\"url\":\"https:\/\/jam-news.net\/az\/author\/margarita\/\"}]}<\/script>\n<!-- \/ Yoast SEO plugin. -->","yoast_head_json":{"title":"Perronda \"albal\u0131 kabab\u0131\" JAMnews","description":"Perronda \"albal\u0131 kabab\u0131\". Mincivan xatir\u0259l\u0259ri","robots":{"index":"index","follow":"follow","max-snippet":"max-snippet:-1","max-image-preview":"max-image-preview:large","max-video-preview":"max-video-preview:-1"},"canonical":"https:\/\/jam-news.net\/az\/perronda-albali-kababi\/","og_locale":"az_AZ","og_type":"article","og_title":"Perronda \"albal\u0131 kabab\u0131\" JAMnews","og_description":"Perronda \"albal\u0131 kabab\u0131\". Mincivan xatir\u0259l\u0259ri","og_url":"https:\/\/jam-news.net\/az\/perronda-albali-kababi\/","og_site_name":"Azerbaijani Jamnews","article_publisher":"https:\/\/www.facebook.com\/JAMnewsInEnglish\/","article_published_time":"2023-04-09T10:07:00+00:00","article_modified_time":"2023-04-10T10:13:54+00:00","og_image":[{"width":1772,"height":1040,"url":"https:\/\/jam-news.net\/app\/uploads\/2023\/04\/train-station.jpg","type":"image\/jpeg"}],"author":"JAMnews","twitter_card":"summary_large_image","twitter_creator":"@JAMnewsCaucasus","twitter_site":"@JAMnewsCaucasus","twitter_misc":{"Written by":"JAMnews","Est. reading time":"5 minutes"},"schema":{"@context":"https:\/\/schema.org","@graph":[{"@type":"Article","@id":"https:\/\/jam-news.net\/az\/perronda-albali-kababi\/#article","isPartOf":{"@id":"https:\/\/jam-news.net\/az\/perronda-albali-kababi\/"},"author":{"name":"JAMnews","@id":"https:\/\/jam-news.net\/az\/#\/schema\/person\/67df3bb7adb46cd513fb9c4cb02361c6"},"headline":"Perronda &#8220;albal\u0131 kabab\u0131&#8221;","datePublished":"2023-04-09T10:07:00+00:00","dateModified":"2023-04-10T10:13:54+00:00","mainEntityOfPage":{"@id":"https:\/\/jam-news.net\/az\/perronda-albali-kababi\/"},"wordCount":1287,"publisher":{"@id":"https:\/\/jam-news.net\/az\/#organization"},"image":{"@id":"https:\/\/jam-news.net\/az\/perronda-albali-kababi\/#primaryimage"},"thumbnailUrl":"https:\/\/jam-news.net\/app\/uploads\/2023\/04\/train-station.jpg","articleSection":["Armenia","Armenia-Azerbaijan: Context","Azerbaijan","Conflicts","Nagorno-Karabakh","Photo","Stories"],"inLanguage":"az"},{"@type":"WebPage","@id":"https:\/\/jam-news.net\/az\/perronda-albali-kababi\/","url":"https:\/\/jam-news.net\/az\/perronda-albali-kababi\/","name":"Perronda \"albal\u0131 kabab\u0131\" JAMnews","isPartOf":{"@id":"https:\/\/jam-news.net\/az\/#website"},"primaryImageOfPage":{"@id":"https:\/\/jam-news.net\/az\/perronda-albali-kababi\/#primaryimage"},"image":{"@id":"https:\/\/jam-news.net\/az\/perronda-albali-kababi\/#primaryimage"},"thumbnailUrl":"https:\/\/jam-news.net\/app\/uploads\/2023\/04\/train-station.jpg","datePublished":"2023-04-09T10:07:00+00:00","dateModified":"2023-04-10T10:13:54+00:00","description":"Perronda \"albal\u0131 kabab\u0131\". Mincivan xatir\u0259l\u0259ri","breadcrumb":{"@id":"https:\/\/jam-news.net\/az\/perronda-albali-kababi\/#breadcrumb"},"inLanguage":"az","potentialAction":[{"@type":"ReadAction","target":["https:\/\/jam-news.net\/az\/perronda-albali-kababi\/"]}]},{"@type":"ImageObject","inLanguage":"az","@id":"https:\/\/jam-news.net\/az\/perronda-albali-kababi\/#primaryimage","url":"https:\/\/jam-news.net\/app\/uploads\/2023\/04\/train-station.jpg","contentUrl":"https:\/\/jam-news.net\/app\/uploads\/2023\/04\/train-station.jpg","width":1772,"height":1040},{"@type":"BreadcrumbList","@id":"https:\/\/jam-news.net\/az\/perronda-albali-kababi\/#breadcrumb","itemListElement":[{"@type":"ListItem","position":1,"name":"Home","item":"https:\/\/jam-news.net\/az\/"},{"@type":"ListItem","position":2,"name":"Perronda &#8220;albal\u0131 kabab\u0131&#8221;"}]},{"@type":"WebSite","@id":"https:\/\/jam-news.net\/az\/#website","url":"https:\/\/jam-news.net\/az\/","name":"Azerbaijani Jamnews","description":"Caucasus News, Politics and Society","publisher":{"@id":"https:\/\/jam-news.net\/az\/#organization"},"potentialAction":[{"@type":"SearchAction","target":{"@type":"EntryPoint","urlTemplate":"https:\/\/jam-news.net\/az\/?s={search_term_string}"},"query-input":{"@type":"PropertyValueSpecification","valueRequired":true,"valueName":"search_term_string"}}],"inLanguage":"az"},{"@type":"Organization","@id":"https:\/\/jam-news.net\/az\/#organization","name":"JAMnews","url":"https:\/\/jam-news.net\/az\/","logo":{"@type":"ImageObject","inLanguage":"az","@id":"https:\/\/jam-news.net\/az\/#\/schema\/logo\/image\/","url":"https:\/\/jam-news.net\/app\/uploads\/2020\/05\/JAM_w.jpg","contentUrl":"https:\/\/jam-news.net\/app\/uploads\/2020\/05\/JAM_w.jpg","width":960,"height":960,"caption":"JAMnews"},"image":{"@id":"https:\/\/jam-news.net\/az\/#\/schema\/logo\/image\/"},"sameAs":["https:\/\/www.facebook.com\/JAMnewsInEnglish\/","https:\/\/x.com\/JAMnewsCaucasus","https:\/\/www.instagram.com\/jam_news\/","https:\/\/www.youtube.com\/channel\/UCXQbUCme2pykuZYXWHx4VPg"]},{"@type":"Person","@id":"https:\/\/jam-news.net\/az\/#\/schema\/person\/67df3bb7adb46cd513fb9c4cb02361c6","name":"JAMnews","image":{"@type":"ImageObject","inLanguage":"az","@id":"https:\/\/jam-news.net\/az\/#\/schema\/person\/image\/","url":"https:\/\/secure.gravatar.com\/avatar\/e5c27593ef900c3ab3deed4ed1c653d7?s=96&d=mm&r=g","contentUrl":"https:\/\/secure.gravatar.com\/avatar\/e5c27593ef900c3ab3deed4ed1c653d7?s=96&d=mm&r=g","caption":"JAMnews"},"url":"https:\/\/jam-news.net\/az\/author\/margarita\/"}]}},"_links":{"self":[{"href":"https:\/\/jam-news.net\/az\/wp-json\/wp\/v2\/posts\/75822","targetHints":{"allow":["GET"]}}],"collection":[{"href":"https:\/\/jam-news.net\/az\/wp-json\/wp\/v2\/posts"}],"about":[{"href":"https:\/\/jam-news.net\/az\/wp-json\/wp\/v2\/types\/post"}],"author":[{"embeddable":true,"href":"https:\/\/jam-news.net\/az\/wp-json\/wp\/v2\/users\/3"}],"replies":[{"embeddable":true,"href":"https:\/\/jam-news.net\/az\/wp-json\/wp\/v2\/comments?post=75822"}],"version-history":[{"count":3,"href":"https:\/\/jam-news.net\/az\/wp-json\/wp\/v2\/posts\/75822\/revisions"}],"predecessor-version":[{"id":75850,"href":"https:\/\/jam-news.net\/az\/wp-json\/wp\/v2\/posts\/75822\/revisions\/75850"}],"wp:featuredmedia":[{"embeddable":true,"href":"https:\/\/jam-news.net\/az\/wp-json\/wp\/v2\/media\/75602"}],"wp:attachment":[{"href":"https:\/\/jam-news.net\/az\/wp-json\/wp\/v2\/media?parent=75822"}],"wp:term":[{"taxonomy":"category","embeddable":true,"href":"https:\/\/jam-news.net\/az\/wp-json\/wp\/v2\/categories?post=75822"},{"taxonomy":"post_tag","embeddable":true,"href":"https:\/\/jam-news.net\/az\/wp-json\/wp\/v2\/tags?post=75822"},{"taxonomy":"formation","embeddable":true,"href":"https:\/\/jam-news.net\/az\/wp-json\/wp\/v2\/formation?post=75822"},{"taxonomy":"post-author","embeddable":true,"href":"https:\/\/jam-news.net\/az\/wp-json\/wp\/v2\/post-author?post=75822"},{"taxonomy":"topic","embeddable":true,"href":"https:\/\/jam-news.net\/az\/wp-json\/wp\/v2\/topic?post=75822"},{"taxonomy":"tooltip","embeddable":true,"href":"https:\/\/jam-news.net\/az\/wp-json\/wp\/v2\/tooltip?post=75822"},{"taxonomy":"city","embeddable":true,"href":"https:\/\/jam-news.net\/az\/wp-json\/wp\/v2\/city?post=75822"}],"curies":[{"name":"wp","href":"https:\/\/api.w.org\/{rel}","templated":true}]}}