{"id":7154,"date":"2017-11-15T00:00:00","date_gmt":"2017-11-15T00:00:00","guid":{"rendered":"http:\/\/jam-news.net\/az\/zimbabve-uzunomurlu-diktatora-ultimatum-verilib\/"},"modified":"2021-11-03T15:44:41","modified_gmt":"2021-11-03T11:44:41","slug":"zimbabve-uzunomurlu-diktatora-ultimatum-verilib","status":"publish","type":"post","link":"https:\/\/jam-news.net\/az\/zimbabve-uzunomurlu-diktatora-ultimatum-verilib\/","title":{"rendered":"Zimbabve: uzun\u00f6m\u00fcrl\u00fc diktatora ultimatum verilib"},"content":{"rendered":"<p><figure id=\"attachment_69786\" aria-describedby=\"caption-attachment-69786\" style=\"width: 2545px\" class=\"wp-caption alignnone\"><img loading=\"lazy\" decoding=\"async\" class=\"wp-image-69786 size-full\" src=\"http:\/\/jam-news.net\/app\/uploads\/2017\/11\/2017-11-14T151705Z_906087124_RC1E219DBA70_RTRMADP_3_ZIMBABWE-POLITICS.jpg\" alt=\"\" width=\"2545\" height=\"1795\" \/><figcaption id=\"caption-attachment-69786\" class=\"wp-caption-text\"><strong><em><span style=\"color: #808080;\">PHOTO: REUTERS\/Philimon Bulawayo<\/span><\/em><\/strong><\/figcaption><\/figure><\/p>\n<p>Noyabr\u0131n 15-d\u0259 Zimbabvenin paytaxt\u0131 Harared\u0259 <a href=\"http:\/\/www.bbc.com\/news\/world-africa-41992351\" target=\"_blank\" rel=\"noopener noreferrer\"><span style=\"color: #0000ff;\"><em><strong>partlay\u0131\u015f v\u0259 at\u0131\u015fma s\u0259sl\u0259ri e\u015fidilib<\/strong><\/em><\/span><\/a>.<\/p>\n<p>Zimbabve h\u0259rb\u00e7il\u0259ri d\u00f6vl\u0259t telekanal\u0131n\u0131 \u0259l\u0259 ke\u00e7irib. General-mayor Mayo efir\u0259 \u00e7\u0131xaraq, ordunun \u00f6lk\u0259 prezidenti Robert Muqabenin \u0259traf\u0131ndak\u0131 \u201ccanil\u0259r\u0259\u201d qar\u015f\u0131 \u00e7\u0131xd\u0131\u011f\u0131 haqda b\u0259yanatla \u00e7\u0131x\u0131\u015f edib. Mayo onu da bildirib ki, prezidentin \u00f6z\u00fc v\u0259 ail\u0259si t\u0259hl\u00fck\u0259sizlikd\u0259dir v\u0259 onlara h\u0259yat\u0131na he\u00e7 bir t\u0259hdid yoxdur.<\/p>\n<p>H\u0259rb\u00e7il\u0259r israrla bildirirl\u0259r ki, ba\u015f ver\u0259nl\u0259ri d\u00f6vl\u0259t \u00e7evrili\u015fi kimi d\u0259y\u0259rl\u0259ndirm\u0259k laz\u0131m deyil.<\/p>\n<p>Robert Muqabe art\u0131q 37 ildir ki, Zimbabved\u0259 hakimiyy\u0259td\u0259dir. Bir ne\u00e7\u0259 g\u00fcn \u0259vv\u0259l o, \u00f6lk\u0259nin vitse-prezidenti Emmerson Mnanqaqvan\u0131 v\u0259zif\u0259sind\u0259n azad edib. Mnanqaqva 93 ya\u015fl\u0131 Muqabenin varisi olmal\u0131 idi. \u0130ndi is\u0259 bu rola haz\u0131rk\u0131 prezidentin h\u0259yat yolda\u015f\u0131 iddia edir. Bu v\u0259ziyy\u0259t h\u0259rb\u00e7il\u0259rl\u0259 hakimiyy\u0259t aras\u0131nda m\u00fcnaqi\u015f\u0259 yaranmas\u0131 \u00fc\u00e7\u00fcn t\u0259kan olub.<\/p>\n<p>Noyabr\u0131n 13-d\u0259 ordu komandan\u0131 Konstantino \u00c7ivenqa b\u0259yan edib ki, t\u0259r\u0259fda\u015flar\u0131n\u0131n bu c\u00fcr v\u0259zif\u0259d\u0259n uzaqla\u015fd\u0131r\u0131lmas\u0131na imkan verm\u0259y\u0259c\u0259k. Onu da \u0259lav\u0259 edib ki, ordu Zimbabvenin daxili siyas\u0259tin\u0259 m\u00fcdaxil\u0259 ed\u0259 bil\u0259r.<\/p>\n","protected":false},"excerpt":{"rendered":"<p>Zimbabve ordusu prezidentin \u0259traf\u0131 il\u0259 m\u00fcnaqi\u015f\u0259d\u0259dir<\/p>\n","protected":false},"author":3,"featured_media":0,"comment_status":"open","ping_status":"open","sticky":false,"template":"","format":"standard","meta":{"_acf_changed":false,"footnotes":""},"categories":[8,2,50],"tags":[14],"formation":[],"post-author":[2888],"topic":[],"tooltip":[],"city":[],"class_list":["post-7154","post","type-post","status-publish","format-standard","hentry","category-dunyada-bas-vernlr","category-cografiya","category-xbrlr","tag-bas-shif","post-author-jamnews"],"acf":[],"yoast_head":"<!-- This site is optimized with the Yoast SEO plugin v24.1 - https:\/\/yoast.com\/wordpress\/plugins\/seo\/ -->\n<title>Zimbabve: uzun\u00f6m\u00fcrl\u00fc diktatora ultimatum verilib - JAMnews<\/title>\n<meta name=\"robots\" content=\"index, follow, max-snippet:-1, max-image-preview:large, max-video-preview:-1\" \/>\n<link rel=\"canonical\" href=\"https:\/\/jam-news.net\/az\/zimbabve-uzunomurlu-diktatora-ultimatum-verilib\/\" \/>\n<meta property=\"og:locale\" content=\"az_AZ\" \/>\n<meta property=\"og:type\" content=\"article\" \/>\n<meta property=\"og:title\" content=\"Zimbabve: uzun\u00f6m\u00fcrl\u00fc diktatora ultimatum verilib - JAMnews\" \/>\n<meta property=\"og:description\" content=\"Zimbabve ordusu prezidentin \u0259traf\u0131 il\u0259 m\u00fcnaqi\u015f\u0259d\u0259dir\" \/>\n<meta property=\"og:url\" content=\"https:\/\/jam-news.net\/az\/zimbabve-uzunomurlu-diktatora-ultimatum-verilib\/\" \/>\n<meta property=\"og:site_name\" content=\"Azerbaijani Jamnews\" \/>\n<meta property=\"article:publisher\" content=\"https:\/\/www.facebook.com\/JAMnewsInEnglish\/\" \/>\n<meta property=\"article:published_time\" content=\"2017-11-15T00:00:00+00:00\" \/>\n<meta property=\"article:modified_time\" content=\"2021-11-03T11:44:41+00:00\" \/>\n<meta property=\"og:image\" content=\"http:\/\/jam-news.net\/app\/uploads\/2017\/11\/2017-11-14T151705Z_906087124_RC1E219DBA70_RTRMADP_3_ZIMBABWE-POLITICS.jpg\" \/>\n<meta name=\"author\" content=\"JAMnews\" \/>\n<meta name=\"twitter:card\" content=\"summary_large_image\" \/>\n<meta name=\"twitter:creator\" content=\"@JAMnewsCaucasus\" \/>\n<meta name=\"twitter:site\" content=\"@JAMnewsCaucasus\" \/>\n<meta name=\"twitter:label1\" content=\"Written by\" \/>\n\t<meta name=\"twitter:data1\" content=\"JAMnews\" \/>\n\t<meta name=\"twitter:label2\" content=\"Est. reading time\" \/>\n\t<meta name=\"twitter:data2\" content=\"1 minute\" \/>\n<script type=\"application\/ld+json\" class=\"yoast-schema-graph\">{\"@context\":\"https:\/\/schema.org\",\"@graph\":[{\"@type\":\"Article\",\"@id\":\"https:\/\/jam-news.net\/az\/zimbabve-uzunomurlu-diktatora-ultimatum-verilib\/#article\",\"isPartOf\":{\"@id\":\"https:\/\/jam-news.net\/az\/zimbabve-uzunomurlu-diktatora-ultimatum-verilib\/\"},\"author\":{\"name\":\"JAMnews\",\"@id\":\"https:\/\/jam-news.net\/az\/#\/schema\/person\/67df3bb7adb46cd513fb9c4cb02361c6\"},\"headline\":\"Zimbabve: uzun\u00f6m\u00fcrl\u00fc diktatora ultimatum verilib\",\"datePublished\":\"2017-11-15T00:00:00+00:00\",\"dateModified\":\"2021-11-03T11:44:41+00:00\",\"mainEntityOfPage\":{\"@id\":\"https:\/\/jam-news.net\/az\/zimbabve-uzunomurlu-diktatora-ultimatum-verilib\/\"},\"wordCount\":232,\"commentCount\":0,\"publisher\":{\"@id\":\"https:\/\/jam-news.net\/az\/#organization\"},\"image\":{\"@id\":\"https:\/\/jam-news.net\/az\/zimbabve-uzunomurlu-diktatora-ultimatum-verilib\/#primaryimage\"},\"thumbnailUrl\":\"http:\/\/jam-news.net\/app\/uploads\/2017\/11\/2017-11-14T151705Z_906087124_RC1E219DBA70_RTRMADP_3_ZIMBABWE-POLITICS.jpg\",\"keywords\":[\"Ba\u015f s\u0259hif\u0259\"],\"articleSection\":[\"From far and near\",\"Geography\",\"News\"],\"inLanguage\":\"az\"},{\"@type\":\"WebPage\",\"@id\":\"https:\/\/jam-news.net\/az\/zimbabve-uzunomurlu-diktatora-ultimatum-verilib\/\",\"url\":\"https:\/\/jam-news.net\/az\/zimbabve-uzunomurlu-diktatora-ultimatum-verilib\/\",\"name\":\"Zimbabve: uzun\u00f6m\u00fcrl\u00fc diktatora ultimatum verilib - JAMnews\",\"isPartOf\":{\"@id\":\"https:\/\/jam-news.net\/az\/#website\"},\"primaryImageOfPage\":{\"@id\":\"https:\/\/jam-news.net\/az\/zimbabve-uzunomurlu-diktatora-ultimatum-verilib\/#primaryimage\"},\"image\":{\"@id\":\"https:\/\/jam-news.net\/az\/zimbabve-uzunomurlu-diktatora-ultimatum-verilib\/#primaryimage\"},\"thumbnailUrl\":\"http:\/\/jam-news.net\/app\/uploads\/2017\/11\/2017-11-14T151705Z_906087124_RC1E219DBA70_RTRMADP_3_ZIMBABWE-POLITICS.jpg\",\"datePublished\":\"2017-11-15T00:00:00+00:00\",\"dateModified\":\"2021-11-03T11:44:41+00:00\",\"breadcrumb\":{\"@id\":\"https:\/\/jam-news.net\/az\/zimbabve-uzunomurlu-diktatora-ultimatum-verilib\/#breadcrumb\"},\"inLanguage\":\"az\",\"potentialAction\":[{\"@type\":\"ReadAction\",\"target\":[\"https:\/\/jam-news.net\/az\/zimbabve-uzunomurlu-diktatora-ultimatum-verilib\/\"]}]},{\"@type\":\"ImageObject\",\"inLanguage\":\"az\",\"@id\":\"https:\/\/jam-news.net\/az\/zimbabve-uzunomurlu-diktatora-ultimatum-verilib\/#primaryimage\",\"url\":\"http:\/\/jam-news.net\/app\/uploads\/2017\/11\/2017-11-14T151705Z_906087124_RC1E219DBA70_RTRMADP_3_ZIMBABWE-POLITICS.jpg\",\"contentUrl\":\"http:\/\/jam-news.net\/app\/uploads\/2017\/11\/2017-11-14T151705Z_906087124_RC1E219DBA70_RTRMADP_3_ZIMBABWE-POLITICS.jpg\"},{\"@type\":\"BreadcrumbList\",\"@id\":\"https:\/\/jam-news.net\/az\/zimbabve-uzunomurlu-diktatora-ultimatum-verilib\/#breadcrumb\",\"itemListElement\":[{\"@type\":\"ListItem\",\"position\":1,\"name\":\"Home\",\"item\":\"https:\/\/jam-news.net\/az\/\"},{\"@type\":\"ListItem\",\"position\":2,\"name\":\"Zimbabve: uzun\u00f6m\u00fcrl\u00fc diktatora ultimatum verilib\"}]},{\"@type\":\"WebSite\",\"@id\":\"https:\/\/jam-news.net\/az\/#website\",\"url\":\"https:\/\/jam-news.net\/az\/\",\"name\":\"Azerbaijani Jamnews\",\"description\":\"Caucasus News, Politics and Society\",\"publisher\":{\"@id\":\"https:\/\/jam-news.net\/az\/#organization\"},\"potentialAction\":[{\"@type\":\"SearchAction\",\"target\":{\"@type\":\"EntryPoint\",\"urlTemplate\":\"https:\/\/jam-news.net\/az\/?s={search_term_string}\"},\"query-input\":{\"@type\":\"PropertyValueSpecification\",\"valueRequired\":true,\"valueName\":\"search_term_string\"}}],\"inLanguage\":\"az\"},{\"@type\":\"Organization\",\"@id\":\"https:\/\/jam-news.net\/az\/#organization\",\"name\":\"JAMnews\",\"url\":\"https:\/\/jam-news.net\/az\/\",\"logo\":{\"@type\":\"ImageObject\",\"inLanguage\":\"az\",\"@id\":\"https:\/\/jam-news.net\/az\/#\/schema\/logo\/image\/\",\"url\":\"https:\/\/jam-news.net\/app\/uploads\/2020\/05\/JAM_w.jpg\",\"contentUrl\":\"https:\/\/jam-news.net\/app\/uploads\/2020\/05\/JAM_w.jpg\",\"width\":960,\"height\":960,\"caption\":\"JAMnews\"},\"image\":{\"@id\":\"https:\/\/jam-news.net\/az\/#\/schema\/logo\/image\/\"},\"sameAs\":[\"https:\/\/www.facebook.com\/JAMnewsInEnglish\/\",\"https:\/\/x.com\/JAMnewsCaucasus\",\"https:\/\/www.instagram.com\/jam_news\/\",\"https:\/\/www.youtube.com\/channel\/UCXQbUCme2pykuZYXWHx4VPg\"]},{\"@type\":\"Person\",\"@id\":\"https:\/\/jam-news.net\/az\/#\/schema\/person\/67df3bb7adb46cd513fb9c4cb02361c6\",\"name\":\"JAMnews\",\"image\":{\"@type\":\"ImageObject\",\"inLanguage\":\"az\",\"@id\":\"https:\/\/jam-news.net\/az\/#\/schema\/person\/image\/\",\"url\":\"https:\/\/secure.gravatar.com\/avatar\/e5c27593ef900c3ab3deed4ed1c653d7?s=96&d=mm&r=g\",\"contentUrl\":\"https:\/\/secure.gravatar.com\/avatar\/e5c27593ef900c3ab3deed4ed1c653d7?s=96&d=mm&r=g\",\"caption\":\"JAMnews\"},\"url\":\"https:\/\/jam-news.net\/az\/author\/margarita\/\"}]}<\/script>\n<!-- \/ Yoast SEO plugin. -->","yoast_head_json":{"title":"Zimbabve: uzun\u00f6m\u00fcrl\u00fc diktatora ultimatum verilib - JAMnews","robots":{"index":"index","follow":"follow","max-snippet":"max-snippet:-1","max-image-preview":"max-image-preview:large","max-video-preview":"max-video-preview:-1"},"canonical":"https:\/\/jam-news.net\/az\/zimbabve-uzunomurlu-diktatora-ultimatum-verilib\/","og_locale":"az_AZ","og_type":"article","og_title":"Zimbabve: uzun\u00f6m\u00fcrl\u00fc diktatora ultimatum verilib - JAMnews","og_description":"Zimbabve ordusu prezidentin \u0259traf\u0131 il\u0259 m\u00fcnaqi\u015f\u0259d\u0259dir","og_url":"https:\/\/jam-news.net\/az\/zimbabve-uzunomurlu-diktatora-ultimatum-verilib\/","og_site_name":"Azerbaijani Jamnews","article_publisher":"https:\/\/www.facebook.com\/JAMnewsInEnglish\/","article_published_time":"2017-11-15T00:00:00+00:00","article_modified_time":"2021-11-03T11:44:41+00:00","og_image":[{"url":"http:\/\/jam-news.net\/app\/uploads\/2017\/11\/2017-11-14T151705Z_906087124_RC1E219DBA70_RTRMADP_3_ZIMBABWE-POLITICS.jpg","type":"","width":"","height":""}],"author":"JAMnews","twitter_card":"summary_large_image","twitter_creator":"@JAMnewsCaucasus","twitter_site":"@JAMnewsCaucasus","twitter_misc":{"Written by":"JAMnews","Est. reading time":"1 minute"},"schema":{"@context":"https:\/\/schema.org","@graph":[{"@type":"Article","@id":"https:\/\/jam-news.net\/az\/zimbabve-uzunomurlu-diktatora-ultimatum-verilib\/#article","isPartOf":{"@id":"https:\/\/jam-news.net\/az\/zimbabve-uzunomurlu-diktatora-ultimatum-verilib\/"},"author":{"name":"JAMnews","@id":"https:\/\/jam-news.net\/az\/#\/schema\/person\/67df3bb7adb46cd513fb9c4cb02361c6"},"headline":"Zimbabve: uzun\u00f6m\u00fcrl\u00fc diktatora ultimatum verilib","datePublished":"2017-11-15T00:00:00+00:00","dateModified":"2021-11-03T11:44:41+00:00","mainEntityOfPage":{"@id":"https:\/\/jam-news.net\/az\/zimbabve-uzunomurlu-diktatora-ultimatum-verilib\/"},"wordCount":232,"commentCount":0,"publisher":{"@id":"https:\/\/jam-news.net\/az\/#organization"},"image":{"@id":"https:\/\/jam-news.net\/az\/zimbabve-uzunomurlu-diktatora-ultimatum-verilib\/#primaryimage"},"thumbnailUrl":"http:\/\/jam-news.net\/app\/uploads\/2017\/11\/2017-11-14T151705Z_906087124_RC1E219DBA70_RTRMADP_3_ZIMBABWE-POLITICS.jpg","keywords":["Ba\u015f s\u0259hif\u0259"],"articleSection":["From far and near","Geography","News"],"inLanguage":"az"},{"@type":"WebPage","@id":"https:\/\/jam-news.net\/az\/zimbabve-uzunomurlu-diktatora-ultimatum-verilib\/","url":"https:\/\/jam-news.net\/az\/zimbabve-uzunomurlu-diktatora-ultimatum-verilib\/","name":"Zimbabve: uzun\u00f6m\u00fcrl\u00fc diktatora ultimatum verilib - JAMnews","isPartOf":{"@id":"https:\/\/jam-news.net\/az\/#website"},"primaryImageOfPage":{"@id":"https:\/\/jam-news.net\/az\/zimbabve-uzunomurlu-diktatora-ultimatum-verilib\/#primaryimage"},"image":{"@id":"https:\/\/jam-news.net\/az\/zimbabve-uzunomurlu-diktatora-ultimatum-verilib\/#primaryimage"},"thumbnailUrl":"http:\/\/jam-news.net\/app\/uploads\/2017\/11\/2017-11-14T151705Z_906087124_RC1E219DBA70_RTRMADP_3_ZIMBABWE-POLITICS.jpg","datePublished":"2017-11-15T00:00:00+00:00","dateModified":"2021-11-03T11:44:41+00:00","breadcrumb":{"@id":"https:\/\/jam-news.net\/az\/zimbabve-uzunomurlu-diktatora-ultimatum-verilib\/#breadcrumb"},"inLanguage":"az","potentialAction":[{"@type":"ReadAction","target":["https:\/\/jam-news.net\/az\/zimbabve-uzunomurlu-diktatora-ultimatum-verilib\/"]}]},{"@type":"ImageObject","inLanguage":"az","@id":"https:\/\/jam-news.net\/az\/zimbabve-uzunomurlu-diktatora-ultimatum-verilib\/#primaryimage","url":"http:\/\/jam-news.net\/app\/uploads\/2017\/11\/2017-11-14T151705Z_906087124_RC1E219DBA70_RTRMADP_3_ZIMBABWE-POLITICS.jpg","contentUrl":"http:\/\/jam-news.net\/app\/uploads\/2017\/11\/2017-11-14T151705Z_906087124_RC1E219DBA70_RTRMADP_3_ZIMBABWE-POLITICS.jpg"},{"@type":"BreadcrumbList","@id":"https:\/\/jam-news.net\/az\/zimbabve-uzunomurlu-diktatora-ultimatum-verilib\/#breadcrumb","itemListElement":[{"@type":"ListItem","position":1,"name":"Home","item":"https:\/\/jam-news.net\/az\/"},{"@type":"ListItem","position":2,"name":"Zimbabve: uzun\u00f6m\u00fcrl\u00fc diktatora ultimatum verilib"}]},{"@type":"WebSite","@id":"https:\/\/jam-news.net\/az\/#website","url":"https:\/\/jam-news.net\/az\/","name":"Azerbaijani Jamnews","description":"Caucasus News, Politics and Society","publisher":{"@id":"https:\/\/jam-news.net\/az\/#organization"},"potentialAction":[{"@type":"SearchAction","target":{"@type":"EntryPoint","urlTemplate":"https:\/\/jam-news.net\/az\/?s={search_term_string}"},"query-input":{"@type":"PropertyValueSpecification","valueRequired":true,"valueName":"search_term_string"}}],"inLanguage":"az"},{"@type":"Organization","@id":"https:\/\/jam-news.net\/az\/#organization","name":"JAMnews","url":"https:\/\/jam-news.net\/az\/","logo":{"@type":"ImageObject","inLanguage":"az","@id":"https:\/\/jam-news.net\/az\/#\/schema\/logo\/image\/","url":"https:\/\/jam-news.net\/app\/uploads\/2020\/05\/JAM_w.jpg","contentUrl":"https:\/\/jam-news.net\/app\/uploads\/2020\/05\/JAM_w.jpg","width":960,"height":960,"caption":"JAMnews"},"image":{"@id":"https:\/\/jam-news.net\/az\/#\/schema\/logo\/image\/"},"sameAs":["https:\/\/www.facebook.com\/JAMnewsInEnglish\/","https:\/\/x.com\/JAMnewsCaucasus","https:\/\/www.instagram.com\/jam_news\/","https:\/\/www.youtube.com\/channel\/UCXQbUCme2pykuZYXWHx4VPg"]},{"@type":"Person","@id":"https:\/\/jam-news.net\/az\/#\/schema\/person\/67df3bb7adb46cd513fb9c4cb02361c6","name":"JAMnews","image":{"@type":"ImageObject","inLanguage":"az","@id":"https:\/\/jam-news.net\/az\/#\/schema\/person\/image\/","url":"https:\/\/secure.gravatar.com\/avatar\/e5c27593ef900c3ab3deed4ed1c653d7?s=96&d=mm&r=g","contentUrl":"https:\/\/secure.gravatar.com\/avatar\/e5c27593ef900c3ab3deed4ed1c653d7?s=96&d=mm&r=g","caption":"JAMnews"},"url":"https:\/\/jam-news.net\/az\/author\/margarita\/"}]}},"_links":{"self":[{"href":"https:\/\/jam-news.net\/az\/wp-json\/wp\/v2\/posts\/7154","targetHints":{"allow":["GET"]}}],"collection":[{"href":"https:\/\/jam-news.net\/az\/wp-json\/wp\/v2\/posts"}],"about":[{"href":"https:\/\/jam-news.net\/az\/wp-json\/wp\/v2\/types\/post"}],"author":[{"embeddable":true,"href":"https:\/\/jam-news.net\/az\/wp-json\/wp\/v2\/users\/3"}],"replies":[{"embeddable":true,"href":"https:\/\/jam-news.net\/az\/wp-json\/wp\/v2\/comments?post=7154"}],"version-history":[{"count":1,"href":"https:\/\/jam-news.net\/az\/wp-json\/wp\/v2\/posts\/7154\/revisions"}],"predecessor-version":[{"id":15105,"href":"https:\/\/jam-news.net\/az\/wp-json\/wp\/v2\/posts\/7154\/revisions\/15105"}],"wp:attachment":[{"href":"https:\/\/jam-news.net\/az\/wp-json\/wp\/v2\/media?parent=7154"}],"wp:term":[{"taxonomy":"category","embeddable":true,"href":"https:\/\/jam-news.net\/az\/wp-json\/wp\/v2\/categories?post=7154"},{"taxonomy":"post_tag","embeddable":true,"href":"https:\/\/jam-news.net\/az\/wp-json\/wp\/v2\/tags?post=7154"},{"taxonomy":"formation","embeddable":true,"href":"https:\/\/jam-news.net\/az\/wp-json\/wp\/v2\/formation?post=7154"},{"taxonomy":"post-author","embeddable":true,"href":"https:\/\/jam-news.net\/az\/wp-json\/wp\/v2\/post-author?post=7154"},{"taxonomy":"topic","embeddable":true,"href":"https:\/\/jam-news.net\/az\/wp-json\/wp\/v2\/topic?post=7154"},{"taxonomy":"tooltip","embeddable":true,"href":"https:\/\/jam-news.net\/az\/wp-json\/wp\/v2\/tooltip?post=7154"},{"taxonomy":"city","embeddable":true,"href":"https:\/\/jam-news.net\/az\/wp-json\/wp\/v2\/city?post=7154"}],"curies":[{"name":"wp","href":"https:\/\/api.w.org\/{rel}","templated":true}]}}