{"id":6876,"date":"2017-10-14T00:00:00","date_gmt":"2017-10-14T00:00:00","guid":{"rendered":"http:\/\/jam-news.net\/az\/%e1%83%90%e1%83%96%e1%83%98%e1%83%a3%e1%83%a0%e1%83%98-%e1%83%a4%e1%83%90%e1%83%a0%e1%83%9d%e1%83%a1%e1%83%90%e1%83%9c%e1%83%90-%e1%83%9f%e1%83%94%e1%83%9c%e1%83%94%e1%83%95%e1%83%98%e1%83%a1\/"},"modified":"2022-01-18T01:16:01","modified_gmt":"2022-01-17T21:16:01","slug":"%e1%83%90%e1%83%96%e1%83%98%e1%83%a3%e1%83%a0%e1%83%98-%e1%83%a4%e1%83%90%e1%83%a0%e1%83%9d%e1%83%a1%e1%83%90%e1%83%9c%e1%83%90-%e1%83%9f%e1%83%94%e1%83%9c%e1%83%94%e1%83%95%e1%83%98%e1%83%a1","status":"publish","type":"post","link":"https:\/\/jam-news.net\/az\/%e1%83%90%e1%83%96%e1%83%98%e1%83%a3%e1%83%a0%e1%83%98-%e1%83%a4%e1%83%90%e1%83%a0%e1%83%9d%e1%83%a1%e1%83%90%e1%83%9c%e1%83%90-%e1%83%9f%e1%83%94%e1%83%9c%e1%83%94%e1%83%95%e1%83%98%e1%83%a1\/","title":{"rendered":"G\u00fcrc\u00fcstanda m\u00fcnaqi\u015f\u0259l\u0259rl\u0259 ba\u011fl\u0131 dan\u0131\u015f\u0131qlar\u0131n yeni raundu: t\u0259r\u0259fl\u0259rin m\u00f6vqeyi nec\u0259dir?"},"content":{"rendered":"<p><span style=\"font-weight: 400;\">11-12 oktyabrda ba\u015f tutmu\u015f beyn\u0259lxalq Cenevr\u0259 m\u00fczakir\u0259l\u0259rinin q\u0131rx birinci raundunda \u0259n\u0259n\u0259vi olaraq t\u0259hl\u00fck\u0259sizlik m\u0259s\u0259l\u0259l\u0259ri v\u0259 humanitar probleml\u0259r m\u00fczakir\u0259 olunub. Amma yeni m\u00f6vzu da g\u00fcnd\u0259m\u0259 g\u0259lib \u2013 region \u00fc\u00e7\u00fcn yeni t\u0259hl\u00fck\u0259 m\u0259nb\u0259yi olan m\u0259rm\u0259r taxtabiti.<\/span><\/p>\n<p>\n    <div class=\"bd_notification notification_mark\">\n      <i><\/i><span style=\"font-weight: 400; color: #000000;\">Cenevr\u0259d\u0259 beyn\u0259lxalq m\u00fczakir\u0259l\u0259r Avropa \u0130ttifaq\u0131, BMT v\u0259 AT\u018fT-in s\u0259drliyi alt\u0131nda 2008-ci il avqust m\u00fcharib\u0259sind\u0259n sonra h\u0259yata ke\u00e7irilir, burada Rusiya G\u00fcrc\u00fcstan v\u0259 AB\u015e, o c\u00fcml\u0259d\u0259n d\u0259 Suxumi v\u0259 Sxinvaali n\u00fcmay\u0259nd\u0259l\u0259ri i\u015ftirak edir.<\/span>\n    <\/div>\n    <\/p>\n<h2 style=\"text-align: center;\"><span style=\"color: #000080;\"><b>Tbilisinin m\u00f6vqeyi<\/b><\/span><\/h2>\n<p><span style=\"font-weight: 400;\">G\u00fcrc\u00fcstan\u0131n Xarici \u0130\u015fl\u0259r Nazirliyinin m\u0259lumat\u0131na g\u00f6r\u0259, <\/span><em><strong><span style=\"color: #0000ff;\"><a href=\"http:\/\/mfa.gov.ge\/News\/sagareo-saqmeta-saministros-ganckhadeba-jenevi-(2).aspx?CatID=5\">\u0259sas m\u00fczakir\u0259 m\u00f6vzusu<\/a><\/span><\/strong><\/em><span style=\"font-weight: 400;\"> \u201ci\u015f\u011fal olunmu\u015f \u0259razil\u0259rd\u0259 g\u00fcrc\u00fcl\u0259r\u0259 qar\u015f\u0131 etnik t\u0259mizl\u0259m\u0259 v\u0259 Rusiyan\u0131n destruktiv h\u0259r\u0259k\u0259tl\u0259ri\u201d olub. \u00a0<\/span><\/p>\n<p><span style=\"font-weight: 400;\">X\u0130N-in b\u0259yanat\u0131nda deyilir ki, G\u00fcrc\u00fcstan t\u0259r\u0259fi Eredvi k\u0259ndind\u0259 etnik g\u00fcrc\u00fcl\u0259rin evl\u0259rinin k\u00fctl\u0259vi \u015f\u0259kild\u0259 da\u011f\u0131d\u0131lmas\u0131na diqq\u0259t \u00e7\u0259kib. G\u00fcrc\u00fcstan t\u0259r\u0259fi bu fakt\u0131 <\/span><i><span style=\"font-weight: 400;\">\u201cSxinvali regionunda g\u00fcrc\u00fc izini silm\u0259kc\u0259hdi v\u0259 etnik t\u0259mizl\u0259m\u0259nin davam\u0131\u201d<\/span><\/i><span style=\"font-weight: 400;\"> kimi d\u0259y\u0259rl\u0259ndirib. \u00a0<\/span><\/p>\n<p><span style=\"font-weight: 400;\">Ba\u015fqa bir m\u00fczakir\u0259 m\u00f6vzusu \u201cAbxaziyan\u0131n Qal rayonunda etnik diskriminasiya\u201d, o c\u00fcml\u0259d\u0259n d\u0259 yerli g\u00fcrc\u00fc \u0259halisin\u0259 soyadlar\u0131n\u0131n v\u0259 \u00a0etnik kimlikl\u0259rinin d\u0259yi\u015fdirilm\u0259si \u00a0olub. Qal v\u0259 Axalqorsk rayonlar\u0131n\u0131n m\u0259kt\u0259bl\u0259rind\u0259 do\u011fma dild\u0259 t\u0259hsil\u0259 qada\u011fa qoyulmas\u0131, Qalid\u0259 a\u011f\u0131r sosial v\u0259 humanitar v\u0259ziyy\u0259t d\u0259 m\u00fczakir\u0259 edilib. <\/span><\/p>\n<p><span style=\"font-weight: 400;\">G\u00fcrc\u00fcstan t\u0259r\u0259fi G\u00fcrc\u00fcstan\u0131n i\u015f\u011fal edilmi\u015f \u0259razil\u0259rinin \u201cRusiya t\u0259r\u0259find\u0259n faktiki ilhaq\u0131\u201d m\u0259s\u0259l\u0259sini d\u0259 qald\u0131r\u0131b. Tbilisi Kremlin Suxumid\u0259 x\u00fcsusi g\u00f6mr\u00fck m\u0259nt\u0259q\u0259sinin yarad\u0131lmas\u0131 haqda q\u0259rar\u0131n\u0131 ilhaq\u0131n davam\u0131 hesab edir. \u00a0<\/span><\/p>\n<p style=\"padding-left: 30px;\"><span style=\"color: #000000;\"><i><span style=\"font-weight: 400;\">\u201cRusiya h\u0259l\u0259 d\u0259 beyn\u0259lxalq t\u0259hl\u00fck\u0259sizlik mexanizminin yarad\u0131lmas\u0131n\u0131 m\u00fczakir\u0259 etm\u0259kd\u0259n imtina edir, bununla da Moskva 20088-ci il avqustun 12-d\u0259 \u0259ld\u0259 edilmi\u015f at\u0259\u015fk\u0259s haqda sazi\u015fin be\u015finci madd\u0259sin\u0259 uy\u011fun \u00fcz\u0259rin\u0259 g\u00f6t\u00fcrd\u00fcy\u00fc \u00f6hd\u0259likl\u0259ri qulaqard\u0131na vurur\u201d, &#8211; <\/span><\/i><span style=\"font-weight: 400;\">Xarici \u0130\u015fl\u0259r Nazirliyinin b\u0259yanat\u0131nda deyilir. <\/span><\/span><\/p>\n<h2 style=\"text-align: center;\"><span style=\"color: #000080;\"><b>Rusiyan\u0131n m\u00f6vqeyi<\/b><\/span><\/h2>\n<p><span style=\"font-weight: 400;\">Rusiya X\u0130N-in Cenevr\u0259 m\u00fczakir\u0259l\u0259rinin n\u0259tic\u0259l\u0259ri il\u0259 ba\u011fl\u0131 r\u0259smi <\/span><em><strong><a href=\"http:\/\/www.mid.ru\/ru\/foreign_policy\/news\/-\/asset_publisher\/cKNonkJE02Bw\/content\/id\/2898356\">b\u0259yanat\u0131nda<\/a><\/strong><\/em><span style=\"font-weight: 400;\"> Tbilisinin NATO il\u0259 \u0259m\u0259kda\u015fl\u0131\u011f\u0131 vur\u011fulan\u0131r v\u0259 Moskvan\u0131n bu \u0259m\u0259kda\u015fl\u0131qdan narahat oldu\u011fu, bu \u0259m\u0259kda\u015fl\u0131\u011f\u0131n <\/span><i><span style=\"font-weight: 400;\">\u201cregional t\u0259hl\u00fck\u0259sizliy\u0259 t\u0259hdid kimi q\u0259bul edildiyi\u201d<\/span><\/i><span style=\"font-weight: 400;\"> qeyd olunur. \u00a0\u00a0\u00a0\u00a0<\/span><\/p>\n<p><span style=\"font-weight: 400;\">Rusiya X\u0130N-in b\u0259yanat\u0131nda NATO-nun G\u00fcrc\u00fcstanda 2017-ci ild\u0259 ke\u00e7irdiyi h\u0259rbi t\u0259liml\u0259rd\u0259n d\u0259 s\u00f6z a\u00e7\u0131l\u0131b. Moskvan\u0131n fikrinc\u0259, Tbilisinin v\u0259 alyans \u00fczvl\u0259rinin bu c\u00fcr davran\u0131\u015flar\u0131n\u0131n Cenevr\u0259 m\u00fczakir\u0259l\u0259rinin m\u0259qs\u0259din\u0259 ziddir, format\u0131n i\u015fini d\u0259y\u0259rd\u0259n sal\u0131r v\u0259 regionda g\u0259rginliyin artmas\u0131na do\u011fru apar\u0131r. <\/span><\/p>\n<p><span style=\"font-weight: 400;\">X\u0130N NATO Parlament Assambleyas\u0131n\u0131n G\u00fcrc\u00fcstanla ba\u011fl\u0131 son q\u0259tnam\u0259sini d\u0259 t\u0259nqid ed\u0259r\u0259k bildirib ki, bu q\u0259tnam\u0259 \u201cq\u0259bul olunmaz v\u0259 t\u0259hrikedici xarakter\u201d da\u015f\u0131y\u0131r.<\/span><\/p>\n<p><div class=\"su-divider su-divider-style-default\" style=\"margin:15px 0;border-width:3px;border-color:#999999\"><a href=\"#\" style=\"color:#999999\">Go to top<\/a><\/div> <\/p>\n<p style=\"padding-left: 30px;\"><span style=\"color: #000000;\"><i><span style=\"font-weight: 400;\">NATO Parlament Assambleyas\u0131 Buxarestd\u0259 6-9 oktyabrda ke\u00e7iril\u0259n illik sessiyas\u0131nda t\u0259hl\u00fck\u0259sizlikl\u0259 ba\u011fl\u0131 bir ne\u00e7\u0259 q\u0259tnam\u0259 q\u0259bul edib, onlardan biri G\u00fcrc\u00fcstanla \u0259\u0259laq\u0259lidir.<\/span><\/i><\/span><\/p>\n<p style=\"padding-left: 30px;\"><span style=\"color: #000000;\"><i><span style=\"font-weight: 400;\">Oktyabr\u0131n 9-da plenar iclasda q\u0259bul olunan \u201cQara D\u0259niz regionunda t\u0259hl\u00fck\u0259sizlik v\u0259 stabillik haqda\u201d q\u0259tnam\u0259d\u0259 \u201cregionda artmaqda olan g\u0259rginlik\u201d s\u0259b\u0259bil\u0259 d\u0259rin narahatl\u0131q ifad\u0259 edilir v\u0259 \u201cRusiyan\u0131n G\u00fcrc\u00fcstan\u0131n regionlar\u0131n\u0131n \u2013 Abxaziya v\u0259 C\u0259nubi Osetiyan\u0131n qanunsuz i\u015f\u011fal\u0131n\u0131 h\u0259yata ke\u00e7irm\u0259si v\u0259 orada h\u0259rbi q\u00fcvv\u0259l\u0259rin art\u0131r\u0131lmas\u0131\u201d pisl\u0259nib.<\/span><\/i><\/span><\/p>\n<h2 style=\"text-align: center;\"><span style=\"color: #000080;\"><b>Suxuminin m\u00f6vqeyi\u00a0<\/b><\/span><\/h2>\n<p><span style=\"font-weight: 400;\">Suxuminin hakimiyy\u0259t n\u00fcmay\u0259nd\u0259l\u0259ri <\/span><em><strong><a href=\"http:\/\/mfaapsny.org\/ru\/allnews\/news\/geneva-discussions\/10-11-oktyabrya-2017-goda-sostoyalsya-41-raund-zhenevskikh-mezhdunarodnykh-diskussiy-d\/\">b\u0259yan edibl\u0259r<\/a><\/strong><\/em><span style=\"font-weight: 400;\"> ki, dan\u0131\u015f\u0131q i\u015ftirak\u00e7\u0131lar\u0131 n\u00f6vb\u0259ti d\u0259f\u0259 g\u00fcc t\u0259tbiq edilm\u0259m\u0259sin\u0259 dair birg\u0259 \u015fifahi b\u0259yanat\u0131n g\u00fcz\u0259\u015ftli variant\u0131n\u0131 raz\u0131la\u015fd\u0131ra bilm\u0259yibl\u0259r. \u00a0<\/span><\/p>\n<p><span style=\"font-weight: 400;\">Suxuminin yayd\u0131\u011f\u0131 b\u0259yanatda deyilir ki, \u00a0abxaz t\u0259r\u0259fi m\u0259rm\u0259r g\u0259n\u0259l\u0259rl\u0259 m\u00fcbariz\u0259 istiqam\u0259tind\u0259 operativ t\u0259dbirl\u0259r g\u00f6r\u00fclm\u0259sin\u0259 x\u00fcsusi diqq\u0259t c\u0259lb edib, <\/span><i><span style=\"font-weight: 400;\">\u201cbu h\u0259\u015f\u0259ratlar\u0131n yay\u0131lmas\u0131 Abxaziyada kultivasiya olunan k\u0259nd t\u0259s\u0259rr\u00fcfat\u0131 bitkil\u0259rin\u0259 ciddi t\u0259hl\u00fck\u0259 t\u00f6r\u0259dir\u201d<\/span><\/i><span style=\"font-weight: 400;\">. Suxumi Cenevr\u0259 beyn\u0259lxalq m\u00fczakir\u0259l\u0259rinin h\u0259ms\u0259drl\u0259rind\u0259n bu ekoloji problem\u0259 x\u00fcsusi diqq\u0259t yetirm\u0259yi v\u0259 ziyanvericil\u0259rl\u0259 m\u00fcbariz\u0259d\u0259 laz\u0131mi beyn\u0259lxalq d\u0259st\u0259yi \u0259sirg\u0259m\u0259m\u0259yi xahi\u015f edib.<\/span><\/p>\n<h2 style=\"text-align: center;\"><span style=\"color: #000080;\"><b>Sxinval\u0131n m\u00f6vqeyi\u00a0<\/b><\/span><\/h2>\n<p><span style=\"font-weight: 400;\">Sxinvali hakimiyy\u0259tinin b\u0259yanat\u0131 G\u00fcrc\u00fcstan\u0131n NATO il\u0259 \u0259m\u0259kda\u015fl\u0131\u011f\u0131 m\u00f6vzusunda Rusiyan\u0131n m\u00f6vqeyini <\/span><em><strong><a href=\"http:\/\/www.mfa-rso.su\/node\/2300\">t\u0259krarlay\u0131r<\/a>. <\/strong><\/em><\/p>\n<p><span style=\"font-weight: 400;\">Sxinvali Tbilisini <\/span><span style=\"color: #000000;\"><i><span style=\"font-weight: 400;\">\u201cC\u0259nubi Osetiya Respublikas\u0131 v\u0259 G\u00fcrc\u00fcstan aras\u0131nda d\u00f6vl\u0259t s\u0259rh\u0259dinin delimitasiyas\u0131 v\u0259 demarkasiyas\u0131 \u00fczr\u0259 m\u00fc\u015ft\u0259r\u0259k ikit\u0259r\u0259fli i\u015f\u0259 ba\u015flama\u011fa\u201d<\/span><\/i><\/span><span style=\"font-weight: 400;\"> \u00e7a\u011f\u0131r\u0131b v\u0259 s\u0259rh\u0259dyan\u0131 k\u0259ndl\u0259rd\u0259 \u00a0G\u00fcrc\u00fcstan t\u0259r\u0259finin f\u0259all\u0131\u011f\u0131n\u0131 <\/span><i><span style=\"font-weight: 400;\">\u201ct\u0259xribat xarakterli\u201d<\/span><\/i><span style=\"font-weight: 400;\"> adland\u0131r\u0131b [s\u0259rh\u0259d \u00e7\u0259p\u0259rl\u0259rinin qura\u015fd\u0131r\u0131lmas\u0131na qar\u015f\u0131 ke\u00e7iril\u0259n etiraz aksiyalar\u0131 v\u0259 mitinql\u0259r n\u0259z\u0259rd\u0259 tulur].<\/span><\/p>\n<h2 style=\"text-align: center;\"><span style=\"color: #000080;\"><b>AB\u015e-\u0131n m\u00f6vqeyi<\/b><\/span><\/h2>\n<p><span style=\"font-weight: 400;\">AB\u015e-\u0131n dan\u0131\u015f\u0131qlardak\u0131 n\u00fcmay\u0259nd\u0259 hey\u0259tinin <\/span><em><strong><a href=\"https:\/\/geneva.usmission.gov\/2017\/10\/11\/u-s-participation-in-the-geneva-international-discussions-on-the-conflict-in-georgia-7\/\">b\u0259yanat\u0131na<\/a><\/strong><\/em><span style=\"font-weight: 400;\"> \u0259sas\u0259n, Amerika \u201cG\u00fcrc\u00fcstan\u0131n suverenliyini v\u0259 \u0259razi b\u00fct\u00f6vl\u00fcy\u00fcn\u00fc pozdu\u011fu \u00fc\u00e7\u00fcn\u201d Abxaziyan\u0131n inzibati s\u0259rh\u0259d x\u0259ttind\u0259 iki g\u00f6mr\u00fck m\u0259nt\u0259q\u0259sinin ba\u011flanmas\u0131 v\u0259 C\u0259nubi Osetiya inzibati s\u0259rh\u0259d \u00a0x\u0259ttind\u0259 faktiki mane\u0259l\u0259rin, demarkasiya i\u015far\u0259l\u0259rinin qura\u015fd\u0131r\u0131lmas\u0131 il\u0259 ba\u011fl\u0131 etiraz bildirib.<\/span><\/p>\n<p style=\"padding-left: 30px;\"><span style=\"color: #000000;\"><i><span style=\"font-weight: 400;\">\u201cBu add\u0131mlar azad h\u0259r\u0259k\u0259t imkan\u0131n\u0131 m\u0259hdudla\u015fd\u0131r\u0131r v\u0259 yerli sakinl\u0259rin h\u0259yat \u015f\u0259raitin\u0259 x\u0259l\u0259l g\u0259tirir\u201d, &#8211; <\/span><\/i><span style=\"font-weight: 400;\">AB\u015e missiyas\u0131n\u0131n b\u0259yanat\u0131nda deyilir.<\/span><\/span><\/p>\n<p><span style=\"font-weight: 400;\">Amerikan\u0131n r\u0259smi \u015f\u0259xsl\u0259ri d\u0259 Erdevi k\u0259ndind\u0259 etnik g\u00fcrc\u00fcl\u0259rin evl\u0259rinin da\u011f\u0131d\u0131lmas\u0131na etiraz edib v\u0259 bildiribl\u0259r ki, <\/span><i><span style=\"font-weight: 400;\">\u201cg\u00fcrc\u00fcl\u0259rin \u00f6z evl\u0259rin\u0259 qay\u0131tmaq haqlar\u0131 var\u201d.<\/span><\/i><\/p>\n<p><span style=\"font-weight: 400;\">Onlar h\u0259m\u00e7inin Suxuminin G\u00fcrc\u00fcstan v\u0259t\u0259nda\u015f\u0131 Qiqi Otxozoriyan\u0131n <\/span><em><strong><a href=\"https:\/\/jam-news.net\/?p=41705&amp;lang=ka\">q\u0259tli<\/a><\/strong><\/em><span style=\"font-weight: 400;\"> il\u0259 ba\u011fl\u0131 istintaq\u0131 dayand\u0131rmas\u0131 il\u0259 \u0259laq\u0259dar narahatl\u0131q bildiribl\u0259r. <\/span><\/p>\n<p><span style=\"font-weight: 400;\">G\u00fcc t\u0259tbiq edilm\u0259m\u0259si m\u0259s\u0259l\u0259sin\u0259 g\u0259linc\u0259, amerikal\u0131 diplomatlar \u201ct\u0259r\u0259fl\u0259ri h\u0259r iki t\u0259r\u0259fi t\u0259min ed\u0259c\u0259k b\u0259yanat\u0131n q\u0259bulu m\u0259qs\u0259dil\u0259 konstruktiv dan\u0131\u015f\u0131qlar\u0131 davam etdirm\u0259y\u0259 \u00e7a\u011f\u0131r\u0131b\u201d.<\/span><\/p>\n<p><span style=\"font-weight: 400;\">Cenevr\u0259 m\u00fczakir\u0259l\u0259rinin h\u0259ms\u0259drl\u0259ri media \u00fc\u00e7\u00fcn <\/span><em><strong><a href=\"http:\/\/www.osce.org\/chairmanship\/349296\">r\u0259smi m\u0259lumat<\/a><\/strong><\/em><span style=\"font-weight: 400;\"> d\u0259rc edibl\u0259r\u015e orada deyilir ki, m\u00fczakir\u0259 olunan m\u0259s\u0259l\u0259l\u0259r s\u0131ras\u0131nda \u201cay\u0131rma x\u0259tti boyunca h\u0259bsl\u0259r, k\u0259nd t\u0259s\u0259rr\u00fcfat\u0131 torpaqlar\u0131na ke\u00e7m\u0259k imkan\u0131, h\u0259rbi f\u0259aliyy\u0259tl\u0259 ba\u011fl\u0131 m\u0259lumat m\u00fcbadil\u0259si, ciddi m\u0259s\u0259l\u0259l\u0259r \u00fczr\u0259 \u0259dal\u0259t m\u00fchakim\u0259sinin t\u0259min olunmas\u0131n\u0131n vacibliyi\u201d, o c\u00fcml\u0259d\u0259n g\u00fcc t\u0259tbiq olunnmamas\u0131 haqda b\u0259yanata dair m\u0259sl\u0259h\u0259tl\u0259\u015fm\u0259l\u0259r d\u0259 vard\u0131.<\/span><\/p>\n<p><span style=\"font-weight: 400;\">Dan\u0131\u015f\u0131qlar zaman\u0131 qeyri-siyasi m\u0259s\u0259l\u0259l\u0259r, o c\u00fcml\u0259d\u0259n m\u0259hsula ciddi ziyan vurmu\u015f Asiya g\u0259n\u0259sinin Abxaziya da daxil olmaqla Q\u0259rbi G\u00fcrc\u00fcstanda yaratd\u0131\u011f\u0131 t\u0259hl\u00fck\u0259 d\u0259 m\u00fczakir\u0259 olunub.<\/span><\/p>\n<p><span style=\"font-weight: 400;\">Cenevr\u0259 beyn\u0259lxalq m\u00fczakir\u0259l\u0259rinin n\u00f6vb\u0259ti raundu 2017-ci il 12-13 dekabrda ba\u015f tutacaq.<\/span><\/p>\n<p><div class=\"su-divider su-divider-style-default\" style=\"margin:15px 0;border-width:3px;border-color:#999999\"><a href=\"#\" style=\"color:#999999\">Go to top<\/a><\/div> <\/p>\n<ul>\n<li><span style=\"color: #000000;\"><i><i><span style=\"font-weight: 400;\">2008-ci il avqust m\u00fcharib\u0259sind\u0259n sonra G\u00fcrc\u00fcstan v\u0259 RF aras\u0131nda Cenevr\u0259 diskussiyalar\u0131 format\u0131 yarad\u0131l\u0131b. Buu format\u0131n yarad\u0131lmas\u0131 q\u0259rar\u0131 2008-ci il 12 avqust tarixli at\u0259\u015fk\u0259s haqda sazi\u015fin \u0259sas\u0131nda yarad\u0131l\u0131b. O vaxtdan b\u0259ri h\u0259r \u00a0il d\u00f6rd raundda m\u00fczakir\u0259l\u0259r apar\u0131l\u0131r. Rusiya v\u0259 G\u00fcrc\u00fcstandan ba\u015fqa dan\u0131\u015f\u0131qlarda AB\u015e n\u00fcmay\u0259nd\u0259l\u0259ri, Avropa \u0130ttifaq\u0131, AT\u018fT v\u0259 BMT t\u0259r\u0259find\u0259n h\u0259ms\u0259drl\u0259r i\u015ftirak edir. M\u00fczakir\u0259 i\u015ftirak\u00e7\u0131lar\u0131 s\u0131ras\u0131nda Sxinvali v\u0259 Suxumi n\u00fcmay\u0259nd\u0259l\u0259ri d\u0259 var.<\/span><\/i><\/i>\u00a0<\/span><\/li>\n<li><span style=\"color: #000000;\"><i><span style=\"font-weight: 400;\">Cenevr\u0259d\u0259 beyn\u0259lxalq dan\u0131\u015f\u0131qlar iki paralel i\u015f\u00e7i qrupda ke\u00e7irilir. Birincid\u0259 t\u0259hl\u00fck\u0259sizlik m\u0259s\u0259l\u0259l\u0259ri m\u00fczakir\u0259 olunur (m\u0259s\u0259l\u0259n, Rusiya v\u0259 G\u00fcrc\u00fcstan aras\u0131nda g\u00fcc t\u0259tbiq edilm\u0259m\u0259si haqda sazi\u015fin \u0259ld\u0259 edilm\u0259si v\u0259 G\u00fcrc\u00fcstan\u0131n i\u015f\u011fal olunmu\u015f regionlar\u0131nda beyn\u0259lxalq t\u0259hl\u00fck\u0259sizlik mexanizminin yrad\u0131lmas\u0131), ikincid\u0259 is\u0259 m\u00fcv\u0259qq\u0259ti k\u00f6\u00e7\u0259 m\u0259ruz qalm\u0131\u015f \u015f\u0259xsl\u0259rin v\u0259 qa\u00e7q\u0131nlar\u0131n \u00f6z evl\u0259rin\u0259 qaytar\u0131lmas\u0131 m\u0259s\u0259l\u0259si v\u0259 dig\u0259r humanitar probleml\u0259r (ana dilind\u0259 t\u0259hsil, m\u0259d\u0259ni irsin m\u00fchafiz\u0259si, i\u015f\u011fal x\u0259ttinin azad \u015f\u0259kild\u0259 a\u015f\u0131lmas\u0131).<\/span><\/i><\/span><\/li>\n<\/ul>\n<p><div class=\"su-divider su-divider-style-default\" style=\"margin:15px 0;border-width:3px;border-color:#999999\"><a href=\"#\" style=\"color:#999999\">Go to top<\/a><\/div> <\/p>\n<p><span style=\"font-weight: 400;\">Material \u00a0<\/span><a href=\"http:\/\/civil.ge\/geo\/article.php?id=31662\"><b><i>civil.ge<\/i><\/b><\/a><span style=\"font-weight: 400;\">-nin x\u0259\u0259b\u0259ri \u0259sas\u0131nda haz\u0131rlan\u0131b.<\/span><\/p>\n<p><div class=\"su-divider su-divider-style-default\" style=\"margin:15px 0;border-width:3px;border-color:#999999\"><a href=\"#\" style=\"color:#999999\">Go to top<\/a><\/div> <\/p>\n<p><span style=\"color: #000080;\"><b><i>M\u0259qal\u0259 m\u00fc\u0259llifinin istifad\u0259 etdiyi terminl\u0259r, toponiml\u0259r, fikir v\u0259 ideyalar onun \u00f6z\u00fcn\u0259 m\u0259xsusdur, JAMnews v\u0259 ya ayr\u0131-ayr\u0131 \u0259m\u0259kda\u015flar\u0131n\u0131n fikir v\u0259 ideyalar\u0131 il\u0259 \u00fcst-\u00fcst\u0259 d\u00fc\u015fm\u0259y\u0259 bil\u0259r. \u00a0JAMnews t\u0259hqir, t\u0259hdid, zorak\u0131l\u0131\u011fa \u00e7a\u011f\u0131r\u0131\u015f kimi d\u0259y\u0259rl\u0259ndiril\u0259n v\u0259 \u00a0ya ba\u015fqa s\u0259b\u0259bd\u0259n etik say\u0131lmayan \u015f\u0259rhl\u0259ri silm\u0259k haqq\u0131n\u0131 \u00f6z\u00fcnd\u0259 saxlay\u0131r.<\/i><\/b><\/span><\/p>\n<p><div class=\"su-divider su-divider-style-default\" style=\"margin:15px 0;border-width:3px;border-color:#999999\"><a href=\"#\" style=\"color:#999999\">Go to top<\/a><\/div> <\/p>\n<p><\/p>\n","protected":false},"excerpt":{"rendered":"<p>Moskva Tbilisi v\u0259 NATO aras\u0131ndak\u0131 m\u00fcnasib\u0259td\u0259n narahatd\u0131r<\/p>\n","protected":false},"author":6,"featured_media":20527,"comment_status":"open","ping_status":"open","sticky":false,"template":"","format":"standard","meta":{"_acf_changed":false,"footnotes":""},"categories":[12,9,2,3,50,5,7],"tags":[],"formation":[],"post-author":[2888],"topic":[64,214,65,4956],"tooltip":[],"city":[6049],"class_list":["post-6876","post","type-post","status-publish","format-standard","has-post-thumbnail","hentry","category-abxaziya","category-munaqislr","category-cografiya","category-gurcustan","category-xbrlr","category-siyast","category-cnubi-osetiya","post-author-jamnews","topic-gurcu-osetin-munaqis-zonasinda-borderizasiya","topic-gurcu-abxaz-munaqissi","topic-gurcustan-osetiya-munaqissi","topic-cnubi-osetiya","city-tbilisi"],"acf":[],"yoast_head":"<!-- This site is optimized with the Yoast SEO plugin v24.1 - https:\/\/yoast.com\/wordpress\/plugins\/seo\/ -->\n<title>G\u00fcrc\u00fcstanda m\u00fcnaqi\u015f\u0259l\u0259rl\u0259 ba\u011fl\u0131 dan\u0131\u015f\u0131qlar\u0131n yeni raundu: t\u0259r\u0259fl\u0259rin m\u00f6vqeyi nec\u0259dir? - JAMnews<\/title>\n<meta name=\"robots\" content=\"index, follow, max-snippet:-1, max-image-preview:large, max-video-preview:-1\" \/>\n<link rel=\"canonical\" href=\"https:\/\/jam-news.net\/az\/\u10d0\u10d6\u10d8\u10e3\u10e0\u10d8-\u10e4\u10d0\u10e0\u10dd\u10e1\u10d0\u10dc\u10d0-\u10df\u10d4\u10dc\u10d4\u10d5\u10d8\u10e1\/\" \/>\n<meta property=\"og:locale\" content=\"az_AZ\" \/>\n<meta property=\"og:type\" content=\"article\" \/>\n<meta property=\"og:title\" content=\"G\u00fcrc\u00fcstanda m\u00fcnaqi\u015f\u0259l\u0259rl\u0259 ba\u011fl\u0131 dan\u0131\u015f\u0131qlar\u0131n yeni raundu: t\u0259r\u0259fl\u0259rin m\u00f6vqeyi nec\u0259dir? - JAMnews\" \/>\n<meta property=\"og:description\" content=\"Moskva Tbilisi v\u0259 NATO aras\u0131ndak\u0131 m\u00fcnasib\u0259td\u0259n narahatd\u0131r\" \/>\n<meta property=\"og:url\" content=\"https:\/\/jam-news.net\/az\/\u10d0\u10d6\u10d8\u10e3\u10e0\u10d8-\u10e4\u10d0\u10e0\u10dd\u10e1\u10d0\u10dc\u10d0-\u10df\u10d4\u10dc\u10d4\u10d5\u10d8\u10e1\/\" \/>\n<meta property=\"og:site_name\" content=\"Azerbaijani Jamnews\" \/>\n<meta property=\"article:publisher\" content=\"https:\/\/www.facebook.com\/JAMnewsInEnglish\/\" \/>\n<meta property=\"article:published_time\" content=\"2017-10-14T00:00:00+00:00\" \/>\n<meta property=\"article:modified_time\" content=\"2022-01-17T21:16:01+00:00\" \/>\n<meta property=\"og:image\" content=\"https:\/\/jam-news.net\/app\/uploads\/2020\/03\/2-2-1-3.jpg\" \/>\n\t<meta property=\"og:image:width\" content=\"1390\" \/>\n\t<meta property=\"og:image:height\" content=\"791\" \/>\n\t<meta property=\"og:image:type\" content=\"image\/jpeg\" \/>\n<meta name=\"author\" content=\"Tatia nikoladze\" \/>\n<meta name=\"twitter:card\" content=\"summary_large_image\" \/>\n<meta name=\"twitter:creator\" content=\"@JAMnewsCaucasus\" \/>\n<meta name=\"twitter:site\" content=\"@JAMnewsCaucasus\" \/>\n<meta name=\"twitter:label1\" content=\"Written by\" \/>\n\t<meta name=\"twitter:data1\" content=\"Tatia nikoladze\" \/>\n\t<meta name=\"twitter:label2\" content=\"Est. reading time\" \/>\n\t<meta name=\"twitter:data2\" content=\"8 minutes\" \/>\n<script type=\"application\/ld+json\" class=\"yoast-schema-graph\">{\"@context\":\"https:\/\/schema.org\",\"@graph\":[{\"@type\":\"Article\",\"@id\":\"https:\/\/jam-news.net\/az\/%e1%83%90%e1%83%96%e1%83%98%e1%83%a3%e1%83%a0%e1%83%98-%e1%83%a4%e1%83%90%e1%83%a0%e1%83%9d%e1%83%a1%e1%83%90%e1%83%9c%e1%83%90-%e1%83%9f%e1%83%94%e1%83%9c%e1%83%94%e1%83%95%e1%83%98%e1%83%a1\/#article\",\"isPartOf\":{\"@id\":\"https:\/\/jam-news.net\/az\/%e1%83%90%e1%83%96%e1%83%98%e1%83%a3%e1%83%a0%e1%83%98-%e1%83%a4%e1%83%90%e1%83%a0%e1%83%9d%e1%83%a1%e1%83%90%e1%83%9c%e1%83%90-%e1%83%9f%e1%83%94%e1%83%9c%e1%83%94%e1%83%95%e1%83%98%e1%83%a1\/\"},\"author\":{\"name\":\"Tatia nikoladze\",\"@id\":\"https:\/\/jam-news.net\/az\/#\/schema\/person\/86c90ea4dd4c6e61e60ae51d24bc662c\"},\"headline\":\"G\u00fcrc\u00fcstanda m\u00fcnaqi\u015f\u0259l\u0259rl\u0259 ba\u011fl\u0131 dan\u0131\u015f\u0131qlar\u0131n yeni raundu: t\u0259r\u0259fl\u0259rin m\u00f6vqeyi nec\u0259dir?\",\"datePublished\":\"2017-10-14T00:00:00+00:00\",\"dateModified\":\"2022-01-17T21:16:01+00:00\",\"mainEntityOfPage\":{\"@id\":\"https:\/\/jam-news.net\/az\/%e1%83%90%e1%83%96%e1%83%98%e1%83%a3%e1%83%a0%e1%83%98-%e1%83%a4%e1%83%90%e1%83%a0%e1%83%9d%e1%83%a1%e1%83%90%e1%83%9c%e1%83%90-%e1%83%9f%e1%83%94%e1%83%9c%e1%83%94%e1%83%95%e1%83%98%e1%83%a1\/\"},\"wordCount\":1701,\"commentCount\":0,\"publisher\":{\"@id\":\"https:\/\/jam-news.net\/az\/#organization\"},\"image\":{\"@id\":\"https:\/\/jam-news.net\/az\/%e1%83%90%e1%83%96%e1%83%98%e1%83%a3%e1%83%a0%e1%83%98-%e1%83%a4%e1%83%90%e1%83%a0%e1%83%9d%e1%83%a1%e1%83%90%e1%83%9c%e1%83%90-%e1%83%9f%e1%83%94%e1%83%9c%e1%83%94%e1%83%95%e1%83%98%e1%83%a1\/#primaryimage\"},\"thumbnailUrl\":\"https:\/\/jam-news.net\/app\/uploads\/2020\/03\/2-2-1-3.jpg\",\"articleSection\":[\"Abkhazia\",\"Conflicts\",\"Geography\",\"Georgia\",\"News\",\"Politics\",\"South Ossetia\"],\"inLanguage\":\"az\"},{\"@type\":\"WebPage\",\"@id\":\"https:\/\/jam-news.net\/az\/%e1%83%90%e1%83%96%e1%83%98%e1%83%a3%e1%83%a0%e1%83%98-%e1%83%a4%e1%83%90%e1%83%a0%e1%83%9d%e1%83%a1%e1%83%90%e1%83%9c%e1%83%90-%e1%83%9f%e1%83%94%e1%83%9c%e1%83%94%e1%83%95%e1%83%98%e1%83%a1\/\",\"url\":\"https:\/\/jam-news.net\/az\/%e1%83%90%e1%83%96%e1%83%98%e1%83%a3%e1%83%a0%e1%83%98-%e1%83%a4%e1%83%90%e1%83%a0%e1%83%9d%e1%83%a1%e1%83%90%e1%83%9c%e1%83%90-%e1%83%9f%e1%83%94%e1%83%9c%e1%83%94%e1%83%95%e1%83%98%e1%83%a1\/\",\"name\":\"G\u00fcrc\u00fcstanda m\u00fcnaqi\u015f\u0259l\u0259rl\u0259 ba\u011fl\u0131 dan\u0131\u015f\u0131qlar\u0131n yeni raundu: t\u0259r\u0259fl\u0259rin m\u00f6vqeyi nec\u0259dir? - JAMnews\",\"isPartOf\":{\"@id\":\"https:\/\/jam-news.net\/az\/#website\"},\"primaryImageOfPage\":{\"@id\":\"https:\/\/jam-news.net\/az\/%e1%83%90%e1%83%96%e1%83%98%e1%83%a3%e1%83%a0%e1%83%98-%e1%83%a4%e1%83%90%e1%83%a0%e1%83%9d%e1%83%a1%e1%83%90%e1%83%9c%e1%83%90-%e1%83%9f%e1%83%94%e1%83%9c%e1%83%94%e1%83%95%e1%83%98%e1%83%a1\/#primaryimage\"},\"image\":{\"@id\":\"https:\/\/jam-news.net\/az\/%e1%83%90%e1%83%96%e1%83%98%e1%83%a3%e1%83%a0%e1%83%98-%e1%83%a4%e1%83%90%e1%83%a0%e1%83%9d%e1%83%a1%e1%83%90%e1%83%9c%e1%83%90-%e1%83%9f%e1%83%94%e1%83%9c%e1%83%94%e1%83%95%e1%83%98%e1%83%a1\/#primaryimage\"},\"thumbnailUrl\":\"https:\/\/jam-news.net\/app\/uploads\/2020\/03\/2-2-1-3.jpg\",\"datePublished\":\"2017-10-14T00:00:00+00:00\",\"dateModified\":\"2022-01-17T21:16:01+00:00\",\"breadcrumb\":{\"@id\":\"https:\/\/jam-news.net\/az\/%e1%83%90%e1%83%96%e1%83%98%e1%83%a3%e1%83%a0%e1%83%98-%e1%83%a4%e1%83%90%e1%83%a0%e1%83%9d%e1%83%a1%e1%83%90%e1%83%9c%e1%83%90-%e1%83%9f%e1%83%94%e1%83%9c%e1%83%94%e1%83%95%e1%83%98%e1%83%a1\/#breadcrumb\"},\"inLanguage\":\"az\",\"potentialAction\":[{\"@type\":\"ReadAction\",\"target\":[\"https:\/\/jam-news.net\/az\/%e1%83%90%e1%83%96%e1%83%98%e1%83%a3%e1%83%a0%e1%83%98-%e1%83%a4%e1%83%90%e1%83%a0%e1%83%9d%e1%83%a1%e1%83%90%e1%83%9c%e1%83%90-%e1%83%9f%e1%83%94%e1%83%9c%e1%83%94%e1%83%95%e1%83%98%e1%83%a1\/\"]}]},{\"@type\":\"ImageObject\",\"inLanguage\":\"az\",\"@id\":\"https:\/\/jam-news.net\/az\/%e1%83%90%e1%83%96%e1%83%98%e1%83%a3%e1%83%a0%e1%83%98-%e1%83%a4%e1%83%90%e1%83%a0%e1%83%9d%e1%83%a1%e1%83%90%e1%83%9c%e1%83%90-%e1%83%9f%e1%83%94%e1%83%9c%e1%83%94%e1%83%95%e1%83%98%e1%83%a1\/#primaryimage\",\"url\":\"https:\/\/jam-news.net\/app\/uploads\/2020\/03\/2-2-1-3.jpg\",\"contentUrl\":\"https:\/\/jam-news.net\/app\/uploads\/2020\/03\/2-2-1-3.jpg\",\"width\":1390,\"height\":791},{\"@type\":\"BreadcrumbList\",\"@id\":\"https:\/\/jam-news.net\/az\/%e1%83%90%e1%83%96%e1%83%98%e1%83%a3%e1%83%a0%e1%83%98-%e1%83%a4%e1%83%90%e1%83%a0%e1%83%9d%e1%83%a1%e1%83%90%e1%83%9c%e1%83%90-%e1%83%9f%e1%83%94%e1%83%9c%e1%83%94%e1%83%95%e1%83%98%e1%83%a1\/#breadcrumb\",\"itemListElement\":[{\"@type\":\"ListItem\",\"position\":1,\"name\":\"Home\",\"item\":\"https:\/\/jam-news.net\/az\/\"},{\"@type\":\"ListItem\",\"position\":2,\"name\":\"G\u00fcrc\u00fcstanda m\u00fcnaqi\u015f\u0259l\u0259rl\u0259 ba\u011fl\u0131 dan\u0131\u015f\u0131qlar\u0131n yeni raundu: t\u0259r\u0259fl\u0259rin m\u00f6vqeyi nec\u0259dir?\"}]},{\"@type\":\"WebSite\",\"@id\":\"https:\/\/jam-news.net\/az\/#website\",\"url\":\"https:\/\/jam-news.net\/az\/\",\"name\":\"Azerbaijani Jamnews\",\"description\":\"Caucasus News, Politics and Society\",\"publisher\":{\"@id\":\"https:\/\/jam-news.net\/az\/#organization\"},\"potentialAction\":[{\"@type\":\"SearchAction\",\"target\":{\"@type\":\"EntryPoint\",\"urlTemplate\":\"https:\/\/jam-news.net\/az\/?s={search_term_string}\"},\"query-input\":{\"@type\":\"PropertyValueSpecification\",\"valueRequired\":true,\"valueName\":\"search_term_string\"}}],\"inLanguage\":\"az\"},{\"@type\":\"Organization\",\"@id\":\"https:\/\/jam-news.net\/az\/#organization\",\"name\":\"JAMnews\",\"url\":\"https:\/\/jam-news.net\/az\/\",\"logo\":{\"@type\":\"ImageObject\",\"inLanguage\":\"az\",\"@id\":\"https:\/\/jam-news.net\/az\/#\/schema\/logo\/image\/\",\"url\":\"https:\/\/jam-news.net\/app\/uploads\/2020\/05\/JAM_w.jpg\",\"contentUrl\":\"https:\/\/jam-news.net\/app\/uploads\/2020\/05\/JAM_w.jpg\",\"width\":960,\"height\":960,\"caption\":\"JAMnews\"},\"image\":{\"@id\":\"https:\/\/jam-news.net\/az\/#\/schema\/logo\/image\/\"},\"sameAs\":[\"https:\/\/www.facebook.com\/JAMnewsInEnglish\/\",\"https:\/\/x.com\/JAMnewsCaucasus\",\"https:\/\/www.instagram.com\/jam_news\/\",\"https:\/\/www.youtube.com\/channel\/UCXQbUCme2pykuZYXWHx4VPg\"]},{\"@type\":\"Person\",\"@id\":\"https:\/\/jam-news.net\/az\/#\/schema\/person\/86c90ea4dd4c6e61e60ae51d24bc662c\",\"name\":\"Tatia nikoladze\",\"image\":{\"@type\":\"ImageObject\",\"inLanguage\":\"az\",\"@id\":\"https:\/\/jam-news.net\/az\/#\/schema\/person\/image\/\",\"url\":\"https:\/\/secure.gravatar.com\/avatar\/1f8b2c8ce4c25cc30806785bafe6bb03?s=96&d=mm&r=g\",\"contentUrl\":\"https:\/\/secure.gravatar.com\/avatar\/1f8b2c8ce4c25cc30806785bafe6bb03?s=96&d=mm&r=g\",\"caption\":\"Tatia nikoladze\"},\"url\":\"https:\/\/jam-news.net\/az\/author\/tatiani\/\"}]}<\/script>\n<!-- \/ Yoast SEO plugin. -->","yoast_head_json":{"title":"G\u00fcrc\u00fcstanda m\u00fcnaqi\u015f\u0259l\u0259rl\u0259 ba\u011fl\u0131 dan\u0131\u015f\u0131qlar\u0131n yeni raundu: t\u0259r\u0259fl\u0259rin m\u00f6vqeyi nec\u0259dir? - JAMnews","robots":{"index":"index","follow":"follow","max-snippet":"max-snippet:-1","max-image-preview":"max-image-preview:large","max-video-preview":"max-video-preview:-1"},"canonical":"https:\/\/jam-news.net\/az\/\u10d0\u10d6\u10d8\u10e3\u10e0\u10d8-\u10e4\u10d0\u10e0\u10dd\u10e1\u10d0\u10dc\u10d0-\u10df\u10d4\u10dc\u10d4\u10d5\u10d8\u10e1\/","og_locale":"az_AZ","og_type":"article","og_title":"G\u00fcrc\u00fcstanda m\u00fcnaqi\u015f\u0259l\u0259rl\u0259 ba\u011fl\u0131 dan\u0131\u015f\u0131qlar\u0131n yeni raundu: t\u0259r\u0259fl\u0259rin m\u00f6vqeyi nec\u0259dir? - JAMnews","og_description":"Moskva Tbilisi v\u0259 NATO aras\u0131ndak\u0131 m\u00fcnasib\u0259td\u0259n narahatd\u0131r","og_url":"https:\/\/jam-news.net\/az\/\u10d0\u10d6\u10d8\u10e3\u10e0\u10d8-\u10e4\u10d0\u10e0\u10dd\u10e1\u10d0\u10dc\u10d0-\u10df\u10d4\u10dc\u10d4\u10d5\u10d8\u10e1\/","og_site_name":"Azerbaijani Jamnews","article_publisher":"https:\/\/www.facebook.com\/JAMnewsInEnglish\/","article_published_time":"2017-10-14T00:00:00+00:00","article_modified_time":"2022-01-17T21:16:01+00:00","og_image":[{"width":1390,"height":791,"url":"https:\/\/jam-news.net\/app\/uploads\/2020\/03\/2-2-1-3.jpg","type":"image\/jpeg"}],"author":"Tatia nikoladze","twitter_card":"summary_large_image","twitter_creator":"@JAMnewsCaucasus","twitter_site":"@JAMnewsCaucasus","twitter_misc":{"Written by":"Tatia nikoladze","Est. reading time":"8 minutes"},"schema":{"@context":"https:\/\/schema.org","@graph":[{"@type":"Article","@id":"https:\/\/jam-news.net\/az\/%e1%83%90%e1%83%96%e1%83%98%e1%83%a3%e1%83%a0%e1%83%98-%e1%83%a4%e1%83%90%e1%83%a0%e1%83%9d%e1%83%a1%e1%83%90%e1%83%9c%e1%83%90-%e1%83%9f%e1%83%94%e1%83%9c%e1%83%94%e1%83%95%e1%83%98%e1%83%a1\/#article","isPartOf":{"@id":"https:\/\/jam-news.net\/az\/%e1%83%90%e1%83%96%e1%83%98%e1%83%a3%e1%83%a0%e1%83%98-%e1%83%a4%e1%83%90%e1%83%a0%e1%83%9d%e1%83%a1%e1%83%90%e1%83%9c%e1%83%90-%e1%83%9f%e1%83%94%e1%83%9c%e1%83%94%e1%83%95%e1%83%98%e1%83%a1\/"},"author":{"name":"Tatia nikoladze","@id":"https:\/\/jam-news.net\/az\/#\/schema\/person\/86c90ea4dd4c6e61e60ae51d24bc662c"},"headline":"G\u00fcrc\u00fcstanda m\u00fcnaqi\u015f\u0259l\u0259rl\u0259 ba\u011fl\u0131 dan\u0131\u015f\u0131qlar\u0131n yeni raundu: t\u0259r\u0259fl\u0259rin m\u00f6vqeyi nec\u0259dir?","datePublished":"2017-10-14T00:00:00+00:00","dateModified":"2022-01-17T21:16:01+00:00","mainEntityOfPage":{"@id":"https:\/\/jam-news.net\/az\/%e1%83%90%e1%83%96%e1%83%98%e1%83%a3%e1%83%a0%e1%83%98-%e1%83%a4%e1%83%90%e1%83%a0%e1%83%9d%e1%83%a1%e1%83%90%e1%83%9c%e1%83%90-%e1%83%9f%e1%83%94%e1%83%9c%e1%83%94%e1%83%95%e1%83%98%e1%83%a1\/"},"wordCount":1701,"commentCount":0,"publisher":{"@id":"https:\/\/jam-news.net\/az\/#organization"},"image":{"@id":"https:\/\/jam-news.net\/az\/%e1%83%90%e1%83%96%e1%83%98%e1%83%a3%e1%83%a0%e1%83%98-%e1%83%a4%e1%83%90%e1%83%a0%e1%83%9d%e1%83%a1%e1%83%90%e1%83%9c%e1%83%90-%e1%83%9f%e1%83%94%e1%83%9c%e1%83%94%e1%83%95%e1%83%98%e1%83%a1\/#primaryimage"},"thumbnailUrl":"https:\/\/jam-news.net\/app\/uploads\/2020\/03\/2-2-1-3.jpg","articleSection":["Abkhazia","Conflicts","Geography","Georgia","News","Politics","South Ossetia"],"inLanguage":"az"},{"@type":"WebPage","@id":"https:\/\/jam-news.net\/az\/%e1%83%90%e1%83%96%e1%83%98%e1%83%a3%e1%83%a0%e1%83%98-%e1%83%a4%e1%83%90%e1%83%a0%e1%83%9d%e1%83%a1%e1%83%90%e1%83%9c%e1%83%90-%e1%83%9f%e1%83%94%e1%83%9c%e1%83%94%e1%83%95%e1%83%98%e1%83%a1\/","url":"https:\/\/jam-news.net\/az\/%e1%83%90%e1%83%96%e1%83%98%e1%83%a3%e1%83%a0%e1%83%98-%e1%83%a4%e1%83%90%e1%83%a0%e1%83%9d%e1%83%a1%e1%83%90%e1%83%9c%e1%83%90-%e1%83%9f%e1%83%94%e1%83%9c%e1%83%94%e1%83%95%e1%83%98%e1%83%a1\/","name":"G\u00fcrc\u00fcstanda m\u00fcnaqi\u015f\u0259l\u0259rl\u0259 ba\u011fl\u0131 dan\u0131\u015f\u0131qlar\u0131n yeni raundu: t\u0259r\u0259fl\u0259rin m\u00f6vqeyi nec\u0259dir? - JAMnews","isPartOf":{"@id":"https:\/\/jam-news.net\/az\/#website"},"primaryImageOfPage":{"@id":"https:\/\/jam-news.net\/az\/%e1%83%90%e1%83%96%e1%83%98%e1%83%a3%e1%83%a0%e1%83%98-%e1%83%a4%e1%83%90%e1%83%a0%e1%83%9d%e1%83%a1%e1%83%90%e1%83%9c%e1%83%90-%e1%83%9f%e1%83%94%e1%83%9c%e1%83%94%e1%83%95%e1%83%98%e1%83%a1\/#primaryimage"},"image":{"@id":"https:\/\/jam-news.net\/az\/%e1%83%90%e1%83%96%e1%83%98%e1%83%a3%e1%83%a0%e1%83%98-%e1%83%a4%e1%83%90%e1%83%a0%e1%83%9d%e1%83%a1%e1%83%90%e1%83%9c%e1%83%90-%e1%83%9f%e1%83%94%e1%83%9c%e1%83%94%e1%83%95%e1%83%98%e1%83%a1\/#primaryimage"},"thumbnailUrl":"https:\/\/jam-news.net\/app\/uploads\/2020\/03\/2-2-1-3.jpg","datePublished":"2017-10-14T00:00:00+00:00","dateModified":"2022-01-17T21:16:01+00:00","breadcrumb":{"@id":"https:\/\/jam-news.net\/az\/%e1%83%90%e1%83%96%e1%83%98%e1%83%a3%e1%83%a0%e1%83%98-%e1%83%a4%e1%83%90%e1%83%a0%e1%83%9d%e1%83%a1%e1%83%90%e1%83%9c%e1%83%90-%e1%83%9f%e1%83%94%e1%83%9c%e1%83%94%e1%83%95%e1%83%98%e1%83%a1\/#breadcrumb"},"inLanguage":"az","potentialAction":[{"@type":"ReadAction","target":["https:\/\/jam-news.net\/az\/%e1%83%90%e1%83%96%e1%83%98%e1%83%a3%e1%83%a0%e1%83%98-%e1%83%a4%e1%83%90%e1%83%a0%e1%83%9d%e1%83%a1%e1%83%90%e1%83%9c%e1%83%90-%e1%83%9f%e1%83%94%e1%83%9c%e1%83%94%e1%83%95%e1%83%98%e1%83%a1\/"]}]},{"@type":"ImageObject","inLanguage":"az","@id":"https:\/\/jam-news.net\/az\/%e1%83%90%e1%83%96%e1%83%98%e1%83%a3%e1%83%a0%e1%83%98-%e1%83%a4%e1%83%90%e1%83%a0%e1%83%9d%e1%83%a1%e1%83%90%e1%83%9c%e1%83%90-%e1%83%9f%e1%83%94%e1%83%9c%e1%83%94%e1%83%95%e1%83%98%e1%83%a1\/#primaryimage","url":"https:\/\/jam-news.net\/app\/uploads\/2020\/03\/2-2-1-3.jpg","contentUrl":"https:\/\/jam-news.net\/app\/uploads\/2020\/03\/2-2-1-3.jpg","width":1390,"height":791},{"@type":"BreadcrumbList","@id":"https:\/\/jam-news.net\/az\/%e1%83%90%e1%83%96%e1%83%98%e1%83%a3%e1%83%a0%e1%83%98-%e1%83%a4%e1%83%90%e1%83%a0%e1%83%9d%e1%83%a1%e1%83%90%e1%83%9c%e1%83%90-%e1%83%9f%e1%83%94%e1%83%9c%e1%83%94%e1%83%95%e1%83%98%e1%83%a1\/#breadcrumb","itemListElement":[{"@type":"ListItem","position":1,"name":"Home","item":"https:\/\/jam-news.net\/az\/"},{"@type":"ListItem","position":2,"name":"G\u00fcrc\u00fcstanda m\u00fcnaqi\u015f\u0259l\u0259rl\u0259 ba\u011fl\u0131 dan\u0131\u015f\u0131qlar\u0131n yeni raundu: t\u0259r\u0259fl\u0259rin m\u00f6vqeyi nec\u0259dir?"}]},{"@type":"WebSite","@id":"https:\/\/jam-news.net\/az\/#website","url":"https:\/\/jam-news.net\/az\/","name":"Azerbaijani Jamnews","description":"Caucasus News, Politics and Society","publisher":{"@id":"https:\/\/jam-news.net\/az\/#organization"},"potentialAction":[{"@type":"SearchAction","target":{"@type":"EntryPoint","urlTemplate":"https:\/\/jam-news.net\/az\/?s={search_term_string}"},"query-input":{"@type":"PropertyValueSpecification","valueRequired":true,"valueName":"search_term_string"}}],"inLanguage":"az"},{"@type":"Organization","@id":"https:\/\/jam-news.net\/az\/#organization","name":"JAMnews","url":"https:\/\/jam-news.net\/az\/","logo":{"@type":"ImageObject","inLanguage":"az","@id":"https:\/\/jam-news.net\/az\/#\/schema\/logo\/image\/","url":"https:\/\/jam-news.net\/app\/uploads\/2020\/05\/JAM_w.jpg","contentUrl":"https:\/\/jam-news.net\/app\/uploads\/2020\/05\/JAM_w.jpg","width":960,"height":960,"caption":"JAMnews"},"image":{"@id":"https:\/\/jam-news.net\/az\/#\/schema\/logo\/image\/"},"sameAs":["https:\/\/www.facebook.com\/JAMnewsInEnglish\/","https:\/\/x.com\/JAMnewsCaucasus","https:\/\/www.instagram.com\/jam_news\/","https:\/\/www.youtube.com\/channel\/UCXQbUCme2pykuZYXWHx4VPg"]},{"@type":"Person","@id":"https:\/\/jam-news.net\/az\/#\/schema\/person\/86c90ea4dd4c6e61e60ae51d24bc662c","name":"Tatia nikoladze","image":{"@type":"ImageObject","inLanguage":"az","@id":"https:\/\/jam-news.net\/az\/#\/schema\/person\/image\/","url":"https:\/\/secure.gravatar.com\/avatar\/1f8b2c8ce4c25cc30806785bafe6bb03?s=96&d=mm&r=g","contentUrl":"https:\/\/secure.gravatar.com\/avatar\/1f8b2c8ce4c25cc30806785bafe6bb03?s=96&d=mm&r=g","caption":"Tatia nikoladze"},"url":"https:\/\/jam-news.net\/az\/author\/tatiani\/"}]}},"_links":{"self":[{"href":"https:\/\/jam-news.net\/az\/wp-json\/wp\/v2\/posts\/6876","targetHints":{"allow":["GET"]}}],"collection":[{"href":"https:\/\/jam-news.net\/az\/wp-json\/wp\/v2\/posts"}],"about":[{"href":"https:\/\/jam-news.net\/az\/wp-json\/wp\/v2\/types\/post"}],"author":[{"embeddable":true,"href":"https:\/\/jam-news.net\/az\/wp-json\/wp\/v2\/users\/6"}],"replies":[{"embeddable":true,"href":"https:\/\/jam-news.net\/az\/wp-json\/wp\/v2\/comments?post=6876"}],"version-history":[{"count":1,"href":"https:\/\/jam-news.net\/az\/wp-json\/wp\/v2\/posts\/6876\/revisions"}],"predecessor-version":[{"id":15193,"href":"https:\/\/jam-news.net\/az\/wp-json\/wp\/v2\/posts\/6876\/revisions\/15193"}],"wp:featuredmedia":[{"embeddable":true,"href":"https:\/\/jam-news.net\/az\/wp-json\/wp\/v2\/media\/20527"}],"wp:attachment":[{"href":"https:\/\/jam-news.net\/az\/wp-json\/wp\/v2\/media?parent=6876"}],"wp:term":[{"taxonomy":"category","embeddable":true,"href":"https:\/\/jam-news.net\/az\/wp-json\/wp\/v2\/categories?post=6876"},{"taxonomy":"post_tag","embeddable":true,"href":"https:\/\/jam-news.net\/az\/wp-json\/wp\/v2\/tags?post=6876"},{"taxonomy":"formation","embeddable":true,"href":"https:\/\/jam-news.net\/az\/wp-json\/wp\/v2\/formation?post=6876"},{"taxonomy":"post-author","embeddable":true,"href":"https:\/\/jam-news.net\/az\/wp-json\/wp\/v2\/post-author?post=6876"},{"taxonomy":"topic","embeddable":true,"href":"https:\/\/jam-news.net\/az\/wp-json\/wp\/v2\/topic?post=6876"},{"taxonomy":"tooltip","embeddable":true,"href":"https:\/\/jam-news.net\/az\/wp-json\/wp\/v2\/tooltip?post=6876"},{"taxonomy":"city","embeddable":true,"href":"https:\/\/jam-news.net\/az\/wp-json\/wp\/v2\/city?post=6876"}],"curies":[{"name":"wp","href":"https:\/\/api.w.org\/{rel}","templated":true}]}}