{"id":6822,"date":"2017-10-07T00:00:00","date_gmt":"2017-10-06T20:00:00","guid":{"rendered":"http:\/\/jam-news.net\/az\/c%c9%99rk%c9%99zl%c9%99rin-v%c9%99-abxazlarin-ibad%c9%99ti-rusiya-polisinin-h%c9%99r%c9%99k%c9%99tl%c9%99rin%c9%99-gor%c9%99-siyasi-aksiyaya-cevrildi\/"},"modified":"2022-01-18T00:48:25","modified_gmt":"2022-01-17T20:48:25","slug":"c%c9%99rk%c9%99zl%c9%99rin-v%c9%99-abxazlarin-ibad%c9%99ti-rusiya-polisinin-h%c9%99r%c9%99k%c9%99tl%c9%99rin%c9%99-gor%c9%99-siyasi-aksiyaya-cevrildi","status":"publish","type":"post","link":"https:\/\/jam-news.net\/az\/c%c9%99rk%c9%99zl%c9%99rin-v%c9%99-abxazlarin-ibad%c9%99ti-rusiya-polisinin-h%c9%99r%c9%99k%c9%99tl%c9%99rin%c9%99-gor%c9%99-siyasi-aksiyaya-cevrildi\/","title":{"rendered":"\u00c7\u0259rk\u0259zl\u0259rin v\u0259 abxazlar\u0131n ibad\u0259ti Rusiya polisinin h\u0259r\u0259k\u0259tl\u0259rin\u0259 g\u00f6r\u0259 siyasi aksiyaya \u00e7evrildi"},"content":{"rendered":"<p><img loading=\"lazy\" decoding=\"async\" class=\"aligncenter wp-image-62790 size-full\" src=\"http:\/\/jam-news.net\/app\/uploads\/2017\/10\/22279736_1642476459161010_7462489701583521098_n-copy.jpg\" alt=\"\" width=\"960\" height=\"641\" \/><\/p>\n<p><span style=\"font-weight: 400;\">Bu h\u0259y\u0259canl\u0131 hekay\u0259 Rusiyan\u0131n Qara d\u0259niz sahilind\u0259 yerl\u0259\u015f\u0259n So\u00e7i \u015f\u0259h\u0259ri yax\u0131nl\u0131\u011f\u0131ndak\u0131 ki\u00e7ik Qolovinka q\u0259s\u0259b\u0259sind\u0259 ba\u015flay\u0131b. Bu q\u0259s\u0259b\u0259 eyni zamanda bir ne\u00e7\u0259 Qafqaz xalq\u0131 \u2013 \u00e7\u0259rk\u0259zl\u0259r, ad\u0131qlar, \u015fapsuqlar \u00fc\u00e7\u00fcn x\u00fcsusi v\u0259 \u00e7ox b\u00f6y\u00fck \u0259h\u0259miyy\u0259t\u0259 malikdir. Burada onlar\u0131n ham\u0131s\u0131 \u00fc\u00e7\u00fcn m\u00fcq\u0259dd\u0259s olan \u201cQ\u0131z\u0131l zanbaq a\u011fac\u0131\u201d bitir. <\/span><\/p>\n<p><span style=\"font-weight: 400;\">A\u011fac\u0131n iki y\u00fczd\u0259n \u00e7ox ya\u015f\u0131 var. O, h\u0259mi\u015f\u0259 m\u00fcq\u0259dd\u0259s say\u0131l\u0131b, amma Sovet \u0130ttifaq\u0131 da\u011f\u0131landan sonra b\u00fct\u00fcn bu xalqlar \u00fc\u00e7\u00fcn h\u0259m d\u0259 1817\u20131864-c\u00fc ill\u0259r Qafqaz m\u00fcharib\u0259si qurbanlar\u0131n\u0131n r\u0259mzin\u0259 \u00e7evrilib. \u00a0<\/span><\/p>\n<p>\n    <div class=\"bd_notification notification_info\">\n      <i><\/i><span style=\"font-weight: 400;\">Qafqaz m\u00fcharib\u0259si dedikd\u0259, Rusiya ordusunun uzun s\u00fcr\u0259n \u2013 1817-ci ild\u0259n 1864-c\u00fc il\u0259 q\u0259d\u0259r \u2013 h\u0259rbi \u0259m\u0259liyyat\u0131n\u0131 adland\u0131r\u0131rlar, bu zaman \u015eimali Qafqaz\u0131n da\u011f rayonlar\u0131n\u0131n Rusiya \u0130mperiyas\u0131na birl\u0259\u015fdirilm\u0259si h\u0259yata ke\u00e7irilirdi. Qafqaz m\u00fcharib\u0259si n\u0259tic\u0259sind\u0259 \u00e7\u0259rk\u0259zl\u0259r, ad\u0131qlar v\u0259 abxazlar\u0131n b\u00f6y\u00fck hiss\u0259si v\u0259t\u0259nini t\u0259rk edib, T\u00fcrkiy\u0259y\u0259 k\u00f6\u00e7m\u0259li oldu. So\u00e7i rayonunda ya\u015fayan ub\u0131xlar zorla k\u00f6\u00e7\u00fcr\u00fclm\u0259 n\u0259tic\u0259sind\u0259 yad eld\u0259 bir xalq kimi dem\u0259k olar ki, yer \u00fcz\u00fcnd\u0259n silindi. \u00a0<\/span><span style=\"color: #000000;\">.<\/span>\n    <\/div>\n    <\/p>\n<p><span style=\"font-weight: 400;\">Son 20 il \u0259rzind\u0259 h\u0259r il may\u0131n 21-d\u0259 Q\u0131z\u0131l Zanbaq A\u011fac\u0131n\u0131n yan\u0131nda Qafqaz m\u00fcharib\u0259si qurbanlar\u0131n\u0131n xatir\u0259sin\u0259 yas m\u0259rasimi ke\u00e7irilir. Minl\u0259rl\u0259 \u00e7\u0259rk\u0259z-ad\u0131q v\u0259 onlara yax\u0131n olan abxazlar \u0259cdadlar\u0131n\u0131n xatir\u0259sini yad etm\u0259k v\u0259 ehtiramlar\u0131n\u0131 ifad\u0259 etm\u0259k \u00fc\u00e7\u00fcn burada topla\u015f\u0131r. <\/span><\/p>\n<p><span style=\"font-weight: 400;\">Bu il may\u0131n 21-d\u0259 d\u0259 bel\u0259 oldu. Amma tarixd\u0259 ilk d\u0259f\u0259 olaraq hakimiyy\u0259t m\u00fcdaxil\u0259 etdi. Hakimiyy\u0259t ibad\u0259ti raz\u0131la\u015fd\u0131r\u0131lmam\u0131\u015f mitinq kimi q\u0259bul etdi. Q\u0131z\u0131l zanbaq a\u011fac\u0131n\u0131n yan\u0131na g\u0259l\u0259n polis naryad\u0131 n\u0259inki ibad\u0259t i\u015ftirak\u00e7\u0131lar\u0131n\u0131 da\u011f\u0131td\u0131, h\u0259m d\u0259 <\/span><b>rahib Ruslan Qva\u015fevi h\u0259bs ed\u0259r\u0259k, m\u00fcv\u0259qq\u0259ti t\u0259cridxana kameras\u0131na apard\u0131<\/b><span style=\"font-weight: 400;\">. <\/span><\/p>\n<p><img loading=\"lazy\" decoding=\"async\" class=\"alignleft wp-image-62791\" src=\"http:\/\/jam-news.net\/app\/uploads\/2017\/10\/22221952_1642476852494304_1919550746028579500_n-224x300.jpg\" alt=\"\" width=\"299\" height=\"400\" \/><\/p>\n<p><span style=\"font-weight: 400;\">Qva\u015fev \u015fapuq xalq\u0131n\u0131n lideri v\u0259 \u00e7\u0259rk\u0259zl\u0259r aras\u0131nda da \u00e7ox m\u0259\u015fhur adamd\u0131r. Bu d\u0259f\u0259 o, yas m\u0259rasiminin kahini, y\u0259ni faktiki olaraq b\u00fct\u00fcn t\u0259dbirin r\u0259hb\u0259ri se\u00e7ilmi\u015fdi. <\/span><\/p>\n<p><span style=\"font-weight: 400;\">Sonra Lazarevskoye rayon m\u0259hk\u0259m\u0259si So\u00e7i polisinin raportunu n\u0259z\u0259rd\u0259n ke\u00e7ir\u0259r\u0259k, Ruslan Qva\u015fevi 10 min rubl [t\u0259xmin\u0259n $175] c\u0259rim\u0259 etm\u0259k q\u0259rar\u0131n\u0131 verdi. Kahin polis\u0259 tabe olmad\u0131\u011f\u0131 v\u0259 kameraya ke\u00e7m\u0259k ist\u0259m\u0259diyi \u00fc\u00e7\u00fcn is\u0259 ona h\u0259m d\u0259 8 sutkal\u0131q h\u0259bs c\u0259zas\u0131 verdil\u0259r. <\/span><\/p>\n<p><span style=\"font-weight: 400;\">D\u00fczd\u00fcr, m\u0259hk\u0259m\u0259 humanizm g\u00f6st\u0259rdi v\u0259 Qva\u015fevin \u0259lilliyini n\u0259z\u0259r\u0259 ald\u0131, h\u0259min 8 sutkan\u0131 an\u0131ndaca amnistiyaya sald\u0131lar v\u0259 ya\u015fl\u0131 adam\u0131 evin\u0259 buraxd\u0131lar. \u00a0<\/span><\/p>\n<p><span style=\"font-weight: 400;\">Amma hadis\u0259 bununla n\u0259inki n\u0259tic\u0259l\u0259nm\u0259di, h\u0259r \u015fey el\u0259 bundan sonra ba\u015flad\u0131. H\u0259tta detektiv\u0259 b\u0259nz\u0259m\u0259y\u0259 ba\u015flad\u0131. \u00a0<\/span><\/p>\n<p>&nbsp;<\/p>\n<p><div class=\"su-divider su-divider-style-default\" style=\"margin:15px 0;border-width:3px;border-color:#999999\"><a href=\"#\" style=\"color:#999999\">Go to top<\/a><\/div> <\/p>\n<p><span class=\"su-dropcap su-dropcap-style-default\" style=\"font-size:1.5em\"> R <\/span>\u00a0<span style=\"font-weight: 400;\">\u00a0<\/span><span style=\"font-weight: 400;\">uslan Qva\u015fev m\u0259hk\u0259m\u0259nin q\u0259rar\u0131 il\u0259 q\u0259ti \u015f\u0259kild\u0259 raz\u0131la\u015fmad\u0131 v\u0259 prinsip\u0259 getdi. O bildirdi ki, Rusiya qanunvericiliyin\u0259 \u0259sas\u0259n, dini xarakterli t\u0259dbirl\u0259r mitinq hesab oluna bilm\u0259z v\u0259 onlar\u0131n ke\u00e7irilm\u0259si \u00fc\u00e7\u00fcn x\u00fcsusi icaz\u0259 s\u0259n\u0259dl\u0259rin\u0259 ehtiyac yoxdur. \u00a0<\/span><\/p>\n<p><span style=\"font-weight: 400;\">Sonda i\u015f o yer\u0259 \u00e7atd\u0131 ki, sentyabr\u0131n 11-d\u0259 o m\u00fcdd\u0259tsiz acl\u0131q aksiyas\u0131na ba\u015flad\u0131\u011f\u0131n\u0131 b\u0259yan etdi \u2013 Lazarevskoye q\u0259s\u0259b\u0259sind\u0259 is\u0259 minl\u0259rl\u0259 insan\u0131n i\u015ftirak etdiyi etiraz mitinql\u0259ri ba\u015flad\u0131, h\u0259min mitinql\u0259r\u0259 h\u0259m d\u0259 Abxaziyan\u0131n y\u00fczl\u0259rl\u0259 sakini qo\u015fuldu. <\/span><\/p>\n<p><span style=\"font-weight: 400;\">Oktyabr\u0131n 5-d\u0259 vilay\u0259t m\u0259hk\u0259m\u0259sinin yerl\u0259\u015fdiyi Krasnodarda Ruslan Qva\u015fevin apelyasiya \u015fikay\u0259tin\u0259 bax\u0131lmal\u0131yd\u0131 v\u0259 onun orada olmas\u0131 m\u00fctl\u0259qiydi. Qva\u015fev is\u0259 el\u0259 bir v\u0259ziyy\u0259td\u0259ydi ki, ist\u0259nil\u0259n an \u00f6l\u0259 bil\u0259rdi. <\/span><\/p>\n<p><span style=\"font-weight: 400;\">B\u00fct\u00fcn bu m\u00fcdd\u0259t \u0259rzind\u0259 ba\u015f ver\u0259nl\u0259r\u0259 Abxaziyadan b\u00f6y\u00fck maraq g\u00f6st\u0259rilirdi. Ruslan Qva\u015fev 1992-93-c\u00fc ill\u0259r G\u00fcrc\u00fcstan-Abxaziya m\u00fcharib\u0259sinin abxazlar t\u0259r\u0259find\u0259n i\u015ftirak\u00e7\u0131s\u0131 olub v\u0259 Leon ordeni il\u0259 t\u0259ltif olunub. Onun Rusiya v\u0259t\u0259nda\u015fl\u0131\u011f\u0131ndan ba\u015fqa, Abxaziya pasportu da var. <\/span><\/p>\n<p><span style=\"font-weight: 400;\">Abxaziya prezidenti Raul Xadjimba bir ne\u00e7\u0259 d\u0259f\u0259 Qva\u015fevl\u0259 \u015f\u0259xs\u0259n telefon \u0259laq\u0259si saxlay\u0131b. Sonra da onun yan\u0131na \u00f6z n\u00fcmay\u0259nd\u0259l\u0259rini \u2013 m\u00fc\u015faviri Vladimir Zantariya v\u0259 ke\u00e7mi\u015f vitse-prezident Valeri Ar\u015fban\u0131 g\u00f6nd\u0259rib ki, onlar Qva\u015fevi Suxuma m\u00fcalic\u0259y\u0259 g\u0259tirsinl\u0259r. \u00a0<\/span><\/p>\n<p><span style=\"font-weight: 400;\">Oktyabr\u0131n 5-d\u0259 v\u0259ziyy\u0259t kritik h\u0259dd\u0259 \u00e7atanda is\u0259 Abxaziyadan t\u0259cili tibbi yard\u0131m ma\u015f\u0131n\u0131 g\u00f6nd\u0259rdil\u0259r ki, ma\u015f\u0131n taq\u0259tsiz qocan\u0131 Krasnodara g\u0259tirsin. Onu ma\u015f\u0131na qoyub, yola \u00e7\u0131xd\u0131lar. <\/span><\/p>\n<p><span style=\"font-weight: 400;\">Amma So\u00e7inin \u00e7\u0131x\u0131\u015f\u0131nda ma\u015f\u0131n\u0131 m\u00fclki geyimli, amma zahir\u0259n h\u0259rb\u00e7il\u0259r\u0259 ox\u015fayan bir qrup adam saxlad\u0131. Bir ne\u00e7\u0259 saat \u0259rzind\u0259 onlar Qva\u015fevin ma\u015f\u0131ndan d\u00fc\u015f\u00fcb, onlarla x\u0259st\u0259xana getm\u0259sin\u0259 t\u0259kid edirdil\u0259r. \u00c7\u0259rk\u0259zli qocan\u0131 Krasnodara m\u00fc\u015fayi\u0259t ed\u0259n b\u00fct\u00fcn avtomobill\u0259r s\u0259n\u0259dl\u0259rin yoxlanmas\u0131 \u00fc\u00e7\u00fcn saxlan\u0131lm\u0131\u015fd\u0131. \u00a0<\/span><\/p>\n<p><img loading=\"lazy\" decoding=\"async\" class=\"aligncenter wp-image-62792 size-full\" src=\"http:\/\/jam-news.net\/app\/uploads\/2017\/10\/22196196_1642476169161039_81726272538634941_n.jpg\" alt=\"\" width=\"960\" height=\"716\" \/><\/p>\n<p><span style=\"font-weight: 400;\">H\u0259min vaxt Krasnodarda, vilay\u0259t m\u0259hk\u0259m\u0259sinin binas\u0131 qar\u015f\u0131s\u0131nda Ruslan Qva\u015fevi d\u0259st\u0259kl\u0259m\u0259y\u0259 g\u0259l\u0259n y\u00fczl\u0259rl\u0259 \u00e7\u0259rk\u0259z v\u0259 abxaz f\u0259al\u0131 topla\u015fm\u0131\u015fd\u0131. <\/span><\/p>\n<p><span style=\"font-weight: 400;\">M\u0259hk\u0259m\u0259nin oktyabr\u0131n 16-na t\u0259xir\u0259 sal\u0131nmas\u0131 il\u0259 ba\u011fl\u0131 elan g\u0259rginliyi azaltd\u0131. H\u0259min vaxt t\u0259cili yard\u0131m ma\u015f\u0131n\u0131nda Qva\u015fevin yax\u0131n adamlar\u0131 h\u0259min m\u00fcdd\u0259t\u0259 q\u0259d\u0259r art\u0131q 23 g\u00fcn s\u00fcr\u0259n acl\u0131q aksiyas\u0131n\u0131 dayand\u0131rma\u011fa raz\u0131 sald\u0131lar. <\/span><\/p>\n<p><div class=\"su-divider su-divider-style-default\" style=\"margin:15px 0;border-width:3px;border-color:#999999\"><a href=\"#\" style=\"color:#999999\">Go to top<\/a><\/div> <\/p>\n<p><span style=\"font-weight: 400;\">Aksiya zaman\u0131 \u0259m\u0259lli-ba\u015fl\u0131 z\u0259ifl\u0259mi\u015f Ruslan Qva\u015fev \u00e7ox g\u00fcman ki, prezident Raul Xadjimba t\u0259r\u0259find\u0259n d\u0259v\u0259t ald\u0131\u011f\u0131 Abxaziyada m\u0259hk\u0259m\u0259nin vaxt\u0131n\u0131 g\u00f6zl\u0259y\u0259c\u0259k v\u0259 m\u00fcalic\u0259 alacaq. Son g\u00fcnl\u0259rd\u0259 Qva\u015fev yata\u011f\u0131ndan dura bilmir, dem\u0259k olar ki, dan\u0131\u015fm\u0131r, h\u0259kiml\u0259r is\u0259 ona insult diaqnozu qoyublar. \u00a0\u00a0<\/span><\/p>\n<p><span style=\"font-weight: 400;\">Amma art\u0131q qoca il\u0259 m\u0259hk\u0259m\u0259 aras\u0131ndak\u0131 \u00e7\u0259ki\u015fm\u0259 t\u0259kc\u0259 onun i\u015fi deyil. Hadis\u0259 art\u0131q b\u00fct\u00fcn Krasnodar vilay\u0259tinin h\u00fcdudlar\u0131ndan k\u0259nara \u00e7\u0131xan geni\u015f siyasi aksiyaya \u00e7evrilib. <\/span><\/p>\n<p><span style=\"font-weight: 400;\">Qva\u015fev\u0259 d\u0259st\u0259k aksiyalar\u0131 Abxaziya v\u0259 T\u00fcrkiy\u0259d\u0259 ke\u00e7irilib. Acl\u0131q aksiyas\u0131 zaman\u0131 onun evin\u0259 \u00e7oxsayl\u0131 \u00e7\u0259rk\u0259z-ad\u0131q v\u0259 abxaz qruplar\u0131 g\u0259lib. M\u0259\u015fhur Rusiya teleapar\u0131c\u0131s\u0131, Rusiya prezidenti yan\u0131nda \u0130ctimai Palatan\u0131n \u00fczv\u00fc Maksim \u015eev\u00e7enko Qva\u015fevl\u0259 v\u0259 onun tarixi yadda\u015f\u0131 qorumaqla ba\u011fl\u0131 m\u00fcbariz\u0259sin\u0259 h\u0259mr\u0259ylik video-m\u00fcraci\u0259tini yay\u0131b.<\/span><\/p>\n<p><img loading=\"lazy\" decoding=\"async\" class=\"aligncenter wp-image-62793 size-full\" src=\"http:\/\/jam-news.net\/app\/uploads\/2017\/10\/22196158_1642476719160984_4336223848186495738_n.jpg\" alt=\"\" width=\"960\" height=\"540\" \/><\/p>\n<p><span style=\"font-weight: 400;\">Abxaziyada Ruslan Qva\u015fevin ba\u015f\u0131na g\u0259l\u0259nl\u0259ri \u00e7ox a\u011fr\u0131l\u0131 q\u0259bul etdil\u0259r. Burada ona d\u0259st\u0259k \u00fc\u00e7\u00fcn ictimai t\u0259\u015fkilat yarad\u0131ld\u0131. T\u0259\u015fkilat\u0131n lideri, politoloq David Dasaniya a\u00e7\u0131q \u015f\u0259kild\u0259 b\u0259yan etdi ki, Qva\u015fev \u00f6ls\u0259, Rusiya v\u0259t\u0259nda\u015fl\u0131\u011f\u0131ndan imtina ed\u0259c\u0259k v\u0259 b\u00fct\u00fcn ad\u0131qlar\u0131 eyni add\u0131m\u0131 atma\u011fa \u00e7a\u011f\u0131racaq. \u00a0<\/span><\/p>\n<p><span style=\"font-weight: 400;\">B\u00fct\u00fcn bu c\u0259miyy\u0259tl\u0259rd\u0259 Ruslan Qva\u015fev sistem\u0259 etiraz etm\u0259yi bacaran qalib kimi q\u0259bul edilir. Adi inzibati i\u015f kimi ba\u015flayan bu hadis\u0259 \u015eimali Qafqazda v\u0259 Abxaziyada bir ne\u00e7\u0259 c\u0259miyy\u0259tl\u0259rd\u0259 eyni vaxtda b\u00f6y\u00fck siyasi aksiyaya \u00e7evrildi. \u00a0<\/span><\/p>\n<p><div class=\"su-divider su-divider-style-default\" style=\"margin:15px 0;border-width:3px;border-color:#999999\"><a href=\"#\" style=\"color:#999999\">Go to top<\/a><\/div> <\/p>\n<p><span style=\"color: #000080;\"><b><i>M\u0259qal\u0259 m\u00fc\u0259llifinin t\u0259klif etdiyi terminl\u0259r, toponiml\u0259r, fikirl\u0259r v\u0259 ideyalar onun \u00f6z\u00fcn\u0259 m\u0259xsusdur, JAMnews-un v\u0259 ya ayr\u0131-ayr\u0131 \u0259m\u0259kda\u015flar\u0131n\u0131n fikirl\u0259ri v\u0259 ideyalar\u0131 il\u0259 \u00fcst-\u00fcst\u0259 d\u00fc\u015fm\u0259y\u0259 d\u0259 bil\u0259r. JAMnews t\u0259hqir, t\u0259hdid, zorak\u0131l\u0131\u011fa \u00e7a\u011f\u0131r\u0131\u015f ifad\u0259 ed\u0259n v\u0259 ya ba\u015fqa s\u0259b\u0259bd\u0259n etik say\u0131lmayan \u015f\u0259rhl\u0259ri silm\u0259k haqq\u0131n\u0131 \u00f6z\u00fcnd\u0259 saxlay\u0131r.<\/i><\/b><\/span><\/p>\n","protected":false},"excerpt":{"rendered":"<p>M\u00fcq\u0259dd\u0259s Q\u0131z\u0131l Zanbaq A\u011fac\u0131n\u0131n kahini \u00fcz\u0259rind\u0259 m\u0259hk\u0259m\u0259 b\u00f6y\u00fck etiraz\u0131n ba\u015flan\u011f\u0131c\u0131 ola bil\u0259r<\/p>\n","protected":false},"author":6,"featured_media":20499,"comment_status":"closed","ping_status":"closed","sticky":false,"template":"","format":"standard","meta":{"_acf_changed":false,"footnotes":""},"categories":[12,9,2,5,4,35],"tags":[],"formation":[],"post-author":[2888],"topic":[],"tooltip":[],"city":[6048],"class_list":["post-6822","post","type-post","status-publish","format-standard","has-post-thumbnail","hentry","category-abxaziya","category-munaqislr","category-cografiya","category-siyast","category-rusiya","category-hekaylr","post-author-jamnews","city-suxum-i"],"acf":[],"yoast_head":"<!-- This site is optimized with the Yoast SEO plugin v24.1 - https:\/\/yoast.com\/wordpress\/plugins\/seo\/ -->\n<title>\u00c7\u0259rk\u0259zl\u0259rin v\u0259 abxazlar\u0131n ibad\u0259ti Rusiya polisinin h\u0259r\u0259k\u0259tl\u0259rin\u0259 g\u00f6r\u0259 siyasi aksiyaya \u00e7evrildi - JAMnews<\/title>\n<meta name=\"robots\" content=\"index, follow, max-snippet:-1, max-image-preview:large, max-video-preview:-1\" \/>\n<link rel=\"canonical\" href=\"https:\/\/jam-news.net\/az\/c\u0259rk\u0259zl\u0259rin-v\u0259-abxazlarin-ibad\u0259ti-rusiya-polisinin-h\u0259r\u0259k\u0259tl\u0259rin\u0259-gor\u0259-siyasi-aksiyaya-cevrildi\/\" \/>\n<meta property=\"og:locale\" content=\"az_AZ\" \/>\n<meta property=\"og:type\" content=\"article\" \/>\n<meta property=\"og:title\" content=\"\u00c7\u0259rk\u0259zl\u0259rin v\u0259 abxazlar\u0131n ibad\u0259ti Rusiya polisinin h\u0259r\u0259k\u0259tl\u0259rin\u0259 g\u00f6r\u0259 siyasi aksiyaya \u00e7evrildi - JAMnews\" \/>\n<meta property=\"og:description\" content=\"M\u00fcq\u0259dd\u0259s Q\u0131z\u0131l Zanbaq A\u011fac\u0131n\u0131n kahini \u00fcz\u0259rind\u0259 m\u0259hk\u0259m\u0259 b\u00f6y\u00fck etiraz\u0131n ba\u015flan\u011f\u0131c\u0131 ola bil\u0259r\" \/>\n<meta property=\"og:url\" content=\"https:\/\/jam-news.net\/az\/c\u0259rk\u0259zl\u0259rin-v\u0259-abxazlarin-ibad\u0259ti-rusiya-polisinin-h\u0259r\u0259k\u0259tl\u0259rin\u0259-gor\u0259-siyasi-aksiyaya-cevrildi\/\" \/>\n<meta property=\"og:site_name\" content=\"Azerbaijani Jamnews\" \/>\n<meta property=\"article:publisher\" content=\"https:\/\/www.facebook.com\/JAMnewsInEnglish\/\" \/>\n<meta property=\"article:published_time\" content=\"2017-10-06T20:00:00+00:00\" \/>\n<meta property=\"article:modified_time\" content=\"2022-01-17T20:48:25+00:00\" \/>\n<meta property=\"og:image\" content=\"https:\/\/jam-news.net\/app\/uploads\/2020\/03\/22279736_1642476459161010_7462489701583521098_n-copy-3.jpg\" \/>\n\t<meta property=\"og:image:width\" content=\"960\" \/>\n\t<meta property=\"og:image:height\" content=\"641\" \/>\n\t<meta property=\"og:image:type\" content=\"image\/jpeg\" \/>\n<meta name=\"author\" content=\"Tatia nikoladze\" \/>\n<meta name=\"twitter:card\" content=\"summary_large_image\" \/>\n<meta name=\"twitter:creator\" content=\"@JAMnewsCaucasus\" \/>\n<meta name=\"twitter:site\" content=\"@JAMnewsCaucasus\" \/>\n<meta name=\"twitter:label1\" content=\"Written by\" \/>\n\t<meta name=\"twitter:data1\" content=\"Tatia nikoladze\" \/>\n\t<meta name=\"twitter:label2\" content=\"Est. reading time\" \/>\n\t<meta name=\"twitter:data2\" content=\"7 minutes\" \/>\n<script type=\"application\/ld+json\" class=\"yoast-schema-graph\">{\"@context\":\"https:\/\/schema.org\",\"@graph\":[{\"@type\":\"Article\",\"@id\":\"https:\/\/jam-news.net\/az\/c%c9%99rk%c9%99zl%c9%99rin-v%c9%99-abxazlarin-ibad%c9%99ti-rusiya-polisinin-h%c9%99r%c9%99k%c9%99tl%c9%99rin%c9%99-gor%c9%99-siyasi-aksiyaya-cevrildi\/#article\",\"isPartOf\":{\"@id\":\"https:\/\/jam-news.net\/az\/c%c9%99rk%c9%99zl%c9%99rin-v%c9%99-abxazlarin-ibad%c9%99ti-rusiya-polisinin-h%c9%99r%c9%99k%c9%99tl%c9%99rin%c9%99-gor%c9%99-siyasi-aksiyaya-cevrildi\/\"},\"author\":{\"name\":\"Tatia nikoladze\",\"@id\":\"https:\/\/jam-news.net\/az\/#\/schema\/person\/86c90ea4dd4c6e61e60ae51d24bc662c\"},\"headline\":\"\u00c7\u0259rk\u0259zl\u0259rin v\u0259 abxazlar\u0131n ibad\u0259ti Rusiya polisinin h\u0259r\u0259k\u0259tl\u0259rin\u0259 g\u00f6r\u0259 siyasi aksiyaya \u00e7evrildi\",\"datePublished\":\"2017-10-06T20:00:00+00:00\",\"dateModified\":\"2022-01-17T20:48:25+00:00\",\"mainEntityOfPage\":{\"@id\":\"https:\/\/jam-news.net\/az\/c%c9%99rk%c9%99zl%c9%99rin-v%c9%99-abxazlarin-ibad%c9%99ti-rusiya-polisinin-h%c9%99r%c9%99k%c9%99tl%c9%99rin%c9%99-gor%c9%99-siyasi-aksiyaya-cevrildi\/\"},\"wordCount\":1403,\"publisher\":{\"@id\":\"https:\/\/jam-news.net\/az\/#organization\"},\"image\":{\"@id\":\"https:\/\/jam-news.net\/az\/c%c9%99rk%c9%99zl%c9%99rin-v%c9%99-abxazlarin-ibad%c9%99ti-rusiya-polisinin-h%c9%99r%c9%99k%c9%99tl%c9%99rin%c9%99-gor%c9%99-siyasi-aksiyaya-cevrildi\/#primaryimage\"},\"thumbnailUrl\":\"https:\/\/jam-news.net\/app\/uploads\/2020\/03\/22279736_1642476459161010_7462489701583521098_n-copy-3.jpg\",\"articleSection\":[\"Abkhazia\",\"Conflicts\",\"Geography\",\"Politics\",\"Russia\",\"Stories\"],\"inLanguage\":\"az\"},{\"@type\":\"WebPage\",\"@id\":\"https:\/\/jam-news.net\/az\/c%c9%99rk%c9%99zl%c9%99rin-v%c9%99-abxazlarin-ibad%c9%99ti-rusiya-polisinin-h%c9%99r%c9%99k%c9%99tl%c9%99rin%c9%99-gor%c9%99-siyasi-aksiyaya-cevrildi\/\",\"url\":\"https:\/\/jam-news.net\/az\/c%c9%99rk%c9%99zl%c9%99rin-v%c9%99-abxazlarin-ibad%c9%99ti-rusiya-polisinin-h%c9%99r%c9%99k%c9%99tl%c9%99rin%c9%99-gor%c9%99-siyasi-aksiyaya-cevrildi\/\",\"name\":\"\u00c7\u0259rk\u0259zl\u0259rin v\u0259 abxazlar\u0131n ibad\u0259ti Rusiya polisinin h\u0259r\u0259k\u0259tl\u0259rin\u0259 g\u00f6r\u0259 siyasi aksiyaya \u00e7evrildi - JAMnews\",\"isPartOf\":{\"@id\":\"https:\/\/jam-news.net\/az\/#website\"},\"primaryImageOfPage\":{\"@id\":\"https:\/\/jam-news.net\/az\/c%c9%99rk%c9%99zl%c9%99rin-v%c9%99-abxazlarin-ibad%c9%99ti-rusiya-polisinin-h%c9%99r%c9%99k%c9%99tl%c9%99rin%c9%99-gor%c9%99-siyasi-aksiyaya-cevrildi\/#primaryimage\"},\"image\":{\"@id\":\"https:\/\/jam-news.net\/az\/c%c9%99rk%c9%99zl%c9%99rin-v%c9%99-abxazlarin-ibad%c9%99ti-rusiya-polisinin-h%c9%99r%c9%99k%c9%99tl%c9%99rin%c9%99-gor%c9%99-siyasi-aksiyaya-cevrildi\/#primaryimage\"},\"thumbnailUrl\":\"https:\/\/jam-news.net\/app\/uploads\/2020\/03\/22279736_1642476459161010_7462489701583521098_n-copy-3.jpg\",\"datePublished\":\"2017-10-06T20:00:00+00:00\",\"dateModified\":\"2022-01-17T20:48:25+00:00\",\"breadcrumb\":{\"@id\":\"https:\/\/jam-news.net\/az\/c%c9%99rk%c9%99zl%c9%99rin-v%c9%99-abxazlarin-ibad%c9%99ti-rusiya-polisinin-h%c9%99r%c9%99k%c9%99tl%c9%99rin%c9%99-gor%c9%99-siyasi-aksiyaya-cevrildi\/#breadcrumb\"},\"inLanguage\":\"az\",\"potentialAction\":[{\"@type\":\"ReadAction\",\"target\":[\"https:\/\/jam-news.net\/az\/c%c9%99rk%c9%99zl%c9%99rin-v%c9%99-abxazlarin-ibad%c9%99ti-rusiya-polisinin-h%c9%99r%c9%99k%c9%99tl%c9%99rin%c9%99-gor%c9%99-siyasi-aksiyaya-cevrildi\/\"]}]},{\"@type\":\"ImageObject\",\"inLanguage\":\"az\",\"@id\":\"https:\/\/jam-news.net\/az\/c%c9%99rk%c9%99zl%c9%99rin-v%c9%99-abxazlarin-ibad%c9%99ti-rusiya-polisinin-h%c9%99r%c9%99k%c9%99tl%c9%99rin%c9%99-gor%c9%99-siyasi-aksiyaya-cevrildi\/#primaryimage\",\"url\":\"https:\/\/jam-news.net\/app\/uploads\/2020\/03\/22279736_1642476459161010_7462489701583521098_n-copy-3.jpg\",\"contentUrl\":\"https:\/\/jam-news.net\/app\/uploads\/2020\/03\/22279736_1642476459161010_7462489701583521098_n-copy-3.jpg\",\"width\":960,\"height\":641},{\"@type\":\"BreadcrumbList\",\"@id\":\"https:\/\/jam-news.net\/az\/c%c9%99rk%c9%99zl%c9%99rin-v%c9%99-abxazlarin-ibad%c9%99ti-rusiya-polisinin-h%c9%99r%c9%99k%c9%99tl%c9%99rin%c9%99-gor%c9%99-siyasi-aksiyaya-cevrildi\/#breadcrumb\",\"itemListElement\":[{\"@type\":\"ListItem\",\"position\":1,\"name\":\"Home\",\"item\":\"https:\/\/jam-news.net\/az\/\"},{\"@type\":\"ListItem\",\"position\":2,\"name\":\"\u00c7\u0259rk\u0259zl\u0259rin v\u0259 abxazlar\u0131n ibad\u0259ti Rusiya polisinin h\u0259r\u0259k\u0259tl\u0259rin\u0259 g\u00f6r\u0259 siyasi aksiyaya \u00e7evrildi\"}]},{\"@type\":\"WebSite\",\"@id\":\"https:\/\/jam-news.net\/az\/#website\",\"url\":\"https:\/\/jam-news.net\/az\/\",\"name\":\"Azerbaijani Jamnews\",\"description\":\"Caucasus News, Politics and Society\",\"publisher\":{\"@id\":\"https:\/\/jam-news.net\/az\/#organization\"},\"potentialAction\":[{\"@type\":\"SearchAction\",\"target\":{\"@type\":\"EntryPoint\",\"urlTemplate\":\"https:\/\/jam-news.net\/az\/?s={search_term_string}\"},\"query-input\":{\"@type\":\"PropertyValueSpecification\",\"valueRequired\":true,\"valueName\":\"search_term_string\"}}],\"inLanguage\":\"az\"},{\"@type\":\"Organization\",\"@id\":\"https:\/\/jam-news.net\/az\/#organization\",\"name\":\"JAMnews\",\"url\":\"https:\/\/jam-news.net\/az\/\",\"logo\":{\"@type\":\"ImageObject\",\"inLanguage\":\"az\",\"@id\":\"https:\/\/jam-news.net\/az\/#\/schema\/logo\/image\/\",\"url\":\"https:\/\/jam-news.net\/app\/uploads\/2020\/05\/JAM_w.jpg\",\"contentUrl\":\"https:\/\/jam-news.net\/app\/uploads\/2020\/05\/JAM_w.jpg\",\"width\":960,\"height\":960,\"caption\":\"JAMnews\"},\"image\":{\"@id\":\"https:\/\/jam-news.net\/az\/#\/schema\/logo\/image\/\"},\"sameAs\":[\"https:\/\/www.facebook.com\/JAMnewsInEnglish\/\",\"https:\/\/x.com\/JAMnewsCaucasus\",\"https:\/\/www.instagram.com\/jam_news\/\",\"https:\/\/www.youtube.com\/channel\/UCXQbUCme2pykuZYXWHx4VPg\"]},{\"@type\":\"Person\",\"@id\":\"https:\/\/jam-news.net\/az\/#\/schema\/person\/86c90ea4dd4c6e61e60ae51d24bc662c\",\"name\":\"Tatia nikoladze\",\"image\":{\"@type\":\"ImageObject\",\"inLanguage\":\"az\",\"@id\":\"https:\/\/jam-news.net\/az\/#\/schema\/person\/image\/\",\"url\":\"https:\/\/secure.gravatar.com\/avatar\/1f8b2c8ce4c25cc30806785bafe6bb03?s=96&d=mm&r=g\",\"contentUrl\":\"https:\/\/secure.gravatar.com\/avatar\/1f8b2c8ce4c25cc30806785bafe6bb03?s=96&d=mm&r=g\",\"caption\":\"Tatia nikoladze\"},\"url\":\"https:\/\/jam-news.net\/az\/author\/tatiani\/\"}]}<\/script>\n<!-- \/ Yoast SEO plugin. -->","yoast_head_json":{"title":"\u00c7\u0259rk\u0259zl\u0259rin v\u0259 abxazlar\u0131n ibad\u0259ti Rusiya polisinin h\u0259r\u0259k\u0259tl\u0259rin\u0259 g\u00f6r\u0259 siyasi aksiyaya \u00e7evrildi - JAMnews","robots":{"index":"index","follow":"follow","max-snippet":"max-snippet:-1","max-image-preview":"max-image-preview:large","max-video-preview":"max-video-preview:-1"},"canonical":"https:\/\/jam-news.net\/az\/c\u0259rk\u0259zl\u0259rin-v\u0259-abxazlarin-ibad\u0259ti-rusiya-polisinin-h\u0259r\u0259k\u0259tl\u0259rin\u0259-gor\u0259-siyasi-aksiyaya-cevrildi\/","og_locale":"az_AZ","og_type":"article","og_title":"\u00c7\u0259rk\u0259zl\u0259rin v\u0259 abxazlar\u0131n ibad\u0259ti Rusiya polisinin h\u0259r\u0259k\u0259tl\u0259rin\u0259 g\u00f6r\u0259 siyasi aksiyaya \u00e7evrildi - JAMnews","og_description":"M\u00fcq\u0259dd\u0259s Q\u0131z\u0131l Zanbaq A\u011fac\u0131n\u0131n kahini \u00fcz\u0259rind\u0259 m\u0259hk\u0259m\u0259 b\u00f6y\u00fck etiraz\u0131n ba\u015flan\u011f\u0131c\u0131 ola bil\u0259r","og_url":"https:\/\/jam-news.net\/az\/c\u0259rk\u0259zl\u0259rin-v\u0259-abxazlarin-ibad\u0259ti-rusiya-polisinin-h\u0259r\u0259k\u0259tl\u0259rin\u0259-gor\u0259-siyasi-aksiyaya-cevrildi\/","og_site_name":"Azerbaijani Jamnews","article_publisher":"https:\/\/www.facebook.com\/JAMnewsInEnglish\/","article_published_time":"2017-10-06T20:00:00+00:00","article_modified_time":"2022-01-17T20:48:25+00:00","og_image":[{"width":960,"height":641,"url":"https:\/\/jam-news.net\/app\/uploads\/2020\/03\/22279736_1642476459161010_7462489701583521098_n-copy-3.jpg","type":"image\/jpeg"}],"author":"Tatia nikoladze","twitter_card":"summary_large_image","twitter_creator":"@JAMnewsCaucasus","twitter_site":"@JAMnewsCaucasus","twitter_misc":{"Written by":"Tatia nikoladze","Est. reading time":"7 minutes"},"schema":{"@context":"https:\/\/schema.org","@graph":[{"@type":"Article","@id":"https:\/\/jam-news.net\/az\/c%c9%99rk%c9%99zl%c9%99rin-v%c9%99-abxazlarin-ibad%c9%99ti-rusiya-polisinin-h%c9%99r%c9%99k%c9%99tl%c9%99rin%c9%99-gor%c9%99-siyasi-aksiyaya-cevrildi\/#article","isPartOf":{"@id":"https:\/\/jam-news.net\/az\/c%c9%99rk%c9%99zl%c9%99rin-v%c9%99-abxazlarin-ibad%c9%99ti-rusiya-polisinin-h%c9%99r%c9%99k%c9%99tl%c9%99rin%c9%99-gor%c9%99-siyasi-aksiyaya-cevrildi\/"},"author":{"name":"Tatia nikoladze","@id":"https:\/\/jam-news.net\/az\/#\/schema\/person\/86c90ea4dd4c6e61e60ae51d24bc662c"},"headline":"\u00c7\u0259rk\u0259zl\u0259rin v\u0259 abxazlar\u0131n ibad\u0259ti Rusiya polisinin h\u0259r\u0259k\u0259tl\u0259rin\u0259 g\u00f6r\u0259 siyasi aksiyaya \u00e7evrildi","datePublished":"2017-10-06T20:00:00+00:00","dateModified":"2022-01-17T20:48:25+00:00","mainEntityOfPage":{"@id":"https:\/\/jam-news.net\/az\/c%c9%99rk%c9%99zl%c9%99rin-v%c9%99-abxazlarin-ibad%c9%99ti-rusiya-polisinin-h%c9%99r%c9%99k%c9%99tl%c9%99rin%c9%99-gor%c9%99-siyasi-aksiyaya-cevrildi\/"},"wordCount":1403,"publisher":{"@id":"https:\/\/jam-news.net\/az\/#organization"},"image":{"@id":"https:\/\/jam-news.net\/az\/c%c9%99rk%c9%99zl%c9%99rin-v%c9%99-abxazlarin-ibad%c9%99ti-rusiya-polisinin-h%c9%99r%c9%99k%c9%99tl%c9%99rin%c9%99-gor%c9%99-siyasi-aksiyaya-cevrildi\/#primaryimage"},"thumbnailUrl":"https:\/\/jam-news.net\/app\/uploads\/2020\/03\/22279736_1642476459161010_7462489701583521098_n-copy-3.jpg","articleSection":["Abkhazia","Conflicts","Geography","Politics","Russia","Stories"],"inLanguage":"az"},{"@type":"WebPage","@id":"https:\/\/jam-news.net\/az\/c%c9%99rk%c9%99zl%c9%99rin-v%c9%99-abxazlarin-ibad%c9%99ti-rusiya-polisinin-h%c9%99r%c9%99k%c9%99tl%c9%99rin%c9%99-gor%c9%99-siyasi-aksiyaya-cevrildi\/","url":"https:\/\/jam-news.net\/az\/c%c9%99rk%c9%99zl%c9%99rin-v%c9%99-abxazlarin-ibad%c9%99ti-rusiya-polisinin-h%c9%99r%c9%99k%c9%99tl%c9%99rin%c9%99-gor%c9%99-siyasi-aksiyaya-cevrildi\/","name":"\u00c7\u0259rk\u0259zl\u0259rin v\u0259 abxazlar\u0131n ibad\u0259ti Rusiya polisinin h\u0259r\u0259k\u0259tl\u0259rin\u0259 g\u00f6r\u0259 siyasi aksiyaya \u00e7evrildi - JAMnews","isPartOf":{"@id":"https:\/\/jam-news.net\/az\/#website"},"primaryImageOfPage":{"@id":"https:\/\/jam-news.net\/az\/c%c9%99rk%c9%99zl%c9%99rin-v%c9%99-abxazlarin-ibad%c9%99ti-rusiya-polisinin-h%c9%99r%c9%99k%c9%99tl%c9%99rin%c9%99-gor%c9%99-siyasi-aksiyaya-cevrildi\/#primaryimage"},"image":{"@id":"https:\/\/jam-news.net\/az\/c%c9%99rk%c9%99zl%c9%99rin-v%c9%99-abxazlarin-ibad%c9%99ti-rusiya-polisinin-h%c9%99r%c9%99k%c9%99tl%c9%99rin%c9%99-gor%c9%99-siyasi-aksiyaya-cevrildi\/#primaryimage"},"thumbnailUrl":"https:\/\/jam-news.net\/app\/uploads\/2020\/03\/22279736_1642476459161010_7462489701583521098_n-copy-3.jpg","datePublished":"2017-10-06T20:00:00+00:00","dateModified":"2022-01-17T20:48:25+00:00","breadcrumb":{"@id":"https:\/\/jam-news.net\/az\/c%c9%99rk%c9%99zl%c9%99rin-v%c9%99-abxazlarin-ibad%c9%99ti-rusiya-polisinin-h%c9%99r%c9%99k%c9%99tl%c9%99rin%c9%99-gor%c9%99-siyasi-aksiyaya-cevrildi\/#breadcrumb"},"inLanguage":"az","potentialAction":[{"@type":"ReadAction","target":["https:\/\/jam-news.net\/az\/c%c9%99rk%c9%99zl%c9%99rin-v%c9%99-abxazlarin-ibad%c9%99ti-rusiya-polisinin-h%c9%99r%c9%99k%c9%99tl%c9%99rin%c9%99-gor%c9%99-siyasi-aksiyaya-cevrildi\/"]}]},{"@type":"ImageObject","inLanguage":"az","@id":"https:\/\/jam-news.net\/az\/c%c9%99rk%c9%99zl%c9%99rin-v%c9%99-abxazlarin-ibad%c9%99ti-rusiya-polisinin-h%c9%99r%c9%99k%c9%99tl%c9%99rin%c9%99-gor%c9%99-siyasi-aksiyaya-cevrildi\/#primaryimage","url":"https:\/\/jam-news.net\/app\/uploads\/2020\/03\/22279736_1642476459161010_7462489701583521098_n-copy-3.jpg","contentUrl":"https:\/\/jam-news.net\/app\/uploads\/2020\/03\/22279736_1642476459161010_7462489701583521098_n-copy-3.jpg","width":960,"height":641},{"@type":"BreadcrumbList","@id":"https:\/\/jam-news.net\/az\/c%c9%99rk%c9%99zl%c9%99rin-v%c9%99-abxazlarin-ibad%c9%99ti-rusiya-polisinin-h%c9%99r%c9%99k%c9%99tl%c9%99rin%c9%99-gor%c9%99-siyasi-aksiyaya-cevrildi\/#breadcrumb","itemListElement":[{"@type":"ListItem","position":1,"name":"Home","item":"https:\/\/jam-news.net\/az\/"},{"@type":"ListItem","position":2,"name":"\u00c7\u0259rk\u0259zl\u0259rin v\u0259 abxazlar\u0131n ibad\u0259ti Rusiya polisinin h\u0259r\u0259k\u0259tl\u0259rin\u0259 g\u00f6r\u0259 siyasi aksiyaya \u00e7evrildi"}]},{"@type":"WebSite","@id":"https:\/\/jam-news.net\/az\/#website","url":"https:\/\/jam-news.net\/az\/","name":"Azerbaijani Jamnews","description":"Caucasus News, Politics and Society","publisher":{"@id":"https:\/\/jam-news.net\/az\/#organization"},"potentialAction":[{"@type":"SearchAction","target":{"@type":"EntryPoint","urlTemplate":"https:\/\/jam-news.net\/az\/?s={search_term_string}"},"query-input":{"@type":"PropertyValueSpecification","valueRequired":true,"valueName":"search_term_string"}}],"inLanguage":"az"},{"@type":"Organization","@id":"https:\/\/jam-news.net\/az\/#organization","name":"JAMnews","url":"https:\/\/jam-news.net\/az\/","logo":{"@type":"ImageObject","inLanguage":"az","@id":"https:\/\/jam-news.net\/az\/#\/schema\/logo\/image\/","url":"https:\/\/jam-news.net\/app\/uploads\/2020\/05\/JAM_w.jpg","contentUrl":"https:\/\/jam-news.net\/app\/uploads\/2020\/05\/JAM_w.jpg","width":960,"height":960,"caption":"JAMnews"},"image":{"@id":"https:\/\/jam-news.net\/az\/#\/schema\/logo\/image\/"},"sameAs":["https:\/\/www.facebook.com\/JAMnewsInEnglish\/","https:\/\/x.com\/JAMnewsCaucasus","https:\/\/www.instagram.com\/jam_news\/","https:\/\/www.youtube.com\/channel\/UCXQbUCme2pykuZYXWHx4VPg"]},{"@type":"Person","@id":"https:\/\/jam-news.net\/az\/#\/schema\/person\/86c90ea4dd4c6e61e60ae51d24bc662c","name":"Tatia nikoladze","image":{"@type":"ImageObject","inLanguage":"az","@id":"https:\/\/jam-news.net\/az\/#\/schema\/person\/image\/","url":"https:\/\/secure.gravatar.com\/avatar\/1f8b2c8ce4c25cc30806785bafe6bb03?s=96&d=mm&r=g","contentUrl":"https:\/\/secure.gravatar.com\/avatar\/1f8b2c8ce4c25cc30806785bafe6bb03?s=96&d=mm&r=g","caption":"Tatia nikoladze"},"url":"https:\/\/jam-news.net\/az\/author\/tatiani\/"}]}},"_links":{"self":[{"href":"https:\/\/jam-news.net\/az\/wp-json\/wp\/v2\/posts\/6822","targetHints":{"allow":["GET"]}}],"collection":[{"href":"https:\/\/jam-news.net\/az\/wp-json\/wp\/v2\/posts"}],"about":[{"href":"https:\/\/jam-news.net\/az\/wp-json\/wp\/v2\/types\/post"}],"author":[{"embeddable":true,"href":"https:\/\/jam-news.net\/az\/wp-json\/wp\/v2\/users\/6"}],"replies":[{"embeddable":true,"href":"https:\/\/jam-news.net\/az\/wp-json\/wp\/v2\/comments?post=6822"}],"version-history":[{"count":1,"href":"https:\/\/jam-news.net\/az\/wp-json\/wp\/v2\/posts\/6822\/revisions"}],"predecessor-version":[{"id":15214,"href":"https:\/\/jam-news.net\/az\/wp-json\/wp\/v2\/posts\/6822\/revisions\/15214"}],"wp:featuredmedia":[{"embeddable":true,"href":"https:\/\/jam-news.net\/az\/wp-json\/wp\/v2\/media\/20499"}],"wp:attachment":[{"href":"https:\/\/jam-news.net\/az\/wp-json\/wp\/v2\/media?parent=6822"}],"wp:term":[{"taxonomy":"category","embeddable":true,"href":"https:\/\/jam-news.net\/az\/wp-json\/wp\/v2\/categories?post=6822"},{"taxonomy":"post_tag","embeddable":true,"href":"https:\/\/jam-news.net\/az\/wp-json\/wp\/v2\/tags?post=6822"},{"taxonomy":"formation","embeddable":true,"href":"https:\/\/jam-news.net\/az\/wp-json\/wp\/v2\/formation?post=6822"},{"taxonomy":"post-author","embeddable":true,"href":"https:\/\/jam-news.net\/az\/wp-json\/wp\/v2\/post-author?post=6822"},{"taxonomy":"topic","embeddable":true,"href":"https:\/\/jam-news.net\/az\/wp-json\/wp\/v2\/topic?post=6822"},{"taxonomy":"tooltip","embeddable":true,"href":"https:\/\/jam-news.net\/az\/wp-json\/wp\/v2\/tooltip?post=6822"},{"taxonomy":"city","embeddable":true,"href":"https:\/\/jam-news.net\/az\/wp-json\/wp\/v2\/city?post=6822"}],"curies":[{"name":"wp","href":"https:\/\/api.w.org\/{rel}","templated":true}]}}