{"id":6661,"date":"2017-09-17T00:00:00","date_gmt":"2017-09-17T00:00:00","guid":{"rendered":"http:\/\/jam-news.net\/az\/erm%c9%99nistanda-bas-nazirin-bir-illik-f%c9%99aliyy%c9%99tinin-yekunu-n%c9%99z%c9%99rd%c9%99n-kecirilir\/"},"modified":"2022-01-18T01:25:43","modified_gmt":"2022-01-17T21:25:43","slug":"erm%c9%99nistanda-bas-nazirin-bir-illik-f%c9%99aliyy%c9%99tinin-yekunu-n%c9%99z%c9%99rd%c9%99n-kecirilir","status":"publish","type":"post","link":"https:\/\/jam-news.net\/az\/erm%c9%99nistanda-bas-nazirin-bir-illik-f%c9%99aliyy%c9%99tinin-yekunu-n%c9%99z%c9%99rd%c9%99n-kecirilir\/","title":{"rendered":"Erm\u0259nistanda ba\u015f nazirin bir illik f\u0259aliyy\u0259tinin yekunu n\u0259z\u0259rd\u0259n ke\u00e7irilir"},"content":{"rendered":"<p>Karen Karapetyan\u0131n ba\u015f nazir v\u0259zif\u0259sin\u0259 t\u0259yin edilm\u0259sind\u0259n bir il \u00f6td\u00fc. 14-c\u00fc ba\u015f nazirin r\u0259hb\u0259rliyi alt\u0259nda h\u00f6kum\u0259tin f\u0259aliyy\u0259ti haqda ekspertl\u0259r v\u0259 siyas\u0259t\u00e7il\u0259r fikirl\u0259rini b\u00f6l\u00fc\u015f\u00fcb.<\/p>\n<p>Karen Karapetyan v\u0259zif\u0259y\u0259 g\u0259ldiyi zaman bu add\u0131mlar\u0131n vacibliyini vur\u011fulay\u0131rd\u0131: investisiyalar\u0131n f\u0259alla\u015fd\u0131r\u0131lmas\u0131, strateji ara\u015fd\u0131rmalar m\u0259rk\u0259zinin yarad\u0131lmas\u0131, korrupsiya il\u0259 m\u00fcbariz\u0259, iqtisadi y\u00fcks\u0259li\u015fin t\u0259min edilm\u0259si. Ekspertl\u0259r qeyd edirl\u0259r: strateji m\u0259rk\u0259z yarad\u0131l\u0131b, dig\u0259r istiqam\u0259tl\u0259rd\u0259 is\u0259 ciddi nailiyy\u0259tl\u0259r yoxdur.<\/p>\n<p>Karen Karapetyan 2016-c\u0131 il sentyabr\u0131n 13-d\u0259 ba\u015f nazir t\u0259yin edilib. O zaman JAMnews \u201c\u00dcmidverici ba\u015f nazir\u201d m\u0259qal\u0259sini d\u0259rc etmi\u015fdi. Bu m\u0259qal\u0259d\u0259 deyilirdi ki, h\u00f6kum\u0259t ba\u015f\u00e7\u0131s\u0131n\u0131 ilk d\u0259f\u0259dir Erm\u0259nistan\u0131n b\u00fct\u00fcn siyasi q\u00fcvv\u0259l\u0259ri q\u0259bul edir, h\u0259r\u00e7\u0259nd h\u0259r k\u0259sin ondan g\u00f6zl\u0259ntil\u0259ri f\u0259rqlidir.<\/p>\n<blockquote class=\"wp-embedded-content\" data-secret=\"0dWc0dJNiP\"><p><a href=\"https:\/\/jam-news.net\/7-11\/\">7<\/a><\/p><\/blockquote>\n<p><iframe loading=\"lazy\" class=\"wp-embedded-content\" sandbox=\"allow-scripts\" security=\"restricted\" style=\"position: absolute; visibility: hidden;\" title=\"&#8220;7&#8221; &#8212; English Jamnews\" src=\"https:\/\/jam-news.net\/7-11\/embed\/#?secret=j33w1RmBp1#?secret=0dWc0dJNiP\" data-secret=\"0dWc0dJNiP\" width=\"500\" height=\"282\" frameborder=\"0\" marginwidth=\"0\" marginheight=\"0\" scrolling=\"no\"><\/iframe><\/p>\n<p>\u0130ndi is\u0259 m\u00fcxt\u0259lif siyasi q\u00fcvv\u0259l\u0259rin bu \u00fcmidl\u0259rinin n\u0259 d\u0259r\u0259c\u0259d\u0259 do\u011fruldu\u011fu haqda.<\/p>\n<p>M\u00fcxalif\u0259t qeyd edir ki, Karapetyan\u0131n \u201ciqtisadiyyata drayv g\u0259tirm\u0259k\u201d v\u0259dl\u0259ri h\u0259yata ke\u00e7irilm\u0259yib. \u201cDrayvdan ancaq Karen Karapetyan h\u00f6kum\u0259tinin \u00fczvl\u0259rinin simas\u0131ndak\u0131 t\u0259b\u0259ss\u00fcml\u0259r v\u0259 \u0259yinl\u0259rind\u0259ki q\u0259\u015f\u0259ng kostyumlar qald\u0131. Bu il \u0259rzind\u0259 birc\u0259 d\u0259n\u0259 d\u0259 ciddi d\u0259yi\u015fiklik ba\u015f verm\u0259yib. \u018fmin\u0259m ki, he\u00e7 bir v\u0259t\u0259nda\u015f \u00f6z \u00fcz\u0259rind\u0259 h\u0259r hans\u0131 m\u00fcsb\u0259t yenilik hiss etmir\u201d, &#8211; Milli M\u0259clisin \u201cYelk\u201d (t\u0259rc\u00fcm\u0259d\u0259 \u201c\u00e7\u0131x\u0131\u015f\u201d) fraksiyas\u0131ndan olan deputat\u0131 Ararat Mirzoyan deyir.<\/p>\n<p>Deputat bildirir ki, Karen Karapetyan 835 milyon dollar <a href=\"https:\/\/jam-news.net\/?p=24278&amp;lang=az-AZ\" target=\"_blank\" rel=\"noopener noreferrer\">h\u0259cmind\u0259<\/a> investisiya s\u00f6z vermi\u015fdi, amma bu m\u0259bl\u0259\u011fin c\u0259mi 45 faizi real oldu, bu is\u0259 o dem\u0259kdir ki, iqtisadi prosesl\u0259rin x\u00fcsusi olaraq f\u0259alla\u015fmas\u0131 ba\u015f verm\u0259yib.<\/p>\n<p>Tatul Manaseryan\u0131n s\u00f6zl\u0259rin\u0259 g\u00f6r\u0259, ciddi s\u0131\u00e7ray\u0131\u015f\u0131n m\u00fc\u00e7ahid\u0259 olundu\u011fu he\u00e7 bir sah\u0259 yoxdur. \u018fksin\u0259, b\u0259zi istiqam\u0259tl\u0259rd\u0259 eni\u015f qeyd\u0259 al\u0131n\u0131b. \u018fsas\u0259n s\u00f6hb\u0259t k\u0259nd t\u0259s\u0259rr\u00fcfat\u0131 v\u0259 in\u015faatdan gedir.<\/p>\n<p>Manaseryan bildirir ki, y\u00fcks\u0259li\u015fin m\u00fc\u015fahid\u0259 edildiyi sah\u0259l\u0259r var, amma bunlar \u00f6lk\u0259 sakinl\u0259rinin sosial h\u0259yat\u0131n\u0131 he\u00e7 c\u00fcr yax\u015f\u0131la\u015fd\u0131rmay\u0131b.<\/p>\n<p>Hakim Respublika\u00e7\u0131lar Partiyas\u0131 Karen Karapetyan\u0131n i\u015fini m\u00fcsb\u0259t d\u0259y\u0259rl\u0259ndirib. Partiyan\u0131n m\u0259tbuat katibi Eduard \u015earmazanov bildirib ki, h\u00f6kum\u0259tin bir illik f\u0259aliyy\u0259tinin yekunlar\u0131na g\u00f6r\u0259, iqtisadi f\u0259all\u0131\u011f\u0131n 6 faiz y\u00fcks\u0259li\u015fi qeyd\u0259 al\u0131n\u0131b, ixrac v\u0259 ticar\u0259t d\u00f6vriyy\u0259sind\u0259 \u0259h\u0259miyy\u0259tli art\u0131m m\u00fc\u015fahid\u0259 olunur, turizm sah\u0259si inki\u015faf edir. \u201cBizim iqtisadiyyat\u0131m\u0131z dinamik inki\u015faf edir. D\u00f6vl\u0259t b\u00fcdc\u0259sind\u0259 n\u0259z\u0259rd\u0259 tutulmu\u015f g\u00f6st\u0259ricil\u0259r h\u0259yata ke\u00e7irilib\u201d, &#8211; Eduard \u015earmazanov bildirib.<\/p>\n<p>Karen Karapetyan\u0131n \u00f6z\u00fc r\u0259hb\u0259rlik etdiyi h\u00f6kum\u0259tin \u00fcnvan\u0131na s\u0259sl\u0259n\u0259n t\u0259nqidi fikirl\u0259ri \u015f\u0259rh ed\u0259rk\u0259n deyib ki,Erm\u0259nistan\u0131n 2017-ci ild\u0259 makro-iqtisadi g\u00f6st\u0259ricil\u0259ri b\u00fct\u00fcn Avrasiya \u0130qtisadi \u0130ttifaq\u0131nda v\u0259 MDB-d\u0259 \u0259n y\u00fcks\u0259kdir. Eyni zamanda ba\u015f nazir hesab edir ki, h\u00f6kum\u0259t bir il \u0259rzind\u0259 b\u00fct\u00fcn v\u0259t\u0259nda\u015flar\u0131n probleml\u0259rini h\u0259ll ed\u0259 bilm\u0259zdi. \u201cAmma bizim ir\u0259lil\u0259yi\u015f trendimiz d\u00fc\u015f\u00fcn\u00fcr\u0259m ki, haz\u0131rk\u0131 m\u0259qamda bizi m\u00fc\u0259yy\u0259n d\u0259r\u0259c\u0259d\u0259 t\u0259min edir\u201d, &#8211; Karapetyan bildirib.<\/p>\n<p>Siyasi texnoloqlar qeyd edirl\u0259r ki, ba\u015f nazir \u00f6t\u0259n bir il \u0259rzind\u0259 Erm\u0259nistan sakinl\u0259rind\u0259 yet\u0259ri q\u0259d\u0259r xo\u015f t\u0259\u0259ss\u00fcrat yarad\u0131b. Siyasi texnoloq Vigen Akopyan bunu ba\u015f nazirin davran\u0131\u015f\u0131nda \u015fou elenemtl\u0259rinin olmas\u0131 il\u0259 izah edir, o, sad\u0259 dill\u0259, xalq aras\u0131nda q\u0259bul olunmu\u015f ifad\u0259l\u0259rd\u0259n istifad\u0259 ed\u0259r\u0259k dan\u0131\u015f\u0131r, \u00fcnsiyy\u0259td\u0259 s\u0259rb\u0259stdir, motorlu qay\u0131q s\u00fcr\u00fcr, z\u0259rb al\u0259tl\u0259rind\u0259 \u00e7alma\u011f\u0131 bacar\u0131r.<\/p>\n<p>&nbsp;<\/p>\n<p>&nbsp;<\/p>\n","protected":false},"excerpt":{"rendered":"<p>\u0130qtisadi y\u00fcks\u0259li\u015fi \u0259min ed\u0259n sad\u0259l\u0259rd\u0259 x\u00fcsusi inki\u015faf n\u0259z\u0259r\u0259 \u00e7arpm\u0131r<\/p>\n","protected":false},"author":8,"featured_media":20424,"comment_status":"open","ping_status":"open","sticky":false,"template":"","format":"standard","meta":{"_acf_changed":false,"footnotes":""},"categories":[27,2,50],"tags":[],"formation":[],"post-author":[2888],"topic":[],"tooltip":[],"city":[6054],"class_list":["post-6661","post","type-post","status-publish","format-standard","has-post-thumbnail","hentry","category-ermnistan","category-cografiya","category-xbrlr","post-author-jamnews","city-yerevan"],"acf":[],"yoast_head":"<!-- This site is optimized with the Yoast SEO plugin v24.1 - https:\/\/yoast.com\/wordpress\/plugins\/seo\/ -->\n<title>Erm\u0259nistanda ba\u015f nazirin bir illik f\u0259aliyy\u0259tinin yekunu n\u0259z\u0259rd\u0259n ke\u00e7irilir - JAMnews<\/title>\n<meta name=\"robots\" content=\"index, follow, max-snippet:-1, max-image-preview:large, max-video-preview:-1\" \/>\n<link rel=\"canonical\" href=\"https:\/\/jam-news.net\/az\/erm\u0259nistanda-bas-nazirin-bir-illik-f\u0259aliyy\u0259tinin-yekunu-n\u0259z\u0259rd\u0259n-kecirilir\/\" \/>\n<meta property=\"og:locale\" content=\"az_AZ\" \/>\n<meta property=\"og:type\" content=\"article\" \/>\n<meta property=\"og:title\" content=\"Erm\u0259nistanda ba\u015f nazirin bir illik f\u0259aliyy\u0259tinin yekunu n\u0259z\u0259rd\u0259n ke\u00e7irilir - JAMnews\" \/>\n<meta property=\"og:description\" content=\"\u0130qtisadi y\u00fcks\u0259li\u015fi \u0259min ed\u0259n sad\u0259l\u0259rd\u0259 x\u00fcsusi inki\u015faf n\u0259z\u0259r\u0259 \u00e7arpm\u0131r\" \/>\n<meta property=\"og:url\" content=\"https:\/\/jam-news.net\/az\/erm\u0259nistanda-bas-nazirin-bir-illik-f\u0259aliyy\u0259tinin-yekunu-n\u0259z\u0259rd\u0259n-kecirilir\/\" \/>\n<meta property=\"og:site_name\" content=\"Azerbaijani Jamnews\" \/>\n<meta property=\"article:publisher\" content=\"https:\/\/www.facebook.com\/JAMnewsInEnglish\/\" \/>\n<meta property=\"article:published_time\" content=\"2017-09-17T00:00:00+00:00\" \/>\n<meta property=\"article:modified_time\" content=\"2022-01-17T21:25:43+00:00\" \/>\n<meta property=\"og:image\" content=\"https:\/\/jam-news.net\/app\/uploads\/2020\/03\/\u041a\u0430\u0440\u0435\u043d-\u041a\u0430\u0440\u0430\u043f\u0435\u0442\u044f\u043d-1.png\" \/>\n\t<meta property=\"og:image:width\" content=\"800\" \/>\n\t<meta property=\"og:image:height\" content=\"496\" \/>\n\t<meta property=\"og:image:type\" content=\"image\/png\" \/>\n<meta name=\"author\" content=\"Naira Martikian\" \/>\n<meta name=\"twitter:card\" content=\"summary_large_image\" \/>\n<meta name=\"twitter:creator\" content=\"@JAMnewsCaucasus\" \/>\n<meta name=\"twitter:site\" content=\"@JAMnewsCaucasus\" \/>\n<meta name=\"twitter:label1\" content=\"Written by\" \/>\n\t<meta name=\"twitter:data1\" content=\"Naira Martikian\" \/>\n\t<meta name=\"twitter:label2\" content=\"Est. reading time\" \/>\n\t<meta name=\"twitter:data2\" content=\"4 minutes\" \/>\n<script type=\"application\/ld+json\" class=\"yoast-schema-graph\">{\"@context\":\"https:\/\/schema.org\",\"@graph\":[{\"@type\":\"Article\",\"@id\":\"https:\/\/jam-news.net\/az\/erm%c9%99nistanda-bas-nazirin-bir-illik-f%c9%99aliyy%c9%99tinin-yekunu-n%c9%99z%c9%99rd%c9%99n-kecirilir\/#article\",\"isPartOf\":{\"@id\":\"https:\/\/jam-news.net\/az\/erm%c9%99nistanda-bas-nazirin-bir-illik-f%c9%99aliyy%c9%99tinin-yekunu-n%c9%99z%c9%99rd%c9%99n-kecirilir\/\"},\"author\":{\"name\":\"Naira Martikian\",\"@id\":\"https:\/\/jam-news.net\/az\/#\/schema\/person\/e82f374df8fce3377c56e285e5c11387\"},\"headline\":\"Erm\u0259nistanda ba\u015f nazirin bir illik f\u0259aliyy\u0259tinin yekunu n\u0259z\u0259rd\u0259n ke\u00e7irilir\",\"datePublished\":\"2017-09-17T00:00:00+00:00\",\"dateModified\":\"2022-01-17T21:25:43+00:00\",\"mainEntityOfPage\":{\"@id\":\"https:\/\/jam-news.net\/az\/erm%c9%99nistanda-bas-nazirin-bir-illik-f%c9%99aliyy%c9%99tinin-yekunu-n%c9%99z%c9%99rd%c9%99n-kecirilir\/\"},\"wordCount\":731,\"commentCount\":0,\"publisher\":{\"@id\":\"https:\/\/jam-news.net\/az\/#organization\"},\"image\":{\"@id\":\"https:\/\/jam-news.net\/az\/erm%c9%99nistanda-bas-nazirin-bir-illik-f%c9%99aliyy%c9%99tinin-yekunu-n%c9%99z%c9%99rd%c9%99n-kecirilir\/#primaryimage\"},\"thumbnailUrl\":\"https:\/\/jam-news.net\/app\/uploads\/2020\/03\/\u041a\u0430\u0440\u0435\u043d-\u041a\u0430\u0440\u0430\u043f\u0435\u0442\u044f\u043d-1.png\",\"articleSection\":[\"Armenia\",\"Geography\",\"News\"],\"inLanguage\":\"az\"},{\"@type\":\"WebPage\",\"@id\":\"https:\/\/jam-news.net\/az\/erm%c9%99nistanda-bas-nazirin-bir-illik-f%c9%99aliyy%c9%99tinin-yekunu-n%c9%99z%c9%99rd%c9%99n-kecirilir\/\",\"url\":\"https:\/\/jam-news.net\/az\/erm%c9%99nistanda-bas-nazirin-bir-illik-f%c9%99aliyy%c9%99tinin-yekunu-n%c9%99z%c9%99rd%c9%99n-kecirilir\/\",\"name\":\"Erm\u0259nistanda ba\u015f nazirin bir illik f\u0259aliyy\u0259tinin yekunu n\u0259z\u0259rd\u0259n ke\u00e7irilir - JAMnews\",\"isPartOf\":{\"@id\":\"https:\/\/jam-news.net\/az\/#website\"},\"primaryImageOfPage\":{\"@id\":\"https:\/\/jam-news.net\/az\/erm%c9%99nistanda-bas-nazirin-bir-illik-f%c9%99aliyy%c9%99tinin-yekunu-n%c9%99z%c9%99rd%c9%99n-kecirilir\/#primaryimage\"},\"image\":{\"@id\":\"https:\/\/jam-news.net\/az\/erm%c9%99nistanda-bas-nazirin-bir-illik-f%c9%99aliyy%c9%99tinin-yekunu-n%c9%99z%c9%99rd%c9%99n-kecirilir\/#primaryimage\"},\"thumbnailUrl\":\"https:\/\/jam-news.net\/app\/uploads\/2020\/03\/\u041a\u0430\u0440\u0435\u043d-\u041a\u0430\u0440\u0430\u043f\u0435\u0442\u044f\u043d-1.png\",\"datePublished\":\"2017-09-17T00:00:00+00:00\",\"dateModified\":\"2022-01-17T21:25:43+00:00\",\"breadcrumb\":{\"@id\":\"https:\/\/jam-news.net\/az\/erm%c9%99nistanda-bas-nazirin-bir-illik-f%c9%99aliyy%c9%99tinin-yekunu-n%c9%99z%c9%99rd%c9%99n-kecirilir\/#breadcrumb\"},\"inLanguage\":\"az\",\"potentialAction\":[{\"@type\":\"ReadAction\",\"target\":[\"https:\/\/jam-news.net\/az\/erm%c9%99nistanda-bas-nazirin-bir-illik-f%c9%99aliyy%c9%99tinin-yekunu-n%c9%99z%c9%99rd%c9%99n-kecirilir\/\"]}]},{\"@type\":\"ImageObject\",\"inLanguage\":\"az\",\"@id\":\"https:\/\/jam-news.net\/az\/erm%c9%99nistanda-bas-nazirin-bir-illik-f%c9%99aliyy%c9%99tinin-yekunu-n%c9%99z%c9%99rd%c9%99n-kecirilir\/#primaryimage\",\"url\":\"https:\/\/jam-news.net\/app\/uploads\/2020\/03\/\u041a\u0430\u0440\u0435\u043d-\u041a\u0430\u0440\u0430\u043f\u0435\u0442\u044f\u043d-1.png\",\"contentUrl\":\"https:\/\/jam-news.net\/app\/uploads\/2020\/03\/\u041a\u0430\u0440\u0435\u043d-\u041a\u0430\u0440\u0430\u043f\u0435\u0442\u044f\u043d-1.png\",\"width\":800,\"height\":496},{\"@type\":\"BreadcrumbList\",\"@id\":\"https:\/\/jam-news.net\/az\/erm%c9%99nistanda-bas-nazirin-bir-illik-f%c9%99aliyy%c9%99tinin-yekunu-n%c9%99z%c9%99rd%c9%99n-kecirilir\/#breadcrumb\",\"itemListElement\":[{\"@type\":\"ListItem\",\"position\":1,\"name\":\"Home\",\"item\":\"https:\/\/jam-news.net\/az\/\"},{\"@type\":\"ListItem\",\"position\":2,\"name\":\"Erm\u0259nistanda ba\u015f nazirin bir illik f\u0259aliyy\u0259tinin yekunu n\u0259z\u0259rd\u0259n ke\u00e7irilir\"}]},{\"@type\":\"WebSite\",\"@id\":\"https:\/\/jam-news.net\/az\/#website\",\"url\":\"https:\/\/jam-news.net\/az\/\",\"name\":\"Azerbaijani Jamnews\",\"description\":\"Caucasus News, Politics and Society\",\"publisher\":{\"@id\":\"https:\/\/jam-news.net\/az\/#organization\"},\"potentialAction\":[{\"@type\":\"SearchAction\",\"target\":{\"@type\":\"EntryPoint\",\"urlTemplate\":\"https:\/\/jam-news.net\/az\/?s={search_term_string}\"},\"query-input\":{\"@type\":\"PropertyValueSpecification\",\"valueRequired\":true,\"valueName\":\"search_term_string\"}}],\"inLanguage\":\"az\"},{\"@type\":\"Organization\",\"@id\":\"https:\/\/jam-news.net\/az\/#organization\",\"name\":\"JAMnews\",\"url\":\"https:\/\/jam-news.net\/az\/\",\"logo\":{\"@type\":\"ImageObject\",\"inLanguage\":\"az\",\"@id\":\"https:\/\/jam-news.net\/az\/#\/schema\/logo\/image\/\",\"url\":\"https:\/\/jam-news.net\/app\/uploads\/2020\/05\/JAM_w.jpg\",\"contentUrl\":\"https:\/\/jam-news.net\/app\/uploads\/2020\/05\/JAM_w.jpg\",\"width\":960,\"height\":960,\"caption\":\"JAMnews\"},\"image\":{\"@id\":\"https:\/\/jam-news.net\/az\/#\/schema\/logo\/image\/\"},\"sameAs\":[\"https:\/\/www.facebook.com\/JAMnewsInEnglish\/\",\"https:\/\/x.com\/JAMnewsCaucasus\",\"https:\/\/www.instagram.com\/jam_news\/\",\"https:\/\/www.youtube.com\/channel\/UCXQbUCme2pykuZYXWHx4VPg\"]},{\"@type\":\"Person\",\"@id\":\"https:\/\/jam-news.net\/az\/#\/schema\/person\/e82f374df8fce3377c56e285e5c11387\",\"name\":\"Naira Martikian\",\"image\":{\"@type\":\"ImageObject\",\"inLanguage\":\"az\",\"@id\":\"https:\/\/jam-news.net\/az\/#\/schema\/person\/image\/\",\"url\":\"https:\/\/secure.gravatar.com\/avatar\/0696bcd343e46256c029b752a654bade?s=96&d=mm&r=g\",\"contentUrl\":\"https:\/\/secure.gravatar.com\/avatar\/0696bcd343e46256c029b752a654bade?s=96&d=mm&r=g\",\"caption\":\"Naira Martikian\"},\"url\":\"https:\/\/jam-news.net\/az\/author\/nairama\/\"}]}<\/script>\n<!-- \/ Yoast SEO plugin. -->","yoast_head_json":{"title":"Erm\u0259nistanda ba\u015f nazirin bir illik f\u0259aliyy\u0259tinin yekunu n\u0259z\u0259rd\u0259n ke\u00e7irilir - JAMnews","robots":{"index":"index","follow":"follow","max-snippet":"max-snippet:-1","max-image-preview":"max-image-preview:large","max-video-preview":"max-video-preview:-1"},"canonical":"https:\/\/jam-news.net\/az\/erm\u0259nistanda-bas-nazirin-bir-illik-f\u0259aliyy\u0259tinin-yekunu-n\u0259z\u0259rd\u0259n-kecirilir\/","og_locale":"az_AZ","og_type":"article","og_title":"Erm\u0259nistanda ba\u015f nazirin bir illik f\u0259aliyy\u0259tinin yekunu n\u0259z\u0259rd\u0259n ke\u00e7irilir - JAMnews","og_description":"\u0130qtisadi y\u00fcks\u0259li\u015fi \u0259min ed\u0259n sad\u0259l\u0259rd\u0259 x\u00fcsusi inki\u015faf n\u0259z\u0259r\u0259 \u00e7arpm\u0131r","og_url":"https:\/\/jam-news.net\/az\/erm\u0259nistanda-bas-nazirin-bir-illik-f\u0259aliyy\u0259tinin-yekunu-n\u0259z\u0259rd\u0259n-kecirilir\/","og_site_name":"Azerbaijani Jamnews","article_publisher":"https:\/\/www.facebook.com\/JAMnewsInEnglish\/","article_published_time":"2017-09-17T00:00:00+00:00","article_modified_time":"2022-01-17T21:25:43+00:00","og_image":[{"width":800,"height":496,"url":"https:\/\/jam-news.net\/app\/uploads\/2020\/03\/\u041a\u0430\u0440\u0435\u043d-\u041a\u0430\u0440\u0430\u043f\u0435\u0442\u044f\u043d-1.png","type":"image\/png"}],"author":"Naira Martikian","twitter_card":"summary_large_image","twitter_creator":"@JAMnewsCaucasus","twitter_site":"@JAMnewsCaucasus","twitter_misc":{"Written by":"Naira Martikian","Est. reading time":"4 minutes"},"schema":{"@context":"https:\/\/schema.org","@graph":[{"@type":"Article","@id":"https:\/\/jam-news.net\/az\/erm%c9%99nistanda-bas-nazirin-bir-illik-f%c9%99aliyy%c9%99tinin-yekunu-n%c9%99z%c9%99rd%c9%99n-kecirilir\/#article","isPartOf":{"@id":"https:\/\/jam-news.net\/az\/erm%c9%99nistanda-bas-nazirin-bir-illik-f%c9%99aliyy%c9%99tinin-yekunu-n%c9%99z%c9%99rd%c9%99n-kecirilir\/"},"author":{"name":"Naira Martikian","@id":"https:\/\/jam-news.net\/az\/#\/schema\/person\/e82f374df8fce3377c56e285e5c11387"},"headline":"Erm\u0259nistanda ba\u015f nazirin bir illik f\u0259aliyy\u0259tinin yekunu n\u0259z\u0259rd\u0259n ke\u00e7irilir","datePublished":"2017-09-17T00:00:00+00:00","dateModified":"2022-01-17T21:25:43+00:00","mainEntityOfPage":{"@id":"https:\/\/jam-news.net\/az\/erm%c9%99nistanda-bas-nazirin-bir-illik-f%c9%99aliyy%c9%99tinin-yekunu-n%c9%99z%c9%99rd%c9%99n-kecirilir\/"},"wordCount":731,"commentCount":0,"publisher":{"@id":"https:\/\/jam-news.net\/az\/#organization"},"image":{"@id":"https:\/\/jam-news.net\/az\/erm%c9%99nistanda-bas-nazirin-bir-illik-f%c9%99aliyy%c9%99tinin-yekunu-n%c9%99z%c9%99rd%c9%99n-kecirilir\/#primaryimage"},"thumbnailUrl":"https:\/\/jam-news.net\/app\/uploads\/2020\/03\/\u041a\u0430\u0440\u0435\u043d-\u041a\u0430\u0440\u0430\u043f\u0435\u0442\u044f\u043d-1.png","articleSection":["Armenia","Geography","News"],"inLanguage":"az"},{"@type":"WebPage","@id":"https:\/\/jam-news.net\/az\/erm%c9%99nistanda-bas-nazirin-bir-illik-f%c9%99aliyy%c9%99tinin-yekunu-n%c9%99z%c9%99rd%c9%99n-kecirilir\/","url":"https:\/\/jam-news.net\/az\/erm%c9%99nistanda-bas-nazirin-bir-illik-f%c9%99aliyy%c9%99tinin-yekunu-n%c9%99z%c9%99rd%c9%99n-kecirilir\/","name":"Erm\u0259nistanda ba\u015f nazirin bir illik f\u0259aliyy\u0259tinin yekunu n\u0259z\u0259rd\u0259n ke\u00e7irilir - JAMnews","isPartOf":{"@id":"https:\/\/jam-news.net\/az\/#website"},"primaryImageOfPage":{"@id":"https:\/\/jam-news.net\/az\/erm%c9%99nistanda-bas-nazirin-bir-illik-f%c9%99aliyy%c9%99tinin-yekunu-n%c9%99z%c9%99rd%c9%99n-kecirilir\/#primaryimage"},"image":{"@id":"https:\/\/jam-news.net\/az\/erm%c9%99nistanda-bas-nazirin-bir-illik-f%c9%99aliyy%c9%99tinin-yekunu-n%c9%99z%c9%99rd%c9%99n-kecirilir\/#primaryimage"},"thumbnailUrl":"https:\/\/jam-news.net\/app\/uploads\/2020\/03\/\u041a\u0430\u0440\u0435\u043d-\u041a\u0430\u0440\u0430\u043f\u0435\u0442\u044f\u043d-1.png","datePublished":"2017-09-17T00:00:00+00:00","dateModified":"2022-01-17T21:25:43+00:00","breadcrumb":{"@id":"https:\/\/jam-news.net\/az\/erm%c9%99nistanda-bas-nazirin-bir-illik-f%c9%99aliyy%c9%99tinin-yekunu-n%c9%99z%c9%99rd%c9%99n-kecirilir\/#breadcrumb"},"inLanguage":"az","potentialAction":[{"@type":"ReadAction","target":["https:\/\/jam-news.net\/az\/erm%c9%99nistanda-bas-nazirin-bir-illik-f%c9%99aliyy%c9%99tinin-yekunu-n%c9%99z%c9%99rd%c9%99n-kecirilir\/"]}]},{"@type":"ImageObject","inLanguage":"az","@id":"https:\/\/jam-news.net\/az\/erm%c9%99nistanda-bas-nazirin-bir-illik-f%c9%99aliyy%c9%99tinin-yekunu-n%c9%99z%c9%99rd%c9%99n-kecirilir\/#primaryimage","url":"https:\/\/jam-news.net\/app\/uploads\/2020\/03\/\u041a\u0430\u0440\u0435\u043d-\u041a\u0430\u0440\u0430\u043f\u0435\u0442\u044f\u043d-1.png","contentUrl":"https:\/\/jam-news.net\/app\/uploads\/2020\/03\/\u041a\u0430\u0440\u0435\u043d-\u041a\u0430\u0440\u0430\u043f\u0435\u0442\u044f\u043d-1.png","width":800,"height":496},{"@type":"BreadcrumbList","@id":"https:\/\/jam-news.net\/az\/erm%c9%99nistanda-bas-nazirin-bir-illik-f%c9%99aliyy%c9%99tinin-yekunu-n%c9%99z%c9%99rd%c9%99n-kecirilir\/#breadcrumb","itemListElement":[{"@type":"ListItem","position":1,"name":"Home","item":"https:\/\/jam-news.net\/az\/"},{"@type":"ListItem","position":2,"name":"Erm\u0259nistanda ba\u015f nazirin bir illik f\u0259aliyy\u0259tinin yekunu n\u0259z\u0259rd\u0259n ke\u00e7irilir"}]},{"@type":"WebSite","@id":"https:\/\/jam-news.net\/az\/#website","url":"https:\/\/jam-news.net\/az\/","name":"Azerbaijani Jamnews","description":"Caucasus News, Politics and Society","publisher":{"@id":"https:\/\/jam-news.net\/az\/#organization"},"potentialAction":[{"@type":"SearchAction","target":{"@type":"EntryPoint","urlTemplate":"https:\/\/jam-news.net\/az\/?s={search_term_string}"},"query-input":{"@type":"PropertyValueSpecification","valueRequired":true,"valueName":"search_term_string"}}],"inLanguage":"az"},{"@type":"Organization","@id":"https:\/\/jam-news.net\/az\/#organization","name":"JAMnews","url":"https:\/\/jam-news.net\/az\/","logo":{"@type":"ImageObject","inLanguage":"az","@id":"https:\/\/jam-news.net\/az\/#\/schema\/logo\/image\/","url":"https:\/\/jam-news.net\/app\/uploads\/2020\/05\/JAM_w.jpg","contentUrl":"https:\/\/jam-news.net\/app\/uploads\/2020\/05\/JAM_w.jpg","width":960,"height":960,"caption":"JAMnews"},"image":{"@id":"https:\/\/jam-news.net\/az\/#\/schema\/logo\/image\/"},"sameAs":["https:\/\/www.facebook.com\/JAMnewsInEnglish\/","https:\/\/x.com\/JAMnewsCaucasus","https:\/\/www.instagram.com\/jam_news\/","https:\/\/www.youtube.com\/channel\/UCXQbUCme2pykuZYXWHx4VPg"]},{"@type":"Person","@id":"https:\/\/jam-news.net\/az\/#\/schema\/person\/e82f374df8fce3377c56e285e5c11387","name":"Naira Martikian","image":{"@type":"ImageObject","inLanguage":"az","@id":"https:\/\/jam-news.net\/az\/#\/schema\/person\/image\/","url":"https:\/\/secure.gravatar.com\/avatar\/0696bcd343e46256c029b752a654bade?s=96&d=mm&r=g","contentUrl":"https:\/\/secure.gravatar.com\/avatar\/0696bcd343e46256c029b752a654bade?s=96&d=mm&r=g","caption":"Naira Martikian"},"url":"https:\/\/jam-news.net\/az\/author\/nairama\/"}]}},"_links":{"self":[{"href":"https:\/\/jam-news.net\/az\/wp-json\/wp\/v2\/posts\/6661","targetHints":{"allow":["GET"]}}],"collection":[{"href":"https:\/\/jam-news.net\/az\/wp-json\/wp\/v2\/posts"}],"about":[{"href":"https:\/\/jam-news.net\/az\/wp-json\/wp\/v2\/types\/post"}],"author":[{"embeddable":true,"href":"https:\/\/jam-news.net\/az\/wp-json\/wp\/v2\/users\/8"}],"replies":[{"embeddable":true,"href":"https:\/\/jam-news.net\/az\/wp-json\/wp\/v2\/comments?post=6661"}],"version-history":[{"count":1,"href":"https:\/\/jam-news.net\/az\/wp-json\/wp\/v2\/posts\/6661\/revisions"}],"predecessor-version":[{"id":15271,"href":"https:\/\/jam-news.net\/az\/wp-json\/wp\/v2\/posts\/6661\/revisions\/15271"}],"wp:featuredmedia":[{"embeddable":true,"href":"https:\/\/jam-news.net\/az\/wp-json\/wp\/v2\/media\/20424"}],"wp:attachment":[{"href":"https:\/\/jam-news.net\/az\/wp-json\/wp\/v2\/media?parent=6661"}],"wp:term":[{"taxonomy":"category","embeddable":true,"href":"https:\/\/jam-news.net\/az\/wp-json\/wp\/v2\/categories?post=6661"},{"taxonomy":"post_tag","embeddable":true,"href":"https:\/\/jam-news.net\/az\/wp-json\/wp\/v2\/tags?post=6661"},{"taxonomy":"formation","embeddable":true,"href":"https:\/\/jam-news.net\/az\/wp-json\/wp\/v2\/formation?post=6661"},{"taxonomy":"post-author","embeddable":true,"href":"https:\/\/jam-news.net\/az\/wp-json\/wp\/v2\/post-author?post=6661"},{"taxonomy":"topic","embeddable":true,"href":"https:\/\/jam-news.net\/az\/wp-json\/wp\/v2\/topic?post=6661"},{"taxonomy":"tooltip","embeddable":true,"href":"https:\/\/jam-news.net\/az\/wp-json\/wp\/v2\/tooltip?post=6661"},{"taxonomy":"city","embeddable":true,"href":"https:\/\/jam-news.net\/az\/wp-json\/wp\/v2\/city?post=6661"}],"curies":[{"name":"wp","href":"https:\/\/api.w.org\/{rel}","templated":true}]}}