{"id":6620,"date":"2017-09-12T00:00:00","date_gmt":"2017-09-12T00:00:00","guid":{"rendered":"http:\/\/jam-news.net\/az\/sosial-sorgu-n%c9%99tic%c9%99l%c9%99rin%c9%99-gor%c9%99-erm%c9%99nistanda-coxlari-olk%c9%99nin-g%c9%99l%c9%99c%c9%99yini-avropa-ittifaqi-il%c9%99-baglayir\/"},"modified":"2022-01-18T01:26:23","modified_gmt":"2022-01-17T21:26:23","slug":"sosial-sorgu-n%c9%99tic%c9%99l%c9%99rin%c9%99-gor%c9%99-erm%c9%99nistanda-coxlari-olk%c9%99nin-g%c9%99l%c9%99c%c9%99yini-avropa-ittifaqi-il%c9%99-baglayir","status":"publish","type":"post","link":"https:\/\/jam-news.net\/az\/sosial-sorgu-n%c9%99tic%c9%99l%c9%99rin%c9%99-gor%c9%99-erm%c9%99nistanda-coxlari-olk%c9%99nin-g%c9%99l%c9%99c%c9%99yini-avropa-ittifaqi-il%c9%99-baglayir\/","title":{"rendered":"Sosial sor\u011fu n\u0259tic\u0259l\u0259rin\u0259 g\u00f6r\u0259, Erm\u0259nistanda \u00e7oxlar\u0131 \u00f6lk\u0259nin g\u0259l\u0259c\u0259yini Avropa \u0130ttifaq\u0131 il\u0259 ba\u011flay\u0131r"},"content":{"rendered":"<p>Erm\u0259nistan sakinl\u0259rinin \u00e7oxu Avropa \u0130ttifaq\u0131 il\u0259 m\u00fcnasib\u0259tl\u0259rin aktivl\u0259\u015fm\u0259sini m\u00fcsb\u0259t qiym\u0259tl\u0259ndirir. Bu haqda Qloballa\u015fma v\u0259 Regional T\u0259dqiqat \u00fczr\u0259 Analitik M\u0259rk\u0259zin r\u0259hb\u0259ri Stepan Qriqoryan t\u0259\u015fkilat\u0131n apard\u0131\u011f\u0131 sosial sor\u011funun n\u0259tic\u0259l\u0259rini a\u00e7\u0131qlayark\u0259n deyib.<\/p>\n<p>T\u0259dqiqata \u0259sas\u0259n respondentl\u0259rin 88,6 faizi Erm\u0259nistan\u0131n Avropa \u0130ttifaq\u0131 il\u0259 m\u00fcnasib\u0259tl\u0259rinin f\u0259alla\u015fmas\u0131n\u0131 m\u00fcsb\u0259t qiym\u0259tl\u0259ndirir.<\/p>\n<p>\u00dcst\u0259lik sor\u011fu olunanlar\u0131n \u00e7oxu Erm\u0259nistan\u0131n g\u0259l\u0259c\u0259yini A\u0130-\u0259 daxil olmaqda g\u00f6r\u00fcr. G\u00f6st\u0259ricil\u0259r\u0259 \u0259sas\u0259n \u0259halinin 40 faizi hesab edir ki, Rusiya il\u0259 s\u0131x m\u00fcnasib\u0259tl\u0259r Erm\u0259nistan\u0131n Avropa \u0130ttifaq\u0131 il\u0259 \u0259laq\u0259l\u0259rin\u0259 mane olur, 29 faiz is\u0259 d\u00fc\u015f\u00fcn\u00fcr ki, Rusiya il\u0259 m\u00fcnasib\u0259tl\u0259r A\u0130 \u0259laq\u0259l\u0259rin\u0259 sad\u0259c\u0259 qism\u0259n mane olur.<\/p>\n<p>Erm\u0259nistan\u0131n hakim Respublika\u00e7\u0131lar Partiyas\u0131n\u0131n s\u0259dr m\u00fcavini, deputat Armen A\u015fotyan sor\u011fu haqda dan\u0131\u015fark\u0259n, bildirib ki, Stepan Qriqoryan v\u0259 onun m\u0259rk\u0259zin\u0259 h\u00f6rm\u0259tl\u0259 yana\u015f\u0131r, amma onun fikrinc\u0259, \u00f6lk\u0259d\u0259 sosial sor\u011fu sar\u0131dan q\u0131tl\u0131q yoxdur, sor\u011fular\u0131n n\u0259tic\u0259l\u0259rinin h\u0259qiq\u0259t\u0259 uy\u011funlu\u011fu is\u0259 informasiya toplama metodikas\u0131ndan v\u0259 bu informasiyan\u0131n emal\u0131ndan as\u0131l\u0131d\u0131r. \u201cV\u0259t\u0259nda\u015flar\u0131n \u0259ks\u0259riyy\u0259ti Avropaya inteqrasiya dey\u0259nd\u0259 sizin d\u0259rk etdiyinizi anlamay\u0131b\u201d, &#8211; Armen A\u015fotyan deyib.<\/p>\n<p>Sor\u011fu 2017-ci il iyunun 1-d\u0259n sentyabr\u0131n 1-\u0259 q\u0259d\u0259r Yeravan, GG\u00fcmri, Vanadzor, Vayk, Yexeqnadzor, Martuni v\u0259 dig\u0259r icmalarda 900 respondent aras\u0131nda ke\u00e7irilib. Sor\u011fuda i\u015ftirak ed\u0259nl\u0259rin yar\u0131dan \u00e7oxu qad\u0131nlar olub (496 n\u0259f\u0259r).<\/p>\n<p><\/p>\n<p>&nbsp;<\/p>\n","protected":false},"excerpt":{"rendered":"<p>Hakim Respublika\u00e7\u0131lar Partiyas\u0131nda hesab edirl\u0259r ki, respondentl\u0259rin \u0259ks\u0259riyy\u0259ti \u201cAvropaya inteqrasiya\u201d anlay\u0131\u015f\u0131n\u0131 sor\u011funu aparanlar\u0131n anlad\u0131\u011f\u0131 \u015f\u0259kild\u0259 d\u0259rk etmir<\/p>\n","protected":false},"author":8,"featured_media":20405,"comment_status":"open","ping_status":"open","sticky":false,"template":"","format":"standard","meta":{"_acf_changed":false,"footnotes":""},"categories":[27,2,50],"tags":[136,33,21],"formation":[],"post-author":[2888],"topic":[],"tooltip":[],"city":[6054],"class_list":["post-6620","post","type-post","status-publish","format-standard","has-post-thumbnail","hentry","category-ermnistan","category-cografiya","category-xbrlr","tag-avropa-ittifaqi","tag-ermnistan","tag-rusiya","post-author-jamnews","city-yerevan"],"acf":[],"yoast_head":"<!-- This site is optimized with the Yoast SEO plugin v24.1 - https:\/\/yoast.com\/wordpress\/plugins\/seo\/ -->\n<title>Sosial sor\u011fu n\u0259tic\u0259l\u0259rin\u0259 g\u00f6r\u0259, Erm\u0259nistanda \u00e7oxlar\u0131 \u00f6lk\u0259nin g\u0259l\u0259c\u0259yini Avropa \u0130ttifaq\u0131 il\u0259 ba\u011flay\u0131r - JAMnews<\/title>\n<meta name=\"robots\" content=\"index, follow, max-snippet:-1, max-image-preview:large, max-video-preview:-1\" \/>\n<link rel=\"canonical\" href=\"https:\/\/jam-news.net\/az\/sosial-sorgu-n\u0259tic\u0259l\u0259rin\u0259-gor\u0259-erm\u0259nistanda-coxlari-olk\u0259nin-g\u0259l\u0259c\u0259yini-avropa-ittifaqi-il\u0259-baglayir\/\" \/>\n<meta property=\"og:locale\" content=\"az_AZ\" \/>\n<meta property=\"og:type\" content=\"article\" \/>\n<meta property=\"og:title\" content=\"Sosial sor\u011fu n\u0259tic\u0259l\u0259rin\u0259 g\u00f6r\u0259, Erm\u0259nistanda \u00e7oxlar\u0131 \u00f6lk\u0259nin g\u0259l\u0259c\u0259yini Avropa \u0130ttifaq\u0131 il\u0259 ba\u011flay\u0131r - JAMnews\" \/>\n<meta property=\"og:description\" content=\"Hakim Respublika\u00e7\u0131lar Partiyas\u0131nda hesab edirl\u0259r ki, respondentl\u0259rin \u0259ks\u0259riyy\u0259ti \u201cAvropaya inteqrasiya\u201d anlay\u0131\u015f\u0131n\u0131 sor\u011funu aparanlar\u0131n anlad\u0131\u011f\u0131 \u015f\u0259kild\u0259 d\u0259rk etmir\" \/>\n<meta property=\"og:url\" content=\"https:\/\/jam-news.net\/az\/sosial-sorgu-n\u0259tic\u0259l\u0259rin\u0259-gor\u0259-erm\u0259nistanda-coxlari-olk\u0259nin-g\u0259l\u0259c\u0259yini-avropa-ittifaqi-il\u0259-baglayir\/\" \/>\n<meta property=\"og:site_name\" content=\"Azerbaijani Jamnews\" \/>\n<meta property=\"article:publisher\" content=\"https:\/\/www.facebook.com\/JAMnewsInEnglish\/\" \/>\n<meta property=\"article:published_time\" content=\"2017-09-12T00:00:00+00:00\" \/>\n<meta property=\"article:modified_time\" content=\"2022-01-17T21:26:23+00:00\" \/>\n<meta property=\"og:image\" content=\"https:\/\/jam-news.net\/app\/uploads\/2020\/03\/016-1-2.jpg\" \/>\n\t<meta property=\"og:image:width\" content=\"1200\" \/>\n\t<meta property=\"og:image:height\" content=\"831\" \/>\n\t<meta property=\"og:image:type\" content=\"image\/jpeg\" \/>\n<meta name=\"author\" content=\"Naira Martikian\" \/>\n<meta name=\"twitter:card\" content=\"summary_large_image\" \/>\n<meta name=\"twitter:creator\" content=\"@JAMnewsCaucasus\" \/>\n<meta name=\"twitter:site\" content=\"@JAMnewsCaucasus\" \/>\n<meta name=\"twitter:label1\" content=\"Written by\" \/>\n\t<meta name=\"twitter:data1\" content=\"Naira Martikian\" \/>\n\t<meta name=\"twitter:label2\" content=\"Est. reading time\" \/>\n\t<meta name=\"twitter:data2\" content=\"2 minutes\" \/>\n<script type=\"application\/ld+json\" class=\"yoast-schema-graph\">{\"@context\":\"https:\/\/schema.org\",\"@graph\":[{\"@type\":\"Article\",\"@id\":\"https:\/\/jam-news.net\/az\/sosial-sorgu-n%c9%99tic%c9%99l%c9%99rin%c9%99-gor%c9%99-erm%c9%99nistanda-coxlari-olk%c9%99nin-g%c9%99l%c9%99c%c9%99yini-avropa-ittifaqi-il%c9%99-baglayir\/#article\",\"isPartOf\":{\"@id\":\"https:\/\/jam-news.net\/az\/sosial-sorgu-n%c9%99tic%c9%99l%c9%99rin%c9%99-gor%c9%99-erm%c9%99nistanda-coxlari-olk%c9%99nin-g%c9%99l%c9%99c%c9%99yini-avropa-ittifaqi-il%c9%99-baglayir\/\"},\"author\":{\"name\":\"Naira Martikian\",\"@id\":\"https:\/\/jam-news.net\/az\/#\/schema\/person\/e82f374df8fce3377c56e285e5c11387\"},\"headline\":\"Sosial sor\u011fu n\u0259tic\u0259l\u0259rin\u0259 g\u00f6r\u0259, Erm\u0259nistanda \u00e7oxlar\u0131 \u00f6lk\u0259nin g\u0259l\u0259c\u0259yini Avropa \u0130ttifaq\u0131 il\u0259 ba\u011flay\u0131r\",\"datePublished\":\"2017-09-12T00:00:00+00:00\",\"dateModified\":\"2022-01-17T21:26:23+00:00\",\"mainEntityOfPage\":{\"@id\":\"https:\/\/jam-news.net\/az\/sosial-sorgu-n%c9%99tic%c9%99l%c9%99rin%c9%99-gor%c9%99-erm%c9%99nistanda-coxlari-olk%c9%99nin-g%c9%99l%c9%99c%c9%99yini-avropa-ittifaqi-il%c9%99-baglayir\/\"},\"wordCount\":339,\"commentCount\":0,\"publisher\":{\"@id\":\"https:\/\/jam-news.net\/az\/#organization\"},\"image\":{\"@id\":\"https:\/\/jam-news.net\/az\/sosial-sorgu-n%c9%99tic%c9%99l%c9%99rin%c9%99-gor%c9%99-erm%c9%99nistanda-coxlari-olk%c9%99nin-g%c9%99l%c9%99c%c9%99yini-avropa-ittifaqi-il%c9%99-baglayir\/#primaryimage\"},\"thumbnailUrl\":\"https:\/\/jam-news.net\/app\/uploads\/2020\/03\/016-1-2.jpg\",\"keywords\":[\"Avropa \u0130ttifaq\u0131\",\"Erm\u0259nistan\",\"Rusiya\"],\"articleSection\":[\"Armenia\",\"Geography\",\"News\"],\"inLanguage\":\"az\"},{\"@type\":\"WebPage\",\"@id\":\"https:\/\/jam-news.net\/az\/sosial-sorgu-n%c9%99tic%c9%99l%c9%99rin%c9%99-gor%c9%99-erm%c9%99nistanda-coxlari-olk%c9%99nin-g%c9%99l%c9%99c%c9%99yini-avropa-ittifaqi-il%c9%99-baglayir\/\",\"url\":\"https:\/\/jam-news.net\/az\/sosial-sorgu-n%c9%99tic%c9%99l%c9%99rin%c9%99-gor%c9%99-erm%c9%99nistanda-coxlari-olk%c9%99nin-g%c9%99l%c9%99c%c9%99yini-avropa-ittifaqi-il%c9%99-baglayir\/\",\"name\":\"Sosial sor\u011fu n\u0259tic\u0259l\u0259rin\u0259 g\u00f6r\u0259, Erm\u0259nistanda \u00e7oxlar\u0131 \u00f6lk\u0259nin g\u0259l\u0259c\u0259yini Avropa \u0130ttifaq\u0131 il\u0259 ba\u011flay\u0131r - JAMnews\",\"isPartOf\":{\"@id\":\"https:\/\/jam-news.net\/az\/#website\"},\"primaryImageOfPage\":{\"@id\":\"https:\/\/jam-news.net\/az\/sosial-sorgu-n%c9%99tic%c9%99l%c9%99rin%c9%99-gor%c9%99-erm%c9%99nistanda-coxlari-olk%c9%99nin-g%c9%99l%c9%99c%c9%99yini-avropa-ittifaqi-il%c9%99-baglayir\/#primaryimage\"},\"image\":{\"@id\":\"https:\/\/jam-news.net\/az\/sosial-sorgu-n%c9%99tic%c9%99l%c9%99rin%c9%99-gor%c9%99-erm%c9%99nistanda-coxlari-olk%c9%99nin-g%c9%99l%c9%99c%c9%99yini-avropa-ittifaqi-il%c9%99-baglayir\/#primaryimage\"},\"thumbnailUrl\":\"https:\/\/jam-news.net\/app\/uploads\/2020\/03\/016-1-2.jpg\",\"datePublished\":\"2017-09-12T00:00:00+00:00\",\"dateModified\":\"2022-01-17T21:26:23+00:00\",\"breadcrumb\":{\"@id\":\"https:\/\/jam-news.net\/az\/sosial-sorgu-n%c9%99tic%c9%99l%c9%99rin%c9%99-gor%c9%99-erm%c9%99nistanda-coxlari-olk%c9%99nin-g%c9%99l%c9%99c%c9%99yini-avropa-ittifaqi-il%c9%99-baglayir\/#breadcrumb\"},\"inLanguage\":\"az\",\"potentialAction\":[{\"@type\":\"ReadAction\",\"target\":[\"https:\/\/jam-news.net\/az\/sosial-sorgu-n%c9%99tic%c9%99l%c9%99rin%c9%99-gor%c9%99-erm%c9%99nistanda-coxlari-olk%c9%99nin-g%c9%99l%c9%99c%c9%99yini-avropa-ittifaqi-il%c9%99-baglayir\/\"]}]},{\"@type\":\"ImageObject\",\"inLanguage\":\"az\",\"@id\":\"https:\/\/jam-news.net\/az\/sosial-sorgu-n%c9%99tic%c9%99l%c9%99rin%c9%99-gor%c9%99-erm%c9%99nistanda-coxlari-olk%c9%99nin-g%c9%99l%c9%99c%c9%99yini-avropa-ittifaqi-il%c9%99-baglayir\/#primaryimage\",\"url\":\"https:\/\/jam-news.net\/app\/uploads\/2020\/03\/016-1-2.jpg\",\"contentUrl\":\"https:\/\/jam-news.net\/app\/uploads\/2020\/03\/016-1-2.jpg\",\"width\":1200,\"height\":831},{\"@type\":\"BreadcrumbList\",\"@id\":\"https:\/\/jam-news.net\/az\/sosial-sorgu-n%c9%99tic%c9%99l%c9%99rin%c9%99-gor%c9%99-erm%c9%99nistanda-coxlari-olk%c9%99nin-g%c9%99l%c9%99c%c9%99yini-avropa-ittifaqi-il%c9%99-baglayir\/#breadcrumb\",\"itemListElement\":[{\"@type\":\"ListItem\",\"position\":1,\"name\":\"Home\",\"item\":\"https:\/\/jam-news.net\/az\/\"},{\"@type\":\"ListItem\",\"position\":2,\"name\":\"Sosial sor\u011fu n\u0259tic\u0259l\u0259rin\u0259 g\u00f6r\u0259, Erm\u0259nistanda \u00e7oxlar\u0131 \u00f6lk\u0259nin g\u0259l\u0259c\u0259yini Avropa \u0130ttifaq\u0131 il\u0259 ba\u011flay\u0131r\"}]},{\"@type\":\"WebSite\",\"@id\":\"https:\/\/jam-news.net\/az\/#website\",\"url\":\"https:\/\/jam-news.net\/az\/\",\"name\":\"Azerbaijani Jamnews\",\"description\":\"Caucasus News, Politics and Society\",\"publisher\":{\"@id\":\"https:\/\/jam-news.net\/az\/#organization\"},\"potentialAction\":[{\"@type\":\"SearchAction\",\"target\":{\"@type\":\"EntryPoint\",\"urlTemplate\":\"https:\/\/jam-news.net\/az\/?s={search_term_string}\"},\"query-input\":{\"@type\":\"PropertyValueSpecification\",\"valueRequired\":true,\"valueName\":\"search_term_string\"}}],\"inLanguage\":\"az\"},{\"@type\":\"Organization\",\"@id\":\"https:\/\/jam-news.net\/az\/#organization\",\"name\":\"JAMnews\",\"url\":\"https:\/\/jam-news.net\/az\/\",\"logo\":{\"@type\":\"ImageObject\",\"inLanguage\":\"az\",\"@id\":\"https:\/\/jam-news.net\/az\/#\/schema\/logo\/image\/\",\"url\":\"https:\/\/jam-news.net\/app\/uploads\/2020\/05\/JAM_w.jpg\",\"contentUrl\":\"https:\/\/jam-news.net\/app\/uploads\/2020\/05\/JAM_w.jpg\",\"width\":960,\"height\":960,\"caption\":\"JAMnews\"},\"image\":{\"@id\":\"https:\/\/jam-news.net\/az\/#\/schema\/logo\/image\/\"},\"sameAs\":[\"https:\/\/www.facebook.com\/JAMnewsInEnglish\/\",\"https:\/\/x.com\/JAMnewsCaucasus\",\"https:\/\/www.instagram.com\/jam_news\/\",\"https:\/\/www.youtube.com\/channel\/UCXQbUCme2pykuZYXWHx4VPg\"]},{\"@type\":\"Person\",\"@id\":\"https:\/\/jam-news.net\/az\/#\/schema\/person\/e82f374df8fce3377c56e285e5c11387\",\"name\":\"Naira Martikian\",\"image\":{\"@type\":\"ImageObject\",\"inLanguage\":\"az\",\"@id\":\"https:\/\/jam-news.net\/az\/#\/schema\/person\/image\/\",\"url\":\"https:\/\/secure.gravatar.com\/avatar\/0696bcd343e46256c029b752a654bade?s=96&d=mm&r=g\",\"contentUrl\":\"https:\/\/secure.gravatar.com\/avatar\/0696bcd343e46256c029b752a654bade?s=96&d=mm&r=g\",\"caption\":\"Naira Martikian\"},\"url\":\"https:\/\/jam-news.net\/az\/author\/nairama\/\"}]}<\/script>\n<!-- \/ Yoast SEO plugin. -->","yoast_head_json":{"title":"Sosial sor\u011fu n\u0259tic\u0259l\u0259rin\u0259 g\u00f6r\u0259, Erm\u0259nistanda \u00e7oxlar\u0131 \u00f6lk\u0259nin g\u0259l\u0259c\u0259yini Avropa \u0130ttifaq\u0131 il\u0259 ba\u011flay\u0131r - JAMnews","robots":{"index":"index","follow":"follow","max-snippet":"max-snippet:-1","max-image-preview":"max-image-preview:large","max-video-preview":"max-video-preview:-1"},"canonical":"https:\/\/jam-news.net\/az\/sosial-sorgu-n\u0259tic\u0259l\u0259rin\u0259-gor\u0259-erm\u0259nistanda-coxlari-olk\u0259nin-g\u0259l\u0259c\u0259yini-avropa-ittifaqi-il\u0259-baglayir\/","og_locale":"az_AZ","og_type":"article","og_title":"Sosial sor\u011fu n\u0259tic\u0259l\u0259rin\u0259 g\u00f6r\u0259, Erm\u0259nistanda \u00e7oxlar\u0131 \u00f6lk\u0259nin g\u0259l\u0259c\u0259yini Avropa \u0130ttifaq\u0131 il\u0259 ba\u011flay\u0131r - JAMnews","og_description":"Hakim Respublika\u00e7\u0131lar Partiyas\u0131nda hesab edirl\u0259r ki, respondentl\u0259rin \u0259ks\u0259riyy\u0259ti \u201cAvropaya inteqrasiya\u201d anlay\u0131\u015f\u0131n\u0131 sor\u011funu aparanlar\u0131n anlad\u0131\u011f\u0131 \u015f\u0259kild\u0259 d\u0259rk etmir","og_url":"https:\/\/jam-news.net\/az\/sosial-sorgu-n\u0259tic\u0259l\u0259rin\u0259-gor\u0259-erm\u0259nistanda-coxlari-olk\u0259nin-g\u0259l\u0259c\u0259yini-avropa-ittifaqi-il\u0259-baglayir\/","og_site_name":"Azerbaijani Jamnews","article_publisher":"https:\/\/www.facebook.com\/JAMnewsInEnglish\/","article_published_time":"2017-09-12T00:00:00+00:00","article_modified_time":"2022-01-17T21:26:23+00:00","og_image":[{"width":1200,"height":831,"url":"https:\/\/jam-news.net\/app\/uploads\/2020\/03\/016-1-2.jpg","type":"image\/jpeg"}],"author":"Naira Martikian","twitter_card":"summary_large_image","twitter_creator":"@JAMnewsCaucasus","twitter_site":"@JAMnewsCaucasus","twitter_misc":{"Written by":"Naira Martikian","Est. reading time":"2 minutes"},"schema":{"@context":"https:\/\/schema.org","@graph":[{"@type":"Article","@id":"https:\/\/jam-news.net\/az\/sosial-sorgu-n%c9%99tic%c9%99l%c9%99rin%c9%99-gor%c9%99-erm%c9%99nistanda-coxlari-olk%c9%99nin-g%c9%99l%c9%99c%c9%99yini-avropa-ittifaqi-il%c9%99-baglayir\/#article","isPartOf":{"@id":"https:\/\/jam-news.net\/az\/sosial-sorgu-n%c9%99tic%c9%99l%c9%99rin%c9%99-gor%c9%99-erm%c9%99nistanda-coxlari-olk%c9%99nin-g%c9%99l%c9%99c%c9%99yini-avropa-ittifaqi-il%c9%99-baglayir\/"},"author":{"name":"Naira Martikian","@id":"https:\/\/jam-news.net\/az\/#\/schema\/person\/e82f374df8fce3377c56e285e5c11387"},"headline":"Sosial sor\u011fu n\u0259tic\u0259l\u0259rin\u0259 g\u00f6r\u0259, Erm\u0259nistanda \u00e7oxlar\u0131 \u00f6lk\u0259nin g\u0259l\u0259c\u0259yini Avropa \u0130ttifaq\u0131 il\u0259 ba\u011flay\u0131r","datePublished":"2017-09-12T00:00:00+00:00","dateModified":"2022-01-17T21:26:23+00:00","mainEntityOfPage":{"@id":"https:\/\/jam-news.net\/az\/sosial-sorgu-n%c9%99tic%c9%99l%c9%99rin%c9%99-gor%c9%99-erm%c9%99nistanda-coxlari-olk%c9%99nin-g%c9%99l%c9%99c%c9%99yini-avropa-ittifaqi-il%c9%99-baglayir\/"},"wordCount":339,"commentCount":0,"publisher":{"@id":"https:\/\/jam-news.net\/az\/#organization"},"image":{"@id":"https:\/\/jam-news.net\/az\/sosial-sorgu-n%c9%99tic%c9%99l%c9%99rin%c9%99-gor%c9%99-erm%c9%99nistanda-coxlari-olk%c9%99nin-g%c9%99l%c9%99c%c9%99yini-avropa-ittifaqi-il%c9%99-baglayir\/#primaryimage"},"thumbnailUrl":"https:\/\/jam-news.net\/app\/uploads\/2020\/03\/016-1-2.jpg","keywords":["Avropa \u0130ttifaq\u0131","Erm\u0259nistan","Rusiya"],"articleSection":["Armenia","Geography","News"],"inLanguage":"az"},{"@type":"WebPage","@id":"https:\/\/jam-news.net\/az\/sosial-sorgu-n%c9%99tic%c9%99l%c9%99rin%c9%99-gor%c9%99-erm%c9%99nistanda-coxlari-olk%c9%99nin-g%c9%99l%c9%99c%c9%99yini-avropa-ittifaqi-il%c9%99-baglayir\/","url":"https:\/\/jam-news.net\/az\/sosial-sorgu-n%c9%99tic%c9%99l%c9%99rin%c9%99-gor%c9%99-erm%c9%99nistanda-coxlari-olk%c9%99nin-g%c9%99l%c9%99c%c9%99yini-avropa-ittifaqi-il%c9%99-baglayir\/","name":"Sosial sor\u011fu n\u0259tic\u0259l\u0259rin\u0259 g\u00f6r\u0259, Erm\u0259nistanda \u00e7oxlar\u0131 \u00f6lk\u0259nin g\u0259l\u0259c\u0259yini Avropa \u0130ttifaq\u0131 il\u0259 ba\u011flay\u0131r - JAMnews","isPartOf":{"@id":"https:\/\/jam-news.net\/az\/#website"},"primaryImageOfPage":{"@id":"https:\/\/jam-news.net\/az\/sosial-sorgu-n%c9%99tic%c9%99l%c9%99rin%c9%99-gor%c9%99-erm%c9%99nistanda-coxlari-olk%c9%99nin-g%c9%99l%c9%99c%c9%99yini-avropa-ittifaqi-il%c9%99-baglayir\/#primaryimage"},"image":{"@id":"https:\/\/jam-news.net\/az\/sosial-sorgu-n%c9%99tic%c9%99l%c9%99rin%c9%99-gor%c9%99-erm%c9%99nistanda-coxlari-olk%c9%99nin-g%c9%99l%c9%99c%c9%99yini-avropa-ittifaqi-il%c9%99-baglayir\/#primaryimage"},"thumbnailUrl":"https:\/\/jam-news.net\/app\/uploads\/2020\/03\/016-1-2.jpg","datePublished":"2017-09-12T00:00:00+00:00","dateModified":"2022-01-17T21:26:23+00:00","breadcrumb":{"@id":"https:\/\/jam-news.net\/az\/sosial-sorgu-n%c9%99tic%c9%99l%c9%99rin%c9%99-gor%c9%99-erm%c9%99nistanda-coxlari-olk%c9%99nin-g%c9%99l%c9%99c%c9%99yini-avropa-ittifaqi-il%c9%99-baglayir\/#breadcrumb"},"inLanguage":"az","potentialAction":[{"@type":"ReadAction","target":["https:\/\/jam-news.net\/az\/sosial-sorgu-n%c9%99tic%c9%99l%c9%99rin%c9%99-gor%c9%99-erm%c9%99nistanda-coxlari-olk%c9%99nin-g%c9%99l%c9%99c%c9%99yini-avropa-ittifaqi-il%c9%99-baglayir\/"]}]},{"@type":"ImageObject","inLanguage":"az","@id":"https:\/\/jam-news.net\/az\/sosial-sorgu-n%c9%99tic%c9%99l%c9%99rin%c9%99-gor%c9%99-erm%c9%99nistanda-coxlari-olk%c9%99nin-g%c9%99l%c9%99c%c9%99yini-avropa-ittifaqi-il%c9%99-baglayir\/#primaryimage","url":"https:\/\/jam-news.net\/app\/uploads\/2020\/03\/016-1-2.jpg","contentUrl":"https:\/\/jam-news.net\/app\/uploads\/2020\/03\/016-1-2.jpg","width":1200,"height":831},{"@type":"BreadcrumbList","@id":"https:\/\/jam-news.net\/az\/sosial-sorgu-n%c9%99tic%c9%99l%c9%99rin%c9%99-gor%c9%99-erm%c9%99nistanda-coxlari-olk%c9%99nin-g%c9%99l%c9%99c%c9%99yini-avropa-ittifaqi-il%c9%99-baglayir\/#breadcrumb","itemListElement":[{"@type":"ListItem","position":1,"name":"Home","item":"https:\/\/jam-news.net\/az\/"},{"@type":"ListItem","position":2,"name":"Sosial sor\u011fu n\u0259tic\u0259l\u0259rin\u0259 g\u00f6r\u0259, Erm\u0259nistanda \u00e7oxlar\u0131 \u00f6lk\u0259nin g\u0259l\u0259c\u0259yini Avropa \u0130ttifaq\u0131 il\u0259 ba\u011flay\u0131r"}]},{"@type":"WebSite","@id":"https:\/\/jam-news.net\/az\/#website","url":"https:\/\/jam-news.net\/az\/","name":"Azerbaijani Jamnews","description":"Caucasus News, Politics and Society","publisher":{"@id":"https:\/\/jam-news.net\/az\/#organization"},"potentialAction":[{"@type":"SearchAction","target":{"@type":"EntryPoint","urlTemplate":"https:\/\/jam-news.net\/az\/?s={search_term_string}"},"query-input":{"@type":"PropertyValueSpecification","valueRequired":true,"valueName":"search_term_string"}}],"inLanguage":"az"},{"@type":"Organization","@id":"https:\/\/jam-news.net\/az\/#organization","name":"JAMnews","url":"https:\/\/jam-news.net\/az\/","logo":{"@type":"ImageObject","inLanguage":"az","@id":"https:\/\/jam-news.net\/az\/#\/schema\/logo\/image\/","url":"https:\/\/jam-news.net\/app\/uploads\/2020\/05\/JAM_w.jpg","contentUrl":"https:\/\/jam-news.net\/app\/uploads\/2020\/05\/JAM_w.jpg","width":960,"height":960,"caption":"JAMnews"},"image":{"@id":"https:\/\/jam-news.net\/az\/#\/schema\/logo\/image\/"},"sameAs":["https:\/\/www.facebook.com\/JAMnewsInEnglish\/","https:\/\/x.com\/JAMnewsCaucasus","https:\/\/www.instagram.com\/jam_news\/","https:\/\/www.youtube.com\/channel\/UCXQbUCme2pykuZYXWHx4VPg"]},{"@type":"Person","@id":"https:\/\/jam-news.net\/az\/#\/schema\/person\/e82f374df8fce3377c56e285e5c11387","name":"Naira Martikian","image":{"@type":"ImageObject","inLanguage":"az","@id":"https:\/\/jam-news.net\/az\/#\/schema\/person\/image\/","url":"https:\/\/secure.gravatar.com\/avatar\/0696bcd343e46256c029b752a654bade?s=96&d=mm&r=g","contentUrl":"https:\/\/secure.gravatar.com\/avatar\/0696bcd343e46256c029b752a654bade?s=96&d=mm&r=g","caption":"Naira Martikian"},"url":"https:\/\/jam-news.net\/az\/author\/nairama\/"}]}},"_links":{"self":[{"href":"https:\/\/jam-news.net\/az\/wp-json\/wp\/v2\/posts\/6620","targetHints":{"allow":["GET"]}}],"collection":[{"href":"https:\/\/jam-news.net\/az\/wp-json\/wp\/v2\/posts"}],"about":[{"href":"https:\/\/jam-news.net\/az\/wp-json\/wp\/v2\/types\/post"}],"author":[{"embeddable":true,"href":"https:\/\/jam-news.net\/az\/wp-json\/wp\/v2\/users\/8"}],"replies":[{"embeddable":true,"href":"https:\/\/jam-news.net\/az\/wp-json\/wp\/v2\/comments?post=6620"}],"version-history":[{"count":1,"href":"https:\/\/jam-news.net\/az\/wp-json\/wp\/v2\/posts\/6620\/revisions"}],"predecessor-version":[{"id":15285,"href":"https:\/\/jam-news.net\/az\/wp-json\/wp\/v2\/posts\/6620\/revisions\/15285"}],"wp:featuredmedia":[{"embeddable":true,"href":"https:\/\/jam-news.net\/az\/wp-json\/wp\/v2\/media\/20405"}],"wp:attachment":[{"href":"https:\/\/jam-news.net\/az\/wp-json\/wp\/v2\/media?parent=6620"}],"wp:term":[{"taxonomy":"category","embeddable":true,"href":"https:\/\/jam-news.net\/az\/wp-json\/wp\/v2\/categories?post=6620"},{"taxonomy":"post_tag","embeddable":true,"href":"https:\/\/jam-news.net\/az\/wp-json\/wp\/v2\/tags?post=6620"},{"taxonomy":"formation","embeddable":true,"href":"https:\/\/jam-news.net\/az\/wp-json\/wp\/v2\/formation?post=6620"},{"taxonomy":"post-author","embeddable":true,"href":"https:\/\/jam-news.net\/az\/wp-json\/wp\/v2\/post-author?post=6620"},{"taxonomy":"topic","embeddable":true,"href":"https:\/\/jam-news.net\/az\/wp-json\/wp\/v2\/topic?post=6620"},{"taxonomy":"tooltip","embeddable":true,"href":"https:\/\/jam-news.net\/az\/wp-json\/wp\/v2\/tooltip?post=6620"},{"taxonomy":"city","embeddable":true,"href":"https:\/\/jam-news.net\/az\/wp-json\/wp\/v2\/city?post=6620"}],"curies":[{"name":"wp","href":"https:\/\/api.w.org\/{rel}","templated":true}]}}