{"id":6600,"date":"2017-09-11T00:00:00","date_gmt":"2017-09-11T00:00:00","guid":{"rendered":"http:\/\/jam-news.net\/az\/rusiya-kapitali-erministan-bazarini-lazimincaa-d%c9%99y%c9%99rl%c9%99ndirmir-erm%c9%99nistanin-bas-naziri-bel%c9%99-hesab-edir\/"},"modified":"2022-01-18T01:26:24","modified_gmt":"2022-01-17T21:26:24","slug":"rusiya-kapitali-erministan-bazarini-lazimincaa-d%c9%99y%c9%99rl%c9%99ndirmir-erm%c9%99nistanin-bas-naziri-bel%c9%99-hesab-edir","status":"publish","type":"post","link":"https:\/\/jam-news.net\/az\/rusiya-kapitali-erministan-bazarini-lazimincaa-d%c9%99y%c9%99rl%c9%99ndirmir-erm%c9%99nistanin-bas-naziri-bel%c9%99-hesab-edir\/","title":{"rendered":"Rusiya kapital\u0131 Erm\u0259nistan bazar\u0131n\u0131 laz\u0131m\u0131nca d\u0259y\u0259rl\u0259ndirmir &#8211; Erm\u0259nistan\u0131n ba\u015f naziri bel\u0259 hesab edir"},"content":{"rendered":"<p>\u201cRusiya \u015firk\u0259tl\u0259ri h\u0259l\u0259 d\u0259 Erm\u0259nistan bazar\u0131n\u0131n imkanlar\u0131n\u0131 laz\u0131m\u0131nca d\u0259y\u0259rl\u0259ndirmir\u201d, &#8211; Erm\u0259nistan\u0131n baz naziri Karen Karapetyan Rusiyan\u0131n s\u0259naye v\u0259 ticar\u0259t naziri Qleb Nikitinl\u0259 g\u00f6r\u00fc\u015f\u00fcnd\u0259 bildirib.<\/p>\n<p>O h\u0259m\u00e7inin deyib ki, s\u0259naye sah\u0259sind\u0259 Erm\u0259nistan-Rusiya \u0259m\u0259kda\u015fl\u0131\u011f\u0131n\u0131n real inki\u015faf perspektivl\u0259rini g\u00f6r\u00fcr. M\u00fcmk\u00fcn \u0259m\u0259kda\u015fl\u0131q istiqam\u0259tl\u0259rini sadalayark\u0259n (n\u0259qliyyat, aviasiya, farmakologiya, turizm, mehmanxana biznesi) ba\u015f nazir Erm\u0259nistan \u015firk\u0259tl\u0259ri il\u0259 informasiya texnologiyalar\u0131 sah\u0259sind\u0259 birg\u0259 i\u015fin c\u0259lbediciliyini vur\u011fulay\u0131b: \u201cBizd\u0259 Silikon Vadisind\u0259 f\u0259aliyy\u0259t g\u00f6st\u0259r\u0259n t\u0259\u015fkilatlar, t\u00f6r\u0259m\u0259 \u015firk\u0259tl\u0259r var\u201d.<\/p>\n<p>Rusiya kapital\u0131n\u0131n Erm\u0259nistanda geni\u015f t\u0259msil olunmas\u0131na baxmayaraq, Karapetyan qeyd edib ki, Rusiya \u015firk\u0259tl\u0259ri h\u0259l\u0259 d\u0259 Erm\u0259nistan bazar\u0131ndan laz\u0131m\u0131 d\u0259r\u0259c\u0259d\u0259 istifad\u0259 etmirl\u0259r, x\u00fcsus\u0259n d\u0259 \u201c\u00fc\u00e7\u00fcnc\u00fc bazarlara \u2013 \u0130rana, Avropa \u0130ttifaq\u0131na \u00e7\u0131x\u0131\u015f plan\u0131nda. Meqrid\u0259ki azad ticar\u0259t zonas\u0131 v\u0259 Avropa \u0130ttifaq\u0131 il\u0259 m\u00f6vcud olan GSP+ sistemi buna \u0259h\u0259miyy\u0259tli d\u0259r\u0259c\u0259d\u0259 \u015f\u0259rait yarada bil\u0259r\u201d.<\/p>\n<p>Siyasi \u015f\u0259rh\u00e7i Akop Badalyan Karen Karapetyan\u0131n Rusiyaya Erm\u0259nistan\u0131 iri beyn\u0259lxalq bazarlara \u00e7\u0131x\u0131\u015f meydan\u00e7as\u0131 kimi d\u0259y\u0259rl\u0259ndirm\u0259si il\u0259 ba\u011fl\u0131 m\u00fcraci\u0259tini \u015f\u0259rh ed\u0259rk\u0259n, yaz\u0131b: \u201cKarapetyan\u0131n m\u00fcraci\u0259tinin eyni zamanda s\u0259tiralt\u0131 m\u0259nas\u0131 da var. Beyn\u0259lxalq sanksiyalar durmunda Rusiya kapital\u0131 h\u0259qiq\u0259t\u0259n d\u0259 a\u011f\u0131r v\u0259ziyy\u0259t\u0259 d\u00fc\u015f\u00fcb v\u0259 Karen Karapetyan faktiki olaraq Erm\u0259nistan vasit\u0259sil\u0259 bu sanksiyalardan \u201cyan \u00f6tm\u0259yi\u201d t\u0259klif edir\u201d.<\/p>\n<p>&nbsp;<\/p>\n","protected":false},"excerpt":{"rendered":"<p>O, Moskvaya Erm\u0259nistan\u0131 iri beyn\u0259lxalq bazarlara \u00e7\u0131x\u0131\u015f kimi istifad\u0259 etm\u0259y\u0259 v\u0259 bu yolla qada\u011falardan &#8220;yan ke\u00e7m\u0259y\u0259&#8221; \u00e7a\u011f\u0131r\u0131r<\/p>\n","protected":false},"author":8,"featured_media":20394,"comment_status":"open","ping_status":"open","sticky":false,"template":"","format":"standard","meta":{"_acf_changed":false,"footnotes":""},"categories":[27,22,2,50,5],"tags":[33],"formation":[],"post-author":[2888],"topic":[6111],"tooltip":[],"city":[6054],"class_list":["post-6600","post","type-post","status-publish","format-standard","has-post-thumbnail","hentry","category-ermnistan","category-iqtisadiyyat","category-cografiya","category-xbrlr","category-siyast","tag-ermnistan","post-author-jamnews","topic-ermnistan-rusiya","city-yerevan"],"acf":[],"yoast_head":"<!-- This site is optimized with the Yoast SEO plugin v24.1 - https:\/\/yoast.com\/wordpress\/plugins\/seo\/ -->\n<title>Rusiya kapital\u0131 Erm\u0259nistan bazar\u0131n\u0131 laz\u0131m\u0131nca d\u0259y\u0259rl\u0259ndirmir - Erm\u0259nistan\u0131n ba\u015f naziri bel\u0259 hesab edir - JAMnews<\/title>\n<meta name=\"robots\" content=\"index, follow, max-snippet:-1, max-image-preview:large, max-video-preview:-1\" \/>\n<link rel=\"canonical\" href=\"https:\/\/jam-news.net\/az\/rusiya-kapitali-erministan-bazarini-lazimincaa-d\u0259y\u0259rl\u0259ndirmir-erm\u0259nistanin-bas-naziri-bel\u0259-hesab-edir\/\" \/>\n<meta property=\"og:locale\" content=\"az_AZ\" \/>\n<meta property=\"og:type\" content=\"article\" \/>\n<meta property=\"og:title\" content=\"Rusiya kapital\u0131 Erm\u0259nistan bazar\u0131n\u0131 laz\u0131m\u0131nca d\u0259y\u0259rl\u0259ndirmir - Erm\u0259nistan\u0131n ba\u015f naziri bel\u0259 hesab edir - JAMnews\" \/>\n<meta property=\"og:description\" content=\"O, Moskvaya Erm\u0259nistan\u0131 iri beyn\u0259lxalq bazarlara \u00e7\u0131x\u0131\u015f kimi istifad\u0259 etm\u0259y\u0259 v\u0259 bu yolla qada\u011falardan &quot;yan ke\u00e7m\u0259y\u0259&quot; \u00e7a\u011f\u0131r\u0131r\" \/>\n<meta property=\"og:url\" content=\"https:\/\/jam-news.net\/az\/rusiya-kapitali-erministan-bazarini-lazimincaa-d\u0259y\u0259rl\u0259ndirmir-erm\u0259nistanin-bas-naziri-bel\u0259-hesab-edir\/\" \/>\n<meta property=\"og:site_name\" content=\"Azerbaijani Jamnews\" \/>\n<meta property=\"article:publisher\" content=\"https:\/\/www.facebook.com\/JAMnewsInEnglish\/\" \/>\n<meta property=\"article:published_time\" content=\"2017-09-11T00:00:00+00:00\" \/>\n<meta property=\"article:modified_time\" content=\"2022-01-17T21:26:24+00:00\" \/>\n<meta property=\"og:image\" content=\"https:\/\/jam-news.net\/app\/uploads\/2020\/03\/IMG_1727-e1504961150679-4.jpg\" \/>\n\t<meta property=\"og:image:width\" content=\"1200\" \/>\n\t<meta property=\"og:image:height\" content=\"800\" \/>\n\t<meta property=\"og:image:type\" content=\"image\/jpeg\" \/>\n<meta name=\"author\" content=\"Naira Martikian\" \/>\n<meta name=\"twitter:card\" content=\"summary_large_image\" \/>\n<meta name=\"twitter:creator\" content=\"@JAMnewsCaucasus\" \/>\n<meta name=\"twitter:site\" content=\"@JAMnewsCaucasus\" \/>\n<meta name=\"twitter:label1\" content=\"Written by\" \/>\n\t<meta name=\"twitter:data1\" content=\"Naira Martikian\" \/>\n\t<meta name=\"twitter:label2\" content=\"Est. reading time\" \/>\n\t<meta name=\"twitter:data2\" content=\"1 minute\" \/>\n<script type=\"application\/ld+json\" class=\"yoast-schema-graph\">{\"@context\":\"https:\/\/schema.org\",\"@graph\":[{\"@type\":\"Article\",\"@id\":\"https:\/\/jam-news.net\/az\/rusiya-kapitali-erministan-bazarini-lazimincaa-d%c9%99y%c9%99rl%c9%99ndirmir-erm%c9%99nistanin-bas-naziri-bel%c9%99-hesab-edir\/#article\",\"isPartOf\":{\"@id\":\"https:\/\/jam-news.net\/az\/rusiya-kapitali-erministan-bazarini-lazimincaa-d%c9%99y%c9%99rl%c9%99ndirmir-erm%c9%99nistanin-bas-naziri-bel%c9%99-hesab-edir\/\"},\"author\":{\"name\":\"Naira Martikian\",\"@id\":\"https:\/\/jam-news.net\/az\/#\/schema\/person\/e82f374df8fce3377c56e285e5c11387\"},\"headline\":\"Rusiya kapital\u0131 Erm\u0259nistan bazar\u0131n\u0131 laz\u0131m\u0131nca d\u0259y\u0259rl\u0259ndirmir &#8211; Erm\u0259nistan\u0131n ba\u015f naziri bel\u0259 hesab edir\",\"datePublished\":\"2017-09-11T00:00:00+00:00\",\"dateModified\":\"2022-01-17T21:26:24+00:00\",\"mainEntityOfPage\":{\"@id\":\"https:\/\/jam-news.net\/az\/rusiya-kapitali-erministan-bazarini-lazimincaa-d%c9%99y%c9%99rl%c9%99ndirmir-erm%c9%99nistanin-bas-naziri-bel%c9%99-hesab-edir\/\"},\"wordCount\":309,\"commentCount\":0,\"publisher\":{\"@id\":\"https:\/\/jam-news.net\/az\/#organization\"},\"image\":{\"@id\":\"https:\/\/jam-news.net\/az\/rusiya-kapitali-erministan-bazarini-lazimincaa-d%c9%99y%c9%99rl%c9%99ndirmir-erm%c9%99nistanin-bas-naziri-bel%c9%99-hesab-edir\/#primaryimage\"},\"thumbnailUrl\":\"https:\/\/jam-news.net\/app\/uploads\/2020\/03\/IMG_1727-e1504961150679-4.jpg\",\"keywords\":[\"Erm\u0259nistan\"],\"articleSection\":[\"Armenia\",\"Economics\",\"Geography\",\"News\",\"Politics\"],\"inLanguage\":\"az\"},{\"@type\":\"WebPage\",\"@id\":\"https:\/\/jam-news.net\/az\/rusiya-kapitali-erministan-bazarini-lazimincaa-d%c9%99y%c9%99rl%c9%99ndirmir-erm%c9%99nistanin-bas-naziri-bel%c9%99-hesab-edir\/\",\"url\":\"https:\/\/jam-news.net\/az\/rusiya-kapitali-erministan-bazarini-lazimincaa-d%c9%99y%c9%99rl%c9%99ndirmir-erm%c9%99nistanin-bas-naziri-bel%c9%99-hesab-edir\/\",\"name\":\"Rusiya kapital\u0131 Erm\u0259nistan bazar\u0131n\u0131 laz\u0131m\u0131nca d\u0259y\u0259rl\u0259ndirmir - Erm\u0259nistan\u0131n ba\u015f naziri bel\u0259 hesab edir - JAMnews\",\"isPartOf\":{\"@id\":\"https:\/\/jam-news.net\/az\/#website\"},\"primaryImageOfPage\":{\"@id\":\"https:\/\/jam-news.net\/az\/rusiya-kapitali-erministan-bazarini-lazimincaa-d%c9%99y%c9%99rl%c9%99ndirmir-erm%c9%99nistanin-bas-naziri-bel%c9%99-hesab-edir\/#primaryimage\"},\"image\":{\"@id\":\"https:\/\/jam-news.net\/az\/rusiya-kapitali-erministan-bazarini-lazimincaa-d%c9%99y%c9%99rl%c9%99ndirmir-erm%c9%99nistanin-bas-naziri-bel%c9%99-hesab-edir\/#primaryimage\"},\"thumbnailUrl\":\"https:\/\/jam-news.net\/app\/uploads\/2020\/03\/IMG_1727-e1504961150679-4.jpg\",\"datePublished\":\"2017-09-11T00:00:00+00:00\",\"dateModified\":\"2022-01-17T21:26:24+00:00\",\"breadcrumb\":{\"@id\":\"https:\/\/jam-news.net\/az\/rusiya-kapitali-erministan-bazarini-lazimincaa-d%c9%99y%c9%99rl%c9%99ndirmir-erm%c9%99nistanin-bas-naziri-bel%c9%99-hesab-edir\/#breadcrumb\"},\"inLanguage\":\"az\",\"potentialAction\":[{\"@type\":\"ReadAction\",\"target\":[\"https:\/\/jam-news.net\/az\/rusiya-kapitali-erministan-bazarini-lazimincaa-d%c9%99y%c9%99rl%c9%99ndirmir-erm%c9%99nistanin-bas-naziri-bel%c9%99-hesab-edir\/\"]}]},{\"@type\":\"ImageObject\",\"inLanguage\":\"az\",\"@id\":\"https:\/\/jam-news.net\/az\/rusiya-kapitali-erministan-bazarini-lazimincaa-d%c9%99y%c9%99rl%c9%99ndirmir-erm%c9%99nistanin-bas-naziri-bel%c9%99-hesab-edir\/#primaryimage\",\"url\":\"https:\/\/jam-news.net\/app\/uploads\/2020\/03\/IMG_1727-e1504961150679-4.jpg\",\"contentUrl\":\"https:\/\/jam-news.net\/app\/uploads\/2020\/03\/IMG_1727-e1504961150679-4.jpg\",\"width\":1200,\"height\":800},{\"@type\":\"BreadcrumbList\",\"@id\":\"https:\/\/jam-news.net\/az\/rusiya-kapitali-erministan-bazarini-lazimincaa-d%c9%99y%c9%99rl%c9%99ndirmir-erm%c9%99nistanin-bas-naziri-bel%c9%99-hesab-edir\/#breadcrumb\",\"itemListElement\":[{\"@type\":\"ListItem\",\"position\":1,\"name\":\"Home\",\"item\":\"https:\/\/jam-news.net\/az\/\"},{\"@type\":\"ListItem\",\"position\":2,\"name\":\"Rusiya kapital\u0131 Erm\u0259nistan bazar\u0131n\u0131 laz\u0131m\u0131nca d\u0259y\u0259rl\u0259ndirmir &#8211; Erm\u0259nistan\u0131n ba\u015f naziri bel\u0259 hesab edir\"}]},{\"@type\":\"WebSite\",\"@id\":\"https:\/\/jam-news.net\/az\/#website\",\"url\":\"https:\/\/jam-news.net\/az\/\",\"name\":\"Azerbaijani Jamnews\",\"description\":\"Caucasus News, Politics and Society\",\"publisher\":{\"@id\":\"https:\/\/jam-news.net\/az\/#organization\"},\"potentialAction\":[{\"@type\":\"SearchAction\",\"target\":{\"@type\":\"EntryPoint\",\"urlTemplate\":\"https:\/\/jam-news.net\/az\/?s={search_term_string}\"},\"query-input\":{\"@type\":\"PropertyValueSpecification\",\"valueRequired\":true,\"valueName\":\"search_term_string\"}}],\"inLanguage\":\"az\"},{\"@type\":\"Organization\",\"@id\":\"https:\/\/jam-news.net\/az\/#organization\",\"name\":\"JAMnews\",\"url\":\"https:\/\/jam-news.net\/az\/\",\"logo\":{\"@type\":\"ImageObject\",\"inLanguage\":\"az\",\"@id\":\"https:\/\/jam-news.net\/az\/#\/schema\/logo\/image\/\",\"url\":\"https:\/\/jam-news.net\/app\/uploads\/2020\/05\/JAM_w.jpg\",\"contentUrl\":\"https:\/\/jam-news.net\/app\/uploads\/2020\/05\/JAM_w.jpg\",\"width\":960,\"height\":960,\"caption\":\"JAMnews\"},\"image\":{\"@id\":\"https:\/\/jam-news.net\/az\/#\/schema\/logo\/image\/\"},\"sameAs\":[\"https:\/\/www.facebook.com\/JAMnewsInEnglish\/\",\"https:\/\/x.com\/JAMnewsCaucasus\",\"https:\/\/www.instagram.com\/jam_news\/\",\"https:\/\/www.youtube.com\/channel\/UCXQbUCme2pykuZYXWHx4VPg\"]},{\"@type\":\"Person\",\"@id\":\"https:\/\/jam-news.net\/az\/#\/schema\/person\/e82f374df8fce3377c56e285e5c11387\",\"name\":\"Naira Martikian\",\"image\":{\"@type\":\"ImageObject\",\"inLanguage\":\"az\",\"@id\":\"https:\/\/jam-news.net\/az\/#\/schema\/person\/image\/\",\"url\":\"https:\/\/secure.gravatar.com\/avatar\/0696bcd343e46256c029b752a654bade?s=96&d=mm&r=g\",\"contentUrl\":\"https:\/\/secure.gravatar.com\/avatar\/0696bcd343e46256c029b752a654bade?s=96&d=mm&r=g\",\"caption\":\"Naira Martikian\"},\"url\":\"https:\/\/jam-news.net\/az\/author\/nairama\/\"}]}<\/script>\n<!-- \/ Yoast SEO plugin. -->","yoast_head_json":{"title":"Rusiya kapital\u0131 Erm\u0259nistan bazar\u0131n\u0131 laz\u0131m\u0131nca d\u0259y\u0259rl\u0259ndirmir - Erm\u0259nistan\u0131n ba\u015f naziri bel\u0259 hesab edir - JAMnews","robots":{"index":"index","follow":"follow","max-snippet":"max-snippet:-1","max-image-preview":"max-image-preview:large","max-video-preview":"max-video-preview:-1"},"canonical":"https:\/\/jam-news.net\/az\/rusiya-kapitali-erministan-bazarini-lazimincaa-d\u0259y\u0259rl\u0259ndirmir-erm\u0259nistanin-bas-naziri-bel\u0259-hesab-edir\/","og_locale":"az_AZ","og_type":"article","og_title":"Rusiya kapital\u0131 Erm\u0259nistan bazar\u0131n\u0131 laz\u0131m\u0131nca d\u0259y\u0259rl\u0259ndirmir - Erm\u0259nistan\u0131n ba\u015f naziri bel\u0259 hesab edir - JAMnews","og_description":"O, Moskvaya Erm\u0259nistan\u0131 iri beyn\u0259lxalq bazarlara \u00e7\u0131x\u0131\u015f kimi istifad\u0259 etm\u0259y\u0259 v\u0259 bu yolla qada\u011falardan \"yan ke\u00e7m\u0259y\u0259\" \u00e7a\u011f\u0131r\u0131r","og_url":"https:\/\/jam-news.net\/az\/rusiya-kapitali-erministan-bazarini-lazimincaa-d\u0259y\u0259rl\u0259ndirmir-erm\u0259nistanin-bas-naziri-bel\u0259-hesab-edir\/","og_site_name":"Azerbaijani Jamnews","article_publisher":"https:\/\/www.facebook.com\/JAMnewsInEnglish\/","article_published_time":"2017-09-11T00:00:00+00:00","article_modified_time":"2022-01-17T21:26:24+00:00","og_image":[{"width":1200,"height":800,"url":"https:\/\/jam-news.net\/app\/uploads\/2020\/03\/IMG_1727-e1504961150679-4.jpg","type":"image\/jpeg"}],"author":"Naira Martikian","twitter_card":"summary_large_image","twitter_creator":"@JAMnewsCaucasus","twitter_site":"@JAMnewsCaucasus","twitter_misc":{"Written by":"Naira Martikian","Est. reading time":"1 minute"},"schema":{"@context":"https:\/\/schema.org","@graph":[{"@type":"Article","@id":"https:\/\/jam-news.net\/az\/rusiya-kapitali-erministan-bazarini-lazimincaa-d%c9%99y%c9%99rl%c9%99ndirmir-erm%c9%99nistanin-bas-naziri-bel%c9%99-hesab-edir\/#article","isPartOf":{"@id":"https:\/\/jam-news.net\/az\/rusiya-kapitali-erministan-bazarini-lazimincaa-d%c9%99y%c9%99rl%c9%99ndirmir-erm%c9%99nistanin-bas-naziri-bel%c9%99-hesab-edir\/"},"author":{"name":"Naira Martikian","@id":"https:\/\/jam-news.net\/az\/#\/schema\/person\/e82f374df8fce3377c56e285e5c11387"},"headline":"Rusiya kapital\u0131 Erm\u0259nistan bazar\u0131n\u0131 laz\u0131m\u0131nca d\u0259y\u0259rl\u0259ndirmir &#8211; Erm\u0259nistan\u0131n ba\u015f naziri bel\u0259 hesab edir","datePublished":"2017-09-11T00:00:00+00:00","dateModified":"2022-01-17T21:26:24+00:00","mainEntityOfPage":{"@id":"https:\/\/jam-news.net\/az\/rusiya-kapitali-erministan-bazarini-lazimincaa-d%c9%99y%c9%99rl%c9%99ndirmir-erm%c9%99nistanin-bas-naziri-bel%c9%99-hesab-edir\/"},"wordCount":309,"commentCount":0,"publisher":{"@id":"https:\/\/jam-news.net\/az\/#organization"},"image":{"@id":"https:\/\/jam-news.net\/az\/rusiya-kapitali-erministan-bazarini-lazimincaa-d%c9%99y%c9%99rl%c9%99ndirmir-erm%c9%99nistanin-bas-naziri-bel%c9%99-hesab-edir\/#primaryimage"},"thumbnailUrl":"https:\/\/jam-news.net\/app\/uploads\/2020\/03\/IMG_1727-e1504961150679-4.jpg","keywords":["Erm\u0259nistan"],"articleSection":["Armenia","Economics","Geography","News","Politics"],"inLanguage":"az"},{"@type":"WebPage","@id":"https:\/\/jam-news.net\/az\/rusiya-kapitali-erministan-bazarini-lazimincaa-d%c9%99y%c9%99rl%c9%99ndirmir-erm%c9%99nistanin-bas-naziri-bel%c9%99-hesab-edir\/","url":"https:\/\/jam-news.net\/az\/rusiya-kapitali-erministan-bazarini-lazimincaa-d%c9%99y%c9%99rl%c9%99ndirmir-erm%c9%99nistanin-bas-naziri-bel%c9%99-hesab-edir\/","name":"Rusiya kapital\u0131 Erm\u0259nistan bazar\u0131n\u0131 laz\u0131m\u0131nca d\u0259y\u0259rl\u0259ndirmir - Erm\u0259nistan\u0131n ba\u015f naziri bel\u0259 hesab edir - JAMnews","isPartOf":{"@id":"https:\/\/jam-news.net\/az\/#website"},"primaryImageOfPage":{"@id":"https:\/\/jam-news.net\/az\/rusiya-kapitali-erministan-bazarini-lazimincaa-d%c9%99y%c9%99rl%c9%99ndirmir-erm%c9%99nistanin-bas-naziri-bel%c9%99-hesab-edir\/#primaryimage"},"image":{"@id":"https:\/\/jam-news.net\/az\/rusiya-kapitali-erministan-bazarini-lazimincaa-d%c9%99y%c9%99rl%c9%99ndirmir-erm%c9%99nistanin-bas-naziri-bel%c9%99-hesab-edir\/#primaryimage"},"thumbnailUrl":"https:\/\/jam-news.net\/app\/uploads\/2020\/03\/IMG_1727-e1504961150679-4.jpg","datePublished":"2017-09-11T00:00:00+00:00","dateModified":"2022-01-17T21:26:24+00:00","breadcrumb":{"@id":"https:\/\/jam-news.net\/az\/rusiya-kapitali-erministan-bazarini-lazimincaa-d%c9%99y%c9%99rl%c9%99ndirmir-erm%c9%99nistanin-bas-naziri-bel%c9%99-hesab-edir\/#breadcrumb"},"inLanguage":"az","potentialAction":[{"@type":"ReadAction","target":["https:\/\/jam-news.net\/az\/rusiya-kapitali-erministan-bazarini-lazimincaa-d%c9%99y%c9%99rl%c9%99ndirmir-erm%c9%99nistanin-bas-naziri-bel%c9%99-hesab-edir\/"]}]},{"@type":"ImageObject","inLanguage":"az","@id":"https:\/\/jam-news.net\/az\/rusiya-kapitali-erministan-bazarini-lazimincaa-d%c9%99y%c9%99rl%c9%99ndirmir-erm%c9%99nistanin-bas-naziri-bel%c9%99-hesab-edir\/#primaryimage","url":"https:\/\/jam-news.net\/app\/uploads\/2020\/03\/IMG_1727-e1504961150679-4.jpg","contentUrl":"https:\/\/jam-news.net\/app\/uploads\/2020\/03\/IMG_1727-e1504961150679-4.jpg","width":1200,"height":800},{"@type":"BreadcrumbList","@id":"https:\/\/jam-news.net\/az\/rusiya-kapitali-erministan-bazarini-lazimincaa-d%c9%99y%c9%99rl%c9%99ndirmir-erm%c9%99nistanin-bas-naziri-bel%c9%99-hesab-edir\/#breadcrumb","itemListElement":[{"@type":"ListItem","position":1,"name":"Home","item":"https:\/\/jam-news.net\/az\/"},{"@type":"ListItem","position":2,"name":"Rusiya kapital\u0131 Erm\u0259nistan bazar\u0131n\u0131 laz\u0131m\u0131nca d\u0259y\u0259rl\u0259ndirmir &#8211; Erm\u0259nistan\u0131n ba\u015f naziri bel\u0259 hesab edir"}]},{"@type":"WebSite","@id":"https:\/\/jam-news.net\/az\/#website","url":"https:\/\/jam-news.net\/az\/","name":"Azerbaijani Jamnews","description":"Caucasus News, Politics and Society","publisher":{"@id":"https:\/\/jam-news.net\/az\/#organization"},"potentialAction":[{"@type":"SearchAction","target":{"@type":"EntryPoint","urlTemplate":"https:\/\/jam-news.net\/az\/?s={search_term_string}"},"query-input":{"@type":"PropertyValueSpecification","valueRequired":true,"valueName":"search_term_string"}}],"inLanguage":"az"},{"@type":"Organization","@id":"https:\/\/jam-news.net\/az\/#organization","name":"JAMnews","url":"https:\/\/jam-news.net\/az\/","logo":{"@type":"ImageObject","inLanguage":"az","@id":"https:\/\/jam-news.net\/az\/#\/schema\/logo\/image\/","url":"https:\/\/jam-news.net\/app\/uploads\/2020\/05\/JAM_w.jpg","contentUrl":"https:\/\/jam-news.net\/app\/uploads\/2020\/05\/JAM_w.jpg","width":960,"height":960,"caption":"JAMnews"},"image":{"@id":"https:\/\/jam-news.net\/az\/#\/schema\/logo\/image\/"},"sameAs":["https:\/\/www.facebook.com\/JAMnewsInEnglish\/","https:\/\/x.com\/JAMnewsCaucasus","https:\/\/www.instagram.com\/jam_news\/","https:\/\/www.youtube.com\/channel\/UCXQbUCme2pykuZYXWHx4VPg"]},{"@type":"Person","@id":"https:\/\/jam-news.net\/az\/#\/schema\/person\/e82f374df8fce3377c56e285e5c11387","name":"Naira Martikian","image":{"@type":"ImageObject","inLanguage":"az","@id":"https:\/\/jam-news.net\/az\/#\/schema\/person\/image\/","url":"https:\/\/secure.gravatar.com\/avatar\/0696bcd343e46256c029b752a654bade?s=96&d=mm&r=g","contentUrl":"https:\/\/secure.gravatar.com\/avatar\/0696bcd343e46256c029b752a654bade?s=96&d=mm&r=g","caption":"Naira Martikian"},"url":"https:\/\/jam-news.net\/az\/author\/nairama\/"}]}},"_links":{"self":[{"href":"https:\/\/jam-news.net\/az\/wp-json\/wp\/v2\/posts\/6600","targetHints":{"allow":["GET"]}}],"collection":[{"href":"https:\/\/jam-news.net\/az\/wp-json\/wp\/v2\/posts"}],"about":[{"href":"https:\/\/jam-news.net\/az\/wp-json\/wp\/v2\/types\/post"}],"author":[{"embeddable":true,"href":"https:\/\/jam-news.net\/az\/wp-json\/wp\/v2\/users\/8"}],"replies":[{"embeddable":true,"href":"https:\/\/jam-news.net\/az\/wp-json\/wp\/v2\/comments?post=6600"}],"version-history":[{"count":1,"href":"https:\/\/jam-news.net\/az\/wp-json\/wp\/v2\/posts\/6600\/revisions"}],"predecessor-version":[{"id":15292,"href":"https:\/\/jam-news.net\/az\/wp-json\/wp\/v2\/posts\/6600\/revisions\/15292"}],"wp:featuredmedia":[{"embeddable":true,"href":"https:\/\/jam-news.net\/az\/wp-json\/wp\/v2\/media\/20394"}],"wp:attachment":[{"href":"https:\/\/jam-news.net\/az\/wp-json\/wp\/v2\/media?parent=6600"}],"wp:term":[{"taxonomy":"category","embeddable":true,"href":"https:\/\/jam-news.net\/az\/wp-json\/wp\/v2\/categories?post=6600"},{"taxonomy":"post_tag","embeddable":true,"href":"https:\/\/jam-news.net\/az\/wp-json\/wp\/v2\/tags?post=6600"},{"taxonomy":"formation","embeddable":true,"href":"https:\/\/jam-news.net\/az\/wp-json\/wp\/v2\/formation?post=6600"},{"taxonomy":"post-author","embeddable":true,"href":"https:\/\/jam-news.net\/az\/wp-json\/wp\/v2\/post-author?post=6600"},{"taxonomy":"topic","embeddable":true,"href":"https:\/\/jam-news.net\/az\/wp-json\/wp\/v2\/topic?post=6600"},{"taxonomy":"tooltip","embeddable":true,"href":"https:\/\/jam-news.net\/az\/wp-json\/wp\/v2\/tooltip?post=6600"},{"taxonomy":"city","embeddable":true,"href":"https:\/\/jam-news.net\/az\/wp-json\/wp\/v2\/city?post=6600"}],"curies":[{"name":"wp","href":"https:\/\/api.w.org\/{rel}","templated":true}]}}