{"id":6573,"date":"2017-09-06T00:00:00","date_gmt":"2017-09-06T00:00:00","guid":{"rendered":"http:\/\/jam-news.net\/az\/dagliq-qarabag-munaqis%c9%99sinin-nizamlanmasinin-formatinin-d%c9%99yism%c9%99si-qacilmazdir\/"},"modified":"2022-01-18T01:26:26","modified_gmt":"2022-01-17T21:26:26","slug":"dagliq-qarabag-munaqis%c9%99sinin-nizamlanmasinin-formatinin-d%c9%99yism%c9%99si-qacilmazdir","status":"publish","type":"post","link":"https:\/\/jam-news.net\/az\/dagliq-qarabag-munaqis%c9%99sinin-nizamlanmasinin-formatinin-d%c9%99yism%c9%99si-qacilmazdir\/","title":{"rendered":"Da\u011fl\u0131q Qaraba\u011f m\u00fcnaqi\u015f\u0259sinin nizamlanmas\u0131n\u0131n format\u0131n\u0131n d\u0259yi\u015fm\u0259si qa\u00e7\u0131lmazd\u0131r"},"content":{"rendered":"<h5 style=\"text-align: left;\"><span style=\"color: #000080;\">Foto: Gevorg Ghazaryan,\u00a0JAMnews<\/span><\/h5>\n<p>AB\u015e d\u00f6vl\u0259t katibi Reks Tillerson D\u00f6vl\u0259t Departamentind\u0259 ba\u015f ver\u0259c\u0259k d\u0259yi\u015fiklikl\u0259rl\u0259 ba\u011fl\u0131 senator Bob Korker\u0259 m\u0259ktub \u00fcnvanlay\u0131b. Tillerson x\u00fcsusi dan\u0131\u015f\u0131q aparanlar\u0131n \u0259n az\u0131 30 n\u0259f\u0259rini, h\u0259m\u00e7inin AT\u018fT-in Minsk Qrupunun Qaraba\u011f \u00fczr\u0259 h\u0259ms\u0259drini ixtisara salma\u011f\u0131 t\u0259klif edib. Onun v\u0259zif\u0259l\u0259rini Avropa v\u0259 Avrasiya m\u0259s\u0259l\u0259l\u0259ri \u00fczr\u0259 B\u00fcroya h\u0259val\u0259 etm\u0259k t\u0259klif olunur. Qeyd olunur ki, d\u00f6vl\u0259t katibinin m\u00fcavininin assistenti h\u0259ms\u0259drin b\u00fct\u00fcn s\u0259lahiyy\u0259tl\u0259rini \u00f6z \u00fcz\u0259rin\u0259 g\u00f6t\u00fcr\u0259c\u0259k, hey\u0259t d\u0259 yerind\u0259 qalacaq.<\/p>\n<p>H\u0259l\u0259lik q\u0259rar q\u0259bul edilm\u0259yib, amma art\u0131q Da\u011fl\u0131q Qaraba\u011f m\u00fcnaqi\u015f\u0259sinin nizamlanmas\u0131n\u0131n format\u0131n\u0131n d\u0259yi\u015fm\u0259sinin ba\u015flamas\u0131 haqq\u0131nda dan\u0131\u015fmaq olar. \u018fg\u0259r AB\u015e ayr\u0131ca h\u0259ms\u0259dr v\u0259zif\u0259sini ixtisar ets\u0259, \u00e7ox g\u00fcman ki, Rusiya v\u0259 Fransa da analoji add\u0131m\u0131 atacaq. Bu da \u00f6z n\u00f6vb\u0259sind\u0259 tez-tez regiona s\u0259f\u0259r ed\u0259n, b\u0259yanatlar ver\u0259n, m\u0259s\u0259l\u0259ni n\u0259zar\u0259t alt\u0131nda saxlayan h\u0259ms\u0259drl\u0259rin mobilliyini azaldacaq.<\/p>\n<p>Erm\u0259nistanda Da\u011fl\u0131q Qaraba\u011f m\u00fcnaqi\u015f\u0259sinin nizamlanmas\u0131n\u0131n format\u0131n\u0131n tez bir zamanda\u00a0 d\u0259yi\u015fm\u0259si haqq\u0131nda Erm\u0259nistan Konstitusiyas\u0131 d\u0259yi\u015fdirildiyi vaxtdan s\u00f6hb\u0259tl\u0259r gedir. 2018-ci ilin aprel ay\u0131ndan Erm\u0259nistan\u0131n indiki prezidenti Serj Sarkisyan \u00f6z v\u0259zif\u0259sini ba\u015fa vuracaq v\u0259 h\u0259min g\u00fcnd\u0259n d\u0259 Erm\u0259nistan tam \u015f\u0259kild\u0259 parlament respublikas\u0131 olacaq.<\/p>\n<p>Bununla bel\u0259, prezident postu \u0259vv\u0259lki \u0259sas lider funksiyas\u0131n\u0131 itirir, ba\u015f nazirin s\u0259lahiyy\u0259tl\u0259ri art\u0131r. Amma ba\u015f nazir t\u0259hl\u00fck\u0259sizlik, daxili v\u0259 xarici siyas\u0259t m\u0259s\u0259l\u0259l\u0259rini kurasiya etm\u0259y\u0259c\u0259k v\u0259 \u00e7ox g\u00fcman ki, dan\u0131\u015f\u0131qlarda i\u015ftirak etm\u0259y\u0259c\u0259k.<\/p>\n<p>2007-ci ild\u0259n etibar\u0259n \u015fifahi raz\u0131l\u0131q \u0259sas\u0131nda Da\u011fl\u0131q Qaraba\u011f m\u00fcnaqi\u015f\u0259sinin nizamlanmas\u0131 AT\u018fT-in Minsk qrupunun AB\u015e, Rusiya, Fransadan olan h\u0259ms\u0259drl\u0259rinin himay\u0259si alt\u0131nda Az\u0259rbaycan v\u0259 Erm\u0259nistan prezidentl\u0259ri aras\u0131nda ke\u00e7irilir. 2018-ci aprelind\u0259n Erm\u0259nistanda prezident olmayacaqsa, dan\u0131\u015f\u0131qlarda kim i\u015ftirak ed\u0259c\u0259k? H\u0259l\u0259lik bu suala cavab yoxdur. V\u0259 \u0259g\u0259r dan\u0131\u015f\u0131qlarda dey\u0259k ki, Erm\u0259nistan\u0131n daxili siyas\u0259tini kurasiya ed\u0259n ba\u015f nazirin m\u00fcavini i\u015ftirak ed\u0259c\u0259ks\u0259, Az\u0259rbaycan prezidenti onunla dan\u0131\u015f\u0131qlara ged\u0259c\u0259kmi?<\/p>\n<p>Bir s\u00f6zl\u0259 format d\u0259yi\u015fir, amma hans\u0131 t\u0259r\u0259f\u0259, h\u0259l\u0259lik m\u0259lum deyil.<\/p>\n<p>Yeri g\u0259lmi\u015fk\u0259n, d\u0259yi\u015fiklikl\u0259r Az\u0259rbaycanda da g\u00f6zl\u0259nilir. 2018-ci ild\u0259 \u00f6lk\u0259d\u0259 prezident se\u00e7kil\u0259ri olacaq, v\u0259 bel\u0259 s\u00f6hb\u0259tl\u0259r g\u0259zir ki, \u0130lham \u018fliyev bu v\u0259zif\u0259y\u0259 ilin \u0259vv\u0259lind\u0259 vitse-prezident t\u0259yin etdiyi h\u0259yat yolda\u015f\u0131 Mehriban \u018fliyevan\u0131n namiz\u0259dliyini ir\u0259li s\u00fcr\u0259c\u0259k. Bu, Qaraba\u011f dan\u0131\u015f\u0131qlar\u0131n\u0131n format\u0131na v\u0259 xarakterin\u0259 d\u0259 \u00f6z t\u0259sirini g\u00f6st\u0259r\u0259c\u0259k \u2013 Mehriban xan\u0131m h\u0259yat yolda\u015f\u0131 ili m\u00fcqayis\u0259d\u0259 d\u0259f\u0259l\u0259rl\u0259 daha az h\u0259rbi m\u00f6vqe s\u0259rgil\u0259yib.<\/p>\n<p>D\u0259yi\u015fiklikl\u0259r h\u0259l\u0259lik dan\u0131\u015f\u0131qlarda birba\u015fa i\u015ftirak etm\u0259y\u0259n Qaraba\u011fda da g\u00f6zl\u0259nilir. Amma vasit\u0259\u00e7il\u0259r v\u0259 erm\u0259ni t\u0259r\u0259fi Qaraba\u011f\u0131n dan\u0131\u015f\u0131qlar masas\u0131na yenid\u0259n \u0259yl\u0259\u015fm\u0259sin\u0259 can at\u0131r. \u018fg\u0259r dan\u0131\u015f\u0131qlar\u0131n onun i\u015ftirak\u0131 il\u0259 b\u0259rpa olunmaq q\u0259rara al\u0131narsa, Qaraba\u011f\u0131 kim t\u0259msil ed\u0259c\u0259k h\u0259l\u0259lik m\u0259lum deyil.<\/p>\n<p>M\u0259s\u0259l\u0259 buras\u0131ndad\u0131r ki, sentyabr\u0131n 7-d\u0259 Qaraba\u011fda konstitusiya referendumunun n\u0259tic\u0259l\u0259rin\u0259 \u0259sas\u0259n 3 il m\u00fcdd\u0259tin\u0259 \u201cke\u00e7ici\u201d prezident se\u00e7ilmi\u015f Bako Saakyan\u0131n inauqurasiya m\u0259rasimi ke\u00e7iril\u0259c\u0259k.<\/p>\n<p>Konstitusiya d\u0259yi\u015fiklikl\u0259rin\u0259 \u0259sas\u0259n, Qaraba\u011f prezident \u00fcsul-idar\u0259sin\u0259 ke\u00e7ib. \u00d6lk\u0259 ba\u015f nazir institutundan imtina edir. \u018fv\u0259zind\u0259 yeni v\u0259zif\u0259 &#8211; d\u00f6vl\u0259t naziri v\u0259zif\u0259si yaran\u0131r. Sabah h\u00f6kum\u0259t istefa ver\u0259c\u0259k v\u0259 bel\u0259 bir fikir var ki, xarici i\u015fl\u0259r naziri d\u0259 d\u0259yi\u015f\u0259c\u0259k. \u0130stisna olunmur ki, Qaraba\u011f dan\u0131\u015f\u0131qlarda \u00f6z\u00fcn\u00fcn d\u0259 i\u015ftirak etm\u0259sind\u0259 daha israrla t\u0259kid ed\u0259c\u0259k v\u0259 Erm\u0259nistan prezidentinin Qaraba\u011f\u0131n ad\u0131ndan dan\u0131\u015f\u0131qlarda i\u015ftirak etdiyi mandat\u0131n m\u00fcdd\u0259tini uzatmayacaq.<\/p>\n<h3 style=\"text-align: center;\"><span style=\"color: #000080;\"><strong>Format\u0131n d\u0259yi\u015fdirilm\u0259si nizamlanma prinsipl\u0259rini d\u0259yi\u015f\u0259c\u0259kmi?<\/strong><\/span><\/h3>\n<p>Da\u011fl\u0131q Qaraba\u011f m\u00fcnaqi\u015f\u0259sinin nizamlanmas\u0131nda \u201cMadrid\u201d prinsipl\u0259rinin i\u015fl\u0259nib haz\u0131rlanmas\u0131ndan 10 il sonra onlar\u0131n \u201cvaxts\u0131z v\u0259fat\u0131ndan\u201d daha \u00e7ox dan\u0131\u015f\u0131l\u0131r.. Bu prinsipl\u0259r Da\u011fl\u0131q Qaraba\u011f m\u00fcnaqi\u015f\u0259sinin nizamlanmas\u0131nda daha kompromisli variant, y\u0259ni \u201c\u0259razi g\u00fcz\u0259\u015ftl\u0259ri m\u00fcqabilind\u0259 status\u201d t\u0259klif edir.<\/p>\n<p>Amma 2016-c\u0131 il aprel m\u00fcharib\u0259sind\u0259n sonra erm\u0259ni t\u0259r\u0259fi g\u00fcz\u0259\u015ftl\u0259r bar\u0259d\u0259 dan\u0131\u015fma\u011f\u0131 dayand\u0131rd\u0131, h\u0259ms\u0259drl\u0259r is\u0259 daha \u00e7ox \u201cMadrid prinsipl\u0259rind\u0259n\u201d deyil, at\u0259\u015fk\u0259s rejimin\u0259 riay\u0259t olunmas\u0131na t\u0259kid edir. O c\u00fcml\u0259d\u0259n, h\u0259m AB\u015e, h\u0259m Rusiya, h\u0259m d\u0259 Fransadan olan h\u0259ms\u0259drl\u0259r t\u0259mas x\u0259ttind\u0259 insidentl\u0259rin ara\u015fd\u0131r\u0131lmas\u0131 mexanizml\u0259rinin qura\u015fd\u0131r\u0131lmas\u0131na \u00e7a\u011f\u0131r\u0131r, amma Az\u0259rbaycan q\u0259ti \u015f\u0259kild\u0259 bunun m\u00fcmk\u00fcns\u00fczl\u00fcy\u00fcn\u00fc b\u0259yan edir.<\/p>\n<p>Ekspertl\u0259r Q\u0259rbin Qaraba\u011fla ba\u011fl\u0131 siyasi q\u0259rar q\u0259bul etdiyini, m\u00fcst\u0259qilliyini tan\u0131nmas\u0131 haqq\u0131nda daha tez-tez dan\u0131\u015f\u0131rlar.<\/p>\n<p>Xarici siyas\u0259t, m\u00fcdafi\u0259 v\u0259 t\u0259hl\u00fck\u0259sizlik sah\u0259sind\u0259 ekspert Qriqori Trofim\u00e7uk Tert.am sayt\u0131na m\u00fcsahib\u0259sind\u0259 vur\u011fulay\u0131b ki, Q\u0259rb Qaraba\u011f\u0131n \u201csuverenl\u0259\u015fdirilm\u0259si\u201d yolunu tutacaq. \u201cRusiya is\u0259 bu m\u0259s\u0259l\u0259d\u0259 he\u00e7 bir k\u00f6m\u0259klik g\u00f6st\u0259r\u0259 bilm\u0259y\u0259c\u0259k\u201d, &#8211; dey\u0259 o bildirib.<\/p>\n<p>Onun s\u00f6zl\u0259rin\u0259 g\u00f6r\u0259, bu kontekstd\u0259 Erm\u0259nistanla Az\u0259rbaycan aras\u0131nda m\u00fcharib\u0259 qa\u00e7\u0131lmaz olur, bu m\u00fcharib\u0259nin n\u0259tic\u0259l\u0259rin\u0259 g\u00f6r\u0259 m\u0259suliyy\u0259t is\u0259 \u201cRF-nin \u00fcz\u0259rin\u0259\u201d at\u0131lacaq.<\/p>\n<p>Bu c\u00fcr plan\u0131n m\u00f6vcudlu\u011funu t\u0259sdiq v\u0259 ya t\u0259kzib etm\u0259k \u00e7ox \u00e7\u0259tindir, amma g\u00f6r\u00fcn\u0259n odur ki, art\u0131q bir m\u00fcdd\u0259tdir ki, AB\u015e Qaraba\u011f problemini \u0259razi b\u00fct\u00f6vl\u00fcy\u00fcn\u00fcn saxlanmas\u0131n\u0131 t\u0259l\u0259b etdiyi m\u00fcnaqi\u015f\u0259l\u0259r siyah\u0131s\u0131na salm\u0131r. Bu siyah\u0131ya, bir qayda olaraq, Abxaziya, C\u0259nubi Osetiya, Ukrayna v\u0259 Dnestryan\u0131 probleml\u0259ri daxil edilir.<\/p>\n<p><div class=\"su-divider su-divider-style-default\" style=\"margin:15px 0;border-width:3px;border-color:#999999\"><a href=\"#\" style=\"color:#999999\">Go to top<\/a><\/div> <\/p>\n<p><strong><span style=\"color: #000080;\">D\u0259rc olunan materialdak\u0131 terminl\u0259r, toponiml\u0259r, fikirl\u0259r v\u0259 ideyalar JAMnews-un v\u0259 ya ayr\u0131-ayr\u0131 \u0259m\u0259kda\u015flar\u0131n\u0131n fikir v\u0259 ideyalar\u0131 il\u0259 \u00fcst-\u00fcst\u0259 d\u00fc\u015fm\u0259y\u0259 bil\u0259r. JAMnews d\u0259rc olunan materiallara yaz\u0131lan, t\u0259hqir, t\u0259hdid, zorak\u0131l\u0131\u011fa \u00e7a\u011f\u0131r\u0131\u015f kimi qiym\u0259tl\u0259ndiril\u0259 v\u0259 ya ba\u015fqa s\u0259b\u0259bl\u0259rd\u0259n etnik naraz\u0131l\u0131q do\u011fura bil\u0259n \u015f\u0259rhl\u0259ri silm\u0259k haqq\u0131n\u0131 \u00f6z\u00fcnd\u0259 saxlay\u0131r.<\/span><\/strong><\/p>\n<p><\/p>\n","protected":false},"excerpt":{"rendered":"<p>\u00c7ox g\u00fcman ki, ya problemin k\u00f6k\u00fcnd\u0259n h\u0259lli, ya da h\u0259rbi \u0259m\u0259liyyatlar\u0131n yenid\u0259n ba\u015flamas\u0131 il\u0259 n\u0259tic\u0259l\u0259n\u0259n b\u00f6y\u00fck d\u0259yi\u015fikl\u0259r olacaq<\/p>\n","protected":false},"author":8,"featured_media":20382,"comment_status":"open","ping_status":"open","sticky":false,"template":"","format":"standard","meta":{"_acf_changed":false,"footnotes":""},"categories":[27,17,9,8,2,38,5],"tags":[43,33,11],"formation":[],"post-author":[3600],"topic":[4954,40],"tooltip":[],"city":[6054],"class_list":["post-6573","post","type-post","status-publish","format-standard","has-post-thumbnail","hentry","category-ermnistan","category-azrbaycan","category-munaqislr","category-dunyada-bas-vernlr","category-cografiya","category-qarabag","category-siyast","tag-dagliq-qarabag","tag-ermnistan","tag-munaqis","post-author-naira-ayrumyan","topic-qarabag","topic-qarabag-munaqissi","city-yerevan"],"acf":[],"yoast_head":"<!-- This site is optimized with the Yoast SEO plugin v24.1 - https:\/\/yoast.com\/wordpress\/plugins\/seo\/ -->\n<title>Da\u011fl\u0131q Qaraba\u011f m\u00fcnaqi\u015f\u0259sinin nizamlanmas\u0131n\u0131n format\u0131n\u0131n d\u0259yi\u015fm\u0259si qa\u00e7\u0131lmazd\u0131r - JAMnews<\/title>\n<meta name=\"robots\" content=\"index, follow, max-snippet:-1, max-image-preview:large, max-video-preview:-1\" \/>\n<link rel=\"canonical\" href=\"https:\/\/jam-news.net\/az\/dagliq-qarabag-munaqis\u0259sinin-nizamlanmasinin-formatinin-d\u0259yism\u0259si-qacilmazdir\/\" \/>\n<meta property=\"og:locale\" content=\"az_AZ\" \/>\n<meta property=\"og:type\" content=\"article\" \/>\n<meta property=\"og:title\" content=\"Da\u011fl\u0131q Qaraba\u011f m\u00fcnaqi\u015f\u0259sinin nizamlanmas\u0131n\u0131n format\u0131n\u0131n d\u0259yi\u015fm\u0259si qa\u00e7\u0131lmazd\u0131r - JAMnews\" \/>\n<meta property=\"og:description\" content=\"\u00c7ox g\u00fcman ki, ya problemin k\u00f6k\u00fcnd\u0259n h\u0259lli, ya da h\u0259rbi \u0259m\u0259liyyatlar\u0131n yenid\u0259n ba\u015flamas\u0131 il\u0259 n\u0259tic\u0259l\u0259n\u0259n b\u00f6y\u00fck d\u0259yi\u015fikl\u0259r olacaq\" \/>\n<meta property=\"og:url\" content=\"https:\/\/jam-news.net\/az\/dagliq-qarabag-munaqis\u0259sinin-nizamlanmasinin-formatinin-d\u0259yism\u0259si-qacilmazdir\/\" \/>\n<meta property=\"og:site_name\" content=\"Azerbaijani Jamnews\" \/>\n<meta property=\"article:publisher\" content=\"https:\/\/www.facebook.com\/JAMnewsInEnglish\/\" \/>\n<meta property=\"article:published_time\" content=\"2017-09-06T00:00:00+00:00\" \/>\n<meta property=\"article:modified_time\" content=\"2022-01-17T21:26:26+00:00\" \/>\n<meta property=\"og:image\" content=\"https:\/\/jam-news.net\/app\/uploads\/2020\/03\/Karabakh_tree-3.jpg\" \/>\n\t<meta property=\"og:image:width\" content=\"1000\" \/>\n\t<meta property=\"og:image:height\" content=\"667\" \/>\n\t<meta property=\"og:image:type\" content=\"image\/jpeg\" \/>\n<meta name=\"author\" content=\"Naira Martikian\" \/>\n<meta name=\"twitter:card\" content=\"summary_large_image\" \/>\n<meta name=\"twitter:creator\" content=\"@JAMnewsCaucasus\" \/>\n<meta name=\"twitter:site\" content=\"@JAMnewsCaucasus\" \/>\n<meta name=\"twitter:label1\" content=\"Written by\" \/>\n\t<meta name=\"twitter:data1\" content=\"Naira Martikian\" \/>\n\t<meta name=\"twitter:label2\" content=\"Est. reading time\" \/>\n\t<meta name=\"twitter:data2\" content=\"6 minutes\" \/>\n<script type=\"application\/ld+json\" class=\"yoast-schema-graph\">{\"@context\":\"https:\/\/schema.org\",\"@graph\":[{\"@type\":\"Article\",\"@id\":\"https:\/\/jam-news.net\/az\/dagliq-qarabag-munaqis%c9%99sinin-nizamlanmasinin-formatinin-d%c9%99yism%c9%99si-qacilmazdir\/#article\",\"isPartOf\":{\"@id\":\"https:\/\/jam-news.net\/az\/dagliq-qarabag-munaqis%c9%99sinin-nizamlanmasinin-formatinin-d%c9%99yism%c9%99si-qacilmazdir\/\"},\"author\":{\"name\":\"Naira Martikian\",\"@id\":\"https:\/\/jam-news.net\/az\/#\/schema\/person\/e82f374df8fce3377c56e285e5c11387\"},\"headline\":\"Da\u011fl\u0131q Qaraba\u011f m\u00fcnaqi\u015f\u0259sinin nizamlanmas\u0131n\u0131n format\u0131n\u0131n d\u0259yi\u015fm\u0259si qa\u00e7\u0131lmazd\u0131r\",\"datePublished\":\"2017-09-06T00:00:00+00:00\",\"dateModified\":\"2022-01-17T21:26:26+00:00\",\"mainEntityOfPage\":{\"@id\":\"https:\/\/jam-news.net\/az\/dagliq-qarabag-munaqis%c9%99sinin-nizamlanmasinin-formatinin-d%c9%99yism%c9%99si-qacilmazdir\/\"},\"wordCount\":1256,\"commentCount\":0,\"publisher\":{\"@id\":\"https:\/\/jam-news.net\/az\/#organization\"},\"image\":{\"@id\":\"https:\/\/jam-news.net\/az\/dagliq-qarabag-munaqis%c9%99sinin-nizamlanmasinin-formatinin-d%c9%99yism%c9%99si-qacilmazdir\/#primaryimage\"},\"thumbnailUrl\":\"https:\/\/jam-news.net\/app\/uploads\/2020\/03\/Karabakh_tree-3.jpg\",\"keywords\":[\"Da\u011fl\u0131q Qaraba\u011f\",\"Erm\u0259nistan\",\"m\u00fcnaqi\u015f\u0259\"],\"articleSection\":[\"Armenia\",\"Azerbaijan\",\"Conflicts\",\"From far and near\",\"Geography\",\"Nagorno-Karabakh\",\"Politics\"],\"inLanguage\":\"az\"},{\"@type\":\"WebPage\",\"@id\":\"https:\/\/jam-news.net\/az\/dagliq-qarabag-munaqis%c9%99sinin-nizamlanmasinin-formatinin-d%c9%99yism%c9%99si-qacilmazdir\/\",\"url\":\"https:\/\/jam-news.net\/az\/dagliq-qarabag-munaqis%c9%99sinin-nizamlanmasinin-formatinin-d%c9%99yism%c9%99si-qacilmazdir\/\",\"name\":\"Da\u011fl\u0131q Qaraba\u011f m\u00fcnaqi\u015f\u0259sinin nizamlanmas\u0131n\u0131n format\u0131n\u0131n d\u0259yi\u015fm\u0259si qa\u00e7\u0131lmazd\u0131r - JAMnews\",\"isPartOf\":{\"@id\":\"https:\/\/jam-news.net\/az\/#website\"},\"primaryImageOfPage\":{\"@id\":\"https:\/\/jam-news.net\/az\/dagliq-qarabag-munaqis%c9%99sinin-nizamlanmasinin-formatinin-d%c9%99yism%c9%99si-qacilmazdir\/#primaryimage\"},\"image\":{\"@id\":\"https:\/\/jam-news.net\/az\/dagliq-qarabag-munaqis%c9%99sinin-nizamlanmasinin-formatinin-d%c9%99yism%c9%99si-qacilmazdir\/#primaryimage\"},\"thumbnailUrl\":\"https:\/\/jam-news.net\/app\/uploads\/2020\/03\/Karabakh_tree-3.jpg\",\"datePublished\":\"2017-09-06T00:00:00+00:00\",\"dateModified\":\"2022-01-17T21:26:26+00:00\",\"breadcrumb\":{\"@id\":\"https:\/\/jam-news.net\/az\/dagliq-qarabag-munaqis%c9%99sinin-nizamlanmasinin-formatinin-d%c9%99yism%c9%99si-qacilmazdir\/#breadcrumb\"},\"inLanguage\":\"az\",\"potentialAction\":[{\"@type\":\"ReadAction\",\"target\":[\"https:\/\/jam-news.net\/az\/dagliq-qarabag-munaqis%c9%99sinin-nizamlanmasinin-formatinin-d%c9%99yism%c9%99si-qacilmazdir\/\"]}]},{\"@type\":\"ImageObject\",\"inLanguage\":\"az\",\"@id\":\"https:\/\/jam-news.net\/az\/dagliq-qarabag-munaqis%c9%99sinin-nizamlanmasinin-formatinin-d%c9%99yism%c9%99si-qacilmazdir\/#primaryimage\",\"url\":\"https:\/\/jam-news.net\/app\/uploads\/2020\/03\/Karabakh_tree-3.jpg\",\"contentUrl\":\"https:\/\/jam-news.net\/app\/uploads\/2020\/03\/Karabakh_tree-3.jpg\",\"width\":1000,\"height\":667},{\"@type\":\"BreadcrumbList\",\"@id\":\"https:\/\/jam-news.net\/az\/dagliq-qarabag-munaqis%c9%99sinin-nizamlanmasinin-formatinin-d%c9%99yism%c9%99si-qacilmazdir\/#breadcrumb\",\"itemListElement\":[{\"@type\":\"ListItem\",\"position\":1,\"name\":\"Home\",\"item\":\"https:\/\/jam-news.net\/az\/\"},{\"@type\":\"ListItem\",\"position\":2,\"name\":\"Da\u011fl\u0131q Qaraba\u011f m\u00fcnaqi\u015f\u0259sinin nizamlanmas\u0131n\u0131n format\u0131n\u0131n d\u0259yi\u015fm\u0259si qa\u00e7\u0131lmazd\u0131r\"}]},{\"@type\":\"WebSite\",\"@id\":\"https:\/\/jam-news.net\/az\/#website\",\"url\":\"https:\/\/jam-news.net\/az\/\",\"name\":\"Azerbaijani Jamnews\",\"description\":\"Caucasus News, Politics and Society\",\"publisher\":{\"@id\":\"https:\/\/jam-news.net\/az\/#organization\"},\"potentialAction\":[{\"@type\":\"SearchAction\",\"target\":{\"@type\":\"EntryPoint\",\"urlTemplate\":\"https:\/\/jam-news.net\/az\/?s={search_term_string}\"},\"query-input\":{\"@type\":\"PropertyValueSpecification\",\"valueRequired\":true,\"valueName\":\"search_term_string\"}}],\"inLanguage\":\"az\"},{\"@type\":\"Organization\",\"@id\":\"https:\/\/jam-news.net\/az\/#organization\",\"name\":\"JAMnews\",\"url\":\"https:\/\/jam-news.net\/az\/\",\"logo\":{\"@type\":\"ImageObject\",\"inLanguage\":\"az\",\"@id\":\"https:\/\/jam-news.net\/az\/#\/schema\/logo\/image\/\",\"url\":\"https:\/\/jam-news.net\/app\/uploads\/2020\/05\/JAM_w.jpg\",\"contentUrl\":\"https:\/\/jam-news.net\/app\/uploads\/2020\/05\/JAM_w.jpg\",\"width\":960,\"height\":960,\"caption\":\"JAMnews\"},\"image\":{\"@id\":\"https:\/\/jam-news.net\/az\/#\/schema\/logo\/image\/\"},\"sameAs\":[\"https:\/\/www.facebook.com\/JAMnewsInEnglish\/\",\"https:\/\/x.com\/JAMnewsCaucasus\",\"https:\/\/www.instagram.com\/jam_news\/\",\"https:\/\/www.youtube.com\/channel\/UCXQbUCme2pykuZYXWHx4VPg\"]},{\"@type\":\"Person\",\"@id\":\"https:\/\/jam-news.net\/az\/#\/schema\/person\/e82f374df8fce3377c56e285e5c11387\",\"name\":\"Naira Martikian\",\"image\":{\"@type\":\"ImageObject\",\"inLanguage\":\"az\",\"@id\":\"https:\/\/jam-news.net\/az\/#\/schema\/person\/image\/\",\"url\":\"https:\/\/secure.gravatar.com\/avatar\/0696bcd343e46256c029b752a654bade?s=96&d=mm&r=g\",\"contentUrl\":\"https:\/\/secure.gravatar.com\/avatar\/0696bcd343e46256c029b752a654bade?s=96&d=mm&r=g\",\"caption\":\"Naira Martikian\"},\"url\":\"https:\/\/jam-news.net\/az\/author\/nairama\/\"}]}<\/script>\n<!-- \/ Yoast SEO plugin. -->","yoast_head_json":{"title":"Da\u011fl\u0131q Qaraba\u011f m\u00fcnaqi\u015f\u0259sinin nizamlanmas\u0131n\u0131n format\u0131n\u0131n d\u0259yi\u015fm\u0259si qa\u00e7\u0131lmazd\u0131r - JAMnews","robots":{"index":"index","follow":"follow","max-snippet":"max-snippet:-1","max-image-preview":"max-image-preview:large","max-video-preview":"max-video-preview:-1"},"canonical":"https:\/\/jam-news.net\/az\/dagliq-qarabag-munaqis\u0259sinin-nizamlanmasinin-formatinin-d\u0259yism\u0259si-qacilmazdir\/","og_locale":"az_AZ","og_type":"article","og_title":"Da\u011fl\u0131q Qaraba\u011f m\u00fcnaqi\u015f\u0259sinin nizamlanmas\u0131n\u0131n format\u0131n\u0131n d\u0259yi\u015fm\u0259si qa\u00e7\u0131lmazd\u0131r - JAMnews","og_description":"\u00c7ox g\u00fcman ki, ya problemin k\u00f6k\u00fcnd\u0259n h\u0259lli, ya da h\u0259rbi \u0259m\u0259liyyatlar\u0131n yenid\u0259n ba\u015flamas\u0131 il\u0259 n\u0259tic\u0259l\u0259n\u0259n b\u00f6y\u00fck d\u0259yi\u015fikl\u0259r olacaq","og_url":"https:\/\/jam-news.net\/az\/dagliq-qarabag-munaqis\u0259sinin-nizamlanmasinin-formatinin-d\u0259yism\u0259si-qacilmazdir\/","og_site_name":"Azerbaijani Jamnews","article_publisher":"https:\/\/www.facebook.com\/JAMnewsInEnglish\/","article_published_time":"2017-09-06T00:00:00+00:00","article_modified_time":"2022-01-17T21:26:26+00:00","og_image":[{"width":1000,"height":667,"url":"https:\/\/jam-news.net\/app\/uploads\/2020\/03\/Karabakh_tree-3.jpg","type":"image\/jpeg"}],"author":"Naira Martikian","twitter_card":"summary_large_image","twitter_creator":"@JAMnewsCaucasus","twitter_site":"@JAMnewsCaucasus","twitter_misc":{"Written by":"Naira Martikian","Est. reading time":"6 minutes"},"schema":{"@context":"https:\/\/schema.org","@graph":[{"@type":"Article","@id":"https:\/\/jam-news.net\/az\/dagliq-qarabag-munaqis%c9%99sinin-nizamlanmasinin-formatinin-d%c9%99yism%c9%99si-qacilmazdir\/#article","isPartOf":{"@id":"https:\/\/jam-news.net\/az\/dagliq-qarabag-munaqis%c9%99sinin-nizamlanmasinin-formatinin-d%c9%99yism%c9%99si-qacilmazdir\/"},"author":{"name":"Naira Martikian","@id":"https:\/\/jam-news.net\/az\/#\/schema\/person\/e82f374df8fce3377c56e285e5c11387"},"headline":"Da\u011fl\u0131q Qaraba\u011f m\u00fcnaqi\u015f\u0259sinin nizamlanmas\u0131n\u0131n format\u0131n\u0131n d\u0259yi\u015fm\u0259si qa\u00e7\u0131lmazd\u0131r","datePublished":"2017-09-06T00:00:00+00:00","dateModified":"2022-01-17T21:26:26+00:00","mainEntityOfPage":{"@id":"https:\/\/jam-news.net\/az\/dagliq-qarabag-munaqis%c9%99sinin-nizamlanmasinin-formatinin-d%c9%99yism%c9%99si-qacilmazdir\/"},"wordCount":1256,"commentCount":0,"publisher":{"@id":"https:\/\/jam-news.net\/az\/#organization"},"image":{"@id":"https:\/\/jam-news.net\/az\/dagliq-qarabag-munaqis%c9%99sinin-nizamlanmasinin-formatinin-d%c9%99yism%c9%99si-qacilmazdir\/#primaryimage"},"thumbnailUrl":"https:\/\/jam-news.net\/app\/uploads\/2020\/03\/Karabakh_tree-3.jpg","keywords":["Da\u011fl\u0131q Qaraba\u011f","Erm\u0259nistan","m\u00fcnaqi\u015f\u0259"],"articleSection":["Armenia","Azerbaijan","Conflicts","From far and near","Geography","Nagorno-Karabakh","Politics"],"inLanguage":"az"},{"@type":"WebPage","@id":"https:\/\/jam-news.net\/az\/dagliq-qarabag-munaqis%c9%99sinin-nizamlanmasinin-formatinin-d%c9%99yism%c9%99si-qacilmazdir\/","url":"https:\/\/jam-news.net\/az\/dagliq-qarabag-munaqis%c9%99sinin-nizamlanmasinin-formatinin-d%c9%99yism%c9%99si-qacilmazdir\/","name":"Da\u011fl\u0131q Qaraba\u011f m\u00fcnaqi\u015f\u0259sinin nizamlanmas\u0131n\u0131n format\u0131n\u0131n d\u0259yi\u015fm\u0259si qa\u00e7\u0131lmazd\u0131r - JAMnews","isPartOf":{"@id":"https:\/\/jam-news.net\/az\/#website"},"primaryImageOfPage":{"@id":"https:\/\/jam-news.net\/az\/dagliq-qarabag-munaqis%c9%99sinin-nizamlanmasinin-formatinin-d%c9%99yism%c9%99si-qacilmazdir\/#primaryimage"},"image":{"@id":"https:\/\/jam-news.net\/az\/dagliq-qarabag-munaqis%c9%99sinin-nizamlanmasinin-formatinin-d%c9%99yism%c9%99si-qacilmazdir\/#primaryimage"},"thumbnailUrl":"https:\/\/jam-news.net\/app\/uploads\/2020\/03\/Karabakh_tree-3.jpg","datePublished":"2017-09-06T00:00:00+00:00","dateModified":"2022-01-17T21:26:26+00:00","breadcrumb":{"@id":"https:\/\/jam-news.net\/az\/dagliq-qarabag-munaqis%c9%99sinin-nizamlanmasinin-formatinin-d%c9%99yism%c9%99si-qacilmazdir\/#breadcrumb"},"inLanguage":"az","potentialAction":[{"@type":"ReadAction","target":["https:\/\/jam-news.net\/az\/dagliq-qarabag-munaqis%c9%99sinin-nizamlanmasinin-formatinin-d%c9%99yism%c9%99si-qacilmazdir\/"]}]},{"@type":"ImageObject","inLanguage":"az","@id":"https:\/\/jam-news.net\/az\/dagliq-qarabag-munaqis%c9%99sinin-nizamlanmasinin-formatinin-d%c9%99yism%c9%99si-qacilmazdir\/#primaryimage","url":"https:\/\/jam-news.net\/app\/uploads\/2020\/03\/Karabakh_tree-3.jpg","contentUrl":"https:\/\/jam-news.net\/app\/uploads\/2020\/03\/Karabakh_tree-3.jpg","width":1000,"height":667},{"@type":"BreadcrumbList","@id":"https:\/\/jam-news.net\/az\/dagliq-qarabag-munaqis%c9%99sinin-nizamlanmasinin-formatinin-d%c9%99yism%c9%99si-qacilmazdir\/#breadcrumb","itemListElement":[{"@type":"ListItem","position":1,"name":"Home","item":"https:\/\/jam-news.net\/az\/"},{"@type":"ListItem","position":2,"name":"Da\u011fl\u0131q Qaraba\u011f m\u00fcnaqi\u015f\u0259sinin nizamlanmas\u0131n\u0131n format\u0131n\u0131n d\u0259yi\u015fm\u0259si qa\u00e7\u0131lmazd\u0131r"}]},{"@type":"WebSite","@id":"https:\/\/jam-news.net\/az\/#website","url":"https:\/\/jam-news.net\/az\/","name":"Azerbaijani Jamnews","description":"Caucasus News, Politics and Society","publisher":{"@id":"https:\/\/jam-news.net\/az\/#organization"},"potentialAction":[{"@type":"SearchAction","target":{"@type":"EntryPoint","urlTemplate":"https:\/\/jam-news.net\/az\/?s={search_term_string}"},"query-input":{"@type":"PropertyValueSpecification","valueRequired":true,"valueName":"search_term_string"}}],"inLanguage":"az"},{"@type":"Organization","@id":"https:\/\/jam-news.net\/az\/#organization","name":"JAMnews","url":"https:\/\/jam-news.net\/az\/","logo":{"@type":"ImageObject","inLanguage":"az","@id":"https:\/\/jam-news.net\/az\/#\/schema\/logo\/image\/","url":"https:\/\/jam-news.net\/app\/uploads\/2020\/05\/JAM_w.jpg","contentUrl":"https:\/\/jam-news.net\/app\/uploads\/2020\/05\/JAM_w.jpg","width":960,"height":960,"caption":"JAMnews"},"image":{"@id":"https:\/\/jam-news.net\/az\/#\/schema\/logo\/image\/"},"sameAs":["https:\/\/www.facebook.com\/JAMnewsInEnglish\/","https:\/\/x.com\/JAMnewsCaucasus","https:\/\/www.instagram.com\/jam_news\/","https:\/\/www.youtube.com\/channel\/UCXQbUCme2pykuZYXWHx4VPg"]},{"@type":"Person","@id":"https:\/\/jam-news.net\/az\/#\/schema\/person\/e82f374df8fce3377c56e285e5c11387","name":"Naira Martikian","image":{"@type":"ImageObject","inLanguage":"az","@id":"https:\/\/jam-news.net\/az\/#\/schema\/person\/image\/","url":"https:\/\/secure.gravatar.com\/avatar\/0696bcd343e46256c029b752a654bade?s=96&d=mm&r=g","contentUrl":"https:\/\/secure.gravatar.com\/avatar\/0696bcd343e46256c029b752a654bade?s=96&d=mm&r=g","caption":"Naira Martikian"},"url":"https:\/\/jam-news.net\/az\/author\/nairama\/"}]}},"_links":{"self":[{"href":"https:\/\/jam-news.net\/az\/wp-json\/wp\/v2\/posts\/6573","targetHints":{"allow":["GET"]}}],"collection":[{"href":"https:\/\/jam-news.net\/az\/wp-json\/wp\/v2\/posts"}],"about":[{"href":"https:\/\/jam-news.net\/az\/wp-json\/wp\/v2\/types\/post"}],"author":[{"embeddable":true,"href":"https:\/\/jam-news.net\/az\/wp-json\/wp\/v2\/users\/8"}],"replies":[{"embeddable":true,"href":"https:\/\/jam-news.net\/az\/wp-json\/wp\/v2\/comments?post=6573"}],"version-history":[{"count":1,"href":"https:\/\/jam-news.net\/az\/wp-json\/wp\/v2\/posts\/6573\/revisions"}],"predecessor-version":[{"id":15303,"href":"https:\/\/jam-news.net\/az\/wp-json\/wp\/v2\/posts\/6573\/revisions\/15303"}],"wp:featuredmedia":[{"embeddable":true,"href":"https:\/\/jam-news.net\/az\/wp-json\/wp\/v2\/media\/20382"}],"wp:attachment":[{"href":"https:\/\/jam-news.net\/az\/wp-json\/wp\/v2\/media?parent=6573"}],"wp:term":[{"taxonomy":"category","embeddable":true,"href":"https:\/\/jam-news.net\/az\/wp-json\/wp\/v2\/categories?post=6573"},{"taxonomy":"post_tag","embeddable":true,"href":"https:\/\/jam-news.net\/az\/wp-json\/wp\/v2\/tags?post=6573"},{"taxonomy":"formation","embeddable":true,"href":"https:\/\/jam-news.net\/az\/wp-json\/wp\/v2\/formation?post=6573"},{"taxonomy":"post-author","embeddable":true,"href":"https:\/\/jam-news.net\/az\/wp-json\/wp\/v2\/post-author?post=6573"},{"taxonomy":"topic","embeddable":true,"href":"https:\/\/jam-news.net\/az\/wp-json\/wp\/v2\/topic?post=6573"},{"taxonomy":"tooltip","embeddable":true,"href":"https:\/\/jam-news.net\/az\/wp-json\/wp\/v2\/tooltip?post=6573"},{"taxonomy":"city","embeddable":true,"href":"https:\/\/jam-news.net\/az\/wp-json\/wp\/v2\/city?post=6573"}],"curies":[{"name":"wp","href":"https:\/\/api.w.org\/{rel}","templated":true}]}}