{"id":6522,"date":"2017-08-29T00:00:00","date_gmt":"2017-08-29T00:00:00","guid":{"rendered":"http:\/\/jam-news.net\/az\/naxcivan-muxtar-respublikasi-bascisi-mutl%c9%99q-oxunmali-kitablarin-siyahisi-haqda-s%c9%99r%c9%99ncam-verib\/"},"modified":"2020-03-18T11:26:06","modified_gmt":"2020-03-18T11:26:06","slug":"naxcivan-muxtar-respublikasi-bascisi-mutl%c9%99q-oxunmali-kitablarin-siyahisi-haqda-s%c9%99r%c9%99ncam-verib","status":"publish","type":"post","link":"https:\/\/jam-news.net\/az\/naxcivan-muxtar-respublikasi-bascisi-mutl%c9%99q-oxunmali-kitablarin-siyahisi-haqda-s%c9%99r%c9%99ncam-verib\/","title":{"rendered":"Nax\u00e7\u0131van Muxtar Respublikas\u0131 ba\u015f\u00e7\u0131s\u0131 m\u00fctl\u0259q oxunmal\u0131 kitablar\u0131n siyah\u0131s\u0131 haqda s\u0259r\u0259ncam verib"},"content":{"rendered":"<p class=\"western\"><span style=\"font-family: 'Times New Roman', serif;\"><span style=\"font-size: large;\"><span lang=\"az-Latn-AZ\">Avqustun 28-d\u0259 Nax\u00e7\u0131van Muxtar Respublikas\u0131 Ali M\u0259clisinin s\u0259dri Vasif Tal\u0131bov \u201cOxunmas\u0131 vacib kitablar\u0131n siyah\u0131s\u0131 haqda\u201d s\u0259r\u0259ncam imzalay\u0131b. S\u0259r\u0259ncama \u0259sas\u0259n g\u0259nc n\u0259sild\u0259 v\u0259t\u0259np\u0259rv\u0259rliyi, milli kimlik hissini v\u0259 d\u00fcnya g\u00f6r\u00fc\u015f\u00fcn\u00fc formala\u015fd\u0131rma\u011fa xidm\u0259t ed\u0259c\u0259k oxunmas\u0131 vacib kitablar\u0131n siyah\u0131s\u0131 t\u0259sdiql\u0259nib. Buna m\u00fcvafiq olaraq t\u0259hsil m\u00fc\u0259ssis\u0259l\u0259rinin v\u0259 m\u0259d\u0259niyy\u0259t qurumlar\u0131n\u0131n kitabxanalar\u0131nda x\u00fcsusi kitab k\u00f6\u015f\u0259l\u0259ri yarad\u0131lmal\u0131d\u0131r.<\/span><\/span><\/span><\/p>\n<p class=\"western\"><span style=\"font-family: 'Times New Roman', serif;\"><span style=\"font-size: large;\"><span lang=\"az-Latn-AZ\">Siyah\u0131 30 adda kitabdan ibar\u0259tdir v\u0259 onlar\u0131n s\u0131ras\u0131na h\u0259m Az\u0259rbaycan m\u00fc\u0259llifl\u0259rinin \u0259s\u0259rl\u0259ri, h\u0259m d\u0259 d\u00fcnya klassik \u0259d\u0259biyyat\u0131na aid n\u00fcmun\u0259l\u0259r daxildir.<\/span><\/span><\/span><\/p>\n<p class=\"western\"><span style=\"font-family: 'Times New Roman', serif;\"><span style=\"font-size: large;\"><span lang=\"az-Latn-AZ\">Siyah\u0131n\u0131n \u0259n ba\u015f\u0131nda ehtimal olundu\u011fu kimi Az\u0259rbaycan\u0131n ke\u00e7mi\u015f prezidenti, Tal\u0131bovdan \u0259vv\u0259l Nax\u00e7\u0131vana r\u0259hb\u0259rlik etmi\u015f Heyd\u0259r \u018fliyevin \u0259s\u0259ri yer al\u0131b. M\u00fctl\u0259q oxunmal\u0131 kitablar siyah\u0131s\u0131nda bir n\u00f6mr\u0259li \u0259s\u0259r \u201c\u00dcmummilli lider Heyd\u0259r \u018fliyevin yeni, 2001-ci il, yeni era v\u0259 \u00fc\u00e7\u00fcnc\u00fc minillik m\u00fcnasib\u0259til\u0259 Az\u0259rbaycan xalq\u0131na m\u00fcraci\u0259ti\u201d kitab\u0131d\u0131r.<\/span><\/span><\/span><\/p>\n<p class=\"western\"><span style=\"font-family: 'Times New Roman', serif;\"><span style=\"font-size: large;\"><span lang=\"az-Latn-AZ\">Siyah\u0131ya Nizami, Tusi, S\u0259di, \u015e\u0259hriyar, bir ne\u00e7\u0259 nax\u00e7\u0131vanl\u0131 m\u00fc\u0259llif, h\u0259m\u00e7inin Drayzer, Heminquey, Mopassan, Cek London v\u0259 dig\u0259r klassikl\u0259r var.<\/span><\/span><\/span><\/p>\n<p class=\"western\"><span style=\"font-family: 'Times New Roman', serif;\"><span style=\"font-size: large;\"><span lang=\"az-Latn-AZ\">Rus \u0259d\u0259biyyat\u0131 sovet d\u00f6vr\u00fcn\u0259 aid sad\u0259c\u0259 bir \u0259s\u0259rl\u0259 t\u0259msil olunub \u2013 Nikolay Ostrovskinin \u201cPolad nec\u0259 b\u0259rkidi\u201d avtobioqrafik roman\u0131 il\u0259.<\/span><\/span><\/span><\/p>\n<p class=\"western\"><span style=\"font-family: 'Times New Roman', serif;\"><span style=\"font-size: large;\"><span lang=\"az-Latn-AZ\">30 kitab\u0131n yer ald\u0131\u011f\u0131 tam siyah\u0131 il\u0259 <\/span><\/span><\/span><span style=\"font-size: large;\"><em><strong><span style=\"color: #0000ff;\"><a href=\"http:\/\/modern.az\/az\/news\/141954#gsc.tab=0\" target=\"_blank\" rel=\"noopener noreferrer\"><span style=\"font-family: 'Times New Roman', serif;\"><span lang=\"az-Latn-AZ\"><u>burada tan\u0131\u015f olmaq m\u00fcmk\u00fcnd\u00fcr\u00a0<\/u><\/span><\/span><\/a><\/span><\/strong><\/em><\/span><\/p>\n<p class=\"western\"><span style=\"color: #333333;\"><span style=\"font-family: 'Times New Roman', serif;\"><span style=\"font-size: large;\"><span lang=\"az-Latn-AZ\">Tal\u0131bovun s\u0259r\u0259ncam\u0131 sosial \u015f\u0259b\u0259k\u0259l\u0259rin Az\u0259rbaycan seqmentind\u0259 geni\u015f m\u00fczakir\u0259 obyekti olub. Adlar\u0131 g\u00f6st\u0259rilm\u0259d\u0259n bu \u015f\u0259rhl\u0259rd\u0259n b\u0259zil\u0259rini diqq\u0259tiniz\u0259 \u00e7atd\u0131r\u0131r\u0131q:<\/span><\/span><\/span><\/span><\/p>\n<p class=\"western\"><span style=\"color: #333333;\"><span style=\"font-family: 'Times New Roman', serif;\"><span style=\"font-size: large;\"><span lang=\"az-Latn-AZ\"><i>&#8211; D\u00fcz\u00fc, siyah\u0131da g\u00f6st\u0259rilmi\u015f kitablar\u0131n \u00e7oxu az-\u00e7ox anla\u015f\u0131land\u0131r, b\u00f6y\u00fckl\u0259r\u0259 h\u00f6rm\u0259t, ibr\u0259t, amma b\u0259zi m\u00fcdd\u0259alar siyah\u0131ya q\u0259tiyy\u0259n s\u0131\u011fm\u0131r. Ya bu yumor \u00fc\u00e7\u00fcnd\u00fcr, ya da he\u00e7 f\u0259rqin\u0259 varmay\u0131blar. <\/i><\/span><\/span><\/span><\/span><\/p>\n<p class=\"western\"><span style=\"color: #1d2129;\"><span style=\"font-family: 'Times New Roman', serif;\"><span style=\"font-size: large;\"><i>&#8211;<\/i><\/span><\/span><\/span><span style=\"color: #1d2129;\"><span style=\"font-family: 'Times New Roman', serif;\"><span style=\"font-size: large;\"><span lang=\"az-Latn-AZ\"><i>Oy<\/i><\/span><\/span><\/span><\/span><span style=\"color: #1d2129;\"><span style=\"font-family: 'Times New Roman', serif;\"><span style=\"font-size: large;\"><i>! <\/i><\/span><\/span><\/span><span style=\"color: #1d2129;\"><span style=\"font-family: 'Times New Roman', serif;\"><span style=\"font-size: large;\"><span lang=\"az-Latn-AZ\"><i>M\u0259n d\u0259 siyah\u0131ya baxd\u0131m&#8230; orada h\u0259qiq\u0259t\u0259n maraql\u0131 \u0259s\u0259rl\u0259r sadalan\u0131b! M\u0259n do\u011frudan t\u0259\u0259cc\u00fcb i\u00e7ind\u0259y\u0259m.<\/i><\/span><\/span><\/span><\/span><\/p>\n<p class=\"western\"><span style=\"color: #1d2129;\"><span style=\"font-family: 'Times New Roman', serif;\"><span style=\"font-size: large;\"><i>&#8211; <\/i><\/span><\/span><\/span><span style=\"color: #1d2129;\"><span style=\"font-family: 'Times New Roman', serif;\"><span style=\"font-size: large;\"><span lang=\"az-Latn-AZ\"><i>G\u00f6z\u0259l t\u0259\u015f\u0259bb\u00fcsd\u00fcr. M\u0259n bu s\u0259r\u0259ncam\u0131 b\u00fct\u00fcn Az\u0259rbaycana t\u0259tbiq ed\u0259rdim. Bu kitablar\u0131 oxumayanlar c\u0259rim\u0259l\u0259nsin! B\u0259lk\u0259 bel\u0259 olsa bir ne\u00e7\u0259 ild\u0259n sonra c\u0259miyy\u0259timizd\u0259 m\u00fcsb\u0259t d\u0259yi\u015fiklikl\u0259r oldu.<\/i><\/span><\/span><\/span><\/span><\/p>\n<p class=\"western\"><span style=\"color: #1d2129;\"><span style=\"font-family: 'Times New Roman', serif;\"><span style=\"font-size: large;\"><i>&#8211; <\/i><\/span><\/span><\/span><span style=\"color: #1d2129;\"><span style=\"font-family: 'Times New Roman', serif;\"><span style=\"font-size: large;\"><span lang=\"az-Latn-AZ\"><i>\u018fla se\u00e7imdir \u2013 \u201cUlu \u00f6nd\u0259rd\u0259n\u201d sosialist realizmin\u0259 q\u0259d\u0259r. \u00dcst\u00fcn\u0259 d\u0259 bonus \u2013 a\u015fa\u011f\u0131 sosial m\u0259suliyy\u0259tli olsa da, v\u0259t\u0259np\u0259rv\u0259rlik hissi y\u00fcks\u0259k olan q\u0131z haqq\u0131nda hekay\u0259! (Mopassan\u0131n \u201cToppu\u015f\u201d \u0259s\u0259ri n\u0259z\u0259rd\u0259 tutulur, orijinalda \u201cBoule de Suif\u201d \u2013 red.)<\/i><\/span><\/span><\/span><\/span><\/p>\n<p class=\"western\">\u00a0\n    <div class=\"bd_notification notification_info\">\n      <i><\/i><span style=\"color: #000000;\">Vasif Tal\u0131bov s\u0259rt xasiyy\u0259ti il\u0259 m\u0259\u015fhurdur. Onun r\u0259hb\u0259rliyi alt\u0131nda Nax\u00e7\u0131van Muxtar Respublikas\u0131nda avtoritar hakimiyy\u0259t qurulub, b\u00fct\u00fcn m\u00fcxalif partiyalar v\u0259 media qada\u011fan edilib, v\u0259t\u0259nda\u015f c\u0259miyy\u0259ti f\u0259allar\u0131 t\u0259qib olunur, internet klublar\u0131n f\u0259aliyy\u0259ti v\u0259 xarici musiqinin yay\u0131mlanmas\u0131 m\u0259hdudla\u015fd\u0131r\u0131l\u0131b.<\/span>\n    <\/div>\n    <br \/>\n<\/p>\n","protected":false},"excerpt":{"rendered":"<p>30 kitabdan ibar\u0259t siyah\u0131 Az\u0259rbaycan sosial \u015f\u0259b\u0259k\u0259sind\u0259 q\u0131z\u011f\u0131n m\u00fczakir\u0259y\u0259 s\u0259b\u0259b olub<\/p>\n","protected":false},"author":3,"featured_media":20355,"comment_status":"open","ping_status":"open","sticky":false,"template":"","format":"standard","meta":{"_acf_changed":false,"footnotes":""},"categories":[17,2,25,50,35],"tags":[18,14,199,105],"formation":[],"post-author":[],"topic":[],"tooltip":[],"city":[],"class_list":["post-6522","post","type-post","status-publish","format-standard","has-post-thumbnail","hentry","category-azrbaycan","category-cografiya","category-cmiyyt","category-xbrlr","category-hekaylr","tag-azrbaycan","tag-bas-shif","tag-cmiyyt","tag-dbiyyat"],"acf":[],"yoast_head":"<!-- This site is optimized with the Yoast SEO plugin v24.1 - https:\/\/yoast.com\/wordpress\/plugins\/seo\/ -->\n<title>Nax\u00e7\u0131van Muxtar Respublikas\u0131 ba\u015f\u00e7\u0131s\u0131 m\u00fctl\u0259q oxunmal\u0131 kitablar\u0131n siyah\u0131s\u0131 haqda s\u0259r\u0259ncam verib - JAMnews<\/title>\n<meta name=\"robots\" content=\"index, follow, max-snippet:-1, max-image-preview:large, max-video-preview:-1\" \/>\n<link rel=\"canonical\" href=\"https:\/\/jam-news.net\/az\/naxcivan-muxtar-respublikasi-bascisi-mutl\u0259q-oxunmali-kitablarin-siyahisi-haqda-s\u0259r\u0259ncam-verib\/\" \/>\n<meta property=\"og:locale\" content=\"az_AZ\" \/>\n<meta property=\"og:type\" content=\"article\" \/>\n<meta property=\"og:title\" content=\"Nax\u00e7\u0131van Muxtar Respublikas\u0131 ba\u015f\u00e7\u0131s\u0131 m\u00fctl\u0259q oxunmal\u0131 kitablar\u0131n siyah\u0131s\u0131 haqda s\u0259r\u0259ncam verib - JAMnews\" \/>\n<meta property=\"og:description\" content=\"30 kitabdan ibar\u0259t siyah\u0131 Az\u0259rbaycan sosial \u015f\u0259b\u0259k\u0259sind\u0259 q\u0131z\u011f\u0131n m\u00fczakir\u0259y\u0259 s\u0259b\u0259b olub\" \/>\n<meta property=\"og:url\" content=\"https:\/\/jam-news.net\/az\/naxcivan-muxtar-respublikasi-bascisi-mutl\u0259q-oxunmali-kitablarin-siyahisi-haqda-s\u0259r\u0259ncam-verib\/\" \/>\n<meta property=\"og:site_name\" content=\"Azerbaijani Jamnews\" \/>\n<meta property=\"article:publisher\" content=\"https:\/\/www.facebook.com\/JAMnewsInEnglish\/\" \/>\n<meta property=\"article:published_time\" content=\"2017-08-29T00:00:00+00:00\" \/>\n<meta property=\"article:modified_time\" content=\"2020-03-18T11:26:06+00:00\" \/>\n<meta property=\"og:image\" content=\"https:\/\/jam-news.net\/app\/uploads\/2020\/03\/book-3.jpg\" \/>\n\t<meta property=\"og:image:width\" content=\"1200\" \/>\n\t<meta property=\"og:image:height\" content=\"772\" \/>\n\t<meta property=\"og:image:type\" content=\"image\/jpeg\" \/>\n<meta name=\"author\" content=\"JAMnews\" \/>\n<meta name=\"twitter:card\" content=\"summary_large_image\" \/>\n<meta name=\"twitter:creator\" content=\"@JAMnewsCaucasus\" \/>\n<meta name=\"twitter:site\" content=\"@JAMnewsCaucasus\" \/>\n<meta name=\"twitter:label1\" content=\"Written by\" \/>\n\t<meta name=\"twitter:data1\" content=\"JAMnews\" \/>\n\t<meta name=\"twitter:label2\" content=\"Est. reading time\" \/>\n\t<meta name=\"twitter:data2\" content=\"3 minutes\" \/>\n<script type=\"application\/ld+json\" class=\"yoast-schema-graph\">{\"@context\":\"https:\/\/schema.org\",\"@graph\":[{\"@type\":\"Article\",\"@id\":\"https:\/\/jam-news.net\/az\/naxcivan-muxtar-respublikasi-bascisi-mutl%c9%99q-oxunmali-kitablarin-siyahisi-haqda-s%c9%99r%c9%99ncam-verib\/#article\",\"isPartOf\":{\"@id\":\"https:\/\/jam-news.net\/az\/naxcivan-muxtar-respublikasi-bascisi-mutl%c9%99q-oxunmali-kitablarin-siyahisi-haqda-s%c9%99r%c9%99ncam-verib\/\"},\"author\":{\"name\":\"JAMnews\",\"@id\":\"https:\/\/jam-news.net\/az\/#\/schema\/person\/67df3bb7adb46cd513fb9c4cb02361c6\"},\"headline\":\"Nax\u00e7\u0131van Muxtar Respublikas\u0131 ba\u015f\u00e7\u0131s\u0131 m\u00fctl\u0259q oxunmal\u0131 kitablar\u0131n siyah\u0131s\u0131 haqda s\u0259r\u0259ncam verib\",\"datePublished\":\"2017-08-29T00:00:00+00:00\",\"dateModified\":\"2020-03-18T11:26:06+00:00\",\"mainEntityOfPage\":{\"@id\":\"https:\/\/jam-news.net\/az\/naxcivan-muxtar-respublikasi-bascisi-mutl%c9%99q-oxunmali-kitablarin-siyahisi-haqda-s%c9%99r%c9%99ncam-verib\/\"},\"wordCount\":597,\"commentCount\":0,\"publisher\":{\"@id\":\"https:\/\/jam-news.net\/az\/#organization\"},\"image\":{\"@id\":\"https:\/\/jam-news.net\/az\/naxcivan-muxtar-respublikasi-bascisi-mutl%c9%99q-oxunmali-kitablarin-siyahisi-haqda-s%c9%99r%c9%99ncam-verib\/#primaryimage\"},\"thumbnailUrl\":\"https:\/\/jam-news.net\/app\/uploads\/2020\/03\/book-3.jpg\",\"keywords\":[\"Az\u0259rbaycan\",\"Ba\u015f s\u0259hif\u0259\",\"c\u0259miyy\u0259t\",\"\u018fd\u0259biyyat\"],\"articleSection\":[\"Azerbaijan\",\"Geography\",\"Issues\",\"News\",\"Stories\"],\"inLanguage\":\"az\"},{\"@type\":\"WebPage\",\"@id\":\"https:\/\/jam-news.net\/az\/naxcivan-muxtar-respublikasi-bascisi-mutl%c9%99q-oxunmali-kitablarin-siyahisi-haqda-s%c9%99r%c9%99ncam-verib\/\",\"url\":\"https:\/\/jam-news.net\/az\/naxcivan-muxtar-respublikasi-bascisi-mutl%c9%99q-oxunmali-kitablarin-siyahisi-haqda-s%c9%99r%c9%99ncam-verib\/\",\"name\":\"Nax\u00e7\u0131van Muxtar Respublikas\u0131 ba\u015f\u00e7\u0131s\u0131 m\u00fctl\u0259q oxunmal\u0131 kitablar\u0131n siyah\u0131s\u0131 haqda s\u0259r\u0259ncam verib - JAMnews\",\"isPartOf\":{\"@id\":\"https:\/\/jam-news.net\/az\/#website\"},\"primaryImageOfPage\":{\"@id\":\"https:\/\/jam-news.net\/az\/naxcivan-muxtar-respublikasi-bascisi-mutl%c9%99q-oxunmali-kitablarin-siyahisi-haqda-s%c9%99r%c9%99ncam-verib\/#primaryimage\"},\"image\":{\"@id\":\"https:\/\/jam-news.net\/az\/naxcivan-muxtar-respublikasi-bascisi-mutl%c9%99q-oxunmali-kitablarin-siyahisi-haqda-s%c9%99r%c9%99ncam-verib\/#primaryimage\"},\"thumbnailUrl\":\"https:\/\/jam-news.net\/app\/uploads\/2020\/03\/book-3.jpg\",\"datePublished\":\"2017-08-29T00:00:00+00:00\",\"dateModified\":\"2020-03-18T11:26:06+00:00\",\"breadcrumb\":{\"@id\":\"https:\/\/jam-news.net\/az\/naxcivan-muxtar-respublikasi-bascisi-mutl%c9%99q-oxunmali-kitablarin-siyahisi-haqda-s%c9%99r%c9%99ncam-verib\/#breadcrumb\"},\"inLanguage\":\"az\",\"potentialAction\":[{\"@type\":\"ReadAction\",\"target\":[\"https:\/\/jam-news.net\/az\/naxcivan-muxtar-respublikasi-bascisi-mutl%c9%99q-oxunmali-kitablarin-siyahisi-haqda-s%c9%99r%c9%99ncam-verib\/\"]}]},{\"@type\":\"ImageObject\",\"inLanguage\":\"az\",\"@id\":\"https:\/\/jam-news.net\/az\/naxcivan-muxtar-respublikasi-bascisi-mutl%c9%99q-oxunmali-kitablarin-siyahisi-haqda-s%c9%99r%c9%99ncam-verib\/#primaryimage\",\"url\":\"https:\/\/jam-news.net\/app\/uploads\/2020\/03\/book-3.jpg\",\"contentUrl\":\"https:\/\/jam-news.net\/app\/uploads\/2020\/03\/book-3.jpg\",\"width\":1200,\"height\":772},{\"@type\":\"BreadcrumbList\",\"@id\":\"https:\/\/jam-news.net\/az\/naxcivan-muxtar-respublikasi-bascisi-mutl%c9%99q-oxunmali-kitablarin-siyahisi-haqda-s%c9%99r%c9%99ncam-verib\/#breadcrumb\",\"itemListElement\":[{\"@type\":\"ListItem\",\"position\":1,\"name\":\"Home\",\"item\":\"https:\/\/jam-news.net\/az\/\"},{\"@type\":\"ListItem\",\"position\":2,\"name\":\"Nax\u00e7\u0131van Muxtar Respublikas\u0131 ba\u015f\u00e7\u0131s\u0131 m\u00fctl\u0259q oxunmal\u0131 kitablar\u0131n siyah\u0131s\u0131 haqda s\u0259r\u0259ncam verib\"}]},{\"@type\":\"WebSite\",\"@id\":\"https:\/\/jam-news.net\/az\/#website\",\"url\":\"https:\/\/jam-news.net\/az\/\",\"name\":\"Azerbaijani Jamnews\",\"description\":\"Caucasus News, Politics and Society\",\"publisher\":{\"@id\":\"https:\/\/jam-news.net\/az\/#organization\"},\"potentialAction\":[{\"@type\":\"SearchAction\",\"target\":{\"@type\":\"EntryPoint\",\"urlTemplate\":\"https:\/\/jam-news.net\/az\/?s={search_term_string}\"},\"query-input\":{\"@type\":\"PropertyValueSpecification\",\"valueRequired\":true,\"valueName\":\"search_term_string\"}}],\"inLanguage\":\"az\"},{\"@type\":\"Organization\",\"@id\":\"https:\/\/jam-news.net\/az\/#organization\",\"name\":\"JAMnews\",\"url\":\"https:\/\/jam-news.net\/az\/\",\"logo\":{\"@type\":\"ImageObject\",\"inLanguage\":\"az\",\"@id\":\"https:\/\/jam-news.net\/az\/#\/schema\/logo\/image\/\",\"url\":\"https:\/\/jam-news.net\/app\/uploads\/2020\/05\/JAM_w.jpg\",\"contentUrl\":\"https:\/\/jam-news.net\/app\/uploads\/2020\/05\/JAM_w.jpg\",\"width\":960,\"height\":960,\"caption\":\"JAMnews\"},\"image\":{\"@id\":\"https:\/\/jam-news.net\/az\/#\/schema\/logo\/image\/\"},\"sameAs\":[\"https:\/\/www.facebook.com\/JAMnewsInEnglish\/\",\"https:\/\/x.com\/JAMnewsCaucasus\",\"https:\/\/www.instagram.com\/jam_news\/\",\"https:\/\/www.youtube.com\/channel\/UCXQbUCme2pykuZYXWHx4VPg\"]},{\"@type\":\"Person\",\"@id\":\"https:\/\/jam-news.net\/az\/#\/schema\/person\/67df3bb7adb46cd513fb9c4cb02361c6\",\"name\":\"JAMnews\",\"image\":{\"@type\":\"ImageObject\",\"inLanguage\":\"az\",\"@id\":\"https:\/\/jam-news.net\/az\/#\/schema\/person\/image\/\",\"url\":\"https:\/\/secure.gravatar.com\/avatar\/e5c27593ef900c3ab3deed4ed1c653d7?s=96&d=mm&r=g\",\"contentUrl\":\"https:\/\/secure.gravatar.com\/avatar\/e5c27593ef900c3ab3deed4ed1c653d7?s=96&d=mm&r=g\",\"caption\":\"JAMnews\"},\"url\":\"https:\/\/jam-news.net\/az\/author\/margarita\/\"}]}<\/script>\n<!-- \/ Yoast SEO plugin. -->","yoast_head_json":{"title":"Nax\u00e7\u0131van Muxtar Respublikas\u0131 ba\u015f\u00e7\u0131s\u0131 m\u00fctl\u0259q oxunmal\u0131 kitablar\u0131n siyah\u0131s\u0131 haqda s\u0259r\u0259ncam verib - JAMnews","robots":{"index":"index","follow":"follow","max-snippet":"max-snippet:-1","max-image-preview":"max-image-preview:large","max-video-preview":"max-video-preview:-1"},"canonical":"https:\/\/jam-news.net\/az\/naxcivan-muxtar-respublikasi-bascisi-mutl\u0259q-oxunmali-kitablarin-siyahisi-haqda-s\u0259r\u0259ncam-verib\/","og_locale":"az_AZ","og_type":"article","og_title":"Nax\u00e7\u0131van Muxtar Respublikas\u0131 ba\u015f\u00e7\u0131s\u0131 m\u00fctl\u0259q oxunmal\u0131 kitablar\u0131n siyah\u0131s\u0131 haqda s\u0259r\u0259ncam verib - JAMnews","og_description":"30 kitabdan ibar\u0259t siyah\u0131 Az\u0259rbaycan sosial \u015f\u0259b\u0259k\u0259sind\u0259 q\u0131z\u011f\u0131n m\u00fczakir\u0259y\u0259 s\u0259b\u0259b olub","og_url":"https:\/\/jam-news.net\/az\/naxcivan-muxtar-respublikasi-bascisi-mutl\u0259q-oxunmali-kitablarin-siyahisi-haqda-s\u0259r\u0259ncam-verib\/","og_site_name":"Azerbaijani Jamnews","article_publisher":"https:\/\/www.facebook.com\/JAMnewsInEnglish\/","article_published_time":"2017-08-29T00:00:00+00:00","article_modified_time":"2020-03-18T11:26:06+00:00","og_image":[{"width":1200,"height":772,"url":"https:\/\/jam-news.net\/app\/uploads\/2020\/03\/book-3.jpg","type":"image\/jpeg"}],"author":"JAMnews","twitter_card":"summary_large_image","twitter_creator":"@JAMnewsCaucasus","twitter_site":"@JAMnewsCaucasus","twitter_misc":{"Written by":"JAMnews","Est. reading time":"3 minutes"},"schema":{"@context":"https:\/\/schema.org","@graph":[{"@type":"Article","@id":"https:\/\/jam-news.net\/az\/naxcivan-muxtar-respublikasi-bascisi-mutl%c9%99q-oxunmali-kitablarin-siyahisi-haqda-s%c9%99r%c9%99ncam-verib\/#article","isPartOf":{"@id":"https:\/\/jam-news.net\/az\/naxcivan-muxtar-respublikasi-bascisi-mutl%c9%99q-oxunmali-kitablarin-siyahisi-haqda-s%c9%99r%c9%99ncam-verib\/"},"author":{"name":"JAMnews","@id":"https:\/\/jam-news.net\/az\/#\/schema\/person\/67df3bb7adb46cd513fb9c4cb02361c6"},"headline":"Nax\u00e7\u0131van Muxtar Respublikas\u0131 ba\u015f\u00e7\u0131s\u0131 m\u00fctl\u0259q oxunmal\u0131 kitablar\u0131n siyah\u0131s\u0131 haqda s\u0259r\u0259ncam verib","datePublished":"2017-08-29T00:00:00+00:00","dateModified":"2020-03-18T11:26:06+00:00","mainEntityOfPage":{"@id":"https:\/\/jam-news.net\/az\/naxcivan-muxtar-respublikasi-bascisi-mutl%c9%99q-oxunmali-kitablarin-siyahisi-haqda-s%c9%99r%c9%99ncam-verib\/"},"wordCount":597,"commentCount":0,"publisher":{"@id":"https:\/\/jam-news.net\/az\/#organization"},"image":{"@id":"https:\/\/jam-news.net\/az\/naxcivan-muxtar-respublikasi-bascisi-mutl%c9%99q-oxunmali-kitablarin-siyahisi-haqda-s%c9%99r%c9%99ncam-verib\/#primaryimage"},"thumbnailUrl":"https:\/\/jam-news.net\/app\/uploads\/2020\/03\/book-3.jpg","keywords":["Az\u0259rbaycan","Ba\u015f s\u0259hif\u0259","c\u0259miyy\u0259t","\u018fd\u0259biyyat"],"articleSection":["Azerbaijan","Geography","Issues","News","Stories"],"inLanguage":"az"},{"@type":"WebPage","@id":"https:\/\/jam-news.net\/az\/naxcivan-muxtar-respublikasi-bascisi-mutl%c9%99q-oxunmali-kitablarin-siyahisi-haqda-s%c9%99r%c9%99ncam-verib\/","url":"https:\/\/jam-news.net\/az\/naxcivan-muxtar-respublikasi-bascisi-mutl%c9%99q-oxunmali-kitablarin-siyahisi-haqda-s%c9%99r%c9%99ncam-verib\/","name":"Nax\u00e7\u0131van Muxtar Respublikas\u0131 ba\u015f\u00e7\u0131s\u0131 m\u00fctl\u0259q oxunmal\u0131 kitablar\u0131n siyah\u0131s\u0131 haqda s\u0259r\u0259ncam verib - JAMnews","isPartOf":{"@id":"https:\/\/jam-news.net\/az\/#website"},"primaryImageOfPage":{"@id":"https:\/\/jam-news.net\/az\/naxcivan-muxtar-respublikasi-bascisi-mutl%c9%99q-oxunmali-kitablarin-siyahisi-haqda-s%c9%99r%c9%99ncam-verib\/#primaryimage"},"image":{"@id":"https:\/\/jam-news.net\/az\/naxcivan-muxtar-respublikasi-bascisi-mutl%c9%99q-oxunmali-kitablarin-siyahisi-haqda-s%c9%99r%c9%99ncam-verib\/#primaryimage"},"thumbnailUrl":"https:\/\/jam-news.net\/app\/uploads\/2020\/03\/book-3.jpg","datePublished":"2017-08-29T00:00:00+00:00","dateModified":"2020-03-18T11:26:06+00:00","breadcrumb":{"@id":"https:\/\/jam-news.net\/az\/naxcivan-muxtar-respublikasi-bascisi-mutl%c9%99q-oxunmali-kitablarin-siyahisi-haqda-s%c9%99r%c9%99ncam-verib\/#breadcrumb"},"inLanguage":"az","potentialAction":[{"@type":"ReadAction","target":["https:\/\/jam-news.net\/az\/naxcivan-muxtar-respublikasi-bascisi-mutl%c9%99q-oxunmali-kitablarin-siyahisi-haqda-s%c9%99r%c9%99ncam-verib\/"]}]},{"@type":"ImageObject","inLanguage":"az","@id":"https:\/\/jam-news.net\/az\/naxcivan-muxtar-respublikasi-bascisi-mutl%c9%99q-oxunmali-kitablarin-siyahisi-haqda-s%c9%99r%c9%99ncam-verib\/#primaryimage","url":"https:\/\/jam-news.net\/app\/uploads\/2020\/03\/book-3.jpg","contentUrl":"https:\/\/jam-news.net\/app\/uploads\/2020\/03\/book-3.jpg","width":1200,"height":772},{"@type":"BreadcrumbList","@id":"https:\/\/jam-news.net\/az\/naxcivan-muxtar-respublikasi-bascisi-mutl%c9%99q-oxunmali-kitablarin-siyahisi-haqda-s%c9%99r%c9%99ncam-verib\/#breadcrumb","itemListElement":[{"@type":"ListItem","position":1,"name":"Home","item":"https:\/\/jam-news.net\/az\/"},{"@type":"ListItem","position":2,"name":"Nax\u00e7\u0131van Muxtar Respublikas\u0131 ba\u015f\u00e7\u0131s\u0131 m\u00fctl\u0259q oxunmal\u0131 kitablar\u0131n siyah\u0131s\u0131 haqda s\u0259r\u0259ncam verib"}]},{"@type":"WebSite","@id":"https:\/\/jam-news.net\/az\/#website","url":"https:\/\/jam-news.net\/az\/","name":"Azerbaijani Jamnews","description":"Caucasus News, Politics and Society","publisher":{"@id":"https:\/\/jam-news.net\/az\/#organization"},"potentialAction":[{"@type":"SearchAction","target":{"@type":"EntryPoint","urlTemplate":"https:\/\/jam-news.net\/az\/?s={search_term_string}"},"query-input":{"@type":"PropertyValueSpecification","valueRequired":true,"valueName":"search_term_string"}}],"inLanguage":"az"},{"@type":"Organization","@id":"https:\/\/jam-news.net\/az\/#organization","name":"JAMnews","url":"https:\/\/jam-news.net\/az\/","logo":{"@type":"ImageObject","inLanguage":"az","@id":"https:\/\/jam-news.net\/az\/#\/schema\/logo\/image\/","url":"https:\/\/jam-news.net\/app\/uploads\/2020\/05\/JAM_w.jpg","contentUrl":"https:\/\/jam-news.net\/app\/uploads\/2020\/05\/JAM_w.jpg","width":960,"height":960,"caption":"JAMnews"},"image":{"@id":"https:\/\/jam-news.net\/az\/#\/schema\/logo\/image\/"},"sameAs":["https:\/\/www.facebook.com\/JAMnewsInEnglish\/","https:\/\/x.com\/JAMnewsCaucasus","https:\/\/www.instagram.com\/jam_news\/","https:\/\/www.youtube.com\/channel\/UCXQbUCme2pykuZYXWHx4VPg"]},{"@type":"Person","@id":"https:\/\/jam-news.net\/az\/#\/schema\/person\/67df3bb7adb46cd513fb9c4cb02361c6","name":"JAMnews","image":{"@type":"ImageObject","inLanguage":"az","@id":"https:\/\/jam-news.net\/az\/#\/schema\/person\/image\/","url":"https:\/\/secure.gravatar.com\/avatar\/e5c27593ef900c3ab3deed4ed1c653d7?s=96&d=mm&r=g","contentUrl":"https:\/\/secure.gravatar.com\/avatar\/e5c27593ef900c3ab3deed4ed1c653d7?s=96&d=mm&r=g","caption":"JAMnews"},"url":"https:\/\/jam-news.net\/az\/author\/margarita\/"}]}},"_links":{"self":[{"href":"https:\/\/jam-news.net\/az\/wp-json\/wp\/v2\/posts\/6522","targetHints":{"allow":["GET"]}}],"collection":[{"href":"https:\/\/jam-news.net\/az\/wp-json\/wp\/v2\/posts"}],"about":[{"href":"https:\/\/jam-news.net\/az\/wp-json\/wp\/v2\/types\/post"}],"author":[{"embeddable":true,"href":"https:\/\/jam-news.net\/az\/wp-json\/wp\/v2\/users\/3"}],"replies":[{"embeddable":true,"href":"https:\/\/jam-news.net\/az\/wp-json\/wp\/v2\/comments?post=6522"}],"version-history":[{"count":1,"href":"https:\/\/jam-news.net\/az\/wp-json\/wp\/v2\/posts\/6522\/revisions"}],"predecessor-version":[{"id":17435,"href":"https:\/\/jam-news.net\/az\/wp-json\/wp\/v2\/posts\/6522\/revisions\/17435"}],"wp:featuredmedia":[{"embeddable":true,"href":"https:\/\/jam-news.net\/az\/wp-json\/wp\/v2\/media\/20355"}],"wp:attachment":[{"href":"https:\/\/jam-news.net\/az\/wp-json\/wp\/v2\/media?parent=6522"}],"wp:term":[{"taxonomy":"category","embeddable":true,"href":"https:\/\/jam-news.net\/az\/wp-json\/wp\/v2\/categories?post=6522"},{"taxonomy":"post_tag","embeddable":true,"href":"https:\/\/jam-news.net\/az\/wp-json\/wp\/v2\/tags?post=6522"},{"taxonomy":"formation","embeddable":true,"href":"https:\/\/jam-news.net\/az\/wp-json\/wp\/v2\/formation?post=6522"},{"taxonomy":"post-author","embeddable":true,"href":"https:\/\/jam-news.net\/az\/wp-json\/wp\/v2\/post-author?post=6522"},{"taxonomy":"topic","embeddable":true,"href":"https:\/\/jam-news.net\/az\/wp-json\/wp\/v2\/topic?post=6522"},{"taxonomy":"tooltip","embeddable":true,"href":"https:\/\/jam-news.net\/az\/wp-json\/wp\/v2\/tooltip?post=6522"},{"taxonomy":"city","embeddable":true,"href":"https:\/\/jam-news.net\/az\/wp-json\/wp\/v2\/city?post=6522"}],"curies":[{"name":"wp","href":"https:\/\/api.w.org\/{rel}","templated":true}]}}