{"id":6508,"date":"2017-08-25T00:00:00","date_gmt":"2017-08-25T00:00:00","guid":{"rendered":"http:\/\/jam-news.net\/az\/erm%c9%99nistanin-138-v%c9%99kili-t%c9%99til-elan-edib\/"},"modified":"2022-01-18T01:26:34","modified_gmt":"2022-01-17T21:26:34","slug":"erm%c9%99nistanin-138-v%c9%99kili-t%c9%99til-elan-edib","status":"publish","type":"post","link":"https:\/\/jam-news.net\/az\/erm%c9%99nistanin-138-v%c9%99kili-t%c9%99til-elan-edib\/","title":{"rendered":"Erm\u0259nistan\u0131n 138 v\u0259kili t\u0259til elan edib"},"content":{"rendered":"<p>Erm\u0259nistan\u0131n bir qrup v\u0259kili \u201cqanunsuz bax\u0131\u015f v\u0259 axtar\u0131\u015fa\u201d etiraz olaraq t\u0259til elan edib. Haz\u0131rda etiraz aksiyas\u0131na 138 v\u0259kil qo\u015fulub.<\/p>\n<p>Art\u0131q bir ne\u00e7\u0259 ayd\u0131r ki, v\u0259kill\u0259r m\u0259hk\u0259m\u0259 v\u0259 c\u0259za\u00e7\u0259km\u0259 m\u00fc\u0259ssis\u0259l\u0259rind\u0259 axtar\u0131\u015fa m\u0259ruz qalmalar\u0131 il\u0259 ba\u011fl\u0131 h\u0259y\u0259can t\u0259bili \u00e7al\u0131rd\u0131.<\/p>\n<p>V\u0259kil Armine Fanyan bildirib ki, X\u00fcsusi \u0130stintaq Xidm\u0259tind\u0259 onun \u00e7antas\u0131n\u0131 yoxlamaq ist\u0259yibl\u0259r. \u201cT\u0259l\u0259b edirdil\u0259r ki, \u00e7antam\u0131 a\u00e7\u0131m. \u0130mtina etdim, bildirdim ki, yoxlan\u0131\u015fdan ke\u00e7m\u0259k fikrim yoxdur, \u00e7\u00fcnki bu, qanunda n\u0259z\u0259rd\u0259 tutulmaylb\u201d, &#8211; o, s\u00f6yl\u0259yib.<\/p>\n<p>Dig\u0259r v\u0259kil Lusine Saakyan deyir: \u201c\u018fvv\u0259l kimins\u0259 v\u0259kil\u0259 \u201c\u00e7antan\u0131 a\u00e7\u201d dem\u0259sini he\u00e7 t\u0259s\u0259vv\u00fcr bel\u0259 etm\u0259zdik\u201d.<\/p>\n<p>V\u0259kill\u0259r hesab edirl\u0259r ki, ba\u015f ver\u0259nl\u0259r onlar\u0131n pe\u015f\u0259sin\u0259, n\u00fcfuzuna v\u0259 m\u00fcst\u0259qilliyin\u0259 qar\u015f\u0131 y\u00f6n\u0259lib.<\/p>\n<p>\u0130lk d\u0259f\u0259 m\u0259hk\u0259m\u0259d\u0259 v\u0259kill\u0259rin \u00fcst\u00fcn\u00fcn yoxlan\u0131lmas\u0131 haqda \u201cSansa srer\u201d qrupu \u00fczvl\u0259rinin v\u0259kill\u0259ri bildirmi\u015fdi.<\/p>\n<p>\n    <div class=\"bd_notification notification_info\">\n      <i><\/i><span style=\"color: #000000;\">2016-c\u0131 il iyulun 17-d\u0259 silahl\u0131 \u015f\u0259xsl\u0259rd\u0259n ibar\u0259t qrup Polisin Post-Patrul Xidm\u0259ti alay\u0131n\u0131n \u0259razisini \u0259l\u0259 ke\u00e7irmi\u015fdi, onlar daha \u0259vv\u0259l h\u0259bs olunmu\u015f m\u00fcxalif\u0259t\u00e7i Jrayr Selifyan\u0131n azad olunmas\u0131n\u0131 t\u0259l\u0259b edirdil\u0259r. Onlar \u0259sas\u0259n prezident Serj Sarqsyan\u0131n istefas\u0131n\u0131 t\u0259l\u0259b ed\u0259n \u201cSansa Srer\u201d qrupunun \u00fczvl\u0259ri idi. Qrupu v\u0259 onlar\u0131n ir\u0259li s\u00fcrd\u00fcy\u00fc t\u0259l\u0259bl\u0259ri \u00e7ox sayda insan d\u0259st\u0259kl\u0259di v\u0259 n\u0259tic\u0259d\u0259 etiraz aksiyas\u0131 etiraz h\u0259r\u0259kat\u0131na \u00e7evrildi. \u0130yulun 31-d\u0259 \u201cSansa srer\u201d silahlar\u0131 <a style=\"color: #000000;\" href=\"https:\/\/jam-news.net\/?p=3742&amp;lang=az-AZ\" target=\"_blank\" rel=\"noopener noreferrer\">yer\u0259 qoyub<\/a>, hakimiyy\u0259t\u0259 t\u0259slim oldu. Onlar\u0131n t\u0259l\u0259bl\u0259rind\u0259n he\u00e7 biri yerin\u0259 yetirilm\u0259di.<\/span>\n    <\/div>\n    <\/p>\n<p>Bel\u0259 bir fikir var ki, s\u0259s-k\u00fcyl\u00fc, rezonans do\u011furan i\u015fl\u0259r\u0259 \u00e7\u0131xan v\u0259kill\u0259rin \u00fcz\u0259rini yoxlay\u0131rlar, \u00e7\u00fcnki axtar\u0131\u015flar \u201cSansa srer\u201d i\u015fi \u00fczr\u0259 ilk m\u0259hk\u0259m\u0259 iclas\u0131ndan \u2013 bu qrup \u00fczvl\u0259rinin m\u00fcdafi\u0259\u00e7il\u0259rind\u0259n ba\u015flay\u0131b.<\/p>\n<p>Amma V\u0259kill\u0259r Palatas\u0131n\u0131n s\u0259dri Ara Zohrabyan v\u0259kill\u0259rin m\u0259ruz qald\u0131\u011f\u0131 proseduran\u0131n axtar\u0131\u015f adland\u0131r\u0131lmas\u0131n\u0131n do\u011fru olmad\u0131\u011f\u0131 fikrind\u0259dir. O bildirib ki, bu, \u201caxtar\u0131\u015f deyil, bax\u0131\u015fd\u0131r, aralar\u0131ndak\u0131 f\u0259rq is\u0259 ondan ibar\u0259tdir ki, bax\u0131\u015f zaman\u0131 bax\u0131\u015f\u0131 h\u0259yata ke\u00e7ir\u0259n \u015f\u0259xs m\u00fcst\u0259qil \u015f\u0259kild\u0259 axtar\u0131\u015f i\u015fi apara bilm\u0259z, y\u0259ni \u00e7antan\u0131 a\u00e7a, cib\u0259 gir\u0259 bilm\u0259z. \u018fg\u0259r bel\u0259 ets\u0259, o zaman axtar\u0131\u015f aparm\u0131\u015f olar\u201d.<\/p>\n<p>Zohrabyan\u0131n fikrinc\u0259, \u0259g\u0259r v\u0259kil \u00e7antas\u0131n\u0131 a\u00e7\u0131b i\u00e7ind\u0259kil\u0259ri g\u00f6st\u0259rirs\u0259, bu, \u201cbax\u0131\u015f\u201d anlay\u0131\u015f\u0131na uy\u011fun g\u0259lir, bu is\u0259 onun bildirdiyin\u0259 g\u00f6r\u0259, m\u0259hk\u0259m\u0259 m\u0259c\u0259ll\u0259sil\u0259 t\u0259sbit olunub, v\u0259kill\u0259r bax\u0131\u015fa m\u0259ruz qala bil\u0259r.<\/p>\n","protected":false},"excerpt":{"rendered":"<p>S\u0259b\u0259b c\u0259za\u00e7\u0259km\u0259 m\u00fc\u0259ssis\u0259l\u0259rind\u0259 v\u0259 m\u0259hk\u0259m\u0259l\u0259rd\u0259 m\u0259ruz qald\u0131qlar\u0131 bax\u0131\u015f v\u0259 axtar\u0131\u015flard\u0131r<\/p>\n","protected":false},"author":8,"featured_media":20346,"comment_status":"open","ping_status":"open","sticky":false,"template":"","format":"standard","meta":{"_acf_changed":false,"footnotes":""},"categories":[27,2,50],"tags":[33,19],"formation":[],"post-author":[2888],"topic":[],"tooltip":[],"city":[6054],"class_list":["post-6508","post","type-post","status-publish","format-standard","has-post-thumbnail","hentry","category-ermnistan","category-cografiya","category-xbrlr","tag-ermnistan","tag-insan-haqlari","post-author-jamnews","city-yerevan"],"acf":[],"yoast_head":"<!-- This site is optimized with the Yoast SEO plugin v24.1 - https:\/\/yoast.com\/wordpress\/plugins\/seo\/ -->\n<title>Erm\u0259nistan\u0131n 138 v\u0259kili t\u0259til elan edib - JAMnews<\/title>\n<meta name=\"robots\" content=\"index, follow, max-snippet:-1, max-image-preview:large, max-video-preview:-1\" \/>\n<link rel=\"canonical\" href=\"https:\/\/jam-news.net\/az\/erm\u0259nistanin-138-v\u0259kili-t\u0259til-elan-edib\/\" \/>\n<meta property=\"og:locale\" content=\"az_AZ\" \/>\n<meta property=\"og:type\" content=\"article\" \/>\n<meta property=\"og:title\" content=\"Erm\u0259nistan\u0131n 138 v\u0259kili t\u0259til elan edib - JAMnews\" \/>\n<meta property=\"og:description\" content=\"S\u0259b\u0259b c\u0259za\u00e7\u0259km\u0259 m\u00fc\u0259ssis\u0259l\u0259rind\u0259 v\u0259 m\u0259hk\u0259m\u0259l\u0259rd\u0259 m\u0259ruz qald\u0131qlar\u0131 bax\u0131\u015f v\u0259 axtar\u0131\u015flard\u0131r\" \/>\n<meta property=\"og:url\" content=\"https:\/\/jam-news.net\/az\/erm\u0259nistanin-138-v\u0259kili-t\u0259til-elan-edib\/\" \/>\n<meta property=\"og:site_name\" content=\"Azerbaijani Jamnews\" \/>\n<meta property=\"article:publisher\" content=\"https:\/\/www.facebook.com\/JAMnewsInEnglish\/\" \/>\n<meta property=\"article:published_time\" content=\"2017-08-25T00:00:00+00:00\" \/>\n<meta property=\"article:modified_time\" content=\"2022-01-17T21:26:34+00:00\" \/>\n<meta property=\"og:image\" content=\"https:\/\/jam-news.net\/app\/uploads\/2020\/03\/ph2ylsyy377100-1.jpg\" \/>\n\t<meta property=\"og:image:width\" content=\"1920\" \/>\n\t<meta property=\"og:image:height\" content=\"1080\" \/>\n\t<meta property=\"og:image:type\" content=\"image\/jpeg\" \/>\n<meta name=\"author\" content=\"Naira Martikian\" \/>\n<meta name=\"twitter:card\" content=\"summary_large_image\" \/>\n<meta name=\"twitter:creator\" content=\"@JAMnewsCaucasus\" \/>\n<meta name=\"twitter:site\" content=\"@JAMnewsCaucasus\" \/>\n<meta name=\"twitter:label1\" content=\"Written by\" \/>\n\t<meta name=\"twitter:data1\" content=\"Naira Martikian\" \/>\n\t<meta name=\"twitter:label2\" content=\"Est. reading time\" \/>\n\t<meta name=\"twitter:data2\" content=\"2 minutes\" \/>\n<script type=\"application\/ld+json\" class=\"yoast-schema-graph\">{\"@context\":\"https:\/\/schema.org\",\"@graph\":[{\"@type\":\"Article\",\"@id\":\"https:\/\/jam-news.net\/az\/erm%c9%99nistanin-138-v%c9%99kili-t%c9%99til-elan-edib\/#article\",\"isPartOf\":{\"@id\":\"https:\/\/jam-news.net\/az\/erm%c9%99nistanin-138-v%c9%99kili-t%c9%99til-elan-edib\/\"},\"author\":{\"name\":\"Naira Martikian\",\"@id\":\"https:\/\/jam-news.net\/az\/#\/schema\/person\/e82f374df8fce3377c56e285e5c11387\"},\"headline\":\"Erm\u0259nistan\u0131n 138 v\u0259kili t\u0259til elan edib\",\"datePublished\":\"2017-08-25T00:00:00+00:00\",\"dateModified\":\"2022-01-17T21:26:34+00:00\",\"mainEntityOfPage\":{\"@id\":\"https:\/\/jam-news.net\/az\/erm%c9%99nistanin-138-v%c9%99kili-t%c9%99til-elan-edib\/\"},\"wordCount\":508,\"commentCount\":0,\"publisher\":{\"@id\":\"https:\/\/jam-news.net\/az\/#organization\"},\"image\":{\"@id\":\"https:\/\/jam-news.net\/az\/erm%c9%99nistanin-138-v%c9%99kili-t%c9%99til-elan-edib\/#primaryimage\"},\"thumbnailUrl\":\"https:\/\/jam-news.net\/app\/uploads\/2020\/03\/ph2ylsyy377100-1.jpg\",\"keywords\":[\"Erm\u0259nistan\",\"insan haqlar\u0131\"],\"articleSection\":[\"Armenia\",\"Geography\",\"News\"],\"inLanguage\":\"az\"},{\"@type\":\"WebPage\",\"@id\":\"https:\/\/jam-news.net\/az\/erm%c9%99nistanin-138-v%c9%99kili-t%c9%99til-elan-edib\/\",\"url\":\"https:\/\/jam-news.net\/az\/erm%c9%99nistanin-138-v%c9%99kili-t%c9%99til-elan-edib\/\",\"name\":\"Erm\u0259nistan\u0131n 138 v\u0259kili t\u0259til elan edib - JAMnews\",\"isPartOf\":{\"@id\":\"https:\/\/jam-news.net\/az\/#website\"},\"primaryImageOfPage\":{\"@id\":\"https:\/\/jam-news.net\/az\/erm%c9%99nistanin-138-v%c9%99kili-t%c9%99til-elan-edib\/#primaryimage\"},\"image\":{\"@id\":\"https:\/\/jam-news.net\/az\/erm%c9%99nistanin-138-v%c9%99kili-t%c9%99til-elan-edib\/#primaryimage\"},\"thumbnailUrl\":\"https:\/\/jam-news.net\/app\/uploads\/2020\/03\/ph2ylsyy377100-1.jpg\",\"datePublished\":\"2017-08-25T00:00:00+00:00\",\"dateModified\":\"2022-01-17T21:26:34+00:00\",\"breadcrumb\":{\"@id\":\"https:\/\/jam-news.net\/az\/erm%c9%99nistanin-138-v%c9%99kili-t%c9%99til-elan-edib\/#breadcrumb\"},\"inLanguage\":\"az\",\"potentialAction\":[{\"@type\":\"ReadAction\",\"target\":[\"https:\/\/jam-news.net\/az\/erm%c9%99nistanin-138-v%c9%99kili-t%c9%99til-elan-edib\/\"]}]},{\"@type\":\"ImageObject\",\"inLanguage\":\"az\",\"@id\":\"https:\/\/jam-news.net\/az\/erm%c9%99nistanin-138-v%c9%99kili-t%c9%99til-elan-edib\/#primaryimage\",\"url\":\"https:\/\/jam-news.net\/app\/uploads\/2020\/03\/ph2ylsyy377100-1.jpg\",\"contentUrl\":\"https:\/\/jam-news.net\/app\/uploads\/2020\/03\/ph2ylsyy377100-1.jpg\",\"width\":1920,\"height\":1080},{\"@type\":\"BreadcrumbList\",\"@id\":\"https:\/\/jam-news.net\/az\/erm%c9%99nistanin-138-v%c9%99kili-t%c9%99til-elan-edib\/#breadcrumb\",\"itemListElement\":[{\"@type\":\"ListItem\",\"position\":1,\"name\":\"Home\",\"item\":\"https:\/\/jam-news.net\/az\/\"},{\"@type\":\"ListItem\",\"position\":2,\"name\":\"Erm\u0259nistan\u0131n 138 v\u0259kili t\u0259til elan edib\"}]},{\"@type\":\"WebSite\",\"@id\":\"https:\/\/jam-news.net\/az\/#website\",\"url\":\"https:\/\/jam-news.net\/az\/\",\"name\":\"Azerbaijani Jamnews\",\"description\":\"Caucasus News, Politics and Society\",\"publisher\":{\"@id\":\"https:\/\/jam-news.net\/az\/#organization\"},\"potentialAction\":[{\"@type\":\"SearchAction\",\"target\":{\"@type\":\"EntryPoint\",\"urlTemplate\":\"https:\/\/jam-news.net\/az\/?s={search_term_string}\"},\"query-input\":{\"@type\":\"PropertyValueSpecification\",\"valueRequired\":true,\"valueName\":\"search_term_string\"}}],\"inLanguage\":\"az\"},{\"@type\":\"Organization\",\"@id\":\"https:\/\/jam-news.net\/az\/#organization\",\"name\":\"JAMnews\",\"url\":\"https:\/\/jam-news.net\/az\/\",\"logo\":{\"@type\":\"ImageObject\",\"inLanguage\":\"az\",\"@id\":\"https:\/\/jam-news.net\/az\/#\/schema\/logo\/image\/\",\"url\":\"https:\/\/jam-news.net\/app\/uploads\/2020\/05\/JAM_w.jpg\",\"contentUrl\":\"https:\/\/jam-news.net\/app\/uploads\/2020\/05\/JAM_w.jpg\",\"width\":960,\"height\":960,\"caption\":\"JAMnews\"},\"image\":{\"@id\":\"https:\/\/jam-news.net\/az\/#\/schema\/logo\/image\/\"},\"sameAs\":[\"https:\/\/www.facebook.com\/JAMnewsInEnglish\/\",\"https:\/\/x.com\/JAMnewsCaucasus\",\"https:\/\/www.instagram.com\/jam_news\/\",\"https:\/\/www.youtube.com\/channel\/UCXQbUCme2pykuZYXWHx4VPg\"]},{\"@type\":\"Person\",\"@id\":\"https:\/\/jam-news.net\/az\/#\/schema\/person\/e82f374df8fce3377c56e285e5c11387\",\"name\":\"Naira Martikian\",\"image\":{\"@type\":\"ImageObject\",\"inLanguage\":\"az\",\"@id\":\"https:\/\/jam-news.net\/az\/#\/schema\/person\/image\/\",\"url\":\"https:\/\/secure.gravatar.com\/avatar\/0696bcd343e46256c029b752a654bade?s=96&d=mm&r=g\",\"contentUrl\":\"https:\/\/secure.gravatar.com\/avatar\/0696bcd343e46256c029b752a654bade?s=96&d=mm&r=g\",\"caption\":\"Naira Martikian\"},\"url\":\"https:\/\/jam-news.net\/az\/author\/nairama\/\"}]}<\/script>\n<!-- \/ Yoast SEO plugin. -->","yoast_head_json":{"title":"Erm\u0259nistan\u0131n 138 v\u0259kili t\u0259til elan edib - JAMnews","robots":{"index":"index","follow":"follow","max-snippet":"max-snippet:-1","max-image-preview":"max-image-preview:large","max-video-preview":"max-video-preview:-1"},"canonical":"https:\/\/jam-news.net\/az\/erm\u0259nistanin-138-v\u0259kili-t\u0259til-elan-edib\/","og_locale":"az_AZ","og_type":"article","og_title":"Erm\u0259nistan\u0131n 138 v\u0259kili t\u0259til elan edib - JAMnews","og_description":"S\u0259b\u0259b c\u0259za\u00e7\u0259km\u0259 m\u00fc\u0259ssis\u0259l\u0259rind\u0259 v\u0259 m\u0259hk\u0259m\u0259l\u0259rd\u0259 m\u0259ruz qald\u0131qlar\u0131 bax\u0131\u015f v\u0259 axtar\u0131\u015flard\u0131r","og_url":"https:\/\/jam-news.net\/az\/erm\u0259nistanin-138-v\u0259kili-t\u0259til-elan-edib\/","og_site_name":"Azerbaijani Jamnews","article_publisher":"https:\/\/www.facebook.com\/JAMnewsInEnglish\/","article_published_time":"2017-08-25T00:00:00+00:00","article_modified_time":"2022-01-17T21:26:34+00:00","og_image":[{"width":1920,"height":1080,"url":"https:\/\/jam-news.net\/app\/uploads\/2020\/03\/ph2ylsyy377100-1.jpg","type":"image\/jpeg"}],"author":"Naira Martikian","twitter_card":"summary_large_image","twitter_creator":"@JAMnewsCaucasus","twitter_site":"@JAMnewsCaucasus","twitter_misc":{"Written by":"Naira Martikian","Est. reading time":"2 minutes"},"schema":{"@context":"https:\/\/schema.org","@graph":[{"@type":"Article","@id":"https:\/\/jam-news.net\/az\/erm%c9%99nistanin-138-v%c9%99kili-t%c9%99til-elan-edib\/#article","isPartOf":{"@id":"https:\/\/jam-news.net\/az\/erm%c9%99nistanin-138-v%c9%99kili-t%c9%99til-elan-edib\/"},"author":{"name":"Naira Martikian","@id":"https:\/\/jam-news.net\/az\/#\/schema\/person\/e82f374df8fce3377c56e285e5c11387"},"headline":"Erm\u0259nistan\u0131n 138 v\u0259kili t\u0259til elan edib","datePublished":"2017-08-25T00:00:00+00:00","dateModified":"2022-01-17T21:26:34+00:00","mainEntityOfPage":{"@id":"https:\/\/jam-news.net\/az\/erm%c9%99nistanin-138-v%c9%99kili-t%c9%99til-elan-edib\/"},"wordCount":508,"commentCount":0,"publisher":{"@id":"https:\/\/jam-news.net\/az\/#organization"},"image":{"@id":"https:\/\/jam-news.net\/az\/erm%c9%99nistanin-138-v%c9%99kili-t%c9%99til-elan-edib\/#primaryimage"},"thumbnailUrl":"https:\/\/jam-news.net\/app\/uploads\/2020\/03\/ph2ylsyy377100-1.jpg","keywords":["Erm\u0259nistan","insan haqlar\u0131"],"articleSection":["Armenia","Geography","News"],"inLanguage":"az"},{"@type":"WebPage","@id":"https:\/\/jam-news.net\/az\/erm%c9%99nistanin-138-v%c9%99kili-t%c9%99til-elan-edib\/","url":"https:\/\/jam-news.net\/az\/erm%c9%99nistanin-138-v%c9%99kili-t%c9%99til-elan-edib\/","name":"Erm\u0259nistan\u0131n 138 v\u0259kili t\u0259til elan edib - JAMnews","isPartOf":{"@id":"https:\/\/jam-news.net\/az\/#website"},"primaryImageOfPage":{"@id":"https:\/\/jam-news.net\/az\/erm%c9%99nistanin-138-v%c9%99kili-t%c9%99til-elan-edib\/#primaryimage"},"image":{"@id":"https:\/\/jam-news.net\/az\/erm%c9%99nistanin-138-v%c9%99kili-t%c9%99til-elan-edib\/#primaryimage"},"thumbnailUrl":"https:\/\/jam-news.net\/app\/uploads\/2020\/03\/ph2ylsyy377100-1.jpg","datePublished":"2017-08-25T00:00:00+00:00","dateModified":"2022-01-17T21:26:34+00:00","breadcrumb":{"@id":"https:\/\/jam-news.net\/az\/erm%c9%99nistanin-138-v%c9%99kili-t%c9%99til-elan-edib\/#breadcrumb"},"inLanguage":"az","potentialAction":[{"@type":"ReadAction","target":["https:\/\/jam-news.net\/az\/erm%c9%99nistanin-138-v%c9%99kili-t%c9%99til-elan-edib\/"]}]},{"@type":"ImageObject","inLanguage":"az","@id":"https:\/\/jam-news.net\/az\/erm%c9%99nistanin-138-v%c9%99kili-t%c9%99til-elan-edib\/#primaryimage","url":"https:\/\/jam-news.net\/app\/uploads\/2020\/03\/ph2ylsyy377100-1.jpg","contentUrl":"https:\/\/jam-news.net\/app\/uploads\/2020\/03\/ph2ylsyy377100-1.jpg","width":1920,"height":1080},{"@type":"BreadcrumbList","@id":"https:\/\/jam-news.net\/az\/erm%c9%99nistanin-138-v%c9%99kili-t%c9%99til-elan-edib\/#breadcrumb","itemListElement":[{"@type":"ListItem","position":1,"name":"Home","item":"https:\/\/jam-news.net\/az\/"},{"@type":"ListItem","position":2,"name":"Erm\u0259nistan\u0131n 138 v\u0259kili t\u0259til elan edib"}]},{"@type":"WebSite","@id":"https:\/\/jam-news.net\/az\/#website","url":"https:\/\/jam-news.net\/az\/","name":"Azerbaijani Jamnews","description":"Caucasus News, Politics and Society","publisher":{"@id":"https:\/\/jam-news.net\/az\/#organization"},"potentialAction":[{"@type":"SearchAction","target":{"@type":"EntryPoint","urlTemplate":"https:\/\/jam-news.net\/az\/?s={search_term_string}"},"query-input":{"@type":"PropertyValueSpecification","valueRequired":true,"valueName":"search_term_string"}}],"inLanguage":"az"},{"@type":"Organization","@id":"https:\/\/jam-news.net\/az\/#organization","name":"JAMnews","url":"https:\/\/jam-news.net\/az\/","logo":{"@type":"ImageObject","inLanguage":"az","@id":"https:\/\/jam-news.net\/az\/#\/schema\/logo\/image\/","url":"https:\/\/jam-news.net\/app\/uploads\/2020\/05\/JAM_w.jpg","contentUrl":"https:\/\/jam-news.net\/app\/uploads\/2020\/05\/JAM_w.jpg","width":960,"height":960,"caption":"JAMnews"},"image":{"@id":"https:\/\/jam-news.net\/az\/#\/schema\/logo\/image\/"},"sameAs":["https:\/\/www.facebook.com\/JAMnewsInEnglish\/","https:\/\/x.com\/JAMnewsCaucasus","https:\/\/www.instagram.com\/jam_news\/","https:\/\/www.youtube.com\/channel\/UCXQbUCme2pykuZYXWHx4VPg"]},{"@type":"Person","@id":"https:\/\/jam-news.net\/az\/#\/schema\/person\/e82f374df8fce3377c56e285e5c11387","name":"Naira Martikian","image":{"@type":"ImageObject","inLanguage":"az","@id":"https:\/\/jam-news.net\/az\/#\/schema\/person\/image\/","url":"https:\/\/secure.gravatar.com\/avatar\/0696bcd343e46256c029b752a654bade?s=96&d=mm&r=g","contentUrl":"https:\/\/secure.gravatar.com\/avatar\/0696bcd343e46256c029b752a654bade?s=96&d=mm&r=g","caption":"Naira Martikian"},"url":"https:\/\/jam-news.net\/az\/author\/nairama\/"}]}},"_links":{"self":[{"href":"https:\/\/jam-news.net\/az\/wp-json\/wp\/v2\/posts\/6508","targetHints":{"allow":["GET"]}}],"collection":[{"href":"https:\/\/jam-news.net\/az\/wp-json\/wp\/v2\/posts"}],"about":[{"href":"https:\/\/jam-news.net\/az\/wp-json\/wp\/v2\/types\/post"}],"author":[{"embeddable":true,"href":"https:\/\/jam-news.net\/az\/wp-json\/wp\/v2\/users\/8"}],"replies":[{"embeddable":true,"href":"https:\/\/jam-news.net\/az\/wp-json\/wp\/v2\/comments?post=6508"}],"version-history":[{"count":1,"href":"https:\/\/jam-news.net\/az\/wp-json\/wp\/v2\/posts\/6508\/revisions"}],"predecessor-version":[{"id":15331,"href":"https:\/\/jam-news.net\/az\/wp-json\/wp\/v2\/posts\/6508\/revisions\/15331"}],"wp:featuredmedia":[{"embeddable":true,"href":"https:\/\/jam-news.net\/az\/wp-json\/wp\/v2\/media\/20346"}],"wp:attachment":[{"href":"https:\/\/jam-news.net\/az\/wp-json\/wp\/v2\/media?parent=6508"}],"wp:term":[{"taxonomy":"category","embeddable":true,"href":"https:\/\/jam-news.net\/az\/wp-json\/wp\/v2\/categories?post=6508"},{"taxonomy":"post_tag","embeddable":true,"href":"https:\/\/jam-news.net\/az\/wp-json\/wp\/v2\/tags?post=6508"},{"taxonomy":"formation","embeddable":true,"href":"https:\/\/jam-news.net\/az\/wp-json\/wp\/v2\/formation?post=6508"},{"taxonomy":"post-author","embeddable":true,"href":"https:\/\/jam-news.net\/az\/wp-json\/wp\/v2\/post-author?post=6508"},{"taxonomy":"topic","embeddable":true,"href":"https:\/\/jam-news.net\/az\/wp-json\/wp\/v2\/topic?post=6508"},{"taxonomy":"tooltip","embeddable":true,"href":"https:\/\/jam-news.net\/az\/wp-json\/wp\/v2\/tooltip?post=6508"},{"taxonomy":"city","embeddable":true,"href":"https:\/\/jam-news.net\/az\/wp-json\/wp\/v2\/city?post=6508"}],"curies":[{"name":"wp","href":"https:\/\/api.w.org\/{rel}","templated":true}]}}