{"id":6373,"date":"2017-08-09T00:00:00","date_gmt":"2017-08-09T00:00:00","guid":{"rendered":"http:\/\/jam-news.net\/az\/erm%c9%99nistanin-ecmiadzin-%c9%99razisind%c9%99-su-yoxdur-sakinl%c9%99r-etiraz-ed%c9%99r%c9%99k-yolu-k%c9%99sib\/"},"modified":"2022-01-18T01:27:04","modified_gmt":"2022-01-17T21:27:04","slug":"erm%c9%99nistanin-ecmiadzin-%c9%99razisind%c9%99-su-yoxdur-sakinl%c9%99r-etiraz-ed%c9%99r%c9%99k-yolu-k%c9%99sib","status":"publish","type":"post","link":"https:\/\/jam-news.net\/az\/erm%c9%99nistanin-ecmiadzin-%c9%99razisind%c9%99-su-yoxdur-sakinl%c9%99r-etiraz-ed%c9%99r%c9%99k-yolu-k%c9%99sib\/","title":{"rendered":"Erm\u0259nistan\u0131n E\u00e7miadzin \u0259razisind\u0259 su yoxdur, sakinl\u0259r etiraz ed\u0259r\u0259k yolu k\u0259sib"},"content":{"rendered":"<h6>photo: 1in.am<\/h6>\n<p>Erm\u0259nistan paytaxt\u0131n\u0131n yax\u0131nl\u0131\u011f\u0131nda yerl\u0259\u015f\u0259n E\u00e7miadzin sakinl\u0259ri bu g\u00fcn m\u0259rk\u0259zi magistrallardan birini k\u0259sibl\u0259r: onlar su t\u0259chizat\u0131 probleminin h\u0259llini t\u0259l\u0259b edirl\u0259r.<\/p>\n<p>E\u00e7miadzin sakinl\u0259ri bildirirl\u0259r ki, art\u0131q bir aya yax\u0131nd\u0131r ki, onlar\u0131n i\u00e7m\u0259li suyu yoxdur. Onlar problemin h\u0259lli \u00fc\u00e7\u00fcn aidiyy\u0259ti orqanlara m\u00fcraci\u0259t edibl\u0259r, amma problemin h\u0259llin\u0259 dair veril\u0259n b\u00fct\u00fcn v\u0259dl\u0259r havada qal\u0131b v\u0259 \u00e7ar\u0259siz qalan \u015f\u0259h\u0259r sakinl\u0259ri \u00f6z d\u0259rdl\u0259rin\u0259 diqq\u0259t c\u0259lb etm\u0259k \u00fc\u00e7\u00fcn avtomobil yolunu k\u0259sm\u0259k q\u0259rar\u0131na g\u0259libl\u0259r.<\/p>\n<p>\u201c\u0130ki aydan \u00e7oxdur ki, bizim normal suyumuz yoxdur, bir damc\u0131 da. Hara m\u00fcraci\u0259t el\u0259s\u0259k, deyirl\u0259r ki, h\u0259r \u015fey yoluna qoyulacaq, amma he\u00e7 n\u0259 yoluna d\u00fc\u015fm\u00fcr\u201d, &#8211; sakinl\u0259rd\u0259n biri \u015fikay\u0259tl\u0259nir v\u0259 qeyd edir ki, \u0259g\u0259r m\u0259s\u0259l\u0259 h\u0259ll edilm\u0259s\u0259 yenid\u0259n yolu k\u0259s\u0259c\u0259kl\u0259r.<\/p>\n<p>Ba\u015fqa bir ya\u015fl\u0131 qad\u0131n deyir ki, bel\u0259 istid\u0259 susuz ya\u015famaq m\u00fcmk\u00fcn deyil: \u201cN\u0259 yuyunmaq olur, n\u0259 tualet\u0259 getm\u0259k olur. Bel\u0259 d\u0259 ya\u015famaq olar? Biab\u0131r\u00e7\u0131l\u0131qd\u0131r, bizim binam\u0131zda 70 n\u0259f\u0259r ya\u015fay\u0131r, he\u00e7 kimin suyu g\u0259lmir\u201d.<\/p>\n<p>Sakinl\u0259r dan\u0131\u015f\u0131blar ki, s\u0259lahiyy\u0259tli orqanlarda onlara ziddiyy\u0259tli cavablar veribl\u0259r: \u0259vv\u0259lc\u0259 deyibl\u0259r ki, su q\u0259zaya g\u00f6r\u0259 g\u0259lmir, y\u0259ni borularda problem var, sonra s\u00f6z verdil\u0259r ki, problemi bir-iki g\u00fcn\u0259 h\u0259ll ed\u0259c\u0259kl\u0259r, amma h\u0259l\u0259 d\u0259 he\u00e7 n\u0259 el\u0259m\u0259yibl\u0259r.<\/p>\n<p>\u201c\u0130ndi o d\u00f6vr deyil ki, insanlar Susuzluqdan \u00f6ls\u00fcnl\u0259r, paltarlar\u0131n\u0131 yuya bilm\u0259sinl\u0259r. Biz \u00e7irkli qab-qaca\u011f\u0131 toplay\u0131r\u0131q, sonra da b\u00fct\u00fcn qad\u0131nlar birlikd\u0259 vedr\u0259l\u0259rl\u0259 su da\u015f\u0131y\u0131r\u0131q ki, onlar\u0131 yuya bil\u0259k. Kim bel\u0259 \u015fey g\u00f6r\u00fcb ki, u\u015faq k\u00fc\u00e7\u0259d\u0259 oynayandan sonra ev\u0259 g\u0259lsin, \u0259ll\u0259rini yuya bilm\u0259sin?\u201d, &#8211; sakinl\u0259rd\u0259n biri \u015fikay\u0259tl\u0259nir.<\/p>\n<p>\u015e\u0259h\u0259r hakimiyy\u0259ti h\u0259l\u0259lik sakinl\u0259r\u0259 niy\u0259 su verilm\u0259diyin\u0259 v\u0259 v\u0259ziyy\u0259tin n\u0259 zaman d\u0259yi\u015f\u0259c\u0259yin\u0259 ayd\u0131nl\u0131q g\u0259tirm\u0259yib.<\/p>\n","protected":false},"excerpt":{"rendered":"<p>Su bir aydan \u00e7oxdur ki, g\u0259lmir, hakimiyy\u0259t is\u0259 reaksiya vermir<\/p>\n","protected":false},"author":8,"featured_media":20282,"comment_status":"open","ping_status":"open","sticky":false,"template":"","format":"standard","meta":{"_acf_changed":false,"footnotes":""},"categories":[27,2,25,50,35],"tags":[],"formation":[],"post-author":[2888],"topic":[],"tooltip":[],"city":[6054],"class_list":["post-6373","post","type-post","status-publish","format-standard","has-post-thumbnail","hentry","category-ermnistan","category-cografiya","category-cmiyyt","category-xbrlr","category-hekaylr","post-author-jamnews","city-yerevan"],"acf":[],"yoast_head":"<!-- This site is optimized with the Yoast SEO plugin v24.1 - https:\/\/yoast.com\/wordpress\/plugins\/seo\/ -->\n<title>Erm\u0259nistan\u0131n E\u00e7miadzin \u0259razisind\u0259 su yoxdur, sakinl\u0259r etiraz ed\u0259r\u0259k yolu k\u0259sib - JAMnews<\/title>\n<meta name=\"robots\" content=\"index, follow, max-snippet:-1, max-image-preview:large, max-video-preview:-1\" \/>\n<link rel=\"canonical\" href=\"https:\/\/jam-news.net\/az\/erm\u0259nistanin-ecmiadzin-\u0259razisind\u0259-su-yoxdur-sakinl\u0259r-etiraz-ed\u0259r\u0259k-yolu-k\u0259sib\/\" \/>\n<meta property=\"og:locale\" content=\"az_AZ\" \/>\n<meta property=\"og:type\" content=\"article\" \/>\n<meta property=\"og:title\" content=\"Erm\u0259nistan\u0131n E\u00e7miadzin \u0259razisind\u0259 su yoxdur, sakinl\u0259r etiraz ed\u0259r\u0259k yolu k\u0259sib - JAMnews\" \/>\n<meta property=\"og:description\" content=\"Su bir aydan \u00e7oxdur ki, g\u0259lmir, hakimiyy\u0259t is\u0259 reaksiya vermir\" \/>\n<meta property=\"og:url\" content=\"https:\/\/jam-news.net\/az\/erm\u0259nistanin-ecmiadzin-\u0259razisind\u0259-su-yoxdur-sakinl\u0259r-etiraz-ed\u0259r\u0259k-yolu-k\u0259sib\/\" \/>\n<meta property=\"og:site_name\" content=\"Azerbaijani Jamnews\" \/>\n<meta property=\"article:publisher\" content=\"https:\/\/www.facebook.com\/JAMnewsInEnglish\/\" \/>\n<meta property=\"article:published_time\" content=\"2017-08-09T00:00:00+00:00\" \/>\n<meta property=\"article:modified_time\" content=\"2022-01-17T21:27:04+00:00\" \/>\n<meta property=\"og:image\" content=\"https:\/\/jam-news.net\/app\/uploads\/2020\/03\/nkar-4.jpg\" \/>\n\t<meta property=\"og:image:width\" content=\"851\" \/>\n\t<meta property=\"og:image:height\" content=\"432\" \/>\n\t<meta property=\"og:image:type\" content=\"image\/jpeg\" \/>\n<meta name=\"author\" content=\"Naira Martikian\" \/>\n<meta name=\"twitter:card\" content=\"summary_large_image\" \/>\n<meta name=\"twitter:creator\" content=\"@JAMnewsCaucasus\" \/>\n<meta name=\"twitter:site\" content=\"@JAMnewsCaucasus\" \/>\n<meta name=\"twitter:label1\" content=\"Written by\" \/>\n\t<meta name=\"twitter:data1\" content=\"Naira Martikian\" \/>\n\t<meta name=\"twitter:label2\" content=\"Est. reading time\" \/>\n\t<meta name=\"twitter:data2\" content=\"2 minutes\" \/>\n<script type=\"application\/ld+json\" class=\"yoast-schema-graph\">{\"@context\":\"https:\/\/schema.org\",\"@graph\":[{\"@type\":\"Article\",\"@id\":\"https:\/\/jam-news.net\/az\/erm%c9%99nistanin-ecmiadzin-%c9%99razisind%c9%99-su-yoxdur-sakinl%c9%99r-etiraz-ed%c9%99r%c9%99k-yolu-k%c9%99sib\/#article\",\"isPartOf\":{\"@id\":\"https:\/\/jam-news.net\/az\/erm%c9%99nistanin-ecmiadzin-%c9%99razisind%c9%99-su-yoxdur-sakinl%c9%99r-etiraz-ed%c9%99r%c9%99k-yolu-k%c9%99sib\/\"},\"author\":{\"name\":\"Naira Martikian\",\"@id\":\"https:\/\/jam-news.net\/az\/#\/schema\/person\/e82f374df8fce3377c56e285e5c11387\"},\"headline\":\"Erm\u0259nistan\u0131n E\u00e7miadzin \u0259razisind\u0259 su yoxdur, sakinl\u0259r etiraz ed\u0259r\u0259k yolu k\u0259sib\",\"datePublished\":\"2017-08-09T00:00:00+00:00\",\"dateModified\":\"2022-01-17T21:27:04+00:00\",\"mainEntityOfPage\":{\"@id\":\"https:\/\/jam-news.net\/az\/erm%c9%99nistanin-ecmiadzin-%c9%99razisind%c9%99-su-yoxdur-sakinl%c9%99r-etiraz-ed%c9%99r%c9%99k-yolu-k%c9%99sib\/\"},\"wordCount\":410,\"commentCount\":0,\"publisher\":{\"@id\":\"https:\/\/jam-news.net\/az\/#organization\"},\"image\":{\"@id\":\"https:\/\/jam-news.net\/az\/erm%c9%99nistanin-ecmiadzin-%c9%99razisind%c9%99-su-yoxdur-sakinl%c9%99r-etiraz-ed%c9%99r%c9%99k-yolu-k%c9%99sib\/#primaryimage\"},\"thumbnailUrl\":\"https:\/\/jam-news.net\/app\/uploads\/2020\/03\/nkar-4.jpg\",\"articleSection\":[\"Armenia\",\"Geography\",\"Issues\",\"News\",\"Stories\"],\"inLanguage\":\"az\"},{\"@type\":\"WebPage\",\"@id\":\"https:\/\/jam-news.net\/az\/erm%c9%99nistanin-ecmiadzin-%c9%99razisind%c9%99-su-yoxdur-sakinl%c9%99r-etiraz-ed%c9%99r%c9%99k-yolu-k%c9%99sib\/\",\"url\":\"https:\/\/jam-news.net\/az\/erm%c9%99nistanin-ecmiadzin-%c9%99razisind%c9%99-su-yoxdur-sakinl%c9%99r-etiraz-ed%c9%99r%c9%99k-yolu-k%c9%99sib\/\",\"name\":\"Erm\u0259nistan\u0131n E\u00e7miadzin \u0259razisind\u0259 su yoxdur, sakinl\u0259r etiraz ed\u0259r\u0259k yolu k\u0259sib - JAMnews\",\"isPartOf\":{\"@id\":\"https:\/\/jam-news.net\/az\/#website\"},\"primaryImageOfPage\":{\"@id\":\"https:\/\/jam-news.net\/az\/erm%c9%99nistanin-ecmiadzin-%c9%99razisind%c9%99-su-yoxdur-sakinl%c9%99r-etiraz-ed%c9%99r%c9%99k-yolu-k%c9%99sib\/#primaryimage\"},\"image\":{\"@id\":\"https:\/\/jam-news.net\/az\/erm%c9%99nistanin-ecmiadzin-%c9%99razisind%c9%99-su-yoxdur-sakinl%c9%99r-etiraz-ed%c9%99r%c9%99k-yolu-k%c9%99sib\/#primaryimage\"},\"thumbnailUrl\":\"https:\/\/jam-news.net\/app\/uploads\/2020\/03\/nkar-4.jpg\",\"datePublished\":\"2017-08-09T00:00:00+00:00\",\"dateModified\":\"2022-01-17T21:27:04+00:00\",\"breadcrumb\":{\"@id\":\"https:\/\/jam-news.net\/az\/erm%c9%99nistanin-ecmiadzin-%c9%99razisind%c9%99-su-yoxdur-sakinl%c9%99r-etiraz-ed%c9%99r%c9%99k-yolu-k%c9%99sib\/#breadcrumb\"},\"inLanguage\":\"az\",\"potentialAction\":[{\"@type\":\"ReadAction\",\"target\":[\"https:\/\/jam-news.net\/az\/erm%c9%99nistanin-ecmiadzin-%c9%99razisind%c9%99-su-yoxdur-sakinl%c9%99r-etiraz-ed%c9%99r%c9%99k-yolu-k%c9%99sib\/\"]}]},{\"@type\":\"ImageObject\",\"inLanguage\":\"az\",\"@id\":\"https:\/\/jam-news.net\/az\/erm%c9%99nistanin-ecmiadzin-%c9%99razisind%c9%99-su-yoxdur-sakinl%c9%99r-etiraz-ed%c9%99r%c9%99k-yolu-k%c9%99sib\/#primaryimage\",\"url\":\"https:\/\/jam-news.net\/app\/uploads\/2020\/03\/nkar-4.jpg\",\"contentUrl\":\"https:\/\/jam-news.net\/app\/uploads\/2020\/03\/nkar-4.jpg\",\"width\":851,\"height\":432},{\"@type\":\"BreadcrumbList\",\"@id\":\"https:\/\/jam-news.net\/az\/erm%c9%99nistanin-ecmiadzin-%c9%99razisind%c9%99-su-yoxdur-sakinl%c9%99r-etiraz-ed%c9%99r%c9%99k-yolu-k%c9%99sib\/#breadcrumb\",\"itemListElement\":[{\"@type\":\"ListItem\",\"position\":1,\"name\":\"Home\",\"item\":\"https:\/\/jam-news.net\/az\/\"},{\"@type\":\"ListItem\",\"position\":2,\"name\":\"Erm\u0259nistan\u0131n E\u00e7miadzin \u0259razisind\u0259 su yoxdur, sakinl\u0259r etiraz ed\u0259r\u0259k yolu k\u0259sib\"}]},{\"@type\":\"WebSite\",\"@id\":\"https:\/\/jam-news.net\/az\/#website\",\"url\":\"https:\/\/jam-news.net\/az\/\",\"name\":\"Azerbaijani Jamnews\",\"description\":\"Caucasus News, Politics and Society\",\"publisher\":{\"@id\":\"https:\/\/jam-news.net\/az\/#organization\"},\"potentialAction\":[{\"@type\":\"SearchAction\",\"target\":{\"@type\":\"EntryPoint\",\"urlTemplate\":\"https:\/\/jam-news.net\/az\/?s={search_term_string}\"},\"query-input\":{\"@type\":\"PropertyValueSpecification\",\"valueRequired\":true,\"valueName\":\"search_term_string\"}}],\"inLanguage\":\"az\"},{\"@type\":\"Organization\",\"@id\":\"https:\/\/jam-news.net\/az\/#organization\",\"name\":\"JAMnews\",\"url\":\"https:\/\/jam-news.net\/az\/\",\"logo\":{\"@type\":\"ImageObject\",\"inLanguage\":\"az\",\"@id\":\"https:\/\/jam-news.net\/az\/#\/schema\/logo\/image\/\",\"url\":\"https:\/\/jam-news.net\/app\/uploads\/2020\/05\/JAM_w.jpg\",\"contentUrl\":\"https:\/\/jam-news.net\/app\/uploads\/2020\/05\/JAM_w.jpg\",\"width\":960,\"height\":960,\"caption\":\"JAMnews\"},\"image\":{\"@id\":\"https:\/\/jam-news.net\/az\/#\/schema\/logo\/image\/\"},\"sameAs\":[\"https:\/\/www.facebook.com\/JAMnewsInEnglish\/\",\"https:\/\/x.com\/JAMnewsCaucasus\",\"https:\/\/www.instagram.com\/jam_news\/\",\"https:\/\/www.youtube.com\/channel\/UCXQbUCme2pykuZYXWHx4VPg\"]},{\"@type\":\"Person\",\"@id\":\"https:\/\/jam-news.net\/az\/#\/schema\/person\/e82f374df8fce3377c56e285e5c11387\",\"name\":\"Naira Martikian\",\"image\":{\"@type\":\"ImageObject\",\"inLanguage\":\"az\",\"@id\":\"https:\/\/jam-news.net\/az\/#\/schema\/person\/image\/\",\"url\":\"https:\/\/secure.gravatar.com\/avatar\/0696bcd343e46256c029b752a654bade?s=96&d=mm&r=g\",\"contentUrl\":\"https:\/\/secure.gravatar.com\/avatar\/0696bcd343e46256c029b752a654bade?s=96&d=mm&r=g\",\"caption\":\"Naira Martikian\"},\"url\":\"https:\/\/jam-news.net\/az\/author\/nairama\/\"}]}<\/script>\n<!-- \/ Yoast SEO plugin. -->","yoast_head_json":{"title":"Erm\u0259nistan\u0131n E\u00e7miadzin \u0259razisind\u0259 su yoxdur, sakinl\u0259r etiraz ed\u0259r\u0259k yolu k\u0259sib - JAMnews","robots":{"index":"index","follow":"follow","max-snippet":"max-snippet:-1","max-image-preview":"max-image-preview:large","max-video-preview":"max-video-preview:-1"},"canonical":"https:\/\/jam-news.net\/az\/erm\u0259nistanin-ecmiadzin-\u0259razisind\u0259-su-yoxdur-sakinl\u0259r-etiraz-ed\u0259r\u0259k-yolu-k\u0259sib\/","og_locale":"az_AZ","og_type":"article","og_title":"Erm\u0259nistan\u0131n E\u00e7miadzin \u0259razisind\u0259 su yoxdur, sakinl\u0259r etiraz ed\u0259r\u0259k yolu k\u0259sib - JAMnews","og_description":"Su bir aydan \u00e7oxdur ki, g\u0259lmir, hakimiyy\u0259t is\u0259 reaksiya vermir","og_url":"https:\/\/jam-news.net\/az\/erm\u0259nistanin-ecmiadzin-\u0259razisind\u0259-su-yoxdur-sakinl\u0259r-etiraz-ed\u0259r\u0259k-yolu-k\u0259sib\/","og_site_name":"Azerbaijani Jamnews","article_publisher":"https:\/\/www.facebook.com\/JAMnewsInEnglish\/","article_published_time":"2017-08-09T00:00:00+00:00","article_modified_time":"2022-01-17T21:27:04+00:00","og_image":[{"width":851,"height":432,"url":"https:\/\/jam-news.net\/app\/uploads\/2020\/03\/nkar-4.jpg","type":"image\/jpeg"}],"author":"Naira Martikian","twitter_card":"summary_large_image","twitter_creator":"@JAMnewsCaucasus","twitter_site":"@JAMnewsCaucasus","twitter_misc":{"Written by":"Naira Martikian","Est. reading time":"2 minutes"},"schema":{"@context":"https:\/\/schema.org","@graph":[{"@type":"Article","@id":"https:\/\/jam-news.net\/az\/erm%c9%99nistanin-ecmiadzin-%c9%99razisind%c9%99-su-yoxdur-sakinl%c9%99r-etiraz-ed%c9%99r%c9%99k-yolu-k%c9%99sib\/#article","isPartOf":{"@id":"https:\/\/jam-news.net\/az\/erm%c9%99nistanin-ecmiadzin-%c9%99razisind%c9%99-su-yoxdur-sakinl%c9%99r-etiraz-ed%c9%99r%c9%99k-yolu-k%c9%99sib\/"},"author":{"name":"Naira Martikian","@id":"https:\/\/jam-news.net\/az\/#\/schema\/person\/e82f374df8fce3377c56e285e5c11387"},"headline":"Erm\u0259nistan\u0131n E\u00e7miadzin \u0259razisind\u0259 su yoxdur, sakinl\u0259r etiraz ed\u0259r\u0259k yolu k\u0259sib","datePublished":"2017-08-09T00:00:00+00:00","dateModified":"2022-01-17T21:27:04+00:00","mainEntityOfPage":{"@id":"https:\/\/jam-news.net\/az\/erm%c9%99nistanin-ecmiadzin-%c9%99razisind%c9%99-su-yoxdur-sakinl%c9%99r-etiraz-ed%c9%99r%c9%99k-yolu-k%c9%99sib\/"},"wordCount":410,"commentCount":0,"publisher":{"@id":"https:\/\/jam-news.net\/az\/#organization"},"image":{"@id":"https:\/\/jam-news.net\/az\/erm%c9%99nistanin-ecmiadzin-%c9%99razisind%c9%99-su-yoxdur-sakinl%c9%99r-etiraz-ed%c9%99r%c9%99k-yolu-k%c9%99sib\/#primaryimage"},"thumbnailUrl":"https:\/\/jam-news.net\/app\/uploads\/2020\/03\/nkar-4.jpg","articleSection":["Armenia","Geography","Issues","News","Stories"],"inLanguage":"az"},{"@type":"WebPage","@id":"https:\/\/jam-news.net\/az\/erm%c9%99nistanin-ecmiadzin-%c9%99razisind%c9%99-su-yoxdur-sakinl%c9%99r-etiraz-ed%c9%99r%c9%99k-yolu-k%c9%99sib\/","url":"https:\/\/jam-news.net\/az\/erm%c9%99nistanin-ecmiadzin-%c9%99razisind%c9%99-su-yoxdur-sakinl%c9%99r-etiraz-ed%c9%99r%c9%99k-yolu-k%c9%99sib\/","name":"Erm\u0259nistan\u0131n E\u00e7miadzin \u0259razisind\u0259 su yoxdur, sakinl\u0259r etiraz ed\u0259r\u0259k yolu k\u0259sib - JAMnews","isPartOf":{"@id":"https:\/\/jam-news.net\/az\/#website"},"primaryImageOfPage":{"@id":"https:\/\/jam-news.net\/az\/erm%c9%99nistanin-ecmiadzin-%c9%99razisind%c9%99-su-yoxdur-sakinl%c9%99r-etiraz-ed%c9%99r%c9%99k-yolu-k%c9%99sib\/#primaryimage"},"image":{"@id":"https:\/\/jam-news.net\/az\/erm%c9%99nistanin-ecmiadzin-%c9%99razisind%c9%99-su-yoxdur-sakinl%c9%99r-etiraz-ed%c9%99r%c9%99k-yolu-k%c9%99sib\/#primaryimage"},"thumbnailUrl":"https:\/\/jam-news.net\/app\/uploads\/2020\/03\/nkar-4.jpg","datePublished":"2017-08-09T00:00:00+00:00","dateModified":"2022-01-17T21:27:04+00:00","breadcrumb":{"@id":"https:\/\/jam-news.net\/az\/erm%c9%99nistanin-ecmiadzin-%c9%99razisind%c9%99-su-yoxdur-sakinl%c9%99r-etiraz-ed%c9%99r%c9%99k-yolu-k%c9%99sib\/#breadcrumb"},"inLanguage":"az","potentialAction":[{"@type":"ReadAction","target":["https:\/\/jam-news.net\/az\/erm%c9%99nistanin-ecmiadzin-%c9%99razisind%c9%99-su-yoxdur-sakinl%c9%99r-etiraz-ed%c9%99r%c9%99k-yolu-k%c9%99sib\/"]}]},{"@type":"ImageObject","inLanguage":"az","@id":"https:\/\/jam-news.net\/az\/erm%c9%99nistanin-ecmiadzin-%c9%99razisind%c9%99-su-yoxdur-sakinl%c9%99r-etiraz-ed%c9%99r%c9%99k-yolu-k%c9%99sib\/#primaryimage","url":"https:\/\/jam-news.net\/app\/uploads\/2020\/03\/nkar-4.jpg","contentUrl":"https:\/\/jam-news.net\/app\/uploads\/2020\/03\/nkar-4.jpg","width":851,"height":432},{"@type":"BreadcrumbList","@id":"https:\/\/jam-news.net\/az\/erm%c9%99nistanin-ecmiadzin-%c9%99razisind%c9%99-su-yoxdur-sakinl%c9%99r-etiraz-ed%c9%99r%c9%99k-yolu-k%c9%99sib\/#breadcrumb","itemListElement":[{"@type":"ListItem","position":1,"name":"Home","item":"https:\/\/jam-news.net\/az\/"},{"@type":"ListItem","position":2,"name":"Erm\u0259nistan\u0131n E\u00e7miadzin \u0259razisind\u0259 su yoxdur, sakinl\u0259r etiraz ed\u0259r\u0259k yolu k\u0259sib"}]},{"@type":"WebSite","@id":"https:\/\/jam-news.net\/az\/#website","url":"https:\/\/jam-news.net\/az\/","name":"Azerbaijani Jamnews","description":"Caucasus News, Politics and Society","publisher":{"@id":"https:\/\/jam-news.net\/az\/#organization"},"potentialAction":[{"@type":"SearchAction","target":{"@type":"EntryPoint","urlTemplate":"https:\/\/jam-news.net\/az\/?s={search_term_string}"},"query-input":{"@type":"PropertyValueSpecification","valueRequired":true,"valueName":"search_term_string"}}],"inLanguage":"az"},{"@type":"Organization","@id":"https:\/\/jam-news.net\/az\/#organization","name":"JAMnews","url":"https:\/\/jam-news.net\/az\/","logo":{"@type":"ImageObject","inLanguage":"az","@id":"https:\/\/jam-news.net\/az\/#\/schema\/logo\/image\/","url":"https:\/\/jam-news.net\/app\/uploads\/2020\/05\/JAM_w.jpg","contentUrl":"https:\/\/jam-news.net\/app\/uploads\/2020\/05\/JAM_w.jpg","width":960,"height":960,"caption":"JAMnews"},"image":{"@id":"https:\/\/jam-news.net\/az\/#\/schema\/logo\/image\/"},"sameAs":["https:\/\/www.facebook.com\/JAMnewsInEnglish\/","https:\/\/x.com\/JAMnewsCaucasus","https:\/\/www.instagram.com\/jam_news\/","https:\/\/www.youtube.com\/channel\/UCXQbUCme2pykuZYXWHx4VPg"]},{"@type":"Person","@id":"https:\/\/jam-news.net\/az\/#\/schema\/person\/e82f374df8fce3377c56e285e5c11387","name":"Naira Martikian","image":{"@type":"ImageObject","inLanguage":"az","@id":"https:\/\/jam-news.net\/az\/#\/schema\/person\/image\/","url":"https:\/\/secure.gravatar.com\/avatar\/0696bcd343e46256c029b752a654bade?s=96&d=mm&r=g","contentUrl":"https:\/\/secure.gravatar.com\/avatar\/0696bcd343e46256c029b752a654bade?s=96&d=mm&r=g","caption":"Naira Martikian"},"url":"https:\/\/jam-news.net\/az\/author\/nairama\/"}]}},"_links":{"self":[{"href":"https:\/\/jam-news.net\/az\/wp-json\/wp\/v2\/posts\/6373","targetHints":{"allow":["GET"]}}],"collection":[{"href":"https:\/\/jam-news.net\/az\/wp-json\/wp\/v2\/posts"}],"about":[{"href":"https:\/\/jam-news.net\/az\/wp-json\/wp\/v2\/types\/post"}],"author":[{"embeddable":true,"href":"https:\/\/jam-news.net\/az\/wp-json\/wp\/v2\/users\/8"}],"replies":[{"embeddable":true,"href":"https:\/\/jam-news.net\/az\/wp-json\/wp\/v2\/comments?post=6373"}],"version-history":[{"count":1,"href":"https:\/\/jam-news.net\/az\/wp-json\/wp\/v2\/posts\/6373\/revisions"}],"predecessor-version":[{"id":15380,"href":"https:\/\/jam-news.net\/az\/wp-json\/wp\/v2\/posts\/6373\/revisions\/15380"}],"wp:featuredmedia":[{"embeddable":true,"href":"https:\/\/jam-news.net\/az\/wp-json\/wp\/v2\/media\/20282"}],"wp:attachment":[{"href":"https:\/\/jam-news.net\/az\/wp-json\/wp\/v2\/media?parent=6373"}],"wp:term":[{"taxonomy":"category","embeddable":true,"href":"https:\/\/jam-news.net\/az\/wp-json\/wp\/v2\/categories?post=6373"},{"taxonomy":"post_tag","embeddable":true,"href":"https:\/\/jam-news.net\/az\/wp-json\/wp\/v2\/tags?post=6373"},{"taxonomy":"formation","embeddable":true,"href":"https:\/\/jam-news.net\/az\/wp-json\/wp\/v2\/formation?post=6373"},{"taxonomy":"post-author","embeddable":true,"href":"https:\/\/jam-news.net\/az\/wp-json\/wp\/v2\/post-author?post=6373"},{"taxonomy":"topic","embeddable":true,"href":"https:\/\/jam-news.net\/az\/wp-json\/wp\/v2\/topic?post=6373"},{"taxonomy":"tooltip","embeddable":true,"href":"https:\/\/jam-news.net\/az\/wp-json\/wp\/v2\/tooltip?post=6373"},{"taxonomy":"city","embeddable":true,"href":"https:\/\/jam-news.net\/az\/wp-json\/wp\/v2\/city?post=6373"}],"curies":[{"name":"wp","href":"https:\/\/api.w.org\/{rel}","templated":true}]}}