{"id":6329,"date":"2017-08-02T00:00:00","date_gmt":"2017-08-02T00:00:00","guid":{"rendered":"http:\/\/jam-news.net\/az\/tomas-de-vaalaciq-v%c9%99-qapali-gurcustan\/"},"modified":"2020-03-18T11:22:55","modified_gmt":"2020-03-18T11:22:55","slug":"tomas-de-vaalaciq-v%c9%99-qapali-gurcustan","status":"publish","type":"post","link":"https:\/\/jam-news.net\/az\/tomas-de-vaalaciq-v%c9%99-qapali-gurcustan\/","title":{"rendered":"Tomas de Vaal:A\u00e7\u0131q v\u0259 qapal\u0131 G\u00fcrc\u00fcstan"},"content":{"rendered":"<p><figure id=\"attachment_52189\" aria-describedby=\"caption-attachment-52189\" style=\"width: 3500px\" class=\"wp-caption alignnone\"><img loading=\"lazy\" decoding=\"async\" class=\"wp-image-52189 size-full\" src=\"http:\/\/jam-news.net\/app\/uploads\/2017\/08\/2017-06-02T100736Z_1218871606_RC12FAE46BA0_RTRMADP_3_GEORGIA-TBILISI.jpg\" width=\"3500\" height=\"2416\" \/><figcaption id=\"caption-attachment-52189\" class=\"wp-caption-text\">REUTERS\/David Mdzinarishvili<\/figcaption><\/figure><\/p>\n<p><span style=\"font-weight: 400;\">\u018fvv\u0259ll\u0259r he\u00e7 vaxt G\u00fcrc\u00fcstan d\u00fcnyaya bu q\u0259d\u0259r a\u00e7\u0131q olmay\u0131b. 2017-ci ilin ilk yar\u0131m illiyi \u0259rzind\u0259 Avropa il\u0259 birba\u015fa hava \u0259laq\u0259si say\u0259sind\u0259 bu \u00f6lk\u0259y\u0259 g\u0259l\u0259nl\u0259rin say\u0131 \u00f6t\u0259n ilin eyni d\u00f6vr\u00fc il\u0259 m\u00fcqayis\u0259d\u0259 29 faiz artaraq <a href=\"http:\/\/gnta.ge\/international-visitor-arrivals-to-georgia-june-2017\/\">1,2 milyon<\/a> n\u0259f\u0259r\u0259 \u00e7at\u0131b. Turizm m\u00f6vs\u00fcm\u00fcn\u00fcn \u0259n q\u0131z\u011f\u0131n vaxt\u0131nda bu r\u0259q\u0259m daha da y\u00fcks\u0259l\u0259c\u0259k.<\/span><\/p>\n<p><span style=\"font-weight: 400;\">Eyni zamanda <a href=\"https:\/\/jam-news.net\/?p=50614&amp;lang=az-AZ\">55 min G\u00fcrc\u00fcstan<\/a> v\u0259t\u0259nda\u015f\u0131 martdan q\u00fcvv\u0259y\u0259 min\u0259n vizas\u0131z rejimd\u0259n yararlan\u0131b.<\/span><\/p>\n<p><span style=\"font-weight: 400;\">Amma t\u0259\u0259ss\u00fcf ki, b\u00fct\u00fcn bunlarla eyni zamanda G\u00fcrc\u00fcstan\u0131n siyasi sistemi uzun ill\u0259r \u0259rzind\u0259 olmad\u0131\u011f\u0131 q\u0259d\u0259r qapal\u0131 v\u0259 qeyri-\u015f\u0259ffaf olma\u011fa ba\u015flay\u0131b. Problemin k\u00f6k\u00fc \u201cG\u00fcrc\u00fc arzusu\u201d partiyas\u0131n\u0131n 2016-c\u0131 il parlament se\u00e7kil\u0259rind\u0259 s\u00fcni \u015f\u0259kild\u0259 \u00e7oxluq \u0259ld\u0259 etm\u0259sind\u0259dir. \u015e\u0259xsi se\u00e7kiqaba\u011f\u0131 s\u0259yl\u0259ri v\u0259 m\u00fcxalif\u0259tin s\u0259m\u0259r\u0259siz f\u0259aliyy\u0259ti say\u0259sind\u0259 bu partiya 150 yerd\u0259n 115-ni, y\u0259ni faktiki olaraq \u00f6lk\u0259ni t\u0259kba\u015f\u0131na idar\u0259 etm\u0259k \u00fc\u00e7\u00fcn mandat qazand\u0131.<\/span><\/p>\n<p><span style=\"font-weight: 400;\">1991-ci ild\u0259 m\u00fcst\u0259qillik \u0259ld\u0259 ed\u0259nd\u0259n sonra G\u00fcrc\u00fcstan \u00fc\u00e7\u00fcnc\u00fc d\u0259f\u0259dir ki, de-fakto birpartiyal\u0131 \u00f6lk\u0259y\u0259 \u00e7evrilir. O vaxtk\u0131 prezident Eduard \u015eevarnadzenin ba\u015f\u0131nda durdu\u011fu iqtidar partiyas\u0131 2004 v\u0259 2012-ci ill\u0259r aras\u0131nda bel\u0259 bir \u00e7oxlu\u011fa sahib idi.<\/span><\/p>\n<p><span style=\"font-weight: 400;\">S\u0259l\u0259fl\u0259ri kimi \u201cG\u00fcrc\u00fc arzusu\u201d da \u00f6z\u00fc-\u00f6zl\u00fcy\u00fcnd\u0259 geni\u015f koalisiyan\u0131 ifad\u0259 edir. Bu partiya 2012-ci ild\u0259 Saaka\u015fviliy\u0259 m\u00fcxalif q\u00fcvv\u0259 kimi formala\u015f\u0131b. Onun bir qolu \u2013 ictimai, d\u00fcnyaya g\u00f6r\u00fcn\u0259n, ayd\u0131n \u015f\u0259kild\u0259 Avropa y\u00f6nl\u00fcd\u00fcr. Bu qol h\u00f6kum\u0259td\u0259 t\u0259msil olunub v\u0259 ba\u015f nazir Georgi Kvirika\u015fviliin simas\u0131nda birl\u0259\u015fir. M\u0259hz onlar vizas\u0131z rejimin t\u0259tbiqin\u0259 nail olublar v\u0259 indi Avropaya inteqrasiyan\u0131n n\u00f6vb\u0259ti m\u0259rh\u0259l\u0259si \u2013 G\u00fcrc\u00fcstan v\u0259 A\u0130 aras\u0131nda tam azad ticar\u0259t haqda sazi\u015f \u00fcz\u0259rind\u0259 \u00e7al\u0131\u015f\u0131rlar.<\/span><\/p>\n<p><span style=\"font-weight: 400;\">Dig\u0259r qol daha arxaik, populistik v\u0259 G\u00fcrc\u00fcstan Pravoslav Kils\u0259sinin ortodoksal din xadiml\u0259rin\u0259 daha yax\u0131nd\u0131r. Bu qolun b\u0259zi g\u00f6rk\u0259mli xadiml\u0259ri n\u0259 h\u00f6kum\u0259t\u0259, n\u0259 d\u0259 parlament\u0259 daxil olmayaraq p\u0259rd\u0259 arxas\u0131nda qal\u0131rlar.<\/span><\/p>\n<p><span style=\"font-weight: 400;\">Son aylarda G\u00fcrc\u00fcstanda ba\u015f ver\u0259n b\u0259zi hadis\u0259l\u0259r narahatl\u0131q do\u011furur. Birincisi, iqtidar partiyas\u0131 konstitusiyaya d\u0259yi\u015fiklikl\u0259r t\u0259klif edib. Bu d\u0259yi\u015fiklikl\u0259r\u0259 \u0259sas\u0259n parlament se\u00e7kil\u0259rind\u0259 birinci yeri tutan partiya \u0259lav\u0259 yerl\u0259r \u0259ld\u0259 ed\u0259 bil\u0259c\u0259k, prezident is\u0259 birba\u015fa s\u0259sverm\u0259 il\u0259 deyil, parlament t\u0259r\u0259find\u0259n se\u00e7il\u0259c\u0259k. Koalisiya yaratmaq da m\u00fcmk\u00fcn olmayacaq \u2013 halbuki \u201cG\u00fcrc\u00fc arzusu\u201d da bu yolla hakimiyy\u0259t\u0259 g\u0259lib.<\/span><\/p>\n<p><span style=\"font-weight: 400;\">Bu d\u0259yi\u015fiklikl\u0259rin \u0259slind\u0259 A\u0130 \u00f6lk\u0259l\u0259rind\u0259 analoqlar\u0131 var v\u0259 etiraz do\u011furmur. Amma m\u0259hk\u0259m\u0259 islahatlar\u0131 sah\u0259sind\u0259 inki\u015faf\u0131n olmamas\u0131 v\u0259 dig\u0259r amill\u0259r fonunda bu, daha \u00e7ox ill\u0259r \u00f6nc\u0259d\u0259n \u201cG\u00fcrc\u00fc arzusu\u201dnun hakimiyy\u0259td\u0259 qalmas\u0131n\u0131 uzatma\u011fa hesablanm\u0131\u015f t\u0259dbir\u0259 b\u0259nz\u0259yir. Tbilisid\u0259ki diplomatlardan birinin s\u00f6zl\u0259rin\u0259 g\u00f6r\u0259, narahatl\u0131q do\u011furan d\u0259yi\u015fiklikl\u0259rin \u00f6z\u00fc deyil, bu d\u0259yi\u015fiklikl\u0259ri m\u00fc\u015fayi\u0259t ed\u0259n v\u0259 onun \u201cqorxunc\u201d adland\u0131rd\u0131\u011f\u0131 siyasi prosesl\u0259rdir. O, \u201cG\u00fcrc\u00fc arzusu\u201dna xas olan \u201cqalib h\u0259r \u015feyi \u0259ld\u0259 edir\u201d psixologiyas\u0131n\u0131 n\u0259z\u0259rd\u0259 tutur, hans\u0131 ki, bu d\u0259yi\u015fiklikl\u0259ri q\u0259tiyy\u0259tl\u0259 onlara qar\u015f\u0131 \u00e7\u0131xan m\u00fcxalif\u0259tl\u0259 v\u0259 v\u0259t\u0259nda\u015f c\u0259miyy\u0259ti il\u0259 m\u00fczakir\u0259 etm\u0259yib.<\/span><\/p>\n<p><span style=\"font-weight: 400;\">\u0130kinci narahatl\u0131q do\u011furan amil ksenofobiyan\u0131n artmas\u0131d\u0131r. Postsovet G\u00fcrc\u00fcstan\u0131 \u00fc\u00e7\u00fcn yeni olmasa da, paradoksal \u015f\u0259kild\u0259 \u00f6lk\u0259nin beyn\u0259lxalq a\u00e7\u0131ql\u0131\u011f\u0131 say\u0259sind\u0259 yeni impuls alan bir amildir. Bu \u0259hval iyulun 14-d\u0259 \u00fcmumilikd\u0259 \u0259cn\u0259bil\u0259r\u0259 v\u0259 x\u00fcsusil\u0259 \u0130ran v\u0259 T\u00fcrkiy\u0259 v\u0259t\u0259nda\u015flar\u0131na qar\u015f\u0131 \u015f\u00fcarlar\u0131n s\u0259sl\u0259ndiyi <a href=\"https:\/\/jam-news.net\/?p=49314&amp;lang=az-AZ\">\u201cG\u00fcrc\u00fc mar\u015f\u0131\u201d<\/a> adlanan y\u00fcr\u00fc\u015f zaman\u0131 ortaya s\u0259rildi.<\/span><\/p>\n<p><span style=\"font-weight: 400;\">\u018fc\u0259n\u0259bil\u0259rin k\u0259nd t\u0259s\u0259rr\u00fcfat\u0131 m\u00fclkl\u0259rin\u0259 sahib olmas\u0131n\u0131 Konstitusiya il\u0259 qada\u011fan edilm\u0259sin\u0259 dair d\u0259yi\u015fiklikl\u0259rin arxas\u0131nda m\u0259hz ksenofobiya durur. Kvirika\u015fvili bu t\u0259klifi d\u0259st\u0259kl\u0259m\u0259kl\u0259 biznes al\u0259mini hidd\u0259t\u0259 g\u0259tirib, \u00e7\u00fcnki biznesmenl\u0259r bu d\u0259yi\u015fikliyin xarici investisiyalar\u0131n k\u00f6k\u00fcn\u00fc k\u0259s\u0259c\u0259yini d\u00fc\u015f\u00fcn\u00fcrl\u0259r. Burada da ad\u0259t\u0259n oldu\u011fu kimi \u015feytan detallarda gizl\u0259nib. Bir \u00e7ox \u00f6lk\u0259l\u0259rd\u0259 bel\u0259 bir qada\u011fa h\u00f6km s\u00fcr\u00fcr, amma bu qada\u011fan\u0131n konstitusiyada t\u0259sbit edilm\u0259si nadir rast g\u0259lin\u0259n bir \u015feydir.<\/span><\/p>\n<p><span style=\"font-weight: 400;\">\u00dc\u00e7\u00fcnc\u00fc narahatl\u0131q do\u011furan hadis\u0259 Az\u0259rbaycandan olan v\u0259 Tbilisid\u0259 s\u0131\u011f\u0131nacaq tapan m\u00fcxalif jurnalist \u018ffqan Muxtarl\u0131n\u0131n m\u0259hk\u0259m\u0259d\u0259n k\u0259nar \u00a0saxlan\u0131lmas\u0131d\u0131r. May\u0131n 29-da o, k\u00fc\u00e7\u0259d\u0259n o\u011furlan\u0131b Az\u0259rbaycana \u00f6t\u00fcr\u00fcl\u00fcb, orada is\u0259 h\u0259bs\u0259 at\u0131l\u0131b. Bu, varl\u0131 v\u0259 n\u00fcfuzlu qon\u015funun x\u0259trini xo\u015f tutmaq \u00fc\u00e7\u00fcn G\u00fcrc\u00fcstan\u0131n h\u00fcquq-m\u00fchafiz\u0259 orqanlar\u0131n\u0131n bir qisminin g\u00f6zyummas\u0131 v\u0259 d\u0259st\u0259yi n\u0259tic\u0259sind\u0259 h\u0259yata ke\u00e7irilib. Tbilisid\u0259ki dig\u0259r diplomat bu hadis\u0259ni \u201cx\u00fcsusi xidm\u0259t orqanlar\u0131 \u00fcz\u0259rind\u0259 siyasi n\u0259zar\u0259tsizlik\u201d kimi d\u0259y\u0259rl\u0259ndir\u0259r\u0259k, bunun G\u00fcrc\u00fcstan\u0131n Q\u0259rbd\u0259ki dostlar\u0131n\u0131 \u0259n \u00e7ox narahat ed\u0259n olay oldu\u011funu bildirib. \u00a0\u00a0<\/span><\/p>\n<p><span style=\"font-weight: 400;\">\u00c7oxlar\u0131 bu epizodun d\u00f6vl\u0259tin c\u0259miyy\u0259t \u00fcz\u0259rind\u0259ki \u00fcst\u00fcnl\u00fcy\u00fc v\u0259 ya T\u00fcrkiy\u0259d\u0259 t\u0259svir edildiyi kimi k\u00f6lg\u0259 q\u00fcvv\u0259sinin m\u00f6vcudlu\u011fu tendensiyas\u0131n\u0131n t\u0259zah\u00fcr\u00fc olmas\u0131ndan qorxur. Adlar da \u00e7\u0259kilir \u2013 \u201cG\u00fcrc\u00fc arzusu\u201dnun \u0259sas\u0131n\u0131 qoyan v\u0259 G\u00fcrc\u00fcstan\u0131n \u201cboz kardinal\u0131\u201d Bizdzina \u0130vani\u015fvilinin kuzeni, biznesmen Umi Mamatsa\u015fvili v\u0259 ke\u00e7mi\u015f ba\u015f prokuror Otar Partsxaladze. \u00c7\u00fcnki onlar ikisi d\u0259 ictimai olmayan fiqurlard\u0131r v\u0259 onlar\u0131n t\u0259sir d\u0259r\u0259c\u0259sini qiym\u0259tl\u0259ndirm\u0259k \u00e7\u0259tindir.<\/span><\/p>\n<p><span style=\"font-weight: 400;\">Son bir ne\u00e7\u0259 ild\u0259 AB\u015e v\u0259 A\u0130-nin G\u00fcrc\u00fcstan h\u00f6kum\u0259tin\u0259 t\u0259sirinin z\u0259ifl\u0259diyini t\u0259r\u0259dd\u00fcds\u00fcz dem\u0259k olar. Vizas\u0131z rejim A\u0130 t\u0259r\u0259find\u0259n son b\u00f6y\u00fck g\u00fcz\u0259\u015ftdir, s\u0259l\u0259fl\u0259rind\u0259n f\u0259rqli olaraq Tramp\u0131n prezidentliyi alt\u0131nda olan AB\u015e-\u0131 is\u0259 demokratiyan\u0131n d\u0259st\u0259kl\u0259nm\u0259si \u00e7ox da narahat etmir. Vitse-prezident Pensin G\u00fcrc\u00fcstana s\u0259f\u0259ri ilk n\u00f6vb\u0259d\u0259 h\u0259rbi \u0259m\u0259kda\u015fl\u0131q v\u0259 t\u0259hl\u00fck\u0259sizlik m\u0259s\u0259l\u0259l\u0259rin\u0259 h\u0259sr olunmu\u015fdu.<\/span><\/p>\n<p><span style=\"font-weight: 400;\">M\u00fcasir G\u00fcrc\u00fcstan avtoritar qon\u015fular\u0131n\u0131n \u0259hat\u0259sind\u0259 yen\u0259 d\u0259 a\u00e7\u0131ql\u0131q n\u00fcmun\u0259si olaraq qal\u0131r. Amma haz\u0131rk\u0131 tendensiyalar g\u00f6st\u0259rir ki, bu hekay\u0259d\u0259 \u00e7ox \u015fey geri d\u00f6n\u0259 bil\u0259r.<\/span><\/p>\n<p style=\"text-align: left;\"><em><img loading=\"lazy\" decoding=\"async\" class=\"wp-image-52194 size-thumbnail alignleft\" src=\"http:\/\/jam-news.net\/app\/uploads\/2017\/08\/\u10e2\u10dd\u10db\u10d0\u10e1-\u10d3\u10d4-\u10d5\u10d0\u10d0\u10da\u10d8-150x150.jpg\" width=\"150\" height=\"150\" \/><\/em><\/p>\n<p>&nbsp;<\/p>\n<p><span style=\"font-weight: 400;\">Tomas de Vaal, Karnegi Fondunun \u015e\u0259rqi Avropa \u00a0v\u0259 Qafqaz \u00fczr\u0259 b\u00f6y\u00fck <a href=\"http:\/\/carnegieeurope.eu\/strategiceurope\/72681\">elmmi i\u015f\u00e7isi<\/a>. M\u0259qal\u0259 ilk d\u0259f\u0259 iyulun 31-d\u0259 Fondun sayt\u0131nda d\u0259rc olunub<\/span><\/p>\n<p>&nbsp;<\/p>\n<p>&nbsp;<\/p>\n<p><\/p>\n","protected":false},"excerpt":{"rendered":"<p>G\u00fcrc\u00fcstan h\u0259l\u0259 d\u0259 avtoritar qon\u015fular\u0131n\u0131n \u0259hat\u0259sind\u0259 u\u011fur hekay\u0259si olaraq qalsa da, son zamanlar bu \u00f6lk\u0259nin u\u011furunun kifay\u0259t q\u0259d\u0259r geriy\u0259 d\u00f6n\u00fc\u015f\u00fc oldu\u011funu xat\u0131rladan tendensiyalar ortaya \u00e7\u0131x\u0131b<\/p>\n","protected":false},"author":6,"featured_media":20260,"comment_status":"open","ping_status":"open","sticky":false,"template":"","format":"standard","meta":{"_acf_changed":false,"footnotes":""},"categories":[2,3,25,5,35],"tags":[14],"formation":[],"post-author":[],"topic":[],"tooltip":[],"city":[],"class_list":["post-6329","post","type-post","status-publish","format-standard","has-post-thumbnail","hentry","category-cografiya","category-gurcustan","category-cmiyyt","category-siyast","category-hekaylr","tag-bas-shif"],"acf":[],"yoast_head":"<!-- This site is optimized with the Yoast SEO plugin v24.1 - https:\/\/yoast.com\/wordpress\/plugins\/seo\/ -->\n<title>Tomas de Vaal:A\u00e7\u0131q v\u0259 qapal\u0131 G\u00fcrc\u00fcstan - JAMnews<\/title>\n<meta name=\"robots\" content=\"index, follow, max-snippet:-1, max-image-preview:large, max-video-preview:-1\" \/>\n<link rel=\"canonical\" href=\"https:\/\/jam-news.net\/az\/tomas-de-vaalaciq-v\u0259-qapali-gurcustan\/\" \/>\n<meta property=\"og:locale\" content=\"az_AZ\" \/>\n<meta property=\"og:type\" content=\"article\" \/>\n<meta property=\"og:title\" content=\"Tomas de Vaal:A\u00e7\u0131q v\u0259 qapal\u0131 G\u00fcrc\u00fcstan - JAMnews\" \/>\n<meta property=\"og:description\" content=\"G\u00fcrc\u00fcstan h\u0259l\u0259 d\u0259 avtoritar qon\u015fular\u0131n\u0131n \u0259hat\u0259sind\u0259 u\u011fur hekay\u0259si olaraq qalsa da, son zamanlar bu \u00f6lk\u0259nin u\u011furunun kifay\u0259t q\u0259d\u0259r geriy\u0259 d\u00f6n\u00fc\u015f\u00fc oldu\u011funu xat\u0131rladan tendensiyalar ortaya \u00e7\u0131x\u0131b\" \/>\n<meta property=\"og:url\" content=\"https:\/\/jam-news.net\/az\/tomas-de-vaalaciq-v\u0259-qapali-gurcustan\/\" \/>\n<meta property=\"og:site_name\" content=\"Azerbaijani Jamnews\" \/>\n<meta property=\"article:publisher\" content=\"https:\/\/www.facebook.com\/JAMnewsInEnglish\/\" \/>\n<meta property=\"article:published_time\" content=\"2017-08-02T00:00:00+00:00\" \/>\n<meta property=\"article:modified_time\" content=\"2020-03-18T11:22:55+00:00\" \/>\n<meta property=\"og:image\" content=\"https:\/\/jam-news.net\/app\/uploads\/2020\/03\/2017-06-02T100736Z_1218871606_RC12FAE46BA0_RTRMADP_3_GEORGIA-TBILISI-2-scaled.jpg\" \/>\n\t<meta property=\"og:image:width\" content=\"2560\" \/>\n\t<meta property=\"og:image:height\" content=\"1767\" \/>\n\t<meta property=\"og:image:type\" content=\"image\/jpeg\" \/>\n<meta name=\"author\" content=\"Tatia nikoladze\" \/>\n<meta name=\"twitter:card\" content=\"summary_large_image\" \/>\n<meta name=\"twitter:creator\" content=\"@JAMnewsCaucasus\" \/>\n<meta name=\"twitter:site\" content=\"@JAMnewsCaucasus\" \/>\n<meta name=\"twitter:label1\" content=\"Written by\" \/>\n\t<meta name=\"twitter:data1\" content=\"Tatia nikoladze\" \/>\n\t<meta name=\"twitter:label2\" content=\"Est. reading time\" \/>\n\t<meta name=\"twitter:data2\" content=\"6 minutes\" \/>\n<script type=\"application\/ld+json\" class=\"yoast-schema-graph\">{\"@context\":\"https:\/\/schema.org\",\"@graph\":[{\"@type\":\"Article\",\"@id\":\"https:\/\/jam-news.net\/az\/tomas-de-vaalaciq-v%c9%99-qapali-gurcustan\/#article\",\"isPartOf\":{\"@id\":\"https:\/\/jam-news.net\/az\/tomas-de-vaalaciq-v%c9%99-qapali-gurcustan\/\"},\"author\":{\"name\":\"Tatia nikoladze\",\"@id\":\"https:\/\/jam-news.net\/az\/#\/schema\/person\/86c90ea4dd4c6e61e60ae51d24bc662c\"},\"headline\":\"Tomas de Vaal:A\u00e7\u0131q v\u0259 qapal\u0131 G\u00fcrc\u00fcstan\",\"datePublished\":\"2017-08-02T00:00:00+00:00\",\"dateModified\":\"2020-03-18T11:22:55+00:00\",\"mainEntityOfPage\":{\"@id\":\"https:\/\/jam-news.net\/az\/tomas-de-vaalaciq-v%c9%99-qapali-gurcustan\/\"},\"wordCount\":1248,\"commentCount\":0,\"publisher\":{\"@id\":\"https:\/\/jam-news.net\/az\/#organization\"},\"image\":{\"@id\":\"https:\/\/jam-news.net\/az\/tomas-de-vaalaciq-v%c9%99-qapali-gurcustan\/#primaryimage\"},\"thumbnailUrl\":\"https:\/\/jam-news.net\/app\/uploads\/2020\/03\/2017-06-02T100736Z_1218871606_RC12FAE46BA0_RTRMADP_3_GEORGIA-TBILISI-2-scaled.jpg\",\"keywords\":[\"Ba\u015f s\u0259hif\u0259\"],\"articleSection\":[\"Geography\",\"Georgia\",\"Issues\",\"Politics\",\"Stories\"],\"inLanguage\":\"az\"},{\"@type\":\"WebPage\",\"@id\":\"https:\/\/jam-news.net\/az\/tomas-de-vaalaciq-v%c9%99-qapali-gurcustan\/\",\"url\":\"https:\/\/jam-news.net\/az\/tomas-de-vaalaciq-v%c9%99-qapali-gurcustan\/\",\"name\":\"Tomas de Vaal:A\u00e7\u0131q v\u0259 qapal\u0131 G\u00fcrc\u00fcstan - JAMnews\",\"isPartOf\":{\"@id\":\"https:\/\/jam-news.net\/az\/#website\"},\"primaryImageOfPage\":{\"@id\":\"https:\/\/jam-news.net\/az\/tomas-de-vaalaciq-v%c9%99-qapali-gurcustan\/#primaryimage\"},\"image\":{\"@id\":\"https:\/\/jam-news.net\/az\/tomas-de-vaalaciq-v%c9%99-qapali-gurcustan\/#primaryimage\"},\"thumbnailUrl\":\"https:\/\/jam-news.net\/app\/uploads\/2020\/03\/2017-06-02T100736Z_1218871606_RC12FAE46BA0_RTRMADP_3_GEORGIA-TBILISI-2-scaled.jpg\",\"datePublished\":\"2017-08-02T00:00:00+00:00\",\"dateModified\":\"2020-03-18T11:22:55+00:00\",\"breadcrumb\":{\"@id\":\"https:\/\/jam-news.net\/az\/tomas-de-vaalaciq-v%c9%99-qapali-gurcustan\/#breadcrumb\"},\"inLanguage\":\"az\",\"potentialAction\":[{\"@type\":\"ReadAction\",\"target\":[\"https:\/\/jam-news.net\/az\/tomas-de-vaalaciq-v%c9%99-qapali-gurcustan\/\"]}]},{\"@type\":\"ImageObject\",\"inLanguage\":\"az\",\"@id\":\"https:\/\/jam-news.net\/az\/tomas-de-vaalaciq-v%c9%99-qapali-gurcustan\/#primaryimage\",\"url\":\"https:\/\/jam-news.net\/app\/uploads\/2020\/03\/2017-06-02T100736Z_1218871606_RC12FAE46BA0_RTRMADP_3_GEORGIA-TBILISI-2-scaled.jpg\",\"contentUrl\":\"https:\/\/jam-news.net\/app\/uploads\/2020\/03\/2017-06-02T100736Z_1218871606_RC12FAE46BA0_RTRMADP_3_GEORGIA-TBILISI-2-scaled.jpg\",\"width\":2560,\"height\":1767,\"caption\":\"A front door of an old house is seen in the old town, Tbilisi, Georgia, April 6, 2017. REUTERS\/David Mdzinarishvili SEARCH \\\"OLD TBILISI\\\" FOR THIS STORY. SEARCH \\\"WIDER IMAGE\\\" FOR ALL STORIES.\"},{\"@type\":\"BreadcrumbList\",\"@id\":\"https:\/\/jam-news.net\/az\/tomas-de-vaalaciq-v%c9%99-qapali-gurcustan\/#breadcrumb\",\"itemListElement\":[{\"@type\":\"ListItem\",\"position\":1,\"name\":\"Home\",\"item\":\"https:\/\/jam-news.net\/az\/\"},{\"@type\":\"ListItem\",\"position\":2,\"name\":\"Tomas de Vaal:A\u00e7\u0131q v\u0259 qapal\u0131 G\u00fcrc\u00fcstan\"}]},{\"@type\":\"WebSite\",\"@id\":\"https:\/\/jam-news.net\/az\/#website\",\"url\":\"https:\/\/jam-news.net\/az\/\",\"name\":\"Azerbaijani Jamnews\",\"description\":\"Caucasus News, Politics and Society\",\"publisher\":{\"@id\":\"https:\/\/jam-news.net\/az\/#organization\"},\"potentialAction\":[{\"@type\":\"SearchAction\",\"target\":{\"@type\":\"EntryPoint\",\"urlTemplate\":\"https:\/\/jam-news.net\/az\/?s={search_term_string}\"},\"query-input\":{\"@type\":\"PropertyValueSpecification\",\"valueRequired\":true,\"valueName\":\"search_term_string\"}}],\"inLanguage\":\"az\"},{\"@type\":\"Organization\",\"@id\":\"https:\/\/jam-news.net\/az\/#organization\",\"name\":\"JAMnews\",\"url\":\"https:\/\/jam-news.net\/az\/\",\"logo\":{\"@type\":\"ImageObject\",\"inLanguage\":\"az\",\"@id\":\"https:\/\/jam-news.net\/az\/#\/schema\/logo\/image\/\",\"url\":\"https:\/\/jam-news.net\/app\/uploads\/2020\/05\/JAM_w.jpg\",\"contentUrl\":\"https:\/\/jam-news.net\/app\/uploads\/2020\/05\/JAM_w.jpg\",\"width\":960,\"height\":960,\"caption\":\"JAMnews\"},\"image\":{\"@id\":\"https:\/\/jam-news.net\/az\/#\/schema\/logo\/image\/\"},\"sameAs\":[\"https:\/\/www.facebook.com\/JAMnewsInEnglish\/\",\"https:\/\/x.com\/JAMnewsCaucasus\",\"https:\/\/www.instagram.com\/jam_news\/\",\"https:\/\/www.youtube.com\/channel\/UCXQbUCme2pykuZYXWHx4VPg\"]},{\"@type\":\"Person\",\"@id\":\"https:\/\/jam-news.net\/az\/#\/schema\/person\/86c90ea4dd4c6e61e60ae51d24bc662c\",\"name\":\"Tatia nikoladze\",\"image\":{\"@type\":\"ImageObject\",\"inLanguage\":\"az\",\"@id\":\"https:\/\/jam-news.net\/az\/#\/schema\/person\/image\/\",\"url\":\"https:\/\/secure.gravatar.com\/avatar\/1f8b2c8ce4c25cc30806785bafe6bb03?s=96&d=mm&r=g\",\"contentUrl\":\"https:\/\/secure.gravatar.com\/avatar\/1f8b2c8ce4c25cc30806785bafe6bb03?s=96&d=mm&r=g\",\"caption\":\"Tatia nikoladze\"},\"url\":\"https:\/\/jam-news.net\/az\/author\/tatiani\/\"}]}<\/script>\n<!-- \/ Yoast SEO plugin. -->","yoast_head_json":{"title":"Tomas de Vaal:A\u00e7\u0131q v\u0259 qapal\u0131 G\u00fcrc\u00fcstan - JAMnews","robots":{"index":"index","follow":"follow","max-snippet":"max-snippet:-1","max-image-preview":"max-image-preview:large","max-video-preview":"max-video-preview:-1"},"canonical":"https:\/\/jam-news.net\/az\/tomas-de-vaalaciq-v\u0259-qapali-gurcustan\/","og_locale":"az_AZ","og_type":"article","og_title":"Tomas de Vaal:A\u00e7\u0131q v\u0259 qapal\u0131 G\u00fcrc\u00fcstan - JAMnews","og_description":"G\u00fcrc\u00fcstan h\u0259l\u0259 d\u0259 avtoritar qon\u015fular\u0131n\u0131n \u0259hat\u0259sind\u0259 u\u011fur hekay\u0259si olaraq qalsa da, son zamanlar bu \u00f6lk\u0259nin u\u011furunun kifay\u0259t q\u0259d\u0259r geriy\u0259 d\u00f6n\u00fc\u015f\u00fc oldu\u011funu xat\u0131rladan tendensiyalar ortaya \u00e7\u0131x\u0131b","og_url":"https:\/\/jam-news.net\/az\/tomas-de-vaalaciq-v\u0259-qapali-gurcustan\/","og_site_name":"Azerbaijani Jamnews","article_publisher":"https:\/\/www.facebook.com\/JAMnewsInEnglish\/","article_published_time":"2017-08-02T00:00:00+00:00","article_modified_time":"2020-03-18T11:22:55+00:00","og_image":[{"width":2560,"height":1767,"url":"https:\/\/jam-news.net\/app\/uploads\/2020\/03\/2017-06-02T100736Z_1218871606_RC12FAE46BA0_RTRMADP_3_GEORGIA-TBILISI-2-scaled.jpg","type":"image\/jpeg"}],"author":"Tatia nikoladze","twitter_card":"summary_large_image","twitter_creator":"@JAMnewsCaucasus","twitter_site":"@JAMnewsCaucasus","twitter_misc":{"Written by":"Tatia nikoladze","Est. reading time":"6 minutes"},"schema":{"@context":"https:\/\/schema.org","@graph":[{"@type":"Article","@id":"https:\/\/jam-news.net\/az\/tomas-de-vaalaciq-v%c9%99-qapali-gurcustan\/#article","isPartOf":{"@id":"https:\/\/jam-news.net\/az\/tomas-de-vaalaciq-v%c9%99-qapali-gurcustan\/"},"author":{"name":"Tatia nikoladze","@id":"https:\/\/jam-news.net\/az\/#\/schema\/person\/86c90ea4dd4c6e61e60ae51d24bc662c"},"headline":"Tomas de Vaal:A\u00e7\u0131q v\u0259 qapal\u0131 G\u00fcrc\u00fcstan","datePublished":"2017-08-02T00:00:00+00:00","dateModified":"2020-03-18T11:22:55+00:00","mainEntityOfPage":{"@id":"https:\/\/jam-news.net\/az\/tomas-de-vaalaciq-v%c9%99-qapali-gurcustan\/"},"wordCount":1248,"commentCount":0,"publisher":{"@id":"https:\/\/jam-news.net\/az\/#organization"},"image":{"@id":"https:\/\/jam-news.net\/az\/tomas-de-vaalaciq-v%c9%99-qapali-gurcustan\/#primaryimage"},"thumbnailUrl":"https:\/\/jam-news.net\/app\/uploads\/2020\/03\/2017-06-02T100736Z_1218871606_RC12FAE46BA0_RTRMADP_3_GEORGIA-TBILISI-2-scaled.jpg","keywords":["Ba\u015f s\u0259hif\u0259"],"articleSection":["Geography","Georgia","Issues","Politics","Stories"],"inLanguage":"az"},{"@type":"WebPage","@id":"https:\/\/jam-news.net\/az\/tomas-de-vaalaciq-v%c9%99-qapali-gurcustan\/","url":"https:\/\/jam-news.net\/az\/tomas-de-vaalaciq-v%c9%99-qapali-gurcustan\/","name":"Tomas de Vaal:A\u00e7\u0131q v\u0259 qapal\u0131 G\u00fcrc\u00fcstan - JAMnews","isPartOf":{"@id":"https:\/\/jam-news.net\/az\/#website"},"primaryImageOfPage":{"@id":"https:\/\/jam-news.net\/az\/tomas-de-vaalaciq-v%c9%99-qapali-gurcustan\/#primaryimage"},"image":{"@id":"https:\/\/jam-news.net\/az\/tomas-de-vaalaciq-v%c9%99-qapali-gurcustan\/#primaryimage"},"thumbnailUrl":"https:\/\/jam-news.net\/app\/uploads\/2020\/03\/2017-06-02T100736Z_1218871606_RC12FAE46BA0_RTRMADP_3_GEORGIA-TBILISI-2-scaled.jpg","datePublished":"2017-08-02T00:00:00+00:00","dateModified":"2020-03-18T11:22:55+00:00","breadcrumb":{"@id":"https:\/\/jam-news.net\/az\/tomas-de-vaalaciq-v%c9%99-qapali-gurcustan\/#breadcrumb"},"inLanguage":"az","potentialAction":[{"@type":"ReadAction","target":["https:\/\/jam-news.net\/az\/tomas-de-vaalaciq-v%c9%99-qapali-gurcustan\/"]}]},{"@type":"ImageObject","inLanguage":"az","@id":"https:\/\/jam-news.net\/az\/tomas-de-vaalaciq-v%c9%99-qapali-gurcustan\/#primaryimage","url":"https:\/\/jam-news.net\/app\/uploads\/2020\/03\/2017-06-02T100736Z_1218871606_RC12FAE46BA0_RTRMADP_3_GEORGIA-TBILISI-2-scaled.jpg","contentUrl":"https:\/\/jam-news.net\/app\/uploads\/2020\/03\/2017-06-02T100736Z_1218871606_RC12FAE46BA0_RTRMADP_3_GEORGIA-TBILISI-2-scaled.jpg","width":2560,"height":1767,"caption":"A front door of an old house is seen in the old town, Tbilisi, Georgia, April 6, 2017. REUTERS\/David Mdzinarishvili SEARCH \"OLD TBILISI\" FOR THIS STORY. SEARCH \"WIDER IMAGE\" FOR ALL STORIES."},{"@type":"BreadcrumbList","@id":"https:\/\/jam-news.net\/az\/tomas-de-vaalaciq-v%c9%99-qapali-gurcustan\/#breadcrumb","itemListElement":[{"@type":"ListItem","position":1,"name":"Home","item":"https:\/\/jam-news.net\/az\/"},{"@type":"ListItem","position":2,"name":"Tomas de Vaal:A\u00e7\u0131q v\u0259 qapal\u0131 G\u00fcrc\u00fcstan"}]},{"@type":"WebSite","@id":"https:\/\/jam-news.net\/az\/#website","url":"https:\/\/jam-news.net\/az\/","name":"Azerbaijani Jamnews","description":"Caucasus News, Politics and Society","publisher":{"@id":"https:\/\/jam-news.net\/az\/#organization"},"potentialAction":[{"@type":"SearchAction","target":{"@type":"EntryPoint","urlTemplate":"https:\/\/jam-news.net\/az\/?s={search_term_string}"},"query-input":{"@type":"PropertyValueSpecification","valueRequired":true,"valueName":"search_term_string"}}],"inLanguage":"az"},{"@type":"Organization","@id":"https:\/\/jam-news.net\/az\/#organization","name":"JAMnews","url":"https:\/\/jam-news.net\/az\/","logo":{"@type":"ImageObject","inLanguage":"az","@id":"https:\/\/jam-news.net\/az\/#\/schema\/logo\/image\/","url":"https:\/\/jam-news.net\/app\/uploads\/2020\/05\/JAM_w.jpg","contentUrl":"https:\/\/jam-news.net\/app\/uploads\/2020\/05\/JAM_w.jpg","width":960,"height":960,"caption":"JAMnews"},"image":{"@id":"https:\/\/jam-news.net\/az\/#\/schema\/logo\/image\/"},"sameAs":["https:\/\/www.facebook.com\/JAMnewsInEnglish\/","https:\/\/x.com\/JAMnewsCaucasus","https:\/\/www.instagram.com\/jam_news\/","https:\/\/www.youtube.com\/channel\/UCXQbUCme2pykuZYXWHx4VPg"]},{"@type":"Person","@id":"https:\/\/jam-news.net\/az\/#\/schema\/person\/86c90ea4dd4c6e61e60ae51d24bc662c","name":"Tatia nikoladze","image":{"@type":"ImageObject","inLanguage":"az","@id":"https:\/\/jam-news.net\/az\/#\/schema\/person\/image\/","url":"https:\/\/secure.gravatar.com\/avatar\/1f8b2c8ce4c25cc30806785bafe6bb03?s=96&d=mm&r=g","contentUrl":"https:\/\/secure.gravatar.com\/avatar\/1f8b2c8ce4c25cc30806785bafe6bb03?s=96&d=mm&r=g","caption":"Tatia nikoladze"},"url":"https:\/\/jam-news.net\/az\/author\/tatiani\/"}]}},"_links":{"self":[{"href":"https:\/\/jam-news.net\/az\/wp-json\/wp\/v2\/posts\/6329","targetHints":{"allow":["GET"]}}],"collection":[{"href":"https:\/\/jam-news.net\/az\/wp-json\/wp\/v2\/posts"}],"about":[{"href":"https:\/\/jam-news.net\/az\/wp-json\/wp\/v2\/types\/post"}],"author":[{"embeddable":true,"href":"https:\/\/jam-news.net\/az\/wp-json\/wp\/v2\/users\/6"}],"replies":[{"embeddable":true,"href":"https:\/\/jam-news.net\/az\/wp-json\/wp\/v2\/comments?post=6329"}],"version-history":[{"count":1,"href":"https:\/\/jam-news.net\/az\/wp-json\/wp\/v2\/posts\/6329\/revisions"}],"predecessor-version":[{"id":17456,"href":"https:\/\/jam-news.net\/az\/wp-json\/wp\/v2\/posts\/6329\/revisions\/17456"}],"wp:featuredmedia":[{"embeddable":true,"href":"https:\/\/jam-news.net\/az\/wp-json\/wp\/v2\/media\/20260"}],"wp:attachment":[{"href":"https:\/\/jam-news.net\/az\/wp-json\/wp\/v2\/media?parent=6329"}],"wp:term":[{"taxonomy":"category","embeddable":true,"href":"https:\/\/jam-news.net\/az\/wp-json\/wp\/v2\/categories?post=6329"},{"taxonomy":"post_tag","embeddable":true,"href":"https:\/\/jam-news.net\/az\/wp-json\/wp\/v2\/tags?post=6329"},{"taxonomy":"formation","embeddable":true,"href":"https:\/\/jam-news.net\/az\/wp-json\/wp\/v2\/formation?post=6329"},{"taxonomy":"post-author","embeddable":true,"href":"https:\/\/jam-news.net\/az\/wp-json\/wp\/v2\/post-author?post=6329"},{"taxonomy":"topic","embeddable":true,"href":"https:\/\/jam-news.net\/az\/wp-json\/wp\/v2\/topic?post=6329"},{"taxonomy":"tooltip","embeddable":true,"href":"https:\/\/jam-news.net\/az\/wp-json\/wp\/v2\/tooltip?post=6329"},{"taxonomy":"city","embeddable":true,"href":"https:\/\/jam-news.net\/az\/wp-json\/wp\/v2\/city?post=6329"}],"curies":[{"name":"wp","href":"https:\/\/api.w.org\/{rel}","templated":true}]}}