{"id":6259,"date":"2017-07-28T00:00:00","date_gmt":"2017-07-28T00:00:00","guid":{"rendered":"http:\/\/jam-news.net\/az\/gurcustanda-populyar-partiya-yoxdur-ndi-nin-t%c9%99dqiqatlari-n%c9%99d%c9%99n-x%c9%99b%c9%99r-verir\/"},"modified":"2020-03-18T11:22:20","modified_gmt":"2020-03-18T11:22:20","slug":"gurcustanda-populyar-partiya-yoxdur-ndi-nin-t%c9%99dqiqatlari-n%c9%99d%c9%99n-x%c9%99b%c9%99r-verir","status":"publish","type":"post","link":"https:\/\/jam-news.net\/az\/gurcustanda-populyar-partiya-yoxdur-ndi-nin-t%c9%99dqiqatlari-n%c9%99d%c9%99n-x%c9%99b%c9%99r-verir\/","title":{"rendered":"G\u00fcrc\u00fcstanda populyar partiya yoxdur. ND\u0130-nin t\u0259dqiqatlar\u0131 n\u0259d\u0259n x\u0259b\u0259r verir"},"content":{"rendered":"<p>G\u00fcrc\u00fcstanda siyasi partiyalara d\u0259st\u0259yin s\u0259viyy\u0259si \u0259vv\u0259lki kimi a\u015fa\u011f\u0131d\u0131r, yerli \u00f6z\u00fcn\u00fcidar\u0259etm\u0259 orqanlar\u0131na \u00fc\u00e7 ay qalm\u0131\u015f se\u00e7icil\u0259rin 62%-nin siyasi favoriti yoxdur; istisna olunmur ki, hakimiyy\u0259tin n\u00fcmay\u0259nd\u0259si Tbilisi meri se\u00e7kil\u0259rinin el\u0259 birinci turundaca qalib g\u0259l\u0259c\u0259k.<\/p>\n<p>Milli Demokratiya \u0130nstitutunun ara\u015fd\u0131rmas\u0131n\u0131n n\u0259tic\u0259l\u0259ri:<\/p>\n<h3 style=\"text-align: center;\"><span style=\"color: #000080;\">\u00a0 <strong>Favorit partiyalar <\/strong><\/span><\/h3>\n<p>Siyasi reytinql\u0259r a\u015fa\u011f\u0131dak\u0131 kimidir: yerli \u00f6z\u00fcn\u00fcidar\u0259etm\u0259 orqanlar\u0131na se\u00e7kil\u0259r sabah ke\u00e7irils\u0259ydi kim\u0259 s\u0259s ver\u0259rdiz sual\u0131na 27% sor\u011fu i\u015ftirak\u00e7\u0131s\u0131 hakim \u201cG\u00fcrc\u00fc partiyas\u0131\u201d, 8%- \u201c Vahid milli h\u0259r\u0259kat\u201d (VMH \u2013 Mixail Saaka\u015fvilinin partiyas\u0131), 3% &#8211; \u201cAvropa G\u00fcrc\u00fcstan\u0131\u201d (VMH-nin par\u00e7alanmas\u0131 n\u0259tic\u0259sind\u0259 yaranan partiya) dedi, 35% suala cavab ver\u0259 bilm\u0259di, 15% cavab verm\u0259kd\u0259n imtina etdi.<\/p>\n<p>NDI-nin sor\u011fusuna \u0259sas\u0259n, Tbilisi meri v\u0259zif\u0259sin\u0259 namiz\u0259dl\u0259rin m\u00f6vqel\u0259ri a\u015fa\u011f\u0131dak\u0131 kimidir: se\u00e7kil\u0259rd\u0259 i\u015ftirak ed\u0259c\u0259yi g\u00fcman edil\u0259n 37% sor\u011fu i\u015ftirak\u00e7\u0131s\u0131 \u201cG\u00fcrc\u00fc arzusu\u201d partiyas\u0131n\u0131n ir\u0259li s\u00fcrd\u00fcy\u00fc namiz\u0259d\u0259 &#8211; Kaxa Kaladzey\u0259 s\u0259s ver\u0259c\u0259k. Bunun arxas\u0131nca m\u00fcxalif\u0259tin n\u00fcmay\u0259nd\u0259si olan\u00a0 Aleko Elisa\u015fvili (22%) g\u0259lir, \u00fc\u00e7\u00fcnc\u00fc yerd\u0259 VMH-in namiz\u0259di Zaal Uduma\u015fvili (16%), d\u00f6rd\u00fcnc\u00fc yerd\u0259 is\u0259 \u201cAvropa G\u00fcrc\u00fcstan\u0131\u201dndan olan Elene Xo\u015ftariya (5%) q\u0259rarla\u015f\u0131b.<\/p>\n<p>62% respondent kim\u0259 s\u0259s ver\u0259c\u0259yini bilmir. 35% is\u0259 art\u0131q kim\u0259 s\u0259s ver\u0259c\u0259yini bilir.<\/p>\n<p>7% sor\u011fu i\u015ftirak\u00e7\u0131s\u0131 siyasi platformas\u0131 onlar\u0131n bax\u0131\u015flar\u0131na uy\u011fun g\u0259l\u0259n partiyan\u0131n ad\u0131n\u0131 \u00e7\u0259k\u0259 bilm\u0259dil\u0259r, 6% bu suala cavab verm\u0259kd\u0259n imtina etdi. 23% bu c\u00fcr partiya olaraq \u201cG\u00fcrc\u00fc arzusu\u201d, 9% VMH, 4% \u201cAvropa G\u00fcrc\u00fcstan\u0131\u201d v\u0259 \u201cV\u0259t\u0259np\u0259rv\u0259rl\u0259r alyans\u0131\u201dn\u0131n ad\u0131n\u0131 \u00e7\u0259kdi.<\/p>\n<p>NDI-nin m\u00fcraci\u0259t etdiyi 32% sor\u011fu i\u015ftirak\u00e7\u0131s\u0131 hesab edir ki, azad v\u0259 \u0259dal\u0259tli se\u00e7kil\u0259rin \u0259sas problemi se\u00e7icil\u0259rin pulla al\u0131nmas\u0131d\u0131r. 18% is\u0259 hesab edir ki, problem se\u00e7icil\u0259r\u0259 t\u0259zyiq g\u00f6st\u0259rilm\u0259sind\u0259dir.<\/p>\n<h3 style=\"text-align: center;\"><span style=\"color: #000080;\"><strong>\u00d6lk\u0259y\u0259 \u0130vani\u015fvili r\u0259hb\u0259rlik edir <\/strong><\/span><\/h3>\n<p>59% respondent o fikirl\u0259 raz\u0131d\u0131r ki, ke\u00e7mi\u015f ba\u015f nazir Bidzina \u0130vani\u015fvili \u00fc\u00e7 il \u0259vv\u0259l v\u0259zif\u0259sini t\u0259rk etm\u0259sin\u0259 v\u0259 he\u00e7 bir v\u0259zif\u0259 tutmamas\u0131na baxmayaraq, yen\u0259 d\u0259 hakimiyy\u0259t\u0259 m\u00fc\u0259yy\u0259n t\u0259sir g\u00f6st\u0259r\u0259 bil\u0259n \u015f\u0259xs olaraq qal\u0131r.<\/p>\n<p>Bununla yana\u015f\u0131 56% ist\u0259yir ki, Bidzina \u0130vani\u015fvili siyasi q\u0259rarlar\u0131n q\u0259bul edilm\u0259si prosesind\u0259 i\u015ftirak etm\u0259sin.<\/p>\n<h3 style=\"text-align: center;\"><span style=\"color: #000080;\"><strong>\u0130nstitusiyalar nec\u0259 i\u015fl\u0259yir <\/strong><\/span><\/h3>\n<p>NDI-nin sor\u011fusunda i\u015ftirak ed\u0259nl\u0259rin \u00fc\u00e7d\u0259 bir hiss\u0259si m\u00fcxt\u0259lif institutlar\u0131n i\u015finin qiym\u0259tl\u0259ndirilm\u0259si il\u0259 ba\u011fl\u0131 suala: \u201cN\u0259 yax\u015f\u0131, n\u0259 pis\u201d, &#8211; cavab\u0131n\u0131 verdil\u0259r.<\/p>\n<p>51% sor\u011fu i\u015ftirak\u00e7\u0131s\u0131 hesab edir ki, s\u00f6z azadl\u0131\u011f\u0131 il\u0259 ba\u011fl\u0131 m\u0259s\u0259l\u0259 yax\u015f\u0131 v\u0259 ya \u00e7ox yax\u015f\u0131 s\u0259viyy\u0259d\u0259dir, 18% bunun \u0259ksini d\u00fc\u015f\u00fcn\u00fcr, 28% is\u0259 v\u0259ziyy\u0259ti \u201cn\u0259 yax\u015f\u0131, n\u0259 d\u0259 pis\u201d kimi qiym\u0259tl\u0259ndirir.<\/p>\n<p>35% inan\u0131r ki, G\u00fcrc\u00fcstanda azad v\u0259 \u0259dal\u0259tli se\u00e7kil\u0259r ke\u00e7irilir. 28% bunun \u0259ksini d\u00fc\u015f\u00fcn\u00fcr, respondentl\u0259rin \u00fc\u00e7d\u0259 biri (29%) hesab edir ki, se\u00e7kil\u0259r orta s\u0259viyy\u0259d\u0259 ke\u00e7irilir &#8211; \u201cn\u0259 yax\u015f\u0131, n\u0259 d\u0259 pis\u201d.<\/p>\n<p>36% sor\u011fu i\u015ftirak\u00e7\u0131s\u0131n\u0131n fikrinc\u0259, G\u00fcrc\u00fcstanda insan haqlar\u0131 qorunur. 32% bu sah\u0259d\u0259 b\u00f6y\u00fck probleml\u0259rin oldu\u011funu deyir, 28% &#8211; \u201cn\u0259 yax\u015f\u0131, n\u0259 d\u0259 pis\u201d deyir.<\/p>\n<p>28% hesab edir ki, \u00f6lk\u0259d\u0259 korrupsiya il\u0259 m\u00fcbariz\u0259 u\u011furla h\u0259yata ke\u00e7irilir, eyni sayda respondent korrupsiya il\u0259 m\u00fcbariz\u0259nin n\u0259tic\u0259 verm\u0259diyini d\u00fc\u015f\u00fcn\u00fcr, 30 faiz is\u0259 hesab edir ki, korrupsiya il\u0259 m\u00fcbariz\u0259 n\u0259 yax\u015f\u0131, n\u0259 d\u0259 pis\u201d h\u0259yata ke\u00e7irilir.<\/p>\n<h3 style=\"text-align: center;\"><span style=\"color: #000080;\"><strong>Gender b\u0259rab\u0259rliyi siyas\u0259ti <\/strong><\/span><\/h3>\n<p>NDI sor\u011fusunun 49% i\u015ftirak\u00e7\u0131s\u0131 siyasi partiyalarda eyni sayda qad\u0131nlar\u0131n v\u0259 ki\u015fil\u0259rin olmas\u0131n\u0131 vacib say\u0131r, 46% is\u0259 bu m\u0259s\u0259l\u0259ni \u0259h\u0259miyy\u0259tsiz hesab edir.<\/p>\n<p>Sor\u011fu i\u015ftirak\u00e7\u0131s\u0131n\u0131n yar\u0131s\u0131ndan \u00e7oxu (58%) hesab edir ki, mer v\u0259zif\u0259sinin \u00f6hd\u0259sind\u0259n h\u0259m ki\u015fil\u0259r, h\u0259m d\u0259 qad\u0131nlar eyni d\u0259r\u0259c\u0259d\u0259 yax\u015f\u0131 g\u0259l\u0259c\u0259k. 29% is\u0259 hesab edir ki, mer v\u0259zif\u0259sinin \u00f6hd\u0259sind\u0259n daha yax\u015f\u0131 ki\u015fil\u0259r g\u0259l\u0259c\u0259k.<\/p>\n<p>78% sor\u011fu i\u015ftirak\u00e7\u0131s\u0131n\u0131n fikrinc\u0259, qad\u0131nlar\u0131n v\u0259 ki\u015fil\u0259rin deputat i\u015find\u0259 imkanlar\u0131 eynidir. 77% sakrebulo (yerli \u00f6z\u00fcn\u00fcidar\u0259etm\u0259 orqanlar\u0131) m\u0259s\u0259l\u0259sind\u0259 eyni c\u00fcr d\u00fc\u015f\u00fcn\u00fcrl\u0259r.<\/p>\n<h3 style=\"text-align: center;\"><span style=\"color: #000080;\"><strong>\u018ffqan Muxtarl\u0131n\u0131n i\u015fi <\/strong><\/span><\/h3>\n<p>Milli Demokratiya \u0130nstitutunun ara\u015fd\u0131rmas\u0131na az\u0259rbaycanl\u0131 jurnalist \u018ffqan Muxtarl\u0131n\u0131n qalmaqall\u0131 i\u015fi d\u0259 \u0259lav\u0259 olunub.<\/p>\n<p>72% sor\u011fu i\u015ftirak\u00e7\u0131s\u0131n\u0131n bu m\u0259s\u0259l\u0259d\u0259n x\u0259b\u0259ri var\u0131ym\u0131\u015f, 26% yox. 82% hesab edir ki, ba\u015f ver\u0259nl\u0259r\u0259 g\u00f6r\u0259 m\u0259suliyy\u0259t G\u00fcrc\u00fcstan hakimiyy\u0259tinin \u00fcz\u0259rin\u0259 d\u00fc\u015f\u00fcr, \u00e7\u00fcnki onlar insan haqlar\u0131n\u0131n qorunmas\u0131n\u0131 t\u0259min etm\u0259liydil\u0259r.<\/p>\n<p>56% respondent hesab edir ki, \u018ffqan Muxtarl\u0131n\u0131n o\u011furlanmas\u0131 insan haqlar\u0131 v\u0259 m\u0259tbuat azadl\u0131\u011f\u0131n\u0131n m\u00fcdafi\u0259si sah\u0259sind\u0259 regionun lideri olan\u00a0 G\u00fcrc\u00fcstana neqativ t\u0259sir g\u00f6st\u0259rib. 2% sor\u011fu i\u015ftirak\u00e7\u0131s\u0131 hesab edir ki, jurnalistin o\u011furlanmas\u0131 G\u00fcrc\u00fcstan d\u00f6vl\u0259tinin n\u00fcfuzuna m\u0259nfi t\u0259sir g\u00f6st\u0259r\u0259c\u0259k, 15%-in fikrinc\u0259 is\u0259 bu fakt \u00f6lk\u0259nin imicin\u0259 he\u00e7 bir m\u0259nfi t\u0259sir g\u00f6st\u0259rm\u0259y\u0259c\u0259k.<\/p>\n<p>(\u018ffqan Muxtarl\u0131 Tbilisid\u0259 may\u0131n 29-da itib, bir g\u00fcn sonra is\u0259 onun Bak\u0131da h\u0259bsxanada oldu\u011fu m\u0259lum olub. Muxtarl\u0131 bildirir ki, G\u00fcrc\u00fcstan\u0131n paytaxt\u0131ndan onu kriminal polis formal\u0131 \u015f\u0259xsl\u0259r o\u011furlay\u0131blar. Az\u0259rbaycan hakimiyy\u0259tinin m\u0259lumat\u0131na g\u00f6r\u0259, Muxtarl\u0131 s\u0259rh\u0259di qeyri-qanuni yolla ke\u00e7diyin\u0259 g\u00f6r\u0259 h\u0259bs edilib, bar\u0259sind\u0259 \u00fc\u00e7 ay m\u00fcdd\u0259tin\u0259 h\u0259bs q\u0259ti imkan t\u0259dbiri se\u00e7ilib. G\u00fcrc\u00fcstanda bu i\u015fin ara\u015fd\u0131r\u0131lmas\u0131 h\u0259l\u0259 davam edir).<\/p>\n<ul>\n<li>Ara\u015fd\u0131rma UK aid-in maliyy\u0259 d\u0259st\u0259yi il\u0259, sor\u011fu is\u0259 CRRC- G\u00fcrc\u00fcstan t\u0259\u015fkilat\u0131 t\u0259r\u0259find\u0259n h\u0259yata ke\u00e7irilib. Sor\u011fular 18 iyundan 9 iyula q\u0259d\u0259r G\u00fcrc\u00fcstan\u0131n \u00a0i\u015f\u011fal olunmu\u015f \u0259razil\u0259ri istisna olunmaqla h\u0259r yerind\u0259 apar\u0131l\u0131b. \u00dcmumilikd\u0259 t\u0259sad\u00fcfi se\u00e7im sistemi il\u0259 2261 n\u0259f\u0259r sor\u011fu edilib.<\/li>\n<\/ul>\n","protected":false},"excerpt":{"rendered":"<p>Ara\u015fd\u0131rmada G\u00fcrc\u00fcstan v\u0259t\u0259nda\u015flar\u0131n\u0131n \u018ffqan Muxtarl\u0131n\u0131n i\u015fi il\u0259 ba\u011fl\u0131 n\u0259 d\u00fc\u015f\u00fcnd\u00fcy\u00fcn\u00fc d\u0259 \u00f6yr\u0259nm\u0259k olar<\/p>\n","protected":false},"author":6,"featured_media":20240,"comment_status":"open","ping_status":"open","sticky":false,"template":"","format":"standard","meta":{"_acf_changed":false,"footnotes":""},"categories":[2,3,25,50,35],"tags":[],"formation":[],"post-author":[2888],"topic":[],"tooltip":[],"city":[],"class_list":["post-6259","post","type-post","status-publish","format-standard","has-post-thumbnail","hentry","category-cografiya","category-gurcustan","category-cmiyyt","category-xbrlr","category-hekaylr","post-author-jamnews"],"acf":[],"yoast_head":"<!-- This site is optimized with the Yoast SEO plugin v24.1 - https:\/\/yoast.com\/wordpress\/plugins\/seo\/ -->\n<title>G\u00fcrc\u00fcstanda populyar partiya yoxdur. ND\u0130-nin t\u0259dqiqatlar\u0131 n\u0259d\u0259n x\u0259b\u0259r verir - JAMnews<\/title>\n<meta name=\"robots\" content=\"index, follow, max-snippet:-1, max-image-preview:large, max-video-preview:-1\" \/>\n<link rel=\"canonical\" href=\"https:\/\/jam-news.net\/az\/gurcustanda-populyar-partiya-yoxdur-ndi-nin-t\u0259dqiqatlari-n\u0259d\u0259n-x\u0259b\u0259r-verir\/\" \/>\n<meta property=\"og:locale\" content=\"az_AZ\" \/>\n<meta property=\"og:type\" content=\"article\" \/>\n<meta property=\"og:title\" content=\"G\u00fcrc\u00fcstanda populyar partiya yoxdur. ND\u0130-nin t\u0259dqiqatlar\u0131 n\u0259d\u0259n x\u0259b\u0259r verir - JAMnews\" \/>\n<meta property=\"og:description\" content=\"Ara\u015fd\u0131rmada G\u00fcrc\u00fcstan v\u0259t\u0259nda\u015flar\u0131n\u0131n \u018ffqan Muxtarl\u0131n\u0131n i\u015fi il\u0259 ba\u011fl\u0131 n\u0259 d\u00fc\u015f\u00fcnd\u00fcy\u00fcn\u00fc d\u0259 \u00f6yr\u0259nm\u0259k olar\" \/>\n<meta property=\"og:url\" content=\"https:\/\/jam-news.net\/az\/gurcustanda-populyar-partiya-yoxdur-ndi-nin-t\u0259dqiqatlari-n\u0259d\u0259n-x\u0259b\u0259r-verir\/\" \/>\n<meta property=\"og:site_name\" content=\"Azerbaijani Jamnews\" \/>\n<meta property=\"article:publisher\" content=\"https:\/\/www.facebook.com\/JAMnewsInEnglish\/\" \/>\n<meta property=\"article:published_time\" content=\"2017-07-28T00:00:00+00:00\" \/>\n<meta property=\"article:modified_time\" content=\"2020-03-18T11:22:20+00:00\" \/>\n<meta property=\"og:image\" content=\"https:\/\/jam-news.net\/app\/uploads\/2020\/03\/National_Democratic_Institute_NDI_Logo-1-3.jpg\" \/>\n\t<meta property=\"og:image:width\" content=\"1200\" \/>\n\t<meta property=\"og:image:height\" content=\"840\" \/>\n\t<meta property=\"og:image:type\" content=\"image\/jpeg\" \/>\n<meta name=\"author\" content=\"Tatia nikoladze\" \/>\n<meta name=\"twitter:card\" content=\"summary_large_image\" \/>\n<meta name=\"twitter:creator\" content=\"@JAMnewsCaucasus\" \/>\n<meta name=\"twitter:site\" content=\"@JAMnewsCaucasus\" \/>\n<meta name=\"twitter:label1\" content=\"Written by\" \/>\n\t<meta name=\"twitter:data1\" content=\"Tatia nikoladze\" \/>\n\t<meta name=\"twitter:label2\" content=\"Est. reading time\" \/>\n\t<meta name=\"twitter:data2\" content=\"6 minutes\" \/>\n<script type=\"application\/ld+json\" class=\"yoast-schema-graph\">{\"@context\":\"https:\/\/schema.org\",\"@graph\":[{\"@type\":\"Article\",\"@id\":\"https:\/\/jam-news.net\/az\/gurcustanda-populyar-partiya-yoxdur-ndi-nin-t%c9%99dqiqatlari-n%c9%99d%c9%99n-x%c9%99b%c9%99r-verir\/#article\",\"isPartOf\":{\"@id\":\"https:\/\/jam-news.net\/az\/gurcustanda-populyar-partiya-yoxdur-ndi-nin-t%c9%99dqiqatlari-n%c9%99d%c9%99n-x%c9%99b%c9%99r-verir\/\"},\"author\":{\"name\":\"Tatia nikoladze\",\"@id\":\"https:\/\/jam-news.net\/az\/#\/schema\/person\/86c90ea4dd4c6e61e60ae51d24bc662c\"},\"headline\":\"G\u00fcrc\u00fcstanda populyar partiya yoxdur. ND\u0130-nin t\u0259dqiqatlar\u0131 n\u0259d\u0259n x\u0259b\u0259r verir\",\"datePublished\":\"2017-07-28T00:00:00+00:00\",\"dateModified\":\"2020-03-18T11:22:20+00:00\",\"mainEntityOfPage\":{\"@id\":\"https:\/\/jam-news.net\/az\/gurcustanda-populyar-partiya-yoxdur-ndi-nin-t%c9%99dqiqatlari-n%c9%99d%c9%99n-x%c9%99b%c9%99r-verir\/\"},\"wordCount\":1123,\"commentCount\":0,\"publisher\":{\"@id\":\"https:\/\/jam-news.net\/az\/#organization\"},\"image\":{\"@id\":\"https:\/\/jam-news.net\/az\/gurcustanda-populyar-partiya-yoxdur-ndi-nin-t%c9%99dqiqatlari-n%c9%99d%c9%99n-x%c9%99b%c9%99r-verir\/#primaryimage\"},\"thumbnailUrl\":\"https:\/\/jam-news.net\/app\/uploads\/2020\/03\/National_Democratic_Institute_NDI_Logo-1-3.jpg\",\"articleSection\":[\"Geography\",\"Georgia\",\"Issues\",\"News\",\"Stories\"],\"inLanguage\":\"az\"},{\"@type\":\"WebPage\",\"@id\":\"https:\/\/jam-news.net\/az\/gurcustanda-populyar-partiya-yoxdur-ndi-nin-t%c9%99dqiqatlari-n%c9%99d%c9%99n-x%c9%99b%c9%99r-verir\/\",\"url\":\"https:\/\/jam-news.net\/az\/gurcustanda-populyar-partiya-yoxdur-ndi-nin-t%c9%99dqiqatlari-n%c9%99d%c9%99n-x%c9%99b%c9%99r-verir\/\",\"name\":\"G\u00fcrc\u00fcstanda populyar partiya yoxdur. ND\u0130-nin t\u0259dqiqatlar\u0131 n\u0259d\u0259n x\u0259b\u0259r verir - JAMnews\",\"isPartOf\":{\"@id\":\"https:\/\/jam-news.net\/az\/#website\"},\"primaryImageOfPage\":{\"@id\":\"https:\/\/jam-news.net\/az\/gurcustanda-populyar-partiya-yoxdur-ndi-nin-t%c9%99dqiqatlari-n%c9%99d%c9%99n-x%c9%99b%c9%99r-verir\/#primaryimage\"},\"image\":{\"@id\":\"https:\/\/jam-news.net\/az\/gurcustanda-populyar-partiya-yoxdur-ndi-nin-t%c9%99dqiqatlari-n%c9%99d%c9%99n-x%c9%99b%c9%99r-verir\/#primaryimage\"},\"thumbnailUrl\":\"https:\/\/jam-news.net\/app\/uploads\/2020\/03\/National_Democratic_Institute_NDI_Logo-1-3.jpg\",\"datePublished\":\"2017-07-28T00:00:00+00:00\",\"dateModified\":\"2020-03-18T11:22:20+00:00\",\"breadcrumb\":{\"@id\":\"https:\/\/jam-news.net\/az\/gurcustanda-populyar-partiya-yoxdur-ndi-nin-t%c9%99dqiqatlari-n%c9%99d%c9%99n-x%c9%99b%c9%99r-verir\/#breadcrumb\"},\"inLanguage\":\"az\",\"potentialAction\":[{\"@type\":\"ReadAction\",\"target\":[\"https:\/\/jam-news.net\/az\/gurcustanda-populyar-partiya-yoxdur-ndi-nin-t%c9%99dqiqatlari-n%c9%99d%c9%99n-x%c9%99b%c9%99r-verir\/\"]}]},{\"@type\":\"ImageObject\",\"inLanguage\":\"az\",\"@id\":\"https:\/\/jam-news.net\/az\/gurcustanda-populyar-partiya-yoxdur-ndi-nin-t%c9%99dqiqatlari-n%c9%99d%c9%99n-x%c9%99b%c9%99r-verir\/#primaryimage\",\"url\":\"https:\/\/jam-news.net\/app\/uploads\/2020\/03\/National_Democratic_Institute_NDI_Logo-1-3.jpg\",\"contentUrl\":\"https:\/\/jam-news.net\/app\/uploads\/2020\/03\/National_Democratic_Institute_NDI_Logo-1-3.jpg\",\"width\":1200,\"height\":840},{\"@type\":\"BreadcrumbList\",\"@id\":\"https:\/\/jam-news.net\/az\/gurcustanda-populyar-partiya-yoxdur-ndi-nin-t%c9%99dqiqatlari-n%c9%99d%c9%99n-x%c9%99b%c9%99r-verir\/#breadcrumb\",\"itemListElement\":[{\"@type\":\"ListItem\",\"position\":1,\"name\":\"Home\",\"item\":\"https:\/\/jam-news.net\/az\/\"},{\"@type\":\"ListItem\",\"position\":2,\"name\":\"G\u00fcrc\u00fcstanda populyar partiya yoxdur. ND\u0130-nin t\u0259dqiqatlar\u0131 n\u0259d\u0259n x\u0259b\u0259r verir\"}]},{\"@type\":\"WebSite\",\"@id\":\"https:\/\/jam-news.net\/az\/#website\",\"url\":\"https:\/\/jam-news.net\/az\/\",\"name\":\"Azerbaijani Jamnews\",\"description\":\"Caucasus News, Politics and Society\",\"publisher\":{\"@id\":\"https:\/\/jam-news.net\/az\/#organization\"},\"potentialAction\":[{\"@type\":\"SearchAction\",\"target\":{\"@type\":\"EntryPoint\",\"urlTemplate\":\"https:\/\/jam-news.net\/az\/?s={search_term_string}\"},\"query-input\":{\"@type\":\"PropertyValueSpecification\",\"valueRequired\":true,\"valueName\":\"search_term_string\"}}],\"inLanguage\":\"az\"},{\"@type\":\"Organization\",\"@id\":\"https:\/\/jam-news.net\/az\/#organization\",\"name\":\"JAMnews\",\"url\":\"https:\/\/jam-news.net\/az\/\",\"logo\":{\"@type\":\"ImageObject\",\"inLanguage\":\"az\",\"@id\":\"https:\/\/jam-news.net\/az\/#\/schema\/logo\/image\/\",\"url\":\"https:\/\/jam-news.net\/app\/uploads\/2020\/05\/JAM_w.jpg\",\"contentUrl\":\"https:\/\/jam-news.net\/app\/uploads\/2020\/05\/JAM_w.jpg\",\"width\":960,\"height\":960,\"caption\":\"JAMnews\"},\"image\":{\"@id\":\"https:\/\/jam-news.net\/az\/#\/schema\/logo\/image\/\"},\"sameAs\":[\"https:\/\/www.facebook.com\/JAMnewsInEnglish\/\",\"https:\/\/x.com\/JAMnewsCaucasus\",\"https:\/\/www.instagram.com\/jam_news\/\",\"https:\/\/www.youtube.com\/channel\/UCXQbUCme2pykuZYXWHx4VPg\"]},{\"@type\":\"Person\",\"@id\":\"https:\/\/jam-news.net\/az\/#\/schema\/person\/86c90ea4dd4c6e61e60ae51d24bc662c\",\"name\":\"Tatia nikoladze\",\"image\":{\"@type\":\"ImageObject\",\"inLanguage\":\"az\",\"@id\":\"https:\/\/jam-news.net\/az\/#\/schema\/person\/image\/\",\"url\":\"https:\/\/secure.gravatar.com\/avatar\/1f8b2c8ce4c25cc30806785bafe6bb03?s=96&d=mm&r=g\",\"contentUrl\":\"https:\/\/secure.gravatar.com\/avatar\/1f8b2c8ce4c25cc30806785bafe6bb03?s=96&d=mm&r=g\",\"caption\":\"Tatia nikoladze\"},\"url\":\"https:\/\/jam-news.net\/az\/author\/tatiani\/\"}]}<\/script>\n<!-- \/ Yoast SEO plugin. -->","yoast_head_json":{"title":"G\u00fcrc\u00fcstanda populyar partiya yoxdur. ND\u0130-nin t\u0259dqiqatlar\u0131 n\u0259d\u0259n x\u0259b\u0259r verir - JAMnews","robots":{"index":"index","follow":"follow","max-snippet":"max-snippet:-1","max-image-preview":"max-image-preview:large","max-video-preview":"max-video-preview:-1"},"canonical":"https:\/\/jam-news.net\/az\/gurcustanda-populyar-partiya-yoxdur-ndi-nin-t\u0259dqiqatlari-n\u0259d\u0259n-x\u0259b\u0259r-verir\/","og_locale":"az_AZ","og_type":"article","og_title":"G\u00fcrc\u00fcstanda populyar partiya yoxdur. ND\u0130-nin t\u0259dqiqatlar\u0131 n\u0259d\u0259n x\u0259b\u0259r verir - JAMnews","og_description":"Ara\u015fd\u0131rmada G\u00fcrc\u00fcstan v\u0259t\u0259nda\u015flar\u0131n\u0131n \u018ffqan Muxtarl\u0131n\u0131n i\u015fi il\u0259 ba\u011fl\u0131 n\u0259 d\u00fc\u015f\u00fcnd\u00fcy\u00fcn\u00fc d\u0259 \u00f6yr\u0259nm\u0259k olar","og_url":"https:\/\/jam-news.net\/az\/gurcustanda-populyar-partiya-yoxdur-ndi-nin-t\u0259dqiqatlari-n\u0259d\u0259n-x\u0259b\u0259r-verir\/","og_site_name":"Azerbaijani Jamnews","article_publisher":"https:\/\/www.facebook.com\/JAMnewsInEnglish\/","article_published_time":"2017-07-28T00:00:00+00:00","article_modified_time":"2020-03-18T11:22:20+00:00","og_image":[{"width":1200,"height":840,"url":"https:\/\/jam-news.net\/app\/uploads\/2020\/03\/National_Democratic_Institute_NDI_Logo-1-3.jpg","type":"image\/jpeg"}],"author":"Tatia nikoladze","twitter_card":"summary_large_image","twitter_creator":"@JAMnewsCaucasus","twitter_site":"@JAMnewsCaucasus","twitter_misc":{"Written by":"Tatia nikoladze","Est. reading time":"6 minutes"},"schema":{"@context":"https:\/\/schema.org","@graph":[{"@type":"Article","@id":"https:\/\/jam-news.net\/az\/gurcustanda-populyar-partiya-yoxdur-ndi-nin-t%c9%99dqiqatlari-n%c9%99d%c9%99n-x%c9%99b%c9%99r-verir\/#article","isPartOf":{"@id":"https:\/\/jam-news.net\/az\/gurcustanda-populyar-partiya-yoxdur-ndi-nin-t%c9%99dqiqatlari-n%c9%99d%c9%99n-x%c9%99b%c9%99r-verir\/"},"author":{"name":"Tatia nikoladze","@id":"https:\/\/jam-news.net\/az\/#\/schema\/person\/86c90ea4dd4c6e61e60ae51d24bc662c"},"headline":"G\u00fcrc\u00fcstanda populyar partiya yoxdur. ND\u0130-nin t\u0259dqiqatlar\u0131 n\u0259d\u0259n x\u0259b\u0259r verir","datePublished":"2017-07-28T00:00:00+00:00","dateModified":"2020-03-18T11:22:20+00:00","mainEntityOfPage":{"@id":"https:\/\/jam-news.net\/az\/gurcustanda-populyar-partiya-yoxdur-ndi-nin-t%c9%99dqiqatlari-n%c9%99d%c9%99n-x%c9%99b%c9%99r-verir\/"},"wordCount":1123,"commentCount":0,"publisher":{"@id":"https:\/\/jam-news.net\/az\/#organization"},"image":{"@id":"https:\/\/jam-news.net\/az\/gurcustanda-populyar-partiya-yoxdur-ndi-nin-t%c9%99dqiqatlari-n%c9%99d%c9%99n-x%c9%99b%c9%99r-verir\/#primaryimage"},"thumbnailUrl":"https:\/\/jam-news.net\/app\/uploads\/2020\/03\/National_Democratic_Institute_NDI_Logo-1-3.jpg","articleSection":["Geography","Georgia","Issues","News","Stories"],"inLanguage":"az"},{"@type":"WebPage","@id":"https:\/\/jam-news.net\/az\/gurcustanda-populyar-partiya-yoxdur-ndi-nin-t%c9%99dqiqatlari-n%c9%99d%c9%99n-x%c9%99b%c9%99r-verir\/","url":"https:\/\/jam-news.net\/az\/gurcustanda-populyar-partiya-yoxdur-ndi-nin-t%c9%99dqiqatlari-n%c9%99d%c9%99n-x%c9%99b%c9%99r-verir\/","name":"G\u00fcrc\u00fcstanda populyar partiya yoxdur. ND\u0130-nin t\u0259dqiqatlar\u0131 n\u0259d\u0259n x\u0259b\u0259r verir - JAMnews","isPartOf":{"@id":"https:\/\/jam-news.net\/az\/#website"},"primaryImageOfPage":{"@id":"https:\/\/jam-news.net\/az\/gurcustanda-populyar-partiya-yoxdur-ndi-nin-t%c9%99dqiqatlari-n%c9%99d%c9%99n-x%c9%99b%c9%99r-verir\/#primaryimage"},"image":{"@id":"https:\/\/jam-news.net\/az\/gurcustanda-populyar-partiya-yoxdur-ndi-nin-t%c9%99dqiqatlari-n%c9%99d%c9%99n-x%c9%99b%c9%99r-verir\/#primaryimage"},"thumbnailUrl":"https:\/\/jam-news.net\/app\/uploads\/2020\/03\/National_Democratic_Institute_NDI_Logo-1-3.jpg","datePublished":"2017-07-28T00:00:00+00:00","dateModified":"2020-03-18T11:22:20+00:00","breadcrumb":{"@id":"https:\/\/jam-news.net\/az\/gurcustanda-populyar-partiya-yoxdur-ndi-nin-t%c9%99dqiqatlari-n%c9%99d%c9%99n-x%c9%99b%c9%99r-verir\/#breadcrumb"},"inLanguage":"az","potentialAction":[{"@type":"ReadAction","target":["https:\/\/jam-news.net\/az\/gurcustanda-populyar-partiya-yoxdur-ndi-nin-t%c9%99dqiqatlari-n%c9%99d%c9%99n-x%c9%99b%c9%99r-verir\/"]}]},{"@type":"ImageObject","inLanguage":"az","@id":"https:\/\/jam-news.net\/az\/gurcustanda-populyar-partiya-yoxdur-ndi-nin-t%c9%99dqiqatlari-n%c9%99d%c9%99n-x%c9%99b%c9%99r-verir\/#primaryimage","url":"https:\/\/jam-news.net\/app\/uploads\/2020\/03\/National_Democratic_Institute_NDI_Logo-1-3.jpg","contentUrl":"https:\/\/jam-news.net\/app\/uploads\/2020\/03\/National_Democratic_Institute_NDI_Logo-1-3.jpg","width":1200,"height":840},{"@type":"BreadcrumbList","@id":"https:\/\/jam-news.net\/az\/gurcustanda-populyar-partiya-yoxdur-ndi-nin-t%c9%99dqiqatlari-n%c9%99d%c9%99n-x%c9%99b%c9%99r-verir\/#breadcrumb","itemListElement":[{"@type":"ListItem","position":1,"name":"Home","item":"https:\/\/jam-news.net\/az\/"},{"@type":"ListItem","position":2,"name":"G\u00fcrc\u00fcstanda populyar partiya yoxdur. ND\u0130-nin t\u0259dqiqatlar\u0131 n\u0259d\u0259n x\u0259b\u0259r verir"}]},{"@type":"WebSite","@id":"https:\/\/jam-news.net\/az\/#website","url":"https:\/\/jam-news.net\/az\/","name":"Azerbaijani Jamnews","description":"Caucasus News, Politics and Society","publisher":{"@id":"https:\/\/jam-news.net\/az\/#organization"},"potentialAction":[{"@type":"SearchAction","target":{"@type":"EntryPoint","urlTemplate":"https:\/\/jam-news.net\/az\/?s={search_term_string}"},"query-input":{"@type":"PropertyValueSpecification","valueRequired":true,"valueName":"search_term_string"}}],"inLanguage":"az"},{"@type":"Organization","@id":"https:\/\/jam-news.net\/az\/#organization","name":"JAMnews","url":"https:\/\/jam-news.net\/az\/","logo":{"@type":"ImageObject","inLanguage":"az","@id":"https:\/\/jam-news.net\/az\/#\/schema\/logo\/image\/","url":"https:\/\/jam-news.net\/app\/uploads\/2020\/05\/JAM_w.jpg","contentUrl":"https:\/\/jam-news.net\/app\/uploads\/2020\/05\/JAM_w.jpg","width":960,"height":960,"caption":"JAMnews"},"image":{"@id":"https:\/\/jam-news.net\/az\/#\/schema\/logo\/image\/"},"sameAs":["https:\/\/www.facebook.com\/JAMnewsInEnglish\/","https:\/\/x.com\/JAMnewsCaucasus","https:\/\/www.instagram.com\/jam_news\/","https:\/\/www.youtube.com\/channel\/UCXQbUCme2pykuZYXWHx4VPg"]},{"@type":"Person","@id":"https:\/\/jam-news.net\/az\/#\/schema\/person\/86c90ea4dd4c6e61e60ae51d24bc662c","name":"Tatia nikoladze","image":{"@type":"ImageObject","inLanguage":"az","@id":"https:\/\/jam-news.net\/az\/#\/schema\/person\/image\/","url":"https:\/\/secure.gravatar.com\/avatar\/1f8b2c8ce4c25cc30806785bafe6bb03?s=96&d=mm&r=g","contentUrl":"https:\/\/secure.gravatar.com\/avatar\/1f8b2c8ce4c25cc30806785bafe6bb03?s=96&d=mm&r=g","caption":"Tatia nikoladze"},"url":"https:\/\/jam-news.net\/az\/author\/tatiani\/"}]}},"_links":{"self":[{"href":"https:\/\/jam-news.net\/az\/wp-json\/wp\/v2\/posts\/6259","targetHints":{"allow":["GET"]}}],"collection":[{"href":"https:\/\/jam-news.net\/az\/wp-json\/wp\/v2\/posts"}],"about":[{"href":"https:\/\/jam-news.net\/az\/wp-json\/wp\/v2\/types\/post"}],"author":[{"embeddable":true,"href":"https:\/\/jam-news.net\/az\/wp-json\/wp\/v2\/users\/6"}],"replies":[{"embeddable":true,"href":"https:\/\/jam-news.net\/az\/wp-json\/wp\/v2\/comments?post=6259"}],"version-history":[{"count":1,"href":"https:\/\/jam-news.net\/az\/wp-json\/wp\/v2\/posts\/6259\/revisions"}],"predecessor-version":[{"id":15414,"href":"https:\/\/jam-news.net\/az\/wp-json\/wp\/v2\/posts\/6259\/revisions\/15414"}],"wp:featuredmedia":[{"embeddable":true,"href":"https:\/\/jam-news.net\/az\/wp-json\/wp\/v2\/media\/20240"}],"wp:attachment":[{"href":"https:\/\/jam-news.net\/az\/wp-json\/wp\/v2\/media?parent=6259"}],"wp:term":[{"taxonomy":"category","embeddable":true,"href":"https:\/\/jam-news.net\/az\/wp-json\/wp\/v2\/categories?post=6259"},{"taxonomy":"post_tag","embeddable":true,"href":"https:\/\/jam-news.net\/az\/wp-json\/wp\/v2\/tags?post=6259"},{"taxonomy":"formation","embeddable":true,"href":"https:\/\/jam-news.net\/az\/wp-json\/wp\/v2\/formation?post=6259"},{"taxonomy":"post-author","embeddable":true,"href":"https:\/\/jam-news.net\/az\/wp-json\/wp\/v2\/post-author?post=6259"},{"taxonomy":"topic","embeddable":true,"href":"https:\/\/jam-news.net\/az\/wp-json\/wp\/v2\/topic?post=6259"},{"taxonomy":"tooltip","embeddable":true,"href":"https:\/\/jam-news.net\/az\/wp-json\/wp\/v2\/tooltip?post=6259"},{"taxonomy":"city","embeddable":true,"href":"https:\/\/jam-news.net\/az\/wp-json\/wp\/v2\/city?post=6259"}],"curies":[{"name":"wp","href":"https:\/\/api.w.org\/{rel}","templated":true}]}}