{"id":6253,"date":"2017-07-27T00:00:00","date_gmt":"2017-07-27T00:00:00","guid":{"rendered":"http:\/\/jam-news.net\/az\/yaxin-uc-ild%c9%99-erm%c9%99nistanda-t%c9%99hsil%c9%99-daha-az-v%c9%99sait-ayrilacaq\/"},"modified":"2022-01-18T01:27:12","modified_gmt":"2022-01-17T21:27:12","slug":"yaxin-uc-ild%c9%99-erm%c9%99nistanda-t%c9%99hsil%c9%99-daha-az-v%c9%99sait-ayrilacaq","status":"publish","type":"post","link":"https:\/\/jam-news.net\/az\/yaxin-uc-ild%c9%99-erm%c9%99nistanda-t%c9%99hsil%c9%99-daha-az-v%c9%99sait-ayrilacaq\/","title":{"rendered":"Yax\u0131n \u00fc\u00e7 ild\u0259 Erm\u0259nistanda t\u0259hsil\u0259 daha az v\u0259sait ayr\u0131lacaq"},"content":{"rendered":"<p>Erm\u0259nistan h\u00f6kum\u0259ti yax\u0131n \u00fc\u00e7 il \u00fc\u00e7\u00fcn t\u0259hsil\u0259 ayr\u0131lan v\u0259saitin h\u0259cmini azaltmaq q\u0259rar\u0131 al\u0131b. Ekspertl\u0259rin fikrinc\u0259, t\u0259hsil sah\u0259sind\u0259ki q\u0259na\u0259t n\u0259tic\u0259sind\u0259 orta v\u0259 ali m\u0259kt\u0259bl\u0259r daha az pul alacaq, bu is\u0259 m\u00fc\u0259llim v\u0259 pedaqoqlar\u0131n daha az maa\u015f almas\u0131za v\u0259 t\u0259dris keyfiyy\u0259tinin a\u015fa\u011f\u0131 d\u00fc\u015fm\u0259sin\u0259 s\u0259b\u0259b olacaq.<\/p>\n<p>\u201cBu, s\u00f6z\u00fcged\u0259n sah\u0259 \u00fc\u00e7\u00fcn \u0259sl f\u0259lak\u0259tdir\u201d, &#8211; t\u0259hsil m\u0259s\u0259l\u0259l\u0259ri \u00fczr\u0259 ekspert Serob Xa\u00e7atryan deyir. Onun fikrinc\u0259, pulsuz n\u0259 keyfiyy\u0259tli m\u00fct\u0259x\u0259ssisl\u0259r, n\u0259 d\u0259 t\u0259hsilli n\u0259sil yeti\u015f\u0259c\u0259k.<\/p>\n<p>\u201cBiz m\u00fc\u0259lliml\u0259r\u0259 dey\u0259k ki, 100 min dram [t\u0259qrib\u0259n 200 dollar] \u00f6d\u0259m\u0259li idik, indi 80 min [t\u0259qrib\u0259n 170 dollar] \u00f6d\u0259y\u0259c\u0259yik. Amma h\u0259yatda h\u0259r \u015feyin bir qiym\u0259ti var, bel\u0259likl\u0259 art\u0131q k\u0259lm\u0259y\u0259 ehtiyac olmadan dey\u0259 bil\u0259rik ki, b\u00fct\u00fcn sistem\u0259 ziyan vurulur\u201d, &#8211; Xa\u00e7atryan vur\u011fulay\u0131b.<\/p>\n<p>H\u00f6kum\u0259t q\u0259bul olunmu\u015f bu q\u0259rar\u0131 bel\u0259 \u015f\u0259rh edir: \u201cH\u00f6kum\u0259t \u00f6lk\u0259nin stabil inki\u015faf v\u0259 ir\u0259lil\u0259yi\u015fi \u00fc\u00e7\u00fcn \u0259sas \u015f\u0259rtl\u0259rd\u0259n biri olan t\u0259hsil\u0259 b\u00f6y\u00fck \u00f6n\u0259m verir. Amma haz\u0131rk\u0131 sistemin optimal formata g\u0259tirilm\u0259si t\u0259hsil\u0259 ayr\u0131lan x\u0259rcl\u0259rin art\u0131r\u0131lmas\u0131 \u00fc\u00e7\u00fcn \u0259saslar\u0131 m\u0259hdudla\u015fd\u0131r\u0131r. N\u00f6vb\u0259ti m\u0259rh\u0259l\u0259d\u0259 h\u00f6kum\u0259t t\u0259hsil\u0259 ayr\u0131lan d\u00f6vl\u0259t x\u0259rcl\u0259rini h\u0259m nominal h\u0259cmd\u0259, h\u0259m d\u0259 \u00dcDM- m\u00fcnasib\u0259td\u0259 davaml\u0131 olaraq art\u0131rma\u011f\u0131 planla\u015fd\u0131r\u0131r\u201d.<\/p>\n<p>Amma bu izahat m\u00fct\u0259x\u0259ssisl\u0259ri raz\u0131 salmay\u0131b. Mxitar Sebastatsi T\u0259hsil Kompleksinin direktoru A\u015fot Bleyan hesab edir ki, t\u0259hsil sah\u0259si onsuz da yet\u0259ri q\u0259d\u0259r maliyy\u0259l\u0259\u015fdirilmir, m\u00fc\u0259lliml\u0259rin maa\u015flar\u0131 is\u0259 \u201cm\u00fcavin\u0259ti\u201d xat\u0131rlad\u0131r. Bu \u015f\u0259raitd\u0259 t\u0259hsil\u0259 ayr\u0131lan v\u0259saitin azald\u0131lmas\u0131 onun fikrinc\u0259 biab\u0131r\u00e7\u0131l\u0131qd\u0131r.<\/p>\n<p>O vur\u011fulay\u0131b ki, h\u00f6kum\u0259t t\u0259hsil sah\u0259sind\u0259 yeni layih\u0259l\u0259rin h\u0259yata ke\u00e7irilm\u0259si haqda d\u00fc\u015f\u00fcns\u0259, g\u0259ncl\u0259r\u0259 \u00f6z\u00fcn\u00fct\u0259hsill\u0259 m\u0259\u015f\u011ful olmaq imkanlar\u0131 vers\u0259 daha yax\u015f\u0131 olard\u0131.<\/p>\n<p>Bu m\u0259s\u0259l\u0259 il\u0259 ba\u011fl\u0131 Facebook istifad\u0259\u00e7il\u0259ri d\u0259 \u00f6z naraz\u0131l\u0131qlar\u0131n\u0131 bildiribl\u0259r. H\u00f6kum\u0259tin t\u0259hsil\u0259 ayr\u0131lan v\u0259saitl\u0259ri azaltmas\u0131 haqda q\u0259rar\u0131 n\u0259inki onlar\u0131n r\u0259\u011fb\u0259tini qazanmay\u0131b, \u00fcst\u0259lik sosial \u015f\u0259b\u0259k\u0259 istifad\u0259\u00e7il\u0259ri bununla onsuz da keyfiyy\u0259ti a\u015fa\u011f\u0131 s\u0259viyy\u0259d\u0259 olan t\u0259drisin daha da pisl\u0259\u015f\u0259c\u0259yi \u00fc\u00e7\u00fcn q\u0259z\u0259bl\u0259nibl\u0259r.<\/p>\n<p>\u201cB\u0259s Respublika\u00e7\u0131lar Partiyas\u0131 elm\u0259 s\u00f6yk\u0259n\u0259n iqtisadiyyat, t\u0259hsil sah\u0259sin\u0259 x\u0259rcl\u0259rin art\u0131r\u0131lmas\u0131 haqda dan\u0131\u015f\u0131rd\u0131 v\u0259 s\u00f6z veridi ki, bla-bla-bla\u201d<\/p>\n<p>\u201cNu\u015f olsun, \u0259ziz h\u00f6kum\u0259t, bax ha, partlamayasan&#8230;\u201d<\/p>\n<p>\u201cAf\u0259rin, \u00f6ld\u00fcr\u00fcn bu \u00f6lk\u0259nin g\u0259l\u0259c\u0259yini. Pulemyotdan, c\u0259nablar, pulemyotdan\u201d.<\/p>\n<p>\u201cDiqq\u0259t, \u00f6l\u00fcm yata\u011f\u0131nda olan t\u0259hsil sistemi d\u00f6vl\u0259t s\u0259viyy\u0259sind\u0259 m\u0259hv edilir\u201d.<\/p>\n<p>\u201c\u0130ndiy\u0259 q\u0259d\u0259r h\u0259tta bizim \u00f6lk\u0259mizd\u0259 d\u0259 formal olaraq m\u00fcmk\u00fcn y\u00fcks\u0259li\u015f ehtimal olunurdu. M\u0259nim g\u00f6z\u0259l Nairi \u00f6lk\u0259m, h\u00f6kum\u0259ti t\u0259hsilin maliyy\u0259l\u0259\u015fdirilm\u0259sinin m\u0259qs\u0259dy\u00f6nl\u00fc \u00fc\u00e7 m\u0259rh\u0259l\u0259li m\u0259hdudla\u015fmas\u0131n\u0131 elan ed\u0259n unikal \u00f6lk\u0259dir, y\u0259ni n\u00f6vb\u0259ti \u00fc\u00e7 ild\u0259 maliyy\u0259l\u0259\u015fm\u0259 h\u0259r \u0259vv\u0259lki il\u0259 nisb\u0259t\u0259n azald\u0131lacaq\u201d.<\/p>\n<p>\u201cT\u0259hsil haqq\u0131n\u0131n qald\u0131r\u0131lmas\u0131, t\u0259hsil\u0259 ayr\u0131lan v\u0259saitin azald\u0131lmas\u0131. N\u0259 vaxta q\u0259d\u0259r? \u00d6lk\u0259mizin yegan\u0259 normal resursu t\u0259hsilli n\u0259sildir, amma bizim h\u00f6kum\u0259timiz bu yolla c\u0259miyy\u0259tin inki\u015faf\u0131na mane olur, kas\u0131b \u00f6lk\u0259d\u0259 c\u0259miyy\u0259tin b\u00f6y\u00fck hiss\u0259sini t\u0259hsil almaq imkan\u0131ndan m\u0259hrum edir. T\u0259hsil ictimai m\u00fclkiyy\u0259tdir, biznes deyil\u201d.<\/p>\n","protected":false},"excerpt":{"rendered":"<p>Ekspertl\u0259rin fikrinc\u0259, n\u0259tic\u0259d\u0259 m\u00fc\u0259llim v\u0259 pedaqoqlara daha az \u0259m\u0259k haqq\u0131 veril\u0259c\u0259k<\/p>\n","protected":false},"author":8,"featured_media":20236,"comment_status":"open","ping_status":"open","sticky":false,"template":"","format":"standard","meta":{"_acf_changed":false,"footnotes":""},"categories":[27,2,25,50,35],"tags":[33,100],"formation":[],"post-author":[2888],"topic":[],"tooltip":[],"city":[6054],"class_list":["post-6253","post","type-post","status-publish","format-standard","has-post-thumbnail","hentry","category-ermnistan","category-cografiya","category-cmiyyt","category-xbrlr","category-hekaylr","tag-ermnistan","tag-thsil","post-author-jamnews","city-yerevan"],"acf":[],"yoast_head":"<!-- This site is optimized with the Yoast SEO plugin v24.1 - https:\/\/yoast.com\/wordpress\/plugins\/seo\/ -->\n<title>Yax\u0131n \u00fc\u00e7 ild\u0259 Erm\u0259nistanda t\u0259hsil\u0259 daha az v\u0259sait ayr\u0131lacaq - JAMnews<\/title>\n<meta name=\"robots\" content=\"index, follow, max-snippet:-1, max-image-preview:large, max-video-preview:-1\" \/>\n<link rel=\"canonical\" href=\"https:\/\/jam-news.net\/az\/yaxin-uc-ild\u0259-erm\u0259nistanda-t\u0259hsil\u0259-daha-az-v\u0259sait-ayrilacaq\/\" \/>\n<meta property=\"og:locale\" content=\"az_AZ\" \/>\n<meta property=\"og:type\" content=\"article\" \/>\n<meta property=\"og:title\" content=\"Yax\u0131n \u00fc\u00e7 ild\u0259 Erm\u0259nistanda t\u0259hsil\u0259 daha az v\u0259sait ayr\u0131lacaq - JAMnews\" \/>\n<meta property=\"og:description\" content=\"Ekspertl\u0259rin fikrinc\u0259, n\u0259tic\u0259d\u0259 m\u00fc\u0259llim v\u0259 pedaqoqlara daha az \u0259m\u0259k haqq\u0131 veril\u0259c\u0259k\" \/>\n<meta property=\"og:url\" content=\"https:\/\/jam-news.net\/az\/yaxin-uc-ild\u0259-erm\u0259nistanda-t\u0259hsil\u0259-daha-az-v\u0259sait-ayrilacaq\/\" \/>\n<meta property=\"og:site_name\" content=\"Azerbaijani Jamnews\" \/>\n<meta property=\"article:publisher\" content=\"https:\/\/www.facebook.com\/JAMnewsInEnglish\/\" \/>\n<meta property=\"article:published_time\" content=\"2017-07-27T00:00:00+00:00\" \/>\n<meta property=\"article:modified_time\" content=\"2022-01-17T21:27:12+00:00\" \/>\n<meta property=\"og:image\" content=\"https:\/\/jam-news.net\/app\/uploads\/2020\/03\/601-3.jpg\" \/>\n\t<meta property=\"og:image:width\" content=\"720\" \/>\n\t<meta property=\"og:image:height\" content=\"480\" \/>\n\t<meta property=\"og:image:type\" content=\"image\/jpeg\" \/>\n<meta name=\"author\" content=\"Naira Martikian\" \/>\n<meta name=\"twitter:card\" content=\"summary_large_image\" \/>\n<meta name=\"twitter:creator\" content=\"@JAMnewsCaucasus\" \/>\n<meta name=\"twitter:site\" content=\"@JAMnewsCaucasus\" \/>\n<meta name=\"twitter:label1\" content=\"Written by\" \/>\n\t<meta name=\"twitter:data1\" content=\"Naira Martikian\" \/>\n\t<meta name=\"twitter:label2\" content=\"Est. reading time\" \/>\n\t<meta name=\"twitter:data2\" content=\"3 minutes\" \/>\n<script type=\"application\/ld+json\" class=\"yoast-schema-graph\">{\"@context\":\"https:\/\/schema.org\",\"@graph\":[{\"@type\":\"Article\",\"@id\":\"https:\/\/jam-news.net\/az\/yaxin-uc-ild%c9%99-erm%c9%99nistanda-t%c9%99hsil%c9%99-daha-az-v%c9%99sait-ayrilacaq\/#article\",\"isPartOf\":{\"@id\":\"https:\/\/jam-news.net\/az\/yaxin-uc-ild%c9%99-erm%c9%99nistanda-t%c9%99hsil%c9%99-daha-az-v%c9%99sait-ayrilacaq\/\"},\"author\":{\"name\":\"Naira Martikian\",\"@id\":\"https:\/\/jam-news.net\/az\/#\/schema\/person\/e82f374df8fce3377c56e285e5c11387\"},\"headline\":\"Yax\u0131n \u00fc\u00e7 ild\u0259 Erm\u0259nistanda t\u0259hsil\u0259 daha az v\u0259sait ayr\u0131lacaq\",\"datePublished\":\"2017-07-27T00:00:00+00:00\",\"dateModified\":\"2022-01-17T21:27:12+00:00\",\"mainEntityOfPage\":{\"@id\":\"https:\/\/jam-news.net\/az\/yaxin-uc-ild%c9%99-erm%c9%99nistanda-t%c9%99hsil%c9%99-daha-az-v%c9%99sait-ayrilacaq\/\"},\"wordCount\":699,\"commentCount\":0,\"publisher\":{\"@id\":\"https:\/\/jam-news.net\/az\/#organization\"},\"image\":{\"@id\":\"https:\/\/jam-news.net\/az\/yaxin-uc-ild%c9%99-erm%c9%99nistanda-t%c9%99hsil%c9%99-daha-az-v%c9%99sait-ayrilacaq\/#primaryimage\"},\"thumbnailUrl\":\"https:\/\/jam-news.net\/app\/uploads\/2020\/03\/601-3.jpg\",\"keywords\":[\"Erm\u0259nistan\",\"T\u0259hsil\"],\"articleSection\":[\"Armenia\",\"Geography\",\"Issues\",\"News\",\"Stories\"],\"inLanguage\":\"az\"},{\"@type\":\"WebPage\",\"@id\":\"https:\/\/jam-news.net\/az\/yaxin-uc-ild%c9%99-erm%c9%99nistanda-t%c9%99hsil%c9%99-daha-az-v%c9%99sait-ayrilacaq\/\",\"url\":\"https:\/\/jam-news.net\/az\/yaxin-uc-ild%c9%99-erm%c9%99nistanda-t%c9%99hsil%c9%99-daha-az-v%c9%99sait-ayrilacaq\/\",\"name\":\"Yax\u0131n \u00fc\u00e7 ild\u0259 Erm\u0259nistanda t\u0259hsil\u0259 daha az v\u0259sait ayr\u0131lacaq - JAMnews\",\"isPartOf\":{\"@id\":\"https:\/\/jam-news.net\/az\/#website\"},\"primaryImageOfPage\":{\"@id\":\"https:\/\/jam-news.net\/az\/yaxin-uc-ild%c9%99-erm%c9%99nistanda-t%c9%99hsil%c9%99-daha-az-v%c9%99sait-ayrilacaq\/#primaryimage\"},\"image\":{\"@id\":\"https:\/\/jam-news.net\/az\/yaxin-uc-ild%c9%99-erm%c9%99nistanda-t%c9%99hsil%c9%99-daha-az-v%c9%99sait-ayrilacaq\/#primaryimage\"},\"thumbnailUrl\":\"https:\/\/jam-news.net\/app\/uploads\/2020\/03\/601-3.jpg\",\"datePublished\":\"2017-07-27T00:00:00+00:00\",\"dateModified\":\"2022-01-17T21:27:12+00:00\",\"breadcrumb\":{\"@id\":\"https:\/\/jam-news.net\/az\/yaxin-uc-ild%c9%99-erm%c9%99nistanda-t%c9%99hsil%c9%99-daha-az-v%c9%99sait-ayrilacaq\/#breadcrumb\"},\"inLanguage\":\"az\",\"potentialAction\":[{\"@type\":\"ReadAction\",\"target\":[\"https:\/\/jam-news.net\/az\/yaxin-uc-ild%c9%99-erm%c9%99nistanda-t%c9%99hsil%c9%99-daha-az-v%c9%99sait-ayrilacaq\/\"]}]},{\"@type\":\"ImageObject\",\"inLanguage\":\"az\",\"@id\":\"https:\/\/jam-news.net\/az\/yaxin-uc-ild%c9%99-erm%c9%99nistanda-t%c9%99hsil%c9%99-daha-az-v%c9%99sait-ayrilacaq\/#primaryimage\",\"url\":\"https:\/\/jam-news.net\/app\/uploads\/2020\/03\/601-3.jpg\",\"contentUrl\":\"https:\/\/jam-news.net\/app\/uploads\/2020\/03\/601-3.jpg\",\"width\":720,\"height\":480},{\"@type\":\"BreadcrumbList\",\"@id\":\"https:\/\/jam-news.net\/az\/yaxin-uc-ild%c9%99-erm%c9%99nistanda-t%c9%99hsil%c9%99-daha-az-v%c9%99sait-ayrilacaq\/#breadcrumb\",\"itemListElement\":[{\"@type\":\"ListItem\",\"position\":1,\"name\":\"Home\",\"item\":\"https:\/\/jam-news.net\/az\/\"},{\"@type\":\"ListItem\",\"position\":2,\"name\":\"Yax\u0131n \u00fc\u00e7 ild\u0259 Erm\u0259nistanda t\u0259hsil\u0259 daha az v\u0259sait ayr\u0131lacaq\"}]},{\"@type\":\"WebSite\",\"@id\":\"https:\/\/jam-news.net\/az\/#website\",\"url\":\"https:\/\/jam-news.net\/az\/\",\"name\":\"Azerbaijani Jamnews\",\"description\":\"Caucasus News, Politics and Society\",\"publisher\":{\"@id\":\"https:\/\/jam-news.net\/az\/#organization\"},\"potentialAction\":[{\"@type\":\"SearchAction\",\"target\":{\"@type\":\"EntryPoint\",\"urlTemplate\":\"https:\/\/jam-news.net\/az\/?s={search_term_string}\"},\"query-input\":{\"@type\":\"PropertyValueSpecification\",\"valueRequired\":true,\"valueName\":\"search_term_string\"}}],\"inLanguage\":\"az\"},{\"@type\":\"Organization\",\"@id\":\"https:\/\/jam-news.net\/az\/#organization\",\"name\":\"JAMnews\",\"url\":\"https:\/\/jam-news.net\/az\/\",\"logo\":{\"@type\":\"ImageObject\",\"inLanguage\":\"az\",\"@id\":\"https:\/\/jam-news.net\/az\/#\/schema\/logo\/image\/\",\"url\":\"https:\/\/jam-news.net\/app\/uploads\/2020\/05\/JAM_w.jpg\",\"contentUrl\":\"https:\/\/jam-news.net\/app\/uploads\/2020\/05\/JAM_w.jpg\",\"width\":960,\"height\":960,\"caption\":\"JAMnews\"},\"image\":{\"@id\":\"https:\/\/jam-news.net\/az\/#\/schema\/logo\/image\/\"},\"sameAs\":[\"https:\/\/www.facebook.com\/JAMnewsInEnglish\/\",\"https:\/\/x.com\/JAMnewsCaucasus\",\"https:\/\/www.instagram.com\/jam_news\/\",\"https:\/\/www.youtube.com\/channel\/UCXQbUCme2pykuZYXWHx4VPg\"]},{\"@type\":\"Person\",\"@id\":\"https:\/\/jam-news.net\/az\/#\/schema\/person\/e82f374df8fce3377c56e285e5c11387\",\"name\":\"Naira Martikian\",\"image\":{\"@type\":\"ImageObject\",\"inLanguage\":\"az\",\"@id\":\"https:\/\/jam-news.net\/az\/#\/schema\/person\/image\/\",\"url\":\"https:\/\/secure.gravatar.com\/avatar\/0696bcd343e46256c029b752a654bade?s=96&d=mm&r=g\",\"contentUrl\":\"https:\/\/secure.gravatar.com\/avatar\/0696bcd343e46256c029b752a654bade?s=96&d=mm&r=g\",\"caption\":\"Naira Martikian\"},\"url\":\"https:\/\/jam-news.net\/az\/author\/nairama\/\"}]}<\/script>\n<!-- \/ Yoast SEO plugin. -->","yoast_head_json":{"title":"Yax\u0131n \u00fc\u00e7 ild\u0259 Erm\u0259nistanda t\u0259hsil\u0259 daha az v\u0259sait ayr\u0131lacaq - JAMnews","robots":{"index":"index","follow":"follow","max-snippet":"max-snippet:-1","max-image-preview":"max-image-preview:large","max-video-preview":"max-video-preview:-1"},"canonical":"https:\/\/jam-news.net\/az\/yaxin-uc-ild\u0259-erm\u0259nistanda-t\u0259hsil\u0259-daha-az-v\u0259sait-ayrilacaq\/","og_locale":"az_AZ","og_type":"article","og_title":"Yax\u0131n \u00fc\u00e7 ild\u0259 Erm\u0259nistanda t\u0259hsil\u0259 daha az v\u0259sait ayr\u0131lacaq - JAMnews","og_description":"Ekspertl\u0259rin fikrinc\u0259, n\u0259tic\u0259d\u0259 m\u00fc\u0259llim v\u0259 pedaqoqlara daha az \u0259m\u0259k haqq\u0131 veril\u0259c\u0259k","og_url":"https:\/\/jam-news.net\/az\/yaxin-uc-ild\u0259-erm\u0259nistanda-t\u0259hsil\u0259-daha-az-v\u0259sait-ayrilacaq\/","og_site_name":"Azerbaijani Jamnews","article_publisher":"https:\/\/www.facebook.com\/JAMnewsInEnglish\/","article_published_time":"2017-07-27T00:00:00+00:00","article_modified_time":"2022-01-17T21:27:12+00:00","og_image":[{"width":720,"height":480,"url":"https:\/\/jam-news.net\/app\/uploads\/2020\/03\/601-3.jpg","type":"image\/jpeg"}],"author":"Naira Martikian","twitter_card":"summary_large_image","twitter_creator":"@JAMnewsCaucasus","twitter_site":"@JAMnewsCaucasus","twitter_misc":{"Written by":"Naira Martikian","Est. reading time":"3 minutes"},"schema":{"@context":"https:\/\/schema.org","@graph":[{"@type":"Article","@id":"https:\/\/jam-news.net\/az\/yaxin-uc-ild%c9%99-erm%c9%99nistanda-t%c9%99hsil%c9%99-daha-az-v%c9%99sait-ayrilacaq\/#article","isPartOf":{"@id":"https:\/\/jam-news.net\/az\/yaxin-uc-ild%c9%99-erm%c9%99nistanda-t%c9%99hsil%c9%99-daha-az-v%c9%99sait-ayrilacaq\/"},"author":{"name":"Naira Martikian","@id":"https:\/\/jam-news.net\/az\/#\/schema\/person\/e82f374df8fce3377c56e285e5c11387"},"headline":"Yax\u0131n \u00fc\u00e7 ild\u0259 Erm\u0259nistanda t\u0259hsil\u0259 daha az v\u0259sait ayr\u0131lacaq","datePublished":"2017-07-27T00:00:00+00:00","dateModified":"2022-01-17T21:27:12+00:00","mainEntityOfPage":{"@id":"https:\/\/jam-news.net\/az\/yaxin-uc-ild%c9%99-erm%c9%99nistanda-t%c9%99hsil%c9%99-daha-az-v%c9%99sait-ayrilacaq\/"},"wordCount":699,"commentCount":0,"publisher":{"@id":"https:\/\/jam-news.net\/az\/#organization"},"image":{"@id":"https:\/\/jam-news.net\/az\/yaxin-uc-ild%c9%99-erm%c9%99nistanda-t%c9%99hsil%c9%99-daha-az-v%c9%99sait-ayrilacaq\/#primaryimage"},"thumbnailUrl":"https:\/\/jam-news.net\/app\/uploads\/2020\/03\/601-3.jpg","keywords":["Erm\u0259nistan","T\u0259hsil"],"articleSection":["Armenia","Geography","Issues","News","Stories"],"inLanguage":"az"},{"@type":"WebPage","@id":"https:\/\/jam-news.net\/az\/yaxin-uc-ild%c9%99-erm%c9%99nistanda-t%c9%99hsil%c9%99-daha-az-v%c9%99sait-ayrilacaq\/","url":"https:\/\/jam-news.net\/az\/yaxin-uc-ild%c9%99-erm%c9%99nistanda-t%c9%99hsil%c9%99-daha-az-v%c9%99sait-ayrilacaq\/","name":"Yax\u0131n \u00fc\u00e7 ild\u0259 Erm\u0259nistanda t\u0259hsil\u0259 daha az v\u0259sait ayr\u0131lacaq - JAMnews","isPartOf":{"@id":"https:\/\/jam-news.net\/az\/#website"},"primaryImageOfPage":{"@id":"https:\/\/jam-news.net\/az\/yaxin-uc-ild%c9%99-erm%c9%99nistanda-t%c9%99hsil%c9%99-daha-az-v%c9%99sait-ayrilacaq\/#primaryimage"},"image":{"@id":"https:\/\/jam-news.net\/az\/yaxin-uc-ild%c9%99-erm%c9%99nistanda-t%c9%99hsil%c9%99-daha-az-v%c9%99sait-ayrilacaq\/#primaryimage"},"thumbnailUrl":"https:\/\/jam-news.net\/app\/uploads\/2020\/03\/601-3.jpg","datePublished":"2017-07-27T00:00:00+00:00","dateModified":"2022-01-17T21:27:12+00:00","breadcrumb":{"@id":"https:\/\/jam-news.net\/az\/yaxin-uc-ild%c9%99-erm%c9%99nistanda-t%c9%99hsil%c9%99-daha-az-v%c9%99sait-ayrilacaq\/#breadcrumb"},"inLanguage":"az","potentialAction":[{"@type":"ReadAction","target":["https:\/\/jam-news.net\/az\/yaxin-uc-ild%c9%99-erm%c9%99nistanda-t%c9%99hsil%c9%99-daha-az-v%c9%99sait-ayrilacaq\/"]}]},{"@type":"ImageObject","inLanguage":"az","@id":"https:\/\/jam-news.net\/az\/yaxin-uc-ild%c9%99-erm%c9%99nistanda-t%c9%99hsil%c9%99-daha-az-v%c9%99sait-ayrilacaq\/#primaryimage","url":"https:\/\/jam-news.net\/app\/uploads\/2020\/03\/601-3.jpg","contentUrl":"https:\/\/jam-news.net\/app\/uploads\/2020\/03\/601-3.jpg","width":720,"height":480},{"@type":"BreadcrumbList","@id":"https:\/\/jam-news.net\/az\/yaxin-uc-ild%c9%99-erm%c9%99nistanda-t%c9%99hsil%c9%99-daha-az-v%c9%99sait-ayrilacaq\/#breadcrumb","itemListElement":[{"@type":"ListItem","position":1,"name":"Home","item":"https:\/\/jam-news.net\/az\/"},{"@type":"ListItem","position":2,"name":"Yax\u0131n \u00fc\u00e7 ild\u0259 Erm\u0259nistanda t\u0259hsil\u0259 daha az v\u0259sait ayr\u0131lacaq"}]},{"@type":"WebSite","@id":"https:\/\/jam-news.net\/az\/#website","url":"https:\/\/jam-news.net\/az\/","name":"Azerbaijani Jamnews","description":"Caucasus News, Politics and Society","publisher":{"@id":"https:\/\/jam-news.net\/az\/#organization"},"potentialAction":[{"@type":"SearchAction","target":{"@type":"EntryPoint","urlTemplate":"https:\/\/jam-news.net\/az\/?s={search_term_string}"},"query-input":{"@type":"PropertyValueSpecification","valueRequired":true,"valueName":"search_term_string"}}],"inLanguage":"az"},{"@type":"Organization","@id":"https:\/\/jam-news.net\/az\/#organization","name":"JAMnews","url":"https:\/\/jam-news.net\/az\/","logo":{"@type":"ImageObject","inLanguage":"az","@id":"https:\/\/jam-news.net\/az\/#\/schema\/logo\/image\/","url":"https:\/\/jam-news.net\/app\/uploads\/2020\/05\/JAM_w.jpg","contentUrl":"https:\/\/jam-news.net\/app\/uploads\/2020\/05\/JAM_w.jpg","width":960,"height":960,"caption":"JAMnews"},"image":{"@id":"https:\/\/jam-news.net\/az\/#\/schema\/logo\/image\/"},"sameAs":["https:\/\/www.facebook.com\/JAMnewsInEnglish\/","https:\/\/x.com\/JAMnewsCaucasus","https:\/\/www.instagram.com\/jam_news\/","https:\/\/www.youtube.com\/channel\/UCXQbUCme2pykuZYXWHx4VPg"]},{"@type":"Person","@id":"https:\/\/jam-news.net\/az\/#\/schema\/person\/e82f374df8fce3377c56e285e5c11387","name":"Naira Martikian","image":{"@type":"ImageObject","inLanguage":"az","@id":"https:\/\/jam-news.net\/az\/#\/schema\/person\/image\/","url":"https:\/\/secure.gravatar.com\/avatar\/0696bcd343e46256c029b752a654bade?s=96&d=mm&r=g","contentUrl":"https:\/\/secure.gravatar.com\/avatar\/0696bcd343e46256c029b752a654bade?s=96&d=mm&r=g","caption":"Naira Martikian"},"url":"https:\/\/jam-news.net\/az\/author\/nairama\/"}]}},"_links":{"self":[{"href":"https:\/\/jam-news.net\/az\/wp-json\/wp\/v2\/posts\/6253","targetHints":{"allow":["GET"]}}],"collection":[{"href":"https:\/\/jam-news.net\/az\/wp-json\/wp\/v2\/posts"}],"about":[{"href":"https:\/\/jam-news.net\/az\/wp-json\/wp\/v2\/types\/post"}],"author":[{"embeddable":true,"href":"https:\/\/jam-news.net\/az\/wp-json\/wp\/v2\/users\/8"}],"replies":[{"embeddable":true,"href":"https:\/\/jam-news.net\/az\/wp-json\/wp\/v2\/comments?post=6253"}],"version-history":[{"count":1,"href":"https:\/\/jam-news.net\/az\/wp-json\/wp\/v2\/posts\/6253\/revisions"}],"predecessor-version":[{"id":15417,"href":"https:\/\/jam-news.net\/az\/wp-json\/wp\/v2\/posts\/6253\/revisions\/15417"}],"wp:featuredmedia":[{"embeddable":true,"href":"https:\/\/jam-news.net\/az\/wp-json\/wp\/v2\/media\/20236"}],"wp:attachment":[{"href":"https:\/\/jam-news.net\/az\/wp-json\/wp\/v2\/media?parent=6253"}],"wp:term":[{"taxonomy":"category","embeddable":true,"href":"https:\/\/jam-news.net\/az\/wp-json\/wp\/v2\/categories?post=6253"},{"taxonomy":"post_tag","embeddable":true,"href":"https:\/\/jam-news.net\/az\/wp-json\/wp\/v2\/tags?post=6253"},{"taxonomy":"formation","embeddable":true,"href":"https:\/\/jam-news.net\/az\/wp-json\/wp\/v2\/formation?post=6253"},{"taxonomy":"post-author","embeddable":true,"href":"https:\/\/jam-news.net\/az\/wp-json\/wp\/v2\/post-author?post=6253"},{"taxonomy":"topic","embeddable":true,"href":"https:\/\/jam-news.net\/az\/wp-json\/wp\/v2\/topic?post=6253"},{"taxonomy":"tooltip","embeddable":true,"href":"https:\/\/jam-news.net\/az\/wp-json\/wp\/v2\/tooltip?post=6253"},{"taxonomy":"city","embeddable":true,"href":"https:\/\/jam-news.net\/az\/wp-json\/wp\/v2\/city?post=6253"}],"curies":[{"name":"wp","href":"https:\/\/api.w.org\/{rel}","templated":true}]}}