{"id":6223,"date":"2017-07-22T00:00:00","date_gmt":"2017-07-22T00:00:00","guid":{"rendered":"http:\/\/jam-news.net\/az\/erm%c9%99nistanda-aaii-d%c9%99n-cixmaq-t%c9%99klifi-muzakir%c9%99-olunur\/"},"modified":"2022-01-18T01:27:16","modified_gmt":"2022-01-17T21:27:16","slug":"erm%c9%99nistanda-aaii-d%c9%99n-cixmaq-t%c9%99klifi-muzakir%c9%99-olunur","status":"publish","type":"post","link":"https:\/\/jam-news.net\/az\/erm%c9%99nistanda-aaii-d%c9%99n-cixmaq-t%c9%99klifi-muzakir%c9%99-olunur\/","title":{"rendered":"Erm\u0259nistanda AA\u0130\u0130-d\u0259n \u00e7\u0131xmaq t\u0259klifi m\u00fczakir\u0259 olunur"},"content":{"rendered":"<h6>\u201cYelk\u201d blokunun n\u00fcmay\u0259nd\u0259l\u0259ri. Foto: Aniarc.am<\/h6>\n<p>Erm\u0259nistan Avrasiya \u0130qtisadi \u0130ttifaq\u0131ndan \u00e7\u0131xmaq prosesin\u0259 ba\u015flamal\u0131d\u0131r. Bu haqda \u201cYelk\u201d (t\u0259rc\u00fcm\u0259d\u0259 \u201c\u00e7\u0131x\u0131\u015f\u201d dem\u0259kdir) m\u00fcxalif blokunun liderl\u0259rind\u0259n biri Edmon Marukyan bildirib.<\/p>\n<p>\n    <div class=\"bd_notification notification_info\">\n      <i><\/i><\/p>\n<p>Erm\u0259nistan 2015-ci ild\u0259 AA\u0130\u0130-nin \u00fczv\u00fc olub. T\u0259\u015fkilat\u0131n dig\u0259r \u00fczvl\u0259ri Rusiya, Belarus, Qazax\u0131stan v\u0259 Q\u0131r\u011f\u0131z\u0131stand\u0131r.<\/p>\n<p>&nbsp;<\/p>\n<p>\n    <\/div>\n    <\/p>\n<p>Onun b\u0259yanat\u0131 f\u0259al daxili siyasi m\u00fczakir\u0259l\u0259r\u0259 s\u0259b\u0259b olub, \u00e7\u00fcnki Erm\u0259nistan\u0131n Milli M\u0259clisind\u0259 t\u0259msil olunan q\u00fcvv\u0259l\u0259r daha \u0259vv\u0259l bu m\u0259s\u0259l\u0259ni qald\u0131rmay\u0131b. Ayr\u0131-ayr\u0131 deputatlar Erm\u0259nistan\u0131n Avropaya istiqam\u0259tl\u0259nmi\u015f g\u0259l\u0259c\u0259yinin t\u0259r\u0259fdar\u0131 kimi \u00e7\u0131x\u0131\u015f edib v\u0259 Erm\u0259nistan\u0131n AA\u0130\u0130-\u0259 daxil olmas\u0131n\u0131n \u0259leyhin\u0259 s\u0259s verib, amma ilk d\u0259f\u0259dir ki, m\u0259s\u0259l\u0259 hakimiyy\u0259t qar\u015f\u0131s\u0131nda parlament fraksiyas\u0131 s\u0259viyy\u0259sind\u0259 qoyulub.<\/p>\n<p>B\u0259zi siyasi xadiml\u0259r bununla ba\u011fl\u0131 ayd\u0131n cavab t\u0259l\u0259b edibl\u0259r: Edmon Marukyan\u0131n b\u0259yanat\u0131 \u201cYelk\u201d blokunun r\u0259smi m\u00f6vqeyidir, yoxsa deputat\u0131n \u015f\u0259xsi fikridir?<\/p>\n<p>\u201cYelk\u201d fraksiyas\u0131ndan olan deputat Mane Tandilyan t\u0259sdiql\u0259yib: blok n\u0259inki AA\u0130\u0130-d\u0259n \u00e7\u0131x\u0131\u015f prosesinin ba\u015flanmas\u0131n\u0131n t\u0259r\u0259fdar\u0131 kimi \u00e7\u0131x\u0131\u015f edir, h\u0259tta bu m\u00f6vqeyi \u00f6z se\u00e7kiqaba\u011f\u0131 kampaniyas\u0131na da daxil edib. Orada bildirilir ki, AA\u0130\u0130-\u0259 daxil olmaq siyasi s\u0259hv idi, Avropa \u0130ttifaq\u0131 il\u0259 Assosiasiya v\u0259 d\u0259rinl\u0259\u015fdirilmi\u015f, h\u0259rt\u0259r\u0259fli azad ticar\u0259t zonas\u0131n\u0131n yarad\u0131lmas\u0131 haqda Sazi\u015fin imzalanmas\u0131 prosesin\u0259 ba\u015flamaq\u00a0 laz\u0131md\u0131r.<\/p>\n<p>O vur\u011fulay\u0131b ki, Avrasiya \u0130ttifaq\u0131n\u0131n t\u0259rkibind\u0259 Erm\u0259nistan\u0131n suverenliyi t\u0259hl\u00fck\u0259 alt\u0131ndad\u0131r, h\u0259mkar\u0131 Edmon Marukyan\u0131n \u00e7a\u011f\u0131r\u0131\u015f\u0131 is\u0259 Erm\u0259nistan\u0131n haz\u0131rk\u0131 hakimiyy\u0259tin\u0259 \u00fcnvanlan\u0131b: \u201cErm\u0259nistan\u0131n maraqlar\u0131n\u0131 qorumaq \u00fc\u00e7\u00fcn bu yoldan d\u00f6nm\u0259k v\u0259 \u00f6lk\u0259nnin AA\u0130\u0130-d\u0259n \u00e7\u0131x\u0131\u015f prosesini ba\u015flatmaq laz\u0131md\u0131r\u201d.<\/p>\n<p>Tandilyan Erm\u0259nistan\u0131n AA\u0130\u0130-d\u0259n \u00e7\u0131x\u0131\u015f\u0131n\u0131 lab\u00fcd ed\u0259n bir s\u0131ra s\u0259b\u0259b sadalay\u0131b: Avrasiya \u0130ttifaq\u0131 Erm\u0259nistan iqtisadiyyat\u0131na xeyir g\u0259tirm\u0259di;<\/p>\n<p>Erm\u0259nistan\u0131n strateji t\u0259r\u0259fda\u015f\u0131 olan Rusiya Az\u0259rbaycana h\u0259kl\u0259 d\u0259 silah sat\u0131r;<\/p>\n<p>Erm\u0259nistan\u0131n AA\u0130\u0130-\u0259 daxil olmas\u0131 \u00f6lk\u0259nin azad v\u0259 m\u00fcst\u0259qil d\u00f6vl\u0259t kimi q\u0259bul olunmas\u0131 d\u00fc\u015f\u00fcnc\u0259sini m\u0259hv etdi.<\/p>\n<p>Bununla ba\u011fl\u0131 olaraq, K\u0130V Rusiyan\u0131n Erm\u0259nistanda rus dilin\u0259 r\u0259smi status verilm\u0259si haqda az \u0259vv\u0259lki s\u0259s-k\u00fcyl\u00fc t\u0259klifini xat\u0131rlad\u0131r. Bu t\u0259klif h\u0259m c\u0259miyy\u0259td\u0259, h\u0259m d\u0259 siyasi \u00e7evr\u0259l\u0259rd\u0259 h\u0259dsiz m\u0259nfi reaksiya do\u011furmu\u015fdu. T\u0259klif Erm\u0259nistan v\u0259t\u0259nda\u015flar\u0131n\u0131n Rusiya \u0259razisind\u0259 \u00f6z v\u0259t\u0259nl\u0259rind\u0259 ald\u0131qlar\u0131 s\u00fcr\u00fcc\u00fcl\u00fck v\u0259siq\u0259l\u0259ri il\u0259 i\u015fl\u0259y\u0259 bilm\u0259si s\u0259b\u0259bil\u0259 ir\u0259li s\u00fcr\u00fclm\u00fc\u015fd\u00fc. Bu haqda JAMnews bu g\u00fcnl\u0259rd\u0259 daha \u0259trafl\u0131 yazm\u0131\u015fd\u0131:<\/p>\n<p>https:\/\/jam-news.net\/?p=49885&#038;lang=az-AZ<\/p>\n<p>\u201cYelk\u201d fraksiyas\u0131ndan olan deputat AA\u0130\u0130-ni t\u0259rk etm\u0259yin vacibliyind\u0259 israr edir: \u201cErm\u0259nistan\u0131n bu q\u0259rar \u00fc\u00e7\u00fcn art\u0131q arqumentl\u0259\u015fdirilmi\u015f \u0259sas\u0131 var. \u0130qtisadi proqnozlar reall\u0131q olmad\u0131, investisiyalar, o c\u00fcml\u0259d\u0259n d\u0259 transferl\u0259r k\u0259skin azald\u0131. Rusiyada h\u0259l\u0259 d\u0259 Erm\u0259nistan v\u0259t\u0259nda\u015flar\u0131n\u0131n maraqlar\u0131 tapdalan\u0131r&#8230;\u201d<\/p>\n<p>Hakim Respublika\u00e7\u0131lar Partiyas\u0131n\u0131n bu haqda fikrini Milli M\u0259clisin vitse-spikeri Eduard \u015earmazanov s\u0259sl\u0259ndirib. Onun s\u00f6zl\u0259rin\u0259 g\u00f6r\u0259, Erm\u0259nistan\u0131n AA\u0130\u0130-\u0259 inteqrasiyas\u0131 yaln\u0131zca siyasi q\u0259rar deyil, h\u0259m d\u0259 konkret iqtisadi hesablara \u0259saslan\u0131r.<\/p>\n<p>\u201cBiz Avrasiya \u0130ttifaq\u0131na daxil olmaq haqda q\u0259rar q\u0259bul ed\u0259nd\u0259 d\u0259qiq hesablamalar apard\u0131q v\u0259 bu hesablamalar Erm\u0259nistan\u0131n xeyrin\u0259 idi. Biz 170 milyonluq bazara yax\u0131nla\u015fd\u0131q. Bu, investorlar\u0131 c\u0259lb etm\u0259k \u00fc\u00e7\u00fcn yax\u015f\u0131 klubdur, \u00e7\u00fcnki biri var investora 3 milyonluq bazar\u0131 t\u0259klif ed\u0259s\u0259n, biri d\u0259 var 170 milyonluq\u201d, &#8211; \u015earmazanov bildirib.<\/p>\n<p>MM vitse-spikeri AA\u0130\u0130-d\u0259 m\u00fc\u0259yy\u0259n probleml\u0259rin oldu\u011funu etiraf edib, amma qeyd edib ki, bu probleml\u0259r Avropa \u0130ttifaq\u0131nda da, NATO-da da var. \u015earmazanov vur\u011fulay\u0131b ki, \u00f6lk\u0259nin AA\u0130\u0130-\u0259 daxil olmas\u0131n\u0131 yaln\u0131z Respublika\u00e7\u0131lar Partiyas\u0131 d\u0259st\u0259kl\u0259m\u0259yib, bundan \u0259vv\u0259lki Milli M\u0259clis d\u0259 103 s\u0259s \u201clehin\u0259\u201d v\u0259 yaln\u0131z 7 s\u0259s\u00a0 \u201c\u0259leyhin\u0259\u201d olmaqla bu q\u0259rar\u0131 t\u0259sdiql\u0259yib.<\/p>\n<p>\u201cBu, yaln\u0131z parlament \u00e7oxlu\u011funun deyil, h\u0259m d\u0259 m\u00fcxalif deputatlar\u0131n d\u0259stkl\u0259diyi h\u0259min nadir m\u0259s\u0259l\u0259l\u0259rd\u0259n biri idi. AA\u0130\u0130-d\u0259n \u00e7\u0131xma\u011f\u0131 t\u0259l\u0259b ed\u0259nl\u0259r k\u0259ndl\u0259rin v\u0259 \u015f\u0259h\u0259rl\u0259rin sakinl\u0259rind\u0259n soru\u015fublarm\u0131 bu, onlara n\u0259 q\u0259d\u0259r ziyan vuracaq?\u201d, &#8211; iqtidar partiyas\u0131n\u0131n n\u00fcmay\u0259nd\u0259si bildirib. Bu partiya da Erm\u0259nistan\u0131n AA\u0130\u0130-\u0259 daxil olmas\u0131n\u0131n lehin\u0259 s\u0259s verib.<\/p>\n<p>\n    <div class=\"bd_notification notification_info\">\n      <i><\/i><\/p>\n<p>Haz\u0131rk\u0131 Erm\u0259nistan Parlamentind\u0259 d\u00f6rd siyasi q\u00fcvv\u0259 t\u0259msil olunub: onlardan biri iqtidarda olan Respublika\u00e7\u0131lar Partiyas\u0131, dig\u0259ri ERP-n\u0131n koalisiya t\u0259r\u0259fda\u015f\u0131 E\u0130F Da\u015fnaks\u00fct\u00fcnd\u00fcr. Say\u0131na g\u00f6r\u0259 ikinci q\u00fcvv\u0259 daha \u0259vv\u0259l \u201c\u00c7i\u00e7\u0259kl\u0259n\u0259n Erm\u0259nistan\u201d Partiyas\u0131 kimi t\u0259qdim olunan \u201cSarukyan\u201d blokudur ki, o da \u00f6lk\u0259nin AA\u0130\u0130-\u0259 \u00fczv olmas\u0131n\u0131 d\u0259st\u0259kl\u0259yib. Strukturda t\u0259msil olunman\u0131n \u0259leyhin\u0259 \u00e7\u0131x\u0131\u015f ed\u0259n faktiki yegan\u0259 q\u00fcvv\u0259 yeni parlamentin d\u00f6rd\u00fcnc\u00fc siyasi q\u00fcvv\u0259si olan m\u00fcxalif \u201cYelk\u201d fraksiyas\u0131d\u0131r.<\/p>\n<p>&nbsp;<\/p>\n<p>\n    <\/div>\n    <\/p>\n","protected":false},"excerpt":{"rendered":"<p>\u201cYelk\u201d m\u00fcxalif parlament fraksiyas\u0131 b\u0259yan edib ki, bu struktura inteqrasiya s\u0259hv idi, \u00f6lk\u0259 istiqam\u0259tini Avropa \u0130ttifaq\u0131na \u00e7evirm\u0259lidir<\/p>\n","protected":false},"author":8,"featured_media":0,"comment_status":"open","ping_status":"open","sticky":false,"template":"","format":"standard","meta":{"_acf_changed":false,"footnotes":""},"categories":[27,9,2,50,5],"tags":[33],"formation":[],"post-author":[2888],"topic":[],"tooltip":[],"city":[6054],"class_list":["post-6223","post","type-post","status-publish","format-standard","hentry","category-ermnistan","category-munaqislr","category-cografiya","category-xbrlr","category-siyast","tag-ermnistan","post-author-jamnews","city-yerevan"],"acf":[],"yoast_head":"<!-- This site is optimized with the Yoast SEO plugin v24.1 - https:\/\/yoast.com\/wordpress\/plugins\/seo\/ -->\n<title>Erm\u0259nistanda AA\u0130\u0130-d\u0259n \u00e7\u0131xmaq t\u0259klifi m\u00fczakir\u0259 olunur - JAMnews<\/title>\n<meta name=\"robots\" content=\"index, follow, max-snippet:-1, max-image-preview:large, max-video-preview:-1\" \/>\n<link rel=\"canonical\" href=\"https:\/\/jam-news.net\/az\/erm\u0259nistanda-aaii-d\u0259n-cixmaq-t\u0259klifi-muzakir\u0259-olunur\/\" \/>\n<meta property=\"og:locale\" content=\"az_AZ\" \/>\n<meta property=\"og:type\" content=\"article\" \/>\n<meta property=\"og:title\" content=\"Erm\u0259nistanda AA\u0130\u0130-d\u0259n \u00e7\u0131xmaq t\u0259klifi m\u00fczakir\u0259 olunur - JAMnews\" \/>\n<meta property=\"og:description\" content=\"\u201cYelk\u201d m\u00fcxalif parlament fraksiyas\u0131 b\u0259yan edib ki, bu struktura inteqrasiya s\u0259hv idi, \u00f6lk\u0259 istiqam\u0259tini Avropa \u0130ttifaq\u0131na \u00e7evirm\u0259lidir\" \/>\n<meta property=\"og:url\" content=\"https:\/\/jam-news.net\/az\/erm\u0259nistanda-aaii-d\u0259n-cixmaq-t\u0259klifi-muzakir\u0259-olunur\/\" \/>\n<meta property=\"og:site_name\" content=\"Azerbaijani Jamnews\" \/>\n<meta property=\"article:publisher\" content=\"https:\/\/www.facebook.com\/JAMnewsInEnglish\/\" \/>\n<meta property=\"article:published_time\" content=\"2017-07-22T00:00:00+00:00\" \/>\n<meta property=\"article:modified_time\" content=\"2022-01-17T21:27:16+00:00\" \/>\n<meta name=\"author\" content=\"Naira Martikian\" \/>\n<meta name=\"twitter:card\" content=\"summary_large_image\" \/>\n<meta name=\"twitter:creator\" content=\"@JAMnewsCaucasus\" \/>\n<meta name=\"twitter:site\" content=\"@JAMnewsCaucasus\" \/>\n<meta name=\"twitter:label1\" content=\"Written by\" \/>\n\t<meta name=\"twitter:data1\" content=\"Naira Martikian\" \/>\n\t<meta name=\"twitter:label2\" content=\"Est. reading time\" \/>\n\t<meta name=\"twitter:data2\" content=\"5 minutes\" \/>\n<script type=\"application\/ld+json\" class=\"yoast-schema-graph\">{\"@context\":\"https:\/\/schema.org\",\"@graph\":[{\"@type\":\"Article\",\"@id\":\"https:\/\/jam-news.net\/az\/erm%c9%99nistanda-aaii-d%c9%99n-cixmaq-t%c9%99klifi-muzakir%c9%99-olunur\/#article\",\"isPartOf\":{\"@id\":\"https:\/\/jam-news.net\/az\/erm%c9%99nistanda-aaii-d%c9%99n-cixmaq-t%c9%99klifi-muzakir%c9%99-olunur\/\"},\"author\":{\"name\":\"Naira Martikian\",\"@id\":\"https:\/\/jam-news.net\/az\/#\/schema\/person\/e82f374df8fce3377c56e285e5c11387\"},\"headline\":\"Erm\u0259nistanda AA\u0130\u0130-d\u0259n \u00e7\u0131xmaq t\u0259klifi m\u00fczakir\u0259 olunur\",\"datePublished\":\"2017-07-22T00:00:00+00:00\",\"dateModified\":\"2022-01-17T21:27:16+00:00\",\"mainEntityOfPage\":{\"@id\":\"https:\/\/jam-news.net\/az\/erm%c9%99nistanda-aaii-d%c9%99n-cixmaq-t%c9%99klifi-muzakir%c9%99-olunur\/\"},\"wordCount\":968,\"commentCount\":0,\"publisher\":{\"@id\":\"https:\/\/jam-news.net\/az\/#organization\"},\"keywords\":[\"Erm\u0259nistan\"],\"articleSection\":[\"Armenia\",\"Conflicts\",\"Geography\",\"News\",\"Politics\"],\"inLanguage\":\"az\"},{\"@type\":\"WebPage\",\"@id\":\"https:\/\/jam-news.net\/az\/erm%c9%99nistanda-aaii-d%c9%99n-cixmaq-t%c9%99klifi-muzakir%c9%99-olunur\/\",\"url\":\"https:\/\/jam-news.net\/az\/erm%c9%99nistanda-aaii-d%c9%99n-cixmaq-t%c9%99klifi-muzakir%c9%99-olunur\/\",\"name\":\"Erm\u0259nistanda AA\u0130\u0130-d\u0259n \u00e7\u0131xmaq t\u0259klifi m\u00fczakir\u0259 olunur - JAMnews\",\"isPartOf\":{\"@id\":\"https:\/\/jam-news.net\/az\/#website\"},\"datePublished\":\"2017-07-22T00:00:00+00:00\",\"dateModified\":\"2022-01-17T21:27:16+00:00\",\"breadcrumb\":{\"@id\":\"https:\/\/jam-news.net\/az\/erm%c9%99nistanda-aaii-d%c9%99n-cixmaq-t%c9%99klifi-muzakir%c9%99-olunur\/#breadcrumb\"},\"inLanguage\":\"az\",\"potentialAction\":[{\"@type\":\"ReadAction\",\"target\":[\"https:\/\/jam-news.net\/az\/erm%c9%99nistanda-aaii-d%c9%99n-cixmaq-t%c9%99klifi-muzakir%c9%99-olunur\/\"]}]},{\"@type\":\"BreadcrumbList\",\"@id\":\"https:\/\/jam-news.net\/az\/erm%c9%99nistanda-aaii-d%c9%99n-cixmaq-t%c9%99klifi-muzakir%c9%99-olunur\/#breadcrumb\",\"itemListElement\":[{\"@type\":\"ListItem\",\"position\":1,\"name\":\"Home\",\"item\":\"https:\/\/jam-news.net\/az\/\"},{\"@type\":\"ListItem\",\"position\":2,\"name\":\"Erm\u0259nistanda AA\u0130\u0130-d\u0259n \u00e7\u0131xmaq t\u0259klifi m\u00fczakir\u0259 olunur\"}]},{\"@type\":\"WebSite\",\"@id\":\"https:\/\/jam-news.net\/az\/#website\",\"url\":\"https:\/\/jam-news.net\/az\/\",\"name\":\"Azerbaijani Jamnews\",\"description\":\"Caucasus News, Politics and Society\",\"publisher\":{\"@id\":\"https:\/\/jam-news.net\/az\/#organization\"},\"potentialAction\":[{\"@type\":\"SearchAction\",\"target\":{\"@type\":\"EntryPoint\",\"urlTemplate\":\"https:\/\/jam-news.net\/az\/?s={search_term_string}\"},\"query-input\":{\"@type\":\"PropertyValueSpecification\",\"valueRequired\":true,\"valueName\":\"search_term_string\"}}],\"inLanguage\":\"az\"},{\"@type\":\"Organization\",\"@id\":\"https:\/\/jam-news.net\/az\/#organization\",\"name\":\"JAMnews\",\"url\":\"https:\/\/jam-news.net\/az\/\",\"logo\":{\"@type\":\"ImageObject\",\"inLanguage\":\"az\",\"@id\":\"https:\/\/jam-news.net\/az\/#\/schema\/logo\/image\/\",\"url\":\"https:\/\/jam-news.net\/app\/uploads\/2020\/05\/JAM_w.jpg\",\"contentUrl\":\"https:\/\/jam-news.net\/app\/uploads\/2020\/05\/JAM_w.jpg\",\"width\":960,\"height\":960,\"caption\":\"JAMnews\"},\"image\":{\"@id\":\"https:\/\/jam-news.net\/az\/#\/schema\/logo\/image\/\"},\"sameAs\":[\"https:\/\/www.facebook.com\/JAMnewsInEnglish\/\",\"https:\/\/x.com\/JAMnewsCaucasus\",\"https:\/\/www.instagram.com\/jam_news\/\",\"https:\/\/www.youtube.com\/channel\/UCXQbUCme2pykuZYXWHx4VPg\"]},{\"@type\":\"Person\",\"@id\":\"https:\/\/jam-news.net\/az\/#\/schema\/person\/e82f374df8fce3377c56e285e5c11387\",\"name\":\"Naira Martikian\",\"image\":{\"@type\":\"ImageObject\",\"inLanguage\":\"az\",\"@id\":\"https:\/\/jam-news.net\/az\/#\/schema\/person\/image\/\",\"url\":\"https:\/\/secure.gravatar.com\/avatar\/0696bcd343e46256c029b752a654bade?s=96&d=mm&r=g\",\"contentUrl\":\"https:\/\/secure.gravatar.com\/avatar\/0696bcd343e46256c029b752a654bade?s=96&d=mm&r=g\",\"caption\":\"Naira Martikian\"},\"url\":\"https:\/\/jam-news.net\/az\/author\/nairama\/\"}]}<\/script>\n<!-- \/ Yoast SEO plugin. -->","yoast_head_json":{"title":"Erm\u0259nistanda AA\u0130\u0130-d\u0259n \u00e7\u0131xmaq t\u0259klifi m\u00fczakir\u0259 olunur - JAMnews","robots":{"index":"index","follow":"follow","max-snippet":"max-snippet:-1","max-image-preview":"max-image-preview:large","max-video-preview":"max-video-preview:-1"},"canonical":"https:\/\/jam-news.net\/az\/erm\u0259nistanda-aaii-d\u0259n-cixmaq-t\u0259klifi-muzakir\u0259-olunur\/","og_locale":"az_AZ","og_type":"article","og_title":"Erm\u0259nistanda AA\u0130\u0130-d\u0259n \u00e7\u0131xmaq t\u0259klifi m\u00fczakir\u0259 olunur - JAMnews","og_description":"\u201cYelk\u201d m\u00fcxalif parlament fraksiyas\u0131 b\u0259yan edib ki, bu struktura inteqrasiya s\u0259hv idi, \u00f6lk\u0259 istiqam\u0259tini Avropa \u0130ttifaq\u0131na \u00e7evirm\u0259lidir","og_url":"https:\/\/jam-news.net\/az\/erm\u0259nistanda-aaii-d\u0259n-cixmaq-t\u0259klifi-muzakir\u0259-olunur\/","og_site_name":"Azerbaijani Jamnews","article_publisher":"https:\/\/www.facebook.com\/JAMnewsInEnglish\/","article_published_time":"2017-07-22T00:00:00+00:00","article_modified_time":"2022-01-17T21:27:16+00:00","author":"Naira Martikian","twitter_card":"summary_large_image","twitter_creator":"@JAMnewsCaucasus","twitter_site":"@JAMnewsCaucasus","twitter_misc":{"Written by":"Naira Martikian","Est. reading time":"5 minutes"},"schema":{"@context":"https:\/\/schema.org","@graph":[{"@type":"Article","@id":"https:\/\/jam-news.net\/az\/erm%c9%99nistanda-aaii-d%c9%99n-cixmaq-t%c9%99klifi-muzakir%c9%99-olunur\/#article","isPartOf":{"@id":"https:\/\/jam-news.net\/az\/erm%c9%99nistanda-aaii-d%c9%99n-cixmaq-t%c9%99klifi-muzakir%c9%99-olunur\/"},"author":{"name":"Naira Martikian","@id":"https:\/\/jam-news.net\/az\/#\/schema\/person\/e82f374df8fce3377c56e285e5c11387"},"headline":"Erm\u0259nistanda AA\u0130\u0130-d\u0259n \u00e7\u0131xmaq t\u0259klifi m\u00fczakir\u0259 olunur","datePublished":"2017-07-22T00:00:00+00:00","dateModified":"2022-01-17T21:27:16+00:00","mainEntityOfPage":{"@id":"https:\/\/jam-news.net\/az\/erm%c9%99nistanda-aaii-d%c9%99n-cixmaq-t%c9%99klifi-muzakir%c9%99-olunur\/"},"wordCount":968,"commentCount":0,"publisher":{"@id":"https:\/\/jam-news.net\/az\/#organization"},"keywords":["Erm\u0259nistan"],"articleSection":["Armenia","Conflicts","Geography","News","Politics"],"inLanguage":"az"},{"@type":"WebPage","@id":"https:\/\/jam-news.net\/az\/erm%c9%99nistanda-aaii-d%c9%99n-cixmaq-t%c9%99klifi-muzakir%c9%99-olunur\/","url":"https:\/\/jam-news.net\/az\/erm%c9%99nistanda-aaii-d%c9%99n-cixmaq-t%c9%99klifi-muzakir%c9%99-olunur\/","name":"Erm\u0259nistanda AA\u0130\u0130-d\u0259n \u00e7\u0131xmaq t\u0259klifi m\u00fczakir\u0259 olunur - JAMnews","isPartOf":{"@id":"https:\/\/jam-news.net\/az\/#website"},"datePublished":"2017-07-22T00:00:00+00:00","dateModified":"2022-01-17T21:27:16+00:00","breadcrumb":{"@id":"https:\/\/jam-news.net\/az\/erm%c9%99nistanda-aaii-d%c9%99n-cixmaq-t%c9%99klifi-muzakir%c9%99-olunur\/#breadcrumb"},"inLanguage":"az","potentialAction":[{"@type":"ReadAction","target":["https:\/\/jam-news.net\/az\/erm%c9%99nistanda-aaii-d%c9%99n-cixmaq-t%c9%99klifi-muzakir%c9%99-olunur\/"]}]},{"@type":"BreadcrumbList","@id":"https:\/\/jam-news.net\/az\/erm%c9%99nistanda-aaii-d%c9%99n-cixmaq-t%c9%99klifi-muzakir%c9%99-olunur\/#breadcrumb","itemListElement":[{"@type":"ListItem","position":1,"name":"Home","item":"https:\/\/jam-news.net\/az\/"},{"@type":"ListItem","position":2,"name":"Erm\u0259nistanda AA\u0130\u0130-d\u0259n \u00e7\u0131xmaq t\u0259klifi m\u00fczakir\u0259 olunur"}]},{"@type":"WebSite","@id":"https:\/\/jam-news.net\/az\/#website","url":"https:\/\/jam-news.net\/az\/","name":"Azerbaijani Jamnews","description":"Caucasus News, Politics and Society","publisher":{"@id":"https:\/\/jam-news.net\/az\/#organization"},"potentialAction":[{"@type":"SearchAction","target":{"@type":"EntryPoint","urlTemplate":"https:\/\/jam-news.net\/az\/?s={search_term_string}"},"query-input":{"@type":"PropertyValueSpecification","valueRequired":true,"valueName":"search_term_string"}}],"inLanguage":"az"},{"@type":"Organization","@id":"https:\/\/jam-news.net\/az\/#organization","name":"JAMnews","url":"https:\/\/jam-news.net\/az\/","logo":{"@type":"ImageObject","inLanguage":"az","@id":"https:\/\/jam-news.net\/az\/#\/schema\/logo\/image\/","url":"https:\/\/jam-news.net\/app\/uploads\/2020\/05\/JAM_w.jpg","contentUrl":"https:\/\/jam-news.net\/app\/uploads\/2020\/05\/JAM_w.jpg","width":960,"height":960,"caption":"JAMnews"},"image":{"@id":"https:\/\/jam-news.net\/az\/#\/schema\/logo\/image\/"},"sameAs":["https:\/\/www.facebook.com\/JAMnewsInEnglish\/","https:\/\/x.com\/JAMnewsCaucasus","https:\/\/www.instagram.com\/jam_news\/","https:\/\/www.youtube.com\/channel\/UCXQbUCme2pykuZYXWHx4VPg"]},{"@type":"Person","@id":"https:\/\/jam-news.net\/az\/#\/schema\/person\/e82f374df8fce3377c56e285e5c11387","name":"Naira Martikian","image":{"@type":"ImageObject","inLanguage":"az","@id":"https:\/\/jam-news.net\/az\/#\/schema\/person\/image\/","url":"https:\/\/secure.gravatar.com\/avatar\/0696bcd343e46256c029b752a654bade?s=96&d=mm&r=g","contentUrl":"https:\/\/secure.gravatar.com\/avatar\/0696bcd343e46256c029b752a654bade?s=96&d=mm&r=g","caption":"Naira Martikian"},"url":"https:\/\/jam-news.net\/az\/author\/nairama\/"}]}},"_links":{"self":[{"href":"https:\/\/jam-news.net\/az\/wp-json\/wp\/v2\/posts\/6223","targetHints":{"allow":["GET"]}}],"collection":[{"href":"https:\/\/jam-news.net\/az\/wp-json\/wp\/v2\/posts"}],"about":[{"href":"https:\/\/jam-news.net\/az\/wp-json\/wp\/v2\/types\/post"}],"author":[{"embeddable":true,"href":"https:\/\/jam-news.net\/az\/wp-json\/wp\/v2\/users\/8"}],"replies":[{"embeddable":true,"href":"https:\/\/jam-news.net\/az\/wp-json\/wp\/v2\/comments?post=6223"}],"version-history":[{"count":1,"href":"https:\/\/jam-news.net\/az\/wp-json\/wp\/v2\/posts\/6223\/revisions"}],"predecessor-version":[{"id":15432,"href":"https:\/\/jam-news.net\/az\/wp-json\/wp\/v2\/posts\/6223\/revisions\/15432"}],"wp:attachment":[{"href":"https:\/\/jam-news.net\/az\/wp-json\/wp\/v2\/media?parent=6223"}],"wp:term":[{"taxonomy":"category","embeddable":true,"href":"https:\/\/jam-news.net\/az\/wp-json\/wp\/v2\/categories?post=6223"},{"taxonomy":"post_tag","embeddable":true,"href":"https:\/\/jam-news.net\/az\/wp-json\/wp\/v2\/tags?post=6223"},{"taxonomy":"formation","embeddable":true,"href":"https:\/\/jam-news.net\/az\/wp-json\/wp\/v2\/formation?post=6223"},{"taxonomy":"post-author","embeddable":true,"href":"https:\/\/jam-news.net\/az\/wp-json\/wp\/v2\/post-author?post=6223"},{"taxonomy":"topic","embeddable":true,"href":"https:\/\/jam-news.net\/az\/wp-json\/wp\/v2\/topic?post=6223"},{"taxonomy":"tooltip","embeddable":true,"href":"https:\/\/jam-news.net\/az\/wp-json\/wp\/v2\/tooltip?post=6223"},{"taxonomy":"city","embeddable":true,"href":"https:\/\/jam-news.net\/az\/wp-json\/wp\/v2\/city?post=6223"}],"curies":[{"name":"wp","href":"https:\/\/api.w.org\/{rel}","templated":true}]}}