{"id":61451,"date":"2022-04-01T13:44:39","date_gmt":"2022-04-01T09:44:39","guid":{"rendered":"https:\/\/jam-news.net\/az\/?p=61451"},"modified":"2022-04-01T13:44:41","modified_gmt":"2022-04-01T09:44:41","slug":"zirehli-jiletsiz-v%c9%99-texnikasiz-c%c9%99nubi-osetiyadan-olan-h%c9%99rbcil%c9%99r-ukraynada-doyusm%c9%99kd%c9%99n-imtina-edibl%c9%99r","status":"publish","type":"post","link":"https:\/\/jam-news.net\/az\/zirehli-jiletsiz-v%c9%99-texnikasiz-c%c9%99nubi-osetiyadan-olan-h%c9%99rbcil%c9%99r-ukraynada-doyusm%c9%99kd%c9%99n-imtina-edibl%c9%99r\/","title":{"rendered":"&#8220;Zirehli jiletsiz v\u0259 texnikas\u0131z&#8221; &#8211; C\u0259nubi Osetiyadan olan h\u0259rb\u00e7il\u0259r Ukraynada d\u00f6y\u00fc\u015fm\u0259kd\u0259n imtina edibl\u0259r"},"content":{"rendered":"\n<p class=\"has-small-font-size\"><strong><em>Osetinl\u0259r Ukraynada d\u00f6y\u00fc\u015fm\u0259kd\u0259n imtina edibl\u0259r<\/em><\/strong><\/p>\n\n\n\n<p><a href=\"https:\/\/jam-news.net\/az\/category\/cografiya\/c%c9%99nubi-osetiya\/\" target=\"_blank\" rel=\"noreferrer noopener\">C\u0259nubi Osetiyan\u0131n<\/a> paytaxt\u0131 Sxinvaldak\u0131 Rusiya h\u0259rbi bazas\u0131ndan bir ne\u00e7\u0259 g\u00fcn \u0259vv\u0259l <a href=\"https:\/\/jam-news.net\/az\/topic\/ukraynada-muharib%C9%99\/\" target=\"_blank\" rel=\"noreferrer noopener\">Ukraynada m\u00fcharib\u0259y\u0259<\/a> g\u00f6nd\u0259ril\u0259n h\u0259rb\u00e7il\u0259rin bir hiss\u0259si icaz\u0259siz v\u0259t\u0259n\u0259 qay\u0131d\u0131b. Bunlar Rusiya ordusunda m\u00fcqavil\u0259 \u0259sas\u0131nda xidm\u0259t ed\u0259n yerli osetinl\u0259rdir. Yerli hakimiyy\u0259t orqanlar\u0131 n\u0259 ba\u015f verdiyini izah etmir. M\u0259nb\u0259l\u0259r bunun \u0259sg\u0259rl\u0259rin haz\u0131rl\u0131\u011f\u0131n\u0131n v\u0259 t\u0259chizat\u0131n\u0131n olmamas\u0131 s\u0259b\u0259bind\u0259n ba\u015f verdiyini iddia edirl\u0259r.<\/p>\n\n\n\n<p>C\u0259nubi Osetiya d\u00f6y\u00fc\u015f\u00e7\u00fcl\u0259rinin g\u00f6zl\u0259nilm\u0259d\u0259n Ukraynadan ev\u0259 qay\u0131tmas\u0131 il\u0259 ba\u011fl\u0131 v\u0259ziyy\u0259ti &#8220;\u0412\u0427\u041a-\u041e\u0413\u041f\u0423&#8221; Telegram kanal\u0131 \u00f6z m\u0259nb\u0259sin\u0259 istinad\u0259n bel\u0259 <a rel=\"noreferrer noopener\" href=\"https:\/\/t.me\/vchkogpu\/27681\" target=\"_blank\">izah edib<\/a>:<\/p>\n\n\n\n<figure class=\"wp-block-image size-large is-style-medium-width-image\"><img loading=\"lazy\" decoding=\"async\" width=\"900\" height=\"515\" src=\"https:\/\/jam-news.net\/app\/uploads\/2022\/04\/photo_2022-03-30_18-41-04.jpg\" alt=\"\" class=\"wp-image-61446\" srcset=\"https:\/\/jam-news.net\/app\/uploads\/2022\/04\/photo_2022-03-30_18-41-04.jpg 900w, https:\/\/jam-news.net\/app\/uploads\/2022\/04\/photo_2022-03-30_18-41-04-300x172.jpg 300w, https:\/\/jam-news.net\/app\/uploads\/2022\/04\/photo_2022-03-30_18-41-04-768x439.jpg 768w\" sizes=\"auto, (max-width: 900px) 100vw, 900px\" \/><figcaption>Nijni Zarama\u011f ke\u00e7id m\u0259nt\u0259q\u0259sind\u0259ki &#8211; \u015eimali Osetiyadan C\u0259nubi Osetiyaya ged\u0259n yolun hiss\u0259si &#8211; 4-c\u00fc h\u0259rbi bazan\u0131n osetin h\u0259rb\u00e7il\u0259ri. Onlar \u00fc\u00e7\u00fcn n\u0259qliyyat g\u00f6nd\u0259rilm\u0259yib, &#8220;BONV[\u04d4]RNON&#8221; Telegram kanal\u0131 yaz\u0131r<\/figcaption><\/figure>\n\n\n\n<p><em>\u201c\u018fvv\u0259la, \u0259sg\u0259rl\u0259r qa\u00e7may\u0131b, lakin onlar\u0131 C\u0259nubi Osetiyan\u0131n ke\u00e7mi\u015f prezidenti (Eduard Kokoyt\u0131) v\u0259 onun &#8220;Bala&#8221; l\u0259q\u0259bli adam\u0131 evl\u0259rin\u0259 apar\u0131b.<\/em><\/p>\n\n\n\n<p><em>\u0130kincisi is\u0259, onlar\u0131 ona g\u00f6r\u0259 apar\u0131blar ki, Ukraynaya g\u00f6nd\u0259ril\u0259n \u0259sg\u0259rl\u0259r 58-ci Ordunun h\u0259rb\u00e7isi kimi yox, k\u00f6n\u00fcll\u00fc kimi qeyd\u0259 al\u0131n\u0131blar. Baxmayaraq ki, \u0259slind\u0259 bu \u0259sg\u0259rl\u0259r m\u00fcqavil\u0259 \u0259sas\u0131nda xidm\u0259t edirl\u0259r.<\/em><\/p>\n\n\n\n<p><em>Bundan \u0259lav\u0259, bu h\u0259rb\u00e7il\u0259r Ukraynaya \u201cy\u00fcng\u00fcl\u201d g\u00f6nd\u0259rilib: zirehli jiletsiz, laz\u0131mi h\u0259cmd\u0259 silah v\u0259 texnika olmadan, \u00e7\u00fcnki C\u0259nubi Osetiyadak\u0131 58-ci Ordunun komandanl\u0131\u011f\u0131 indiki hakimiyy\u0259tl\u0259 birlikd\u0259 h\u0259rbi personal\u0131 t\u0259min etm\u0259k \u00fc\u00e7\u00fcn ayr\u0131lan pulu intensiv yem\u0259kl\u0259 m\u0259\u015f\u011ful idi.<\/em><\/p>\n\n\n\n<p><em>\u018fslind\u0259, <em>yerli generallar v\u0259 C\u0259nubi Osetiya prezidenti \u015f\u0259xs\u0259n \u00f6z <em><em>medallar\u0131n\u0131<\/em><\/em><\/em><\/em> <em><em>als\u0131nlar<\/em> dey\u0259 bu u\u015faqlar a\u00e7\u0131q-a\u015fkar q\u0131r\u011f\u0131na g\u00f6nd\u0259rilib.<\/em><\/p>\n\n\n\n<p><em>Bu s\u0259b\u0259bl\u0259rd\u0259n d\u0259 h\u0259min h\u0259rb\u00e7il\u0259r c\u0259bh\u0259d\u0259n geri apar\u0131l\u0131b, onlar qa\u00e7may\u0131blar.<\/em><\/p>\n\n\n\n<p><em>R\u0259hb\u0259rlikl\u0259rinin korrupsioner olmas\u0131nda \u0259sg\u0259rl\u0259rin g\u00fcnah\u0131 yoxdur\u201d.<\/em><\/p>\n\n\n\n<p>C\u0259nubi Osetiyan\u0131n ke\u00e7mi\u015f prezidenti Eduard Kokoyt\u0131 Ukraynaya g\u00f6nd\u0259ril\u0259n \u0259sg\u0259rl\u0259rin b\u0259zil\u0259rinin v\u0259t\u0259n\u0259 qay\u0131td\u0131\u011f\u0131n\u0131 t\u0259sdiql\u0259yib.<\/p>\n\n\n\n<p><em>\u201cBiz ham\u0131m\u0131z m\u00fcharib\u0259 zonas\u0131ndan Osetiyaya qay\u0131dan \u0259sg\u0259rl\u0259rimizin v\u0259ziyy\u0259ti il\u0259 <em>ba\u011fl\u0131<\/em> narahat\u0131q. He\u00e7 kimin bu adamlar\u0131 q\u0131nama\u011fa, qorxaql\u0131qda ittiham etm\u0259y\u0259 haqq\u0131 yoxdur. Ba\u015f ver\u0259nl\u0259rin \u0259sas s\u0259b\u0259bl\u0259rini anlamaq v\u0259 onlar\u0131n i\u015ftirak\u0131n\u0131n nec\u0259 t\u0259\u015fkil edildiyini \u00f6yr\u0259nm\u0259k laz\u0131md\u0131r\u2026<\/em><\/p>\n\n\n\n<p><em>Yadda saxlamaq laz\u0131md\u0131r ki, y\u00fczl\u0259rl\u0259 d\u00f6y\u00fc\u015f\u00e7\u00fcm\u00fcz haz\u0131rda d\u00f6y\u00fc\u015f \u0259m\u0259liyyat\u0131 zonas\u0131ndad\u0131r v\u0259 \u00f6z borcunu q\u0259hr\u0259mancas\u0131na yerin\u0259 yetirir. He\u00e7 bir \u015f\u0259raitin onlar\u0131n m\u0259n\u0259viyyat\u0131n\u0131 sars\u0131tmas\u0131na yol verilm\u0259m\u0259lidir.<\/em><\/p>\n\n\n\n<p><em>\u015e\u00fcbh\u0259 etmir\u0259m ki, v\u0259t\u0259n\u0259 qay\u0131dan h\u0259min u\u015faqlar, LAZIM B\u0130L\u018fRL\u018fRS\u018f, i\u015ftiraklar\u0131 laz\u0131mi \u015f\u0259kild\u0259 t\u0259\u015fkil edildiyi t\u0259qdird\u0259 x\u00fcsusi \u0259m\u0259liyyat zonas\u0131na qay\u0131da v\u0259 Donbas\u0131n azad edilm\u0259sin\u0259 k\u00f6m\u0259k ed\u0259 bil\u0259rl\u0259r. Amma vur\u011fulay\u0131ram ki, onlar\u0131n i\u015ftirak\u0131n\u0131n t\u0259\u015fkili m\u00fcmk\u00fcn q\u0259d\u0259r m\u0259suliyy\u0259tli olmal\u0131d\u0131r. Biz h\u0259r bir h\u0259yat\u0131 qoruma\u011fa borcluyuq\u201d<\/em>, &#8211; Kokoyt\u0131 bildirib.<\/p>\n\n\n\n<p>Jurnalist Murat Qukemuxov \u201cExo Kavkaza\u201dda \u201cyerli ekspertl\u0259r\u0259\u201d istinad ed\u0259r\u0259k yaz\u0131r ki, m\u0259hz C\u0259nubi Osetiya prezidenti Anatoli Bibilov Ukraynaya g\u00f6nd\u0259ril\u0259n C\u0259nubi Osetiya h\u0259rb\u00e7il\u0259rinin say\u0131n\u0131n maksimum olmas\u0131na israr edib:<\/p>\n\n\n\n<p><em>\u201c4-c\u00fc bazan\u0131n komandanl\u0131\u011f\u0131 m\u0259qam\u0131n h\u0259ssasl\u0131\u011f\u0131n\u0131 (m\u00fcharib\u0259d\u0259n sa\u011f \u00e7\u0131xan ki\u00e7ik bir xalq v\u0259 s.) ba\u015fa d\u00fc\u015f\u00fcb v\u0259 bu q\u0259d\u0259r adam g\u00f6nd\u0259rm\u0259k ist\u0259m\u0259yib. Amma Bibilov t\u0259r\u0259find\u0259n bu, Kreml\u0259 sadiqliyin n\u00fcmayi\u015fi idi, hans\u0131 ki, indi x\u00fcsusil\u0259 qiym\u0259tlidir.<\/em><\/p>\n\n\n\n<p><em>\u0130ndi m\u0259lum olub ki, u\u015faqlar siqaretsiz, isti paltars\u0131z v\u0259 zirehli jiletsiz g\u00f6nd\u0259rilibl\u0259r.<\/em><\/p>\n\n\n\n<p><em>C\u0259nubi Osetiya ordusunu l\u0259\u011fv ed\u0259nd\u0259 v\u0259 4-c\u00fc Rusiya bazas\u0131nda \u0259sg\u0259rl\u0259ri m\u00fcqavil\u0259li xidm\u0259t\u0259 ke\u00e7ir\u0259nd\u0259 Bibilovun onlardan birc\u0259 n\u0259f\u0259rin d\u0259 respublikadan k\u0259nara g\u00f6nd\u0259rilm\u0259y\u0259c\u0259yin\u0259 dair and i\u00e7diyini indi \u00e7oxlar\u0131 ona xat\u0131rlada bil\u0259r.<\/em><\/p>\n\n\n\n<p><em>\u201cBizim o\u011flanlar f\u0259xrl\u0259 qald\u0131rd\u0131qlar\u0131 bayraq alt\u0131nda \u00f6z h\u0259rbi borclar\u0131n\u0131 yerin\u0259 yetirm\u0259y\u0259 gedirl\u0259r\u201d, <\/em>&#8211; <em>prezident Bibilov Teleqram kanal\u0131nda yaz\u0131b. &#8211;<\/em> <em>\u201c\u018fg\u0259r fa\u015fizm uzaq s\u0259rh\u0259dl\u0259rd\u0259 \u0259zilm\u0259s\u0259, sabah V\u0259t\u0259nimiz\u0259 m\u00fcnasib\u0259td\u0259 yenid\u0259n \u00f6z\u00fcn\u00fc g\u00f6st\u0259r\u0259c\u0259k\u201d.<\/em><\/p>\n\n\n\n<p><em>Yaln\u0131z bu u\u015faqlar aras\u0131nda onun o\u011flu yoxdur, o, haz\u0131rda Rusiyan\u0131n n\u00fcfuzlu universitetind\u0259 oxuyur&#8221;.<\/em><\/p>\n\n\n\n<hr class=\"wp-block-separator is-style-wide\"\/>\n\n\n\n<p>M\u0259qal\u0259 m\u00fc\u0259llifinin t\u0259klif etdiyi terminl\u0259r, toponiml\u0259r, fikir v\u0259 ideyalar onun \u00f6z\u00fcn\u0259 m\u0259xsusdur, JAMnews v\u0259 ya ayr\u0131-ayr\u0131 \u0259m\u0259kda\u015f\u0131n\u0131n fikir v\u0259 ideyalar\u0131 il\u0259 \u00fcst-\u00fcst\u0259 d\u00fc\u015fm\u0259y\u0259 bil\u0259r. JAMnews m\u0259qal\u0259y\u0259 yaz\u0131lan t\u0259hqir, t\u0259hdid, zorak\u0131l\u0131\u011fa \u00e7a\u011f\u0131r\u0131\u015f kimi d\u0259y\u0259rl\u0259ndiril\u0259n v\u0259 ya dig\u0259r s\u0259b\u0259bl\u0259r\u0259 g\u00f6r\u0259 etik say\u0131lmayan \u015f\u0259rhl\u0259ri silm\u0259k h\u00fcququnu \u00f6z\u00fcnd\u0259 saxlay\u0131r.<\/p>\n","protected":false},"excerpt":{"rendered":"<p>Osetinl\u0259r Ukraynada d\u00f6y\u00fc\u015fm\u0259kd\u0259n imtina edibl\u0259r &#8211; Rusiya t\u0259r\u0259fd\u0259n d\u00f6y\u00fc\u015fm\u0259k \u00fc\u00e7\u00fcn C\u0259nubi Osetiyadan g\u00f6nd\u0259ril\u0259n m\u00fcqavil\u0259li h\u0259rb\u00e7il\u0259rin bir hiss\u0259si geri qay\u0131d\u0131b<\/p>\n","protected":false},"author":3,"featured_media":61446,"comment_status":"closed","ping_status":"closed","sticky":false,"template":"","format":"standard","meta":{"_acf_changed":false,"footnotes":""},"categories":[9,3,50],"tags":[],"formation":[],"post-author":[2888],"topic":[6055,4953,4955,5972,6114],"tooltip":[],"city":[6050],"class_list":["post-61451","post","type-post","status-publish","format-standard","has-post-thumbnail","hentry","category-munaqislr","category-gurcustan","category-xbrlr","post-author-jamnews","topic-ukraynada-munaqis","topic-gurcustan","topic-rusiya","topic-ukrayna","topic-ukraynada-muharib","city-sxinval"],"acf":[],"yoast_head":"<!-- This site is optimized with the Yoast SEO plugin v24.1 - https:\/\/yoast.com\/wordpress\/plugins\/seo\/ -->\n<title>Osetinl\u0259r Ukraynada d\u00f6y\u00fc\u015fm\u0259kd\u0259n imtina edibl\u0259r JAMnews<\/title>\n<meta name=\"description\" content=\"Osetinl\u0259r Ukraynada d\u00f6y\u00fc\u015fm\u0259kd\u0259n imtina edibl\u0259r - Rusiya t\u0259r\u0259fd\u0259n d\u00f6y\u00fc\u015fm\u0259k \u00fc\u00e7\u00fcn C\u0259nubi Osetiyadan g\u00f6nd\u0259ril\u0259n m\u00fcqavil\u0259li h\u0259rb\u00e7il\u0259rin bir hiss\u0259si geri qay\u0131d\u0131b\" \/>\n<meta name=\"robots\" content=\"index, follow, max-snippet:-1, max-image-preview:large, max-video-preview:-1\" \/>\n<link rel=\"canonical\" href=\"https:\/\/jam-news.net\/az\/zirehli-jiletsiz-v\u0259-texnikasiz-c\u0259nubi-osetiyadan-olan-h\u0259rbcil\u0259r-ukraynada-doyusm\u0259kd\u0259n-imtina-edibl\u0259r\/\" \/>\n<meta property=\"og:locale\" content=\"az_AZ\" \/>\n<meta property=\"og:type\" content=\"article\" \/>\n<meta property=\"og:title\" content=\"Osetinl\u0259r Ukraynada d\u00f6y\u00fc\u015fm\u0259kd\u0259n imtina edibl\u0259r JAMnews\" \/>\n<meta property=\"og:description\" content=\"Osetinl\u0259r Ukraynada d\u00f6y\u00fc\u015fm\u0259kd\u0259n imtina edibl\u0259r - Rusiya t\u0259r\u0259fd\u0259n d\u00f6y\u00fc\u015fm\u0259k \u00fc\u00e7\u00fcn C\u0259nubi Osetiyadan g\u00f6nd\u0259ril\u0259n m\u00fcqavil\u0259li h\u0259rb\u00e7il\u0259rin bir hiss\u0259si geri qay\u0131d\u0131b\" \/>\n<meta property=\"og:url\" content=\"https:\/\/jam-news.net\/az\/zirehli-jiletsiz-v\u0259-texnikasiz-c\u0259nubi-osetiyadan-olan-h\u0259rbcil\u0259r-ukraynada-doyusm\u0259kd\u0259n-imtina-edibl\u0259r\/\" \/>\n<meta property=\"og:site_name\" content=\"Azerbaijani Jamnews\" \/>\n<meta property=\"article:publisher\" content=\"https:\/\/www.facebook.com\/JAMnewsInEnglish\/\" \/>\n<meta property=\"article:published_time\" content=\"2022-04-01T09:44:39+00:00\" \/>\n<meta property=\"article:modified_time\" content=\"2022-04-01T09:44:41+00:00\" \/>\n<meta property=\"og:image\" content=\"https:\/\/jam-news.net\/app\/uploads\/2022\/04\/photo_2022-03-30_18-41-04.jpg\" \/>\n\t<meta property=\"og:image:width\" content=\"900\" \/>\n\t<meta property=\"og:image:height\" content=\"515\" \/>\n\t<meta property=\"og:image:type\" content=\"image\/jpeg\" \/>\n<meta name=\"author\" content=\"JAMnews\" \/>\n<meta name=\"twitter:card\" content=\"summary_large_image\" \/>\n<meta name=\"twitter:creator\" content=\"@JAMnewsCaucasus\" \/>\n<meta name=\"twitter:site\" content=\"@JAMnewsCaucasus\" \/>\n<meta name=\"twitter:label1\" content=\"Written by\" \/>\n\t<meta name=\"twitter:data1\" content=\"JAMnews\" \/>\n\t<meta name=\"twitter:label2\" content=\"Est. reading time\" \/>\n\t<meta name=\"twitter:data2\" content=\"5 minutes\" \/>\n<script type=\"application\/ld+json\" class=\"yoast-schema-graph\">{\"@context\":\"https:\/\/schema.org\",\"@graph\":[{\"@type\":\"Article\",\"@id\":\"https:\/\/jam-news.net\/az\/zirehli-jiletsiz-v%c9%99-texnikasiz-c%c9%99nubi-osetiyadan-olan-h%c9%99rbcil%c9%99r-ukraynada-doyusm%c9%99kd%c9%99n-imtina-edibl%c9%99r\/#article\",\"isPartOf\":{\"@id\":\"https:\/\/jam-news.net\/az\/zirehli-jiletsiz-v%c9%99-texnikasiz-c%c9%99nubi-osetiyadan-olan-h%c9%99rbcil%c9%99r-ukraynada-doyusm%c9%99kd%c9%99n-imtina-edibl%c9%99r\/\"},\"author\":{\"name\":\"JAMnews\",\"@id\":\"https:\/\/jam-news.net\/az\/#\/schema\/person\/67df3bb7adb46cd513fb9c4cb02361c6\"},\"headline\":\"&#8220;Zirehli jiletsiz v\u0259 texnikas\u0131z&#8221; &#8211; C\u0259nubi Osetiyadan olan h\u0259rb\u00e7il\u0259r Ukraynada d\u00f6y\u00fc\u015fm\u0259kd\u0259n imtina edibl\u0259r\",\"datePublished\":\"2022-04-01T09:44:39+00:00\",\"dateModified\":\"2022-04-01T09:44:41+00:00\",\"mainEntityOfPage\":{\"@id\":\"https:\/\/jam-news.net\/az\/zirehli-jiletsiz-v%c9%99-texnikasiz-c%c9%99nubi-osetiyadan-olan-h%c9%99rbcil%c9%99r-ukraynada-doyusm%c9%99kd%c9%99n-imtina-edibl%c9%99r\/\"},\"wordCount\":1108,\"publisher\":{\"@id\":\"https:\/\/jam-news.net\/az\/#organization\"},\"image\":{\"@id\":\"https:\/\/jam-news.net\/az\/zirehli-jiletsiz-v%c9%99-texnikasiz-c%c9%99nubi-osetiyadan-olan-h%c9%99rbcil%c9%99r-ukraynada-doyusm%c9%99kd%c9%99n-imtina-edibl%c9%99r\/#primaryimage\"},\"thumbnailUrl\":\"https:\/\/jam-news.net\/app\/uploads\/2022\/04\/photo_2022-03-30_18-41-04.jpg\",\"articleSection\":[\"Conflicts\",\"Georgia\",\"News\"],\"inLanguage\":\"az\"},{\"@type\":\"WebPage\",\"@id\":\"https:\/\/jam-news.net\/az\/zirehli-jiletsiz-v%c9%99-texnikasiz-c%c9%99nubi-osetiyadan-olan-h%c9%99rbcil%c9%99r-ukraynada-doyusm%c9%99kd%c9%99n-imtina-edibl%c9%99r\/\",\"url\":\"https:\/\/jam-news.net\/az\/zirehli-jiletsiz-v%c9%99-texnikasiz-c%c9%99nubi-osetiyadan-olan-h%c9%99rbcil%c9%99r-ukraynada-doyusm%c9%99kd%c9%99n-imtina-edibl%c9%99r\/\",\"name\":\"Osetinl\u0259r Ukraynada d\u00f6y\u00fc\u015fm\u0259kd\u0259n imtina edibl\u0259r JAMnews\",\"isPartOf\":{\"@id\":\"https:\/\/jam-news.net\/az\/#website\"},\"primaryImageOfPage\":{\"@id\":\"https:\/\/jam-news.net\/az\/zirehli-jiletsiz-v%c9%99-texnikasiz-c%c9%99nubi-osetiyadan-olan-h%c9%99rbcil%c9%99r-ukraynada-doyusm%c9%99kd%c9%99n-imtina-edibl%c9%99r\/#primaryimage\"},\"image\":{\"@id\":\"https:\/\/jam-news.net\/az\/zirehli-jiletsiz-v%c9%99-texnikasiz-c%c9%99nubi-osetiyadan-olan-h%c9%99rbcil%c9%99r-ukraynada-doyusm%c9%99kd%c9%99n-imtina-edibl%c9%99r\/#primaryimage\"},\"thumbnailUrl\":\"https:\/\/jam-news.net\/app\/uploads\/2022\/04\/photo_2022-03-30_18-41-04.jpg\",\"datePublished\":\"2022-04-01T09:44:39+00:00\",\"dateModified\":\"2022-04-01T09:44:41+00:00\",\"description\":\"Osetinl\u0259r Ukraynada d\u00f6y\u00fc\u015fm\u0259kd\u0259n imtina edibl\u0259r - Rusiya t\u0259r\u0259fd\u0259n d\u00f6y\u00fc\u015fm\u0259k \u00fc\u00e7\u00fcn C\u0259nubi Osetiyadan g\u00f6nd\u0259ril\u0259n m\u00fcqavil\u0259li h\u0259rb\u00e7il\u0259rin bir hiss\u0259si geri qay\u0131d\u0131b\",\"breadcrumb\":{\"@id\":\"https:\/\/jam-news.net\/az\/zirehli-jiletsiz-v%c9%99-texnikasiz-c%c9%99nubi-osetiyadan-olan-h%c9%99rbcil%c9%99r-ukraynada-doyusm%c9%99kd%c9%99n-imtina-edibl%c9%99r\/#breadcrumb\"},\"inLanguage\":\"az\",\"potentialAction\":[{\"@type\":\"ReadAction\",\"target\":[\"https:\/\/jam-news.net\/az\/zirehli-jiletsiz-v%c9%99-texnikasiz-c%c9%99nubi-osetiyadan-olan-h%c9%99rbcil%c9%99r-ukraynada-doyusm%c9%99kd%c9%99n-imtina-edibl%c9%99r\/\"]}]},{\"@type\":\"ImageObject\",\"inLanguage\":\"az\",\"@id\":\"https:\/\/jam-news.net\/az\/zirehli-jiletsiz-v%c9%99-texnikasiz-c%c9%99nubi-osetiyadan-olan-h%c9%99rbcil%c9%99r-ukraynada-doyusm%c9%99kd%c9%99n-imtina-edibl%c9%99r\/#primaryimage\",\"url\":\"https:\/\/jam-news.net\/app\/uploads\/2022\/04\/photo_2022-03-30_18-41-04.jpg\",\"contentUrl\":\"https:\/\/jam-news.net\/app\/uploads\/2022\/04\/photo_2022-03-30_18-41-04.jpg\",\"width\":900,\"height\":515},{\"@type\":\"BreadcrumbList\",\"@id\":\"https:\/\/jam-news.net\/az\/zirehli-jiletsiz-v%c9%99-texnikasiz-c%c9%99nubi-osetiyadan-olan-h%c9%99rbcil%c9%99r-ukraynada-doyusm%c9%99kd%c9%99n-imtina-edibl%c9%99r\/#breadcrumb\",\"itemListElement\":[{\"@type\":\"ListItem\",\"position\":1,\"name\":\"Home\",\"item\":\"https:\/\/jam-news.net\/az\/\"},{\"@type\":\"ListItem\",\"position\":2,\"name\":\"&#8220;Zirehli jiletsiz v\u0259 texnikas\u0131z&#8221; &#8211; C\u0259nubi Osetiyadan olan h\u0259rb\u00e7il\u0259r Ukraynada d\u00f6y\u00fc\u015fm\u0259kd\u0259n imtina edibl\u0259r\"}]},{\"@type\":\"WebSite\",\"@id\":\"https:\/\/jam-news.net\/az\/#website\",\"url\":\"https:\/\/jam-news.net\/az\/\",\"name\":\"Azerbaijani Jamnews\",\"description\":\"Caucasus News, Politics and Society\",\"publisher\":{\"@id\":\"https:\/\/jam-news.net\/az\/#organization\"},\"potentialAction\":[{\"@type\":\"SearchAction\",\"target\":{\"@type\":\"EntryPoint\",\"urlTemplate\":\"https:\/\/jam-news.net\/az\/?s={search_term_string}\"},\"query-input\":{\"@type\":\"PropertyValueSpecification\",\"valueRequired\":true,\"valueName\":\"search_term_string\"}}],\"inLanguage\":\"az\"},{\"@type\":\"Organization\",\"@id\":\"https:\/\/jam-news.net\/az\/#organization\",\"name\":\"JAMnews\",\"url\":\"https:\/\/jam-news.net\/az\/\",\"logo\":{\"@type\":\"ImageObject\",\"inLanguage\":\"az\",\"@id\":\"https:\/\/jam-news.net\/az\/#\/schema\/logo\/image\/\",\"url\":\"https:\/\/jam-news.net\/app\/uploads\/2020\/05\/JAM_w.jpg\",\"contentUrl\":\"https:\/\/jam-news.net\/app\/uploads\/2020\/05\/JAM_w.jpg\",\"width\":960,\"height\":960,\"caption\":\"JAMnews\"},\"image\":{\"@id\":\"https:\/\/jam-news.net\/az\/#\/schema\/logo\/image\/\"},\"sameAs\":[\"https:\/\/www.facebook.com\/JAMnewsInEnglish\/\",\"https:\/\/x.com\/JAMnewsCaucasus\",\"https:\/\/www.instagram.com\/jam_news\/\",\"https:\/\/www.youtube.com\/channel\/UCXQbUCme2pykuZYXWHx4VPg\"]},{\"@type\":\"Person\",\"@id\":\"https:\/\/jam-news.net\/az\/#\/schema\/person\/67df3bb7adb46cd513fb9c4cb02361c6\",\"name\":\"JAMnews\",\"image\":{\"@type\":\"ImageObject\",\"inLanguage\":\"az\",\"@id\":\"https:\/\/jam-news.net\/az\/#\/schema\/person\/image\/\",\"url\":\"https:\/\/secure.gravatar.com\/avatar\/e5c27593ef900c3ab3deed4ed1c653d7?s=96&d=mm&r=g\",\"contentUrl\":\"https:\/\/secure.gravatar.com\/avatar\/e5c27593ef900c3ab3deed4ed1c653d7?s=96&d=mm&r=g\",\"caption\":\"JAMnews\"},\"url\":\"https:\/\/jam-news.net\/az\/author\/margarita\/\"}]}<\/script>\n<!-- \/ Yoast SEO plugin. -->","yoast_head_json":{"title":"Osetinl\u0259r Ukraynada d\u00f6y\u00fc\u015fm\u0259kd\u0259n imtina edibl\u0259r JAMnews","description":"Osetinl\u0259r Ukraynada d\u00f6y\u00fc\u015fm\u0259kd\u0259n imtina edibl\u0259r - Rusiya t\u0259r\u0259fd\u0259n d\u00f6y\u00fc\u015fm\u0259k \u00fc\u00e7\u00fcn C\u0259nubi Osetiyadan g\u00f6nd\u0259ril\u0259n m\u00fcqavil\u0259li h\u0259rb\u00e7il\u0259rin bir hiss\u0259si geri qay\u0131d\u0131b","robots":{"index":"index","follow":"follow","max-snippet":"max-snippet:-1","max-image-preview":"max-image-preview:large","max-video-preview":"max-video-preview:-1"},"canonical":"https:\/\/jam-news.net\/az\/zirehli-jiletsiz-v\u0259-texnikasiz-c\u0259nubi-osetiyadan-olan-h\u0259rbcil\u0259r-ukraynada-doyusm\u0259kd\u0259n-imtina-edibl\u0259r\/","og_locale":"az_AZ","og_type":"article","og_title":"Osetinl\u0259r Ukraynada d\u00f6y\u00fc\u015fm\u0259kd\u0259n imtina edibl\u0259r JAMnews","og_description":"Osetinl\u0259r Ukraynada d\u00f6y\u00fc\u015fm\u0259kd\u0259n imtina edibl\u0259r - Rusiya t\u0259r\u0259fd\u0259n d\u00f6y\u00fc\u015fm\u0259k \u00fc\u00e7\u00fcn C\u0259nubi Osetiyadan g\u00f6nd\u0259ril\u0259n m\u00fcqavil\u0259li h\u0259rb\u00e7il\u0259rin bir hiss\u0259si geri qay\u0131d\u0131b","og_url":"https:\/\/jam-news.net\/az\/zirehli-jiletsiz-v\u0259-texnikasiz-c\u0259nubi-osetiyadan-olan-h\u0259rbcil\u0259r-ukraynada-doyusm\u0259kd\u0259n-imtina-edibl\u0259r\/","og_site_name":"Azerbaijani Jamnews","article_publisher":"https:\/\/www.facebook.com\/JAMnewsInEnglish\/","article_published_time":"2022-04-01T09:44:39+00:00","article_modified_time":"2022-04-01T09:44:41+00:00","og_image":[{"width":900,"height":515,"url":"https:\/\/jam-news.net\/app\/uploads\/2022\/04\/photo_2022-03-30_18-41-04.jpg","type":"image\/jpeg"}],"author":"JAMnews","twitter_card":"summary_large_image","twitter_creator":"@JAMnewsCaucasus","twitter_site":"@JAMnewsCaucasus","twitter_misc":{"Written by":"JAMnews","Est. reading time":"5 minutes"},"schema":{"@context":"https:\/\/schema.org","@graph":[{"@type":"Article","@id":"https:\/\/jam-news.net\/az\/zirehli-jiletsiz-v%c9%99-texnikasiz-c%c9%99nubi-osetiyadan-olan-h%c9%99rbcil%c9%99r-ukraynada-doyusm%c9%99kd%c9%99n-imtina-edibl%c9%99r\/#article","isPartOf":{"@id":"https:\/\/jam-news.net\/az\/zirehli-jiletsiz-v%c9%99-texnikasiz-c%c9%99nubi-osetiyadan-olan-h%c9%99rbcil%c9%99r-ukraynada-doyusm%c9%99kd%c9%99n-imtina-edibl%c9%99r\/"},"author":{"name":"JAMnews","@id":"https:\/\/jam-news.net\/az\/#\/schema\/person\/67df3bb7adb46cd513fb9c4cb02361c6"},"headline":"&#8220;Zirehli jiletsiz v\u0259 texnikas\u0131z&#8221; &#8211; C\u0259nubi Osetiyadan olan h\u0259rb\u00e7il\u0259r Ukraynada d\u00f6y\u00fc\u015fm\u0259kd\u0259n imtina edibl\u0259r","datePublished":"2022-04-01T09:44:39+00:00","dateModified":"2022-04-01T09:44:41+00:00","mainEntityOfPage":{"@id":"https:\/\/jam-news.net\/az\/zirehli-jiletsiz-v%c9%99-texnikasiz-c%c9%99nubi-osetiyadan-olan-h%c9%99rbcil%c9%99r-ukraynada-doyusm%c9%99kd%c9%99n-imtina-edibl%c9%99r\/"},"wordCount":1108,"publisher":{"@id":"https:\/\/jam-news.net\/az\/#organization"},"image":{"@id":"https:\/\/jam-news.net\/az\/zirehli-jiletsiz-v%c9%99-texnikasiz-c%c9%99nubi-osetiyadan-olan-h%c9%99rbcil%c9%99r-ukraynada-doyusm%c9%99kd%c9%99n-imtina-edibl%c9%99r\/#primaryimage"},"thumbnailUrl":"https:\/\/jam-news.net\/app\/uploads\/2022\/04\/photo_2022-03-30_18-41-04.jpg","articleSection":["Conflicts","Georgia","News"],"inLanguage":"az"},{"@type":"WebPage","@id":"https:\/\/jam-news.net\/az\/zirehli-jiletsiz-v%c9%99-texnikasiz-c%c9%99nubi-osetiyadan-olan-h%c9%99rbcil%c9%99r-ukraynada-doyusm%c9%99kd%c9%99n-imtina-edibl%c9%99r\/","url":"https:\/\/jam-news.net\/az\/zirehli-jiletsiz-v%c9%99-texnikasiz-c%c9%99nubi-osetiyadan-olan-h%c9%99rbcil%c9%99r-ukraynada-doyusm%c9%99kd%c9%99n-imtina-edibl%c9%99r\/","name":"Osetinl\u0259r Ukraynada d\u00f6y\u00fc\u015fm\u0259kd\u0259n imtina edibl\u0259r JAMnews","isPartOf":{"@id":"https:\/\/jam-news.net\/az\/#website"},"primaryImageOfPage":{"@id":"https:\/\/jam-news.net\/az\/zirehli-jiletsiz-v%c9%99-texnikasiz-c%c9%99nubi-osetiyadan-olan-h%c9%99rbcil%c9%99r-ukraynada-doyusm%c9%99kd%c9%99n-imtina-edibl%c9%99r\/#primaryimage"},"image":{"@id":"https:\/\/jam-news.net\/az\/zirehli-jiletsiz-v%c9%99-texnikasiz-c%c9%99nubi-osetiyadan-olan-h%c9%99rbcil%c9%99r-ukraynada-doyusm%c9%99kd%c9%99n-imtina-edibl%c9%99r\/#primaryimage"},"thumbnailUrl":"https:\/\/jam-news.net\/app\/uploads\/2022\/04\/photo_2022-03-30_18-41-04.jpg","datePublished":"2022-04-01T09:44:39+00:00","dateModified":"2022-04-01T09:44:41+00:00","description":"Osetinl\u0259r Ukraynada d\u00f6y\u00fc\u015fm\u0259kd\u0259n imtina edibl\u0259r - Rusiya t\u0259r\u0259fd\u0259n d\u00f6y\u00fc\u015fm\u0259k \u00fc\u00e7\u00fcn C\u0259nubi Osetiyadan g\u00f6nd\u0259ril\u0259n m\u00fcqavil\u0259li h\u0259rb\u00e7il\u0259rin bir hiss\u0259si geri qay\u0131d\u0131b","breadcrumb":{"@id":"https:\/\/jam-news.net\/az\/zirehli-jiletsiz-v%c9%99-texnikasiz-c%c9%99nubi-osetiyadan-olan-h%c9%99rbcil%c9%99r-ukraynada-doyusm%c9%99kd%c9%99n-imtina-edibl%c9%99r\/#breadcrumb"},"inLanguage":"az","potentialAction":[{"@type":"ReadAction","target":["https:\/\/jam-news.net\/az\/zirehli-jiletsiz-v%c9%99-texnikasiz-c%c9%99nubi-osetiyadan-olan-h%c9%99rbcil%c9%99r-ukraynada-doyusm%c9%99kd%c9%99n-imtina-edibl%c9%99r\/"]}]},{"@type":"ImageObject","inLanguage":"az","@id":"https:\/\/jam-news.net\/az\/zirehli-jiletsiz-v%c9%99-texnikasiz-c%c9%99nubi-osetiyadan-olan-h%c9%99rbcil%c9%99r-ukraynada-doyusm%c9%99kd%c9%99n-imtina-edibl%c9%99r\/#primaryimage","url":"https:\/\/jam-news.net\/app\/uploads\/2022\/04\/photo_2022-03-30_18-41-04.jpg","contentUrl":"https:\/\/jam-news.net\/app\/uploads\/2022\/04\/photo_2022-03-30_18-41-04.jpg","width":900,"height":515},{"@type":"BreadcrumbList","@id":"https:\/\/jam-news.net\/az\/zirehli-jiletsiz-v%c9%99-texnikasiz-c%c9%99nubi-osetiyadan-olan-h%c9%99rbcil%c9%99r-ukraynada-doyusm%c9%99kd%c9%99n-imtina-edibl%c9%99r\/#breadcrumb","itemListElement":[{"@type":"ListItem","position":1,"name":"Home","item":"https:\/\/jam-news.net\/az\/"},{"@type":"ListItem","position":2,"name":"&#8220;Zirehli jiletsiz v\u0259 texnikas\u0131z&#8221; &#8211; C\u0259nubi Osetiyadan olan h\u0259rb\u00e7il\u0259r Ukraynada d\u00f6y\u00fc\u015fm\u0259kd\u0259n imtina edibl\u0259r"}]},{"@type":"WebSite","@id":"https:\/\/jam-news.net\/az\/#website","url":"https:\/\/jam-news.net\/az\/","name":"Azerbaijani Jamnews","description":"Caucasus News, Politics and Society","publisher":{"@id":"https:\/\/jam-news.net\/az\/#organization"},"potentialAction":[{"@type":"SearchAction","target":{"@type":"EntryPoint","urlTemplate":"https:\/\/jam-news.net\/az\/?s={search_term_string}"},"query-input":{"@type":"PropertyValueSpecification","valueRequired":true,"valueName":"search_term_string"}}],"inLanguage":"az"},{"@type":"Organization","@id":"https:\/\/jam-news.net\/az\/#organization","name":"JAMnews","url":"https:\/\/jam-news.net\/az\/","logo":{"@type":"ImageObject","inLanguage":"az","@id":"https:\/\/jam-news.net\/az\/#\/schema\/logo\/image\/","url":"https:\/\/jam-news.net\/app\/uploads\/2020\/05\/JAM_w.jpg","contentUrl":"https:\/\/jam-news.net\/app\/uploads\/2020\/05\/JAM_w.jpg","width":960,"height":960,"caption":"JAMnews"},"image":{"@id":"https:\/\/jam-news.net\/az\/#\/schema\/logo\/image\/"},"sameAs":["https:\/\/www.facebook.com\/JAMnewsInEnglish\/","https:\/\/x.com\/JAMnewsCaucasus","https:\/\/www.instagram.com\/jam_news\/","https:\/\/www.youtube.com\/channel\/UCXQbUCme2pykuZYXWHx4VPg"]},{"@type":"Person","@id":"https:\/\/jam-news.net\/az\/#\/schema\/person\/67df3bb7adb46cd513fb9c4cb02361c6","name":"JAMnews","image":{"@type":"ImageObject","inLanguage":"az","@id":"https:\/\/jam-news.net\/az\/#\/schema\/person\/image\/","url":"https:\/\/secure.gravatar.com\/avatar\/e5c27593ef900c3ab3deed4ed1c653d7?s=96&d=mm&r=g","contentUrl":"https:\/\/secure.gravatar.com\/avatar\/e5c27593ef900c3ab3deed4ed1c653d7?s=96&d=mm&r=g","caption":"JAMnews"},"url":"https:\/\/jam-news.net\/az\/author\/margarita\/"}]}},"_links":{"self":[{"href":"https:\/\/jam-news.net\/az\/wp-json\/wp\/v2\/posts\/61451","targetHints":{"allow":["GET"]}}],"collection":[{"href":"https:\/\/jam-news.net\/az\/wp-json\/wp\/v2\/posts"}],"about":[{"href":"https:\/\/jam-news.net\/az\/wp-json\/wp\/v2\/types\/post"}],"author":[{"embeddable":true,"href":"https:\/\/jam-news.net\/az\/wp-json\/wp\/v2\/users\/3"}],"replies":[{"embeddable":true,"href":"https:\/\/jam-news.net\/az\/wp-json\/wp\/v2\/comments?post=61451"}],"version-history":[{"count":3,"href":"https:\/\/jam-news.net\/az\/wp-json\/wp\/v2\/posts\/61451\/revisions"}],"predecessor-version":[{"id":61479,"href":"https:\/\/jam-news.net\/az\/wp-json\/wp\/v2\/posts\/61451\/revisions\/61479"}],"wp:featuredmedia":[{"embeddable":true,"href":"https:\/\/jam-news.net\/az\/wp-json\/wp\/v2\/media\/61446"}],"wp:attachment":[{"href":"https:\/\/jam-news.net\/az\/wp-json\/wp\/v2\/media?parent=61451"}],"wp:term":[{"taxonomy":"category","embeddable":true,"href":"https:\/\/jam-news.net\/az\/wp-json\/wp\/v2\/categories?post=61451"},{"taxonomy":"post_tag","embeddable":true,"href":"https:\/\/jam-news.net\/az\/wp-json\/wp\/v2\/tags?post=61451"},{"taxonomy":"formation","embeddable":true,"href":"https:\/\/jam-news.net\/az\/wp-json\/wp\/v2\/formation?post=61451"},{"taxonomy":"post-author","embeddable":true,"href":"https:\/\/jam-news.net\/az\/wp-json\/wp\/v2\/post-author?post=61451"},{"taxonomy":"topic","embeddable":true,"href":"https:\/\/jam-news.net\/az\/wp-json\/wp\/v2\/topic?post=61451"},{"taxonomy":"tooltip","embeddable":true,"href":"https:\/\/jam-news.net\/az\/wp-json\/wp\/v2\/tooltip?post=61451"},{"taxonomy":"city","embeddable":true,"href":"https:\/\/jam-news.net\/az\/wp-json\/wp\/v2\/city?post=61451"}],"curies":[{"name":"wp","href":"https:\/\/api.w.org\/{rel}","templated":true}]}}