{"id":6134,"date":"2017-07-10T00:00:00","date_gmt":"2017-07-10T00:00:00","guid":{"rendered":"http:\/\/jam-news.net\/az\/cecenistanda-yanvar-edami\/"},"modified":"2021-09-21T22:16:19","modified_gmt":"2021-09-21T18:16:19","slug":"cecenistanda-yanvar-edami","status":"publish","type":"post","link":"https:\/\/jam-news.net\/az\/cecenistanda-yanvar-edami\/","title":{"rendered":"\u00c7e\u00e7enistanda yanvar edam\u0131"},"content":{"rendered":"\n<p style=\"font-size:11px\"><strong><em>\u00c7e\u00e7enistanda geyl\u0259rin \u00f6ld\u00fcr\u00fclm\u0259si<\/em><\/strong><\/p>\n\n\n\n<p><span style=\"font-weight: 400;\">2017-ci il yanvar\u0131n 26-na ke\u00e7\u0259n gec\u0259 Qrozn\u0131da he\u00e7 bir ittiham ir\u0259li s\u00fcr\u00fclm\u0259d\u0259n gizlinc\u0259 onlarla insan g\u00fcll\u0259l\u0259nib. Jurnalistl\u0259r t\u0259xmin edirl\u0259r ki, onlar\u0131n say\u0131 27 n\u0259f\u0259rd\u0259n 56 n\u0259f\u0259r\u0259 q\u0259d\u0259r ola bil\u0259r. <\/span><\/p>\n\n\n\n<p><a href=\"https:\/\/www.novayagazeta.ru\/articles\/2017\/07\/09\/73065-eto-byla-kazn-v-noch-na-26-yanvarya-v-groznom-rasstrelyany-desyatki-lyudey\" target=\"_blank\" rel=\"noreferrer noopener\"><b><i>Rusiyan\u0131n \u201cNovaya qazeta\u201d<\/i><\/b><\/a><span style=\"font-weight: 400;\">s\u0131n\u0131n jurnalistl\u0259ri apard\u0131qlar\u0131 ara\u015fd\u0131rma n\u0259tic\u0259sind\u0259 bu q\u0259na\u0259t\u0259 g\u0259libl\u0259r. <\/span><\/p>\n\n\n\n<h6 class=\"wp-block-heading\"><img loading=\"lazy\" decoding=\"async\" class=\"aligncenter wp-image-48385 size-full\" src=\"http:\/\/jam-news.net\/app\/uploads\/2017\/07\/2430f5e8eb2549f6a7f32c325e28145c.jpg\" width=\"1100\" height=\"708\"><b><i>Foto: Anton Podqayko, \/ TASS<\/i><\/b><\/h6>\n\n\n\n<p><span style=\"font-weight: 400;\">Q\u0259zet bel\u0259 detallar\u0131 diqq\u0259t\u0259 \u00e7atd\u0131r\u0131r.<\/span><\/p>\n\n\n\n<span class=\"su-dropcap su-dropcap-style-default\" style=\"font-size:1.5em\"> &nbsp;2016-c\u0131<\/span>&nbsp;<span style=\"font-weight: 400;\">&nbsp;il dekabr\u0131n 17-d\u0259 Qrozn\u0131da polis \u0259m\u0259kda\u015f\u0131na h\u00fccum olandan sonra \u00c7e\u00e7enistanda k\u00fctl\u0259vi h\u0259bsl\u0259r ba\u015f verdi. Yanvar\u0131n \u0259vv\u0259lind\u0259 x\u00fcsusi \u0259m\u0259liyyatlar h\u0259yata ke\u00e7irildi v\u0259 k\u00fctl\u0259vi \u015f\u0259kild\u0259 insanlar saxlan\u0131ld\u0131.<\/span><\/p>\n\n\n\n<p><span style=\"font-weight: 400;\">Amma saxlan\u0131lanlar r\u0259sm\u0259n qeydiyyata al\u0131nm\u0131r, onlara qar\u015f\u0131 he\u00e7 bir ittiham ir\u0259li s\u00fcr\u00fclm\u00fcrd\u00fc, bunun \u0259v\u0259zind\u0259 is\u0259 onlar\u0131 zirz\u0259mil\u0259r\u0259 v\u0259 polis \u015f\u00f6b\u0259l\u0259rinin yard\u0131m\u00e7\u0131 m\u0259kanlar\u0131na yerl\u0259\u015fdirirdil\u0259r. H\u0259bsl\u0259r yanvar\u0131n sonuna q\u0259d\u0259r davam etdirildi, q\u0259zetin m\u0259lumat\u0131na g\u00f6r\u0259, \u00fcmumilikd\u0259 iki y\u00fcz\u0259 yax\u0131n insan saxlan\u0131lm\u0131\u015fd\u0131.<\/span><\/p>\n\n\n\n<p><span style=\"font-weight: 400;\">Saxlan\u0131lanlardan bir hiss\u0259si yaln\u0131z 20 fevralda \u201cleqalla\u015fd\u0131r\u0131ld\u0131\u201d, y\u0259ni formal olaraq insanlar faktiki saxlan\u0131landan ay yar\u0131m sonra h\u0259bs edilmi\u015fdi. Onlar\u0131n ham\u0131s\u0131na qar\u015f\u0131 qanunsuz silah d\u00f6vriyy\u0259si v\u0259 qanunsuz silahl\u0131 qrupla\u015fmada i\u015ftirakla ba\u011fl\u0131 ittiham ir\u0259li s\u00fcr\u00fclm\u00fc\u015fd\u00fc.<\/span><\/p>\n\n\n\n<p><span style=\"font-weight: 400;\">Jurnalistl\u0259r ehtimal edirl\u0259r ki, ay yar\u0131m \u0259rzind\u0259 insanlar\u0131 qanunsuz olaraq t\u0259zyiq alt\u0131nda saxlamaqla onlardan etiraf ifad\u0259l\u0259ri al\u0131n\u0131b ki, bu da \u00c7e\u00e7enistanda \u00e7ox vaxt t\u0259qsirin yegan\u0259 s\u00fcbutu olur.<\/span><\/p>\n\n\n\n<h3 class=\"has-text-align-center wp-block-heading\"><span style=\"color: #000080;\"><b>\u201c\u0130\u015far\u0259l\u0259nmi\u015f\u201d siyah\u0131<\/b><\/span><\/h3>\n\n\n\n<p><span style=\"font-weight: 400;\">Jurnalist ara\u015fd\u0131rmas\u0131n\u0131n gedi\u015fat\u0131nda \u201cNovaya qazeta\u201d \u00c7e\u00e7enistan Daxili \u0130\u015fl\u0259r Nazirliyind\u0259ki m\u0259nb\u0259l\u0259rd\u0259n yanvarda saxlan\u0131lanlar\u0131n siyah\u0131s\u0131 \u0259ld\u0259 ed\u0259 bilib, orada 67 n\u0259f\u0259rin ad\u0131 var.<\/span><\/p>\n\n\n\n<p><span style=\"font-weight: 400;\">\u201cBu insanlar\u0131n taleyi il\u0259 ba\u011fl\u0131 h\u0259r hans\u0131 m\u0259lumat\u0131 \u00f6yr\u0259nm\u0259k c\u0259hdl\u0259rimiz h\u0259ms\u00f6hb\u0259tl\u0259rimizin d\u0259h\u015f\u0259tli qorxusuna s\u0259b\u0259b olurdu\u201d, &#8211; \u201cNovaya qazeta\u201d yaz\u0131r. \u015eali \u015f\u0259h\u0259r administrasiyas\u0131n\u0131n \u0259m\u0259kda\u015f\u0131 da onlardan biridir, o, vahim\u0259y\u0259 d\u00fc\u015f\u0259r\u0259k jurnalistl\u0259rin t\u0259qdim etdiyi siyah\u0131da \u015falilil\u0259rin ad-soyadlar\u0131na bel\u0259 baxmaq ist\u0259m\u0259yib v\u0259 deyib: &nbsp;<\/span><\/p>\n\n\n\n<p><span style=\"font-weight: 400;\">\u201cYanvarda \u015ealid\u0259 saxlan\u0131lanlar\u0131n he\u00e7 biri art\u0131q yoxdur. axtarmay\u0131n\u201d.<\/span><\/p>\n\n\n\n<p><span style=\"font-weight: 400;\">Haz\u0131rda jurnalist ara\u015fd\u0131rmas\u0131n\u0131n m\u00fc\u0259llifl\u0259rin\u0259 <\/span><b>q\u0259tl edildiyi ehtimal olunan \u00fcmumilikd\u0259 27 n\u0259f\u0259rin<\/b><span style=\"font-weight: 400;\"> adlar\u0131 m\u0259lumdur, h\u0259r\u00e7\u0259nd, s\u00f6hb\u0259t <\/span><b>56 \u00c7e\u00e7enistan sakinind\u0259n<\/b><span style=\"font-weight: 400;\"> ged\u0259 bil\u0259r. Onlar m\u00fcxt\u0259lif g\u00fcnl\u0259rd\u0259 h\u0259bs olunublar, amma \u00f6l\u00fcm tarixi ham\u0131s\u0131nda eynidir \u2013 yanvar\u0131n 25-d\u0259n 26-na ke\u00e7\u0259n gec\u0259.<\/span><\/p>\n\n\n\n<p><span style=\"font-weight: 400;\">H\u0259min bu gec\u0259 b\u00fct\u00fcn h\u0259bs olunanlar Qrozn\u0131da polisin post-patrul xidm\u0259ti alay\u0131n\u0131n \u0259razisind\u0259 saxlan\u0131l\u0131b.<\/span><\/p>\n\n\n\n<p><span style=\"font-weight: 400;\">\u201cNovaya qazeta\u201dda olan m\u0259lumata g\u00f6r\u0259, saxlan\u0131lanlar\u0131 bu gec\u0259 g\u00fcll\u0259l\u0259yib, m\u00fcxt\u0259lif q\u0259biristanl\u0131lara, h\u0259m\u00e7inin d\u0259 xristian m\u0259zarl\u0131\u011f\u0131na da\u015f\u0131y\u0131blar v\u0259 t\u0259l\u0259sik qaz\u0131lm\u0131\u015f \u00e7alalarda basd\u0131r\u0131blar.<\/span><\/p>\n\n\n\n<p><span style=\"font-weight: 400;\">Siyah\u0131lar\u0131n diqq\u0259tl\u0259 \u00f6yr\u0259nilm\u0259si bel\u0259 n\u0259tic\u0259y\u0259 g\u0259lm\u0259y\u0259 \u0259sas verir ki, m\u0259hk\u0259m\u0259d\u0259n k\u0259nar edam q\u0259rar\u0131 m\u0259rk\u0259zl\u0259\u015fdirilmi\u015f \u015f\u0259kild\u0259 v\u0259 n\u0259 q\u0259d\u0259r q\u0259rib\u0259 olsa da, spontan verilib \u2013 bu, \u00c7e\u00e7enistan D\u0130N-d\u0259n jurnalistl\u0259r\u0259 \u00f6t\u00fcr\u00fcl\u0259n s\u0259n\u0259din analizind\u0259n ir\u0259li g\u0259lir. S\u0259n\u0259d\u0259 saxlan\u0131lanlar\u0131n fotolar\u0131 \u0259lav\u0259 edilib (b\u0259zil\u0259rind\u0259n g\u00f6r\u00fcn\u00fcr ki, onlar qandalla batareyaya p\u0259r\u00e7uiml\u0259nib), fotolar\u0131n qar\u015f\u0131s\u0131nda is\u0259 m\u00fcxt\u0259lif i\u015far\u0259l\u0259r var, i\u015far\u0259l\u0259r s\u0131ras\u0131nda \u201cminus\u201d da yer al\u0131b ki, jurnalistl\u0259r d\u0259 bunun saxlan\u0131lan \u015f\u0259xsin m\u0259hvini g\u00f6st\u0259rdiyini ehtimal edirl\u0259r. &nbsp;&nbsp;<\/span><\/p>\n\n\n\n<h3 class=\"has-text-align-center wp-block-heading\"><span style=\"color: #000080;\">\u00d6l\u00fcl\u0259r dan\u0131\u015f\u0131r<\/span><\/h3>\n\n\n\n<p><span style=\"font-weight: 400;\">\u201cNovaya qazeta\u201d jurnalistl\u0259rin t\u0259svir etdikl\u0259ri b\u00fct\u00fcn faktlar\u0131n yoxlan\u0131lmas\u0131 \u00fc\u00e7\u00fcn cinay\u0259t i\u015finin qald\u0131r\u0131lmas\u0131na israr edir. Meyitl\u0259rin eksqumasiyas\u0131 v\u0259 \u00f6l\u00fcm\u00fcn s\u0259b\u0259bl\u0259rin\u0259 dair m\u0259hk\u0259m\u0259-tibbi ekspertizadan ke\u00e7irilm\u0259si g\u00fcll\u0259 yaras\u0131n\u0131n olub-olmad\u0131\u011f\u0131n\u0131 ortaya \u00e7\u0131xarma\u011fa qadirdir, &nbsp;g\u00fcll\u0259 yaras\u0131n\u0131n izi s\u00fcm\u00fckl\u0259rd\u0259 h\u0259mi\u015f\u0259lik qal\u0131r. Q\u0259tl edildiyi ehtimal olunanlar\u0131n \u015f\u0259xsiyy\u0259tini m\u00fc\u0259yy\u0259n etm\u0259k d\u0259 \u00e7ox asand\u0131r \u2013 bunun \u00fc\u00e7\u00fcn qurbanlar\u0131n ail\u0259 \u00fczvl\u0259rind\u0259n DNK n\u00fcmun\u0259l\u0259ri g\u00f6t\u00fcrm\u0259k v\u0259 m\u00fcqayis\u0259li analiz aparmaq laz\u0131md\u0131r.<\/span><\/p>\n\n\n\n<p><span style=\"font-weight: 400;\">\u00c7e\u00e7enistanda geyl\u0259rin t\u0259qib olunmas\u0131 il\u0259 ba\u011fl\u0131 v\u0259ziyy\u0259td\u0259n f\u0259rqli olaraq (bu zaman onlar\u0131n ail\u0259l\u0259ri k\u00f6n\u00fcll\u00fc olmasa da, repressiyalarda f\u0259al i\u015ftirak etmi\u015fdil\u0259r), bu m\u0259s\u0259l\u0259d\u0259 ekstremizmd\u0259 \u015f\u00fcbh\u0259li bilin\u0259r\u0259k saxlan\u0131lanlar\u0131n qohumlar\u0131 istintaqa k\u00f6m\u0259k ed\u0259c\u0259kl\u0259r.<\/span><\/p>\n\n\n\n<p><span style=\"font-weight: 400;\">\u00dcst\u0259lik, he\u00e7 d\u0259 h\u0259r k\u0259s do\u011fmas\u0131n\u0131n ba\u015f\u0131na n\u0259 i\u015f g\u0259ldiyind\u0259n x\u0259b\u0259rdar deyil. \u00c7oxlar\u0131 h\u0259kl\u0259 d\u0259 saxlan\u0131lan qohumlar\u0131n\u0131n ev\u0259 sa\u011f qay\u0131daca\u011f\u0131na \u00fcmid edir. Onlar h\u0259l\u0259 d\u0259 yanvarda yoxa \u00e7\u0131xm\u0131\u015f do\u011fmalar\u0131n\u0131 axtar\u0131r, polis\u0259 g\u0259lib soru\u015furlar.<\/span><\/p>\n\n\n\n<p><span style=\"font-weight: 400;\">Cavab\u0131nda is\u0259 art\u0131q ne\u00e7\u0259 ayd\u0131r ki, eyni cavab\u0131 e\u015fidirl\u0259r \u2013 \u201cb\u0259lk\u0259 onlar art\u0131q Suriyadad\u0131rlar\u201d, \u201c\u00f6z\u00fcn\u00fcz \u00f6z qohumlar\u0131n\u0131za sahib \u00e7\u0131xmal\u0131s\u0131z, bizd\u0259n n\u0259 ist\u0259yirsiz\u201d. \u018fn yax\u015f\u0131 halda is\u0259 deyirl\u0259r ki, \u201cvaxt\u0131 g\u0259l\u0259nd\u0259, bil\u0259c\u0259ksiz\u201d. &nbsp;&nbsp;<\/span><\/p>\n\n\n<div class=\"su-divider su-divider-style-default\" style=\"margin:15px 0;border-width:3px;border-color:#999999\"><a href=\"#\" style=\"color:#999999\">Go to top<\/a><\/div>\n\n\n\n<p><b><i>\u201cS\u0259lahiyy\u0259tli h\u00fcquq-m\u00fchafiz\u0259 orqanlar\u0131n\u0131n timsal\u0131nda d\u00f6vl\u0259t biz\u0259 ba\u015fqa \u00e7\u0131x\u0131\u015f yolu qoymad\u0131\u011f\u0131 \u00fc\u00e7\u00fcn biz faktlar\u0131 d\u0259rc edirik. Biz iki ay \u0259m\u0259kda\u015fl\u0131\u011fa \u00fcmid etdik, hans\u0131 ki, lap \u0259vv\u0259ld\u0259 \u00e7ox s\u0259m\u0259r\u0259li idi. \u0130ndi is\u0259 art\u0131q ayd\u0131nd\u0131r ki, Rusiya \u0130stintaq Komit\u0259si bu situasiya il\u0259 ba\u011fl\u0131 \u00f6z m\u00f6vqeyini t\u0259slim edir, eyn\u0259n Boris Nemtsovun q\u0259tli il\u0259 ba\u011fl\u0131 i\u015fd\u0259 oldu\u011fu kimi. M\u0259hz bu s\u0259b\u0259bd\u0259n bizd\u0259 olan m\u0259lumata g\u00f6r\u0259, Qrozn\u0131da ba\u015f vermi\u015f b\u0259lk\u0259 d\u0259 \u0259n d\u0259h\u015f\u0259tli m\u0259hk\u0259m\u0259siz edam qurbanlar\u0131 olmu\u015f insanlar\u0131n siyah\u0131s\u0131n\u0131 d\u0259rc edirik. V\u0259 indi canl\u0131 m\u00fcraci\u0259t\u00e7il\u0259rin olmad\u0131\u011f\u0131na istinad ed\u0259n istintaq x\u00fcsusi \u015fahidl\u0259rl\u0259 i\u015fi aparmal\u0131 olacaq\u201d, &#8211; <\/i><\/b><b>\u201cNovaya Qazeta\u201d yaz\u0131r.<\/b><\/p>\n","protected":false},"excerpt":{"rendered":"<p>\u00c7e\u00e7enistanda ba\u015f vermi\u015f gizli q\u0259tll\u0259r haqda jurnalist ara\u015fd\u0131rmas\u0131<\/p>\n","protected":false},"author":6,"featured_media":20181,"comment_status":"open","ping_status":"open","sticky":false,"template":"","format":"standard","meta":{"_acf_changed":false,"footnotes":""},"categories":[53,2,25,50,5,4,35],"tags":[],"formation":[],"post-author":[2888],"topic":[5182,812,4955],"tooltip":[],"city":[],"class_list":["post-6134","post","type-post","status-publish","format-standard","has-post-thumbnail","hentry","category-qaygisiz-qalanlar","category-cografiya","category-cmiyyt","category-xbrlr","category-siyast","category-rusiya","category-hekaylr","post-author-jamnews","topic-qadinlar-v-kisilr","topic-qafqazda-lgbt","topic-rusiya"],"acf":[],"yoast_head":"<!-- This site is optimized with the Yoast SEO plugin v24.1 - https:\/\/yoast.com\/wordpress\/plugins\/seo\/ -->\n<title>\u00c7e\u00e7enistanda yanvar edam\u0131 - JAMnews<\/title>\n<meta name=\"description\" content=\"\u00c7e\u00e7enistanda geyl\u0259rin \u00f6ld\u00fcr\u00fclm\u0259si - \u00c7e\u00e7enistanda ba\u015f vermi\u015f gizli q\u0259tll\u0259r haqda jurnalist ara\u015fd\u0131rmas\u0131\" \/>\n<meta name=\"robots\" content=\"index, follow, max-snippet:-1, max-image-preview:large, max-video-preview:-1\" \/>\n<link rel=\"canonical\" href=\"https:\/\/jam-news.net\/az\/cecenistanda-yanvar-edami\/\" \/>\n<meta property=\"og:locale\" content=\"az_AZ\" \/>\n<meta property=\"og:type\" content=\"article\" \/>\n<meta property=\"og:title\" content=\"\u00c7e\u00e7enistanda yanvar edam\u0131 - JAMnews\" \/>\n<meta property=\"og:description\" content=\"\u00c7e\u00e7enistanda geyl\u0259rin \u00f6ld\u00fcr\u00fclm\u0259si - \u00c7e\u00e7enistanda ba\u015f vermi\u015f gizli q\u0259tll\u0259r haqda jurnalist ara\u015fd\u0131rmas\u0131\" \/>\n<meta property=\"og:url\" content=\"https:\/\/jam-news.net\/az\/cecenistanda-yanvar-edami\/\" \/>\n<meta property=\"og:site_name\" content=\"Azerbaijani Jamnews\" \/>\n<meta property=\"article:publisher\" content=\"https:\/\/www.facebook.com\/JAMnewsInEnglish\/\" \/>\n<meta property=\"article:published_time\" content=\"2017-07-10T00:00:00+00:00\" \/>\n<meta property=\"article:modified_time\" content=\"2021-09-21T18:16:19+00:00\" \/>\n<meta property=\"og:image\" content=\"https:\/\/jam-news.net\/app\/uploads\/2020\/03\/2430f5e8eb2549f6a7f32c325e28145c-3.jpg\" \/>\n\t<meta property=\"og:image:width\" content=\"1100\" \/>\n\t<meta property=\"og:image:height\" content=\"708\" \/>\n\t<meta property=\"og:image:type\" content=\"image\/jpeg\" \/>\n<meta name=\"author\" content=\"Tatia nikoladze\" \/>\n<meta name=\"twitter:card\" content=\"summary_large_image\" \/>\n<meta name=\"twitter:creator\" content=\"@JAMnewsCaucasus\" \/>\n<meta name=\"twitter:site\" content=\"@JAMnewsCaucasus\" \/>\n<meta name=\"twitter:label1\" content=\"Written by\" \/>\n\t<meta name=\"twitter:data1\" content=\"Tatia nikoladze\" \/>\n\t<meta name=\"twitter:label2\" content=\"Est. reading time\" \/>\n\t<meta name=\"twitter:data2\" content=\"6 minutes\" \/>\n<script type=\"application\/ld+json\" class=\"yoast-schema-graph\">{\"@context\":\"https:\/\/schema.org\",\"@graph\":[{\"@type\":\"Article\",\"@id\":\"https:\/\/jam-news.net\/az\/cecenistanda-yanvar-edami\/#article\",\"isPartOf\":{\"@id\":\"https:\/\/jam-news.net\/az\/cecenistanda-yanvar-edami\/\"},\"author\":{\"name\":\"Tatia nikoladze\",\"@id\":\"https:\/\/jam-news.net\/az\/#\/schema\/person\/86c90ea4dd4c6e61e60ae51d24bc662c\"},\"headline\":\"\u00c7e\u00e7enistanda yanvar edam\u0131\",\"datePublished\":\"2017-07-10T00:00:00+00:00\",\"dateModified\":\"2021-09-21T18:16:19+00:00\",\"mainEntityOfPage\":{\"@id\":\"https:\/\/jam-news.net\/az\/cecenistanda-yanvar-edami\/\"},\"wordCount\":1144,\"commentCount\":0,\"publisher\":{\"@id\":\"https:\/\/jam-news.net\/az\/#organization\"},\"image\":{\"@id\":\"https:\/\/jam-news.net\/az\/cecenistanda-yanvar-edami\/#primaryimage\"},\"thumbnailUrl\":\"https:\/\/jam-news.net\/app\/uploads\/2020\/03\/2430f5e8eb2549f6a7f32c325e28145c-3.jpg\",\"articleSection\":[\"Gender and sex\",\"Geography\",\"Issues\",\"News\",\"Politics\",\"Russia\",\"Stories\"],\"inLanguage\":\"az\"},{\"@type\":\"WebPage\",\"@id\":\"https:\/\/jam-news.net\/az\/cecenistanda-yanvar-edami\/\",\"url\":\"https:\/\/jam-news.net\/az\/cecenistanda-yanvar-edami\/\",\"name\":\"\u00c7e\u00e7enistanda yanvar edam\u0131 - JAMnews\",\"isPartOf\":{\"@id\":\"https:\/\/jam-news.net\/az\/#website\"},\"primaryImageOfPage\":{\"@id\":\"https:\/\/jam-news.net\/az\/cecenistanda-yanvar-edami\/#primaryimage\"},\"image\":{\"@id\":\"https:\/\/jam-news.net\/az\/cecenistanda-yanvar-edami\/#primaryimage\"},\"thumbnailUrl\":\"https:\/\/jam-news.net\/app\/uploads\/2020\/03\/2430f5e8eb2549f6a7f32c325e28145c-3.jpg\",\"datePublished\":\"2017-07-10T00:00:00+00:00\",\"dateModified\":\"2021-09-21T18:16:19+00:00\",\"description\":\"\u00c7e\u00e7enistanda geyl\u0259rin \u00f6ld\u00fcr\u00fclm\u0259si - \u00c7e\u00e7enistanda ba\u015f vermi\u015f gizli q\u0259tll\u0259r haqda jurnalist ara\u015fd\u0131rmas\u0131\",\"breadcrumb\":{\"@id\":\"https:\/\/jam-news.net\/az\/cecenistanda-yanvar-edami\/#breadcrumb\"},\"inLanguage\":\"az\",\"potentialAction\":[{\"@type\":\"ReadAction\",\"target\":[\"https:\/\/jam-news.net\/az\/cecenistanda-yanvar-edami\/\"]}]},{\"@type\":\"ImageObject\",\"inLanguage\":\"az\",\"@id\":\"https:\/\/jam-news.net\/az\/cecenistanda-yanvar-edami\/#primaryimage\",\"url\":\"https:\/\/jam-news.net\/app\/uploads\/2020\/03\/2430f5e8eb2549f6a7f32c325e28145c-3.jpg\",\"contentUrl\":\"https:\/\/jam-news.net\/app\/uploads\/2020\/03\/2430f5e8eb2549f6a7f32c325e28145c-3.jpg\",\"width\":1100,\"height\":708},{\"@type\":\"BreadcrumbList\",\"@id\":\"https:\/\/jam-news.net\/az\/cecenistanda-yanvar-edami\/#breadcrumb\",\"itemListElement\":[{\"@type\":\"ListItem\",\"position\":1,\"name\":\"Home\",\"item\":\"https:\/\/jam-news.net\/az\/\"},{\"@type\":\"ListItem\",\"position\":2,\"name\":\"\u00c7e\u00e7enistanda yanvar edam\u0131\"}]},{\"@type\":\"WebSite\",\"@id\":\"https:\/\/jam-news.net\/az\/#website\",\"url\":\"https:\/\/jam-news.net\/az\/\",\"name\":\"Azerbaijani Jamnews\",\"description\":\"Caucasus News, Politics and Society\",\"publisher\":{\"@id\":\"https:\/\/jam-news.net\/az\/#organization\"},\"potentialAction\":[{\"@type\":\"SearchAction\",\"target\":{\"@type\":\"EntryPoint\",\"urlTemplate\":\"https:\/\/jam-news.net\/az\/?s={search_term_string}\"},\"query-input\":{\"@type\":\"PropertyValueSpecification\",\"valueRequired\":true,\"valueName\":\"search_term_string\"}}],\"inLanguage\":\"az\"},{\"@type\":\"Organization\",\"@id\":\"https:\/\/jam-news.net\/az\/#organization\",\"name\":\"JAMnews\",\"url\":\"https:\/\/jam-news.net\/az\/\",\"logo\":{\"@type\":\"ImageObject\",\"inLanguage\":\"az\",\"@id\":\"https:\/\/jam-news.net\/az\/#\/schema\/logo\/image\/\",\"url\":\"https:\/\/jam-news.net\/app\/uploads\/2020\/05\/JAM_w.jpg\",\"contentUrl\":\"https:\/\/jam-news.net\/app\/uploads\/2020\/05\/JAM_w.jpg\",\"width\":960,\"height\":960,\"caption\":\"JAMnews\"},\"image\":{\"@id\":\"https:\/\/jam-news.net\/az\/#\/schema\/logo\/image\/\"},\"sameAs\":[\"https:\/\/www.facebook.com\/JAMnewsInEnglish\/\",\"https:\/\/x.com\/JAMnewsCaucasus\",\"https:\/\/www.instagram.com\/jam_news\/\",\"https:\/\/www.youtube.com\/channel\/UCXQbUCme2pykuZYXWHx4VPg\"]},{\"@type\":\"Person\",\"@id\":\"https:\/\/jam-news.net\/az\/#\/schema\/person\/86c90ea4dd4c6e61e60ae51d24bc662c\",\"name\":\"Tatia nikoladze\",\"image\":{\"@type\":\"ImageObject\",\"inLanguage\":\"az\",\"@id\":\"https:\/\/jam-news.net\/az\/#\/schema\/person\/image\/\",\"url\":\"https:\/\/secure.gravatar.com\/avatar\/1f8b2c8ce4c25cc30806785bafe6bb03?s=96&d=mm&r=g\",\"contentUrl\":\"https:\/\/secure.gravatar.com\/avatar\/1f8b2c8ce4c25cc30806785bafe6bb03?s=96&d=mm&r=g\",\"caption\":\"Tatia nikoladze\"},\"url\":\"https:\/\/jam-news.net\/az\/author\/tatiani\/\"}]}<\/script>\n<!-- \/ Yoast SEO plugin. -->","yoast_head_json":{"title":"\u00c7e\u00e7enistanda yanvar edam\u0131 - JAMnews","description":"\u00c7e\u00e7enistanda geyl\u0259rin \u00f6ld\u00fcr\u00fclm\u0259si - \u00c7e\u00e7enistanda ba\u015f vermi\u015f gizli q\u0259tll\u0259r haqda jurnalist ara\u015fd\u0131rmas\u0131","robots":{"index":"index","follow":"follow","max-snippet":"max-snippet:-1","max-image-preview":"max-image-preview:large","max-video-preview":"max-video-preview:-1"},"canonical":"https:\/\/jam-news.net\/az\/cecenistanda-yanvar-edami\/","og_locale":"az_AZ","og_type":"article","og_title":"\u00c7e\u00e7enistanda yanvar edam\u0131 - JAMnews","og_description":"\u00c7e\u00e7enistanda geyl\u0259rin \u00f6ld\u00fcr\u00fclm\u0259si - \u00c7e\u00e7enistanda ba\u015f vermi\u015f gizli q\u0259tll\u0259r haqda jurnalist ara\u015fd\u0131rmas\u0131","og_url":"https:\/\/jam-news.net\/az\/cecenistanda-yanvar-edami\/","og_site_name":"Azerbaijani Jamnews","article_publisher":"https:\/\/www.facebook.com\/JAMnewsInEnglish\/","article_published_time":"2017-07-10T00:00:00+00:00","article_modified_time":"2021-09-21T18:16:19+00:00","og_image":[{"width":1100,"height":708,"url":"https:\/\/jam-news.net\/app\/uploads\/2020\/03\/2430f5e8eb2549f6a7f32c325e28145c-3.jpg","type":"image\/jpeg"}],"author":"Tatia nikoladze","twitter_card":"summary_large_image","twitter_creator":"@JAMnewsCaucasus","twitter_site":"@JAMnewsCaucasus","twitter_misc":{"Written by":"Tatia nikoladze","Est. reading time":"6 minutes"},"schema":{"@context":"https:\/\/schema.org","@graph":[{"@type":"Article","@id":"https:\/\/jam-news.net\/az\/cecenistanda-yanvar-edami\/#article","isPartOf":{"@id":"https:\/\/jam-news.net\/az\/cecenistanda-yanvar-edami\/"},"author":{"name":"Tatia nikoladze","@id":"https:\/\/jam-news.net\/az\/#\/schema\/person\/86c90ea4dd4c6e61e60ae51d24bc662c"},"headline":"\u00c7e\u00e7enistanda yanvar edam\u0131","datePublished":"2017-07-10T00:00:00+00:00","dateModified":"2021-09-21T18:16:19+00:00","mainEntityOfPage":{"@id":"https:\/\/jam-news.net\/az\/cecenistanda-yanvar-edami\/"},"wordCount":1144,"commentCount":0,"publisher":{"@id":"https:\/\/jam-news.net\/az\/#organization"},"image":{"@id":"https:\/\/jam-news.net\/az\/cecenistanda-yanvar-edami\/#primaryimage"},"thumbnailUrl":"https:\/\/jam-news.net\/app\/uploads\/2020\/03\/2430f5e8eb2549f6a7f32c325e28145c-3.jpg","articleSection":["Gender and sex","Geography","Issues","News","Politics","Russia","Stories"],"inLanguage":"az"},{"@type":"WebPage","@id":"https:\/\/jam-news.net\/az\/cecenistanda-yanvar-edami\/","url":"https:\/\/jam-news.net\/az\/cecenistanda-yanvar-edami\/","name":"\u00c7e\u00e7enistanda yanvar edam\u0131 - JAMnews","isPartOf":{"@id":"https:\/\/jam-news.net\/az\/#website"},"primaryImageOfPage":{"@id":"https:\/\/jam-news.net\/az\/cecenistanda-yanvar-edami\/#primaryimage"},"image":{"@id":"https:\/\/jam-news.net\/az\/cecenistanda-yanvar-edami\/#primaryimage"},"thumbnailUrl":"https:\/\/jam-news.net\/app\/uploads\/2020\/03\/2430f5e8eb2549f6a7f32c325e28145c-3.jpg","datePublished":"2017-07-10T00:00:00+00:00","dateModified":"2021-09-21T18:16:19+00:00","description":"\u00c7e\u00e7enistanda geyl\u0259rin \u00f6ld\u00fcr\u00fclm\u0259si - \u00c7e\u00e7enistanda ba\u015f vermi\u015f gizli q\u0259tll\u0259r haqda jurnalist ara\u015fd\u0131rmas\u0131","breadcrumb":{"@id":"https:\/\/jam-news.net\/az\/cecenistanda-yanvar-edami\/#breadcrumb"},"inLanguage":"az","potentialAction":[{"@type":"ReadAction","target":["https:\/\/jam-news.net\/az\/cecenistanda-yanvar-edami\/"]}]},{"@type":"ImageObject","inLanguage":"az","@id":"https:\/\/jam-news.net\/az\/cecenistanda-yanvar-edami\/#primaryimage","url":"https:\/\/jam-news.net\/app\/uploads\/2020\/03\/2430f5e8eb2549f6a7f32c325e28145c-3.jpg","contentUrl":"https:\/\/jam-news.net\/app\/uploads\/2020\/03\/2430f5e8eb2549f6a7f32c325e28145c-3.jpg","width":1100,"height":708},{"@type":"BreadcrumbList","@id":"https:\/\/jam-news.net\/az\/cecenistanda-yanvar-edami\/#breadcrumb","itemListElement":[{"@type":"ListItem","position":1,"name":"Home","item":"https:\/\/jam-news.net\/az\/"},{"@type":"ListItem","position":2,"name":"\u00c7e\u00e7enistanda yanvar edam\u0131"}]},{"@type":"WebSite","@id":"https:\/\/jam-news.net\/az\/#website","url":"https:\/\/jam-news.net\/az\/","name":"Azerbaijani Jamnews","description":"Caucasus News, Politics and Society","publisher":{"@id":"https:\/\/jam-news.net\/az\/#organization"},"potentialAction":[{"@type":"SearchAction","target":{"@type":"EntryPoint","urlTemplate":"https:\/\/jam-news.net\/az\/?s={search_term_string}"},"query-input":{"@type":"PropertyValueSpecification","valueRequired":true,"valueName":"search_term_string"}}],"inLanguage":"az"},{"@type":"Organization","@id":"https:\/\/jam-news.net\/az\/#organization","name":"JAMnews","url":"https:\/\/jam-news.net\/az\/","logo":{"@type":"ImageObject","inLanguage":"az","@id":"https:\/\/jam-news.net\/az\/#\/schema\/logo\/image\/","url":"https:\/\/jam-news.net\/app\/uploads\/2020\/05\/JAM_w.jpg","contentUrl":"https:\/\/jam-news.net\/app\/uploads\/2020\/05\/JAM_w.jpg","width":960,"height":960,"caption":"JAMnews"},"image":{"@id":"https:\/\/jam-news.net\/az\/#\/schema\/logo\/image\/"},"sameAs":["https:\/\/www.facebook.com\/JAMnewsInEnglish\/","https:\/\/x.com\/JAMnewsCaucasus","https:\/\/www.instagram.com\/jam_news\/","https:\/\/www.youtube.com\/channel\/UCXQbUCme2pykuZYXWHx4VPg"]},{"@type":"Person","@id":"https:\/\/jam-news.net\/az\/#\/schema\/person\/86c90ea4dd4c6e61e60ae51d24bc662c","name":"Tatia nikoladze","image":{"@type":"ImageObject","inLanguage":"az","@id":"https:\/\/jam-news.net\/az\/#\/schema\/person\/image\/","url":"https:\/\/secure.gravatar.com\/avatar\/1f8b2c8ce4c25cc30806785bafe6bb03?s=96&d=mm&r=g","contentUrl":"https:\/\/secure.gravatar.com\/avatar\/1f8b2c8ce4c25cc30806785bafe6bb03?s=96&d=mm&r=g","caption":"Tatia nikoladze"},"url":"https:\/\/jam-news.net\/az\/author\/tatiani\/"}]}},"_links":{"self":[{"href":"https:\/\/jam-news.net\/az\/wp-json\/wp\/v2\/posts\/6134","targetHints":{"allow":["GET"]}}],"collection":[{"href":"https:\/\/jam-news.net\/az\/wp-json\/wp\/v2\/posts"}],"about":[{"href":"https:\/\/jam-news.net\/az\/wp-json\/wp\/v2\/types\/post"}],"author":[{"embeddable":true,"href":"https:\/\/jam-news.net\/az\/wp-json\/wp\/v2\/users\/6"}],"replies":[{"embeddable":true,"href":"https:\/\/jam-news.net\/az\/wp-json\/wp\/v2\/comments?post=6134"}],"version-history":[{"count":3,"href":"https:\/\/jam-news.net\/az\/wp-json\/wp\/v2\/posts\/6134\/revisions"}],"predecessor-version":[{"id":52884,"href":"https:\/\/jam-news.net\/az\/wp-json\/wp\/v2\/posts\/6134\/revisions\/52884"}],"wp:featuredmedia":[{"embeddable":true,"href":"https:\/\/jam-news.net\/az\/wp-json\/wp\/v2\/media\/20181"}],"wp:attachment":[{"href":"https:\/\/jam-news.net\/az\/wp-json\/wp\/v2\/media?parent=6134"}],"wp:term":[{"taxonomy":"category","embeddable":true,"href":"https:\/\/jam-news.net\/az\/wp-json\/wp\/v2\/categories?post=6134"},{"taxonomy":"post_tag","embeddable":true,"href":"https:\/\/jam-news.net\/az\/wp-json\/wp\/v2\/tags?post=6134"},{"taxonomy":"formation","embeddable":true,"href":"https:\/\/jam-news.net\/az\/wp-json\/wp\/v2\/formation?post=6134"},{"taxonomy":"post-author","embeddable":true,"href":"https:\/\/jam-news.net\/az\/wp-json\/wp\/v2\/post-author?post=6134"},{"taxonomy":"topic","embeddable":true,"href":"https:\/\/jam-news.net\/az\/wp-json\/wp\/v2\/topic?post=6134"},{"taxonomy":"tooltip","embeddable":true,"href":"https:\/\/jam-news.net\/az\/wp-json\/wp\/v2\/tooltip?post=6134"},{"taxonomy":"city","embeddable":true,"href":"https:\/\/jam-news.net\/az\/wp-json\/wp\/v2\/city?post=6134"}],"curies":[{"name":"wp","href":"https:\/\/api.w.org\/{rel}","templated":true}]}}