{"id":5926,"date":"2017-06-14T00:00:00","date_gmt":"2017-06-14T00:00:00","guid":{"rendered":"http:\/\/jam-news.net\/az\/erm%c9%99nistanda-himnin-d%c9%99yisdirilm%c9%99si-muzakir%c9%99-olunur\/"},"modified":"2022-01-18T01:29:32","modified_gmt":"2022-01-17T21:29:32","slug":"erm%c9%99nistanda-himnin-d%c9%99yisdirilm%c9%99si-muzakir%c9%99-olunur","status":"publish","type":"post","link":"https:\/\/jam-news.net\/az\/erm%c9%99nistanda-himnin-d%c9%99yisdirilm%c9%99si-muzakir%c9%99-olunur\/","title":{"rendered":"Erm\u0259nistanda himnin d\u0259yi\u015fdirilm\u0259si m\u00fczakir\u0259 olunur"},"content":{"rendered":"<h6>Foto: NPR.org<\/h6>\n<p>D\u00fcnyaca m\u0259\u015fhur \u015fansonye \u015earlAznavur bu g\u00fcnl\u0259rd\u0259 haz\u0131rk\u0131 himnin \u00f6z\u00fcn\u00fcn \u201cS\u0259nin \u00fc\u00e7\u00fcn, Erm\u0259nistan\u201d mahn\u0131s\u0131 il\u0259 \u0259v\u0259z olunmas\u0131n\u0131 t\u0259klif edib.<\/p>\n<p>\n    <div class=\"bd_notification notification_info\">\n      <i><\/i><\/p>\n<p>Aznavurbu mahn\u0131n\u0131n s\u00f6zl\u0259rinin m\u00fc\u0259llifidir. Musiqisini is\u0259 JorjKarvarents b\u0259st\u0259l\u0259yib. Pour toi Arm\u00e9nie 1988-ci ild\u0259, dekabr\u0131n 7-d\u0259 Erm\u0259nistanda ba\u015f ver\u0259n da\u011f\u0131d\u0131c\u0131 z\u0259lz\u0259l\u0259d\u0259n bir ne\u00e7\u0259 g\u00fcn sonra z\u0259r\u0259r\u00e7\u0259k\u0259nl\u0259r\u0259 yard\u0131m m\u0259qs\u0259dil\u0259 \u0259rs\u0259y\u0259 g\u0259lib.\u0130lk d\u0259f\u0259 bu mahn\u0131n\u0131 1988-ci il dekabr\u0131n 20-d\u0259 87 m\u0259\u015fhur frans\u0131z m\u00fc\u011f\u0259nni Fransa televiziyas\u0131n\u0131n efirind\u0259 ifa edib.<\/p>\n<p>&nbsp;<\/p>\n<p>\n    <\/div>\n     \u201cPour toi Arm\u00e9nie yeni himn ola bil\u0259r, m\u0259n bax bunu ist\u0259y\u0259rdim. Prezident SerjSarqsyan, el\u0259 ba\u015fqalar\u0131 da m\u0259niml\u0259 raz\u0131d\u0131r\u201d, &#8211; \u015fansonye deyib.<\/p>\n<p>Bu b\u0259yanat Erm\u0259nistan m\u0259tbuat\u0131nda q\u0131z\u011f\u0131n m\u00fczakir\u0259l\u0259r\u0259 s\u0259b\u0259b olub. \u0130nc\u0259s\u0259n\u0259t xadiml\u0259ri , ziyal\u0131lar Erm\u0259nistan\u0131n haz\u0131rk\u0131 himni &#8211; \u201cBizim v\u0259t\u0259nimiz\u201di \u00fcmumiyy\u0259tl\u0259 d\u0259yi\u015fm\u0259y\u0259 ehtiyac varm\u0131 y\u00f6n\u00fcnd\u0259 fikirl\u0259rini s\u0259sl\u0259ndirirl\u0259r.<\/p>\n<p>M\u0259s\u0259l\u0259n, m\u00fc\u011f\u0259nni Artur \u0130spiryan deyib ki, \u015fansonyenin mahn\u0131s\u0131 ah\u0259ngdard\u0131r v\u0259 himn ola bil\u0259r: \u201cAznavur o q\u0259d\u0259r d\u0259y\u0259rli insand\u0131r ki, o, h\u0259m m\u0259nim \u00fc\u00e7\u00fcn, h\u0259m d\u0259 b\u00fct\u00fcn xalq\u0131m\u0131z \u00fc\u00e7\u00fcn b\u00f6y\u00fck bir zirv\u0259dir. Odur ki, onun t\u0259klifin\u0259 qulaq asma\u011fa d\u0259y\u0259r\u201d. M\u00fc\u011f\u0259nni hesab edir ki, himn d\u0259yi\u015fil\u0259rs\u0259, insanlar yeni himn\u0259 al\u0131\u015facaqlar.<\/p>\n<p>Erm\u0259nistan\u0131n B\u0259st\u0259karlar \u0130ttifaq\u0131n\u0131n s\u0259dri Aram Satyan bu t\u0259klifin \u0259leyhin\u0259dir. \u201cHesab etmir\u0259m ki, Erm\u0259nistan\u0131n himnini bu mahn\u0131 il\u0259 \u0259v\u0259z etm\u0259k laz\u0131md\u0131r, \u00e7\u00fcnki bu, mahn\u0131d\u0131r, himn deyil\u201d, &#8211; Satyan deyib.<\/p>\n<p>Musiqi\u00e7i Yeqi\u015fyanPetrosyan deyib ki, himnin d\u0259yi\u015fdirilm\u0259si t\u0259klifini d\u0259st\u0259kl\u0259yir, amma \u201cS\u0259nin \u00fc\u00e7\u00fcn, Erm\u0259nistan\u201d mahn\u0131s\u0131 il\u0259 yox. \u201cBunu himn el\u0259m\u0259k ay\u0131b olard\u0131\u201d, &#8211; o deyib.<\/p>\n<p>Facebook sosial \u015f\u0259b\u0259k\u0259sinin istifad\u0259\u00e7il\u0259ri d\u0259 bu m\u0259s\u0259l\u0259 il\u0259 ba\u011fl\u0131 fikirl\u0259rini bildirirl\u0259r. Baxmayaraq ki, \u015earlAvnavur Erm\u0259nistanda sevilir v\u0259 say\u0131l\u0131r, onun t\u0259klifi sosial \u015f\u0259b\u0259k\u0259l\u0259rd\u0259 \u0259sas\u0259n m\u0259nfi reaksiya do\u011furub:<\/p>\n<p>\u201cAram Xa\u00e7aturyan\u0131n g\u00f6z\u0259l himni \u0259v\u0259zin\u0259 [s\u00f6hb\u0259t Erm\u0259nistan SSR-in himnind\u0259n gedir] v\u0259 ya \u201cYerazimyerkirayreni [M\u0259nim arzum, do\u011fma \u00f6lk\u0259m]\u201d milli himninin \u0259v\u0259zin\u0259 himn olaraq Aznavurun \u201cS\u0259nin \u00fc\u00e7\u00fcn, Erm\u0259nistan\u201d mahn\u0131s\u0131 n\u0259z\u0259rd\u0259n ke\u00e7irilir. Allah el\u0259m\u0259sin ki, bu mahn\u0131 himn olsun: h\u0259r d\u0259f\u0259 onu ifa ed\u0259nd\u0259 biz z\u0259lz\u0259l\u0259ni xat\u0131rlayacaq v\u0259 depressiyaya d\u00fc\u015f\u0259c\u0259yik\u201d.<\/p>\n<p>\u201c\u018fg\u0259r d\u0259yi\u015firl\u0259rs\u0259, qoy, Aram Xa\u00e7aturyan\u0131n himini qaytars\u0131nlar, daha z\u0259lz\u0259l\u0259ni xat\u0131rladan mahn\u0131n\u0131 yox. B\u0259sdir art\u0131q: biz h\u0259r \u015feyd\u0259 v\u0259 h\u0259r yerd\u0259 faci\u0259 g\u00f6r\u0259n v\u0259 xat\u0131rlayan xalqa \u00e7evrilmi\u015fik\u201d.<\/p>\n<p>\u201cAy\u0131q ba\u015fla d\u00fc\u015f\u00fcn\u00fcn. D\u00f6vl\u0259t himni oyuncaq deyil ki, h\u0259r k\u0259s ona qar\u0131\u015fs\u0131n. Erm\u0259nistan himninin d\u0259yi\u015fdirilm\u0259sinin t\u0259r\u0259fdar\u0131 olan h\u00f6rm\u0259tli insanlar, \u0259linizi q\u0259lbiniz\u0259 qoyub d\u00fcz\u00fcn\u00fc deyin, ax\u0131 haz\u0131rk\u0131 \u201cBizim v\u0259t\u0259nimiz\u201d himni h\u0259mi\u015f\u0259 v\u0259 yerind\u0259 s\u0259sl\u0259nib\u201d.<\/p>\n<p>&nbsp;<\/p>\n","protected":false},"excerpt":{"rendered":"<p>\u015earlAznavur haz\u0131rk\u0131 himnin \u00f6z\u00fcn\u00fcn \u201cS\u0259nin \u00fc\u00e7\u00fcn, Erm\u0259nistan\u201d mahn\u0131s\u0131 il\u0259 \u0259v\u0259z olunmas\u0131n\u0131 t\u0259klif edir<\/p>\n","protected":false},"author":8,"featured_media":20088,"comment_status":"open","ping_status":"open","sticky":false,"template":"","format":"standard","meta":{"_acf_changed":false,"footnotes":""},"categories":[27,2,50],"tags":[],"formation":[],"post-author":[2888],"topic":[],"tooltip":[],"city":[6054],"class_list":["post-5926","post","type-post","status-publish","format-standard","has-post-thumbnail","hentry","category-ermnistan","category-cografiya","category-xbrlr","post-author-jamnews","city-yerevan"],"acf":[],"yoast_head":"<!-- This site is optimized with the Yoast SEO plugin v24.1 - https:\/\/yoast.com\/wordpress\/plugins\/seo\/ -->\n<title>Erm\u0259nistanda himnin d\u0259yi\u015fdirilm\u0259si m\u00fczakir\u0259 olunur - JAMnews<\/title>\n<meta name=\"robots\" content=\"index, follow, max-snippet:-1, max-image-preview:large, max-video-preview:-1\" \/>\n<link rel=\"canonical\" href=\"https:\/\/jam-news.net\/az\/erm\u0259nistanda-himnin-d\u0259yisdirilm\u0259si-muzakir\u0259-olunur\/\" \/>\n<meta property=\"og:locale\" content=\"az_AZ\" \/>\n<meta property=\"og:type\" content=\"article\" \/>\n<meta property=\"og:title\" content=\"Erm\u0259nistanda himnin d\u0259yi\u015fdirilm\u0259si m\u00fczakir\u0259 olunur - JAMnews\" \/>\n<meta property=\"og:description\" content=\"\u015earlAznavur haz\u0131rk\u0131 himnin \u00f6z\u00fcn\u00fcn \u201cS\u0259nin \u00fc\u00e7\u00fcn, Erm\u0259nistan\u201d mahn\u0131s\u0131 il\u0259 \u0259v\u0259z olunmas\u0131n\u0131 t\u0259klif edir\" \/>\n<meta property=\"og:url\" content=\"https:\/\/jam-news.net\/az\/erm\u0259nistanda-himnin-d\u0259yisdirilm\u0259si-muzakir\u0259-olunur\/\" \/>\n<meta property=\"og:site_name\" content=\"Azerbaijani Jamnews\" \/>\n<meta property=\"article:publisher\" content=\"https:\/\/www.facebook.com\/JAMnewsInEnglish\/\" \/>\n<meta property=\"article:published_time\" content=\"2017-06-14T00:00:00+00:00\" \/>\n<meta property=\"article:modified_time\" content=\"2022-01-17T21:29:32+00:00\" \/>\n<meta property=\"og:image\" content=\"https:\/\/jam-news.net\/app\/uploads\/2020\/03\/Sharl_Aznavour-3.jpg\" \/>\n\t<meta property=\"og:image:width\" content=\"900\" \/>\n\t<meta property=\"og:image:height\" content=\"506\" \/>\n\t<meta property=\"og:image:type\" content=\"image\/jpeg\" \/>\n<meta name=\"author\" content=\"Naira Martikian\" \/>\n<meta name=\"twitter:card\" content=\"summary_large_image\" \/>\n<meta name=\"twitter:creator\" content=\"@JAMnewsCaucasus\" \/>\n<meta name=\"twitter:site\" content=\"@JAMnewsCaucasus\" \/>\n<meta name=\"twitter:label1\" content=\"Written by\" \/>\n\t<meta name=\"twitter:data1\" content=\"Naira Martikian\" \/>\n\t<meta name=\"twitter:label2\" content=\"Est. reading time\" \/>\n\t<meta name=\"twitter:data2\" content=\"3 minutes\" \/>\n<script type=\"application\/ld+json\" class=\"yoast-schema-graph\">{\"@context\":\"https:\/\/schema.org\",\"@graph\":[{\"@type\":\"Article\",\"@id\":\"https:\/\/jam-news.net\/az\/erm%c9%99nistanda-himnin-d%c9%99yisdirilm%c9%99si-muzakir%c9%99-olunur\/#article\",\"isPartOf\":{\"@id\":\"https:\/\/jam-news.net\/az\/erm%c9%99nistanda-himnin-d%c9%99yisdirilm%c9%99si-muzakir%c9%99-olunur\/\"},\"author\":{\"name\":\"Naira Martikian\",\"@id\":\"https:\/\/jam-news.net\/az\/#\/schema\/person\/e82f374df8fce3377c56e285e5c11387\"},\"headline\":\"Erm\u0259nistanda himnin d\u0259yi\u015fdirilm\u0259si m\u00fczakir\u0259 olunur\",\"datePublished\":\"2017-06-14T00:00:00+00:00\",\"dateModified\":\"2022-01-17T21:29:32+00:00\",\"mainEntityOfPage\":{\"@id\":\"https:\/\/jam-news.net\/az\/erm%c9%99nistanda-himnin-d%c9%99yisdirilm%c9%99si-muzakir%c9%99-olunur\/\"},\"wordCount\":612,\"commentCount\":0,\"publisher\":{\"@id\":\"https:\/\/jam-news.net\/az\/#organization\"},\"image\":{\"@id\":\"https:\/\/jam-news.net\/az\/erm%c9%99nistanda-himnin-d%c9%99yisdirilm%c9%99si-muzakir%c9%99-olunur\/#primaryimage\"},\"thumbnailUrl\":\"https:\/\/jam-news.net\/app\/uploads\/2020\/03\/Sharl_Aznavour-3.jpg\",\"articleSection\":[\"Armenia\",\"Geography\",\"News\"],\"inLanguage\":\"az\"},{\"@type\":\"WebPage\",\"@id\":\"https:\/\/jam-news.net\/az\/erm%c9%99nistanda-himnin-d%c9%99yisdirilm%c9%99si-muzakir%c9%99-olunur\/\",\"url\":\"https:\/\/jam-news.net\/az\/erm%c9%99nistanda-himnin-d%c9%99yisdirilm%c9%99si-muzakir%c9%99-olunur\/\",\"name\":\"Erm\u0259nistanda himnin d\u0259yi\u015fdirilm\u0259si m\u00fczakir\u0259 olunur - JAMnews\",\"isPartOf\":{\"@id\":\"https:\/\/jam-news.net\/az\/#website\"},\"primaryImageOfPage\":{\"@id\":\"https:\/\/jam-news.net\/az\/erm%c9%99nistanda-himnin-d%c9%99yisdirilm%c9%99si-muzakir%c9%99-olunur\/#primaryimage\"},\"image\":{\"@id\":\"https:\/\/jam-news.net\/az\/erm%c9%99nistanda-himnin-d%c9%99yisdirilm%c9%99si-muzakir%c9%99-olunur\/#primaryimage\"},\"thumbnailUrl\":\"https:\/\/jam-news.net\/app\/uploads\/2020\/03\/Sharl_Aznavour-3.jpg\",\"datePublished\":\"2017-06-14T00:00:00+00:00\",\"dateModified\":\"2022-01-17T21:29:32+00:00\",\"breadcrumb\":{\"@id\":\"https:\/\/jam-news.net\/az\/erm%c9%99nistanda-himnin-d%c9%99yisdirilm%c9%99si-muzakir%c9%99-olunur\/#breadcrumb\"},\"inLanguage\":\"az\",\"potentialAction\":[{\"@type\":\"ReadAction\",\"target\":[\"https:\/\/jam-news.net\/az\/erm%c9%99nistanda-himnin-d%c9%99yisdirilm%c9%99si-muzakir%c9%99-olunur\/\"]}]},{\"@type\":\"ImageObject\",\"inLanguage\":\"az\",\"@id\":\"https:\/\/jam-news.net\/az\/erm%c9%99nistanda-himnin-d%c9%99yisdirilm%c9%99si-muzakir%c9%99-olunur\/#primaryimage\",\"url\":\"https:\/\/jam-news.net\/app\/uploads\/2020\/03\/Sharl_Aznavour-3.jpg\",\"contentUrl\":\"https:\/\/jam-news.net\/app\/uploads\/2020\/03\/Sharl_Aznavour-3.jpg\",\"width\":900,\"height\":506},{\"@type\":\"BreadcrumbList\",\"@id\":\"https:\/\/jam-news.net\/az\/erm%c9%99nistanda-himnin-d%c9%99yisdirilm%c9%99si-muzakir%c9%99-olunur\/#breadcrumb\",\"itemListElement\":[{\"@type\":\"ListItem\",\"position\":1,\"name\":\"Home\",\"item\":\"https:\/\/jam-news.net\/az\/\"},{\"@type\":\"ListItem\",\"position\":2,\"name\":\"Erm\u0259nistanda himnin d\u0259yi\u015fdirilm\u0259si m\u00fczakir\u0259 olunur\"}]},{\"@type\":\"WebSite\",\"@id\":\"https:\/\/jam-news.net\/az\/#website\",\"url\":\"https:\/\/jam-news.net\/az\/\",\"name\":\"Azerbaijani Jamnews\",\"description\":\"Caucasus News, Politics and Society\",\"publisher\":{\"@id\":\"https:\/\/jam-news.net\/az\/#organization\"},\"potentialAction\":[{\"@type\":\"SearchAction\",\"target\":{\"@type\":\"EntryPoint\",\"urlTemplate\":\"https:\/\/jam-news.net\/az\/?s={search_term_string}\"},\"query-input\":{\"@type\":\"PropertyValueSpecification\",\"valueRequired\":true,\"valueName\":\"search_term_string\"}}],\"inLanguage\":\"az\"},{\"@type\":\"Organization\",\"@id\":\"https:\/\/jam-news.net\/az\/#organization\",\"name\":\"JAMnews\",\"url\":\"https:\/\/jam-news.net\/az\/\",\"logo\":{\"@type\":\"ImageObject\",\"inLanguage\":\"az\",\"@id\":\"https:\/\/jam-news.net\/az\/#\/schema\/logo\/image\/\",\"url\":\"https:\/\/jam-news.net\/app\/uploads\/2020\/05\/JAM_w.jpg\",\"contentUrl\":\"https:\/\/jam-news.net\/app\/uploads\/2020\/05\/JAM_w.jpg\",\"width\":960,\"height\":960,\"caption\":\"JAMnews\"},\"image\":{\"@id\":\"https:\/\/jam-news.net\/az\/#\/schema\/logo\/image\/\"},\"sameAs\":[\"https:\/\/www.facebook.com\/JAMnewsInEnglish\/\",\"https:\/\/x.com\/JAMnewsCaucasus\",\"https:\/\/www.instagram.com\/jam_news\/\",\"https:\/\/www.youtube.com\/channel\/UCXQbUCme2pykuZYXWHx4VPg\"]},{\"@type\":\"Person\",\"@id\":\"https:\/\/jam-news.net\/az\/#\/schema\/person\/e82f374df8fce3377c56e285e5c11387\",\"name\":\"Naira Martikian\",\"image\":{\"@type\":\"ImageObject\",\"inLanguage\":\"az\",\"@id\":\"https:\/\/jam-news.net\/az\/#\/schema\/person\/image\/\",\"url\":\"https:\/\/secure.gravatar.com\/avatar\/0696bcd343e46256c029b752a654bade?s=96&d=mm&r=g\",\"contentUrl\":\"https:\/\/secure.gravatar.com\/avatar\/0696bcd343e46256c029b752a654bade?s=96&d=mm&r=g\",\"caption\":\"Naira Martikian\"},\"url\":\"https:\/\/jam-news.net\/az\/author\/nairama\/\"}]}<\/script>\n<!-- \/ Yoast SEO plugin. -->","yoast_head_json":{"title":"Erm\u0259nistanda himnin d\u0259yi\u015fdirilm\u0259si m\u00fczakir\u0259 olunur - JAMnews","robots":{"index":"index","follow":"follow","max-snippet":"max-snippet:-1","max-image-preview":"max-image-preview:large","max-video-preview":"max-video-preview:-1"},"canonical":"https:\/\/jam-news.net\/az\/erm\u0259nistanda-himnin-d\u0259yisdirilm\u0259si-muzakir\u0259-olunur\/","og_locale":"az_AZ","og_type":"article","og_title":"Erm\u0259nistanda himnin d\u0259yi\u015fdirilm\u0259si m\u00fczakir\u0259 olunur - JAMnews","og_description":"\u015earlAznavur haz\u0131rk\u0131 himnin \u00f6z\u00fcn\u00fcn \u201cS\u0259nin \u00fc\u00e7\u00fcn, Erm\u0259nistan\u201d mahn\u0131s\u0131 il\u0259 \u0259v\u0259z olunmas\u0131n\u0131 t\u0259klif edir","og_url":"https:\/\/jam-news.net\/az\/erm\u0259nistanda-himnin-d\u0259yisdirilm\u0259si-muzakir\u0259-olunur\/","og_site_name":"Azerbaijani Jamnews","article_publisher":"https:\/\/www.facebook.com\/JAMnewsInEnglish\/","article_published_time":"2017-06-14T00:00:00+00:00","article_modified_time":"2022-01-17T21:29:32+00:00","og_image":[{"width":900,"height":506,"url":"https:\/\/jam-news.net\/app\/uploads\/2020\/03\/Sharl_Aznavour-3.jpg","type":"image\/jpeg"}],"author":"Naira Martikian","twitter_card":"summary_large_image","twitter_creator":"@JAMnewsCaucasus","twitter_site":"@JAMnewsCaucasus","twitter_misc":{"Written by":"Naira Martikian","Est. reading time":"3 minutes"},"schema":{"@context":"https:\/\/schema.org","@graph":[{"@type":"Article","@id":"https:\/\/jam-news.net\/az\/erm%c9%99nistanda-himnin-d%c9%99yisdirilm%c9%99si-muzakir%c9%99-olunur\/#article","isPartOf":{"@id":"https:\/\/jam-news.net\/az\/erm%c9%99nistanda-himnin-d%c9%99yisdirilm%c9%99si-muzakir%c9%99-olunur\/"},"author":{"name":"Naira Martikian","@id":"https:\/\/jam-news.net\/az\/#\/schema\/person\/e82f374df8fce3377c56e285e5c11387"},"headline":"Erm\u0259nistanda himnin d\u0259yi\u015fdirilm\u0259si m\u00fczakir\u0259 olunur","datePublished":"2017-06-14T00:00:00+00:00","dateModified":"2022-01-17T21:29:32+00:00","mainEntityOfPage":{"@id":"https:\/\/jam-news.net\/az\/erm%c9%99nistanda-himnin-d%c9%99yisdirilm%c9%99si-muzakir%c9%99-olunur\/"},"wordCount":612,"commentCount":0,"publisher":{"@id":"https:\/\/jam-news.net\/az\/#organization"},"image":{"@id":"https:\/\/jam-news.net\/az\/erm%c9%99nistanda-himnin-d%c9%99yisdirilm%c9%99si-muzakir%c9%99-olunur\/#primaryimage"},"thumbnailUrl":"https:\/\/jam-news.net\/app\/uploads\/2020\/03\/Sharl_Aznavour-3.jpg","articleSection":["Armenia","Geography","News"],"inLanguage":"az"},{"@type":"WebPage","@id":"https:\/\/jam-news.net\/az\/erm%c9%99nistanda-himnin-d%c9%99yisdirilm%c9%99si-muzakir%c9%99-olunur\/","url":"https:\/\/jam-news.net\/az\/erm%c9%99nistanda-himnin-d%c9%99yisdirilm%c9%99si-muzakir%c9%99-olunur\/","name":"Erm\u0259nistanda himnin d\u0259yi\u015fdirilm\u0259si m\u00fczakir\u0259 olunur - JAMnews","isPartOf":{"@id":"https:\/\/jam-news.net\/az\/#website"},"primaryImageOfPage":{"@id":"https:\/\/jam-news.net\/az\/erm%c9%99nistanda-himnin-d%c9%99yisdirilm%c9%99si-muzakir%c9%99-olunur\/#primaryimage"},"image":{"@id":"https:\/\/jam-news.net\/az\/erm%c9%99nistanda-himnin-d%c9%99yisdirilm%c9%99si-muzakir%c9%99-olunur\/#primaryimage"},"thumbnailUrl":"https:\/\/jam-news.net\/app\/uploads\/2020\/03\/Sharl_Aznavour-3.jpg","datePublished":"2017-06-14T00:00:00+00:00","dateModified":"2022-01-17T21:29:32+00:00","breadcrumb":{"@id":"https:\/\/jam-news.net\/az\/erm%c9%99nistanda-himnin-d%c9%99yisdirilm%c9%99si-muzakir%c9%99-olunur\/#breadcrumb"},"inLanguage":"az","potentialAction":[{"@type":"ReadAction","target":["https:\/\/jam-news.net\/az\/erm%c9%99nistanda-himnin-d%c9%99yisdirilm%c9%99si-muzakir%c9%99-olunur\/"]}]},{"@type":"ImageObject","inLanguage":"az","@id":"https:\/\/jam-news.net\/az\/erm%c9%99nistanda-himnin-d%c9%99yisdirilm%c9%99si-muzakir%c9%99-olunur\/#primaryimage","url":"https:\/\/jam-news.net\/app\/uploads\/2020\/03\/Sharl_Aznavour-3.jpg","contentUrl":"https:\/\/jam-news.net\/app\/uploads\/2020\/03\/Sharl_Aznavour-3.jpg","width":900,"height":506},{"@type":"BreadcrumbList","@id":"https:\/\/jam-news.net\/az\/erm%c9%99nistanda-himnin-d%c9%99yisdirilm%c9%99si-muzakir%c9%99-olunur\/#breadcrumb","itemListElement":[{"@type":"ListItem","position":1,"name":"Home","item":"https:\/\/jam-news.net\/az\/"},{"@type":"ListItem","position":2,"name":"Erm\u0259nistanda himnin d\u0259yi\u015fdirilm\u0259si m\u00fczakir\u0259 olunur"}]},{"@type":"WebSite","@id":"https:\/\/jam-news.net\/az\/#website","url":"https:\/\/jam-news.net\/az\/","name":"Azerbaijani Jamnews","description":"Caucasus News, Politics and Society","publisher":{"@id":"https:\/\/jam-news.net\/az\/#organization"},"potentialAction":[{"@type":"SearchAction","target":{"@type":"EntryPoint","urlTemplate":"https:\/\/jam-news.net\/az\/?s={search_term_string}"},"query-input":{"@type":"PropertyValueSpecification","valueRequired":true,"valueName":"search_term_string"}}],"inLanguage":"az"},{"@type":"Organization","@id":"https:\/\/jam-news.net\/az\/#organization","name":"JAMnews","url":"https:\/\/jam-news.net\/az\/","logo":{"@type":"ImageObject","inLanguage":"az","@id":"https:\/\/jam-news.net\/az\/#\/schema\/logo\/image\/","url":"https:\/\/jam-news.net\/app\/uploads\/2020\/05\/JAM_w.jpg","contentUrl":"https:\/\/jam-news.net\/app\/uploads\/2020\/05\/JAM_w.jpg","width":960,"height":960,"caption":"JAMnews"},"image":{"@id":"https:\/\/jam-news.net\/az\/#\/schema\/logo\/image\/"},"sameAs":["https:\/\/www.facebook.com\/JAMnewsInEnglish\/","https:\/\/x.com\/JAMnewsCaucasus","https:\/\/www.instagram.com\/jam_news\/","https:\/\/www.youtube.com\/channel\/UCXQbUCme2pykuZYXWHx4VPg"]},{"@type":"Person","@id":"https:\/\/jam-news.net\/az\/#\/schema\/person\/e82f374df8fce3377c56e285e5c11387","name":"Naira Martikian","image":{"@type":"ImageObject","inLanguage":"az","@id":"https:\/\/jam-news.net\/az\/#\/schema\/person\/image\/","url":"https:\/\/secure.gravatar.com\/avatar\/0696bcd343e46256c029b752a654bade?s=96&d=mm&r=g","contentUrl":"https:\/\/secure.gravatar.com\/avatar\/0696bcd343e46256c029b752a654bade?s=96&d=mm&r=g","caption":"Naira Martikian"},"url":"https:\/\/jam-news.net\/az\/author\/nairama\/"}]}},"_links":{"self":[{"href":"https:\/\/jam-news.net\/az\/wp-json\/wp\/v2\/posts\/5926","targetHints":{"allow":["GET"]}}],"collection":[{"href":"https:\/\/jam-news.net\/az\/wp-json\/wp\/v2\/posts"}],"about":[{"href":"https:\/\/jam-news.net\/az\/wp-json\/wp\/v2\/types\/post"}],"author":[{"embeddable":true,"href":"https:\/\/jam-news.net\/az\/wp-json\/wp\/v2\/users\/8"}],"replies":[{"embeddable":true,"href":"https:\/\/jam-news.net\/az\/wp-json\/wp\/v2\/comments?post=5926"}],"version-history":[{"count":1,"href":"https:\/\/jam-news.net\/az\/wp-json\/wp\/v2\/posts\/5926\/revisions"}],"predecessor-version":[{"id":15548,"href":"https:\/\/jam-news.net\/az\/wp-json\/wp\/v2\/posts\/5926\/revisions\/15548"}],"wp:featuredmedia":[{"embeddable":true,"href":"https:\/\/jam-news.net\/az\/wp-json\/wp\/v2\/media\/20088"}],"wp:attachment":[{"href":"https:\/\/jam-news.net\/az\/wp-json\/wp\/v2\/media?parent=5926"}],"wp:term":[{"taxonomy":"category","embeddable":true,"href":"https:\/\/jam-news.net\/az\/wp-json\/wp\/v2\/categories?post=5926"},{"taxonomy":"post_tag","embeddable":true,"href":"https:\/\/jam-news.net\/az\/wp-json\/wp\/v2\/tags?post=5926"},{"taxonomy":"formation","embeddable":true,"href":"https:\/\/jam-news.net\/az\/wp-json\/wp\/v2\/formation?post=5926"},{"taxonomy":"post-author","embeddable":true,"href":"https:\/\/jam-news.net\/az\/wp-json\/wp\/v2\/post-author?post=5926"},{"taxonomy":"topic","embeddable":true,"href":"https:\/\/jam-news.net\/az\/wp-json\/wp\/v2\/topic?post=5926"},{"taxonomy":"tooltip","embeddable":true,"href":"https:\/\/jam-news.net\/az\/wp-json\/wp\/v2\/tooltip?post=5926"},{"taxonomy":"city","embeddable":true,"href":"https:\/\/jam-news.net\/az\/wp-json\/wp\/v2\/city?post=5926"}],"curies":[{"name":"wp","href":"https:\/\/api.w.org\/{rel}","templated":true}]}}