{"id":57818,"date":"2022-01-12T11:31:46","date_gmt":"2022-01-12T07:31:46","guid":{"rendered":"https:\/\/jam-news.net\/az\/?p=57818"},"modified":"2022-01-20T19:14:52","modified_gmt":"2022-01-20T15:14:52","slug":"hec-bir-nato-rusiya-v%c9%99-abs-arasinda-t%c9%99hluk%c9%99sizlik-uzr%c9%99-tarixin-ilk-danisiqlari-nec%c9%99-kecdi","status":"publish","type":"post","link":"https:\/\/jam-news.net\/az\/hec-bir-nato-rusiya-v%c9%99-abs-arasinda-t%c9%99hluk%c9%99sizlik-uzr%c9%99-tarixin-ilk-danisiqlari-nec%c9%99-kecdi\/","title":{"rendered":"\u201cHe\u00e7 bir NATO!\u201d Rusiya v\u0259 AB\u015e aras\u0131nda t\u0259hl\u00fck\u0259sizlik \u00fczr\u0259 tarixin ilk dan\u0131\u015f\u0131qlar\u0131 nec\u0259 ke\u00e7di?"},"content":{"rendered":"\n<p class=\"has-small-font-size\"><strong>Ukrayna \u00fczr\u0259 Rusiya-AB\u015e dan\u0131\u015f\u0131qlar\u0131<\/strong><\/p>\n\n\n\n<p>Yanvar\u0131n 10-da Cenevr\u0259d\u0259 t\u0259hl\u00fck\u0259sizlik m\u0259s\u0259l\u0259l\u0259ri \u00fczr\u0259 Rusiya-Amerika dan\u0131\u015f\u0131qlar\u0131 Rusiya v\u0259 Amerika diplomatlar\u0131n\u0131n Ukrayna \u0259traf\u0131nda qar\u015f\u0131durman\u0131 v\u0259 Rusiyan\u0131n NATO-ya qar\u015f\u0131 \u201c\u015e\u0259rqi Avropadan geri \u00e7\u0259kilm\u0259k\u201d t\u0259l\u0259bini \u015f\u0259xs\u0259n m\u00fczakir\u0259 etdiyi ilk hald\u0131r.<\/p>\n\n\n\n<p>Dan\u0131\u015f\u0131qlar s\u0259kkiz saata yax\u0131n davam edib, amma ekspertl\u0259rin yekdil fikrin\u0259 g\u00f6r\u0259, b\u00f6y\u00fck ir\u0259lil\u0259yi\u015f ba\u015f verm\u0259yib. T\u0259r\u0259fl\u0259rin \u00f6z t\u0259l\u0259bl\u0259rini bir-birin\u0259 a\u00e7\u0131q ifad\u0259 etm\u0259l\u0259ri m\u00fczakir\u0259l\u0259rin davam ed\u0259c\u0259yin\u0259 \u00fcmid yarad\u0131r. Amma onlar aras\u0131nda ziddiyy\u0259tl\u0259r ciddi olaraq qal\u0131r.<\/p>\n\n\n\n<hr class=\"wp-block-separator is-style-wide\"\/>\n\n\n\n<ul class=\"wp-block-list\"><li><a href=\"https:\/\/jam-news.net\/az\/turkiy%C9%99-v%C9%99-az%C9%99rbaycanin-h%C9%99rbi-ittifaqi-rusiyanin-nato-ya-qarsi-t%C9%99l%C9%99bl%C9%99rin%C9%99-n%C9%99-d%C9%99r%C9%99c%C9%99d%C9%99-uygundur-bakidan-s%C9%99rh\/\" target=\"_blank\" rel=\"noreferrer noopener\"><strong>T\u00fcrkiy\u0259 v\u0259 Az\u0259rbaycan\u0131n h\u0259rbi ittifaq\u0131 Rusiyan\u0131n NATO-ya qar\u015f\u0131 t\u0259l\u0259bl\u0259rin\u0259 n\u0259 d\u0259r\u0259c\u0259d\u0259 uy\u011fundur? \u2013 Bak\u0131dan \u015f\u0259rh<\/strong><\/a><\/li><\/ul>\n\n\n\n<hr class=\"wp-block-separator is-style-wide\"\/>\n\n\n\n<h2 class=\"has-text-align-center wp-block-heading\"><strong>Dan\u0131\u015f\u0131qlar\u0131n \u0259sas n\u0259tic\u0259l\u0259ri:<\/strong><\/h2>\n\n\n\n<p class=\"has-text-align-center\"><strong>1.<\/strong><\/p>\n\n\n\n<p>AB\u015e yenid\u0259n Rusiyan\u0131 v\u0259ziyy\u0259tin deeskalasiyas\u0131na v\u0259 qo\u015funlar\u0131n\u0131 Ukrayna s\u0259rh\u0259dind\u0259n (orada 100 min h\u0259rb\u00e7inin c\u0259ml\u0259\u015fdiyi ehtimal olunur) geri \u00e7\u0259km\u0259y\u0259 \u00e7a\u011f\u0131r\u0131b, amma bunun ba\u015f ver\u0259c\u0259yin\u0259 dair he\u00e7 bir z\u0259man\u0259t ala bilm\u0259yib.<\/p>\n\n\n\n<p class=\"has-text-align-center\"><strong>2.<\/strong><\/p>\n\n\n\n<p>Rusiya t\u0259l\u0259b edib ki, NATO Ukrayna v\u0259 G\u00fcrc\u00fcstana he\u00e7 vaxt \u00fczvl\u00fck t\u0259klif edilm\u0259y\u0259c\u0259yin\u0259 dair q\u0259ti z\u0259man\u0259t versin, AB\u015e is\u0259 bunu q\u0259tiyy\u0259tl\u0259 r\u0259dd edib.<\/p>\n\n\n\n<h2 class=\"has-text-align-center wp-block-heading\"><strong>Optimistl\u0259r v\u0259 pessimistl\u0259r: d\u0259y\u0259rl\u0259ndirm\u0259<\/strong><\/h2>\n\n\n\n<p>G\u00f6r\u00fc\u015f\u00fcn yekunlar\u0131na dair optimist ekspertl\u0259r bildirirl\u0259r ki, dan\u0131\u015f\u0131qlar i\u015fg\u00fczar xarakter da\u015f\u0131y\u0131b, qalmaqalla ba\u015fa \u00e7atmay\u0131b v\u0259 Rusiya Ukraynaya m\u00fcdaxil\u0259 etm\u0259k niyy\u0259tind\u0259 olmad\u0131\u011f\u0131n\u0131 israrla bildirib.<\/p>\n\n\n\n<p>Pessimistl\u0259r is\u0259 xat\u0131rlad\u0131rlar ki, h\u0259tta Rusiyan\u0131n bu israr\u0131ndan sonra da AB\u015e-\u0131n r\u0259smi \u015f\u0259xsl\u0259ri bildiribl\u0259r ki, h\u0259l\u0259 d\u0259 Rusiyan\u0131n bu b\u00f6hran\u0131n diplomatik h\u0259llini axtarmaqda ciddi olub-olmad\u0131\u011f\u0131na \u0259min deyill\u0259r.<\/p>\n\n\n\n<h2 class=\"has-text-align-center wp-block-heading\"><strong>Dan\u0131\u015f\u0131qlardan sonra: Va\u015finqton v\u0259 Moskvadan d\u0259y\u0259rl\u0259ndirm\u0259<\/strong><\/h2>\n\n\n\n<p><em>\u201cBiz he\u00e7 kim\u0259 NATO-nun a\u00e7\u0131q qap\u0131 siyas\u0259tin\u0259 t\u0259sir etm\u0259sin\u0259 imkan verm\u0259y\u0259c\u0259yik, hans\u0131 ki, alyans \u00fc\u00e7\u00fcn h\u0259mi\u015f\u0259 m\u0259rk\u0259zi olub. Bundan ba\u015fqa, AB\u015e RF il\u0259 t\u0259maslar zaman\u0131 Ukraynan\u0131n taleyi il\u0259 ba\u011fl\u0131 Ukraynan\u0131n i\u015ftirak\u0131 olmadan, Avropa haqda Avropas\u0131z v\u0259 NATO haqda NATO-suz q\u0259rarlar q\u0259bul etm\u0259k niyy\u0259tind\u0259 deyil\u201d, &#8211; <\/em>AB\u015e d\u00f6vl\u0259t katibinin m\u00fcavini Vendi \u015eerman dan\u0131\u015f\u0131qlar\u0131n n\u0259tic\u0259l\u0259rini \u015f\u0259rh edib.<\/p>\n\n\n\n<p>O, h\u0259m\u00e7inin bildirib ki, AB\u015e n\u00fcmay\u0259nd\u0259 hey\u0259ti Kreml\u0259 <em>\u201cist\u0259nil\u0259n m\u00fcdaxil\u0259 m\u00fc\u0259yy\u0259n x\u0259rcl\u0259r v\u0259 n\u0259tic\u0259l\u0259rl\u0259 m\u00fc\u015fayi\u0259t olunacaq, Rusiyan\u0131n 2014-c\u00fc ild\u0259, Ukraynaya m\u0259xsus Kr\u0131m yar\u0131madas\u0131n\u0131n ilhaq\u0131 zaman \u00fczl\u0259\u015fdiyind\u0259n xeyli daha art\u0131q\u201d.<\/em><\/p>\n\n\n\n<p>Bu t\u0259dbirl\u0259r\u0259 <strong>\u0259sas maliyy\u0259 m\u00fc\u0259ssis\u0259l\u0259rin\u0259 qar\u015f\u0131 sanksiyalar, ixrac n\u0259zar\u0259ti, NATO q\u00fcvv\u0259l\u0259rinin m\u00fctt\u0259fiq \u0259razid\u0259 g\u00fccl\u0259ndirilm\u0259si v\u0259 Ukraynaya t\u0259hl\u00fck\u0259sizlik sah\u0259sind\u0259 yard\u0131m\u0131n art\u0131r\u0131lmas\u0131<\/strong> daxil ola bil\u0259r \u2013 Vendi \u015eerman deyib.<\/p>\n\n\n\n<p>Dan\u0131\u015f\u0131qlarda Rusiya n\u00fcmay\u0259nd\u0259 hey\u0259tin\u0259 r\u0259hb\u0259rlik ed\u0259n Rusiya xarici i\u015fl\u0259r nazirinin m\u00fcavini Sergey Ryabkov dan\u0131\u015f\u0131qlar\u0131 \u201ci\u015fg\u00fczar v\u0259 pe\u015f\u0259kar\u201d kimi d\u0259y\u0259rl\u0259ndirib, amma AB\u015e-a x\u0259b\u0259rdarl\u0131q edib ki, \u201cg\u0259rginlik riskini do\u011fru qiym\u0259tl\u0259ndirsinl\u0259r\u201d.<\/p>\n\n\n\n<p>\u041e\u043d \u0442\u0430\u043a\u0436\u0435 \u0437\u0430\u044f\u0432\u0438\u043b, \u0447\u0442\u043e&nbsp;<em>\u00ab\u043f\u043e\u0437\u0438\u0446\u0438\u044f \u041c\u043e\u0441\u043a\u0432\u044b \u043d\u0435\u043f\u043e\u043a\u043e\u043b\u0435\u0431\u0438\u043c\u0430, \u0430 \u043a\u043e\u043c\u043f\u0440\u043e\u043c\u0438\u0441\u0441\u044b \u2014 \u0443\u0434\u0435\u043b \u0421\u043e\u0435\u0434\u0438\u043d\u0435\u043d\u043d\u044b\u0445 \u0428\u0442\u0430\u0442\u043e\u0432\u00bb.<\/em><\/p>\n\n\n\n<p>\u201cNATO-nun \u015f\u0259rq\u0259 do\u011fru geni\u015fl\u0259nm\u0259m\u0259si\u201d il\u0259 ba\u011fl\u0131 Rusiyan\u0131n m\u00f6vqeyi q\u00fcvv\u0259d\u0259 qal\u0131r.<\/p>\n\n\n\n<figure class=\"wp-block-image size-large is-style-medium-width-image\"><img loading=\"lazy\" decoding=\"async\" width=\"1024\" height=\"669\" src=\"https:\/\/jam-news.net\/app\/uploads\/2022\/01\/anokhi-de-silva-bFDLzdLHjHo-unsplash-1024x669.jpg\" alt=\"\" class=\"wp-image-57788\" srcset=\"https:\/\/jam-news.net\/app\/uploads\/2022\/01\/anokhi-de-silva-bFDLzdLHjHo-unsplash-1024x669.jpg 1024w, https:\/\/jam-news.net\/app\/uploads\/2022\/01\/anokhi-de-silva-bFDLzdLHjHo-unsplash-300x196.jpg 300w, https:\/\/jam-news.net\/app\/uploads\/2022\/01\/anokhi-de-silva-bFDLzdLHjHo-unsplash-768x502.jpg 768w, https:\/\/jam-news.net\/app\/uploads\/2022\/01\/anokhi-de-silva-bFDLzdLHjHo-unsplash.jpg 1100w\" sizes=\"auto, (max-width: 1024px) 100vw, 1024px\" \/><figcaption><em>Cenevr\u0259, \u0130sve\u00e7r\u0259. Foto: Anokhi de Silva, Unsplash.com<\/em><\/figcaption><\/figure>\n\n\n\n<h2 class=\"has-text-align-center wp-block-heading\"><strong>Dan\u0131\u015f\u0131qlarda n\u00fcmay\u0259nd\u0259l\u0259ri i\u015ftirak etm\u0259y\u0259n Avropa \u0130ttifaq\u0131n\u0131n narahatl\u0131\u011f\u0131<\/strong><\/h2>\n\n\n\n<p>Cenevr\u0259 dan\u0131\u015f\u0131qlar\u0131 AB\u015e, m\u00fctt\u0259\u015fiql\u0259r v\u0259 Rusiyan\u0131n r\u0259smi \u015f\u0259xsl\u0259ri aras\u0131nda n\u0259z\u0259rd\u0259 tutulan bir ne\u00e7\u0259 g\u00f6r\u00fc\u015f\u00fcn ilkidir. N\u00f6vb\u0259ti g\u00fcnl\u0259rd\u0259 Br\u00fcsseld\u0259 NATO q\u0259rargah\u0131nda v\u0259 Rusiyan\u0131n da daxil oldu\u011fu AT\u018fT-in daimi \u015furas\u0131nda g\u00f6r\u00fc\u015fl\u0259r ke\u00e7iril\u0259c\u0259k.<\/p>\n\n\n\n<p>M\u00fczakir\u0259 g\u00fcnd\u0259liyi 2021-ci il dekabr\u0131n ortalar\u0131nda formala\u015fd\u0131r\u0131ld\u0131\u011f\u0131 kimidir \u2013 Rusiyan\u0131n Avropada t\u0259hl\u00fck\u0259sizlik \u00fczr\u0259 t\u0259klifl\u0259ri.<\/p>\n\n\n<ul uk-accordion class=\"accordion\">\n    <li>\n        <a class=\"uk-accordion-title uk-position-relative\" href=\"#\" >\n          <div class=\"accordion-title__wr\">\n              <h3 class=\"accordion-title fs-sm-20 fs-xs-18 lh-xs-29 blocks-blue-color wi-merriweather-bold m-b-xs-6\">\n\t\n<\/h3>\n\n          <h2 class=\"uk-bold accordion-maintitle fs-sm-24 fs-xs-16 lh-xs-34 dark-gray-2 p-t-xs-10 p-r-xs-14\">\n\tMoskva Va\u015finqton v\u0259 NATO-ya n\u0259 t\u0259klif edib?\n<\/h2>\n            <img decoding=\"async\" src=\"https:\/\/jam-news.net\/app\/themes\/jamnews\/dist\/images\/accordion-icon_515ae5ba.svg\" alt=\"\" class=\"accordion-icon\">\n          <\/div>\n        <\/a>\n        <div class=\"uk-accordion-content uk-position-relative\">\n            <p><!-- wp:paragraph --><\/p>\n<p style=\"text-align: center;\"><strong>AB\u015e-a <\/strong><strong><a href=\"https:\/\/www.rbc.ru\/politics\/17\/12\/2021\/61bc677a9a794774aa95d5bd\" target=\"_blank\" rel=\"noreferrer noopener\">t\u0259klif<\/a><\/strong><\/p>\n<p><!-- \/wp:paragraph --> <!-- wp:paragraph --><\/p>\n<p>AB\u015e NATO-nun \u015f\u0259rq istiqam\u0259tind\u0259 geni\u015fl\u0259nm\u0259sini istisna ed\u0259c\u0259yin\u0259 dair \u00f6hd\u0259lik g\u00f6t\u00fcrm\u0259li, daha \u0259vv\u0259l SSR\u0130 t\u0259rkibind\u0259 olmu\u015f d\u00f6vl\u0259tl\u0259rin alyansa q\u0259bulundan imtina etm\u0259lidir. Bu t\u0259l\u0259b \u0259n az\u0131ndan daima alyans \u00fczvl\u00fcy\u00fcn\u0259 can atd\u0131qlar\u0131n\u0131 bildir\u0259n Ukrayna v\u0259 G\u00fcrc\u00fcstana aiddir.<\/p>\n<p><!-- \/wp:paragraph --> <!-- wp:paragraph --><\/p>\n<p>AB\u015e \u0259vv\u0259l SSR\u0130 t\u0259rkibind\u0259 olmu\u015f v\u0259 NATO \u00fczv\u00fc olmayan d\u00f6vl\u0259tl\u0259rin \u0259razil\u0259rind\u0259 h\u0259rbi bazalar yaratmamal\u0131d\u0131r, o c\u00fcml\u0259d\u0259n d\u0259 ist\u0259nil\u0259n h\u0259rbi f\u0259aliyy\u0259tin apar\u0131lmas\u0131 \u00fc\u00e7\u00fcn onlar\u0131n infrastrukturundan istifad\u0259 etm\u0259m\u0259li, onlarla ikit\u0259r\u0259fli h\u0259rbi \u0259m\u0259kda\u015fl\u0131q inki\u015faf etdirm\u0259m\u0259lidir.<\/p>\n<p><!-- \/wp:paragraph --> <!-- wp:paragraph --><\/p>\n<p>Rusiya silahl\u0131 q\u00fcvv\u0259l\u0259rin v\u0259 silahlar\u0131n, o c\u00fcml\u0259d\u0259n beyn\u0259lxalq t\u0259\u015fkilatlar, h\u0259rbi ittifaqlar v\u0259 ya koalisiyalar \u00e7\u0259r\u00e7iv\u0259sind\u0259 bu c\u00fcr yerl\u0259\u015fdirm\u0259nin qar\u015f\u0131 t\u0259r\u0259f t\u0259r\u0259find\u0259n onun milli t\u0259hl\u00fck\u0259sizliyin\u0259 t\u0259hdid kimi q\u0259bul edil\u0259c\u0259yi \u0259razil\u0259rd\u0259 yerl\u0259\u015fdirilm\u0259sind\u0259n, n\u00fcv\u0259 v\u0259 ya qeyri-n\u00fcv\u0259 silahlar\u0131 \u00fc\u00e7\u00fcn t\u0259chiz edilmi\u015f a\u011f\u0131r bombardman\u00e7\u0131 t\u0259yyar\u0259l\u0259rin u\u00e7u\u015flar\u0131ndan v\u0259 b\u00fct\u00fcn n\u00f6v yer\u00fcst\u00fc d\u00f6y\u00fc\u015f g\u0259mil\u0259rinin milli hava m\u0259kan\u0131ndan v\u0259 milli \u0259razi sular\u0131ndan k\u0259narda yerl\u0259\u015f\u0259n \u0259razil\u0259rd\u0259 Rusiya v\u0259 ya AB\u015e \u0259razisind\u0259 h\u0259d\u0259fl\u0259ri vura bil\u0259c\u0259yi yerl\u0259rd\u0259 yerl\u0259\u015fm\u0259sind\u0259n qar\u015f\u0131l\u0131ql\u0131 \u015f\u0259kild\u0259 imtina etm\u0259yi, habel\u0259 bundan \u00e7\u0259kinm\u0259yi t\u0259klif edir.<\/p>\n<p><!-- \/wp:paragraph --> <!-- wp:paragraph --><\/p>\n<p>Rusiya \u00f6lk\u0259 \u0259razisind\u0259n k\u0259narda yer\u00fcst\u00fc orta v\u0259 daha q\u0131sa m\u0259nzilli raketl\u0259rin yerl\u0259\u015fdirilm\u0259sind\u0259n imtina prinsipin\u0259 qay\u0131tma\u011f\u0131 t\u0259klif edib.<\/p>\n<p><!-- \/wp:paragraph --> <!-- wp:paragraph --><\/p>\n<p>Moskva \u00f6lk\u0259 \u0259razisind\u0259n k\u0259narda n\u00fcv\u0259 silah\u0131n\u0131n yerl\u0259\u015fdirilm\u0259sini istisna etm\u0259yi t\u0259klif edib.<\/p>\n<p><!-- \/wp:paragraph --> <!-- wp:paragraph --><\/p>\n<p style=\"text-align: center;\"><strong>NATO-ya <\/strong><strong><a href=\"https:\/\/www.rbc.ru\/politics\/17\/12\/2021\/61bc677a9a794774aa95d5bd\" target=\"_blank\" rel=\"noreferrer noopener\">t\u0259klif<\/a><\/strong><\/p>\n<p><!-- \/wp:paragraph --> <!-- wp:paragraph --><\/p>\n<p>Rusiya v\u0259 NATO \u00f6lk\u0259l\u0259rinin 1997-ci il may\u0131n 27-d\u0259n art\u0131q bu \u0259razid\u0259 olan q\u00fcvv\u0259l\u0259rd\u0259n ba\u015fqa, b\u00fct\u00fcn dig\u0259r Avropa d\u00f6vl\u0259tl\u0259rinin \u0259razisin\u0259 \u00f6z silahl\u0131 q\u00fcvv\u0259l\u0259rini v\u0259 silahlar\u0131n\u0131 yerl\u0259\u015fdirm\u0259m\u0259si.<\/p>\n<p><!-- \/wp:paragraph --> <!-- wp:paragraph --><\/p>\n<p>Yer\u00fcst\u00fc orta v\u0259 daha q\u0131sa m\u0259nzilli raketl\u0259rin dig\u0259r i\u015ftirak\u00e7\u0131lar\u0131n \u0259razisind\u0259 h\u0259d\u0259fl\u0259ri vura bildiyi rayonlarda yerl\u0259\u015fdirilm\u0259si istisna edilsin.<\/p>\n<p><!-- \/wp:paragraph --> <!-- wp:paragraph --><\/p>\n<p>NATO-nun daha da geni\u015fl\u0259nm\u0259si, o c\u00fcml\u0259d\u0259n Ukraynan\u0131n v\u0259 dig\u0259r d\u00f6vl\u0259tl\u0259rin \u00fczvl\u00fcy\u00fc istisna edilsin.<\/p>\n<p><!-- \/wp:paragraph --> <!-- wp:paragraph --><\/p>\n<p>NATO \u00f6lk\u0259l\u0259ri Ukrayna \u0259razisind\u0259, el\u0259c\u0259 d\u0259 \u015e\u0259rqi Avropa, Zaqafqaziya v\u0259 M\u0259rk\u0259zi Asiyan\u0131n dig\u0259r d\u00f6vl\u0259tl\u0259rind\u0259 ist\u0259nil\u0259n h\u0259rbi f\u0259aliyy\u0259td\u0259n imtina etm\u0259lidir.<\/p>\n<p><!-- \/wp:paragraph --><\/p>\n\n        <\/div>\n    <\/li>\n<\/ul>\n\n\n\n<p>Amma birinci g\u00f6r\u00fc\u015f\u00fcn AB\u015e-\u0131n avropal\u0131 m\u00fctt\u0259fiql\u0259rinin, o c\u00fcml\u0259d\u0259n d\u0259 taleti m\u00fczakir\u0259 olunan Ukrayna n\u00fcmay\u0259nd\u0259l\u0259rinin i\u015ftirak\u0131 olmadan ke\u00e7irilm\u0259si onlarda narahatl\u0131q do\u011furub.<\/p>\n\n\n\n<p>Bu narahatl\u0131q \u00fc\u00e7\u00fcn \u0259saslar var. Moskva daha \u0259vv\u0259l d\u0259f\u0259l\u0259rl\u0259 Va\u015finqtona Avropa t\u0259hl\u00fck\u0259sizliyi m\u0259s\u0259l\u0259l\u0259rini Avropan\u0131n i\u015ftirak\u0131 olmadan \u00f6z aralar\u0131nda h\u0259ll etm\u0259yi t\u0259klif edib.<\/p>\n\n\n\n<p>M\u0259s\u0259l\u0259n, 2021-ci ilin dekabr\u0131nda Moskvada brifinqd\u0259 Sergey Ryabkov <a href=\"https:\/\/www.youtube.com\/watch?v=_VoNtxeo4Vo\" target=\"_blank\" rel=\"noreferrer noopener\">deyib<\/a>:<\/p>\n\n\n\n<blockquote class=\"wp-block-quote is-style-jam-news is-layout-flow wp-block-quote-is-layout-flow\"><p><em>\u201cBiz AB\u015e-la ikit\u0259r\u0259fli \u0259sasla dan\u0131\u015f\u0131qlar t\u0259klif edirik. \u018fg\u0259r bura dig\u0259r \u00f6lk\u0259l\u0259ri d\u0259 c\u0259lb ets\u0259k, biz sad\u0259c\u0259 h\u0259r \u015feyi m\u00fcbahis\u0259l\u0259rd\u0259 v\u0259 s\u00f6z-s\u00f6hb\u0259td\u0259 bat\u0131raca\u011f\u0131q\u201d.<\/em><\/p><\/blockquote>\n\n\n\n<p>AB\u015e D\u00f6vl\u0259t Departamentinin n\u00fcmay\u0259nd\u0259l\u0259ri is\u0259 d\u0259f\u0259l\u0259rl\u0259 \u0259min edibl\u0259r ki<strong>, Ukrayna, Avropa v\u0259 NATO ist\u0259nil\u0259n q\u0259rar\u0131n q\u0259bulu prosesin\u0259 daxil edil\u0259c\u0259k.<\/strong><\/p>\n\n\n\n<p>Daha \u0259vv\u0259l A\u0130 xarici i\u015fl\u0259r qurumunun r\u0259hb\u0259ri Jozef Borrel Fontelyes bildirib ki, onun fikrinc\u0259, Rusiyan\u0131n h\u00fccum t\u0259hl\u00fck\u0259si aktual olaraq qal\u0131r. <em>\u201cS\u0259rh\u0259din dig\u0259r t\u0259r\u0259find\u0259 100&nbsp;000 Rusiya h\u0259rb\u00e7isi dayan\u0131b. M\u0259n g\u00fcman edir\u0259m ki, onlar ora q\u0259hv\u0259 i\u00e7m\u0259y\u0259 getm\u0259yibl\u0259r\u201d, &#8211; <\/em>o deyib.<\/p>\n\n\n\n<h2 class=\"has-text-align-center wp-block-heading\"><strong>1997-ci ild\u0259n sonra NATO alyans\u0131 nec\u0259 geni\u015fl\u0259nib?<\/strong><\/h2>\n\n\n\n<figure class=\"wp-block-image size-large is-style-medium-width-image\"><img loading=\"lazy\" decoding=\"async\" width=\"748\" height=\"1024\" src=\"https:\/\/jam-news.net\/app\/uploads\/2022\/01\/122647781_nato_member_states_10jan_map640-2x-nc-748x1024.png\" alt=\"\" class=\"wp-image-57786\" srcset=\"https:\/\/jam-news.net\/app\/uploads\/2022\/01\/122647781_nato_member_states_10jan_map640-2x-nc-748x1024.png 748w, https:\/\/jam-news.net\/app\/uploads\/2022\/01\/122647781_nato_member_states_10jan_map640-2x-nc-219x300.png 219w, https:\/\/jam-news.net\/app\/uploads\/2022\/01\/122647781_nato_member_states_10jan_map640-2x-nc-768x1051.png 768w, https:\/\/jam-news.net\/app\/uploads\/2022\/01\/122647781_nato_member_states_10jan_map640-2x-nc-1122x1536.png 1122w, https:\/\/jam-news.net\/app\/uploads\/2022\/01\/122647781_nato_member_states_10jan_map640-2x-nc.png 1280w\" sizes=\"auto, (max-width: 748px) 100vw, 748px\" \/><\/figure>\n","protected":false},"excerpt":{"rendered":"<p>Moskva v\u0259 Va\u015finqton Ukrayna \u0259traf\u0131ndak\u0131 g\u0259rginlik v\u0259 NATO-nun geni\u015fl\u0259nm\u0259si m\u0259s\u0259l\u0259l\u0259ri \u00fczr\u0259 raz\u0131l\u0131\u011fa g\u0259l\u0259 bilm\u0259yib, amma m\u00fczakir\u0259l\u0259r davam etdiril\u0259c\u0259k<\/p>\n","protected":false},"author":3,"featured_media":57788,"comment_status":"closed","ping_status":"closed","sticky":false,"template":"","format":"standard","meta":{"_acf_changed":false,"footnotes":""},"categories":[9,8,50,5,4],"tags":[162,137,21,340,1401],"formation":[],"post-author":[2888],"topic":[6202,6055,4955,5972],"tooltip":[],"city":[],"class_list":["post-57818","post","type-post","status-publish","format-standard","has-post-thumbnail","hentry","category-munaqislr","category-dunyada-bas-vernlr","category-xbrlr","category-siyast","category-rusiya","tag-abs","tag-nato","tag-rusiya","tag-ukrayna","tag-ukraynadaki-munaqis","post-author-jamnews","topic-azrbaycan-abs","topic-ukraynada-munaqis","topic-rusiya","topic-ukrayna"],"acf":[],"yoast_head":"<!-- This site is optimized with the Yoast SEO plugin v24.1 - https:\/\/yoast.com\/wordpress\/plugins\/seo\/ -->\n<title>\u201cHe\u00e7 bir NATO!\u201d Rusiya v\u0259 AB\u015e aras\u0131nda t\u0259hl\u00fck\u0259sizlik \u00fczr\u0259 tarixin ilk dan\u0131\u015f\u0131qlar\u0131 nec\u0259 ke\u00e7di? - JAMnews<\/title>\n<meta name=\"description\" content=\"Moskva v\u0259 Va\u015finqton Ukrayna \u0259traf\u0131ndak\u0131 g\u0259rginlik v\u0259 NATO-nun geni\u015fl\u0259nm\u0259si m\u0259s\u0259l\u0259l\u0259ri \u00fczr\u0259 raz\u0131l\u0131\u011fa g\u0259l\u0259 bilm\u0259yib, amma m\u00fczakir\u0259l\u0259r davam etdiril\u0259c\u0259k\" \/>\n<meta name=\"robots\" content=\"index, follow, max-snippet:-1, max-image-preview:large, max-video-preview:-1\" \/>\n<link rel=\"canonical\" href=\"https:\/\/jam-news.net\/az\/hec-bir-nato-rusiya-v\u0259-abs-arasinda-t\u0259hluk\u0259sizlik-uzr\u0259-tarixin-ilk-danisiqlari-nec\u0259-kecdi\/\" \/>\n<meta property=\"og:locale\" content=\"az_AZ\" \/>\n<meta property=\"og:type\" content=\"article\" \/>\n<meta property=\"og:title\" content=\"\u201cHe\u00e7 bir NATO!\u201d Rusiya v\u0259 AB\u015e aras\u0131nda t\u0259hl\u00fck\u0259sizlik \u00fczr\u0259 tarixin ilk dan\u0131\u015f\u0131qlar\u0131 nec\u0259 ke\u00e7di? - JAMnews\" \/>\n<meta property=\"og:description\" content=\"Moskva v\u0259 Va\u015finqton Ukrayna \u0259traf\u0131ndak\u0131 g\u0259rginlik v\u0259 NATO-nun geni\u015fl\u0259nm\u0259si m\u0259s\u0259l\u0259l\u0259ri \u00fczr\u0259 raz\u0131l\u0131\u011fa g\u0259l\u0259 bilm\u0259yib, amma m\u00fczakir\u0259l\u0259r davam etdiril\u0259c\u0259k\" \/>\n<meta property=\"og:url\" content=\"https:\/\/jam-news.net\/az\/hec-bir-nato-rusiya-v\u0259-abs-arasinda-t\u0259hluk\u0259sizlik-uzr\u0259-tarixin-ilk-danisiqlari-nec\u0259-kecdi\/\" \/>\n<meta property=\"og:site_name\" content=\"Azerbaijani Jamnews\" \/>\n<meta property=\"article:publisher\" content=\"https:\/\/www.facebook.com\/JAMnewsInEnglish\/\" \/>\n<meta property=\"article:published_time\" content=\"2022-01-12T07:31:46+00:00\" \/>\n<meta property=\"article:modified_time\" content=\"2022-01-20T15:14:52+00:00\" \/>\n<meta property=\"og:image\" content=\"https:\/\/jam-news.net\/app\/uploads\/2022\/01\/anokhi-de-silva-bFDLzdLHjHo-unsplash.jpg\" \/>\n\t<meta property=\"og:image:width\" content=\"1100\" \/>\n\t<meta property=\"og:image:height\" content=\"719\" \/>\n\t<meta property=\"og:image:type\" content=\"image\/jpeg\" \/>\n<meta name=\"author\" content=\"JAMnews\" \/>\n<meta name=\"twitter:card\" content=\"summary_large_image\" \/>\n<meta name=\"twitter:creator\" content=\"@JAMnewsCaucasus\" \/>\n<meta name=\"twitter:site\" content=\"@JAMnewsCaucasus\" \/>\n<meta name=\"twitter:label1\" content=\"Written by\" \/>\n\t<meta name=\"twitter:data1\" content=\"JAMnews\" \/>\n\t<meta name=\"twitter:label2\" content=\"Est. reading time\" \/>\n\t<meta name=\"twitter:data2\" content=\"8 minutes\" \/>\n<script type=\"application\/ld+json\" class=\"yoast-schema-graph\">{\"@context\":\"https:\/\/schema.org\",\"@graph\":[{\"@type\":\"Article\",\"@id\":\"https:\/\/jam-news.net\/az\/hec-bir-nato-rusiya-v%c9%99-abs-arasinda-t%c9%99hluk%c9%99sizlik-uzr%c9%99-tarixin-ilk-danisiqlari-nec%c9%99-kecdi\/#article\",\"isPartOf\":{\"@id\":\"https:\/\/jam-news.net\/az\/hec-bir-nato-rusiya-v%c9%99-abs-arasinda-t%c9%99hluk%c9%99sizlik-uzr%c9%99-tarixin-ilk-danisiqlari-nec%c9%99-kecdi\/\"},\"author\":{\"name\":\"JAMnews\",\"@id\":\"https:\/\/jam-news.net\/az\/#\/schema\/person\/67df3bb7adb46cd513fb9c4cb02361c6\"},\"headline\":\"\u201cHe\u00e7 bir NATO!\u201d Rusiya v\u0259 AB\u015e aras\u0131nda t\u0259hl\u00fck\u0259sizlik \u00fczr\u0259 tarixin ilk dan\u0131\u015f\u0131qlar\u0131 nec\u0259 ke\u00e7di?\",\"datePublished\":\"2022-01-12T07:31:46+00:00\",\"dateModified\":\"2022-01-20T15:14:52+00:00\",\"mainEntityOfPage\":{\"@id\":\"https:\/\/jam-news.net\/az\/hec-bir-nato-rusiya-v%c9%99-abs-arasinda-t%c9%99hluk%c9%99sizlik-uzr%c9%99-tarixin-ilk-danisiqlari-nec%c9%99-kecdi\/\"},\"wordCount\":1812,\"publisher\":{\"@id\":\"https:\/\/jam-news.net\/az\/#organization\"},\"image\":{\"@id\":\"https:\/\/jam-news.net\/az\/hec-bir-nato-rusiya-v%c9%99-abs-arasinda-t%c9%99hluk%c9%99sizlik-uzr%c9%99-tarixin-ilk-danisiqlari-nec%c9%99-kecdi\/#primaryimage\"},\"thumbnailUrl\":\"https:\/\/jam-news.net\/app\/uploads\/2022\/01\/anokhi-de-silva-bFDLzdLHjHo-unsplash.jpg\",\"keywords\":[\"AB\u015e\",\"NATO\",\"Rusiya\",\"Ukrayna\",\"Ukraynadak\u0131 m\u00fcnaqi\u015f\u0259\"],\"articleSection\":[\"Conflicts\",\"From far and near\",\"News\",\"Politics\",\"Russia\"],\"inLanguage\":\"az\"},{\"@type\":\"WebPage\",\"@id\":\"https:\/\/jam-news.net\/az\/hec-bir-nato-rusiya-v%c9%99-abs-arasinda-t%c9%99hluk%c9%99sizlik-uzr%c9%99-tarixin-ilk-danisiqlari-nec%c9%99-kecdi\/\",\"url\":\"https:\/\/jam-news.net\/az\/hec-bir-nato-rusiya-v%c9%99-abs-arasinda-t%c9%99hluk%c9%99sizlik-uzr%c9%99-tarixin-ilk-danisiqlari-nec%c9%99-kecdi\/\",\"name\":\"\u201cHe\u00e7 bir NATO!\u201d Rusiya v\u0259 AB\u015e aras\u0131nda t\u0259hl\u00fck\u0259sizlik \u00fczr\u0259 tarixin ilk dan\u0131\u015f\u0131qlar\u0131 nec\u0259 ke\u00e7di? - JAMnews\",\"isPartOf\":{\"@id\":\"https:\/\/jam-news.net\/az\/#website\"},\"primaryImageOfPage\":{\"@id\":\"https:\/\/jam-news.net\/az\/hec-bir-nato-rusiya-v%c9%99-abs-arasinda-t%c9%99hluk%c9%99sizlik-uzr%c9%99-tarixin-ilk-danisiqlari-nec%c9%99-kecdi\/#primaryimage\"},\"image\":{\"@id\":\"https:\/\/jam-news.net\/az\/hec-bir-nato-rusiya-v%c9%99-abs-arasinda-t%c9%99hluk%c9%99sizlik-uzr%c9%99-tarixin-ilk-danisiqlari-nec%c9%99-kecdi\/#primaryimage\"},\"thumbnailUrl\":\"https:\/\/jam-news.net\/app\/uploads\/2022\/01\/anokhi-de-silva-bFDLzdLHjHo-unsplash.jpg\",\"datePublished\":\"2022-01-12T07:31:46+00:00\",\"dateModified\":\"2022-01-20T15:14:52+00:00\",\"description\":\"Moskva v\u0259 Va\u015finqton Ukrayna \u0259traf\u0131ndak\u0131 g\u0259rginlik v\u0259 NATO-nun geni\u015fl\u0259nm\u0259si m\u0259s\u0259l\u0259l\u0259ri \u00fczr\u0259 raz\u0131l\u0131\u011fa g\u0259l\u0259 bilm\u0259yib, amma m\u00fczakir\u0259l\u0259r davam etdiril\u0259c\u0259k\",\"breadcrumb\":{\"@id\":\"https:\/\/jam-news.net\/az\/hec-bir-nato-rusiya-v%c9%99-abs-arasinda-t%c9%99hluk%c9%99sizlik-uzr%c9%99-tarixin-ilk-danisiqlari-nec%c9%99-kecdi\/#breadcrumb\"},\"inLanguage\":\"az\",\"potentialAction\":[{\"@type\":\"ReadAction\",\"target\":[\"https:\/\/jam-news.net\/az\/hec-bir-nato-rusiya-v%c9%99-abs-arasinda-t%c9%99hluk%c9%99sizlik-uzr%c9%99-tarixin-ilk-danisiqlari-nec%c9%99-kecdi\/\"]}]},{\"@type\":\"ImageObject\",\"inLanguage\":\"az\",\"@id\":\"https:\/\/jam-news.net\/az\/hec-bir-nato-rusiya-v%c9%99-abs-arasinda-t%c9%99hluk%c9%99sizlik-uzr%c9%99-tarixin-ilk-danisiqlari-nec%c9%99-kecdi\/#primaryimage\",\"url\":\"https:\/\/jam-news.net\/app\/uploads\/2022\/01\/anokhi-de-silva-bFDLzdLHjHo-unsplash.jpg\",\"contentUrl\":\"https:\/\/jam-news.net\/app\/uploads\/2022\/01\/anokhi-de-silva-bFDLzdLHjHo-unsplash.jpg\",\"width\":1100,\"height\":719},{\"@type\":\"BreadcrumbList\",\"@id\":\"https:\/\/jam-news.net\/az\/hec-bir-nato-rusiya-v%c9%99-abs-arasinda-t%c9%99hluk%c9%99sizlik-uzr%c9%99-tarixin-ilk-danisiqlari-nec%c9%99-kecdi\/#breadcrumb\",\"itemListElement\":[{\"@type\":\"ListItem\",\"position\":1,\"name\":\"Home\",\"item\":\"https:\/\/jam-news.net\/az\/\"},{\"@type\":\"ListItem\",\"position\":2,\"name\":\"\u201cHe\u00e7 bir NATO!\u201d Rusiya v\u0259 AB\u015e aras\u0131nda t\u0259hl\u00fck\u0259sizlik \u00fczr\u0259 tarixin ilk dan\u0131\u015f\u0131qlar\u0131 nec\u0259 ke\u00e7di?\"}]},{\"@type\":\"WebSite\",\"@id\":\"https:\/\/jam-news.net\/az\/#website\",\"url\":\"https:\/\/jam-news.net\/az\/\",\"name\":\"Azerbaijani Jamnews\",\"description\":\"Caucasus News, Politics and Society\",\"publisher\":{\"@id\":\"https:\/\/jam-news.net\/az\/#organization\"},\"potentialAction\":[{\"@type\":\"SearchAction\",\"target\":{\"@type\":\"EntryPoint\",\"urlTemplate\":\"https:\/\/jam-news.net\/az\/?s={search_term_string}\"},\"query-input\":{\"@type\":\"PropertyValueSpecification\",\"valueRequired\":true,\"valueName\":\"search_term_string\"}}],\"inLanguage\":\"az\"},{\"@type\":\"Organization\",\"@id\":\"https:\/\/jam-news.net\/az\/#organization\",\"name\":\"JAMnews\",\"url\":\"https:\/\/jam-news.net\/az\/\",\"logo\":{\"@type\":\"ImageObject\",\"inLanguage\":\"az\",\"@id\":\"https:\/\/jam-news.net\/az\/#\/schema\/logo\/image\/\",\"url\":\"https:\/\/jam-news.net\/app\/uploads\/2020\/05\/JAM_w.jpg\",\"contentUrl\":\"https:\/\/jam-news.net\/app\/uploads\/2020\/05\/JAM_w.jpg\",\"width\":960,\"height\":960,\"caption\":\"JAMnews\"},\"image\":{\"@id\":\"https:\/\/jam-news.net\/az\/#\/schema\/logo\/image\/\"},\"sameAs\":[\"https:\/\/www.facebook.com\/JAMnewsInEnglish\/\",\"https:\/\/x.com\/JAMnewsCaucasus\",\"https:\/\/www.instagram.com\/jam_news\/\",\"https:\/\/www.youtube.com\/channel\/UCXQbUCme2pykuZYXWHx4VPg\"]},{\"@type\":\"Person\",\"@id\":\"https:\/\/jam-news.net\/az\/#\/schema\/person\/67df3bb7adb46cd513fb9c4cb02361c6\",\"name\":\"JAMnews\",\"image\":{\"@type\":\"ImageObject\",\"inLanguage\":\"az\",\"@id\":\"https:\/\/jam-news.net\/az\/#\/schema\/person\/image\/\",\"url\":\"https:\/\/secure.gravatar.com\/avatar\/e5c27593ef900c3ab3deed4ed1c653d7?s=96&d=mm&r=g\",\"contentUrl\":\"https:\/\/secure.gravatar.com\/avatar\/e5c27593ef900c3ab3deed4ed1c653d7?s=96&d=mm&r=g\",\"caption\":\"JAMnews\"},\"url\":\"https:\/\/jam-news.net\/az\/author\/margarita\/\"}]}<\/script>\n<!-- \/ Yoast SEO plugin. -->","yoast_head_json":{"title":"\u201cHe\u00e7 bir NATO!\u201d Rusiya v\u0259 AB\u015e aras\u0131nda t\u0259hl\u00fck\u0259sizlik \u00fczr\u0259 tarixin ilk dan\u0131\u015f\u0131qlar\u0131 nec\u0259 ke\u00e7di? - JAMnews","description":"Moskva v\u0259 Va\u015finqton Ukrayna \u0259traf\u0131ndak\u0131 g\u0259rginlik v\u0259 NATO-nun geni\u015fl\u0259nm\u0259si m\u0259s\u0259l\u0259l\u0259ri \u00fczr\u0259 raz\u0131l\u0131\u011fa g\u0259l\u0259 bilm\u0259yib, amma m\u00fczakir\u0259l\u0259r davam etdiril\u0259c\u0259k","robots":{"index":"index","follow":"follow","max-snippet":"max-snippet:-1","max-image-preview":"max-image-preview:large","max-video-preview":"max-video-preview:-1"},"canonical":"https:\/\/jam-news.net\/az\/hec-bir-nato-rusiya-v\u0259-abs-arasinda-t\u0259hluk\u0259sizlik-uzr\u0259-tarixin-ilk-danisiqlari-nec\u0259-kecdi\/","og_locale":"az_AZ","og_type":"article","og_title":"\u201cHe\u00e7 bir NATO!\u201d Rusiya v\u0259 AB\u015e aras\u0131nda t\u0259hl\u00fck\u0259sizlik \u00fczr\u0259 tarixin ilk dan\u0131\u015f\u0131qlar\u0131 nec\u0259 ke\u00e7di? - JAMnews","og_description":"Moskva v\u0259 Va\u015finqton Ukrayna \u0259traf\u0131ndak\u0131 g\u0259rginlik v\u0259 NATO-nun geni\u015fl\u0259nm\u0259si m\u0259s\u0259l\u0259l\u0259ri \u00fczr\u0259 raz\u0131l\u0131\u011fa g\u0259l\u0259 bilm\u0259yib, amma m\u00fczakir\u0259l\u0259r davam etdiril\u0259c\u0259k","og_url":"https:\/\/jam-news.net\/az\/hec-bir-nato-rusiya-v\u0259-abs-arasinda-t\u0259hluk\u0259sizlik-uzr\u0259-tarixin-ilk-danisiqlari-nec\u0259-kecdi\/","og_site_name":"Azerbaijani Jamnews","article_publisher":"https:\/\/www.facebook.com\/JAMnewsInEnglish\/","article_published_time":"2022-01-12T07:31:46+00:00","article_modified_time":"2022-01-20T15:14:52+00:00","og_image":[{"width":1100,"height":719,"url":"https:\/\/jam-news.net\/app\/uploads\/2022\/01\/anokhi-de-silva-bFDLzdLHjHo-unsplash.jpg","type":"image\/jpeg"}],"author":"JAMnews","twitter_card":"summary_large_image","twitter_creator":"@JAMnewsCaucasus","twitter_site":"@JAMnewsCaucasus","twitter_misc":{"Written by":"JAMnews","Est. reading time":"8 minutes"},"schema":{"@context":"https:\/\/schema.org","@graph":[{"@type":"Article","@id":"https:\/\/jam-news.net\/az\/hec-bir-nato-rusiya-v%c9%99-abs-arasinda-t%c9%99hluk%c9%99sizlik-uzr%c9%99-tarixin-ilk-danisiqlari-nec%c9%99-kecdi\/#article","isPartOf":{"@id":"https:\/\/jam-news.net\/az\/hec-bir-nato-rusiya-v%c9%99-abs-arasinda-t%c9%99hluk%c9%99sizlik-uzr%c9%99-tarixin-ilk-danisiqlari-nec%c9%99-kecdi\/"},"author":{"name":"JAMnews","@id":"https:\/\/jam-news.net\/az\/#\/schema\/person\/67df3bb7adb46cd513fb9c4cb02361c6"},"headline":"\u201cHe\u00e7 bir NATO!\u201d Rusiya v\u0259 AB\u015e aras\u0131nda t\u0259hl\u00fck\u0259sizlik \u00fczr\u0259 tarixin ilk dan\u0131\u015f\u0131qlar\u0131 nec\u0259 ke\u00e7di?","datePublished":"2022-01-12T07:31:46+00:00","dateModified":"2022-01-20T15:14:52+00:00","mainEntityOfPage":{"@id":"https:\/\/jam-news.net\/az\/hec-bir-nato-rusiya-v%c9%99-abs-arasinda-t%c9%99hluk%c9%99sizlik-uzr%c9%99-tarixin-ilk-danisiqlari-nec%c9%99-kecdi\/"},"wordCount":1812,"publisher":{"@id":"https:\/\/jam-news.net\/az\/#organization"},"image":{"@id":"https:\/\/jam-news.net\/az\/hec-bir-nato-rusiya-v%c9%99-abs-arasinda-t%c9%99hluk%c9%99sizlik-uzr%c9%99-tarixin-ilk-danisiqlari-nec%c9%99-kecdi\/#primaryimage"},"thumbnailUrl":"https:\/\/jam-news.net\/app\/uploads\/2022\/01\/anokhi-de-silva-bFDLzdLHjHo-unsplash.jpg","keywords":["AB\u015e","NATO","Rusiya","Ukrayna","Ukraynadak\u0131 m\u00fcnaqi\u015f\u0259"],"articleSection":["Conflicts","From far and near","News","Politics","Russia"],"inLanguage":"az"},{"@type":"WebPage","@id":"https:\/\/jam-news.net\/az\/hec-bir-nato-rusiya-v%c9%99-abs-arasinda-t%c9%99hluk%c9%99sizlik-uzr%c9%99-tarixin-ilk-danisiqlari-nec%c9%99-kecdi\/","url":"https:\/\/jam-news.net\/az\/hec-bir-nato-rusiya-v%c9%99-abs-arasinda-t%c9%99hluk%c9%99sizlik-uzr%c9%99-tarixin-ilk-danisiqlari-nec%c9%99-kecdi\/","name":"\u201cHe\u00e7 bir NATO!\u201d Rusiya v\u0259 AB\u015e aras\u0131nda t\u0259hl\u00fck\u0259sizlik \u00fczr\u0259 tarixin ilk dan\u0131\u015f\u0131qlar\u0131 nec\u0259 ke\u00e7di? - JAMnews","isPartOf":{"@id":"https:\/\/jam-news.net\/az\/#website"},"primaryImageOfPage":{"@id":"https:\/\/jam-news.net\/az\/hec-bir-nato-rusiya-v%c9%99-abs-arasinda-t%c9%99hluk%c9%99sizlik-uzr%c9%99-tarixin-ilk-danisiqlari-nec%c9%99-kecdi\/#primaryimage"},"image":{"@id":"https:\/\/jam-news.net\/az\/hec-bir-nato-rusiya-v%c9%99-abs-arasinda-t%c9%99hluk%c9%99sizlik-uzr%c9%99-tarixin-ilk-danisiqlari-nec%c9%99-kecdi\/#primaryimage"},"thumbnailUrl":"https:\/\/jam-news.net\/app\/uploads\/2022\/01\/anokhi-de-silva-bFDLzdLHjHo-unsplash.jpg","datePublished":"2022-01-12T07:31:46+00:00","dateModified":"2022-01-20T15:14:52+00:00","description":"Moskva v\u0259 Va\u015finqton Ukrayna \u0259traf\u0131ndak\u0131 g\u0259rginlik v\u0259 NATO-nun geni\u015fl\u0259nm\u0259si m\u0259s\u0259l\u0259l\u0259ri \u00fczr\u0259 raz\u0131l\u0131\u011fa g\u0259l\u0259 bilm\u0259yib, amma m\u00fczakir\u0259l\u0259r davam etdiril\u0259c\u0259k","breadcrumb":{"@id":"https:\/\/jam-news.net\/az\/hec-bir-nato-rusiya-v%c9%99-abs-arasinda-t%c9%99hluk%c9%99sizlik-uzr%c9%99-tarixin-ilk-danisiqlari-nec%c9%99-kecdi\/#breadcrumb"},"inLanguage":"az","potentialAction":[{"@type":"ReadAction","target":["https:\/\/jam-news.net\/az\/hec-bir-nato-rusiya-v%c9%99-abs-arasinda-t%c9%99hluk%c9%99sizlik-uzr%c9%99-tarixin-ilk-danisiqlari-nec%c9%99-kecdi\/"]}]},{"@type":"ImageObject","inLanguage":"az","@id":"https:\/\/jam-news.net\/az\/hec-bir-nato-rusiya-v%c9%99-abs-arasinda-t%c9%99hluk%c9%99sizlik-uzr%c9%99-tarixin-ilk-danisiqlari-nec%c9%99-kecdi\/#primaryimage","url":"https:\/\/jam-news.net\/app\/uploads\/2022\/01\/anokhi-de-silva-bFDLzdLHjHo-unsplash.jpg","contentUrl":"https:\/\/jam-news.net\/app\/uploads\/2022\/01\/anokhi-de-silva-bFDLzdLHjHo-unsplash.jpg","width":1100,"height":719},{"@type":"BreadcrumbList","@id":"https:\/\/jam-news.net\/az\/hec-bir-nato-rusiya-v%c9%99-abs-arasinda-t%c9%99hluk%c9%99sizlik-uzr%c9%99-tarixin-ilk-danisiqlari-nec%c9%99-kecdi\/#breadcrumb","itemListElement":[{"@type":"ListItem","position":1,"name":"Home","item":"https:\/\/jam-news.net\/az\/"},{"@type":"ListItem","position":2,"name":"\u201cHe\u00e7 bir NATO!\u201d Rusiya v\u0259 AB\u015e aras\u0131nda t\u0259hl\u00fck\u0259sizlik \u00fczr\u0259 tarixin ilk dan\u0131\u015f\u0131qlar\u0131 nec\u0259 ke\u00e7di?"}]},{"@type":"WebSite","@id":"https:\/\/jam-news.net\/az\/#website","url":"https:\/\/jam-news.net\/az\/","name":"Azerbaijani Jamnews","description":"Caucasus News, Politics and Society","publisher":{"@id":"https:\/\/jam-news.net\/az\/#organization"},"potentialAction":[{"@type":"SearchAction","target":{"@type":"EntryPoint","urlTemplate":"https:\/\/jam-news.net\/az\/?s={search_term_string}"},"query-input":{"@type":"PropertyValueSpecification","valueRequired":true,"valueName":"search_term_string"}}],"inLanguage":"az"},{"@type":"Organization","@id":"https:\/\/jam-news.net\/az\/#organization","name":"JAMnews","url":"https:\/\/jam-news.net\/az\/","logo":{"@type":"ImageObject","inLanguage":"az","@id":"https:\/\/jam-news.net\/az\/#\/schema\/logo\/image\/","url":"https:\/\/jam-news.net\/app\/uploads\/2020\/05\/JAM_w.jpg","contentUrl":"https:\/\/jam-news.net\/app\/uploads\/2020\/05\/JAM_w.jpg","width":960,"height":960,"caption":"JAMnews"},"image":{"@id":"https:\/\/jam-news.net\/az\/#\/schema\/logo\/image\/"},"sameAs":["https:\/\/www.facebook.com\/JAMnewsInEnglish\/","https:\/\/x.com\/JAMnewsCaucasus","https:\/\/www.instagram.com\/jam_news\/","https:\/\/www.youtube.com\/channel\/UCXQbUCme2pykuZYXWHx4VPg"]},{"@type":"Person","@id":"https:\/\/jam-news.net\/az\/#\/schema\/person\/67df3bb7adb46cd513fb9c4cb02361c6","name":"JAMnews","image":{"@type":"ImageObject","inLanguage":"az","@id":"https:\/\/jam-news.net\/az\/#\/schema\/person\/image\/","url":"https:\/\/secure.gravatar.com\/avatar\/e5c27593ef900c3ab3deed4ed1c653d7?s=96&d=mm&r=g","contentUrl":"https:\/\/secure.gravatar.com\/avatar\/e5c27593ef900c3ab3deed4ed1c653d7?s=96&d=mm&r=g","caption":"JAMnews"},"url":"https:\/\/jam-news.net\/az\/author\/margarita\/"}]}},"_links":{"self":[{"href":"https:\/\/jam-news.net\/az\/wp-json\/wp\/v2\/posts\/57818","targetHints":{"allow":["GET"]}}],"collection":[{"href":"https:\/\/jam-news.net\/az\/wp-json\/wp\/v2\/posts"}],"about":[{"href":"https:\/\/jam-news.net\/az\/wp-json\/wp\/v2\/types\/post"}],"author":[{"embeddable":true,"href":"https:\/\/jam-news.net\/az\/wp-json\/wp\/v2\/users\/3"}],"replies":[{"embeddable":true,"href":"https:\/\/jam-news.net\/az\/wp-json\/wp\/v2\/comments?post=57818"}],"version-history":[{"count":3,"href":"https:\/\/jam-news.net\/az\/wp-json\/wp\/v2\/posts\/57818\/revisions"}],"predecessor-version":[{"id":57866,"href":"https:\/\/jam-news.net\/az\/wp-json\/wp\/v2\/posts\/57818\/revisions\/57866"}],"wp:featuredmedia":[{"embeddable":true,"href":"https:\/\/jam-news.net\/az\/wp-json\/wp\/v2\/media\/57788"}],"wp:attachment":[{"href":"https:\/\/jam-news.net\/az\/wp-json\/wp\/v2\/media?parent=57818"}],"wp:term":[{"taxonomy":"category","embeddable":true,"href":"https:\/\/jam-news.net\/az\/wp-json\/wp\/v2\/categories?post=57818"},{"taxonomy":"post_tag","embeddable":true,"href":"https:\/\/jam-news.net\/az\/wp-json\/wp\/v2\/tags?post=57818"},{"taxonomy":"formation","embeddable":true,"href":"https:\/\/jam-news.net\/az\/wp-json\/wp\/v2\/formation?post=57818"},{"taxonomy":"post-author","embeddable":true,"href":"https:\/\/jam-news.net\/az\/wp-json\/wp\/v2\/post-author?post=57818"},{"taxonomy":"topic","embeddable":true,"href":"https:\/\/jam-news.net\/az\/wp-json\/wp\/v2\/topic?post=57818"},{"taxonomy":"tooltip","embeddable":true,"href":"https:\/\/jam-news.net\/az\/wp-json\/wp\/v2\/tooltip?post=57818"},{"taxonomy":"city","embeddable":true,"href":"https:\/\/jam-news.net\/az\/wp-json\/wp\/v2\/city?post=57818"}],"curies":[{"name":"wp","href":"https:\/\/api.w.org\/{rel}","templated":true}]}}