{"id":57792,"date":"2022-01-11T22:30:25","date_gmt":"2022-01-11T18:30:25","guid":{"rendered":"https:\/\/jam-news.net\/az\/?p=57792"},"modified":"2022-01-20T19:14:53","modified_gmt":"2022-01-20T15:14:53","slug":"turkiy%c9%99-v%c9%99-az%c9%99rbaycanin-h%c9%99rbi-ittifaqi-rusiyanin-nato-ya-qarsi-t%c9%99l%c9%99bl%c9%99rin%c9%99-n%c9%99-d%c9%99r%c9%99c%c9%99d%c9%99-uygundur-bakidan-s%c9%99rh","status":"publish","type":"post","link":"https:\/\/jam-news.net\/az\/turkiy%c9%99-v%c9%99-az%c9%99rbaycanin-h%c9%99rbi-ittifaqi-rusiyanin-nato-ya-qarsi-t%c9%99l%c9%99bl%c9%99rin%c9%99-n%c9%99-d%c9%99r%c9%99c%c9%99d%c9%99-uygundur-bakidan-s%c9%99rh\/","title":{"rendered":"T\u00fcrkiy\u0259 v\u0259 Az\u0259rbaycan\u0131n h\u0259rbi ittifaq\u0131 Rusiyan\u0131n NATO-ya qar\u015f\u0131 t\u0259l\u0259bl\u0259rin\u0259 n\u0259 d\u0259r\u0259c\u0259d\u0259 uy\u011fundur? \u2013 Bak\u0131dan \u015f\u0259rh"},"content":{"rendered":"\n<p>NATO-nun t\u0259sirinin \u015f\u0259rq\u0259 yay\u0131lmas\u0131 il\u0259 ba\u011fl\u0131 Rusiya postsovet m\u0259kan\u0131n\u0131 \u00f6z \u201cq\u0131rm\u0131z\u0131 cizgi\u201dsi adland\u0131r\u0131r. Az\u0259rbaycan is\u0259 NATO \u00fczv\u00fc olan T\u00fcrkiy\u0259 il\u0259 h\u0259rbi sah\u0259d\u0259 f\u0259al \u0259m\u0259kda\u015fl\u0131q edir. T\u00fcrkiy\u0259 v\u0259 Az\u0259rbaycan h\u0259rbi ittifaq haqda elan edib v\u0259 bu, 2021-ci ild\u0259 \u015eu\u015fada imzalanm\u0131\u015f b\u0259yannam\u0259 il\u0259 t\u0259sbit olunub. Bu, Rusiya v\u0259 Az\u0259rbaycan aras\u0131ndak\u0131 m\u00fcnasib\u0259tl\u0259r\u0259 nec\u0259 d\u0259sir ed\u0259 bil\u0259r? Siyasi icmal\u00e7\u0131 Aq\u015fin K\u0259rimovun \u015f\u0259rhi.<\/p>\n\n\n\n<hr class=\"wp-block-separator is-style-wide\"\/>\n\n\n\n<ul class=\"wp-block-list\"><li><strong><a href=\"https:\/\/jam-news.net\/az\/hec-bir-nato-rusiya-v%C9%99-abs-arasinda-t%C9%99hluk%C9%99sizlik-uzr%C9%99-tarixin-ilk-danisiqlari-nec%C9%99-kecdi\/\" target=\"_blank\" rel=\"noreferrer noopener\">\u201cHe\u00e7 bir NATO!\u201d Rusiya v\u0259 AB\u015e aras\u0131nda t\u0259hl\u00fck\u0259sizlik \u00fczr\u0259 tarixin ilk dan\u0131\u015f\u0131qlar\u0131 nec\u0259 ke\u00e7di?<\/a><\/strong><\/li><li><strong><a rel=\"noreferrer noopener\" href=\"https:\/\/jam-news.net\/az\/az%C9%99rbaycanda-qapali-cevr%C9%99-secki-pozuntulari-v%C9%99-aihm-in-gecik%C9%99n-q%C9%99rarlari\/\" target=\"_blank\">Az\u0259rbaycanda qapal\u0131 \u00e7evr\u0259: se\u00e7ki pozuntular\u0131 v\u0259 A\u0130HM-in gecik\u0259n q\u0259rarlar\u0131<\/a><\/strong><\/li><li><a rel=\"noreferrer noopener\" href=\"https:\/\/jam-news.net\/az\/bakidan-s%c9%99rh-moskva-aqressiyani-artirir\/\" target=\"_blank\"><strong>Bak\u0131dan \u015f\u0259rh: \u201cMoskva aqressiyan\u0131 art\u0131r\u0131r\u201d<\/strong><\/a><\/li><li><a rel=\"noreferrer noopener\" href=\"https:\/\/jam-news.net\/az\/ktmt-qazaxistana-h%c9%99rbi-kontingent-gond%c9%99rdi-erm%c9%99nistana-is%c9%99-g%c9%99lm%c9%99di\/\" target=\"_blank\"><strong>\u201cKTMT Qazax\u0131stana h\u0259rbi kontingent g\u00f6nd\u0259rdi, Erm\u0259nistana is\u0259 g\u0259lm\u0259di\u201d<\/strong><\/a><\/li><\/ul>\n\n\n\n<hr class=\"wp-block-separator is-style-wide\"\/>\n\n\n\n<p>2021-ci il iyunun 15-d\u0259 imzalanm\u0131\u015f \u015eu\u015fa b\u0259yannam\u0259sin\u0259 \u0259sas\u0259n, Az\u0259rbaycan v\u0259 T\u00fcrkiy\u0259 faktiki olaraq h\u0259rbi ittifaq haqda elan edibl\u0259r. Bel\u0259likl\u0259, s\u0259n\u0259dd\u0259 suverenlik v\u0259 \u0259razi b\u00fct\u00f6vl\u00fcy\u00fcn\u0259 t\u0259hl\u00fck\u0259 yarand\u0131\u011f\u0131 halda t\u0259r\u0259fl\u0259rin birba\u015fa h\u0259rbi yard\u0131m \u00f6hd\u0259liyi haqda qeyd olunub.<\/p>\n\n\n<article class=\"single-card uk-flex uk-flex-between m-b-sm-40\">\n\n  <div class=\"uk-grid wi-full-width\">\n\n    <div class=\"uk-width-2-3 p-t-sm-10\">\n      <a href=\"https:\/\/jam-news.net\/az\/az%c9%99rbaycan-v%c9%99-turkiy%c9%99-qarsiliqli-h%c9%99rbi-yardimla-bagli-raziliga-g%c9%99lib\/\" target=\"_blank\">\n\n\n\n\n\n        <h2 class=\"m-b-sm-23 wi-merriweather-light\">\n\tAz\u0259rbaycan v\u0259 T\u00fcrkiy\u0259 qar\u015f\u0131l\u0131ql\u0131 h\u0259rbi yard\u0131mla ba\u011fl\u0131 raz\u0131l\u0131\u011fa g\u0259lib\n<\/h2>\n\n        <p class=\"paragraph-color-2 m-b-sm-10 m-b-xs-7\">\n  \u0130kinci Qaraba\u011f m\u00fcharib\u0259si n\u0259tic\u0259sind\u0259 azad edil\u0259n \u015eu\u015fa \u015f\u0259h\u0259rind\u0259 Az\u0259rbaycan v\u0259 T\u00fcrkiy\u0259 aras\u0131nda m\u00fctt\u0259fiqlik haqda b\u0259yannam\u0259 imzalan\u0131b\n<\/p>\n      <\/a>\n    <\/div>\n    <div class=\"uk-width-1-3\">\n      <figure class=\"wi-full-height choose-post__img wi-merriweather-light\">\n  <a class=\"\" href=\"https:\/\/jam-news.net\/az\/az%c9%99rbaycan-v%c9%99-turkiy%c9%99-qarsiliqli-h%c9%99rbi-yardimla-bagli-raziliga-g%c9%99lib\/\">\n    <img decoding=\"async\" class=\"wi-full-height wi-ratio-img\" src=\"https:\/\/jam-news.net\/app\/uploads\/2021\/06\/16237633554917320064_1000x669.jpg\" alt=\"\" uk-img \/>\n  <\/a>\n<\/figure>\n    <\/div>\n  <\/div>\n<\/article>\n\n\n\n<p>\u00dcst\u0259lik, T\u00fcrkiy\u0259 v\u0259 Az\u0259rbaycan h\u0259r iki \u00f6lk\u0259nin \u0259razisind\u0259 planl\u0131 birg\u0259 h\u0259rbi t\u0259liml\u0259r ke\u00e7irirl\u0259r. S\u00f6z\u00fcged\u0259n b\u0259yannam\u0259 Az\u0259rbaycan \u0259razisind\u0259 T\u00fcrkiy\u0259 h\u0259rbi bazalar\u0131n\u0131n yarad\u0131lmas\u0131n\u0131 istisna etmir.<\/p>\n\n\n\n<blockquote class=\"wp-block-quote is-style-jam-news-2 is-layout-flow wp-block-quote-is-layout-flow\"><p>T\u00fcrkiy\u0259 ordusu NATO-da <a rel=\"noreferrer noopener\" href=\"https:\/\/www.bbc.com\/russian\/news-36813509\" target=\"_blank\">d\u00f6y\u00fc\u015f qabiliyy\u0259tin\u0259 g\u00f6r\u0259 ikincidir<\/a>.<\/p><\/blockquote>\n\n\n\n<p>Rusiya v\u0259 NATO aras\u0131nda t\u0259hl\u00fcl\u0259sizlik \u00fczr\u0259 Cenevr\u0259 dan\u0131\u015f\u0131qlar\u0131nda r\u0259smi Moskva \u015eimali Atlantika blokuna qar\u015f\u0131 \u00f6z t\u0259sirini postsovet m\u0259kan\u0131na, o c\u00fcml\u0259d\u0259n d\u0259 Qafqaz \u00f6lk\u0259l\u0259rin\u0259 yaymamaq <a href=\"https:\/\/jam-news.net\/az\/hec-bir-nato-rusiya-v%C9%99-abs-arasinda-t%C9%99hluk%C9%99sizlik-uzr%C9%99-tarixin-ilk-danisiqlari-nec%C9%99-kecdi\/\" target=\"_blank\" rel=\"noreferrer noopener\">t\u0259l\u0259bi ir\u0259li s\u00fcr\u00fcb<\/a>.<\/p>\n\n\n\n<p><strong><em>NATO \u00fczv\u00fc il\u0259 \u0259m\u0259kda\u015fl\u0131q Az\u0259rbaycan\u0131n Rusiya il\u0259 m\u00fcnasib\u0259tl\u0259rin\u0259 nec\u0259 t\u0259sir g\u00f6st\u0259r\u0259 bil\u0259r? JAMnews bu sualla siyasi icmal\u00e7\u0131 Aq\u015fin K\u0259rimova m\u00fcraci\u0259t edib.<\/em><\/strong><\/p>\n\n\n\n<h2 class=\"wp-block-heading\"><strong>\u201cRusiyan\u0131n t\u0259l\u0259bi a\u015fkar h\u0259d\u0259dir\u201d<\/strong><\/h2>\n\n\n\n<p>1997-ci ild\u0259n bu yana NATO \u00f6z siyasi co\u011frafiyas\u0131n\u0131 el\u0259 geni\u015fl\u0259ndirib ki, Avropan\u0131n \u015f\u0259rq hiss\u0259sind\u0259n Rusiyan\u0131n m\u00fchasir\u0259sini daraldan bir m\u0259nz\u0259r\u0259 yaran\u0131b.<\/p>\n\n\n\n<p>Rusiya ona g\u00f6r\u0259 narahatd\u0131r ki, NATO d\u00fcz burnunun dibin\u0259 \u00e7at\u0131b v\u0259 bu hal \u201csoyuq m\u00fcharib\u0259\u201d ovqat\u0131n\u0131 yenid\u0259n g\u00fcnd\u0259m\u0259 g\u0259tirir.<\/p>\n\n\n\n<p>Onsuz da \u0259vv\u0259ld\u0259n t\u0259m\u0259ll\u0259ri qar\u015f\u0131l\u0131ql\u0131 q\u0131sqancl\u0131q v\u0259 hidd\u0259t do\u011furan m\u00f6vqel\u0259r\u0259 s\u00f6yk\u0259n\u0259n m\u00fcnasib\u0259tl\u0259r Ukrayna m\u00f6vzusu il\u0259 daha da g\u0259rginl\u0259\u015fir.<\/p>\n\n\n\n<p>Rusiya vaxt\u0131 il\u0259 SSR\u0130-nin t\u0259rkibind\u0259 olmu\u015f Latviya, Litva v\u0259 Estoniyan\u0131n 2004-c\u00fc ild\u0259 NATO-ya \u00fczv olmas\u0131ndan sonra q\u0259z\u0259bini \u00e7\u0131xarmaq \u00fc\u00e7\u00fcn h\u0259rbi potensial\u0131n\u0131 geni\u015fl\u0259ndirdi v\u0259 d\u0259f\u0259l\u0259rl\u0259 Baltikyan\u0131 \u00f6lk\u0259l\u0259rin s\u0259rh\u0259dind\u0259 h\u0259rbi manevrl\u0259r etdi.<\/p>\n\n\n\n<p>H\u0259min regiona a\u00e7\u0131lan p\u0259nc\u0259r\u0259d\u0259 Rusiya strateji v\u0259 h\u0259rbi \u00fcst\u00fcnl\u00fcy\u0259 malik olsa da, bu \u00f6lk\u0259l\u0259ri \u00f6z siyasi irad\u0259sin\u0259 tabe etdir\u0259 bilm\u0259z, \u00e7\u00fcnki h\u0259l\u0259 SSR\u0130 d\u00f6n\u0259mind\u0259n h\u0259min regionun Rusiyaya m\u00fcnasib\u0259ti aqressiv olub.<\/p>\n\n\n\n<p>Bu regiondan sonra ke\u00e7mi\u015f SSR\u0130-y\u0259 daxil olan dig\u0259r \u00f6lk\u0259l\u0259rin NATO \u00fczvl\u00fcy\u00fc Rusiya \u00fc\u00e7\u00fcn q\u0131rm\u0131z\u0131 cizgil\u0259rin ke\u00e7ilm\u0259sidir, Ukrayna il\u0259 s\u0259rh\u0259d\u0259 malik olmas\u0131 is\u0259 m\u0259s\u0259l\u0259nin r\u0259ngini daha da t\u00fcndl\u0259\u015fdirir.<\/p>\n\n\n\n<p>Ona g\u00f6r\u0259 d\u0259 G\u00fcrc\u00fcstan\u0131n da NATO qap\u0131lar\u0131n\u0131 d\u00f6ym\u0259sini h\u0259zm ed\u0259 bilmir v\u0259 ritorikas\u0131n\u0131 aqressivl\u0259\u015fdirir.<\/p>\n\n\n\n<p>Rusiya deyir ki, NATO proqramlar\u0131nda i\u015ftirakla NATO-ya inteqrasiyan\u0131n s\u0259rh\u0259dl\u0259ri d\u0259qiql\u0259\u015fm\u0259lidir, bu, a\u015fkar h\u0259d\u0259dir.<\/p>\n\n\n\n<h2 class=\"wp-block-heading\"><strong>\u201cRusiya Bak\u0131n\u0131 \u00f6z orbitin\u0259 \u00e7\u0259km\u0259k ist\u0259yir\u201d<\/strong><\/h2>\n\n\n\n<p>Az\u0259rbaycana g\u0259linc\u0259, Rusiya Bak\u0131n\u0131 \u00f6z orbitin\u0259 \u00e7\u0259km\u0259k ist\u0259yir, Az\u0259rbaycan d\u00f6vl\u0259tinin strateql\u0259ri is\u0259 bunun perspektivin \u00fcr\u0259ka\u00e7an olmayaca\u011f\u0131n\u0131 d\u0259rk edir, ancaq Moskvan\u0131n q\u0259z\u0259binin artmamas\u0131 \u00fc\u00e7\u00fcn el\u0259 siyas\u0259t y\u00fcr\u00fcd\u00fcr ki, bu, Q\u0259rbin d\u0259, Kremlin d\u0259 maraqlar\u0131n\u0131 t\u0259min edir.<\/p>\n\n\n\n<p>C\u0259nubi Qafqazda postm\u00fcharib\u0259 d\u00f6vr\u00fc olsa da, Az\u0259rbaycan\u0131n xarici siyas\u0259t konsepsiyas\u0131nda balansl\u0131l\u0131q prinsipi \u0259h\u0259miyy\u0259tli d\u0259r\u0259c\u0259d\u0259 pozulmay\u0131b.<\/p>\n\n\n\n<p>Moskvaya meylli m\u0259qamlar\u0131n olmas\u0131nda Q\u0259rbin d\u0259 rolu var, \u00e7\u00fcnki Qaraba\u011f m\u00fcharib\u0259sind\u0259 Britaniya istisna olmaqla Q\u0259rb t\u0259r\u0259find\u0259n Az\u0259rbaycana \u0259h\u0259miyy\u0259tli d\u0259st\u0259k g\u0259lm\u0259di, Bak\u0131 is\u0259 bunu \u0259vv\u0259ld\u0259n bildiyin\u0259 g\u00f6r\u0259, Ankara-Moskva tandemind\u0259n yararland\u0131.<\/p>\n\n\n\n<h2 class=\"wp-block-heading\"><strong>Az\u0259rbaycan T\u00fcrkiy\u0259 \u00fc\u00e7\u00fcn \u201cq\u0131rm\u0131z\u0131 cizgi\u201ddir<\/strong><\/h2>\n\n\n\n<p>T\u0259bii ki, Kremlin NATO il\u0259 ba\u011fl\u0131 x\u0259b\u0259rdarl\u0131qlar\u0131n\u0131n bir ucu da Az\u0259rbaycana toxunur, \u00e7\u00fcnki Az\u0259rbaycanla NATO \u0259m\u0259kda\u015fl\u0131\u011f\u0131 d\u0259rinl\u0259\u015fib.<\/p>\n\n\n\n<p>Az\u0259rbaycan h\u00f6kum\u0259ti haz\u0131rda \u00e7ox ehtiyatl\u0131 davran\u0131r. Bununla bel\u0259, h\u0259r hans\u0131 t\u0259cav\u00fcz v\u0259 ya t\u0259cav\u00fcz elementi il\u0259 \u00fczl\u0259\u015fdiyi halda T\u00fcrkiy\u0259 faktorunun m\u00f6vcudlu\u011fu bu t\u0259hdidi d\u0259f etm\u0259kd\u0259 b\u00f6y\u00fck rol oynay\u0131r.<\/p>\n\n\n\n<p>Bu m\u0259nada Rusiyan\u0131n Az\u0259rbaycana m\u00fcnasib\u0259tinin a\u00e7\u0131q hiss\u0259sind\u0259 h\u0259r hans\u0131 t\u0259hdidin s\u0259sl\u0259nm\u0259m\u0259si T\u00fcrkiy\u0259 amili il\u0259 ba\u011fl\u0131d\u0131r, 2021-ci ilin iyununda imzalanan \u015eu\u015fa B\u0259yannam\u0259si is\u0259 vaxt\u0131nda g\u00f6r\u00fcl\u0259n preventiv t\u0259dbirl\u0259rin t\u0259rkib hiss\u0259si idi.<\/p>\n\n\n\n<p>\u015eu\u015fa B\u0259yannam\u0259si 2010-cu ild\u0259 imzalanan m\u00fcqavil\u0259nin davam\u0131d\u0131r, postm\u00fcharib\u0259 d\u00f6vr\u00fc \u00fc\u00e7\u00fcn yeni al\u0259tl\u0259r yaradan s\u0259n\u0259ddir.<\/p>\n\n\n\n<p>\u00dcst\u0259g\u0259l, Az\u0259rbaycan v\u0259 T\u00fcrkiy\u0259nin birg\u0259 t\u0259liml\u0259ri ke\u00e7irilir, Az\u0259rbaycan h\u0259r ke\u00e7\u0259n g\u00fcn ordu g\u00fcc\u00fcn\u00fc art\u0131r\u0131r.<\/p>\n\n\n\n<blockquote class=\"wp-block-quote is-style-jam-news-2 is-layout-flow wp-block-quote-is-layout-flow\"><p>Kremld\u0259 qapal\u0131 qap\u0131lar arxas\u0131nda Az\u0259rbaycanla ba\u011fl\u0131 planlar ola bil\u0259r, amma bu variant ke\u00e7\u0259rli deyil, \u00e7\u00fcnki Rusiya T\u00fcrkiy\u0259 il\u0259 d\u0259 m\u00fcnasib\u0259tl\u0259ri korlamaq ist\u0259m\u0259z. \u00c7\u00fcnki Az\u0259rbaycan T\u00fcrkiy\u0259 \u00fc\u00e7\u00fcn d\u0259 q\u0131rm\u0131z\u0131 cizgidir.<\/p><\/blockquote>\n\n\n\n<p>Rusiyan\u0131n \u0259lind\u0259 olan \u0259n b\u00f6y\u00fck al\u0259tl\u0259rd\u0259n biri Az\u0259rbaycan \u0259razil\u0259rind\u0259 yerl\u0259\u015fdirilmi\u015f s\u00fclhm\u0259raml\u0131lard\u0131r, bu m\u0259s\u0259l\u0259y\u0259 m\u00fcnasib\u0259td\u0259 is\u0259 Ankaradan Bak\u0131ya \u0259h\u0259miyy\u0259tli d\u0259st\u0259k g\u00f6rm\u00fcr\u00fck.<\/p>\n\n\n\n<p>Bununla bel\u0259, bir \u0259minlik var ki, Bak\u0131 Ankara il\u0259 birlikd\u0259 Rusiya s\u00fclhm\u0259raml\u0131lar\u0131n\u0131n \u00e7\u0131xar\u0131lmas\u0131na nail olmaq ist\u0259yir.<\/p>\n","protected":false},"excerpt":{"rendered":"<p>Rusiya postsovet m\u0259kan\u0131n\u0131 \u00f6z \u201cq\u0131rm\u0131z\u0131 cizgi\u201dsi adland\u0131r\u0131r. Az\u0259rbaycan is\u0259 NATO \u00fczv\u00fc olan T\u00fcrkiy\u0259 il\u0259 h\u0259rbi sah\u0259d\u0259 f\u0259all \u0259m\u0259kda\u015fl\u0131q edir<\/p>\n","protected":false},"author":3,"featured_media":57789,"comment_status":"closed","ping_status":"closed","sticky":false,"template":"","format":"standard","meta":{"_acf_changed":false,"footnotes":""},"categories":[17,4043,49,5,4,44],"tags":[],"formation":[],"post-author":[2888],"topic":[4952,4955,4957],"tooltip":[],"city":[6041],"class_list":["post-57792","post","type-post","status-publish","format-standard","has-post-thumbnail","hentry","category-azrbaycan","category-explainer","category-srh","category-siyast","category-rusiya","category-turkiy","post-author-jamnews","topic-azrbaycan","topic-rusiya","topic-turkiy","city-baki"],"acf":[],"yoast_head":"<!-- This site is optimized with the Yoast SEO plugin v24.1 - https:\/\/yoast.com\/wordpress\/plugins\/seo\/ -->\n<title>T\u00fcrkiy\u0259 v\u0259 Az\u0259rbaycan\u0131n h\u0259rbi ittifaq\u0131 Rusiyan\u0131n NATO-ya qar\u015f\u0131 t\u0259l\u0259bl\u0259rin\u0259 n\u0259 d\u0259r\u0259c\u0259d\u0259 uy\u011fundur? \u2013 Bak\u0131dan \u015f\u0259rh - JAMnews<\/title>\n<meta name=\"description\" content=\"Rusiya postsovet m\u0259kan\u0131n\u0131 \u00f6z \u201cq\u0131rm\u0131z\u0131 cizgi\u201dsi adland\u0131r\u0131r. Az\u0259rbaycan is\u0259 NATO \u00fczv\u00fc olan T\u00fcrkiy\u0259 il\u0259 h\u0259rbi sah\u0259d\u0259 f\u0259all \u0259m\u0259kda\u015fl\u0131q edir\" \/>\n<meta name=\"robots\" content=\"index, follow, max-snippet:-1, max-image-preview:large, max-video-preview:-1\" \/>\n<link rel=\"canonical\" href=\"https:\/\/jam-news.net\/az\/turkiy\u0259-v\u0259-az\u0259rbaycanin-h\u0259rbi-ittifaqi-rusiyanin-nato-ya-qarsi-t\u0259l\u0259bl\u0259rin\u0259-n\u0259-d\u0259r\u0259c\u0259d\u0259-uygundur-bakidan-s\u0259rh\/\" \/>\n<meta property=\"og:locale\" content=\"az_AZ\" \/>\n<meta property=\"og:type\" content=\"article\" \/>\n<meta property=\"og:title\" content=\"T\u00fcrkiy\u0259 v\u0259 Az\u0259rbaycan\u0131n h\u0259rbi ittifaq\u0131 Rusiyan\u0131n NATO-ya qar\u015f\u0131 t\u0259l\u0259bl\u0259rin\u0259 n\u0259 d\u0259r\u0259c\u0259d\u0259 uy\u011fundur? \u2013 Bak\u0131dan \u015f\u0259rh - JAMnews\" \/>\n<meta property=\"og:description\" content=\"Rusiya postsovet m\u0259kan\u0131n\u0131 \u00f6z \u201cq\u0131rm\u0131z\u0131 cizgi\u201dsi adland\u0131r\u0131r. Az\u0259rbaycan is\u0259 NATO \u00fczv\u00fc olan T\u00fcrkiy\u0259 il\u0259 h\u0259rbi sah\u0259d\u0259 f\u0259all \u0259m\u0259kda\u015fl\u0131q edir\" \/>\n<meta property=\"og:url\" content=\"https:\/\/jam-news.net\/az\/turkiy\u0259-v\u0259-az\u0259rbaycanin-h\u0259rbi-ittifaqi-rusiyanin-nato-ya-qarsi-t\u0259l\u0259bl\u0259rin\u0259-n\u0259-d\u0259r\u0259c\u0259d\u0259-uygundur-bakidan-s\u0259rh\/\" \/>\n<meta property=\"og:site_name\" content=\"Azerbaijani Jamnews\" \/>\n<meta property=\"article:publisher\" content=\"https:\/\/www.facebook.com\/JAMnewsInEnglish\/\" \/>\n<meta property=\"article:published_time\" content=\"2022-01-11T18:30:25+00:00\" \/>\n<meta property=\"article:modified_time\" content=\"2022-01-20T15:14:53+00:00\" \/>\n<meta property=\"og:image\" content=\"https:\/\/jam-news.net\/app\/uploads\/2022\/01\/azturk.jpg\" \/>\n\t<meta property=\"og:image:width\" content=\"1000\" \/>\n\t<meta property=\"og:image:height\" content=\"566\" \/>\n\t<meta property=\"og:image:type\" content=\"image\/jpeg\" \/>\n<meta name=\"author\" content=\"JAMnews\" \/>\n<meta name=\"twitter:card\" content=\"summary_large_image\" \/>\n<meta name=\"twitter:creator\" content=\"@JAMnewsCaucasus\" \/>\n<meta name=\"twitter:site\" content=\"@JAMnewsCaucasus\" \/>\n<meta name=\"twitter:label1\" content=\"Written by\" \/>\n\t<meta name=\"twitter:data1\" content=\"JAMnews\" \/>\n\t<meta name=\"twitter:label2\" content=\"Est. reading time\" \/>\n\t<meta name=\"twitter:data2\" content=\"6 minutes\" \/>\n<script type=\"application\/ld+json\" class=\"yoast-schema-graph\">{\"@context\":\"https:\/\/schema.org\",\"@graph\":[{\"@type\":\"Article\",\"@id\":\"https:\/\/jam-news.net\/az\/turkiy%c9%99-v%c9%99-az%c9%99rbaycanin-h%c9%99rbi-ittifaqi-rusiyanin-nato-ya-qarsi-t%c9%99l%c9%99bl%c9%99rin%c9%99-n%c9%99-d%c9%99r%c9%99c%c9%99d%c9%99-uygundur-bakidan-s%c9%99rh\/#article\",\"isPartOf\":{\"@id\":\"https:\/\/jam-news.net\/az\/turkiy%c9%99-v%c9%99-az%c9%99rbaycanin-h%c9%99rbi-ittifaqi-rusiyanin-nato-ya-qarsi-t%c9%99l%c9%99bl%c9%99rin%c9%99-n%c9%99-d%c9%99r%c9%99c%c9%99d%c9%99-uygundur-bakidan-s%c9%99rh\/\"},\"author\":{\"name\":\"JAMnews\",\"@id\":\"https:\/\/jam-news.net\/az\/#\/schema\/person\/67df3bb7adb46cd513fb9c4cb02361c6\"},\"headline\":\"T\u00fcrkiy\u0259 v\u0259 Az\u0259rbaycan\u0131n h\u0259rbi ittifaq\u0131 Rusiyan\u0131n NATO-ya qar\u015f\u0131 t\u0259l\u0259bl\u0259rin\u0259 n\u0259 d\u0259r\u0259c\u0259d\u0259 uy\u011fundur? \u2013 Bak\u0131dan \u015f\u0259rh\",\"datePublished\":\"2022-01-11T18:30:25+00:00\",\"dateModified\":\"2022-01-20T15:14:53+00:00\",\"mainEntityOfPage\":{\"@id\":\"https:\/\/jam-news.net\/az\/turkiy%c9%99-v%c9%99-az%c9%99rbaycanin-h%c9%99rbi-ittifaqi-rusiyanin-nato-ya-qarsi-t%c9%99l%c9%99bl%c9%99rin%c9%99-n%c9%99-d%c9%99r%c9%99c%c9%99d%c9%99-uygundur-bakidan-s%c9%99rh\/\"},\"wordCount\":1144,\"publisher\":{\"@id\":\"https:\/\/jam-news.net\/az\/#organization\"},\"image\":{\"@id\":\"https:\/\/jam-news.net\/az\/turkiy%c9%99-v%c9%99-az%c9%99rbaycanin-h%c9%99rbi-ittifaqi-rusiyanin-nato-ya-qarsi-t%c9%99l%c9%99bl%c9%99rin%c9%99-n%c9%99-d%c9%99r%c9%99c%c9%99d%c9%99-uygundur-bakidan-s%c9%99rh\/#primaryimage\"},\"thumbnailUrl\":\"https:\/\/jam-news.net\/app\/uploads\/2022\/01\/azturk.jpg\",\"articleSection\":[\"Azerbaijan\",\"Explainer\",\"Opinion\",\"Politics\",\"Russia\",\"Turkey\"],\"inLanguage\":\"az\"},{\"@type\":\"WebPage\",\"@id\":\"https:\/\/jam-news.net\/az\/turkiy%c9%99-v%c9%99-az%c9%99rbaycanin-h%c9%99rbi-ittifaqi-rusiyanin-nato-ya-qarsi-t%c9%99l%c9%99bl%c9%99rin%c9%99-n%c9%99-d%c9%99r%c9%99c%c9%99d%c9%99-uygundur-bakidan-s%c9%99rh\/\",\"url\":\"https:\/\/jam-news.net\/az\/turkiy%c9%99-v%c9%99-az%c9%99rbaycanin-h%c9%99rbi-ittifaqi-rusiyanin-nato-ya-qarsi-t%c9%99l%c9%99bl%c9%99rin%c9%99-n%c9%99-d%c9%99r%c9%99c%c9%99d%c9%99-uygundur-bakidan-s%c9%99rh\/\",\"name\":\"T\u00fcrkiy\u0259 v\u0259 Az\u0259rbaycan\u0131n h\u0259rbi ittifaq\u0131 Rusiyan\u0131n NATO-ya qar\u015f\u0131 t\u0259l\u0259bl\u0259rin\u0259 n\u0259 d\u0259r\u0259c\u0259d\u0259 uy\u011fundur? \u2013 Bak\u0131dan \u015f\u0259rh - JAMnews\",\"isPartOf\":{\"@id\":\"https:\/\/jam-news.net\/az\/#website\"},\"primaryImageOfPage\":{\"@id\":\"https:\/\/jam-news.net\/az\/turkiy%c9%99-v%c9%99-az%c9%99rbaycanin-h%c9%99rbi-ittifaqi-rusiyanin-nato-ya-qarsi-t%c9%99l%c9%99bl%c9%99rin%c9%99-n%c9%99-d%c9%99r%c9%99c%c9%99d%c9%99-uygundur-bakidan-s%c9%99rh\/#primaryimage\"},\"image\":{\"@id\":\"https:\/\/jam-news.net\/az\/turkiy%c9%99-v%c9%99-az%c9%99rbaycanin-h%c9%99rbi-ittifaqi-rusiyanin-nato-ya-qarsi-t%c9%99l%c9%99bl%c9%99rin%c9%99-n%c9%99-d%c9%99r%c9%99c%c9%99d%c9%99-uygundur-bakidan-s%c9%99rh\/#primaryimage\"},\"thumbnailUrl\":\"https:\/\/jam-news.net\/app\/uploads\/2022\/01\/azturk.jpg\",\"datePublished\":\"2022-01-11T18:30:25+00:00\",\"dateModified\":\"2022-01-20T15:14:53+00:00\",\"description\":\"Rusiya postsovet m\u0259kan\u0131n\u0131 \u00f6z \u201cq\u0131rm\u0131z\u0131 cizgi\u201dsi adland\u0131r\u0131r. Az\u0259rbaycan is\u0259 NATO \u00fczv\u00fc olan T\u00fcrkiy\u0259 il\u0259 h\u0259rbi sah\u0259d\u0259 f\u0259all \u0259m\u0259kda\u015fl\u0131q edir\",\"breadcrumb\":{\"@id\":\"https:\/\/jam-news.net\/az\/turkiy%c9%99-v%c9%99-az%c9%99rbaycanin-h%c9%99rbi-ittifaqi-rusiyanin-nato-ya-qarsi-t%c9%99l%c9%99bl%c9%99rin%c9%99-n%c9%99-d%c9%99r%c9%99c%c9%99d%c9%99-uygundur-bakidan-s%c9%99rh\/#breadcrumb\"},\"inLanguage\":\"az\",\"potentialAction\":[{\"@type\":\"ReadAction\",\"target\":[\"https:\/\/jam-news.net\/az\/turkiy%c9%99-v%c9%99-az%c9%99rbaycanin-h%c9%99rbi-ittifaqi-rusiyanin-nato-ya-qarsi-t%c9%99l%c9%99bl%c9%99rin%c9%99-n%c9%99-d%c9%99r%c9%99c%c9%99d%c9%99-uygundur-bakidan-s%c9%99rh\/\"]}]},{\"@type\":\"ImageObject\",\"inLanguage\":\"az\",\"@id\":\"https:\/\/jam-news.net\/az\/turkiy%c9%99-v%c9%99-az%c9%99rbaycanin-h%c9%99rbi-ittifaqi-rusiyanin-nato-ya-qarsi-t%c9%99l%c9%99bl%c9%99rin%c9%99-n%c9%99-d%c9%99r%c9%99c%c9%99d%c9%99-uygundur-bakidan-s%c9%99rh\/#primaryimage\",\"url\":\"https:\/\/jam-news.net\/app\/uploads\/2022\/01\/azturk.jpg\",\"contentUrl\":\"https:\/\/jam-news.net\/app\/uploads\/2022\/01\/azturk.jpg\",\"width\":1000,\"height\":566},{\"@type\":\"BreadcrumbList\",\"@id\":\"https:\/\/jam-news.net\/az\/turkiy%c9%99-v%c9%99-az%c9%99rbaycanin-h%c9%99rbi-ittifaqi-rusiyanin-nato-ya-qarsi-t%c9%99l%c9%99bl%c9%99rin%c9%99-n%c9%99-d%c9%99r%c9%99c%c9%99d%c9%99-uygundur-bakidan-s%c9%99rh\/#breadcrumb\",\"itemListElement\":[{\"@type\":\"ListItem\",\"position\":1,\"name\":\"Home\",\"item\":\"https:\/\/jam-news.net\/az\/\"},{\"@type\":\"ListItem\",\"position\":2,\"name\":\"T\u00fcrkiy\u0259 v\u0259 Az\u0259rbaycan\u0131n h\u0259rbi ittifaq\u0131 Rusiyan\u0131n NATO-ya qar\u015f\u0131 t\u0259l\u0259bl\u0259rin\u0259 n\u0259 d\u0259r\u0259c\u0259d\u0259 uy\u011fundur? \u2013 Bak\u0131dan \u015f\u0259rh\"}]},{\"@type\":\"WebSite\",\"@id\":\"https:\/\/jam-news.net\/az\/#website\",\"url\":\"https:\/\/jam-news.net\/az\/\",\"name\":\"Azerbaijani Jamnews\",\"description\":\"Caucasus News, Politics and Society\",\"publisher\":{\"@id\":\"https:\/\/jam-news.net\/az\/#organization\"},\"potentialAction\":[{\"@type\":\"SearchAction\",\"target\":{\"@type\":\"EntryPoint\",\"urlTemplate\":\"https:\/\/jam-news.net\/az\/?s={search_term_string}\"},\"query-input\":{\"@type\":\"PropertyValueSpecification\",\"valueRequired\":true,\"valueName\":\"search_term_string\"}}],\"inLanguage\":\"az\"},{\"@type\":\"Organization\",\"@id\":\"https:\/\/jam-news.net\/az\/#organization\",\"name\":\"JAMnews\",\"url\":\"https:\/\/jam-news.net\/az\/\",\"logo\":{\"@type\":\"ImageObject\",\"inLanguage\":\"az\",\"@id\":\"https:\/\/jam-news.net\/az\/#\/schema\/logo\/image\/\",\"url\":\"https:\/\/jam-news.net\/app\/uploads\/2020\/05\/JAM_w.jpg\",\"contentUrl\":\"https:\/\/jam-news.net\/app\/uploads\/2020\/05\/JAM_w.jpg\",\"width\":960,\"height\":960,\"caption\":\"JAMnews\"},\"image\":{\"@id\":\"https:\/\/jam-news.net\/az\/#\/schema\/logo\/image\/\"},\"sameAs\":[\"https:\/\/www.facebook.com\/JAMnewsInEnglish\/\",\"https:\/\/x.com\/JAMnewsCaucasus\",\"https:\/\/www.instagram.com\/jam_news\/\",\"https:\/\/www.youtube.com\/channel\/UCXQbUCme2pykuZYXWHx4VPg\"]},{\"@type\":\"Person\",\"@id\":\"https:\/\/jam-news.net\/az\/#\/schema\/person\/67df3bb7adb46cd513fb9c4cb02361c6\",\"name\":\"JAMnews\",\"image\":{\"@type\":\"ImageObject\",\"inLanguage\":\"az\",\"@id\":\"https:\/\/jam-news.net\/az\/#\/schema\/person\/image\/\",\"url\":\"https:\/\/secure.gravatar.com\/avatar\/e5c27593ef900c3ab3deed4ed1c653d7?s=96&d=mm&r=g\",\"contentUrl\":\"https:\/\/secure.gravatar.com\/avatar\/e5c27593ef900c3ab3deed4ed1c653d7?s=96&d=mm&r=g\",\"caption\":\"JAMnews\"},\"url\":\"https:\/\/jam-news.net\/az\/author\/margarita\/\"}]}<\/script>\n<!-- \/ Yoast SEO plugin. -->","yoast_head_json":{"title":"T\u00fcrkiy\u0259 v\u0259 Az\u0259rbaycan\u0131n h\u0259rbi ittifaq\u0131 Rusiyan\u0131n NATO-ya qar\u015f\u0131 t\u0259l\u0259bl\u0259rin\u0259 n\u0259 d\u0259r\u0259c\u0259d\u0259 uy\u011fundur? \u2013 Bak\u0131dan \u015f\u0259rh - JAMnews","description":"Rusiya postsovet m\u0259kan\u0131n\u0131 \u00f6z \u201cq\u0131rm\u0131z\u0131 cizgi\u201dsi adland\u0131r\u0131r. Az\u0259rbaycan is\u0259 NATO \u00fczv\u00fc olan T\u00fcrkiy\u0259 il\u0259 h\u0259rbi sah\u0259d\u0259 f\u0259all \u0259m\u0259kda\u015fl\u0131q edir","robots":{"index":"index","follow":"follow","max-snippet":"max-snippet:-1","max-image-preview":"max-image-preview:large","max-video-preview":"max-video-preview:-1"},"canonical":"https:\/\/jam-news.net\/az\/turkiy\u0259-v\u0259-az\u0259rbaycanin-h\u0259rbi-ittifaqi-rusiyanin-nato-ya-qarsi-t\u0259l\u0259bl\u0259rin\u0259-n\u0259-d\u0259r\u0259c\u0259d\u0259-uygundur-bakidan-s\u0259rh\/","og_locale":"az_AZ","og_type":"article","og_title":"T\u00fcrkiy\u0259 v\u0259 Az\u0259rbaycan\u0131n h\u0259rbi ittifaq\u0131 Rusiyan\u0131n NATO-ya qar\u015f\u0131 t\u0259l\u0259bl\u0259rin\u0259 n\u0259 d\u0259r\u0259c\u0259d\u0259 uy\u011fundur? \u2013 Bak\u0131dan \u015f\u0259rh - JAMnews","og_description":"Rusiya postsovet m\u0259kan\u0131n\u0131 \u00f6z \u201cq\u0131rm\u0131z\u0131 cizgi\u201dsi adland\u0131r\u0131r. Az\u0259rbaycan is\u0259 NATO \u00fczv\u00fc olan T\u00fcrkiy\u0259 il\u0259 h\u0259rbi sah\u0259d\u0259 f\u0259all \u0259m\u0259kda\u015fl\u0131q edir","og_url":"https:\/\/jam-news.net\/az\/turkiy\u0259-v\u0259-az\u0259rbaycanin-h\u0259rbi-ittifaqi-rusiyanin-nato-ya-qarsi-t\u0259l\u0259bl\u0259rin\u0259-n\u0259-d\u0259r\u0259c\u0259d\u0259-uygundur-bakidan-s\u0259rh\/","og_site_name":"Azerbaijani Jamnews","article_publisher":"https:\/\/www.facebook.com\/JAMnewsInEnglish\/","article_published_time":"2022-01-11T18:30:25+00:00","article_modified_time":"2022-01-20T15:14:53+00:00","og_image":[{"width":1000,"height":566,"url":"https:\/\/jam-news.net\/app\/uploads\/2022\/01\/azturk.jpg","type":"image\/jpeg"}],"author":"JAMnews","twitter_card":"summary_large_image","twitter_creator":"@JAMnewsCaucasus","twitter_site":"@JAMnewsCaucasus","twitter_misc":{"Written by":"JAMnews","Est. reading time":"6 minutes"},"schema":{"@context":"https:\/\/schema.org","@graph":[{"@type":"Article","@id":"https:\/\/jam-news.net\/az\/turkiy%c9%99-v%c9%99-az%c9%99rbaycanin-h%c9%99rbi-ittifaqi-rusiyanin-nato-ya-qarsi-t%c9%99l%c9%99bl%c9%99rin%c9%99-n%c9%99-d%c9%99r%c9%99c%c9%99d%c9%99-uygundur-bakidan-s%c9%99rh\/#article","isPartOf":{"@id":"https:\/\/jam-news.net\/az\/turkiy%c9%99-v%c9%99-az%c9%99rbaycanin-h%c9%99rbi-ittifaqi-rusiyanin-nato-ya-qarsi-t%c9%99l%c9%99bl%c9%99rin%c9%99-n%c9%99-d%c9%99r%c9%99c%c9%99d%c9%99-uygundur-bakidan-s%c9%99rh\/"},"author":{"name":"JAMnews","@id":"https:\/\/jam-news.net\/az\/#\/schema\/person\/67df3bb7adb46cd513fb9c4cb02361c6"},"headline":"T\u00fcrkiy\u0259 v\u0259 Az\u0259rbaycan\u0131n h\u0259rbi ittifaq\u0131 Rusiyan\u0131n NATO-ya qar\u015f\u0131 t\u0259l\u0259bl\u0259rin\u0259 n\u0259 d\u0259r\u0259c\u0259d\u0259 uy\u011fundur? \u2013 Bak\u0131dan \u015f\u0259rh","datePublished":"2022-01-11T18:30:25+00:00","dateModified":"2022-01-20T15:14:53+00:00","mainEntityOfPage":{"@id":"https:\/\/jam-news.net\/az\/turkiy%c9%99-v%c9%99-az%c9%99rbaycanin-h%c9%99rbi-ittifaqi-rusiyanin-nato-ya-qarsi-t%c9%99l%c9%99bl%c9%99rin%c9%99-n%c9%99-d%c9%99r%c9%99c%c9%99d%c9%99-uygundur-bakidan-s%c9%99rh\/"},"wordCount":1144,"publisher":{"@id":"https:\/\/jam-news.net\/az\/#organization"},"image":{"@id":"https:\/\/jam-news.net\/az\/turkiy%c9%99-v%c9%99-az%c9%99rbaycanin-h%c9%99rbi-ittifaqi-rusiyanin-nato-ya-qarsi-t%c9%99l%c9%99bl%c9%99rin%c9%99-n%c9%99-d%c9%99r%c9%99c%c9%99d%c9%99-uygundur-bakidan-s%c9%99rh\/#primaryimage"},"thumbnailUrl":"https:\/\/jam-news.net\/app\/uploads\/2022\/01\/azturk.jpg","articleSection":["Azerbaijan","Explainer","Opinion","Politics","Russia","Turkey"],"inLanguage":"az"},{"@type":"WebPage","@id":"https:\/\/jam-news.net\/az\/turkiy%c9%99-v%c9%99-az%c9%99rbaycanin-h%c9%99rbi-ittifaqi-rusiyanin-nato-ya-qarsi-t%c9%99l%c9%99bl%c9%99rin%c9%99-n%c9%99-d%c9%99r%c9%99c%c9%99d%c9%99-uygundur-bakidan-s%c9%99rh\/","url":"https:\/\/jam-news.net\/az\/turkiy%c9%99-v%c9%99-az%c9%99rbaycanin-h%c9%99rbi-ittifaqi-rusiyanin-nato-ya-qarsi-t%c9%99l%c9%99bl%c9%99rin%c9%99-n%c9%99-d%c9%99r%c9%99c%c9%99d%c9%99-uygundur-bakidan-s%c9%99rh\/","name":"T\u00fcrkiy\u0259 v\u0259 Az\u0259rbaycan\u0131n h\u0259rbi ittifaq\u0131 Rusiyan\u0131n NATO-ya qar\u015f\u0131 t\u0259l\u0259bl\u0259rin\u0259 n\u0259 d\u0259r\u0259c\u0259d\u0259 uy\u011fundur? \u2013 Bak\u0131dan \u015f\u0259rh - JAMnews","isPartOf":{"@id":"https:\/\/jam-news.net\/az\/#website"},"primaryImageOfPage":{"@id":"https:\/\/jam-news.net\/az\/turkiy%c9%99-v%c9%99-az%c9%99rbaycanin-h%c9%99rbi-ittifaqi-rusiyanin-nato-ya-qarsi-t%c9%99l%c9%99bl%c9%99rin%c9%99-n%c9%99-d%c9%99r%c9%99c%c9%99d%c9%99-uygundur-bakidan-s%c9%99rh\/#primaryimage"},"image":{"@id":"https:\/\/jam-news.net\/az\/turkiy%c9%99-v%c9%99-az%c9%99rbaycanin-h%c9%99rbi-ittifaqi-rusiyanin-nato-ya-qarsi-t%c9%99l%c9%99bl%c9%99rin%c9%99-n%c9%99-d%c9%99r%c9%99c%c9%99d%c9%99-uygundur-bakidan-s%c9%99rh\/#primaryimage"},"thumbnailUrl":"https:\/\/jam-news.net\/app\/uploads\/2022\/01\/azturk.jpg","datePublished":"2022-01-11T18:30:25+00:00","dateModified":"2022-01-20T15:14:53+00:00","description":"Rusiya postsovet m\u0259kan\u0131n\u0131 \u00f6z \u201cq\u0131rm\u0131z\u0131 cizgi\u201dsi adland\u0131r\u0131r. Az\u0259rbaycan is\u0259 NATO \u00fczv\u00fc olan T\u00fcrkiy\u0259 il\u0259 h\u0259rbi sah\u0259d\u0259 f\u0259all \u0259m\u0259kda\u015fl\u0131q edir","breadcrumb":{"@id":"https:\/\/jam-news.net\/az\/turkiy%c9%99-v%c9%99-az%c9%99rbaycanin-h%c9%99rbi-ittifaqi-rusiyanin-nato-ya-qarsi-t%c9%99l%c9%99bl%c9%99rin%c9%99-n%c9%99-d%c9%99r%c9%99c%c9%99d%c9%99-uygundur-bakidan-s%c9%99rh\/#breadcrumb"},"inLanguage":"az","potentialAction":[{"@type":"ReadAction","target":["https:\/\/jam-news.net\/az\/turkiy%c9%99-v%c9%99-az%c9%99rbaycanin-h%c9%99rbi-ittifaqi-rusiyanin-nato-ya-qarsi-t%c9%99l%c9%99bl%c9%99rin%c9%99-n%c9%99-d%c9%99r%c9%99c%c9%99d%c9%99-uygundur-bakidan-s%c9%99rh\/"]}]},{"@type":"ImageObject","inLanguage":"az","@id":"https:\/\/jam-news.net\/az\/turkiy%c9%99-v%c9%99-az%c9%99rbaycanin-h%c9%99rbi-ittifaqi-rusiyanin-nato-ya-qarsi-t%c9%99l%c9%99bl%c9%99rin%c9%99-n%c9%99-d%c9%99r%c9%99c%c9%99d%c9%99-uygundur-bakidan-s%c9%99rh\/#primaryimage","url":"https:\/\/jam-news.net\/app\/uploads\/2022\/01\/azturk.jpg","contentUrl":"https:\/\/jam-news.net\/app\/uploads\/2022\/01\/azturk.jpg","width":1000,"height":566},{"@type":"BreadcrumbList","@id":"https:\/\/jam-news.net\/az\/turkiy%c9%99-v%c9%99-az%c9%99rbaycanin-h%c9%99rbi-ittifaqi-rusiyanin-nato-ya-qarsi-t%c9%99l%c9%99bl%c9%99rin%c9%99-n%c9%99-d%c9%99r%c9%99c%c9%99d%c9%99-uygundur-bakidan-s%c9%99rh\/#breadcrumb","itemListElement":[{"@type":"ListItem","position":1,"name":"Home","item":"https:\/\/jam-news.net\/az\/"},{"@type":"ListItem","position":2,"name":"T\u00fcrkiy\u0259 v\u0259 Az\u0259rbaycan\u0131n h\u0259rbi ittifaq\u0131 Rusiyan\u0131n NATO-ya qar\u015f\u0131 t\u0259l\u0259bl\u0259rin\u0259 n\u0259 d\u0259r\u0259c\u0259d\u0259 uy\u011fundur? \u2013 Bak\u0131dan \u015f\u0259rh"}]},{"@type":"WebSite","@id":"https:\/\/jam-news.net\/az\/#website","url":"https:\/\/jam-news.net\/az\/","name":"Azerbaijani Jamnews","description":"Caucasus News, Politics and Society","publisher":{"@id":"https:\/\/jam-news.net\/az\/#organization"},"potentialAction":[{"@type":"SearchAction","target":{"@type":"EntryPoint","urlTemplate":"https:\/\/jam-news.net\/az\/?s={search_term_string}"},"query-input":{"@type":"PropertyValueSpecification","valueRequired":true,"valueName":"search_term_string"}}],"inLanguage":"az"},{"@type":"Organization","@id":"https:\/\/jam-news.net\/az\/#organization","name":"JAMnews","url":"https:\/\/jam-news.net\/az\/","logo":{"@type":"ImageObject","inLanguage":"az","@id":"https:\/\/jam-news.net\/az\/#\/schema\/logo\/image\/","url":"https:\/\/jam-news.net\/app\/uploads\/2020\/05\/JAM_w.jpg","contentUrl":"https:\/\/jam-news.net\/app\/uploads\/2020\/05\/JAM_w.jpg","width":960,"height":960,"caption":"JAMnews"},"image":{"@id":"https:\/\/jam-news.net\/az\/#\/schema\/logo\/image\/"},"sameAs":["https:\/\/www.facebook.com\/JAMnewsInEnglish\/","https:\/\/x.com\/JAMnewsCaucasus","https:\/\/www.instagram.com\/jam_news\/","https:\/\/www.youtube.com\/channel\/UCXQbUCme2pykuZYXWHx4VPg"]},{"@type":"Person","@id":"https:\/\/jam-news.net\/az\/#\/schema\/person\/67df3bb7adb46cd513fb9c4cb02361c6","name":"JAMnews","image":{"@type":"ImageObject","inLanguage":"az","@id":"https:\/\/jam-news.net\/az\/#\/schema\/person\/image\/","url":"https:\/\/secure.gravatar.com\/avatar\/e5c27593ef900c3ab3deed4ed1c653d7?s=96&d=mm&r=g","contentUrl":"https:\/\/secure.gravatar.com\/avatar\/e5c27593ef900c3ab3deed4ed1c653d7?s=96&d=mm&r=g","caption":"JAMnews"},"url":"https:\/\/jam-news.net\/az\/author\/margarita\/"}]}},"_links":{"self":[{"href":"https:\/\/jam-news.net\/az\/wp-json\/wp\/v2\/posts\/57792","targetHints":{"allow":["GET"]}}],"collection":[{"href":"https:\/\/jam-news.net\/az\/wp-json\/wp\/v2\/posts"}],"about":[{"href":"https:\/\/jam-news.net\/az\/wp-json\/wp\/v2\/types\/post"}],"author":[{"embeddable":true,"href":"https:\/\/jam-news.net\/az\/wp-json\/wp\/v2\/users\/3"}],"replies":[{"embeddable":true,"href":"https:\/\/jam-news.net\/az\/wp-json\/wp\/v2\/comments?post=57792"}],"version-history":[{"count":3,"href":"https:\/\/jam-news.net\/az\/wp-json\/wp\/v2\/posts\/57792\/revisions"}],"predecessor-version":[{"id":57943,"href":"https:\/\/jam-news.net\/az\/wp-json\/wp\/v2\/posts\/57792\/revisions\/57943"}],"wp:featuredmedia":[{"embeddable":true,"href":"https:\/\/jam-news.net\/az\/wp-json\/wp\/v2\/media\/57789"}],"wp:attachment":[{"href":"https:\/\/jam-news.net\/az\/wp-json\/wp\/v2\/media?parent=57792"}],"wp:term":[{"taxonomy":"category","embeddable":true,"href":"https:\/\/jam-news.net\/az\/wp-json\/wp\/v2\/categories?post=57792"},{"taxonomy":"post_tag","embeddable":true,"href":"https:\/\/jam-news.net\/az\/wp-json\/wp\/v2\/tags?post=57792"},{"taxonomy":"formation","embeddable":true,"href":"https:\/\/jam-news.net\/az\/wp-json\/wp\/v2\/formation?post=57792"},{"taxonomy":"post-author","embeddable":true,"href":"https:\/\/jam-news.net\/az\/wp-json\/wp\/v2\/post-author?post=57792"},{"taxonomy":"topic","embeddable":true,"href":"https:\/\/jam-news.net\/az\/wp-json\/wp\/v2\/topic?post=57792"},{"taxonomy":"tooltip","embeddable":true,"href":"https:\/\/jam-news.net\/az\/wp-json\/wp\/v2\/tooltip?post=57792"},{"taxonomy":"city","embeddable":true,"href":"https:\/\/jam-news.net\/az\/wp-json\/wp\/v2\/city?post=57792"}],"curies":[{"name":"wp","href":"https:\/\/api.w.org\/{rel}","templated":true}]}}