{"id":5465,"date":"2017-04-27T00:00:00","date_gmt":"2017-04-27T00:00:00","guid":{"rendered":"http:\/\/jam-news.net\/az\/avropa-ittifaqinin-erm%c9%99nistandaki-numay%c9%99nd%c9%99-hey%c9%99tinin-qrant-proqramlari-uzr%c9%99-%c9%99laq%c9%99l%c9%99ndiricisi-yerevanda-h%c9%99bs-edilib\/"},"modified":"2022-01-18T01:32:58","modified_gmt":"2022-01-17T21:32:58","slug":"avropa-ittifaqinin-erm%c9%99nistandaki-numay%c9%99nd%c9%99-hey%c9%99tinin-qrant-proqramlari-uzr%c9%99-%c9%99laq%c9%99l%c9%99ndiricisi-yerevanda-h%c9%99bs-edilib","status":"publish","type":"post","link":"https:\/\/jam-news.net\/az\/avropa-ittifaqinin-erm%c9%99nistandaki-numay%c9%99nd%c9%99-hey%c9%99tinin-qrant-proqramlari-uzr%c9%99-%c9%99laq%c9%99l%c9%99ndiricisi-yerevanda-h%c9%99bs-edilib\/","title":{"rendered":"Avropa \u0130ttifaq\u0131n\u0131n Erm\u0259nistandak\u0131 n\u00fcmay\u0259nd\u0259 hey\u0259tinin qrant proqramlar\u0131 \u00fczr\u0259 \u0259laq\u0259l\u0259ndiricisi Yerevanda h\u0259bs edilib"},"content":{"rendered":"<p align=\"justify\"><span style=\"color: #000000;\"><span style=\"font-family: 'Times New Roman', serif;\"><span style=\"font-size: large;\"><span lang=\"az-Latn-AZ\">Avropa \u0130ttifaq\u0131n\u0131n Erm\u0259nistandak\u0131 n\u00fcmay\u0259nd\u0259 hey\u0259tinin qrant proqramlar\u0131 \u00fczr\u0259 \u0259laq\u0259l\u0259ndiricisi Marine Papyan x\u00fcsusil\u0259 b\u00f6y\u00fck miqdarda maliyy\u0259 v\u0259saitinin m\u0259nims\u0259m\u0259si \u015f\u00fcbh\u0259sil\u0259 saxlan\u0131l\u0131b. <\/span><\/span><\/span><\/span><\/p>\n<p><span style=\"color: #000000;\"><span style=\"font-family: 'Times New Roman', serif;\"><span style=\"font-size: large;\"><span lang=\"az-Latn-AZ\">\u0130stintaq Komit\u0259sinin m\u0259lumat\u0131na g\u00f6r\u0259, Marine Papyan bu v\u0259saitl\u0259ri Avropa \u0130ttifaq\u0131n\u0131n Erm\u0259nistana ay\u0131rd\u0131\u011f\u0131 qrantlardan m\u0259nims\u0259yib. <\/span><\/span><\/span><\/span><\/p>\n<p><span style=\"color: #000000;\"><span style=\"font-family: 'Times New Roman', serif;\"><span style=\"font-size: large;\"><span lang=\"az-Latn-AZ\">\u0130stintaq m\u0259lumatlar\u0131na g\u00f6r\u0259, ad\u0131 a\u00e7\u0131qlanmayan ictimai t\u0259\u015fkilat 2008-ci ild\u0259 A\u0130 N\u00fcmay\u0259nd\u0259 Hey\u0259tinin qrant m\u00fcsabiq\u0259sind\u0259 i\u015ftirak edib. M\u00fcsabiq\u0259 n\u0259tic\u0259l\u0259rin\u0259 \u0259sas\u0259n bir ne\u00e7\u0259 illik qrant m\u00fcqavil\u0259si imzalan\u0131b. T\u0259\u015fkilat\u0131n hesab\u0131na pul k\u00f6\u00e7\u00fcr\u00fcl\u00fcb, amma t\u0259\u015fkilat \u00f6z \u00f6hd\u0259likl\u0259rini yerin\u0259 yetirm\u0259yib. T\u0259\u015fkilat\u0131n s\u0259dri m\u0259nims\u0259m\u0259d\u0259 ittiham olunur. M\u0259nims\u0259nil\u0259n v\u0259saitin h\u0259cmi 67,335 milyon dram (t\u0259xmin\u0259n 135 min avro) h\u0259cmind\u0259 d\u0259y\u0259rl\u0259ndirilir, &#8211; bu g\u00fcn News.am n\u0259\u015fri yaz\u0131b.<\/span><\/span><\/span><\/span><\/p>\n<p><span style=\"color: #000000;\"><span style=\"font-family: 'Times New Roman', serif;\"><span style=\"font-size: large;\"><span lang=\"az-Latn-AZ\">\u0130stintaq orqanlar\u0131 qeyd edir ki, t\u0259\u015fkilat x\u0259rcl\u0259rin \u0259sasl\u0131 olmas\u0131 haqda saxta s\u0259n\u0259dl\u0259r haz\u0131rlayaraq A\u0130-\u0259 t\u0259qdim edib. \u0130ctimai t\u0259\u015fkilat\u0131n r\u0259hb\u0259rin\u0259 qar\u015f\u0131 Erm\u0259nistan Cinay\u0259t M\u0259c\u0259ll\u0259sinin 178-ci madd\u0259sinin 3-c\u00fc hiss\u0259sinin 1-ci b\u0259ndi (d\u0259l\u0259duzluq, x\u00fcsusil\u0259 b\u00f6y\u00fck h\u0259cmd\u0259) v\u0259 325-ci madd\u0259sinin 2-ci hiss\u0259si (s\u0259n\u0259dl\u0259rin, \u015ftamplar\u0131n, m\u00f6h\u00fcrl\u0259rin, blanklar\u0131n, d\u00f6vl\u0259t n\u00f6mr\u0259 ni\u015fanlar\u0131n\u0131n saxtala\u015fd\u0131r\u0131lmas\u0131, sat\u0131lmas\u0131 v\u0259 ya istifad\u0259si, \u0259vv\u0259lc\u0259d\u0259n \u0259lbir olmaqla bir qrup \u015f\u0259xs t\u0259r\u0259find\u0259n t\u00f6r\u0259dildikd\u0259) \u00fczr\u0259 ittiham ir\u0259li s\u00fcr\u00fcl\u00fcb. Bu g\u00fcn \u201cNovosti-Armeniya\u201d n\u0259\u015frinin yayd\u0131\u011f\u0131 m\u0259lumata g\u00f6r\u0259, ziyan\u0131n \u0259v\u0259zi art\u0131q \u00f6d\u0259nilib.<\/span><\/span><\/span><\/span><\/p>\n<p><span style=\"color: #000000;\"><span style=\"font-family: 'Times New Roman', serif;\"><span style=\"font-size: large;\"><span lang=\"az-Latn-AZ\">Papyan aprelin 26-da saxlan\u0131l\u0131b. Qald\u0131r\u0131lm\u0131\u015f cinay\u0259t i\u015fi \u00e7\u0259r\u00e7iv\u0259sind\u0259 daha 13 n\u0259f\u0259r ittiham olunur, onlardan \u00fc\u00e7\u00fc haqq\u0131nda axtar\u0131\u015f elan olunub. Onlar da Avropa \u0130ttifaq\u0131n\u0131n Erm\u0259nistandak\u0131 N\u00fcmay\u0259nd\u0259 Hey\u0259tinin qrant \u00fc\u00e7\u00fcn ay\u0131rd\u0131\u011f\u0131 v\u0259saiti m\u0259nims\u0259m\u0259kd\u0259, m\u0259nims\u0259m\u0259d\u0259 \u0259lbir olmaqda, s\u0259n\u0259dl\u0259ri saxtala\u015fd\u0131rmaqda g\u00fcnahland\u0131r\u0131l\u0131rlar.<\/span><\/span><\/span><\/span><\/p>\n","protected":false},"excerpt":{"rendered":"<p>Cinay\u0259t i\u015fi \u00e7\u0259r\u00e7iv\u0259sind\u0259 daha 13 n\u0259f\u0259r ittiham edilir<\/p>\n","protected":false},"author":8,"featured_media":19907,"comment_status":"open","ping_status":"open","sticky":false,"template":"","format":"standard","meta":{"_acf_changed":false,"footnotes":""},"categories":[27,2,50],"tags":[213,33],"formation":[],"post-author":[2888],"topic":[],"tooltip":[],"city":[6054],"class_list":["post-5465","post","type-post","status-publish","format-standard","has-post-thumbnail","hentry","category-ermnistan","category-cografiya","category-xbrlr","tag-cinayt","tag-ermnistan","post-author-jamnews","city-yerevan"],"acf":[],"yoast_head":"<!-- This site is optimized with the Yoast SEO plugin v24.1 - https:\/\/yoast.com\/wordpress\/plugins\/seo\/ -->\n<title>Avropa \u0130ttifaq\u0131n\u0131n Erm\u0259nistandak\u0131 n\u00fcmay\u0259nd\u0259 hey\u0259tinin qrant proqramlar\u0131 \u00fczr\u0259 \u0259laq\u0259l\u0259ndiricisi Yerevanda h\u0259bs edilib - JAMnews<\/title>\n<meta name=\"robots\" content=\"index, follow, max-snippet:-1, max-image-preview:large, max-video-preview:-1\" \/>\n<link rel=\"canonical\" href=\"https:\/\/jam-news.net\/az\/avropa-ittifaqinin-erm\u0259nistandaki-numay\u0259nd\u0259-hey\u0259tinin-qrant-proqramlari-uzr\u0259-\u0259laq\u0259l\u0259ndiricisi-yerevanda-h\u0259bs-edilib\/\" \/>\n<meta property=\"og:locale\" content=\"az_AZ\" \/>\n<meta property=\"og:type\" content=\"article\" \/>\n<meta property=\"og:title\" content=\"Avropa \u0130ttifaq\u0131n\u0131n Erm\u0259nistandak\u0131 n\u00fcmay\u0259nd\u0259 hey\u0259tinin qrant proqramlar\u0131 \u00fczr\u0259 \u0259laq\u0259l\u0259ndiricisi Yerevanda h\u0259bs edilib - JAMnews\" \/>\n<meta property=\"og:description\" content=\"Cinay\u0259t i\u015fi \u00e7\u0259r\u00e7iv\u0259sind\u0259 daha 13 n\u0259f\u0259r ittiham edilir\" \/>\n<meta property=\"og:url\" content=\"https:\/\/jam-news.net\/az\/avropa-ittifaqinin-erm\u0259nistandaki-numay\u0259nd\u0259-hey\u0259tinin-qrant-proqramlari-uzr\u0259-\u0259laq\u0259l\u0259ndiricisi-yerevanda-h\u0259bs-edilib\/\" \/>\n<meta property=\"og:site_name\" content=\"Azerbaijani Jamnews\" \/>\n<meta property=\"article:publisher\" content=\"https:\/\/www.facebook.com\/JAMnewsInEnglish\/\" \/>\n<meta property=\"article:published_time\" content=\"2017-04-27T00:00:00+00:00\" \/>\n<meta property=\"article:modified_time\" content=\"2022-01-17T21:32:58+00:00\" \/>\n<meta property=\"og:image\" content=\"https:\/\/jam-news.net\/app\/uploads\/2020\/03\/f5901bf4cc6cfd_5901bf4cc6d3a.thumb_-4.jpg\" \/>\n\t<meta property=\"og:image:width\" content=\"545\" \/>\n\t<meta property=\"og:image:height\" content=\"361\" \/>\n\t<meta property=\"og:image:type\" content=\"image\/jpeg\" \/>\n<meta name=\"author\" content=\"Naira Martikian\" \/>\n<meta name=\"twitter:card\" content=\"summary_large_image\" \/>\n<meta name=\"twitter:creator\" content=\"@JAMnewsCaucasus\" \/>\n<meta name=\"twitter:site\" content=\"@JAMnewsCaucasus\" \/>\n<meta name=\"twitter:label1\" content=\"Written by\" \/>\n\t<meta name=\"twitter:data1\" content=\"Naira Martikian\" \/>\n\t<meta name=\"twitter:label2\" content=\"Est. reading time\" \/>\n\t<meta name=\"twitter:data2\" content=\"2 minutes\" \/>\n<script type=\"application\/ld+json\" class=\"yoast-schema-graph\">{\"@context\":\"https:\/\/schema.org\",\"@graph\":[{\"@type\":\"Article\",\"@id\":\"https:\/\/jam-news.net\/az\/avropa-ittifaqinin-erm%c9%99nistandaki-numay%c9%99nd%c9%99-hey%c9%99tinin-qrant-proqramlari-uzr%c9%99-%c9%99laq%c9%99l%c9%99ndiricisi-yerevanda-h%c9%99bs-edilib\/#article\",\"isPartOf\":{\"@id\":\"https:\/\/jam-news.net\/az\/avropa-ittifaqinin-erm%c9%99nistandaki-numay%c9%99nd%c9%99-hey%c9%99tinin-qrant-proqramlari-uzr%c9%99-%c9%99laq%c9%99l%c9%99ndiricisi-yerevanda-h%c9%99bs-edilib\/\"},\"author\":{\"name\":\"Naira Martikian\",\"@id\":\"https:\/\/jam-news.net\/az\/#\/schema\/person\/e82f374df8fce3377c56e285e5c11387\"},\"headline\":\"Avropa \u0130ttifaq\u0131n\u0131n Erm\u0259nistandak\u0131 n\u00fcmay\u0259nd\u0259 hey\u0259tinin qrant proqramlar\u0131 \u00fczr\u0259 \u0259laq\u0259l\u0259ndiricisi Yerevanda h\u0259bs edilib\",\"datePublished\":\"2017-04-27T00:00:00+00:00\",\"dateModified\":\"2022-01-17T21:32:58+00:00\",\"mainEntityOfPage\":{\"@id\":\"https:\/\/jam-news.net\/az\/avropa-ittifaqinin-erm%c9%99nistandaki-numay%c9%99nd%c9%99-hey%c9%99tinin-qrant-proqramlari-uzr%c9%99-%c9%99laq%c9%99l%c9%99ndiricisi-yerevanda-h%c9%99bs-edilib\/\"},\"wordCount\":400,\"commentCount\":0,\"publisher\":{\"@id\":\"https:\/\/jam-news.net\/az\/#organization\"},\"image\":{\"@id\":\"https:\/\/jam-news.net\/az\/avropa-ittifaqinin-erm%c9%99nistandaki-numay%c9%99nd%c9%99-hey%c9%99tinin-qrant-proqramlari-uzr%c9%99-%c9%99laq%c9%99l%c9%99ndiricisi-yerevanda-h%c9%99bs-edilib\/#primaryimage\"},\"thumbnailUrl\":\"https:\/\/jam-news.net\/app\/uploads\/2020\/03\/f5901bf4cc6cfd_5901bf4cc6d3a.thumb_-4.jpg\",\"keywords\":[\"cinay\u0259t\",\"Erm\u0259nistan\"],\"articleSection\":[\"Armenia\",\"Geography\",\"News\"],\"inLanguage\":\"az\"},{\"@type\":\"WebPage\",\"@id\":\"https:\/\/jam-news.net\/az\/avropa-ittifaqinin-erm%c9%99nistandaki-numay%c9%99nd%c9%99-hey%c9%99tinin-qrant-proqramlari-uzr%c9%99-%c9%99laq%c9%99l%c9%99ndiricisi-yerevanda-h%c9%99bs-edilib\/\",\"url\":\"https:\/\/jam-news.net\/az\/avropa-ittifaqinin-erm%c9%99nistandaki-numay%c9%99nd%c9%99-hey%c9%99tinin-qrant-proqramlari-uzr%c9%99-%c9%99laq%c9%99l%c9%99ndiricisi-yerevanda-h%c9%99bs-edilib\/\",\"name\":\"Avropa \u0130ttifaq\u0131n\u0131n Erm\u0259nistandak\u0131 n\u00fcmay\u0259nd\u0259 hey\u0259tinin qrant proqramlar\u0131 \u00fczr\u0259 \u0259laq\u0259l\u0259ndiricisi Yerevanda h\u0259bs edilib - JAMnews\",\"isPartOf\":{\"@id\":\"https:\/\/jam-news.net\/az\/#website\"},\"primaryImageOfPage\":{\"@id\":\"https:\/\/jam-news.net\/az\/avropa-ittifaqinin-erm%c9%99nistandaki-numay%c9%99nd%c9%99-hey%c9%99tinin-qrant-proqramlari-uzr%c9%99-%c9%99laq%c9%99l%c9%99ndiricisi-yerevanda-h%c9%99bs-edilib\/#primaryimage\"},\"image\":{\"@id\":\"https:\/\/jam-news.net\/az\/avropa-ittifaqinin-erm%c9%99nistandaki-numay%c9%99nd%c9%99-hey%c9%99tinin-qrant-proqramlari-uzr%c9%99-%c9%99laq%c9%99l%c9%99ndiricisi-yerevanda-h%c9%99bs-edilib\/#primaryimage\"},\"thumbnailUrl\":\"https:\/\/jam-news.net\/app\/uploads\/2020\/03\/f5901bf4cc6cfd_5901bf4cc6d3a.thumb_-4.jpg\",\"datePublished\":\"2017-04-27T00:00:00+00:00\",\"dateModified\":\"2022-01-17T21:32:58+00:00\",\"breadcrumb\":{\"@id\":\"https:\/\/jam-news.net\/az\/avropa-ittifaqinin-erm%c9%99nistandaki-numay%c9%99nd%c9%99-hey%c9%99tinin-qrant-proqramlari-uzr%c9%99-%c9%99laq%c9%99l%c9%99ndiricisi-yerevanda-h%c9%99bs-edilib\/#breadcrumb\"},\"inLanguage\":\"az\",\"potentialAction\":[{\"@type\":\"ReadAction\",\"target\":[\"https:\/\/jam-news.net\/az\/avropa-ittifaqinin-erm%c9%99nistandaki-numay%c9%99nd%c9%99-hey%c9%99tinin-qrant-proqramlari-uzr%c9%99-%c9%99laq%c9%99l%c9%99ndiricisi-yerevanda-h%c9%99bs-edilib\/\"]}]},{\"@type\":\"ImageObject\",\"inLanguage\":\"az\",\"@id\":\"https:\/\/jam-news.net\/az\/avropa-ittifaqinin-erm%c9%99nistandaki-numay%c9%99nd%c9%99-hey%c9%99tinin-qrant-proqramlari-uzr%c9%99-%c9%99laq%c9%99l%c9%99ndiricisi-yerevanda-h%c9%99bs-edilib\/#primaryimage\",\"url\":\"https:\/\/jam-news.net\/app\/uploads\/2020\/03\/f5901bf4cc6cfd_5901bf4cc6d3a.thumb_-4.jpg\",\"contentUrl\":\"https:\/\/jam-news.net\/app\/uploads\/2020\/03\/f5901bf4cc6cfd_5901bf4cc6d3a.thumb_-4.jpg\",\"width\":545,\"height\":361},{\"@type\":\"BreadcrumbList\",\"@id\":\"https:\/\/jam-news.net\/az\/avropa-ittifaqinin-erm%c9%99nistandaki-numay%c9%99nd%c9%99-hey%c9%99tinin-qrant-proqramlari-uzr%c9%99-%c9%99laq%c9%99l%c9%99ndiricisi-yerevanda-h%c9%99bs-edilib\/#breadcrumb\",\"itemListElement\":[{\"@type\":\"ListItem\",\"position\":1,\"name\":\"Home\",\"item\":\"https:\/\/jam-news.net\/az\/\"},{\"@type\":\"ListItem\",\"position\":2,\"name\":\"Avropa \u0130ttifaq\u0131n\u0131n Erm\u0259nistandak\u0131 n\u00fcmay\u0259nd\u0259 hey\u0259tinin qrant proqramlar\u0131 \u00fczr\u0259 \u0259laq\u0259l\u0259ndiricisi Yerevanda h\u0259bs edilib\"}]},{\"@type\":\"WebSite\",\"@id\":\"https:\/\/jam-news.net\/az\/#website\",\"url\":\"https:\/\/jam-news.net\/az\/\",\"name\":\"Azerbaijani Jamnews\",\"description\":\"Caucasus News, Politics and Society\",\"publisher\":{\"@id\":\"https:\/\/jam-news.net\/az\/#organization\"},\"potentialAction\":[{\"@type\":\"SearchAction\",\"target\":{\"@type\":\"EntryPoint\",\"urlTemplate\":\"https:\/\/jam-news.net\/az\/?s={search_term_string}\"},\"query-input\":{\"@type\":\"PropertyValueSpecification\",\"valueRequired\":true,\"valueName\":\"search_term_string\"}}],\"inLanguage\":\"az\"},{\"@type\":\"Organization\",\"@id\":\"https:\/\/jam-news.net\/az\/#organization\",\"name\":\"JAMnews\",\"url\":\"https:\/\/jam-news.net\/az\/\",\"logo\":{\"@type\":\"ImageObject\",\"inLanguage\":\"az\",\"@id\":\"https:\/\/jam-news.net\/az\/#\/schema\/logo\/image\/\",\"url\":\"https:\/\/jam-news.net\/app\/uploads\/2020\/05\/JAM_w.jpg\",\"contentUrl\":\"https:\/\/jam-news.net\/app\/uploads\/2020\/05\/JAM_w.jpg\",\"width\":960,\"height\":960,\"caption\":\"JAMnews\"},\"image\":{\"@id\":\"https:\/\/jam-news.net\/az\/#\/schema\/logo\/image\/\"},\"sameAs\":[\"https:\/\/www.facebook.com\/JAMnewsInEnglish\/\",\"https:\/\/x.com\/JAMnewsCaucasus\",\"https:\/\/www.instagram.com\/jam_news\/\",\"https:\/\/www.youtube.com\/channel\/UCXQbUCme2pykuZYXWHx4VPg\"]},{\"@type\":\"Person\",\"@id\":\"https:\/\/jam-news.net\/az\/#\/schema\/person\/e82f374df8fce3377c56e285e5c11387\",\"name\":\"Naira Martikian\",\"image\":{\"@type\":\"ImageObject\",\"inLanguage\":\"az\",\"@id\":\"https:\/\/jam-news.net\/az\/#\/schema\/person\/image\/\",\"url\":\"https:\/\/secure.gravatar.com\/avatar\/0696bcd343e46256c029b752a654bade?s=96&d=mm&r=g\",\"contentUrl\":\"https:\/\/secure.gravatar.com\/avatar\/0696bcd343e46256c029b752a654bade?s=96&d=mm&r=g\",\"caption\":\"Naira Martikian\"},\"url\":\"https:\/\/jam-news.net\/az\/author\/nairama\/\"}]}<\/script>\n<!-- \/ Yoast SEO plugin. -->","yoast_head_json":{"title":"Avropa \u0130ttifaq\u0131n\u0131n Erm\u0259nistandak\u0131 n\u00fcmay\u0259nd\u0259 hey\u0259tinin qrant proqramlar\u0131 \u00fczr\u0259 \u0259laq\u0259l\u0259ndiricisi Yerevanda h\u0259bs edilib - JAMnews","robots":{"index":"index","follow":"follow","max-snippet":"max-snippet:-1","max-image-preview":"max-image-preview:large","max-video-preview":"max-video-preview:-1"},"canonical":"https:\/\/jam-news.net\/az\/avropa-ittifaqinin-erm\u0259nistandaki-numay\u0259nd\u0259-hey\u0259tinin-qrant-proqramlari-uzr\u0259-\u0259laq\u0259l\u0259ndiricisi-yerevanda-h\u0259bs-edilib\/","og_locale":"az_AZ","og_type":"article","og_title":"Avropa \u0130ttifaq\u0131n\u0131n Erm\u0259nistandak\u0131 n\u00fcmay\u0259nd\u0259 hey\u0259tinin qrant proqramlar\u0131 \u00fczr\u0259 \u0259laq\u0259l\u0259ndiricisi Yerevanda h\u0259bs edilib - JAMnews","og_description":"Cinay\u0259t i\u015fi \u00e7\u0259r\u00e7iv\u0259sind\u0259 daha 13 n\u0259f\u0259r ittiham edilir","og_url":"https:\/\/jam-news.net\/az\/avropa-ittifaqinin-erm\u0259nistandaki-numay\u0259nd\u0259-hey\u0259tinin-qrant-proqramlari-uzr\u0259-\u0259laq\u0259l\u0259ndiricisi-yerevanda-h\u0259bs-edilib\/","og_site_name":"Azerbaijani Jamnews","article_publisher":"https:\/\/www.facebook.com\/JAMnewsInEnglish\/","article_published_time":"2017-04-27T00:00:00+00:00","article_modified_time":"2022-01-17T21:32:58+00:00","og_image":[{"width":545,"height":361,"url":"https:\/\/jam-news.net\/app\/uploads\/2020\/03\/f5901bf4cc6cfd_5901bf4cc6d3a.thumb_-4.jpg","type":"image\/jpeg"}],"author":"Naira Martikian","twitter_card":"summary_large_image","twitter_creator":"@JAMnewsCaucasus","twitter_site":"@JAMnewsCaucasus","twitter_misc":{"Written by":"Naira Martikian","Est. reading time":"2 minutes"},"schema":{"@context":"https:\/\/schema.org","@graph":[{"@type":"Article","@id":"https:\/\/jam-news.net\/az\/avropa-ittifaqinin-erm%c9%99nistandaki-numay%c9%99nd%c9%99-hey%c9%99tinin-qrant-proqramlari-uzr%c9%99-%c9%99laq%c9%99l%c9%99ndiricisi-yerevanda-h%c9%99bs-edilib\/#article","isPartOf":{"@id":"https:\/\/jam-news.net\/az\/avropa-ittifaqinin-erm%c9%99nistandaki-numay%c9%99nd%c9%99-hey%c9%99tinin-qrant-proqramlari-uzr%c9%99-%c9%99laq%c9%99l%c9%99ndiricisi-yerevanda-h%c9%99bs-edilib\/"},"author":{"name":"Naira Martikian","@id":"https:\/\/jam-news.net\/az\/#\/schema\/person\/e82f374df8fce3377c56e285e5c11387"},"headline":"Avropa \u0130ttifaq\u0131n\u0131n Erm\u0259nistandak\u0131 n\u00fcmay\u0259nd\u0259 hey\u0259tinin qrant proqramlar\u0131 \u00fczr\u0259 \u0259laq\u0259l\u0259ndiricisi Yerevanda h\u0259bs edilib","datePublished":"2017-04-27T00:00:00+00:00","dateModified":"2022-01-17T21:32:58+00:00","mainEntityOfPage":{"@id":"https:\/\/jam-news.net\/az\/avropa-ittifaqinin-erm%c9%99nistandaki-numay%c9%99nd%c9%99-hey%c9%99tinin-qrant-proqramlari-uzr%c9%99-%c9%99laq%c9%99l%c9%99ndiricisi-yerevanda-h%c9%99bs-edilib\/"},"wordCount":400,"commentCount":0,"publisher":{"@id":"https:\/\/jam-news.net\/az\/#organization"},"image":{"@id":"https:\/\/jam-news.net\/az\/avropa-ittifaqinin-erm%c9%99nistandaki-numay%c9%99nd%c9%99-hey%c9%99tinin-qrant-proqramlari-uzr%c9%99-%c9%99laq%c9%99l%c9%99ndiricisi-yerevanda-h%c9%99bs-edilib\/#primaryimage"},"thumbnailUrl":"https:\/\/jam-news.net\/app\/uploads\/2020\/03\/f5901bf4cc6cfd_5901bf4cc6d3a.thumb_-4.jpg","keywords":["cinay\u0259t","Erm\u0259nistan"],"articleSection":["Armenia","Geography","News"],"inLanguage":"az"},{"@type":"WebPage","@id":"https:\/\/jam-news.net\/az\/avropa-ittifaqinin-erm%c9%99nistandaki-numay%c9%99nd%c9%99-hey%c9%99tinin-qrant-proqramlari-uzr%c9%99-%c9%99laq%c9%99l%c9%99ndiricisi-yerevanda-h%c9%99bs-edilib\/","url":"https:\/\/jam-news.net\/az\/avropa-ittifaqinin-erm%c9%99nistandaki-numay%c9%99nd%c9%99-hey%c9%99tinin-qrant-proqramlari-uzr%c9%99-%c9%99laq%c9%99l%c9%99ndiricisi-yerevanda-h%c9%99bs-edilib\/","name":"Avropa \u0130ttifaq\u0131n\u0131n Erm\u0259nistandak\u0131 n\u00fcmay\u0259nd\u0259 hey\u0259tinin qrant proqramlar\u0131 \u00fczr\u0259 \u0259laq\u0259l\u0259ndiricisi Yerevanda h\u0259bs edilib - JAMnews","isPartOf":{"@id":"https:\/\/jam-news.net\/az\/#website"},"primaryImageOfPage":{"@id":"https:\/\/jam-news.net\/az\/avropa-ittifaqinin-erm%c9%99nistandaki-numay%c9%99nd%c9%99-hey%c9%99tinin-qrant-proqramlari-uzr%c9%99-%c9%99laq%c9%99l%c9%99ndiricisi-yerevanda-h%c9%99bs-edilib\/#primaryimage"},"image":{"@id":"https:\/\/jam-news.net\/az\/avropa-ittifaqinin-erm%c9%99nistandaki-numay%c9%99nd%c9%99-hey%c9%99tinin-qrant-proqramlari-uzr%c9%99-%c9%99laq%c9%99l%c9%99ndiricisi-yerevanda-h%c9%99bs-edilib\/#primaryimage"},"thumbnailUrl":"https:\/\/jam-news.net\/app\/uploads\/2020\/03\/f5901bf4cc6cfd_5901bf4cc6d3a.thumb_-4.jpg","datePublished":"2017-04-27T00:00:00+00:00","dateModified":"2022-01-17T21:32:58+00:00","breadcrumb":{"@id":"https:\/\/jam-news.net\/az\/avropa-ittifaqinin-erm%c9%99nistandaki-numay%c9%99nd%c9%99-hey%c9%99tinin-qrant-proqramlari-uzr%c9%99-%c9%99laq%c9%99l%c9%99ndiricisi-yerevanda-h%c9%99bs-edilib\/#breadcrumb"},"inLanguage":"az","potentialAction":[{"@type":"ReadAction","target":["https:\/\/jam-news.net\/az\/avropa-ittifaqinin-erm%c9%99nistandaki-numay%c9%99nd%c9%99-hey%c9%99tinin-qrant-proqramlari-uzr%c9%99-%c9%99laq%c9%99l%c9%99ndiricisi-yerevanda-h%c9%99bs-edilib\/"]}]},{"@type":"ImageObject","inLanguage":"az","@id":"https:\/\/jam-news.net\/az\/avropa-ittifaqinin-erm%c9%99nistandaki-numay%c9%99nd%c9%99-hey%c9%99tinin-qrant-proqramlari-uzr%c9%99-%c9%99laq%c9%99l%c9%99ndiricisi-yerevanda-h%c9%99bs-edilib\/#primaryimage","url":"https:\/\/jam-news.net\/app\/uploads\/2020\/03\/f5901bf4cc6cfd_5901bf4cc6d3a.thumb_-4.jpg","contentUrl":"https:\/\/jam-news.net\/app\/uploads\/2020\/03\/f5901bf4cc6cfd_5901bf4cc6d3a.thumb_-4.jpg","width":545,"height":361},{"@type":"BreadcrumbList","@id":"https:\/\/jam-news.net\/az\/avropa-ittifaqinin-erm%c9%99nistandaki-numay%c9%99nd%c9%99-hey%c9%99tinin-qrant-proqramlari-uzr%c9%99-%c9%99laq%c9%99l%c9%99ndiricisi-yerevanda-h%c9%99bs-edilib\/#breadcrumb","itemListElement":[{"@type":"ListItem","position":1,"name":"Home","item":"https:\/\/jam-news.net\/az\/"},{"@type":"ListItem","position":2,"name":"Avropa \u0130ttifaq\u0131n\u0131n Erm\u0259nistandak\u0131 n\u00fcmay\u0259nd\u0259 hey\u0259tinin qrant proqramlar\u0131 \u00fczr\u0259 \u0259laq\u0259l\u0259ndiricisi Yerevanda h\u0259bs edilib"}]},{"@type":"WebSite","@id":"https:\/\/jam-news.net\/az\/#website","url":"https:\/\/jam-news.net\/az\/","name":"Azerbaijani Jamnews","description":"Caucasus News, Politics and Society","publisher":{"@id":"https:\/\/jam-news.net\/az\/#organization"},"potentialAction":[{"@type":"SearchAction","target":{"@type":"EntryPoint","urlTemplate":"https:\/\/jam-news.net\/az\/?s={search_term_string}"},"query-input":{"@type":"PropertyValueSpecification","valueRequired":true,"valueName":"search_term_string"}}],"inLanguage":"az"},{"@type":"Organization","@id":"https:\/\/jam-news.net\/az\/#organization","name":"JAMnews","url":"https:\/\/jam-news.net\/az\/","logo":{"@type":"ImageObject","inLanguage":"az","@id":"https:\/\/jam-news.net\/az\/#\/schema\/logo\/image\/","url":"https:\/\/jam-news.net\/app\/uploads\/2020\/05\/JAM_w.jpg","contentUrl":"https:\/\/jam-news.net\/app\/uploads\/2020\/05\/JAM_w.jpg","width":960,"height":960,"caption":"JAMnews"},"image":{"@id":"https:\/\/jam-news.net\/az\/#\/schema\/logo\/image\/"},"sameAs":["https:\/\/www.facebook.com\/JAMnewsInEnglish\/","https:\/\/x.com\/JAMnewsCaucasus","https:\/\/www.instagram.com\/jam_news\/","https:\/\/www.youtube.com\/channel\/UCXQbUCme2pykuZYXWHx4VPg"]},{"@type":"Person","@id":"https:\/\/jam-news.net\/az\/#\/schema\/person\/e82f374df8fce3377c56e285e5c11387","name":"Naira Martikian","image":{"@type":"ImageObject","inLanguage":"az","@id":"https:\/\/jam-news.net\/az\/#\/schema\/person\/image\/","url":"https:\/\/secure.gravatar.com\/avatar\/0696bcd343e46256c029b752a654bade?s=96&d=mm&r=g","contentUrl":"https:\/\/secure.gravatar.com\/avatar\/0696bcd343e46256c029b752a654bade?s=96&d=mm&r=g","caption":"Naira Martikian"},"url":"https:\/\/jam-news.net\/az\/author\/nairama\/"}]}},"_links":{"self":[{"href":"https:\/\/jam-news.net\/az\/wp-json\/wp\/v2\/posts\/5465","targetHints":{"allow":["GET"]}}],"collection":[{"href":"https:\/\/jam-news.net\/az\/wp-json\/wp\/v2\/posts"}],"about":[{"href":"https:\/\/jam-news.net\/az\/wp-json\/wp\/v2\/types\/post"}],"author":[{"embeddable":true,"href":"https:\/\/jam-news.net\/az\/wp-json\/wp\/v2\/users\/8"}],"replies":[{"embeddable":true,"href":"https:\/\/jam-news.net\/az\/wp-json\/wp\/v2\/comments?post=5465"}],"version-history":[{"count":1,"href":"https:\/\/jam-news.net\/az\/wp-json\/wp\/v2\/posts\/5465\/revisions"}],"predecessor-version":[{"id":15658,"href":"https:\/\/jam-news.net\/az\/wp-json\/wp\/v2\/posts\/5465\/revisions\/15658"}],"wp:featuredmedia":[{"embeddable":true,"href":"https:\/\/jam-news.net\/az\/wp-json\/wp\/v2\/media\/19907"}],"wp:attachment":[{"href":"https:\/\/jam-news.net\/az\/wp-json\/wp\/v2\/media?parent=5465"}],"wp:term":[{"taxonomy":"category","embeddable":true,"href":"https:\/\/jam-news.net\/az\/wp-json\/wp\/v2\/categories?post=5465"},{"taxonomy":"post_tag","embeddable":true,"href":"https:\/\/jam-news.net\/az\/wp-json\/wp\/v2\/tags?post=5465"},{"taxonomy":"formation","embeddable":true,"href":"https:\/\/jam-news.net\/az\/wp-json\/wp\/v2\/formation?post=5465"},{"taxonomy":"post-author","embeddable":true,"href":"https:\/\/jam-news.net\/az\/wp-json\/wp\/v2\/post-author?post=5465"},{"taxonomy":"topic","embeddable":true,"href":"https:\/\/jam-news.net\/az\/wp-json\/wp\/v2\/topic?post=5465"},{"taxonomy":"tooltip","embeddable":true,"href":"https:\/\/jam-news.net\/az\/wp-json\/wp\/v2\/tooltip?post=5465"},{"taxonomy":"city","embeddable":true,"href":"https:\/\/jam-news.net\/az\/wp-json\/wp\/v2\/city?post=5465"}],"curies":[{"name":"wp","href":"https:\/\/api.w.org\/{rel}","templated":true}]}}