{"id":5456,"date":"2017-04-26T00:00:00","date_gmt":"2017-04-25T20:00:00","guid":{"rendered":"http:\/\/jam-news.net\/az\/abs-inkisaf-etm%c9%99kd%c9%99-olan-olk%c9%99l%c9%99r%c9%99-o-cuml%c9%99d%c9%99n-d%c9%99-qafqaza-yardimi-k%c9%99skin-s%c9%99kild%c9%99-azaltmaq-niyy%c9%99tind%c9%99dir\/"},"modified":"2021-02-09T14:26:04","modified_gmt":"2021-02-09T10:26:04","slug":"abs-inkisaf-etm%c9%99kd%c9%99-olan-olk%c9%99l%c9%99r%c9%99-o-cuml%c9%99d%c9%99n-d%c9%99-qafqaza-yardimi-k%c9%99skin-s%c9%99kild%c9%99-azaltmaq-niyy%c9%99tind%c9%99dir","status":"publish","type":"post","link":"https:\/\/jam-news.net\/az\/abs-inkisaf-etm%c9%99kd%c9%99-olan-olk%c9%99l%c9%99r%c9%99-o-cuml%c9%99d%c9%99n-d%c9%99-qafqaza-yardimi-k%c9%99skin-s%c9%99kild%c9%99-azaltmaq-niyy%c9%99tind%c9%99dir\/","title":{"rendered":"AB\u015e inki\u015faf etm\u0259kd\u0259 olan \u00f6lk\u0259l\u0259r\u0259, o c\u00fcml\u0259d\u0259n d\u0259 Qafqaza yard\u0131m\u0131 k\u0259skin \u015f\u0259kild\u0259 azaltmaq niyy\u0259tind\u0259dir"},"content":{"rendered":"<p>AB\u015e prezidenti Donald Tramp\u0131n administrasiyas\u0131 2018-ci ild\u0259 inki\u015faf etm\u0259kd\u0259 olan \u00f6lk\u0259l\u0259r\u0259 yard\u0131m\u0131n h\u0259cmini k\u0259skin \u015f\u0259kild\u0259 azaltmaq v\u0259 h\u0259min yard\u0131m\u0131n g\u00f6st\u0259rilm\u0259siyl\u0259 m\u0259\u015f\u011ful olan USAID t\u0259\u015fkilat\u0131n\u0131 m\u00fcst\u0259qil bir qurum kimi l\u0259\u011fv etm\u0259k niyy\u0259tind\u0259dir.<\/p>\n<p>Buna ayr\u0131lan v\u0259saitin \u00fcmumi h\u0259cmini t\u0259xmin\u0259n \u00fc\u00e7d\u0259 biri q\u0259d\u0259r azaltmaq t\u0259klif olunur.<\/p>\n<p><a href=\"https:\/\/foreignpolicy.com\/2017\/04\/24\/u-s-agency-for-international-development-foreign-aid-state-department-trump-slash-foreign-funding\/\"><em><strong><span style=\"color: #000080;\">\u201cForeign Policy\u201d<\/span><\/strong><\/em><\/a> jurnal\u0131n\u0131n \u0259ld\u0259 etdiyi s\u0259n\u0259d\u0259 \u0259sas\u0259n, Qafqaz \u00f6lk\u0259l\u0259rin\u0259 yard\u0131m\u0131n azald\u0131lmas\u0131 a\u015fa\u011f\u0131dak\u0131 kimi olacaq:<\/p>\n<ul>\n<li><em><span style=\"color: #000000;\"><strong>Az\u0259rbaycan <\/strong><strong>\u2013 100 <\/strong><strong>faiz <\/strong><\/span><\/em><\/li>\n<li><em><span style=\"color: #000000;\"><strong>Erm\u0259nistan<\/strong><strong>\u2013 77,3 <\/strong><strong>faiz <\/strong><\/span><\/em><\/li>\n<li><em><span style=\"color: #000000;\"><strong>G\u00fcrc\u00fcstan<\/strong><strong>\u2013 41,1 <\/strong><strong>faiz<\/strong><strong>.<\/strong><\/span><\/em><\/li>\n<\/ul>\n<p><img loading=\"lazy\" decoding=\"async\" class=\"aligncenter wp-image-34729 size-full\" src=\"http:\/\/jam-news.net\/app\/uploads\/2017\/04\/Screen-Shot-2017-04-26-at-1.13.47-PM.png\" width=\"1040\" height=\"374\" \/><\/p>\n<p>Ukraynaya da yard\u0131m k\u0259skin \u015f\u0259kild\u0259 azald\u0131la bil\u0259r \u2013 69 faiz.<\/p>\n<p>Bir \u00e7ox amerikal\u0131 ekspert bu planlara \u00e7ox neqativ reaksiya verdi. Onlar\u0131n fikrinc\u0259, Tramp administrasiyas\u0131n\u0131n ideyalar\u0131 t\u0259kc\u0259 siyasi deyil, h\u0259m d\u0259 praktiki n\u00f6qteyi-n\u0259z\u0259rd\u0259n t\u0259hl\u00fck\u0259lidir. AB\u015e-\u0131n inki\u015faf etm\u0259kd\u0259 olan \u00f6lk\u0259l\u0259r\u0259 yard\u0131m\u0131na misal \u00fc\u00e7\u00fcn, epidemioloji x\u0259st\u0259lil\u0259rin qar\u015f\u0131s\u0131 al\u0131nmas\u0131 \u00fczr\u0259 proqramlar da daxiliydi.<\/p>\n<p>Siyasi n\u0259tic\u0259l\u0259r\u0259 g\u0259linc\u0259, onlar dramatik adland\u0131r\u0131l\u0131r.<\/p>\n<p>\u201cUzun ill\u0259r boyu biz Ukraynan\u0131 Avropaya inteqrasiya etm\u0259y\u0259 \u00e7a\u011f\u0131r\u0131rd\u0131q. \u0130ndi is\u0259 [yard\u0131m\u0131n k\u0259skin \u015f\u0259kild\u0259 azald\u0131lmas\u0131ndan sonra] \u00f6lk\u0259 Rusiya t\u0259r\u0259f\u0259 meyll\u0259ns\u0259, bu, AB\u015e-\u0131n milli maraqlar\u0131na zidd olacaq\u201d, &#8211; \u201cForeign Policy\u201d jurnal\u0131na AB\u015e-\u0131n Ukraynadak\u0131 ke\u00e7mi\u015f s\u0259firi Uilyam Teylor bildirib.<\/p>\n<p>\u0130st\u0259nil\u0259n halda prezident administrasiyas\u0131n\u0131n yeni plan\u0131n\u0131 realiz\u0259 etm\u0259k asan olmayacaq. Haz\u0131rda inki\u015faf etm\u0259kd\u0259 olan \u00f6lk\u0259l\u0259r\u0259 yard\u0131m\u0131n azald\u0131lmas\u0131 ideyas\u0131 AB\u015e Konqresind\u0259 h\u0259m demokratlar, h\u0259m d\u0259 respublika\u00e7\u0131lar aras\u0131nda neqativ reaksiyaya s\u0259b\u0259b olub, &#8211; \u201cForeign Policy\u201d yaz\u0131r.<\/p>\n","protected":false},"excerpt":{"rendered":"<p>USAID is\u0259 ola bilsin, \u00fcmumiyy\u0259tl\u0259 l\u0259\u011fv olunacaq<\/p>\n","protected":false},"author":3,"featured_media":19902,"comment_status":"closed","ping_status":"closed","sticky":false,"template":"","format":"standard","meta":{"_acf_changed":false,"footnotes":""},"categories":[27,17,8,2,3,50,5],"tags":[14],"formation":[],"post-author":[],"topic":[6202,4646],"tooltip":[],"city":[],"class_list":["post-5456","post","type-post","status-publish","format-standard","has-post-thumbnail","hentry","category-ermnistan","category-azrbaycan","category-dunyada-bas-vernlr","category-cografiya","category-gurcustan","category-xbrlr","category-siyast","tag-bas-shif","topic-azrbaycan-abs","topic-donald-tramp"],"acf":[],"yoast_head":"<!-- This site is optimized with the Yoast SEO plugin v24.1 - https:\/\/yoast.com\/wordpress\/plugins\/seo\/ -->\n<title>AB\u015e inki\u015faf etm\u0259kd\u0259 olan \u00f6lk\u0259l\u0259r\u0259, o c\u00fcml\u0259d\u0259n d\u0259 Qafqaza yard\u0131m\u0131 k\u0259skin \u015f\u0259kild\u0259 azaltmaq niyy\u0259tind\u0259dir - JAMnews<\/title>\n<meta name=\"robots\" content=\"index, follow, max-snippet:-1, max-image-preview:large, max-video-preview:-1\" \/>\n<link rel=\"canonical\" href=\"https:\/\/jam-news.net\/az\/abs-inkisaf-etm\u0259kd\u0259-olan-olk\u0259l\u0259r\u0259-o-cuml\u0259d\u0259n-d\u0259-qafqaza-yardimi-k\u0259skin-s\u0259kild\u0259-azaltmaq-niyy\u0259tind\u0259dir\/\" \/>\n<meta property=\"og:locale\" content=\"az_AZ\" \/>\n<meta property=\"og:type\" content=\"article\" \/>\n<meta property=\"og:title\" content=\"AB\u015e inki\u015faf etm\u0259kd\u0259 olan \u00f6lk\u0259l\u0259r\u0259, o c\u00fcml\u0259d\u0259n d\u0259 Qafqaza yard\u0131m\u0131 k\u0259skin \u015f\u0259kild\u0259 azaltmaq niyy\u0259tind\u0259dir - JAMnews\" \/>\n<meta property=\"og:description\" content=\"USAID is\u0259 ola bilsin, \u00fcmumiyy\u0259tl\u0259 l\u0259\u011fv olunacaq\" \/>\n<meta property=\"og:url\" content=\"https:\/\/jam-news.net\/az\/abs-inkisaf-etm\u0259kd\u0259-olan-olk\u0259l\u0259r\u0259-o-cuml\u0259d\u0259n-d\u0259-qafqaza-yardimi-k\u0259skin-s\u0259kild\u0259-azaltmaq-niyy\u0259tind\u0259dir\/\" \/>\n<meta property=\"og:site_name\" content=\"Azerbaijani Jamnews\" \/>\n<meta property=\"article:publisher\" content=\"https:\/\/www.facebook.com\/JAMnewsInEnglish\/\" \/>\n<meta property=\"article:published_time\" content=\"2017-04-25T20:00:00+00:00\" \/>\n<meta property=\"article:modified_time\" content=\"2021-02-09T10:26:04+00:00\" \/>\n<meta property=\"og:image\" content=\"https:\/\/jam-news.net\/app\/uploads\/2020\/03\/1014596919.jpg\" \/>\n\t<meta property=\"og:image:width\" content=\"1200\" \/>\n\t<meta property=\"og:image:height\" content=\"649\" \/>\n\t<meta property=\"og:image:type\" content=\"image\/jpeg\" \/>\n<meta name=\"author\" content=\"JAMnews\" \/>\n<meta name=\"twitter:card\" content=\"summary_large_image\" \/>\n<meta name=\"twitter:creator\" content=\"@JAMnewsCaucasus\" \/>\n<meta name=\"twitter:site\" content=\"@JAMnewsCaucasus\" \/>\n<meta name=\"twitter:label1\" content=\"Written by\" \/>\n\t<meta name=\"twitter:data1\" content=\"JAMnews\" \/>\n\t<meta name=\"twitter:label2\" content=\"Est. reading time\" \/>\n\t<meta name=\"twitter:data2\" content=\"2 minutes\" \/>\n<script type=\"application\/ld+json\" class=\"yoast-schema-graph\">{\"@context\":\"https:\/\/schema.org\",\"@graph\":[{\"@type\":\"Article\",\"@id\":\"https:\/\/jam-news.net\/az\/abs-inkisaf-etm%c9%99kd%c9%99-olan-olk%c9%99l%c9%99r%c9%99-o-cuml%c9%99d%c9%99n-d%c9%99-qafqaza-yardimi-k%c9%99skin-s%c9%99kild%c9%99-azaltmaq-niyy%c9%99tind%c9%99dir\/#article\",\"isPartOf\":{\"@id\":\"https:\/\/jam-news.net\/az\/abs-inkisaf-etm%c9%99kd%c9%99-olan-olk%c9%99l%c9%99r%c9%99-o-cuml%c9%99d%c9%99n-d%c9%99-qafqaza-yardimi-k%c9%99skin-s%c9%99kild%c9%99-azaltmaq-niyy%c9%99tind%c9%99dir\/\"},\"author\":{\"name\":\"JAMnews\",\"@id\":\"https:\/\/jam-news.net\/az\/#\/schema\/person\/67df3bb7adb46cd513fb9c4cb02361c6\"},\"headline\":\"AB\u015e inki\u015faf etm\u0259kd\u0259 olan \u00f6lk\u0259l\u0259r\u0259, o c\u00fcml\u0259d\u0259n d\u0259 Qafqaza yard\u0131m\u0131 k\u0259skin \u015f\u0259kild\u0259 azaltmaq niyy\u0259tind\u0259dir\",\"datePublished\":\"2017-04-25T20:00:00+00:00\",\"dateModified\":\"2021-02-09T10:26:04+00:00\",\"mainEntityOfPage\":{\"@id\":\"https:\/\/jam-news.net\/az\/abs-inkisaf-etm%c9%99kd%c9%99-olan-olk%c9%99l%c9%99r%c9%99-o-cuml%c9%99d%c9%99n-d%c9%99-qafqaza-yardimi-k%c9%99skin-s%c9%99kild%c9%99-azaltmaq-niyy%c9%99tind%c9%99dir\/\"},\"wordCount\":338,\"publisher\":{\"@id\":\"https:\/\/jam-news.net\/az\/#organization\"},\"image\":{\"@id\":\"https:\/\/jam-news.net\/az\/abs-inkisaf-etm%c9%99kd%c9%99-olan-olk%c9%99l%c9%99r%c9%99-o-cuml%c9%99d%c9%99n-d%c9%99-qafqaza-yardimi-k%c9%99skin-s%c9%99kild%c9%99-azaltmaq-niyy%c9%99tind%c9%99dir\/#primaryimage\"},\"thumbnailUrl\":\"https:\/\/jam-news.net\/app\/uploads\/2020\/03\/1014596919.jpg\",\"keywords\":[\"Ba\u015f s\u0259hif\u0259\"],\"articleSection\":[\"Armenia\",\"Azerbaijan\",\"From far and near\",\"Geography\",\"Georgia\",\"News\",\"Politics\"],\"inLanguage\":\"az\"},{\"@type\":\"WebPage\",\"@id\":\"https:\/\/jam-news.net\/az\/abs-inkisaf-etm%c9%99kd%c9%99-olan-olk%c9%99l%c9%99r%c9%99-o-cuml%c9%99d%c9%99n-d%c9%99-qafqaza-yardimi-k%c9%99skin-s%c9%99kild%c9%99-azaltmaq-niyy%c9%99tind%c9%99dir\/\",\"url\":\"https:\/\/jam-news.net\/az\/abs-inkisaf-etm%c9%99kd%c9%99-olan-olk%c9%99l%c9%99r%c9%99-o-cuml%c9%99d%c9%99n-d%c9%99-qafqaza-yardimi-k%c9%99skin-s%c9%99kild%c9%99-azaltmaq-niyy%c9%99tind%c9%99dir\/\",\"name\":\"AB\u015e inki\u015faf etm\u0259kd\u0259 olan \u00f6lk\u0259l\u0259r\u0259, o c\u00fcml\u0259d\u0259n d\u0259 Qafqaza yard\u0131m\u0131 k\u0259skin \u015f\u0259kild\u0259 azaltmaq niyy\u0259tind\u0259dir - JAMnews\",\"isPartOf\":{\"@id\":\"https:\/\/jam-news.net\/az\/#website\"},\"primaryImageOfPage\":{\"@id\":\"https:\/\/jam-news.net\/az\/abs-inkisaf-etm%c9%99kd%c9%99-olan-olk%c9%99l%c9%99r%c9%99-o-cuml%c9%99d%c9%99n-d%c9%99-qafqaza-yardimi-k%c9%99skin-s%c9%99kild%c9%99-azaltmaq-niyy%c9%99tind%c9%99dir\/#primaryimage\"},\"image\":{\"@id\":\"https:\/\/jam-news.net\/az\/abs-inkisaf-etm%c9%99kd%c9%99-olan-olk%c9%99l%c9%99r%c9%99-o-cuml%c9%99d%c9%99n-d%c9%99-qafqaza-yardimi-k%c9%99skin-s%c9%99kild%c9%99-azaltmaq-niyy%c9%99tind%c9%99dir\/#primaryimage\"},\"thumbnailUrl\":\"https:\/\/jam-news.net\/app\/uploads\/2020\/03\/1014596919.jpg\",\"datePublished\":\"2017-04-25T20:00:00+00:00\",\"dateModified\":\"2021-02-09T10:26:04+00:00\",\"breadcrumb\":{\"@id\":\"https:\/\/jam-news.net\/az\/abs-inkisaf-etm%c9%99kd%c9%99-olan-olk%c9%99l%c9%99r%c9%99-o-cuml%c9%99d%c9%99n-d%c9%99-qafqaza-yardimi-k%c9%99skin-s%c9%99kild%c9%99-azaltmaq-niyy%c9%99tind%c9%99dir\/#breadcrumb\"},\"inLanguage\":\"az\",\"potentialAction\":[{\"@type\":\"ReadAction\",\"target\":[\"https:\/\/jam-news.net\/az\/abs-inkisaf-etm%c9%99kd%c9%99-olan-olk%c9%99l%c9%99r%c9%99-o-cuml%c9%99d%c9%99n-d%c9%99-qafqaza-yardimi-k%c9%99skin-s%c9%99kild%c9%99-azaltmaq-niyy%c9%99tind%c9%99dir\/\"]}]},{\"@type\":\"ImageObject\",\"inLanguage\":\"az\",\"@id\":\"https:\/\/jam-news.net\/az\/abs-inkisaf-etm%c9%99kd%c9%99-olan-olk%c9%99l%c9%99r%c9%99-o-cuml%c9%99d%c9%99n-d%c9%99-qafqaza-yardimi-k%c9%99skin-s%c9%99kild%c9%99-azaltmaq-niyy%c9%99tind%c9%99dir\/#primaryimage\",\"url\":\"https:\/\/jam-news.net\/app\/uploads\/2020\/03\/1014596919.jpg\",\"contentUrl\":\"https:\/\/jam-news.net\/app\/uploads\/2020\/03\/1014596919.jpg\",\"width\":1200,\"height\":649},{\"@type\":\"BreadcrumbList\",\"@id\":\"https:\/\/jam-news.net\/az\/abs-inkisaf-etm%c9%99kd%c9%99-olan-olk%c9%99l%c9%99r%c9%99-o-cuml%c9%99d%c9%99n-d%c9%99-qafqaza-yardimi-k%c9%99skin-s%c9%99kild%c9%99-azaltmaq-niyy%c9%99tind%c9%99dir\/#breadcrumb\",\"itemListElement\":[{\"@type\":\"ListItem\",\"position\":1,\"name\":\"Home\",\"item\":\"https:\/\/jam-news.net\/az\/\"},{\"@type\":\"ListItem\",\"position\":2,\"name\":\"AB\u015e inki\u015faf etm\u0259kd\u0259 olan \u00f6lk\u0259l\u0259r\u0259, o c\u00fcml\u0259d\u0259n d\u0259 Qafqaza yard\u0131m\u0131 k\u0259skin \u015f\u0259kild\u0259 azaltmaq niyy\u0259tind\u0259dir\"}]},{\"@type\":\"WebSite\",\"@id\":\"https:\/\/jam-news.net\/az\/#website\",\"url\":\"https:\/\/jam-news.net\/az\/\",\"name\":\"Azerbaijani Jamnews\",\"description\":\"Caucasus News, Politics and Society\",\"publisher\":{\"@id\":\"https:\/\/jam-news.net\/az\/#organization\"},\"potentialAction\":[{\"@type\":\"SearchAction\",\"target\":{\"@type\":\"EntryPoint\",\"urlTemplate\":\"https:\/\/jam-news.net\/az\/?s={search_term_string}\"},\"query-input\":{\"@type\":\"PropertyValueSpecification\",\"valueRequired\":true,\"valueName\":\"search_term_string\"}}],\"inLanguage\":\"az\"},{\"@type\":\"Organization\",\"@id\":\"https:\/\/jam-news.net\/az\/#organization\",\"name\":\"JAMnews\",\"url\":\"https:\/\/jam-news.net\/az\/\",\"logo\":{\"@type\":\"ImageObject\",\"inLanguage\":\"az\",\"@id\":\"https:\/\/jam-news.net\/az\/#\/schema\/logo\/image\/\",\"url\":\"https:\/\/jam-news.net\/app\/uploads\/2020\/05\/JAM_w.jpg\",\"contentUrl\":\"https:\/\/jam-news.net\/app\/uploads\/2020\/05\/JAM_w.jpg\",\"width\":960,\"height\":960,\"caption\":\"JAMnews\"},\"image\":{\"@id\":\"https:\/\/jam-news.net\/az\/#\/schema\/logo\/image\/\"},\"sameAs\":[\"https:\/\/www.facebook.com\/JAMnewsInEnglish\/\",\"https:\/\/x.com\/JAMnewsCaucasus\",\"https:\/\/www.instagram.com\/jam_news\/\",\"https:\/\/www.youtube.com\/channel\/UCXQbUCme2pykuZYXWHx4VPg\"]},{\"@type\":\"Person\",\"@id\":\"https:\/\/jam-news.net\/az\/#\/schema\/person\/67df3bb7adb46cd513fb9c4cb02361c6\",\"name\":\"JAMnews\",\"image\":{\"@type\":\"ImageObject\",\"inLanguage\":\"az\",\"@id\":\"https:\/\/jam-news.net\/az\/#\/schema\/person\/image\/\",\"url\":\"https:\/\/secure.gravatar.com\/avatar\/e5c27593ef900c3ab3deed4ed1c653d7?s=96&d=mm&r=g\",\"contentUrl\":\"https:\/\/secure.gravatar.com\/avatar\/e5c27593ef900c3ab3deed4ed1c653d7?s=96&d=mm&r=g\",\"caption\":\"JAMnews\"},\"url\":\"https:\/\/jam-news.net\/az\/author\/margarita\/\"}]}<\/script>\n<!-- \/ Yoast SEO plugin. -->","yoast_head_json":{"title":"AB\u015e inki\u015faf etm\u0259kd\u0259 olan \u00f6lk\u0259l\u0259r\u0259, o c\u00fcml\u0259d\u0259n d\u0259 Qafqaza yard\u0131m\u0131 k\u0259skin \u015f\u0259kild\u0259 azaltmaq niyy\u0259tind\u0259dir - JAMnews","robots":{"index":"index","follow":"follow","max-snippet":"max-snippet:-1","max-image-preview":"max-image-preview:large","max-video-preview":"max-video-preview:-1"},"canonical":"https:\/\/jam-news.net\/az\/abs-inkisaf-etm\u0259kd\u0259-olan-olk\u0259l\u0259r\u0259-o-cuml\u0259d\u0259n-d\u0259-qafqaza-yardimi-k\u0259skin-s\u0259kild\u0259-azaltmaq-niyy\u0259tind\u0259dir\/","og_locale":"az_AZ","og_type":"article","og_title":"AB\u015e inki\u015faf etm\u0259kd\u0259 olan \u00f6lk\u0259l\u0259r\u0259, o c\u00fcml\u0259d\u0259n d\u0259 Qafqaza yard\u0131m\u0131 k\u0259skin \u015f\u0259kild\u0259 azaltmaq niyy\u0259tind\u0259dir - JAMnews","og_description":"USAID is\u0259 ola bilsin, \u00fcmumiyy\u0259tl\u0259 l\u0259\u011fv olunacaq","og_url":"https:\/\/jam-news.net\/az\/abs-inkisaf-etm\u0259kd\u0259-olan-olk\u0259l\u0259r\u0259-o-cuml\u0259d\u0259n-d\u0259-qafqaza-yardimi-k\u0259skin-s\u0259kild\u0259-azaltmaq-niyy\u0259tind\u0259dir\/","og_site_name":"Azerbaijani Jamnews","article_publisher":"https:\/\/www.facebook.com\/JAMnewsInEnglish\/","article_published_time":"2017-04-25T20:00:00+00:00","article_modified_time":"2021-02-09T10:26:04+00:00","og_image":[{"width":1200,"height":649,"url":"https:\/\/jam-news.net\/app\/uploads\/2020\/03\/1014596919.jpg","type":"image\/jpeg"}],"author":"JAMnews","twitter_card":"summary_large_image","twitter_creator":"@JAMnewsCaucasus","twitter_site":"@JAMnewsCaucasus","twitter_misc":{"Written by":"JAMnews","Est. reading time":"2 minutes"},"schema":{"@context":"https:\/\/schema.org","@graph":[{"@type":"Article","@id":"https:\/\/jam-news.net\/az\/abs-inkisaf-etm%c9%99kd%c9%99-olan-olk%c9%99l%c9%99r%c9%99-o-cuml%c9%99d%c9%99n-d%c9%99-qafqaza-yardimi-k%c9%99skin-s%c9%99kild%c9%99-azaltmaq-niyy%c9%99tind%c9%99dir\/#article","isPartOf":{"@id":"https:\/\/jam-news.net\/az\/abs-inkisaf-etm%c9%99kd%c9%99-olan-olk%c9%99l%c9%99r%c9%99-o-cuml%c9%99d%c9%99n-d%c9%99-qafqaza-yardimi-k%c9%99skin-s%c9%99kild%c9%99-azaltmaq-niyy%c9%99tind%c9%99dir\/"},"author":{"name":"JAMnews","@id":"https:\/\/jam-news.net\/az\/#\/schema\/person\/67df3bb7adb46cd513fb9c4cb02361c6"},"headline":"AB\u015e inki\u015faf etm\u0259kd\u0259 olan \u00f6lk\u0259l\u0259r\u0259, o c\u00fcml\u0259d\u0259n d\u0259 Qafqaza yard\u0131m\u0131 k\u0259skin \u015f\u0259kild\u0259 azaltmaq niyy\u0259tind\u0259dir","datePublished":"2017-04-25T20:00:00+00:00","dateModified":"2021-02-09T10:26:04+00:00","mainEntityOfPage":{"@id":"https:\/\/jam-news.net\/az\/abs-inkisaf-etm%c9%99kd%c9%99-olan-olk%c9%99l%c9%99r%c9%99-o-cuml%c9%99d%c9%99n-d%c9%99-qafqaza-yardimi-k%c9%99skin-s%c9%99kild%c9%99-azaltmaq-niyy%c9%99tind%c9%99dir\/"},"wordCount":338,"publisher":{"@id":"https:\/\/jam-news.net\/az\/#organization"},"image":{"@id":"https:\/\/jam-news.net\/az\/abs-inkisaf-etm%c9%99kd%c9%99-olan-olk%c9%99l%c9%99r%c9%99-o-cuml%c9%99d%c9%99n-d%c9%99-qafqaza-yardimi-k%c9%99skin-s%c9%99kild%c9%99-azaltmaq-niyy%c9%99tind%c9%99dir\/#primaryimage"},"thumbnailUrl":"https:\/\/jam-news.net\/app\/uploads\/2020\/03\/1014596919.jpg","keywords":["Ba\u015f s\u0259hif\u0259"],"articleSection":["Armenia","Azerbaijan","From far and near","Geography","Georgia","News","Politics"],"inLanguage":"az"},{"@type":"WebPage","@id":"https:\/\/jam-news.net\/az\/abs-inkisaf-etm%c9%99kd%c9%99-olan-olk%c9%99l%c9%99r%c9%99-o-cuml%c9%99d%c9%99n-d%c9%99-qafqaza-yardimi-k%c9%99skin-s%c9%99kild%c9%99-azaltmaq-niyy%c9%99tind%c9%99dir\/","url":"https:\/\/jam-news.net\/az\/abs-inkisaf-etm%c9%99kd%c9%99-olan-olk%c9%99l%c9%99r%c9%99-o-cuml%c9%99d%c9%99n-d%c9%99-qafqaza-yardimi-k%c9%99skin-s%c9%99kild%c9%99-azaltmaq-niyy%c9%99tind%c9%99dir\/","name":"AB\u015e inki\u015faf etm\u0259kd\u0259 olan \u00f6lk\u0259l\u0259r\u0259, o c\u00fcml\u0259d\u0259n d\u0259 Qafqaza yard\u0131m\u0131 k\u0259skin \u015f\u0259kild\u0259 azaltmaq niyy\u0259tind\u0259dir - JAMnews","isPartOf":{"@id":"https:\/\/jam-news.net\/az\/#website"},"primaryImageOfPage":{"@id":"https:\/\/jam-news.net\/az\/abs-inkisaf-etm%c9%99kd%c9%99-olan-olk%c9%99l%c9%99r%c9%99-o-cuml%c9%99d%c9%99n-d%c9%99-qafqaza-yardimi-k%c9%99skin-s%c9%99kild%c9%99-azaltmaq-niyy%c9%99tind%c9%99dir\/#primaryimage"},"image":{"@id":"https:\/\/jam-news.net\/az\/abs-inkisaf-etm%c9%99kd%c9%99-olan-olk%c9%99l%c9%99r%c9%99-o-cuml%c9%99d%c9%99n-d%c9%99-qafqaza-yardimi-k%c9%99skin-s%c9%99kild%c9%99-azaltmaq-niyy%c9%99tind%c9%99dir\/#primaryimage"},"thumbnailUrl":"https:\/\/jam-news.net\/app\/uploads\/2020\/03\/1014596919.jpg","datePublished":"2017-04-25T20:00:00+00:00","dateModified":"2021-02-09T10:26:04+00:00","breadcrumb":{"@id":"https:\/\/jam-news.net\/az\/abs-inkisaf-etm%c9%99kd%c9%99-olan-olk%c9%99l%c9%99r%c9%99-o-cuml%c9%99d%c9%99n-d%c9%99-qafqaza-yardimi-k%c9%99skin-s%c9%99kild%c9%99-azaltmaq-niyy%c9%99tind%c9%99dir\/#breadcrumb"},"inLanguage":"az","potentialAction":[{"@type":"ReadAction","target":["https:\/\/jam-news.net\/az\/abs-inkisaf-etm%c9%99kd%c9%99-olan-olk%c9%99l%c9%99r%c9%99-o-cuml%c9%99d%c9%99n-d%c9%99-qafqaza-yardimi-k%c9%99skin-s%c9%99kild%c9%99-azaltmaq-niyy%c9%99tind%c9%99dir\/"]}]},{"@type":"ImageObject","inLanguage":"az","@id":"https:\/\/jam-news.net\/az\/abs-inkisaf-etm%c9%99kd%c9%99-olan-olk%c9%99l%c9%99r%c9%99-o-cuml%c9%99d%c9%99n-d%c9%99-qafqaza-yardimi-k%c9%99skin-s%c9%99kild%c9%99-azaltmaq-niyy%c9%99tind%c9%99dir\/#primaryimage","url":"https:\/\/jam-news.net\/app\/uploads\/2020\/03\/1014596919.jpg","contentUrl":"https:\/\/jam-news.net\/app\/uploads\/2020\/03\/1014596919.jpg","width":1200,"height":649},{"@type":"BreadcrumbList","@id":"https:\/\/jam-news.net\/az\/abs-inkisaf-etm%c9%99kd%c9%99-olan-olk%c9%99l%c9%99r%c9%99-o-cuml%c9%99d%c9%99n-d%c9%99-qafqaza-yardimi-k%c9%99skin-s%c9%99kild%c9%99-azaltmaq-niyy%c9%99tind%c9%99dir\/#breadcrumb","itemListElement":[{"@type":"ListItem","position":1,"name":"Home","item":"https:\/\/jam-news.net\/az\/"},{"@type":"ListItem","position":2,"name":"AB\u015e inki\u015faf etm\u0259kd\u0259 olan \u00f6lk\u0259l\u0259r\u0259, o c\u00fcml\u0259d\u0259n d\u0259 Qafqaza yard\u0131m\u0131 k\u0259skin \u015f\u0259kild\u0259 azaltmaq niyy\u0259tind\u0259dir"}]},{"@type":"WebSite","@id":"https:\/\/jam-news.net\/az\/#website","url":"https:\/\/jam-news.net\/az\/","name":"Azerbaijani Jamnews","description":"Caucasus News, Politics and Society","publisher":{"@id":"https:\/\/jam-news.net\/az\/#organization"},"potentialAction":[{"@type":"SearchAction","target":{"@type":"EntryPoint","urlTemplate":"https:\/\/jam-news.net\/az\/?s={search_term_string}"},"query-input":{"@type":"PropertyValueSpecification","valueRequired":true,"valueName":"search_term_string"}}],"inLanguage":"az"},{"@type":"Organization","@id":"https:\/\/jam-news.net\/az\/#organization","name":"JAMnews","url":"https:\/\/jam-news.net\/az\/","logo":{"@type":"ImageObject","inLanguage":"az","@id":"https:\/\/jam-news.net\/az\/#\/schema\/logo\/image\/","url":"https:\/\/jam-news.net\/app\/uploads\/2020\/05\/JAM_w.jpg","contentUrl":"https:\/\/jam-news.net\/app\/uploads\/2020\/05\/JAM_w.jpg","width":960,"height":960,"caption":"JAMnews"},"image":{"@id":"https:\/\/jam-news.net\/az\/#\/schema\/logo\/image\/"},"sameAs":["https:\/\/www.facebook.com\/JAMnewsInEnglish\/","https:\/\/x.com\/JAMnewsCaucasus","https:\/\/www.instagram.com\/jam_news\/","https:\/\/www.youtube.com\/channel\/UCXQbUCme2pykuZYXWHx4VPg"]},{"@type":"Person","@id":"https:\/\/jam-news.net\/az\/#\/schema\/person\/67df3bb7adb46cd513fb9c4cb02361c6","name":"JAMnews","image":{"@type":"ImageObject","inLanguage":"az","@id":"https:\/\/jam-news.net\/az\/#\/schema\/person\/image\/","url":"https:\/\/secure.gravatar.com\/avatar\/e5c27593ef900c3ab3deed4ed1c653d7?s=96&d=mm&r=g","contentUrl":"https:\/\/secure.gravatar.com\/avatar\/e5c27593ef900c3ab3deed4ed1c653d7?s=96&d=mm&r=g","caption":"JAMnews"},"url":"https:\/\/jam-news.net\/az\/author\/margarita\/"}]}},"_links":{"self":[{"href":"https:\/\/jam-news.net\/az\/wp-json\/wp\/v2\/posts\/5456","targetHints":{"allow":["GET"]}}],"collection":[{"href":"https:\/\/jam-news.net\/az\/wp-json\/wp\/v2\/posts"}],"about":[{"href":"https:\/\/jam-news.net\/az\/wp-json\/wp\/v2\/types\/post"}],"author":[{"embeddable":true,"href":"https:\/\/jam-news.net\/az\/wp-json\/wp\/v2\/users\/3"}],"replies":[{"embeddable":true,"href":"https:\/\/jam-news.net\/az\/wp-json\/wp\/v2\/comments?post=5456"}],"version-history":[{"count":1,"href":"https:\/\/jam-news.net\/az\/wp-json\/wp\/v2\/posts\/5456\/revisions"}],"predecessor-version":[{"id":15662,"href":"https:\/\/jam-news.net\/az\/wp-json\/wp\/v2\/posts\/5456\/revisions\/15662"}],"wp:featuredmedia":[{"embeddable":true,"href":"https:\/\/jam-news.net\/az\/wp-json\/wp\/v2\/media\/19902"}],"wp:attachment":[{"href":"https:\/\/jam-news.net\/az\/wp-json\/wp\/v2\/media?parent=5456"}],"wp:term":[{"taxonomy":"category","embeddable":true,"href":"https:\/\/jam-news.net\/az\/wp-json\/wp\/v2\/categories?post=5456"},{"taxonomy":"post_tag","embeddable":true,"href":"https:\/\/jam-news.net\/az\/wp-json\/wp\/v2\/tags?post=5456"},{"taxonomy":"formation","embeddable":true,"href":"https:\/\/jam-news.net\/az\/wp-json\/wp\/v2\/formation?post=5456"},{"taxonomy":"post-author","embeddable":true,"href":"https:\/\/jam-news.net\/az\/wp-json\/wp\/v2\/post-author?post=5456"},{"taxonomy":"topic","embeddable":true,"href":"https:\/\/jam-news.net\/az\/wp-json\/wp\/v2\/topic?post=5456"},{"taxonomy":"tooltip","embeddable":true,"href":"https:\/\/jam-news.net\/az\/wp-json\/wp\/v2\/tooltip?post=5456"},{"taxonomy":"city","embeddable":true,"href":"https:\/\/jam-news.net\/az\/wp-json\/wp\/v2\/city?post=5456"}],"curies":[{"name":"wp","href":"https:\/\/api.w.org\/{rel}","templated":true}]}}