{"id":5389,"date":"2017-04-18T00:00:00","date_gmt":"2017-04-18T00:00:00","guid":{"rendered":"http:\/\/jam-news.net\/az\/m%c9%99hk%c9%99m%c9%99-30-m%c9%99kt%c9%99b-direktorunun-iddiasini-icraata-goturub\/"},"modified":"2022-01-18T01:33:05","modified_gmt":"2022-01-17T21:33:05","slug":"m%c9%99hk%c9%99m%c9%99-30-m%c9%99kt%c9%99b-direktorunun-iddiasini-icraata-goturub","status":"publish","type":"post","link":"https:\/\/jam-news.net\/az\/m%c9%99hk%c9%99m%c9%99-30-m%c9%99kt%c9%99b-direktorunun-iddiasini-icraata-goturub\/","title":{"rendered":"Erm\u0259nistan. M\u0259hk\u0259m\u0259 30 m\u0259kt\u0259b direktorunun iddias\u0131n\u0131 icraata g\u00f6t\u00fcr\u00fcb"},"content":{"rendered":"<p>Aprelin 2-d\u0259 parlament se\u00e7kil\u0259rind\u0259 m\u00fc\u015fahid\u0259\u00e7i missiyas\u0131n\u0131 h\u0259yata ke\u00e7ir\u0259n \u201cM\u0259lumatl\u0131 V\u0259t\u0259nda\u015flar Birliyi\u201d t\u0259\u015fkilat\u0131n\u0131n \u0259laq\u0259l\u0259ndiricisi Daniel \u0130onnisyan m\u0259kt\u0259b v\u0259 u\u015faq ba\u011f\u00e7as\u0131 direktorlar\u0131 il\u0259 telefon dan\u0131\u015f\u0131qlar\u0131n\u0131 yay\u0131b, s\u0259s yaz\u0131lar\u0131na \u0259sas\u0259n direktorlar Erm\u0259nistan Respublika\u00e7\u0131lar Partiyas\u0131na (ERP) onlar\u0131 d\u0259st\u0259kl\u0259m\u0259y\u0259 haz\u0131r olan se\u00e7icil\u0259rin siyah\u0131s\u0131n\u0131 veribl\u0259r.<\/p>\n<p>\n    <div class=\"bd_notification notification_info\">\n      <i><\/i>\u201cM\u0259lumatl\u0131 V\u0259t\u0259nda\u015flar Birliyi\u201d f\u0259aliyy\u0259ti vacib m\u0259s\u0259l\u0259l\u0259rl\u0259 ba\u011fl\u0131 c\u0259miyy\u0259tin m\u0259lumatl\u0131l\u0131q s\u0259viyy\u0259sinin y\u00fcks\u0259ldilm\u0259sin\u0259 istiqam\u0259tl\u0259nmi\u015f ictimai t\u0259\u015fkilatd\u0131r.\n    <\/div>\n    <\/p>\n<p>\u201cM\u0259lumatl\u0131 V\u0259t\u0259nda\u015flar Birliyi\u201d t\u0259\u015fkilat\u0131n\u0131n \u0259m\u0259kda\u015flar\u0131 i\u015f vaxt\u0131 \u00fcmumt\u0259hsil m\u00fc\u0259ssis\u0259l\u0259rinin direktorlar\u0131na z\u0259ng vurub, \u00f6zl\u0259rini respublika\u00e7\u0131lar q\u0259rargah\u0131n\u0131n n\u00fcmay\u0259nd\u0259l\u0259ri kimi t\u0259qdim ed\u0259r\u0259k, bu v\u0259 ya dig\u0259r namiz\u0259din xeyrin\u0259 apar\u0131lm\u0131\u015f i\u015fin h\u0259cmi il\u0259 maraqlan\u0131blar. M\u0259kt\u0259b direktorlar\u0131 xeyrin\u0259 t\u0259\u015fviqat apard\u0131qlar\u0131 12 namiz\u0259din ad\u0131n\u0131 \u00e7\u0259kibl\u0259r. 114 m\u0259kt\u0259b v\u0259 u\u015faq ba\u011f\u00e7as\u0131 direktorlar\u0131 t\u0259r\u0259find\u0259n iqtidar partiyas\u0131 \u00fc\u00e7\u00fcn m\u00fc\u0259lliml\u0259rin v\u0259 \u015fagirdl\u0259rin valideynl\u0259rinin \u015f\u0259xsi m\u0259lumatlar\u0131ndan ibar\u0259t siyah\u0131lar haz\u0131rlan\u0131b.<\/p>\n<p>\u0130onnisyan iddia edir ki, bu, hakimiyy\u0259tin se\u00e7kil\u0259rd\u0259 \u00f6z q\u0259l\u0259b\u0259sini t\u0259min etm\u0259k \u00fc\u00e7\u00fcn inzibati resurslardan istifad\u0259 etdiyini v\u0259 bununla da qanun pozuntusuna yol verdiyini s\u00fcbut edir. O, hesab edir ki, M\u0259rk\u0259zi Se\u00e7ki Komissiyas\u0131n\u0131n ERP-n\u0131 se\u00e7ki marafonundan \u00e7\u0131xarmamas\u0131na baxmayaraq, telefon dan\u0131\u015f\u0131qlar\u0131n\u0131n ictimail\u0259\u015fdirilm\u0259si siyasi n\u0259tic\u0259l\u0259r\u0259 s\u0259b\u0259b olacaq, he\u00e7 kim hakimiyy\u0259tin legitim oldu\u011funu dey\u0259 bilm\u0259y\u0259c\u0259k.<\/p>\n<p>Direktorlar h\u0259m Daiel \u0130onnisyana, h\u0259m d\u0259 \u201cM\u0259lumatl\u0131 V\u0259t\u0259nda\u015flar Birliyi\u201dn\u0259 qar\u015f\u0131 iddia qald\u0131r\u0131blar. M\u0259kt\u0259b direktorlar\u0131 \u0130onnisyan\u0131 v\u0259 t\u0259\u015fkilat\u0131n\u0131 b\u00f6htanda g\u00fcnahland\u0131r\u0131r, r\u0259smi t\u0259kzib d\u0259rc ed\u0259r\u0259k, 2 milyon dram (4.123 dollar) h\u0259cmind\u0259 kompensasiya \u00f6d\u0259nilm\u0259sini t\u0259l\u0259b edirl\u0259r. M\u0259hk\u0259m\u0259 iddialar\u0131 icraata g\u00f6t\u00fcr\u00fcb.<\/p>\n<p>ERP \u00f6z n\u00f6vb\u0259sind\u0259 qeyd edib ki, telefon dan\u0131\u015f\u0131qlar\u0131 \u00f6lk\u0259nin Se\u00e7ki M\u0259c\u0259ll\u0259sinin pozuldu\u011funu iddia etm\u0259y\u0259 \u0259sas vermir. Partiya direktorlar\u0131n i\u015fd\u0259n k\u0259nar zamanda t\u0259\u015fviqatla m\u0259\u015f\u011ful oldu\u011funu bildirib v\u0259 \u201cM\u0259lumatl\u0131 V\u0259t\u0259nda\u015flar Birliyi\u201dni siyasi oyunbazl\u0131qda g\u00fcnahland\u0131r\u0131b: \u201c\u00d6z \u00fcz\u0259rin\u0259 d\u00fcr\u00fcst v\u0259 \u0259dal\u0259tli se\u00e7ki ke\u00e7irm\u0259k missiyas\u0131 g\u00f6t\u00fcrm\u00fc\u015f bir t\u0259\u015fkilat siyasi istiqam\u0259tli h\u0259r\u0259k\u0259tl\u0259r\u0259 yol verib\u201d.<\/p>\n","protected":false},"excerpt":{"rendered":"<p>M\u0259kt\u0259b direktorlar\u0131 \u201cM\u0259lumatl\u0131 V\u0259t\u0259nda\u015flar Birliyi\u201d t\u0259\u015fkilat\u0131n\u0131 v\u0259 onun \u0259laq\u0259l\u0259ndiricisini b\u00f6htanda ittiham edirl\u0259r<\/p>\n","protected":false},"author":8,"featured_media":19869,"comment_status":"open","ping_status":"open","sticky":false,"template":"","format":"standard","meta":{"_acf_changed":false,"footnotes":""},"categories":[27,2,50],"tags":[33,29],"formation":[],"post-author":[2888],"topic":[],"tooltip":[],"city":[6054],"class_list":["post-5389","post","type-post","status-publish","format-standard","has-post-thumbnail","hentry","category-ermnistan","category-cografiya","category-xbrlr","tag-ermnistan","tag-seckilr","post-author-jamnews","city-yerevan"],"acf":[],"yoast_head":"<!-- This site is optimized with the Yoast SEO plugin v24.1 - https:\/\/yoast.com\/wordpress\/plugins\/seo\/ -->\n<title>Erm\u0259nistan. M\u0259hk\u0259m\u0259 30 m\u0259kt\u0259b direktorunun iddias\u0131n\u0131 icraata g\u00f6t\u00fcr\u00fcb - JAMnews<\/title>\n<meta name=\"robots\" content=\"index, follow, max-snippet:-1, max-image-preview:large, max-video-preview:-1\" \/>\n<link rel=\"canonical\" href=\"https:\/\/jam-news.net\/az\/m\u0259hk\u0259m\u0259-30-m\u0259kt\u0259b-direktorunun-iddiasini-icraata-goturub\/\" \/>\n<meta property=\"og:locale\" content=\"az_AZ\" \/>\n<meta property=\"og:type\" content=\"article\" \/>\n<meta property=\"og:title\" content=\"Erm\u0259nistan. M\u0259hk\u0259m\u0259 30 m\u0259kt\u0259b direktorunun iddias\u0131n\u0131 icraata g\u00f6t\u00fcr\u00fcb - JAMnews\" \/>\n<meta property=\"og:description\" content=\"M\u0259kt\u0259b direktorlar\u0131 \u201cM\u0259lumatl\u0131 V\u0259t\u0259nda\u015flar Birliyi\u201d t\u0259\u015fkilat\u0131n\u0131 v\u0259 onun \u0259laq\u0259l\u0259ndiricisini b\u00f6htanda ittiham edirl\u0259r\" \/>\n<meta property=\"og:url\" content=\"https:\/\/jam-news.net\/az\/m\u0259hk\u0259m\u0259-30-m\u0259kt\u0259b-direktorunun-iddiasini-icraata-goturub\/\" \/>\n<meta property=\"og:site_name\" content=\"Azerbaijani Jamnews\" \/>\n<meta property=\"article:publisher\" content=\"https:\/\/www.facebook.com\/JAMnewsInEnglish\/\" \/>\n<meta property=\"article:published_time\" content=\"2017-04-18T00:00:00+00:00\" \/>\n<meta property=\"article:modified_time\" content=\"2022-01-17T21:33:05+00:00\" \/>\n<meta property=\"og:image\" content=\"https:\/\/jam-news.net\/app\/uploads\/2020\/03\/18043099_1392942527437892_708637925_o-4.jpg\" \/>\n\t<meta property=\"og:image:width\" content=\"1023\" \/>\n\t<meta property=\"og:image:height\" content=\"575\" \/>\n\t<meta property=\"og:image:type\" content=\"image\/jpeg\" \/>\n<meta name=\"author\" content=\"Naira Martikian\" \/>\n<meta name=\"twitter:card\" content=\"summary_large_image\" \/>\n<meta name=\"twitter:creator\" content=\"@JAMnewsCaucasus\" \/>\n<meta name=\"twitter:site\" content=\"@JAMnewsCaucasus\" \/>\n<meta name=\"twitter:label1\" content=\"Written by\" \/>\n\t<meta name=\"twitter:data1\" content=\"Naira Martikian\" \/>\n\t<meta name=\"twitter:label2\" content=\"Est. reading time\" \/>\n\t<meta name=\"twitter:data2\" content=\"2 minutes\" \/>\n<script type=\"application\/ld+json\" class=\"yoast-schema-graph\">{\"@context\":\"https:\/\/schema.org\",\"@graph\":[{\"@type\":\"Article\",\"@id\":\"https:\/\/jam-news.net\/az\/m%c9%99hk%c9%99m%c9%99-30-m%c9%99kt%c9%99b-direktorunun-iddiasini-icraata-goturub\/#article\",\"isPartOf\":{\"@id\":\"https:\/\/jam-news.net\/az\/m%c9%99hk%c9%99m%c9%99-30-m%c9%99kt%c9%99b-direktorunun-iddiasini-icraata-goturub\/\"},\"author\":{\"name\":\"Naira Martikian\",\"@id\":\"https:\/\/jam-news.net\/az\/#\/schema\/person\/e82f374df8fce3377c56e285e5c11387\"},\"headline\":\"Erm\u0259nistan. M\u0259hk\u0259m\u0259 30 m\u0259kt\u0259b direktorunun iddias\u0131n\u0131 icraata g\u00f6t\u00fcr\u00fcb\",\"datePublished\":\"2017-04-18T00:00:00+00:00\",\"dateModified\":\"2022-01-17T21:33:05+00:00\",\"mainEntityOfPage\":{\"@id\":\"https:\/\/jam-news.net\/az\/m%c9%99hk%c9%99m%c9%99-30-m%c9%99kt%c9%99b-direktorunun-iddiasini-icraata-goturub\/\"},\"wordCount\":492,\"commentCount\":0,\"publisher\":{\"@id\":\"https:\/\/jam-news.net\/az\/#organization\"},\"image\":{\"@id\":\"https:\/\/jam-news.net\/az\/m%c9%99hk%c9%99m%c9%99-30-m%c9%99kt%c9%99b-direktorunun-iddiasini-icraata-goturub\/#primaryimage\"},\"thumbnailUrl\":\"https:\/\/jam-news.net\/app\/uploads\/2020\/03\/18043099_1392942527437892_708637925_o-4.jpg\",\"keywords\":[\"Erm\u0259nistan\",\"se\u00e7kil\u0259r\"],\"articleSection\":[\"Armenia\",\"Geography\",\"News\"],\"inLanguage\":\"az\"},{\"@type\":\"WebPage\",\"@id\":\"https:\/\/jam-news.net\/az\/m%c9%99hk%c9%99m%c9%99-30-m%c9%99kt%c9%99b-direktorunun-iddiasini-icraata-goturub\/\",\"url\":\"https:\/\/jam-news.net\/az\/m%c9%99hk%c9%99m%c9%99-30-m%c9%99kt%c9%99b-direktorunun-iddiasini-icraata-goturub\/\",\"name\":\"Erm\u0259nistan. M\u0259hk\u0259m\u0259 30 m\u0259kt\u0259b direktorunun iddias\u0131n\u0131 icraata g\u00f6t\u00fcr\u00fcb - JAMnews\",\"isPartOf\":{\"@id\":\"https:\/\/jam-news.net\/az\/#website\"},\"primaryImageOfPage\":{\"@id\":\"https:\/\/jam-news.net\/az\/m%c9%99hk%c9%99m%c9%99-30-m%c9%99kt%c9%99b-direktorunun-iddiasini-icraata-goturub\/#primaryimage\"},\"image\":{\"@id\":\"https:\/\/jam-news.net\/az\/m%c9%99hk%c9%99m%c9%99-30-m%c9%99kt%c9%99b-direktorunun-iddiasini-icraata-goturub\/#primaryimage\"},\"thumbnailUrl\":\"https:\/\/jam-news.net\/app\/uploads\/2020\/03\/18043099_1392942527437892_708637925_o-4.jpg\",\"datePublished\":\"2017-04-18T00:00:00+00:00\",\"dateModified\":\"2022-01-17T21:33:05+00:00\",\"breadcrumb\":{\"@id\":\"https:\/\/jam-news.net\/az\/m%c9%99hk%c9%99m%c9%99-30-m%c9%99kt%c9%99b-direktorunun-iddiasini-icraata-goturub\/#breadcrumb\"},\"inLanguage\":\"az\",\"potentialAction\":[{\"@type\":\"ReadAction\",\"target\":[\"https:\/\/jam-news.net\/az\/m%c9%99hk%c9%99m%c9%99-30-m%c9%99kt%c9%99b-direktorunun-iddiasini-icraata-goturub\/\"]}]},{\"@type\":\"ImageObject\",\"inLanguage\":\"az\",\"@id\":\"https:\/\/jam-news.net\/az\/m%c9%99hk%c9%99m%c9%99-30-m%c9%99kt%c9%99b-direktorunun-iddiasini-icraata-goturub\/#primaryimage\",\"url\":\"https:\/\/jam-news.net\/app\/uploads\/2020\/03\/18043099_1392942527437892_708637925_o-4.jpg\",\"contentUrl\":\"https:\/\/jam-news.net\/app\/uploads\/2020\/03\/18043099_1392942527437892_708637925_o-4.jpg\",\"width\":1023,\"height\":575},{\"@type\":\"BreadcrumbList\",\"@id\":\"https:\/\/jam-news.net\/az\/m%c9%99hk%c9%99m%c9%99-30-m%c9%99kt%c9%99b-direktorunun-iddiasini-icraata-goturub\/#breadcrumb\",\"itemListElement\":[{\"@type\":\"ListItem\",\"position\":1,\"name\":\"Home\",\"item\":\"https:\/\/jam-news.net\/az\/\"},{\"@type\":\"ListItem\",\"position\":2,\"name\":\"Erm\u0259nistan. M\u0259hk\u0259m\u0259 30 m\u0259kt\u0259b direktorunun iddias\u0131n\u0131 icraata g\u00f6t\u00fcr\u00fcb\"}]},{\"@type\":\"WebSite\",\"@id\":\"https:\/\/jam-news.net\/az\/#website\",\"url\":\"https:\/\/jam-news.net\/az\/\",\"name\":\"Azerbaijani Jamnews\",\"description\":\"Caucasus News, Politics and Society\",\"publisher\":{\"@id\":\"https:\/\/jam-news.net\/az\/#organization\"},\"potentialAction\":[{\"@type\":\"SearchAction\",\"target\":{\"@type\":\"EntryPoint\",\"urlTemplate\":\"https:\/\/jam-news.net\/az\/?s={search_term_string}\"},\"query-input\":{\"@type\":\"PropertyValueSpecification\",\"valueRequired\":true,\"valueName\":\"search_term_string\"}}],\"inLanguage\":\"az\"},{\"@type\":\"Organization\",\"@id\":\"https:\/\/jam-news.net\/az\/#organization\",\"name\":\"JAMnews\",\"url\":\"https:\/\/jam-news.net\/az\/\",\"logo\":{\"@type\":\"ImageObject\",\"inLanguage\":\"az\",\"@id\":\"https:\/\/jam-news.net\/az\/#\/schema\/logo\/image\/\",\"url\":\"https:\/\/jam-news.net\/app\/uploads\/2020\/05\/JAM_w.jpg\",\"contentUrl\":\"https:\/\/jam-news.net\/app\/uploads\/2020\/05\/JAM_w.jpg\",\"width\":960,\"height\":960,\"caption\":\"JAMnews\"},\"image\":{\"@id\":\"https:\/\/jam-news.net\/az\/#\/schema\/logo\/image\/\"},\"sameAs\":[\"https:\/\/www.facebook.com\/JAMnewsInEnglish\/\",\"https:\/\/x.com\/JAMnewsCaucasus\",\"https:\/\/www.instagram.com\/jam_news\/\",\"https:\/\/www.youtube.com\/channel\/UCXQbUCme2pykuZYXWHx4VPg\"]},{\"@type\":\"Person\",\"@id\":\"https:\/\/jam-news.net\/az\/#\/schema\/person\/e82f374df8fce3377c56e285e5c11387\",\"name\":\"Naira Martikian\",\"image\":{\"@type\":\"ImageObject\",\"inLanguage\":\"az\",\"@id\":\"https:\/\/jam-news.net\/az\/#\/schema\/person\/image\/\",\"url\":\"https:\/\/secure.gravatar.com\/avatar\/0696bcd343e46256c029b752a654bade?s=96&d=mm&r=g\",\"contentUrl\":\"https:\/\/secure.gravatar.com\/avatar\/0696bcd343e46256c029b752a654bade?s=96&d=mm&r=g\",\"caption\":\"Naira Martikian\"},\"url\":\"https:\/\/jam-news.net\/az\/author\/nairama\/\"}]}<\/script>\n<!-- \/ Yoast SEO plugin. -->","yoast_head_json":{"title":"Erm\u0259nistan. M\u0259hk\u0259m\u0259 30 m\u0259kt\u0259b direktorunun iddias\u0131n\u0131 icraata g\u00f6t\u00fcr\u00fcb - JAMnews","robots":{"index":"index","follow":"follow","max-snippet":"max-snippet:-1","max-image-preview":"max-image-preview:large","max-video-preview":"max-video-preview:-1"},"canonical":"https:\/\/jam-news.net\/az\/m\u0259hk\u0259m\u0259-30-m\u0259kt\u0259b-direktorunun-iddiasini-icraata-goturub\/","og_locale":"az_AZ","og_type":"article","og_title":"Erm\u0259nistan. M\u0259hk\u0259m\u0259 30 m\u0259kt\u0259b direktorunun iddias\u0131n\u0131 icraata g\u00f6t\u00fcr\u00fcb - JAMnews","og_description":"M\u0259kt\u0259b direktorlar\u0131 \u201cM\u0259lumatl\u0131 V\u0259t\u0259nda\u015flar Birliyi\u201d t\u0259\u015fkilat\u0131n\u0131 v\u0259 onun \u0259laq\u0259l\u0259ndiricisini b\u00f6htanda ittiham edirl\u0259r","og_url":"https:\/\/jam-news.net\/az\/m\u0259hk\u0259m\u0259-30-m\u0259kt\u0259b-direktorunun-iddiasini-icraata-goturub\/","og_site_name":"Azerbaijani Jamnews","article_publisher":"https:\/\/www.facebook.com\/JAMnewsInEnglish\/","article_published_time":"2017-04-18T00:00:00+00:00","article_modified_time":"2022-01-17T21:33:05+00:00","og_image":[{"width":1023,"height":575,"url":"https:\/\/jam-news.net\/app\/uploads\/2020\/03\/18043099_1392942527437892_708637925_o-4.jpg","type":"image\/jpeg"}],"author":"Naira Martikian","twitter_card":"summary_large_image","twitter_creator":"@JAMnewsCaucasus","twitter_site":"@JAMnewsCaucasus","twitter_misc":{"Written by":"Naira Martikian","Est. reading time":"2 minutes"},"schema":{"@context":"https:\/\/schema.org","@graph":[{"@type":"Article","@id":"https:\/\/jam-news.net\/az\/m%c9%99hk%c9%99m%c9%99-30-m%c9%99kt%c9%99b-direktorunun-iddiasini-icraata-goturub\/#article","isPartOf":{"@id":"https:\/\/jam-news.net\/az\/m%c9%99hk%c9%99m%c9%99-30-m%c9%99kt%c9%99b-direktorunun-iddiasini-icraata-goturub\/"},"author":{"name":"Naira Martikian","@id":"https:\/\/jam-news.net\/az\/#\/schema\/person\/e82f374df8fce3377c56e285e5c11387"},"headline":"Erm\u0259nistan. M\u0259hk\u0259m\u0259 30 m\u0259kt\u0259b direktorunun iddias\u0131n\u0131 icraata g\u00f6t\u00fcr\u00fcb","datePublished":"2017-04-18T00:00:00+00:00","dateModified":"2022-01-17T21:33:05+00:00","mainEntityOfPage":{"@id":"https:\/\/jam-news.net\/az\/m%c9%99hk%c9%99m%c9%99-30-m%c9%99kt%c9%99b-direktorunun-iddiasini-icraata-goturub\/"},"wordCount":492,"commentCount":0,"publisher":{"@id":"https:\/\/jam-news.net\/az\/#organization"},"image":{"@id":"https:\/\/jam-news.net\/az\/m%c9%99hk%c9%99m%c9%99-30-m%c9%99kt%c9%99b-direktorunun-iddiasini-icraata-goturub\/#primaryimage"},"thumbnailUrl":"https:\/\/jam-news.net\/app\/uploads\/2020\/03\/18043099_1392942527437892_708637925_o-4.jpg","keywords":["Erm\u0259nistan","se\u00e7kil\u0259r"],"articleSection":["Armenia","Geography","News"],"inLanguage":"az"},{"@type":"WebPage","@id":"https:\/\/jam-news.net\/az\/m%c9%99hk%c9%99m%c9%99-30-m%c9%99kt%c9%99b-direktorunun-iddiasini-icraata-goturub\/","url":"https:\/\/jam-news.net\/az\/m%c9%99hk%c9%99m%c9%99-30-m%c9%99kt%c9%99b-direktorunun-iddiasini-icraata-goturub\/","name":"Erm\u0259nistan. M\u0259hk\u0259m\u0259 30 m\u0259kt\u0259b direktorunun iddias\u0131n\u0131 icraata g\u00f6t\u00fcr\u00fcb - JAMnews","isPartOf":{"@id":"https:\/\/jam-news.net\/az\/#website"},"primaryImageOfPage":{"@id":"https:\/\/jam-news.net\/az\/m%c9%99hk%c9%99m%c9%99-30-m%c9%99kt%c9%99b-direktorunun-iddiasini-icraata-goturub\/#primaryimage"},"image":{"@id":"https:\/\/jam-news.net\/az\/m%c9%99hk%c9%99m%c9%99-30-m%c9%99kt%c9%99b-direktorunun-iddiasini-icraata-goturub\/#primaryimage"},"thumbnailUrl":"https:\/\/jam-news.net\/app\/uploads\/2020\/03\/18043099_1392942527437892_708637925_o-4.jpg","datePublished":"2017-04-18T00:00:00+00:00","dateModified":"2022-01-17T21:33:05+00:00","breadcrumb":{"@id":"https:\/\/jam-news.net\/az\/m%c9%99hk%c9%99m%c9%99-30-m%c9%99kt%c9%99b-direktorunun-iddiasini-icraata-goturub\/#breadcrumb"},"inLanguage":"az","potentialAction":[{"@type":"ReadAction","target":["https:\/\/jam-news.net\/az\/m%c9%99hk%c9%99m%c9%99-30-m%c9%99kt%c9%99b-direktorunun-iddiasini-icraata-goturub\/"]}]},{"@type":"ImageObject","inLanguage":"az","@id":"https:\/\/jam-news.net\/az\/m%c9%99hk%c9%99m%c9%99-30-m%c9%99kt%c9%99b-direktorunun-iddiasini-icraata-goturub\/#primaryimage","url":"https:\/\/jam-news.net\/app\/uploads\/2020\/03\/18043099_1392942527437892_708637925_o-4.jpg","contentUrl":"https:\/\/jam-news.net\/app\/uploads\/2020\/03\/18043099_1392942527437892_708637925_o-4.jpg","width":1023,"height":575},{"@type":"BreadcrumbList","@id":"https:\/\/jam-news.net\/az\/m%c9%99hk%c9%99m%c9%99-30-m%c9%99kt%c9%99b-direktorunun-iddiasini-icraata-goturub\/#breadcrumb","itemListElement":[{"@type":"ListItem","position":1,"name":"Home","item":"https:\/\/jam-news.net\/az\/"},{"@type":"ListItem","position":2,"name":"Erm\u0259nistan. M\u0259hk\u0259m\u0259 30 m\u0259kt\u0259b direktorunun iddias\u0131n\u0131 icraata g\u00f6t\u00fcr\u00fcb"}]},{"@type":"WebSite","@id":"https:\/\/jam-news.net\/az\/#website","url":"https:\/\/jam-news.net\/az\/","name":"Azerbaijani Jamnews","description":"Caucasus News, Politics and Society","publisher":{"@id":"https:\/\/jam-news.net\/az\/#organization"},"potentialAction":[{"@type":"SearchAction","target":{"@type":"EntryPoint","urlTemplate":"https:\/\/jam-news.net\/az\/?s={search_term_string}"},"query-input":{"@type":"PropertyValueSpecification","valueRequired":true,"valueName":"search_term_string"}}],"inLanguage":"az"},{"@type":"Organization","@id":"https:\/\/jam-news.net\/az\/#organization","name":"JAMnews","url":"https:\/\/jam-news.net\/az\/","logo":{"@type":"ImageObject","inLanguage":"az","@id":"https:\/\/jam-news.net\/az\/#\/schema\/logo\/image\/","url":"https:\/\/jam-news.net\/app\/uploads\/2020\/05\/JAM_w.jpg","contentUrl":"https:\/\/jam-news.net\/app\/uploads\/2020\/05\/JAM_w.jpg","width":960,"height":960,"caption":"JAMnews"},"image":{"@id":"https:\/\/jam-news.net\/az\/#\/schema\/logo\/image\/"},"sameAs":["https:\/\/www.facebook.com\/JAMnewsInEnglish\/","https:\/\/x.com\/JAMnewsCaucasus","https:\/\/www.instagram.com\/jam_news\/","https:\/\/www.youtube.com\/channel\/UCXQbUCme2pykuZYXWHx4VPg"]},{"@type":"Person","@id":"https:\/\/jam-news.net\/az\/#\/schema\/person\/e82f374df8fce3377c56e285e5c11387","name":"Naira Martikian","image":{"@type":"ImageObject","inLanguage":"az","@id":"https:\/\/jam-news.net\/az\/#\/schema\/person\/image\/","url":"https:\/\/secure.gravatar.com\/avatar\/0696bcd343e46256c029b752a654bade?s=96&d=mm&r=g","contentUrl":"https:\/\/secure.gravatar.com\/avatar\/0696bcd343e46256c029b752a654bade?s=96&d=mm&r=g","caption":"Naira Martikian"},"url":"https:\/\/jam-news.net\/az\/author\/nairama\/"}]}},"_links":{"self":[{"href":"https:\/\/jam-news.net\/az\/wp-json\/wp\/v2\/posts\/5389","targetHints":{"allow":["GET"]}}],"collection":[{"href":"https:\/\/jam-news.net\/az\/wp-json\/wp\/v2\/posts"}],"about":[{"href":"https:\/\/jam-news.net\/az\/wp-json\/wp\/v2\/types\/post"}],"author":[{"embeddable":true,"href":"https:\/\/jam-news.net\/az\/wp-json\/wp\/v2\/users\/8"}],"replies":[{"embeddable":true,"href":"https:\/\/jam-news.net\/az\/wp-json\/wp\/v2\/comments?post=5389"}],"version-history":[{"count":1,"href":"https:\/\/jam-news.net\/az\/wp-json\/wp\/v2\/posts\/5389\/revisions"}],"predecessor-version":[{"id":15681,"href":"https:\/\/jam-news.net\/az\/wp-json\/wp\/v2\/posts\/5389\/revisions\/15681"}],"wp:featuredmedia":[{"embeddable":true,"href":"https:\/\/jam-news.net\/az\/wp-json\/wp\/v2\/media\/19869"}],"wp:attachment":[{"href":"https:\/\/jam-news.net\/az\/wp-json\/wp\/v2\/media?parent=5389"}],"wp:term":[{"taxonomy":"category","embeddable":true,"href":"https:\/\/jam-news.net\/az\/wp-json\/wp\/v2\/categories?post=5389"},{"taxonomy":"post_tag","embeddable":true,"href":"https:\/\/jam-news.net\/az\/wp-json\/wp\/v2\/tags?post=5389"},{"taxonomy":"formation","embeddable":true,"href":"https:\/\/jam-news.net\/az\/wp-json\/wp\/v2\/formation?post=5389"},{"taxonomy":"post-author","embeddable":true,"href":"https:\/\/jam-news.net\/az\/wp-json\/wp\/v2\/post-author?post=5389"},{"taxonomy":"topic","embeddable":true,"href":"https:\/\/jam-news.net\/az\/wp-json\/wp\/v2\/topic?post=5389"},{"taxonomy":"tooltip","embeddable":true,"href":"https:\/\/jam-news.net\/az\/wp-json\/wp\/v2\/tooltip?post=5389"},{"taxonomy":"city","embeddable":true,"href":"https:\/\/jam-news.net\/az\/wp-json\/wp\/v2\/city?post=5389"}],"curies":[{"name":"wp","href":"https:\/\/api.w.org\/{rel}","templated":true}]}}