{"id":5360,"date":"2017-04-15T00:00:00","date_gmt":"2017-04-15T00:00:00","guid":{"rendered":"http:\/\/jam-news.net\/az\/az%c9%99rbaycanda-ictimai-yerl%c9%99rd%c9%99-siqaret-c%c9%99km%c9%99yi-qadagan-ed%c9%99n-qanun-q%c9%99bul-edilib\/"},"modified":"2020-03-18T11:11:33","modified_gmt":"2020-03-18T11:11:33","slug":"az%c9%99rbaycanda-ictimai-yerl%c9%99rd%c9%99-siqaret-c%c9%99km%c9%99yi-qadagan-ed%c9%99n-qanun-q%c9%99bul-edilib","status":"publish","type":"post","link":"https:\/\/jam-news.net\/az\/az%c9%99rbaycanda-ictimai-yerl%c9%99rd%c9%99-siqaret-c%c9%99km%c9%99yi-qadagan-ed%c9%99n-qanun-q%c9%99bul-edilib\/","title":{"rendered":"Az\u0259rbaycanda ictimai yerl\u0259rd\u0259 siqaret \u00e7\u0259km\u0259yi qada\u011fan ed\u0259n qanun q\u0259bul edilib"},"content":{"rendered":"<p><span style=\"font-family: 'Times New Roman', serif;\"><span style=\"font-size: large;\"><span lang=\"az-Latn-AZ\">Az\u0259rbaycan\u0131n Milli M\u0259clisi (parlamenti) aprelin 14-d\u0259 ilk oxunu\u015fda \u201cT\u00fct\u00fcn m\u0259mulatlar\u0131ndan istifad\u0259nin m\u0259hdudla\u015fd\u0131r\u0131lmas\u0131 haqda\u201d Qanun q\u0259bul edib.<\/span><\/span><\/span><\/p>\n<p><span style=\"font-family: 'Times New Roman', serif;\"><span style=\"font-size: large;\"><span lang=\"az-Latn-AZ\">Parlamentin \u018fm\u0259k v\u0259 Sosial Siyas\u0259t Komit\u0259sinin s\u0259dri Had\u0131 R\u0259c\u0259bli qanun layih\u0259sini t\u0259qdim ed\u0259rk\u0259n bildirib: \u201cLayih\u0259nin haz\u0131rlanmas\u0131 sosial t\u0259l\u0259batdan qaynaqlan\u0131b: Son ill\u0259rd\u0259 Az\u0259rbaycanda qad\u0131nlar\u0131n t\u00fct\u00fcn\u0259 olan mara\u011f\u0131 art\u0131b. Ki\u015fil\u0259rin 67,5 faizi, qad\u0131nlar\u0131n is\u0259 52,5 faizi t\u00fct\u00fcn as\u0131l\u0131l\u0131\u011f\u0131ndan \u0259ziyy\u0259t \u00e7\u0259kir. D\u00f6z\u00fclm\u0259z olan odur ki, b\u00fct\u00fcn bunlar narkotikd\u0259n as\u0131l\u0131l\u0131\u011fa g\u0259tirib \u00e7\u0131xar\u0131r, bu da c\u0259miyy\u0259td\u0259 naraz\u0131l\u0131qlar do\u011furur. Sevindiricidir ki, layih\u0259 m\u0259tbuatda m\u00fczakir\u0259 olunub v\u0259 c\u0259miyy\u0259t m\u00fcsb\u0259t d\u0259y\u0259rl\u0259ndirib\u201d, &#8211; APA agentliyi R\u0259c\u0259bliy\u0259 istinad\u0259n <a href=\"http:\/\/ru.apa.az\/novosti-azerbaydjana\/sotsium\/v-milli-medzhlise-prinyat-zakon-ob-ogranichenii-ispolzovaniya-tabachnykh-izdelij-.html\" target=\"_blank\" rel=\"noopener noreferrer\">x\u0259b\u0259r verir<\/a>.<\/span><\/span><\/span><\/p>\n<p><u><\/u><span style=\"font-family: 'Times New Roman', serif;\"><span style=\"font-size: large;\"><span lang=\"az-Latn-AZ\">R\u0259c\u0259bli \u0259lav\u0259 edib ki, qanunun q\u0259bul edilm\u0259si \u00f6lk\u0259d\u0259 t\u00fct\u00fcn\u00fcn istehsal\u0131n\u0131n azald\u0131lmas\u0131na d\u0259lal\u0259t etmir, \u00e7\u00fcnki xaricd\u0259 Az\u0259rbaycanda haz\u0131rlanan t\u00fct\u00fcn\u0259 b\u00f6y\u00fck ehtiyac var.<\/span><\/span><\/span><\/p>\n<p><span style=\"font-family: 'Times New Roman', serif;\"><span style=\"font-size: large;\"><span lang=\"az-Latn-AZ\">3 f\u0259sil v\u0259 17 madd\u0259d\u0259n ibar\u0259t olan qanunda siqaret \u00e7\u0259km\u0259yin qada\u011fan olundu\u011fu yerl\u0259r sadalanan\u0131b v\u0259 qanun pozucular\u0131 \u00fc\u00e7\u00fcn n\u0259z\u0259rd\u0259 tutulan sanksiyalar \u0259ks olunub.<\/span><\/span><\/span><\/p>\n<p><span style=\"font-family: 'Times New Roman', serif;\"><span style=\"font-size: large;\"><span lang=\"az-Latn-AZ\">V\u0259t\u0259nda\u015flar\u0131n bu m\u0259lumata reaksiyas\u0131 m\u00fcxt\u0259lif olub:<\/span><\/span><\/span><\/p>\n<p><span style=\"font-family: 'Times New Roman', serif;\"><span style=\"font-size: large;\"><span lang=\"az-Latn-AZ\"><b>Jurnalist, 41 ya\u015f:<\/b><\/span><\/span><\/span><span style=\"font-family: 'Times New Roman', serif;\"><span style=\"font-size: large;\"><span lang=\"az-Latn-AZ\"> \u201cD\u00fcz el\u0259yib qada\u011fan el\u0259yibl\u0259r. \u00d6z t\u0259cr\u00fcb\u0259md\u0259n deyim ki, xaricd\u0259, analoji qanunlar\u0131n oldu\u011fu \u00f6lk\u0259l\u0259rd\u0259 oldu\u011fum zaman h\u0259mi\u015f\u0259 qanuna riay\u0259t edir\u0259m v\u0259 m\u0259n\u0259 he\u00e7 n\u0259 d\u0259 olmur. Ola bil\u0259r ki, bu qada\u011fa say\u0259sind\u0259 bu ziyanl\u0131 v\u0259rdi\u015fd\u0259n qurtula buil\u0259r\u0259m\u201d.<\/span><\/span><\/span><\/p>\n<p lang=\"az-Latn-AZ\"><span style=\"font-family: 'Times New Roman', serif;\"><span style=\"font-size: large;\"><span lang=\"az-Latn-AZ\"><b>Neft\u00e7i, 43 ya\u015f<\/b><\/span><\/span><\/span><span style=\"font-family: 'Times New Roman', serif;\"><span style=\"font-size: large;\"><span lang=\"az-Latn-AZ\">: \u201cFaydas\u0131z qada\u011fad\u0131r. \u0130nsan siqaret \u00e7\u0259km\u0259k ist\u0259yirs\u0259, c\u0259rim\u0259y\u0259 r\u0259\u011fm\u0259n d\u0259 \u00e7\u0259k\u0259c\u0259k\u201d.<\/span><\/span><\/span><\/p>\n<p lang=\"az-Latn-AZ\"><span style=\"font-family: 'Times New Roman', serif;\"><span style=\"font-size: large;\"><span lang=\"az-Latn-AZ\"><b>Kafe sahibi, 39 ya\u015f:<\/b><\/span><\/span><\/span><span style=\"font-family: 'Times New Roman', serif;\"><span style=\"font-size: large;\"><span lang=\"az-Latn-AZ\"> \u201c\u018fg\u0259r qada\u011fa ham\u0131ya eyni d\u0259r\u0259c\u0259d\u0259 aid olsa, o zaman bunu d\u0259st\u0259kl\u0259yir\u0259m. M\u00fc\u015ft\u0259ril\u0259ri itirm\u0259kd\u0259n qorxmuram, b\u0259lk\u0259 d\u0259 siqaret \u00e7\u0259km\u0259y\u0259nl\u0259r say\u0259sind\u0259 onlar\u0131n say\u0131 daha da artacaq\u201d.<\/span><\/span><\/span><\/p>\n<p lang=\"az-Latn-AZ\"><span style=\"font-family: 'Times New Roman', serif;\"><span style=\"font-size: large;\"><span lang=\"az-Latn-AZ\"><b>Kafenin m\u00fc\u015ft\u0259risi, qad\u0131n, 37 ya\u015f<\/b><\/span><\/span><\/span><span style=\"font-family: 'Times New Roman', serif;\"><span style=\"font-size: large;\"><span lang=\"az-Latn-AZ\">: \u201c\u018fsl zaman\u0131nda verilmi\u015f q\u0259rard\u0131r. \u018fvv\u0259ll\u0259r bura u\u015faqla g\u0259l\u0259 bilmirdim, \u00e7\u00fcnki siqaret t\u00fcst\u00fcs\u00fcn\u0259 d\u00f6z\u0259 bilmir. \u0130ndi rahatca burada nahar ed\u0259 bil\u0259c\u0259yik\u201d.<\/span><\/span><\/span><\/p>\n<p lang=\"az-Latn-AZ\"><strong><span lang=\"az-Latn-AZ\">Sosial \u015f\u0259b\u0259k\u0259 istifad\u0259\u00e7il\u0259ri:<\/span><\/strong><span style=\"font-family: 'Times New Roman', serif;\"><span style=\"font-size: large;\"><span lang=\"az-Latn-AZ\"><u><br \/>\n<\/u><\/span><\/span><\/span><span style=\"font-family: 'Times New Roman', serif;\"><span style=\"font-size: large;\"><span lang=\"az-Latn-AZ\"><i><br \/>\n<\/i><\/span><\/span><\/span><em><span lang=\"az-Latn-AZ\">\u201cBu \u00e7ox do\u011frudur! B\u00fct\u00fcn d\u00fcnya bu t\u0259cr\u00fcb\u0259d\u0259n yararlan\u0131r. M\u0259n siqaret \u00e7\u0259k\u0259n deyil\u0259m, t\u00fcst\u00fcs\u00fcn\u00fc d\u0259 g\u00f6t\u00fcr\u0259 bilmir\u0259m. Niy\u0259 m\u0259n restorana, kluba, v\u0259 ya n\u0259 bilim harasa, bir s\u00f6zl\u0259 dinc\u0259lm\u0259y\u0259 ged\u0259nd\u0259 t\u00fct\u00fcn t\u00fcst\u00fcs\u00fc il\u0259 n\u0259f\u0259s almal\u0131yam? Niy\u0259 paltar\u0131m iyl\u0259nm\u0259lidi, ax\u0131 dinc\u0259lm\u0259k \u00fc\u00e7\u00fcn eyni pulu siqaret \u00e7\u0259k\u0259n adam kimi m\u0259n d\u0259 \u00f6d\u0259yir\u0259m. \u00c7\u0259km\u0259k ist\u0259yirs\u0259n? K\u00fc\u00e7\u0259y\u0259, balkona, bunun \u00fc\u00e7\u00fcn ayr\u0131lm\u0131\u015f x\u00fcsusi yer\u0259 get, \u00fcr\u0259yin ist\u0259y\u0259n q\u0259d\u0259r \u00e7\u0259k!\u201d<\/span><\/em><\/p>\n<p lang=\"az-Latn-AZ\"><em>\u201c<span lang=\"az-Latn-AZ\">Bu, o q\u0259d\u0259r d\u0259 do\u011fru q\u0259rar deyil. Siqaret \u00e7\u0259k\u0259n yem\u0259k, i\u00e7m\u0259k \u0259snas\u0131nda siqaret \u00e7\u0259km\u0259k ist\u0259yir. Dem\u0259li, restoran\u0131n imkan\u0131 varsa, ayr\u0131-ayr\u0131 zallar\u0131 olmal\u0131d\u0131r. Siqaret \u00e7\u0259kilm\u0259y\u0259n restoran variant\u0131n\u0131 n\u0259z\u0259rd\u0259n ke\u00e7irm\u0259k bel\u0259 g\u00fcl\u00fcncd\u00fcr, \u00e7\u00fcnki bu halda restoran b\u00f6y\u00fck ziyan \u00e7\u0259k\u0259c\u0259k\u201d.<\/span><\/em><\/p>\n<p lang=\"az-Latn-AZ\"><em>\u201c<span lang=\"az-Latn-AZ\">M\u0259nc\u0259 bu, son be\u015f ild\u0259 \u0259n g\u00f6z\u0259l x\u0259b\u0259rdir\u201d.<\/span><\/em><\/p>\n","protected":false},"excerpt":{"rendered":"<p>\u0130ctimai fikir ha\u00e7alan\u0131b<\/p>\n","protected":false},"author":3,"featured_media":19860,"comment_status":"open","ping_status":"open","sticky":false,"template":"","format":"standard","meta":{"_acf_changed":false,"footnotes":""},"categories":[17,2,25,50],"tags":[18,199],"formation":[],"post-author":[],"topic":[],"tooltip":[],"city":[],"class_list":["post-5360","post","type-post","status-publish","format-standard","has-post-thumbnail","hentry","category-azrbaycan","category-cografiya","category-cmiyyt","category-xbrlr","tag-azrbaycan","tag-cmiyyt"],"acf":[],"yoast_head":"<!-- This site is optimized with the Yoast SEO plugin v24.1 - https:\/\/yoast.com\/wordpress\/plugins\/seo\/ -->\n<title>Az\u0259rbaycanda ictimai yerl\u0259rd\u0259 siqaret \u00e7\u0259km\u0259yi qada\u011fan ed\u0259n qanun q\u0259bul edilib - JAMnews<\/title>\n<meta name=\"robots\" content=\"index, follow, max-snippet:-1, max-image-preview:large, max-video-preview:-1\" \/>\n<link rel=\"canonical\" href=\"https:\/\/jam-news.net\/az\/az\u0259rbaycanda-ictimai-yerl\u0259rd\u0259-siqaret-c\u0259km\u0259yi-qadagan-ed\u0259n-qanun-q\u0259bul-edilib\/\" \/>\n<meta property=\"og:locale\" content=\"az_AZ\" \/>\n<meta property=\"og:type\" content=\"article\" \/>\n<meta property=\"og:title\" content=\"Az\u0259rbaycanda ictimai yerl\u0259rd\u0259 siqaret \u00e7\u0259km\u0259yi qada\u011fan ed\u0259n qanun q\u0259bul edilib - JAMnews\" \/>\n<meta property=\"og:description\" content=\"\u0130ctimai fikir ha\u00e7alan\u0131b\" \/>\n<meta property=\"og:url\" content=\"https:\/\/jam-news.net\/az\/az\u0259rbaycanda-ictimai-yerl\u0259rd\u0259-siqaret-c\u0259km\u0259yi-qadagan-ed\u0259n-qanun-q\u0259bul-edilib\/\" \/>\n<meta property=\"og:site_name\" content=\"Azerbaijani Jamnews\" \/>\n<meta property=\"article:publisher\" content=\"https:\/\/www.facebook.com\/JAMnewsInEnglish\/\" \/>\n<meta property=\"article:published_time\" content=\"2017-04-15T00:00:00+00:00\" \/>\n<meta property=\"article:modified_time\" content=\"2020-03-18T11:11:33+00:00\" \/>\n<meta property=\"og:image\" content=\"https:\/\/jam-news.net\/app\/uploads\/2020\/03\/Smoking-Kills-3.jpg\" \/>\n\t<meta property=\"og:image:width\" content=\"1200\" \/>\n\t<meta property=\"og:image:height\" content=\"675\" \/>\n\t<meta property=\"og:image:type\" content=\"image\/jpeg\" \/>\n<meta name=\"author\" content=\"JAMnews\" \/>\n<meta name=\"twitter:card\" content=\"summary_large_image\" \/>\n<meta name=\"twitter:creator\" content=\"@JAMnewsCaucasus\" \/>\n<meta name=\"twitter:site\" content=\"@JAMnewsCaucasus\" \/>\n<meta name=\"twitter:label1\" content=\"Written by\" \/>\n\t<meta name=\"twitter:data1\" content=\"JAMnews\" \/>\n\t<meta name=\"twitter:label2\" content=\"Est. reading time\" \/>\n\t<meta name=\"twitter:data2\" content=\"3 minutes\" \/>\n<script type=\"application\/ld+json\" class=\"yoast-schema-graph\">{\"@context\":\"https:\/\/schema.org\",\"@graph\":[{\"@type\":\"Article\",\"@id\":\"https:\/\/jam-news.net\/az\/az%c9%99rbaycanda-ictimai-yerl%c9%99rd%c9%99-siqaret-c%c9%99km%c9%99yi-qadagan-ed%c9%99n-qanun-q%c9%99bul-edilib\/#article\",\"isPartOf\":{\"@id\":\"https:\/\/jam-news.net\/az\/az%c9%99rbaycanda-ictimai-yerl%c9%99rd%c9%99-siqaret-c%c9%99km%c9%99yi-qadagan-ed%c9%99n-qanun-q%c9%99bul-edilib\/\"},\"author\":{\"name\":\"JAMnews\",\"@id\":\"https:\/\/jam-news.net\/az\/#\/schema\/person\/67df3bb7adb46cd513fb9c4cb02361c6\"},\"headline\":\"Az\u0259rbaycanda ictimai yerl\u0259rd\u0259 siqaret \u00e7\u0259km\u0259yi qada\u011fan ed\u0259n qanun q\u0259bul edilib\",\"datePublished\":\"2017-04-15T00:00:00+00:00\",\"dateModified\":\"2020-03-18T11:11:33+00:00\",\"mainEntityOfPage\":{\"@id\":\"https:\/\/jam-news.net\/az\/az%c9%99rbaycanda-ictimai-yerl%c9%99rd%c9%99-siqaret-c%c9%99km%c9%99yi-qadagan-ed%c9%99n-qanun-q%c9%99bul-edilib\/\"},\"wordCount\":638,\"commentCount\":0,\"publisher\":{\"@id\":\"https:\/\/jam-news.net\/az\/#organization\"},\"image\":{\"@id\":\"https:\/\/jam-news.net\/az\/az%c9%99rbaycanda-ictimai-yerl%c9%99rd%c9%99-siqaret-c%c9%99km%c9%99yi-qadagan-ed%c9%99n-qanun-q%c9%99bul-edilib\/#primaryimage\"},\"thumbnailUrl\":\"https:\/\/jam-news.net\/app\/uploads\/2020\/03\/Smoking-Kills-3.jpg\",\"keywords\":[\"Az\u0259rbaycan\",\"c\u0259miyy\u0259t\"],\"articleSection\":[\"Azerbaijan\",\"Geography\",\"Issues\",\"News\"],\"inLanguage\":\"az\"},{\"@type\":\"WebPage\",\"@id\":\"https:\/\/jam-news.net\/az\/az%c9%99rbaycanda-ictimai-yerl%c9%99rd%c9%99-siqaret-c%c9%99km%c9%99yi-qadagan-ed%c9%99n-qanun-q%c9%99bul-edilib\/\",\"url\":\"https:\/\/jam-news.net\/az\/az%c9%99rbaycanda-ictimai-yerl%c9%99rd%c9%99-siqaret-c%c9%99km%c9%99yi-qadagan-ed%c9%99n-qanun-q%c9%99bul-edilib\/\",\"name\":\"Az\u0259rbaycanda ictimai yerl\u0259rd\u0259 siqaret \u00e7\u0259km\u0259yi qada\u011fan ed\u0259n qanun q\u0259bul edilib - JAMnews\",\"isPartOf\":{\"@id\":\"https:\/\/jam-news.net\/az\/#website\"},\"primaryImageOfPage\":{\"@id\":\"https:\/\/jam-news.net\/az\/az%c9%99rbaycanda-ictimai-yerl%c9%99rd%c9%99-siqaret-c%c9%99km%c9%99yi-qadagan-ed%c9%99n-qanun-q%c9%99bul-edilib\/#primaryimage\"},\"image\":{\"@id\":\"https:\/\/jam-news.net\/az\/az%c9%99rbaycanda-ictimai-yerl%c9%99rd%c9%99-siqaret-c%c9%99km%c9%99yi-qadagan-ed%c9%99n-qanun-q%c9%99bul-edilib\/#primaryimage\"},\"thumbnailUrl\":\"https:\/\/jam-news.net\/app\/uploads\/2020\/03\/Smoking-Kills-3.jpg\",\"datePublished\":\"2017-04-15T00:00:00+00:00\",\"dateModified\":\"2020-03-18T11:11:33+00:00\",\"breadcrumb\":{\"@id\":\"https:\/\/jam-news.net\/az\/az%c9%99rbaycanda-ictimai-yerl%c9%99rd%c9%99-siqaret-c%c9%99km%c9%99yi-qadagan-ed%c9%99n-qanun-q%c9%99bul-edilib\/#breadcrumb\"},\"inLanguage\":\"az\",\"potentialAction\":[{\"@type\":\"ReadAction\",\"target\":[\"https:\/\/jam-news.net\/az\/az%c9%99rbaycanda-ictimai-yerl%c9%99rd%c9%99-siqaret-c%c9%99km%c9%99yi-qadagan-ed%c9%99n-qanun-q%c9%99bul-edilib\/\"]}]},{\"@type\":\"ImageObject\",\"inLanguage\":\"az\",\"@id\":\"https:\/\/jam-news.net\/az\/az%c9%99rbaycanda-ictimai-yerl%c9%99rd%c9%99-siqaret-c%c9%99km%c9%99yi-qadagan-ed%c9%99n-qanun-q%c9%99bul-edilib\/#primaryimage\",\"url\":\"https:\/\/jam-news.net\/app\/uploads\/2020\/03\/Smoking-Kills-3.jpg\",\"contentUrl\":\"https:\/\/jam-news.net\/app\/uploads\/2020\/03\/Smoking-Kills-3.jpg\",\"width\":1200,\"height\":675},{\"@type\":\"BreadcrumbList\",\"@id\":\"https:\/\/jam-news.net\/az\/az%c9%99rbaycanda-ictimai-yerl%c9%99rd%c9%99-siqaret-c%c9%99km%c9%99yi-qadagan-ed%c9%99n-qanun-q%c9%99bul-edilib\/#breadcrumb\",\"itemListElement\":[{\"@type\":\"ListItem\",\"position\":1,\"name\":\"Home\",\"item\":\"https:\/\/jam-news.net\/az\/\"},{\"@type\":\"ListItem\",\"position\":2,\"name\":\"Az\u0259rbaycanda ictimai yerl\u0259rd\u0259 siqaret \u00e7\u0259km\u0259yi qada\u011fan ed\u0259n qanun q\u0259bul edilib\"}]},{\"@type\":\"WebSite\",\"@id\":\"https:\/\/jam-news.net\/az\/#website\",\"url\":\"https:\/\/jam-news.net\/az\/\",\"name\":\"Azerbaijani Jamnews\",\"description\":\"Caucasus News, Politics and Society\",\"publisher\":{\"@id\":\"https:\/\/jam-news.net\/az\/#organization\"},\"potentialAction\":[{\"@type\":\"SearchAction\",\"target\":{\"@type\":\"EntryPoint\",\"urlTemplate\":\"https:\/\/jam-news.net\/az\/?s={search_term_string}\"},\"query-input\":{\"@type\":\"PropertyValueSpecification\",\"valueRequired\":true,\"valueName\":\"search_term_string\"}}],\"inLanguage\":\"az\"},{\"@type\":\"Organization\",\"@id\":\"https:\/\/jam-news.net\/az\/#organization\",\"name\":\"JAMnews\",\"url\":\"https:\/\/jam-news.net\/az\/\",\"logo\":{\"@type\":\"ImageObject\",\"inLanguage\":\"az\",\"@id\":\"https:\/\/jam-news.net\/az\/#\/schema\/logo\/image\/\",\"url\":\"https:\/\/jam-news.net\/app\/uploads\/2020\/05\/JAM_w.jpg\",\"contentUrl\":\"https:\/\/jam-news.net\/app\/uploads\/2020\/05\/JAM_w.jpg\",\"width\":960,\"height\":960,\"caption\":\"JAMnews\"},\"image\":{\"@id\":\"https:\/\/jam-news.net\/az\/#\/schema\/logo\/image\/\"},\"sameAs\":[\"https:\/\/www.facebook.com\/JAMnewsInEnglish\/\",\"https:\/\/x.com\/JAMnewsCaucasus\",\"https:\/\/www.instagram.com\/jam_news\/\",\"https:\/\/www.youtube.com\/channel\/UCXQbUCme2pykuZYXWHx4VPg\"]},{\"@type\":\"Person\",\"@id\":\"https:\/\/jam-news.net\/az\/#\/schema\/person\/67df3bb7adb46cd513fb9c4cb02361c6\",\"name\":\"JAMnews\",\"image\":{\"@type\":\"ImageObject\",\"inLanguage\":\"az\",\"@id\":\"https:\/\/jam-news.net\/az\/#\/schema\/person\/image\/\",\"url\":\"https:\/\/secure.gravatar.com\/avatar\/e5c27593ef900c3ab3deed4ed1c653d7?s=96&d=mm&r=g\",\"contentUrl\":\"https:\/\/secure.gravatar.com\/avatar\/e5c27593ef900c3ab3deed4ed1c653d7?s=96&d=mm&r=g\",\"caption\":\"JAMnews\"},\"url\":\"https:\/\/jam-news.net\/az\/author\/margarita\/\"}]}<\/script>\n<!-- \/ Yoast SEO plugin. -->","yoast_head_json":{"title":"Az\u0259rbaycanda ictimai yerl\u0259rd\u0259 siqaret \u00e7\u0259km\u0259yi qada\u011fan ed\u0259n qanun q\u0259bul edilib - JAMnews","robots":{"index":"index","follow":"follow","max-snippet":"max-snippet:-1","max-image-preview":"max-image-preview:large","max-video-preview":"max-video-preview:-1"},"canonical":"https:\/\/jam-news.net\/az\/az\u0259rbaycanda-ictimai-yerl\u0259rd\u0259-siqaret-c\u0259km\u0259yi-qadagan-ed\u0259n-qanun-q\u0259bul-edilib\/","og_locale":"az_AZ","og_type":"article","og_title":"Az\u0259rbaycanda ictimai yerl\u0259rd\u0259 siqaret \u00e7\u0259km\u0259yi qada\u011fan ed\u0259n qanun q\u0259bul edilib - JAMnews","og_description":"\u0130ctimai fikir ha\u00e7alan\u0131b","og_url":"https:\/\/jam-news.net\/az\/az\u0259rbaycanda-ictimai-yerl\u0259rd\u0259-siqaret-c\u0259km\u0259yi-qadagan-ed\u0259n-qanun-q\u0259bul-edilib\/","og_site_name":"Azerbaijani Jamnews","article_publisher":"https:\/\/www.facebook.com\/JAMnewsInEnglish\/","article_published_time":"2017-04-15T00:00:00+00:00","article_modified_time":"2020-03-18T11:11:33+00:00","og_image":[{"width":1200,"height":675,"url":"https:\/\/jam-news.net\/app\/uploads\/2020\/03\/Smoking-Kills-3.jpg","type":"image\/jpeg"}],"author":"JAMnews","twitter_card":"summary_large_image","twitter_creator":"@JAMnewsCaucasus","twitter_site":"@JAMnewsCaucasus","twitter_misc":{"Written by":"JAMnews","Est. reading time":"3 minutes"},"schema":{"@context":"https:\/\/schema.org","@graph":[{"@type":"Article","@id":"https:\/\/jam-news.net\/az\/az%c9%99rbaycanda-ictimai-yerl%c9%99rd%c9%99-siqaret-c%c9%99km%c9%99yi-qadagan-ed%c9%99n-qanun-q%c9%99bul-edilib\/#article","isPartOf":{"@id":"https:\/\/jam-news.net\/az\/az%c9%99rbaycanda-ictimai-yerl%c9%99rd%c9%99-siqaret-c%c9%99km%c9%99yi-qadagan-ed%c9%99n-qanun-q%c9%99bul-edilib\/"},"author":{"name":"JAMnews","@id":"https:\/\/jam-news.net\/az\/#\/schema\/person\/67df3bb7adb46cd513fb9c4cb02361c6"},"headline":"Az\u0259rbaycanda ictimai yerl\u0259rd\u0259 siqaret \u00e7\u0259km\u0259yi qada\u011fan ed\u0259n qanun q\u0259bul edilib","datePublished":"2017-04-15T00:00:00+00:00","dateModified":"2020-03-18T11:11:33+00:00","mainEntityOfPage":{"@id":"https:\/\/jam-news.net\/az\/az%c9%99rbaycanda-ictimai-yerl%c9%99rd%c9%99-siqaret-c%c9%99km%c9%99yi-qadagan-ed%c9%99n-qanun-q%c9%99bul-edilib\/"},"wordCount":638,"commentCount":0,"publisher":{"@id":"https:\/\/jam-news.net\/az\/#organization"},"image":{"@id":"https:\/\/jam-news.net\/az\/az%c9%99rbaycanda-ictimai-yerl%c9%99rd%c9%99-siqaret-c%c9%99km%c9%99yi-qadagan-ed%c9%99n-qanun-q%c9%99bul-edilib\/#primaryimage"},"thumbnailUrl":"https:\/\/jam-news.net\/app\/uploads\/2020\/03\/Smoking-Kills-3.jpg","keywords":["Az\u0259rbaycan","c\u0259miyy\u0259t"],"articleSection":["Azerbaijan","Geography","Issues","News"],"inLanguage":"az"},{"@type":"WebPage","@id":"https:\/\/jam-news.net\/az\/az%c9%99rbaycanda-ictimai-yerl%c9%99rd%c9%99-siqaret-c%c9%99km%c9%99yi-qadagan-ed%c9%99n-qanun-q%c9%99bul-edilib\/","url":"https:\/\/jam-news.net\/az\/az%c9%99rbaycanda-ictimai-yerl%c9%99rd%c9%99-siqaret-c%c9%99km%c9%99yi-qadagan-ed%c9%99n-qanun-q%c9%99bul-edilib\/","name":"Az\u0259rbaycanda ictimai yerl\u0259rd\u0259 siqaret \u00e7\u0259km\u0259yi qada\u011fan ed\u0259n qanun q\u0259bul edilib - JAMnews","isPartOf":{"@id":"https:\/\/jam-news.net\/az\/#website"},"primaryImageOfPage":{"@id":"https:\/\/jam-news.net\/az\/az%c9%99rbaycanda-ictimai-yerl%c9%99rd%c9%99-siqaret-c%c9%99km%c9%99yi-qadagan-ed%c9%99n-qanun-q%c9%99bul-edilib\/#primaryimage"},"image":{"@id":"https:\/\/jam-news.net\/az\/az%c9%99rbaycanda-ictimai-yerl%c9%99rd%c9%99-siqaret-c%c9%99km%c9%99yi-qadagan-ed%c9%99n-qanun-q%c9%99bul-edilib\/#primaryimage"},"thumbnailUrl":"https:\/\/jam-news.net\/app\/uploads\/2020\/03\/Smoking-Kills-3.jpg","datePublished":"2017-04-15T00:00:00+00:00","dateModified":"2020-03-18T11:11:33+00:00","breadcrumb":{"@id":"https:\/\/jam-news.net\/az\/az%c9%99rbaycanda-ictimai-yerl%c9%99rd%c9%99-siqaret-c%c9%99km%c9%99yi-qadagan-ed%c9%99n-qanun-q%c9%99bul-edilib\/#breadcrumb"},"inLanguage":"az","potentialAction":[{"@type":"ReadAction","target":["https:\/\/jam-news.net\/az\/az%c9%99rbaycanda-ictimai-yerl%c9%99rd%c9%99-siqaret-c%c9%99km%c9%99yi-qadagan-ed%c9%99n-qanun-q%c9%99bul-edilib\/"]}]},{"@type":"ImageObject","inLanguage":"az","@id":"https:\/\/jam-news.net\/az\/az%c9%99rbaycanda-ictimai-yerl%c9%99rd%c9%99-siqaret-c%c9%99km%c9%99yi-qadagan-ed%c9%99n-qanun-q%c9%99bul-edilib\/#primaryimage","url":"https:\/\/jam-news.net\/app\/uploads\/2020\/03\/Smoking-Kills-3.jpg","contentUrl":"https:\/\/jam-news.net\/app\/uploads\/2020\/03\/Smoking-Kills-3.jpg","width":1200,"height":675},{"@type":"BreadcrumbList","@id":"https:\/\/jam-news.net\/az\/az%c9%99rbaycanda-ictimai-yerl%c9%99rd%c9%99-siqaret-c%c9%99km%c9%99yi-qadagan-ed%c9%99n-qanun-q%c9%99bul-edilib\/#breadcrumb","itemListElement":[{"@type":"ListItem","position":1,"name":"Home","item":"https:\/\/jam-news.net\/az\/"},{"@type":"ListItem","position":2,"name":"Az\u0259rbaycanda ictimai yerl\u0259rd\u0259 siqaret \u00e7\u0259km\u0259yi qada\u011fan ed\u0259n qanun q\u0259bul edilib"}]},{"@type":"WebSite","@id":"https:\/\/jam-news.net\/az\/#website","url":"https:\/\/jam-news.net\/az\/","name":"Azerbaijani Jamnews","description":"Caucasus News, Politics and Society","publisher":{"@id":"https:\/\/jam-news.net\/az\/#organization"},"potentialAction":[{"@type":"SearchAction","target":{"@type":"EntryPoint","urlTemplate":"https:\/\/jam-news.net\/az\/?s={search_term_string}"},"query-input":{"@type":"PropertyValueSpecification","valueRequired":true,"valueName":"search_term_string"}}],"inLanguage":"az"},{"@type":"Organization","@id":"https:\/\/jam-news.net\/az\/#organization","name":"JAMnews","url":"https:\/\/jam-news.net\/az\/","logo":{"@type":"ImageObject","inLanguage":"az","@id":"https:\/\/jam-news.net\/az\/#\/schema\/logo\/image\/","url":"https:\/\/jam-news.net\/app\/uploads\/2020\/05\/JAM_w.jpg","contentUrl":"https:\/\/jam-news.net\/app\/uploads\/2020\/05\/JAM_w.jpg","width":960,"height":960,"caption":"JAMnews"},"image":{"@id":"https:\/\/jam-news.net\/az\/#\/schema\/logo\/image\/"},"sameAs":["https:\/\/www.facebook.com\/JAMnewsInEnglish\/","https:\/\/x.com\/JAMnewsCaucasus","https:\/\/www.instagram.com\/jam_news\/","https:\/\/www.youtube.com\/channel\/UCXQbUCme2pykuZYXWHx4VPg"]},{"@type":"Person","@id":"https:\/\/jam-news.net\/az\/#\/schema\/person\/67df3bb7adb46cd513fb9c4cb02361c6","name":"JAMnews","image":{"@type":"ImageObject","inLanguage":"az","@id":"https:\/\/jam-news.net\/az\/#\/schema\/person\/image\/","url":"https:\/\/secure.gravatar.com\/avatar\/e5c27593ef900c3ab3deed4ed1c653d7?s=96&d=mm&r=g","contentUrl":"https:\/\/secure.gravatar.com\/avatar\/e5c27593ef900c3ab3deed4ed1c653d7?s=96&d=mm&r=g","caption":"JAMnews"},"url":"https:\/\/jam-news.net\/az\/author\/margarita\/"}]}},"_links":{"self":[{"href":"https:\/\/jam-news.net\/az\/wp-json\/wp\/v2\/posts\/5360","targetHints":{"allow":["GET"]}}],"collection":[{"href":"https:\/\/jam-news.net\/az\/wp-json\/wp\/v2\/posts"}],"about":[{"href":"https:\/\/jam-news.net\/az\/wp-json\/wp\/v2\/types\/post"}],"author":[{"embeddable":true,"href":"https:\/\/jam-news.net\/az\/wp-json\/wp\/v2\/users\/3"}],"replies":[{"embeddable":true,"href":"https:\/\/jam-news.net\/az\/wp-json\/wp\/v2\/comments?post=5360"}],"version-history":[{"count":1,"href":"https:\/\/jam-news.net\/az\/wp-json\/wp\/v2\/posts\/5360\/revisions"}],"predecessor-version":[{"id":17603,"href":"https:\/\/jam-news.net\/az\/wp-json\/wp\/v2\/posts\/5360\/revisions\/17603"}],"wp:featuredmedia":[{"embeddable":true,"href":"https:\/\/jam-news.net\/az\/wp-json\/wp\/v2\/media\/19860"}],"wp:attachment":[{"href":"https:\/\/jam-news.net\/az\/wp-json\/wp\/v2\/media?parent=5360"}],"wp:term":[{"taxonomy":"category","embeddable":true,"href":"https:\/\/jam-news.net\/az\/wp-json\/wp\/v2\/categories?post=5360"},{"taxonomy":"post_tag","embeddable":true,"href":"https:\/\/jam-news.net\/az\/wp-json\/wp\/v2\/tags?post=5360"},{"taxonomy":"formation","embeddable":true,"href":"https:\/\/jam-news.net\/az\/wp-json\/wp\/v2\/formation?post=5360"},{"taxonomy":"post-author","embeddable":true,"href":"https:\/\/jam-news.net\/az\/wp-json\/wp\/v2\/post-author?post=5360"},{"taxonomy":"topic","embeddable":true,"href":"https:\/\/jam-news.net\/az\/wp-json\/wp\/v2\/topic?post=5360"},{"taxonomy":"tooltip","embeddable":true,"href":"https:\/\/jam-news.net\/az\/wp-json\/wp\/v2\/tooltip?post=5360"},{"taxonomy":"city","embeddable":true,"href":"https:\/\/jam-news.net\/az\/wp-json\/wp\/v2\/city?post=5360"}],"curies":[{"name":"wp","href":"https:\/\/api.w.org\/{rel}","templated":true}]}}