{"id":53528,"date":"2021-10-05T17:59:35","date_gmt":"2021-10-05T13:59:35","guid":{"rendered":"https:\/\/jam-news.net\/az\/?p=53528"},"modified":"2022-01-18T00:55:42","modified_gmt":"2022-01-17T20:55:42","slug":"ciddi-prosesl%c9%99r-bas-verir-v%c9%99-bu-erm%c9%99nistanin-xeyrin%c9%99-deyil-eks-prezident-robert-kocaryan","status":"publish","type":"post","link":"https:\/\/jam-news.net\/az\/ciddi-prosesl%c9%99r-bas-verir-v%c9%99-bu-erm%c9%99nistanin-xeyrin%c9%99-deyil-eks-prezident-robert-kocaryan\/","title":{"rendered":"\u201cCiddi prosesl\u0259r ba\u015f verir v\u0259 bu, Erm\u0259nistan\u0131n xeyrin\u0259 deyil\u201d \u2013 eks-prezident Robert Ko\u00e7aryan"},"content":{"rendered":"\n<p><a href=\"https:\/\/jam-news.net\/az\/category\/cografiya\/erm%c9%99nistan\/\" target=\"_blank\" rel=\"noreferrer noopener\">Erm\u0259nistan\u0131n<\/a> eks-prezidenti <a href=\"https:\/\/jam-news.net\/az\/topic\/robert-kocharyan\/\" target=\"_blank\" rel=\"noreferrer noopener\">Robert Ko\u00e7aryan<\/a> haz\u0131rk\u0131 hakimiyy\u0259ti s\u0259rt t\u0259nqid edib. \u0130ki saata yax\u0131n davam ed\u0259n m\u0259tbuat konfrans\u0131 zaman\u0131 o, ba\u015f nazir <a href=\"https:\/\/jam-news.net\/az\/topic\/nikol-pasinyan\/\" target=\"_blank\" rel=\"noreferrer noopener\">Nikol Pa\u015finyan\u0131<\/a> <a href=\"https:\/\/jam-news.net\/az\/topic\/qarabagda-h%c9%99rbi-%c9%99m%c9%99liyyatlar-2020\/\" target=\"_blank\" rel=\"noreferrer noopener\">Qaraba\u011f m\u00fcharib\u0259sin\u0259<\/a> v\u0259 m\u0259\u011flubiyy\u0259t\u0259 g\u0259tirib \u00e7\u0131xaran d\u00fc\u015f\u00fcn\u00fclm\u0259mi\u015f add\u0131mlarda g\u00fcnahland\u0131r\u0131b. Bundan ba\u015fqa, o, m\u00fcharib\u0259nin d\u00fc\u015fm\u0259nl\u0259 gizli raz\u0131la\u015fmalar \u0259sas\u0131nda sona \u00e7atd\u0131\u011f\u0131n\u0131n\u0131 ehtimal edib.<\/p>\n\n\n\n<p><em>Haz\u0131rk\u0131 hakimiyy\u0259t\u0259 qar\u015f\u0131 bar\u0131\u015fmaz m\u00fcxalif\u0259t m\u00f6vqeyind\u0259 \u00e7\u0131x\u0131\u015f ed\u0259n ke\u00e7mi\u015f prezidentin m\u0259tbuat konfrans\u0131nda s\u0259sl\u0259n\u0259n \u0259n vacib tezisl\u0259r.<\/em><\/p>\n\n\n\n<hr class=\"wp-block-separator is-style-wide\"\/>\n\n\n\n<ul class=\"wp-block-list\"><li><a href=\"https:\/\/jam-news.net\/az\/secimsiz-secki-erm%c9%99nistan-niy%c9%99-artiq-kecilmis-yolu-t%c9%99krarlayir\/\" target=\"_blank\" rel=\"noreferrer noopener\"><strong>Se\u00e7imsiz se\u00e7ki: Erm\u0259nistan niy\u0259 art\u0131q ke\u00e7ilmi\u015f yolu t\u0259krarlay\u0131r?<\/strong><\/a><\/li><\/ul>\n\n\n\n<hr class=\"wp-block-separator is-style-wide\"\/>\n\n\n\n<h2 class=\"wp-block-heading\"><strong>M\u00fcrahib\u0259nin ba\u015flamas\u0131 haqda<\/strong><\/h2>\n\n\n\n<ul class=\"wp-block-list\"><li>Erm\u0259nistan hakimiyy\u0259ti \u00f6z d\u00fc\u015f\u00fcn\u00fclm\u0259mi\u015f add\u0131mlar\u0131 il\u0259 Az\u0259rbaycan\u0131n Qaraba\u011f m\u00fcnaqi\u015f\u0259sini g\u00fcc yolu il\u0259 h\u0259ll etm\u0259si \u00fc\u00e7\u00fcn m\u00fcnbit \u015f\u0259rait yarad\u0131b.<\/li><li>Dan\u0131\u015f\u0131qlar prosesi Erm\u0259nistan t\u0259r\u0259finin ziddiyy\u0259tli b\u0259yanatlar\u0131 il\u0259 dalana dir\u0259nib. Bu, AT\u018fT-in Minsk Qrupu h\u0259ms\u0259drl\u0259rind\u0259 [2020-ci ilin pay\u0131z\u0131nda Qaraba\u011fda m\u00fcharib\u0259 ba\u015flayana q\u0259d\u0259r s\u00fclh dan\u0131\u015f\u0131qlar\u0131n\u0131n vasit\u0259\u00e7il\u0259ri &nbsp;\u2014 JAMnews] etimads\u0131zl\u0131q yarad\u0131b. Bel\u0259 t\u0259\u0259s\u00fcrat yaran\u0131b ki, Erm\u0259nistan hakimiyy\u0259ti predmet dan\u0131\u015f\u0131qlardan yay\u0131nmaq ist\u0259yir.<\/li><li>Erm\u0259nistan n\u00fcfuzdan sal\u0131n\u0131b, \u00f6lk\u0259 idar\u0259\u00e7iliyi xaotik xarakter da\u015f\u0131y\u0131b, Rusiya v\u0259 onun liderliyi alt\u0131nda f\u0259aliyy\u0259t g\u00f6st\u0259r\u0259n KTMT h\u0259rbi bloku il\u0259 m\u00fcnasib\u0259tl\u0259r korlan\u0131b.<\/li><li>Hakimiyy\u0259t h\u0259r \u015feyi edib ki, m\u00fcharib\u0259 \u0259r\u0259f\u0259sind\u0259 Erm\u0259nistan t\u0259crid v\u0259ziyy\u0259tin\u0259 d\u00fc\u015fs\u00fcn.<\/li><li>Bu v\u0259ziyy\u0259td\u0259 Az\u0259rbaycan hakimiyy\u0259tin\u0259 ayd\u0131n idi ki, m\u00fcnaqi\u015f\u0259ni g\u00fcc yolu il\u0259 h\u0259ll etm\u0259k \u00fc\u00e7\u00fcn daha m\u00fcnasib v\u0259ziyy\u0259t olmayacaq,m\u00fcharib\u0259ni ba\u015flatmaq v\u0259 davam etdirm\u0259k \u00fc\u00e7\u00fcn riskl\u0259r is\u0259 minimald\u0131r.<\/li><li>Erm\u0259nistan r\u0259hb\u0259rliyi m\u00fcnaqi\u015f\u0259y\u0259 T\u00fcrkiy\u0259nin d\u0259 c\u0259lb olunmas\u0131 \u00fc\u00e7\u00fcn \u0259lind\u0259n g\u0259l\u0259ni edib:<\/li><\/ul>\n\n\n\n<p><em>\u201cErm\u0259nistan hakimiyy\u0259ti T\u00fcrkiy\u0259nin casusu olsayd\u0131, bu m\u0259qs\u0259d\u0259 \u00e7atmaq \u00fc\u00e7\u00fcn el\u0259 eyni \u015feyl\u0259ri ed\u0259rdi\u201d.<\/em><\/p>\n\n\n\n<h2 class=\"wp-block-heading\"><strong>M\u0259\u011flubiyy\u0259t s\u0259b\u0259bl\u0259ri haqda<\/strong><\/h2>\n\n\n\n<ul class=\"wp-block-list\"><li>Ba\u015f nazir Nikol Pa\u015finyan\u0131nm\u00fcharib\u0259 zaman\u0131 k\u00f6n\u00fcll\u00fc d\u0259st\u0259l\u0259rin yarad\u0131lmas\u0131 \u00e7a\u011f\u0131r\u0131\u015f\u0131 Az\u0259rbaycan \u00fc\u00e7\u00fcn Erm\u0259nistan\u0131n art\u0131q resurslar\u0131n\u0131n olmamas\u0131 v\u0259 c\u0259bh\u0259d\u0259 h\u0259rbi t\u0259zyiqi g\u00fccl\u0259ndirm\u0259yin m\u00fcmk\u00fcnl\u00fcy\u00fc haqda siqnal oldu.<\/li><li>Ordular yox, d\u00f6vl\u0259tl\u0259r d\u00f6y\u00fc\u015f\u00fcr, m\u0259hz buna g\u00f6r\u0259 d\u0259 hakimiyy\u0259t h\u0259rbi \u0259m\u0259liyyatlar zaman\u0131 b\u00fct\u00fcn resurslar\u0131 q\u0259l\u0259b\u0259 \u00fc\u00e7\u00fcn s\u0259f\u0259rb\u0259r edir. Amma Erm\u0259nistan\u0131n ali ba\u015f komandan\u0131 [ba\u015f nazir Pa\u015finyan] b\u00fct\u00fcn insan v\u0259 maliyy\u0259 resurslar\u0131n\u0131 s\u0259f\u0259rb\u0259r etm\u0259yib. S\u0259f\u0259rb\u0259rlik u\u011fursuz olub. Bu, m\u0259\u011flubiyy\u0259tin birinci s\u0259b\u0259bidir.<\/li><li>M\u00fcharib\u0259ni d\u00f6vl\u0259t apar\u0131r, ancaq silahl\u0131 q\u00fcvv\u0259l\u0259r yox. Ordu h\u0259rbi \u0259m\u0259liyyatlar zaman\u0131 siyasi d\u0259st\u0259ksiz burax\u0131l\u0131b.<\/li><li>Erm\u0259nistan hakimiyy\u0259ti m\u0259\u011flubiyy\u0259t\u0259 g\u00f6r\u0259 b\u00fct\u00fcn g\u00fcnah\u0131 ordunun \u00fcz\u0259rin\u0259 qoymaq ist\u0259yir, amma fundamental s\u0259hvl\u0259r\u0259 kimin yol verdiyini anlamaq laz\u0131md\u0131r. Generallar is\u0259 art\u0131q dan\u0131\u015fmal\u0131d\u0131r, yoxsa b\u00fct\u00fcn g\u00fcnah onlar\u0131n \u00fcz\u0259rin\u0259 qoyulacaq.<\/li><li>\u00d6lk\u0259 hakimiyy\u0259ti m\u00fcharib\u0259 il\u0259 \u0259laq\u0259dar bir s\u0131ra m\u0259s\u0259l\u0259l\u0259rl\u0259 ba\u011fl\u0131 a\u00e7\u0131qlama verm\u0259kd\u0259n yay\u0131n\u0131r. Onlar\u0131n \u00fcnvan\u0131na s\u0259sl\u0259n\u0259n ittihamlar cavabs\u0131z qal\u0131r. D\u0259rin ara\u015fd\u0131rma aparmaq laz\u0131md\u0131r.<\/li><li>\u00c7ox m\u00fcmk\u00fcnd\u00fcr ki, m\u00fcharib\u0259 Erm\u0259nistan hakimiyy\u0259tinin uzaqg\u00f6r\u0259n olmamas\u0131 il\u0259 \u0259laq\u0259dar ba\u015f verib, amma ola bil\u0259r ki, d\u00fc\u015fm\u0259nl\u0259 raz\u0131la\u015fma \u0259sas\u0131nda ba\u015fa \u00e7at\u0131b.<\/li><\/ul>\n\n\n\n<h2 class=\"wp-block-heading\"><strong>Qaraba\u011f m\u0259s\u0259l\u0259si haqda<\/strong><\/h2>\n\n\n\n<ul class=\"wp-block-list\"><li>Erm\u0259nistan hakimiyy\u0259ti Da\u011fl\u0131q Qaraba\u011f haqda art\u0131q dan\u0131\u015fm\u0131r. Qaraba\u011f \u00fczr\u0259 b\u00fct\u00fcn m\u0259s\u0259l\u0259l\u0259rin h\u0259lli \u015f\u00fcurlu \u015f\u0259kild\u0259 Rusiyan\u0131n \u00fcz\u0259rin\u0259 qoyulur:<\/li><\/ul>\n\n\n\n<p><em>\u201cErm\u0259nistan Qaraba\u011f\u0131n t\u0259hl\u00fck\u0259sizliyinin qarant\u0131 deyil art\u0131q, \u00fcst\u0259lik bel\u0259 t\u0259\u0259ss\u00fcrat yaran\u0131r ki, \u00f6lk\u0259 hakimiyy\u0259ti sanki yaxalar\u0131n\u0131 k\u0259nara \u00e7\u0259kirl\u0259r\u201d.<\/em><\/p>\n\n\n\n<ul class=\"wp-block-list\"><li>Tezlikl\u0259 c\u0259miyy\u0259t Qaraba\u011f \u00fczr\u0259 b\u00fct\u00fcn m\u0259s\u0259l\u0259l\u0259ri, o c\u00fcml\u0259d\u0259n d\u0259 b\u00fct\u00fcn \u0259lveri\u015fsiz q\u0259rarlar\u0131 Rusiya t\u0259r\u0259fi il\u0259 \u0259laq\u0259l\u0259ndir\u0259c\u0259k.<\/li><li>Bak\u0131 Qaraba\u011f m\u0259s\u0259l\u0259sini tam h\u0259ll etdiyini elan edir. B\u0259s Az\u0259rbaycan missiya m\u00fcdd\u0259tl\u0259ri ba\u015fa \u00e7atandan sonra [2025-ci ild\u0259] Qaraba\u011fda s\u00fclhm\u0259raml\u0131lar\u0131n mandat\u0131ndan imtina ets\u0259, n\u0259 ba\u015f ver\u0259c\u0259k?<\/li><li>\u00d6z \u00f6lk\u0259nd\u0259 s\u00fclh yarada bilmirs\u0259ns\u0259, regionda s\u00fclh d\u00f6vr\u00fcn\u00fcn ba\u015flad\u0131\u011f\u0131 haqda dan\u0131\u015fmaq olmaz:<\/li><\/ul>\n\n\n\n<p><em>\u201cBiz regionda s\u00fclh d\u00f6vr\u00fc haqda dan\u0131\u015f\u0131r\u0131q [ba\u015f nazir Pa\u015finyan bu haqda h\u00f6kum\u0259tinin planlar\u0131 kimi b\u0259yan edib]. Sual yaran\u0131r: \u201cCiddi?\u201d [\u2026] S\u0259n \u00f6z\u00fcn\u00fc n\u0259 hesab edirs\u0259n ki, bu c\u00fcr b\u0259yanat ver\u0259s\u0259n [Erm\u0259nistan\u0131n ba\u015f nazirin\u0259 m\u00fcraci\u0259t edir]? G\u00fclm\u0259lidir. S\u0259n dan\u0131\u015f\u0131qlar masas\u0131 \u0259traf\u0131nda oturmam\u0131san, s\u0259n h\u0259min masadasan. S\u0259nin i\u015ftirak\u0131n olmadan s\u0259ni m\u00fczakir\u0259 edirl\u0259r. s\u0259n dan\u0131\u015f\u0131qlar\u0131n subyekti deyils\u0259n art\u0131q, obyektis\u0259n\u201d.<\/em><\/p>\n\n\n\n<ul class=\"wp-block-list\"><li>Diz \u00fcst\u00fcnd\u0259 dan\u0131\u015f\u0131qlar aparmaq \u00e7ox da rahat deyil v\u0259 s\u0259ni al\u00e7aldan biri il\u0259 [Az\u0259rbaycan prezidentini n\u0259z\u0259rd\u0259 tutur] dan\u0131\u015f\u0131q aparmaq m\u00fcmk\u00fcn deyil.<\/li><\/ul>\n\n\n\n<h2 class=\"wp-block-heading\"><strong>T\u00fcrkiy\u0259 il\u0259 m\u00fcnasib\u0259tl\u0259r haqda<\/strong><\/h2>\n\n\n\n<ul class=\"wp-block-list\"><li>C\u0259nubi Qafqazda ciddi prosesl\u0259r ba\u015f verir v\u0259 bu, Erm\u0259nistan\u0131n xeyrin\u0259 deyil.<\/li><li>T\u00fcrkiy\u0259 il\u0259 m\u00fcnasib\u0259tl\u0259rin normalla\u015fmas\u0131 \u00fc\u00e7\u00fcn yalvarmaq olmaz. Erm\u0259nistan\u0131n ba\u015f nazirin\u0259 bu, sad\u0259c\u0259 hakimiyy\u0259tini qorumaq \u00fc\u00e7\u00fcn laz\u0131md\u0131r [Nikol Pa\u015finyan T\u00fcrkiy\u0259 il\u0259 m\u00fcnasib\u0259tl\u0259rin normalla\u015fd\u0131r\u0131lmas\u0131na haz\u0131r oldu\u011funu bildirib]. Bu bir qap\u0131ya oyun olacaq v\u0259 bu, Erm\u0259nistan\u0131n qap\u0131s\u0131 olacaq:<\/li><\/ul>\n\n\n\n<p><em>\u201cBiz xahi\u015f ed\u0259n roluna d\u00fc\u015f\u0259c\u0259yik. Bel\u0259 \u015fey \u0259vv\u0259l olmay\u0131b. Vaxtil\u0259 onlar \u00f6zl\u0259ri komissiya yaratmaq \u00fc\u015f\u00fcn Erm\u0259nistan\u0131n prezidenti kimi m\u0259n\u0259 m\u00fcraci\u0259t edirdil\u0259r. B\u00fct\u00fcn bu m\u0259ktublar var. Siz \u00f6z\u00fcn\u00fcz \u0259min ola bil\u0259rsiz ki, biz o zaman onlara hans\u0131 tonda cavab verirdik\u201d.<\/em><\/p>\n\n\n\n<ul class=\"wp-block-list\"><li>T\u00fcrkiy\u0259 Erm\u0259nistan \u00fc\u00e7\u00fcn t\u0259hl\u00fck\u0259 k\u0259sb edir, maraqlar\u0131n toqqu\u015fmas\u0131 a\u015fkard\u0131r, amma bu o dem\u0259k deyil ki, Ankara il\u0259 dialoqdan tamam imtina etm\u0259k laz\u0131md\u0131r.<\/li><\/ul>\n\n\n\n<h2 class=\"wp-block-heading\"><strong>Hakimiyy\u0259t u\u011frunda m\u00fcbariz\u0259 davam edir<\/strong><\/h2>\n\n\n\n<ul class=\"wp-block-list\"><li>Haz\u0131rk\u0131 Erm\u0259nistan hakimiyy\u0259tinin yekun m\u0259qs\u0259di hakimiyy\u0259tini saxlamaqd\u0131r.<\/li><li>\u201cHayastan\u201d (\u201cErm\u0259nistan\u201d) blokunun [Robert Ko\u00e7aryan\u0131n ba\u015f\u00e7\u0131l\u0131q etdiyi, \u00f6z\u00fc blokun i\u015find\u0259 i\u015ftirak etmir, deputat mandat\u0131ndan imtina edib] timsal\u0131nda parlament m\u00fcxalif\u0259ti hakimiyy\u0259tin d\u0259yi\u015fdirilm\u0259si u\u011frunda m\u00fcbariz\u0259ni davam etdir\u0259c\u0259k. Bu prosesdir v\u0259 hakimiyy\u0259tin d\u0259yi\u015fdirilm\u0259si \u00fc\u00e7\u00fcn b\u00fct\u00fcn m\u00fcmk\u00fcn al\u0259tl\u0259rd\u0259n istifad\u0259 olunacaq:<\/li><\/ul>\n\n\n\n<p><em>\u201cB\u0259li, biz m\u00fcbariz\u0259 aparaca\u011f\u0131q, k\u00fc\u00e7\u0259 m\u00fcbariz\u0259si d\u0259 aparaca\u011f\u0131q, amma bunun \u00fc\u00e7\u00fcn laz\u0131mi \u015f\u0259rait yeti\u015fm\u0259lidir. B\u00fct\u00fcn Erm\u0259nistanda xalqla i\u015fl\u0259m\u0259k laz\u0131md\u0131r, biz xalq\u0131 \u0259min etm\u0259liyik\u201d.<\/em><\/p>\n\n\n\n<ul class=\"wp-block-list\"><li>Blok k\u00fc\u00e7\u0259 m\u00fcbariz\u0259sini t\u0259\u015fkil ed\u0259 bilm\u0259s\u0259, bu, onu g\u00f6st\u0259r\u0259c\u0259k ki, c\u0259miyy\u0259tl\u0259 dan\u0131\u015fmaq \u00fc\u00e7\u00fcn do\u00f6ru s\u00f6zl\u0259ri tapa bilm\u0259mi\u015fik, ya da insanlar ba\u015f ver\u0259nl\u0259ri q\u0259bul edib, bar\u0131\u015f\u0131b.<\/li><\/ul>\n\n\n\n<h2 class=\"wp-block-heading\"><strong>Pa\u015finyan-Ko\u00e7aryan: tarix\u00e7\u0259<\/strong><\/h2>\n\n\n\n<p><a href=\"https:\/\/jam-news.net\/az\/topic\/nikol-pasinyan\/\" target=\"_blank\" rel=\"noreferrer noopener\">Nikol Pa\u015finyan<\/a> h\u0259mi\u015f\u0259 \u00f6z\u00fcn\u00fc m\u00fcxalif siyas\u0259t\u00e7i kimi biruz\u0259 verib, o, 2018-ci il \u201cm\u0259xm\u0259ri inqilab\u201d\u0131n\u0131n lideridir, hakimiyy\u0259t\u0259 d\u0259 bu yolla g\u0259lib. \u0130nqilab\u0131 d\u0259st\u0259kl\u0259y\u0259n c\u0259miyy\u0259tin t\u0259zyiqi alt\u0131nda parlament \u00e7oxlu\u011fu Erm\u0259nistan\u0131n ba\u015f naziri postuna onun namiz\u0259dliyini t\u0259sdiql\u0259di.<\/p>\n\n\n\n<p>G\u0259l\u0259c\u0259k ba\u015f nazir siyasi arenada ilk add\u0131mlar\u0131n\u0131 2007-ci ild\u0259n, \u201cAlternativ\u201d ictimai-siyasi t\u0259\u015f\u0259bb\u00fcs\u00fcn\u00fc yaratmaqla add\u0131m. 2008-ci il parlament se\u00e7kil\u0259rind\u0259 onun ad\u0131 prezident <a href=\"https:\/\/jam-news.net\/az\/topic\/robert-kocharyan\/\" target=\"_blank\" rel=\"noreferrer noopener\">Robert Ko\u00e7aryan\u0131n<\/a> v\u0259 ba\u015f nazir <a href=\"https:\/\/jam-news.net\/az\/topic\/serj-sarqsyan\/\" target=\"_blank\" rel=\"noreferrer noopener\">Serj Sarqsyan\u0131n<\/a> istefas\u0131na nail olma\u011fa \u00e7al\u0131\u015fan \u201c\u0130mpi\u00e7ment\u201d blokunun namiz\u0259dl\u0259r siyah\u0131s\u0131nda birinci olub. Amma blok n\u0259z\u0259rd\u0259 tutulmu\u015f minimum baryerini ke\u00e7\u0259 bilm\u0259yib.<\/p>\n\n\n\n<p>2008-ci il prezident se\u00e7kil\u0259rind\u0259 Nikol Pa\u015finyan prezidentliy\u0259 namiz\u0259d Levon Ter-Petrosyan\u0131n [Erm\u0259nistan\u0131n birinci prezidenti, 1998-ci ild\u0259 istefa verib] maraqlar\u0131n\u0131 t\u0259msil edib. 1 mart 2008-ci ild\u0259 se3\u00e7kil\u0259rin n\u0259tic\u0259l\u0259ri il\u0259 raz\u0131 olmayanlar\u0131n n\u00fcmayi\u015fi da\u011f\u0131d\u0131landan v\u0259 10 n\u0259f\u0259r h\u0259lak olandan sonra Pa\u015finyan k\u00fctl\u0259vi i\u011fti\u015fa\u015flar\u0131n t\u0259\u015fkili ittiham\u0131na g\u00f6r\u0259 bir il b\u0259 d\u00f6rd ay qa\u00e7aq h\u0259yat\u0131 ya\u015fay\u0131b.<\/p>\n\n\n\n<p>2010-cu il iyulun 1-d\u0259 Pa\u015finyan k\u00f6n\u00fcll\u00fc \u015f\u0259kild\u0259 prokurorlu\u011fa g\u0259lib, h\u0259bs edilib v\u0259 yeddi il m\u00fcdd\u0259tin\u0259 azadl\u0131qdan m\u0259hrum edilib. Bir il v\u0259 11 aydan sonra Erm\u0259nistan\u0131n m\u00fcst\u0259qilliyinin 20 illiyi m\u00fcnasib\u0259til\u0259 elan olunmu\u015f amnistiyadan yararlan\u0131b. Politoloqlar hesab edirl\u0259r ki, hakimiyy\u0259t beyn\u0259lxalq strukturlar\u0131n t\u0259zyiqi il\u0259 bu add\u0131m\u0131 atma\u011fa m\u0259cbur olub. Hakimiyy\u0259t\u0259 g\u0259l\u0259nd\u0259n d\u0259rhal sonra Pa\u015finyan h\u00f6kum\u0259ti \u201c1 mart i\u015fi\u201d ni yenid\u0259n a\u00e7d\u0131r\u0131b.<\/p>\n\n\n\n<p>2018-ci il iyulun 28-d\u0259 Robert Ko\u00e7aryan h\u0259bs edilib. Erm\u0259nistan\u0131n ke\u00e7mi\u015f prezidenti konstitusiya qurulu\u015funun devrilm\u0259sind\u0259 g\u00fcnahland\u0131r\u0131l\u0131b. S\u00f6hb\u0259t 2008-ci il 1 mart hadis\u0259l\u0259rind\u0259n gedib. Ko\u00e7aryan bir ild\u0259n \u00e7ox h\u0259bsd\u0259 qal\u0131b. N\u0259tic\u0259d\u0259 Konstitusiya M\u0259hk\u0259m\u0259sinin ittiham\u0131n qanunsuzlu\u011fu haqda q\u0259rar\u0131na \u0259sas\u0259n ona <a href=\"https:\/\/jam-news.net\/az\/mutt%c9%99himl%c9%99r-kursusund%c9%99n-seckil%c9%99r%c9%99-erm%c9%99nistanin-eks-prezidenti-robert-kocaryanin-planlari\/\" target=\"_blank\" rel=\"noreferrer noopener\">b\u0259ra\u0259t verilib<\/a>.<\/p>\n","protected":false},"excerpt":{"rendered":"<p>\u0130ki saata yax\u0131n davam ed\u0259n m\u0259tbuat konfrans\u0131 zaman\u0131 o, ba\u015f nazir Pa\u015finyan\u0131 Qaraba\u011fda m\u00fcharib\u0259y\u0259 v\u0259 m\u0259\u011flubiyy\u0259t\u0259 s\u0259b\u0259b olan d\u00fc\u015f\u00fcn\u00fclm\u0259mi\u015f add\u0131mlarda g\u00fcnahland\u0131r\u0131b<\/p>\n","protected":false},"author":3,"featured_media":53440,"comment_status":"closed","ping_status":"closed","sticky":false,"template":"","format":"standard","meta":{"_acf_changed":false,"footnotes":""},"categories":[27,50,49,5,35],"tags":[5943,33,4579,5939,5940,5941,4996,4331,520,5942],"formation":[],"post-author":[2888],"topic":[4951],"tooltip":[],"city":[6054],"class_list":["post-53528","post","type-post","status-publish","format-standard","has-post-thumbnail","hentry","category-ermnistan","category-xbrlr","category-srh","category-siyast","category-hekaylr","tag-bas-nazir-nikol-pasinytan","tag-ermnistan","tag-ermnistanin-eks-prezidenti","tag-hakimiyyt-ugrunda-mubariz","tag-kecmis-prezident","tag-mglubiyytin-sbblri","tag-mtbuat-konfransi","tag-qarabagda-muharib","tag-robert-kocaryan","tag-turkiy-il-munasibtlr","post-author-jamnews","topic-ermnistan","city-yerevan"],"acf":[],"yoast_head":"<!-- This site is optimized with the Yoast SEO plugin v24.1 - https:\/\/yoast.com\/wordpress\/plugins\/seo\/ -->\n<title>\u201cCiddi prosesl\u0259r ba\u015f verir v\u0259 bu, Erm\u0259nistan\u0131n xeyrin\u0259 deyil\u201d \u2013 eks-prezident Robert Ko\u00e7aryan - JAMnews<\/title>\n<meta name=\"description\" content=\"Eks-prezident Robert Ko\u00e7aryan iki saata yax\u0131n davam ed\u0259n m\u0259tbuat konfrans\u0131nda haz\u0131rk\u0131 hakimiyy\u0259ti s\u0259rt t\u0259nqid edib\" \/>\n<meta name=\"robots\" content=\"index, follow, max-snippet:-1, max-image-preview:large, max-video-preview:-1\" \/>\n<link rel=\"canonical\" href=\"https:\/\/jam-news.net\/az\/ciddi-prosesl\u0259r-bas-verir-v\u0259-bu-erm\u0259nistanin-xeyrin\u0259-deyil-eks-prezident-robert-kocaryan\/\" \/>\n<meta property=\"og:locale\" content=\"az_AZ\" \/>\n<meta property=\"og:type\" content=\"article\" \/>\n<meta property=\"og:title\" content=\"\u201cCiddi prosesl\u0259r ba\u015f verir v\u0259 bu, Erm\u0259nistan\u0131n xeyrin\u0259 deyil\u201d \u2013 eks-prezident Robert Ko\u00e7aryan - JAMnews\" \/>\n<meta property=\"og:description\" content=\"Eks-prezident Robert Ko\u00e7aryan iki saata yax\u0131n davam ed\u0259n m\u0259tbuat konfrans\u0131nda haz\u0131rk\u0131 hakimiyy\u0259ti s\u0259rt t\u0259nqid edib\" \/>\n<meta property=\"og:url\" content=\"https:\/\/jam-news.net\/az\/ciddi-prosesl\u0259r-bas-verir-v\u0259-bu-erm\u0259nistanin-xeyrin\u0259-deyil-eks-prezident-robert-kocaryan\/\" \/>\n<meta property=\"og:site_name\" content=\"Azerbaijani Jamnews\" \/>\n<meta property=\"article:publisher\" content=\"https:\/\/www.facebook.com\/JAMnewsInEnglish\/\" \/>\n<meta property=\"article:published_time\" content=\"2021-10-05T13:59:35+00:00\" \/>\n<meta property=\"article:modified_time\" content=\"2022-01-17T20:55:42+00:00\" \/>\n<meta property=\"og:image\" content=\"https:\/\/jam-news.net\/app\/uploads\/2021\/10\/Robert_Kocharyan_new.jpg\" \/>\n\t<meta property=\"og:image:width\" content=\"1622\" \/>\n\t<meta property=\"og:image:height\" content=\"1080\" \/>\n\t<meta property=\"og:image:type\" content=\"image\/jpeg\" \/>\n<meta name=\"author\" content=\"JAMnews\" \/>\n<meta name=\"twitter:card\" content=\"summary_large_image\" \/>\n<meta name=\"twitter:creator\" content=\"@JAMnewsCaucasus\" \/>\n<meta name=\"twitter:site\" content=\"@JAMnewsCaucasus\" \/>\n<meta name=\"twitter:label1\" content=\"Written by\" \/>\n\t<meta name=\"twitter:data1\" content=\"JAMnews\" \/>\n\t<meta name=\"twitter:label2\" content=\"Est. reading time\" \/>\n\t<meta name=\"twitter:data2\" content=\"9 minutes\" \/>\n<script type=\"application\/ld+json\" class=\"yoast-schema-graph\">{\"@context\":\"https:\/\/schema.org\",\"@graph\":[{\"@type\":\"Article\",\"@id\":\"https:\/\/jam-news.net\/az\/ciddi-prosesl%c9%99r-bas-verir-v%c9%99-bu-erm%c9%99nistanin-xeyrin%c9%99-deyil-eks-prezident-robert-kocaryan\/#article\",\"isPartOf\":{\"@id\":\"https:\/\/jam-news.net\/az\/ciddi-prosesl%c9%99r-bas-verir-v%c9%99-bu-erm%c9%99nistanin-xeyrin%c9%99-deyil-eks-prezident-robert-kocaryan\/\"},\"author\":{\"name\":\"JAMnews\",\"@id\":\"https:\/\/jam-news.net\/az\/#\/schema\/person\/67df3bb7adb46cd513fb9c4cb02361c6\"},\"headline\":\"\u201cCiddi prosesl\u0259r ba\u015f verir v\u0259 bu, Erm\u0259nistan\u0131n xeyrin\u0259 deyil\u201d \u2013 eks-prezident Robert Ko\u00e7aryan\",\"datePublished\":\"2021-10-05T13:59:35+00:00\",\"dateModified\":\"2022-01-17T20:55:42+00:00\",\"mainEntityOfPage\":{\"@id\":\"https:\/\/jam-news.net\/az\/ciddi-prosesl%c9%99r-bas-verir-v%c9%99-bu-erm%c9%99nistanin-xeyrin%c9%99-deyil-eks-prezident-robert-kocaryan\/\"},\"wordCount\":1731,\"publisher\":{\"@id\":\"https:\/\/jam-news.net\/az\/#organization\"},\"image\":{\"@id\":\"https:\/\/jam-news.net\/az\/ciddi-prosesl%c9%99r-bas-verir-v%c9%99-bu-erm%c9%99nistanin-xeyrin%c9%99-deyil-eks-prezident-robert-kocaryan\/#primaryimage\"},\"thumbnailUrl\":\"https:\/\/jam-news.net\/app\/uploads\/2021\/10\/Robert_Kocharyan_new.jpg\",\"keywords\":[\"ba\u015f nazir Nikol Pa\u015finytan\",\"Erm\u0259nistan\",\"Erm\u0259nistan\u0131n eks-prezidenti\",\"hakimiyy\u0259t u\u011frunda m\u00fcbariz\u0259\",\"ke\u00e7mi\u015f prezident\",\"m\u0259\u011flubiyy\u0259tin s\u0259b\u0259bl\u0259ri\",\"m\u0259tbuat konfrans\u0131\",\"Qaraba\u011fda m\u00fcharib\u0259\",\"Robert Ko\u00e7aryan\",\"T\u00fcrkiy\u0259 il\u0259 m\u00fcnasib\u0259tl\u0259r\"],\"articleSection\":[\"Armenia\",\"News\",\"Opinion\",\"Politics\",\"Stories\"],\"inLanguage\":\"az\"},{\"@type\":\"WebPage\",\"@id\":\"https:\/\/jam-news.net\/az\/ciddi-prosesl%c9%99r-bas-verir-v%c9%99-bu-erm%c9%99nistanin-xeyrin%c9%99-deyil-eks-prezident-robert-kocaryan\/\",\"url\":\"https:\/\/jam-news.net\/az\/ciddi-prosesl%c9%99r-bas-verir-v%c9%99-bu-erm%c9%99nistanin-xeyrin%c9%99-deyil-eks-prezident-robert-kocaryan\/\",\"name\":\"\u201cCiddi prosesl\u0259r ba\u015f verir v\u0259 bu, Erm\u0259nistan\u0131n xeyrin\u0259 deyil\u201d \u2013 eks-prezident Robert Ko\u00e7aryan - JAMnews\",\"isPartOf\":{\"@id\":\"https:\/\/jam-news.net\/az\/#website\"},\"primaryImageOfPage\":{\"@id\":\"https:\/\/jam-news.net\/az\/ciddi-prosesl%c9%99r-bas-verir-v%c9%99-bu-erm%c9%99nistanin-xeyrin%c9%99-deyil-eks-prezident-robert-kocaryan\/#primaryimage\"},\"image\":{\"@id\":\"https:\/\/jam-news.net\/az\/ciddi-prosesl%c9%99r-bas-verir-v%c9%99-bu-erm%c9%99nistanin-xeyrin%c9%99-deyil-eks-prezident-robert-kocaryan\/#primaryimage\"},\"thumbnailUrl\":\"https:\/\/jam-news.net\/app\/uploads\/2021\/10\/Robert_Kocharyan_new.jpg\",\"datePublished\":\"2021-10-05T13:59:35+00:00\",\"dateModified\":\"2022-01-17T20:55:42+00:00\",\"description\":\"Eks-prezident Robert Ko\u00e7aryan iki saata yax\u0131n davam ed\u0259n m\u0259tbuat konfrans\u0131nda haz\u0131rk\u0131 hakimiyy\u0259ti s\u0259rt t\u0259nqid edib\",\"breadcrumb\":{\"@id\":\"https:\/\/jam-news.net\/az\/ciddi-prosesl%c9%99r-bas-verir-v%c9%99-bu-erm%c9%99nistanin-xeyrin%c9%99-deyil-eks-prezident-robert-kocaryan\/#breadcrumb\"},\"inLanguage\":\"az\",\"potentialAction\":[{\"@type\":\"ReadAction\",\"target\":[\"https:\/\/jam-news.net\/az\/ciddi-prosesl%c9%99r-bas-verir-v%c9%99-bu-erm%c9%99nistanin-xeyrin%c9%99-deyil-eks-prezident-robert-kocaryan\/\"]}]},{\"@type\":\"ImageObject\",\"inLanguage\":\"az\",\"@id\":\"https:\/\/jam-news.net\/az\/ciddi-prosesl%c9%99r-bas-verir-v%c9%99-bu-erm%c9%99nistanin-xeyrin%c9%99-deyil-eks-prezident-robert-kocaryan\/#primaryimage\",\"url\":\"https:\/\/jam-news.net\/app\/uploads\/2021\/10\/Robert_Kocharyan_new.jpg\",\"contentUrl\":\"https:\/\/jam-news.net\/app\/uploads\/2021\/10\/Robert_Kocharyan_new.jpg\",\"width\":1622,\"height\":1080},{\"@type\":\"BreadcrumbList\",\"@id\":\"https:\/\/jam-news.net\/az\/ciddi-prosesl%c9%99r-bas-verir-v%c9%99-bu-erm%c9%99nistanin-xeyrin%c9%99-deyil-eks-prezident-robert-kocaryan\/#breadcrumb\",\"itemListElement\":[{\"@type\":\"ListItem\",\"position\":1,\"name\":\"Home\",\"item\":\"https:\/\/jam-news.net\/az\/\"},{\"@type\":\"ListItem\",\"position\":2,\"name\":\"\u201cCiddi prosesl\u0259r ba\u015f verir v\u0259 bu, Erm\u0259nistan\u0131n xeyrin\u0259 deyil\u201d \u2013 eks-prezident Robert Ko\u00e7aryan\"}]},{\"@type\":\"WebSite\",\"@id\":\"https:\/\/jam-news.net\/az\/#website\",\"url\":\"https:\/\/jam-news.net\/az\/\",\"name\":\"Azerbaijani Jamnews\",\"description\":\"Caucasus News, Politics and Society\",\"publisher\":{\"@id\":\"https:\/\/jam-news.net\/az\/#organization\"},\"potentialAction\":[{\"@type\":\"SearchAction\",\"target\":{\"@type\":\"EntryPoint\",\"urlTemplate\":\"https:\/\/jam-news.net\/az\/?s={search_term_string}\"},\"query-input\":{\"@type\":\"PropertyValueSpecification\",\"valueRequired\":true,\"valueName\":\"search_term_string\"}}],\"inLanguage\":\"az\"},{\"@type\":\"Organization\",\"@id\":\"https:\/\/jam-news.net\/az\/#organization\",\"name\":\"JAMnews\",\"url\":\"https:\/\/jam-news.net\/az\/\",\"logo\":{\"@type\":\"ImageObject\",\"inLanguage\":\"az\",\"@id\":\"https:\/\/jam-news.net\/az\/#\/schema\/logo\/image\/\",\"url\":\"https:\/\/jam-news.net\/app\/uploads\/2020\/05\/JAM_w.jpg\",\"contentUrl\":\"https:\/\/jam-news.net\/app\/uploads\/2020\/05\/JAM_w.jpg\",\"width\":960,\"height\":960,\"caption\":\"JAMnews\"},\"image\":{\"@id\":\"https:\/\/jam-news.net\/az\/#\/schema\/logo\/image\/\"},\"sameAs\":[\"https:\/\/www.facebook.com\/JAMnewsInEnglish\/\",\"https:\/\/x.com\/JAMnewsCaucasus\",\"https:\/\/www.instagram.com\/jam_news\/\",\"https:\/\/www.youtube.com\/channel\/UCXQbUCme2pykuZYXWHx4VPg\"]},{\"@type\":\"Person\",\"@id\":\"https:\/\/jam-news.net\/az\/#\/schema\/person\/67df3bb7adb46cd513fb9c4cb02361c6\",\"name\":\"JAMnews\",\"image\":{\"@type\":\"ImageObject\",\"inLanguage\":\"az\",\"@id\":\"https:\/\/jam-news.net\/az\/#\/schema\/person\/image\/\",\"url\":\"https:\/\/secure.gravatar.com\/avatar\/e5c27593ef900c3ab3deed4ed1c653d7?s=96&d=mm&r=g\",\"contentUrl\":\"https:\/\/secure.gravatar.com\/avatar\/e5c27593ef900c3ab3deed4ed1c653d7?s=96&d=mm&r=g\",\"caption\":\"JAMnews\"},\"url\":\"https:\/\/jam-news.net\/az\/author\/margarita\/\"}]}<\/script>\n<!-- \/ Yoast SEO plugin. -->","yoast_head_json":{"title":"\u201cCiddi prosesl\u0259r ba\u015f verir v\u0259 bu, Erm\u0259nistan\u0131n xeyrin\u0259 deyil\u201d \u2013 eks-prezident Robert Ko\u00e7aryan - JAMnews","description":"Eks-prezident Robert Ko\u00e7aryan iki saata yax\u0131n davam ed\u0259n m\u0259tbuat konfrans\u0131nda haz\u0131rk\u0131 hakimiyy\u0259ti s\u0259rt t\u0259nqid edib","robots":{"index":"index","follow":"follow","max-snippet":"max-snippet:-1","max-image-preview":"max-image-preview:large","max-video-preview":"max-video-preview:-1"},"canonical":"https:\/\/jam-news.net\/az\/ciddi-prosesl\u0259r-bas-verir-v\u0259-bu-erm\u0259nistanin-xeyrin\u0259-deyil-eks-prezident-robert-kocaryan\/","og_locale":"az_AZ","og_type":"article","og_title":"\u201cCiddi prosesl\u0259r ba\u015f verir v\u0259 bu, Erm\u0259nistan\u0131n xeyrin\u0259 deyil\u201d \u2013 eks-prezident Robert Ko\u00e7aryan - JAMnews","og_description":"Eks-prezident Robert Ko\u00e7aryan iki saata yax\u0131n davam ed\u0259n m\u0259tbuat konfrans\u0131nda haz\u0131rk\u0131 hakimiyy\u0259ti s\u0259rt t\u0259nqid edib","og_url":"https:\/\/jam-news.net\/az\/ciddi-prosesl\u0259r-bas-verir-v\u0259-bu-erm\u0259nistanin-xeyrin\u0259-deyil-eks-prezident-robert-kocaryan\/","og_site_name":"Azerbaijani Jamnews","article_publisher":"https:\/\/www.facebook.com\/JAMnewsInEnglish\/","article_published_time":"2021-10-05T13:59:35+00:00","article_modified_time":"2022-01-17T20:55:42+00:00","og_image":[{"width":1622,"height":1080,"url":"https:\/\/jam-news.net\/app\/uploads\/2021\/10\/Robert_Kocharyan_new.jpg","type":"image\/jpeg"}],"author":"JAMnews","twitter_card":"summary_large_image","twitter_creator":"@JAMnewsCaucasus","twitter_site":"@JAMnewsCaucasus","twitter_misc":{"Written by":"JAMnews","Est. reading time":"9 minutes"},"schema":{"@context":"https:\/\/schema.org","@graph":[{"@type":"Article","@id":"https:\/\/jam-news.net\/az\/ciddi-prosesl%c9%99r-bas-verir-v%c9%99-bu-erm%c9%99nistanin-xeyrin%c9%99-deyil-eks-prezident-robert-kocaryan\/#article","isPartOf":{"@id":"https:\/\/jam-news.net\/az\/ciddi-prosesl%c9%99r-bas-verir-v%c9%99-bu-erm%c9%99nistanin-xeyrin%c9%99-deyil-eks-prezident-robert-kocaryan\/"},"author":{"name":"JAMnews","@id":"https:\/\/jam-news.net\/az\/#\/schema\/person\/67df3bb7adb46cd513fb9c4cb02361c6"},"headline":"\u201cCiddi prosesl\u0259r ba\u015f verir v\u0259 bu, Erm\u0259nistan\u0131n xeyrin\u0259 deyil\u201d \u2013 eks-prezident Robert Ko\u00e7aryan","datePublished":"2021-10-05T13:59:35+00:00","dateModified":"2022-01-17T20:55:42+00:00","mainEntityOfPage":{"@id":"https:\/\/jam-news.net\/az\/ciddi-prosesl%c9%99r-bas-verir-v%c9%99-bu-erm%c9%99nistanin-xeyrin%c9%99-deyil-eks-prezident-robert-kocaryan\/"},"wordCount":1731,"publisher":{"@id":"https:\/\/jam-news.net\/az\/#organization"},"image":{"@id":"https:\/\/jam-news.net\/az\/ciddi-prosesl%c9%99r-bas-verir-v%c9%99-bu-erm%c9%99nistanin-xeyrin%c9%99-deyil-eks-prezident-robert-kocaryan\/#primaryimage"},"thumbnailUrl":"https:\/\/jam-news.net\/app\/uploads\/2021\/10\/Robert_Kocharyan_new.jpg","keywords":["ba\u015f nazir Nikol Pa\u015finytan","Erm\u0259nistan","Erm\u0259nistan\u0131n eks-prezidenti","hakimiyy\u0259t u\u011frunda m\u00fcbariz\u0259","ke\u00e7mi\u015f prezident","m\u0259\u011flubiyy\u0259tin s\u0259b\u0259bl\u0259ri","m\u0259tbuat konfrans\u0131","Qaraba\u011fda m\u00fcharib\u0259","Robert Ko\u00e7aryan","T\u00fcrkiy\u0259 il\u0259 m\u00fcnasib\u0259tl\u0259r"],"articleSection":["Armenia","News","Opinion","Politics","Stories"],"inLanguage":"az"},{"@type":"WebPage","@id":"https:\/\/jam-news.net\/az\/ciddi-prosesl%c9%99r-bas-verir-v%c9%99-bu-erm%c9%99nistanin-xeyrin%c9%99-deyil-eks-prezident-robert-kocaryan\/","url":"https:\/\/jam-news.net\/az\/ciddi-prosesl%c9%99r-bas-verir-v%c9%99-bu-erm%c9%99nistanin-xeyrin%c9%99-deyil-eks-prezident-robert-kocaryan\/","name":"\u201cCiddi prosesl\u0259r ba\u015f verir v\u0259 bu, Erm\u0259nistan\u0131n xeyrin\u0259 deyil\u201d \u2013 eks-prezident Robert Ko\u00e7aryan - JAMnews","isPartOf":{"@id":"https:\/\/jam-news.net\/az\/#website"},"primaryImageOfPage":{"@id":"https:\/\/jam-news.net\/az\/ciddi-prosesl%c9%99r-bas-verir-v%c9%99-bu-erm%c9%99nistanin-xeyrin%c9%99-deyil-eks-prezident-robert-kocaryan\/#primaryimage"},"image":{"@id":"https:\/\/jam-news.net\/az\/ciddi-prosesl%c9%99r-bas-verir-v%c9%99-bu-erm%c9%99nistanin-xeyrin%c9%99-deyil-eks-prezident-robert-kocaryan\/#primaryimage"},"thumbnailUrl":"https:\/\/jam-news.net\/app\/uploads\/2021\/10\/Robert_Kocharyan_new.jpg","datePublished":"2021-10-05T13:59:35+00:00","dateModified":"2022-01-17T20:55:42+00:00","description":"Eks-prezident Robert Ko\u00e7aryan iki saata yax\u0131n davam ed\u0259n m\u0259tbuat konfrans\u0131nda haz\u0131rk\u0131 hakimiyy\u0259ti s\u0259rt t\u0259nqid edib","breadcrumb":{"@id":"https:\/\/jam-news.net\/az\/ciddi-prosesl%c9%99r-bas-verir-v%c9%99-bu-erm%c9%99nistanin-xeyrin%c9%99-deyil-eks-prezident-robert-kocaryan\/#breadcrumb"},"inLanguage":"az","potentialAction":[{"@type":"ReadAction","target":["https:\/\/jam-news.net\/az\/ciddi-prosesl%c9%99r-bas-verir-v%c9%99-bu-erm%c9%99nistanin-xeyrin%c9%99-deyil-eks-prezident-robert-kocaryan\/"]}]},{"@type":"ImageObject","inLanguage":"az","@id":"https:\/\/jam-news.net\/az\/ciddi-prosesl%c9%99r-bas-verir-v%c9%99-bu-erm%c9%99nistanin-xeyrin%c9%99-deyil-eks-prezident-robert-kocaryan\/#primaryimage","url":"https:\/\/jam-news.net\/app\/uploads\/2021\/10\/Robert_Kocharyan_new.jpg","contentUrl":"https:\/\/jam-news.net\/app\/uploads\/2021\/10\/Robert_Kocharyan_new.jpg","width":1622,"height":1080},{"@type":"BreadcrumbList","@id":"https:\/\/jam-news.net\/az\/ciddi-prosesl%c9%99r-bas-verir-v%c9%99-bu-erm%c9%99nistanin-xeyrin%c9%99-deyil-eks-prezident-robert-kocaryan\/#breadcrumb","itemListElement":[{"@type":"ListItem","position":1,"name":"Home","item":"https:\/\/jam-news.net\/az\/"},{"@type":"ListItem","position":2,"name":"\u201cCiddi prosesl\u0259r ba\u015f verir v\u0259 bu, Erm\u0259nistan\u0131n xeyrin\u0259 deyil\u201d \u2013 eks-prezident Robert Ko\u00e7aryan"}]},{"@type":"WebSite","@id":"https:\/\/jam-news.net\/az\/#website","url":"https:\/\/jam-news.net\/az\/","name":"Azerbaijani Jamnews","description":"Caucasus News, Politics and Society","publisher":{"@id":"https:\/\/jam-news.net\/az\/#organization"},"potentialAction":[{"@type":"SearchAction","target":{"@type":"EntryPoint","urlTemplate":"https:\/\/jam-news.net\/az\/?s={search_term_string}"},"query-input":{"@type":"PropertyValueSpecification","valueRequired":true,"valueName":"search_term_string"}}],"inLanguage":"az"},{"@type":"Organization","@id":"https:\/\/jam-news.net\/az\/#organization","name":"JAMnews","url":"https:\/\/jam-news.net\/az\/","logo":{"@type":"ImageObject","inLanguage":"az","@id":"https:\/\/jam-news.net\/az\/#\/schema\/logo\/image\/","url":"https:\/\/jam-news.net\/app\/uploads\/2020\/05\/JAM_w.jpg","contentUrl":"https:\/\/jam-news.net\/app\/uploads\/2020\/05\/JAM_w.jpg","width":960,"height":960,"caption":"JAMnews"},"image":{"@id":"https:\/\/jam-news.net\/az\/#\/schema\/logo\/image\/"},"sameAs":["https:\/\/www.facebook.com\/JAMnewsInEnglish\/","https:\/\/x.com\/JAMnewsCaucasus","https:\/\/www.instagram.com\/jam_news\/","https:\/\/www.youtube.com\/channel\/UCXQbUCme2pykuZYXWHx4VPg"]},{"@type":"Person","@id":"https:\/\/jam-news.net\/az\/#\/schema\/person\/67df3bb7adb46cd513fb9c4cb02361c6","name":"JAMnews","image":{"@type":"ImageObject","inLanguage":"az","@id":"https:\/\/jam-news.net\/az\/#\/schema\/person\/image\/","url":"https:\/\/secure.gravatar.com\/avatar\/e5c27593ef900c3ab3deed4ed1c653d7?s=96&d=mm&r=g","contentUrl":"https:\/\/secure.gravatar.com\/avatar\/e5c27593ef900c3ab3deed4ed1c653d7?s=96&d=mm&r=g","caption":"JAMnews"},"url":"https:\/\/jam-news.net\/az\/author\/margarita\/"}]}},"_links":{"self":[{"href":"https:\/\/jam-news.net\/az\/wp-json\/wp\/v2\/posts\/53528","targetHints":{"allow":["GET"]}}],"collection":[{"href":"https:\/\/jam-news.net\/az\/wp-json\/wp\/v2\/posts"}],"about":[{"href":"https:\/\/jam-news.net\/az\/wp-json\/wp\/v2\/types\/post"}],"author":[{"embeddable":true,"href":"https:\/\/jam-news.net\/az\/wp-json\/wp\/v2\/users\/3"}],"replies":[{"embeddable":true,"href":"https:\/\/jam-news.net\/az\/wp-json\/wp\/v2\/comments?post=53528"}],"version-history":[{"count":3,"href":"https:\/\/jam-news.net\/az\/wp-json\/wp\/v2\/posts\/53528\/revisions"}],"predecessor-version":[{"id":53540,"href":"https:\/\/jam-news.net\/az\/wp-json\/wp\/v2\/posts\/53528\/revisions\/53540"}],"wp:featuredmedia":[{"embeddable":true,"href":"https:\/\/jam-news.net\/az\/wp-json\/wp\/v2\/media\/53440"}],"wp:attachment":[{"href":"https:\/\/jam-news.net\/az\/wp-json\/wp\/v2\/media?parent=53528"}],"wp:term":[{"taxonomy":"category","embeddable":true,"href":"https:\/\/jam-news.net\/az\/wp-json\/wp\/v2\/categories?post=53528"},{"taxonomy":"post_tag","embeddable":true,"href":"https:\/\/jam-news.net\/az\/wp-json\/wp\/v2\/tags?post=53528"},{"taxonomy":"formation","embeddable":true,"href":"https:\/\/jam-news.net\/az\/wp-json\/wp\/v2\/formation?post=53528"},{"taxonomy":"post-author","embeddable":true,"href":"https:\/\/jam-news.net\/az\/wp-json\/wp\/v2\/post-author?post=53528"},{"taxonomy":"topic","embeddable":true,"href":"https:\/\/jam-news.net\/az\/wp-json\/wp\/v2\/topic?post=53528"},{"taxonomy":"tooltip","embeddable":true,"href":"https:\/\/jam-news.net\/az\/wp-json\/wp\/v2\/tooltip?post=53528"},{"taxonomy":"city","embeddable":true,"href":"https:\/\/jam-news.net\/az\/wp-json\/wp\/v2\/city?post=53528"}],"curies":[{"name":"wp","href":"https:\/\/api.w.org\/{rel}","templated":true}]}}