{"id":5333,"date":"2017-04-13T00:00:00","date_gmt":"2017-04-13T00:00:00","guid":{"rendered":"http:\/\/jam-news.net\/az\/erm%c9%99nistan-v%c9%99-ai-viza-rejiminin-l%c9%99gvi-il%c9%99-bagli-dialoq-planlasdirir\/"},"modified":"2022-01-18T01:33:23","modified_gmt":"2022-01-17T21:33:23","slug":"erm%c9%99nistan-v%c9%99-ai-viza-rejiminin-l%c9%99gvi-il%c9%99-bagli-dialoq-planlasdirir","status":"publish","type":"post","link":"https:\/\/jam-news.net\/az\/erm%c9%99nistan-v%c9%99-ai-viza-rejiminin-l%c9%99gvi-il%c9%99-bagli-dialoq-planlasdirir\/","title":{"rendered":"Erm\u0259nistan v\u0259 A\u0130 viza rejiminin l\u0259\u011fvi il\u0259 ba\u011fl\u0131 dialoq planla\u015fd\u0131r\u0131r"},"content":{"rendered":"<p>Erm\u0259nistan\u0131n Xarici \u0130\u015fl\u0259r naziri Edvard Nalbandyan bildirib ki, \u201cErm\u0259nistan v\u0259 Avropa \u0130ttifaq\u0131 son \u00fc\u00e7 ild\u0259 viza rejiminin sad\u0259l\u0259\u015fdirilm\u0259si v\u0259 readmissiyas\u0131 haqda raz\u0131la\u015fman\u0131 u\u011furla h\u0259yata ke\u00e7irib\u201d. Nalbandyan\u0131n s\u00f6zl\u0259rin\u0259 g\u00f6r\u0259, n\u00f6vb\u0259ti add\u0131m viza rejiminin liberalla\u015fd\u0131r\u0131lmas\u0131 haqda dialoq olacaq.<\/p>\n<p>B\u0259yanat Vi\u015feqrad d\u00f6rdl\u00fcy\u00fc v\u0259 \u015e\u0259rq t\u0259r\u0259fda\u015fl\u0131\u011f\u0131 \u00f6lk\u0259l\u0259rinin xarici i\u015fl\u0259r nazirl\u0259rinin Var\u015favadak\u0131 g\u00f6r\u00fc\u015f\u00fcnd\u0259 s\u0259sl\u0259nib.<\/p>\n<p>Viza rejiminin liberalla\u015fd\u0131r\u0131lmas\u0131 Erm\u0259nistan v\u0259 A\u0130 aras\u0131nda imzalanmas\u0131 planla\u015fd\u0131r\u0131lan \u00c7\u0259r\u00e7iv\u0259 Sazi\u015fi \u00e7\u0259r\u00e7iv\u0259sind\u0259 n\u0259z\u0259rd\u0259 tutulub. Erm\u0259nistan Avrasiya \u0130qtisadi Birliyin\u0259 daxil oldu\u011fu \u00fc\u00e7\u00fcn 2013-c\u00fc ild\u0259 assosiasiya haqda Sazi\u015f imzalanmad\u0131.<\/p>\n<p>\u0130mzalanacaq \u00c7\u0259r\u00e7iv\u0259 Sazi\u015fini \u00e7oxlar\u0131 siyasi adland\u0131r\u0131r. Assosiasiya haqda \u00f6t\u0259n Sazi\u015f daha \u00e7ox iqtisadi idi v\u0259 Azad Ticar\u0259t Zonas\u0131n\u0131n yarad\u0131lmas\u0131n\u0131 n\u0259z\u0259rd\u0259 tuturdu.<\/p>\n<p>Qafqaz \u0130nstitutunun elmi i\u015f\u00e7isi Qrant Mikaelyan vizas\u0131z rejimin \u0259ld\u0259 edilm\u0259sini real hesab edir. Onun s\u00f6zl\u0259rin\u0259 g\u00f6r\u0259 2013-c\u00fc ild\u0259 Assosiasiya haqda Sazi\u015fi imzalamaq m\u00fcmk\u00fcn olmad\u0131, amma bununla bel\u0259 Erm\u0259nistan v\u0259t\u0259nda\u015flar\u0131 \u00fc\u00e7\u00fcn viza rejimi yum\u015fald\u0131ld\u0131.<\/p>\n<p>Haz\u0131rda imzalanma\u011fa haz\u0131rlanan yeni raz\u0131la\u015fma \u00e7\u0259r\u00e7iv\u0259sind\u0259 viza rejiminin l\u0259\u011fvi il\u0259 ba\u011fl\u0131 dan\u0131\u015f\u0131qlar\u0131n ba\u015flanmas\u0131 g\u00f6zl\u0259nilir. Dan\u0131\u015f\u0131qlar\u0131n 2017-ci ilin sonunda ba\u015flamas\u0131 v\u0259 2019-2020-ci ill\u0259rd\u0259 yekunla\u015fmas\u0131 m\u00fcmk\u00fcnd\u00fcr.<\/p>\n<p>Erm\u0259nistan Xarici \u0130\u015fl\u0259r naziri Var\u015favadak\u0131 g\u00f6r\u00fc\u015f zaman\u0131 h\u0259m\u00e7inin \u201c\u015e\u0259rq rt\u0259r\u0259fda\u015fl\u0131\u011f\u0131n\u0131n\u201d \u0259sas prinsipl\u0259rd\u0259n birinin \u2013 v\u0259t\u0259nda\u015flar\u0131n mobilliyini t\u0259min etm\u0259yin vacibliyi haqda bildirib ki, bu da c\u0259miyy\u0259tl\u0259r aras\u0131nda \u0259laq\u0259l\u0259rin geni\u015fl\u0259nm\u0259sin\u0259 xidm\u0259t ed\u0259c\u0259k.<\/p>\n<p>O b\u0259yan edib ki, Avropa \u0130ttifaq\u0131 v\u0259 Avrasiya \u0130qtisadi Birliyi aras\u0131nda \u0259laq\u0259l\u0259r \u201crealist v\u0259 konkret n\u0259tic\u0259l\u0259r\u0259 h\u0259d\u0259fl\u0259nmi\u015f dialoqun bir hiss\u0259si olmal\u0131d\u0131r. Erm\u0259nistan Avrasiya \u0130qtisadi Birliyinin \u00fczv\u00fc v\u0259 \u015e\u0259rq t\u0259r\u0259fda\u015fl\u0131\u011f\u0131n\u0131n i\u015ftirak\u00e7\u0131s\u0131 olaraq bu i\u015f\u0259 \u00f6z t\u00f6hf\u0259sini verm\u0259y\u0259 haz\u0131rd\u0131r\u201d.<\/p>\n","protected":false},"excerpt":{"rendered":"<p>Dan\u0131\u015f\u0131qlar 2017-ci ilin sonunda ba\u015flayacaq v\u0259 2019-2020-ci ill\u0259rd\u0259 yekunla\u015facaq<\/p>\n","protected":false},"author":8,"featured_media":19852,"comment_status":"open","ping_status":"open","sticky":false,"template":"","format":"standard","meta":{"_acf_changed":false,"footnotes":""},"categories":[27,2,50],"tags":[136,33],"formation":[],"post-author":[2888],"topic":[],"tooltip":[],"city":[6054],"class_list":["post-5333","post","type-post","status-publish","format-standard","has-post-thumbnail","hentry","category-ermnistan","category-cografiya","category-xbrlr","tag-avropa-ittifaqi","tag-ermnistan","post-author-jamnews","city-yerevan"],"acf":[],"yoast_head":"<!-- This site is optimized with the Yoast SEO plugin v24.1 - https:\/\/yoast.com\/wordpress\/plugins\/seo\/ -->\n<title>Erm\u0259nistan v\u0259 A\u0130 viza rejiminin l\u0259\u011fvi il\u0259 ba\u011fl\u0131 dialoq planla\u015fd\u0131r\u0131r - JAMnews<\/title>\n<meta name=\"robots\" content=\"index, follow, max-snippet:-1, max-image-preview:large, max-video-preview:-1\" \/>\n<link rel=\"canonical\" href=\"https:\/\/jam-news.net\/az\/erm\u0259nistan-v\u0259-ai-viza-rejiminin-l\u0259gvi-il\u0259-bagli-dialoq-planlasdirir\/\" \/>\n<meta property=\"og:locale\" content=\"az_AZ\" \/>\n<meta property=\"og:type\" content=\"article\" \/>\n<meta property=\"og:title\" content=\"Erm\u0259nistan v\u0259 A\u0130 viza rejiminin l\u0259\u011fvi il\u0259 ba\u011fl\u0131 dialoq planla\u015fd\u0131r\u0131r - JAMnews\" \/>\n<meta property=\"og:description\" content=\"Dan\u0131\u015f\u0131qlar 2017-ci ilin sonunda ba\u015flayacaq v\u0259 2019-2020-ci ill\u0259rd\u0259 yekunla\u015facaq\" \/>\n<meta property=\"og:url\" content=\"https:\/\/jam-news.net\/az\/erm\u0259nistan-v\u0259-ai-viza-rejiminin-l\u0259gvi-il\u0259-bagli-dialoq-planlasdirir\/\" \/>\n<meta property=\"og:site_name\" content=\"Azerbaijani Jamnews\" \/>\n<meta property=\"article:publisher\" content=\"https:\/\/www.facebook.com\/JAMnewsInEnglish\/\" \/>\n<meta property=\"article:published_time\" content=\"2017-04-13T00:00:00+00:00\" \/>\n<meta property=\"article:modified_time\" content=\"2022-01-17T21:33:23+00:00\" \/>\n<meta property=\"og:image\" content=\"https:\/\/jam-news.net\/app\/uploads\/2020\/03\/7878_hq-3-scaled.jpg\" \/>\n\t<meta property=\"og:image:width\" content=\"2560\" \/>\n\t<meta property=\"og:image:height\" content=\"940\" \/>\n\t<meta property=\"og:image:type\" content=\"image\/jpeg\" \/>\n<meta name=\"author\" content=\"Naira Martikian\" \/>\n<meta name=\"twitter:card\" content=\"summary_large_image\" \/>\n<meta name=\"twitter:creator\" content=\"@JAMnewsCaucasus\" \/>\n<meta name=\"twitter:site\" content=\"@JAMnewsCaucasus\" \/>\n<meta name=\"twitter:label1\" content=\"Written by\" \/>\n\t<meta name=\"twitter:data1\" content=\"Naira Martikian\" \/>\n\t<meta name=\"twitter:label2\" content=\"Est. reading time\" \/>\n\t<meta name=\"twitter:data2\" content=\"2 minutes\" \/>\n<script type=\"application\/ld+json\" class=\"yoast-schema-graph\">{\"@context\":\"https:\/\/schema.org\",\"@graph\":[{\"@type\":\"Article\",\"@id\":\"https:\/\/jam-news.net\/az\/erm%c9%99nistan-v%c9%99-ai-viza-rejiminin-l%c9%99gvi-il%c9%99-bagli-dialoq-planlasdirir\/#article\",\"isPartOf\":{\"@id\":\"https:\/\/jam-news.net\/az\/erm%c9%99nistan-v%c9%99-ai-viza-rejiminin-l%c9%99gvi-il%c9%99-bagli-dialoq-planlasdirir\/\"},\"author\":{\"name\":\"Naira Martikian\",\"@id\":\"https:\/\/jam-news.net\/az\/#\/schema\/person\/e82f374df8fce3377c56e285e5c11387\"},\"headline\":\"Erm\u0259nistan v\u0259 A\u0130 viza rejiminin l\u0259\u011fvi il\u0259 ba\u011fl\u0131 dialoq planla\u015fd\u0131r\u0131r\",\"datePublished\":\"2017-04-13T00:00:00+00:00\",\"dateModified\":\"2022-01-17T21:33:23+00:00\",\"mainEntityOfPage\":{\"@id\":\"https:\/\/jam-news.net\/az\/erm%c9%99nistan-v%c9%99-ai-viza-rejiminin-l%c9%99gvi-il%c9%99-bagli-dialoq-planlasdirir\/\"},\"wordCount\":397,\"commentCount\":0,\"publisher\":{\"@id\":\"https:\/\/jam-news.net\/az\/#organization\"},\"image\":{\"@id\":\"https:\/\/jam-news.net\/az\/erm%c9%99nistan-v%c9%99-ai-viza-rejiminin-l%c9%99gvi-il%c9%99-bagli-dialoq-planlasdirir\/#primaryimage\"},\"thumbnailUrl\":\"https:\/\/jam-news.net\/app\/uploads\/2020\/03\/7878_hq-3-scaled.jpg\",\"keywords\":[\"Avropa \u0130ttifaq\u0131\",\"Erm\u0259nistan\"],\"articleSection\":[\"Armenia\",\"Geography\",\"News\"],\"inLanguage\":\"az\"},{\"@type\":\"WebPage\",\"@id\":\"https:\/\/jam-news.net\/az\/erm%c9%99nistan-v%c9%99-ai-viza-rejiminin-l%c9%99gvi-il%c9%99-bagli-dialoq-planlasdirir\/\",\"url\":\"https:\/\/jam-news.net\/az\/erm%c9%99nistan-v%c9%99-ai-viza-rejiminin-l%c9%99gvi-il%c9%99-bagli-dialoq-planlasdirir\/\",\"name\":\"Erm\u0259nistan v\u0259 A\u0130 viza rejiminin l\u0259\u011fvi il\u0259 ba\u011fl\u0131 dialoq planla\u015fd\u0131r\u0131r - JAMnews\",\"isPartOf\":{\"@id\":\"https:\/\/jam-news.net\/az\/#website\"},\"primaryImageOfPage\":{\"@id\":\"https:\/\/jam-news.net\/az\/erm%c9%99nistan-v%c9%99-ai-viza-rejiminin-l%c9%99gvi-il%c9%99-bagli-dialoq-planlasdirir\/#primaryimage\"},\"image\":{\"@id\":\"https:\/\/jam-news.net\/az\/erm%c9%99nistan-v%c9%99-ai-viza-rejiminin-l%c9%99gvi-il%c9%99-bagli-dialoq-planlasdirir\/#primaryimage\"},\"thumbnailUrl\":\"https:\/\/jam-news.net\/app\/uploads\/2020\/03\/7878_hq-3-scaled.jpg\",\"datePublished\":\"2017-04-13T00:00:00+00:00\",\"dateModified\":\"2022-01-17T21:33:23+00:00\",\"breadcrumb\":{\"@id\":\"https:\/\/jam-news.net\/az\/erm%c9%99nistan-v%c9%99-ai-viza-rejiminin-l%c9%99gvi-il%c9%99-bagli-dialoq-planlasdirir\/#breadcrumb\"},\"inLanguage\":\"az\",\"potentialAction\":[{\"@type\":\"ReadAction\",\"target\":[\"https:\/\/jam-news.net\/az\/erm%c9%99nistan-v%c9%99-ai-viza-rejiminin-l%c9%99gvi-il%c9%99-bagli-dialoq-planlasdirir\/\"]}]},{\"@type\":\"ImageObject\",\"inLanguage\":\"az\",\"@id\":\"https:\/\/jam-news.net\/az\/erm%c9%99nistan-v%c9%99-ai-viza-rejiminin-l%c9%99gvi-il%c9%99-bagli-dialoq-planlasdirir\/#primaryimage\",\"url\":\"https:\/\/jam-news.net\/app\/uploads\/2020\/03\/7878_hq-3-scaled.jpg\",\"contentUrl\":\"https:\/\/jam-news.net\/app\/uploads\/2020\/03\/7878_hq-3-scaled.jpg\",\"width\":2560,\"height\":940},{\"@type\":\"BreadcrumbList\",\"@id\":\"https:\/\/jam-news.net\/az\/erm%c9%99nistan-v%c9%99-ai-viza-rejiminin-l%c9%99gvi-il%c9%99-bagli-dialoq-planlasdirir\/#breadcrumb\",\"itemListElement\":[{\"@type\":\"ListItem\",\"position\":1,\"name\":\"Home\",\"item\":\"https:\/\/jam-news.net\/az\/\"},{\"@type\":\"ListItem\",\"position\":2,\"name\":\"Erm\u0259nistan v\u0259 A\u0130 viza rejiminin l\u0259\u011fvi il\u0259 ba\u011fl\u0131 dialoq planla\u015fd\u0131r\u0131r\"}]},{\"@type\":\"WebSite\",\"@id\":\"https:\/\/jam-news.net\/az\/#website\",\"url\":\"https:\/\/jam-news.net\/az\/\",\"name\":\"Azerbaijani Jamnews\",\"description\":\"Caucasus News, Politics and Society\",\"publisher\":{\"@id\":\"https:\/\/jam-news.net\/az\/#organization\"},\"potentialAction\":[{\"@type\":\"SearchAction\",\"target\":{\"@type\":\"EntryPoint\",\"urlTemplate\":\"https:\/\/jam-news.net\/az\/?s={search_term_string}\"},\"query-input\":{\"@type\":\"PropertyValueSpecification\",\"valueRequired\":true,\"valueName\":\"search_term_string\"}}],\"inLanguage\":\"az\"},{\"@type\":\"Organization\",\"@id\":\"https:\/\/jam-news.net\/az\/#organization\",\"name\":\"JAMnews\",\"url\":\"https:\/\/jam-news.net\/az\/\",\"logo\":{\"@type\":\"ImageObject\",\"inLanguage\":\"az\",\"@id\":\"https:\/\/jam-news.net\/az\/#\/schema\/logo\/image\/\",\"url\":\"https:\/\/jam-news.net\/app\/uploads\/2020\/05\/JAM_w.jpg\",\"contentUrl\":\"https:\/\/jam-news.net\/app\/uploads\/2020\/05\/JAM_w.jpg\",\"width\":960,\"height\":960,\"caption\":\"JAMnews\"},\"image\":{\"@id\":\"https:\/\/jam-news.net\/az\/#\/schema\/logo\/image\/\"},\"sameAs\":[\"https:\/\/www.facebook.com\/JAMnewsInEnglish\/\",\"https:\/\/x.com\/JAMnewsCaucasus\",\"https:\/\/www.instagram.com\/jam_news\/\",\"https:\/\/www.youtube.com\/channel\/UCXQbUCme2pykuZYXWHx4VPg\"]},{\"@type\":\"Person\",\"@id\":\"https:\/\/jam-news.net\/az\/#\/schema\/person\/e82f374df8fce3377c56e285e5c11387\",\"name\":\"Naira Martikian\",\"image\":{\"@type\":\"ImageObject\",\"inLanguage\":\"az\",\"@id\":\"https:\/\/jam-news.net\/az\/#\/schema\/person\/image\/\",\"url\":\"https:\/\/secure.gravatar.com\/avatar\/0696bcd343e46256c029b752a654bade?s=96&d=mm&r=g\",\"contentUrl\":\"https:\/\/secure.gravatar.com\/avatar\/0696bcd343e46256c029b752a654bade?s=96&d=mm&r=g\",\"caption\":\"Naira Martikian\"},\"url\":\"https:\/\/jam-news.net\/az\/author\/nairama\/\"}]}<\/script>\n<!-- \/ Yoast SEO plugin. -->","yoast_head_json":{"title":"Erm\u0259nistan v\u0259 A\u0130 viza rejiminin l\u0259\u011fvi il\u0259 ba\u011fl\u0131 dialoq planla\u015fd\u0131r\u0131r - JAMnews","robots":{"index":"index","follow":"follow","max-snippet":"max-snippet:-1","max-image-preview":"max-image-preview:large","max-video-preview":"max-video-preview:-1"},"canonical":"https:\/\/jam-news.net\/az\/erm\u0259nistan-v\u0259-ai-viza-rejiminin-l\u0259gvi-il\u0259-bagli-dialoq-planlasdirir\/","og_locale":"az_AZ","og_type":"article","og_title":"Erm\u0259nistan v\u0259 A\u0130 viza rejiminin l\u0259\u011fvi il\u0259 ba\u011fl\u0131 dialoq planla\u015fd\u0131r\u0131r - JAMnews","og_description":"Dan\u0131\u015f\u0131qlar 2017-ci ilin sonunda ba\u015flayacaq v\u0259 2019-2020-ci ill\u0259rd\u0259 yekunla\u015facaq","og_url":"https:\/\/jam-news.net\/az\/erm\u0259nistan-v\u0259-ai-viza-rejiminin-l\u0259gvi-il\u0259-bagli-dialoq-planlasdirir\/","og_site_name":"Azerbaijani Jamnews","article_publisher":"https:\/\/www.facebook.com\/JAMnewsInEnglish\/","article_published_time":"2017-04-13T00:00:00+00:00","article_modified_time":"2022-01-17T21:33:23+00:00","og_image":[{"width":2560,"height":940,"url":"https:\/\/jam-news.net\/app\/uploads\/2020\/03\/7878_hq-3-scaled.jpg","type":"image\/jpeg"}],"author":"Naira Martikian","twitter_card":"summary_large_image","twitter_creator":"@JAMnewsCaucasus","twitter_site":"@JAMnewsCaucasus","twitter_misc":{"Written by":"Naira Martikian","Est. reading time":"2 minutes"},"schema":{"@context":"https:\/\/schema.org","@graph":[{"@type":"Article","@id":"https:\/\/jam-news.net\/az\/erm%c9%99nistan-v%c9%99-ai-viza-rejiminin-l%c9%99gvi-il%c9%99-bagli-dialoq-planlasdirir\/#article","isPartOf":{"@id":"https:\/\/jam-news.net\/az\/erm%c9%99nistan-v%c9%99-ai-viza-rejiminin-l%c9%99gvi-il%c9%99-bagli-dialoq-planlasdirir\/"},"author":{"name":"Naira Martikian","@id":"https:\/\/jam-news.net\/az\/#\/schema\/person\/e82f374df8fce3377c56e285e5c11387"},"headline":"Erm\u0259nistan v\u0259 A\u0130 viza rejiminin l\u0259\u011fvi il\u0259 ba\u011fl\u0131 dialoq planla\u015fd\u0131r\u0131r","datePublished":"2017-04-13T00:00:00+00:00","dateModified":"2022-01-17T21:33:23+00:00","mainEntityOfPage":{"@id":"https:\/\/jam-news.net\/az\/erm%c9%99nistan-v%c9%99-ai-viza-rejiminin-l%c9%99gvi-il%c9%99-bagli-dialoq-planlasdirir\/"},"wordCount":397,"commentCount":0,"publisher":{"@id":"https:\/\/jam-news.net\/az\/#organization"},"image":{"@id":"https:\/\/jam-news.net\/az\/erm%c9%99nistan-v%c9%99-ai-viza-rejiminin-l%c9%99gvi-il%c9%99-bagli-dialoq-planlasdirir\/#primaryimage"},"thumbnailUrl":"https:\/\/jam-news.net\/app\/uploads\/2020\/03\/7878_hq-3-scaled.jpg","keywords":["Avropa \u0130ttifaq\u0131","Erm\u0259nistan"],"articleSection":["Armenia","Geography","News"],"inLanguage":"az"},{"@type":"WebPage","@id":"https:\/\/jam-news.net\/az\/erm%c9%99nistan-v%c9%99-ai-viza-rejiminin-l%c9%99gvi-il%c9%99-bagli-dialoq-planlasdirir\/","url":"https:\/\/jam-news.net\/az\/erm%c9%99nistan-v%c9%99-ai-viza-rejiminin-l%c9%99gvi-il%c9%99-bagli-dialoq-planlasdirir\/","name":"Erm\u0259nistan v\u0259 A\u0130 viza rejiminin l\u0259\u011fvi il\u0259 ba\u011fl\u0131 dialoq planla\u015fd\u0131r\u0131r - JAMnews","isPartOf":{"@id":"https:\/\/jam-news.net\/az\/#website"},"primaryImageOfPage":{"@id":"https:\/\/jam-news.net\/az\/erm%c9%99nistan-v%c9%99-ai-viza-rejiminin-l%c9%99gvi-il%c9%99-bagli-dialoq-planlasdirir\/#primaryimage"},"image":{"@id":"https:\/\/jam-news.net\/az\/erm%c9%99nistan-v%c9%99-ai-viza-rejiminin-l%c9%99gvi-il%c9%99-bagli-dialoq-planlasdirir\/#primaryimage"},"thumbnailUrl":"https:\/\/jam-news.net\/app\/uploads\/2020\/03\/7878_hq-3-scaled.jpg","datePublished":"2017-04-13T00:00:00+00:00","dateModified":"2022-01-17T21:33:23+00:00","breadcrumb":{"@id":"https:\/\/jam-news.net\/az\/erm%c9%99nistan-v%c9%99-ai-viza-rejiminin-l%c9%99gvi-il%c9%99-bagli-dialoq-planlasdirir\/#breadcrumb"},"inLanguage":"az","potentialAction":[{"@type":"ReadAction","target":["https:\/\/jam-news.net\/az\/erm%c9%99nistan-v%c9%99-ai-viza-rejiminin-l%c9%99gvi-il%c9%99-bagli-dialoq-planlasdirir\/"]}]},{"@type":"ImageObject","inLanguage":"az","@id":"https:\/\/jam-news.net\/az\/erm%c9%99nistan-v%c9%99-ai-viza-rejiminin-l%c9%99gvi-il%c9%99-bagli-dialoq-planlasdirir\/#primaryimage","url":"https:\/\/jam-news.net\/app\/uploads\/2020\/03\/7878_hq-3-scaled.jpg","contentUrl":"https:\/\/jam-news.net\/app\/uploads\/2020\/03\/7878_hq-3-scaled.jpg","width":2560,"height":940},{"@type":"BreadcrumbList","@id":"https:\/\/jam-news.net\/az\/erm%c9%99nistan-v%c9%99-ai-viza-rejiminin-l%c9%99gvi-il%c9%99-bagli-dialoq-planlasdirir\/#breadcrumb","itemListElement":[{"@type":"ListItem","position":1,"name":"Home","item":"https:\/\/jam-news.net\/az\/"},{"@type":"ListItem","position":2,"name":"Erm\u0259nistan v\u0259 A\u0130 viza rejiminin l\u0259\u011fvi il\u0259 ba\u011fl\u0131 dialoq planla\u015fd\u0131r\u0131r"}]},{"@type":"WebSite","@id":"https:\/\/jam-news.net\/az\/#website","url":"https:\/\/jam-news.net\/az\/","name":"Azerbaijani Jamnews","description":"Caucasus News, Politics and Society","publisher":{"@id":"https:\/\/jam-news.net\/az\/#organization"},"potentialAction":[{"@type":"SearchAction","target":{"@type":"EntryPoint","urlTemplate":"https:\/\/jam-news.net\/az\/?s={search_term_string}"},"query-input":{"@type":"PropertyValueSpecification","valueRequired":true,"valueName":"search_term_string"}}],"inLanguage":"az"},{"@type":"Organization","@id":"https:\/\/jam-news.net\/az\/#organization","name":"JAMnews","url":"https:\/\/jam-news.net\/az\/","logo":{"@type":"ImageObject","inLanguage":"az","@id":"https:\/\/jam-news.net\/az\/#\/schema\/logo\/image\/","url":"https:\/\/jam-news.net\/app\/uploads\/2020\/05\/JAM_w.jpg","contentUrl":"https:\/\/jam-news.net\/app\/uploads\/2020\/05\/JAM_w.jpg","width":960,"height":960,"caption":"JAMnews"},"image":{"@id":"https:\/\/jam-news.net\/az\/#\/schema\/logo\/image\/"},"sameAs":["https:\/\/www.facebook.com\/JAMnewsInEnglish\/","https:\/\/x.com\/JAMnewsCaucasus","https:\/\/www.instagram.com\/jam_news\/","https:\/\/www.youtube.com\/channel\/UCXQbUCme2pykuZYXWHx4VPg"]},{"@type":"Person","@id":"https:\/\/jam-news.net\/az\/#\/schema\/person\/e82f374df8fce3377c56e285e5c11387","name":"Naira Martikian","image":{"@type":"ImageObject","inLanguage":"az","@id":"https:\/\/jam-news.net\/az\/#\/schema\/person\/image\/","url":"https:\/\/secure.gravatar.com\/avatar\/0696bcd343e46256c029b752a654bade?s=96&d=mm&r=g","contentUrl":"https:\/\/secure.gravatar.com\/avatar\/0696bcd343e46256c029b752a654bade?s=96&d=mm&r=g","caption":"Naira Martikian"},"url":"https:\/\/jam-news.net\/az\/author\/nairama\/"}]}},"_links":{"self":[{"href":"https:\/\/jam-news.net\/az\/wp-json\/wp\/v2\/posts\/5333","targetHints":{"allow":["GET"]}}],"collection":[{"href":"https:\/\/jam-news.net\/az\/wp-json\/wp\/v2\/posts"}],"about":[{"href":"https:\/\/jam-news.net\/az\/wp-json\/wp\/v2\/types\/post"}],"author":[{"embeddable":true,"href":"https:\/\/jam-news.net\/az\/wp-json\/wp\/v2\/users\/8"}],"replies":[{"embeddable":true,"href":"https:\/\/jam-news.net\/az\/wp-json\/wp\/v2\/comments?post=5333"}],"version-history":[{"count":1,"href":"https:\/\/jam-news.net\/az\/wp-json\/wp\/v2\/posts\/5333\/revisions"}],"predecessor-version":[{"id":15690,"href":"https:\/\/jam-news.net\/az\/wp-json\/wp\/v2\/posts\/5333\/revisions\/15690"}],"wp:featuredmedia":[{"embeddable":true,"href":"https:\/\/jam-news.net\/az\/wp-json\/wp\/v2\/media\/19852"}],"wp:attachment":[{"href":"https:\/\/jam-news.net\/az\/wp-json\/wp\/v2\/media?parent=5333"}],"wp:term":[{"taxonomy":"category","embeddable":true,"href":"https:\/\/jam-news.net\/az\/wp-json\/wp\/v2\/categories?post=5333"},{"taxonomy":"post_tag","embeddable":true,"href":"https:\/\/jam-news.net\/az\/wp-json\/wp\/v2\/tags?post=5333"},{"taxonomy":"formation","embeddable":true,"href":"https:\/\/jam-news.net\/az\/wp-json\/wp\/v2\/formation?post=5333"},{"taxonomy":"post-author","embeddable":true,"href":"https:\/\/jam-news.net\/az\/wp-json\/wp\/v2\/post-author?post=5333"},{"taxonomy":"topic","embeddable":true,"href":"https:\/\/jam-news.net\/az\/wp-json\/wp\/v2\/topic?post=5333"},{"taxonomy":"tooltip","embeddable":true,"href":"https:\/\/jam-news.net\/az\/wp-json\/wp\/v2\/tooltip?post=5333"},{"taxonomy":"city","embeddable":true,"href":"https:\/\/jam-news.net\/az\/wp-json\/wp\/v2\/city?post=5333"}],"curies":[{"name":"wp","href":"https:\/\/api.w.org\/{rel}","templated":true}]}}