{"id":5268,"date":"2026-04-09T12:30:00","date_gmt":"2026-04-09T08:30:00","guid":{"rendered":"http:\/\/jam-news.net\/az\/9-aprel-faci%c9%99si-28-il\/"},"modified":"2026-04-10T08:08:47","modified_gmt":"2026-04-10T04:08:47","slug":"aprelin-9-na-kec%c9%99n-gec%c9%99","status":"publish","type":"post","link":"https:\/\/jam-news.net\/az\/aprelin-9-na-kec%c9%99n-gec%c9%99\/","title":{"rendered":"G\u00fcrc\u00fcstan, 9 Aprel faci\u0259si: sovet ordusunun Tbilisid\u0259 dinc n\u00fcmayi\u015f\u00e7il\u0259r\u0259 divan tutmas\u0131ndan 37 il \u00f6td\u00fc"},"content":{"rendered":"\n<p style=\"font-size:9px\"><span style=\"color: #000080;\"><em>Aprelin 9-na ke\u00e7\u0259n gec\u0259<\/em><\/span><\/p>\n\n\n\n<p>Tbilisinin m\u0259rk\u0259zind\u0259ki faci\u0259vi hadis\u0259l\u0259rd\u0259n 37 il \u00f6t\u00fcr. 9 aprel 1989-cu ild\u0259 sover ordusunun hiss\u0259l\u0259ri G\u00fcrc\u00fcstan\u0131n m\u00fcst\u0259qilliyi t\u0259l\u0259bi il\u0259 mitinq\u0259 \u00e7\u0131xan \u00e7ox sayda insana qar\u015f\u0131 q\u0131r\u011f\u0131n t\u00f6r\u0259dib.<\/p>\n\n\n\n<p>H\u0259min gec\u0259 Rustaveli prospektind\u0259 21 n\u0259f\u0259r \u00f6l\u00fcb, y\u00fczl\u0259rl\u0259 insan yaralan\u0131b, \u015fik\u0259st olub, s\u0259p\u0259l\u0259nmi\u015f qazdan z\u0259h\u0259rl\u0259nib.<\/p>\n\n\n<div class=\"wp-block-image is-style-full-width-image\">\n<figure class=\"aligncenter\"><img decoding=\"async\" src=\"http:\/\/jam-news.net\/app\/uploads\/2017\/04\/9aprili.jpg\" alt=\"Aprelin 9-na ke\u00e7\u0259n gec\u0259. Aprelin 9-na ke\u00e7\u0259n gec\u0259. 16 n\u00fcmayi\u015f\u00e7i yerind\u0259c\u0259 h\u0259lak oldu. Sonrak\u0131 g\u00fcnl\u0259rd\u0259 h\u0259lak olanlar\u0131n say\u0131 21 n\u0259f\u0259r\u0259 \u00e7atd\u0131. \u00d6l\u0259nl\u0259rin \u0259ks\u0259riyy\u0259ti qad\u0131nlar idi (o c\u00fcml\u0259d\u0259n m\u0259kt\u0259bli q\u0131zlar). \u018fks\u0259r h\u0259lak olanlar\u0131n b\u0259d\u0259nl\u0259rind\u0259 bel z\u0259rb\u0259l\u0259rinin izl\u0259ri var\u0131yd\u0131. Aprelin 9-na ke\u00e7\u0259n gec\u0259 3500 n\u0259f\u0259r kimy\u0259vi qazdan z\u0259h\u0259rl\u0259ndi.\" class=\"wp-image-30658\"\/><\/figure><\/div>\n\n\n<h2 class=\"wp-block-heading\"><span style=\"color: #000080;\"><strong>Aprelin 9-na ke\u00e7\u0259n gec\u0259<\/strong><\/span><\/h2>\n\n\n\n<p>X\u00fcsusi t\u0259yinatl\u0131lar\u0131n qo\u015funlar\u0131 Rustavelid\u0259 s\u0259h\u0259r a\u00e7\u0131landa, saat 3:56 rad\u0259l\u0259rind\u0259 g\u00f6r\u00fcnd\u00fc. H\u0259min vaxt indiki parlament binas\u0131 qar\u015f\u0131s\u0131nda minl\u0259rl\u0259 adam var\u0131yd\u0131.<\/p>\n\n\n\n<p>Sovet ordusunun \u00e7\u0131x\u0131\u015flar\u0131 da\u011f\u0131tma\u011fa haz\u0131r olmas\u0131 bar\u0259d\u0259 m\u0259lumat&nbsp; bir az \u0259vv\u0259l g\u0259lmi\u015fdi. Qar\u015f\u0131durma ba\u015flayandan bir ne\u00e7\u0259 d\u0259qiq\u0259 \u0259vv\u0259l qanl\u0131 q\u0131r\u011f\u0131n\u0131n qar\u015f\u0131s\u0131n\u0131 almaq \u00fc\u00e7\u00fcn G\u00fcrc\u00fcstan\u0131n Katolikos Patriarx\u0131 \u0130kinci \u0130liya xalq\u0131 ibad\u0259t \u00fc\u00e7\u00fcn kils\u0259y\u0259 \u00e7a\u011f\u0131rd\u0131. Amma n\u00fcmayi\u015f\u00e7il\u0259r aksiyan\u0131 dayand\u0131rmad\u0131lar. S\u0259h\u0259r a\u00e7\u0131landa Rustavelid\u0259 camaat oxuyub-oynay\u0131rd\u0131, sonra da m\u00fcdhi\u015f bir sakitlik \u00e7\u00f6kd\u00fc \u2013 ham\u0131 g\u00fcc qurumlar\u0131n\u0131n h\u00fccumunu g\u00f6zl\u0259yirdi.<\/p>\n\n\n<div class=\"wp-block-image is-style-full-width-image\">\n<figure class=\"aligncenter\"><img decoding=\"async\" src=\"http:\/\/jam-news.net\/app\/uploads\/2017\/04\/Merab_Kostavas_Clistavi_057.jpg\" alt=\"Aprelin 9-na ke\u00e7\u0259n gec\u0259. Aprelin 9-na ke\u00e7\u0259n gec\u0259. 16 n\u00fcmayi\u015f\u00e7i yerind\u0259c\u0259 h\u0259lak oldu. Sonrak\u0131 g\u00fcnl\u0259rd\u0259 h\u0259lak olanlar\u0131n say\u0131 21 n\u0259f\u0259r\u0259 \u00e7atd\u0131. \u00d6l\u0259nl\u0259rin \u0259ks\u0259riyy\u0259ti qad\u0131nlar idi (o c\u00fcml\u0259d\u0259n m\u0259kt\u0259bli q\u0131zlar). \u018fks\u0259r h\u0259lak olanlar\u0131n b\u0259d\u0259nl\u0259rind\u0259 bel z\u0259rb\u0259l\u0259rinin izl\u0259ri var\u0131yd\u0131. Aprelin 9-na ke\u00e7\u0259n gec\u0259 3500 n\u0259f\u0259r kimy\u0259vi qazdan z\u0259h\u0259rl\u0259ndi.\" class=\"wp-image-30657\"\/><\/figure><\/div>\n\n\n<p>Patriarx\u0131n \u00e7\u0131x\u0131\u015f\u0131ndan bir ne\u00e7\u0259 d\u0259qiq\u0259 sonra parlament binas\u0131 qar\u015f\u0131s\u0131nda silahl\u0131 b\u00f6lm\u0259l\u0259r g\u00f6r\u00fcnd\u00fc.<\/p>\n\n\n\n<p>D\u0259y\u0259n\u0259k v\u0259 istehkam\u00e7\u0131 bell\u0259ri il\u0259 silahlanm\u0131\u015f h\u0259rb\u00e7il\u0259r general-polkovnik Rodionov\u0131n komandanl\u0131\u011f\u0131 alt\u0131nda n\u00fcmayi\u015f\u00e7il\u0259r\u0259 divan tutma\u011fa ba\u015flad\u0131lar. X\u00fcsusi t\u0259yinatl\u0131lar\u0131n d\u0259st\u0259si kimy\u0259vi qazdan istifad\u0259 etdi.<\/p>\n\n\n\n<p>16 n\u00fcmayi\u015f\u00e7i yerind\u0259c\u0259 h\u0259lak oldu. Sonrak\u0131 g\u00fcnl\u0259rd\u0259 h\u0259lak olanlar\u0131n say\u0131 21 n\u0259f\u0259r\u0259 \u00e7atd\u0131. \u00d6l\u0259nl\u0259rin \u0259ks\u0259riyy\u0259ti qad\u0131nlar idi (o c\u00fcml\u0259d\u0259n m\u0259kt\u0259bli q\u0131zlar). \u018fks\u0259r h\u0259lak olanlar\u0131n b\u0259d\u0259nl\u0259rind\u0259 bel z\u0259rb\u0259l\u0259rinin izl\u0259ri var\u0131yd\u0131. Aprelin 9-na ke\u00e7\u0259n gec\u0259 3500 n\u0259f\u0259r kimy\u0259vi qazdan z\u0259h\u0259rl\u0259ndi.<\/p>\n\n\n<div class=\"wp-block-image is-style-full-width-image\">\n<figure class=\"aligncenter\"><img decoding=\"async\" src=\"http:\/\/jam-news.net\/app\/uploads\/2017\/04\/9_aprili2.jpg\" alt=\"Aprelin 9-na ke\u00e7\u0259n gec\u0259. 16 n\u00fcmayi\u015f\u00e7i yerind\u0259c\u0259 h\u0259lak oldu. Sonrak\u0131 g\u00fcnl\u0259rd\u0259 h\u0259lak olanlar\u0131n say\u0131 21 n\u0259f\u0259r\u0259 \u00e7atd\u0131. \u00d6l\u0259nl\u0259rin \u0259ks\u0259riyy\u0259ti qad\u0131nlar idi (o c\u00fcml\u0259d\u0259n m\u0259kt\u0259bli q\u0131zlar). \u018fks\u0259r h\u0259lak olanlar\u0131n b\u0259d\u0259nl\u0259rind\u0259 bel z\u0259rb\u0259l\u0259rinin izl\u0259ri var\u0131yd\u0131. Aprelin 9-na ke\u00e7\u0259n gec\u0259 3500 n\u0259f\u0259r kimy\u0259vi qazdan z\u0259h\u0259rl\u0259ndi.\" class=\"wp-image-30656\"\/><\/figure><\/div>\n\n\n<figure class=\"wp-block-image is-style-full-width-image\"><img decoding=\"async\" src=\"http:\/\/jam-news.net\/app\/uploads\/2017\/04\/a51136b.jpg\" alt=\"Aprelin 9-na ke\u00e7\u0259n gec\u0259. 16 n\u00fcmayi\u015f\u00e7i yerind\u0259c\u0259 h\u0259lak oldu. Sonrak\u0131 g\u00fcnl\u0259rd\u0259 h\u0259lak olanlar\u0131n say\u0131 21 n\u0259f\u0259r\u0259 \u00e7atd\u0131. \u00d6l\u0259nl\u0259rin \u0259ks\u0259riyy\u0259ti qad\u0131nlar idi (o c\u00fcml\u0259d\u0259n m\u0259kt\u0259bli q\u0131zlar). \u018fks\u0259r h\u0259lak olanlar\u0131n b\u0259d\u0259nl\u0259rind\u0259 bel z\u0259rb\u0259l\u0259rinin izl\u0259ri var\u0131yd\u0131. Aprelin 9-na ke\u00e7\u0259n gec\u0259 3500 n\u0259f\u0259r kimy\u0259vi qazdan z\u0259h\u0259rl\u0259ndi.\" class=\"wp-image-30660\"\/><\/figure>\n\n\n\n<p>Tbilisid\u0259 h\u0259min s\u0259h\u0259r bel\u0259 a\u00e7\u0131ld\u0131.<\/p>\n\n\n\n<p>Faci\u0259d\u0259n sonra komendant saat\u0131 elan olundu. Sovet m\u0259tbuat\u0131 z\u0259h\u0259rl\u0259yici qaz\u0131n istifad\u0259si fakt\u0131n\u0131 inkar edir, \u0259sg\u0259rl\u0259rin bel v\u0259 d\u0259y\u0259n\u0259kl\u0259rl\u0259 n\u00fcmayi\u015f\u00e7il\u0259r\u0259 nec\u0259 divan tutmas\u0131 bar\u0259d\u0259 d\u0259 he\u00e7 yerd\u0259 deyilmir. \u00d6l\u0259nl\u0259ri d\u0259 yaranan basabas\u0131n qurbanlar\u0131 kimi q\u0259l\u0259m\u0259 verirl\u0259r. \u201cKomunisti\u201d q\u0259zeti yaz\u0131r ki, ba\u015f ver\u0259nl\u0259r i\u011fti\u015fa\u015flar\u0131n n\u0259tic\u0259sind\u0259 oldu.<\/p>\n\n\n\n<p>Ba\u015f ver\u0259nl\u0259r haqq\u0131nda a\u00e7\u0131q yazma\u011fa c\u0259sar\u0259ti \u00e7atan yegan\u0259 q\u0259zet G\u00fcrc\u00fcstan\u0131n rusdilli \u201cG\u00fcrc\u00fcstan g\u0259ncl\u0259ri\u201d q\u0259zeti oldu. Bu q\u0259zet m\u0259tnl\u0259 birlikd\u0259 jurnalist Yuri Rostun fotoreportaj\u0131n\u0131 da d\u0259rc etdi. H\u0259min say\u0131n tiraj\u0131 m\u00fcsadir\u0259 olundu v\u0259 m\u0259hv edildi, q\u0259zetin redaktoru Vaxtanq Aba\u015fidze v\u0259 jurnalistl\u0259r ciddi probleml\u0259rl\u0259 \u00fczl\u0259\u015fdil\u0259r. Sonradan m\u00fcsadir\u0259 aradan g\u00f6t\u00fcr\u00fcld\u00fc, q\u0259zetin h\u0259min say\u0131 da t\u0259krar\u0259n \u00e7ap edildi v\u0259 tama\u015fa\u00e7\u0131lara \u00e7atd\u0131. D\u00fczd\u00fcr, sovet qo\u015funlar\u0131n\u0131n x\u00fcsusi q\u0259ddarl\u0131\u011f\u0131n\u0131 \u0259ks etdil\u0259r 2 fotonun \u00e7ap\u0131na senzura sonuna q\u0259d\u0259r icaz\u0259 verm\u0259di. S\u0259hif\u0259d\u0259 d\u0259 iki bo\u015f yer qald\u0131, amma n\u0259tic\u0259d\u0259 ona yax\u0131n \u015f\u0259kil v\u0259 m\u0259tn sonunda d\u0259rc edildi.<\/p>\n\n\n\n<p>D\u00fcz iki il sonra, 9 aprel 1991-ci il tarixind\u0259 ke\u00e7iril\u0259n referendumun \u0259sas\u0131nda G\u00fcrc\u00fcstan m\u00fcst\u0259qilliyini elan etdi. Ali Sovet Zviad Qamsaxurdiyan\u0131n t\u0259\u015f\u0259bb\u00fcs\u00fc il\u0259 G\u00fcrc\u00fcstan\u0131n d\u00f6vl\u0259t suverenliyi haqda akt q\u0259bul etdi.<\/p>\n\n\n<div class=\"wp-block-image is-style-full-width-image\">\n<figure class=\"aligncenter\"><img decoding=\"async\" src=\"http:\/\/jam-news.net\/app\/uploads\/2017\/04\/9-aprili.jpg\" alt=\"Aprelin 9-na ke\u00e7\u0259n gec\u0259. 16 n\u00fcmayi\u015f\u00e7i yerind\u0259c\u0259 h\u0259lak oldu. Sonrak\u0131 g\u00fcnl\u0259rd\u0259 h\u0259lak olanlar\u0131n say\u0131 21 n\u0259f\u0259r\u0259 \u00e7atd\u0131. \u00d6l\u0259nl\u0259rin \u0259ks\u0259riyy\u0259ti qad\u0131nlar idi (o c\u00fcml\u0259d\u0259n m\u0259kt\u0259bli q\u0131zlar). \u018fks\u0259r h\u0259lak olanlar\u0131n b\u0259d\u0259nl\u0259rind\u0259 bel z\u0259rb\u0259l\u0259rinin izl\u0259ri var\u0131yd\u0131. Aprelin 9-na ke\u00e7\u0259n gec\u0259 3500 n\u0259f\u0259r kimy\u0259vi qazdan z\u0259h\u0259rl\u0259ndi.\" class=\"wp-image-30665\"\/><\/figure><\/div>","protected":false},"excerpt":{"rendered":"<p>H\u0259mi gec\u0259 s\u0259h\u0259r\u0259 yax\u0131n Rustavelid\u0259 mahn\u0131 v\u0259 r\u0259qsl\u0259r t\u00fck\u00fcrp\u0259d\u0259n s\u00fckutla \u0259v\u0259zl\u0259ndi \u2013 ham\u0131 g\u00fcc qurumlar\u0131n\u0131n h\u00fccumunu g\u00f6zl\u0259yirdi<\/p>\n","protected":false},"author":6,"featured_media":45494,"comment_status":"open","ping_status":"open","sticky":false,"template":"","format":"standard","meta":{"_acf_changed":false,"footnotes":""},"categories":[9,2,3,25,50,36,5,35],"tags":[14],"formation":[4037,4036],"post-author":[4807,2888],"topic":[4953],"tooltip":[],"city":[6049],"class_list":["post-5268","post","type-post","status-publish","format-standard","has-post-thumbnail","hentry","category-munaqislr","category-cografiya","category-gurcustan","category-cmiyyt","category-xbrlr","category-multimedia","category-siyast","category-hekaylr","tag-bas-shif","formation-photo","formation-video","post-author-david-pipia","post-author-jamnews","topic-gurcustan","city-tbilisi"],"acf":[],"yoast_head":"<!-- This site is optimized with the Yoast SEO plugin v24.1 - https:\/\/yoast.com\/wordpress\/plugins\/seo\/ -->\n<title>Aprelin 9-na ke\u00e7\u0259n gec\u0259 \/JAMnews<\/title>\n<meta name=\"description\" content=\"Aprelin 9-na ke\u00e7\u0259n gec\u0259 - 9 aprel 1989-cu ild\u0259 sover ordusunun hiss\u0259l\u0259ri G\u00fcrc\u00fcstan\u0131n m\u00fcst\u0259qilliyi t\u0259l\u0259bi il\u0259 mitinq\u0259 \u00e7\u0131xan \u00e7ox sayda insana\" \/>\n<meta name=\"robots\" content=\"index, follow, max-snippet:-1, max-image-preview:large, max-video-preview:-1\" \/>\n<link rel=\"canonical\" href=\"https:\/\/jam-news.net\/az\/aprelin-9-na-kec\u0259n-gec\u0259\/\" \/>\n<meta property=\"og:locale\" content=\"az_AZ\" \/>\n<meta property=\"og:type\" content=\"article\" \/>\n<meta property=\"og:title\" content=\"G\u00fcrc\u00fcstan, 9 Aprel faci\u0259si: sovet ordusunun Tbilisid\u0259 dinc n\u00fcmayi\u015f\u00e7il\u0259r\u0259 divan tutmas\u0131ndan 37 il \u00f6td\u00fc\" \/>\n<meta property=\"og:description\" content=\"Aprelin 9-na ke\u00e7\u0259n gec\u0259 - 9 aprel 1989-cu ild\u0259 sover ordusunun hiss\u0259l\u0259ri G\u00fcrc\u00fcstan\u0131n m\u00fcst\u0259qilliyi t\u0259l\u0259bi il\u0259 mitinq\u0259 \u00e7\u0131xan \u00e7ox sayda insana\" \/>\n<meta property=\"og:url\" content=\"https:\/\/jam-news.net\/az\/aprelin-9-na-kec\u0259n-gec\u0259\/\" \/>\n<meta property=\"og:site_name\" content=\"Azerbaijani Jamnews\" \/>\n<meta property=\"article:publisher\" content=\"https:\/\/www.facebook.com\/JAMnewsInEnglish\/\" \/>\n<meta property=\"article:published_time\" content=\"2026-04-09T08:30:00+00:00\" \/>\n<meta property=\"article:modified_time\" content=\"2026-04-10T04:08:47+00:00\" \/>\n<meta property=\"og:image\" content=\"https:\/\/jam-news.net\/app\/uploads\/2021\/04\/E_Shevardnadze_389.jpeg\" \/>\n\t<meta property=\"og:image:width\" content=\"1312\" \/>\n\t<meta property=\"og:image:height\" content=\"800\" \/>\n\t<meta property=\"og:image:type\" content=\"image\/jpeg\" \/>\n<meta name=\"author\" content=\"Tatia nikoladze\" \/>\n<meta name=\"twitter:card\" content=\"summary_large_image\" \/>\n<meta name=\"twitter:title\" content=\"G\u00fcrc\u00fcstan, 9 Aprel faci\u0259si: sovet ordusunun Tbilisid\u0259 dinc n\u00fcmayi\u015f\u00e7il\u0259r\u0259 divan tutmas\u0131ndan 37 il \u00f6td\u00fc\" \/>\n<meta name=\"twitter:creator\" content=\"@JAMnewsCaucasus\" \/>\n<meta name=\"twitter:site\" content=\"@JAMnewsCaucasus\" \/>\n<meta name=\"twitter:label1\" content=\"Written by\" \/>\n\t<meta name=\"twitter:data1\" content=\"Tatia nikoladze\" \/>\n\t<meta name=\"twitter:label2\" content=\"Est. reading time\" \/>\n\t<meta name=\"twitter:data2\" content=\"4 minutes\" \/>\n<script type=\"application\/ld+json\" class=\"yoast-schema-graph\">{\"@context\":\"https:\/\/schema.org\",\"@graph\":[{\"@type\":\"Article\",\"@id\":\"https:\/\/jam-news.net\/az\/aprelin-9-na-kec%c9%99n-gec%c9%99\/#article\",\"isPartOf\":{\"@id\":\"https:\/\/jam-news.net\/az\/aprelin-9-na-kec%c9%99n-gec%c9%99\/\"},\"author\":{\"name\":\"Tatia nikoladze\",\"@id\":\"https:\/\/jam-news.net\/az\/#\/schema\/person\/86c90ea4dd4c6e61e60ae51d24bc662c\"},\"headline\":\"G\u00fcrc\u00fcstan, 9 Aprel faci\u0259si: sovet ordusunun Tbilisid\u0259 dinc n\u00fcmayi\u015f\u00e7il\u0259r\u0259 divan tutmas\u0131ndan 37 il \u00f6td\u00fc\",\"datePublished\":\"2026-04-09T08:30:00+00:00\",\"dateModified\":\"2026-04-10T04:08:47+00:00\",\"mainEntityOfPage\":{\"@id\":\"https:\/\/jam-news.net\/az\/aprelin-9-na-kec%c9%99n-gec%c9%99\/\"},\"wordCount\":651,\"commentCount\":0,\"publisher\":{\"@id\":\"https:\/\/jam-news.net\/az\/#organization\"},\"image\":{\"@id\":\"https:\/\/jam-news.net\/az\/aprelin-9-na-kec%c9%99n-gec%c9%99\/#primaryimage\"},\"thumbnailUrl\":\"https:\/\/jam-news.net\/app\/uploads\/2021\/04\/E_Shevardnadze_389.jpeg\",\"keywords\":[\"Ba\u015f s\u0259hif\u0259\"],\"articleSection\":[\"Conflicts\",\"Geography\",\"Georgia\",\"Issues\",\"News\",\"Photo\/Video\",\"Politics\",\"Stories\"],\"inLanguage\":\"az\"},{\"@type\":\"WebPage\",\"@id\":\"https:\/\/jam-news.net\/az\/aprelin-9-na-kec%c9%99n-gec%c9%99\/\",\"url\":\"https:\/\/jam-news.net\/az\/aprelin-9-na-kec%c9%99n-gec%c9%99\/\",\"name\":\"Aprelin 9-na ke\u00e7\u0259n gec\u0259 \/JAMnews\",\"isPartOf\":{\"@id\":\"https:\/\/jam-news.net\/az\/#website\"},\"primaryImageOfPage\":{\"@id\":\"https:\/\/jam-news.net\/az\/aprelin-9-na-kec%c9%99n-gec%c9%99\/#primaryimage\"},\"image\":{\"@id\":\"https:\/\/jam-news.net\/az\/aprelin-9-na-kec%c9%99n-gec%c9%99\/#primaryimage\"},\"thumbnailUrl\":\"https:\/\/jam-news.net\/app\/uploads\/2021\/04\/E_Shevardnadze_389.jpeg\",\"datePublished\":\"2026-04-09T08:30:00+00:00\",\"dateModified\":\"2026-04-10T04:08:47+00:00\",\"description\":\"Aprelin 9-na ke\u00e7\u0259n gec\u0259 - 9 aprel 1989-cu ild\u0259 sover ordusunun hiss\u0259l\u0259ri G\u00fcrc\u00fcstan\u0131n m\u00fcst\u0259qilliyi t\u0259l\u0259bi il\u0259 mitinq\u0259 \u00e7\u0131xan \u00e7ox sayda insana\",\"breadcrumb\":{\"@id\":\"https:\/\/jam-news.net\/az\/aprelin-9-na-kec%c9%99n-gec%c9%99\/#breadcrumb\"},\"inLanguage\":\"az\",\"potentialAction\":[{\"@type\":\"ReadAction\",\"target\":[\"https:\/\/jam-news.net\/az\/aprelin-9-na-kec%c9%99n-gec%c9%99\/\"]}]},{\"@type\":\"ImageObject\",\"inLanguage\":\"az\",\"@id\":\"https:\/\/jam-news.net\/az\/aprelin-9-na-kec%c9%99n-gec%c9%99\/#primaryimage\",\"url\":\"https:\/\/jam-news.net\/app\/uploads\/2021\/04\/E_Shevardnadze_389.jpeg\",\"contentUrl\":\"https:\/\/jam-news.net\/app\/uploads\/2021\/04\/E_Shevardnadze_389.jpeg\",\"width\":1312,\"height\":800},{\"@type\":\"BreadcrumbList\",\"@id\":\"https:\/\/jam-news.net\/az\/aprelin-9-na-kec%c9%99n-gec%c9%99\/#breadcrumb\",\"itemListElement\":[{\"@type\":\"ListItem\",\"position\":1,\"name\":\"Home\",\"item\":\"https:\/\/jam-news.net\/az\/\"},{\"@type\":\"ListItem\",\"position\":2,\"name\":\"G\u00fcrc\u00fcstan, 9 Aprel faci\u0259si: sovet ordusunun Tbilisid\u0259 dinc n\u00fcmayi\u015f\u00e7il\u0259r\u0259 divan tutmas\u0131ndan 37 il \u00f6td\u00fc\"}]},{\"@type\":\"WebSite\",\"@id\":\"https:\/\/jam-news.net\/az\/#website\",\"url\":\"https:\/\/jam-news.net\/az\/\",\"name\":\"Azerbaijani Jamnews\",\"description\":\"Caucasus News, Politics and Society\",\"publisher\":{\"@id\":\"https:\/\/jam-news.net\/az\/#organization\"},\"potentialAction\":[{\"@type\":\"SearchAction\",\"target\":{\"@type\":\"EntryPoint\",\"urlTemplate\":\"https:\/\/jam-news.net\/az\/?s={search_term_string}\"},\"query-input\":{\"@type\":\"PropertyValueSpecification\",\"valueRequired\":true,\"valueName\":\"search_term_string\"}}],\"inLanguage\":\"az\"},{\"@type\":\"Organization\",\"@id\":\"https:\/\/jam-news.net\/az\/#organization\",\"name\":\"JAMnews\",\"url\":\"https:\/\/jam-news.net\/az\/\",\"logo\":{\"@type\":\"ImageObject\",\"inLanguage\":\"az\",\"@id\":\"https:\/\/jam-news.net\/az\/#\/schema\/logo\/image\/\",\"url\":\"https:\/\/jam-news.net\/app\/uploads\/2020\/05\/JAM_w.jpg\",\"contentUrl\":\"https:\/\/jam-news.net\/app\/uploads\/2020\/05\/JAM_w.jpg\",\"width\":960,\"height\":960,\"caption\":\"JAMnews\"},\"image\":{\"@id\":\"https:\/\/jam-news.net\/az\/#\/schema\/logo\/image\/\"},\"sameAs\":[\"https:\/\/www.facebook.com\/JAMnewsInEnglish\/\",\"https:\/\/x.com\/JAMnewsCaucasus\",\"https:\/\/www.instagram.com\/jam_news\/\",\"https:\/\/www.youtube.com\/channel\/UCXQbUCme2pykuZYXWHx4VPg\"]},{\"@type\":\"Person\",\"@id\":\"https:\/\/jam-news.net\/az\/#\/schema\/person\/86c90ea4dd4c6e61e60ae51d24bc662c\",\"name\":\"Tatia nikoladze\",\"image\":{\"@type\":\"ImageObject\",\"inLanguage\":\"az\",\"@id\":\"https:\/\/jam-news.net\/az\/#\/schema\/person\/image\/\",\"url\":\"https:\/\/secure.gravatar.com\/avatar\/1f8b2c8ce4c25cc30806785bafe6bb03?s=96&d=mm&r=g\",\"contentUrl\":\"https:\/\/secure.gravatar.com\/avatar\/1f8b2c8ce4c25cc30806785bafe6bb03?s=96&d=mm&r=g\",\"caption\":\"Tatia nikoladze\"},\"url\":\"https:\/\/jam-news.net\/az\/author\/tatiani\/\"}]}<\/script>\n<!-- \/ Yoast SEO plugin. -->","yoast_head_json":{"title":"Aprelin 9-na ke\u00e7\u0259n gec\u0259 \/JAMnews","description":"Aprelin 9-na ke\u00e7\u0259n gec\u0259 - 9 aprel 1989-cu ild\u0259 sover ordusunun hiss\u0259l\u0259ri G\u00fcrc\u00fcstan\u0131n m\u00fcst\u0259qilliyi t\u0259l\u0259bi il\u0259 mitinq\u0259 \u00e7\u0131xan \u00e7ox sayda insana","robots":{"index":"index","follow":"follow","max-snippet":"max-snippet:-1","max-image-preview":"max-image-preview:large","max-video-preview":"max-video-preview:-1"},"canonical":"https:\/\/jam-news.net\/az\/aprelin-9-na-kec\u0259n-gec\u0259\/","og_locale":"az_AZ","og_type":"article","og_title":"G\u00fcrc\u00fcstan, 9 Aprel faci\u0259si: sovet ordusunun Tbilisid\u0259 dinc n\u00fcmayi\u015f\u00e7il\u0259r\u0259 divan tutmas\u0131ndan 37 il \u00f6td\u00fc","og_description":"Aprelin 9-na ke\u00e7\u0259n gec\u0259 - 9 aprel 1989-cu ild\u0259 sover ordusunun hiss\u0259l\u0259ri G\u00fcrc\u00fcstan\u0131n m\u00fcst\u0259qilliyi t\u0259l\u0259bi il\u0259 mitinq\u0259 \u00e7\u0131xan \u00e7ox sayda insana","og_url":"https:\/\/jam-news.net\/az\/aprelin-9-na-kec\u0259n-gec\u0259\/","og_site_name":"Azerbaijani Jamnews","article_publisher":"https:\/\/www.facebook.com\/JAMnewsInEnglish\/","article_published_time":"2026-04-09T08:30:00+00:00","article_modified_time":"2026-04-10T04:08:47+00:00","og_image":[{"width":1312,"height":800,"url":"https:\/\/jam-news.net\/app\/uploads\/2021\/04\/E_Shevardnadze_389.jpeg","type":"image\/jpeg"}],"author":"Tatia nikoladze","twitter_card":"summary_large_image","twitter_title":"G\u00fcrc\u00fcstan, 9 Aprel faci\u0259si: sovet ordusunun Tbilisid\u0259 dinc n\u00fcmayi\u015f\u00e7il\u0259r\u0259 divan tutmas\u0131ndan 37 il \u00f6td\u00fc","twitter_creator":"@JAMnewsCaucasus","twitter_site":"@JAMnewsCaucasus","twitter_misc":{"Written by":"Tatia nikoladze","Est. reading time":"4 minutes"},"schema":{"@context":"https:\/\/schema.org","@graph":[{"@type":"Article","@id":"https:\/\/jam-news.net\/az\/aprelin-9-na-kec%c9%99n-gec%c9%99\/#article","isPartOf":{"@id":"https:\/\/jam-news.net\/az\/aprelin-9-na-kec%c9%99n-gec%c9%99\/"},"author":{"name":"Tatia nikoladze","@id":"https:\/\/jam-news.net\/az\/#\/schema\/person\/86c90ea4dd4c6e61e60ae51d24bc662c"},"headline":"G\u00fcrc\u00fcstan, 9 Aprel faci\u0259si: sovet ordusunun Tbilisid\u0259 dinc n\u00fcmayi\u015f\u00e7il\u0259r\u0259 divan tutmas\u0131ndan 37 il \u00f6td\u00fc","datePublished":"2026-04-09T08:30:00+00:00","dateModified":"2026-04-10T04:08:47+00:00","mainEntityOfPage":{"@id":"https:\/\/jam-news.net\/az\/aprelin-9-na-kec%c9%99n-gec%c9%99\/"},"wordCount":651,"commentCount":0,"publisher":{"@id":"https:\/\/jam-news.net\/az\/#organization"},"image":{"@id":"https:\/\/jam-news.net\/az\/aprelin-9-na-kec%c9%99n-gec%c9%99\/#primaryimage"},"thumbnailUrl":"https:\/\/jam-news.net\/app\/uploads\/2021\/04\/E_Shevardnadze_389.jpeg","keywords":["Ba\u015f s\u0259hif\u0259"],"articleSection":["Conflicts","Geography","Georgia","Issues","News","Photo\/Video","Politics","Stories"],"inLanguage":"az"},{"@type":"WebPage","@id":"https:\/\/jam-news.net\/az\/aprelin-9-na-kec%c9%99n-gec%c9%99\/","url":"https:\/\/jam-news.net\/az\/aprelin-9-na-kec%c9%99n-gec%c9%99\/","name":"Aprelin 9-na ke\u00e7\u0259n gec\u0259 \/JAMnews","isPartOf":{"@id":"https:\/\/jam-news.net\/az\/#website"},"primaryImageOfPage":{"@id":"https:\/\/jam-news.net\/az\/aprelin-9-na-kec%c9%99n-gec%c9%99\/#primaryimage"},"image":{"@id":"https:\/\/jam-news.net\/az\/aprelin-9-na-kec%c9%99n-gec%c9%99\/#primaryimage"},"thumbnailUrl":"https:\/\/jam-news.net\/app\/uploads\/2021\/04\/E_Shevardnadze_389.jpeg","datePublished":"2026-04-09T08:30:00+00:00","dateModified":"2026-04-10T04:08:47+00:00","description":"Aprelin 9-na ke\u00e7\u0259n gec\u0259 - 9 aprel 1989-cu ild\u0259 sover ordusunun hiss\u0259l\u0259ri G\u00fcrc\u00fcstan\u0131n m\u00fcst\u0259qilliyi t\u0259l\u0259bi il\u0259 mitinq\u0259 \u00e7\u0131xan \u00e7ox sayda insana","breadcrumb":{"@id":"https:\/\/jam-news.net\/az\/aprelin-9-na-kec%c9%99n-gec%c9%99\/#breadcrumb"},"inLanguage":"az","potentialAction":[{"@type":"ReadAction","target":["https:\/\/jam-news.net\/az\/aprelin-9-na-kec%c9%99n-gec%c9%99\/"]}]},{"@type":"ImageObject","inLanguage":"az","@id":"https:\/\/jam-news.net\/az\/aprelin-9-na-kec%c9%99n-gec%c9%99\/#primaryimage","url":"https:\/\/jam-news.net\/app\/uploads\/2021\/04\/E_Shevardnadze_389.jpeg","contentUrl":"https:\/\/jam-news.net\/app\/uploads\/2021\/04\/E_Shevardnadze_389.jpeg","width":1312,"height":800},{"@type":"BreadcrumbList","@id":"https:\/\/jam-news.net\/az\/aprelin-9-na-kec%c9%99n-gec%c9%99\/#breadcrumb","itemListElement":[{"@type":"ListItem","position":1,"name":"Home","item":"https:\/\/jam-news.net\/az\/"},{"@type":"ListItem","position":2,"name":"G\u00fcrc\u00fcstan, 9 Aprel faci\u0259si: sovet ordusunun Tbilisid\u0259 dinc n\u00fcmayi\u015f\u00e7il\u0259r\u0259 divan tutmas\u0131ndan 37 il \u00f6td\u00fc"}]},{"@type":"WebSite","@id":"https:\/\/jam-news.net\/az\/#website","url":"https:\/\/jam-news.net\/az\/","name":"Azerbaijani Jamnews","description":"Caucasus News, Politics and Society","publisher":{"@id":"https:\/\/jam-news.net\/az\/#organization"},"potentialAction":[{"@type":"SearchAction","target":{"@type":"EntryPoint","urlTemplate":"https:\/\/jam-news.net\/az\/?s={search_term_string}"},"query-input":{"@type":"PropertyValueSpecification","valueRequired":true,"valueName":"search_term_string"}}],"inLanguage":"az"},{"@type":"Organization","@id":"https:\/\/jam-news.net\/az\/#organization","name":"JAMnews","url":"https:\/\/jam-news.net\/az\/","logo":{"@type":"ImageObject","inLanguage":"az","@id":"https:\/\/jam-news.net\/az\/#\/schema\/logo\/image\/","url":"https:\/\/jam-news.net\/app\/uploads\/2020\/05\/JAM_w.jpg","contentUrl":"https:\/\/jam-news.net\/app\/uploads\/2020\/05\/JAM_w.jpg","width":960,"height":960,"caption":"JAMnews"},"image":{"@id":"https:\/\/jam-news.net\/az\/#\/schema\/logo\/image\/"},"sameAs":["https:\/\/www.facebook.com\/JAMnewsInEnglish\/","https:\/\/x.com\/JAMnewsCaucasus","https:\/\/www.instagram.com\/jam_news\/","https:\/\/www.youtube.com\/channel\/UCXQbUCme2pykuZYXWHx4VPg"]},{"@type":"Person","@id":"https:\/\/jam-news.net\/az\/#\/schema\/person\/86c90ea4dd4c6e61e60ae51d24bc662c","name":"Tatia nikoladze","image":{"@type":"ImageObject","inLanguage":"az","@id":"https:\/\/jam-news.net\/az\/#\/schema\/person\/image\/","url":"https:\/\/secure.gravatar.com\/avatar\/1f8b2c8ce4c25cc30806785bafe6bb03?s=96&d=mm&r=g","contentUrl":"https:\/\/secure.gravatar.com\/avatar\/1f8b2c8ce4c25cc30806785bafe6bb03?s=96&d=mm&r=g","caption":"Tatia nikoladze"},"url":"https:\/\/jam-news.net\/az\/author\/tatiani\/"}]}},"_links":{"self":[{"href":"https:\/\/jam-news.net\/az\/wp-json\/wp\/v2\/posts\/5268","targetHints":{"allow":["GET"]}}],"collection":[{"href":"https:\/\/jam-news.net\/az\/wp-json\/wp\/v2\/posts"}],"about":[{"href":"https:\/\/jam-news.net\/az\/wp-json\/wp\/v2\/types\/post"}],"author":[{"embeddable":true,"href":"https:\/\/jam-news.net\/az\/wp-json\/wp\/v2\/users\/6"}],"replies":[{"embeddable":true,"href":"https:\/\/jam-news.net\/az\/wp-json\/wp\/v2\/comments?post=5268"}],"version-history":[{"count":4,"href":"https:\/\/jam-news.net\/az\/wp-json\/wp\/v2\/posts\/5268\/revisions"}],"predecessor-version":[{"id":104590,"href":"https:\/\/jam-news.net\/az\/wp-json\/wp\/v2\/posts\/5268\/revisions\/104590"}],"wp:featuredmedia":[{"embeddable":true,"href":"https:\/\/jam-news.net\/az\/wp-json\/wp\/v2\/media\/45494"}],"wp:attachment":[{"href":"https:\/\/jam-news.net\/az\/wp-json\/wp\/v2\/media?parent=5268"}],"wp:term":[{"taxonomy":"category","embeddable":true,"href":"https:\/\/jam-news.net\/az\/wp-json\/wp\/v2\/categories?post=5268"},{"taxonomy":"post_tag","embeddable":true,"href":"https:\/\/jam-news.net\/az\/wp-json\/wp\/v2\/tags?post=5268"},{"taxonomy":"formation","embeddable":true,"href":"https:\/\/jam-news.net\/az\/wp-json\/wp\/v2\/formation?post=5268"},{"taxonomy":"post-author","embeddable":true,"href":"https:\/\/jam-news.net\/az\/wp-json\/wp\/v2\/post-author?post=5268"},{"taxonomy":"topic","embeddable":true,"href":"https:\/\/jam-news.net\/az\/wp-json\/wp\/v2\/topic?post=5268"},{"taxonomy":"tooltip","embeddable":true,"href":"https:\/\/jam-news.net\/az\/wp-json\/wp\/v2\/tooltip?post=5268"},{"taxonomy":"city","embeddable":true,"href":"https:\/\/jam-news.net\/az\/wp-json\/wp\/v2\/city?post=5268"}],"curies":[{"name":"wp","href":"https:\/\/api.w.org\/{rel}","templated":true}]}}