{"id":5264,"date":"2017-04-09T00:00:00","date_gmt":"2017-04-09T00:00:00","guid":{"rendered":"http:\/\/jam-news.net\/az\/2018-ci-ild%c9%99-mdb-nin-m%c9%99d%c9%99niyy%c9%99t-paytaxti-erm%c9%99nistanin-qoris-s%c9%99h%c9%99ri-olacaq\/"},"modified":"2022-01-18T01:33:26","modified_gmt":"2022-01-17T21:33:26","slug":"2018-ci-ild%c9%99-mdb-nin-m%c9%99d%c9%99niyy%c9%99t-paytaxti-erm%c9%99nistanin-qoris-s%c9%99h%c9%99ri-olacaq","status":"publish","type":"post","link":"https:\/\/jam-news.net\/az\/2018-ci-ild%c9%99-mdb-nin-m%c9%99d%c9%99niyy%c9%99t-paytaxti-erm%c9%99nistanin-qoris-s%c9%99h%c9%99ri-olacaq\/","title":{"rendered":"2018-ci ild\u0259 MDB-nin m\u0259d\u0259niyy\u0259t paytaxt\u0131 Erm\u0259nistan\u0131n Qoris \u015f\u0259h\u0259ri olacaq"},"content":{"rendered":"<p>Qorisin 2018-ci ild\u0259 Birliyin paytaxt\u0131 elan olunmas\u0131 haqda q\u0259rar aprelin 7-d\u0259 Da\u015fk\u0259ndd\u0259 MDB xarici i\u015fl\u0259r nazirl\u0259rinin sammitind\u0259 q\u0259bul edilib.<\/p>\n<p>Bununla ba\u011fl\u0131 Qorisd\u0259 bayram t\u0259dbirl\u0259ri ke\u00e7iril\u0259c\u0259k v\u0259 bu t\u0259dbirl\u0259rin gedi\u015fat\u0131nda \u015f\u0259h\u0259r\u0259 MDB-nin m\u0259d\u0259niyy\u0259t paytaxt\u0131 y\u00fcks\u0259k ad\u0131na layiq g\u00f6r\u00fclm\u0259si haqda sertifikat r\u0259smi \u015f\u0259kild\u0259 t\u0259qdim olunacaq.<\/p>\n<p>\u201cD\u00f6vl\u0259tl\u0259raras\u0131 \u201cM\u0259d\u0259niyy\u0259t paytaxtlar\u0131\u201d proqram\u0131 MDB \u00f6lk\u0259l\u0259ri aras\u0131nda m\u0259d\u0259ni dialoqun stimulla\u015fd\u0131r\u0131lmas\u0131na v\u0259 bu sah\u0259d\u0259 onlar\u0131n potensiallar\u0131n\u0131n birl\u0259\u015fdirilm\u0259sin\u0259 istiqam\u0259tl\u0259nib. Bu proqram paytaxtdan k\u0259narda m\u00f6vcud olan yarad\u0131c\u0131 resurslar\u0131 v\u0259 MDB xalqlarn\u0131n m\u0259d\u0259ni \u0259m\u0259kda\u015fl\u0131\u011f\u0131n\u0131 m\u00f6hk\u0259ml\u0259ndirm\u0259k m\u0259qs\u0259di da\u00e7\u015f\u0131y\u0131r\u201d.<\/p>\n<p>Proqram\u0131n maliyy\u0259l\u0259\u015fdirilm\u0259si D\u00f6vl\u0259tl\u0259raras\u0131 Humanitar \u018fm\u0259kda\u015fl\u0131q Fondunun, Birlik \u00f6lk\u0259l\u0259ri h\u00f6kum\u0259tl\u0259rinin v\u0259 m\u0259d\u0259niyy\u0259t paytaxt\u0131 statusu alm\u0131\u015f \u015f\u0259h\u0259r meriyas\u0131n\u0131n v\u0259saiti hesab\u0131na h\u0259mmaliyy\u0259l\u0259\u015fdirm\u0259 prinsipi il\u0259 h\u0259yata ke\u00e7irilir.<\/p>\n<p>B\u00fct\u00fcn 2013-c\u00fc il \u0259rzind\u0259 \u201cG\u00fcmri \u2013 MDB-nin m\u0259d\u0259niyy\u0259t paytaxt\u0131\u201d proqram\u0131 \u00e7\u0259r\u00e7iv\u0259sind\u0259 45 t\u0259dbir h\u0259yata ke\u00e7irilib: k\u00fc\u00e7\u0259 teatrlar\u0131n\u0131n da daxil oldu\u011fu beyn\u0259lxalq teatr festivallar\u0131, ifa s\u0259n\u0259ti festivallar\u0131, \u201cFrunzik Mkrt\u00e7yan\u0131n izi il\u0259\u201d ad\u0131 alt\u0131nda Mqer Mkrt\u00e7yan\u0131n i\u015ftirak\u0131 il\u0259 ke\u00e7mi\u015f SSR\u0130 \u00f6lk\u0259l\u0259rinin filml\u0259rinin retrospektiv n\u00fcmayi\u015fi, m\u00fcxt\u0259lif s\u0259rgil\u0259r, elmi-praktik konfranslar v\u0259 s.<\/p>\n","protected":false},"excerpt":{"rendered":"<p>2013-c\u00fc ild\u0259 bu status Erm\u0259nistan\u0131n \u015fimal paytaxt\u0131 G\u00fcmriy\u0259 verilmi\u015fdi<\/p>\n","protected":false},"author":8,"featured_media":19825,"comment_status":"open","ping_status":"open","sticky":false,"template":"","format":"standard","meta":{"_acf_changed":false,"footnotes":""},"categories":[27,2,50],"tags":[33,182],"formation":[],"post-author":[2888],"topic":[],"tooltip":[],"city":[6054],"class_list":["post-5264","post","type-post","status-publish","format-standard","has-post-thumbnail","hentry","category-ermnistan","category-cografiya","category-xbrlr","tag-ermnistan","tag-mdniyyt","post-author-jamnews","city-yerevan"],"acf":[],"yoast_head":"<!-- This site is optimized with the Yoast SEO plugin v24.1 - https:\/\/yoast.com\/wordpress\/plugins\/seo\/ -->\n<title>2018-ci ild\u0259 MDB-nin m\u0259d\u0259niyy\u0259t paytaxt\u0131 Erm\u0259nistan\u0131n Qoris \u015f\u0259h\u0259ri olacaq - JAMnews<\/title>\n<meta name=\"robots\" content=\"index, follow, max-snippet:-1, max-image-preview:large, max-video-preview:-1\" \/>\n<link rel=\"canonical\" href=\"https:\/\/jam-news.net\/az\/2018-ci-ild\u0259-mdb-nin-m\u0259d\u0259niyy\u0259t-paytaxti-erm\u0259nistanin-qoris-s\u0259h\u0259ri-olacaq\/\" \/>\n<meta property=\"og:locale\" content=\"az_AZ\" \/>\n<meta property=\"og:type\" content=\"article\" \/>\n<meta property=\"og:title\" content=\"2018-ci ild\u0259 MDB-nin m\u0259d\u0259niyy\u0259t paytaxt\u0131 Erm\u0259nistan\u0131n Qoris \u015f\u0259h\u0259ri olacaq - JAMnews\" \/>\n<meta property=\"og:description\" content=\"2013-c\u00fc ild\u0259 bu status Erm\u0259nistan\u0131n \u015fimal paytaxt\u0131 G\u00fcmriy\u0259 verilmi\u015fdi\" \/>\n<meta property=\"og:url\" content=\"https:\/\/jam-news.net\/az\/2018-ci-ild\u0259-mdb-nin-m\u0259d\u0259niyy\u0259t-paytaxti-erm\u0259nistanin-qoris-s\u0259h\u0259ri-olacaq\/\" \/>\n<meta property=\"og:site_name\" content=\"Azerbaijani Jamnews\" \/>\n<meta property=\"article:publisher\" content=\"https:\/\/www.facebook.com\/JAMnewsInEnglish\/\" \/>\n<meta property=\"article:published_time\" content=\"2017-04-09T00:00:00+00:00\" \/>\n<meta property=\"article:modified_time\" content=\"2022-01-17T21:33:26+00:00\" \/>\n<meta property=\"og:image\" content=\"https:\/\/jam-news.net\/app\/uploads\/2020\/03\/Goris_New-4.jpg\" \/>\n\t<meta property=\"og:image:width\" content=\"1000\" \/>\n\t<meta property=\"og:image:height\" content=\"667\" \/>\n\t<meta property=\"og:image:type\" content=\"image\/jpeg\" \/>\n<meta name=\"author\" content=\"Naira Martikian\" \/>\n<meta name=\"twitter:card\" content=\"summary_large_image\" \/>\n<meta name=\"twitter:creator\" content=\"@JAMnewsCaucasus\" \/>\n<meta name=\"twitter:site\" content=\"@JAMnewsCaucasus\" \/>\n<meta name=\"twitter:label1\" content=\"Written by\" \/>\n\t<meta name=\"twitter:data1\" content=\"Naira Martikian\" \/>\n\t<meta name=\"twitter:label2\" content=\"Est. reading time\" \/>\n\t<meta name=\"twitter:data2\" content=\"1 minute\" \/>\n<script type=\"application\/ld+json\" class=\"yoast-schema-graph\">{\"@context\":\"https:\/\/schema.org\",\"@graph\":[{\"@type\":\"Article\",\"@id\":\"https:\/\/jam-news.net\/az\/2018-ci-ild%c9%99-mdb-nin-m%c9%99d%c9%99niyy%c9%99t-paytaxti-erm%c9%99nistanin-qoris-s%c9%99h%c9%99ri-olacaq\/#article\",\"isPartOf\":{\"@id\":\"https:\/\/jam-news.net\/az\/2018-ci-ild%c9%99-mdb-nin-m%c9%99d%c9%99niyy%c9%99t-paytaxti-erm%c9%99nistanin-qoris-s%c9%99h%c9%99ri-olacaq\/\"},\"author\":{\"name\":\"Naira Martikian\",\"@id\":\"https:\/\/jam-news.net\/az\/#\/schema\/person\/e82f374df8fce3377c56e285e5c11387\"},\"headline\":\"2018-ci ild\u0259 MDB-nin m\u0259d\u0259niyy\u0259t paytaxt\u0131 Erm\u0259nistan\u0131n Qoris \u015f\u0259h\u0259ri olacaq\",\"datePublished\":\"2017-04-09T00:00:00+00:00\",\"dateModified\":\"2022-01-17T21:33:26+00:00\",\"mainEntityOfPage\":{\"@id\":\"https:\/\/jam-news.net\/az\/2018-ci-ild%c9%99-mdb-nin-m%c9%99d%c9%99niyy%c9%99t-paytaxti-erm%c9%99nistanin-qoris-s%c9%99h%c9%99ri-olacaq\/\"},\"wordCount\":290,\"commentCount\":0,\"publisher\":{\"@id\":\"https:\/\/jam-news.net\/az\/#organization\"},\"image\":{\"@id\":\"https:\/\/jam-news.net\/az\/2018-ci-ild%c9%99-mdb-nin-m%c9%99d%c9%99niyy%c9%99t-paytaxti-erm%c9%99nistanin-qoris-s%c9%99h%c9%99ri-olacaq\/#primaryimage\"},\"thumbnailUrl\":\"https:\/\/jam-news.net\/app\/uploads\/2020\/03\/Goris_New-4.jpg\",\"keywords\":[\"Erm\u0259nistan\",\"m\u0259d\u0259niyy\u0259t\"],\"articleSection\":[\"Armenia\",\"Geography\",\"News\"],\"inLanguage\":\"az\"},{\"@type\":\"WebPage\",\"@id\":\"https:\/\/jam-news.net\/az\/2018-ci-ild%c9%99-mdb-nin-m%c9%99d%c9%99niyy%c9%99t-paytaxti-erm%c9%99nistanin-qoris-s%c9%99h%c9%99ri-olacaq\/\",\"url\":\"https:\/\/jam-news.net\/az\/2018-ci-ild%c9%99-mdb-nin-m%c9%99d%c9%99niyy%c9%99t-paytaxti-erm%c9%99nistanin-qoris-s%c9%99h%c9%99ri-olacaq\/\",\"name\":\"2018-ci ild\u0259 MDB-nin m\u0259d\u0259niyy\u0259t paytaxt\u0131 Erm\u0259nistan\u0131n Qoris \u015f\u0259h\u0259ri olacaq - JAMnews\",\"isPartOf\":{\"@id\":\"https:\/\/jam-news.net\/az\/#website\"},\"primaryImageOfPage\":{\"@id\":\"https:\/\/jam-news.net\/az\/2018-ci-ild%c9%99-mdb-nin-m%c9%99d%c9%99niyy%c9%99t-paytaxti-erm%c9%99nistanin-qoris-s%c9%99h%c9%99ri-olacaq\/#primaryimage\"},\"image\":{\"@id\":\"https:\/\/jam-news.net\/az\/2018-ci-ild%c9%99-mdb-nin-m%c9%99d%c9%99niyy%c9%99t-paytaxti-erm%c9%99nistanin-qoris-s%c9%99h%c9%99ri-olacaq\/#primaryimage\"},\"thumbnailUrl\":\"https:\/\/jam-news.net\/app\/uploads\/2020\/03\/Goris_New-4.jpg\",\"datePublished\":\"2017-04-09T00:00:00+00:00\",\"dateModified\":\"2022-01-17T21:33:26+00:00\",\"breadcrumb\":{\"@id\":\"https:\/\/jam-news.net\/az\/2018-ci-ild%c9%99-mdb-nin-m%c9%99d%c9%99niyy%c9%99t-paytaxti-erm%c9%99nistanin-qoris-s%c9%99h%c9%99ri-olacaq\/#breadcrumb\"},\"inLanguage\":\"az\",\"potentialAction\":[{\"@type\":\"ReadAction\",\"target\":[\"https:\/\/jam-news.net\/az\/2018-ci-ild%c9%99-mdb-nin-m%c9%99d%c9%99niyy%c9%99t-paytaxti-erm%c9%99nistanin-qoris-s%c9%99h%c9%99ri-olacaq\/\"]}]},{\"@type\":\"ImageObject\",\"inLanguage\":\"az\",\"@id\":\"https:\/\/jam-news.net\/az\/2018-ci-ild%c9%99-mdb-nin-m%c9%99d%c9%99niyy%c9%99t-paytaxti-erm%c9%99nistanin-qoris-s%c9%99h%c9%99ri-olacaq\/#primaryimage\",\"url\":\"https:\/\/jam-news.net\/app\/uploads\/2020\/03\/Goris_New-4.jpg\",\"contentUrl\":\"https:\/\/jam-news.net\/app\/uploads\/2020\/03\/Goris_New-4.jpg\",\"width\":1000,\"height\":667},{\"@type\":\"BreadcrumbList\",\"@id\":\"https:\/\/jam-news.net\/az\/2018-ci-ild%c9%99-mdb-nin-m%c9%99d%c9%99niyy%c9%99t-paytaxti-erm%c9%99nistanin-qoris-s%c9%99h%c9%99ri-olacaq\/#breadcrumb\",\"itemListElement\":[{\"@type\":\"ListItem\",\"position\":1,\"name\":\"Home\",\"item\":\"https:\/\/jam-news.net\/az\/\"},{\"@type\":\"ListItem\",\"position\":2,\"name\":\"2018-ci ild\u0259 MDB-nin m\u0259d\u0259niyy\u0259t paytaxt\u0131 Erm\u0259nistan\u0131n Qoris \u015f\u0259h\u0259ri olacaq\"}]},{\"@type\":\"WebSite\",\"@id\":\"https:\/\/jam-news.net\/az\/#website\",\"url\":\"https:\/\/jam-news.net\/az\/\",\"name\":\"Azerbaijani Jamnews\",\"description\":\"Caucasus News, Politics and Society\",\"publisher\":{\"@id\":\"https:\/\/jam-news.net\/az\/#organization\"},\"potentialAction\":[{\"@type\":\"SearchAction\",\"target\":{\"@type\":\"EntryPoint\",\"urlTemplate\":\"https:\/\/jam-news.net\/az\/?s={search_term_string}\"},\"query-input\":{\"@type\":\"PropertyValueSpecification\",\"valueRequired\":true,\"valueName\":\"search_term_string\"}}],\"inLanguage\":\"az\"},{\"@type\":\"Organization\",\"@id\":\"https:\/\/jam-news.net\/az\/#organization\",\"name\":\"JAMnews\",\"url\":\"https:\/\/jam-news.net\/az\/\",\"logo\":{\"@type\":\"ImageObject\",\"inLanguage\":\"az\",\"@id\":\"https:\/\/jam-news.net\/az\/#\/schema\/logo\/image\/\",\"url\":\"https:\/\/jam-news.net\/app\/uploads\/2020\/05\/JAM_w.jpg\",\"contentUrl\":\"https:\/\/jam-news.net\/app\/uploads\/2020\/05\/JAM_w.jpg\",\"width\":960,\"height\":960,\"caption\":\"JAMnews\"},\"image\":{\"@id\":\"https:\/\/jam-news.net\/az\/#\/schema\/logo\/image\/\"},\"sameAs\":[\"https:\/\/www.facebook.com\/JAMnewsInEnglish\/\",\"https:\/\/x.com\/JAMnewsCaucasus\",\"https:\/\/www.instagram.com\/jam_news\/\",\"https:\/\/www.youtube.com\/channel\/UCXQbUCme2pykuZYXWHx4VPg\"]},{\"@type\":\"Person\",\"@id\":\"https:\/\/jam-news.net\/az\/#\/schema\/person\/e82f374df8fce3377c56e285e5c11387\",\"name\":\"Naira Martikian\",\"image\":{\"@type\":\"ImageObject\",\"inLanguage\":\"az\",\"@id\":\"https:\/\/jam-news.net\/az\/#\/schema\/person\/image\/\",\"url\":\"https:\/\/secure.gravatar.com\/avatar\/0696bcd343e46256c029b752a654bade?s=96&d=mm&r=g\",\"contentUrl\":\"https:\/\/secure.gravatar.com\/avatar\/0696bcd343e46256c029b752a654bade?s=96&d=mm&r=g\",\"caption\":\"Naira Martikian\"},\"url\":\"https:\/\/jam-news.net\/az\/author\/nairama\/\"}]}<\/script>\n<!-- \/ Yoast SEO plugin. -->","yoast_head_json":{"title":"2018-ci ild\u0259 MDB-nin m\u0259d\u0259niyy\u0259t paytaxt\u0131 Erm\u0259nistan\u0131n Qoris \u015f\u0259h\u0259ri olacaq - JAMnews","robots":{"index":"index","follow":"follow","max-snippet":"max-snippet:-1","max-image-preview":"max-image-preview:large","max-video-preview":"max-video-preview:-1"},"canonical":"https:\/\/jam-news.net\/az\/2018-ci-ild\u0259-mdb-nin-m\u0259d\u0259niyy\u0259t-paytaxti-erm\u0259nistanin-qoris-s\u0259h\u0259ri-olacaq\/","og_locale":"az_AZ","og_type":"article","og_title":"2018-ci ild\u0259 MDB-nin m\u0259d\u0259niyy\u0259t paytaxt\u0131 Erm\u0259nistan\u0131n Qoris \u015f\u0259h\u0259ri olacaq - JAMnews","og_description":"2013-c\u00fc ild\u0259 bu status Erm\u0259nistan\u0131n \u015fimal paytaxt\u0131 G\u00fcmriy\u0259 verilmi\u015fdi","og_url":"https:\/\/jam-news.net\/az\/2018-ci-ild\u0259-mdb-nin-m\u0259d\u0259niyy\u0259t-paytaxti-erm\u0259nistanin-qoris-s\u0259h\u0259ri-olacaq\/","og_site_name":"Azerbaijani Jamnews","article_publisher":"https:\/\/www.facebook.com\/JAMnewsInEnglish\/","article_published_time":"2017-04-09T00:00:00+00:00","article_modified_time":"2022-01-17T21:33:26+00:00","og_image":[{"width":1000,"height":667,"url":"https:\/\/jam-news.net\/app\/uploads\/2020\/03\/Goris_New-4.jpg","type":"image\/jpeg"}],"author":"Naira Martikian","twitter_card":"summary_large_image","twitter_creator":"@JAMnewsCaucasus","twitter_site":"@JAMnewsCaucasus","twitter_misc":{"Written by":"Naira Martikian","Est. reading time":"1 minute"},"schema":{"@context":"https:\/\/schema.org","@graph":[{"@type":"Article","@id":"https:\/\/jam-news.net\/az\/2018-ci-ild%c9%99-mdb-nin-m%c9%99d%c9%99niyy%c9%99t-paytaxti-erm%c9%99nistanin-qoris-s%c9%99h%c9%99ri-olacaq\/#article","isPartOf":{"@id":"https:\/\/jam-news.net\/az\/2018-ci-ild%c9%99-mdb-nin-m%c9%99d%c9%99niyy%c9%99t-paytaxti-erm%c9%99nistanin-qoris-s%c9%99h%c9%99ri-olacaq\/"},"author":{"name":"Naira Martikian","@id":"https:\/\/jam-news.net\/az\/#\/schema\/person\/e82f374df8fce3377c56e285e5c11387"},"headline":"2018-ci ild\u0259 MDB-nin m\u0259d\u0259niyy\u0259t paytaxt\u0131 Erm\u0259nistan\u0131n Qoris \u015f\u0259h\u0259ri olacaq","datePublished":"2017-04-09T00:00:00+00:00","dateModified":"2022-01-17T21:33:26+00:00","mainEntityOfPage":{"@id":"https:\/\/jam-news.net\/az\/2018-ci-ild%c9%99-mdb-nin-m%c9%99d%c9%99niyy%c9%99t-paytaxti-erm%c9%99nistanin-qoris-s%c9%99h%c9%99ri-olacaq\/"},"wordCount":290,"commentCount":0,"publisher":{"@id":"https:\/\/jam-news.net\/az\/#organization"},"image":{"@id":"https:\/\/jam-news.net\/az\/2018-ci-ild%c9%99-mdb-nin-m%c9%99d%c9%99niyy%c9%99t-paytaxti-erm%c9%99nistanin-qoris-s%c9%99h%c9%99ri-olacaq\/#primaryimage"},"thumbnailUrl":"https:\/\/jam-news.net\/app\/uploads\/2020\/03\/Goris_New-4.jpg","keywords":["Erm\u0259nistan","m\u0259d\u0259niyy\u0259t"],"articleSection":["Armenia","Geography","News"],"inLanguage":"az"},{"@type":"WebPage","@id":"https:\/\/jam-news.net\/az\/2018-ci-ild%c9%99-mdb-nin-m%c9%99d%c9%99niyy%c9%99t-paytaxti-erm%c9%99nistanin-qoris-s%c9%99h%c9%99ri-olacaq\/","url":"https:\/\/jam-news.net\/az\/2018-ci-ild%c9%99-mdb-nin-m%c9%99d%c9%99niyy%c9%99t-paytaxti-erm%c9%99nistanin-qoris-s%c9%99h%c9%99ri-olacaq\/","name":"2018-ci ild\u0259 MDB-nin m\u0259d\u0259niyy\u0259t paytaxt\u0131 Erm\u0259nistan\u0131n Qoris \u015f\u0259h\u0259ri olacaq - JAMnews","isPartOf":{"@id":"https:\/\/jam-news.net\/az\/#website"},"primaryImageOfPage":{"@id":"https:\/\/jam-news.net\/az\/2018-ci-ild%c9%99-mdb-nin-m%c9%99d%c9%99niyy%c9%99t-paytaxti-erm%c9%99nistanin-qoris-s%c9%99h%c9%99ri-olacaq\/#primaryimage"},"image":{"@id":"https:\/\/jam-news.net\/az\/2018-ci-ild%c9%99-mdb-nin-m%c9%99d%c9%99niyy%c9%99t-paytaxti-erm%c9%99nistanin-qoris-s%c9%99h%c9%99ri-olacaq\/#primaryimage"},"thumbnailUrl":"https:\/\/jam-news.net\/app\/uploads\/2020\/03\/Goris_New-4.jpg","datePublished":"2017-04-09T00:00:00+00:00","dateModified":"2022-01-17T21:33:26+00:00","breadcrumb":{"@id":"https:\/\/jam-news.net\/az\/2018-ci-ild%c9%99-mdb-nin-m%c9%99d%c9%99niyy%c9%99t-paytaxti-erm%c9%99nistanin-qoris-s%c9%99h%c9%99ri-olacaq\/#breadcrumb"},"inLanguage":"az","potentialAction":[{"@type":"ReadAction","target":["https:\/\/jam-news.net\/az\/2018-ci-ild%c9%99-mdb-nin-m%c9%99d%c9%99niyy%c9%99t-paytaxti-erm%c9%99nistanin-qoris-s%c9%99h%c9%99ri-olacaq\/"]}]},{"@type":"ImageObject","inLanguage":"az","@id":"https:\/\/jam-news.net\/az\/2018-ci-ild%c9%99-mdb-nin-m%c9%99d%c9%99niyy%c9%99t-paytaxti-erm%c9%99nistanin-qoris-s%c9%99h%c9%99ri-olacaq\/#primaryimage","url":"https:\/\/jam-news.net\/app\/uploads\/2020\/03\/Goris_New-4.jpg","contentUrl":"https:\/\/jam-news.net\/app\/uploads\/2020\/03\/Goris_New-4.jpg","width":1000,"height":667},{"@type":"BreadcrumbList","@id":"https:\/\/jam-news.net\/az\/2018-ci-ild%c9%99-mdb-nin-m%c9%99d%c9%99niyy%c9%99t-paytaxti-erm%c9%99nistanin-qoris-s%c9%99h%c9%99ri-olacaq\/#breadcrumb","itemListElement":[{"@type":"ListItem","position":1,"name":"Home","item":"https:\/\/jam-news.net\/az\/"},{"@type":"ListItem","position":2,"name":"2018-ci ild\u0259 MDB-nin m\u0259d\u0259niyy\u0259t paytaxt\u0131 Erm\u0259nistan\u0131n Qoris \u015f\u0259h\u0259ri olacaq"}]},{"@type":"WebSite","@id":"https:\/\/jam-news.net\/az\/#website","url":"https:\/\/jam-news.net\/az\/","name":"Azerbaijani Jamnews","description":"Caucasus News, Politics and Society","publisher":{"@id":"https:\/\/jam-news.net\/az\/#organization"},"potentialAction":[{"@type":"SearchAction","target":{"@type":"EntryPoint","urlTemplate":"https:\/\/jam-news.net\/az\/?s={search_term_string}"},"query-input":{"@type":"PropertyValueSpecification","valueRequired":true,"valueName":"search_term_string"}}],"inLanguage":"az"},{"@type":"Organization","@id":"https:\/\/jam-news.net\/az\/#organization","name":"JAMnews","url":"https:\/\/jam-news.net\/az\/","logo":{"@type":"ImageObject","inLanguage":"az","@id":"https:\/\/jam-news.net\/az\/#\/schema\/logo\/image\/","url":"https:\/\/jam-news.net\/app\/uploads\/2020\/05\/JAM_w.jpg","contentUrl":"https:\/\/jam-news.net\/app\/uploads\/2020\/05\/JAM_w.jpg","width":960,"height":960,"caption":"JAMnews"},"image":{"@id":"https:\/\/jam-news.net\/az\/#\/schema\/logo\/image\/"},"sameAs":["https:\/\/www.facebook.com\/JAMnewsInEnglish\/","https:\/\/x.com\/JAMnewsCaucasus","https:\/\/www.instagram.com\/jam_news\/","https:\/\/www.youtube.com\/channel\/UCXQbUCme2pykuZYXWHx4VPg"]},{"@type":"Person","@id":"https:\/\/jam-news.net\/az\/#\/schema\/person\/e82f374df8fce3377c56e285e5c11387","name":"Naira Martikian","image":{"@type":"ImageObject","inLanguage":"az","@id":"https:\/\/jam-news.net\/az\/#\/schema\/person\/image\/","url":"https:\/\/secure.gravatar.com\/avatar\/0696bcd343e46256c029b752a654bade?s=96&d=mm&r=g","contentUrl":"https:\/\/secure.gravatar.com\/avatar\/0696bcd343e46256c029b752a654bade?s=96&d=mm&r=g","caption":"Naira Martikian"},"url":"https:\/\/jam-news.net\/az\/author\/nairama\/"}]}},"_links":{"self":[{"href":"https:\/\/jam-news.net\/az\/wp-json\/wp\/v2\/posts\/5264","targetHints":{"allow":["GET"]}}],"collection":[{"href":"https:\/\/jam-news.net\/az\/wp-json\/wp\/v2\/posts"}],"about":[{"href":"https:\/\/jam-news.net\/az\/wp-json\/wp\/v2\/types\/post"}],"author":[{"embeddable":true,"href":"https:\/\/jam-news.net\/az\/wp-json\/wp\/v2\/users\/8"}],"replies":[{"embeddable":true,"href":"https:\/\/jam-news.net\/az\/wp-json\/wp\/v2\/comments?post=5264"}],"version-history":[{"count":1,"href":"https:\/\/jam-news.net\/az\/wp-json\/wp\/v2\/posts\/5264\/revisions"}],"predecessor-version":[{"id":15704,"href":"https:\/\/jam-news.net\/az\/wp-json\/wp\/v2\/posts\/5264\/revisions\/15704"}],"wp:featuredmedia":[{"embeddable":true,"href":"https:\/\/jam-news.net\/az\/wp-json\/wp\/v2\/media\/19825"}],"wp:attachment":[{"href":"https:\/\/jam-news.net\/az\/wp-json\/wp\/v2\/media?parent=5264"}],"wp:term":[{"taxonomy":"category","embeddable":true,"href":"https:\/\/jam-news.net\/az\/wp-json\/wp\/v2\/categories?post=5264"},{"taxonomy":"post_tag","embeddable":true,"href":"https:\/\/jam-news.net\/az\/wp-json\/wp\/v2\/tags?post=5264"},{"taxonomy":"formation","embeddable":true,"href":"https:\/\/jam-news.net\/az\/wp-json\/wp\/v2\/formation?post=5264"},{"taxonomy":"post-author","embeddable":true,"href":"https:\/\/jam-news.net\/az\/wp-json\/wp\/v2\/post-author?post=5264"},{"taxonomy":"topic","embeddable":true,"href":"https:\/\/jam-news.net\/az\/wp-json\/wp\/v2\/topic?post=5264"},{"taxonomy":"tooltip","embeddable":true,"href":"https:\/\/jam-news.net\/az\/wp-json\/wp\/v2\/tooltip?post=5264"},{"taxonomy":"city","embeddable":true,"href":"https:\/\/jam-news.net\/az\/wp-json\/wp\/v2\/city?post=5264"}],"curies":[{"name":"wp","href":"https:\/\/api.w.org\/{rel}","templated":true}]}}