{"id":5231,"date":"2017-04-05T00:00:00","date_gmt":"2017-04-05T00:00:00","guid":{"rendered":"http:\/\/jam-news.net\/az\/erm%c9%99nistanda-secki-gunund%c9%99-jurnalistl%c9%99r%c9%99-edil%c9%99n-hucumlarla-bagli-cinay%c9%99t-isl%c9%99ri-qaldirilib\/"},"modified":"2022-01-18T01:33:29","modified_gmt":"2022-01-17T21:33:29","slug":"erm%c9%99nistanda-secki-gunund%c9%99-jurnalistl%c9%99r%c9%99-edil%c9%99n-hucumlarla-bagli-cinay%c9%99t-isl%c9%99ri-qaldirilib","status":"publish","type":"post","link":"https:\/\/jam-news.net\/az\/erm%c9%99nistanda-secki-gunund%c9%99-jurnalistl%c9%99r%c9%99-edil%c9%99n-hucumlarla-bagli-cinay%c9%99t-isl%c9%99ri-qaldirilib\/","title":{"rendered":"Erm\u0259nistanda se\u00e7ki g\u00fcn\u00fcnd\u0259 jurnalistl\u0259r\u0259 edil\u0259n h\u00fccumlarla ba\u011fl\u0131 cinay\u0259t i\u015fl\u0259ri qald\u0131r\u0131l\u0131b"},"content":{"rendered":"<p>Erm\u0259nistan\u0131n Ba\u015f Prokurorlu\u011fu \u201cparlament se\u00e7kil\u0259ri g\u00fcn\u00fc jurnalist f\u0259aliyy\u0259tin\u0259 mane olma il\u0259 ba\u011fl\u0131\u201d cinay\u0259t i\u015fl\u0259ri qald\u0131r\u0131b. Jurnalistl\u0259r se\u00e7icil\u0259rin sat\u0131n almas\u0131n\u0131 a\u015fkara \u00e7\u0131xard\u0131qlar\u0131 zaman onlar\u0131n \u00fcz\u0259rin\u0259 h\u00fccum olub.<\/p>\n<p>\u0130nsident Yerevan\u0131n Kond rayonunda iqtidarda olan Erm\u0259nistan Respublika\u00e7\u0131lar Partiyas\u0131n\u0131n namiz\u0259di Akop Beqlaryan\u0131n q\u0259rargah\u0131 qar\u015f\u0131s\u0131nda ba\u015f verib.<br \/>\nAzadl\u0131q Radiosunun jurnalisti Sisak Qabrielyan v\u0259 Araratnews.am portal\u0131n\u0131n \u0259m\u0259kda\u015f\u0131 \u015eoqik Qalstyan s\u0259sverm\u0259y\u0259 getm\u0259zd\u0259n \u0259vv\u0259l se\u00e7icil\u0259rin namiz\u0259d Beqlaryan\u0131n q\u0259rargah\u0131na girdikl\u0259rini v\u0259 oradan \u0259ll\u0259rind\u0259 pulla \u00e7\u0131xd\u0131qlar\u0131n\u0131 g\u00f6r\u00fcbl\u0259r.<\/p>\n<p>Sisak Qabrielyan \u00f6z\u00fc q\u0259rargaha daxil olub. Q\u0259rargah \u00fczvl\u0259ri jurnalisti g\u00f6r\u00fcnc\u0259 bildiribl\u0259r ki, \u201cr\u00fc\u015fv\u0259t yox, \u0259m\u0259k haqq\u0131 paylay\u0131rlar v\u0259 onun m\u0259kan\u0131 t\u0259rk etm\u0259si m\u0259sl\u0259h\u0259tdir\u201d. M\u00fcbahis\u0259 z\u0259minind\u0259 cavan o\u011flanlar jurnalist\u0259 h\u00fccum edib telefonunu \u0259lind\u0259n al\u0131blar. Daha sonra onlar \u0259lb\u0259yaxa olublar, n\u0259tic\u0259d\u0259 Sisak Qabrielyan g\u00f6z nahiy\u0259sind\u0259n y\u00fcng\u00fcl z\u0259d\u0259 al\u0131b.<\/p>\n<p>\u015eoqik Qalstyan q\u0259rargahda ba\u015f ver\u0259nl\u0259ri \u00e7\u00f6ld\u0259n \u00e7\u0259kib. Yerli sakinl\u0259r onun telefonunu \u0259lind\u0259n al\u0131b, t\u0259hqir edib v\u0259 \u0259razid\u0259n uzaqla\u015fd\u0131raraq video-\u00e7\u0259kili\u015f etm\u0259sin\u0259 imkan verm\u0259yibl\u0259r.<\/p>\n<p>Cinay\u0259t i\u015fl\u0259ri ER CM-nin 149-cu madd\u0259sinin 3 v\u0259 52-ci hiss\u0259sil\u0259 (bir qrup \u015f\u0259xs t\u0259r\u0259find\u0259n zorak\u0131l\u0131q t\u0259tbiq ed\u0259r\u0259k v\u0259 ya zorak\u0131l\u0131q t\u0259hdidi il\u0259 se\u00e7ki h\u00fcququnun h\u0259yata ke\u00e7irilm\u0259sin\u0259, se\u00e7ki komissiyas\u0131n\u0131n i\u015fin\u0259 v\u0259 ya se\u00e7kid\u0259 i\u015ftirak ed\u0259n \u015f\u0259xsin s\u0259lahiyy\u0259tl\u0259rinin icras\u0131na mane olmaq) qald\u0131r\u0131l\u0131b.<\/p>\n<p>\u00dcmumilikd\u0259 bu g\u00fcn Erm\u0259nistanda s\u0259sverm\u0259 g\u00fcn\u00fcnd\u0259 ba\u015f vermi\u015f pozuntularla ba\u011fl\u0131 doqquz cinay\u0259t i\u015fi qald\u0131r\u0131l\u0131b. \u018fsas\u0259n bunlar t\u0259krar v\u0259 ya ba\u015fqas\u0131n\u0131n yerin\u0259 s\u0259sverm\u0259 il\u0259 ba\u011fl\u0131d\u0131r.<\/p>\n","protected":false},"excerpt":{"rendered":"<p>\u00dcmumilikd\u0259 se\u00e7ki pozuntular\u0131 il\u0259 ba\u011fl\u0131 doqquz cinay\u0259t i\u015fi qald\u0131r\u0131l\u0131b. Onlardan \u00e7oxu t\u0259krar s\u0259sverm\u0259 il\u0259 ba\u011fl\u0131d\u0131r<\/p>\n","protected":false},"author":8,"featured_media":19811,"comment_status":"open","ping_status":"open","sticky":false,"template":"","format":"standard","meta":{"_acf_changed":false,"footnotes":""},"categories":[27,2,50],"tags":[33,29],"formation":[],"post-author":[2888],"topic":[],"tooltip":[],"city":[6054],"class_list":["post-5231","post","type-post","status-publish","format-standard","has-post-thumbnail","hentry","category-ermnistan","category-cografiya","category-xbrlr","tag-ermnistan","tag-seckilr","post-author-jamnews","city-yerevan"],"acf":[],"yoast_head":"<!-- This site is optimized with the Yoast SEO plugin v24.1 - https:\/\/yoast.com\/wordpress\/plugins\/seo\/ -->\n<title>Erm\u0259nistanda se\u00e7ki g\u00fcn\u00fcnd\u0259 jurnalistl\u0259r\u0259 edil\u0259n h\u00fccumlarla ba\u011fl\u0131 cinay\u0259t i\u015fl\u0259ri qald\u0131r\u0131l\u0131b - JAMnews<\/title>\n<meta name=\"robots\" content=\"index, follow, max-snippet:-1, max-image-preview:large, max-video-preview:-1\" \/>\n<link rel=\"canonical\" href=\"https:\/\/jam-news.net\/az\/erm\u0259nistanda-secki-gunund\u0259-jurnalistl\u0259r\u0259-edil\u0259n-hucumlarla-bagli-cinay\u0259t-isl\u0259ri-qaldirilib\/\" \/>\n<meta property=\"og:locale\" content=\"az_AZ\" \/>\n<meta property=\"og:type\" content=\"article\" \/>\n<meta property=\"og:title\" content=\"Erm\u0259nistanda se\u00e7ki g\u00fcn\u00fcnd\u0259 jurnalistl\u0259r\u0259 edil\u0259n h\u00fccumlarla ba\u011fl\u0131 cinay\u0259t i\u015fl\u0259ri qald\u0131r\u0131l\u0131b - JAMnews\" \/>\n<meta property=\"og:description\" content=\"\u00dcmumilikd\u0259 se\u00e7ki pozuntular\u0131 il\u0259 ba\u011fl\u0131 doqquz cinay\u0259t i\u015fi qald\u0131r\u0131l\u0131b. Onlardan \u00e7oxu t\u0259krar s\u0259sverm\u0259 il\u0259 ba\u011fl\u0131d\u0131r\" \/>\n<meta property=\"og:url\" content=\"https:\/\/jam-news.net\/az\/erm\u0259nistanda-secki-gunund\u0259-jurnalistl\u0259r\u0259-edil\u0259n-hucumlarla-bagli-cinay\u0259t-isl\u0259ri-qaldirilib\/\" \/>\n<meta property=\"og:site_name\" content=\"Azerbaijani Jamnews\" \/>\n<meta property=\"article:publisher\" content=\"https:\/\/www.facebook.com\/JAMnewsInEnglish\/\" \/>\n<meta property=\"article:published_time\" content=\"2017-04-05T00:00:00+00:00\" \/>\n<meta property=\"article:modified_time\" content=\"2022-01-17T21:33:29+00:00\" \/>\n<meta property=\"og:image\" content=\"https:\/\/jam-news.net\/app\/uploads\/2020\/03\/Media_Serzh-4.jpg\" \/>\n\t<meta property=\"og:image:width\" content=\"874\" \/>\n\t<meta property=\"og:image:height\" content=\"583\" \/>\n\t<meta property=\"og:image:type\" content=\"image\/jpeg\" \/>\n<meta name=\"author\" content=\"Naira Martikian\" \/>\n<meta name=\"twitter:card\" content=\"summary_large_image\" \/>\n<meta name=\"twitter:creator\" content=\"@JAMnewsCaucasus\" \/>\n<meta name=\"twitter:site\" content=\"@JAMnewsCaucasus\" \/>\n<meta name=\"twitter:label1\" content=\"Written by\" \/>\n\t<meta name=\"twitter:data1\" content=\"Naira Martikian\" \/>\n\t<meta name=\"twitter:label2\" content=\"Est. reading time\" \/>\n\t<meta name=\"twitter:data2\" content=\"2 minutes\" \/>\n<script type=\"application\/ld+json\" class=\"yoast-schema-graph\">{\"@context\":\"https:\/\/schema.org\",\"@graph\":[{\"@type\":\"Article\",\"@id\":\"https:\/\/jam-news.net\/az\/erm%c9%99nistanda-secki-gunund%c9%99-jurnalistl%c9%99r%c9%99-edil%c9%99n-hucumlarla-bagli-cinay%c9%99t-isl%c9%99ri-qaldirilib\/#article\",\"isPartOf\":{\"@id\":\"https:\/\/jam-news.net\/az\/erm%c9%99nistanda-secki-gunund%c9%99-jurnalistl%c9%99r%c9%99-edil%c9%99n-hucumlarla-bagli-cinay%c9%99t-isl%c9%99ri-qaldirilib\/\"},\"author\":{\"name\":\"Naira Martikian\",\"@id\":\"https:\/\/jam-news.net\/az\/#\/schema\/person\/e82f374df8fce3377c56e285e5c11387\"},\"headline\":\"Erm\u0259nistanda se\u00e7ki g\u00fcn\u00fcnd\u0259 jurnalistl\u0259r\u0259 edil\u0259n h\u00fccumlarla ba\u011fl\u0131 cinay\u0259t i\u015fl\u0259ri qald\u0131r\u0131l\u0131b\",\"datePublished\":\"2017-04-05T00:00:00+00:00\",\"dateModified\":\"2022-01-17T21:33:29+00:00\",\"mainEntityOfPage\":{\"@id\":\"https:\/\/jam-news.net\/az\/erm%c9%99nistanda-secki-gunund%c9%99-jurnalistl%c9%99r%c9%99-edil%c9%99n-hucumlarla-bagli-cinay%c9%99t-isl%c9%99ri-qaldirilib\/\"},\"wordCount\":381,\"commentCount\":0,\"publisher\":{\"@id\":\"https:\/\/jam-news.net\/az\/#organization\"},\"image\":{\"@id\":\"https:\/\/jam-news.net\/az\/erm%c9%99nistanda-secki-gunund%c9%99-jurnalistl%c9%99r%c9%99-edil%c9%99n-hucumlarla-bagli-cinay%c9%99t-isl%c9%99ri-qaldirilib\/#primaryimage\"},\"thumbnailUrl\":\"https:\/\/jam-news.net\/app\/uploads\/2020\/03\/Media_Serzh-4.jpg\",\"keywords\":[\"Erm\u0259nistan\",\"se\u00e7kil\u0259r\"],\"articleSection\":[\"Armenia\",\"Geography\",\"News\"],\"inLanguage\":\"az\"},{\"@type\":\"WebPage\",\"@id\":\"https:\/\/jam-news.net\/az\/erm%c9%99nistanda-secki-gunund%c9%99-jurnalistl%c9%99r%c9%99-edil%c9%99n-hucumlarla-bagli-cinay%c9%99t-isl%c9%99ri-qaldirilib\/\",\"url\":\"https:\/\/jam-news.net\/az\/erm%c9%99nistanda-secki-gunund%c9%99-jurnalistl%c9%99r%c9%99-edil%c9%99n-hucumlarla-bagli-cinay%c9%99t-isl%c9%99ri-qaldirilib\/\",\"name\":\"Erm\u0259nistanda se\u00e7ki g\u00fcn\u00fcnd\u0259 jurnalistl\u0259r\u0259 edil\u0259n h\u00fccumlarla ba\u011fl\u0131 cinay\u0259t i\u015fl\u0259ri qald\u0131r\u0131l\u0131b - JAMnews\",\"isPartOf\":{\"@id\":\"https:\/\/jam-news.net\/az\/#website\"},\"primaryImageOfPage\":{\"@id\":\"https:\/\/jam-news.net\/az\/erm%c9%99nistanda-secki-gunund%c9%99-jurnalistl%c9%99r%c9%99-edil%c9%99n-hucumlarla-bagli-cinay%c9%99t-isl%c9%99ri-qaldirilib\/#primaryimage\"},\"image\":{\"@id\":\"https:\/\/jam-news.net\/az\/erm%c9%99nistanda-secki-gunund%c9%99-jurnalistl%c9%99r%c9%99-edil%c9%99n-hucumlarla-bagli-cinay%c9%99t-isl%c9%99ri-qaldirilib\/#primaryimage\"},\"thumbnailUrl\":\"https:\/\/jam-news.net\/app\/uploads\/2020\/03\/Media_Serzh-4.jpg\",\"datePublished\":\"2017-04-05T00:00:00+00:00\",\"dateModified\":\"2022-01-17T21:33:29+00:00\",\"breadcrumb\":{\"@id\":\"https:\/\/jam-news.net\/az\/erm%c9%99nistanda-secki-gunund%c9%99-jurnalistl%c9%99r%c9%99-edil%c9%99n-hucumlarla-bagli-cinay%c9%99t-isl%c9%99ri-qaldirilib\/#breadcrumb\"},\"inLanguage\":\"az\",\"potentialAction\":[{\"@type\":\"ReadAction\",\"target\":[\"https:\/\/jam-news.net\/az\/erm%c9%99nistanda-secki-gunund%c9%99-jurnalistl%c9%99r%c9%99-edil%c9%99n-hucumlarla-bagli-cinay%c9%99t-isl%c9%99ri-qaldirilib\/\"]}]},{\"@type\":\"ImageObject\",\"inLanguage\":\"az\",\"@id\":\"https:\/\/jam-news.net\/az\/erm%c9%99nistanda-secki-gunund%c9%99-jurnalistl%c9%99r%c9%99-edil%c9%99n-hucumlarla-bagli-cinay%c9%99t-isl%c9%99ri-qaldirilib\/#primaryimage\",\"url\":\"https:\/\/jam-news.net\/app\/uploads\/2020\/03\/Media_Serzh-4.jpg\",\"contentUrl\":\"https:\/\/jam-news.net\/app\/uploads\/2020\/03\/Media_Serzh-4.jpg\",\"width\":874,\"height\":583},{\"@type\":\"BreadcrumbList\",\"@id\":\"https:\/\/jam-news.net\/az\/erm%c9%99nistanda-secki-gunund%c9%99-jurnalistl%c9%99r%c9%99-edil%c9%99n-hucumlarla-bagli-cinay%c9%99t-isl%c9%99ri-qaldirilib\/#breadcrumb\",\"itemListElement\":[{\"@type\":\"ListItem\",\"position\":1,\"name\":\"Home\",\"item\":\"https:\/\/jam-news.net\/az\/\"},{\"@type\":\"ListItem\",\"position\":2,\"name\":\"Erm\u0259nistanda se\u00e7ki g\u00fcn\u00fcnd\u0259 jurnalistl\u0259r\u0259 edil\u0259n h\u00fccumlarla ba\u011fl\u0131 cinay\u0259t i\u015fl\u0259ri qald\u0131r\u0131l\u0131b\"}]},{\"@type\":\"WebSite\",\"@id\":\"https:\/\/jam-news.net\/az\/#website\",\"url\":\"https:\/\/jam-news.net\/az\/\",\"name\":\"Azerbaijani Jamnews\",\"description\":\"Caucasus News, Politics and Society\",\"publisher\":{\"@id\":\"https:\/\/jam-news.net\/az\/#organization\"},\"potentialAction\":[{\"@type\":\"SearchAction\",\"target\":{\"@type\":\"EntryPoint\",\"urlTemplate\":\"https:\/\/jam-news.net\/az\/?s={search_term_string}\"},\"query-input\":{\"@type\":\"PropertyValueSpecification\",\"valueRequired\":true,\"valueName\":\"search_term_string\"}}],\"inLanguage\":\"az\"},{\"@type\":\"Organization\",\"@id\":\"https:\/\/jam-news.net\/az\/#organization\",\"name\":\"JAMnews\",\"url\":\"https:\/\/jam-news.net\/az\/\",\"logo\":{\"@type\":\"ImageObject\",\"inLanguage\":\"az\",\"@id\":\"https:\/\/jam-news.net\/az\/#\/schema\/logo\/image\/\",\"url\":\"https:\/\/jam-news.net\/app\/uploads\/2020\/05\/JAM_w.jpg\",\"contentUrl\":\"https:\/\/jam-news.net\/app\/uploads\/2020\/05\/JAM_w.jpg\",\"width\":960,\"height\":960,\"caption\":\"JAMnews\"},\"image\":{\"@id\":\"https:\/\/jam-news.net\/az\/#\/schema\/logo\/image\/\"},\"sameAs\":[\"https:\/\/www.facebook.com\/JAMnewsInEnglish\/\",\"https:\/\/x.com\/JAMnewsCaucasus\",\"https:\/\/www.instagram.com\/jam_news\/\",\"https:\/\/www.youtube.com\/channel\/UCXQbUCme2pykuZYXWHx4VPg\"]},{\"@type\":\"Person\",\"@id\":\"https:\/\/jam-news.net\/az\/#\/schema\/person\/e82f374df8fce3377c56e285e5c11387\",\"name\":\"Naira Martikian\",\"image\":{\"@type\":\"ImageObject\",\"inLanguage\":\"az\",\"@id\":\"https:\/\/jam-news.net\/az\/#\/schema\/person\/image\/\",\"url\":\"https:\/\/secure.gravatar.com\/avatar\/0696bcd343e46256c029b752a654bade?s=96&d=mm&r=g\",\"contentUrl\":\"https:\/\/secure.gravatar.com\/avatar\/0696bcd343e46256c029b752a654bade?s=96&d=mm&r=g\",\"caption\":\"Naira Martikian\"},\"url\":\"https:\/\/jam-news.net\/az\/author\/nairama\/\"}]}<\/script>\n<!-- \/ Yoast SEO plugin. -->","yoast_head_json":{"title":"Erm\u0259nistanda se\u00e7ki g\u00fcn\u00fcnd\u0259 jurnalistl\u0259r\u0259 edil\u0259n h\u00fccumlarla ba\u011fl\u0131 cinay\u0259t i\u015fl\u0259ri qald\u0131r\u0131l\u0131b - JAMnews","robots":{"index":"index","follow":"follow","max-snippet":"max-snippet:-1","max-image-preview":"max-image-preview:large","max-video-preview":"max-video-preview:-1"},"canonical":"https:\/\/jam-news.net\/az\/erm\u0259nistanda-secki-gunund\u0259-jurnalistl\u0259r\u0259-edil\u0259n-hucumlarla-bagli-cinay\u0259t-isl\u0259ri-qaldirilib\/","og_locale":"az_AZ","og_type":"article","og_title":"Erm\u0259nistanda se\u00e7ki g\u00fcn\u00fcnd\u0259 jurnalistl\u0259r\u0259 edil\u0259n h\u00fccumlarla ba\u011fl\u0131 cinay\u0259t i\u015fl\u0259ri qald\u0131r\u0131l\u0131b - JAMnews","og_description":"\u00dcmumilikd\u0259 se\u00e7ki pozuntular\u0131 il\u0259 ba\u011fl\u0131 doqquz cinay\u0259t i\u015fi qald\u0131r\u0131l\u0131b. Onlardan \u00e7oxu t\u0259krar s\u0259sverm\u0259 il\u0259 ba\u011fl\u0131d\u0131r","og_url":"https:\/\/jam-news.net\/az\/erm\u0259nistanda-secki-gunund\u0259-jurnalistl\u0259r\u0259-edil\u0259n-hucumlarla-bagli-cinay\u0259t-isl\u0259ri-qaldirilib\/","og_site_name":"Azerbaijani Jamnews","article_publisher":"https:\/\/www.facebook.com\/JAMnewsInEnglish\/","article_published_time":"2017-04-05T00:00:00+00:00","article_modified_time":"2022-01-17T21:33:29+00:00","og_image":[{"width":874,"height":583,"url":"https:\/\/jam-news.net\/app\/uploads\/2020\/03\/Media_Serzh-4.jpg","type":"image\/jpeg"}],"author":"Naira Martikian","twitter_card":"summary_large_image","twitter_creator":"@JAMnewsCaucasus","twitter_site":"@JAMnewsCaucasus","twitter_misc":{"Written by":"Naira Martikian","Est. reading time":"2 minutes"},"schema":{"@context":"https:\/\/schema.org","@graph":[{"@type":"Article","@id":"https:\/\/jam-news.net\/az\/erm%c9%99nistanda-secki-gunund%c9%99-jurnalistl%c9%99r%c9%99-edil%c9%99n-hucumlarla-bagli-cinay%c9%99t-isl%c9%99ri-qaldirilib\/#article","isPartOf":{"@id":"https:\/\/jam-news.net\/az\/erm%c9%99nistanda-secki-gunund%c9%99-jurnalistl%c9%99r%c9%99-edil%c9%99n-hucumlarla-bagli-cinay%c9%99t-isl%c9%99ri-qaldirilib\/"},"author":{"name":"Naira Martikian","@id":"https:\/\/jam-news.net\/az\/#\/schema\/person\/e82f374df8fce3377c56e285e5c11387"},"headline":"Erm\u0259nistanda se\u00e7ki g\u00fcn\u00fcnd\u0259 jurnalistl\u0259r\u0259 edil\u0259n h\u00fccumlarla ba\u011fl\u0131 cinay\u0259t i\u015fl\u0259ri qald\u0131r\u0131l\u0131b","datePublished":"2017-04-05T00:00:00+00:00","dateModified":"2022-01-17T21:33:29+00:00","mainEntityOfPage":{"@id":"https:\/\/jam-news.net\/az\/erm%c9%99nistanda-secki-gunund%c9%99-jurnalistl%c9%99r%c9%99-edil%c9%99n-hucumlarla-bagli-cinay%c9%99t-isl%c9%99ri-qaldirilib\/"},"wordCount":381,"commentCount":0,"publisher":{"@id":"https:\/\/jam-news.net\/az\/#organization"},"image":{"@id":"https:\/\/jam-news.net\/az\/erm%c9%99nistanda-secki-gunund%c9%99-jurnalistl%c9%99r%c9%99-edil%c9%99n-hucumlarla-bagli-cinay%c9%99t-isl%c9%99ri-qaldirilib\/#primaryimage"},"thumbnailUrl":"https:\/\/jam-news.net\/app\/uploads\/2020\/03\/Media_Serzh-4.jpg","keywords":["Erm\u0259nistan","se\u00e7kil\u0259r"],"articleSection":["Armenia","Geography","News"],"inLanguage":"az"},{"@type":"WebPage","@id":"https:\/\/jam-news.net\/az\/erm%c9%99nistanda-secki-gunund%c9%99-jurnalistl%c9%99r%c9%99-edil%c9%99n-hucumlarla-bagli-cinay%c9%99t-isl%c9%99ri-qaldirilib\/","url":"https:\/\/jam-news.net\/az\/erm%c9%99nistanda-secki-gunund%c9%99-jurnalistl%c9%99r%c9%99-edil%c9%99n-hucumlarla-bagli-cinay%c9%99t-isl%c9%99ri-qaldirilib\/","name":"Erm\u0259nistanda se\u00e7ki g\u00fcn\u00fcnd\u0259 jurnalistl\u0259r\u0259 edil\u0259n h\u00fccumlarla ba\u011fl\u0131 cinay\u0259t i\u015fl\u0259ri qald\u0131r\u0131l\u0131b - JAMnews","isPartOf":{"@id":"https:\/\/jam-news.net\/az\/#website"},"primaryImageOfPage":{"@id":"https:\/\/jam-news.net\/az\/erm%c9%99nistanda-secki-gunund%c9%99-jurnalistl%c9%99r%c9%99-edil%c9%99n-hucumlarla-bagli-cinay%c9%99t-isl%c9%99ri-qaldirilib\/#primaryimage"},"image":{"@id":"https:\/\/jam-news.net\/az\/erm%c9%99nistanda-secki-gunund%c9%99-jurnalistl%c9%99r%c9%99-edil%c9%99n-hucumlarla-bagli-cinay%c9%99t-isl%c9%99ri-qaldirilib\/#primaryimage"},"thumbnailUrl":"https:\/\/jam-news.net\/app\/uploads\/2020\/03\/Media_Serzh-4.jpg","datePublished":"2017-04-05T00:00:00+00:00","dateModified":"2022-01-17T21:33:29+00:00","breadcrumb":{"@id":"https:\/\/jam-news.net\/az\/erm%c9%99nistanda-secki-gunund%c9%99-jurnalistl%c9%99r%c9%99-edil%c9%99n-hucumlarla-bagli-cinay%c9%99t-isl%c9%99ri-qaldirilib\/#breadcrumb"},"inLanguage":"az","potentialAction":[{"@type":"ReadAction","target":["https:\/\/jam-news.net\/az\/erm%c9%99nistanda-secki-gunund%c9%99-jurnalistl%c9%99r%c9%99-edil%c9%99n-hucumlarla-bagli-cinay%c9%99t-isl%c9%99ri-qaldirilib\/"]}]},{"@type":"ImageObject","inLanguage":"az","@id":"https:\/\/jam-news.net\/az\/erm%c9%99nistanda-secki-gunund%c9%99-jurnalistl%c9%99r%c9%99-edil%c9%99n-hucumlarla-bagli-cinay%c9%99t-isl%c9%99ri-qaldirilib\/#primaryimage","url":"https:\/\/jam-news.net\/app\/uploads\/2020\/03\/Media_Serzh-4.jpg","contentUrl":"https:\/\/jam-news.net\/app\/uploads\/2020\/03\/Media_Serzh-4.jpg","width":874,"height":583},{"@type":"BreadcrumbList","@id":"https:\/\/jam-news.net\/az\/erm%c9%99nistanda-secki-gunund%c9%99-jurnalistl%c9%99r%c9%99-edil%c9%99n-hucumlarla-bagli-cinay%c9%99t-isl%c9%99ri-qaldirilib\/#breadcrumb","itemListElement":[{"@type":"ListItem","position":1,"name":"Home","item":"https:\/\/jam-news.net\/az\/"},{"@type":"ListItem","position":2,"name":"Erm\u0259nistanda se\u00e7ki g\u00fcn\u00fcnd\u0259 jurnalistl\u0259r\u0259 edil\u0259n h\u00fccumlarla ba\u011fl\u0131 cinay\u0259t i\u015fl\u0259ri qald\u0131r\u0131l\u0131b"}]},{"@type":"WebSite","@id":"https:\/\/jam-news.net\/az\/#website","url":"https:\/\/jam-news.net\/az\/","name":"Azerbaijani Jamnews","description":"Caucasus News, Politics and Society","publisher":{"@id":"https:\/\/jam-news.net\/az\/#organization"},"potentialAction":[{"@type":"SearchAction","target":{"@type":"EntryPoint","urlTemplate":"https:\/\/jam-news.net\/az\/?s={search_term_string}"},"query-input":{"@type":"PropertyValueSpecification","valueRequired":true,"valueName":"search_term_string"}}],"inLanguage":"az"},{"@type":"Organization","@id":"https:\/\/jam-news.net\/az\/#organization","name":"JAMnews","url":"https:\/\/jam-news.net\/az\/","logo":{"@type":"ImageObject","inLanguage":"az","@id":"https:\/\/jam-news.net\/az\/#\/schema\/logo\/image\/","url":"https:\/\/jam-news.net\/app\/uploads\/2020\/05\/JAM_w.jpg","contentUrl":"https:\/\/jam-news.net\/app\/uploads\/2020\/05\/JAM_w.jpg","width":960,"height":960,"caption":"JAMnews"},"image":{"@id":"https:\/\/jam-news.net\/az\/#\/schema\/logo\/image\/"},"sameAs":["https:\/\/www.facebook.com\/JAMnewsInEnglish\/","https:\/\/x.com\/JAMnewsCaucasus","https:\/\/www.instagram.com\/jam_news\/","https:\/\/www.youtube.com\/channel\/UCXQbUCme2pykuZYXWHx4VPg"]},{"@type":"Person","@id":"https:\/\/jam-news.net\/az\/#\/schema\/person\/e82f374df8fce3377c56e285e5c11387","name":"Naira Martikian","image":{"@type":"ImageObject","inLanguage":"az","@id":"https:\/\/jam-news.net\/az\/#\/schema\/person\/image\/","url":"https:\/\/secure.gravatar.com\/avatar\/0696bcd343e46256c029b752a654bade?s=96&d=mm&r=g","contentUrl":"https:\/\/secure.gravatar.com\/avatar\/0696bcd343e46256c029b752a654bade?s=96&d=mm&r=g","caption":"Naira Martikian"},"url":"https:\/\/jam-news.net\/az\/author\/nairama\/"}]}},"_links":{"self":[{"href":"https:\/\/jam-news.net\/az\/wp-json\/wp\/v2\/posts\/5231","targetHints":{"allow":["GET"]}}],"collection":[{"href":"https:\/\/jam-news.net\/az\/wp-json\/wp\/v2\/posts"}],"about":[{"href":"https:\/\/jam-news.net\/az\/wp-json\/wp\/v2\/types\/post"}],"author":[{"embeddable":true,"href":"https:\/\/jam-news.net\/az\/wp-json\/wp\/v2\/users\/8"}],"replies":[{"embeddable":true,"href":"https:\/\/jam-news.net\/az\/wp-json\/wp\/v2\/comments?post=5231"}],"version-history":[{"count":1,"href":"https:\/\/jam-news.net\/az\/wp-json\/wp\/v2\/posts\/5231\/revisions"}],"predecessor-version":[{"id":15715,"href":"https:\/\/jam-news.net\/az\/wp-json\/wp\/v2\/posts\/5231\/revisions\/15715"}],"wp:featuredmedia":[{"embeddable":true,"href":"https:\/\/jam-news.net\/az\/wp-json\/wp\/v2\/media\/19811"}],"wp:attachment":[{"href":"https:\/\/jam-news.net\/az\/wp-json\/wp\/v2\/media?parent=5231"}],"wp:term":[{"taxonomy":"category","embeddable":true,"href":"https:\/\/jam-news.net\/az\/wp-json\/wp\/v2\/categories?post=5231"},{"taxonomy":"post_tag","embeddable":true,"href":"https:\/\/jam-news.net\/az\/wp-json\/wp\/v2\/tags?post=5231"},{"taxonomy":"formation","embeddable":true,"href":"https:\/\/jam-news.net\/az\/wp-json\/wp\/v2\/formation?post=5231"},{"taxonomy":"post-author","embeddable":true,"href":"https:\/\/jam-news.net\/az\/wp-json\/wp\/v2\/post-author?post=5231"},{"taxonomy":"topic","embeddable":true,"href":"https:\/\/jam-news.net\/az\/wp-json\/wp\/v2\/topic?post=5231"},{"taxonomy":"tooltip","embeddable":true,"href":"https:\/\/jam-news.net\/az\/wp-json\/wp\/v2\/tooltip?post=5231"},{"taxonomy":"city","embeddable":true,"href":"https:\/\/jam-news.net\/az\/wp-json\/wp\/v2\/city?post=5231"}],"curies":[{"name":"wp","href":"https:\/\/api.w.org\/{rel}","templated":true}]}}